{"id":945049,"date":"2022-01-11T19:36:00","date_gmt":"2022-01-11T22:36:00","guid":{"rendered":"https:\/\/www.estrategiaconcursos.com.br\/blog\/?p=945049"},"modified":"2022-01-13T09:50:44","modified_gmt":"2022-01-13T12:50:44","slug":"receita-federal-sindifisco-anuncia-reuniao-com-paulo-guedes","status":"publish","type":"post","link":"https:\/\/www.estrategiaconcursos.com.br\/blog\/receita-federal-sindifisco-anuncia-reuniao-com-paulo-guedes\/","title":{"rendered":"Receita Federal: Sindifisco anuncia reuni\u00e3o com Paulo Guedes"},"content":{"rendered":"\n<p>O Sindicato Nacional dos Auditores-Fiscais da Receita Federal do Brasil (Sindifisco Nacional)&nbsp;anunciou reuni\u00e3o na pr\u00f3xima quinta-feira, 13 de janeiro de 2022, com o ministro da Economia, Paulo Guedes. <\/p>\n\n\n\n<div class=\"wp-block-image\"><figure class=\"aligncenter\"><img decoding=\"async\" src=\"https:\/\/www.sindifisconacional.org.br\/wp-content\/uploads\/2022\/01\/07_MinEco-04.jpg\" alt=\"Receita Federal: Sindifisco anuncia reuni\u00e3o com Paulo Guedes\"\/><figcaption>Receita Federal busca autoriza\u00e7\u00e3o da Economia para novo concurso | Imagem: reprodu\u00e7\u00e3o<\/figcaption><\/figure><\/div>\n\n\n\n<p>Isac Falc\u00e3o, presidente da entidade, informou que o sindicato est\u00e1 mobilizado para levar ao ministro as pautas da categoria, como regulamenta\u00e7\u00e3o do b\u00f4nus por efici\u00eancia, fruto de acordo salarial firmado em 2016, e contra os cortes or\u00e7ament\u00e1rios aprovados no PLOA 2022 que, segundo o Sindifisco, comprometem o funcionamento do \u00f3rg\u00e3o.<\/p>\n\n\n\n<p>Os auditores pedem ainda a recomposi\u00e7\u00e3o salarial, por conta da perda para a infla\u00e7\u00e3o nos \u00faltimos anos, al\u00e9m de realiza\u00e7\u00e3o imediata de concurso p\u00fablico.<\/p>\n\n\n\n<p>Vale lembrar que o <a href=\"https:\/\/www.estrategiaconcursos.com.br\/blog\/secretario-receita-federal-discurso-posse\/\" target=\"_blank\" rel=\"noreferrer noopener\">novo secret\u00e1rio<\/a> da RFB, J\u00falio Gomes, afirmou que busca autoriza\u00e7\u00e3o para um novo<em><strong> concurso Receita Federal <\/strong><\/em>ainda em janeiro de 2022.<\/p>\n\n\n\n<p>Recentemente, em comunicado interno, a\u00a0Receita Federal afirmou que a realiza\u00e7\u00e3o do certame ser\u00e1 <strong>prioridade em 2022<\/strong>!<\/p>\n\n\n\n<p><em>&#8220;A realiza\u00e7\u00e3o de concurso p\u00fablico tamb\u00e9m foi tratada na reuni\u00e3o como uma prioridade para o pr\u00f3ximo ano, tendo em vista que a institui\u00e7\u00e3o teve uma redu\u00e7\u00e3o de 40% do seu quadro nos \u00faltimos anos&#8221;<\/em>.<\/p>\n\n\n\n<p>Para mais informa\u00e7\u00f5es do concurso Receita Federal, cujo <a href=\"https:\/\/www.sindifisconacional.org.br\/sindifisco-nacional-tera-reuniao-com-o-ministro-paulo-guedes-nesta-quinta-13\/\" target=\"_blank\" rel=\"noreferrer noopener\">Sindifisco<\/a> anunciou reuni\u00e3o com o ministro Paulo Guedes, acesse o link abaixo. O Estrat\u00e9gia Concursos preparou um artigo completo para voc\u00ea!<\/p>\n\n\n\n<p class=\"has-text-align-center has-cyan-bluish-gray-background-color has-background has-medium-font-size\"><strong><a href=\"https:\/\/www.estrategiaconcursos.com.br\/blog\/concurso-receita-federal\/\" target=\"_blank\" rel=\"noreferrer noopener\">Concurso Receita Federal<\/a><\/strong><\/p>\n\n\n\n<h2 class=\"has-text-align-center wp-block-heading\" id=\"cursos\">Quer estudar para o concurso Receita Federal?<\/h2>\n\n\n\n<div class=\"container\" id=\"boxes\">\n  <div class=\"row\">\n\n    <div class=\"col-sm\">\n      <div class=\"banner-fiscal\" id=\"box-assinatura\">\n        <h3 class=\"titulo-assinatura\">Receita Federal<\/h3>\n        <p class=\"subtitulo-assinatura\">Conhe\u00e7a os cursos<\/p>\n        <div class=\"box-botao\">\n          <a class=\"btn-assinatura\" target=\"_blank\" href=\"https:\/\/www.estrategiaconcursos.com.br\/cursosPorConcurso\/receita-federal-auditor-fiscal-7\/\" role=\"button\" rel=\"noopener noreferrer\">Conhe\u00e7a mais<\/a>\n        <\/div>\n      <\/div>\n     \n    <\/div>\n\n  <\/div>\n<\/div>\n\n\n\n<div class=\"container\" id=\"boxes\">\n  <div class=\"row\">\n\n    <div class=\"col-sm\">\n      <div class=\"estrategia\" id=\"box-assinatura\">\n        <h3 class=\"titulo-assinatura\">Assinatura Concursos<\/h3>\n        <p class=\"subtitulo-assinatura\">Assinatura de 1 ano ou 2 anos<\/p>\n        <div class=\"box-botao\">\n          <a class=\"btn-assinatura\" target=\"_blank\" href=\"https:\/\/www.estrategiaconcursos.com.br\/assinaturas\/\" role=\"button\" rel=\"noopener noreferrer\">ASSINE AGORA<\/a>\n        <\/div>\n      <\/div><\/div><\/div><\/div>\n\n\n\n<h2 class=\"has-text-align-center wp-block-heading\" id=\"cursos\">Quer saber tudo sobre concursos previstos? <br \/><strong>Confira nossos artigos!<\/strong><\/h2>\n\n\n\n<ul class=\"wp-block-list\"><li><a href=\"https:\/\/www.estrategiaconcursos.com.br\/blog\/concursos-abertos\/\">Concursos abertos<\/a><\/li><li><a href=\"https:\/\/www.estrategiaconcursos.com.br\/blog\/concursos-2022\/\">Concursos 2022<\/a><\/li><\/ul>\n","protected":false},"excerpt":{"rendered":"<p>O Sindicato Nacional dos Auditores-Fiscais da Receita Federal do Brasil (Sindifisco Nacional)&nbsp;anunciou reuni\u00e3o na pr\u00f3xima quinta-feira, 13 de janeiro de 2022, com o ministro da Economia, Paulo Guedes. Isac Falc\u00e3o, presidente da entidade, informou que o sindicato est\u00e1 mobilizado para levar ao ministro as pautas da categoria, como regulamenta\u00e7\u00e3o do b\u00f4nus por efici\u00eancia, fruto de [&hellip;]<\/p>\n","protected":false},"author":1483,"featured_media":698463,"comment_status":"open","ping_status":"closed","sticky":false,"template":"","format":"standard","meta":{"post_tipo":"news","footnotes":""},"categories":[220182,220219],"tags":[],"tax_estado":[219963],"class_list":["post-945049","post","type-post","status-publish","format-standard","has-post-thumbnail","hentry","category-fiscal-federal","category-noticias","tax_estado-concursos-federais"],"acf":[],"yoast_head":"<!-- This site is optimized with the Yoast SEO Premium plugin v27.2 (Yoast SEO v27.2) - https:\/\/yoast.com\/product\/yoast-seo-premium-wordpress\/ -->\n<title>Receita Federal: Sindifisco anuncia reuni\u00e3o com Paulo Guedes<\/title>\n<meta name=\"description\" content=\"O Sindifisco Nacional\u00a0anunciou reuni\u00e3o com o ministro da Economia, Paulo Guedes. Ser\u00e1 refor\u00e7ada a necessidade do concurso Receita Federal!\" \/>\n<meta name=\"robots\" content=\"index, follow, max-snippet:-1, max-image-preview:large, max-video-preview:-1\" \/>\n<link rel=\"canonical\" href=\"https:\/\/www.estrategiaconcursos.com.br\/blog\/receita-federal-sindifisco-anuncia-reuniao-com-paulo-guedes\/\" \/>\n<meta property=\"og:locale\" content=\"pt_BR\" \/>\n<meta property=\"og:type\" content=\"article\" \/>\n<meta property=\"og:title\" content=\"Receita Federal: Sindifisco anuncia reuni\u00e3o com Paulo Guedes\" \/>\n<meta property=\"og:description\" content=\"O Sindifisco Nacional\u00a0anunciou reuni\u00e3o com o ministro da Economia, Paulo Guedes. Ser\u00e1 refor\u00e7ada a necessidade do concurso Receita Federal!\" \/>\n<meta property=\"og:url\" content=\"https:\/\/www.estrategiaconcursos.com.br\/blog\/receita-federal-sindifisco-anuncia-reuniao-com-paulo-guedes\/\" \/>\n<meta property=\"og:site_name\" content=\"Estrat\u00e9gia Concursos\" \/>\n<meta property=\"article:published_time\" content=\"2022-01-11T22:36:00+00:00\" \/>\n<meta property=\"article:modified_time\" content=\"2022-01-13T12:50:44+00:00\" \/>\n<meta property=\"og:image\" content=\"https:\/\/dhg1h5j42swfq.cloudfront.net\/2021\/03\/22153002\/concurso-receita-federal.jpg\" \/>\n\t<meta property=\"og:image:width\" content=\"1200\" \/>\n\t<meta property=\"og:image:height\" content=\"628\" \/>\n\t<meta property=\"og:image:type\" content=\"image\/jpeg\" \/>\n<meta name=\"author\" content=\"Diogo Mendes\" \/>\n<meta name=\"twitter:card\" content=\"summary_large_image\" \/>\n<meta name=\"twitter:creator\" content=\"@EstratConcursos\" \/>\n<meta name=\"twitter:site\" content=\"@EstratConcursos\" \/>\n<meta name=\"twitter:label1\" content=\"Escrito por\" \/>\n\t<meta name=\"twitter:data1\" content=\"Diogo Mendes\" \/>\n\t<meta name=\"twitter:label2\" content=\"Est. tempo de leitura\" \/>\n\t<meta name=\"twitter:data2\" content=\"2 minutos\" \/>\n<script type=\"application\/ld+json\" class=\"yoast-schema-graph\">{\"@context\":\"https:\/\/schema.org\",\"@graph\":[{\"@type\":\"NewsArticle\",\"@id\":\"https:\/\/www.estrategiaconcursos.com.br\/blog\/receita-federal-sindifisco-anuncia-reuniao-com-paulo-guedes\/#article\",\"isPartOf\":{\"@id\":\"https:\/\/www.estrategiaconcursos.com.br\/blog\/receita-federal-sindifisco-anuncia-reuniao-com-paulo-guedes\/\"},\"author\":{\"name\":\"Diogo Mendes\",\"@id\":\"https:\/\/www.estrategiaconcursos.com.br\/blog\/#\/schema\/person\/cc9e76173880338ce9f656c88664a1f6\"},\"headline\":\"Receita Federal: Sindifisco anuncia reuni\u00e3o com Paulo Guedes\",\"datePublished\":\"2022-01-11T22:36:00+00:00\",\"dateModified\":\"2022-01-13T12:50:44+00:00\",\"mainEntityOfPage\":{\"@id\":\"https:\/\/www.estrategiaconcursos.com.br\/blog\/receita-federal-sindifisco-anuncia-reuniao-com-paulo-guedes\/\"},\"wordCount\":292,\"commentCount\":0,\"publisher\":{\"@id\":\"https:\/\/www.estrategiaconcursos.com.br\/blog\/#organization\"},\"image\":{\"@id\":\"https:\/\/www.estrategiaconcursos.com.br\/blog\/receita-federal-sindifisco-anuncia-reuniao-com-paulo-guedes\/#primaryimage\"},\"thumbnailUrl\":\"https:\/\/dhg1h5j42swfq.cloudfront.net\/2021\/03\/22153002\/concurso-receita-federal.jpg\",\"articleSection\":[\"Fiscal - Federal (RFB e AFT)\",\"\u00daltimas not\u00edcias\"],\"inLanguage\":\"pt-BR\",\"potentialAction\":[{\"@type\":\"CommentAction\",\"name\":\"Comment\",\"target\":[\"https:\/\/www.estrategiaconcursos.com.br\/blog\/receita-federal-sindifisco-anuncia-reuniao-com-paulo-guedes\/#respond\"]}],\"copyrightYear\":\"2022\",\"copyrightHolder\":{\"@id\":\"https:\/\/www.estrategiaconcursos.com.br\/blog\/#organization\"}},{\"@type\":\"WebPage\",\"@id\":\"https:\/\/www.estrategiaconcursos.com.br\/blog\/receita-federal-sindifisco-anuncia-reuniao-com-paulo-guedes\/\",\"url\":\"https:\/\/www.estrategiaconcursos.com.br\/blog\/receita-federal-sindifisco-anuncia-reuniao-com-paulo-guedes\/\",\"name\":\"Receita Federal: Sindifisco anuncia reuni\u00e3o com Paulo Guedes\",\"isPartOf\":{\"@id\":\"https:\/\/www.estrategiaconcursos.com.br\/blog\/#website\"},\"primaryImageOfPage\":{\"@id\":\"https:\/\/www.estrategiaconcursos.com.br\/blog\/receita-federal-sindifisco-anuncia-reuniao-com-paulo-guedes\/#primaryimage\"},\"image\":{\"@id\":\"https:\/\/www.estrategiaconcursos.com.br\/blog\/receita-federal-sindifisco-anuncia-reuniao-com-paulo-guedes\/#primaryimage\"},\"thumbnailUrl\":\"https:\/\/dhg1h5j42swfq.cloudfront.net\/2021\/03\/22153002\/concurso-receita-federal.jpg\",\"datePublished\":\"2022-01-11T22:36:00+00:00\",\"dateModified\":\"2022-01-13T12:50:44+00:00\",\"description\":\"O Sindifisco Nacional\u00a0anunciou reuni\u00e3o com o ministro da Economia, Paulo Guedes. Ser\u00e1 refor\u00e7ada a necessidade do concurso Receita Federal!\",\"breadcrumb\":{\"@id\":\"https:\/\/www.estrategiaconcursos.com.br\/blog\/receita-federal-sindifisco-anuncia-reuniao-com-paulo-guedes\/#breadcrumb\"},\"inLanguage\":\"pt-BR\",\"potentialAction\":[{\"@type\":\"ReadAction\",\"target\":[\"https:\/\/www.estrategiaconcursos.com.br\/blog\/receita-federal-sindifisco-anuncia-reuniao-com-paulo-guedes\/\"]}]},{\"@type\":\"ImageObject\",\"inLanguage\":\"pt-BR\",\"@id\":\"https:\/\/www.estrategiaconcursos.com.br\/blog\/receita-federal-sindifisco-anuncia-reuniao-com-paulo-guedes\/#primaryimage\",\"url\":\"https:\/\/dhg1h5j42swfq.cloudfront.net\/2021\/03\/22153002\/concurso-receita-federal.jpg\",\"contentUrl\":\"https:\/\/dhg1h5j42swfq.cloudfront.net\/2021\/03\/22153002\/concurso-receita-federal.jpg\",\"width\":1200,\"height\":628,\"caption\":\"concurso Receita federal cronograma\"},{\"@type\":\"BreadcrumbList\",\"@id\":\"https:\/\/www.estrategiaconcursos.com.br\/blog\/receita-federal-sindifisco-anuncia-reuniao-com-paulo-guedes\/#breadcrumb\",\"itemListElement\":[{\"@type\":\"ListItem\",\"position\":1,\"name\":\"In\u00edcio\",\"item\":\"https:\/\/www.estrategiaconcursos.com.br\/blog\/\"},{\"@type\":\"ListItem\",\"position\":2,\"name\":\"Receita Federal: Sindifisco anuncia reuni\u00e3o com Paulo Guedes\"}]},{\"@type\":\"WebSite\",\"@id\":\"https:\/\/www.estrategiaconcursos.com.br\/blog\/#website\",\"url\":\"https:\/\/www.estrategiaconcursos.com.br\/blog\/\",\"name\":\"Estrat\u00e9gia Concursos\",\"description\":\"O blog da Estrat\u00e9gia Concursos traz not\u00edcias sobre concursos e artigos de professores oferecendo cursos para concursos (pdf + videaulas) no site.\",\"publisher\":{\"@id\":\"https:\/\/www.estrategiaconcursos.com.br\/blog\/#organization\"},\"potentialAction\":[{\"@type\":\"SearchAction\",\"target\":{\"@type\":\"EntryPoint\",\"urlTemplate\":\"https:\/\/www.estrategiaconcursos.com.br\/blog\/?s={search_term_string}\"},\"query-input\":{\"@type\":\"PropertyValueSpecification\",\"valueRequired\":true,\"valueName\":\"search_term_string\"}}],\"inLanguage\":\"pt-BR\"},{\"@type\":\"Organization\",\"@id\":\"https:\/\/www.estrategiaconcursos.com.br\/blog\/#organization\",\"name\":\"Estrat\u00e9gia Concursos\",\"url\":\"https:\/\/www.estrategiaconcursos.com.br\/blog\/\",\"logo\":{\"@type\":\"ImageObject\",\"inLanguage\":\"pt-BR\",\"@id\":\"https:\/\/www.estrategiaconcursos.com.br\/blog\/#\/schema\/logo\/image\/\",\"url\":\"https:\/\/dhg1h5j42swfq.cloudfront.net\/2025\/06\/03203428\/logo_concursos-1.jpg\",\"contentUrl\":\"https:\/\/dhg1h5j42swfq.cloudfront.net\/2025\/06\/03203428\/logo_concursos-1.jpg\",\"width\":230,\"height\":60,\"caption\":\"Estrat\u00e9gia Concursos\"},\"image\":{\"@id\":\"https:\/\/www.estrategiaconcursos.com.br\/blog\/#\/schema\/logo\/image\/\"},\"sameAs\":[\"https:\/\/x.com\/EstratConcursos\"]},{\"@type\":\"Person\",\"@id\":\"https:\/\/www.estrategiaconcursos.com.br\/blog\/#\/schema\/person\/cc9e76173880338ce9f656c88664a1f6\",\"name\":\"Diogo Mendes\",\"image\":{\"@type\":\"ImageObject\",\"inLanguage\":\"pt-BR\",\"@id\":\"https:\/\/secure.gravatar.com\/avatar\/9754d6777d460a45ef4067b586b94c32005cc2345a0404b8d96adc620cf63806?s=96&d=mm&r=g\",\"url\":\"https:\/\/secure.gravatar.com\/avatar\/9754d6777d460a45ef4067b586b94c32005cc2345a0404b8d96adc620cf63806?s=96&d=mm&r=g\",\"contentUrl\":\"https:\/\/secure.gravatar.com\/avatar\/9754d6777d460a45ef4067b586b94c32005cc2345a0404b8d96adc620cf63806?s=96&d=mm&r=g\",\"caption\":\"Diogo Mendes\"},\"description\":\"Diogo Mendes \u00e9 jornalista formado pela Universidade Paulista, com experi\u00eancia em reda\u00e7\u00f5es de diversos ve\u00edculos e na produ\u00e7\u00e3o de conte\u00fados especializados em concursos p\u00fablicos. Desde 2019, atua no Estrat\u00e9gia Concursos como Jornalista e Analista de Conte\u00fado, com foco na apura\u00e7\u00e3o de informa\u00e7\u00f5es junto a \u00f3rg\u00e3os e fontes oficiais. Dedica-se especialmente \u00e0 produ\u00e7\u00e3o de not\u00edcias e reportagens sobre Concursos Legislativos, al\u00e9m de acompanhar diariamente os concursos policiais, banc\u00e1rios e da \u00e1rea da sa\u00fade.\",\"url\":\"https:\/\/www.estrategiaconcursos.com.br\/blog\/author\/diogo-mendesestrategiaconcursos-com-br\/\"}]}<\/script>\n<!-- \/ Yoast SEO Premium plugin. -->","yoast_head_json":{"title":"Receita Federal: Sindifisco anuncia reuni\u00e3o com Paulo Guedes","description":"O Sindifisco Nacional\u00a0anunciou reuni\u00e3o com o ministro da Economia, Paulo Guedes. Ser\u00e1 refor\u00e7ada a necessidade do concurso Receita Federal!","robots":{"index":"index","follow":"follow","max-snippet":"max-snippet:-1","max-image-preview":"max-image-preview:large","max-video-preview":"max-video-preview:-1"},"canonical":"https:\/\/www.estrategiaconcursos.com.br\/blog\/receita-federal-sindifisco-anuncia-reuniao-com-paulo-guedes\/","og_locale":"pt_BR","og_type":"article","og_title":"Receita Federal: Sindifisco anuncia reuni\u00e3o com Paulo Guedes","og_description":"O Sindifisco Nacional\u00a0anunciou reuni\u00e3o com o ministro da Economia, Paulo Guedes. Ser\u00e1 refor\u00e7ada a necessidade do concurso Receita Federal!","og_url":"https:\/\/www.estrategiaconcursos.com.br\/blog\/receita-federal-sindifisco-anuncia-reuniao-com-paulo-guedes\/","og_site_name":"Estrat\u00e9gia Concursos","article_published_time":"2022-01-11T22:36:00+00:00","article_modified_time":"2022-01-13T12:50:44+00:00","og_image":[{"width":1200,"height":628,"url":"https:\/\/dhg1h5j42swfq.cloudfront.net\/2021\/03\/22153002\/concurso-receita-federal.jpg","type":"image\/jpeg"}],"author":"Diogo Mendes","twitter_card":"summary_large_image","twitter_creator":"@EstratConcursos","twitter_site":"@EstratConcursos","twitter_misc":{"Escrito por":"Diogo Mendes","Est. tempo de leitura":"2 minutos"},"schema":{"@context":"https:\/\/schema.org","@graph":[{"@type":"NewsArticle","@id":"https:\/\/www.estrategiaconcursos.com.br\/blog\/receita-federal-sindifisco-anuncia-reuniao-com-paulo-guedes\/#article","isPartOf":{"@id":"https:\/\/www.estrategiaconcursos.com.br\/blog\/receita-federal-sindifisco-anuncia-reuniao-com-paulo-guedes\/"},"author":{"name":"Diogo Mendes","@id":"https:\/\/www.estrategiaconcursos.com.br\/blog\/#\/schema\/person\/cc9e76173880338ce9f656c88664a1f6"},"headline":"Receita Federal: Sindifisco anuncia reuni\u00e3o com Paulo Guedes","datePublished":"2022-01-11T22:36:00+00:00","dateModified":"2022-01-13T12:50:44+00:00","mainEntityOfPage":{"@id":"https:\/\/www.estrategiaconcursos.com.br\/blog\/receita-federal-sindifisco-anuncia-reuniao-com-paulo-guedes\/"},"wordCount":292,"commentCount":0,"publisher":{"@id":"https:\/\/www.estrategiaconcursos.com.br\/blog\/#organization"},"image":{"@id":"https:\/\/www.estrategiaconcursos.com.br\/blog\/receita-federal-sindifisco-anuncia-reuniao-com-paulo-guedes\/#primaryimage"},"thumbnailUrl":"https:\/\/dhg1h5j42swfq.cloudfront.net\/2021\/03\/22153002\/concurso-receita-federal.jpg","articleSection":["Fiscal - Federal (RFB e AFT)","\u00daltimas not\u00edcias"],"inLanguage":"pt-BR","potentialAction":[{"@type":"CommentAction","name":"Comment","target":["https:\/\/www.estrategiaconcursos.com.br\/blog\/receita-federal-sindifisco-anuncia-reuniao-com-paulo-guedes\/#respond"]}],"copyrightYear":"2022","copyrightHolder":{"@id":"https:\/\/www.estrategiaconcursos.com.br\/blog\/#organization"}},{"@type":"WebPage","@id":"https:\/\/www.estrategiaconcursos.com.br\/blog\/receita-federal-sindifisco-anuncia-reuniao-com-paulo-guedes\/","url":"https:\/\/www.estrategiaconcursos.com.br\/blog\/receita-federal-sindifisco-anuncia-reuniao-com-paulo-guedes\/","name":"Receita Federal: Sindifisco anuncia reuni\u00e3o com Paulo Guedes","isPartOf":{"@id":"https:\/\/www.estrategiaconcursos.com.br\/blog\/#website"},"primaryImageOfPage":{"@id":"https:\/\/www.estrategiaconcursos.com.br\/blog\/receita-federal-sindifisco-anuncia-reuniao-com-paulo-guedes\/#primaryimage"},"image":{"@id":"https:\/\/www.estrategiaconcursos.com.br\/blog\/receita-federal-sindifisco-anuncia-reuniao-com-paulo-guedes\/#primaryimage"},"thumbnailUrl":"https:\/\/dhg1h5j42swfq.cloudfront.net\/2021\/03\/22153002\/concurso-receita-federal.jpg","datePublished":"2022-01-11T22:36:00+00:00","dateModified":"2022-01-13T12:50:44+00:00","description":"O Sindifisco Nacional\u00a0anunciou reuni\u00e3o com o ministro da Economia, Paulo Guedes. Ser\u00e1 refor\u00e7ada a necessidade do concurso Receita Federal!","breadcrumb":{"@id":"https:\/\/www.estrategiaconcursos.com.br\/blog\/receita-federal-sindifisco-anuncia-reuniao-com-paulo-guedes\/#breadcrumb"},"inLanguage":"pt-BR","potentialAction":[{"@type":"ReadAction","target":["https:\/\/www.estrategiaconcursos.com.br\/blog\/receita-federal-sindifisco-anuncia-reuniao-com-paulo-guedes\/"]}]},{"@type":"ImageObject","inLanguage":"pt-BR","@id":"https:\/\/www.estrategiaconcursos.com.br\/blog\/receita-federal-sindifisco-anuncia-reuniao-com-paulo-guedes\/#primaryimage","url":"https:\/\/dhg1h5j42swfq.cloudfront.net\/2021\/03\/22153002\/concurso-receita-federal.jpg","contentUrl":"https:\/\/dhg1h5j42swfq.cloudfront.net\/2021\/03\/22153002\/concurso-receita-federal.jpg","width":1200,"height":628,"caption":"concurso Receita federal cronograma"},{"@type":"BreadcrumbList","@id":"https:\/\/www.estrategiaconcursos.com.br\/blog\/receita-federal-sindifisco-anuncia-reuniao-com-paulo-guedes\/#breadcrumb","itemListElement":[{"@type":"ListItem","position":1,"name":"In\u00edcio","item":"https:\/\/www.estrategiaconcursos.com.br\/blog\/"},{"@type":"ListItem","position":2,"name":"Receita Federal: Sindifisco anuncia reuni\u00e3o com Paulo Guedes"}]},{"@type":"WebSite","@id":"https:\/\/www.estrategiaconcursos.com.br\/blog\/#website","url":"https:\/\/www.estrategiaconcursos.com.br\/blog\/","name":"Estrat\u00e9gia Concursos","description":"O blog da Estrat\u00e9gia Concursos traz not\u00edcias sobre concursos e artigos de professores oferecendo cursos para concursos (pdf + videaulas) no site.","publisher":{"@id":"https:\/\/www.estrategiaconcursos.com.br\/blog\/#organization"},"potentialAction":[{"@type":"SearchAction","target":{"@type":"EntryPoint","urlTemplate":"https:\/\/www.estrategiaconcursos.com.br\/blog\/?s={search_term_string}"},"query-input":{"@type":"PropertyValueSpecification","valueRequired":true,"valueName":"search_term_string"}}],"inLanguage":"pt-BR"},{"@type":"Organization","@id":"https:\/\/www.estrategiaconcursos.com.br\/blog\/#organization","name":"Estrat\u00e9gia Concursos","url":"https:\/\/www.estrategiaconcursos.com.br\/blog\/","logo":{"@type":"ImageObject","inLanguage":"pt-BR","@id":"https:\/\/www.estrategiaconcursos.com.br\/blog\/#\/schema\/logo\/image\/","url":"https:\/\/dhg1h5j42swfq.cloudfront.net\/2025\/06\/03203428\/logo_concursos-1.jpg","contentUrl":"https:\/\/dhg1h5j42swfq.cloudfront.net\/2025\/06\/03203428\/logo_concursos-1.jpg","width":230,"height":60,"caption":"Estrat\u00e9gia Concursos"},"image":{"@id":"https:\/\/www.estrategiaconcursos.com.br\/blog\/#\/schema\/logo\/image\/"},"sameAs":["https:\/\/x.com\/EstratConcursos"]},{"@type":"Person","@id":"https:\/\/www.estrategiaconcursos.com.br\/blog\/#\/schema\/person\/cc9e76173880338ce9f656c88664a1f6","name":"Diogo Mendes","image":{"@type":"ImageObject","inLanguage":"pt-BR","@id":"https:\/\/secure.gravatar.com\/avatar\/9754d6777d460a45ef4067b586b94c32005cc2345a0404b8d96adc620cf63806?s=96&d=mm&r=g","url":"https:\/\/secure.gravatar.com\/avatar\/9754d6777d460a45ef4067b586b94c32005cc2345a0404b8d96adc620cf63806?s=96&d=mm&r=g","contentUrl":"https:\/\/secure.gravatar.com\/avatar\/9754d6777d460a45ef4067b586b94c32005cc2345a0404b8d96adc620cf63806?s=96&d=mm&r=g","caption":"Diogo Mendes"},"description":"Diogo Mendes \u00e9 jornalista formado pela Universidade Paulista, com experi\u00eancia em reda\u00e7\u00f5es de diversos ve\u00edculos e na produ\u00e7\u00e3o de conte\u00fados especializados em concursos p\u00fablicos. Desde 2019, atua no Estrat\u00e9gia Concursos como Jornalista e Analista de Conte\u00fado, com foco na apura\u00e7\u00e3o de informa\u00e7\u00f5es junto a \u00f3rg\u00e3os e fontes oficiais. Dedica-se especialmente \u00e0 produ\u00e7\u00e3o de not\u00edcias e reportagens sobre Concursos Legislativos, al\u00e9m de acompanhar diariamente os concursos policiais, banc\u00e1rios e da \u00e1rea da sa\u00fade.","url":"https:\/\/www.estrategiaconcursos.com.br\/blog\/author\/diogo-mendesestrategiaconcursos-com-br\/"}]}},"_links":{"self":[{"href":"https:\/\/www.estrategiaconcursos.com.br\/blog\/wp-json\/wp\/v2\/posts\/945049","targetHints":{"allow":["GET"]}}],"collection":[{"href":"https:\/\/www.estrategiaconcursos.com.br\/blog\/wp-json\/wp\/v2\/posts"}],"about":[{"href":"https:\/\/www.estrategiaconcursos.com.br\/blog\/wp-json\/wp\/v2\/types\/post"}],"author":[{"embeddable":true,"href":"https:\/\/www.estrategiaconcursos.com.br\/blog\/wp-json\/wp\/v2\/users\/1483"}],"replies":[{"embeddable":true,"href":"https:\/\/www.estrategiaconcursos.com.br\/blog\/wp-json\/wp\/v2\/comments?post=945049"}],"version-history":[{"count":4,"href":"https:\/\/www.estrategiaconcursos.com.br\/blog\/wp-json\/wp\/v2\/posts\/945049\/revisions"}],"predecessor-version":[{"id":946425,"href":"https:\/\/www.estrategiaconcursos.com.br\/blog\/wp-json\/wp\/v2\/posts\/945049\/revisions\/946425"}],"wp:featuredmedia":[{"embeddable":true,"href":"https:\/\/www.estrategiaconcursos.com.br\/blog\/wp-json\/wp\/v2\/media\/698463"}],"wp:attachment":[{"href":"https:\/\/www.estrategiaconcursos.com.br\/blog\/wp-json\/wp\/v2\/media?parent=945049"}],"wp:term":[{"taxonomy":"category","embeddable":true,"href":"https:\/\/www.estrategiaconcursos.com.br\/blog\/wp-json\/wp\/v2\/categories?post=945049"},{"taxonomy":"post_tag","embeddable":true,"href":"https:\/\/www.estrategiaconcursos.com.br\/blog\/wp-json\/wp\/v2\/tags?post=945049"},{"taxonomy":"tax_estado","embeddable":true,"href":"https:\/\/www.estrategiaconcursos.com.br\/blog\/wp-json\/wp\/v2\/tax_estado?post=945049"}],"curies":[{"name":"wp","href":"https:\/\/api.w.org\/{rel}","templated":true}]}}