{"id":944686,"date":"2022-01-11T19:00:00","date_gmt":"2022-01-11T22:00:00","guid":{"rendered":"https:\/\/www.estrategiaconcursos.com.br\/blog\/?p=944686"},"modified":"2023-02-28T09:46:05","modified_gmt":"2023-02-28T12:46:05","slug":"sefa-pa-e-sefaz-se-e-possivel-conciliar-os-estudos","status":"publish","type":"post","link":"https:\/\/www.estrategiaconcursos.com.br\/blog\/sefa-pa-e-sefaz-se-e-possivel-conciliar-os-estudos\/","title":{"rendered":"SEFA PA e SEFAZ SE: \u00e9 poss\u00edvel conciliar os estudos?"},"content":{"rendered":"\n<p><strong>Aten\u00e7\u00e3o, concurseiro, como est\u00e1 os estudos por a\u00ed? <\/strong>Com determina\u00e7\u00e3o e dedica\u00e7\u00e3o, a vit\u00f3ria certamente te aguarda!<\/p>\n\n\n\n<p><strong>Os concursos da Sefa PA e Sefaz SE tem v\u00e1rias caracter\u00edsticas em comum<\/strong>: ambos j\u00e1 divulgaram os seus respectivos editais e devem ter suas provas aplicadas entre o final do m\u00eas de mar\u00e7o e in\u00edcio de abril. <\/p>\n\n\n\n<p>Por este motivo, muitos candidatos j\u00e1 come\u00e7am a se preparar para prestar ambos os certames. Inclusive, muitos se questionam se <a href=\"https:\/\/youtu.be\/ZBDaMcQa3PM\" target=\"_blank\" rel=\"noreferrer noopener\">\u00e9 poss\u00edvel conciliar ambos estudos<\/a>. A resposta \u00e9 sim, \u00e9 poss\u00edvel!<\/p>\n\n\n\n<p>Agora, para saber como, confira uma aula <strong>GRATUITA <\/strong>que preparei com a tem\u00e1tica. A transmiss\u00e3o ficar\u00e1 dispon\u00edvel a partir das 20h, no canal do Youtube do Estrat\u00e9gia Concursos.<\/p>\n\n\n\n<p class=\"has-text-align-center\" style=\"font-size:clamp(14px, 0.875rem + ((1vw - 3.2px) * 0.392), 18px);\"><strong>AO VIVO E GRATUITAMENTE!<\/strong><\/p>\n\n\n\n<p class=\"has-text-align-center has-background\" style=\"background-color:#66c7ff;font-size:clamp(14.642px, 0.915rem + ((1vw - 3.2px) * 0.721), 22px);\"><strong> Saiba mais: <a href=\"https:\/\/www.estrategiaconcursos.com.br\/blog\/concurso-sefaz-se\/\" target=\"_blank\" rel=\"noreferrer noopener\">concurso Sefaz SE<\/a> <\/strong><\/p>\n\n\n\n<p class=\"has-text-align-center has-luminous-vivid-amber-background-color has-background\" style=\"font-size:clamp(14.642px, 0.915rem + ((1vw - 3.2px) * 0.721), 22px);\"><strong>Saiba mais: <a href=\"https:\/\/www.estrategiaconcursos.com.br\/blog\/concurso-sefa-pa\/\" target=\"_blank\" rel=\"noreferrer noopener\">concurso Sefa PA<\/a><\/strong><\/p>\n\n\n\n<h2 class=\"has-text-align-center wp-block-heading\" id=\"cursos-assinatura\">Quer estudar para os concursos Sefa PA e Sefaz SE?<\/h2>\n\n\n\n<div class=\"container\" id=\"boxes\">\n  <div class=\"row\">\n\n    <div class=\"col-sm\">\n      <div class=\"banner-fiscal-01\" id=\"box-assinatura\">\n        <h3 class=\"titulo-assinatura\">Carreiras Fiscais<\/h3>\n        <p class=\"subtitulo-assinatura\">Conhe\u00e7a os cursos para Sefaz SE<\/p>\n        <div class=\"box-botao\">\n          <a class=\"btn-assinatura\" target=\"_blank\" href=\"https:\/\/www.estrategiaconcursos.com.br\/cursosPorConcurso\/secretaria-da-fazenda-de-sergipe-sefaz-se\/\" role=\"button\" rel=\"noopener noreferrer\">Conhe\u00e7a mais<\/a>\n        <\/div>\n      <\/div>\n     \n    <\/div>\n\n  <\/div>\n<\/div>\n\n\n\n<div id=\"boxes\" class=\"container\">\n<div class=\"row\">\n<div class=\"col-sm\">\n<div id=\"box-assinatura\" class=\"banner-fiscal-01\">\n<h3 class=\"titulo-assinatura\">Carreiras Fiscais<\/h3>\n<p class=\"subtitulo-assinatura\">Conhe\u00e7a os cursos para Sefaz PA<\/p>\n<div class=\"box-botao\"><a class=\"btn-assinatura\" role=\"button\" href=\"https:\/\/www.estrategiaconcursos.com.br\/cursosPorConcurso\/secretaria-da-fazendo-do-para-sefaz-pa\/\" target=\"_blank\" rel=\"noopener noreferrer\">Conhe\u00e7a mais<\/a><\/div>\n<\/div>\n<\/div>\n<\/div>\n<\/div>\n\n\n\n<div class=\"container\" id=\"boxes\">\n  <div class=\"row\">\n\n    <div class=\"col-sm\">\n      <div class=\"estrategia\" id=\"box-assinatura\">\n        <h3 class=\"titulo-assinatura\">Assinatura Concursos<\/h3>\n        <p class=\"subtitulo-assinatura\">Assinatura de 1 ano ou 2 anos<\/p>\n        <div class=\"box-botao\">\n          <a class=\"btn-assinatura\" target=\"_blank\" href=\"https:\/\/www.estrategiaconcursos.com.br\/assinaturas\/\" role=\"button\" rel=\"noopener noreferrer\">ASSINE AGORA<\/a>\n        <\/div>\n      <\/div><\/div><\/div><\/div>\n\n\n\n<h2 class=\"has-text-align-center wp-block-heading\">Quer saber tudo sobre concursos previstos?<br \/>Confira nossos artigos!<\/h2>\n\n\n\n<ul class=\"wp-block-list\">\n<li><a target=\"_blank\" href=\"https:\/\/www.estrategiaconcursos.com.br\/blog\/concursos-abertos\/\" rel=\"noreferrer noopener\">Concursos abertos<\/a><\/li>\n\n\n\n<li><a target=\"_blank\" href=\"https:\/\/www.estrategiaconcursos.com.br\/blog\/concursos-2022\/\" rel=\"noreferrer noopener\">Concursos 2022<\/a><\/li>\n<\/ul>\n","protected":false},"excerpt":{"rendered":"<p>Aten\u00e7\u00e3o, concurseiro, como est\u00e1 os estudos por a\u00ed? Com determina\u00e7\u00e3o e dedica\u00e7\u00e3o, a vit\u00f3ria certamente te aguarda! Os concursos da Sefa PA e Sefaz SE tem v\u00e1rias caracter\u00edsticas em comum: ambos j\u00e1 divulgaram os seus respectivos editais e devem ter suas provas aplicadas entre o final do m\u00eas de mar\u00e7o e in\u00edcio de abril. Por [&hellip;]<\/p>\n","protected":false},"author":1906,"featured_media":944738,"comment_status":"open","ping_status":"closed","sticky":false,"template":"","format":"standard","meta":{"post_tipo":"news","footnotes":""},"categories":[1983,220219],"tags":[],"tax_estado":[219977,219988],"class_list":["post-944686","post","type-post","status-publish","format-standard","has-post-thumbnail","hentry","category-fiscal-estadual","category-noticias","tax_estado-pa","tax_estado-se"],"acf":[],"yoast_head":"<!-- This site is optimized with the Yoast SEO Premium plugin v27.2 (Yoast SEO v27.2) - https:\/\/yoast.com\/product\/yoast-seo-premium-wordpress\/ -->\n<title>SEFA PA e SEFAZ SE: \u00e9 poss\u00edvel conciliar os estudos?<\/title>\n<meta name=\"description\" content=\"Assista a transmiss\u00e3o do evento &quot;SEFA PA e SEFAZ SE: \u00c9 poss\u00edvel conciliar os estudos?&quot;, Com o Prof. Bruno Bezerra.\" \/>\n<meta name=\"robots\" content=\"index, follow, max-snippet:-1, max-image-preview:large, max-video-preview:-1\" \/>\n<link rel=\"canonical\" href=\"https:\/\/www.estrategiaconcursos.com.br\/blog\/sefa-pa-e-sefaz-se-e-possivel-conciliar-os-estudos\/\" \/>\n<meta property=\"og:locale\" content=\"pt_BR\" \/>\n<meta property=\"og:type\" content=\"article\" \/>\n<meta property=\"og:title\" content=\"SEFA PA e SEFAZ SE: \u00e9 poss\u00edvel conciliar os estudos?\" \/>\n<meta property=\"og:description\" content=\"Assista a transmiss\u00e3o do evento &quot;SEFA PA e SEFAZ SE: \u00c9 poss\u00edvel conciliar os estudos?&quot;, Com o Prof. Bruno Bezerra.\" \/>\n<meta property=\"og:url\" content=\"https:\/\/www.estrategiaconcursos.com.br\/blog\/sefa-pa-e-sefaz-se-e-possivel-conciliar-os-estudos\/\" \/>\n<meta property=\"og:site_name\" content=\"Estrat\u00e9gia Concursos\" \/>\n<meta property=\"article:published_time\" content=\"2022-01-11T22:00:00+00:00\" \/>\n<meta property=\"article:modified_time\" content=\"2023-02-28T12:46:05+00:00\" \/>\n<meta property=\"og:image\" content=\"https:\/\/dhg1h5j42swfq.cloudfront.net\/2022\/01\/11165654\/sefaz.png\" \/>\n\t<meta property=\"og:image:width\" content=\"1205\" \/>\n\t<meta property=\"og:image:height\" content=\"591\" \/>\n\t<meta property=\"og:image:type\" content=\"image\/png\" \/>\n<meta name=\"author\" content=\"Bruno Bezerra\" \/>\n<meta name=\"twitter:card\" content=\"summary_large_image\" \/>\n<meta name=\"twitter:creator\" content=\"@EstratConcursos\" \/>\n<meta name=\"twitter:site\" content=\"@EstratConcursos\" \/>\n<meta name=\"twitter:label1\" content=\"Escrito por\" \/>\n\t<meta name=\"twitter:data1\" content=\"Bruno Bezerra\" \/>\n\t<meta name=\"twitter:label2\" content=\"Est. tempo de leitura\" \/>\n\t<meta name=\"twitter:data2\" content=\"2 minutos\" \/>\n<script type=\"application\/ld+json\" class=\"yoast-schema-graph\">{\"@context\":\"https:\/\/schema.org\",\"@graph\":[{\"@type\":\"NewsArticle\",\"@id\":\"https:\/\/www.estrategiaconcursos.com.br\/blog\/sefa-pa-e-sefaz-se-e-possivel-conciliar-os-estudos\/#article\",\"isPartOf\":{\"@id\":\"https:\/\/www.estrategiaconcursos.com.br\/blog\/sefa-pa-e-sefaz-se-e-possivel-conciliar-os-estudos\/\"},\"author\":{\"name\":\"Bruno Bezerra\",\"@id\":\"https:\/\/www.estrategiaconcursos.com.br\/blog\/#\/schema\/person\/addb2bc42f2320184427f8f4ff161f88\"},\"headline\":\"SEFA PA e SEFAZ SE: \u00e9 poss\u00edvel conciliar os estudos?\",\"datePublished\":\"2022-01-11T22:00:00+00:00\",\"dateModified\":\"2023-02-28T12:46:05+00:00\",\"mainEntityOfPage\":{\"@id\":\"https:\/\/www.estrategiaconcursos.com.br\/blog\/sefa-pa-e-sefaz-se-e-possivel-conciliar-os-estudos\/\"},\"wordCount\":205,\"commentCount\":0,\"publisher\":{\"@id\":\"https:\/\/www.estrategiaconcursos.com.br\/blog\/#organization\"},\"image\":{\"@id\":\"https:\/\/www.estrategiaconcursos.com.br\/blog\/sefa-pa-e-sefaz-se-e-possivel-conciliar-os-estudos\/#primaryimage\"},\"thumbnailUrl\":\"https:\/\/dhg1h5j42swfq.cloudfront.net\/2022\/01\/11165654\/sefaz.png\",\"articleSection\":[\"Fiscal - Estadual (ICMS)\",\"\u00daltimas not\u00edcias\"],\"inLanguage\":\"pt-BR\",\"potentialAction\":[{\"@type\":\"CommentAction\",\"name\":\"Comment\",\"target\":[\"https:\/\/www.estrategiaconcursos.com.br\/blog\/sefa-pa-e-sefaz-se-e-possivel-conciliar-os-estudos\/#respond\"]}],\"copyrightYear\":\"2022\",\"copyrightHolder\":{\"@id\":\"https:\/\/www.estrategiaconcursos.com.br\/blog\/#organization\"}},{\"@type\":\"WebPage\",\"@id\":\"https:\/\/www.estrategiaconcursos.com.br\/blog\/sefa-pa-e-sefaz-se-e-possivel-conciliar-os-estudos\/\",\"url\":\"https:\/\/www.estrategiaconcursos.com.br\/blog\/sefa-pa-e-sefaz-se-e-possivel-conciliar-os-estudos\/\",\"name\":\"SEFA PA e SEFAZ SE: \u00e9 poss\u00edvel conciliar os estudos?\",\"isPartOf\":{\"@id\":\"https:\/\/www.estrategiaconcursos.com.br\/blog\/#website\"},\"primaryImageOfPage\":{\"@id\":\"https:\/\/www.estrategiaconcursos.com.br\/blog\/sefa-pa-e-sefaz-se-e-possivel-conciliar-os-estudos\/#primaryimage\"},\"image\":{\"@id\":\"https:\/\/www.estrategiaconcursos.com.br\/blog\/sefa-pa-e-sefaz-se-e-possivel-conciliar-os-estudos\/#primaryimage\"},\"thumbnailUrl\":\"https:\/\/dhg1h5j42swfq.cloudfront.net\/2022\/01\/11165654\/sefaz.png\",\"datePublished\":\"2022-01-11T22:00:00+00:00\",\"dateModified\":\"2023-02-28T12:46:05+00:00\",\"description\":\"Assista a transmiss\u00e3o do evento \\\"SEFA PA e SEFAZ SE: \u00c9 poss\u00edvel conciliar os estudos?\\\", Com o Prof. Bruno Bezerra.\",\"breadcrumb\":{\"@id\":\"https:\/\/www.estrategiaconcursos.com.br\/blog\/sefa-pa-e-sefaz-se-e-possivel-conciliar-os-estudos\/#breadcrumb\"},\"inLanguage\":\"pt-BR\",\"potentialAction\":[{\"@type\":\"ReadAction\",\"target\":[\"https:\/\/www.estrategiaconcursos.com.br\/blog\/sefa-pa-e-sefaz-se-e-possivel-conciliar-os-estudos\/\"]}]},{\"@type\":\"ImageObject\",\"inLanguage\":\"pt-BR\",\"@id\":\"https:\/\/www.estrategiaconcursos.com.br\/blog\/sefa-pa-e-sefaz-se-e-possivel-conciliar-os-estudos\/#primaryimage\",\"url\":\"https:\/\/dhg1h5j42swfq.cloudfront.net\/2022\/01\/11165654\/sefaz.png\",\"contentUrl\":\"https:\/\/dhg1h5j42swfq.cloudfront.net\/2022\/01\/11165654\/sefaz.png\",\"width\":1205,\"height\":591,\"caption\":\"SEFA PA e SEFAZ SE: \u00c9 poss\u00edvel conciliar os estudos?\"},{\"@type\":\"BreadcrumbList\",\"@id\":\"https:\/\/www.estrategiaconcursos.com.br\/blog\/sefa-pa-e-sefaz-se-e-possivel-conciliar-os-estudos\/#breadcrumb\",\"itemListElement\":[{\"@type\":\"ListItem\",\"position\":1,\"name\":\"In\u00edcio\",\"item\":\"https:\/\/www.estrategiaconcursos.com.br\/blog\/\"},{\"@type\":\"ListItem\",\"position\":2,\"name\":\"SEFA PA e SEFAZ SE: \u00e9 poss\u00edvel conciliar os estudos?\"}]},{\"@type\":\"WebSite\",\"@id\":\"https:\/\/www.estrategiaconcursos.com.br\/blog\/#website\",\"url\":\"https:\/\/www.estrategiaconcursos.com.br\/blog\/\",\"name\":\"Estrat\u00e9gia Concursos\",\"description\":\"O blog da Estrat\u00e9gia Concursos traz not\u00edcias sobre concursos e artigos de professores oferecendo cursos para concursos (pdf + videaulas) no site.\",\"publisher\":{\"@id\":\"https:\/\/www.estrategiaconcursos.com.br\/blog\/#organization\"},\"potentialAction\":[{\"@type\":\"SearchAction\",\"target\":{\"@type\":\"EntryPoint\",\"urlTemplate\":\"https:\/\/www.estrategiaconcursos.com.br\/blog\/?s={search_term_string}\"},\"query-input\":{\"@type\":\"PropertyValueSpecification\",\"valueRequired\":true,\"valueName\":\"search_term_string\"}}],\"inLanguage\":\"pt-BR\"},{\"@type\":\"Organization\",\"@id\":\"https:\/\/www.estrategiaconcursos.com.br\/blog\/#organization\",\"name\":\"Estrat\u00e9gia Concursos\",\"url\":\"https:\/\/www.estrategiaconcursos.com.br\/blog\/\",\"logo\":{\"@type\":\"ImageObject\",\"inLanguage\":\"pt-BR\",\"@id\":\"https:\/\/www.estrategiaconcursos.com.br\/blog\/#\/schema\/logo\/image\/\",\"url\":\"https:\/\/dhg1h5j42swfq.cloudfront.net\/2025\/06\/03203428\/logo_concursos-1.jpg\",\"contentUrl\":\"https:\/\/dhg1h5j42swfq.cloudfront.net\/2025\/06\/03203428\/logo_concursos-1.jpg\",\"width\":230,\"height\":60,\"caption\":\"Estrat\u00e9gia Concursos\"},\"image\":{\"@id\":\"https:\/\/www.estrategiaconcursos.com.br\/blog\/#\/schema\/logo\/image\/\"},\"sameAs\":[\"https:\/\/x.com\/EstratConcursos\"]},{\"@type\":\"Person\",\"@id\":\"https:\/\/www.estrategiaconcursos.com.br\/blog\/#\/schema\/person\/addb2bc42f2320184427f8f4ff161f88\",\"name\":\"Bruno Bezerra\",\"image\":{\"@type\":\"ImageObject\",\"inLanguage\":\"pt-BR\",\"@id\":\"https:\/\/secure.gravatar.com\/avatar\/40ea3c769299f1a8cf27f1763fd967425b67870e213668ed09cbc95da7547dfe?s=96&d=mm&r=g\",\"url\":\"https:\/\/secure.gravatar.com\/avatar\/40ea3c769299f1a8cf27f1763fd967425b67870e213668ed09cbc95da7547dfe?s=96&d=mm&r=g\",\"contentUrl\":\"https:\/\/secure.gravatar.com\/avatar\/40ea3c769299f1a8cf27f1763fd967425b67870e213668ed09cbc95da7547dfe?s=96&d=mm&r=g\",\"caption\":\"Bruno Bezerra\"},\"url\":\"https:\/\/www.estrategiaconcursos.com.br\/blog\/author\/antbrunobezerrayahoo-com-br\/\"}]}<\/script>\n<!-- \/ Yoast SEO Premium plugin. -->","yoast_head_json":{"title":"SEFA PA e SEFAZ SE: \u00e9 poss\u00edvel conciliar os estudos?","description":"Assista a transmiss\u00e3o do evento \"SEFA PA e SEFAZ SE: \u00c9 poss\u00edvel conciliar os estudos?\", Com o Prof. Bruno Bezerra.","robots":{"index":"index","follow":"follow","max-snippet":"max-snippet:-1","max-image-preview":"max-image-preview:large","max-video-preview":"max-video-preview:-1"},"canonical":"https:\/\/www.estrategiaconcursos.com.br\/blog\/sefa-pa-e-sefaz-se-e-possivel-conciliar-os-estudos\/","og_locale":"pt_BR","og_type":"article","og_title":"SEFA PA e SEFAZ SE: \u00e9 poss\u00edvel conciliar os estudos?","og_description":"Assista a transmiss\u00e3o do evento \"SEFA PA e SEFAZ SE: \u00c9 poss\u00edvel conciliar os estudos?\", Com o Prof. Bruno Bezerra.","og_url":"https:\/\/www.estrategiaconcursos.com.br\/blog\/sefa-pa-e-sefaz-se-e-possivel-conciliar-os-estudos\/","og_site_name":"Estrat\u00e9gia Concursos","article_published_time":"2022-01-11T22:00:00+00:00","article_modified_time":"2023-02-28T12:46:05+00:00","og_image":[{"width":1205,"height":591,"url":"https:\/\/dhg1h5j42swfq.cloudfront.net\/2022\/01\/11165654\/sefaz.png","type":"image\/png"}],"author":"Bruno Bezerra","twitter_card":"summary_large_image","twitter_creator":"@EstratConcursos","twitter_site":"@EstratConcursos","twitter_misc":{"Escrito por":"Bruno Bezerra","Est. tempo de leitura":"2 minutos"},"schema":{"@context":"https:\/\/schema.org","@graph":[{"@type":"NewsArticle","@id":"https:\/\/www.estrategiaconcursos.com.br\/blog\/sefa-pa-e-sefaz-se-e-possivel-conciliar-os-estudos\/#article","isPartOf":{"@id":"https:\/\/www.estrategiaconcursos.com.br\/blog\/sefa-pa-e-sefaz-se-e-possivel-conciliar-os-estudos\/"},"author":{"name":"Bruno Bezerra","@id":"https:\/\/www.estrategiaconcursos.com.br\/blog\/#\/schema\/person\/addb2bc42f2320184427f8f4ff161f88"},"headline":"SEFA PA e SEFAZ SE: \u00e9 poss\u00edvel conciliar os estudos?","datePublished":"2022-01-11T22:00:00+00:00","dateModified":"2023-02-28T12:46:05+00:00","mainEntityOfPage":{"@id":"https:\/\/www.estrategiaconcursos.com.br\/blog\/sefa-pa-e-sefaz-se-e-possivel-conciliar-os-estudos\/"},"wordCount":205,"commentCount":0,"publisher":{"@id":"https:\/\/www.estrategiaconcursos.com.br\/blog\/#organization"},"image":{"@id":"https:\/\/www.estrategiaconcursos.com.br\/blog\/sefa-pa-e-sefaz-se-e-possivel-conciliar-os-estudos\/#primaryimage"},"thumbnailUrl":"https:\/\/dhg1h5j42swfq.cloudfront.net\/2022\/01\/11165654\/sefaz.png","articleSection":["Fiscal - Estadual (ICMS)","\u00daltimas not\u00edcias"],"inLanguage":"pt-BR","potentialAction":[{"@type":"CommentAction","name":"Comment","target":["https:\/\/www.estrategiaconcursos.com.br\/blog\/sefa-pa-e-sefaz-se-e-possivel-conciliar-os-estudos\/#respond"]}],"copyrightYear":"2022","copyrightHolder":{"@id":"https:\/\/www.estrategiaconcursos.com.br\/blog\/#organization"}},{"@type":"WebPage","@id":"https:\/\/www.estrategiaconcursos.com.br\/blog\/sefa-pa-e-sefaz-se-e-possivel-conciliar-os-estudos\/","url":"https:\/\/www.estrategiaconcursos.com.br\/blog\/sefa-pa-e-sefaz-se-e-possivel-conciliar-os-estudos\/","name":"SEFA PA e SEFAZ SE: \u00e9 poss\u00edvel conciliar os estudos?","isPartOf":{"@id":"https:\/\/www.estrategiaconcursos.com.br\/blog\/#website"},"primaryImageOfPage":{"@id":"https:\/\/www.estrategiaconcursos.com.br\/blog\/sefa-pa-e-sefaz-se-e-possivel-conciliar-os-estudos\/#primaryimage"},"image":{"@id":"https:\/\/www.estrategiaconcursos.com.br\/blog\/sefa-pa-e-sefaz-se-e-possivel-conciliar-os-estudos\/#primaryimage"},"thumbnailUrl":"https:\/\/dhg1h5j42swfq.cloudfront.net\/2022\/01\/11165654\/sefaz.png","datePublished":"2022-01-11T22:00:00+00:00","dateModified":"2023-02-28T12:46:05+00:00","description":"Assista a transmiss\u00e3o do evento \"SEFA PA e SEFAZ SE: \u00c9 poss\u00edvel conciliar os estudos?\", Com o Prof. Bruno Bezerra.","breadcrumb":{"@id":"https:\/\/www.estrategiaconcursos.com.br\/blog\/sefa-pa-e-sefaz-se-e-possivel-conciliar-os-estudos\/#breadcrumb"},"inLanguage":"pt-BR","potentialAction":[{"@type":"ReadAction","target":["https:\/\/www.estrategiaconcursos.com.br\/blog\/sefa-pa-e-sefaz-se-e-possivel-conciliar-os-estudos\/"]}]},{"@type":"ImageObject","inLanguage":"pt-BR","@id":"https:\/\/www.estrategiaconcursos.com.br\/blog\/sefa-pa-e-sefaz-se-e-possivel-conciliar-os-estudos\/#primaryimage","url":"https:\/\/dhg1h5j42swfq.cloudfront.net\/2022\/01\/11165654\/sefaz.png","contentUrl":"https:\/\/dhg1h5j42swfq.cloudfront.net\/2022\/01\/11165654\/sefaz.png","width":1205,"height":591,"caption":"SEFA PA e SEFAZ SE: \u00c9 poss\u00edvel conciliar os estudos?"},{"@type":"BreadcrumbList","@id":"https:\/\/www.estrategiaconcursos.com.br\/blog\/sefa-pa-e-sefaz-se-e-possivel-conciliar-os-estudos\/#breadcrumb","itemListElement":[{"@type":"ListItem","position":1,"name":"In\u00edcio","item":"https:\/\/www.estrategiaconcursos.com.br\/blog\/"},{"@type":"ListItem","position":2,"name":"SEFA PA e SEFAZ SE: \u00e9 poss\u00edvel conciliar os estudos?"}]},{"@type":"WebSite","@id":"https:\/\/www.estrategiaconcursos.com.br\/blog\/#website","url":"https:\/\/www.estrategiaconcursos.com.br\/blog\/","name":"Estrat\u00e9gia Concursos","description":"O blog da Estrat\u00e9gia Concursos traz not\u00edcias sobre concursos e artigos de professores oferecendo cursos para concursos (pdf + videaulas) no site.","publisher":{"@id":"https:\/\/www.estrategiaconcursos.com.br\/blog\/#organization"},"potentialAction":[{"@type":"SearchAction","target":{"@type":"EntryPoint","urlTemplate":"https:\/\/www.estrategiaconcursos.com.br\/blog\/?s={search_term_string}"},"query-input":{"@type":"PropertyValueSpecification","valueRequired":true,"valueName":"search_term_string"}}],"inLanguage":"pt-BR"},{"@type":"Organization","@id":"https:\/\/www.estrategiaconcursos.com.br\/blog\/#organization","name":"Estrat\u00e9gia Concursos","url":"https:\/\/www.estrategiaconcursos.com.br\/blog\/","logo":{"@type":"ImageObject","inLanguage":"pt-BR","@id":"https:\/\/www.estrategiaconcursos.com.br\/blog\/#\/schema\/logo\/image\/","url":"https:\/\/dhg1h5j42swfq.cloudfront.net\/2025\/06\/03203428\/logo_concursos-1.jpg","contentUrl":"https:\/\/dhg1h5j42swfq.cloudfront.net\/2025\/06\/03203428\/logo_concursos-1.jpg","width":230,"height":60,"caption":"Estrat\u00e9gia Concursos"},"image":{"@id":"https:\/\/www.estrategiaconcursos.com.br\/blog\/#\/schema\/logo\/image\/"},"sameAs":["https:\/\/x.com\/EstratConcursos"]},{"@type":"Person","@id":"https:\/\/www.estrategiaconcursos.com.br\/blog\/#\/schema\/person\/addb2bc42f2320184427f8f4ff161f88","name":"Bruno Bezerra","image":{"@type":"ImageObject","inLanguage":"pt-BR","@id":"https:\/\/secure.gravatar.com\/avatar\/40ea3c769299f1a8cf27f1763fd967425b67870e213668ed09cbc95da7547dfe?s=96&d=mm&r=g","url":"https:\/\/secure.gravatar.com\/avatar\/40ea3c769299f1a8cf27f1763fd967425b67870e213668ed09cbc95da7547dfe?s=96&d=mm&r=g","contentUrl":"https:\/\/secure.gravatar.com\/avatar\/40ea3c769299f1a8cf27f1763fd967425b67870e213668ed09cbc95da7547dfe?s=96&d=mm&r=g","caption":"Bruno Bezerra"},"url":"https:\/\/www.estrategiaconcursos.com.br\/blog\/author\/antbrunobezerrayahoo-com-br\/"}]}},"_links":{"self":[{"href":"https:\/\/www.estrategiaconcursos.com.br\/blog\/wp-json\/wp\/v2\/posts\/944686","targetHints":{"allow":["GET"]}}],"collection":[{"href":"https:\/\/www.estrategiaconcursos.com.br\/blog\/wp-json\/wp\/v2\/posts"}],"about":[{"href":"https:\/\/www.estrategiaconcursos.com.br\/blog\/wp-json\/wp\/v2\/types\/post"}],"author":[{"embeddable":true,"href":"https:\/\/www.estrategiaconcursos.com.br\/blog\/wp-json\/wp\/v2\/users\/1906"}],"replies":[{"embeddable":true,"href":"https:\/\/www.estrategiaconcursos.com.br\/blog\/wp-json\/wp\/v2\/comments?post=944686"}],"version-history":[{"count":7,"href":"https:\/\/www.estrategiaconcursos.com.br\/blog\/wp-json\/wp\/v2\/posts\/944686\/revisions"}],"predecessor-version":[{"id":1178547,"href":"https:\/\/www.estrategiaconcursos.com.br\/blog\/wp-json\/wp\/v2\/posts\/944686\/revisions\/1178547"}],"wp:featuredmedia":[{"embeddable":true,"href":"https:\/\/www.estrategiaconcursos.com.br\/blog\/wp-json\/wp\/v2\/media\/944738"}],"wp:attachment":[{"href":"https:\/\/www.estrategiaconcursos.com.br\/blog\/wp-json\/wp\/v2\/media?parent=944686"}],"wp:term":[{"taxonomy":"category","embeddable":true,"href":"https:\/\/www.estrategiaconcursos.com.br\/blog\/wp-json\/wp\/v2\/categories?post=944686"},{"taxonomy":"post_tag","embeddable":true,"href":"https:\/\/www.estrategiaconcursos.com.br\/blog\/wp-json\/wp\/v2\/tags?post=944686"},{"taxonomy":"tax_estado","embeddable":true,"href":"https:\/\/www.estrategiaconcursos.com.br\/blog\/wp-json\/wp\/v2\/tax_estado?post=944686"}],"curies":[{"name":"wp","href":"https:\/\/api.w.org\/{rel}","templated":true}]}}