{"id":944644,"date":"2022-01-11T16:48:04","date_gmt":"2022-01-11T19:48:04","guid":{"rendered":"https:\/\/www.estrategiaconcursos.com.br\/blog\/?p=944644"},"modified":"2022-07-21T17:01:20","modified_gmt":"2022-07-21T20:01:20","slug":"concurso-tj-ce-ultimo-edital","status":"publish","type":"post","link":"https:\/\/www.estrategiaconcursos.com.br\/blog\/concurso-tj-ce-ultimo-edital\/","title":{"rendered":"Concurso TJ CE: veja todos os detalhes do \u00faltimo edital"},"content":{"rendered":"\n<p>O edital do concurso para o<a href=\"https:\/\/www.estrategiaconcursos.com.br\/blog\/concurso-tj-ce\/\" target=\"_blank\" rel=\"noreferrer noopener\"> Tribunal de Justi\u00e7a do estado do Cear\u00e1<\/a> (<strong>concurso TJ CE<\/strong>) deve ser publicado ainda no primeiro semestre de 2022, conforme a estimativa repassada pela presid\u00eancia do \u00d3rg\u00e3o em dezembro de 2021.<\/p>\n\n\n\n<p>Ainda n\u00e3o defini\u00e7\u00e3o sobre a banca organizadora, bem como o n\u00famero exato de vagas do <strong>edital <\/strong>que tem os cargos de&nbsp;<strong>t\u00e9cnico<\/strong>,&nbsp;<strong>analista<\/strong>&nbsp;e&nbsp;<strong>oficial <\/strong>dentro das poss\u00edveis oportunidades. <\/p>\n\n\n\n<p>Em contato realizado nesta ter\u00e7a-feira (11\/1), a equipe de jornalismo do Estrat\u00e9gia foi informada de que &#8220;os estudos ainda est\u00e3o em andamento&#8221;.<\/p>\n\n\n\n<p>O \u00faltimo certame do TJ CE foi publicado em 2019, sob responsabilidade da empresa <strong>FGV<\/strong>, com a seguinte divis\u00e3o de vagas:<\/p>\n\n\n\n<ul class=\"wp-block-list\"><li><strong>T\u00e9cnico Judici\u00e1rio \u2013 \u00c1rea Judici\u00e1ria (n\u00edvel m\u00e9dio):&nbsp;<\/strong>7 vagas + 280 CR<\/li><li><strong>T\u00e9cnico Judici\u00e1rio \u2013 \u00c1rea Administrativa (n\u00edvel m\u00e9dio):<\/strong>&nbsp;1 vaga + 40 CR<\/li><\/ul>\n\n\n\n<p>Os aprovados nas vagas de n\u00edvel m\u00e9dio tiveram <strong>R$ 3.903,43<\/strong>&nbsp;de sal\u00e1rios iniciais + Gratifica\u00e7\u00e3o de Alcance de Metas (GAM) de R$1.174,02, que totalizavam&nbsp;<strong>R$ 5.077,45<\/strong>.<\/p>\n\n\n\n<p>Veja abaixo maiores detalhes do <strong>\u00faltimo edital de concurso para servidores do Tribunal de Justi\u00e7a do estado do Cear\u00e1.<\/strong><\/p>\n\n\n\n<div class=\"container\" id=\"boxes\">\n  <div class=\"row\">\n\n    <div class=\"col-sm\">\n      <div class=\"banner-tribunal\" id=\"box-assinatura\">\n        <h3 class=\"titulo-assinatura\">Curso TJ CE<\/h3>\n        <p class=\"subtitulo-assinatura\">Conhe\u00e7a os cursos<\/p>\n        <div class=\"box-botao\">\n          <a class=\"btn-assinatura\" target=\"_blank\" href=\"https:\/\/www.estrategiaconcursos.com.br\/cursosPorConcurso\/tj-ce-tribunal-de-justica-do-ceara-251\/\" role=\"button\" rel=\"noopener noreferrer\">Conhe\u00e7a mais<\/a>\n        <\/div>\n      <\/div>\n      <p class=\"texto-auxiliar\">Prepare-se com o melhor material e com quem mais aprova em Concursos P\u00fablicos em todo o pa\u00eds.<\/p>\n    <\/div>\n\n  <\/div>\n<\/div>\n\n\n\n<h2 class=\"wp-block-heading\" id=\"concurso-tj-ce-requisitos-do-ultimo-edital\">Concurso TJ CE: requisitos do \u00faltimo edital <\/h2>\n\n\n\n<p>Conforme o edital de 2019, para concorrer a uma das vagas os candidatos deveriam preencher os seguintes requisitos:<\/p>\n\n\n\n<ul class=\"wp-block-list\"><li>ter sido classificado no Concurso P\u00fablico na forma estabelecida no Edital, em seus anexos e em eventuais retifica\u00e7\u00f5es;<\/li><li>ter nacionalidade brasileira; e no caso de nacionalidade portuguesa, estar amparado pelo estatuto de igualdade entre brasileiros e portugueses, com reconhecimento do gozo dos direitos pol\u00edticos, nos termos do \u00a71\u00ba do art. 12 da Constitui\u00e7\u00e3o da Rep\u00fablica Federativa do Brasil e na forma do disposto no art. 13 do Decreto Federal<a href=\"http:\/\/www.planalto.gov.br\/ccivil_03\/decreto\/antigos\/d70436.htm\" target=\"_blank\" rel=\"noreferrer noopener\"> n\u00ba 70.436<\/a>, de 18 de abril de 1972;<\/li><li>ter idade m\u00ednima de 18 anos completos;&nbsp;<\/li><li>estar em gozo dos direitos pol\u00edticos e civis;<\/li><li>estar quite com as obriga\u00e7\u00f5es eleitorais e, se do sexo masculino, tamb\u00e9m com as militares;<\/li><li>cumprir os requisitos do cargo previstos no Anexo II deste Edital;<\/li><li>cumprir as determina\u00e7\u00f5es deste Edital.<\/li><\/ul>\n\n\n\n<h2 class=\"wp-block-heading\" id=\"h-provas-e-etapas-do-ultimo-edital\">Provas e etapas do \u00faltimo edital<\/h2>\n\n\n\n<p>O concurso TJ CE contou com duas etapas, sendo:<\/p>\n\n\n\n<ul class=\"wp-block-list\"><li><strong>Prova Objetiva<\/strong>: 70 quest\u00f5es de m\u00faltipla escolha<\/li><li><strong>Prova Discursiva<\/strong>: 1 reda\u00e7\u00e3o<\/li><\/ul>\n\n\n\n<p>A prova objetiva para o cargo de T\u00e9cnico Judici\u00e1rio da \u00e1rea Judici\u00e1ria foi composta por:<\/p>\n\n\n\n<ul class=\"wp-block-list\"><li><strong>CONHECIMENTOS B\u00c1SICOS:<\/strong><ul><li><em>L\u00edngua Portuguesa \u2013 22 quest\u00f5es<\/em><\/li><li><em>Organiza\u00e7\u00e3o Judici\u00e1ria e Direitos dos PcD \u2013 8 quest\u00f5es<\/em><\/li><\/ul><\/li><li><strong>CONHECIMENTOS ESPEC\u00cdFICOS:<\/strong><ul><li><em>No\u00e7\u00f5es de Direito Constitucional \u2013 10 quest\u00f5es<\/em><\/li><li><em>No\u00e7\u00f5es de Direito Administrativo \u2013 10 quest\u00f5es<\/em><\/li><li><em>No\u00e7\u00f5es de Direito Processual Civil \u2013 10 quest\u00f5es<\/em><\/li><li><em>No\u00e7\u00f5es de Direito Processual Penal \u2013 10 quest\u00f5es<\/em><\/li><\/ul><\/li><\/ul>\n\n\n\n<p>A composi\u00e7\u00e3o da prova objetiva para o cargo de T\u00e9cnico Judici\u00e1rio da \u00e1rea T\u00e9cnico-Administrativa, \u00e9 a seguinte:<\/p>\n\n\n\n<ul class=\"wp-block-list\"><li><strong>CONHECIMENTOS B\u00c1SICOS:<\/strong><ul><li><em>L\u00edngua Portuguesa \u2013 22 quest\u00f5es<\/em><\/li><li><em>Organiza\u00e7\u00e3o Judici\u00e1ria e Direitos dos PcD \u2013 8 quest\u00f5es<\/em><\/li><\/ul><\/li><li><strong>CONHECIMENTOS ESPEC\u00cdFICOS:<\/strong><ul><li><em>No\u00e7\u00f5es de Administra\u00e7\u00e3o P\u00fablica \u2013 10 quest\u00f5es<\/em><\/li><li><em>No\u00e7\u00f5es de Gest\u00e3o P\u00fablica \u2013 10 quest\u00f5es<\/em><\/li><li><em>No\u00e7\u00f5es de Direito Constitucional \u2013 10 quest\u00f5es<\/em><\/li><li><em>No\u00e7\u00f5es de Direito Administrativo \u2013 10 quest\u00f5es<\/em><\/li><\/ul><\/li><\/ul>\n\n\n\n<p>A prova discursiva, por sua vez, foi composta de uma reda\u00e7\u00e3o, no g\u00eanero dissertativo-argumentativo, com no m\u00ednimo 20 e no m\u00e1ximo 30 linhas.<\/p>\n\n\n\n\n\n<h2 class=\"wp-block-heading\" id=\"conteudo-programatico\">Conte\u00fado Program\u00e1tico do \u00faltimo edital TJ CE<\/h2>\n\n\n\n<h4 class=\"wp-block-heading\" id=\"tecnico-judiciario\">T\u00e9cnico Judici\u00e1rio \u2013 \u00c1rea Judici\u00e1ria<\/h4>\n\n\n\n<h4 class=\"wp-block-heading\" id=\"conhecimentos-basicos\">CONHECIMENTOS B\u00c1SICOS:<\/h4>\n\n\n\n<ul class=\"wp-block-list\"><li><strong>L\u00cdNGUA PORTUGUESA<\/strong>: Elementos de constru\u00e7\u00e3o do texto e seu sentido. Sem\u00e2ntica. Morfologia. Sintaxe. Ortografia. Acentua\u00e7\u00e3o gr\u00e1fica. Emprego do sinal indicativo de crase. Pontua\u00e7\u00e3o. Reescrita de frases.&nbsp;<\/li><li><strong>ORGANIZA\u00c7\u00c3O JUDICI\u00c1RIA DO ESTADO DO CEAR\u00c1:&nbsp;<\/strong>Lei n. 16.397, de 14.11.17, e altera\u00e7\u00f5es.&nbsp;<\/li><li><strong>DIREITOS DAS PESSOAS COM DEFICI\u00caNCIA:&nbsp;<\/strong>Lei n. 13.146\/2015. Resolu\u00e7\u00e3o CNJ n. 230, de 22 de junho de 2016.&nbsp;<\/li><\/ul>\n\n\n\n<h4 class=\"wp-block-heading\" id=\"conhecimentos-especificos\">CONHECIMENTOS ESPEC\u00cdFICOS:&nbsp;<\/h4>\n\n\n\n<ul class=\"wp-block-list\"><li><strong>NO\u00c7\u00d5ES DE DIREITO CONSTITUCIONAL<\/strong>: Constitui\u00e7\u00e3o. Direitos e garantias fundamentais. Organiza\u00e7\u00e3o do Estado. Administra\u00e7\u00e3o p\u00fablica. Poder Legislativo. Poder Executivo. Poder Judici\u00e1rio. Fun\u00e7\u00f5es essenciais \u00e0 justi\u00e7a<\/li><li><strong>NO\u00c7\u00d5ES DE DIREITO ADMINISTRATIVO<\/strong>: No\u00e7\u00f5es de organiza\u00e7\u00e3o administrativa. Ato administrativo. Agentes p\u00fablicos. Poderes administrativos. Licita\u00e7\u00e3o. Contratos administrativos. Controle da Administra\u00e7\u00e3o P\u00fablica. Responsabilidade civil do Estado. Regime jur\u00eddico-administrativo. Processo administrativo. Servi\u00e7os P\u00fablicos. Improbidade Administrativa \u2013 Lei no 8.429\/92<\/li><li><strong>NO\u00c7\u00d5ES DE DIREITO PROCESSUAL CIVIL<\/strong>: Lei no 13.105. Jurisdi\u00e7\u00e3o. Sucess\u00e3o das partes e dos procuradores. A\u00e7\u00e3o. Conceito e natureza. Condi\u00e7\u00f5es para o exerc\u00edcio da a\u00e7\u00e3o. Elementos da a\u00e7\u00e3o. Cumula\u00e7\u00e3o da a\u00e7\u00e3o. Processo. Do Minist\u00e9rio P\u00fablico. Da Advocacia P\u00fablica. Da Defensoria P\u00fablica. Atos processuais. Atos processuais eletr\u00f4nicos. Modalidades de interven\u00e7\u00e3o de terceiros. Procedimento comum. Peti\u00e7\u00e3o inicial. Da improced\u00eancia liminar do pedido. Audi\u00eancia de concilia\u00e7\u00e3o ou de media\u00e7\u00e3o. Resposta do r\u00e9u. Contesta\u00e7\u00e3o e reconven\u00e7\u00e3o. Revelia. Provid\u00eancias preliminares e do saneamento. Julgamento conforme o estado do processo. Da audi\u00eancia de Instru\u00e7\u00e3o e Julgamento. Provas, disposi\u00e7\u00f5es gerais. \u00d4nus da prova. Senten\u00e7a. Elementos, conte\u00fado e efeitos. V\u00edcios das senten\u00e7as. Coisa julgada. Limites subjetivos e objetivos. Execu\u00e7\u00e3o. Compet\u00eancia. Responsabilidade patrimonial. T\u00edtulo executivo. Cumprimento de senten\u00e7a para pagamento de quantia. Execu\u00e7\u00e3o por quantia certa contra devedor solvente. Cumprimento provis\u00f3rio e definitivo da senten\u00e7a. Defesa do executado no cumprimento de senten\u00e7a e na execu\u00e7\u00e3o de t\u00edtulo extrajudicial.&nbsp;<\/li><li><strong>NO\u00c7\u00d5ES DE DIREITO PROCESSUAL PENAL<\/strong>: Aplica\u00e7\u00e3o da lei processual no tempo, no espa\u00e7o e em rela\u00e7\u00e3o \u00e0s pessoas. Inqu\u00e9rito policial. A\u00e7\u00e3o penal. Pris\u00e3o e liberdade provis\u00f3ria. Processo e julgamento dos crimes de responsabilidade dos funcion\u00e1rios p\u00fablicos. O habeas corpus e seu processo. Disposi\u00e7\u00f5es constitucionais aplic\u00e1veis ao direito processual penal.&nbsp;<\/li><\/ul>\n\n\n\n<h4 class=\"wp-block-heading\" id=\"tecnico-administrativo\">T\u00e9cnico Judici\u00e1rio \u2013 \u00c1rea T\u00e9cnico-Administrativa<\/h4>\n\n\n\n<h4 class=\"wp-block-heading\" id=\"concurso-tj-ce-conhecimentos-basicos\">Concurso TJ CE \u2013 CONHECIMENTOS B\u00c1SICOS<\/h4>\n\n\n\n<ul class=\"wp-block-list\"><li><strong>L\u00cdNGUA PORTUGUESA<\/strong>: Elementos de constru\u00e7\u00e3o do texto e seu sentido. Sem\u00e2ntica. Morfologia. Sintaxe. Ortografia. Acentua\u00e7\u00e3o gr\u00e1fica. Emprego do sinal indicativo de crase. Pontua\u00e7\u00e3o. Reescrita de frases.&nbsp;<\/li><li><strong>ORGANIZA\u00c7\u00c3O JUDICI\u00c1RIA DO ESTADO DO CEAR\u00c1:&nbsp;<\/strong>Lei n. 16.397, de 14.11.17, e altera\u00e7\u00f5es.&nbsp;<\/li><li><strong>DIREITOS DAS PESSOAS COM DEFICI\u00caNCIA:&nbsp;<\/strong>Lei n. 13.146\/2015. Resolu\u00e7\u00e3o CNJ n. 230, de 22 de junho de 2016.&nbsp;<\/li><\/ul>\n\n\n\n<h4 class=\"wp-block-heading\" id=\"concurso-tj-ce-conhecimentos-especificos\">Concurso TJ CE \u2013&nbsp;<strong>CONHECIMENTOS ESPEC\u00cdFICOS&nbsp;<\/strong><\/h4>\n\n\n\n<ul class=\"wp-block-list\"><li><strong>NO\u00c7\u00d5ES DE ADMINISTRA\u00c7\u00c3O P\u00daBLICA<\/strong>: Caracter\u00edsticas b\u00e1sicas das organiza\u00e7\u00f5es formais modernas. Processo organizacional. Organiza\u00e7\u00e3o administrativa. Gest\u00e3o de processos. Gest\u00e3o de contratos. Planejamento estrat\u00e9gico<\/li><li><strong>NO\u00c7\u00d5ES DE GEST\u00c3O P\u00daBLICA<\/strong>: Modelos de gest\u00e3o p\u00fablica. Conceitos de efic\u00e1cia e efetividade aplicados \u00e0 Administra\u00e7\u00e3o P\u00fablica. Or\u00e7amento p\u00fablico. Gest\u00e3o de suprimentos e log\u00edstica na Administra\u00e7\u00e3o P\u00fablica. No\u00e7\u00f5es de licita\u00e7\u00e3o p\u00fablica<\/li><li><strong>NO\u00c7\u00d5ES DE DIREITO CONSTITUCIONAL:&nbsp;<\/strong>Constitui\u00e7\u00e3o. Direitos e garantias fundamentais. Organiza\u00e7\u00e3o do Estado. Administra\u00e7\u00e3o p\u00fablica. Poder Legislativo. Poder Executivo. Poder Judici\u00e1rio. Fun\u00e7\u00f5es essenciais \u00e0 justi\u00e7a<\/li><li><strong>NO\u00c7\u00d5ES DE DIREITO ADMINISTRATIVO<\/strong>: No\u00e7\u00f5es de organiza\u00e7\u00e3o administrativa. Ato administrativo. Agentes p\u00fablicos. Poderes administrativos. Licita\u00e7\u00e3o. Contratos administrativos. Controle da Administra\u00e7\u00e3o P\u00fablica. Responsabilidade civil do Estado. Regime jur\u00eddico-administrativo. Processo administrativo (Lei no 9.784\/99). Servi\u00e7os P\u00fablicos. Improbidade Administrativa \u2013 Lei no 8.429\/92 \u2013 Lei de Improbidade Administrativa<\/li><\/ul>\n\n\n\n<p class=\"has-text-align-center has-white-color has-text-color has-background has-medium-font-size\" style=\"background-color:#b6ebdf\"><a href=\"https:\/\/www.estrategiaconcursos.com.br\/blog\/concurso-tj-ce\/\" target=\"_blank\" rel=\"noreferrer noopener\"><strong>Concurso TJ CE<\/strong><\/a><\/p>\n\n\n\n<div class=\"container\" id=\"boxes\">\n  <div class=\"row\">\n\n    <div class=\"col-sm\">\n      <div class=\"banner-tribunal\" id=\"box-assinatura\">\n        <h3 class=\"titulo-assinatura\">Curso TJ CE<\/h3>\n        <p class=\"subtitulo-assinatura\">Conhe\u00e7a os cursos<\/p>\n        <div class=\"box-botao\">\n          <a class=\"btn-assinatura\" target=\"_blank\" href=\"https:\/\/www.estrategiaconcursos.com.br\/cursosPorConcurso\/tj-ce-tribunal-de-justica-do-ceara-251\/\" role=\"button\" rel=\"noopener noreferrer\">Conhe\u00e7a mais<\/a>\n        <\/div>\n      <\/div>\n      <p class=\"texto-auxiliar\">Prepare-se com o melhor material e com quem mais aprova em Concursos P\u00fablicos em todo o pa\u00eds.<\/p>\n    <\/div>\n\n  <\/div>\n<\/div>\n\n\n\n<div class=\"container\" id=\"boxes\">\n  <div class=\"row\">\n\n    <div class=\"col-sm\">\n      <div class=\"estrategia\" id=\"box-assinatura\">\n        <h3 class=\"titulo-assinatura\">Assinatura Concursos<\/h3>\n        <p class=\"subtitulo-assinatura\">Assinatura de 1 ano ou 2 anos<\/p>\n        <div class=\"box-botao\">\n          <a class=\"btn-assinatura\" target=\"_blank\" href=\"https:\/\/www.estrategiaconcursos.com.br\/assinaturas\/\" role=\"button\" rel=\"noopener noreferrer\">ASSINE AGORA<\/a>\n        <\/div>\n      <\/div>\n     \n    <\/div><\/div><\/div>\n","protected":false},"excerpt":{"rendered":"<p>O edital do concurso para o Tribunal de Justi\u00e7a do estado do Cear\u00e1 (concurso TJ CE) deve ser publicado ainda no primeiro semestre de 2022, conforme a estimativa repassada pela presid\u00eancia do \u00d3rg\u00e3o em dezembro de 2021. Ainda n\u00e3o defini\u00e7\u00e3o sobre a banca organizadora, bem como o n\u00famero exato de vagas do edital que tem [&hellip;]<\/p>\n","protected":false},"author":2319,"featured_media":163375,"comment_status":"open","ping_status":"closed","sticky":false,"template":"","format":"standard","meta":{"post_tipo":"news_page","footnotes":""},"categories":[1984],"tags":[1374,220297,220300,220299,220298,701,2830],"tax_estado":[219969],"class_list":["post-944644","post","type-post","status-publish","format-standard","has-post-thumbnail","hentry","category-tribunais","tag-analista-judiciario","tag-concurso-tj-ce","tag-concurso-tj-ce-2022","tag-concurso-tribunal","tag-edital-tj-ce","tag-tecnico-judiciario","tag-tj-ce","tax_estado-ce"],"acf":[],"yoast_head":"<!-- This site is optimized with the Yoast SEO Premium plugin v27.2 (Yoast SEO v27.2) - https:\/\/yoast.com\/product\/yoast-seo-premium-wordpress\/ -->\n<title>Concurso TJ CE: veja todos os detalhes do \u00faltimo edital<\/title>\n<meta name=\"description\" content=\"O edital do concurso para o Tribunal de Justi\u00e7a do Cear\u00e1 (concurso TJ CE) deve ser publicado em 2022. Veja como foi o \u00faltimo certame.\" \/>\n<meta name=\"robots\" content=\"index, follow, max-snippet:-1, max-image-preview:large, max-video-preview:-1\" \/>\n<link rel=\"canonical\" href=\"https:\/\/www.estrategiaconcursos.com.br\/blog\/concurso-tj-ce-ultimo-edital\/\" \/>\n<meta property=\"og:locale\" content=\"pt_BR\" \/>\n<meta property=\"og:type\" content=\"article\" \/>\n<meta property=\"og:title\" content=\"Concurso TJ CE: veja todos os detalhes do \u00faltimo edital\" \/>\n<meta property=\"og:description\" content=\"O edital do concurso para o Tribunal de Justi\u00e7a do Cear\u00e1 (concurso TJ CE) deve ser publicado em 2022. Veja como foi o \u00faltimo certame.\" \/>\n<meta property=\"og:url\" content=\"https:\/\/www.estrategiaconcursos.com.br\/blog\/concurso-tj-ce-ultimo-edital\/\" \/>\n<meta property=\"og:site_name\" content=\"Estrat\u00e9gia Concursos\" \/>\n<meta property=\"article:published_time\" content=\"2022-01-11T19:48:04+00:00\" \/>\n<meta property=\"article:modified_time\" content=\"2022-07-21T20:01:20+00:00\" \/>\n<meta property=\"og:image\" content=\"https:\/\/dhg1h5j42swfq.cloudfront.net\/2019\/01\/31143620\/tjce.jpg\" \/>\n\t<meta property=\"og:image:width\" content=\"3216\" \/>\n\t<meta property=\"og:image:height\" content=\"2136\" \/>\n\t<meta property=\"og:image:type\" content=\"image\/jpeg\" \/>\n<meta name=\"author\" content=\"Let\u00edcia Teixeira\" \/>\n<meta name=\"twitter:card\" content=\"summary_large_image\" \/>\n<meta name=\"twitter:creator\" content=\"@EstratConcursos\" \/>\n<meta name=\"twitter:site\" content=\"@EstratConcursos\" \/>\n<meta name=\"twitter:label1\" content=\"Escrito por\" \/>\n\t<meta name=\"twitter:data1\" content=\"Let\u00edcia Teixeira\" \/>\n\t<meta name=\"twitter:label2\" content=\"Est. tempo de leitura\" \/>\n\t<meta name=\"twitter:data2\" content=\"7 minutos\" \/>\n<script type=\"application\/ld+json\" class=\"yoast-schema-graph\">{\"@context\":\"https:\/\/schema.org\",\"@graph\":[{\"@type\":\"NewsArticle\",\"@id\":\"https:\/\/www.estrategiaconcursos.com.br\/blog\/concurso-tj-ce-ultimo-edital\/#article\",\"isPartOf\":{\"@id\":\"https:\/\/www.estrategiaconcursos.com.br\/blog\/concurso-tj-ce-ultimo-edital\/\"},\"author\":{\"name\":\"Let\u00edcia Teixeira\",\"@id\":\"https:\/\/www.estrategiaconcursos.com.br\/blog\/#\/schema\/person\/9b94727dcf4410f4a7931c83966c843b\"},\"headline\":\"Concurso TJ CE: veja todos os detalhes do \u00faltimo edital\",\"datePublished\":\"2022-01-11T19:48:04+00:00\",\"dateModified\":\"2022-07-21T20:01:20+00:00\",\"mainEntityOfPage\":{\"@id\":\"https:\/\/www.estrategiaconcursos.com.br\/blog\/concurso-tj-ce-ultimo-edital\/\"},\"wordCount\":1291,\"commentCount\":0,\"publisher\":{\"@id\":\"https:\/\/www.estrategiaconcursos.com.br\/blog\/#organization\"},\"image\":{\"@id\":\"https:\/\/www.estrategiaconcursos.com.br\/blog\/concurso-tj-ce-ultimo-edital\/#primaryimage\"},\"thumbnailUrl\":\"https:\/\/dhg1h5j42swfq.cloudfront.net\/2019\/01\/31143620\/tjce.jpg\",\"keywords\":[\"Analista Judici\u00e1rio\",\"concurso TJ CE\",\"concurso TJ CE 2022\",\"concurso Tribunal\",\"edital TJ CE\",\"T\u00e9cnico Judici\u00e1rio\",\"TJ CE\"],\"articleSection\":[\"Tribunais\"],\"inLanguage\":\"pt-BR\",\"potentialAction\":[{\"@type\":\"CommentAction\",\"name\":\"Comment\",\"target\":[\"https:\/\/www.estrategiaconcursos.com.br\/blog\/concurso-tj-ce-ultimo-edital\/#respond\"]}],\"copyrightYear\":\"2022\",\"copyrightHolder\":{\"@id\":\"https:\/\/www.estrategiaconcursos.com.br\/blog\/#organization\"}},{\"@type\":\"WebPage\",\"@id\":\"https:\/\/www.estrategiaconcursos.com.br\/blog\/concurso-tj-ce-ultimo-edital\/\",\"url\":\"https:\/\/www.estrategiaconcursos.com.br\/blog\/concurso-tj-ce-ultimo-edital\/\",\"name\":\"Concurso TJ CE: veja todos os detalhes do \u00faltimo edital\",\"isPartOf\":{\"@id\":\"https:\/\/www.estrategiaconcursos.com.br\/blog\/#website\"},\"primaryImageOfPage\":{\"@id\":\"https:\/\/www.estrategiaconcursos.com.br\/blog\/concurso-tj-ce-ultimo-edital\/#primaryimage\"},\"image\":{\"@id\":\"https:\/\/www.estrategiaconcursos.com.br\/blog\/concurso-tj-ce-ultimo-edital\/#primaryimage\"},\"thumbnailUrl\":\"https:\/\/dhg1h5j42swfq.cloudfront.net\/2019\/01\/31143620\/tjce.jpg\",\"datePublished\":\"2022-01-11T19:48:04+00:00\",\"dateModified\":\"2022-07-21T20:01:20+00:00\",\"description\":\"O edital do concurso para o Tribunal de Justi\u00e7a do Cear\u00e1 (concurso TJ CE) deve ser publicado em 2022. Veja como foi o \u00faltimo certame.\",\"breadcrumb\":{\"@id\":\"https:\/\/www.estrategiaconcursos.com.br\/blog\/concurso-tj-ce-ultimo-edital\/#breadcrumb\"},\"inLanguage\":\"pt-BR\",\"potentialAction\":[{\"@type\":\"ReadAction\",\"target\":[\"https:\/\/www.estrategiaconcursos.com.br\/blog\/concurso-tj-ce-ultimo-edital\/\"]}]},{\"@type\":\"ImageObject\",\"inLanguage\":\"pt-BR\",\"@id\":\"https:\/\/www.estrategiaconcursos.com.br\/blog\/concurso-tj-ce-ultimo-edital\/#primaryimage\",\"url\":\"https:\/\/dhg1h5j42swfq.cloudfront.net\/2019\/01\/31143620\/tjce.jpg\",\"contentUrl\":\"https:\/\/dhg1h5j42swfq.cloudfront.net\/2019\/01\/31143620\/tjce.jpg\",\"width\":3216,\"height\":2136,\"caption\":\"TJCE sobre discurso direto e indireto\"},{\"@type\":\"BreadcrumbList\",\"@id\":\"https:\/\/www.estrategiaconcursos.com.br\/blog\/concurso-tj-ce-ultimo-edital\/#breadcrumb\",\"itemListElement\":[{\"@type\":\"ListItem\",\"position\":1,\"name\":\"In\u00edcio\",\"item\":\"https:\/\/www.estrategiaconcursos.com.br\/blog\/\"},{\"@type\":\"ListItem\",\"position\":2,\"name\":\"Concurso TJ CE: veja todos os detalhes do \u00faltimo edital\"}]},{\"@type\":\"WebSite\",\"@id\":\"https:\/\/www.estrategiaconcursos.com.br\/blog\/#website\",\"url\":\"https:\/\/www.estrategiaconcursos.com.br\/blog\/\",\"name\":\"Estrat\u00e9gia Concursos\",\"description\":\"O blog da Estrat\u00e9gia Concursos traz not\u00edcias sobre concursos e artigos de professores oferecendo cursos para concursos (pdf + videaulas) no site.\",\"publisher\":{\"@id\":\"https:\/\/www.estrategiaconcursos.com.br\/blog\/#organization\"},\"potentialAction\":[{\"@type\":\"SearchAction\",\"target\":{\"@type\":\"EntryPoint\",\"urlTemplate\":\"https:\/\/www.estrategiaconcursos.com.br\/blog\/?s={search_term_string}\"},\"query-input\":{\"@type\":\"PropertyValueSpecification\",\"valueRequired\":true,\"valueName\":\"search_term_string\"}}],\"inLanguage\":\"pt-BR\"},{\"@type\":\"Organization\",\"@id\":\"https:\/\/www.estrategiaconcursos.com.br\/blog\/#organization\",\"name\":\"Estrat\u00e9gia Concursos\",\"url\":\"https:\/\/www.estrategiaconcursos.com.br\/blog\/\",\"logo\":{\"@type\":\"ImageObject\",\"inLanguage\":\"pt-BR\",\"@id\":\"https:\/\/www.estrategiaconcursos.com.br\/blog\/#\/schema\/logo\/image\/\",\"url\":\"https:\/\/dhg1h5j42swfq.cloudfront.net\/2025\/06\/03203428\/logo_concursos-1.jpg\",\"contentUrl\":\"https:\/\/dhg1h5j42swfq.cloudfront.net\/2025\/06\/03203428\/logo_concursos-1.jpg\",\"width\":230,\"height\":60,\"caption\":\"Estrat\u00e9gia Concursos\"},\"image\":{\"@id\":\"https:\/\/www.estrategiaconcursos.com.br\/blog\/#\/schema\/logo\/image\/\"},\"sameAs\":[\"https:\/\/x.com\/EstratConcursos\"]},{\"@type\":\"Person\",\"@id\":\"https:\/\/www.estrategiaconcursos.com.br\/blog\/#\/schema\/person\/9b94727dcf4410f4a7931c83966c843b\",\"name\":\"Let\u00edcia Teixeira\",\"image\":{\"@type\":\"ImageObject\",\"inLanguage\":\"pt-BR\",\"@id\":\"https:\/\/secure.gravatar.com\/avatar\/fb589b06b881e20b676d08f9d03226d1e3291ba2f90e751ddc9ccb21abf0244d?s=96&d=mm&r=g\",\"url\":\"https:\/\/secure.gravatar.com\/avatar\/fb589b06b881e20b676d08f9d03226d1e3291ba2f90e751ddc9ccb21abf0244d?s=96&d=mm&r=g\",\"contentUrl\":\"https:\/\/secure.gravatar.com\/avatar\/fb589b06b881e20b676d08f9d03226d1e3291ba2f90e751ddc9ccb21abf0244d?s=96&d=mm&r=g\",\"caption\":\"Let\u00edcia Teixeira\"},\"description\":\"Jornalista com experi\u00eancia de mais de quatro anos no segmento de concursos p\u00fablicos. Especializada em Narrativa Transm\u00eddia e Storytelling pela Universidade Cat\u00f3lica de Bras\u00edlia, com atua\u00e7\u00e3o nas \u00e1reas de SEO, conte\u00fado, Webwriting e Copywriting.\",\"url\":\"https:\/\/www.estrategiaconcursos.com.br\/blog\/author\/leticia-teixeiraestrategia-com\/\"}]}<\/script>\n<!-- \/ Yoast SEO Premium plugin. -->","yoast_head_json":{"title":"Concurso TJ CE: veja todos os detalhes do \u00faltimo edital","description":"O edital do concurso para o Tribunal de Justi\u00e7a do Cear\u00e1 (concurso TJ CE) deve ser publicado em 2022. Veja como foi o \u00faltimo certame.","robots":{"index":"index","follow":"follow","max-snippet":"max-snippet:-1","max-image-preview":"max-image-preview:large","max-video-preview":"max-video-preview:-1"},"canonical":"https:\/\/www.estrategiaconcursos.com.br\/blog\/concurso-tj-ce-ultimo-edital\/","og_locale":"pt_BR","og_type":"article","og_title":"Concurso TJ CE: veja todos os detalhes do \u00faltimo edital","og_description":"O edital do concurso para o Tribunal de Justi\u00e7a do Cear\u00e1 (concurso TJ CE) deve ser publicado em 2022. Veja como foi o \u00faltimo certame.","og_url":"https:\/\/www.estrategiaconcursos.com.br\/blog\/concurso-tj-ce-ultimo-edital\/","og_site_name":"Estrat\u00e9gia Concursos","article_published_time":"2022-01-11T19:48:04+00:00","article_modified_time":"2022-07-21T20:01:20+00:00","og_image":[{"width":3216,"height":2136,"url":"https:\/\/dhg1h5j42swfq.cloudfront.net\/2019\/01\/31143620\/tjce.jpg","type":"image\/jpeg"}],"author":"Let\u00edcia Teixeira","twitter_card":"summary_large_image","twitter_creator":"@EstratConcursos","twitter_site":"@EstratConcursos","twitter_misc":{"Escrito por":"Let\u00edcia Teixeira","Est. tempo de leitura":"7 minutos"},"schema":{"@context":"https:\/\/schema.org","@graph":[{"@type":"NewsArticle","@id":"https:\/\/www.estrategiaconcursos.com.br\/blog\/concurso-tj-ce-ultimo-edital\/#article","isPartOf":{"@id":"https:\/\/www.estrategiaconcursos.com.br\/blog\/concurso-tj-ce-ultimo-edital\/"},"author":{"name":"Let\u00edcia Teixeira","@id":"https:\/\/www.estrategiaconcursos.com.br\/blog\/#\/schema\/person\/9b94727dcf4410f4a7931c83966c843b"},"headline":"Concurso TJ CE: veja todos os detalhes do \u00faltimo edital","datePublished":"2022-01-11T19:48:04+00:00","dateModified":"2022-07-21T20:01:20+00:00","mainEntityOfPage":{"@id":"https:\/\/www.estrategiaconcursos.com.br\/blog\/concurso-tj-ce-ultimo-edital\/"},"wordCount":1291,"commentCount":0,"publisher":{"@id":"https:\/\/www.estrategiaconcursos.com.br\/blog\/#organization"},"image":{"@id":"https:\/\/www.estrategiaconcursos.com.br\/blog\/concurso-tj-ce-ultimo-edital\/#primaryimage"},"thumbnailUrl":"https:\/\/dhg1h5j42swfq.cloudfront.net\/2019\/01\/31143620\/tjce.jpg","keywords":["Analista Judici\u00e1rio","concurso TJ CE","concurso TJ CE 2022","concurso Tribunal","edital TJ CE","T\u00e9cnico Judici\u00e1rio","TJ CE"],"articleSection":["Tribunais"],"inLanguage":"pt-BR","potentialAction":[{"@type":"CommentAction","name":"Comment","target":["https:\/\/www.estrategiaconcursos.com.br\/blog\/concurso-tj-ce-ultimo-edital\/#respond"]}],"copyrightYear":"2022","copyrightHolder":{"@id":"https:\/\/www.estrategiaconcursos.com.br\/blog\/#organization"}},{"@type":"WebPage","@id":"https:\/\/www.estrategiaconcursos.com.br\/blog\/concurso-tj-ce-ultimo-edital\/","url":"https:\/\/www.estrategiaconcursos.com.br\/blog\/concurso-tj-ce-ultimo-edital\/","name":"Concurso TJ CE: veja todos os detalhes do \u00faltimo edital","isPartOf":{"@id":"https:\/\/www.estrategiaconcursos.com.br\/blog\/#website"},"primaryImageOfPage":{"@id":"https:\/\/www.estrategiaconcursos.com.br\/blog\/concurso-tj-ce-ultimo-edital\/#primaryimage"},"image":{"@id":"https:\/\/www.estrategiaconcursos.com.br\/blog\/concurso-tj-ce-ultimo-edital\/#primaryimage"},"thumbnailUrl":"https:\/\/dhg1h5j42swfq.cloudfront.net\/2019\/01\/31143620\/tjce.jpg","datePublished":"2022-01-11T19:48:04+00:00","dateModified":"2022-07-21T20:01:20+00:00","description":"O edital do concurso para o Tribunal de Justi\u00e7a do Cear\u00e1 (concurso TJ CE) deve ser publicado em 2022. Veja como foi o \u00faltimo certame.","breadcrumb":{"@id":"https:\/\/www.estrategiaconcursos.com.br\/blog\/concurso-tj-ce-ultimo-edital\/#breadcrumb"},"inLanguage":"pt-BR","potentialAction":[{"@type":"ReadAction","target":["https:\/\/www.estrategiaconcursos.com.br\/blog\/concurso-tj-ce-ultimo-edital\/"]}]},{"@type":"ImageObject","inLanguage":"pt-BR","@id":"https:\/\/www.estrategiaconcursos.com.br\/blog\/concurso-tj-ce-ultimo-edital\/#primaryimage","url":"https:\/\/dhg1h5j42swfq.cloudfront.net\/2019\/01\/31143620\/tjce.jpg","contentUrl":"https:\/\/dhg1h5j42swfq.cloudfront.net\/2019\/01\/31143620\/tjce.jpg","width":3216,"height":2136,"caption":"TJCE sobre discurso direto e indireto"},{"@type":"BreadcrumbList","@id":"https:\/\/www.estrategiaconcursos.com.br\/blog\/concurso-tj-ce-ultimo-edital\/#breadcrumb","itemListElement":[{"@type":"ListItem","position":1,"name":"In\u00edcio","item":"https:\/\/www.estrategiaconcursos.com.br\/blog\/"},{"@type":"ListItem","position":2,"name":"Concurso TJ CE: veja todos os detalhes do \u00faltimo edital"}]},{"@type":"WebSite","@id":"https:\/\/www.estrategiaconcursos.com.br\/blog\/#website","url":"https:\/\/www.estrategiaconcursos.com.br\/blog\/","name":"Estrat\u00e9gia Concursos","description":"O blog da Estrat\u00e9gia Concursos traz not\u00edcias sobre concursos e artigos de professores oferecendo cursos para concursos (pdf + videaulas) no site.","publisher":{"@id":"https:\/\/www.estrategiaconcursos.com.br\/blog\/#organization"},"potentialAction":[{"@type":"SearchAction","target":{"@type":"EntryPoint","urlTemplate":"https:\/\/www.estrategiaconcursos.com.br\/blog\/?s={search_term_string}"},"query-input":{"@type":"PropertyValueSpecification","valueRequired":true,"valueName":"search_term_string"}}],"inLanguage":"pt-BR"},{"@type":"Organization","@id":"https:\/\/www.estrategiaconcursos.com.br\/blog\/#organization","name":"Estrat\u00e9gia Concursos","url":"https:\/\/www.estrategiaconcursos.com.br\/blog\/","logo":{"@type":"ImageObject","inLanguage":"pt-BR","@id":"https:\/\/www.estrategiaconcursos.com.br\/blog\/#\/schema\/logo\/image\/","url":"https:\/\/dhg1h5j42swfq.cloudfront.net\/2025\/06\/03203428\/logo_concursos-1.jpg","contentUrl":"https:\/\/dhg1h5j42swfq.cloudfront.net\/2025\/06\/03203428\/logo_concursos-1.jpg","width":230,"height":60,"caption":"Estrat\u00e9gia Concursos"},"image":{"@id":"https:\/\/www.estrategiaconcursos.com.br\/blog\/#\/schema\/logo\/image\/"},"sameAs":["https:\/\/x.com\/EstratConcursos"]},{"@type":"Person","@id":"https:\/\/www.estrategiaconcursos.com.br\/blog\/#\/schema\/person\/9b94727dcf4410f4a7931c83966c843b","name":"Let\u00edcia Teixeira","image":{"@type":"ImageObject","inLanguage":"pt-BR","@id":"https:\/\/secure.gravatar.com\/avatar\/fb589b06b881e20b676d08f9d03226d1e3291ba2f90e751ddc9ccb21abf0244d?s=96&d=mm&r=g","url":"https:\/\/secure.gravatar.com\/avatar\/fb589b06b881e20b676d08f9d03226d1e3291ba2f90e751ddc9ccb21abf0244d?s=96&d=mm&r=g","contentUrl":"https:\/\/secure.gravatar.com\/avatar\/fb589b06b881e20b676d08f9d03226d1e3291ba2f90e751ddc9ccb21abf0244d?s=96&d=mm&r=g","caption":"Let\u00edcia Teixeira"},"description":"Jornalista com experi\u00eancia de mais de quatro anos no segmento de concursos p\u00fablicos. Especializada em Narrativa Transm\u00eddia e Storytelling pela Universidade Cat\u00f3lica de Bras\u00edlia, com atua\u00e7\u00e3o nas \u00e1reas de SEO, conte\u00fado, Webwriting e Copywriting.","url":"https:\/\/www.estrategiaconcursos.com.br\/blog\/author\/leticia-teixeiraestrategia-com\/"}]}},"_links":{"self":[{"href":"https:\/\/www.estrategiaconcursos.com.br\/blog\/wp-json\/wp\/v2\/posts\/944644","targetHints":{"allow":["GET"]}}],"collection":[{"href":"https:\/\/www.estrategiaconcursos.com.br\/blog\/wp-json\/wp\/v2\/posts"}],"about":[{"href":"https:\/\/www.estrategiaconcursos.com.br\/blog\/wp-json\/wp\/v2\/types\/post"}],"author":[{"embeddable":true,"href":"https:\/\/www.estrategiaconcursos.com.br\/blog\/wp-json\/wp\/v2\/users\/2319"}],"replies":[{"embeddable":true,"href":"https:\/\/www.estrategiaconcursos.com.br\/blog\/wp-json\/wp\/v2\/comments?post=944644"}],"version-history":[{"count":7,"href":"https:\/\/www.estrategiaconcursos.com.br\/blog\/wp-json\/wp\/v2\/posts\/944644\/revisions"}],"predecessor-version":[{"id":1064894,"href":"https:\/\/www.estrategiaconcursos.com.br\/blog\/wp-json\/wp\/v2\/posts\/944644\/revisions\/1064894"}],"wp:featuredmedia":[{"embeddable":true,"href":"https:\/\/www.estrategiaconcursos.com.br\/blog\/wp-json\/wp\/v2\/media\/163375"}],"wp:attachment":[{"href":"https:\/\/www.estrategiaconcursos.com.br\/blog\/wp-json\/wp\/v2\/media?parent=944644"}],"wp:term":[{"taxonomy":"category","embeddable":true,"href":"https:\/\/www.estrategiaconcursos.com.br\/blog\/wp-json\/wp\/v2\/categories?post=944644"},{"taxonomy":"post_tag","embeddable":true,"href":"https:\/\/www.estrategiaconcursos.com.br\/blog\/wp-json\/wp\/v2\/tags?post=944644"},{"taxonomy":"tax_estado","embeddable":true,"href":"https:\/\/www.estrategiaconcursos.com.br\/blog\/wp-json\/wp\/v2\/tax_estado?post=944644"}],"curies":[{"name":"wp","href":"https:\/\/api.w.org\/{rel}","templated":true}]}}