{"id":944622,"date":"2026-04-28T08:00:00","date_gmt":"2026-04-28T11:00:00","guid":{"rendered":"https:\/\/www.estrategiaconcursos.com.br\/blog\/?p=944622"},"modified":"2026-04-28T17:36:09","modified_gmt":"2026-04-28T20:36:09","slug":"concursos-abertos","status":"publish","type":"post","link":"https:\/\/www.estrategiaconcursos.com.br\/blog\/concursos-abertos\/","title":{"rendered":"Concursos Abertos: milhares de vagas e inicial at\u00e9 R$ 32 mil"},"content":{"rendered":"\n<p style=\"font-size:clamp(15.197px, 0.95rem + ((1vw - 3.2px) * 0.765), 23px);\"><strong><em>Concursos Abertos: do edital ao sucesso! Resumos das principais informa\u00e7\u00f5es para voc\u00ea encontrar a t\u00e3o sonhada vaga<\/em><\/strong><em><strong>!<\/strong><\/em><\/p>\n\n\n\n<p>Quer saber quais <strong>concursos abertos<\/strong> est\u00e3o esperando por voc\u00ea nos pr\u00f3ximos meses? Ent\u00e3o veja agora mesmo as diversas oportunidades que separamos neste artigo para ajudar na sua escolha.<\/p>\n\n\n\n<p>Os concursos est\u00e3o separados por \u00e1reas, sendo que cada item traz um resumo das principais informa\u00e7\u00f5es do edital. Assim, voc\u00ea conseguir\u00e1 escolher com mais facilidade o concurso que lhe interessa!<\/p>\n\n\n\n<p>Aqui, voc\u00ea confere e decide em qual \u00f3rg\u00e3o investir\u00e1 seu futuro. Tamb\u00e9m ter\u00e1 a oportunidade de <a href=\"https:\/\/www.estrategiaconcursos.com.br\/cursos\/concurso\/\" target=\"_blank\" rel=\"noreferrer noopener\">conhecer nossos cursos<\/a> focados na carreira que deseja seguir.<\/p>\n\n\n\n<h2 class=\"wp-block-heading has-text-align-center has-luminous-vivid-amber-background-color has-background has-medium-font-size\" id=\"o-artigo-dos-concursos-abertos-e-atualizado-diariamente-e-sera-o-seu-guia-para-acompanhar-todas-as-informacoes-sobre-novos-concursos\"><em>O artigo dos Concursos Abertos \u00e9 atualizado diariamente e ser\u00e1 o seu guia para acompanhar todas as informa\u00e7\u00f5es sobre novos concursos! <\/em><\/h2>\n\n\n\n<p>Para isso, leia a seguir a lista com os detalhes dos concursos abertos:<\/p>\n\n\n\n<ul id=\"indice\" class=\"wp-block-list\">\n<li><a href=\"#concursos-policiais\">\u00c1rea Policial<\/a><\/li>\n\n\n\n<li><a href=\"#controle\">Controle e Gest\u00e3o<\/a><\/li>\n\n\n\n<li><a href=\"#concursos-fiscais\">\u00c1rea Fiscal<\/a><\/li>\n\n\n\n<li><a href=\"#bancarios\">Banc\u00e1rios e Financeiros<\/a><\/li>\n\n\n\n<li><a href=\"#concursos-legislativo\">\u00c1rea Legislativa<\/a><\/li>\n\n\n\n<li><a href=\"#concursos-conselhos\">Conselhos profissionais<\/a><\/li>\n\n\n\n<li><a href=\"#tribunais\">Tribunais, Defensorias, Procuradorias e Minist\u00e9rio P\u00fablico<\/a><\/li>\n\n\n\n<li><a href=\"#saude\">Sa\u00fade<\/a><\/li>\n\n\n\n<li><a href=\"#militares\">Militares<\/a><\/li>\n\n\n\n<li><a href=\"#outros-concursos\">Outros concursos<\/a><\/li>\n\n\n\n<li><a href=\"#curso-concurso\">Cursos para concurso e Assinatura<\/a><\/li>\n<\/ul>\n\n\n\n<p><strong><em>Veja tamb\u00e9m:<\/em><\/strong><\/p>\n\n\n\n<ul class=\"wp-block-list\">\n<li><strong><em><a href=\"https:\/\/cj.estrategia.com\/portal\/concursos-abertos-carreiras-juridicas\/\" target=\"_blank\" rel=\"noreferrer noopener\">Concursos Abertos Carreiras Jur\u00eddicas<\/a> [ECJ]<\/em><\/strong><\/li>\n\n\n\n<li><strong><em><a href=\"https:\/\/www.estrategiaconcursos.com.br\/blog\/concursos-abertos-prefeituras\/\" target=\"_blank\" rel=\"noreferrer noopener\">Concursos Abertos Prefeituras<\/a><\/em><\/strong><\/li>\n\n\n\n<li><a data-type=\"link\" data-id=\"https:\/\/www.estrategiaconcursos.com.br\/blog\/concursos-educacao\/\" href=\"https:\/\/www.estrategiaconcursos.com.br\/blog\/concursos-educacao\/\" target=\"_blank\" rel=\"noreferrer noopener\"><strong><em>Concursos Abertos Educa\u00e7\u00e3o<\/em><\/strong><\/a><\/li>\n<\/ul>\n\n\n\n<div class=\"container\" id=\"boxes\">\n  <div class=\"row\">\n\n    <div class=\"col-sm\">\n      <div class=\"banner-estrat-corj\" id=\"box-assinatura\">\n        <h2 class=\"titulo-assinatura\" style=\"text-align: left;\">Cursos para Concursos Abertos<\/h2>\n        <p class=\"subtitulo-assinatura\" style=\"text-align: left;\">Explore os cursos preparat\u00f3rios completos! \u2728<\/p>\n        <div class=\"box-botao\" style=\"text-align: left;\">\n          <a class=\"btn-assinatura\" target=\"_blank\" href=\"https:\/\/www.estrategiaconcursos.com.br\/cursos\/concurso\/\" role=\"button\" rel=\"noopener noreferrer\">CLIQUE AQUI<\/a>\n        <\/div>\n      <\/div><\/div><\/div><\/div>\n\n\n\n<h2 class=\"wp-block-heading has-background\" id=\"concursos-policiais\" style=\"background-color:#e8ebed\">Concursos Abertos: \u00c1rea Policial e Seguran\u00e7a<\/h2>\n\n\n\n<h3 class=\"wp-block-heading\" id=\"h-concurso-pm-al\"><a href=\"https:\/\/www.estrategiaconcursos.com.br\/blog\/concurso-pm-al\/\" target=\"_blank\" rel=\"noreferrer noopener\">Concurso PM AL<\/a><\/h3>\n\n\n\n<ul class=\"wp-block-list\">\n<li><strong>Banca: <\/strong>Cebraspe<\/li>\n\n\n\n<li><strong>Per\u00edodo de inscri\u00e7\u00f5es:<\/strong> at\u00e9 30\/04<\/li>\n\n\n\n<li><strong>Data da prova:<\/strong> 19\/07<\/li>\n\n\n\n<li><strong>Vagas:<\/strong> 1.060<\/li>\n\n\n\n<li><strong>Sal\u00e1rio:<\/strong> R$ 6.067,51 a R$ 11.563,77<\/li>\n<\/ul>\n\n\n\n<h3 class=\"wp-block-heading\" id=\"h-concurso-bombeiros-mg\"><a href=\"https:\/\/www.estrategiaconcursos.com.br\/blog\/concurso-bombeiros-mg\/\" target=\"_blank\" rel=\"noreferrer noopener\">Concurso Bombeiros MG<\/a><\/h3>\n\n\n\n<ul class=\"wp-block-list\">\n<li><strong>Banca: <\/strong>IDECAN<\/li>\n\n\n\n<li><strong>Per\u00edodo de inscri\u00e7\u00f5es:<\/strong> 18\/05 a 17\/06<\/li>\n\n\n\n<li><strong>Data da prova:<\/strong> 19\/07<\/li>\n\n\n\n<li><strong>Vagas:<\/strong> 342<\/li>\n\n\n\n<li><strong>Sal\u00e1rio:<\/strong> R$ 5.332,60 a R$ 11.547,07<\/li>\n<\/ul>\n\n\n\n<h3 class=\"wp-block-heading\" id=\"h-concurso-detran-al\"><a href=\"https:\/\/www.estrategiaconcursos.com.br\/blog\/concurso-detran-al\/\" target=\"_blank\" rel=\"noreferrer noopener\">Concurso Detran AL<\/a><\/h3>\n\n\n\n<ul class=\"wp-block-list\">\n<li><strong>Banca: <\/strong>Cebraspe<\/li>\n\n\n\n<li><strong>Per\u00edodo de inscri\u00e7\u00f5es:<\/strong> 06\/05 a 09\/06<\/li>\n\n\n\n<li><strong>Data da prova:<\/strong> 02\/08<\/li>\n\n\n\n<li><strong>Vagas:<\/strong> 50 + 66 CR<\/li>\n\n\n\n<li><strong>Sal\u00e1rio:<\/strong> R$ 5.454,54 a R$ 7.800,00<\/li>\n<\/ul>\n\n\n\n<h3 class=\"wp-block-heading\" id=\"h-concurso-detran-rn\"><a href=\"https:\/\/www.estrategiaconcursos.com.br\/blog\/concurso-detran-rn\/\" target=\"_blank\" rel=\"noreferrer noopener\">Concurso Detran RN<\/a><\/h3>\n\n\n\n<ul class=\"wp-block-list\">\n<li><strong>Banca: <\/strong>Instituto Avalia<\/li>\n\n\n\n<li><strong>Per\u00edodo de inscri\u00e7\u00f5es:<\/strong> at\u00e9 30\/04<\/li>\n\n\n\n<li><strong>Data da prova:<\/strong> 31\/05<\/li>\n\n\n\n<li><strong>Vagas:<\/strong> 80 + CR<\/li>\n\n\n\n<li><strong>Sal\u00e1rio:<\/strong> R$ 2.283,58 a R$ 4.614,55<\/li>\n<\/ul>\n\n\n\n<h3 class=\"wp-block-heading\" id=\"h-concurso-gcm-telemaco-borba-pr\"><a href=\"https:\/\/www.estrategiaconcursos.com.br\/blog\/concurso-guarda-telemaco-borba\/\" target=\"_blank\" rel=\"noreferrer noopener\">Concurso GCM Tel\u00eamaco Borba<\/a> (PR)<\/h3>\n\n\n\n<ul class=\"wp-block-list\">\n<li><strong>Banca: <\/strong>Fafipa<\/li>\n\n\n\n<li><strong>Per\u00edodo de inscri\u00e7\u00f5es:<\/strong> at\u00e9 26\/05<\/li>\n\n\n\n<li><strong>Data da prova:<\/strong> 21\/06<\/li>\n\n\n\n<li><strong>Vagas:<\/strong> 20 + CR<\/li>\n\n\n\n<li><strong>Sal\u00e1rio:<\/strong> R$ 3.600,00<\/li>\n<\/ul>\n\n\n\n<h3 class=\"wp-block-heading\" id=\"h-concurso-gcm-carlos-barbosa-rs\"><a href=\"https:\/\/www.estrategiaconcursos.com.br\/blog\/concurso-gcm-carlos-barbosa-rs\/\" target=\"_blank\" rel=\"noreferrer noopener\">Concurso GCM Carlos Barbosa<\/a> (RS)<\/h3>\n\n\n\n<ul class=\"wp-block-list\">\n<li><strong>Banca: <\/strong>Fundatec<\/li>\n\n\n\n<li><strong>Per\u00edodo de inscri\u00e7\u00f5es:<\/strong> 27\/04 a 26\/05<\/li>\n\n\n\n<li><strong>Data da prova:<\/strong> 26\/07<\/li>\n\n\n\n<li><strong>Vagas:<\/strong> 04 + CR<\/li>\n\n\n\n<li><strong>Sal\u00e1rio:<\/strong> R$ 4.697,99<\/li>\n<\/ul>\n\n\n\n<h3 class=\"wp-block-heading\" id=\"h-concurso-gcm-sao-jose-do-ribamar-ma\"><a href=\"https:\/\/www.estrategiaconcursos.com.br\/blog\/concurso-gcm-sao-jose-de-ribamar\/\" target=\"_blank\" rel=\"noreferrer noopener\">Concurso GCM S\u00e3o Jos\u00e9 do Ribamar<\/a> (MA)<\/h3>\n\n\n\n<ul class=\"wp-block-list\">\n<li><strong>Banca: <\/strong>Instituto JK<\/li>\n\n\n\n<li><strong>Per\u00edodo de inscri\u00e7\u00f5es:<\/strong> 05\/05 a 05\/06<\/li>\n\n\n\n<li><strong>Data da prova:<\/strong> 26\/07<\/li>\n\n\n\n<li><strong>Vagas:<\/strong> 45 + 75 CR<\/li>\n\n\n\n<li><strong>Sal\u00e1rio:<\/strong> R$ 3.953,60<\/li>\n<\/ul>\n\n\n\n<h3 class=\"wp-block-heading\" id=\"h-concurso-gcm-maceio-al\"><a href=\"https:\/\/www.estrategiaconcursos.com.br\/blog\/concurso-guarda-de-maceio\/\" target=\"_blank\" rel=\"noreferrer noopener\">Concurso GCM Macei\u00f3<\/a> (AL)<\/h3>\n\n\n\n<ul class=\"wp-block-list\">\n<li><strong>Banca: <\/strong>FUNDEPES &#8211; Copeve\/UFAL<\/li>\n\n\n\n<li><strong>Per\u00edodo de inscri\u00e7\u00f5es:<\/strong> at\u00e9 07\/05<\/li>\n\n\n\n<li><strong>Data da prova:<\/strong> 12\/07<\/li>\n\n\n\n<li><strong>Vagas:<\/strong> 50 + 50 CR<\/li>\n\n\n\n<li><strong>Sal\u00e1rio:<\/strong> R$ 3.685,11 <\/li>\n<\/ul>\n\n\n\n<h3 class=\"wp-block-heading\" id=\"h-concurso-gcm-ipu-ce\"><a href=\"https:\/\/www.estrategiaconcursos.com.br\/blog\/concurso-guarda-ipu-ce\" target=\"_blank\" rel=\"noreferrer noopener\">Concurso GCM Ipu<\/a> (CE)<\/h3>\n\n\n\n<ul class=\"wp-block-list\">\n<li><strong>Banca: <\/strong>IDIB<\/li>\n\n\n\n<li><strong>Per\u00edodo de inscri\u00e7\u00f5es:<\/strong> at\u00e9 18\/05<\/li>\n\n\n\n<li><strong>Data da prova:<\/strong> 28\/06<\/li>\n\n\n\n<li><strong>Vagas:<\/strong> 2 + CR<\/li>\n\n\n\n<li><strong>Sal\u00e1rio:<\/strong> R$ 1.518,00<\/li>\n<\/ul>\n\n\n\n<h3 class=\"wp-block-heading\" id=\"h-concurso-gcm-piranhas-al\"><a href=\"https:\/\/www.estrategiaconcursos.com.br\/blog\/concurso-gcm-piranhas-al\/\" target=\"_blank\" rel=\"noreferrer noopener\">Concurso GCM Piranhas<\/a> (AL)<\/h3>\n\n\n\n<ul class=\"wp-block-list\">\n<li><strong>Banca: <\/strong>ADM&amp;TEC<\/li>\n\n\n\n<li><strong>Per\u00edodo de inscri\u00e7\u00f5es:<\/strong> at\u00e9 11\/05<\/li>\n\n\n\n<li><strong>Data da prova:<\/strong> 31\/05<\/li>\n\n\n\n<li><strong>Vagas:<\/strong> 40<\/li>\n\n\n\n<li><strong>Sal\u00e1rio:<\/strong> R$ 1.621,00 + adicional<\/li>\n<\/ul>\n\n\n\n<h3 class=\"wp-block-heading\" id=\"h-concurso-gcm-lencois-paulista-sp\"><a href=\"https:\/\/www.estrategiaconcursos.com.br\/blog\/concurso-gcm-lencois-paulista-sp\/\" target=\"_blank\" rel=\"noreferrer noopener\">Concurso GCM Len\u00e7\u00f3is Paulista<\/a> (SP)<\/h3>\n\n\n\n<ul class=\"wp-block-list\">\n<li><strong>Banca: <\/strong>Avan\u00e7a  SP<\/li>\n\n\n\n<li><strong>Per\u00edodo de inscri\u00e7\u00f5es:<\/strong> at\u00e9 27\/04<\/li>\n\n\n\n<li><strong>Data da prova:<\/strong> 24\/05<\/li>\n\n\n\n<li><strong>Vagas:<\/strong> 1 + CR<\/li>\n\n\n\n<li><strong>Sal\u00e1rio:<\/strong> R$ 2.231,59 + aux\u00edlio de R$ 1.200,00<\/li>\n<\/ul>\n\n\n\n<h3 class=\"wp-block-heading\" id=\"h-concurso-gcm-esteio-rs\"><a href=\"https:\/\/www.estrategiaconcursos.com.br\/blog\/concurso-guarda-de-esteio-rs\" target=\"_blank\" rel=\"noreferrer noopener\">Concurso GCM Esteio<\/a> (RS)<\/h3>\n\n\n\n<ul class=\"wp-block-list\">\n<li><strong>Banca: <\/strong>Funda\u00e7\u00e3o La Salle<\/li>\n\n\n\n<li><strong>Per\u00edodo de inscri\u00e7\u00f5es:<\/strong> at\u00e9 04\/05<\/li>\n\n\n\n<li><strong>Data da prova:<\/strong> 14\/06<\/li>\n\n\n\n<li><strong>Vagas:<\/strong> CR<\/li>\n\n\n\n<li><strong>Sal\u00e1rio:<\/strong> R$ 2.546,09<\/li>\n<\/ul>\n\n\n\n<h3 class=\"wp-block-heading\" id=\"h-concurso-gcm-promissao-sp\"><a href=\"https:\/\/www.estrategiaconcursos.com.br\/blog\/concurso-gcm-promissao-sp\/\" target=\"_blank\" rel=\"noreferrer noopener\">Concurso GCM Promiss\u00e3o<\/a> (SP)<\/h3>\n\n\n\n<ul class=\"wp-block-list\">\n<li><strong>Banca: <\/strong>Instituto Access<\/li>\n\n\n\n<li><strong>Per\u00edodo de inscri\u00e7\u00f5es:<\/strong> at\u00e9 07\/05<\/li>\n\n\n\n<li><strong>Data da prova:<\/strong> 14\/06<\/li>\n\n\n\n<li><strong>Vagas:<\/strong> 10 + CR<\/li>\n\n\n\n<li><strong>Sal\u00e1rio:<\/strong> R$ 2.400,00<\/li>\n<\/ul>\n\n\n\n<h3 class=\"wp-block-heading\" id=\"h-concurso-gcm-morada-nova-ce\"><a href=\"https:\/\/www.estrategiaconcursos.com.br\/blog\/concurso-gcm-morada-nova-ce\/\" target=\"_blank\" rel=\"noreferrer noopener\">Concurso GCM Morada Nova<\/a> (CE)<\/h3>\n\n\n\n<ul class=\"wp-block-list\">\n<li><strong>Banca: <\/strong>Instituto Consulpam<\/li>\n\n\n\n<li><strong>Per\u00edodo de inscri\u00e7\u00f5es:<\/strong> at\u00e9 30\/04<\/li>\n\n\n\n<li><strong>Data da prova:<\/strong> 28\/06<\/li>\n\n\n\n<li><strong>Vagas:<\/strong> 03 + 30 CR<\/li>\n\n\n\n<li><strong>Sal\u00e1rio:<\/strong> R$ 1.777,76<\/li>\n<\/ul>\n\n\n\n<h3 class=\"wp-block-heading\" id=\"h-concurso-gcm-paracatu-mg\"><a href=\"https:\/\/www.estrategiaconcursos.com.br\/blog\/concurso-gcm-paracatu-mg\" target=\"_blank\" rel=\"noreferrer noopener\">Concurso GCM Paracatu<\/a> (MG)<\/h3>\n\n\n\n<ul class=\"wp-block-list\">\n<li><strong>Banca: <\/strong>IBGP<\/li>\n\n\n\n<li><strong>Per\u00edodo de inscri\u00e7\u00f5es:<\/strong> 15\/06 a 15\/07<\/li>\n\n\n\n<li><strong>Data da prova:<\/strong> 23\/08<\/li>\n\n\n\n<li><strong>Vagas:<\/strong> 40<\/li>\n\n\n\n<li><strong>Sal\u00e1rio:<\/strong> R$ 3.099,43<\/li>\n<\/ul>\n\n\n\n<h3 class=\"wp-block-heading\" id=\"h-concurso-gcm-pouso-alegre-mg\"><a href=\"https:\/\/www.estrategiaconcursos.com.br\/blog\/concurso-gcm-pouso-alegre-mg\/\" target=\"_blank\" rel=\"noreferrer noopener\">Concurso GCM Pouso Alegre<\/a> (MG)<\/h3>\n\n\n\n<ul class=\"wp-block-list\">\n<li><strong>Banca: <\/strong>Instituto Consulplan<\/li>\n\n\n\n<li><strong>Per\u00edodo de inscri\u00e7\u00f5es:<\/strong> 02\/06 a 02\/07<\/li>\n\n\n\n<li><strong>Data da prova:<\/strong> 26\/07<\/li>\n\n\n\n<li><strong>Vagas:<\/strong> 50<\/li>\n\n\n\n<li><strong>Sal\u00e1rio:<\/strong> R$ 4.160,00<\/li>\n<\/ul>\n\n\n\n<h3 class=\"wp-block-heading\" id=\"h-concurso-gcm-baturite-ce\"><a href=\"https:\/\/www.estrategiaconcursos.com.br\/blog\/concurso-gcm-baturite-ce\/\" target=\"_blank\" rel=\"noreferrer noopener\">Concurso GCM Baturit\u00e9<\/a> (CE)<\/h3>\n\n\n\n<ul class=\"wp-block-list\">\n<li><strong>Banca: <\/strong>FCPC<\/li>\n\n\n\n<li><strong>Per\u00edodo de inscri\u00e7\u00f5es:<\/strong> at\u00e9 1\u00ba\/05<\/li>\n\n\n\n<li><strong>Data da prova:<\/strong> 14\/06<\/li>\n\n\n\n<li><strong>Vagas:<\/strong> 20<\/li>\n\n\n\n<li><strong>Sal\u00e1rio:<\/strong> R$ 1.518,00<\/li>\n<\/ul>\n\n\n\n<h2 class=\"wp-block-heading has-text-align-center has-very-light-gray-to-cyan-bluish-gray-gradient-background has-background has-medium-font-size\" id=\"h-escolha-sua-regiao-e-area-de-interesse-use-o-mapa-interativo-para-ver-as-melhores-oportunidades-de-concursos-abertos\"><strong><em>Escolha sua regi\u00e3o e \u00e1rea de interesse. Use o mapa interativo para ver as melhores oportunidades de concursos abertos!<\/em><\/strong><\/h2>\n\n\n\n<iframe id=\"mapa-concursos-ga4\"\n    src=\"https:\/\/www.estrategiaconcursos.com.br\/blog\/mapa-concursos\/embed?situacoes=Inscri%C3%A7%C3%B5es+abertas&#038;areas=Policial%2CControle+e+Gest%C3%A3o%2CFiscal%2CBanc%C3%A1ria+e+Financeira%2CLegislativa%2CConselhos+Profissionais%2CJur%C3%ADdica%2CSa%C3%BAde%2CMilitar%2CEduca%C3%A7%C3%A3o\"\n    width=\"100%\"\n    height=\"400\"\n    style=\"border: none; display: block;\"\n    title=\"Mapa de Concursos P\u00fablicos\"\n    loading=\"lazy\">\n<\/iframe>\n\n\n\n<h2 class=\"wp-block-heading has-background\" id=\"controle\" style=\"background-color:#e8ebed\">Concursos Abertos: Edital unificado<\/h2>\n\n\n\n<h3 class=\"wp-block-heading\" id=\"h-concurso-unificado-rio-grande-do-norte\"><a href=\"https:\/\/www.estrategiaconcursos.com.br\/blog\/concurso-unificado-rn\/\" target=\"_blank\" rel=\"noreferrer noopener\">Concurso Unificado &#8211; Rio Grande do Norte<\/a><\/h3>\n\n\n\n<ul class=\"wp-block-list\">\n<li><strong>Banca: <\/strong>Instituto Avalia<\/li>\n\n\n\n<li><strong>Per\u00edodo de inscri\u00e7\u00f5es:<\/strong> at\u00e9 30\/04<\/li>\n\n\n\n<li><strong>Data da prova:<\/strong> 31\/05<\/li>\n\n\n\n<li><strong>Vagas:<\/strong> 175 + CR<\/li>\n\n\n\n<li><strong>Sal\u00e1rio:<\/strong> R$ 1.771,46 a R$ 4.614,55<\/li>\n<\/ul>\n\n\n\n<h2 class=\"wp-block-heading has-background\" id=\"controle\" style=\"background-color:#e8ebed\">Concursos Abertos: \u00c1rea Controle e Gest\u00e3o<\/h2>\n\n\n\n<h3 class=\"wp-block-heading\" id=\"h-concurso-cgm-porto-velho\"><a href=\"https:\/\/www.estrategiaconcursos.com.br\/blog\/concurso-cgm-porto-velho\/\" target=\"_blank\" rel=\"noreferrer noopener\">Concurso CGM Porto Velho<\/a><\/h3>\n\n\n\n<ul class=\"wp-block-list\">\n<li><strong>Banca: <\/strong>Cebraspe<\/li>\n\n\n\n<li><strong>Per\u00edodo de inscri\u00e7\u00f5es:<\/strong> 05 a 25\/05<\/li>\n\n\n\n<li><strong>Data da prova:<\/strong> 19\/07 e 02\/08<\/li>\n\n\n\n<li><strong>Vagas:<\/strong> 6 + 30 CR<\/li>\n\n\n\n<li><strong>Sal\u00e1rio:<\/strong> R$ 20.639,84 a R$ 21.278,80<\/li>\n<\/ul>\n\n\n\n<h3 class=\"wp-block-heading\" id=\"h-concurso-cge-al\"><a href=\"https:\/\/www.estrategiaconcursos.com.br\/blog\/concurso-cge-al\/\" target=\"_blank\" rel=\"noreferrer noopener\">Concurso CGE AL<\/a><\/h3>\n\n\n\n<ul class=\"wp-block-list\">\n<li><strong>Banca: <\/strong>Cebraspe<\/li>\n\n\n\n<li><strong>Per\u00edodo de inscri\u00e7\u00f5es:<\/strong> at\u00e9 30\/04<\/li>\n\n\n\n<li><strong>Data da prova:<\/strong> 26\/06<\/li>\n\n\n\n<li><strong>Vagas:<\/strong> 5 + 5 CR<\/li>\n\n\n\n<li><strong>Sal\u00e1rio:<\/strong> R$ 6.831,54<\/li>\n<\/ul>\n\n\n\n<h2 class=\"wp-block-heading has-background\" id=\"concursos-fiscais\" style=\"background-color:#e8ebed\">Concursos Abertos: \u00c1rea Fiscal<\/h2>\n\n\n\n<h3 class=\"wp-block-heading\" id=\"h-concurso-sefaz-ce\"><a href=\"https:\/\/www.estrategiaconcursos.com.br\/blog\/concurso-sefaz-ce\/\" target=\"_blank\" rel=\"noreferrer noopener\">Concurso Sefaz CE<\/a><\/h3>\n\n\n\n<ul class=\"wp-block-list\">\n<li><strong>Banca: <\/strong>FCC<\/li>\n\n\n\n<li><strong>Per\u00edodo de inscri\u00e7\u00f5es:<\/strong> 27\/04 a 01\/06\/2026<\/li>\n\n\n\n<li><strong>Data da prova:<\/strong> 01 e 02\/08\/2026<\/li>\n\n\n\n<li><strong>Vagas:<\/strong> 300<\/li>\n\n\n\n<li><strong>Sal\u00e1rio:<\/strong> R$ 16.136,64<\/li>\n<\/ul>\n\n\n\n<h3 class=\"wp-block-heading\" id=\"h-concurso-iss-porto-velho\"><a href=\"https:\/\/www.estrategiaconcursos.com.br\/blog\/concurso-iss-porto-velho\/\" target=\"_blank\" rel=\"noreferrer noopener\">Concurso ISS Porto Velho<\/a><\/h3>\n\n\n\n<ul class=\"wp-block-list\">\n<li><strong>Banca: <\/strong>Cebraspe<\/li>\n\n\n\n<li><strong>Per\u00edodo de inscri\u00e7\u00f5es:<\/strong> 05 a 25\/05<\/li>\n\n\n\n<li><strong>Data da prova:<\/strong> 19\/07 e 02\/08<\/li>\n\n\n\n<li><strong>Vagas:<\/strong> 15 + 20 CR<\/li>\n\n\n\n<li><strong>Sal\u00e1rio:<\/strong> R$ 5.116,35 a R$ 18.431,04<\/li>\n<\/ul>\n\n\n\n<h3 class=\"wp-block-heading\" id=\"h-concurso-iss-indaial-sc\"><a href=\"https:\/\/www.estrategiaconcursos.com.br\/blog\/concurso-iss-indaial\/\" target=\"_blank\" rel=\"noreferrer noopener\">Concurso ISS Indaial<\/a> (SC)<\/h3>\n\n\n\n<ul class=\"wp-block-list\">\n<li><strong>Banca: <\/strong>IBAM<\/li>\n\n\n\n<li><strong>Per\u00edodo de inscri\u00e7\u00f5es:<\/strong> at\u00e9 21\/05<\/li>\n\n\n\n<li><strong>Data da prova:<\/strong> 14\/06<\/li>\n\n\n\n<li><strong>Vagas:<\/strong> 03<\/li>\n\n\n\n<li><strong>Sal\u00e1rio:<\/strong> R$ 6.234,00<\/li>\n<\/ul>\n\n\n\n<h3 class=\"wp-block-heading\" id=\"h-concurso-iss-camboriu-sc\"><a href=\"https:\/\/www.estrategiaconcursos.com.br\/blog\/concurso-iss-camboriu-sc\/\" target=\"_blank\" rel=\"noreferrer noopener\">Concurso ISS Cambori\u00fa<\/a> (SC)<\/h3>\n\n\n\n<ul class=\"wp-block-list\">\n<li><strong>Banca: <\/strong>Idecan<\/li>\n\n\n\n<li><strong>Per\u00edodo de inscri\u00e7\u00f5es:<\/strong> at\u00e9 11\/05<\/li>\n\n\n\n<li><strong>Data da prova:<\/strong> 14\/06<\/li>\n\n\n\n<li><strong>Vagas:<\/strong> 1 + CR<\/li>\n\n\n\n<li><strong>Sal\u00e1rio:<\/strong> R$ 6.141,66<\/li>\n<\/ul>\n\n\n\n<h3 class=\"wp-block-heading\" id=\"h-concurso-iss-esteio-rs\"><a href=\"https:\/\/www.estrategiaconcursos.com.br\/blog\/concurso-iss-esteio\/\" target=\"_blank\" rel=\"noreferrer noopener\">Concurso ISS Esteio<\/a> (RS)<\/h3>\n\n\n\n<ul class=\"wp-block-list\">\n<li><strong>Banca: <\/strong>Funda\u00e7\u00e3o La Salle<\/li>\n\n\n\n<li><strong>Per\u00edodo de inscri\u00e7\u00f5es:<\/strong> at\u00e9 04\/05<\/li>\n\n\n\n<li><strong>Data da prova:<\/strong> 14\/06<\/li>\n\n\n\n<li><strong>Vagas:<\/strong> CR<\/li>\n\n\n\n<li><strong>Sal\u00e1rio:<\/strong> R$ 6.564,20 + gratifica\u00e7\u00e3o<\/li>\n<\/ul>\n\n\n\n<h3 class=\"wp-block-heading\" id=\"h-concurso-iss-tres-barras-sc\"><a href=\"https:\/\/www.estrategiaconcursos.com.br\/blog\/concurso-iss-tres-barras-sc\/\" target=\"_blank\" rel=\"noreferrer noopener\">Concurso ISS Tr\u00eas Barras<\/a> (SC)<\/h3>\n\n\n\n<ul class=\"wp-block-list\">\n<li><strong>Banca: <\/strong>Fafipa<\/li>\n\n\n\n<li><strong>Per\u00edodo de inscri\u00e7\u00f5es:<\/strong> at\u00e9 13\/05<\/li>\n\n\n\n<li><strong>Data da prova:<\/strong> 31\/05<\/li>\n\n\n\n<li><strong>Vagas:<\/strong> 1<\/li>\n\n\n\n<li><strong>Sal\u00e1rio:<\/strong> R$ 7.756,16<\/li>\n<\/ul>\n\n\n\n<h3 class=\"wp-block-heading\" id=\"h-concurso-iss-bandeirante-sc\"><a href=\"https:\/\/www.estrategiaconcursos.com.br\/blog\/concurso-iss-bandeirante\/\" target=\"_blank\" rel=\"noreferrer noopener\">Concurso ISS Bandeirante<\/a> (SC)<\/h3>\n\n\n\n<ul class=\"wp-block-list\">\n<li><strong>Banca: <\/strong>AMEOSC<\/li>\n\n\n\n<li><strong>Per\u00edodo de inscri\u00e7\u00f5es:<\/strong> at\u00e9 29\/04<\/li>\n\n\n\n<li><strong>Data da prova:<\/strong> 16\/05<\/li>\n\n\n\n<li><strong>Vagas:<\/strong>1 + CR<\/li>\n\n\n\n<li><strong>Sal\u00e1rio:<\/strong> R$ 5.408,74<\/li>\n<\/ul>\n\n\n\n<h3 class=\"wp-block-heading\" id=\"h-concurso-iss-sao-leopoldo-rs\"><a href=\"https:\/\/www.estrategiaconcursos.com.br\/blog\/concurso-iss-sao-leopoldo\/\" target=\"_blank\" rel=\"noreferrer noopener\">Concurso ISS S\u00e3o Leopoldo<\/a> (RS)<\/h3>\n\n\n\n<ul class=\"wp-block-list\">\n<li><strong>Banca: <\/strong>Funda\u00e7\u00e3o La Salle<\/li>\n\n\n\n<li><strong>Per\u00edodo de inscri\u00e7\u00f5es:<\/strong> at\u00e9 6\/5<\/li>\n\n\n\n<li><strong>Data da prova:<\/strong> 5\/7<\/li>\n\n\n\n<li><strong>Vagas:<\/strong> CR<\/li>\n\n\n\n<li><strong>Sal\u00e1rio:<\/strong> R$ 6.938,40<\/li>\n<\/ul>\n\n\n\n<h3 class=\"wp-block-heading\" id=\"h-concurso-iss-senador-canedo-go\"><a href=\"https:\/\/www.estrategiaconcursos.com.br\/blog\/concurso-prefeitura-de-senador-canedo\/\" target=\"_blank\" rel=\"noreferrer noopener\">Concurso ISS Senador Canedo<\/a> (GO)<\/h3>\n\n\n\n<ul class=\"wp-block-list\">\n<li><strong>Banca: <\/strong>Instituto Verbena\/UFG<\/li>\n\n\n\n<li><strong>Per\u00edodo de inscri\u00e7\u00f5es:<\/strong> at\u00e9 14\/05<\/li>\n\n\n\n<li><strong>Data da prova:<\/strong> 21\/06<\/li>\n\n\n\n<li><strong>Vagas:<\/strong> 4 + 12 CR<\/li>\n\n\n\n<li><strong>Sal\u00e1rio:<\/strong> R$ 9.929,68<\/li>\n<\/ul>\n\n\n\n<h3 class=\"wp-block-heading\" id=\"h-concurso-iss-angra-dos-reis-rj\"><a href=\"https:\/\/www.estrategiaconcursos.com.br\/blog\/concurso-iss-angra-dos-reis\/\" target=\"_blank\" rel=\"noreferrer noopener\">Concurso ISS Angra dos Reis<\/a> (RJ)<\/h3>\n\n\n\n<ul class=\"wp-block-list\">\n<li><strong>Banca: <\/strong>Instituto Consulpam<\/li>\n\n\n\n<li><strong>Per\u00edodo de inscri\u00e7\u00f5es:<\/strong> at\u00e9 29\/04<\/li>\n\n\n\n<li><strong>Data da prova:<\/strong> 31\/05<\/li>\n\n\n\n<li><strong>Vagas:<\/strong> 20 + CR<\/li>\n\n\n\n<li><strong>Sal\u00e1rio:<\/strong> R$ 4.665,12 + benef\u00edcios<\/li>\n<\/ul>\n\n\n\n<h3 class=\"wp-block-heading\" id=\"h-concurso-iss-nova-ponte-mg\"><a href=\"https:\/\/www.estrategiaconcursos.com.br\/blog\/concurso-iss-nova-ponte\/\" target=\"_blank\" rel=\"noreferrer noopener\">Concurso ISS Nova Ponte<\/a> (MG)<\/h3>\n\n\n\n<ul class=\"wp-block-list\">\n<li><strong>Banca: <\/strong>APTA<\/li>\n\n\n\n<li><strong>Per\u00edodo de inscri\u00e7\u00f5es:<\/strong> 25\/05 a 25\/06<\/li>\n\n\n\n<li><strong>Data da prova:<\/strong> 26\/07<\/li>\n\n\n\n<li><strong>Vagas:<\/strong> 3<\/li>\n\n\n\n<li><strong>Sal\u00e1rio:<\/strong> R$ 5.232,84<\/li>\n<\/ul>\n\n\n\n<h2 class=\"wp-block-heading has-background\" id=\"bancarios\" style=\"background-color:#e8ebed\">Concursos Abertos: \u00c1rea Banc\u00e1ria e Financeira<\/h2>\n\n\n\n<p><em>Sem oportunidades no momento.<\/em><\/p>\n\n\n\n<h2 class=\"wp-block-heading has-background\" id=\"concursos-legislativo\" style=\"background-color:#e8ebed\">Concursos Abertos: \u00c1rea Legislativa<\/h2>\n\n\n\n<h3 class=\"wp-block-heading\" id=\"h-concurso-ale-rr\"><a href=\"https:\/\/www.estrategiaconcursos.com.br\/blog\/concurso-ale-rr\/\" target=\"_blank\" rel=\"noreferrer noopener\">Concurso ALE RR<\/a><\/h3>\n\n\n\n<ul class=\"wp-block-list\">\n<li><strong>Banca: <\/strong>FCC<\/li>\n\n\n\n<li><strong>Per\u00edodo de inscri\u00e7\u00f5es:<\/strong> at\u00e9 06\/05<\/li>\n\n\n\n<li><strong>Data da prova:<\/strong> 28\/06<\/li>\n\n\n\n<li><strong>Vagas:<\/strong> 226 + CR<\/li>\n\n\n\n<li><strong>Sal\u00e1rio:<\/strong> R$ 5.815,15 a R$ 39.589,56<\/li>\n<\/ul>\n\n\n\n<h3 class=\"wp-block-heading\" id=\"h-concurso-camara-de-santa-isabel-sp\"><a href=\"https:\/\/www.estrategiaconcursos.com.br\/blog\/concurso-camara-de-santa-isabel-sp\/\" target=\"_blank\" rel=\"noreferrer noopener\">Concurso C\u00e2mara de Santa Isabel<\/a> (SP)<\/h3>\n\n\n\n<ul class=\"wp-block-list\">\n<li><strong>Banca: <\/strong>Instituto Aplicativa<\/li>\n\n\n\n<li><strong>Per\u00edodo de inscri\u00e7\u00f5es:<\/strong> at\u00e9 25\/05<\/li>\n\n\n\n<li><strong>Data da prova:<\/strong> 14\/06<\/li>\n\n\n\n<li><strong>Vagas:<\/strong> 1 + CR<\/li>\n\n\n\n<li><strong>Sal\u00e1rio:<\/strong> R$ 5.102,65 a R$ 10.610,67<\/li>\n<\/ul>\n\n\n\n<h3 class=\"wp-block-heading\" id=\"h-concurso-camara-de-aruja-sp\"><a href=\"https:\/\/www.estrategiaconcursos.com.br\/blog\/concurso-camara-de-aruja-sp\/\" target=\"_blank\" rel=\"noreferrer noopener\">Concurso C\u00e2mara de Aruj\u00e1<\/a> (SP)<\/h3>\n\n\n\n<ul class=\"wp-block-list\">\n<li><strong>Banca: <\/strong>IGECS<\/li>\n\n\n\n<li><strong>Per\u00edodo de inscri\u00e7\u00f5es:<\/strong> at\u00e9 13\/07<\/li>\n\n\n\n<li><strong>Data da prova:<\/strong> 30\/08<\/li>\n\n\n\n<li><strong>Vagas:<\/strong> 5 + CR<\/li>\n\n\n\n<li><strong>Sal\u00e1rio:<\/strong> R$ 4.842,84 a R$ 15.659,70<\/li>\n<\/ul>\n\n\n\n<h3 class=\"wp-block-heading\" id=\"h-concurso-camara-de-itapiranga-sc\"><a href=\"https:\/\/www.estrategiaconcursos.com.br\/blog\/concurso-camara-itapiranga-sc\/\" target=\"_blank\" rel=\"noreferrer noopener\">Concurso C\u00e2mara de Itapiranga<\/a> (SC)<\/h3>\n\n\n\n<ul class=\"wp-block-list\">\n<li><strong>Banca: <\/strong>AMEOSC<\/li>\n\n\n\n<li><strong>Per\u00edodo de inscri\u00e7\u00f5es:<\/strong> at\u00e9 21\/05<\/li>\n\n\n\n<li><strong>Data da prova:<\/strong> 07\/06<\/li>\n\n\n\n<li><strong>Vagas:<\/strong> 1 + CR<\/li>\n\n\n\n<li><strong>Sal\u00e1rio:<\/strong> R$ 4.588,39 a R$ 7.516,26<\/li>\n<\/ul>\n\n\n\n<h3 class=\"wp-block-heading\" id=\"h-concurso-camara-de-rio-das-ostras-rj\"><a href=\"https:\/\/www.estrategiaconcursos.com.br\/blog\/concurso-camara-de-rio-das-ostras-rj\/\" target=\"_blank\" rel=\"noreferrer noopener\">Concurso C\u00e2mara de Rio das Ostras<\/a> (RJ)<\/h3>\n\n\n\n<ul class=\"wp-block-list\">\n<li><strong>Banca: <\/strong>Instituto A\u00e7\u00e3o<\/li>\n\n\n\n<li><strong>Per\u00edodo de inscri\u00e7\u00f5es:<\/strong> 30\/04 a 01\/06<\/li>\n\n\n\n<li><strong>Data da prova:<\/strong> 02\/08<\/li>\n\n\n\n<li><strong>Vagas:<\/strong> 19 + 19 CR<\/li>\n\n\n\n<li><strong>Sal\u00e1rio:<\/strong> R$ 2.180,00 a R$ 5.713,00<\/li>\n<\/ul>\n\n\n\n<h3 class=\"wp-block-heading\" id=\"h-concurso-camara-de-doutor-pedrinho-sc\"><a href=\"https:\/\/www.estrategiaconcursos.com.br\/blog\/concurso-camara-de-doutor-pedrinho-sc\/\" target=\"_blank\" rel=\"noreferrer noopener\">Concurso C\u00e2mara de Doutor Pedrinho<\/a> (SC)<\/h3>\n\n\n\n<ul class=\"wp-block-list\">\n<li><strong>Banca: <\/strong>Acesse<\/li>\n\n\n\n<li><strong>Per\u00edodo de inscri\u00e7\u00f5es:<\/strong> at\u00e9 19\/05<\/li>\n\n\n\n<li><strong>Data da prova:<\/strong> 31\/05<\/li>\n\n\n\n<li><strong>Vagas:<\/strong> CR<\/li>\n\n\n\n<li><strong>Sal\u00e1rio:<\/strong> R$ 1.991,26 e R$ 2.624,48<\/li>\n<\/ul>\n\n\n\n<h3 class=\"wp-block-heading\" id=\"h-concurso-camara-de-cataguases-mg\"><a href=\"https:\/\/www.estrategiaconcursos.com.br\/blog\/concurso-camara-de-cataguases-mg\/\" target=\"_blank\" rel=\"noreferrer noopener\">Concurso C\u00e2mara de Cataguases<\/a> (MG)<\/h3>\n\n\n\n<ul class=\"wp-block-list\">\n<li><strong>Banca: <\/strong>IBGP<\/li>\n\n\n\n<li><strong>Per\u00edodo de inscri\u00e7\u00f5es:<\/strong> 22\/06 a 21\/07<\/li>\n\n\n\n<li><strong>Data da prova:<\/strong> 23\/08<\/li>\n\n\n\n<li><strong>Vagas:<\/strong> 15 + CR<\/li>\n\n\n\n<li><strong>Sal\u00e1rio:<\/strong> R$ 1.711,63 a R$ 6.158,93<\/li>\n<\/ul>\n\n\n\n<h3 class=\"wp-block-heading\" id=\"h-concurso-camara-de-senador-canedo-go\"><a href=\"https:\/\/www.estrategiaconcursos.com.br\/blog\/concurso-camara-senador-canedo-go\/\" target=\"_blank\" rel=\"noreferrer noopener\">Concurso C\u00e2mara de Senador Canedo<\/a> (GO)<\/h3>\n\n\n\n<ul class=\"wp-block-list\">\n<li><strong>Banca: <\/strong>Consulpam<\/li>\n\n\n\n<li><strong>Per\u00edodo de inscri\u00e7\u00f5es:<\/strong> at\u00e9 19\/05<\/li>\n\n\n\n<li><strong>Data da prova:<\/strong> 18 e 19\/07<\/li>\n\n\n\n<li><strong>Vagas:<\/strong> 25 + CR<\/li>\n\n\n\n<li><strong>Sal\u00e1rio:<\/strong> R$ 4.425,53 a R$ 11.903,79<\/li>\n<\/ul>\n\n\n\n<h3 class=\"wp-block-heading\" id=\"h-concurso-camara-de-saquarema-rj\"><a href=\"https:\/\/www.estrategiaconcursos.com.br\/blog\/concurso-camara-de-saquarema-rj\/\" target=\"_blank\" rel=\"noreferrer noopener\">Concurso C\u00e2mara de Saquarema<\/a> (RJ)<\/h3>\n\n\n\n<ul class=\"wp-block-list\">\n<li><strong>Banca: <\/strong>Instituto A\u00e7\u00e3o<\/li>\n\n\n\n<li><strong>Per\u00edodo de inscri\u00e7\u00f5es:<\/strong> at\u00e9 20\/05<\/li>\n\n\n\n<li><strong>Data da prova:<\/strong> 21\/06<\/li>\n\n\n\n<li><strong>Vagas:<\/strong> 28<\/li>\n\n\n\n<li><strong>Sal\u00e1rio:<\/strong> R$ 3.000,00 a R$ 8.000,00<\/li>\n<\/ul>\n\n\n\n<h3 class=\"wp-block-heading\" id=\"h-concurso-camara-de-camapua-ms\"><a href=\"https:\/\/www.estrategiaconcursos.com.br\/blog\/concurso-camara-de-camapua-ms\/\" target=\"_blank\" rel=\"noreferrer noopener\">Concurso C\u00e2mara de Camapu\u00e3<\/a> (MS)<\/h3>\n\n\n\n<ul class=\"wp-block-list\">\n<li><strong>Banca: <\/strong>Fapec<\/li>\n\n\n\n<li><strong>Per\u00edodo de inscri\u00e7\u00f5es:<\/strong> at\u00e9 02\/06<\/li>\n\n\n\n<li><strong>Data da prova:<\/strong> 21\/06<\/li>\n\n\n\n<li><strong>Vagas:<\/strong> 5<\/li>\n\n\n\n<li><strong>Sal\u00e1rio:<\/strong> R$ 1.850,00 a R$ 4.000,00<\/li>\n<\/ul>\n\n\n\n<h3 class=\"wp-block-heading\" id=\"h-concurso-camara-de-montalvania-mg\"><a href=\"https:\/\/www.estrategiaconcursos.com.br\/blog\/concurso-camara-de-montalvania-mg\/\" target=\"_blank\" rel=\"noreferrer noopener\">Concurso C\u00e2mara de Montalv\u00e2nia<\/a> (MG)<\/h3>\n\n\n\n<ul class=\"wp-block-list\">\n<li><strong>Banca: <\/strong>Exame<\/li>\n\n\n\n<li><strong>Per\u00edodo de inscri\u00e7\u00f5es:<\/strong> 22\/06 a 21\/07<\/li>\n\n\n\n<li><strong>Data da prova:<\/strong> 16\/08<\/li>\n\n\n\n<li><strong>Vagas:<\/strong> 10<\/li>\n\n\n\n<li><strong>Sal\u00e1rio:<\/strong> R$ 1.518,00 a R$ 3.250,00<\/li>\n<\/ul>\n\n\n\n<h3 class=\"wp-block-heading\" id=\"h-concurso-camara-de-presidente-prudente-sp\"><a href=\"https:\/\/www.estrategiaconcursos.com.br\/blog\/concurso-camara-de-presidente-prudente-sp\/\" target=\"_blank\" rel=\"noreferrer noopener\">Concurso C\u00e2mara de Presidente Prudente<\/a> (SP)<\/h3>\n\n\n\n<ul class=\"wp-block-list\">\n<li><strong>Banca: <\/strong>FCC<\/li>\n\n\n\n<li><strong>Per\u00edodo de inscri\u00e7\u00f5es:<\/strong> at\u00e9 21\/05<\/li>\n\n\n\n<li><strong>Data da prova:<\/strong> 12\/07<\/li>\n\n\n\n<li><strong>Vagas:<\/strong> 4<\/li>\n\n\n\n<li><strong>Sal\u00e1rio:<\/strong> R$ 5.311,00 a R$ 22.010,63<\/li>\n<\/ul>\n\n\n\n<h3 class=\"wp-block-heading\" id=\"h-concurso-camara-de-faina-nbsp-go\"><a href=\"https:\/\/www.estrategiaconcursos.com.br\/blog\/concurso-camara-de-faina-go\/\" target=\"_blank\" rel=\"noreferrer noopener\">Concurso C\u00e2mara de Faina<\/a>&nbsp;(GO)<\/h3>\n\n\n\n<ul class=\"wp-block-list\">\n<li><strong>Banca: <\/strong>ITAME<\/li>\n\n\n\n<li><strong>Per\u00edodo de inscri\u00e7\u00f5es:<\/strong> 17\/05 a 22\/06<\/li>\n\n\n\n<li><strong>Data da prova:<\/strong> 16\/08<\/li>\n\n\n\n<li><strong>Vagas:<\/strong> 5 + 16 CR<\/li>\n\n\n\n<li><strong>Sal\u00e1rio:<\/strong> R$ 2.000,00<\/li>\n<\/ul>\n\n\n\n<h3 class=\"wp-block-heading\" id=\"h-concurso-camara-de-nbsp-santo-antonio-de-posse-sp\"><a href=\"https:\/\/www.estrategiaconcursos.com.br\/blog\/concurso-camara-de-santo-antonio-de-posse-sp\/\" target=\"_blank\" rel=\"noreferrer noopener\">Concurso C\u00e2mara de &nbsp;Santo Ant\u00f4nio de Posse<\/a> (SP)<\/h3>\n\n\n\n<ul class=\"wp-block-list\">\n<li><strong>Banca: <\/strong>SIGMA<\/li>\n\n\n\n<li><strong>Per\u00edodo de inscri\u00e7\u00f5es:<\/strong> at\u00e9 24\/05<\/li>\n\n\n\n<li><strong>Data da prova:<\/strong> 14\/06<\/li>\n\n\n\n<li><strong>Vagas:<\/strong> 01<\/li>\n\n\n\n<li><strong>Sal\u00e1rio:<\/strong> R$ 4.000,00<\/li>\n<\/ul>\n\n\n\n<h3 class=\"wp-block-heading\" id=\"h-concurso-camara-de-conceicao-da-barra-de-minas-mg\"><a href=\"https:\/\/www.estrategiaconcursos.com.br\/blog\/concurso-camara-de-conceicao-da-barra-de-minas-mg\/\" target=\"_blank\" rel=\"noreferrer noopener\">Concurso C\u00e2mara de Concei\u00e7\u00e3o da Barra de Minas<\/a> (MG)<\/h3>\n\n\n\n<ul class=\"wp-block-list\">\n<li><strong>Banca: <\/strong>Exodus<\/li>\n\n\n\n<li><strong>Per\u00edodo de inscri\u00e7\u00f5es:<\/strong> 15\/06 a 16\/07<\/li>\n\n\n\n<li><strong>Data da prova:<\/strong> 26\/07<\/li>\n\n\n\n<li><strong>Vagas:<\/strong> 02<\/li>\n\n\n\n<li><strong>Sal\u00e1rio:<\/strong> R$ 1.828,52 e R$ 2.742,78<\/li>\n<\/ul>\n\n\n\n<h3 class=\"wp-block-heading\" id=\"h-concurso-camara-de-ivinhema-ms\"><a href=\"https:\/\/www.estrategiaconcursos.com.br\/blog\/concurso-camara-de-ivinhema-ms\/\" target=\"_blank\" rel=\"noreferrer noopener\">Concurso C\u00e2mara de Ivinhema<\/a> (MS)<\/h3>\n\n\n\n<ul class=\"wp-block-list\">\n<li><strong>Banca: <\/strong>IAN<\/li>\n\n\n\n<li><strong>Per\u00edodo de inscri\u00e7\u00f5es:<\/strong> at\u00e9 14\/05<\/li>\n\n\n\n<li><strong>Data da prova:<\/strong> 21\/06<\/li>\n\n\n\n<li><strong>Vagas:<\/strong> 14 + CR<\/li>\n\n\n\n<li><strong>Sal\u00e1rio:<\/strong> R$ 3.393,86 a R$ 6.713,77<\/li>\n<\/ul>\n\n\n\n<h3 class=\"wp-block-heading\" id=\"h-concurso-camara-de-balneario-picarras-sc\"><a href=\"https:\/\/www.estrategiaconcursos.com.br\/blog\/concurso-camara-de-balneario-picarras-sc\/\" target=\"_blank\" rel=\"noreferrer noopener\">Concurso C\u00e2mara de Balne\u00e1rio Pi\u00e7arras<\/a> (SC)<\/h3>\n\n\n\n<ul class=\"wp-block-list\">\n<li><strong>Banca: <\/strong>IBAM<\/li>\n\n\n\n<li><strong>Per\u00edodo de inscri\u00e7\u00f5es:<\/strong> at\u00e9 08\/05<\/li>\n\n\n\n<li><strong>Data da prova:<\/strong> 31\/05<\/li>\n\n\n\n<li><strong>Vagas:<\/strong> 7<\/li>\n\n\n\n<li><strong>Sal\u00e1rio:<\/strong> R$ 3.823,70 a R$ 6.307,73<\/li>\n<\/ul>\n\n\n\n<h3 class=\"wp-block-heading\" id=\"h-concurso-camara-de-luz-mg\"><a href=\"https:\/\/www.estrategiaconcursos.com.br\/blog\/concurso-camara-de-luz-mg\/\" target=\"_blank\" rel=\"noreferrer noopener\">Concurso C\u00e2mara de Luz<\/a> (MG)<\/h3>\n\n\n\n<ul class=\"wp-block-list\">\n<li><strong>Banca: <\/strong>Talent Concursos<\/li>\n\n\n\n<li><strong>Per\u00edodo de inscri\u00e7\u00f5es:<\/strong> 10\/06 a 10\/07<\/li>\n\n\n\n<li><strong>Data da prova:<\/strong> 02\/08<\/li>\n\n\n\n<li><strong>Vagas:<\/strong> 2<\/li>\n\n\n\n<li><strong>Sal\u00e1rio:<\/strong> R$ 3.036,00 e R$ 4.067,31<\/li>\n<\/ul>\n\n\n\n<h3 class=\"wp-block-heading\" id=\"h-concurso-camara-de-botelhos-nbsp-mg\"><a href=\"https:\/\/www.estrategiaconcursos.com.br\/blog\/concurso-camara-de-botelhos-mg\/\" target=\"_blank\" rel=\"noreferrer noopener\">Concurso C\u00e2mara de Botelhos<\/a>&nbsp;(MG)<\/h3>\n\n\n\n<ul class=\"wp-block-list\">\n<li><strong>Banca: <\/strong>Elo Assessoria<\/li>\n\n\n\n<li><strong>Per\u00edodo de inscri\u00e7\u00f5es:<\/strong> 09\/06 a 09\/07<\/li>\n\n\n\n<li><strong>Data da prova:<\/strong> 09\/08<\/li>\n\n\n\n<li><strong>Vagas:<\/strong> 2<\/li>\n\n\n\n<li><strong>Sal\u00e1rio:<\/strong> R$ 2.675,00 a R$ 4.155,88<\/li>\n<\/ul>\n\n\n\n<h3 class=\"wp-block-heading\" id=\"h-concurso-camara-de-sao-luis-de-montes-belos-go\"><a href=\"https:\/\/www.estrategiaconcursos.com.br\/blog\/concurso-camara-sao-luis-de-montes-belos-go\/\" target=\"_blank\" rel=\"noreferrer noopener\">Concurso C\u00e2mara de S\u00e3o Lu\u00eds de Montes Belos<\/a> (GO)<\/h3>\n\n\n\n<ul class=\"wp-block-list\">\n<li><strong>Banca: <\/strong>IDIB<\/li>\n\n\n\n<li><strong>Per\u00edodo de inscri\u00e7\u00f5es:<\/strong> 11\/05 a 15\/06<\/li>\n\n\n\n<li><strong>Data da prova:<\/strong> 19\/07<\/li>\n\n\n\n<li><strong>Vagas:<\/strong> 8 + 160 CR<\/li>\n\n\n\n<li><strong>Sal\u00e1rio:<\/strong> R$ 1.512,77 a R$ 7.460,33<\/li>\n<\/ul>\n\n\n\n<h3 class=\"wp-block-heading\" id=\"h-concurso-camara-de-votorantim-sp\"><a href=\"https:\/\/www.estrategiaconcursos.com.br\/blog\/concurso-camara-de-votorantim-sp\/\" target=\"_blank\" rel=\"noreferrer noopener\">Concurso C\u00e2mara de Votorantim<\/a> (SP)<\/h3>\n\n\n\n<ul class=\"wp-block-list\">\n<li><strong>Banca: <\/strong>Vunesp<\/li>\n\n\n\n<li><strong>Per\u00edodo de inscri\u00e7\u00f5es:<\/strong> at\u00e9 26\/05<\/li>\n\n\n\n<li><strong>Data da prova:<\/strong> 19\/07<\/li>\n\n\n\n<li><strong>Vagas:<\/strong> 8<\/li>\n\n\n\n<li><strong>Sal\u00e1rio:<\/strong> R$ 2.538,97 a R$ 7.521,28<\/li>\n<\/ul>\n\n\n\n<h3 class=\"wp-block-heading\" id=\"h-concurso-camara-de-santa-maria-de-jetiba-es\"><a href=\"https:\/\/www.estrategiaconcursos.com.br\/blog\/concurso-camara-de-santa-maria-de-jetiba-es\/\" target=\"_blank\" rel=\"noreferrer noopener\">Concurso C\u00e2mara de Santa Maria de Jetib\u00e1<\/a> (ES)<\/h3>\n\n\n\n<ul class=\"wp-block-list\">\n<li><strong>Banca: <\/strong>Instituto Consulplan<\/li>\n\n\n\n<li><strong>Per\u00edodo de inscri\u00e7\u00f5es:<\/strong> at\u00e9 12\/05<\/li>\n\n\n\n<li><strong>Data da prova:<\/strong> 14\/06<\/li>\n\n\n\n<li><strong>Vagas:<\/strong> 6 + CR<\/li>\n\n\n\n<li><strong>Sal\u00e1rio:<\/strong> R$ 1.625,09 a R$ 8.384,84<\/li>\n<\/ul>\n\n\n\n<h3 class=\"wp-block-heading\" id=\"h-concurso-camara-domingos-martins-es\"><a href=\"https:\/\/www.estrategiaconcursos.com.br\/blog\/concurso-camara-domingos-martins-es\/\" target=\"_blank\" rel=\"noreferrer noopener\">Concurso C\u00e2mara Domingos Martins<\/a> (ES)<\/h3>\n\n\n\n<ul class=\"wp-block-list\">\n<li><strong>Banca: <\/strong>Instituto Consulplan<\/li>\n\n\n\n<li><strong>Per\u00edodo de inscri\u00e7\u00f5es:<\/strong> at\u00e9 29\/04<\/li>\n\n\n\n<li><strong>Data da prova:<\/strong> 07\/06<\/li>\n\n\n\n<li><strong>Vagas:<\/strong> 3<\/li>\n\n\n\n<li><strong>Sal\u00e1rio:<\/strong> R$ 2.257,50 a R$ 4.515,00<\/li>\n<\/ul>\n\n\n\n<h3 class=\"wp-block-heading\" id=\"h-concurso-camara-de-piedade-do-rio-grande-mg\"><a href=\"https:\/\/www.estrategiaconcursos.com.br\/blog\/concurso-camara-de-piedade-do-rio-grande-mg\/\" target=\"_blank\" rel=\"noreferrer noopener\">Concurso C\u00e2mara de Piedade do Rio Grande<\/a> (MG)<\/h3>\n\n\n\n<ul class=\"wp-block-list\">\n<li><strong>Banca: <\/strong>CAP Concursos<\/li>\n\n\n\n<li><strong>Per\u00edodo de inscri\u00e7\u00f5es:<\/strong> at\u00e9 30\/04<\/li>\n\n\n\n<li><strong>Data da prova:<\/strong> 17\/05<\/li>\n\n\n\n<li><strong>Vagas:<\/strong> 02<\/li>\n\n\n\n<li><strong>Sal\u00e1rio:<\/strong> R$ 1.726,51 a R$ 3.331,89<\/li>\n<\/ul>\n\n\n\n<h3 class=\"wp-block-heading\" id=\"h-concurso-camara-de-sabara-mg\"><a href=\"https:\/\/www.estrategiaconcursos.com.br\/blog\/concurso-camara-de-sabara-mg\/\" target=\"_blank\" rel=\"noreferrer noopener\">Concurso C\u00e2mara de Sabar\u00e1<\/a> (MG)<\/h3>\n\n\n\n<ul class=\"wp-block-list\">\n<li><strong>Banca: <\/strong>IMESO<\/li>\n\n\n\n<li><strong>Per\u00edodo de inscri\u00e7\u00f5es:<\/strong> 25\/05 a 25\/06<\/li>\n\n\n\n<li><strong>Data da prova:<\/strong> 01 e\/ou 02\/08<\/li>\n\n\n\n<li><strong>Vagas:<\/strong> 10<\/li>\n\n\n\n<li><strong>Sal\u00e1rio:<\/strong> R$ 1.942,00 a R$ 5.409,87<\/li>\n<\/ul>\n\n\n\n<h3 class=\"wp-block-heading\" id=\"h-concurso-camara-aracati-ce\"><a href=\"https:\/\/www.estrategiaconcursos.com.br\/blog\/concurso-camara-de-aracati-ce\/\" target=\"_blank\" rel=\"noreferrer noopener\">Concurso C\u00e2mara Aracati<\/a> (CE)<\/h3>\n\n\n\n<ul class=\"wp-block-list\">\n<li><strong>Banca<\/strong>: FCPC <\/li>\n\n\n\n<li><strong>Per\u00edodo de inscri\u00e7\u00f5es:<\/strong> at\u00e9 09\/06<\/li>\n\n\n\n<li><strong>Data da prova:<\/strong> 09\/08<\/li>\n\n\n\n<li><strong>Vagas:<\/strong> 17<\/li>\n\n\n\n<li><strong>Sal\u00e1rio:<\/strong> R$ 1.518,00 a R$ 3.742,00<\/li>\n<\/ul>\n\n\n\n<h2 class=\"wp-block-heading has-background\" id=\"concursos-conselhos\" style=\"background-color:#e8ebed\">Concursos Abertos: conselhos profissionais<\/h2>\n\n\n\n<h3 class=\"wp-block-heading\" id=\"h-concurso-crmv-sc\"><a href=\"https:\/\/www.estrategiaconcursos.com.br\/blog\/concurso-crmv-sc\/\">Concurso CRMV SC<\/a><\/h3>\n\n\n\n<ul class=\"wp-block-list\">\n<li><strong>Banca:<\/strong> IESES<\/li>\n\n\n\n<li><strong>Per\u00edodo de inscri\u00e7\u00f5es:<\/strong> at\u00e9 08\/05<\/li>\n\n\n\n<li><strong>Data da prova<\/strong>: 31\/05<\/li>\n\n\n\n<li><strong>Vagas:<\/strong> &nbsp;4 + CR<\/li>\n\n\n\n<li><strong>Sal\u00e1rio inicial:<\/strong>&nbsp;entre R$ 3.941,00 e R$ 11.208,62<\/li>\n<\/ul>\n\n\n\n<h3 class=\"wp-block-heading\" id=\"h-concurso-core-pi\"><a href=\"https:\/\/www.estrategiaconcursos.com.br\/blog\/concurso-core-pi\/\" target=\"_blank\" rel=\"noreferrer noopener\">Concurso CORE PI<\/a><\/h3>\n\n\n\n<ul class=\"wp-block-list\">\n<li><strong>Banca:<\/strong> QUADRIX<\/li>\n\n\n\n<li><strong>Per\u00edodo de inscri\u00e7\u00f5es:<\/strong> at\u00e9 20\/05<\/li>\n\n\n\n<li><strong>Data da prova<\/strong>: 21\/06<\/li>\n\n\n\n<li><strong>Vagas:<\/strong> &nbsp;4 + 156 CR<\/li>\n\n\n\n<li><strong>Sal\u00e1rio inicial:<\/strong>&nbsp;de R$ 3.947,08 at\u00e9 R$ 6.500,00<\/li>\n<\/ul>\n\n\n\n<h3 class=\"wp-block-heading\" id=\"h-concurso-crbm-5\"><a href=\"https:\/\/www.estrategiaconcursos.com.br\/blog\/concurso-crbm-5\/\" target=\"_blank\" rel=\"noreferrer noopener\">Concurso CRBM 5<\/a><\/h3>\n\n\n\n<ul class=\"wp-block-list\">\n<li><strong>Banca:<\/strong> INDEC<\/li>\n\n\n\n<li><strong>Per\u00edodo de inscri\u00e7\u00f5es:<\/strong> at\u00e9 11\/05<\/li>\n\n\n\n<li><strong>Data da prova<\/strong>: 31\/05<\/li>\n\n\n\n<li><strong>Vagas:<\/strong> &nbsp;5 + 205CR<\/li>\n\n\n\n<li><strong>Sal\u00e1rio inicial:<\/strong>&nbsp;R$ 3.492,32&nbsp;a&nbsp;R$ 5.088,60<\/li>\n<\/ul>\n\n\n\n<h3 class=\"wp-block-heading\" id=\"h-concurso-creci-ba\"><a href=\"https:\/\/www.estrategiaconcursos.com.br\/blog\/concurso-creci-ba\/\">Concurso CRECI BA<\/a><\/h3>\n\n\n\n<ul class=\"wp-block-list\">\n<li><strong>Banca:<\/strong> Instituto Quadrix<\/li>\n\n\n\n<li><strong>Per\u00edodo de inscri\u00e7\u00f5es:<\/strong> at\u00e9 20\/05<\/li>\n\n\n\n<li><strong>Data da prova<\/strong>: 28\/06<\/li>\n\n\n\n<li><strong>Vagas:<\/strong> &nbsp;15 + 485CR<\/li>\n\n\n\n<li><strong>Sal\u00e1rio inicial:<\/strong>&nbsp;R$ 1.910,88 a R$ 3.522,36<\/li>\n<\/ul>\n\n\n\n<h3 class=\"wp-block-heading\" id=\"h-concurso-crbm-2\"><a href=\"https:\/\/www.estrategiaconcursos.com.br\/blog\/concurso-crbm2\/\">Concurso CRBM 2<\/a><\/h3>\n\n\n\n<ul class=\"wp-block-list\">\n<li><strong>Banca:<\/strong> INDEC<\/li>\n\n\n\n<li><strong>Per\u00edodo de inscri\u00e7\u00f5es:<\/strong> at\u00e9 07\/05<\/li>\n\n\n\n<li><strong>Data da prova<\/strong>: &nbsp;14\/06<\/li>\n\n\n\n<li><strong>Vagas:<\/strong> &nbsp;9+CR<\/li>\n\n\n\n<li><strong>Sal\u00e1rio inicial:<\/strong>&nbsp;at\u00e9 R$ 6,6 mil<\/li>\n<\/ul>\n\n\n\n<h3 class=\"wp-block-heading\" id=\"h-concurso-cfbm\"><a href=\"https:\/\/www.estrategiaconcursos.com.br\/blog\/concurso-cfbm\/\" target=\"_blank\" rel=\"noreferrer noopener\">Concurso CFBM<\/a><\/h3>\n\n\n\n<ul class=\"wp-block-list\">\n<li><strong>Banca:<\/strong> Instituto Consulplan<\/li>\n\n\n\n<li><strong>Per\u00edodo de inscri\u00e7\u00f5es:<\/strong> at\u00e9 04\/05<\/li>\n\n\n\n<li><strong>Data da prova<\/strong>: 14\/05<\/li>\n\n\n\n<li><strong>Vagas:<\/strong> &nbsp;5 + 34CR<\/li>\n\n\n\n<li><strong>Sal\u00e1rio inicial:<\/strong>&nbsp;de R$ 13.000,00 a R$ 15.000,00 + benef\u00edcios<\/li>\n<\/ul>\n\n\n\n<h3 class=\"wp-block-heading\" id=\"h-concurso-crefono-9\"><a href=\"https:\/\/www.estrategiaconcursos.com.br\/blog\/concurso-crefono-9\/\" target=\"_blank\" rel=\"noreferrer noopener\">Concurso CREFONO 9<\/a><\/h3>\n\n\n\n<ul class=\"wp-block-list\">\n<li><strong>Banca:<\/strong> Quadrix<\/li>\n\n\n\n<li><strong>Per\u00edodo de inscri\u00e7\u00f5es:<\/strong> at\u00e9 06\/05<\/li>\n\n\n\n<li><strong>Data da prova<\/strong>: &nbsp;14\/05<\/li>\n\n\n\n<li><strong>Vagas:<\/strong> &nbsp;6+180 CR<\/li>\n\n\n\n<li><strong>Sal\u00e1rio inicial:<\/strong>&nbsp;at\u00e9&nbsp;R$&nbsp;4.000,00&nbsp;+ benef\u00edcios<\/li>\n<\/ul>\n\n\n\n<h2 class=\"wp-block-heading has-background\" id=\"tribunais\" style=\"background-color:#e8ebed\">Concursos Abertos: Tribunais, Defensorias, Procuradorias e Minist\u00e9rios P\u00fablicos<\/h2>\n\n\n\n<h3 class=\"wp-block-heading\" id=\"gmail-h-concurso-crm-df\"><a href=\"https:\/\/www.estrategiaconcursos.com.br\/blog\/concurso-tj-sc\/\" target=\"_blank\" rel=\"noreferrer noopener\">Concurso TJ SC<\/a><\/h3>\n\n\n\n<ul class=\"wp-block-list\">\n<li><strong>Banca:<\/strong>&nbsp;FGV<\/li>\n\n\n\n<li><strong>Per\u00edodo de inscri\u00e7\u00f5es:<\/strong> at\u00e9 30\/04<\/li>\n\n\n\n<li><strong>Data da prova<\/strong>: 28\/06\/2026<\/li>\n\n\n\n<li><strong>Vagas:<\/strong> 2 + CR<\/li>\n\n\n\n<li><strong>Sal\u00e1rio inicial:<\/strong>&nbsp;R$ 6.034,81 a R$ 10.388,29<\/li>\n<\/ul>\n\n\n\n<h3 class=\"wp-block-heading\" id=\"gmail-h-concurso-crm-df\"><a href=\"https:\/\/www.estrategiaconcursos.com.br\/blog\/concurso-mp-es\/\" target=\"_blank\" rel=\"noreferrer noopener\">Concurso MP ES<\/a><\/h3>\n\n\n\n<ul class=\"wp-block-list\">\n<li><strong>Banca:<\/strong>&nbsp;FGV<\/li>\n\n\n\n<li><strong>Per\u00edodo de inscri\u00e7\u00f5es:<\/strong> at\u00e9 11\/06<\/li>\n\n\n\n<li><strong>Data da prova<\/strong>: 02\/08<\/li>\n\n\n\n<li><strong>Vagas:<\/strong> 60<\/li>\n\n\n\n<li><strong>Sal\u00e1rio inicial:<\/strong>&nbsp;at\u00e9 R$ 10.453,81<\/li>\n<\/ul>\n\n\n\n<h2 class=\"wp-block-heading has-background\" id=\"saude\" style=\"background-color:#e8ebed\">Concursos Abertos: Sa\u00fade<\/h2>\n\n\n\n<h3 class=\"wp-block-heading\" id=\"h-concurso-praia-grande-saude-sp\"><a href=\"https:\/\/www.estrategiaconcursos.com.br\/blog\/concurso-praia-grande-saude\/\" target=\"_blank\" rel=\"noreferrer noopener\">Concurso Praia Grande Sa\u00fade<\/a> (SP)<\/h3>\n\n\n\n<ul class=\"wp-block-list\">\n<li><strong>Banca: <\/strong>IBAM<\/li>\n\n\n\n<li><strong>Per\u00edodo de inscri\u00e7\u00f5es:<\/strong> at\u00e9 20\/05<\/li>\n\n\n\n<li><strong>Data da prova:<\/strong> 14\/06<\/li>\n\n\n\n<li><strong>Vagas:<\/strong> 18<\/li>\n\n\n\n<li><strong>Sal\u00e1rio:<\/strong> R$ 4.976,84 a R$ 25.000,00<\/li>\n<\/ul>\n\n\n\n<h3 class=\"wp-block-heading\" id=\"h-concurso-ipatinga-saude-mg\"><a href=\"https:\/\/www.estrategiaconcursos.com.br\/blog\/concurso-ipatinga-saude-mg\/\" target=\"_blank\" rel=\"noreferrer noopener\">Concurso Ipatinga Sa\u00fade<\/a> (MG)<\/h3>\n\n\n\n<ul class=\"wp-block-list\">\n<li><strong>Banca: <\/strong>IMAM<\/li>\n\n\n\n<li><strong>Per\u00edodo de inscri\u00e7\u00f5es:<\/strong> 17\/06 a 17\/07<\/li>\n\n\n\n<li><strong>Data da prova:<\/strong> 15, 16, 22 e 23\/08<\/li>\n\n\n\n<li><strong>Vagas:<\/strong> 233<\/li>\n\n\n\n<li><strong>Sal\u00e1rio:<\/strong> R$ 1.954,27 a R$ 13.980,00<\/li>\n<\/ul>\n\n\n\n<h3 class=\"wp-block-heading\" id=\"h-concurso-sao-jose-do-ribamar-saude-ma\"><a href=\"https:\/\/www.estrategiaconcursos.com.br\/blog\/concurso-sao-jose-de-ribamar-saude\/\" target=\"_blank\" rel=\"noreferrer noopener\">Concurso S\u00e3o Jos\u00e9 do Ribamar Sa\u00fade<\/a> (MA)<\/h3>\n\n\n\n<ul class=\"wp-block-list\">\n<li><strong>Banca: <\/strong>Instituto JK<\/li>\n\n\n\n<li><strong>Per\u00edodo de inscri\u00e7\u00f5es:<\/strong> 05\/05 a 05\/06<\/li>\n\n\n\n<li><strong>Data da prova:<\/strong> 26\/07<\/li>\n\n\n\n<li><strong>Vagas:<\/strong> 120 + 305 CR<\/li>\n\n\n\n<li><strong>Sal\u00e1rio:<\/strong> R$ 3.242,00<\/li>\n<\/ul>\n\n\n\n<h3 class=\"wp-block-heading\" id=\"h-pss-ses-df-temporarios\"><a href=\"https:\/\/www.estrategiaconcursos.com.br\/blog\/pss-ses-df-edital-temporarios-2026\/\" target=\"_blank\" rel=\"noreferrer noopener\">PSS SES DF Tempor\u00e1rios<\/a><\/h3>\n\n\n\n<ul class=\"wp-block-list\">\n<li><strong>Banca: <\/strong>Instituto Avalia<\/li>\n\n\n\n<li><strong>Per\u00edodo de inscri\u00e7\u00f5es:<\/strong> 23\/04 a 05\/05<\/li>\n\n\n\n<li><strong>Data da prova:<\/strong> sem prova<\/li>\n\n\n\n<li><strong>Vagas:<\/strong> 300 + 600 CR<\/li>\n\n\n\n<li><strong>Sal\u00e1rio:<\/strong> R$ 4.045,76 a R$ 4.134,01<\/li>\n<\/ul>\n\n\n\n<h3 class=\"wp-block-heading\" id=\"h-concurso-fungota-araraquara-sp\"><a href=\"https:\/\/www.estrategiaconcursos.com.br\/blog\/concurso-fungota-araraquara-sp\/\" target=\"_blank\" rel=\"noreferrer noopener\">Concurso FunGOTA Araraquara<\/a> (SP)<\/h3>\n\n\n\n<ul class=\"wp-block-list\">\n<li><strong>Banca: <\/strong>Instituto Consulpam<\/li>\n\n\n\n<li><strong>Per\u00edodo de inscri\u00e7\u00f5es:<\/strong> at\u00e9 11\/05<\/li>\n\n\n\n<li><strong>Data da prova:<\/strong> 24\/05<\/li>\n\n\n\n<li><strong>Vagas:<\/strong> 5 + CR<\/li>\n\n\n\n<li><strong>Sal\u00e1rio:<\/strong> R$ 1.809,89 a R$ 10.311,80<\/li>\n<\/ul>\n\n\n\n<h3 class=\"wp-block-heading\" id=\"h-concurso-porto-alegre-saude-rs\"><a href=\"https:\/\/www.estrategiaconcursos.com.br\/blog\/concurso-porto-alegre-saude\/\" target=\"_blank\" rel=\"noreferrer noopener\">Concurso Porto Alegre Sa\u00fade<\/a> (RS)<\/h3>\n\n\n\n<ul class=\"wp-block-list\">\n<li><strong>Banca: <\/strong>Fundatec<\/li>\n\n\n\n<li><strong>Per\u00edodo de inscri\u00e7\u00f5es:<\/strong> at\u00e9 15\/05<\/li>\n\n\n\n<li><strong>Data da prova:<\/strong> 05\/07<\/li>\n\n\n\n<li><strong>Vagas:<\/strong> 2 + CR<\/li>\n\n\n\n<li><strong>Sal\u00e1rio:<\/strong> R$ 4.795,81 a R$ 9.067,19<\/li>\n<\/ul>\n\n\n\n<h3 class=\"wp-block-heading\" id=\"h-concurso-camboriu-saude-sc\"><a href=\"https:\/\/www.estrategiaconcursos.com.br\/blog\/concurso-camboriu-saude-sc\" target=\"_blank\" rel=\"noreferrer noopener\">Concurso Cambori\u00fa Sa\u00fade<\/a> (SC)<\/h3>\n\n\n\n<ul class=\"wp-block-list\">\n<li><strong>Banca: <\/strong>Idecan<\/li>\n\n\n\n<li><strong>Per\u00edodo de inscri\u00e7\u00f5es:<\/strong> at\u00e9 11\/05<\/li>\n\n\n\n<li><strong>Data da prova:<\/strong> 14\/06<\/li>\n\n\n\n<li><strong>Vagas:<\/strong> 122 + CR<\/li>\n\n\n\n<li><strong>Sal\u00e1rio:<\/strong> R$ 2.136,79 a R$ 15.955,99<\/li>\n<\/ul>\n\n\n\n<h3 class=\"wp-block-heading\" id=\"h-concurso-ji-parana-saude-ro\"><a href=\"https:\/\/www.estrategiaconcursos.com.br\/blog\/concurso-ji-parana-ro-saude\" target=\"_blank\" rel=\"noreferrer noopener\">Concurso Ji-Paran\u00e1 Sa\u00fade<\/a> (RO)<\/h3>\n\n\n\n<ul class=\"wp-block-list\">\n<li><strong>Banca: <\/strong>Instituto Consulplan<\/li>\n\n\n\n<li><strong>Per\u00edodo de inscri\u00e7\u00f5es:<\/strong> at\u00e9 21\/05<\/li>\n\n\n\n<li><strong>Data da prova:<\/strong> 28\/06 e 12\/07<\/li>\n\n\n\n<li><strong>Vagas:<\/strong> 220 + CR<\/li>\n\n\n\n<li><strong>Sal\u00e1rio:<\/strong> R$ 1.212,00 a R$ 10.170,07<\/li>\n<\/ul>\n\n\n\n<h3 class=\"wp-block-heading\" id=\"h-concurso-sao-leopoldo-saude-rs\"><a href=\"https:\/\/www.estrategiaconcursos.com.br\/blog\/concurso-sao-leopoldo-saude-rs\/\" target=\"_blank\" rel=\"noreferrer noopener\">Concurso S\u00e3o Leopoldo Sa\u00fade RS<\/a><\/h3>\n\n\n\n<ul class=\"wp-block-list\">\n<li><strong>Banca<\/strong>: La Salle<\/li>\n\n\n\n<li><strong>Per\u00edodo de inscri\u00e7\u00f5es:<\/strong> at\u00e9 06\/05<\/li>\n\n\n\n<li><strong>Datas das provas:<\/strong> 05\/07<\/li>\n\n\n\n<li><strong>Vagas<\/strong>: 9 + CR<\/li>\n\n\n\n<li><strong>Sal\u00e1rio<\/strong>: R$ 2.450,98 a R$ 7.211,97<\/li>\n<\/ul>\n\n\n\n<h3 class=\"wp-block-heading\" id=\"h-concurso-macae-rj-saude\"><a href=\"https:\/\/www.estrategiaconcursos.com.br\/blog\/concurso-macae-saude\/\" target=\"_blank\" rel=\"noreferrer noopener\">Concurso Maca\u00e9 RJ Sa\u00fade<\/a><\/h3>\n\n\n\n<ul class=\"wp-block-list\">\n<li><strong>Banca<\/strong>: FGV<\/li>\n\n\n\n<li><strong>Per\u00edodo de inscri\u00e7\u00f5es:<\/strong> at\u00e9 30\/04<\/li>\n\n\n\n<li><strong>Datas das provas:<\/strong> 21\/06<\/li>\n\n\n\n<li><strong>Vagas<\/strong>: 191<\/li>\n\n\n\n<li><strong>Sal\u00e1rio<\/strong>: R$ 2.497,34 a R$ 11.114,50<\/li>\n<\/ul>\n\n\n\n<h3 class=\"wp-block-heading\" id=\"h-concurso-pm-sp-saude\"><a href=\"https:\/\/www.estrategiaconcursos.com.br\/blog\/concurso-pm-sp\/\" target=\"_blank\" rel=\"noreferrer noopener\">Concurso PM SP Sa\u00fade<\/a><\/h3>\n\n\n\n<ul class=\"wp-block-list\">\n<li><strong>Banca<\/strong>: Funda\u00e7\u00e3o Vunesp<\/li>\n\n\n\n<li><strong>Per\u00edodo de inscri\u00e7\u00f5es:<\/strong> at\u00e9 07\/05<\/li>\n\n\n\n<li><strong>Datas das provas:<\/strong> 14\/06<\/li>\n\n\n\n<li><strong>Vagas<\/strong>: 36<\/li>\n\n\n\n<li><strong>Sal\u00e1rio<\/strong>: R$ 9.832,41<\/li>\n<\/ul>\n\n\n\n<h3 class=\"wp-block-heading\" id=\"h-concurso-senador-canedo-saude-go\"><a href=\"https:\/\/www.estrategiaconcursos.com.br\/blog\/concurso-senador-canedo-saude-go\/\" target=\"_blank\" rel=\"noreferrer noopener\">Concurso Senador Canedo Sa\u00fade<\/a> (GO)<\/h3>\n\n\n\n<ul class=\"wp-block-list\">\n<li><strong>Banca<\/strong>: Instituto Verbena<\/li>\n\n\n\n<li><strong>Per\u00edodo de inscri\u00e7\u00f5es:<\/strong> at\u00e9 14\/05<\/li>\n\n\n\n<li><strong>Datas das provas:<\/strong> 14 e 21\/06<\/li>\n\n\n\n<li><strong>Vagas<\/strong>: 264 + 792 CR<\/li>\n\n\n\n<li><strong>Sal\u00e1rio<\/strong>: R$ 1.796,63 a R$ 9.929,68<\/li>\n<\/ul>\n\n\n\n<h2 class=\"wp-block-heading has-background\" id=\"militares\" style=\"background-color:#e8ebed\">Concursos Abertos: Militares<\/h2>\n\n\n\n<h3 class=\"wp-block-heading\" id=\"h-concurso-exercito\"><a href=\"https:\/\/www.estrategiaconcursos.com.br\/blog\/concurso-exercito\/\" target=\"_blank\" rel=\"noreferrer noopener\">Concurso Ex\u00e9rcito<\/a><\/h3>\n\n\n\n<ul class=\"wp-block-list\">\n<li><strong>Banca<\/strong>: ESFCEx\/Vunesp<\/li>\n\n\n\n<li><strong>Per\u00edodo de inscri\u00e7\u00f5es:<\/strong> at\u00e9 12\/06<\/li>\n\n\n\n<li><strong>Datas das provas:<\/strong> 12\/07<\/li>\n\n\n\n<li><strong>Vagas<\/strong>: 227<\/li>\n\n\n\n<li><strong>Sal\u00e1rio<\/strong>: R$ 9.004,00<\/li>\n<\/ul>\n\n\n\n<h2 class=\"wp-block-heading has-background\" id=\"outros-concursos\" style=\"background-color:#e8ebed\">Concursos Abertos: outras oportunidades<\/h2>\n\n\n\n<h3 class=\"wp-block-heading\" id=\"h-concurso-saae-aracruz-es\"><a href=\"https:\/\/www.estrategiaconcursos.com.br\/blog\/concurso-saae-aracruz\/\" target=\"_blank\" rel=\"noreferrer noopener\">Concurso SAAE Aracruz<\/a> (ES)<\/h3>\n\n\n\n<ul class=\"wp-block-list\">\n<li><strong>Banca<\/strong>:\u00a0IDCAP<\/li>\n\n\n\n<li><strong>Per\u00edodo de inscri\u00e7\u00f5es:<\/strong> 07 a 26\/05<\/li>\n\n\n\n<li><strong>Datas das provas:<\/strong>\u00a021\/06<\/li>\n\n\n\n<li><strong>Vagas<\/strong>: 03 + CR<\/li>\n\n\n\n<li><strong>Sal\u00e1rio<\/strong>: R$ 1.560,98 a R$ 2.845,14<\/li>\n<\/ul>\n\n\n\n<h3 class=\"wp-block-heading\" id=\"h-concurso-nav-0\"><a href=\"https:\/\/www.estrategiaconcursos.com.br\/blog\/concurso-nav\/\" target=\"_blank\" rel=\"noreferrer noopener\">Concurso NAV<\/a><\/h3>\n\n\n\n<ul class=\"wp-block-list\">\n<li><strong>Banca<\/strong>:&nbsp;FGV<\/li>\n\n\n\n<li><strong>Per\u00edodo de inscri\u00e7\u00f5es:<\/strong> 27\/04 a 28\/05<\/li>\n\n\n\n<li><strong>Datas das provas:<\/strong>&nbsp;02\/08<\/li>\n\n\n\n<li><strong>Vagas<\/strong>: 128 + 730 CR<\/li>\n\n\n\n<li><strong>Sal\u00e1rio<\/strong>: R$ 4.632,10 a R$ 10.868,68<\/li>\n<\/ul>\n\n\n\n<h3 class=\"wp-block-heading\" id=\"h-concurso-cesama-juiz-de-fora-mg\"><a href=\"https:\/\/www.estrategiaconcursos.com.br\/blog\/concurso-cesama\/\" target=\"_blank\" rel=\"noreferrer noopener\">Concurso CESAMA Juiz de Fora<\/a> (MG)<\/h3>\n\n\n\n<ul class=\"wp-block-list\">\n<li><strong>Banca<\/strong>:&nbsp;Instituto AOCP<\/li>\n\n\n\n<li><strong>Per\u00edodo de inscri\u00e7\u00f5es:<\/strong> 10\/06 a 10\/07<\/li>\n\n\n\n<li><strong>Datas das provas:<\/strong>&nbsp;16\/08<\/li>\n\n\n\n<li><strong>Vagas<\/strong>: 34 + CR<\/li>\n\n\n\n<li><strong>Sal\u00e1rio<\/strong>: R$ 1.895,80 a R$ 9.065,06<\/li>\n<\/ul>\n\n\n\n<h3 class=\"wp-block-heading\" id=\"h-concurso-camboriuprev-sc\"><a href=\"https:\/\/www.estrategiaconcursos.com.br\/blog\/concurso-camboriuprev\/\" target=\"_blank\" rel=\"noreferrer noopener\">Concurso Cambori\u00faPrev<\/a> (SC)<\/h3>\n\n\n\n<ul class=\"wp-block-list\">\n<li><strong>Banca<\/strong>:&nbsp;Idecan<\/li>\n\n\n\n<li><strong>Per\u00edodo de inscri\u00e7\u00f5es:<\/strong> at\u00e9 11\/05<\/li>\n\n\n\n<li><strong>Datas das provas:<\/strong>&nbsp;14\/06<\/li>\n\n\n\n<li><strong>Vagas<\/strong>: 5 + CR<\/li>\n\n\n\n<li><strong>Sal\u00e1rio<\/strong>: R$ 3.900,00 a R$ 6.141,66<\/li>\n<\/ul>\n\n\n\n<h3 class=\"wp-block-heading\" id=\"h-concurso-mgs-es\"><a href=\"https:\/\/www.estrategiaconcursos.com.br\/blog\/concurso-mgs-es\/\" target=\"_blank\" rel=\"noreferrer noopener\">Concurso MGS ES<\/a><\/h3>\n\n\n\n<ul class=\"wp-block-list\">\n<li><strong>Banca<\/strong>:&nbsp;IBFC<\/li>\n\n\n\n<li><strong>Per\u00edodo de inscri\u00e7\u00f5es:<\/strong> at\u00e9 04\/05<\/li>\n\n\n\n<li><strong>Datas das provas:<\/strong>&nbsp;07\/06<\/li>\n\n\n\n<li><strong>Vagas<\/strong>: 56 + CR<\/li>\n\n\n\n<li><strong>Sal\u00e1rio<\/strong>: R$ 2.279,72 a R$ 4.508,11<\/li>\n<\/ul>\n\n\n\n<h3 class=\"wp-block-heading\" id=\"h-concurso-previsinop\"><a href=\"https:\/\/www.estrategiaconcursos.com.br\/blog\/concurso-previsinop\/\" target=\"_blank\" rel=\"noreferrer noopener\">Concurso Previsinop<\/a><\/h3>\n\n\n\n<ul class=\"wp-block-list\">\n<li><strong>Banca<\/strong>:&nbsp;Instituto Selecon<\/li>\n\n\n\n<li><strong>Per\u00edodo de inscri\u00e7\u00f5es:<\/strong> at\u00e9 04\/05<\/li>\n\n\n\n<li><strong>Datas das provas:<\/strong>&nbsp;17\/5<\/li>\n\n\n\n<li><strong>Vagas<\/strong>: 2 + CR<\/li>\n\n\n\n<li><strong>Sal\u00e1rio<\/strong>: R$ 3.667,33 a R$ 7.481,37<\/li>\n<\/ul>\n\n\n\n<h3 class=\"wp-block-heading\" id=\"h-concurso-epc-pb\"><a href=\"https:\/\/www.estrategiaconcursos.com.br\/blog\/concurso-epc\/\" target=\"_blank\" rel=\"noreferrer noopener\">Concurso EPC PB<\/a><\/h3>\n\n\n\n<ul class=\"wp-block-list\">\n<li><strong>Banca<\/strong>:&nbsp;Nosso Rumo<\/li>\n\n\n\n<li><strong>Per\u00edodo de inscri\u00e7\u00f5es:<\/strong> at\u00e9 13\/5<\/li>\n\n\n\n<li><strong>Datas das provas:<\/strong>&nbsp;28\/6<\/li>\n\n\n\n<li><strong>Vagas<\/strong>: 35 + CR<\/li>\n\n\n\n<li><strong>Sal\u00e1rio<\/strong>: R$ 1.990,55 e R$ 3.317,58<\/li>\n<\/ul>\n\n\n\n<h3 class=\"wp-block-heading\" id=\"h-concurso-funpresp-jud\"><a href=\"https:\/\/www.estrategiaconcursos.com.br\/blog\/concurso-funpresp-jud\/\" target=\"_blank\" rel=\"noreferrer noopener\">Concurso Funpresp Jud<\/a><\/h3>\n\n\n\n<ul class=\"wp-block-list\">\n<li><strong>Banca<\/strong>:&nbsp;Cebraspe<\/li>\n\n\n\n<li><strong>Per\u00edodo de inscri\u00e7\u00f5es:<\/strong> at\u00e9 07\/05<\/li>\n\n\n\n<li><strong>Datas das provas:<\/strong>&nbsp;5\/7<\/li>\n\n\n\n<li><strong>Vagas<\/strong>: 04 + CR<\/li>\n\n\n\n<li><strong>Sal\u00e1rio<\/strong>: R$ 10.364,94 a R$ 11.495,66<\/li>\n<\/ul>\n\n\n\n<h3 class=\"wp-block-heading\" id=\"h-concurso-der-al\"><a href=\"https:\/\/www.estrategiaconcursos.com.br\/blog\/concurso-der-al\/\" target=\"_blank\" rel=\"noreferrer noopener\">Concurso DER AL<\/a><\/h3>\n\n\n\n<ul class=\"wp-block-list\">\n<li><strong>Banca<\/strong>:&nbsp;Cebraspe<\/li>\n\n\n\n<li><strong>Per\u00edodo de inscri\u00e7\u00f5es:<\/strong> at\u00e9 14\/5<\/li>\n\n\n\n<li><strong>Datas das provas:<\/strong>&nbsp;5\/7<\/li>\n\n\n\n<li><strong>Vagas<\/strong>: 10 + 10 CR<\/li>\n\n\n\n<li><strong>Sal\u00e1rio<\/strong>: R$ 8.458,49<\/li>\n<\/ul>\n\n\n\n<h3 class=\"wp-block-heading\" id=\"h-concurso-ceasa-rn\"><a href=\"https:\/\/www.estrategiaconcursos.com.br\/blog\/concurso-ceasa-rn\/\" target=\"_blank\" rel=\"noreferrer noopener\">Concurso Ceasa RN<\/a><\/h3>\n\n\n\n<ul class=\"wp-block-list\">\n<li><strong>Banca<\/strong>:&nbsp;Instituto Avalia<\/li>\n\n\n\n<li><strong>Per\u00edodo de inscri\u00e7\u00f5es:<\/strong> at\u00e9 30\/04<\/li>\n\n\n\n<li><strong>Datas das provas:<\/strong> 31\/05<\/li>\n\n\n\n<li><strong>Vagas<\/strong>: 5 <\/li>\n\n\n\n<li><strong>Sal\u00e1rio<\/strong>: R$ 3.336,57<\/li>\n<\/ul>\n\n\n\n<h3 class=\"wp-block-heading\" id=\"h-concurso-ipern\"><a href=\"https:\/\/www.estrategiaconcursos.com.br\/blog\/concurso-ipern\/\" target=\"_blank\" rel=\"noreferrer noopener\">Concurso IPERN<\/a><\/h3>\n\n\n\n<ul class=\"wp-block-list\">\n<li><strong>Banca<\/strong>:&nbsp;Instituto Avalia<\/li>\n\n\n\n<li><strong>Per\u00edodo de inscri\u00e7\u00f5es:<\/strong> at\u00e9 30\/04<\/li>\n\n\n\n<li><strong>Datas das provas:<\/strong> 31\/05<\/li>\n\n\n\n<li><strong>Vagas<\/strong>: 90 + CR<\/li>\n\n\n\n<li><strong>Sal\u00e1rio<\/strong>: R$ 1.771,46 a R$ 2.940,62<\/li>\n<\/ul>\n\n\n\n<h3 class=\"wp-block-heading\" id=\"h-concurso-saae-passos-mg\"><a href=\"https:\/\/www.estrategiaconcursos.com.br\/blog\/concurso-saae-passos\/\" target=\"_blank\" rel=\"noreferrer noopener\">Concurso SAAE Passos<\/a> (MG)<\/h3>\n\n\n\n<ul class=\"wp-block-list\">\n<li><strong>Banca<\/strong>: IBGP<\/li>\n\n\n\n<li><strong>Per\u00edodo de inscri\u00e7\u00f5es:<\/strong> 11\/5 a 10\/6<\/li>\n\n\n\n<li><strong>Datas das provas:<\/strong> 12\/07<\/li>\n\n\n\n<li><strong>Vagas<\/strong>: 17 + CR<\/li>\n\n\n\n<li><strong>Sal\u00e1rio<\/strong>: R$ 1.927,01 a R$ 4.891,64 <\/li>\n<\/ul>\n\n\n\n<div class=\"wp-block-group is-layout-flow wp-block-group-is-layout-flow\">\n<div class=\"wp-block-group is-layout-flow wp-block-group-is-layout-flow\">\n<hr class=\"wp-block-separator has-css-opacity\"\/>\n<\/div>\n<\/div>\n\n\n\n<p class=\"has-text-align-center\" id=\"curso-concurso\" style=\"font-size:clamp(16.834px, 1.052rem + ((1vw - 3.2px) * 0.899), 26px);\"><strong>Quer saber tudo sobre os concursos previstos? Confira nosso artigo completo!<\/strong><\/p>\n\n\n\n<ul class=\"wp-block-list\">\n<li><a href=\"https:\/\/www.estrategiaconcursos.com.br\/blog\/concurso-nacional-unificado\/\" target=\"_blank\" rel=\"noreferrer noopener\">CNU<\/a><\/li>\n\n\n\n<li><a href=\"https:\/\/www.estrategiaconcursos.com.br\/blog\/concursos-2026\/\" target=\"_blank\" rel=\"noreferrer noopener\">Concursos 2026<\/a><\/li>\n\n\n\n<li><a href=\"https:\/\/www.estrategiaconcursos.com.br\/blog\/concursos-federais\/\" target=\"_blank\" rel=\"noreferrer noopener\">Concursos Federais<\/a><\/li>\n\n\n\n<li><a href=\"https:\/\/www.estrategiaconcursos.com.br\/blog\/concurso-administrativos\/\" target=\"_blank\" rel=\"noreferrer noopener\">Concursos Administrativos<\/a><\/li>\n<\/ul>\n\n\n\n<div class=\"container\" id=\"boxes\">\n  <div class=\"row\">\n\n    <div class=\"col-sm\">\n      <div class=\"estrategia\" id=\"box-assinatura\">\n        <h3 class=\"titulo-assinatura\">Assinatura de Concursos<\/h3>\n        <p class=\"subtitulo-assinatura\">Assinatura de 1 ano ou 2 anos<\/p>\n        <div class=\"box-botao\">\n          <a class=\"btn-assinatura\" target=\"_blank\" href=\"https:\/\/www.estrategiaconcursos.com.br\/assinaturas\/\" role=\"button\" rel=\"noopener noreferrer\">ASSINE AGORA<\/a>\n        <\/div>\n      <\/div>\n     \n    <\/div><\/div><\/div>\n","protected":false},"excerpt":{"rendered":"<p>Este artigo serve como seu guia essencial para acompanhar os Concursos Abertos em todo o pa\u00eds, apresentando milhares de vagas com sal\u00e1rios iniciais de destaque, que podem alcan\u00e7ar at\u00e9 R$ 32 mil.<\/p>\n<p>Para facilitar sua escolha e planejamento, as oportunidades est\u00e3o organizadas por \u00e1reas espec\u00edficas (Policial, Fiscal, Tribunais, etc.), e cada item traz um resumo das informa\u00e7\u00f5es cruciais do edital (banca, vagas, sal\u00e1rios e datas de prova). Use este conte\u00fado atualizado diariamente para decidir em qual \u00f3rg\u00e3o investir seu futuro e conhe\u00e7a os cursos preparat\u00f3rios dispon\u00edveis para garantir sua aprova\u00e7\u00e3o.<\/p>\n","protected":false},"author":659,"featured_media":1471418,"comment_status":"open","ping_status":"open","sticky":true,"template":"","format":"standard","meta":{"post_tipo":"news_page","footnotes":""},"categories":[1,220219],"tags":[],"tax_estado":[219964,219965,219966,219967,219968,219969,219963,219970,219971,219972,219973,219974,219975,219976,219977,219978,219979,219980,219981,219982,219983,219984,219985,219986,219987,219988,219990],"class_list":["post-944622","post","type-post","status-publish","format-standard","has-post-thumbnail","hentry","category-cursos-e-concursos","category-noticias","tax_estado-ac","tax_estado-al","tax_estado-am","tax_estado-ap","tax_estado-ba","tax_estado-ce","tax_estado-concursos-federais","tax_estado-df","tax_estado-es","tax_estado-go","tax_estado-ma","tax_estado-mg","tax_estado-ms","tax_estado-mt","tax_estado-pa","tax_estado-pb","tax_estado-pe","tax_estado-pi","tax_estado-pr","tax_estado-rj","tax_estado-rn","tax_estado-ro","tax_estado-rr","tax_estado-rs","tax_estado-sc","tax_estado-se","tax_estado-to"],"acf":[],"yoast_head":"<!-- This site is optimized with the Yoast SEO Premium plugin v27.2 (Yoast SEO v27.2) - https:\/\/yoast.com\/product\/yoast-seo-premium-wordpress\/ -->\n<title>Concursos Abertos: milhares de vagas e inicial at\u00e9 R$ 32 mil<\/title>\n<meta name=\"description\" content=\"Concursos Abertos: oportunidades em todo o pa\u00eds! Milhares de vagas em diversas \u00e1reas. Confira os editais, requisitos e inscreva-se j\u00e1!\" \/>\n<meta name=\"robots\" content=\"index, follow, max-snippet:-1, max-image-preview:large, max-video-preview:-1\" \/>\n<link rel=\"canonical\" href=\"https:\/\/www.estrategiaconcursos.com.br\/blog\/concursos-abertos\/\" \/>\n<meta property=\"og:locale\" content=\"pt_BR\" \/>\n<meta property=\"og:type\" content=\"article\" \/>\n<meta property=\"og:title\" content=\"Concursos Abertos: milhares de vagas e inicial at\u00e9 R$ 32 mil\" \/>\n<meta property=\"og:description\" content=\"Concursos Abertos: oportunidades em todo o pa\u00eds! Milhares de vagas em diversas \u00e1reas. Confira os editais, requisitos e inscreva-se j\u00e1!\" \/>\n<meta property=\"og:url\" content=\"https:\/\/www.estrategiaconcursos.com.br\/blog\/concursos-abertos\/\" \/>\n<meta property=\"og:site_name\" content=\"Estrat\u00e9gia Concursos\" \/>\n<meta property=\"article:published_time\" content=\"2026-04-28T11:00:00+00:00\" \/>\n<meta property=\"article:modified_time\" content=\"2026-04-28T20:36:09+00:00\" \/>\n<meta property=\"og:image\" content=\"https:\/\/dhg1h5j42swfq.cloudfront.net\/2024\/10\/04165957\/concursos-abertos.jpg\" \/>\n\t<meta property=\"og:image:width\" content=\"768\" \/>\n\t<meta property=\"og:image:height\" content=\"432\" \/>\n\t<meta property=\"og:image:type\" content=\"image\/jpeg\" \/>\n<meta name=\"author\" content=\"Camila Leite\" \/>\n<meta name=\"twitter:card\" content=\"summary_large_image\" \/>\n<meta name=\"twitter:creator\" content=\"@EstratConcursos\" \/>\n<meta name=\"twitter:site\" content=\"@EstratConcursos\" \/>\n<meta name=\"twitter:label1\" content=\"Escrito por\" \/>\n\t<meta name=\"twitter:data1\" content=\"Camila Leite\" \/>\n\t<meta name=\"twitter:label2\" content=\"Est. tempo de leitura\" \/>\n\t<meta name=\"twitter:data2\" content=\"23 minutos\" \/>\n<script type=\"application\/ld+json\" class=\"yoast-schema-graph\">{\"@context\":\"https:\/\/schema.org\",\"@graph\":[{\"@type\":\"NewsArticle\",\"@id\":\"https:\/\/www.estrategiaconcursos.com.br\/blog\/concursos-abertos\/#article\",\"isPartOf\":{\"@id\":\"https:\/\/www.estrategiaconcursos.com.br\/blog\/concursos-abertos\/\"},\"author\":{\"name\":\"Camila Leite\",\"@id\":\"https:\/\/www.estrategiaconcursos.com.br\/blog\/#\/schema\/person\/84ecdc6eb58d3cf1689bf76c5cd8fb38\"},\"headline\":\"Concursos Abertos: milhares de vagas e inicial at\u00e9 R$ 32 mil\",\"datePublished\":\"2026-04-28T11:00:00+00:00\",\"dateModified\":\"2026-04-28T20:36:09+00:00\",\"mainEntityOfPage\":{\"@id\":\"https:\/\/www.estrategiaconcursos.com.br\/blog\/concursos-abertos\/\"},\"wordCount\":2457,\"commentCount\":45,\"publisher\":{\"@id\":\"https:\/\/www.estrategiaconcursos.com.br\/blog\/#organization\"},\"image\":{\"@id\":\"https:\/\/www.estrategiaconcursos.com.br\/blog\/concursos-abertos\/#primaryimage\"},\"thumbnailUrl\":\"https:\/\/dhg1h5j42swfq.cloudfront.net\/2024\/10\/04165957\/concursos-abertos.jpg\",\"articleSection\":[\"Concursos P\u00fablicos\",\"\u00daltimas not\u00edcias\"],\"inLanguage\":\"pt-BR\",\"potentialAction\":[{\"@type\":\"CommentAction\",\"name\":\"Comment\",\"target\":[\"https:\/\/www.estrategiaconcursos.com.br\/blog\/concursos-abertos\/#respond\"]}],\"copyrightYear\":\"2026\",\"copyrightHolder\":{\"@id\":\"https:\/\/www.estrategiaconcursos.com.br\/blog\/#organization\"}},{\"@type\":\"WebPage\",\"@id\":\"https:\/\/www.estrategiaconcursos.com.br\/blog\/concursos-abertos\/\",\"url\":\"https:\/\/www.estrategiaconcursos.com.br\/blog\/concursos-abertos\/\",\"name\":\"Concursos Abertos: milhares de vagas e inicial at\u00e9 R$ 32 mil\",\"isPartOf\":{\"@id\":\"https:\/\/www.estrategiaconcursos.com.br\/blog\/#website\"},\"primaryImageOfPage\":{\"@id\":\"https:\/\/www.estrategiaconcursos.com.br\/blog\/concursos-abertos\/#primaryimage\"},\"image\":{\"@id\":\"https:\/\/www.estrategiaconcursos.com.br\/blog\/concursos-abertos\/#primaryimage\"},\"thumbnailUrl\":\"https:\/\/dhg1h5j42swfq.cloudfront.net\/2024\/10\/04165957\/concursos-abertos.jpg\",\"datePublished\":\"2026-04-28T11:00:00+00:00\",\"dateModified\":\"2026-04-28T20:36:09+00:00\",\"description\":\"Concursos Abertos: oportunidades em todo o pa\u00eds! Milhares de vagas em diversas \u00e1reas. Confira os editais, requisitos e inscreva-se j\u00e1!\",\"breadcrumb\":{\"@id\":\"https:\/\/www.estrategiaconcursos.com.br\/blog\/concursos-abertos\/#breadcrumb\"},\"inLanguage\":\"pt-BR\",\"potentialAction\":[{\"@type\":\"ReadAction\",\"target\":[\"https:\/\/www.estrategiaconcursos.com.br\/blog\/concursos-abertos\/\"]}]},{\"@type\":\"ImageObject\",\"inLanguage\":\"pt-BR\",\"@id\":\"https:\/\/www.estrategiaconcursos.com.br\/blog\/concursos-abertos\/#primaryimage\",\"url\":\"https:\/\/dhg1h5j42swfq.cloudfront.net\/2024\/10\/04165957\/concursos-abertos.jpg\",\"contentUrl\":\"https:\/\/dhg1h5j42swfq.cloudfront.net\/2024\/10\/04165957\/concursos-abertos.jpg\",\"width\":768,\"height\":432,\"caption\":\"Concursos Abertos\"},{\"@type\":\"BreadcrumbList\",\"@id\":\"https:\/\/www.estrategiaconcursos.com.br\/blog\/concursos-abertos\/#breadcrumb\",\"itemListElement\":[{\"@type\":\"ListItem\",\"position\":1,\"name\":\"In\u00edcio\",\"item\":\"https:\/\/www.estrategiaconcursos.com.br\/blog\/\"},{\"@type\":\"ListItem\",\"position\":2,\"name\":\"Concursos Abertos: milhares de vagas e inicial at\u00e9 R$ 32 mil\"}]},{\"@type\":\"WebSite\",\"@id\":\"https:\/\/www.estrategiaconcursos.com.br\/blog\/#website\",\"url\":\"https:\/\/www.estrategiaconcursos.com.br\/blog\/\",\"name\":\"Estrat\u00e9gia Concursos\",\"description\":\"O blog da Estrat\u00e9gia Concursos traz not\u00edcias sobre concursos e artigos de professores oferecendo cursos para concursos (pdf + videaulas) no site.\",\"publisher\":{\"@id\":\"https:\/\/www.estrategiaconcursos.com.br\/blog\/#organization\"},\"potentialAction\":[{\"@type\":\"SearchAction\",\"target\":{\"@type\":\"EntryPoint\",\"urlTemplate\":\"https:\/\/www.estrategiaconcursos.com.br\/blog\/?s={search_term_string}\"},\"query-input\":{\"@type\":\"PropertyValueSpecification\",\"valueRequired\":true,\"valueName\":\"search_term_string\"}}],\"inLanguage\":\"pt-BR\"},{\"@type\":\"Organization\",\"@id\":\"https:\/\/www.estrategiaconcursos.com.br\/blog\/#organization\",\"name\":\"Estrat\u00e9gia Concursos\",\"url\":\"https:\/\/www.estrategiaconcursos.com.br\/blog\/\",\"logo\":{\"@type\":\"ImageObject\",\"inLanguage\":\"pt-BR\",\"@id\":\"https:\/\/www.estrategiaconcursos.com.br\/blog\/#\/schema\/logo\/image\/\",\"url\":\"https:\/\/dhg1h5j42swfq.cloudfront.net\/2025\/06\/03203428\/logo_concursos-1.jpg\",\"contentUrl\":\"https:\/\/dhg1h5j42swfq.cloudfront.net\/2025\/06\/03203428\/logo_concursos-1.jpg\",\"width\":230,\"height\":60,\"caption\":\"Estrat\u00e9gia Concursos\"},\"image\":{\"@id\":\"https:\/\/www.estrategiaconcursos.com.br\/blog\/#\/schema\/logo\/image\/\"},\"sameAs\":[\"https:\/\/x.com\/EstratConcursos\"]},{\"@type\":\"Person\",\"@id\":\"https:\/\/www.estrategiaconcursos.com.br\/blog\/#\/schema\/person\/84ecdc6eb58d3cf1689bf76c5cd8fb38\",\"name\":\"Camila Leite\",\"image\":{\"@type\":\"ImageObject\",\"inLanguage\":\"pt-BR\",\"@id\":\"https:\/\/secure.gravatar.com\/avatar\/f2f8faef639c8a2bfb7fb909912a56917f4c3a0aed064500168e2fb8ea55cf61?s=96&d=mm&r=g\",\"url\":\"https:\/\/secure.gravatar.com\/avatar\/f2f8faef639c8a2bfb7fb909912a56917f4c3a0aed064500168e2fb8ea55cf61?s=96&d=mm&r=g\",\"contentUrl\":\"https:\/\/secure.gravatar.com\/avatar\/f2f8faef639c8a2bfb7fb909912a56917f4c3a0aed064500168e2fb8ea55cf61?s=96&d=mm&r=g\",\"caption\":\"Camila Leite\"},\"description\":\"Formada em Design Gr\u00e1fico e em Propaganda e Marketing pela UNIP, integra a equipe de jornalismo do Estrat\u00e9gia Concursos desde 2018. Ao longo dos anos, construiu uma s\u00f3lida experi\u00eancia na produ\u00e7\u00e3o de conte\u00fado informativo e relevante para concurseiros. Desde 2020, atua na cobertura das \u00e1reas Fiscal \u2014 com \u00eanfase nas Secretarias de Fazenda (Sefaz) das regi\u00f5es Sul e Sudeste \u2014, al\u00e9m da cobertura de concursos federais, como CNU, Petrobras, CGU, Receita Federal, ag\u00eancias reguladoras (Anvisa, ANAC, entre outras) e INSS. Mant\u00e9m contato direto com os principais \u00f3rg\u00e3os p\u00fablicos, acompanhando editais, atualiza\u00e7\u00f5es e movimenta\u00e7\u00f5es importantes para os candidatos.\",\"sameAs\":[\"https:\/\/www.linkedin.com\/in\/camila-pinheiro-leite-9ba135b6\/\"],\"url\":\"https:\/\/www.estrategiaconcursos.com.br\/blog\/author\/camila-leiteestrategiaconcursos-com-br\/\"}]}<\/script>\n<!-- \/ Yoast SEO Premium plugin. -->","yoast_head_json":{"title":"Concursos Abertos: milhares de vagas e inicial at\u00e9 R$ 32 mil","description":"Concursos Abertos: oportunidades em todo o pa\u00eds! Milhares de vagas em diversas \u00e1reas. Confira os editais, requisitos e inscreva-se j\u00e1!","robots":{"index":"index","follow":"follow","max-snippet":"max-snippet:-1","max-image-preview":"max-image-preview:large","max-video-preview":"max-video-preview:-1"},"canonical":"https:\/\/www.estrategiaconcursos.com.br\/blog\/concursos-abertos\/","og_locale":"pt_BR","og_type":"article","og_title":"Concursos Abertos: milhares de vagas e inicial at\u00e9 R$ 32 mil","og_description":"Concursos Abertos: oportunidades em todo o pa\u00eds! Milhares de vagas em diversas \u00e1reas. Confira os editais, requisitos e inscreva-se j\u00e1!","og_url":"https:\/\/www.estrategiaconcursos.com.br\/blog\/concursos-abertos\/","og_site_name":"Estrat\u00e9gia Concursos","article_published_time":"2026-04-28T11:00:00+00:00","article_modified_time":"2026-04-28T20:36:09+00:00","og_image":[{"width":768,"height":432,"url":"https:\/\/dhg1h5j42swfq.cloudfront.net\/2024\/10\/04165957\/concursos-abertos.jpg","type":"image\/jpeg"}],"author":"Camila Leite","twitter_card":"summary_large_image","twitter_creator":"@EstratConcursos","twitter_site":"@EstratConcursos","twitter_misc":{"Escrito por":"Camila Leite","Est. tempo de leitura":"23 minutos"},"schema":{"@context":"https:\/\/schema.org","@graph":[{"@type":"NewsArticle","@id":"https:\/\/www.estrategiaconcursos.com.br\/blog\/concursos-abertos\/#article","isPartOf":{"@id":"https:\/\/www.estrategiaconcursos.com.br\/blog\/concursos-abertos\/"},"author":{"name":"Camila Leite","@id":"https:\/\/www.estrategiaconcursos.com.br\/blog\/#\/schema\/person\/84ecdc6eb58d3cf1689bf76c5cd8fb38"},"headline":"Concursos Abertos: milhares de vagas e inicial at\u00e9 R$ 32 mil","datePublished":"2026-04-28T11:00:00+00:00","dateModified":"2026-04-28T20:36:09+00:00","mainEntityOfPage":{"@id":"https:\/\/www.estrategiaconcursos.com.br\/blog\/concursos-abertos\/"},"wordCount":2457,"commentCount":45,"publisher":{"@id":"https:\/\/www.estrategiaconcursos.com.br\/blog\/#organization"},"image":{"@id":"https:\/\/www.estrategiaconcursos.com.br\/blog\/concursos-abertos\/#primaryimage"},"thumbnailUrl":"https:\/\/dhg1h5j42swfq.cloudfront.net\/2024\/10\/04165957\/concursos-abertos.jpg","articleSection":["Concursos P\u00fablicos","\u00daltimas not\u00edcias"],"inLanguage":"pt-BR","potentialAction":[{"@type":"CommentAction","name":"Comment","target":["https:\/\/www.estrategiaconcursos.com.br\/blog\/concursos-abertos\/#respond"]}],"copyrightYear":"2026","copyrightHolder":{"@id":"https:\/\/www.estrategiaconcursos.com.br\/blog\/#organization"}},{"@type":"WebPage","@id":"https:\/\/www.estrategiaconcursos.com.br\/blog\/concursos-abertos\/","url":"https:\/\/www.estrategiaconcursos.com.br\/blog\/concursos-abertos\/","name":"Concursos Abertos: milhares de vagas e inicial at\u00e9 R$ 32 mil","isPartOf":{"@id":"https:\/\/www.estrategiaconcursos.com.br\/blog\/#website"},"primaryImageOfPage":{"@id":"https:\/\/www.estrategiaconcursos.com.br\/blog\/concursos-abertos\/#primaryimage"},"image":{"@id":"https:\/\/www.estrategiaconcursos.com.br\/blog\/concursos-abertos\/#primaryimage"},"thumbnailUrl":"https:\/\/dhg1h5j42swfq.cloudfront.net\/2024\/10\/04165957\/concursos-abertos.jpg","datePublished":"2026-04-28T11:00:00+00:00","dateModified":"2026-04-28T20:36:09+00:00","description":"Concursos Abertos: oportunidades em todo o pa\u00eds! Milhares de vagas em diversas \u00e1reas. Confira os editais, requisitos e inscreva-se j\u00e1!","breadcrumb":{"@id":"https:\/\/www.estrategiaconcursos.com.br\/blog\/concursos-abertos\/#breadcrumb"},"inLanguage":"pt-BR","potentialAction":[{"@type":"ReadAction","target":["https:\/\/www.estrategiaconcursos.com.br\/blog\/concursos-abertos\/"]}]},{"@type":"ImageObject","inLanguage":"pt-BR","@id":"https:\/\/www.estrategiaconcursos.com.br\/blog\/concursos-abertos\/#primaryimage","url":"https:\/\/dhg1h5j42swfq.cloudfront.net\/2024\/10\/04165957\/concursos-abertos.jpg","contentUrl":"https:\/\/dhg1h5j42swfq.cloudfront.net\/2024\/10\/04165957\/concursos-abertos.jpg","width":768,"height":432,"caption":"Concursos Abertos"},{"@type":"BreadcrumbList","@id":"https:\/\/www.estrategiaconcursos.com.br\/blog\/concursos-abertos\/#breadcrumb","itemListElement":[{"@type":"ListItem","position":1,"name":"In\u00edcio","item":"https:\/\/www.estrategiaconcursos.com.br\/blog\/"},{"@type":"ListItem","position":2,"name":"Concursos Abertos: milhares de vagas e inicial at\u00e9 R$ 32 mil"}]},{"@type":"WebSite","@id":"https:\/\/www.estrategiaconcursos.com.br\/blog\/#website","url":"https:\/\/www.estrategiaconcursos.com.br\/blog\/","name":"Estrat\u00e9gia Concursos","description":"O blog da Estrat\u00e9gia Concursos traz not\u00edcias sobre concursos e artigos de professores oferecendo cursos para concursos (pdf + videaulas) no site.","publisher":{"@id":"https:\/\/www.estrategiaconcursos.com.br\/blog\/#organization"},"potentialAction":[{"@type":"SearchAction","target":{"@type":"EntryPoint","urlTemplate":"https:\/\/www.estrategiaconcursos.com.br\/blog\/?s={search_term_string}"},"query-input":{"@type":"PropertyValueSpecification","valueRequired":true,"valueName":"search_term_string"}}],"inLanguage":"pt-BR"},{"@type":"Organization","@id":"https:\/\/www.estrategiaconcursos.com.br\/blog\/#organization","name":"Estrat\u00e9gia Concursos","url":"https:\/\/www.estrategiaconcursos.com.br\/blog\/","logo":{"@type":"ImageObject","inLanguage":"pt-BR","@id":"https:\/\/www.estrategiaconcursos.com.br\/blog\/#\/schema\/logo\/image\/","url":"https:\/\/dhg1h5j42swfq.cloudfront.net\/2025\/06\/03203428\/logo_concursos-1.jpg","contentUrl":"https:\/\/dhg1h5j42swfq.cloudfront.net\/2025\/06\/03203428\/logo_concursos-1.jpg","width":230,"height":60,"caption":"Estrat\u00e9gia Concursos"},"image":{"@id":"https:\/\/www.estrategiaconcursos.com.br\/blog\/#\/schema\/logo\/image\/"},"sameAs":["https:\/\/x.com\/EstratConcursos"]},{"@type":"Person","@id":"https:\/\/www.estrategiaconcursos.com.br\/blog\/#\/schema\/person\/84ecdc6eb58d3cf1689bf76c5cd8fb38","name":"Camila Leite","image":{"@type":"ImageObject","inLanguage":"pt-BR","@id":"https:\/\/secure.gravatar.com\/avatar\/f2f8faef639c8a2bfb7fb909912a56917f4c3a0aed064500168e2fb8ea55cf61?s=96&d=mm&r=g","url":"https:\/\/secure.gravatar.com\/avatar\/f2f8faef639c8a2bfb7fb909912a56917f4c3a0aed064500168e2fb8ea55cf61?s=96&d=mm&r=g","contentUrl":"https:\/\/secure.gravatar.com\/avatar\/f2f8faef639c8a2bfb7fb909912a56917f4c3a0aed064500168e2fb8ea55cf61?s=96&d=mm&r=g","caption":"Camila Leite"},"description":"Formada em Design Gr\u00e1fico e em Propaganda e Marketing pela UNIP, integra a equipe de jornalismo do Estrat\u00e9gia Concursos desde 2018. Ao longo dos anos, construiu uma s\u00f3lida experi\u00eancia na produ\u00e7\u00e3o de conte\u00fado informativo e relevante para concurseiros. Desde 2020, atua na cobertura das \u00e1reas Fiscal \u2014 com \u00eanfase nas Secretarias de Fazenda (Sefaz) das regi\u00f5es Sul e Sudeste \u2014, al\u00e9m da cobertura de concursos federais, como CNU, Petrobras, CGU, Receita Federal, ag\u00eancias reguladoras (Anvisa, ANAC, entre outras) e INSS. Mant\u00e9m contato direto com os principais \u00f3rg\u00e3os p\u00fablicos, acompanhando editais, atualiza\u00e7\u00f5es e movimenta\u00e7\u00f5es importantes para os candidatos.","sameAs":["https:\/\/www.linkedin.com\/in\/camila-pinheiro-leite-9ba135b6\/"],"url":"https:\/\/www.estrategiaconcursos.com.br\/blog\/author\/camila-leiteestrategiaconcursos-com-br\/"}]}},"_links":{"self":[{"href":"https:\/\/www.estrategiaconcursos.com.br\/blog\/wp-json\/wp\/v2\/posts\/944622","targetHints":{"allow":["GET"]}}],"collection":[{"href":"https:\/\/www.estrategiaconcursos.com.br\/blog\/wp-json\/wp\/v2\/posts"}],"about":[{"href":"https:\/\/www.estrategiaconcursos.com.br\/blog\/wp-json\/wp\/v2\/types\/post"}],"author":[{"embeddable":true,"href":"https:\/\/www.estrategiaconcursos.com.br\/blog\/wp-json\/wp\/v2\/users\/659"}],"replies":[{"embeddable":true,"href":"https:\/\/www.estrategiaconcursos.com.br\/blog\/wp-json\/wp\/v2\/comments?post=944622"}],"version-history":[{"count":7745,"href":"https:\/\/www.estrategiaconcursos.com.br\/blog\/wp-json\/wp\/v2\/posts\/944622\/revisions"}],"predecessor-version":[{"id":1758453,"href":"https:\/\/www.estrategiaconcursos.com.br\/blog\/wp-json\/wp\/v2\/posts\/944622\/revisions\/1758453"}],"wp:featuredmedia":[{"embeddable":true,"href":"https:\/\/www.estrategiaconcursos.com.br\/blog\/wp-json\/wp\/v2\/media\/1471418"}],"wp:attachment":[{"href":"https:\/\/www.estrategiaconcursos.com.br\/blog\/wp-json\/wp\/v2\/media?parent=944622"}],"wp:term":[{"taxonomy":"category","embeddable":true,"href":"https:\/\/www.estrategiaconcursos.com.br\/blog\/wp-json\/wp\/v2\/categories?post=944622"},{"taxonomy":"post_tag","embeddable":true,"href":"https:\/\/www.estrategiaconcursos.com.br\/blog\/wp-json\/wp\/v2\/tags?post=944622"},{"taxonomy":"tax_estado","embeddable":true,"href":"https:\/\/www.estrategiaconcursos.com.br\/blog\/wp-json\/wp\/v2\/tax_estado?post=944622"}],"curies":[{"name":"wp","href":"https:\/\/api.w.org\/{rel}","templated":true}]}}