{"id":943780,"date":"2022-01-10T20:10:00","date_gmt":"2022-01-10T23:10:00","guid":{"rendered":"https:\/\/www.estrategiaconcursos.com.br\/blog\/?p=943780"},"modified":"2022-01-11T10:12:35","modified_gmt":"2022-01-11T13:12:35","slug":"auditores-entregam-cargos-de-chefia-como-protesto","status":"publish","type":"post","link":"https:\/\/www.estrategiaconcursos.com.br\/blog\/auditores-entregam-cargos-de-chefia-como-protesto\/","title":{"rendered":"Auditores entregam cargos de chefia como forma de protesto"},"content":{"rendered":"\n<p>Auditores Fiscais do Trabalho entregam cargos de chefia como forma de protesto ao reajuste salarial dos policiais previsto no Projeto de Lei Or\u00e7ament\u00e1ria Anual (<strong>PLOA<\/strong>) 2022.<\/p>\n\n\n\n<p>De acordo com o Sindicato Nacional dos Auditores Fiscais do Trabalho (Sinait), mais de 100 cargos j\u00e1 foram entregues. Por isso, no dia 18 de janeiro est\u00e1 marcada uma mobiliza\u00e7\u00e3o por reajuste salarial a todas as categorias. O protesto dos auditores \u00e9 para reajuste salarial a todas para todas as categorias.<\/p>\n\n\n\n<p>O presidente do F\u00f3rum Nacional das Carreiras T\u00edpicas de Estado (Fonacate), Rudinei Marques, defendeu que a greve se deve \u00e0 necessidade de reajuste a todo o funcionalismo e n\u00e3o apenas aos policiais.<\/p>\n\n\n\n<blockquote class=\"wp-block-quote is-layout-flow wp-block-quote-is-layout-flow\"><p><em>\u201cN\u00f3s sabemos que os policiais tiveram assegurado um percentual de reposi\u00e7\u00e3o. Eles tamb\u00e9m est\u00e3o com sal\u00e1rios congelados nesse per\u00edodo e a luta deles tamb\u00e9m \u00e9 leg\u00edtima&#8221;, <\/em>afirmou Marques.<\/p><\/blockquote>\n\n\n\n<p>O PLOA 2022 aprovado no Congresso Nacional prev\u00ea R$ 1,7 bilh\u00e3o para reajuste salarial dos servidores da seguran\u00e7a p\u00fablica, vinculados ao Minist\u00e9rio da Justi\u00e7a. Al\u00e9m disso, tamb\u00e9m \u00e9 discutido a reestrutura\u00e7\u00e3o das carreiras.<\/p>\n\n\n\n<h3 class=\"wp-block-heading\" id=\"atual\">Situa\u00e7\u00e3o atual do concurso AFT<\/h3>\n\n\n\n<p id=\"vagos\">Segundo dados do Sinait, atualmente, apenas 2.091&nbsp;<a href=\"https:\/\/www.estrategiaconcursos.com.br\/curso\/1-pacote-completo-p-ministerio-do-trabalho-auditor-fiscal-do-trabalho-aft-2020-2-pre-edital\/\" target=\"_blank\" rel=\"noreferrer noopener\">Auditores-Fiscais do Trabalho<\/a>&nbsp;est\u00e3o na ativa, registrando um total de&nbsp;<strong>1.553 cargos vagos<\/strong>. <\/p>\n\n\n\n<p>Al\u00e9m disso, em reuni\u00e3o entre dirigentes da SINAIT e Comiss\u00e3o Nacional para Erradica\u00e7\u00e3o do Trabalho Escravo (Conatrae), foi apontada a necessidade de recomposi\u00e7\u00e3o do or\u00e7amento da Fiscaliza\u00e7\u00e3o do Trabalho e de realiza\u00e7\u00e3o de concurso AFT.<\/p>\n\n\n\n<p>O \u00faltimo certame para o cargo foi realizado em 2013, com oferta de apenas 100 vagas. A remunera\u00e7\u00e3o inicial do cargo \u00e9 de R$ 21.029,09.<\/p>\n\n\n\n<p class=\"has-text-align-center\">Preparamos um artigo completo com mais informa\u00e7\u00f5es sobre o concurso AFT.<\/p>\n\n\n\n<h3 class=\"has-text-align-center has-background wp-block-heading\" style=\"background-color:#f7e2a1\"><a href=\"https:\/\/www.estrategiaconcursos.com.br\/blog\/concurso-aft\/\" target=\"_blank\" rel=\"noreferrer noopener\">Concurso AFT<\/a><\/h3>\n\n\n\n<p class=\"has-text-align-center has-medium-font-size\"><strong><em>Quer estudar para AFT?<\/em><\/strong><\/p>\n\n\n\n<div class=\"container\" id=\"boxes\">\n  <div class=\"row\">\n\n    <div class=\"col-sm\">\n      <div class=\"banner-fiscal-01\" id=\"box-assinatura\">\n        <h3 class=\"titulo-assinatura\">Concurso AFT<\/h3>\n        <p class=\"subtitulo-assinatura\">Estude conosco<\/p>\n        <div class=\"box-botao\">\n          <a class=\"btn-assinatura\" target=\"_blank\" href=\"https:\/\/www.estrategiaconcursos.com.br\/cursosPorConcurso\/aft-auditor-fiscal-do-trabalho-11\/\" role=\"button\" rel=\"noopener noreferrer\">Conhe\u00e7a os cursos<\/a>\n        <\/div>\n      <\/div>\n      \n    <\/div>\n\n  <\/div>\n<\/div>\n\n\n\n<div class=\"container\" id=\"boxes\">\n  <div class=\"row\">\n\n    <div class=\"col-sm\">\n      <div class=\"estrategia\" id=\"box-assinatura\">\n        <h3 class=\"titulo-assinatura\">Assinatura de Concursos<\/h3>\n        <p class=\"subtitulo-assinatura\">Assinatura de 1 ano ou 2 anos<\/p>\n        <div class=\"box-botao\">\n          <a class=\"btn-assinatura\" target=\"_blank\" href=\"https:\/\/www.estrategiaconcursos.com.br\/assinaturas\/\" role=\"button\" rel=\"noopener noreferrer\">ASSINE AGORA<\/a>\n        <\/div>\n      <\/div>\n     \n    <\/div><\/div><\/div>\n\n\n\n<h2 class=\"has-text-align-center wp-block-heading\" id=\"h-quer-saber-tudo-sobre-concursos-previstos-confira-nossos-artigos\">Quer saber tudo sobre concursos previstos?<br \/>Confira nossos artigos!<\/h2>\n\n\n\n<ul class=\"wp-block-list\"><li><a href=\"https:\/\/www.estrategiaconcursos.com.br\/blog\/concursos-abertos\/\" target=\"_blank\" rel=\"noreferrer noopener\">Concursos abertos<\/a><\/li><li><a href=\"https:\/\/www.estrategiaconcursos.com.br\/blog\/concursos-2022\/\" target=\"_blank\" rel=\"noreferrer noopener\">Concursos 2022<\/a><\/li><\/ul>\n","protected":false},"excerpt":{"rendered":"<p>Auditores Fiscais do Trabalho entregam cargos de chefia como forma de protesto ao reajuste salarial dos policiais previsto no Projeto de Lei Or\u00e7ament\u00e1ria Anual (PLOA) 2022. De acordo com o Sindicato Nacional dos Auditores Fiscais do Trabalho (Sinait), mais de 100 cargos j\u00e1 foram entregues. Por isso, no dia 18 de janeiro est\u00e1 marcada uma [&hellip;]<\/p>\n","protected":false},"author":2041,"featured_media":869098,"comment_status":"open","ping_status":"closed","sticky":false,"template":"","format":"standard","meta":{"post_tipo":"news","footnotes":""},"categories":[220182,220219],"tags":[],"tax_estado":[219963],"class_list":["post-943780","post","type-post","status-publish","format-standard","has-post-thumbnail","hentry","category-fiscal-federal","category-noticias","tax_estado-concursos-federais"],"acf":[],"yoast_head":"<!-- This site is optimized with the Yoast SEO Premium plugin v27.2 (Yoast SEO v27.2) - https:\/\/yoast.com\/product\/yoast-seo-premium-wordpress\/ -->\n<title>Auditores entregam cargos de chefia como forma de protesto<\/title>\n<meta name=\"description\" content=\"Auditores Fiscais do Trabalho entregam cargos de chefia como forma de protesto ao reajuste salarial dos policiais previsto no PLOA 2022.\" \/>\n<meta name=\"robots\" content=\"index, follow, max-snippet:-1, max-image-preview:large, max-video-preview:-1\" \/>\n<link rel=\"canonical\" href=\"https:\/\/www.estrategiaconcursos.com.br\/blog\/auditores-entregam-cargos-de-chefia-como-protesto\/\" \/>\n<meta property=\"og:locale\" content=\"pt_BR\" \/>\n<meta property=\"og:type\" content=\"article\" \/>\n<meta property=\"og:title\" content=\"Auditores entregam cargos de chefia como forma de protesto\" \/>\n<meta property=\"og:description\" content=\"Auditores Fiscais do Trabalho entregam cargos de chefia como forma de protesto ao reajuste salarial dos policiais previsto no PLOA 2022.\" \/>\n<meta property=\"og:url\" content=\"https:\/\/www.estrategiaconcursos.com.br\/blog\/auditores-entregam-cargos-de-chefia-como-protesto\/\" \/>\n<meta property=\"og:site_name\" content=\"Estrat\u00e9gia Concursos\" \/>\n<meta property=\"article:published_time\" content=\"2022-01-10T23:10:00+00:00\" \/>\n<meta property=\"article:modified_time\" content=\"2022-01-11T13:12:35+00:00\" \/>\n<meta property=\"og:image\" content=\"https:\/\/dhg1h5j42swfq.cloudfront.net\/2021\/09\/23192414\/aft.jpg\" \/>\n\t<meta property=\"og:image:width\" content=\"768\" \/>\n\t<meta property=\"og:image:height\" content=\"432\" \/>\n\t<meta property=\"og:image:type\" content=\"image\/jpeg\" \/>\n<meta name=\"author\" content=\"Thiago Cavalcante Gomes\" \/>\n<meta name=\"twitter:card\" content=\"summary_large_image\" \/>\n<meta name=\"twitter:creator\" content=\"@EstratConcursos\" \/>\n<meta name=\"twitter:site\" content=\"@EstratConcursos\" \/>\n<meta name=\"twitter:label1\" content=\"Escrito por\" \/>\n\t<meta name=\"twitter:data1\" content=\"Thiago Cavalcante Gomes\" \/>\n\t<meta name=\"twitter:label2\" content=\"Est. tempo de leitura\" \/>\n\t<meta name=\"twitter:data2\" content=\"2 minutos\" \/>\n<script type=\"application\/ld+json\" class=\"yoast-schema-graph\">{\"@context\":\"https:\/\/schema.org\",\"@graph\":[{\"@type\":\"NewsArticle\",\"@id\":\"https:\/\/www.estrategiaconcursos.com.br\/blog\/auditores-entregam-cargos-de-chefia-como-protesto\/#article\",\"isPartOf\":{\"@id\":\"https:\/\/www.estrategiaconcursos.com.br\/blog\/auditores-entregam-cargos-de-chefia-como-protesto\/\"},\"author\":{\"name\":\"Thiago Cavalcante Gomes\",\"@id\":\"https:\/\/www.estrategiaconcursos.com.br\/blog\/#\/schema\/person\/4970184533d0a3ffa5b0299ae0a2b21f\"},\"headline\":\"Auditores entregam cargos de chefia como forma de protesto\",\"datePublished\":\"2022-01-10T23:10:00+00:00\",\"dateModified\":\"2022-01-11T13:12:35+00:00\",\"mainEntityOfPage\":{\"@id\":\"https:\/\/www.estrategiaconcursos.com.br\/blog\/auditores-entregam-cargos-de-chefia-como-protesto\/\"},\"wordCount\":333,\"commentCount\":0,\"publisher\":{\"@id\":\"https:\/\/www.estrategiaconcursos.com.br\/blog\/#organization\"},\"image\":{\"@id\":\"https:\/\/www.estrategiaconcursos.com.br\/blog\/auditores-entregam-cargos-de-chefia-como-protesto\/#primaryimage\"},\"thumbnailUrl\":\"https:\/\/dhg1h5j42swfq.cloudfront.net\/2021\/09\/23192414\/aft.jpg\",\"articleSection\":[\"Fiscal - Federal (RFB e AFT)\",\"\u00daltimas not\u00edcias\"],\"inLanguage\":\"pt-BR\",\"potentialAction\":[{\"@type\":\"CommentAction\",\"name\":\"Comment\",\"target\":[\"https:\/\/www.estrategiaconcursos.com.br\/blog\/auditores-entregam-cargos-de-chefia-como-protesto\/#respond\"]}],\"copyrightYear\":\"2022\",\"copyrightHolder\":{\"@id\":\"https:\/\/www.estrategiaconcursos.com.br\/blog\/#organization\"}},{\"@type\":\"WebPage\",\"@id\":\"https:\/\/www.estrategiaconcursos.com.br\/blog\/auditores-entregam-cargos-de-chefia-como-protesto\/\",\"url\":\"https:\/\/www.estrategiaconcursos.com.br\/blog\/auditores-entregam-cargos-de-chefia-como-protesto\/\",\"name\":\"Auditores entregam cargos de chefia como forma de protesto\",\"isPartOf\":{\"@id\":\"https:\/\/www.estrategiaconcursos.com.br\/blog\/#website\"},\"primaryImageOfPage\":{\"@id\":\"https:\/\/www.estrategiaconcursos.com.br\/blog\/auditores-entregam-cargos-de-chefia-como-protesto\/#primaryimage\"},\"image\":{\"@id\":\"https:\/\/www.estrategiaconcursos.com.br\/blog\/auditores-entregam-cargos-de-chefia-como-protesto\/#primaryimage\"},\"thumbnailUrl\":\"https:\/\/dhg1h5j42swfq.cloudfront.net\/2021\/09\/23192414\/aft.jpg\",\"datePublished\":\"2022-01-10T23:10:00+00:00\",\"dateModified\":\"2022-01-11T13:12:35+00:00\",\"description\":\"Auditores Fiscais do Trabalho entregam cargos de chefia como forma de protesto ao reajuste salarial dos policiais previsto no PLOA 2022.\",\"breadcrumb\":{\"@id\":\"https:\/\/www.estrategiaconcursos.com.br\/blog\/auditores-entregam-cargos-de-chefia-como-protesto\/#breadcrumb\"},\"inLanguage\":\"pt-BR\",\"potentialAction\":[{\"@type\":\"ReadAction\",\"target\":[\"https:\/\/www.estrategiaconcursos.com.br\/blog\/auditores-entregam-cargos-de-chefia-como-protesto\/\"]}]},{\"@type\":\"ImageObject\",\"inLanguage\":\"pt-BR\",\"@id\":\"https:\/\/www.estrategiaconcursos.com.br\/blog\/auditores-entregam-cargos-de-chefia-como-protesto\/#primaryimage\",\"url\":\"https:\/\/dhg1h5j42swfq.cloudfront.net\/2021\/09\/23192414\/aft.jpg\",\"contentUrl\":\"https:\/\/dhg1h5j42swfq.cloudfront.net\/2021\/09\/23192414\/aft.jpg\",\"width\":768,\"height\":432,\"caption\":\"Concurso AFT lota\u00e7\u00e3o\"},{\"@type\":\"BreadcrumbList\",\"@id\":\"https:\/\/www.estrategiaconcursos.com.br\/blog\/auditores-entregam-cargos-de-chefia-como-protesto\/#breadcrumb\",\"itemListElement\":[{\"@type\":\"ListItem\",\"position\":1,\"name\":\"In\u00edcio\",\"item\":\"https:\/\/www.estrategiaconcursos.com.br\/blog\/\"},{\"@type\":\"ListItem\",\"position\":2,\"name\":\"Auditores entregam cargos de chefia como forma de protesto\"}]},{\"@type\":\"WebSite\",\"@id\":\"https:\/\/www.estrategiaconcursos.com.br\/blog\/#website\",\"url\":\"https:\/\/www.estrategiaconcursos.com.br\/blog\/\",\"name\":\"Estrat\u00e9gia Concursos\",\"description\":\"O blog da Estrat\u00e9gia Concursos traz not\u00edcias sobre concursos e artigos de professores oferecendo cursos para concursos (pdf + videaulas) no site.\",\"publisher\":{\"@id\":\"https:\/\/www.estrategiaconcursos.com.br\/blog\/#organization\"},\"potentialAction\":[{\"@type\":\"SearchAction\",\"target\":{\"@type\":\"EntryPoint\",\"urlTemplate\":\"https:\/\/www.estrategiaconcursos.com.br\/blog\/?s={search_term_string}\"},\"query-input\":{\"@type\":\"PropertyValueSpecification\",\"valueRequired\":true,\"valueName\":\"search_term_string\"}}],\"inLanguage\":\"pt-BR\"},{\"@type\":\"Organization\",\"@id\":\"https:\/\/www.estrategiaconcursos.com.br\/blog\/#organization\",\"name\":\"Estrat\u00e9gia Concursos\",\"url\":\"https:\/\/www.estrategiaconcursos.com.br\/blog\/\",\"logo\":{\"@type\":\"ImageObject\",\"inLanguage\":\"pt-BR\",\"@id\":\"https:\/\/www.estrategiaconcursos.com.br\/blog\/#\/schema\/logo\/image\/\",\"url\":\"https:\/\/dhg1h5j42swfq.cloudfront.net\/2025\/06\/03203428\/logo_concursos-1.jpg\",\"contentUrl\":\"https:\/\/dhg1h5j42swfq.cloudfront.net\/2025\/06\/03203428\/logo_concursos-1.jpg\",\"width\":230,\"height\":60,\"caption\":\"Estrat\u00e9gia Concursos\"},\"image\":{\"@id\":\"https:\/\/www.estrategiaconcursos.com.br\/blog\/#\/schema\/logo\/image\/\"},\"sameAs\":[\"https:\/\/x.com\/EstratConcursos\"]},{\"@type\":\"Person\",\"@id\":\"https:\/\/www.estrategiaconcursos.com.br\/blog\/#\/schema\/person\/4970184533d0a3ffa5b0299ae0a2b21f\",\"name\":\"Thiago Cavalcante Gomes\",\"image\":{\"@type\":\"ImageObject\",\"inLanguage\":\"pt-BR\",\"@id\":\"https:\/\/secure.gravatar.com\/avatar\/?s=96&d=mm&r=g\",\"url\":\"https:\/\/secure.gravatar.com\/avatar\/?s=96&d=mm&r=g\",\"contentUrl\":\"https:\/\/secure.gravatar.com\/avatar\/?s=96&d=mm&r=g\",\"caption\":\"Thiago Cavalcante Gomes\"},\"url\":\"https:\/\/www.estrategiaconcursos.com.br\/blog\/author\/thiago-gomes\/\"}]}<\/script>\n<!-- \/ Yoast SEO Premium plugin. -->","yoast_head_json":{"title":"Auditores entregam cargos de chefia como forma de protesto","description":"Auditores Fiscais do Trabalho entregam cargos de chefia como forma de protesto ao reajuste salarial dos policiais previsto no PLOA 2022.","robots":{"index":"index","follow":"follow","max-snippet":"max-snippet:-1","max-image-preview":"max-image-preview:large","max-video-preview":"max-video-preview:-1"},"canonical":"https:\/\/www.estrategiaconcursos.com.br\/blog\/auditores-entregam-cargos-de-chefia-como-protesto\/","og_locale":"pt_BR","og_type":"article","og_title":"Auditores entregam cargos de chefia como forma de protesto","og_description":"Auditores Fiscais do Trabalho entregam cargos de chefia como forma de protesto ao reajuste salarial dos policiais previsto no PLOA 2022.","og_url":"https:\/\/www.estrategiaconcursos.com.br\/blog\/auditores-entregam-cargos-de-chefia-como-protesto\/","og_site_name":"Estrat\u00e9gia Concursos","article_published_time":"2022-01-10T23:10:00+00:00","article_modified_time":"2022-01-11T13:12:35+00:00","og_image":[{"width":768,"height":432,"url":"https:\/\/dhg1h5j42swfq.cloudfront.net\/2021\/09\/23192414\/aft.jpg","type":"image\/jpeg"}],"author":"Thiago Cavalcante Gomes","twitter_card":"summary_large_image","twitter_creator":"@EstratConcursos","twitter_site":"@EstratConcursos","twitter_misc":{"Escrito por":"Thiago Cavalcante Gomes","Est. tempo de leitura":"2 minutos"},"schema":{"@context":"https:\/\/schema.org","@graph":[{"@type":"NewsArticle","@id":"https:\/\/www.estrategiaconcursos.com.br\/blog\/auditores-entregam-cargos-de-chefia-como-protesto\/#article","isPartOf":{"@id":"https:\/\/www.estrategiaconcursos.com.br\/blog\/auditores-entregam-cargos-de-chefia-como-protesto\/"},"author":{"name":"Thiago Cavalcante Gomes","@id":"https:\/\/www.estrategiaconcursos.com.br\/blog\/#\/schema\/person\/4970184533d0a3ffa5b0299ae0a2b21f"},"headline":"Auditores entregam cargos de chefia como forma de protesto","datePublished":"2022-01-10T23:10:00+00:00","dateModified":"2022-01-11T13:12:35+00:00","mainEntityOfPage":{"@id":"https:\/\/www.estrategiaconcursos.com.br\/blog\/auditores-entregam-cargos-de-chefia-como-protesto\/"},"wordCount":333,"commentCount":0,"publisher":{"@id":"https:\/\/www.estrategiaconcursos.com.br\/blog\/#organization"},"image":{"@id":"https:\/\/www.estrategiaconcursos.com.br\/blog\/auditores-entregam-cargos-de-chefia-como-protesto\/#primaryimage"},"thumbnailUrl":"https:\/\/dhg1h5j42swfq.cloudfront.net\/2021\/09\/23192414\/aft.jpg","articleSection":["Fiscal - Federal (RFB e AFT)","\u00daltimas not\u00edcias"],"inLanguage":"pt-BR","potentialAction":[{"@type":"CommentAction","name":"Comment","target":["https:\/\/www.estrategiaconcursos.com.br\/blog\/auditores-entregam-cargos-de-chefia-como-protesto\/#respond"]}],"copyrightYear":"2022","copyrightHolder":{"@id":"https:\/\/www.estrategiaconcursos.com.br\/blog\/#organization"}},{"@type":"WebPage","@id":"https:\/\/www.estrategiaconcursos.com.br\/blog\/auditores-entregam-cargos-de-chefia-como-protesto\/","url":"https:\/\/www.estrategiaconcursos.com.br\/blog\/auditores-entregam-cargos-de-chefia-como-protesto\/","name":"Auditores entregam cargos de chefia como forma de protesto","isPartOf":{"@id":"https:\/\/www.estrategiaconcursos.com.br\/blog\/#website"},"primaryImageOfPage":{"@id":"https:\/\/www.estrategiaconcursos.com.br\/blog\/auditores-entregam-cargos-de-chefia-como-protesto\/#primaryimage"},"image":{"@id":"https:\/\/www.estrategiaconcursos.com.br\/blog\/auditores-entregam-cargos-de-chefia-como-protesto\/#primaryimage"},"thumbnailUrl":"https:\/\/dhg1h5j42swfq.cloudfront.net\/2021\/09\/23192414\/aft.jpg","datePublished":"2022-01-10T23:10:00+00:00","dateModified":"2022-01-11T13:12:35+00:00","description":"Auditores Fiscais do Trabalho entregam cargos de chefia como forma de protesto ao reajuste salarial dos policiais previsto no PLOA 2022.","breadcrumb":{"@id":"https:\/\/www.estrategiaconcursos.com.br\/blog\/auditores-entregam-cargos-de-chefia-como-protesto\/#breadcrumb"},"inLanguage":"pt-BR","potentialAction":[{"@type":"ReadAction","target":["https:\/\/www.estrategiaconcursos.com.br\/blog\/auditores-entregam-cargos-de-chefia-como-protesto\/"]}]},{"@type":"ImageObject","inLanguage":"pt-BR","@id":"https:\/\/www.estrategiaconcursos.com.br\/blog\/auditores-entregam-cargos-de-chefia-como-protesto\/#primaryimage","url":"https:\/\/dhg1h5j42swfq.cloudfront.net\/2021\/09\/23192414\/aft.jpg","contentUrl":"https:\/\/dhg1h5j42swfq.cloudfront.net\/2021\/09\/23192414\/aft.jpg","width":768,"height":432,"caption":"Concurso AFT lota\u00e7\u00e3o"},{"@type":"BreadcrumbList","@id":"https:\/\/www.estrategiaconcursos.com.br\/blog\/auditores-entregam-cargos-de-chefia-como-protesto\/#breadcrumb","itemListElement":[{"@type":"ListItem","position":1,"name":"In\u00edcio","item":"https:\/\/www.estrategiaconcursos.com.br\/blog\/"},{"@type":"ListItem","position":2,"name":"Auditores entregam cargos de chefia como forma de protesto"}]},{"@type":"WebSite","@id":"https:\/\/www.estrategiaconcursos.com.br\/blog\/#website","url":"https:\/\/www.estrategiaconcursos.com.br\/blog\/","name":"Estrat\u00e9gia Concursos","description":"O blog da Estrat\u00e9gia Concursos traz not\u00edcias sobre concursos e artigos de professores oferecendo cursos para concursos (pdf + videaulas) no site.","publisher":{"@id":"https:\/\/www.estrategiaconcursos.com.br\/blog\/#organization"},"potentialAction":[{"@type":"SearchAction","target":{"@type":"EntryPoint","urlTemplate":"https:\/\/www.estrategiaconcursos.com.br\/blog\/?s={search_term_string}"},"query-input":{"@type":"PropertyValueSpecification","valueRequired":true,"valueName":"search_term_string"}}],"inLanguage":"pt-BR"},{"@type":"Organization","@id":"https:\/\/www.estrategiaconcursos.com.br\/blog\/#organization","name":"Estrat\u00e9gia Concursos","url":"https:\/\/www.estrategiaconcursos.com.br\/blog\/","logo":{"@type":"ImageObject","inLanguage":"pt-BR","@id":"https:\/\/www.estrategiaconcursos.com.br\/blog\/#\/schema\/logo\/image\/","url":"https:\/\/dhg1h5j42swfq.cloudfront.net\/2025\/06\/03203428\/logo_concursos-1.jpg","contentUrl":"https:\/\/dhg1h5j42swfq.cloudfront.net\/2025\/06\/03203428\/logo_concursos-1.jpg","width":230,"height":60,"caption":"Estrat\u00e9gia Concursos"},"image":{"@id":"https:\/\/www.estrategiaconcursos.com.br\/blog\/#\/schema\/logo\/image\/"},"sameAs":["https:\/\/x.com\/EstratConcursos"]},{"@type":"Person","@id":"https:\/\/www.estrategiaconcursos.com.br\/blog\/#\/schema\/person\/4970184533d0a3ffa5b0299ae0a2b21f","name":"Thiago Cavalcante Gomes","image":{"@type":"ImageObject","inLanguage":"pt-BR","@id":"https:\/\/secure.gravatar.com\/avatar\/?s=96&d=mm&r=g","url":"https:\/\/secure.gravatar.com\/avatar\/?s=96&d=mm&r=g","contentUrl":"https:\/\/secure.gravatar.com\/avatar\/?s=96&d=mm&r=g","caption":"Thiago Cavalcante Gomes"},"url":"https:\/\/www.estrategiaconcursos.com.br\/blog\/author\/thiago-gomes\/"}]}},"_links":{"self":[{"href":"https:\/\/www.estrategiaconcursos.com.br\/blog\/wp-json\/wp\/v2\/posts\/943780","targetHints":{"allow":["GET"]}}],"collection":[{"href":"https:\/\/www.estrategiaconcursos.com.br\/blog\/wp-json\/wp\/v2\/posts"}],"about":[{"href":"https:\/\/www.estrategiaconcursos.com.br\/blog\/wp-json\/wp\/v2\/types\/post"}],"author":[{"embeddable":true,"href":"https:\/\/www.estrategiaconcursos.com.br\/blog\/wp-json\/wp\/v2\/users\/2041"}],"replies":[{"embeddable":true,"href":"https:\/\/www.estrategiaconcursos.com.br\/blog\/wp-json\/wp\/v2\/comments?post=943780"}],"version-history":[{"count":7,"href":"https:\/\/www.estrategiaconcursos.com.br\/blog\/wp-json\/wp\/v2\/posts\/943780\/revisions"}],"predecessor-version":[{"id":944200,"href":"https:\/\/www.estrategiaconcursos.com.br\/blog\/wp-json\/wp\/v2\/posts\/943780\/revisions\/944200"}],"wp:featuredmedia":[{"embeddable":true,"href":"https:\/\/www.estrategiaconcursos.com.br\/blog\/wp-json\/wp\/v2\/media\/869098"}],"wp:attachment":[{"href":"https:\/\/www.estrategiaconcursos.com.br\/blog\/wp-json\/wp\/v2\/media?parent=943780"}],"wp:term":[{"taxonomy":"category","embeddable":true,"href":"https:\/\/www.estrategiaconcursos.com.br\/blog\/wp-json\/wp\/v2\/categories?post=943780"},{"taxonomy":"post_tag","embeddable":true,"href":"https:\/\/www.estrategiaconcursos.com.br\/blog\/wp-json\/wp\/v2\/tags?post=943780"},{"taxonomy":"tax_estado","embeddable":true,"href":"https:\/\/www.estrategiaconcursos.com.br\/blog\/wp-json\/wp\/v2\/tax_estado?post=943780"}],"curies":[{"name":"wp","href":"https:\/\/api.w.org\/{rel}","templated":true}]}}