{"id":94376,"date":"2017-11-20T07:00:48","date_gmt":"2017-11-20T10:00:48","guid":{"rendered":"https:\/\/www.estrategiaconcursos.com.br\/blog\/?p=94376"},"modified":"2021-08-06T14:36:26","modified_gmt":"2021-08-06T17:36:26","slug":"concurso-brigada-militar-rs-edital","status":"publish","type":"post","link":"https:\/\/www.estrategiaconcursos.com.br\/blog\/concurso-brigada-militar-rs-edital\/","title":{"rendered":"Concurso Brigada Militar RS: Inscri\u00e7\u00f5es encerram hoje para mais de 4 mil vagas em n\u00edvel M\u00c9DIO"},"content":{"rendered":"<p style=\"text-align: justify;\"><span style=\"color: #000000;\">A banca organizadora do&nbsp;<em><strong>concurso Brigada Militar RS<\/strong><\/em>, Fundatec, encerra hoje, 20 de novembro, o per\u00edodo de inscri\u00e7\u00f5es do certame. O edital do concurso oferta 4.100 vagas para o cargo de Soldado da Pol\u00edcia Ostensiva do Rio Grande do Sul.<\/span><\/p>\n<p style=\"text-align: justify;\"><span style=\"color: #000000;\">Para se inscrever no concurso <em><strong>\u00e9 preciso ter idade m\u00ednima de 18 anos e m\u00e1xima de 25 anos at\u00e9 o \u00faltimo dia de inscri\u00e7\u00e3o no certame<\/strong><\/em>. Para o cargo, \u00e9 exigido forma\u00e7\u00e3o em n\u00edvel m\u00e9dio.<\/span><\/p>\n<p style=\"text-align: justify;\"><span style=\"color: #000000;\">O <em><strong>valor da inscri\u00e7\u00e3o \u00e9 de R$ 80,00<\/strong><\/em> e pode ser feita no site da banca organizadora.&nbsp;A data da prova para os dois cargos deve acontecer no <em><strong>dia 17 de dezembro<\/strong><\/em>. Em contato com a banca, a mesma informou que as provas dos dois cargos ser\u00e3o aplicadas no mesmo hor\u00e1rio.<\/span><\/p>\n<p style=\"text-align: justify;\"><span style=\"color: #000000;\">A remunera\u00e7\u00e3o ofertada para o cargo \u00e9 de <em><strong>R$ 3.760,54<\/strong><\/em>, com jornada de trabalho de 40 horas semanais.&nbsp;Al\u00e9m do cargo de Soldado, a Brigada Militar tamb\u00e9m abriu sele\u00e7\u00e3o para Bombeiro, com a oferta de 450 vagas. Ao final da mat\u00e9ria disponibilizamos o link do concurso para Bombeiro RS.<\/span><\/p>\n<h3>Principais datas do concurso Brigada Militar RS<\/h3>\n<p style=\"padding-left: 30px;\"><span style=\"color: #000000;\"><strong>Inscri\u00e7\u00f5es:<\/strong> <em>31 de outubro a 20 de novembro<\/em><\/span><br \/>\n<span style=\"color: #000000;\"><strong>Valor:<\/strong> <em>R$ 80,00<\/em><\/span><br \/>\n<span style=\"color: #000000;\"><strong>Data da Prova:<\/strong> <em>17 de dezembro<\/em><\/span><\/p>\n<p style=\"text-align: justify;\"><span style=\"color: #000000;\">Portanto, n\u00e3o ser\u00e1 poss\u00edvel se inscrever no concurso para os dois cargos.<\/span><\/p>\n<p style=\"text-align: justify;\"><img loading=\"lazy\" decoding=\"async\" class=\"aligncenter size-large wp-image-86322\" src=\"https:\/\/dhg1h5j42swfq.cloudfront.net\/2017\/08\/22145117\/saiu-edital-ec-2-e1505903719246.jpg\" alt=\"Concurso Brigada Militar RS\" width=\"1024\" height=\"536\"\/><\/p>\n<h3>Locais das provas &#8211; concurso Brigada Militar RS<\/h3>\n<p style=\"text-align: justify;\"><span style=\"color: #000000;\">V\u00e1 se programando, pois o edital j\u00e1 traz os locais onde as provas devem acontecer. Abaixo voc\u00ea confere a rela\u00e7\u00e3o dos locais de provas.<\/span><\/p>\n<p style=\"text-align: justify; padding-left: 30px;\"><span style=\"color: #000000;\"><em>Porto Alegre e\/ou Canoas<\/em><\/span><br \/>\n<span style=\"color: #000000;\"><em>Gravata\u00ed<\/em><\/span><br \/>\n<span style=\"color: #000000;\"><em>Cachoeirinha<\/em><\/span><br \/>\n<span style=\"color: #000000;\"><em>Novo Hamburgo<\/em><\/span><br \/>\n<span style=\"color: #000000;\"><em>S\u00e3o Leopoldo<\/em><\/span><\/p>\n<h3>Etapas do concurso Brigada Militar RS<\/h3>\n<p style=\"text-align: justify;\"><span style=\"color: #000000;\">O concurso acontecer\u00e1 conforme as fases abaixo relacionadas. Confira dicas nesta p\u00e1gina, com todas as informa\u00e7\u00f5es de como melhor se preparar para este concurso.<\/span><\/p>\n<p style=\"text-align: justify; padding-left: 30px;\"><span style=\"color: #000000;\"><strong>1\u00aa Fase<\/strong> &#8211;<em> Exame Intelectual<\/em><\/span><br \/>\n<span style=\"color: #000000;\"> <strong>2\u00aa Fase<\/strong> &#8211; <em>Exame de Sa\u00fade<\/em><\/span><br \/>\n<span style=\"color: #000000;\"> <strong>3\u00aa Fase<\/strong> &#8211; <em>Exame de Capacita\u00e7\u00e3o F\u00edsica<\/em><\/span><br \/>\n<span style=\"color: #000000;\"> <strong>4\u00aa Fase<\/strong> &#8211; <em>Exame Psicol\u00f3gico (duas etapas obrigat\u00f3rias)<\/em><\/span><br \/>\n<span style=\"color: #000000;\"> <em>Testagem Coletiva<\/em><\/span><br \/>\n<span style=\"color: #000000;\"> <em>Entrevista Individual<\/em><\/span><\/p>\n<h3>Provas do concurso Pol\u00edcia Militar RS<\/h3>\n<p style=\"text-align: justify;\"><span style=\"color: #000000;\"><strong>1\u00aa Fase &#8211; Exame Intelectual<\/strong><\/span><\/p>\n<p style=\"text-align: justify;\"><span style=\"color: #000000;\">A avalia\u00e7\u00e3o inicial dos candidatos ser\u00e1 feita a partir da aplica\u00e7\u00e3o de uma Prova Objetiva com 50 quest\u00f5es. A prova dever\u00e1 ser respondida em dura\u00e7\u00e3o m\u00e1xima de 3h30min. N\u00e3o haver\u00e1 prova discursiva.<\/span><\/p>\n<p style=\"text-align: justify;\"><span style=\"color: #000000;\">As quest\u00f5es cobrar\u00e3o dos candidatos conhecimentos nas \u00e1reas abaixo relacionadas.<\/span><\/p>\n<p><img loading=\"lazy\" decoding=\"async\" class=\"aligncenter wp-image-94381\" src=\"https:\/\/dhg1h5j42swfq.cloudfront.net\/2017\/10\/30175616\/prova.jpg\" alt=\"CONCURSO BRIGADA MILITAR RS\" width=\"698\" height=\"330\" srcset=\"https:\/\/dhg1h5j42swfq.cloudfront.net\/2017\/10\/30175616\/prova.jpg 1190w, https:\/\/dhg1h5j42swfq.cloudfront.net\/2017\/10\/30175616\/prova.jpg 300w, https:\/\/dhg1h5j42swfq.cloudfront.net\/2017\/10\/30175616\/prova.jpg 768w, https:\/\/dhg1h5j42swfq.cloudfront.net\/2017\/10\/30175616\/prova.jpg 1024w, https:\/\/dhg1h5j42swfq.cloudfront.net\/2017\/10\/30175616\/prova.jpg 610w\" sizes=\"auto, (max-width: 698px) 100vw, 698px\" \/><\/p>\n<p style=\"text-align: justify;\"><span style=\"color: #000000;\"><strong>2\u00aa Fase &#8211; Exame de Sa\u00fade<\/strong><\/span><\/p>\n<p style=\"text-align: justify;\"><span style=\"color: #000000;\">Na segunda fase do concurso, de car\u00e1ter eliminat\u00f3rio, ser\u00e3o convocados 8 mil soldados e os 2 mil bombeiros melhores classificados na primeita etapa.<\/span><\/p>\n<p style=\"text-align: justify;\"><span style=\"color: #000000;\">A fase ficar\u00e1 de responsabilidade da Junta Militar e constar\u00e1 de uma avalia\u00e7\u00e3o do estado cl\u00ednico, dent\u00e1rio e laboratorial.<\/span><\/p>\n<p style=\"text-align: justify;\"><span style=\"color: #000000;\"><strong>3\u00aa Fase &#8211; Exame de Capacidade F\u00edsica<\/strong><\/span><\/p>\n<p style=\"text-align: justify;\"><span style=\"color: #000000;\">Os dois cargos far\u00e3o o Exame de Capacidade F\u00edsica. Esta fase \u00e9 de car\u00e1ter eliminat\u00f3rio e para ela ser\u00e3o convocados todos os candidatos aprovados na segunda etapa.<\/span><\/p>\n<p style=\"text-align: justify;\"><span style=\"color: #000000;\">Apenas os candidatos ao cargo de Bombeiro passar\u00e3o por duas etapas. Al\u00e9m do TAF, passar\u00e3o pelo TAF espec\u00edfico para Bombeiros. Mesmo inapto na primeira etapa, o candidato a este cargo deve fazer a segunda.<\/span><\/p>\n<p style=\"text-align: justify;\"><span style=\"color: #000000;\">As provas para os dois cargos constam de:<\/span><\/p>\n<p style=\"text-align: justify; padding-left: 30px;\"><span style=\"color: #ff0000;\"><strong>Provas do TAF \u2013 Masculino<\/strong><\/span><br \/>\n<span style=\"color: #000000;\">&#8211; 3 flex\u00f5es de barra<\/span><br \/>\n<span style=\"color: #000000;\">&#8211; 35 abdominais em 60 segundos<\/span><br \/>\n<span style=\"color: #000000;\">&#8211; Percorrer 2.400m em 12 minutos<\/span><\/p>\n<p style=\"text-align: justify; padding-left: 30px;\"><span style=\"color: #ff0000;\"><strong>Provas do TAF \u2013 Feminino<\/strong><\/span><br \/>\n<span style=\"color: #000000;\">&#8211; 10 apoios do tipo feminino<\/span><br \/>\n<span style=\"color: #000000;\">&#8211; 30 abdominais em 60 segundos<\/span><br \/>\n<span style=\"color: #000000;\">&#8211; Percorrer 2.000m em 12 minutos<\/span><\/p>\n<p style=\"text-align: justify; padding-left: 30px;\"><span style=\"color: #ff0000;\"><strong>Provas do TAF \u2013 Bombeiro Masculino<\/strong><\/span><br \/>\n<span style=\"color: #000000;\">&#8211; Correr 75m transportando carga de 20kg em 18s<\/span><br \/>\n<span style=\"color: #000000;\">&#8211; Subida em corda lisa com deslocamento de 4m em no max 60s<\/span><br \/>\n<span style=\"color: #000000;\">&#8211; Nadar 25m em no m\u00e1ximo 60s<\/span><\/p>\n<p style=\"text-align: justify; padding-left: 30px;\"><span style=\"color: #ff0000;\"><strong>Provas do TAF \u2013 Bombeiro Feminino<\/strong><\/span><br \/>\n<span style=\"color: #000000;\">&#8211; Correr 75m transportando carga de 20kg em 21s<\/span><br \/>\n<span style=\"color: #000000;\">&#8211; Subida em corda lisa com deslocamento de 3m em no max 60s<\/span><br \/>\n<span style=\"color: #000000;\">&#8211; Nadar 25m em no m\u00e1ximo 80s<\/span><\/p>\n<p style=\"text-align: justify;\"><span style=\"color: #000000;\"><strong>4\u00aa Fase &#8211; Exame Psicol\u00f3gico<\/strong><\/span><\/p>\n<p style=\"text-align: justify;\"><span style=\"color: #000000;\">Nesta fase, de car\u00e1ter classificat\u00f3rio, ser\u00e3o convocados os primeiros 6.500 soldados e 1.500 bombeiros aprovados no TAF (3\u00aa etapa). A primeira etapa da 4\u00aa fase consta de um Coletivo e a 2\u00aa de uma Entrevista Individual.<\/span><\/p>\n<h3>Curso de Forma\u00e7\u00e3o &#8211; Concurso Pol\u00edcia Militar RS<\/h3>\n<p style=\"text-align: justify;\"><span style=\"color: #000000;\">Os aprovados dentro do n\u00famero de vagas ser\u00e3o inscritos no Curso B\u00e1sico de Forma\u00e7\u00e3o Policial Militar (CBFPM) ap\u00f3s passar todas as etapas do&nbsp;Concurso Brigada Militar RS.<\/span><\/p>\n<p style=\"text-align: justify;\"><span style=\"color: #000000;\">O curso \u00e9 composto de 46 disciplinas com 1.600 horas\/aula, com dura\u00e7\u00e3o de 7 meses. O curso acontece nas cidades de Porto Alegre, Motenegro, Os\u00f3rio e Canoas.<\/span><\/p>\n<p style=\"text-align: justify;\"><span style=\"color: #000000;\">Entre as disciplinas ofertadas no curso est\u00e3o:<\/span><\/p>\n<p style=\"text-align: justify; padding-left: 30px;\"><em><span style=\"color: #000000;\">&#8211; T\u00e9cnica policial-militar<\/span><\/em><br \/>\n<em> <span style=\"color: #000000;\">&#8211; Uso de arma de fogo<\/span><\/em><br \/>\n<em> <span style=\"color: #000000;\">&#8211; Decis\u00e3o de tiro<\/span><\/em><br \/>\n<em> <span style=\"color: #000000;\">&#8211; Abordagem policial<\/span><\/em><\/p>\n<p style=\"text-align: center;\"><em><strong>Gostou desta oportunidade e quer come\u00e7ar a se preparar agora mesmo para este concurso? Clique na imagem abaixo e confira os cursos espec\u00edficos para este concurso e reforce seus estudos.<\/strong><\/em><\/p>\n<p style=\"text-align: center;\"><a href=\"https:\/\/www.estrategiaconcursos.com.br\/cursosPorConcurso\/policia-militar-rs-soldado-da-brigada-militar\/\"><img loading=\"lazy\" decoding=\"async\" class=\"aligncenter wp-image-94303\" src=\"https:\/\/dhg1h5j42swfq.cloudfront.net\/2017\/10\/30085551\/BRIGADA-MILITAR-RS4-e1509364558368.jpg\" alt=\"Concurso Pol\u00edcia Militar RS\" width=\"806\" height=\"422\"\/><\/a><\/p>\n<h2 style=\"text-align: center;\"><span style=\"text-decoration: underline;\"><a href=\"https:\/\/www.estrategiaconcursos.com.br\/cursosPorConcurso\/policia-militar-rs-soldado-da-brigada-militar\/\">CURSOS CONCURSO BRIGADA MILITAR RS<\/a><\/span><\/h2>\n<h3><img loading=\"lazy\" decoding=\"async\" title=\"\" src=\"https:\/\/www.estrategiaconcursos.com.br\/blog\/wp-content\/uploads\/2017\/01\/coruja-ficha-tecnica-300x102.png\" alt=\"\" width=\"300\" height=\"102\"\/><\/h3>\n<p><span style=\"color: #000000;\"><strong>\u2666Informa\u00e7\u00f5es do pr\u00f3ximo Concurso Pol\u00edcia Militar RS<\/strong><\/span><br \/>\n<span style=\"color: #000000;\"> \u25baEdital:<\/span>&nbsp;<a href=\"https:\/\/dhg1h5j42swfq.cloudfront.net\/2017\/10\/30121358\/Brigada-Militar-RS-Edital.pdf\" target=\"_blank\" rel=\"noopener\">Brigada-Militar-RS-Edital<\/a><br \/>\n<span style=\"color: #000000;\">\u25baData prevista: 17\/12<\/span><br \/>\n<span style=\"color: #000000;\"> \u25baVagas:<em>&nbsp;4.100 vagas para soldado da Brigada Militar&nbsp;&nbsp;<\/em><\/span><br \/>\n<span style=\"color: #000000;\"> \u25baLota\u00e7\u00f5es: Rio Grande do Sul<\/span><br \/>\n<span style=\"color: #000000;\"> \u25baRemunera\u00e7\u00e3o inicial: R$&nbsp;3.760,54 + vantagens,<\/span><br \/>\n<span style=\"color: #000000;\"> \u25baBanca: Fundatec<\/span><br \/>\n<span style=\"color: #000000;\"> \u25baEscolaridade: Ensino M\u00e9dio<\/span><br \/>\n<span style=\"color: #000000;\"> \u25baCursos Estrat\u00e9gia Concursos:<\/span>&nbsp;<a href=\"https:\/\/www.estrategiaconcursos.com.br\/cursosPorConcurso\/policia-militar-rs-soldado-da-brigada-militar\/\" target=\"_blank\" rel=\"noopener\"><strong>CURSOS CONCURSO BRIGADA MILITAR RS<\/strong><\/a><\/p>\n<h1 style=\"text-align: center;\">Conte\u00fado Program\u00e1tico<br \/>\nConcurso Brigada Militar RS<\/h1>\n<p style=\"text-align: justify;\"><span style=\"color: #000000;\"><strong>Portugu\u00eas<\/strong><\/span><\/p>\n<p style=\"text-align: justify;\"><span style=\"color: #000000;\">An\u00e1lise global do texto. Ortografia. Rela\u00e7\u00f5es entre fonemas e grafias. Acentua\u00e7\u00e3o gr\u00e1fica. Morfologia: estrutura e forma\u00e7\u00e3o de palavras. Classes de palavras e seu emprego. Flex\u00f5es: g\u00eanero, n\u00famero e grau do substantivo e adjetivo. Sintaxe: processos de coordena\u00e7\u00e3o e subordina\u00e7\u00e3o. Equival\u00eancia e transforma\u00e7\u00e3o de estruturas. Discurso direto e indireto. Concord\u00e2ncia nominal e verbal. Reg\u00eancia&nbsp;verbal e nominal. Crase. Pontua\u00e7\u00e3o. Interpreta\u00e7\u00e3o de textos: variedade de textos e adequa\u00e7\u00e3o de linguagem. Estrutura\u00e7\u00e3o do texto e dos par\u00e1grafos. Informa\u00e7\u00f5es literais e infer\u00eancias. Estrutura\u00e7\u00e3o do texto: recursos de coes\u00e3o. Significa\u00e7\u00e3o contextual de palavras e express\u00f5es.<\/span><\/p>\n<p style=\"text-align: justify;\"><span style=\"color: #000000;\"><strong>Matem\u00e1tica<\/strong><\/span><\/p>\n<p style=\"text-align: justify;\"><span style=\"color: #000000;\">Conjuntos e Subconjuntos: opera\u00e7\u00f5es e problemas com conjuntos. Conjuntos Num\u00e9ricos: Conjunto dos n\u00fameros naturais, inteiros, racionais, irracionais e reais. Opera\u00e7\u00f5es fundamentais (adi\u00e7\u00e3o, subtra\u00e7\u00e3o, multiplica\u00e7\u00e3o, divis\u00e3o, potencia\u00e7\u00e3o e radicia\u00e7\u00e3o) propriedades das opera\u00e7\u00f5es, m\u00faltiplos e&nbsp;divisores, n\u00fameros primos, m\u00ednimo m\u00faltiplo comum, m\u00e1ximo divisor comum. Raz\u00f5es e Propor\u00e7\u00f5es \u2013 grandezas direta e inversamente proporcionais, divis\u00e3o em partes direta e inversamente proporcionais, regra de tr\u00eas simples e composta. Sistema de Medidas: comprimento, capacidade, massa e tempo (unidades, transforma\u00e7\u00e3o de unidades), sistema monet\u00e1rio brasileiro. Calculo alg\u00e9brico: Mon\u00f4mios e polin\u00f4mios. Triangulo ret\u00e2ngulo: Rela\u00e7\u00f5es m\u00e9tricas no tri\u00e2ngulo ret\u00e2ngulo. Teorema de Pit\u00e1goras e suas aplica\u00e7\u00f5es. Fun\u00e7\u00f5es: Ideia de fun\u00e7\u00e3o, interpreta\u00e7\u00e3o de gr\u00e1ficos, dom\u00ednio e imagem, fun\u00e7\u00e3o do 1\u00ba grau, fun\u00e7\u00e3o do 2\u00ba grau, fun\u00e7\u00e3o exponencial e logar\u00edtmica \u2013 valor de m\u00e1ximo e m\u00ednimo de uma fun\u00e7\u00e3o do 2\u00ba grau. Equa\u00e7\u00f5es de 1\u00ba e 2\u00ba graus, equa\u00e7\u00e3o exponencial. Sistemas de equa\u00e7\u00f5es de 1\u00ba grau com duas inc\u00f3gnitas. Trigonometria: Raz\u00f5es trigonom\u00e9tricas no tri\u00e2ngulo ret\u00e2ngulo. Fun\u00e7\u00f5es circulares. Rela\u00e7\u00f5es, identidades e equa\u00e7\u00f5es trigonom\u00e9tricas. Geometria Plana: c\u00e1lculo de \u00e1rea e per\u00edmetro de pol\u00edgonos. Circunfer\u00eancia e C\u00edrculo: comprimento da circunfer\u00eancia, \u00e1rea do c\u00edrculo. &nbsp;Geometria Espacial \u2013 c\u00e1lculo da \u00e1rea e do volume dos s\u00f3lidos geom\u00e9tricos. Matem\u00e1tica Financeira: porcentagem, juro simples e compostos. An\u00e1lise Combinat\u00f3ria e Probabilidade. Progress\u00f5es: Sequ\u00eancias num\u00e9ricas, progress\u00e3o aritm\u00e9tica e geom\u00e9trica. Aplica\u00e7\u00e3o dos conte\u00fados acima listados em resolu\u00e7\u00e3o de problemas.<\/span><\/p>\n<p style=\"text-align: justify;\"><span style=\"color: #000000;\"><strong>Direitos Humanos e Cidadania<\/strong><\/span><\/p>\n<p style=\"text-align: justify;\"><span style=\"color: #000000;\">Princ\u00edpios Fundamentais da Rep\u00fablica Federativa do Brasil. Direitos e Garantias Fundamentais na Rep\u00fablica Federativa do Brasil. Defesa do Estado e das Institui\u00e7\u00f5es Democr\u00e1ticas na Rep\u00fablica Federativa do Brasil. Poder Judici\u00e1rio, Minist\u00e9rio P\u00fablico, Advocacia P\u00fablica, Advocacia e Defensoria P\u00fablica na Constitui\u00e7\u00e3o da Rep\u00fablica Federativa do Brasil. Direitos Humanos. Conceitos. Dimens\u00f5es ou gera\u00e7\u00f5es. Direito Positivo e Direito Natural. Hist\u00f3rico. Documentos internacionais hist\u00f3ricos. Declara\u00e7\u00e3o Universal dos Direitos Humanos (1948). OEA e prote\u00e7\u00e3o aos direitos humanos. Declara\u00e7\u00e3o Americana dos Direitos e Deveres do Homem. Conven\u00e7\u00e3o Americana sobre Direitos Humanos (1969). \u2013 Pacto de San Jose da Costa Rica. Abuso de autoridade (Lei n.\u00ba 4.898\/65). Tortura (Lei n.\u00ba 9.455\/97 e Conven\u00e7\u00e3o Interamericana para Prevenir e Punir a Tortura). Uso de algemas (Enunciado n.\u00ba 11 da S\u00famula Vinculante do Supremo Tribunal Federal).<\/span><\/p>\n<p><span style=\"color: #000000;\"><strong>Legisla\u00e7\u00e3o Espec\u00edfica<\/strong><\/span><\/p>\n<p style=\"text-align: justify;\"><span style=\"color: #000000;\">CONSTITUI\u00c7\u00c3O FEDERAL. artigos 1\u00ba a 5\u00ba; 37 e 38; 42 a 50; 142 a 144. CONSTITUI\u00c7\u00c3O DO ESTADO DO RIO GRANDE DO SUL. artigos 1\u00ba a 7\u00ba; 46 a 48; 124 a 132. LEI FEDERAL n\u00ba 11.340, de 07 de agosto de 2006 \u2013 Lei Maria da Penha. LEI FEDERAL n\u00ba 12.288, de 20 de julho de 2010 \u2013 Estatuto Nacional da Igualdade Racial. LEI COMPLEMENTAR n\u00ba 10.990, de 18 de agosto de 1997 &#8211; Estatuto dos Servidores Militares. LEI COMPLEMENTAR n\u00ba 10.991, de 18 de agosto de 1997 &#8211; Lei de Organiza\u00e7\u00e3o B\u00e1sica da Brigada Militar.&nbsp; LEI COMPLEMENTAR n\u00ba 10.992, de 18 de agosto de 1997 &#8211; Plano de Carreira dos Servidores Militares LEI ESTADUAL n\u00ba 13.694, de 19 de janeiro de 2011 \u2013 Estatuto Estadual da Igualdade Racial. Decreto n\u00ba 43.245, de 19 de julho de 2004 &#8211; Regulamento Disciplinar da Brigada Militar do Estado do Rio Grande do Sul.<\/span><\/p>\n<p><strong>Conhecimentos Gerais<\/strong><\/p>\n<p style=\"text-align: justify;\"><span style=\"color: #000000;\">T\u00f3picos atuais de diversas \u00e1reas, tais como seguran\u00e7a, transportes, pol\u00edtica, economia, sociedade, educa\u00e7\u00e3o, sa\u00fade, cultura, tecnologia, desenvolvimento sustent\u00e1vel e ecologia. Atualidades nacionais, estaduais ou locais.<\/span><\/p>\n<p><span style=\"color: #000000;\"><strong>Inform\u00e1tica<\/strong><\/span><\/p>\n<p style=\"text-align: justify;\"><span style=\"color: #000000;\"><strong>1. Conhecimentos do sistema operacional Microsoft Windows 8:<\/strong>&nbsp;(1) \u00c1rea de Trabalho (Exibir, Classificar, Atualizar, Resolu\u00e7\u00e3o da tela, Gadgets) e menu Iniciar (Documentos, Imagens, Computador, Painel de Controle, Dispositivos e Impressoras, Programas Padr\u00e3o, Ajuda e Suporte, Desligar, Todos os Programas, Pesquisar Programas e arquivos e Ponto de Partida): saber trabalhar, exibir, alterar, organizar, classificar, ver as propriedades, identificar, usar e configurar, utilizando menus r\u00e1pidos ou suspensos, pain\u00e9is, listas, caixa de pesquisa, teclas de atalho, menus, \u00edcones, janelas, teclado e\/ou mouse; (2) Propriedades da Barra de Tarefas e do menu Iniciar e Gerenciador de tarefas: saber trabalhar, exibir, alterar, organizar, identificar, usar, fechar programas e configurar, utilizando as partes da janela (bot\u00f5es, pain\u00e9is, listas, caixa de pesquisa, caixas de marca\u00e7\u00e3o, menus, \u00edcones e etc.), teclado e\/ou mouse. (3) Janelas para facilitar a navega\u00e7\u00e3o no Windows e o trabalho com arquivos, pastas e bibliotecas, Painel de Controle e Lixeira: saber exibir, alterar, organizar, identificar, usar e configurar ambientes, componentes da janela, menus, barras de ferramentas e \u00edcones; usar as funcionalidades das janelas, programas e aplicativos utilizando as partes da janela (bot\u00f5es, pain\u00e9is, listas, caixa de pesquisa, caixas de marca\u00e7\u00e3o, menus, \u00edcones e etc.), teclado e\/ou mouse; (4) realizar a\u00e7\u00f5es e opera\u00e7\u00f5es sobre bibliotecas, arquivos, pastas, \u00edcones e atalhos: localizar, copiar, mover, criar, criar atalhos, criptografar, ocultar, excluir, recortar, colar, renomear, abrir, abrir com, editar, enviar para, propriedades e etc.; e (5) identificar e utilizar nomes v\u00e1lidos para bibliotecas, arquivos, pastas, \u00edcones e atalhos.&nbsp;<strong>2. Conhecimentos sobre o programa Microsoft Word 2013:<\/strong>&nbsp;(1) saber identificar, caracterizar, usar, alterar, configurar e personalizar o ambiente, componentes da janela, funcionalidades, menus, \u00edcones, barra de ferramentas, guias, grupos e bot\u00f5es, teclas de atalho, incluindo n\u00famero de p\u00e1ginas e palavras, erros de revis\u00e3o, idioma, modos de exibi\u00e7\u00e3o do documento e zoom; (2) abrir, fechar, criar, excluir, visualizar, formatar, alterar, salvar, configurar documentos, utilizado as barras de ferramentas, menus, \u00edcones, bot\u00f5es, guias e grupos da Faixa de Op\u00e7\u00f5es, teclado e\/ou mouse; (3) identificar e utilizar os bot\u00f5es e \u00edcones das barras de ferramentas das guias e grupos In\u00edcio, Inserir,&nbsp;Layout da P\u00e1gina, Refer\u00eancias, Correspond\u00eancias, Revis\u00e3o e Exibi\u00e7\u00e3o, para formatar, personalizar, configurar, alterar e reconhecer a formata\u00e7\u00e3o de textos e documentos; (4) saber identificar as configura\u00e7\u00f5es e configurar as Op\u00e7\u00f5es do Word; e (5) saber usar a Ajuda.&nbsp;<strong>3. Conhecimentos sobre o programa Microsoft Excel 2013:<\/strong> (1) saber identificar, caracterizar, usar, alterar, configurar e personalizar o ambiente, componentes da janela, funcionalidades, menus, \u00edcones, barra de ferramentas, teclas de atalho, guias, grupos e bot\u00f5es; (2) Elementos : definir e identificar c\u00e9lula, planilha e pasta; saber selecionar e reconhecer a sele\u00e7\u00e3o de c\u00e9lulas, planilhas e pastas; (3) Planilhas e Pastas: abrir, fechar, criar, visualizar, formatar, salvar, alterar, excluir, renomear, personalizar, configurar planilhas e&nbsp;pastas, utilizando as barra de ferramentas, menus, \u00edcones, bot\u00f5es, guias e grupos da Faixa de Op\u00e7\u00f5es, teclado e\/ou mouse; (4) Barra de Ferramentas: identificar e utilizar os \u00edcones e bot\u00f5es das barras de ferramentas das guias e grupos In\u00edcio, Inserir, Layout da P\u00e1gina, F\u00f3rmulas, Dados, Revis\u00e3o e exibi\u00e7\u00e3o, para formatar, alterar, selecionar c\u00e9lulas, configurar, reconhecer a formata\u00e7\u00e3o de textos e documentos e reconhecer a sele\u00e7\u00e3o de c\u00e9lulas; e (5) Ajuda : saber usar a Ajuda. <strong>4. Firefox vers\u00e3o atualizada:&nbsp;<\/strong>(1) identificar o ambiente, caracter\u00edsticas e componentes da janela principal do Firefox;(2) identificar e usar as funcionalidades das barras de Menus, Ferramentas, teclas de atalho, Favoritos, Barra de Comandos e Barra de Status; (3) identificar e usar as funcionalidades dos menus Arquivo, Editar, Exibir, Hist\u00f3rico, Favoritos, Ferramentas e Ajuda. <strong>5. Google Chrome vers\u00e3o atualizada:<\/strong> 1) identificar o ambiente, caracter\u00edsticas e componentes da janela principal, teclas de atalho; (2) identificar e saber usar todas as funcionalidades do Google Chrome.<\/span><\/p>\n<p>&nbsp;<\/p>\n<h2 style=\"text-align: center;\">Fique informado pelo WhatsApp!<\/h2>\n<p style=\"text-align: center;\"><em><strong>Salve o n\u00famero (61) 99876-2981<\/strong>, na sua Agenda de Contatos e nos envie uma mensagem pelo WhatsApp&nbsp;<span style=\"color: #ff0000;\"><strong>falando para qual \u00e1rea de concurso voc\u00ea estuda<\/strong><\/span>. N\u00f3s passaremos a te enviar informa\u00e7\u00f5es atualizadas direto no seu celular. <strong>\u00c9 importante que voc\u00ea mantenha o nosso n\u00famero na sua Lista de Contatos do WhatsApp.<\/strong> Somente desta forma voc\u00ea receber\u00e1, via Lista de Transmiss\u00e3o, as informa\u00e7\u00f5es, not\u00edcias, avisos de Aulas Gr\u00e1tis, mensagens de motiva\u00e7\u00e3o dos nossos professores e muito mais. Fique Informado!<\/em><\/p>\n<p><img loading=\"lazy\" decoding=\"async\" class=\"aligncenter size-large wp-image-83542\" src=\"https:\/\/dhg1h5j42swfq.cloudfront.net\/2017\/08\/01145114\/whats-thais-mendes-2.png\" alt=\"\" width=\"1024\" height=\"536\" srcset=\"https:\/\/dhg1h5j42swfq.cloudfront.net\/2017\/08\/01145114\/whats-thais-mendes-2.png 1200w, https:\/\/dhg1h5j42swfq.cloudfront.net\/2017\/08\/01145114\/whats-thais-mendes-2.png 300w, https:\/\/dhg1h5j42swfq.cloudfront.net\/2017\/08\/01145114\/whats-thais-mendes-2.png 768w, https:\/\/dhg1h5j42swfq.cloudfront.net\/2017\/08\/01145114\/whats-thais-mendes-2.png 1024w, https:\/\/dhg1h5j42swfq.cloudfront.net\/2017\/08\/01145114\/whats-thais-mendes-2.png 610w\" sizes=\"auto, (max-width: 1024px) 100vw, 1024px\" \/><\/p>\n","protected":false},"excerpt":{"rendered":"<p>A banca organizadora do&nbsp;concurso Brigada Militar RS, Fundatec, encerra hoje, 20 de novembro, o per\u00edodo de inscri\u00e7\u00f5es do certame. O edital do concurso oferta 4.100 vagas para o cargo de Soldado da Pol\u00edcia Ostensiva do Rio Grande do Sul. Para se inscrever no concurso \u00e9 preciso ter idade m\u00ednima de 18 anos e m\u00e1xima de [&hellip;]<\/p>\n","protected":false},"author":1,"featured_media":96085,"comment_status":"open","ping_status":"open","sticky":false,"template":"","format":"standard","meta":{"post_tipo":"news","footnotes":""},"categories":[220186,220187],"tags":[],"tax_estado":[219986],"class_list":["post-94376","post","type-post","status-publish","format-standard","has-post-thumbnail","hentry","category-policial-oficial","category-policial-pracas","tax_estado-rs"],"acf":[],"yoast_head":"<!-- This site is optimized with the Yoast SEO Premium plugin v27.2 (Yoast SEO v27.2) - https:\/\/yoast.com\/product\/yoast-seo-premium-wordpress\/ -->\n<title>Concurso Brigada Militar RS - \u00daltimo dia para inscri\u00e7\u00f5es!<\/title>\n<meta name=\"description\" content=\"Concurso Brigada Militar RS - Saiu Edital com oferta de mais de 4 mil vagas para o cargo de Soltado da PM Ostensiva para o concurso Pol\u00edcia Militar RS.\" \/>\n<meta name=\"robots\" content=\"index, follow, max-snippet:-1, max-image-preview:large, max-video-preview:-1\" \/>\n<link rel=\"canonical\" href=\"https:\/\/www.estrategiaconcursos.com.br\/blog\/concurso-brigada-militar-rs-edital\/\" \/>\n<meta property=\"og:locale\" content=\"pt_BR\" \/>\n<meta property=\"og:type\" content=\"article\" \/>\n<meta property=\"og:title\" content=\"Concurso Brigada Militar RS: Inscri\u00e7\u00f5es encerram hoje para mais de 4 mil vagas em n\u00edvel M\u00c9DIO\" \/>\n<meta property=\"og:description\" content=\"Concurso Brigada Militar RS - Saiu Edital com oferta de mais de 4 mil vagas para o cargo de Soltado da PM Ostensiva para o concurso Pol\u00edcia Militar RS.\" \/>\n<meta property=\"og:url\" content=\"https:\/\/www.estrategiaconcursos.com.br\/blog\/concurso-brigada-militar-rs-edital\/\" \/>\n<meta property=\"og:site_name\" content=\"Estrat\u00e9gia Concursos\" \/>\n<meta property=\"article:author\" content=\"https:\/\/www.facebook.com\/EstrategiaConcursos\" \/>\n<meta property=\"article:published_time\" content=\"2017-11-20T10:00:48+00:00\" \/>\n<meta property=\"article:modified_time\" content=\"2021-08-06T17:36:26+00:00\" \/>\n<meta property=\"og:image\" content=\"https:\/\/dhg1h5j42swfq.cloudfront.net\/2017\/10\/20065456\/BRIGADA-MILITAR-RS6-e1511171703921.jpg\" \/>\n\t<meta property=\"og:image:width\" content=\"400\" \/>\n\t<meta property=\"og:image:height\" content=\"209\" \/>\n\t<meta property=\"og:image:type\" content=\"image\/jpeg\" \/>\n<meta name=\"author\" content=\"Coordena\u00e7\u00e3o\" \/>\n<meta name=\"twitter:card\" content=\"summary_large_image\" \/>\n<meta name=\"twitter:creator\" content=\"@EstratConcursos\" \/>\n<meta name=\"twitter:site\" content=\"@EstratConcursos\" \/>\n<meta name=\"twitter:label1\" content=\"Escrito por\" \/>\n\t<meta name=\"twitter:data1\" content=\"Coordena\u00e7\u00e3o\" \/>\n\t<meta name=\"twitter:label2\" content=\"Est. tempo de leitura\" \/>\n\t<meta name=\"twitter:data2\" content=\"11 minutos\" \/>\n<script type=\"application\/ld+json\" class=\"yoast-schema-graph\">{\"@context\":\"https:\/\/schema.org\",\"@graph\":[{\"@type\":\"NewsArticle\",\"@id\":\"https:\/\/www.estrategiaconcursos.com.br\/blog\/concurso-brigada-militar-rs-edital\/#article\",\"isPartOf\":{\"@id\":\"https:\/\/www.estrategiaconcursos.com.br\/blog\/concurso-brigada-militar-rs-edital\/\"},\"author\":{\"name\":\"Coordena\u00e7\u00e3o\",\"@id\":\"https:\/\/www.estrategiaconcursos.com.br\/blog\/#\/schema\/person\/b4a388c97673c5f483d72185668afa1f\"},\"headline\":\"Concurso Brigada Militar RS: Inscri\u00e7\u00f5es encerram hoje para mais de 4 mil vagas em n\u00edvel M\u00c9DIO\",\"datePublished\":\"2017-11-20T10:00:48+00:00\",\"dateModified\":\"2021-08-06T17:36:26+00:00\",\"mainEntityOfPage\":{\"@id\":\"https:\/\/www.estrategiaconcursos.com.br\/blog\/concurso-brigada-militar-rs-edital\/\"},\"wordCount\":2326,\"commentCount\":0,\"publisher\":{\"@id\":\"https:\/\/www.estrategiaconcursos.com.br\/blog\/#organization\"},\"image\":{\"@id\":\"https:\/\/www.estrategiaconcursos.com.br\/blog\/concurso-brigada-militar-rs-edital\/#primaryimage\"},\"thumbnailUrl\":\"https:\/\/dhg1h5j42swfq.cloudfront.net\/2017\/10\/20065456\/BRIGADA-MILITAR-RS6-e1511171703921.jpg\",\"articleSection\":[\"Policial (PM\/BM - Oficial)\",\"Policial (PM\/BM - Pra\u00e7as)\"],\"inLanguage\":\"pt-BR\",\"potentialAction\":[{\"@type\":\"CommentAction\",\"name\":\"Comment\",\"target\":[\"https:\/\/www.estrategiaconcursos.com.br\/blog\/concurso-brigada-militar-rs-edital\/#respond\"]}],\"copyrightYear\":\"2017\",\"copyrightHolder\":{\"@id\":\"https:\/\/www.estrategiaconcursos.com.br\/blog\/#organization\"}},{\"@type\":\"WebPage\",\"@id\":\"https:\/\/www.estrategiaconcursos.com.br\/blog\/concurso-brigada-militar-rs-edital\/\",\"url\":\"https:\/\/www.estrategiaconcursos.com.br\/blog\/concurso-brigada-militar-rs-edital\/\",\"name\":\"Concurso Brigada Militar RS - \u00daltimo dia para inscri\u00e7\u00f5es!\",\"isPartOf\":{\"@id\":\"https:\/\/www.estrategiaconcursos.com.br\/blog\/#website\"},\"primaryImageOfPage\":{\"@id\":\"https:\/\/www.estrategiaconcursos.com.br\/blog\/concurso-brigada-militar-rs-edital\/#primaryimage\"},\"image\":{\"@id\":\"https:\/\/www.estrategiaconcursos.com.br\/blog\/concurso-brigada-militar-rs-edital\/#primaryimage\"},\"thumbnailUrl\":\"https:\/\/dhg1h5j42swfq.cloudfront.net\/2017\/10\/20065456\/BRIGADA-MILITAR-RS6-e1511171703921.jpg\",\"datePublished\":\"2017-11-20T10:00:48+00:00\",\"dateModified\":\"2021-08-06T17:36:26+00:00\",\"description\":\"Concurso Brigada Militar RS - Saiu Edital com oferta de mais de 4 mil vagas para o cargo de Soltado da PM Ostensiva para o concurso Pol\u00edcia Militar RS.\",\"breadcrumb\":{\"@id\":\"https:\/\/www.estrategiaconcursos.com.br\/blog\/concurso-brigada-militar-rs-edital\/#breadcrumb\"},\"inLanguage\":\"pt-BR\",\"potentialAction\":[{\"@type\":\"ReadAction\",\"target\":[\"https:\/\/www.estrategiaconcursos.com.br\/blog\/concurso-brigada-militar-rs-edital\/\"]}]},{\"@type\":\"ImageObject\",\"inLanguage\":\"pt-BR\",\"@id\":\"https:\/\/www.estrategiaconcursos.com.br\/blog\/concurso-brigada-militar-rs-edital\/#primaryimage\",\"url\":\"https:\/\/dhg1h5j42swfq.cloudfront.net\/2017\/10\/20065456\/BRIGADA-MILITAR-RS6-e1511171703921.jpg\",\"contentUrl\":\"https:\/\/dhg1h5j42swfq.cloudfront.net\/2017\/10\/20065456\/BRIGADA-MILITAR-RS6-e1511171703921.jpg\",\"width\":400,\"height\":209,\"caption\":\"Concurso Pol\u00edcia Militar RS\"},{\"@type\":\"BreadcrumbList\",\"@id\":\"https:\/\/www.estrategiaconcursos.com.br\/blog\/concurso-brigada-militar-rs-edital\/#breadcrumb\",\"itemListElement\":[{\"@type\":\"ListItem\",\"position\":1,\"name\":\"In\u00edcio\",\"item\":\"https:\/\/www.estrategiaconcursos.com.br\/blog\/\"},{\"@type\":\"ListItem\",\"position\":2,\"name\":\"Concurso Brigada Militar RS: Inscri\u00e7\u00f5es encerram hoje para mais de 4 mil vagas em n\u00edvel M\u00c9DIO\"}]},{\"@type\":\"WebSite\",\"@id\":\"https:\/\/www.estrategiaconcursos.com.br\/blog\/#website\",\"url\":\"https:\/\/www.estrategiaconcursos.com.br\/blog\/\",\"name\":\"Estrat\u00e9gia Concursos\",\"description\":\"O blog da Estrat\u00e9gia Concursos traz not\u00edcias sobre concursos e artigos de professores oferecendo cursos para concursos (pdf + videaulas) no site.\",\"publisher\":{\"@id\":\"https:\/\/www.estrategiaconcursos.com.br\/blog\/#organization\"},\"potentialAction\":[{\"@type\":\"SearchAction\",\"target\":{\"@type\":\"EntryPoint\",\"urlTemplate\":\"https:\/\/www.estrategiaconcursos.com.br\/blog\/?s={search_term_string}\"},\"query-input\":{\"@type\":\"PropertyValueSpecification\",\"valueRequired\":true,\"valueName\":\"search_term_string\"}}],\"inLanguage\":\"pt-BR\"},{\"@type\":\"Organization\",\"@id\":\"https:\/\/www.estrategiaconcursos.com.br\/blog\/#organization\",\"name\":\"Estrat\u00e9gia Concursos\",\"url\":\"https:\/\/www.estrategiaconcursos.com.br\/blog\/\",\"logo\":{\"@type\":\"ImageObject\",\"inLanguage\":\"pt-BR\",\"@id\":\"https:\/\/www.estrategiaconcursos.com.br\/blog\/#\/schema\/logo\/image\/\",\"url\":\"https:\/\/dhg1h5j42swfq.cloudfront.net\/2025\/06\/03203428\/logo_concursos-1.jpg\",\"contentUrl\":\"https:\/\/dhg1h5j42swfq.cloudfront.net\/2025\/06\/03203428\/logo_concursos-1.jpg\",\"width\":230,\"height\":60,\"caption\":\"Estrat\u00e9gia Concursos\"},\"image\":{\"@id\":\"https:\/\/www.estrategiaconcursos.com.br\/blog\/#\/schema\/logo\/image\/\"},\"sameAs\":[\"https:\/\/x.com\/EstratConcursos\"]},{\"@type\":\"Person\",\"@id\":\"https:\/\/www.estrategiaconcursos.com.br\/blog\/#\/schema\/person\/b4a388c97673c5f483d72185668afa1f\",\"name\":\"Coordena\u00e7\u00e3o\",\"image\":{\"@type\":\"ImageObject\",\"inLanguage\":\"pt-BR\",\"@id\":\"https:\/\/secure.gravatar.com\/avatar\/b720319e4c9a967eb58678d110f4fe35452fc5d5f97b202bac7b8acceb18c6ad?s=96&d=mm&r=g\",\"url\":\"https:\/\/secure.gravatar.com\/avatar\/b720319e4c9a967eb58678d110f4fe35452fc5d5f97b202bac7b8acceb18c6ad?s=96&d=mm&r=g\",\"contentUrl\":\"https:\/\/secure.gravatar.com\/avatar\/b720319e4c9a967eb58678d110f4fe35452fc5d5f97b202bac7b8acceb18c6ad?s=96&d=mm&r=g\",\"caption\":\"Coordena\u00e7\u00e3o\"},\"sameAs\":[\"https:\/\/www.facebook.com\/EstrategiaConcursos\",\"https:\/\/x.com\/EstratConcursos\"],\"url\":\"https:\/\/www.estrategiaconcursos.com.br\/blog\/author\/estrategia2013\/\"}]}<\/script>\n<!-- \/ Yoast SEO Premium plugin. -->","yoast_head_json":{"title":"Concurso Brigada Militar RS - \u00daltimo dia para inscri\u00e7\u00f5es!","description":"Concurso Brigada Militar RS - Saiu Edital com oferta de mais de 4 mil vagas para o cargo de Soltado da PM Ostensiva para o concurso Pol\u00edcia Militar RS.","robots":{"index":"index","follow":"follow","max-snippet":"max-snippet:-1","max-image-preview":"max-image-preview:large","max-video-preview":"max-video-preview:-1"},"canonical":"https:\/\/www.estrategiaconcursos.com.br\/blog\/concurso-brigada-militar-rs-edital\/","og_locale":"pt_BR","og_type":"article","og_title":"Concurso Brigada Militar RS: Inscri\u00e7\u00f5es encerram hoje para mais de 4 mil vagas em n\u00edvel M\u00c9DIO","og_description":"Concurso Brigada Militar RS - Saiu Edital com oferta de mais de 4 mil vagas para o cargo de Soltado da PM Ostensiva para o concurso Pol\u00edcia Militar RS.","og_url":"https:\/\/www.estrategiaconcursos.com.br\/blog\/concurso-brigada-militar-rs-edital\/","og_site_name":"Estrat\u00e9gia Concursos","article_author":"https:\/\/www.facebook.com\/EstrategiaConcursos","article_published_time":"2017-11-20T10:00:48+00:00","article_modified_time":"2021-08-06T17:36:26+00:00","og_image":[{"width":400,"height":209,"url":"https:\/\/dhg1h5j42swfq.cloudfront.net\/2017\/10\/20065456\/BRIGADA-MILITAR-RS6-e1511171703921.jpg","type":"image\/jpeg"}],"author":"Coordena\u00e7\u00e3o","twitter_card":"summary_large_image","twitter_creator":"@EstratConcursos","twitter_site":"@EstratConcursos","twitter_misc":{"Escrito por":"Coordena\u00e7\u00e3o","Est. tempo de leitura":"11 minutos"},"schema":{"@context":"https:\/\/schema.org","@graph":[{"@type":"NewsArticle","@id":"https:\/\/www.estrategiaconcursos.com.br\/blog\/concurso-brigada-militar-rs-edital\/#article","isPartOf":{"@id":"https:\/\/www.estrategiaconcursos.com.br\/blog\/concurso-brigada-militar-rs-edital\/"},"author":{"name":"Coordena\u00e7\u00e3o","@id":"https:\/\/www.estrategiaconcursos.com.br\/blog\/#\/schema\/person\/b4a388c97673c5f483d72185668afa1f"},"headline":"Concurso Brigada Militar RS: Inscri\u00e7\u00f5es encerram hoje para mais de 4 mil vagas em n\u00edvel M\u00c9DIO","datePublished":"2017-11-20T10:00:48+00:00","dateModified":"2021-08-06T17:36:26+00:00","mainEntityOfPage":{"@id":"https:\/\/www.estrategiaconcursos.com.br\/blog\/concurso-brigada-militar-rs-edital\/"},"wordCount":2326,"commentCount":0,"publisher":{"@id":"https:\/\/www.estrategiaconcursos.com.br\/blog\/#organization"},"image":{"@id":"https:\/\/www.estrategiaconcursos.com.br\/blog\/concurso-brigada-militar-rs-edital\/#primaryimage"},"thumbnailUrl":"https:\/\/dhg1h5j42swfq.cloudfront.net\/2017\/10\/20065456\/BRIGADA-MILITAR-RS6-e1511171703921.jpg","articleSection":["Policial (PM\/BM - Oficial)","Policial (PM\/BM - Pra\u00e7as)"],"inLanguage":"pt-BR","potentialAction":[{"@type":"CommentAction","name":"Comment","target":["https:\/\/www.estrategiaconcursos.com.br\/blog\/concurso-brigada-militar-rs-edital\/#respond"]}],"copyrightYear":"2017","copyrightHolder":{"@id":"https:\/\/www.estrategiaconcursos.com.br\/blog\/#organization"}},{"@type":"WebPage","@id":"https:\/\/www.estrategiaconcursos.com.br\/blog\/concurso-brigada-militar-rs-edital\/","url":"https:\/\/www.estrategiaconcursos.com.br\/blog\/concurso-brigada-militar-rs-edital\/","name":"Concurso Brigada Militar RS - \u00daltimo dia para inscri\u00e7\u00f5es!","isPartOf":{"@id":"https:\/\/www.estrategiaconcursos.com.br\/blog\/#website"},"primaryImageOfPage":{"@id":"https:\/\/www.estrategiaconcursos.com.br\/blog\/concurso-brigada-militar-rs-edital\/#primaryimage"},"image":{"@id":"https:\/\/www.estrategiaconcursos.com.br\/blog\/concurso-brigada-militar-rs-edital\/#primaryimage"},"thumbnailUrl":"https:\/\/dhg1h5j42swfq.cloudfront.net\/2017\/10\/20065456\/BRIGADA-MILITAR-RS6-e1511171703921.jpg","datePublished":"2017-11-20T10:00:48+00:00","dateModified":"2021-08-06T17:36:26+00:00","description":"Concurso Brigada Militar RS - Saiu Edital com oferta de mais de 4 mil vagas para o cargo de Soltado da PM Ostensiva para o concurso Pol\u00edcia Militar RS.","breadcrumb":{"@id":"https:\/\/www.estrategiaconcursos.com.br\/blog\/concurso-brigada-militar-rs-edital\/#breadcrumb"},"inLanguage":"pt-BR","potentialAction":[{"@type":"ReadAction","target":["https:\/\/www.estrategiaconcursos.com.br\/blog\/concurso-brigada-militar-rs-edital\/"]}]},{"@type":"ImageObject","inLanguage":"pt-BR","@id":"https:\/\/www.estrategiaconcursos.com.br\/blog\/concurso-brigada-militar-rs-edital\/#primaryimage","url":"https:\/\/dhg1h5j42swfq.cloudfront.net\/2017\/10\/20065456\/BRIGADA-MILITAR-RS6-e1511171703921.jpg","contentUrl":"https:\/\/dhg1h5j42swfq.cloudfront.net\/2017\/10\/20065456\/BRIGADA-MILITAR-RS6-e1511171703921.jpg","width":400,"height":209,"caption":"Concurso Pol\u00edcia Militar RS"},{"@type":"BreadcrumbList","@id":"https:\/\/www.estrategiaconcursos.com.br\/blog\/concurso-brigada-militar-rs-edital\/#breadcrumb","itemListElement":[{"@type":"ListItem","position":1,"name":"In\u00edcio","item":"https:\/\/www.estrategiaconcursos.com.br\/blog\/"},{"@type":"ListItem","position":2,"name":"Concurso Brigada Militar RS: Inscri\u00e7\u00f5es encerram hoje para mais de 4 mil vagas em n\u00edvel M\u00c9DIO"}]},{"@type":"WebSite","@id":"https:\/\/www.estrategiaconcursos.com.br\/blog\/#website","url":"https:\/\/www.estrategiaconcursos.com.br\/blog\/","name":"Estrat\u00e9gia Concursos","description":"O blog da Estrat\u00e9gia Concursos traz not\u00edcias sobre concursos e artigos de professores oferecendo cursos para concursos (pdf + videaulas) no site.","publisher":{"@id":"https:\/\/www.estrategiaconcursos.com.br\/blog\/#organization"},"potentialAction":[{"@type":"SearchAction","target":{"@type":"EntryPoint","urlTemplate":"https:\/\/www.estrategiaconcursos.com.br\/blog\/?s={search_term_string}"},"query-input":{"@type":"PropertyValueSpecification","valueRequired":true,"valueName":"search_term_string"}}],"inLanguage":"pt-BR"},{"@type":"Organization","@id":"https:\/\/www.estrategiaconcursos.com.br\/blog\/#organization","name":"Estrat\u00e9gia Concursos","url":"https:\/\/www.estrategiaconcursos.com.br\/blog\/","logo":{"@type":"ImageObject","inLanguage":"pt-BR","@id":"https:\/\/www.estrategiaconcursos.com.br\/blog\/#\/schema\/logo\/image\/","url":"https:\/\/dhg1h5j42swfq.cloudfront.net\/2025\/06\/03203428\/logo_concursos-1.jpg","contentUrl":"https:\/\/dhg1h5j42swfq.cloudfront.net\/2025\/06\/03203428\/logo_concursos-1.jpg","width":230,"height":60,"caption":"Estrat\u00e9gia Concursos"},"image":{"@id":"https:\/\/www.estrategiaconcursos.com.br\/blog\/#\/schema\/logo\/image\/"},"sameAs":["https:\/\/x.com\/EstratConcursos"]},{"@type":"Person","@id":"https:\/\/www.estrategiaconcursos.com.br\/blog\/#\/schema\/person\/b4a388c97673c5f483d72185668afa1f","name":"Coordena\u00e7\u00e3o","image":{"@type":"ImageObject","inLanguage":"pt-BR","@id":"https:\/\/secure.gravatar.com\/avatar\/b720319e4c9a967eb58678d110f4fe35452fc5d5f97b202bac7b8acceb18c6ad?s=96&d=mm&r=g","url":"https:\/\/secure.gravatar.com\/avatar\/b720319e4c9a967eb58678d110f4fe35452fc5d5f97b202bac7b8acceb18c6ad?s=96&d=mm&r=g","contentUrl":"https:\/\/secure.gravatar.com\/avatar\/b720319e4c9a967eb58678d110f4fe35452fc5d5f97b202bac7b8acceb18c6ad?s=96&d=mm&r=g","caption":"Coordena\u00e7\u00e3o"},"sameAs":["https:\/\/www.facebook.com\/EstrategiaConcursos","https:\/\/x.com\/EstratConcursos"],"url":"https:\/\/www.estrategiaconcursos.com.br\/blog\/author\/estrategia2013\/"}]}},"_links":{"self":[{"href":"https:\/\/www.estrategiaconcursos.com.br\/blog\/wp-json\/wp\/v2\/posts\/94376","targetHints":{"allow":["GET"]}}],"collection":[{"href":"https:\/\/www.estrategiaconcursos.com.br\/blog\/wp-json\/wp\/v2\/posts"}],"about":[{"href":"https:\/\/www.estrategiaconcursos.com.br\/blog\/wp-json\/wp\/v2\/types\/post"}],"author":[{"embeddable":true,"href":"https:\/\/www.estrategiaconcursos.com.br\/blog\/wp-json\/wp\/v2\/users\/1"}],"replies":[{"embeddable":true,"href":"https:\/\/www.estrategiaconcursos.com.br\/blog\/wp-json\/wp\/v2\/comments?post=94376"}],"version-history":[{"count":17,"href":"https:\/\/www.estrategiaconcursos.com.br\/blog\/wp-json\/wp\/v2\/posts\/94376\/revisions"}],"predecessor-version":[{"id":830227,"href":"https:\/\/www.estrategiaconcursos.com.br\/blog\/wp-json\/wp\/v2\/posts\/94376\/revisions\/830227"}],"wp:featuredmedia":[{"embeddable":true,"href":"https:\/\/www.estrategiaconcursos.com.br\/blog\/wp-json\/wp\/v2\/media\/96085"}],"wp:attachment":[{"href":"https:\/\/www.estrategiaconcursos.com.br\/blog\/wp-json\/wp\/v2\/media?parent=94376"}],"wp:term":[{"taxonomy":"category","embeddable":true,"href":"https:\/\/www.estrategiaconcursos.com.br\/blog\/wp-json\/wp\/v2\/categories?post=94376"},{"taxonomy":"post_tag","embeddable":true,"href":"https:\/\/www.estrategiaconcursos.com.br\/blog\/wp-json\/wp\/v2\/tags?post=94376"},{"taxonomy":"tax_estado","embeddable":true,"href":"https:\/\/www.estrategiaconcursos.com.br\/blog\/wp-json\/wp\/v2\/tax_estado?post=94376"}],"curies":[{"name":"wp","href":"https:\/\/api.w.org\/{rel}","templated":true}]}}