{"id":943751,"date":"2022-01-10T19:22:07","date_gmt":"2022-01-10T22:22:07","guid":{"rendered":"https:\/\/www.estrategiaconcursos.com.br\/blog\/?p=943751"},"modified":"2023-08-25T17:00:32","modified_gmt":"2023-08-25T20:00:32","slug":"ano-da-virada-sua-aprovacao-na-oab","status":"publish","type":"post","link":"https:\/\/www.estrategiaconcursos.com.br\/blog\/ano-da-virada-sua-aprovacao-na-oab\/","title":{"rendered":"O Ano da Virada: Sua aprova\u00e7\u00e3o na OAB nunca esteve t\u00e3o perto"},"content":{"rendered":"\n<p>Um novo ano j\u00e1 come\u00e7ou, concurseiros e concurseiras!!! E na s\u00e9rie exclusiva O Ano da Virada: Sua aprova\u00e7\u00e3o na OAB nunca esteve t\u00e3o perto voc\u00ea iniciar\u00e1 sua organiza\u00e7\u00e3o para conquistar sua carteira da Ordem em 2022!<\/p>\n\n\n\n<p>Ent\u00e3o, para voc\u00ea&nbsp;<strong>come\u00e7ar o ano \u201ca mil\u201d<\/strong>, e&nbsp;<strong>n\u00e3o parar de estudar depois de algumas semanas de festas,<\/strong>&nbsp;iniciamos o ano com&nbsp;<strong>uma super promo\u00e7\u00e3o e uma sequ\u00eancia de transmiss\u00f5es.<\/strong><\/p>\n\n\n\n<p><a href=\"https:\/\/gratis.estrategiaconcursos.com.br\/ano-virada-lp1\/\" target=\"_blank\" rel=\"noreferrer noopener\">A partir de hoje,&nbsp;<strong>10 de janeiro<\/strong><\/a><strong>, <\/strong>voc\u00ea se surpreender\u00e1 com o que vamos lhe oferecer para que&nbsp;esse seja<strong>&nbsp;o ano da virada definitiva da sua vida.&nbsp;<\/strong> E, para te incentivar ainda mais nos seus estudos, n\u00e3o pod\u00edamos deixar de trazer <strong>os melhores<\/strong> <strong>pre\u00e7os promocionais<\/strong> nas nossas <strong>assinaturas e cursos<\/strong>! <\/p>\n\n\n\n<p>Al\u00e9m disso, tamb\u00e9m iremos realizar uma s\u00e9rie de transmiss\u00f5es ao vivo com <strong>dicas, aulas e panoramas<\/strong> das principais sele\u00e7\u00f5es previstas para 2022. Vejo o que preparamos: <\/p>\n\n\n\n<ul id=\"indice\" class=\"has-black-color has-pale-pink-background-color has-text-color has-background wp-block-list\">\n<li><strong><a href=\"#promo\">Promo\u00e7\u00e3o especial<\/a><\/strong>\n<ul class=\"wp-block-list\">\n<li><a href=\"#especial\">Promo\u00e7\u00e3o Assinaturas lote especial<\/a><\/li>\n\n\n\n<li><a href=\"#primeiro\">Promo\u00e7\u00e3o Assinaturas 1\u00ba lote<\/a><\/li>\n\n\n\n<li><a href=\"#segundo\">Promo\u00e7\u00e3o Assinaturas 2\u00ba lote<\/a><\/li>\n<\/ul>\n<\/li>\n\n\n\n<li><strong><a href=\"#programacao\">Programa\u00e7\u00e3o<\/a><\/strong><\/li>\n<\/ul>\n\n\n\n<h2 class=\"wp-block-heading\" id=\"promo\">Promo\u00e7\u00e3o especial Ano da Virada: Sua aprova\u00e7\u00e3o na OAB nunca esteve t\u00e3o perto!<\/h2>\n\n\n\n<p>Para come\u00e7ar bem o ano, durante todo o m\u00eas de janeiro voc\u00ea vai poder adquirir nossos cursos e assinaturas com pre\u00e7os promocionais. Confira abaixo!<\/p>\n\n\n\n<p><strong>PRECOS REGULARES<\/strong><\/p>\n\n\n\n<figure class=\"wp-block-table is-style-stripes\"><table class=\"has-cyan-bluish-gray-background-color has-background has-fixed-layout\"><tbody><tr><td><strong>Produto<\/strong><\/td><td><strong>Pre\u00e7o<\/strong><\/td><td><strong>\u00e0 vista<\/strong><\/td><td><strong>12x<\/strong><\/td><\/tr><tr><td>Assinatura OAB At\u00e9 a Aprova\u00e7\u00e3o<\/td><td>R$ 1.558,92<\/td><td>R$ 1.418,62<\/td><td>R$ 129,91<\/td><\/tr><tr><td>Pacote 1\u00aa Fase XXXIV EOAB<\/td><td>R$ 990,00<\/td><td>R$ 900,90<\/td><td>R$ 82,50<\/td><\/tr><\/tbody><\/table><\/figure>\n\n\n\n<h3 class=\"wp-block-heading\" id=\"especial\"><em><\/em><em>Lote Especial (10\/01 a 17\/01)<\/em> &#8211; 40%<\/h3>\n\n\n\n<figure class=\"wp-block-table is-style-stripes\"><table class=\"has-pale-pink-background-color has-background has-fixed-layout\"><tbody><tr><td> <strong>Produto<\/strong> <\/td><td><strong>Pre\u00e7o<\/strong><\/td><td><strong>\u00e0 vista<\/strong><\/td><td><strong>Cart\u00e3o 12x<\/strong><\/td><td><strong>b\u00f4nus<\/strong><\/td><\/tr><tr><td> Assinatura OAB At\u00e9 a Aprova\u00e7\u00e3o <\/td><td>R$ 935,35<\/td><td>R$ 851,17<\/td><td>R$ 77,95<\/td><td>Tropa de Elite OAB<br \/>Intensivo<\/td><\/tr><tr><td> Pacote 1\u00aa Fase XXXIV EOAB <\/td><td>R$ 594,00<\/td><td>R$ 540,54<\/td><td>R$ 49,50<\/td><td>Tropa de Elite OAB<br \/>Intensivo<\/td><\/tr><\/tbody><\/table><\/figure>\n\n\n\n<h3 class=\"wp-block-heading\" id=\"primeiro\"><em><\/em><em><\/em><em><\/em><em>1\u00ba lote (18\/01 a 24\/01)<\/em> &#8211; 30%<\/h3>\n\n\n\n<figure class=\"wp-block-table is-style-stripes\"><table class=\"has-pale-pink-background-color has-background has-fixed-layout\"><tbody><tr><td><strong>Produto<\/strong><\/td><td><strong>Pre\u00e7o<\/strong><\/td><td><strong>\u00e0 vista<\/strong><\/td><td><strong>12x<\/strong><\/td><td><strong>b\u00f4nus<\/strong><\/td><\/tr><tr><td>Assinatura OAB At\u00e9 a Aprova\u00e7\u00e3o<\/td><td>R$ 1.091,24<\/td><td>R$ 993,03<\/td><td>R$ 90,94<\/td><td>Tropa de Elite OAB<\/td><\/tr><tr><td>Pacote 1\u00aa Fase XXXIV EOAB<\/td><td>R$ 693,00<\/td><td>R$ 630,63<\/td><td>R$ 57,75<\/td><td>Tropa de Elite OAB<\/td><\/tr><\/tbody><\/table><\/figure>\n\n\n\n<h3 class=\"wp-block-heading\" id=\"segundo\"><em><\/em><em><\/em><em><\/em><em>2\u00ba lote (25\/01 a 31\/01)<\/em> &#8211; 30%<\/h3>\n\n\n\n<figure class=\"wp-block-table is-style-stripes\"><table class=\"has-pale-pink-background-color has-background has-fixed-layout\"><tbody><tr><td> <strong>Produto<\/strong> <\/td><td><strong>Pre\u00e7o<\/strong><\/td><td><strong>\u00e0 vista<\/strong><\/td><td><strong>12x<\/strong><\/td><td><strong>b\u00f4nus<\/strong><\/td><\/tr><tr><td>Assinatura OAB At\u00e9 a Aprova\u00e7\u00e3o <\/td><td>R$ 1.247,14<\/td><td>R$ 1.134,89<\/td><td>R$ 103,93<\/td><td>&#8211;<\/td><\/tr><tr><td> Pacote 1\u00aa Fase XXXIV EOAB <\/td><td>R$ 792,00<\/td><td>R$ 720,72<\/td><td>R$ 66,00<\/td><td>&#8211;<\/td><\/tr><\/tbody><\/table><\/figure>\n\n\n\n<p>Com nossas\u00a0<strong>Assinaturas<\/strong>, voc\u00ea tem direito a: Cursos Completos, Videoaulas e Livros Digitais (PDFs), PDF Simplificado, Marca\u00e7\u00e3o dos Aprovados, F\u00f3rum de D\u00favidas, Resumos, Mapas Mentais, Bizus Estrat\u00e9gicos, Simulados, Sistema de Quest\u00f5es e Estrat\u00e9gia Cast.<\/p>\n\n\n\n<h2 class=\"wp-block-heading has-pale-pink-background-color has-background\" id=\"programacao\"><strong>Ano da Virada: Sua aprova\u00e7\u00e3o na OAB nunca esteve t\u00e3o perto<\/strong><\/h2>\n\n\n\n<figure class=\"wp-block-table is-style-stripes\"><table class=\"has-pale-pink-background-color has-background has-fixed-layout\"><tbody><tr><td><strong>Data<\/strong><\/td><td><strong>Dia<\/strong><\/td><td><strong>hor\u00e1rio<\/strong><\/td><td><strong>Tema<\/strong><\/td><td><strong>Professores<\/strong><\/td><\/tr><tr><td>10\/1\/2022<\/td><td>Segunda-Feira<\/td><td>19h<\/td><td><em>O Ano da Virada | A sua aprova\u00e7\u00e3o na OAB nunca esteve t\u00e3o perto<\/em><\/td><td>Priscila Ferreira; Diego Cerqueira e Ricardo Torques<\/td><\/tr><tr><td>10\/1\/2022<\/td><td>Segunda-Feira<\/td><td>21h<\/td><td>Webin\u00e1rio: Entenda as Ferramentas da Plataforma do Estrat\u00e9gia OAB<\/td><td>Igor Maciel<\/td><\/tr><tr><td>11\/1\/2022<\/td><td>Ter\u00e7a-Feira<\/td><td>8h30<\/td><td>Intensivo Direito Processual Civil &#8211; XXXIV Exame da OAB<\/td><td>Ricardo Torques<\/td><\/tr><tr><td>11\/1\/2022<\/td><td>Ter\u00e7a-Feira<\/td><td>12h<\/td><td>Webin\u00e1rio: A Nova Recupera\u00e7\u00e3o Judicial na prova da OAB<\/td><td>Alessandro Sanchez<\/td><\/tr><tr><td>11\/1\/2022<\/td><td>Ter\u00e7a-Feira<\/td><td>14h<\/td><td>Intensivo Direito do Trabalho &#8211; XXXIV Exame da OAB<\/td><td>Priscila Ferreira<\/td><\/tr><tr><td>11\/1\/2022<\/td><td>Ter\u00e7a-Feira<\/td><td>18h<\/td><td>Webin\u00e1rio: Temas Quentes em Direito Penal e Processo Penal<\/td><td>Gabriela Marques e Ivan Marques<\/td><\/tr><tr><td>11\/1\/2022<\/td><td>Ter\u00e7a-Feira<\/td><td>19h<\/td><td>Intensivo Direito Tribut\u00e1rio &#8211; XXXIV Exame da OAB<\/td><td>Rodrigo Martins<\/td><\/tr><tr><td>12\/1\/2022<\/td><td>Quarta-feira<\/td><td>8h30<\/td><td>Intensivo Direito do Trabalho &#8211; XXXIV Exame da OAB<\/td><td>Priscila Ferreira<\/td><\/tr><tr><td>12\/1\/2022<\/td><td>Quarta-feira<\/td><td>12h<\/td><td>Webin\u00e1rio: Os principais Erros e Acertos nos Estudos para OAB<\/td><td>Priscila Ferreira<\/td><\/tr><tr><td>12\/01\/2022<\/td><td>Quarta-feira<\/td><td>14h<\/td><td>Intensivo Direito Empresarial &#8211; XXXIV Exame da OAB<\/td><td>Alessandro Sanchez<\/td><\/tr><tr><td>12\/1\/2022<\/td><td>Quarta-feira<\/td><td>19h<\/td><td>Intensivo Direito Processual Civil &#8211; XXXIV Exame da OAB<\/td><td>Ricardo Torques<\/td><\/tr><tr><td>13\/1\/2022<\/td><td>Quinta-feira<\/td><td>8h30<\/td><td>Intensivo ECA &#8211; XXXIV Exame da OAB<\/td><td>Ricardo Torques<\/td><\/tr><tr><td>13\/1\/2022<\/td><td>Quinta-feira<\/td><td>18h<\/td><td>Webin\u00e1rio: Como explorar a Plataforma do Estrat\u00e9gia OAB?<\/td><td>Ricardo Torques<\/td><\/tr><tr><td>13\/1\/2022<\/td><td>Quinta-feira<\/td><td>19h<\/td><td>Intensivo Direito Internacional &#8211; XXXIV Exame da OAB<\/td><td>Vanessa Arns<\/td><\/tr><tr><td>14\/1\/2022<\/td><td>Sexta-feira<\/td><td>14h<\/td><td>Intensivo \u00c9tica Profissional &#8211; XXXIV Exame da OAB<\/td><td>Priscila<strong> Silveira<\/strong><\/td><\/tr><tr><td>14\/1\/2022<\/td><td>Sexta-feira<\/td><td>18h<\/td><td>Webin\u00e1rio: Entenda os novos aspectos da Lei de Licita\u00e7\u00e3o<\/td><td>Igor Maciel<\/td><\/tr><tr><td>14\/1\/2022<\/td><td>Sexta-feira<\/td><td>19h<\/td><td>Intensivo Direito do Consumidor &#8211; XXXIV Exame da OAB<\/td><td>Igor Maciel<\/td><\/tr><tr><td>15\/01\/2022<\/td><td>S\u00e1bado<\/td><td>8h30 \u00e0s 13h30<\/td><td>Maratona &#8211; Temas Quentes OAB &#8211; XXXIV Exame<\/td><td>*Descri\u00e7\u00e3o Abaixo<\/td><\/tr><tr><td>16\/01\/2022<\/td><td>Domingo<\/td><td>14h<\/td><td>Simulado I &#8211; XXXIV Exame OAB<\/td><td>*Descri\u00e7\u00e3o Abaixo<\/td><\/tr><tr><td>17\/01\/2022<\/td><td>Segunda-Feira<\/td><td>8h30<\/td><td>Intensivo Direito Civil &#8211; XXXIV Exame da OAB<\/td><td>Paulo Sousa<\/td><\/tr><tr><td>17\/01\/2022<\/td><td>Segunda-Feira<\/td><td>12h<\/td><td>Webin\u00e1rio: Estude adequadamente pela plataforma e gabarite a prova da OAB<\/td><td>Paulo Sousa<\/td><\/tr><tr><td>17\/01\/2022<\/td><td>Segunda-Feira<\/td><td>14h<\/td><td>Intensivo Direito do Trabalho &#8211; XXXIV Exame da OAB<\/td><td>Priscila Ferreira<\/td><\/tr><tr><td>17\/01\/2022<\/td><td>Segunda-Feira<\/td><td>19h<\/td><td>Intensivo Direito Processual Civil &#8211; XXXIV Exame da OAB<\/td><td>Ricardo Torques<\/td><\/tr><tr><td>18\/01\/2022<\/td><td>Ter\u00e7a-Feira<\/td><td>8h30<\/td><td>Intensivo Direito Civil &#8211; XXXIV Exame da OAB<\/td><td>Paulo Sousa<\/td><\/tr><tr><td>18\/01\/2022<\/td><td>Ter\u00e7a-Feira<\/td><td>14h<\/td><td>Intensivo Direito Processual Civil &#8211; XXXIV Exame da OAB<\/td><td>Ricardo Torques<\/td><\/tr><tr><td>18\/01\/2022<\/td><td>Ter\u00e7a-Feira<\/td><td>19h<\/td><td>Intensivo Direito Civil &#8211; XXXIV Exame da OAB<\/td><td>Paulo Sousa<\/td><\/tr><tr><td>19\/01\/2022<\/td><td>Quarta-feira<\/td><td>8h30<\/td><td>Intensivo Direito do Trabalho &#8211; XXXIV Exame da OAB<\/td><td>Priscila Ferreira<\/td><\/tr><tr><td>19\/1\/2022<\/td><td>Quarta-feira<\/td><td>14h<\/td><td>Intensivo Direito Penal &#8211; XXXIV Exame da OAB<\/td><td>Cristiano Rodrigues<\/td><\/tr><tr><td>19\/01\/2022<\/td><td>Quarta-feira<\/td><td>19h<\/td><td>Intensivo Direito Constitucional &#8211; XXXIV Exame da OAB<\/td><td>Diego Cerqueira<\/td><\/tr><tr><td>20\/01\/2022<\/td><td>Quinta-feira<\/td><td>8h30<\/td><td>Intensivo Direito do Trabalho &#8211; XXXIV Exame da OAB<\/td><td>Priscila Ferreira<\/td><\/tr><tr><td>20\/01\/2022<\/td><td>Quinta-feira<\/td><td>14h<\/td><td>Intensivo Direitos Humanos &#8211; XXXIV Exame da OAB<\/td><td>Ricardo Torques<\/td><\/tr><tr><td>20\/01\/2022<\/td><td>Quinta-feira<\/td><td>19h<\/td><td>Intensivo Direito Empresarial &#8211; XXXIV Exame da OAB<\/td><td>Alessandro Sanchez<\/td><\/tr><tr><td>21\/01\/2022<\/td><td>Sexta-feira<\/td><td>14h<\/td><td>Intensivo Processo Penal &#8211; XXXIV Exame da OAB<\/td><td>Ivan Marques<\/td><\/tr><tr><td>21\/01\/2022<\/td><td>Sexta-feira<\/td><td>19h<\/td><td>Intensivo Direito Tribut\u00e1rio &#8211; XXXIV Exame da OAB<\/td><td>Rodrigo Martins<\/td><\/tr><tr><td>22\/01\/2022<\/td><td>S\u00e1bado<\/td><td>14h<\/td><td>Simulado II &#8211; XXXIV Exame OAB<\/td><td>*Descri\u00e7\u00e3o Abaixo<\/td><\/tr><tr><td>24\/01\/2022<\/td><td>Segunda-Feira<\/td><td>8h30<\/td><td>Intensivo Processo Penal &#8211; XXXIV Exame da OAB<\/td><td>Ivan Marques<\/td><\/tr><tr><td>24\/01\/2022<\/td><td>Segunda-Feira<\/td><td>14h<\/td><td>Intensivo Direito Penal &#8211; XXXIV Exame da OAB<\/td><td>Cristiano Rodrigues<\/td><\/tr><tr><td>24\/01\/2022<\/td><td>Segunda-Feira<\/td><td>19h<\/td><td>Intensivo Direito Constitucional &#8211; XXXIV Exame da OAB<\/td><td>Diego Cerqueira<\/td><\/tr><tr><td>25\/1\/2022<\/td><td>Ter\u00e7a-Feira<\/td><td>8h30<\/td><td>Intensivo Filosofia do Direito &#8211; XXXIV Exame da OAB<\/td><td>Jean Vilbert<\/td><\/tr><tr><td>25\/01\/2022<\/td><td>Ter\u00e7a-Feira<\/td><td>14h<\/td><td>Intensivo Direito Penal &#8211; XXXIV Exame da OAB<\/td><td>Cristiano Rodrigues<\/td><\/tr><tr><td>25\/01\/2022<\/td><td>Ter\u00e7a-Feira<\/td><td>19h<\/td><td>Intensivo Direito Tribut\u00e1rio &#8211; XXXIV Exame da OAB<\/td><td>Rodrigo Martins<\/td><\/tr><tr><td>26\/01\/2022<\/td><td>Quarta-feira<\/td><td>8h30<\/td><td>Intensivo \u00c9tica Profissional &#8211; XXXIV Exame da OAB<\/td><td>Priscila<strong> Silveira<\/strong><\/td><\/tr><tr><td>26\/01\/2022<\/td><td>Quarta-feira<\/td><td>14h<\/td><td>Intensivo Direito Empresarial &#8211; XXXIV Exame da OAB<\/td><td>Alessandro Sanchez<\/td><\/tr><tr><td>26\/01\/2022<\/td><td>Quarta-feira<\/td><td>19h<\/td><td>Intensivo Direito Ambiental &#8211; XXXIV Exame da OAB<\/td><td>Rosenval J\u00fanior<\/td><\/tr><tr><td>27\/01\/2022<\/td><td>Quinta-feira<\/td><td>8h30<\/td><td>Intensivo Direito Administrativo &#8211; XXXIV Exame da OAB<\/td><td>Igor Maciel<\/td><\/tr><tr><td>27\/01<\/td><td>Quinta-feira<\/td><td>14h<\/td><td>Intensivo Direito Penal &#8211; XXXIV Exame da OAB<\/td><td>Cristiano Rodrigues<\/td><\/tr><tr><td>27\/01\/2022<\/td><td>Quinta-feira<\/td><td>19h<\/td><td>Intensivo Processo Penal &#8211; XXXIV Exame da OAB<\/td><td>Ivan Marques<\/td><\/tr><tr><td>28\/01\/2022<\/td><td>Sexta-feira<\/td><td>8h30<\/td><td>Intensivo Direito Administrativo &#8211; XXXIV Exame da OAB<\/td><td>Igor Maciel<\/td><\/tr><tr><td>28\/01\/2022<\/td><td>Sexta-feira<\/td><td>14h<\/td><td>Intensivo \u00c9tica Profissional &#8211; XXXIV Exame da OAB<\/td><td>Priscila <strong>Silveira<\/strong><\/td><\/tr><tr><td>28\/01\/2022<\/td><td>Sexta-feira<\/td><td>19h<\/td><td>Intensivo Direito Constitucional &#8211; XXXIV Exame da OAB<\/td><td>Diego Cerqueira<\/td><\/tr><tr><td>29\/1\/2022<\/td><td>S\u00e1bado<\/td><td>8h30 \u00e0s 13h30<\/td><td>Maratona &#8211; Legisla\u00e7\u00e3o em Foco na OAB &#8211; XXXIV Exame<\/td><td>*Descri\u00e7\u00e3o Abaixo<\/td><\/tr><tr><td>30\/1\/2022<\/td><td>Domingo<\/td><td>14h<\/td><td>Simulado III &#8211; XXXIV Exame OAB<\/td><td>*Descri\u00e7\u00e3o Abaixo<\/td><\/tr><tr><td>31\/1\/2022<\/td><td>Segunda-Feira<\/td><td>8h30<\/td><td>Intensivo Processo Penal &#8211; XXXIV Exame da OAB<\/td><td>Ivan Marques<\/td><\/tr><tr><td>31\/1\/2022<\/td><td>Segunda-Feira<\/td><td>14h<\/td><td>Intensivo \u00c9tica Profissional &#8211; XXXIV Exame da OAB<\/td><td>Priscila <strong>Ferreira<\/strong><\/td><\/tr><tr><td>31\/1\/2022<\/td><td>Segunda-Feira<\/td><td>19h<\/td><td>Intensivo Direito Administrativo &#8211; XXXIV Exame da OAB<\/td><td>Igor Maciel<\/td><\/tr><tr><td>1\/2\/2022<\/td><td>Ter\u00e7a-Feira<\/td><td>8h30<\/td><td>Intensivo Processo do Trabalho &#8211; XXXIV Exame da OAB<\/td><td>Priscila Ferreira<\/td><\/tr><tr><td>1\/2\/2022<\/td><td>Ter\u00e7a-Feira<\/td><td>14h<\/td><td>Intensivo Direito Penal &#8211; XXXIV Exame da OAB<\/td><td>Cristiano Rodrigues<\/td><\/tr><tr><td>01\/02\/2022<\/td><td>Ter\u00e7a-Feira<\/td><td>19h<\/td><td>Intensivo Direito Constitucional &#8211; XXXIV Exame da OAB<\/td><td>Diego Cerqueira<\/td><\/tr><tr><td>2\/2\/2022<\/td><td>Quarta-feira<\/td><td>8h30<\/td><td>Intensivo Direito Civil &#8211; XXXIV Exame da OAB<\/td><td>Paulo Sousa<\/td><\/tr><tr><td>2\/2\/2022<\/td><td>Quarta-feira<\/td><td>14h<\/td><td>Intensivo \u00c9tica Profissional &#8211; XXXIV Exame da OAB<\/td><td>Priscila <strong>Ferreira<\/strong><\/td><\/tr><tr><td>2\/2\/2022<\/td><td>Quarta-feira<\/td><td>19h<\/td><td>Intensivo Direito Civil &#8211; XXXIV Exame da OAB<\/td><td>Paulo Sousa<\/td><\/tr><tr><td>3\/2\/2022<\/td><td>Quinta-feira<\/td><td>8h30<\/td><td>Intensivo Direito Processual Civil &#8211; XXXIV Exame da OAB<\/td><td>Ricardo Torques<\/td><\/tr><tr><td>3\/2\/2022<\/td><td>Quinta-feira<\/td><td>14h<\/td><td>Intensivo Processo do Trabalho &#8211; XXXIV Exame da OAB<\/td><td>Priscila Ferreira<\/td><\/tr><tr><td>3\/2\/2022<\/td><td>Quinta-feira<\/td><td>19h<\/td><td>Intensivo Direito Administrativo &#8211; XXXIV Exame da OAB<\/td><td>Igor Maciel<\/td><\/tr><tr><td>4\/2\/2022<\/td><td>Sexta-feira<\/td><td>8h30<\/td><td>Intensivo Processo do Trabalho &#8211; XXXIV Exame da OAB<\/td><td>Priscila Ferreira<\/td><\/tr><tr><td>4\/2\/2022<\/td><td>Sexta-feira<\/td><td>14h<\/td><td>Intensivo \u00c9tica Profissional &#8211; XXXIV Exame da OAB<\/td><td>Priscila <strong>Ferreira<\/strong><\/td><\/tr><tr><td>4\/2\/2022<\/td><td>Sexta-feira<\/td><td>19h<\/td><td>Intensivo Direito Constitucional &#8211; XXXIV Exame da OAB<\/td><td>Diego Cerqueira<\/td><\/tr><tr><td>05\/02\/2022<\/td><td>S\u00e1bado<\/td><td>14h<\/td><td>Simulado IV &#8211; XXXIV Exame OAB<\/td><td>*Descri\u00e7\u00e3o Abaixo<\/td><\/tr><tr><td>06\/02\/2022<\/td><td>Domingo<\/td><td>8h30 \u00e0s 18h30<\/td><td>Maratona &#8211; Top10 para o XXXIV Exame<\/td><td>*Descri\u00e7\u00e3o Abaixo<\/td><\/tr><\/tbody><\/table><\/figure>\n\n\n\n<p class=\"has-text-align-center has-background has-medium-font-size\" style=\"background-color:#dee8f1\"><strong>Mais informa\u00e7\u00f5es: <a href=\"https:\/\/www.estrategiaconcursos.com.br\/blog\/exame-de-ordem-2\" target=\"_blank\" rel=\"noreferrer noopener\">Guia Completo Exame de Ordem<\/a> <\/strong><\/p>\n\n\n\n<h2 class=\"wp-block-heading has-text-align-center\">Pacotes completos Exame de Ordem <\/h2>\n\n\n\n<p>E para que 2022 seja o Ano da Virada, confira nossos cursos exclusivos para sua aprova\u00e7\u00e3o na OAB:<\/p>\n\n\n\n<div class=\"container\" id=\"boxes\">\n  <div class=\"row\">\n\n    <div class=\"col-sm\">\n      <div class=\"banner-oab\" id=\"box-assinatura\">\n        <h3 class=\"titulo-assinatura\">Curso OAB 1\u00aa Fase<\/h3>\n        <p class=\"subtitulo-assinatura\">Conhe\u00e7a os cursos<\/p>\n        <div class=\"box-botao\">\n          <a class=\"btn-assinatura\" target=\"_blank\" href=\"https:\/\/oab.estrategia.com\/catalogo-produtos\" role=\"button\" rel=\"noopener noreferrer\">Conhe\u00e7a mais<\/a>\n        <\/div>\n      <\/div>\n      <p class=\"texto-auxiliar\">Prepare-se com o melhor material e com quem mais aprova em Concursos P\u00fablicos em todo o pa\u00eds. Assine agora a nossa Assinatura Anual e tenha acesso ilimitado* a todos os nossos cursos.<\/p>\n    <\/div>\n\n  <\/div>\n<\/div>\n\n\n\n<div class=\"container\" id=\"boxes\">\n  <div class=\"row\">\n\n    <div class=\"col-sm\">\n      <div class=\"banner-oab\" id=\"box-assinatura\">\n        <h3 class=\"titulo-assinatura\">Curso OAB 2\u00aa Fase<\/h3>\n        <p class=\"subtitulo-assinatura\">Conhe\u00e7a os cursos<\/p>\n        <div class=\"box-botao\">\n          <a class=\"btn-assinatura\" target=\"_blank\" href=\"https:\/\/oab.estrategia.com\/catalogo-produtos\" role=\"button\" rel=\"noopener noreferrer\">Conhe\u00e7a mais<\/a>\n        <\/div>\n      <\/div>\n      <p class=\"texto-auxiliar\">Prepare-se com o melhor material e com quem mais aprova em Concursos P\u00fablicos em todo o pa\u00eds. Assine agora a nossa Assinatura Anual e tenha acesso ilimitado* a todos os nossos cursos.<\/p>\n    <\/div>\n\n  <\/div>\n<\/div>\n\n\n\n<p class=\"has-text-align-center\"><strong>Nossas redes sociais<\/strong><\/p>\n\n\n\n<p class=\"has-text-align-center has-pale-cyan-blue-background-color has-background\"><a href=\"https:\/\/www.instagram.com\/estrategiaoab\/\" target=\"_blank\" rel=\"noreferrer noopener\">Instagram Estrat\u00e9gia OAB<\/a><\/p>\n\n\n\n<p class=\"has-text-align-center has-light-green-cyan-background-color has-background\"><a href=\"https:\/\/www.youtube.com\/channel\/UC7rgrKTSF5aOrBGWOw60ovw\" target=\"_blank\" rel=\"noreferrer noopener\">YouTube do Estrat\u00e9gia OAB<\/a><\/p>\n\n\n\n<p class=\"has-text-align-center\"><strong>Grupo de Telegram para a OAB<\/strong><\/p>\n\n\n\n<p class=\"has-text-align-center has-very-light-gray-background-color has-background\"><a href=\"http:\/\/bit.ly\/TelegramOAB\"><strong>Inscreva-se no nosso grupo do Telegram<\/strong><\/a><\/p>\n","protected":false},"excerpt":{"rendered":"<p>Um novo ano j\u00e1 come\u00e7ou, concurseiros e concurseiras!!! E na s\u00e9rie exclusiva O Ano da Virada: Sua aprova\u00e7\u00e3o na OAB nunca esteve t\u00e3o perto voc\u00ea iniciar\u00e1 sua organiza\u00e7\u00e3o para conquistar sua carteira da Ordem em 2022! Ent\u00e3o, para voc\u00ea&nbsp;come\u00e7ar o ano \u201ca mil\u201d, e&nbsp;n\u00e3o parar de estudar depois de algumas semanas de festas,&nbsp;iniciamos o ano [&hellip;]<\/p>\n","protected":false},"author":1,"featured_media":943777,"comment_status":"open","ping_status":"closed","sticky":false,"template":"","format":"standard","meta":{"post_tipo":"news","footnotes":""},"categories":[1],"tags":[],"tax_estado":[219963],"class_list":["post-943751","post","type-post","status-publish","format-standard","has-post-thumbnail","hentry","category-cursos-e-concursos","tax_estado-concursos-federais"],"acf":[],"yoast_head":"<!-- This site is optimized with the Yoast SEO Premium plugin v27.2 (Yoast SEO v27.2) - https:\/\/yoast.com\/product\/yoast-seo-premium-wordpress\/ -->\n<title>O Ano da Virada: Sua aprova\u00e7\u00e3o na OAB nunca esteve t\u00e3o perto<\/title>\n<meta name=\"description\" content=\"N\u00e3o perca, entre os dias 10\/01 e 06\/02 o evento Ano da Virada: Sua aprova\u00e7\u00e3o na OAB nunca esteve t\u00e3o perto com descontos exclusivos!\" \/>\n<meta name=\"robots\" content=\"index, follow, max-snippet:-1, max-image-preview:large, max-video-preview:-1\" \/>\n<link rel=\"canonical\" href=\"https:\/\/www.estrategiaconcursos.com.br\/blog\/ano-da-virada-sua-aprovacao-na-oab\/\" \/>\n<meta property=\"og:locale\" content=\"pt_BR\" \/>\n<meta property=\"og:type\" content=\"article\" \/>\n<meta property=\"og:title\" content=\"O Ano da Virada: Sua aprova\u00e7\u00e3o na OAB nunca esteve t\u00e3o perto\" \/>\n<meta property=\"og:description\" content=\"N\u00e3o perca, entre os dias 10\/01 e 06\/02 o evento Ano da Virada: Sua aprova\u00e7\u00e3o na OAB nunca esteve t\u00e3o perto com descontos exclusivos!\" \/>\n<meta property=\"og:url\" content=\"https:\/\/www.estrategiaconcursos.com.br\/blog\/ano-da-virada-sua-aprovacao-na-oab\/\" \/>\n<meta property=\"og:site_name\" content=\"Estrat\u00e9gia Concursos\" \/>\n<meta property=\"article:author\" content=\"https:\/\/www.facebook.com\/EstrategiaConcursos\" \/>\n<meta property=\"article:published_time\" content=\"2022-01-10T22:22:07+00:00\" \/>\n<meta property=\"article:modified_time\" content=\"2023-08-25T20:00:32+00:00\" \/>\n<meta property=\"og:image\" content=\"https:\/\/dhg1h5j42swfq.cloudfront.net\/2022\/01\/10190952\/1280-720-max-1-1.jpg\" \/>\n\t<meta property=\"og:image:width\" content=\"1280\" \/>\n\t<meta property=\"og:image:height\" content=\"720\" \/>\n\t<meta property=\"og:image:type\" content=\"image\/jpeg\" \/>\n<meta name=\"author\" content=\"Coordena\u00e7\u00e3o\" \/>\n<meta name=\"twitter:card\" content=\"summary_large_image\" \/>\n<meta name=\"twitter:creator\" content=\"@EstratConcursos\" \/>\n<meta name=\"twitter:site\" content=\"@EstratConcursos\" \/>\n<meta name=\"twitter:label1\" content=\"Escrito por\" \/>\n\t<meta name=\"twitter:data1\" content=\"Coordena\u00e7\u00e3o\" \/>\n\t<meta name=\"twitter:label2\" content=\"Est. tempo de leitura\" \/>\n\t<meta name=\"twitter:data2\" content=\"8 minutos\" \/>\n<script type=\"application\/ld+json\" class=\"yoast-schema-graph\">{\"@context\":\"https:\/\/schema.org\",\"@graph\":[{\"@type\":\"NewsArticle\",\"@id\":\"https:\/\/www.estrategiaconcursos.com.br\/blog\/ano-da-virada-sua-aprovacao-na-oab\/#article\",\"isPartOf\":{\"@id\":\"https:\/\/www.estrategiaconcursos.com.br\/blog\/ano-da-virada-sua-aprovacao-na-oab\/\"},\"author\":{\"name\":\"Coordena\u00e7\u00e3o\",\"@id\":\"https:\/\/www.estrategiaconcursos.com.br\/blog\/#\/schema\/person\/b4a388c97673c5f483d72185668afa1f\"},\"headline\":\"O Ano da Virada: Sua aprova\u00e7\u00e3o na OAB nunca esteve t\u00e3o perto\",\"datePublished\":\"2022-01-10T22:22:07+00:00\",\"dateModified\":\"2023-08-25T20:00:32+00:00\",\"mainEntityOfPage\":{\"@id\":\"https:\/\/www.estrategiaconcursos.com.br\/blog\/ano-da-virada-sua-aprovacao-na-oab\/\"},\"wordCount\":1473,\"commentCount\":0,\"publisher\":{\"@id\":\"https:\/\/www.estrategiaconcursos.com.br\/blog\/#organization\"},\"image\":{\"@id\":\"https:\/\/www.estrategiaconcursos.com.br\/blog\/ano-da-virada-sua-aprovacao-na-oab\/#primaryimage\"},\"thumbnailUrl\":\"https:\/\/dhg1h5j42swfq.cloudfront.net\/2022\/01\/10190952\/1280-720-max-1-1.jpg\",\"articleSection\":[\"Concursos P\u00fablicos\"],\"inLanguage\":\"pt-BR\",\"potentialAction\":[{\"@type\":\"CommentAction\",\"name\":\"Comment\",\"target\":[\"https:\/\/www.estrategiaconcursos.com.br\/blog\/ano-da-virada-sua-aprovacao-na-oab\/#respond\"]}],\"copyrightYear\":\"2022\",\"copyrightHolder\":{\"@id\":\"https:\/\/www.estrategiaconcursos.com.br\/blog\/#organization\"}},{\"@type\":\"WebPage\",\"@id\":\"https:\/\/www.estrategiaconcursos.com.br\/blog\/ano-da-virada-sua-aprovacao-na-oab\/\",\"url\":\"https:\/\/www.estrategiaconcursos.com.br\/blog\/ano-da-virada-sua-aprovacao-na-oab\/\",\"name\":\"O Ano da Virada: Sua aprova\u00e7\u00e3o na OAB nunca esteve t\u00e3o perto\",\"isPartOf\":{\"@id\":\"https:\/\/www.estrategiaconcursos.com.br\/blog\/#website\"},\"primaryImageOfPage\":{\"@id\":\"https:\/\/www.estrategiaconcursos.com.br\/blog\/ano-da-virada-sua-aprovacao-na-oab\/#primaryimage\"},\"image\":{\"@id\":\"https:\/\/www.estrategiaconcursos.com.br\/blog\/ano-da-virada-sua-aprovacao-na-oab\/#primaryimage\"},\"thumbnailUrl\":\"https:\/\/dhg1h5j42swfq.cloudfront.net\/2022\/01\/10190952\/1280-720-max-1-1.jpg\",\"datePublished\":\"2022-01-10T22:22:07+00:00\",\"dateModified\":\"2023-08-25T20:00:32+00:00\",\"description\":\"N\u00e3o perca, entre os dias 10\/01 e 06\/02 o evento Ano da Virada: Sua aprova\u00e7\u00e3o na OAB nunca esteve t\u00e3o perto com descontos exclusivos!\",\"breadcrumb\":{\"@id\":\"https:\/\/www.estrategiaconcursos.com.br\/blog\/ano-da-virada-sua-aprovacao-na-oab\/#breadcrumb\"},\"inLanguage\":\"pt-BR\",\"potentialAction\":[{\"@type\":\"ReadAction\",\"target\":[\"https:\/\/www.estrategiaconcursos.com.br\/blog\/ano-da-virada-sua-aprovacao-na-oab\/\"]}]},{\"@type\":\"ImageObject\",\"inLanguage\":\"pt-BR\",\"@id\":\"https:\/\/www.estrategiaconcursos.com.br\/blog\/ano-da-virada-sua-aprovacao-na-oab\/#primaryimage\",\"url\":\"https:\/\/dhg1h5j42swfq.cloudfront.net\/2022\/01\/10190952\/1280-720-max-1-1.jpg\",\"contentUrl\":\"https:\/\/dhg1h5j42swfq.cloudfront.net\/2022\/01\/10190952\/1280-720-max-1-1.jpg\",\"width\":1280,\"height\":720,\"caption\":\"O ano da virada: sua aprova\u00e7\u00e3o\"},{\"@type\":\"BreadcrumbList\",\"@id\":\"https:\/\/www.estrategiaconcursos.com.br\/blog\/ano-da-virada-sua-aprovacao-na-oab\/#breadcrumb\",\"itemListElement\":[{\"@type\":\"ListItem\",\"position\":1,\"name\":\"In\u00edcio\",\"item\":\"https:\/\/www.estrategiaconcursos.com.br\/blog\/\"},{\"@type\":\"ListItem\",\"position\":2,\"name\":\"O Ano da Virada: Sua aprova\u00e7\u00e3o na OAB nunca esteve t\u00e3o perto\"}]},{\"@type\":\"WebSite\",\"@id\":\"https:\/\/www.estrategiaconcursos.com.br\/blog\/#website\",\"url\":\"https:\/\/www.estrategiaconcursos.com.br\/blog\/\",\"name\":\"Estrat\u00e9gia Concursos\",\"description\":\"O blog da Estrat\u00e9gia Concursos traz not\u00edcias sobre concursos e artigos de professores oferecendo cursos para concursos (pdf + videaulas) no site.\",\"publisher\":{\"@id\":\"https:\/\/www.estrategiaconcursos.com.br\/blog\/#organization\"},\"potentialAction\":[{\"@type\":\"SearchAction\",\"target\":{\"@type\":\"EntryPoint\",\"urlTemplate\":\"https:\/\/www.estrategiaconcursos.com.br\/blog\/?s={search_term_string}\"},\"query-input\":{\"@type\":\"PropertyValueSpecification\",\"valueRequired\":true,\"valueName\":\"search_term_string\"}}],\"inLanguage\":\"pt-BR\"},{\"@type\":\"Organization\",\"@id\":\"https:\/\/www.estrategiaconcursos.com.br\/blog\/#organization\",\"name\":\"Estrat\u00e9gia Concursos\",\"url\":\"https:\/\/www.estrategiaconcursos.com.br\/blog\/\",\"logo\":{\"@type\":\"ImageObject\",\"inLanguage\":\"pt-BR\",\"@id\":\"https:\/\/www.estrategiaconcursos.com.br\/blog\/#\/schema\/logo\/image\/\",\"url\":\"https:\/\/dhg1h5j42swfq.cloudfront.net\/2025\/06\/03203428\/logo_concursos-1.jpg\",\"contentUrl\":\"https:\/\/dhg1h5j42swfq.cloudfront.net\/2025\/06\/03203428\/logo_concursos-1.jpg\",\"width\":230,\"height\":60,\"caption\":\"Estrat\u00e9gia Concursos\"},\"image\":{\"@id\":\"https:\/\/www.estrategiaconcursos.com.br\/blog\/#\/schema\/logo\/image\/\"},\"sameAs\":[\"https:\/\/x.com\/EstratConcursos\"]},{\"@type\":\"Person\",\"@id\":\"https:\/\/www.estrategiaconcursos.com.br\/blog\/#\/schema\/person\/b4a388c97673c5f483d72185668afa1f\",\"name\":\"Coordena\u00e7\u00e3o\",\"image\":{\"@type\":\"ImageObject\",\"inLanguage\":\"pt-BR\",\"@id\":\"https:\/\/secure.gravatar.com\/avatar\/b720319e4c9a967eb58678d110f4fe35452fc5d5f97b202bac7b8acceb18c6ad?s=96&d=mm&r=g\",\"url\":\"https:\/\/secure.gravatar.com\/avatar\/b720319e4c9a967eb58678d110f4fe35452fc5d5f97b202bac7b8acceb18c6ad?s=96&d=mm&r=g\",\"contentUrl\":\"https:\/\/secure.gravatar.com\/avatar\/b720319e4c9a967eb58678d110f4fe35452fc5d5f97b202bac7b8acceb18c6ad?s=96&d=mm&r=g\",\"caption\":\"Coordena\u00e7\u00e3o\"},\"sameAs\":[\"https:\/\/www.facebook.com\/EstrategiaConcursos\",\"https:\/\/x.com\/EstratConcursos\"],\"url\":\"https:\/\/www.estrategiaconcursos.com.br\/blog\/author\/estrategia2013\/\"}]}<\/script>\n<!-- \/ Yoast SEO Premium plugin. -->","yoast_head_json":{"title":"O Ano da Virada: Sua aprova\u00e7\u00e3o na OAB nunca esteve t\u00e3o perto","description":"N\u00e3o perca, entre os dias 10\/01 e 06\/02 o evento Ano da Virada: Sua aprova\u00e7\u00e3o na OAB nunca esteve t\u00e3o perto com descontos exclusivos!","robots":{"index":"index","follow":"follow","max-snippet":"max-snippet:-1","max-image-preview":"max-image-preview:large","max-video-preview":"max-video-preview:-1"},"canonical":"https:\/\/www.estrategiaconcursos.com.br\/blog\/ano-da-virada-sua-aprovacao-na-oab\/","og_locale":"pt_BR","og_type":"article","og_title":"O Ano da Virada: Sua aprova\u00e7\u00e3o na OAB nunca esteve t\u00e3o perto","og_description":"N\u00e3o perca, entre os dias 10\/01 e 06\/02 o evento Ano da Virada: Sua aprova\u00e7\u00e3o na OAB nunca esteve t\u00e3o perto com descontos exclusivos!","og_url":"https:\/\/www.estrategiaconcursos.com.br\/blog\/ano-da-virada-sua-aprovacao-na-oab\/","og_site_name":"Estrat\u00e9gia Concursos","article_author":"https:\/\/www.facebook.com\/EstrategiaConcursos","article_published_time":"2022-01-10T22:22:07+00:00","article_modified_time":"2023-08-25T20:00:32+00:00","og_image":[{"width":1280,"height":720,"url":"https:\/\/dhg1h5j42swfq.cloudfront.net\/2022\/01\/10190952\/1280-720-max-1-1.jpg","type":"image\/jpeg"}],"author":"Coordena\u00e7\u00e3o","twitter_card":"summary_large_image","twitter_creator":"@EstratConcursos","twitter_site":"@EstratConcursos","twitter_misc":{"Escrito por":"Coordena\u00e7\u00e3o","Est. tempo de leitura":"8 minutos"},"schema":{"@context":"https:\/\/schema.org","@graph":[{"@type":"NewsArticle","@id":"https:\/\/www.estrategiaconcursos.com.br\/blog\/ano-da-virada-sua-aprovacao-na-oab\/#article","isPartOf":{"@id":"https:\/\/www.estrategiaconcursos.com.br\/blog\/ano-da-virada-sua-aprovacao-na-oab\/"},"author":{"name":"Coordena\u00e7\u00e3o","@id":"https:\/\/www.estrategiaconcursos.com.br\/blog\/#\/schema\/person\/b4a388c97673c5f483d72185668afa1f"},"headline":"O Ano da Virada: Sua aprova\u00e7\u00e3o na OAB nunca esteve t\u00e3o perto","datePublished":"2022-01-10T22:22:07+00:00","dateModified":"2023-08-25T20:00:32+00:00","mainEntityOfPage":{"@id":"https:\/\/www.estrategiaconcursos.com.br\/blog\/ano-da-virada-sua-aprovacao-na-oab\/"},"wordCount":1473,"commentCount":0,"publisher":{"@id":"https:\/\/www.estrategiaconcursos.com.br\/blog\/#organization"},"image":{"@id":"https:\/\/www.estrategiaconcursos.com.br\/blog\/ano-da-virada-sua-aprovacao-na-oab\/#primaryimage"},"thumbnailUrl":"https:\/\/dhg1h5j42swfq.cloudfront.net\/2022\/01\/10190952\/1280-720-max-1-1.jpg","articleSection":["Concursos P\u00fablicos"],"inLanguage":"pt-BR","potentialAction":[{"@type":"CommentAction","name":"Comment","target":["https:\/\/www.estrategiaconcursos.com.br\/blog\/ano-da-virada-sua-aprovacao-na-oab\/#respond"]}],"copyrightYear":"2022","copyrightHolder":{"@id":"https:\/\/www.estrategiaconcursos.com.br\/blog\/#organization"}},{"@type":"WebPage","@id":"https:\/\/www.estrategiaconcursos.com.br\/blog\/ano-da-virada-sua-aprovacao-na-oab\/","url":"https:\/\/www.estrategiaconcursos.com.br\/blog\/ano-da-virada-sua-aprovacao-na-oab\/","name":"O Ano da Virada: Sua aprova\u00e7\u00e3o na OAB nunca esteve t\u00e3o perto","isPartOf":{"@id":"https:\/\/www.estrategiaconcursos.com.br\/blog\/#website"},"primaryImageOfPage":{"@id":"https:\/\/www.estrategiaconcursos.com.br\/blog\/ano-da-virada-sua-aprovacao-na-oab\/#primaryimage"},"image":{"@id":"https:\/\/www.estrategiaconcursos.com.br\/blog\/ano-da-virada-sua-aprovacao-na-oab\/#primaryimage"},"thumbnailUrl":"https:\/\/dhg1h5j42swfq.cloudfront.net\/2022\/01\/10190952\/1280-720-max-1-1.jpg","datePublished":"2022-01-10T22:22:07+00:00","dateModified":"2023-08-25T20:00:32+00:00","description":"N\u00e3o perca, entre os dias 10\/01 e 06\/02 o evento Ano da Virada: Sua aprova\u00e7\u00e3o na OAB nunca esteve t\u00e3o perto com descontos exclusivos!","breadcrumb":{"@id":"https:\/\/www.estrategiaconcursos.com.br\/blog\/ano-da-virada-sua-aprovacao-na-oab\/#breadcrumb"},"inLanguage":"pt-BR","potentialAction":[{"@type":"ReadAction","target":["https:\/\/www.estrategiaconcursos.com.br\/blog\/ano-da-virada-sua-aprovacao-na-oab\/"]}]},{"@type":"ImageObject","inLanguage":"pt-BR","@id":"https:\/\/www.estrategiaconcursos.com.br\/blog\/ano-da-virada-sua-aprovacao-na-oab\/#primaryimage","url":"https:\/\/dhg1h5j42swfq.cloudfront.net\/2022\/01\/10190952\/1280-720-max-1-1.jpg","contentUrl":"https:\/\/dhg1h5j42swfq.cloudfront.net\/2022\/01\/10190952\/1280-720-max-1-1.jpg","width":1280,"height":720,"caption":"O ano da virada: sua aprova\u00e7\u00e3o"},{"@type":"BreadcrumbList","@id":"https:\/\/www.estrategiaconcursos.com.br\/blog\/ano-da-virada-sua-aprovacao-na-oab\/#breadcrumb","itemListElement":[{"@type":"ListItem","position":1,"name":"In\u00edcio","item":"https:\/\/www.estrategiaconcursos.com.br\/blog\/"},{"@type":"ListItem","position":2,"name":"O Ano da Virada: Sua aprova\u00e7\u00e3o na OAB nunca esteve t\u00e3o perto"}]},{"@type":"WebSite","@id":"https:\/\/www.estrategiaconcursos.com.br\/blog\/#website","url":"https:\/\/www.estrategiaconcursos.com.br\/blog\/","name":"Estrat\u00e9gia Concursos","description":"O blog da Estrat\u00e9gia Concursos traz not\u00edcias sobre concursos e artigos de professores oferecendo cursos para concursos (pdf + videaulas) no site.","publisher":{"@id":"https:\/\/www.estrategiaconcursos.com.br\/blog\/#organization"},"potentialAction":[{"@type":"SearchAction","target":{"@type":"EntryPoint","urlTemplate":"https:\/\/www.estrategiaconcursos.com.br\/blog\/?s={search_term_string}"},"query-input":{"@type":"PropertyValueSpecification","valueRequired":true,"valueName":"search_term_string"}}],"inLanguage":"pt-BR"},{"@type":"Organization","@id":"https:\/\/www.estrategiaconcursos.com.br\/blog\/#organization","name":"Estrat\u00e9gia Concursos","url":"https:\/\/www.estrategiaconcursos.com.br\/blog\/","logo":{"@type":"ImageObject","inLanguage":"pt-BR","@id":"https:\/\/www.estrategiaconcursos.com.br\/blog\/#\/schema\/logo\/image\/","url":"https:\/\/dhg1h5j42swfq.cloudfront.net\/2025\/06\/03203428\/logo_concursos-1.jpg","contentUrl":"https:\/\/dhg1h5j42swfq.cloudfront.net\/2025\/06\/03203428\/logo_concursos-1.jpg","width":230,"height":60,"caption":"Estrat\u00e9gia Concursos"},"image":{"@id":"https:\/\/www.estrategiaconcursos.com.br\/blog\/#\/schema\/logo\/image\/"},"sameAs":["https:\/\/x.com\/EstratConcursos"]},{"@type":"Person","@id":"https:\/\/www.estrategiaconcursos.com.br\/blog\/#\/schema\/person\/b4a388c97673c5f483d72185668afa1f","name":"Coordena\u00e7\u00e3o","image":{"@type":"ImageObject","inLanguage":"pt-BR","@id":"https:\/\/secure.gravatar.com\/avatar\/b720319e4c9a967eb58678d110f4fe35452fc5d5f97b202bac7b8acceb18c6ad?s=96&d=mm&r=g","url":"https:\/\/secure.gravatar.com\/avatar\/b720319e4c9a967eb58678d110f4fe35452fc5d5f97b202bac7b8acceb18c6ad?s=96&d=mm&r=g","contentUrl":"https:\/\/secure.gravatar.com\/avatar\/b720319e4c9a967eb58678d110f4fe35452fc5d5f97b202bac7b8acceb18c6ad?s=96&d=mm&r=g","caption":"Coordena\u00e7\u00e3o"},"sameAs":["https:\/\/www.facebook.com\/EstrategiaConcursos","https:\/\/x.com\/EstratConcursos"],"url":"https:\/\/www.estrategiaconcursos.com.br\/blog\/author\/estrategia2013\/"}]}},"_links":{"self":[{"href":"https:\/\/www.estrategiaconcursos.com.br\/blog\/wp-json\/wp\/v2\/posts\/943751","targetHints":{"allow":["GET"]}}],"collection":[{"href":"https:\/\/www.estrategiaconcursos.com.br\/blog\/wp-json\/wp\/v2\/posts"}],"about":[{"href":"https:\/\/www.estrategiaconcursos.com.br\/blog\/wp-json\/wp\/v2\/types\/post"}],"author":[{"embeddable":true,"href":"https:\/\/www.estrategiaconcursos.com.br\/blog\/wp-json\/wp\/v2\/users\/1"}],"replies":[{"embeddable":true,"href":"https:\/\/www.estrategiaconcursos.com.br\/blog\/wp-json\/wp\/v2\/comments?post=943751"}],"version-history":[{"count":24,"href":"https:\/\/www.estrategiaconcursos.com.br\/blog\/wp-json\/wp\/v2\/posts\/943751\/revisions"}],"predecessor-version":[{"id":1269344,"href":"https:\/\/www.estrategiaconcursos.com.br\/blog\/wp-json\/wp\/v2\/posts\/943751\/revisions\/1269344"}],"wp:featuredmedia":[{"embeddable":true,"href":"https:\/\/www.estrategiaconcursos.com.br\/blog\/wp-json\/wp\/v2\/media\/943777"}],"wp:attachment":[{"href":"https:\/\/www.estrategiaconcursos.com.br\/blog\/wp-json\/wp\/v2\/media?parent=943751"}],"wp:term":[{"taxonomy":"category","embeddable":true,"href":"https:\/\/www.estrategiaconcursos.com.br\/blog\/wp-json\/wp\/v2\/categories?post=943751"},{"taxonomy":"post_tag","embeddable":true,"href":"https:\/\/www.estrategiaconcursos.com.br\/blog\/wp-json\/wp\/v2\/tags?post=943751"},{"taxonomy":"tax_estado","embeddable":true,"href":"https:\/\/www.estrategiaconcursos.com.br\/blog\/wp-json\/wp\/v2\/tax_estado?post=943751"}],"curies":[{"name":"wp","href":"https:\/\/api.w.org\/{rel}","templated":true}]}}