{"id":943359,"date":"2026-04-06T10:00:00","date_gmt":"2026-04-06T13:00:00","guid":{"rendered":"https:\/\/www.estrategiaconcursos.com.br\/blog\/?p=943359"},"modified":"2026-04-06T11:20:46","modified_gmt":"2026-04-06T14:20:46","slug":"concurso-santana-de-parnaiba-saude-sp","status":"publish","type":"post","link":"https:\/\/www.estrategiaconcursos.com.br\/blog\/concurso-santana-de-parnaiba-saude-sp\/","title":{"rendered":"Concurso Santana de Parna\u00edba Sa\u00fade: inicial de R$ 5,4 mil"},"content":{"rendered":"\n<p style=\"font-size:clamp(15.197px, 0.95rem + ((1vw - 3.2px) * 0.765), 23px);\"><strong><em>Provas do novo concurso Santana de Parna\u00edba Sa\u00fade ser\u00e3o aplicadas em abril!<\/em><\/strong><\/p>\n\n\n\n<p>Est\u00e3o encerradas as inscri\u00e7\u00f5es para o <strong>concurso Santana de Parna\u00edba Sa\u00fade<\/strong>, no estado de S\u00e3o Paulo, com 2 vagas imediatas e cadastro de reserva.<\/p>\n\n\n\n<p>Os interessados puderam se inscrever <strong>at\u00e9 o dia 05 de abril<\/strong>, no site da banca organizadora, MS Concursos, ao custo de R$ 32,52. As provas s\u00e3o previstas em <strong>26 de abril<\/strong>.<\/p>\n\n\n\n<p>As oportunidades s\u00e3o distribu\u00eddas entre cargos de n\u00edvel superior de forma\u00e7\u00e3o. O sal\u00e1rio inicial \u00e9 de R$ 5.413,51.<\/p>\n\n\n\n<ul class=\"wp-block-list has-very-light-gray-to-cyan-bluish-gray-gradient-background has-background\">\n<li><strong>Santana de Parna\u00edba Sa\u00fade &#8211; SP<\/strong><\/li>\n\n\n\n<li><strong>Status:<\/strong> inscri\u00e7\u00f5es encerradas<\/li>\n\n\n\n<li><strong>Banca:&nbsp;<\/strong><a href=\"https:\/\/www.msconcursos.com.br\/concurso\/31\/concurso-publico-para-varios-cargos-edital-01-2026-prefeitura-municipal-de-santana-de-parnaiba-sp\" target=\"_blank\" rel=\"noreferrer noopener\">MS Concursos<\/a><\/li>\n\n\n\n<li><strong>Vagas:&nbsp;<\/strong>2 + CR<\/li>\n\n\n\n<li><strong>Sal\u00e1rio inicial:<\/strong>&nbsp;R$ 5.413,51<\/li>\n\n\n\n<li><strong>Edital<\/strong>: <a href=\"https:\/\/dhg1h5j42swfq.cloudfront.net\/2025\/06\/09102735\/1-edital-de-abertura-n-o-01-2026-concurso-varios-cargos-1.pdf\" target=\"_blank\" rel=\"noreferrer noopener nofollow\">Santana de Parna\u00edba Sa\u00fade 2026<\/a><\/li>\n<\/ul>\n\n\n\n<p>A fim de te deixar sempre bem informado, elaboramos este artigo com as principais informa\u00e7\u00f5es e novidades sobre o concurso Santana de Parna\u00edba Sa\u00fade. Acompanhe os t\u00f3picos abaixo e n\u00e3o perca nenhum detalhe:<\/p>\n\n\n\n<ul id=\"indice\" class=\"wp-block-list\">\n<li><a href=\"#situacao-atual\">Informa\u00e7\u00f5es do novo edital<\/a>\n<ul class=\"wp-block-list\">\n<li><a href=\"#dat\">Principais datas<\/a><\/li>\n\n\n\n<li><a href=\"#car\">Cargos e vagas<\/a><\/li>\n\n\n\n<li><a href=\"#et\">Etapas do novo concurso<\/a><\/li>\n<\/ul>\n<\/li>\n\n\n\n<li><a href=\"#ultimo\">\u00daltimo concurso<\/a>\n<ul class=\"wp-block-list\">\n<li><a href=\"#25\">Edital 2025<\/a><\/li>\n\n\n\n<li><a href=\"#24\">Editais 2024<\/a><\/li>\n<\/ul>\n<\/li>\n\n\n\n<li><a href=\"#cursos\">Cursos e assinaturas<\/a><\/li>\n\n\n\n<li><a href=\"#ficha\">Ficha t\u00e9cnica<\/a><\/li>\n<\/ul>\n\n\n\n<div class=\"container\" id=\"boxes\">\n  <div class=\"row\">\n\n    <div class=\"col-sm\">\n      <div class=\"banner-medicina\" id=\"box-assinatura\">\n        <h3 class=\"titulo-assinatura\">Concurso Santana de Parna\u00edba Sa\u00fade<\/h3>\n        <p class=\"subtitulo-assinatura\">Conhe\u00e7a os cursos<\/p>\n        <div class=\"box-botao\">\n          <a class=\"btn-assinatura\" target=\"_blank\" href=\"https:\/\/www.estrategiaconcursos.com.br\/pesquisa\/?q=Santana+de+Parna%C3%ADba+Sa%C3%BAde\" role=\"button\" rel=\"noopener noreferrer\">Conhe\u00e7a mais<\/a>\n        <\/div>\n      <\/div>\n    \n\n  <\/div>\n<\/div><\/div>\n\n\n\n<h2 class=\"wp-block-heading\" id=\"cargos-vagas\">Informa\u00e7\u00f5es do concurso Santana de Parna\u00edba Sa\u00fade<\/h2>\n\n\n\n<h3 class=\"wp-block-heading\" id=\"dat\">Principais datas do edital<\/h3>\n\n\n\n<ul class=\"wp-block-list\">\n<li><strong>Inscri\u00e7\u00f5es<\/strong>: <s>06\/03 a 05\/04<\/s><\/li>\n\n\n\n<li><strong>Isen\u00e7\u00e3o da taxa<\/strong>: <s>06 a 13\/03<\/s><\/li>\n\n\n\n<li><strong>Pagamento da taxa<\/strong>: at\u00e9 07\/04<\/li>\n\n\n\n<li><strong>Prova<\/strong>: 26\/04<\/li>\n<\/ul>\n\n\n\n<h3 class=\"wp-block-heading\" id=\"car\">Cargos e vagas do concurso Santana de Parna\u00edba Sa\u00fade<\/h3>\n\n\n\n<figure class=\"wp-block-table is-style-stripes\"><table class=\"has-very-light-gray-to-cyan-bluish-gray-gradient-background has-background has-fixed-layout\"><thead><tr><th class=\"has-text-align-center\" data-align=\"center\">CARGO<\/th><th class=\"has-text-align-center\" data-align=\"center\">VAGAS<\/th><th class=\"has-text-align-center\" data-align=\"center\">SAL\u00c1RIO INICIAL<\/th><\/tr><\/thead><tbody><tr><td class=\"has-text-align-center\" data-align=\"center\">Cirurgi\u00e3o Dentista (diversas especialidades)<\/td><td class=\"has-text-align-center\" data-align=\"center\">CR<\/td><td class=\"has-text-align-center\" data-align=\"center\">R$ 5.413,51<\/td><\/tr><tr><td class=\"has-text-align-center\" data-align=\"center\">Fonoaudi\u00f3logo<\/td><td class=\"has-text-align-center\" data-align=\"center\">1<\/td><td class=\"has-text-align-center\" data-align=\"center\">R$ 5.413,51<\/td><\/tr><tr><td class=\"has-text-align-center\" data-align=\"center\">Terapeuta<br \/>Ocupacional<\/td><td class=\"has-text-align-center\" data-align=\"center\">1<\/td><td class=\"has-text-align-center\" data-align=\"center\">R$ 5.413,51<\/td><\/tr><\/tbody><\/table><\/figure>\n\n\n\n<h3 class=\"wp-block-heading\" id=\"et\">Etapas do concurso Santana de Parna\u00edba Sa\u00fade<\/h3>\n\n\n\n<p>Os inscritos ser\u00e3o avaliados por meio de provas objetiva e de t\u00edtulos.<\/p>\n\n\n\n<h4 class=\"wp-block-heading\" id=\"h-prova-objetiva\"><strong>Prova objetiva<\/strong><\/h4>\n\n\n\n<p>A etapa, de car\u00e1ter eliminat\u00f3rio e classificat\u00f3rio, ser\u00e1 composta por 40 quest\u00f5es do tipo m\u00faltipla escolha, com quatro alternativas cada, sendo uma a op\u00e7\u00e3o correta. A prova ser\u00e1 avaliados na escala de 0 a 100 pontos.<\/p>\n\n\n\n<figure class=\"wp-block-image aligncenter size-full\"><img loading=\"lazy\" decoding=\"async\" width=\"471\" height=\"96\" src=\"https:\/\/dhg1h5j42swfq.cloudfront.net\/2026\/03\/09104001\/image-51.png\" alt=\"Disciplinas cobradas nas provas do concurso Santana de Parna\u00edba Sa\u00fade\" class=\"wp-image-1728015\" srcset=\"https:\/\/dhg1h5j42swfq.cloudfront.net\/2026\/03\/09104001\/image-51.png 471w, https:\/\/dhg1h5j42swfq.cloudfront.net\/2026\/03\/09104001\/image-51-300x61.png 300w, https:\/\/dhg1h5j42swfq.cloudfront.net\/2026\/03\/09104001\/image-51-150x31.png 150w\" sizes=\"auto, (max-width: 471px) 100vw, 471px\" \/><figcaption class=\"wp-element-caption\">Disciplinas cobradas nas provas do concurso Santana de Parna\u00edba Sa\u00fade<\/figcaption><\/figure>\n\n\n\n<p>Ser\u00e1 considerado habilitado o candidato que obtiver total de pontos igual ou superior a 50.<\/p>\n\n\n\n<h4 class=\"wp-block-heading\" id=\"h-prova-de-titulos\"><strong>Prova de t\u00edtulos<\/strong><\/h4>\n\n\n\n<p>A pontua\u00e7\u00e3o se limitar\u00e1 ao valor m\u00e1ximo de 10 (dez) pontos.<\/p>\n\n\n\n<figure class=\"wp-block-image aligncenter size-full\"><img loading=\"lazy\" decoding=\"async\" width=\"748\" height=\"498\" src=\"https:\/\/dhg1h5j42swfq.cloudfront.net\/2026\/03\/09104223\/santana-titulos.jpg\" alt=\"T\u00edtulos aceitos no concurso Santana de Parna\u00edba Sa\u00fade\" class=\"wp-image-1728019\" srcset=\"https:\/\/dhg1h5j42swfq.cloudfront.net\/2026\/03\/09104223\/santana-titulos.jpg 748w, https:\/\/dhg1h5j42swfq.cloudfront.net\/2026\/03\/09104223\/santana-titulos-300x200.jpg 300w, https:\/\/dhg1h5j42swfq.cloudfront.net\/2026\/03\/09104223\/santana-titulos-150x100.jpg 150w\" sizes=\"auto, (max-width: 748px) 100vw, 748px\" \/><figcaption class=\"wp-element-caption\">T\u00edtulos aceitos no concurso Santana de Parna\u00edba Sa\u00fade<\/figcaption><\/figure>\n\n\n\n<h2 class=\"wp-block-heading\" id=\"h-ultimo-concurso-santana-de-parnaiba-saude\">\u00daltimo concurso Santana de Parna\u00edba Sa\u00fade<\/h2>\n\n\n\n<h3 class=\"wp-block-heading\" id=\"25\"><strong>Edital 2025<\/strong><\/h3>\n\n\n\n<ul class=\"wp-block-list\">\n<li><strong>Vagas<\/strong>: 22 + CR<\/li>\n\n\n\n<li><strong>Cargos<\/strong>: diversos<\/li>\n\n\n\n<li><strong>Banca<\/strong>: MS Concursos<\/li>\n\n\n\n<li><strong>Escolaridade<\/strong>: m\u00e9dio e superior<\/li>\n\n\n\n<li><strong>Edital<\/strong>: <a href=\"https:\/\/dhg1h5j42swfq.cloudfront.net\/2025\/04\/16173233\/4627-concurso-publico-edital-n-o-01-2025.pdf\" target=\"_blank\" rel=\"noreferrer noopener nofollow\">Santana de Parna\u00edba Sa\u00fade-2025<\/a><\/li>\n<\/ul>\n\n\n\n<h3 class=\"wp-block-heading\" id=\"cargos\">Cargos e vagas do concurso Santana de Parna\u00edba Sa\u00fade<\/h3>\n\n\n\n<p><strong>Ensino m\u00e9dio<\/strong><\/p>\n\n\n\n<figure class=\"wp-block-table is-style-stripes\"><table class=\"has-very-light-gray-to-cyan-bluish-gray-gradient-background has-background has-fixed-layout\"><thead><tr><th class=\"has-text-align-center\" data-align=\"center\">CARGOS<\/th><th class=\"has-text-align-center\" data-align=\"center\">VAGAS<\/th><th class=\"has-text-align-center\" data-align=\"center\">SAL\u00c1RIO<\/th><\/tr><\/thead><tbody><tr><td class=\"has-text-align-center\" data-align=\"center\">Auxiliar de Farm\u00e1cia<\/td><td class=\"has-text-align-center\" data-align=\"center\">05<\/td><td class=\"has-text-align-center\" data-align=\"center\">R$ 2.742,14<\/td><\/tr><tr><td class=\"has-text-align-center\" data-align=\"center\">Auxiliar em Sa\u00fade Bucal<\/td><td class=\"has-text-align-center\" data-align=\"center\">CR<\/td><td class=\"has-text-align-center\" data-align=\"center\">R$ 3.092,14<\/td><\/tr><\/tbody><\/table><\/figure>\n\n\n\n<p><strong>Curso superior<\/strong><\/p>\n\n\n\n<figure class=\"wp-block-table is-style-stripes\"><table class=\"has-very-light-gray-to-cyan-bluish-gray-gradient-background has-background has-fixed-layout\"><thead><tr><th class=\"has-text-align-center\" data-align=\"center\">CARGOS<\/th><th class=\"has-text-align-center\" data-align=\"center\">VAGAS<\/th><th class=\"has-text-align-center\" data-align=\"center\">SAL\u00c1RIO<\/th><\/tr><\/thead><tbody><tr><td class=\"has-text-align-center\" data-align=\"center\">Assistente Social<\/td><td class=\"has-text-align-center\" data-align=\"center\">01<\/td><td class=\"has-text-align-center\" data-align=\"center\">R$ 4.816,86<\/td><\/tr><tr><td class=\"has-text-align-center\" data-align=\"center\">Farmac\u00eautico<\/td><td class=\"has-text-align-center\" data-align=\"center\">01<\/td><td class=\"has-text-align-center\" data-align=\"center\">R$ 5.131,30<\/td><\/tr><tr><td class=\"has-text-align-center\" data-align=\"center\">Fisioterapeuta<\/td><td class=\"has-text-align-center\" data-align=\"center\">01<\/td><td class=\"has-text-align-center\" data-align=\"center\">R$ 5.131,30<\/td><\/tr><tr><td class=\"has-text-align-center\" data-align=\"center\">Fonoaudi\u00f3logo<\/td><td class=\"has-text-align-center\" data-align=\"center\">05<\/td><td class=\"has-text-align-center\" data-align=\"center\">R$ 5.131,30<\/td><\/tr><tr><td class=\"has-text-align-center\" data-align=\"center\">M\u00e9dico Veterin\u00e1rio<\/td><td class=\"has-text-align-center\" data-align=\"center\">01<\/td><td class=\"has-text-align-center\" data-align=\"center\">R$ 5.131,30<\/td><\/tr><tr><td class=\"has-text-align-center\" data-align=\"center\">Nutricionista<\/td><td class=\"has-text-align-center\" data-align=\"center\">02<\/td><td class=\"has-text-align-center\" data-align=\"center\">R$ 4.816,86<\/td><\/tr><tr><td class=\"has-text-align-center\" data-align=\"center\">Psic\u00f3logo<\/td><td class=\"has-text-align-center\" data-align=\"center\">01<\/td><td class=\"has-text-align-center\" data-align=\"center\">R$ 4.816,86<\/td><\/tr><tr><td class=\"has-text-align-center\" data-align=\"center\">Terapeuta Ocupacional<\/td><td class=\"has-text-align-center\" data-align=\"center\">05<\/td><td class=\"has-text-align-center\" data-align=\"center\">R$ 5.131,30<\/td><\/tr><\/tbody><\/table><\/figure>\n\n\n\n<p>Os aprovados ainda contaram com aux\u00edlio-alimenta\u00e7\u00e3o no valor de R$ 418,00 e aux\u00edlio-transporte.<\/p>\n\n\n\n<h3 class=\"wp-block-heading\" id=\"etapas\">Etapas do concurso Santana de Parna\u00edba<\/h3>\n\n\n\n<ul class=\"wp-block-list\">\n<li><strong>Prova Objetiva<\/strong>, para todos os cargos, de car\u00e1ter eliminat\u00f3rio e classificat\u00f3rio;<\/li>\n\n\n\n<li><strong>Prova de T\u00edtulos,<\/strong> para cargos espec\u00edficos;<\/li>\n\n\n\n<li><strong>Prova de Tempo de Experi\u00eancia Profissional<\/strong>, para cargos espec\u00edficos;<\/li>\n\n\n\n<li><strong>Prova Pr\u00e1tica<\/strong>, somente para Auxiliar de Sa\u00fade Bucal.<\/li>\n<\/ul>\n\n\n\n<h4 class=\"wp-block-heading\" id=\"objetiva\">Prova Objetiva<\/h4>\n\n\n\n<p>Com dura\u00e7\u00e3o de 3 horas, a prova objetiva contou com 50 quest\u00f5es de m\u00faltipla escolha, com quatro alternativas e apenas uma considerada a correta.<\/p>\n\n\n\n<ul class=\"wp-block-list\">\n<li>L\u00edngua Portuguesa &#8211; 10<\/li>\n\n\n\n<li>Racioc\u00ednio L\u00f3gico &#8211; 10<\/li>\n\n\n\n<li>Conhecimentos B\u00e1sicos de Legisla\u00e7\u00e3o Municipal &#8211; 5<\/li>\n\n\n\n<li>Conhecimentos Espec\u00edficos &#8211; 15<\/li>\n<\/ul>\n\n\n\n<p>A etapa foi avaliada na escala de 0 a 100 pontos, sendo considerado habilitado na Prova Objetiva o candidato que obteve o total de pontos igual ou superior a 50.<\/p>\n\n\n\n<h4 class=\"wp-block-heading\" id=\"h-prova-pratica\">Prova Pr\u00e1tica<\/h4>\n\n\n\n<p>A Prova Pr\u00e1tica foi aplicada apenas ao cargo de <span style=\"text-decoration: underline;\">Auxiliar em Sa\u00fade Bucal<\/span>, por Banca Examinadora presidida por profissionais da \u00c1rea de Avalia\u00e7\u00e3o, nas seguintes tarefas propostas:<\/p>\n\n\n\n<ul class=\"wp-block-list\">\n<li>Preparar o paciente para o atendimento;<\/li>\n\n\n\n<li>Auxiliar na instrumenta\u00e7\u00e3o do Cirurgi\u00e3o Dentista acompanhando suas atividades sistematicamente;<\/li>\n\n\n\n<li>Executar a limpeza e assepsia do campo de atividades odontol\u00f3gicas, limpando utens\u00edlios com \u00e1lcool e<br \/>esterilizando o instrumental usado;<\/li>\n\n\n\n<li>Manipular materiais odontol\u00f3gicos;<\/li>\n\n\n\n<li>Revelar e montar radiografias intraorais; e<\/li>\n\n\n\n<li>Executar outras tarefas determinadas pela Banca Examinadora associadas \u00e0 sua \u00c1rea de Atua\u00e7\u00e3o.<\/li>\n<\/ul>\n\n\n\n<h3 class=\"wp-block-heading\" id=\"24\"><strong>Editais 2024<\/strong><\/h3>\n\n\n\n<ul class=\"wp-block-list\">\n<li><strong>Vagas<\/strong>: 20 + CR<\/li>\n\n\n\n<li><strong>Cargos<\/strong>: diversos<\/li>\n\n\n\n<li><strong>Banca<\/strong>: Instituto Mais<\/li>\n\n\n\n<li><strong>Escolaridade<\/strong>: m\u00e9dio e superior<\/li>\n\n\n\n<li><strong>Editais:<\/strong> <a href=\"https:\/\/dhg1h5j42swfq.cloudfront.net\/2026\/03\/09111113\/pmsparnaiba_edital-de-abertura_cp_04_2024_acs_publicacao_08_03_2024-1.pdf\" target=\"_blank\" rel=\"noreferrer noopener nofollow\">ACS<\/a> | <a href=\"https:\/\/dhg1h5j42swfq.cloudfront.net\/2026\/03\/09111142\/pmsparnaiba_edital-de-abertura_cp_02_2024_medicos_publicacao_28_02_2024.pdf\" target=\"_blank\" rel=\"noreferrer noopener nofollow\">M\u00e9dico<\/a> | <a href=\"https:\/\/dhg1h5j42swfq.cloudfront.net\/2026\/03\/09111209\/pmsparnaiba_edital-de-abertura_cp_01_2024_publicacao_28_02_20242.pdf\" target=\"_blank\" rel=\"noreferrer noopener nofollow\">Demais cargos<\/a><\/li>\n<\/ul>\n\n\n\n<p>As oportunidades foram destinadas a cargos de n\u00edveis m\u00e9dio e superior de escolaridade, com sal\u00e1rios que variam de <strong>R$ 2.974,05 a R$ 13.661,30.<\/strong><\/p>\n\n\n\n<h3 class=\"wp-block-heading\" id=\"cargos-ultimo\">Cargos e vagas do concurso Santana de Parna\u00edba Sa\u00fade<\/h3>\n\n\n\n<p><strong>N\u00edvel m\u00e9dio<\/strong><\/p>\n\n\n\n<figure class=\"wp-block-table is-style-stripes\"><table class=\"has-very-light-gray-to-cyan-bluish-gray-gradient-background has-background has-fixed-layout\"><thead><tr><th class=\"has-text-align-center\" data-align=\"center\">CARGOS<\/th><th class=\"has-text-align-center\" data-align=\"center\">VAGAS<\/th><th class=\"has-text-align-center\" data-align=\"center\">SAL\u00c1RIO<\/th><\/tr><\/thead><tbody><tr><td class=\"has-text-align-center\" data-align=\"center\">Auxiliar em Sa\u00fade Bucal<\/td><td class=\"has-text-align-center\" data-align=\"center\">01<\/td><td class=\"has-text-align-center\" data-align=\"center\">R$ 2.974,05<\/td><\/tr><tr><td class=\"has-text-align-center\" data-align=\"center\">Agente Comunit\u00e1rio de Sa\u00fade<\/td><td class=\"has-text-align-center\" data-align=\"center\">04<\/td><td class=\"has-text-align-center\" data-align=\"center\">R$ 3.087,90<\/td><\/tr><\/tbody><\/table><\/figure>\n\n\n\n<p><strong>N\u00edvel superior<\/strong><\/p>\n\n\n\n<figure class=\"wp-block-table is-style-stripes\"><table class=\"has-very-light-gray-to-cyan-bluish-gray-gradient-background has-background has-fixed-layout\"><thead><tr><th class=\"has-text-align-center\" data-align=\"center\">CARGOS<\/th><th class=\"has-text-align-center\" data-align=\"center\">VAGAS<\/th><th class=\"has-text-align-center\" data-align=\"center\">SAL\u00c1RIO<\/th><\/tr><\/thead><tbody><tr><td class=\"has-text-align-center\" data-align=\"center\">Fonoaudi\u00f3logo<\/td><td class=\"has-text-align-center\" data-align=\"center\">CR<\/td><td class=\"has-text-align-center\" data-align=\"center\">R$ 4.910,33<\/td><\/tr><tr><td class=\"has-text-align-center\" data-align=\"center\">Terapeuta Ocupacional <\/td><td class=\"has-text-align-center\" data-align=\"center\">CR<\/td><td class=\"has-text-align-center\" data-align=\"center\">R$ 4.910,33<\/td><\/tr><tr><td class=\"has-text-align-center\" data-align=\"center\">M\u00e9dico (diversas especialidades)*<\/td><td class=\"has-text-align-center\" data-align=\"center\">15 + CR<\/td><td class=\"has-text-align-center\" data-align=\"center\">R$ 6.981,10, R$ 11.773,50 e R$ 13.661,30<\/td><\/tr><\/tbody><\/table><\/figure>\n\n\n\n<p class=\"has-medium-font-size\"><span style=\"text-decoration: underline;\">Especialidades M\u00e9dicas:<\/span><\/p>\n\n\n\n<div class=\"wp-block-columns is-layout-flex wp-container-core-columns-is-layout-28f84493 wp-block-columns-is-layout-flex\">\n<div class=\"wp-block-column is-layout-flow wp-block-column-is-layout-flow\">\n<ul class=\"wp-block-list\">\n<li>Cl\u00ednica M\u00e9dica<\/li>\n\n\n\n<li>Geriatria<\/li>\n\n\n\n<li>Ginecologia e Obstetr\u00edcia<\/li>\n\n\n\n<li>Infectologia<\/li>\n\n\n\n<li>Medicina do Adolescente (Hebiatria)<\/li>\n\n\n\n<li>Neurologia<\/li>\n\n\n\n<li>Pneumologia<\/li>\n<\/ul>\n<\/div>\n\n\n\n<div class=\"wp-block-column is-layout-flow wp-block-column-is-layout-flow\">\n<ul class=\"wp-block-list\">\n<li>Psiquiatria<\/li>\n\n\n\n<li>Psiquiatria da Inf\u00e2ncia e Adolesc\u00eancia<\/li>\n\n\n\n<li>Reumatologia<\/li>\n\n\n\n<li>Ultrassonografia<\/li>\n\n\n\n<li>Pediatria &#8211; Plantonista 12h<\/li>\n\n\n\n<li>Pediatria &#8211; Plantonista 24h<\/li>\n<\/ul>\n<\/div>\n<\/div>\n\n\n\n<h3 class=\"wp-block-heading\" id=\"etapas-ultimo\">Etapas e provas<\/h3>\n\n\n\n<p>O concurso Santana de Parna\u00edba Sa\u00fade foi aplicado mediante at\u00e9 4 etapas, sendo:<\/p>\n\n\n\n<ul class=\"wp-block-list\">\n<li>Prova Objetiva, de car\u00e1ter eliminat\u00f3rio e classificat\u00f3rio;<\/li>\n\n\n\n<li>Prova de T\u00edtulos, de car\u00e1ter classificat\u00f3rio;<\/li>\n\n\n\n<li>Prova de Tempo de Experi\u00eancia Profissional, de car\u00e1ter classificat\u00f3rio; e<\/li>\n\n\n\n<li>Prova Pr\u00e1tica, de car\u00e1ter eliminat\u00f3rio.<\/li>\n<\/ul>\n\n\n\n<h4 class=\"wp-block-heading\" id=\"h-provas-objetivas\">Provas objetivas<\/h4>\n\n\n\n<p>As provas objetivas foram aplicadas no dia 14 de abril, com 30 e 40 quest\u00f5es de m\u00faltipla escolha, com 4 alternativas de resposta e apenas uma a correta, assim distribu\u00eddas:<\/p>\n\n\n\n<p><strong>Auxiliar em Sa\u00fade Bucal, Fonoaudi\u00f3logo e Terapeuta Ocupacional:<\/strong><\/p>\n\n\n\n<ul class=\"wp-block-list\">\n<li>L\u00edngua Portuguesa &#8211; 10<\/li>\n\n\n\n<li>Racioc\u00ednio L\u00f3gico &#8211; 10<\/li>\n\n\n\n<li>Conhecimentos B\u00e1sicos de Legisla\u00e7\u00e3o Municipal &#8211; 05<\/li>\n\n\n\n<li>Conhecimentos Espec\u00edficos &#8211; 15<\/li>\n<\/ul>\n\n\n\n<p><strong>M\u00e9dicos:<\/strong><\/p>\n\n\n\n<ul class=\"wp-block-list\">\n<li>Pol\u00edticas de Sa\u00fade &#8211; 05<\/li>\n\n\n\n<li>Cl\u00ednica M\u00e9dica &#8211; 10<\/li>\n\n\n\n<li>Conhecimentos Espec\u00edficos &#8211; 15<\/li>\n<\/ul>\n\n\n\n<p><strong>Agente Comunit\u00e1rio de Sa\u00fade<\/strong><\/p>\n\n\n\n<ul class=\"wp-block-list\">\n<li>L\u00edngua Portuguesa &#8211; 08<\/li>\n\n\n\n<li>Racioc\u00ednio L\u00f3gico &#8211; 07<\/li>\n\n\n\n<li>Conhecimentos B\u00e1sicos de Legisla\u00e7\u00e3o Municipal &#8211; 05<\/li>\n\n\n\n<li>Conhecimentos Espec\u00edficos &#8211; 20<\/li>\n<\/ul>\n\n\n\n<p>A etapa foi avaliada na escala de 0 a 100 pontos, sendo considerado habilitado na Prova Objetiva Unificada o candidato que obteve total de pontos igual ou superior a 40 ou 50.<\/p>\n\n\n\n<h4 class=\"wp-block-heading\" id=\"h-prova-de-titulos-0\">Prova de T\u00edtulos<\/h4>\n\n\n\n<p>Foram considerados para a Prova de T\u00edtulos somente os constantes nas Tabelas a seguir:<\/p>\n\n\n\n<figure class=\"wp-block-image aligncenter size-full\"><img loading=\"lazy\" decoding=\"async\" width=\"670\" height=\"601\" src=\"https:\/\/dhg1h5j42swfq.cloudfront.net\/2024\/02\/28193226\/image-769.png\" alt=\"Quadro de t\u00edtulos do concurso santana de parna\u00edba sa\u00fade\" class=\"wp-image-1360948\" srcset=\"https:\/\/dhg1h5j42swfq.cloudfront.net\/2024\/02\/28193226\/image-769.png 670w, https:\/\/dhg1h5j42swfq.cloudfront.net\/2024\/02\/28193226\/image-769-300x269.png 300w, https:\/\/dhg1h5j42swfq.cloudfront.net\/2024\/02\/28193226\/image-769-610x547.png 610w, https:\/\/dhg1h5j42swfq.cloudfront.net\/2024\/02\/28193226\/image-769-150x135.png 150w\" sizes=\"auto, (max-width: 670px) 100vw, 670px\" \/><figcaption class=\"wp-element-caption\">Quadro de T\u00edtulos<\/figcaption><\/figure>\n\n\n\n<hr class=\"wp-block-separator has-css-opacity\"\/>\n\n\n\n<h2 class=\"wp-block-heading has-text-align-center\" id=\"h-quer-saber-tudo-sobre-concursos-previstos-confira-nossos-artigos\">Quer saber tudo sobre concursos previstos?<br \/>Confira  nossos artigos!<\/h2>\n\n\n\n<ul class=\"wp-block-list\">\n<li><a href=\"https:\/\/www.estrategiaconcursos.com.br\/blog\/concursos-abertos\/\" target=\"_blank\" rel=\"noreferrer noopener\">Concursos abertos<\/a><\/li>\n\n\n\n<li><a href=\"https:\/\/www.estrategiaconcursos.com.br\/blog\/concursos-2026\/\" target=\"_blank\" rel=\"noreferrer noopener\">Concursos 2026<\/a><\/li>\n\n\n\n<li><a href=\"https:\/\/www.estrategiaconcursos.com.br\/blog\/concursos-area-da-saude\/\" target=\"_blank\" rel=\"noreferrer noopener\">Concursos sa\u00fade<\/a><\/li>\n<\/ul>\n\n\n\n<h2 class=\"wp-block-heading has-text-align-center\" id=\"cursos\">Quer estudar para o concurso Santana de Parna\u00edba Sa\u00fade?<\/h2>\n\n\n\n<div class=\"container\" id=\"boxes\">\n  <div class=\"row\">\n\n    <div class=\"col-sm\">\n      <div class=\"banner-medicina\" id=\"box-assinatura\">\n        <h3 class=\"titulo-assinatura\">Concurso Santana de Parna\u00edba Sa\u00fade<\/h3>\n        <p class=\"subtitulo-assinatura\">Conhe\u00e7a os cursos<\/p>\n        <div class=\"box-botao\">\n          <a class=\"btn-assinatura\" target=\"_blank\" href=\"https:\/\/www.estrategiaconcursos.com.br\/pesquisa\/?q=Santana+de+Parna%C3%ADba+Sa%C3%BAde\" role=\"button\" rel=\"noopener noreferrer\">Conhe\u00e7a mais<\/a>\n        <\/div>\n      <\/div>\n    \n\n  <\/div>\n<\/div><\/div>\n\n\n\n<div class=\"container\" id=\"boxes\">\n  <div class=\"row\">\n\n    <div class=\"col-sm\">\n      <div class=\"estrategia\" id=\"box-assinatura\">\n        <h3 class=\"titulo-assinatura\">Assinatura Concursos<\/h3>\n        <p class=\"subtitulo-assinatura\">Assinatura de 1 ano ou 2 anos<\/p>\n        <div class=\"box-botao\">\n          <a class=\"btn-assinatura\" target=\"_blank\" href=\"https:\/\/www.estrategiaconcursos.com.br\/assinaturas\/\" role=\"button\" rel=\"noopener noreferrer\">ASSINE AGORA<\/a>\n        <\/div>\n      <\/div><\/div><\/div><\/div>\n\n\n\n<figure class=\"wp-block-image size-large is-resized\"><img loading=\"lazy\" decoding=\"async\" width=\"1024\" height=\"632\" src=\"https:\/\/dhg1h5j42swfq.cloudfront.net\/2025\/06\/27101122\/ficha-tecnica-1-1024x632.png\" alt=\"Informa\u00e7\u00f5es do concurso Santana de Parna\u00edba Sa\u00fade\" class=\"wp-image-702728\" style=\"width:325px;height:auto\" srcset=\"https:\/\/dhg1h5j42swfq.cloudfront.net\/2025\/06\/27101122\/ficha-tecnica-1-1024x632.png 1024w, https:\/\/dhg1h5j42swfq.cloudfront.net\/2025\/06\/27101122\/ficha-tecnica-1-300x185.png 300w, https:\/\/dhg1h5j42swfq.cloudfront.net\/2025\/06\/27101122\/ficha-tecnica-1-768x474.png 768w, https:\/\/dhg1h5j42swfq.cloudfront.net\/2025\/06\/27101122\/ficha-tecnica-1-1536x948.png 1536w, https:\/\/dhg1h5j42swfq.cloudfront.net\/2025\/06\/27101122\/ficha-tecnica-1-610x377.png 610w, https:\/\/dhg1h5j42swfq.cloudfront.net\/2025\/06\/27101122\/ficha-tecnica-1.png 1571w\" sizes=\"auto, (max-width: 1024px) 100vw, 1024px\" \/><\/figure>\n\n\n\n<h3 class=\"wp-block-heading\" id=\"ficha\">Informa\u00e7\u00f5es do concurso Santana de Parna\u00edba Sa\u00fade<\/h3>\n\n\n\n<ul class=\"wp-block-list\">\n<li><strong>Data da prova<\/strong>: 26\/04\/2026<\/li>\n\n\n\n<li><strong>Vagas<\/strong>: 2 + CR<\/li>\n\n\n\n<li><strong>Cargos<\/strong>: diversos<\/li>\n\n\n\n<li><strong>Banca<\/strong>: MS Concursos<\/li>\n\n\n\n<li><strong>Escolaridade<\/strong>: superior<\/li>\n\n\n\n<li><strong>Edital<\/strong>: <a href=\"https:\/\/dhg1h5j42swfq.cloudfront.net\/2025\/06\/09102735\/1-edital-de-abertura-n-o-01-2026-concurso-varios-cargos-1.pdf\" target=\"_blank\" rel=\"noreferrer noopener nofollow\">Santana de Parna\u00edba Sa\u00fade 2026<\/a><\/li>\n<\/ul>\n","protected":false},"excerpt":{"rendered":"<p>Provas do novo concurso Santana de Parna\u00edba Sa\u00fade ser\u00e3o aplicadas em abril! Est\u00e3o encerradas as inscri\u00e7\u00f5es para o concurso Santana de Parna\u00edba Sa\u00fade, no estado de S\u00e3o Paulo, com 2 vagas imediatas e cadastro de reserva. Os interessados puderam se inscrever at\u00e9 o dia 05 de abril, no site da banca organizadora, MS Concursos, ao [&hellip;]<\/p>\n","protected":false},"author":1,"featured_media":948558,"comment_status":"open","ping_status":"closed","sticky":false,"template":"","format":"standard","meta":{"post_tipo":"news_page","footnotes":""},"categories":[1981],"tags":[],"tax_estado":[219989],"class_list":["post-943359","post","type-post","status-publish","format-standard","has-post-thumbnail","hentry","category-saude","tax_estado-sp"],"acf":[],"yoast_head":"<!-- This site is optimized with the Yoast SEO Premium plugin v27.2 (Yoast SEO v27.2) - https:\/\/yoast.com\/product\/yoast-seo-premium-wordpress\/ -->\n<title>Concurso Santana de Parna\u00edba Sa\u00fade: inicial de R$ 5,4 mil<\/title>\n<meta name=\"description\" content=\"Concurso Santana de Parna\u00edba Sa\u00fade oferece 2 vagas imediatas e em cadastro de reserva. Confira os detalhes no site!\" \/>\n<meta name=\"robots\" content=\"index, follow, max-snippet:-1, max-image-preview:large, max-video-preview:-1\" \/>\n<link rel=\"canonical\" href=\"https:\/\/www.estrategiaconcursos.com.br\/blog\/concurso-santana-de-parnaiba-saude-sp\/\" \/>\n<meta property=\"og:locale\" content=\"pt_BR\" \/>\n<meta property=\"og:type\" content=\"article\" \/>\n<meta property=\"og:title\" content=\"Concurso Santana de Parna\u00edba Sa\u00fade: inicial de R$ 5,4 mil\" \/>\n<meta property=\"og:description\" content=\"Concurso Santana de Parna\u00edba Sa\u00fade oferece 2 vagas imediatas e em cadastro de reserva. Confira os detalhes no site!\" \/>\n<meta property=\"og:url\" content=\"https:\/\/www.estrategiaconcursos.com.br\/blog\/concurso-santana-de-parnaiba-saude-sp\/\" \/>\n<meta property=\"og:site_name\" content=\"Estrat\u00e9gia Concursos\" \/>\n<meta property=\"article:author\" content=\"https:\/\/www.facebook.com\/EstrategiaConcursos\" \/>\n<meta property=\"article:published_time\" content=\"2026-04-06T13:00:00+00:00\" \/>\n<meta property=\"article:modified_time\" content=\"2026-04-06T14:20:46+00:00\" \/>\n<meta property=\"og:image\" content=\"https:\/\/dhg1h5j42swfq.cloudfront.net\/2022\/01\/17085538\/santana-de-parnaiba-saude.jpg\" \/>\n\t<meta property=\"og:image:width\" content=\"768\" \/>\n\t<meta property=\"og:image:height\" content=\"432\" \/>\n\t<meta property=\"og:image:type\" content=\"image\/jpeg\" \/>\n<meta name=\"author\" content=\"Coordena\u00e7\u00e3o\" \/>\n<meta name=\"twitter:card\" content=\"summary_large_image\" \/>\n<meta name=\"twitter:creator\" content=\"@EstratConcursos\" \/>\n<meta name=\"twitter:site\" content=\"@EstratConcursos\" \/>\n<meta name=\"twitter:label1\" content=\"Escrito por\" \/>\n\t<meta name=\"twitter:data1\" content=\"Coordena\u00e7\u00e3o\" \/>\n\t<meta name=\"twitter:label2\" content=\"Est. tempo de leitura\" \/>\n\t<meta name=\"twitter:data2\" content=\"8 minutos\" \/>\n<script type=\"application\/ld+json\" class=\"yoast-schema-graph\">{\"@context\":\"https:\/\/schema.org\",\"@graph\":[{\"@type\":\"NewsArticle\",\"@id\":\"https:\/\/www.estrategiaconcursos.com.br\/blog\/concurso-santana-de-parnaiba-saude-sp\/#article\",\"isPartOf\":{\"@id\":\"https:\/\/www.estrategiaconcursos.com.br\/blog\/concurso-santana-de-parnaiba-saude-sp\/\"},\"author\":{\"name\":\"Coordena\u00e7\u00e3o\",\"@id\":\"https:\/\/www.estrategiaconcursos.com.br\/blog\/#\/schema\/person\/b4a388c97673c5f483d72185668afa1f\"},\"headline\":\"Concurso Santana de Parna\u00edba Sa\u00fade: inicial de R$ 5,4 mil\",\"datePublished\":\"2026-04-06T13:00:00+00:00\",\"dateModified\":\"2026-04-06T14:20:46+00:00\",\"mainEntityOfPage\":{\"@id\":\"https:\/\/www.estrategiaconcursos.com.br\/blog\/concurso-santana-de-parnaiba-saude-sp\/\"},\"wordCount\":1133,\"commentCount\":0,\"publisher\":{\"@id\":\"https:\/\/www.estrategiaconcursos.com.br\/blog\/#organization\"},\"image\":{\"@id\":\"https:\/\/www.estrategiaconcursos.com.br\/blog\/concurso-santana-de-parnaiba-saude-sp\/#primaryimage\"},\"thumbnailUrl\":\"https:\/\/dhg1h5j42swfq.cloudfront.net\/2022\/01\/17085538\/santana-de-parnaiba-saude.jpg\",\"articleSection\":[\"Sa\u00fade\"],\"inLanguage\":\"pt-BR\",\"potentialAction\":[{\"@type\":\"CommentAction\",\"name\":\"Comment\",\"target\":[\"https:\/\/www.estrategiaconcursos.com.br\/blog\/concurso-santana-de-parnaiba-saude-sp\/#respond\"]}],\"copyrightYear\":\"2026\",\"copyrightHolder\":{\"@id\":\"https:\/\/www.estrategiaconcursos.com.br\/blog\/#organization\"}},{\"@type\":\"WebPage\",\"@id\":\"https:\/\/www.estrategiaconcursos.com.br\/blog\/concurso-santana-de-parnaiba-saude-sp\/\",\"url\":\"https:\/\/www.estrategiaconcursos.com.br\/blog\/concurso-santana-de-parnaiba-saude-sp\/\",\"name\":\"Concurso Santana de Parna\u00edba Sa\u00fade: inicial de R$ 5,4 mil\",\"isPartOf\":{\"@id\":\"https:\/\/www.estrategiaconcursos.com.br\/blog\/#website\"},\"primaryImageOfPage\":{\"@id\":\"https:\/\/www.estrategiaconcursos.com.br\/blog\/concurso-santana-de-parnaiba-saude-sp\/#primaryimage\"},\"image\":{\"@id\":\"https:\/\/www.estrategiaconcursos.com.br\/blog\/concurso-santana-de-parnaiba-saude-sp\/#primaryimage\"},\"thumbnailUrl\":\"https:\/\/dhg1h5j42swfq.cloudfront.net\/2022\/01\/17085538\/santana-de-parnaiba-saude.jpg\",\"datePublished\":\"2026-04-06T13:00:00+00:00\",\"dateModified\":\"2026-04-06T14:20:46+00:00\",\"description\":\"Concurso Santana de Parna\u00edba Sa\u00fade oferece 2 vagas imediatas e em cadastro de reserva. Confira os detalhes no site!\",\"breadcrumb\":{\"@id\":\"https:\/\/www.estrategiaconcursos.com.br\/blog\/concurso-santana-de-parnaiba-saude-sp\/#breadcrumb\"},\"inLanguage\":\"pt-BR\",\"potentialAction\":[{\"@type\":\"ReadAction\",\"target\":[\"https:\/\/www.estrategiaconcursos.com.br\/blog\/concurso-santana-de-parnaiba-saude-sp\/\"]}]},{\"@type\":\"ImageObject\",\"inLanguage\":\"pt-BR\",\"@id\":\"https:\/\/www.estrategiaconcursos.com.br\/blog\/concurso-santana-de-parnaiba-saude-sp\/#primaryimage\",\"url\":\"https:\/\/dhg1h5j42swfq.cloudfront.net\/2022\/01\/17085538\/santana-de-parnaiba-saude.jpg\",\"contentUrl\":\"https:\/\/dhg1h5j42swfq.cloudfront.net\/2022\/01\/17085538\/santana-de-parnaiba-saude.jpg\",\"width\":768,\"height\":432},{\"@type\":\"BreadcrumbList\",\"@id\":\"https:\/\/www.estrategiaconcursos.com.br\/blog\/concurso-santana-de-parnaiba-saude-sp\/#breadcrumb\",\"itemListElement\":[{\"@type\":\"ListItem\",\"position\":1,\"name\":\"In\u00edcio\",\"item\":\"https:\/\/www.estrategiaconcursos.com.br\/blog\/\"},{\"@type\":\"ListItem\",\"position\":2,\"name\":\"Concurso Santana de Parna\u00edba Sa\u00fade: inicial de R$ 5,4 mil\"}]},{\"@type\":\"WebSite\",\"@id\":\"https:\/\/www.estrategiaconcursos.com.br\/blog\/#website\",\"url\":\"https:\/\/www.estrategiaconcursos.com.br\/blog\/\",\"name\":\"Estrat\u00e9gia Concursos\",\"description\":\"O blog da Estrat\u00e9gia Concursos traz not\u00edcias sobre concursos e artigos de professores oferecendo cursos para concursos (pdf + videaulas) no site.\",\"publisher\":{\"@id\":\"https:\/\/www.estrategiaconcursos.com.br\/blog\/#organization\"},\"potentialAction\":[{\"@type\":\"SearchAction\",\"target\":{\"@type\":\"EntryPoint\",\"urlTemplate\":\"https:\/\/www.estrategiaconcursos.com.br\/blog\/?s={search_term_string}\"},\"query-input\":{\"@type\":\"PropertyValueSpecification\",\"valueRequired\":true,\"valueName\":\"search_term_string\"}}],\"inLanguage\":\"pt-BR\"},{\"@type\":\"Organization\",\"@id\":\"https:\/\/www.estrategiaconcursos.com.br\/blog\/#organization\",\"name\":\"Estrat\u00e9gia Concursos\",\"url\":\"https:\/\/www.estrategiaconcursos.com.br\/blog\/\",\"logo\":{\"@type\":\"ImageObject\",\"inLanguage\":\"pt-BR\",\"@id\":\"https:\/\/www.estrategiaconcursos.com.br\/blog\/#\/schema\/logo\/image\/\",\"url\":\"https:\/\/dhg1h5j42swfq.cloudfront.net\/2025\/06\/03203428\/logo_concursos-1.jpg\",\"contentUrl\":\"https:\/\/dhg1h5j42swfq.cloudfront.net\/2025\/06\/03203428\/logo_concursos-1.jpg\",\"width\":230,\"height\":60,\"caption\":\"Estrat\u00e9gia Concursos\"},\"image\":{\"@id\":\"https:\/\/www.estrategiaconcursos.com.br\/blog\/#\/schema\/logo\/image\/\"},\"sameAs\":[\"https:\/\/x.com\/EstratConcursos\"]},{\"@type\":\"Person\",\"@id\":\"https:\/\/www.estrategiaconcursos.com.br\/blog\/#\/schema\/person\/b4a388c97673c5f483d72185668afa1f\",\"name\":\"Coordena\u00e7\u00e3o\",\"image\":{\"@type\":\"ImageObject\",\"inLanguage\":\"pt-BR\",\"@id\":\"https:\/\/secure.gravatar.com\/avatar\/b720319e4c9a967eb58678d110f4fe35452fc5d5f97b202bac7b8acceb18c6ad?s=96&d=mm&r=g\",\"url\":\"https:\/\/secure.gravatar.com\/avatar\/b720319e4c9a967eb58678d110f4fe35452fc5d5f97b202bac7b8acceb18c6ad?s=96&d=mm&r=g\",\"contentUrl\":\"https:\/\/secure.gravatar.com\/avatar\/b720319e4c9a967eb58678d110f4fe35452fc5d5f97b202bac7b8acceb18c6ad?s=96&d=mm&r=g\",\"caption\":\"Coordena\u00e7\u00e3o\"},\"sameAs\":[\"https:\/\/www.facebook.com\/EstrategiaConcursos\",\"https:\/\/x.com\/EstratConcursos\"],\"url\":\"https:\/\/www.estrategiaconcursos.com.br\/blog\/author\/estrategia2013\/\"}]}<\/script>\n<!-- \/ Yoast SEO Premium plugin. -->","yoast_head_json":{"title":"Concurso Santana de Parna\u00edba Sa\u00fade: inicial de R$ 5,4 mil","description":"Concurso Santana de Parna\u00edba Sa\u00fade oferece 2 vagas imediatas e em cadastro de reserva. Confira os detalhes no site!","robots":{"index":"index","follow":"follow","max-snippet":"max-snippet:-1","max-image-preview":"max-image-preview:large","max-video-preview":"max-video-preview:-1"},"canonical":"https:\/\/www.estrategiaconcursos.com.br\/blog\/concurso-santana-de-parnaiba-saude-sp\/","og_locale":"pt_BR","og_type":"article","og_title":"Concurso Santana de Parna\u00edba Sa\u00fade: inicial de R$ 5,4 mil","og_description":"Concurso Santana de Parna\u00edba Sa\u00fade oferece 2 vagas imediatas e em cadastro de reserva. Confira os detalhes no site!","og_url":"https:\/\/www.estrategiaconcursos.com.br\/blog\/concurso-santana-de-parnaiba-saude-sp\/","og_site_name":"Estrat\u00e9gia Concursos","article_author":"https:\/\/www.facebook.com\/EstrategiaConcursos","article_published_time":"2026-04-06T13:00:00+00:00","article_modified_time":"2026-04-06T14:20:46+00:00","og_image":[{"width":768,"height":432,"url":"https:\/\/dhg1h5j42swfq.cloudfront.net\/2022\/01\/17085538\/santana-de-parnaiba-saude.jpg","type":"image\/jpeg"}],"author":"Coordena\u00e7\u00e3o","twitter_card":"summary_large_image","twitter_creator":"@EstratConcursos","twitter_site":"@EstratConcursos","twitter_misc":{"Escrito por":"Coordena\u00e7\u00e3o","Est. tempo de leitura":"8 minutos"},"schema":{"@context":"https:\/\/schema.org","@graph":[{"@type":"NewsArticle","@id":"https:\/\/www.estrategiaconcursos.com.br\/blog\/concurso-santana-de-parnaiba-saude-sp\/#article","isPartOf":{"@id":"https:\/\/www.estrategiaconcursos.com.br\/blog\/concurso-santana-de-parnaiba-saude-sp\/"},"author":{"name":"Coordena\u00e7\u00e3o","@id":"https:\/\/www.estrategiaconcursos.com.br\/blog\/#\/schema\/person\/b4a388c97673c5f483d72185668afa1f"},"headline":"Concurso Santana de Parna\u00edba Sa\u00fade: inicial de R$ 5,4 mil","datePublished":"2026-04-06T13:00:00+00:00","dateModified":"2026-04-06T14:20:46+00:00","mainEntityOfPage":{"@id":"https:\/\/www.estrategiaconcursos.com.br\/blog\/concurso-santana-de-parnaiba-saude-sp\/"},"wordCount":1133,"commentCount":0,"publisher":{"@id":"https:\/\/www.estrategiaconcursos.com.br\/blog\/#organization"},"image":{"@id":"https:\/\/www.estrategiaconcursos.com.br\/blog\/concurso-santana-de-parnaiba-saude-sp\/#primaryimage"},"thumbnailUrl":"https:\/\/dhg1h5j42swfq.cloudfront.net\/2022\/01\/17085538\/santana-de-parnaiba-saude.jpg","articleSection":["Sa\u00fade"],"inLanguage":"pt-BR","potentialAction":[{"@type":"CommentAction","name":"Comment","target":["https:\/\/www.estrategiaconcursos.com.br\/blog\/concurso-santana-de-parnaiba-saude-sp\/#respond"]}],"copyrightYear":"2026","copyrightHolder":{"@id":"https:\/\/www.estrategiaconcursos.com.br\/blog\/#organization"}},{"@type":"WebPage","@id":"https:\/\/www.estrategiaconcursos.com.br\/blog\/concurso-santana-de-parnaiba-saude-sp\/","url":"https:\/\/www.estrategiaconcursos.com.br\/blog\/concurso-santana-de-parnaiba-saude-sp\/","name":"Concurso Santana de Parna\u00edba Sa\u00fade: inicial de R$ 5,4 mil","isPartOf":{"@id":"https:\/\/www.estrategiaconcursos.com.br\/blog\/#website"},"primaryImageOfPage":{"@id":"https:\/\/www.estrategiaconcursos.com.br\/blog\/concurso-santana-de-parnaiba-saude-sp\/#primaryimage"},"image":{"@id":"https:\/\/www.estrategiaconcursos.com.br\/blog\/concurso-santana-de-parnaiba-saude-sp\/#primaryimage"},"thumbnailUrl":"https:\/\/dhg1h5j42swfq.cloudfront.net\/2022\/01\/17085538\/santana-de-parnaiba-saude.jpg","datePublished":"2026-04-06T13:00:00+00:00","dateModified":"2026-04-06T14:20:46+00:00","description":"Concurso Santana de Parna\u00edba Sa\u00fade oferece 2 vagas imediatas e em cadastro de reserva. Confira os detalhes no site!","breadcrumb":{"@id":"https:\/\/www.estrategiaconcursos.com.br\/blog\/concurso-santana-de-parnaiba-saude-sp\/#breadcrumb"},"inLanguage":"pt-BR","potentialAction":[{"@type":"ReadAction","target":["https:\/\/www.estrategiaconcursos.com.br\/blog\/concurso-santana-de-parnaiba-saude-sp\/"]}]},{"@type":"ImageObject","inLanguage":"pt-BR","@id":"https:\/\/www.estrategiaconcursos.com.br\/blog\/concurso-santana-de-parnaiba-saude-sp\/#primaryimage","url":"https:\/\/dhg1h5j42swfq.cloudfront.net\/2022\/01\/17085538\/santana-de-parnaiba-saude.jpg","contentUrl":"https:\/\/dhg1h5j42swfq.cloudfront.net\/2022\/01\/17085538\/santana-de-parnaiba-saude.jpg","width":768,"height":432},{"@type":"BreadcrumbList","@id":"https:\/\/www.estrategiaconcursos.com.br\/blog\/concurso-santana-de-parnaiba-saude-sp\/#breadcrumb","itemListElement":[{"@type":"ListItem","position":1,"name":"In\u00edcio","item":"https:\/\/www.estrategiaconcursos.com.br\/blog\/"},{"@type":"ListItem","position":2,"name":"Concurso Santana de Parna\u00edba Sa\u00fade: inicial de R$ 5,4 mil"}]},{"@type":"WebSite","@id":"https:\/\/www.estrategiaconcursos.com.br\/blog\/#website","url":"https:\/\/www.estrategiaconcursos.com.br\/blog\/","name":"Estrat\u00e9gia Concursos","description":"O blog da Estrat\u00e9gia Concursos traz not\u00edcias sobre concursos e artigos de professores oferecendo cursos para concursos (pdf + videaulas) no site.","publisher":{"@id":"https:\/\/www.estrategiaconcursos.com.br\/blog\/#organization"},"potentialAction":[{"@type":"SearchAction","target":{"@type":"EntryPoint","urlTemplate":"https:\/\/www.estrategiaconcursos.com.br\/blog\/?s={search_term_string}"},"query-input":{"@type":"PropertyValueSpecification","valueRequired":true,"valueName":"search_term_string"}}],"inLanguage":"pt-BR"},{"@type":"Organization","@id":"https:\/\/www.estrategiaconcursos.com.br\/blog\/#organization","name":"Estrat\u00e9gia Concursos","url":"https:\/\/www.estrategiaconcursos.com.br\/blog\/","logo":{"@type":"ImageObject","inLanguage":"pt-BR","@id":"https:\/\/www.estrategiaconcursos.com.br\/blog\/#\/schema\/logo\/image\/","url":"https:\/\/dhg1h5j42swfq.cloudfront.net\/2025\/06\/03203428\/logo_concursos-1.jpg","contentUrl":"https:\/\/dhg1h5j42swfq.cloudfront.net\/2025\/06\/03203428\/logo_concursos-1.jpg","width":230,"height":60,"caption":"Estrat\u00e9gia Concursos"},"image":{"@id":"https:\/\/www.estrategiaconcursos.com.br\/blog\/#\/schema\/logo\/image\/"},"sameAs":["https:\/\/x.com\/EstratConcursos"]},{"@type":"Person","@id":"https:\/\/www.estrategiaconcursos.com.br\/blog\/#\/schema\/person\/b4a388c97673c5f483d72185668afa1f","name":"Coordena\u00e7\u00e3o","image":{"@type":"ImageObject","inLanguage":"pt-BR","@id":"https:\/\/secure.gravatar.com\/avatar\/b720319e4c9a967eb58678d110f4fe35452fc5d5f97b202bac7b8acceb18c6ad?s=96&d=mm&r=g","url":"https:\/\/secure.gravatar.com\/avatar\/b720319e4c9a967eb58678d110f4fe35452fc5d5f97b202bac7b8acceb18c6ad?s=96&d=mm&r=g","contentUrl":"https:\/\/secure.gravatar.com\/avatar\/b720319e4c9a967eb58678d110f4fe35452fc5d5f97b202bac7b8acceb18c6ad?s=96&d=mm&r=g","caption":"Coordena\u00e7\u00e3o"},"sameAs":["https:\/\/www.facebook.com\/EstrategiaConcursos","https:\/\/x.com\/EstratConcursos"],"url":"https:\/\/www.estrategiaconcursos.com.br\/blog\/author\/estrategia2013\/"}]}},"_links":{"self":[{"href":"https:\/\/www.estrategiaconcursos.com.br\/blog\/wp-json\/wp\/v2\/posts\/943359","targetHints":{"allow":["GET"]}}],"collection":[{"href":"https:\/\/www.estrategiaconcursos.com.br\/blog\/wp-json\/wp\/v2\/posts"}],"about":[{"href":"https:\/\/www.estrategiaconcursos.com.br\/blog\/wp-json\/wp\/v2\/types\/post"}],"author":[{"embeddable":true,"href":"https:\/\/www.estrategiaconcursos.com.br\/blog\/wp-json\/wp\/v2\/users\/1"}],"replies":[{"embeddable":true,"href":"https:\/\/www.estrategiaconcursos.com.br\/blog\/wp-json\/wp\/v2\/comments?post=943359"}],"version-history":[{"count":54,"href":"https:\/\/www.estrategiaconcursos.com.br\/blog\/wp-json\/wp\/v2\/posts\/943359\/revisions"}],"predecessor-version":[{"id":1748817,"href":"https:\/\/www.estrategiaconcursos.com.br\/blog\/wp-json\/wp\/v2\/posts\/943359\/revisions\/1748817"}],"wp:featuredmedia":[{"embeddable":true,"href":"https:\/\/www.estrategiaconcursos.com.br\/blog\/wp-json\/wp\/v2\/media\/948558"}],"wp:attachment":[{"href":"https:\/\/www.estrategiaconcursos.com.br\/blog\/wp-json\/wp\/v2\/media?parent=943359"}],"wp:term":[{"taxonomy":"category","embeddable":true,"href":"https:\/\/www.estrategiaconcursos.com.br\/blog\/wp-json\/wp\/v2\/categories?post=943359"},{"taxonomy":"post_tag","embeddable":true,"href":"https:\/\/www.estrategiaconcursos.com.br\/blog\/wp-json\/wp\/v2\/tags?post=943359"},{"taxonomy":"tax_estado","embeddable":true,"href":"https:\/\/www.estrategiaconcursos.com.br\/blog\/wp-json\/wp\/v2\/tax_estado?post=943359"}],"curies":[{"name":"wp","href":"https:\/\/api.w.org\/{rel}","templated":true}]}}