{"id":943046,"date":"2022-01-10T18:00:00","date_gmt":"2022-01-10T21:00:00","guid":{"rendered":"https:\/\/www.estrategiaconcursos.com.br\/blog\/?p=943046"},"modified":"2023-02-06T17:17:19","modified_gmt":"2023-02-06T20:17:19","slug":"hora-da-verdade-para-juiz-do-tj-rs","status":"publish","type":"post","link":"https:\/\/www.estrategiaconcursos.com.br\/blog\/hora-da-verdade-para-juiz-do-tj-rs\/","title":{"rendered":"Hora da Verdade para Juiz do TJ RS"},"content":{"rendered":"\n<p>Acontece nesta segunda-feira, 10 de janeiro de 2022, a partir das 19:00, o evento Hora da Verdade para Juiz do TJ RS. Confira abaixo: <\/p>\n\n\n\n<h3 class=\"wp-block-heading\" id=\"h-juiz-do-tj-rs-cronograma\">Juiz do TJ RS: cronograma<\/h3>\n\n\n\n<figure class=\"wp-block-table is-style-stripes\"><table><tbody><tr><td class=\"has-text-align-center\" data-align=\"center\"><strong>Data<\/strong><\/td><td class=\"has-text-align-center\" data-align=\"center\"><strong>Hor\u00e1rio<\/strong><\/td><td class=\"has-text-align-center\" data-align=\"center\"><strong>Professor<\/strong><\/td><td class=\"has-text-align-center\" data-align=\"center\"><strong>Disciplina<\/strong><\/td><\/tr><tr><td class=\"has-text-align-center\" data-align=\"center\">10\/01\/22<\/td><td class=\"has-text-align-center\" data-align=\"center\">19:00<\/td><td class=\"has-text-align-center\" data-align=\"center\">Rodrigo Vaslin<\/td><td class=\"has-text-align-center\" data-align=\"center\">Direito Processual Civil<\/td><\/tr><tr><td class=\"has-text-align-center\" data-align=\"center\">10\/01\/22<\/td><td class=\"has-text-align-center\" data-align=\"center\">20:00<\/td><td class=\"has-text-align-center\" data-align=\"center\">Rog\u00e9rio Cunha<\/td><td class=\"has-text-align-center\" data-align=\"center\">Direito Tribut\u00e1rio<\/td><\/tr><tr><td class=\"has-text-align-center\" data-align=\"center\">11\/01\/22<\/td><td class=\"has-text-align-center\" data-align=\"center\">19:00<\/td><td class=\"has-text-align-center\" data-align=\"center\">Rodrigo Assump\u00e7\u00e3o<\/td><td class=\"has-text-align-center\" data-align=\"center\">Direito Penal<\/td><\/tr><tr><td class=\"has-text-align-center\" data-align=\"center\">11\/01\/22<\/td><td class=\"has-text-align-center\" data-align=\"center\">20:00<\/td><td class=\"has-text-align-center\" data-align=\"center\">Gustavo Arruda<\/td><td class=\"has-text-align-center\" data-align=\"center\">Direito Civil<\/td><\/tr><tr><td class=\"has-text-align-center\" data-align=\"center\">12\/01\/22<\/td><td class=\"has-text-align-center\" data-align=\"center\">19:00<\/td><td class=\"has-text-align-center\" data-align=\"center\">Alessandro Sanchez<\/td><td class=\"has-text-align-center\" data-align=\"center\">Direito Empresarial<\/td><\/tr><tr><td class=\"has-text-align-center\" data-align=\"center\">12\/01\/22<\/td><td class=\"has-text-align-center\" data-align=\"center\">20:00<\/td><td class=\"has-text-align-center\" data-align=\"center\">Leonardo Tavares<\/td><td class=\"has-text-align-center\" data-align=\"center\">Direito Processual Penal<\/td><\/tr><tr><td class=\"has-text-align-center\" data-align=\"center\">12\/01\/22<\/td><td class=\"has-text-align-center\" data-align=\"center\">21:00<\/td><td class=\"has-text-align-center\" data-align=\"center\">Adriana Figueiredo<\/td><td class=\"has-text-align-center\" data-align=\"center\">L\u00edngua Portuguesa<\/td><\/tr><tr><td class=\"has-text-align-center\" data-align=\"center\">13\/01\/22<\/td><td class=\"has-text-align-center\" data-align=\"center\">19:00<\/td><td class=\"has-text-align-center\" data-align=\"center\">Thiago Leite<\/td><td class=\"has-text-align-center\" data-align=\"center\">Direito Ambiental<\/td><\/tr><tr><td class=\"has-text-align-center\" data-align=\"center\">13\/01\/22<\/td><td class=\"has-text-align-center\" data-align=\"center\">20:00<\/td><td class=\"has-text-align-center\" data-align=\"center\">Nelma Fontana<\/td><td class=\"has-text-align-center\" data-align=\"center\">Direito Constitucional<\/td><\/tr><tr><td class=\"has-text-align-center\" data-align=\"center\">13\/01\/22<\/td><td class=\"has-text-align-center\" data-align=\"center\">21:00<\/td><td class=\"has-text-align-center\" data-align=\"center\">Rodolfo Penna<\/td><td class=\"has-text-align-center\" data-align=\"center\">Direito Administrativo<\/td><\/tr><tr><td class=\"has-text-align-center\" data-align=\"center\">14\/01\/22<\/td><td class=\"has-text-align-center\" data-align=\"center\">19:00<\/td><td class=\"has-text-align-center\" data-align=\"center\">Alex Fadel<\/td><td class=\"has-text-align-center\" data-align=\"center\">Estatuto da Crian\u00e7a e do Adolescente<\/td><\/tr><tr><td class=\"has-text-align-center\" data-align=\"center\">14\/01\/22<\/td><td class=\"has-text-align-center\" data-align=\"center\">20:00<\/td><td class=\"has-text-align-center\" data-align=\"center\">Igor Maciel<\/td><td class=\"has-text-align-center\" data-align=\"center\">Direito do Consumidor <\/td><\/tr><\/tbody><\/table><figcaption class=\"wp-element-caption\">JUIZ DO TJ RS: Cronograma<\/figcaption><\/figure>\n\n\n\n<h2 class=\"wp-block-heading\">Juiz do TJ RS: evento ao vivo <\/h2>\n\n\n\n<h3 class=\"wp-block-heading\">Juiz do TJ RS: curiosidades<\/h3>\n\n\n\n<p>De acordo com o&nbsp;<a href=\"https:\/\/transparencia.tjrs.jus.br\/transparencia_tjrs\/2019\/Anexo_III_novembro_2019\/MAGISTRADOS.pdf\" target=\"_blank\" rel=\"noreferrer noopener\">Portal Transpar\u00eancia<\/a>&nbsp;do Tribunal de Justi\u00e7a do Rio Grande do Sul, a remunera\u00e7\u00e3o inicial de um Juiz Substituto atualmente \u00e9 de&nbsp;<strong>R$ 25.851,96<\/strong>&nbsp;(montante apontado no edital) e a remunera\u00e7\u00e3o final de um Juiz de Direito chega a&nbsp;<strong>R$ 31.916,00.<\/strong><\/p>\n\n\n\n<p class=\"has-text-align-center has-luminous-vivid-amber-background-color has-background has-medium-font-size\"><strong>Saiba mais: <a href=\"https:\/\/cj.estrategia.com\/portal\/concurso-magistratura-rs\/\" target=\"_blank\" rel=\"noreferrer noopener\">concurso Magistratura RS<\/a><\/strong><\/p>\n\n\n\n<p class=\"has-text-align-center has-light-green-cyan-background-color has-background has-medium-font-size\"><a href=\"https:\/\/www.youtube.com\/channel\/UClbMGuYbj2Mh1m3w144ETWQ\" target=\"_blank\" rel=\"noreferrer noopener\"><strong>Youtube &#8211; Estrat\u00e9gia Carreira Jur\u00eddica<\/strong><\/a><\/p>\n","protected":false},"excerpt":{"rendered":"<p>Acontece nesta segunda-feira, 10 de janeiro de 2022, a partir das 19:00, o evento Hora da Verdade para Juiz do TJ RS. Confira abaixo: Juiz do TJ RS: cronograma Data Hor\u00e1rio Professor Disciplina 10\/01\/22 19:00 Rodrigo Vaslin Direito Processual Civil 10\/01\/22 20:00 Rog\u00e9rio Cunha Direito Tribut\u00e1rio 11\/01\/22 19:00 Rodrigo Assump\u00e7\u00e3o Direito Penal 11\/01\/22 20:00 Gustavo [&hellip;]<\/p>\n","protected":false},"author":1,"featured_media":843559,"comment_status":"open","ping_status":"closed","sticky":false,"template":"","format":"standard","meta":{"post_tipo":"news","footnotes":""},"categories":[220195],"tags":[],"tax_estado":[219986],"class_list":["post-943046","post","type-post","status-publish","format-standard","has-post-thumbnail","hentry","category-magistratura","tax_estado-rs"],"acf":[],"yoast_head":"<!-- This site is optimized with the Yoast SEO Premium plugin v27.2 (Yoast SEO v27.2) - https:\/\/yoast.com\/product\/yoast-seo-premium-wordpress\/ -->\n<title>Hora da Verdade para Juiz do TJ RS<\/title>\n<meta name=\"description\" content=\"Reforce seus estudos nesta segunda-feira, 10 de janeiro, com o evento Hora da Verdade para Juiz do TJ RS. Saiba mais aqui!\" \/>\n<meta name=\"robots\" content=\"index, follow, max-snippet:-1, max-image-preview:large, max-video-preview:-1\" \/>\n<link rel=\"canonical\" href=\"https:\/\/www.estrategiaconcursos.com.br\/blog\/hora-da-verdade-para-juiz-do-tj-rs\/\" \/>\n<meta property=\"og:locale\" content=\"pt_BR\" \/>\n<meta property=\"og:type\" content=\"article\" \/>\n<meta property=\"og:title\" content=\"Hora da Verdade para Juiz do TJ RS\" \/>\n<meta property=\"og:description\" content=\"Reforce seus estudos nesta segunda-feira, 10 de janeiro, com o evento Hora da Verdade para Juiz do TJ RS. Saiba mais aqui!\" \/>\n<meta property=\"og:url\" content=\"https:\/\/www.estrategiaconcursos.com.br\/blog\/hora-da-verdade-para-juiz-do-tj-rs\/\" \/>\n<meta property=\"og:site_name\" content=\"Estrat\u00e9gia Concursos\" \/>\n<meta property=\"article:author\" content=\"https:\/\/www.facebook.com\/EstrategiaConcursos\" \/>\n<meta property=\"article:published_time\" content=\"2022-01-10T21:00:00+00:00\" \/>\n<meta property=\"article:modified_time\" content=\"2023-02-06T20:17:19+00:00\" \/>\n<meta property=\"og:image\" content=\"https:\/\/dhg1h5j42swfq.cloudfront.net\/2021\/08\/23171042\/tj-rs-juiz6-e1501692215212-2.jpg\" \/>\n\t<meta property=\"og:image:width\" content=\"400\" \/>\n\t<meta property=\"og:image:height\" content=\"209\" \/>\n\t<meta property=\"og:image:type\" content=\"image\/jpeg\" \/>\n<meta name=\"author\" content=\"Coordena\u00e7\u00e3o\" \/>\n<meta name=\"twitter:card\" content=\"summary_large_image\" \/>\n<meta name=\"twitter:creator\" content=\"@EstratConcursos\" \/>\n<meta name=\"twitter:site\" content=\"@EstratConcursos\" \/>\n<meta name=\"twitter:label1\" content=\"Escrito por\" \/>\n\t<meta name=\"twitter:data1\" content=\"Coordena\u00e7\u00e3o\" \/>\n\t<meta name=\"twitter:label2\" content=\"Est. tempo de leitura\" \/>\n\t<meta name=\"twitter:data2\" content=\"2 minutos\" \/>\n<script type=\"application\/ld+json\" class=\"yoast-schema-graph\">{\"@context\":\"https:\/\/schema.org\",\"@graph\":[{\"@type\":\"NewsArticle\",\"@id\":\"https:\/\/www.estrategiaconcursos.com.br\/blog\/hora-da-verdade-para-juiz-do-tj-rs\/#article\",\"isPartOf\":{\"@id\":\"https:\/\/www.estrategiaconcursos.com.br\/blog\/hora-da-verdade-para-juiz-do-tj-rs\/\"},\"author\":{\"name\":\"Coordena\u00e7\u00e3o\",\"@id\":\"https:\/\/www.estrategiaconcursos.com.br\/blog\/#\/schema\/person\/b4a388c97673c5f483d72185668afa1f\"},\"headline\":\"Hora da Verdade para Juiz do TJ RS\",\"datePublished\":\"2022-01-10T21:00:00+00:00\",\"dateModified\":\"2023-02-06T20:17:19+00:00\",\"mainEntityOfPage\":{\"@id\":\"https:\/\/www.estrategiaconcursos.com.br\/blog\/hora-da-verdade-para-juiz-do-tj-rs\/\"},\"wordCount\":178,\"commentCount\":0,\"publisher\":{\"@id\":\"https:\/\/www.estrategiaconcursos.com.br\/blog\/#organization\"},\"image\":{\"@id\":\"https:\/\/www.estrategiaconcursos.com.br\/blog\/hora-da-verdade-para-juiz-do-tj-rs\/#primaryimage\"},\"thumbnailUrl\":\"https:\/\/dhg1h5j42swfq.cloudfront.net\/2021\/08\/23171042\/tj-rs-juiz6-e1501692215212-2.jpg\",\"articleSection\":[\"Jur\u00eddico - Magistratura\"],\"inLanguage\":\"pt-BR\",\"potentialAction\":[{\"@type\":\"CommentAction\",\"name\":\"Comment\",\"target\":[\"https:\/\/www.estrategiaconcursos.com.br\/blog\/hora-da-verdade-para-juiz-do-tj-rs\/#respond\"]}],\"copyrightYear\":\"2022\",\"copyrightHolder\":{\"@id\":\"https:\/\/www.estrategiaconcursos.com.br\/blog\/#organization\"}},{\"@type\":\"WebPage\",\"@id\":\"https:\/\/www.estrategiaconcursos.com.br\/blog\/hora-da-verdade-para-juiz-do-tj-rs\/\",\"url\":\"https:\/\/www.estrategiaconcursos.com.br\/blog\/hora-da-verdade-para-juiz-do-tj-rs\/\",\"name\":\"Hora da Verdade para Juiz do TJ RS\",\"isPartOf\":{\"@id\":\"https:\/\/www.estrategiaconcursos.com.br\/blog\/#website\"},\"primaryImageOfPage\":{\"@id\":\"https:\/\/www.estrategiaconcursos.com.br\/blog\/hora-da-verdade-para-juiz-do-tj-rs\/#primaryimage\"},\"image\":{\"@id\":\"https:\/\/www.estrategiaconcursos.com.br\/blog\/hora-da-verdade-para-juiz-do-tj-rs\/#primaryimage\"},\"thumbnailUrl\":\"https:\/\/dhg1h5j42swfq.cloudfront.net\/2021\/08\/23171042\/tj-rs-juiz6-e1501692215212-2.jpg\",\"datePublished\":\"2022-01-10T21:00:00+00:00\",\"dateModified\":\"2023-02-06T20:17:19+00:00\",\"description\":\"Reforce seus estudos nesta segunda-feira, 10 de janeiro, com o evento Hora da Verdade para Juiz do TJ RS. Saiba mais aqui!\",\"breadcrumb\":{\"@id\":\"https:\/\/www.estrategiaconcursos.com.br\/blog\/hora-da-verdade-para-juiz-do-tj-rs\/#breadcrumb\"},\"inLanguage\":\"pt-BR\",\"potentialAction\":[{\"@type\":\"ReadAction\",\"target\":[\"https:\/\/www.estrategiaconcursos.com.br\/blog\/hora-da-verdade-para-juiz-do-tj-rs\/\"]}]},{\"@type\":\"ImageObject\",\"inLanguage\":\"pt-BR\",\"@id\":\"https:\/\/www.estrategiaconcursos.com.br\/blog\/hora-da-verdade-para-juiz-do-tj-rs\/#primaryimage\",\"url\":\"https:\/\/dhg1h5j42swfq.cloudfront.net\/2021\/08\/23171042\/tj-rs-juiz6-e1501692215212-2.jpg\",\"contentUrl\":\"https:\/\/dhg1h5j42swfq.cloudfront.net\/2021\/08\/23171042\/tj-rs-juiz6-e1501692215212-2.jpg\",\"width\":400,\"height\":209,\"caption\":\"Magistratura RS\"},{\"@type\":\"BreadcrumbList\",\"@id\":\"https:\/\/www.estrategiaconcursos.com.br\/blog\/hora-da-verdade-para-juiz-do-tj-rs\/#breadcrumb\",\"itemListElement\":[{\"@type\":\"ListItem\",\"position\":1,\"name\":\"In\u00edcio\",\"item\":\"https:\/\/www.estrategiaconcursos.com.br\/blog\/\"},{\"@type\":\"ListItem\",\"position\":2,\"name\":\"Hora da Verdade para Juiz do TJ RS\"}]},{\"@type\":\"WebSite\",\"@id\":\"https:\/\/www.estrategiaconcursos.com.br\/blog\/#website\",\"url\":\"https:\/\/www.estrategiaconcursos.com.br\/blog\/\",\"name\":\"Estrat\u00e9gia Concursos\",\"description\":\"O blog da Estrat\u00e9gia Concursos traz not\u00edcias sobre concursos e artigos de professores oferecendo cursos para concursos (pdf + videaulas) no site.\",\"publisher\":{\"@id\":\"https:\/\/www.estrategiaconcursos.com.br\/blog\/#organization\"},\"potentialAction\":[{\"@type\":\"SearchAction\",\"target\":{\"@type\":\"EntryPoint\",\"urlTemplate\":\"https:\/\/www.estrategiaconcursos.com.br\/blog\/?s={search_term_string}\"},\"query-input\":{\"@type\":\"PropertyValueSpecification\",\"valueRequired\":true,\"valueName\":\"search_term_string\"}}],\"inLanguage\":\"pt-BR\"},{\"@type\":\"Organization\",\"@id\":\"https:\/\/www.estrategiaconcursos.com.br\/blog\/#organization\",\"name\":\"Estrat\u00e9gia Concursos\",\"url\":\"https:\/\/www.estrategiaconcursos.com.br\/blog\/\",\"logo\":{\"@type\":\"ImageObject\",\"inLanguage\":\"pt-BR\",\"@id\":\"https:\/\/www.estrategiaconcursos.com.br\/blog\/#\/schema\/logo\/image\/\",\"url\":\"https:\/\/dhg1h5j42swfq.cloudfront.net\/2025\/06\/03203428\/logo_concursos-1.jpg\",\"contentUrl\":\"https:\/\/dhg1h5j42swfq.cloudfront.net\/2025\/06\/03203428\/logo_concursos-1.jpg\",\"width\":230,\"height\":60,\"caption\":\"Estrat\u00e9gia Concursos\"},\"image\":{\"@id\":\"https:\/\/www.estrategiaconcursos.com.br\/blog\/#\/schema\/logo\/image\/\"},\"sameAs\":[\"https:\/\/x.com\/EstratConcursos\"]},{\"@type\":\"Person\",\"@id\":\"https:\/\/www.estrategiaconcursos.com.br\/blog\/#\/schema\/person\/b4a388c97673c5f483d72185668afa1f\",\"name\":\"Coordena\u00e7\u00e3o\",\"image\":{\"@type\":\"ImageObject\",\"inLanguage\":\"pt-BR\",\"@id\":\"https:\/\/secure.gravatar.com\/avatar\/b720319e4c9a967eb58678d110f4fe35452fc5d5f97b202bac7b8acceb18c6ad?s=96&d=mm&r=g\",\"url\":\"https:\/\/secure.gravatar.com\/avatar\/b720319e4c9a967eb58678d110f4fe35452fc5d5f97b202bac7b8acceb18c6ad?s=96&d=mm&r=g\",\"contentUrl\":\"https:\/\/secure.gravatar.com\/avatar\/b720319e4c9a967eb58678d110f4fe35452fc5d5f97b202bac7b8acceb18c6ad?s=96&d=mm&r=g\",\"caption\":\"Coordena\u00e7\u00e3o\"},\"sameAs\":[\"https:\/\/www.facebook.com\/EstrategiaConcursos\",\"https:\/\/x.com\/EstratConcursos\"],\"url\":\"https:\/\/www.estrategiaconcursos.com.br\/blog\/author\/estrategia2013\/\"}]}<\/script>\n<!-- \/ Yoast SEO Premium plugin. -->","yoast_head_json":{"title":"Hora da Verdade para Juiz do TJ RS","description":"Reforce seus estudos nesta segunda-feira, 10 de janeiro, com o evento Hora da Verdade para Juiz do TJ RS. Saiba mais aqui!","robots":{"index":"index","follow":"follow","max-snippet":"max-snippet:-1","max-image-preview":"max-image-preview:large","max-video-preview":"max-video-preview:-1"},"canonical":"https:\/\/www.estrategiaconcursos.com.br\/blog\/hora-da-verdade-para-juiz-do-tj-rs\/","og_locale":"pt_BR","og_type":"article","og_title":"Hora da Verdade para Juiz do TJ RS","og_description":"Reforce seus estudos nesta segunda-feira, 10 de janeiro, com o evento Hora da Verdade para Juiz do TJ RS. Saiba mais aqui!","og_url":"https:\/\/www.estrategiaconcursos.com.br\/blog\/hora-da-verdade-para-juiz-do-tj-rs\/","og_site_name":"Estrat\u00e9gia Concursos","article_author":"https:\/\/www.facebook.com\/EstrategiaConcursos","article_published_time":"2022-01-10T21:00:00+00:00","article_modified_time":"2023-02-06T20:17:19+00:00","og_image":[{"width":400,"height":209,"url":"https:\/\/dhg1h5j42swfq.cloudfront.net\/2021\/08\/23171042\/tj-rs-juiz6-e1501692215212-2.jpg","type":"image\/jpeg"}],"author":"Coordena\u00e7\u00e3o","twitter_card":"summary_large_image","twitter_creator":"@EstratConcursos","twitter_site":"@EstratConcursos","twitter_misc":{"Escrito por":"Coordena\u00e7\u00e3o","Est. tempo de leitura":"2 minutos"},"schema":{"@context":"https:\/\/schema.org","@graph":[{"@type":"NewsArticle","@id":"https:\/\/www.estrategiaconcursos.com.br\/blog\/hora-da-verdade-para-juiz-do-tj-rs\/#article","isPartOf":{"@id":"https:\/\/www.estrategiaconcursos.com.br\/blog\/hora-da-verdade-para-juiz-do-tj-rs\/"},"author":{"name":"Coordena\u00e7\u00e3o","@id":"https:\/\/www.estrategiaconcursos.com.br\/blog\/#\/schema\/person\/b4a388c97673c5f483d72185668afa1f"},"headline":"Hora da Verdade para Juiz do TJ RS","datePublished":"2022-01-10T21:00:00+00:00","dateModified":"2023-02-06T20:17:19+00:00","mainEntityOfPage":{"@id":"https:\/\/www.estrategiaconcursos.com.br\/blog\/hora-da-verdade-para-juiz-do-tj-rs\/"},"wordCount":178,"commentCount":0,"publisher":{"@id":"https:\/\/www.estrategiaconcursos.com.br\/blog\/#organization"},"image":{"@id":"https:\/\/www.estrategiaconcursos.com.br\/blog\/hora-da-verdade-para-juiz-do-tj-rs\/#primaryimage"},"thumbnailUrl":"https:\/\/dhg1h5j42swfq.cloudfront.net\/2021\/08\/23171042\/tj-rs-juiz6-e1501692215212-2.jpg","articleSection":["Jur\u00eddico - Magistratura"],"inLanguage":"pt-BR","potentialAction":[{"@type":"CommentAction","name":"Comment","target":["https:\/\/www.estrategiaconcursos.com.br\/blog\/hora-da-verdade-para-juiz-do-tj-rs\/#respond"]}],"copyrightYear":"2022","copyrightHolder":{"@id":"https:\/\/www.estrategiaconcursos.com.br\/blog\/#organization"}},{"@type":"WebPage","@id":"https:\/\/www.estrategiaconcursos.com.br\/blog\/hora-da-verdade-para-juiz-do-tj-rs\/","url":"https:\/\/www.estrategiaconcursos.com.br\/blog\/hora-da-verdade-para-juiz-do-tj-rs\/","name":"Hora da Verdade para Juiz do TJ RS","isPartOf":{"@id":"https:\/\/www.estrategiaconcursos.com.br\/blog\/#website"},"primaryImageOfPage":{"@id":"https:\/\/www.estrategiaconcursos.com.br\/blog\/hora-da-verdade-para-juiz-do-tj-rs\/#primaryimage"},"image":{"@id":"https:\/\/www.estrategiaconcursos.com.br\/blog\/hora-da-verdade-para-juiz-do-tj-rs\/#primaryimage"},"thumbnailUrl":"https:\/\/dhg1h5j42swfq.cloudfront.net\/2021\/08\/23171042\/tj-rs-juiz6-e1501692215212-2.jpg","datePublished":"2022-01-10T21:00:00+00:00","dateModified":"2023-02-06T20:17:19+00:00","description":"Reforce seus estudos nesta segunda-feira, 10 de janeiro, com o evento Hora da Verdade para Juiz do TJ RS. Saiba mais aqui!","breadcrumb":{"@id":"https:\/\/www.estrategiaconcursos.com.br\/blog\/hora-da-verdade-para-juiz-do-tj-rs\/#breadcrumb"},"inLanguage":"pt-BR","potentialAction":[{"@type":"ReadAction","target":["https:\/\/www.estrategiaconcursos.com.br\/blog\/hora-da-verdade-para-juiz-do-tj-rs\/"]}]},{"@type":"ImageObject","inLanguage":"pt-BR","@id":"https:\/\/www.estrategiaconcursos.com.br\/blog\/hora-da-verdade-para-juiz-do-tj-rs\/#primaryimage","url":"https:\/\/dhg1h5j42swfq.cloudfront.net\/2021\/08\/23171042\/tj-rs-juiz6-e1501692215212-2.jpg","contentUrl":"https:\/\/dhg1h5j42swfq.cloudfront.net\/2021\/08\/23171042\/tj-rs-juiz6-e1501692215212-2.jpg","width":400,"height":209,"caption":"Magistratura RS"},{"@type":"BreadcrumbList","@id":"https:\/\/www.estrategiaconcursos.com.br\/blog\/hora-da-verdade-para-juiz-do-tj-rs\/#breadcrumb","itemListElement":[{"@type":"ListItem","position":1,"name":"In\u00edcio","item":"https:\/\/www.estrategiaconcursos.com.br\/blog\/"},{"@type":"ListItem","position":2,"name":"Hora da Verdade para Juiz do TJ RS"}]},{"@type":"WebSite","@id":"https:\/\/www.estrategiaconcursos.com.br\/blog\/#website","url":"https:\/\/www.estrategiaconcursos.com.br\/blog\/","name":"Estrat\u00e9gia Concursos","description":"O blog da Estrat\u00e9gia Concursos traz not\u00edcias sobre concursos e artigos de professores oferecendo cursos para concursos (pdf + videaulas) no site.","publisher":{"@id":"https:\/\/www.estrategiaconcursos.com.br\/blog\/#organization"},"potentialAction":[{"@type":"SearchAction","target":{"@type":"EntryPoint","urlTemplate":"https:\/\/www.estrategiaconcursos.com.br\/blog\/?s={search_term_string}"},"query-input":{"@type":"PropertyValueSpecification","valueRequired":true,"valueName":"search_term_string"}}],"inLanguage":"pt-BR"},{"@type":"Organization","@id":"https:\/\/www.estrategiaconcursos.com.br\/blog\/#organization","name":"Estrat\u00e9gia Concursos","url":"https:\/\/www.estrategiaconcursos.com.br\/blog\/","logo":{"@type":"ImageObject","inLanguage":"pt-BR","@id":"https:\/\/www.estrategiaconcursos.com.br\/blog\/#\/schema\/logo\/image\/","url":"https:\/\/dhg1h5j42swfq.cloudfront.net\/2025\/06\/03203428\/logo_concursos-1.jpg","contentUrl":"https:\/\/dhg1h5j42swfq.cloudfront.net\/2025\/06\/03203428\/logo_concursos-1.jpg","width":230,"height":60,"caption":"Estrat\u00e9gia Concursos"},"image":{"@id":"https:\/\/www.estrategiaconcursos.com.br\/blog\/#\/schema\/logo\/image\/"},"sameAs":["https:\/\/x.com\/EstratConcursos"]},{"@type":"Person","@id":"https:\/\/www.estrategiaconcursos.com.br\/blog\/#\/schema\/person\/b4a388c97673c5f483d72185668afa1f","name":"Coordena\u00e7\u00e3o","image":{"@type":"ImageObject","inLanguage":"pt-BR","@id":"https:\/\/secure.gravatar.com\/avatar\/b720319e4c9a967eb58678d110f4fe35452fc5d5f97b202bac7b8acceb18c6ad?s=96&d=mm&r=g","url":"https:\/\/secure.gravatar.com\/avatar\/b720319e4c9a967eb58678d110f4fe35452fc5d5f97b202bac7b8acceb18c6ad?s=96&d=mm&r=g","contentUrl":"https:\/\/secure.gravatar.com\/avatar\/b720319e4c9a967eb58678d110f4fe35452fc5d5f97b202bac7b8acceb18c6ad?s=96&d=mm&r=g","caption":"Coordena\u00e7\u00e3o"},"sameAs":["https:\/\/www.facebook.com\/EstrategiaConcursos","https:\/\/x.com\/EstratConcursos"],"url":"https:\/\/www.estrategiaconcursos.com.br\/blog\/author\/estrategia2013\/"}]}},"_links":{"self":[{"href":"https:\/\/www.estrategiaconcursos.com.br\/blog\/wp-json\/wp\/v2\/posts\/943046","targetHints":{"allow":["GET"]}}],"collection":[{"href":"https:\/\/www.estrategiaconcursos.com.br\/blog\/wp-json\/wp\/v2\/posts"}],"about":[{"href":"https:\/\/www.estrategiaconcursos.com.br\/blog\/wp-json\/wp\/v2\/types\/post"}],"author":[{"embeddable":true,"href":"https:\/\/www.estrategiaconcursos.com.br\/blog\/wp-json\/wp\/v2\/users\/1"}],"replies":[{"embeddable":true,"href":"https:\/\/www.estrategiaconcursos.com.br\/blog\/wp-json\/wp\/v2\/comments?post=943046"}],"version-history":[{"count":12,"href":"https:\/\/www.estrategiaconcursos.com.br\/blog\/wp-json\/wp\/v2\/posts\/943046\/revisions"}],"predecessor-version":[{"id":1166066,"href":"https:\/\/www.estrategiaconcursos.com.br\/blog\/wp-json\/wp\/v2\/posts\/943046\/revisions\/1166066"}],"wp:featuredmedia":[{"embeddable":true,"href":"https:\/\/www.estrategiaconcursos.com.br\/blog\/wp-json\/wp\/v2\/media\/843559"}],"wp:attachment":[{"href":"https:\/\/www.estrategiaconcursos.com.br\/blog\/wp-json\/wp\/v2\/media?parent=943046"}],"wp:term":[{"taxonomy":"category","embeddable":true,"href":"https:\/\/www.estrategiaconcursos.com.br\/blog\/wp-json\/wp\/v2\/categories?post=943046"},{"taxonomy":"post_tag","embeddable":true,"href":"https:\/\/www.estrategiaconcursos.com.br\/blog\/wp-json\/wp\/v2\/tags?post=943046"},{"taxonomy":"tax_estado","embeddable":true,"href":"https:\/\/www.estrategiaconcursos.com.br\/blog\/wp-json\/wp\/v2\/tax_estado?post=943046"}],"curies":[{"name":"wp","href":"https:\/\/api.w.org\/{rel}","templated":true}]}}