{"id":942436,"date":"2022-02-10T23:59:00","date_gmt":"2022-02-11T02:59:00","guid":{"rendered":"https:\/\/www.estrategiaconcursos.com.br\/blog\/?p=942436"},"modified":"2022-02-11T11:02:01","modified_gmt":"2022-02-11T14:02:01","slug":"edital-franca-sp","status":"publish","type":"post","link":"https:\/\/www.estrategiaconcursos.com.br\/blog\/edital-franca-sp\/","title":{"rendered":"Edital Franca SP: inscri\u00e7\u00f5es est\u00e3o ENCERRADAS!"},"content":{"rendered":"\n<p>O concurso da <strong>Prefeitura de Franca<\/strong>, em S\u00e3o Paulo, est\u00e1 com o per\u00edodo de inscri\u00e7\u00f5es encerradas! Os interessados puderam se inscrever at\u00e9 o dia <strong>10 de fevereiro<\/strong>.<\/p>\n\n\n\n<p>Todo o processo precisou ser realizado por meio do site da banca organizadora, <a href=\"https:\/\/www.ibamsp-concursos.org.br\/site\/\" target=\"_blank\" rel=\"noreferrer noopener\">IBAM<\/a>.<\/p>\n\n\n\n<p>Os contratados ter\u00e3o que trabalhar regime de 30 a 40 horas semanais, com sal\u00e1rios iniciais que podem chegar a R$ 4.250,28, dependendo da fun\u00e7\u00e3o desejada. <\/p>\n\n\n\n<h2 class=\"wp-block-heading\" id=\"cargos-e-vagas-do-edital-franca\">Cargos e vagas do edital Franca<\/h2>\n\n\n\n<p class=\"has-text-align-left\"><strong>Para conferir de perto todas as vagas ofertadas no edital Franca, basta observar o quadro abaixo:<\/strong><\/p>\n\n\n\n<figure class=\"wp-block-table is-style-stripes\"><table><tbody><tr><td class=\"has-text-align-center\" data-align=\"center\"><strong>Cargos<\/strong><\/td><td class=\"has-text-align-center\" data-align=\"center\"><strong>Vagas<\/strong><\/td><\/tr><tr><td class=\"has-text-align-center\" data-align=\"center\">&nbsp;AGENTE DE SA\u00daDE P\u00daBLICA &#8211; PSF<\/td><td class=\"has-text-align-center\" data-align=\"center\">Cadastro<\/td><\/tr><tr><td class=\"has-text-align-center\" data-align=\"center\"> ANALISTA DE SISTEMAS<\/td><td class=\"has-text-align-center\" data-align=\"center\">Cadastro<\/td><\/tr><tr><td class=\"has-text-align-center\" data-align=\"center\">ARQUITETO<\/td><td class=\"has-text-align-center\" data-align=\"center\">Cadastro<\/td><\/tr><tr><td class=\"has-text-align-center\" data-align=\"center\">ASSISTENTE SOCIAL<\/td><td class=\"has-text-align-center\" data-align=\"center\">Cadastro<\/td><\/tr><tr><td class=\"has-text-align-center\" data-align=\"center\">BIOM\u00c9DICO<\/td><td class=\"has-text-align-center\" data-align=\"center\">Cadastro<\/td><\/tr><tr><td class=\"has-text-align-center\" data-align=\"center\">CIRURGI\u00c3O DENTISTA<\/td><td class=\"has-text-align-center\" data-align=\"center\">Cadastro<\/td><\/tr><tr><td class=\"has-text-align-center\" data-align=\"center\">COVEIRO<\/td><td class=\"has-text-align-center\" data-align=\"center\">Cadastro<\/td><\/tr><tr><td class=\"has-text-align-center\" data-align=\"center\">ENCANADOR<\/td><td class=\"has-text-align-center\" data-align=\"center\">Cadastro<\/td><\/tr><tr><td class=\"has-text-align-center\" data-align=\"center\">ENFERMEIRO (30 HORAS\/ 40 HORAS SEMANAIS)<\/td><td class=\"has-text-align-center\" data-align=\"center\">Cadastro<\/td><\/tr><tr><td class=\"has-text-align-center\" data-align=\"center\">ESCRITUR\u00c1RIO<\/td><td class=\"has-text-align-center\" data-align=\"center\">Cadastro<\/td><\/tr><tr><td class=\"has-text-align-center\" data-align=\"center\"> FARMAC\u00caUTICO<\/td><td class=\"has-text-align-center\" data-align=\"center\">Cadastro<\/td><\/tr><tr><td class=\"has-text-align-center\" data-align=\"center\">FONOAUDI\u00d3LOGO<\/td><td class=\"has-text-align-center\" data-align=\"center\">Cadastro<\/td><\/tr><tr><td class=\"has-text-align-center\" data-align=\"center\">INSPETOR ALUNO<\/td><td class=\"has-text-align-center\" data-align=\"center\">Cadastro<\/td><\/tr><tr><td class=\"has-text-align-center\" data-align=\"center\">MECANICO<\/td><td class=\"has-text-align-center\" data-align=\"center\">Cadastro<\/td><\/tr><tr><td class=\"has-text-align-center\" data-align=\"center\">NUTRICIONISTA<\/td><td class=\"has-text-align-center\" data-align=\"center\">Cadastro<\/td><\/tr><tr><td class=\"has-text-align-center\" data-align=\"center\">PEDREIRO<\/td><td class=\"has-text-align-center\" data-align=\"center\">Cadastro<\/td><\/tr><tr><td class=\"has-text-align-center\" data-align=\"center\">PINTOR<\/td><td class=\"has-text-align-center\" data-align=\"center\">Cadastro<\/td><\/tr><tr><td class=\"has-text-align-center\" data-align=\"center\">PSIC\u00d3LOGO<\/td><td class=\"has-text-align-center\" data-align=\"center\">Cadastro<\/td><\/tr><tr><td class=\"has-text-align-center\" data-align=\"center\">SUPERVISOR DE CAMPO- PPI\/VS<\/td><td class=\"has-text-align-center\" data-align=\"center\">Cadastro<\/td><\/tr><tr><td class=\"has-text-align-center\" data-align=\"center\">TECNICO EM CONTABILIDADE<\/td><td class=\"has-text-align-center\" data-align=\"center\">Cadastro<\/td><\/tr><tr><td class=\"has-text-align-center\" data-align=\"center\">TECNICO EM INFORMATICA<\/td><td class=\"has-text-align-center\" data-align=\"center\">Cadastro<\/td><\/tr><tr><td class=\"has-text-align-center\" data-align=\"center\">TECNICO EM RAIO-X<\/td><td class=\"has-text-align-center\" data-align=\"center\">Cadastro<\/td><\/tr><tr><td class=\"has-text-align-center\" data-align=\"center\">TECNICO EM ENFERMAGEM DE SA\u00daDE OCUPACIONAL<\/td><td class=\"has-text-align-center\" data-align=\"center\">Cadastro<\/td><\/tr><tr><td class=\"has-text-align-center\" data-align=\"center\">TELEFONISTA<\/td><td class=\"has-text-align-center\" data-align=\"center\">Cadastro<\/td><\/tr><\/tbody><\/table><\/figure>\n\n\n\n<div class=\"wp-block-image\"><figure class=\"aligncenter is-resized\"><img loading=\"lazy\" decoding=\"async\" src=\"https:\/\/dhg1h5j42swfq.cloudfront.net\/2020\/09\/18141901\/Coruja_Concursos%404x-506x1024.png\" alt=\"Concursos 2021 Estrat\u00e9gia Concursos\" width=\"60\" height=\"122\"\/><\/figure><\/div>\n\n\n\n<h2 class=\"has-text-align-center wp-block-heading\" id=\"principais-datas\">Principais datas<\/h2>\n\n\n\n<p class=\"has-text-align-center has-background\" style=\"background-color:#e0e7ee\"><strong>Inscri\u00e7\u00f5es<\/strong>: <s>at\u00e9 10\/02\/2022<\/s><br \/><strong>Pagamento da taxa<\/strong>: at\u00e9 11\/02\/2022<br \/><strong>Provas<\/strong>: 06\/03\/2022<\/p>\n\n\n\n<h2 class=\"wp-block-heading\" id=\"etapas\">Como ser\u00e1 a prova objetiva do edital Franca?<\/h2>\n\n\n\n<p>A avalia\u00e7\u00e3o dos candidatos ser\u00e1 feita por meio de uma \u00fanica etapa, sendo esta uma<strong>\u00a0Prova Objetiva\u00a0<\/strong>de m\u00faltipla escolha, com\u00a0<strong>30 a 40 quest\u00f5es<\/strong>\u00a0e 4 alternativas cada.<\/p>\n\n\n\n<p>A avalia\u00e7\u00e3o est\u00e1 prevista para o dia <strong>06 de mar\u00e7o.<\/strong><\/p>\n\n\n\n<p>Os candidatos que n\u00e3o obtiverem 50% de acertos na prova ser\u00e3o automaticamente eliminados do concurso.<\/p>\n\n\n\n<div class=\"wp-block-image\"><figure class=\"aligncenter\"><img loading=\"lazy\" decoding=\"async\" width=\"707\" height=\"560\" src=\"https:\/\/dhg1h5j42swfq.cloudfront.net\/2022\/01\/08103526\/image-130.png\" alt=\"\" class=\"wp-image-942438\" srcset=\"https:\/\/dhg1h5j42swfq.cloudfront.net\/2022\/01\/08103526\/image-130.png 707w, https:\/\/dhg1h5j42swfq.cloudfront.net\/2022\/01\/08103526\/image-130-300x238.png 300w, https:\/\/dhg1h5j42swfq.cloudfront.net\/2022\/01\/08103526\/image-130-610x483.png 610w\" sizes=\"auto, (max-width: 707px) 100vw, 707px\" \/><\/figure><\/div>\n\n\n\n<p class=\"has-text-align-center\" style=\"font-size:clamp(14px, 0.875rem + ((1vw - 3.2px) * 0.392), 18px);\">Aten\u00e7\u00e3o, corujas! Se voc\u00ea ficou interessado no edital Franca e quer saber mais detalhes, acesse agora mesmo o artigo exclusivo e muito mais completo que preparamos para voc\u00ea:<\/p>\n\n\n\n<p class=\"has-text-align-center has-background\" style=\"background-color:#e7eaee;font-size:clamp(14.642px, 0.915rem + ((1vw - 3.2px) * 0.721), 22px);\"><strong>Saiba mais: <a href=\"https:\/\/www.estrategiaconcursos.com.br\/blog\/concurso-prefeitura-de-franca\/\" target=\"_blank\" rel=\"noreferrer noopener\">Concurso Prefeitura de Franca<\/a><\/strong><\/p>\n\n\n\n<h2 class=\"has-text-align-center wp-block-heading\" id=\"cursos\">Quer estudar para o edital de Franca?<\/h2>\n\n\n\n<div class=\"container\" id=\"boxes\">\n  <div class=\"row\">\n\n    <div class=\"col-sm\">\n      <div class=\"banner-estrategia\" id=\"box-assinatura\">\n        <h3 class=\"titulo-assinatura\">Concurso Prefeitura de Franca<\/h3>\n        <p class=\"subtitulo-assinatura\">Estude conosco<\/p>\n        <div class=\"box-botao\">\n          <a class=\"btn-assinatura\" target=\"_blank\" href=\"https:\/\/www.estrategiaconcursos.com.br\/cursosPorConcurso\/prefeitura-municipal-de-franca-sp\/\" role=\"button\" rel=\"noopener noreferrer\">Conhe\u00e7a os cursos<\/a>\n        <\/div>\n      <\/div>\n     \n    <\/div>\n\n  <\/div>\n<\/div>\n\n\n\n<div class=\"container\" id=\"boxes\">\n  <div class=\"row\">\n\n    <div class=\"col-sm\">\n      <div class=\"estrategia\" id=\"box-assinatura\">\n        <h3 class=\"titulo-assinatura\">Assinatura Concursos<\/h3>\n        <p class=\"subtitulo-assinatura\">Assinatura de 1 ano ou 2 anos<\/p>\n        <div class=\"box-botao\">\n          <a class=\"btn-assinatura\" target=\"_blank\" href=\"https:\/\/www.estrategiaconcursos.com.br\/assinaturas\/\" role=\"button\" rel=\"noopener noreferrer\">ASSINE AGORA<\/a>\n        <\/div>\n      <\/div><\/div><\/div><\/div>\n\n\n\n<h2 class=\"has-text-align-center wp-block-heading\" id=\"block-888fe0ff-c832-4997-ab20-412a1ced94b7\">Quer saber tudo sobre concursos previstos?<br \/>Confira nossos artigos!<\/h2>\n\n\n\n<ul class=\"wp-block-list\" id=\"block-49e0442d-631b-4e8c-9196-7c166c3c005d\"><li><a href=\"https:\/\/www.estrategiaconcursos.com.br\/blog\/concursos-abertos\/\" target=\"_blank\" rel=\"noreferrer noopener\">Concursos abertos<\/a><\/li><li><a href=\"https:\/\/www.estrategiaconcursos.com.br\/blog\/concursos-2022\/\" target=\"_blank\" rel=\"noreferrer noopener\">Concursos 2022<\/a><\/li><\/ul>\n\n\n\n<figure class=\"wp-block-image is-resized\"><img loading=\"lazy\" decoding=\"async\" src=\"https:\/\/dhg1h5j42swfq.cloudfront.net\/2021\/04\/06120844\/ficha-tecnica-87-1024x632.png\" alt=\"Informa\u00e7\u00f5es do concurso Prefeitura de franca\" width=\"279\" height=\"172\"\/><\/figure>\n\n\n\n<h3 class=\"wp-block-heading\" id=\"ficha-tecnica\">Informa\u00e7\u00f5es do Edital de Franca- SP<\/h3>\n\n\n\n<ul class=\"wp-block-list\"><li><strong>Data da prova:&nbsp;<\/strong>06\/03\/2022<\/li><li><strong>Vagas<\/strong>: CR<\/li><li><strong>Cargos<\/strong>: V\u00e1rios<\/li><li><strong>Banca<\/strong>: IBAM<\/li><li><strong>Escolaridade<\/strong>: N\u00edveis fundamental, m\u00e9dio, t\u00e9cnico e superior<\/li><li><strong>Edital:&nbsp;<\/strong><a href=\"https:\/\/dhg1h5j42swfq.cloudfront.net\/2022\/01\/08100741\/01-edital-de-abertura-2.pdf\" target=\"_blank\" rel=\"noreferrer noopener nofollow\">Edital Franca 2022<\/a><\/li><\/ul>\n","protected":false},"excerpt":{"rendered":"<p>O concurso da Prefeitura de Franca, em S\u00e3o Paulo, est\u00e1 com o per\u00edodo de inscri\u00e7\u00f5es encerradas! Os interessados puderam se inscrever at\u00e9 o dia 10 de fevereiro. Todo o processo precisou ser realizado por meio do site da banca organizadora, IBAM. Os contratados ter\u00e3o que trabalhar regime de 30 a 40 horas semanais, com sal\u00e1rios [&hellip;]<\/p>\n","protected":false},"author":656,"featured_media":943182,"comment_status":"open","ping_status":"closed","sticky":false,"template":"","format":"standard","meta":{"post_tipo":"news","footnotes":""},"categories":[214992,220219],"tags":[],"tax_estado":[219989],"class_list":["post-942436","post","type-post","status-publish","format-standard","has-post-thumbnail","hentry","category-concursos-administrativos","category-noticias","tax_estado-sp"],"acf":[],"yoast_head":"<!-- This site is optimized with the Yoast SEO Premium plugin v27.2 (Yoast SEO v27.2) - https:\/\/yoast.com\/product\/yoast-seo-premium-wordpress\/ -->\n<title>Edital Franca SP: inscri\u00e7\u00f5es est\u00e3o ENCERRADAS!<\/title>\n<meta name=\"description\" content=\"Edital Franca SP: s\u00e3o ofertadas diversas vagas em cadastro de reserva. Inscri\u00e7\u00f5es j\u00e1 foram ENCERRADAS. Acesse e saiba todos os detalhes!\" \/>\n<meta name=\"robots\" content=\"index, follow, max-snippet:-1, max-image-preview:large, max-video-preview:-1\" \/>\n<link rel=\"canonical\" href=\"https:\/\/www.estrategiaconcursos.com.br\/blog\/edital-franca-sp\/\" \/>\n<meta property=\"og:locale\" content=\"pt_BR\" \/>\n<meta property=\"og:type\" content=\"article\" \/>\n<meta property=\"og:title\" content=\"Edital Franca SP: inscri\u00e7\u00f5es est\u00e3o ENCERRADAS!\" \/>\n<meta property=\"og:description\" content=\"Edital Franca SP: s\u00e3o ofertadas diversas vagas em cadastro de reserva. Inscri\u00e7\u00f5es j\u00e1 foram ENCERRADAS. Acesse e saiba todos os detalhes!\" \/>\n<meta property=\"og:url\" content=\"https:\/\/www.estrategiaconcursos.com.br\/blog\/edital-franca-sp\/\" \/>\n<meta property=\"og:site_name\" content=\"Estrat\u00e9gia Concursos\" \/>\n<meta property=\"article:published_time\" content=\"2022-02-11T02:59:00+00:00\" \/>\n<meta property=\"article:modified_time\" content=\"2022-02-11T14:02:01+00:00\" \/>\n<meta property=\"og:image\" content=\"https:\/\/dhg1h5j42swfq.cloudfront.net\/2022\/01\/10112241\/prefeitura_de_franca_sp.jpg\" \/>\n\t<meta property=\"og:image:width\" content=\"768\" \/>\n\t<meta property=\"og:image:height\" content=\"432\" \/>\n\t<meta property=\"og:image:type\" content=\"image\/jpeg\" \/>\n<meta name=\"author\" content=\"F\u00e1bio Scaldelai\" \/>\n<meta name=\"twitter:card\" content=\"summary_large_image\" \/>\n<meta name=\"twitter:creator\" content=\"@EstratConcursos\" \/>\n<meta name=\"twitter:site\" content=\"@EstratConcursos\" \/>\n<meta name=\"twitter:label1\" content=\"Escrito por\" \/>\n\t<meta name=\"twitter:data1\" content=\"F\u00e1bio Scaldelai\" \/>\n\t<meta name=\"twitter:label2\" content=\"Est. tempo de leitura\" \/>\n\t<meta name=\"twitter:data2\" content=\"3 minutos\" \/>\n<script type=\"application\/ld+json\" class=\"yoast-schema-graph\">{\"@context\":\"https:\/\/schema.org\",\"@graph\":[{\"@type\":\"NewsArticle\",\"@id\":\"https:\/\/www.estrategiaconcursos.com.br\/blog\/edital-franca-sp\/#article\",\"isPartOf\":{\"@id\":\"https:\/\/www.estrategiaconcursos.com.br\/blog\/edital-franca-sp\/\"},\"author\":{\"name\":\"F\u00e1bio Scaldelai\",\"@id\":\"https:\/\/www.estrategiaconcursos.com.br\/blog\/#\/schema\/person\/e3b6b7ce0192dd4ad270655969d61750\"},\"headline\":\"Edital Franca SP: inscri\u00e7\u00f5es est\u00e3o ENCERRADAS!\",\"datePublished\":\"2022-02-11T02:59:00+00:00\",\"dateModified\":\"2022-02-11T14:02:01+00:00\",\"mainEntityOfPage\":{\"@id\":\"https:\/\/www.estrategiaconcursos.com.br\/blog\/edital-franca-sp\/\"},\"wordCount\":365,\"commentCount\":0,\"publisher\":{\"@id\":\"https:\/\/www.estrategiaconcursos.com.br\/blog\/#organization\"},\"image\":{\"@id\":\"https:\/\/www.estrategiaconcursos.com.br\/blog\/edital-franca-sp\/#primaryimage\"},\"thumbnailUrl\":\"https:\/\/dhg1h5j42swfq.cloudfront.net\/2022\/01\/10112241\/prefeitura_de_franca_sp.jpg\",\"articleSection\":[\"Executivo (Administrativa)\",\"\u00daltimas not\u00edcias\"],\"inLanguage\":\"pt-BR\",\"potentialAction\":[{\"@type\":\"CommentAction\",\"name\":\"Comment\",\"target\":[\"https:\/\/www.estrategiaconcursos.com.br\/blog\/edital-franca-sp\/#respond\"]}],\"copyrightYear\":\"2022\",\"copyrightHolder\":{\"@id\":\"https:\/\/www.estrategiaconcursos.com.br\/blog\/#organization\"}},{\"@type\":\"WebPage\",\"@id\":\"https:\/\/www.estrategiaconcursos.com.br\/blog\/edital-franca-sp\/\",\"url\":\"https:\/\/www.estrategiaconcursos.com.br\/blog\/edital-franca-sp\/\",\"name\":\"Edital Franca SP: inscri\u00e7\u00f5es est\u00e3o ENCERRADAS!\",\"isPartOf\":{\"@id\":\"https:\/\/www.estrategiaconcursos.com.br\/blog\/#website\"},\"primaryImageOfPage\":{\"@id\":\"https:\/\/www.estrategiaconcursos.com.br\/blog\/edital-franca-sp\/#primaryimage\"},\"image\":{\"@id\":\"https:\/\/www.estrategiaconcursos.com.br\/blog\/edital-franca-sp\/#primaryimage\"},\"thumbnailUrl\":\"https:\/\/dhg1h5j42swfq.cloudfront.net\/2022\/01\/10112241\/prefeitura_de_franca_sp.jpg\",\"datePublished\":\"2022-02-11T02:59:00+00:00\",\"dateModified\":\"2022-02-11T14:02:01+00:00\",\"description\":\"Edital Franca SP: s\u00e3o ofertadas diversas vagas em cadastro de reserva. Inscri\u00e7\u00f5es j\u00e1 foram ENCERRADAS. Acesse e saiba todos os detalhes!\",\"breadcrumb\":{\"@id\":\"https:\/\/www.estrategiaconcursos.com.br\/blog\/edital-franca-sp\/#breadcrumb\"},\"inLanguage\":\"pt-BR\",\"potentialAction\":[{\"@type\":\"ReadAction\",\"target\":[\"https:\/\/www.estrategiaconcursos.com.br\/blog\/edital-franca-sp\/\"]}]},{\"@type\":\"ImageObject\",\"inLanguage\":\"pt-BR\",\"@id\":\"https:\/\/www.estrategiaconcursos.com.br\/blog\/edital-franca-sp\/#primaryimage\",\"url\":\"https:\/\/dhg1h5j42swfq.cloudfront.net\/2022\/01\/10112241\/prefeitura_de_franca_sp.jpg\",\"contentUrl\":\"https:\/\/dhg1h5j42swfq.cloudfront.net\/2022\/01\/10112241\/prefeitura_de_franca_sp.jpg\",\"width\":768,\"height\":432,\"caption\":\"concurso Prefeitura de Franca edital publicado\"},{\"@type\":\"BreadcrumbList\",\"@id\":\"https:\/\/www.estrategiaconcursos.com.br\/blog\/edital-franca-sp\/#breadcrumb\",\"itemListElement\":[{\"@type\":\"ListItem\",\"position\":1,\"name\":\"In\u00edcio\",\"item\":\"https:\/\/www.estrategiaconcursos.com.br\/blog\/\"},{\"@type\":\"ListItem\",\"position\":2,\"name\":\"Edital Franca SP: inscri\u00e7\u00f5es est\u00e3o ENCERRADAS!\"}]},{\"@type\":\"WebSite\",\"@id\":\"https:\/\/www.estrategiaconcursos.com.br\/blog\/#website\",\"url\":\"https:\/\/www.estrategiaconcursos.com.br\/blog\/\",\"name\":\"Estrat\u00e9gia Concursos\",\"description\":\"O blog da Estrat\u00e9gia Concursos traz not\u00edcias sobre concursos e artigos de professores oferecendo cursos para concursos (pdf + videaulas) no site.\",\"publisher\":{\"@id\":\"https:\/\/www.estrategiaconcursos.com.br\/blog\/#organization\"},\"potentialAction\":[{\"@type\":\"SearchAction\",\"target\":{\"@type\":\"EntryPoint\",\"urlTemplate\":\"https:\/\/www.estrategiaconcursos.com.br\/blog\/?s={search_term_string}\"},\"query-input\":{\"@type\":\"PropertyValueSpecification\",\"valueRequired\":true,\"valueName\":\"search_term_string\"}}],\"inLanguage\":\"pt-BR\"},{\"@type\":\"Organization\",\"@id\":\"https:\/\/www.estrategiaconcursos.com.br\/blog\/#organization\",\"name\":\"Estrat\u00e9gia Concursos\",\"url\":\"https:\/\/www.estrategiaconcursos.com.br\/blog\/\",\"logo\":{\"@type\":\"ImageObject\",\"inLanguage\":\"pt-BR\",\"@id\":\"https:\/\/www.estrategiaconcursos.com.br\/blog\/#\/schema\/logo\/image\/\",\"url\":\"https:\/\/dhg1h5j42swfq.cloudfront.net\/2025\/06\/03203428\/logo_concursos-1.jpg\",\"contentUrl\":\"https:\/\/dhg1h5j42swfq.cloudfront.net\/2025\/06\/03203428\/logo_concursos-1.jpg\",\"width\":230,\"height\":60,\"caption\":\"Estrat\u00e9gia Concursos\"},\"image\":{\"@id\":\"https:\/\/www.estrategiaconcursos.com.br\/blog\/#\/schema\/logo\/image\/\"},\"sameAs\":[\"https:\/\/x.com\/EstratConcursos\"]},{\"@type\":\"Person\",\"@id\":\"https:\/\/www.estrategiaconcursos.com.br\/blog\/#\/schema\/person\/e3b6b7ce0192dd4ad270655969d61750\",\"name\":\"F\u00e1bio Scaldelai\",\"image\":{\"@type\":\"ImageObject\",\"inLanguage\":\"pt-BR\",\"@id\":\"https:\/\/secure.gravatar.com\/avatar\/8ed7492c4d88d8495bc0cb24cda6847b8ae23eec459a919e08e77d0ca0fd79ec?s=96&d=mm&r=g\",\"url\":\"https:\/\/secure.gravatar.com\/avatar\/8ed7492c4d88d8495bc0cb24cda6847b8ae23eec459a919e08e77d0ca0fd79ec?s=96&d=mm&r=g\",\"contentUrl\":\"https:\/\/secure.gravatar.com\/avatar\/8ed7492c4d88d8495bc0cb24cda6847b8ae23eec459a919e08e77d0ca0fd79ec?s=96&d=mm&r=g\",\"caption\":\"F\u00e1bio Scaldelai\"},\"description\":\"Jornalista no Estrat\u00e9gia Concursos e Produtor de Televis\u00e3o, formado em Jornalismo, R\u00e1dio e TV pela Faculdade Integrada Rio Branco, com especializa\u00e7\u00f5es em Gest\u00e3o Empresarial e Marketing pelo M\u00f3dulo. Atuou como produtor no SBT, TV Bandeirantes e R\u00e1dio Band FM, al\u00e9m de acumular tr\u00eas anos de experi\u00eancia no setor de concursos p\u00fablicos pela LFG (Luiz Fl\u00e1vio Gomes). No Estrat\u00e9gia Concursos, atua na apura\u00e7\u00e3o de not\u00edcias da \u00e1rea fiscal, al\u00e9m de coberturas sobre concursos das \u00e1reas de controle (TCU, TCE, etc), concurso AFT, \u00e1rea de gest\u00e3o e administrativa, bem como dos \u00f3rg\u00e3os participantes do CNU. Tamb\u00e9m possui experi\u00eancia em link building e an\u00e1lise de m\u00eddia, adquirida durante sua atua\u00e7\u00e3o na ag\u00eancia SEO Marketing.\",\"url\":\"https:\/\/www.estrategiaconcursos.com.br\/blog\/author\/fabio-scaldelaiestrategiaconcursos-com-br\/\"}]}<\/script>\n<!-- \/ Yoast SEO Premium plugin. -->","yoast_head_json":{"title":"Edital Franca SP: inscri\u00e7\u00f5es est\u00e3o ENCERRADAS!","description":"Edital Franca SP: s\u00e3o ofertadas diversas vagas em cadastro de reserva. Inscri\u00e7\u00f5es j\u00e1 foram ENCERRADAS. Acesse e saiba todos os detalhes!","robots":{"index":"index","follow":"follow","max-snippet":"max-snippet:-1","max-image-preview":"max-image-preview:large","max-video-preview":"max-video-preview:-1"},"canonical":"https:\/\/www.estrategiaconcursos.com.br\/blog\/edital-franca-sp\/","og_locale":"pt_BR","og_type":"article","og_title":"Edital Franca SP: inscri\u00e7\u00f5es est\u00e3o ENCERRADAS!","og_description":"Edital Franca SP: s\u00e3o ofertadas diversas vagas em cadastro de reserva. Inscri\u00e7\u00f5es j\u00e1 foram ENCERRADAS. Acesse e saiba todos os detalhes!","og_url":"https:\/\/www.estrategiaconcursos.com.br\/blog\/edital-franca-sp\/","og_site_name":"Estrat\u00e9gia Concursos","article_published_time":"2022-02-11T02:59:00+00:00","article_modified_time":"2022-02-11T14:02:01+00:00","og_image":[{"width":768,"height":432,"url":"https:\/\/dhg1h5j42swfq.cloudfront.net\/2022\/01\/10112241\/prefeitura_de_franca_sp.jpg","type":"image\/jpeg"}],"author":"F\u00e1bio Scaldelai","twitter_card":"summary_large_image","twitter_creator":"@EstratConcursos","twitter_site":"@EstratConcursos","twitter_misc":{"Escrito por":"F\u00e1bio Scaldelai","Est. tempo de leitura":"3 minutos"},"schema":{"@context":"https:\/\/schema.org","@graph":[{"@type":"NewsArticle","@id":"https:\/\/www.estrategiaconcursos.com.br\/blog\/edital-franca-sp\/#article","isPartOf":{"@id":"https:\/\/www.estrategiaconcursos.com.br\/blog\/edital-franca-sp\/"},"author":{"name":"F\u00e1bio Scaldelai","@id":"https:\/\/www.estrategiaconcursos.com.br\/blog\/#\/schema\/person\/e3b6b7ce0192dd4ad270655969d61750"},"headline":"Edital Franca SP: inscri\u00e7\u00f5es est\u00e3o ENCERRADAS!","datePublished":"2022-02-11T02:59:00+00:00","dateModified":"2022-02-11T14:02:01+00:00","mainEntityOfPage":{"@id":"https:\/\/www.estrategiaconcursos.com.br\/blog\/edital-franca-sp\/"},"wordCount":365,"commentCount":0,"publisher":{"@id":"https:\/\/www.estrategiaconcursos.com.br\/blog\/#organization"},"image":{"@id":"https:\/\/www.estrategiaconcursos.com.br\/blog\/edital-franca-sp\/#primaryimage"},"thumbnailUrl":"https:\/\/dhg1h5j42swfq.cloudfront.net\/2022\/01\/10112241\/prefeitura_de_franca_sp.jpg","articleSection":["Executivo (Administrativa)","\u00daltimas not\u00edcias"],"inLanguage":"pt-BR","potentialAction":[{"@type":"CommentAction","name":"Comment","target":["https:\/\/www.estrategiaconcursos.com.br\/blog\/edital-franca-sp\/#respond"]}],"copyrightYear":"2022","copyrightHolder":{"@id":"https:\/\/www.estrategiaconcursos.com.br\/blog\/#organization"}},{"@type":"WebPage","@id":"https:\/\/www.estrategiaconcursos.com.br\/blog\/edital-franca-sp\/","url":"https:\/\/www.estrategiaconcursos.com.br\/blog\/edital-franca-sp\/","name":"Edital Franca SP: inscri\u00e7\u00f5es est\u00e3o ENCERRADAS!","isPartOf":{"@id":"https:\/\/www.estrategiaconcursos.com.br\/blog\/#website"},"primaryImageOfPage":{"@id":"https:\/\/www.estrategiaconcursos.com.br\/blog\/edital-franca-sp\/#primaryimage"},"image":{"@id":"https:\/\/www.estrategiaconcursos.com.br\/blog\/edital-franca-sp\/#primaryimage"},"thumbnailUrl":"https:\/\/dhg1h5j42swfq.cloudfront.net\/2022\/01\/10112241\/prefeitura_de_franca_sp.jpg","datePublished":"2022-02-11T02:59:00+00:00","dateModified":"2022-02-11T14:02:01+00:00","description":"Edital Franca SP: s\u00e3o ofertadas diversas vagas em cadastro de reserva. Inscri\u00e7\u00f5es j\u00e1 foram ENCERRADAS. Acesse e saiba todos os detalhes!","breadcrumb":{"@id":"https:\/\/www.estrategiaconcursos.com.br\/blog\/edital-franca-sp\/#breadcrumb"},"inLanguage":"pt-BR","potentialAction":[{"@type":"ReadAction","target":["https:\/\/www.estrategiaconcursos.com.br\/blog\/edital-franca-sp\/"]}]},{"@type":"ImageObject","inLanguage":"pt-BR","@id":"https:\/\/www.estrategiaconcursos.com.br\/blog\/edital-franca-sp\/#primaryimage","url":"https:\/\/dhg1h5j42swfq.cloudfront.net\/2022\/01\/10112241\/prefeitura_de_franca_sp.jpg","contentUrl":"https:\/\/dhg1h5j42swfq.cloudfront.net\/2022\/01\/10112241\/prefeitura_de_franca_sp.jpg","width":768,"height":432,"caption":"concurso Prefeitura de Franca edital publicado"},{"@type":"BreadcrumbList","@id":"https:\/\/www.estrategiaconcursos.com.br\/blog\/edital-franca-sp\/#breadcrumb","itemListElement":[{"@type":"ListItem","position":1,"name":"In\u00edcio","item":"https:\/\/www.estrategiaconcursos.com.br\/blog\/"},{"@type":"ListItem","position":2,"name":"Edital Franca SP: inscri\u00e7\u00f5es est\u00e3o ENCERRADAS!"}]},{"@type":"WebSite","@id":"https:\/\/www.estrategiaconcursos.com.br\/blog\/#website","url":"https:\/\/www.estrategiaconcursos.com.br\/blog\/","name":"Estrat\u00e9gia Concursos","description":"O blog da Estrat\u00e9gia Concursos traz not\u00edcias sobre concursos e artigos de professores oferecendo cursos para concursos (pdf + videaulas) no site.","publisher":{"@id":"https:\/\/www.estrategiaconcursos.com.br\/blog\/#organization"},"potentialAction":[{"@type":"SearchAction","target":{"@type":"EntryPoint","urlTemplate":"https:\/\/www.estrategiaconcursos.com.br\/blog\/?s={search_term_string}"},"query-input":{"@type":"PropertyValueSpecification","valueRequired":true,"valueName":"search_term_string"}}],"inLanguage":"pt-BR"},{"@type":"Organization","@id":"https:\/\/www.estrategiaconcursos.com.br\/blog\/#organization","name":"Estrat\u00e9gia Concursos","url":"https:\/\/www.estrategiaconcursos.com.br\/blog\/","logo":{"@type":"ImageObject","inLanguage":"pt-BR","@id":"https:\/\/www.estrategiaconcursos.com.br\/blog\/#\/schema\/logo\/image\/","url":"https:\/\/dhg1h5j42swfq.cloudfront.net\/2025\/06\/03203428\/logo_concursos-1.jpg","contentUrl":"https:\/\/dhg1h5j42swfq.cloudfront.net\/2025\/06\/03203428\/logo_concursos-1.jpg","width":230,"height":60,"caption":"Estrat\u00e9gia Concursos"},"image":{"@id":"https:\/\/www.estrategiaconcursos.com.br\/blog\/#\/schema\/logo\/image\/"},"sameAs":["https:\/\/x.com\/EstratConcursos"]},{"@type":"Person","@id":"https:\/\/www.estrategiaconcursos.com.br\/blog\/#\/schema\/person\/e3b6b7ce0192dd4ad270655969d61750","name":"F\u00e1bio Scaldelai","image":{"@type":"ImageObject","inLanguage":"pt-BR","@id":"https:\/\/secure.gravatar.com\/avatar\/8ed7492c4d88d8495bc0cb24cda6847b8ae23eec459a919e08e77d0ca0fd79ec?s=96&d=mm&r=g","url":"https:\/\/secure.gravatar.com\/avatar\/8ed7492c4d88d8495bc0cb24cda6847b8ae23eec459a919e08e77d0ca0fd79ec?s=96&d=mm&r=g","contentUrl":"https:\/\/secure.gravatar.com\/avatar\/8ed7492c4d88d8495bc0cb24cda6847b8ae23eec459a919e08e77d0ca0fd79ec?s=96&d=mm&r=g","caption":"F\u00e1bio Scaldelai"},"description":"Jornalista no Estrat\u00e9gia Concursos e Produtor de Televis\u00e3o, formado em Jornalismo, R\u00e1dio e TV pela Faculdade Integrada Rio Branco, com especializa\u00e7\u00f5es em Gest\u00e3o Empresarial e Marketing pelo M\u00f3dulo. Atuou como produtor no SBT, TV Bandeirantes e R\u00e1dio Band FM, al\u00e9m de acumular tr\u00eas anos de experi\u00eancia no setor de concursos p\u00fablicos pela LFG (Luiz Fl\u00e1vio Gomes). No Estrat\u00e9gia Concursos, atua na apura\u00e7\u00e3o de not\u00edcias da \u00e1rea fiscal, al\u00e9m de coberturas sobre concursos das \u00e1reas de controle (TCU, TCE, etc), concurso AFT, \u00e1rea de gest\u00e3o e administrativa, bem como dos \u00f3rg\u00e3os participantes do CNU. Tamb\u00e9m possui experi\u00eancia em link building e an\u00e1lise de m\u00eddia, adquirida durante sua atua\u00e7\u00e3o na ag\u00eancia SEO Marketing.","url":"https:\/\/www.estrategiaconcursos.com.br\/blog\/author\/fabio-scaldelaiestrategiaconcursos-com-br\/"}]}},"_links":{"self":[{"href":"https:\/\/www.estrategiaconcursos.com.br\/blog\/wp-json\/wp\/v2\/posts\/942436","targetHints":{"allow":["GET"]}}],"collection":[{"href":"https:\/\/www.estrategiaconcursos.com.br\/blog\/wp-json\/wp\/v2\/posts"}],"about":[{"href":"https:\/\/www.estrategiaconcursos.com.br\/blog\/wp-json\/wp\/v2\/types\/post"}],"author":[{"embeddable":true,"href":"https:\/\/www.estrategiaconcursos.com.br\/blog\/wp-json\/wp\/v2\/users\/656"}],"replies":[{"embeddable":true,"href":"https:\/\/www.estrategiaconcursos.com.br\/blog\/wp-json\/wp\/v2\/comments?post=942436"}],"version-history":[{"count":17,"href":"https:\/\/www.estrategiaconcursos.com.br\/blog\/wp-json\/wp\/v2\/posts\/942436\/revisions"}],"predecessor-version":[{"id":966887,"href":"https:\/\/www.estrategiaconcursos.com.br\/blog\/wp-json\/wp\/v2\/posts\/942436\/revisions\/966887"}],"wp:featuredmedia":[{"embeddable":true,"href":"https:\/\/www.estrategiaconcursos.com.br\/blog\/wp-json\/wp\/v2\/media\/943182"}],"wp:attachment":[{"href":"https:\/\/www.estrategiaconcursos.com.br\/blog\/wp-json\/wp\/v2\/media?parent=942436"}],"wp:term":[{"taxonomy":"category","embeddable":true,"href":"https:\/\/www.estrategiaconcursos.com.br\/blog\/wp-json\/wp\/v2\/categories?post=942436"},{"taxonomy":"post_tag","embeddable":true,"href":"https:\/\/www.estrategiaconcursos.com.br\/blog\/wp-json\/wp\/v2\/tags?post=942436"},{"taxonomy":"tax_estado","embeddable":true,"href":"https:\/\/www.estrategiaconcursos.com.br\/blog\/wp-json\/wp\/v2\/tax_estado?post=942436"}],"curies":[{"name":"wp","href":"https:\/\/api.w.org\/{rel}","templated":true}]}}