{"id":942394,"date":"2022-01-08T10:07:29","date_gmt":"2022-01-08T13:07:29","guid":{"rendered":"https:\/\/www.estrategiaconcursos.com.br\/blog\/?p=942394"},"modified":"2022-01-08T11:57:12","modified_gmt":"2022-01-08T14:57:12","slug":"concurso-pm-ce-mais-candidatos-cotistas-serao-convocados","status":"publish","type":"post","link":"https:\/\/www.estrategiaconcursos.com.br\/blog\/concurso-pm-ce-mais-candidatos-cotistas-serao-convocados\/","title":{"rendered":"Concurso PM CE: mais candidatos cotistas ser\u00e3o convocados"},"content":{"rendered":"\n<p>Em reuni\u00e3o realizada na tarde desta sexta-feira, 07 de janeiro, foi decidido que mais candidatos cotistas ser\u00e3o convocados no <strong>concurso para Soldado da Pol\u00edcia Militar do Cear\u00e1 (PM CE)<\/strong>.<\/p>\n\n\n\n<div class=\"wp-block-image\"><figure class=\"aligncenter size-full is-resized\"><img loading=\"lazy\" decoding=\"async\" src=\"https:\/\/dhg1h5j42swfq.cloudfront.net\/2022\/01\/08094826\/image-129.png\" alt=\"Concurso PM CE: mais candidatos cotistas ser\u00e3o convocados\" class=\"wp-image-942398\" width=\"803\" height=\"516\" srcset=\"https:\/\/dhg1h5j42swfq.cloudfront.net\/2022\/01\/08094826\/image-129.png 937w, https:\/\/dhg1h5j42swfq.cloudfront.net\/2022\/01\/08094826\/image-129-300x193.png 300w, https:\/\/dhg1h5j42swfq.cloudfront.net\/2022\/01\/08094826\/image-129-768x493.png 768w, https:\/\/dhg1h5j42swfq.cloudfront.net\/2022\/01\/08094826\/image-129-610x392.png 610w\" sizes=\"auto, (max-width: 803px) 100vw, 803px\" \/><figcaption>Concurso PM CE: mais candidatos cotistas ser\u00e3o convocados | Imagem: reprodu\u00e7\u00e3o<\/figcaption><\/figure><\/div>\n\n\n\n<p>Em cumprimento \u00e0 Lei de Reserva de vagas para negros, \u00f3rg\u00e3os do estado do Cear\u00e1 acordaram com a banca organizadora, <a href=\"https:\/\/conhecimento.fgv.br\/concursos\/pmce21\" target=\"_blank\" rel=\"noreferrer noopener\">FGV<\/a>, quanto \u00e0 convoca\u00e7\u00e3o de mais candidatos autodeclarados negros para fase de heteroidentifica\u00e7\u00e3o e demais etapas do certame.<\/p>\n\n\n\n<p>A convoca\u00e7\u00e3o complementar dos candidatos para <a href=\"https:\/\/dhg1h5j42swfq.cloudfront.net\/2022\/01\/08100353\/convocacao_complementar_heteroidentificacao_pmce_-_07-01-2022_1.pdf\" target=\"_blank\" rel=\"noreferrer noopener nofollow\">entrevista de heteroidentifica\u00e7\u00e3o<\/a> e <a href=\"https:\/\/dhg1h5j42swfq.cloudfront.net\/2022\/01\/08100433\/pmce_edital_complementar_investigacao_social.pdf\" target=\"_blank\" rel=\"noreferrer noopener nofollow\">investiga\u00e7\u00e3o social<\/a> j\u00e1 est\u00e1 dispon\u00edvel no site da FGV.<\/p>\n\n\n\n<p>A entrevista de heteroidentifica\u00e7\u00e3o ainda ser\u00e1 marcada em data oportuna. J\u00e1 a entrega de documentos para investiga\u00e7\u00e3o social se inicia a partir do dia 12 de janeiro, conforme o <a href=\"https:\/\/dhg1h5j42swfq.cloudfront.net\/2022\/01\/08100433\/pmce_edital_complementar_investigacao_social.pdf\" target=\"_blank\" rel=\"noreferrer noopener nofollow\">edital<\/a>.<\/p>\n\n\n\n<p>Vale lembrar que <a href=\"https:\/\/www.estrategiaconcursos.com.br\/blog\/concurso-pm-ce-retificacao-proximas-fases\/\" target=\"_blank\" rel=\"noreferrer noopener\">recentemente<\/a> foi publicada uma retifica\u00e7\u00e3o na convoca\u00e7\u00e3o para as pr\u00f3ximas etapas, estendendo o prazo de convoca\u00e7\u00e3o para os exames m\u00e9dicos e ratificando as datas do Teste de Aptid\u00e3o F\u00edsica (TAF).<\/p>\n\n\n\n<p>S\u00e3o ofertadas 3.000 vagas para o cargo de Soldado PM CE, com remunera\u00e7\u00e3o de R$ 4.192, 72, ap\u00f3s o curso de forma\u00e7\u00e3o. O cargo requer n\u00edvel m\u00e9dio de forma\u00e7\u00e3o e CNH de categoria \u201cB\u201d.<\/p>\n\n\n\n<p class=\"has-text-align-center\">Preparamos um artigo completo com mais informa\u00e7\u00f5es sobre o concurso PM CE.<\/p>\n\n\n\n<h3 class=\"has-text-align-center has-cyan-bluish-gray-background-color has-background wp-block-heading\"><a href=\"https:\/\/www.estrategiaconcursos.com.br\/blog\/concurso-pm-ce\/\" target=\"_blank\" rel=\"noreferrer noopener\">Concurso PM CE<\/a><\/h3>\n\n\n\n<h2 class=\"has-text-align-center wp-block-heading\" id=\"h-quer-saber-tudo-sobre-concursos-previstos-confira-nossos-artigos\">Quer saber tudo sobre concursos previstos?<br \/>Confira nossos artigos!<\/h2>\n\n\n\n<ul class=\"wp-block-list\"><li><a href=\"https:\/\/www.estrategiaconcursos.com.br\/blog\/concursos-abertos\/\" target=\"_blank\" rel=\"noreferrer noopener\">Concursos abertos<\/a><\/li><li><a href=\"https:\/\/www.estrategiaconcursos.com.br\/blog\/concursos-2022\/\" target=\"_blank\" rel=\"noreferrer noopener\">Concursos 2022<\/a><\/li><\/ul>\n\n\n\n<h3 class=\"has-text-align-center wp-block-heading\" id=\"h-quer-estudar-para-pm-ce\">Quer estudar para PM CE?<\/h3>\n\n\n\n<div class=\"container\" id=\"boxes\">\n  <div class=\"row\"> \n\n    <div class=\"col-sm\">\n      <div class=\"banner-policial\" id=\"box-assinatura\">\n        <h3 class=\"titulo-assinatura\">Concurso PM CE<\/h3>\n        <p class=\"subtitulo-assinatura\">Conhe\u00e7a os cursos<\/p>\n        <div class=\"box-botao\">\n          <a class=\"btn-assinatura\" target=\"_blank\" href=\"https:\/\/www.estrategiaconcursos.com.br\/cursosPorConcurso\/policia-militar-ce\/\" role=\"button\" rel=\"noopener noreferrer\">Conhe\u00e7a mais<\/a>\n        <\/div>\n      <\/div>\n     \n\n  <\/div>\n<\/div><\/div>\n\n\n\n<div class=\"container\" id=\"boxes\">\n  <div class=\"row\">\n\n    <div class=\"col-sm\">\n      <div class=\"estrategia\" id=\"box-assinatura\">\n        <h3 class=\"titulo-assinatura\">Assinatura de Concursos<\/h3>\n        <p class=\"subtitulo-assinatura\">Assinatura de 1 ano ou 2 anos<\/p>\n        <div class=\"box-botao\">\n          <a class=\"btn-assinatura\" target=\"_blank\" href=\"https:\/\/www.estrategiaconcursos.com.br\/assinaturas\/\" role=\"button\" rel=\"noopener noreferrer\">ASSINE AGORA<\/a>\n        <\/div>\n      <\/div>\n     \n    <\/div><\/div><\/div>\n","protected":false},"excerpt":{"rendered":"<p>Em reuni\u00e3o realizada na tarde desta sexta-feira, 07 de janeiro, foi decidido que mais candidatos cotistas ser\u00e3o convocados no concurso para Soldado da Pol\u00edcia Militar do Cear\u00e1 (PM CE). Em cumprimento \u00e0 Lei de Reserva de vagas para negros, \u00f3rg\u00e3os do estado do Cear\u00e1 acordaram com a banca organizadora, FGV, quanto \u00e0 convoca\u00e7\u00e3o de mais [&hellip;]<\/p>\n","protected":false},"author":2041,"featured_media":741188,"comment_status":"open","ping_status":"closed","sticky":false,"template":"","format":"standard","meta":{"post_tipo":"news","footnotes":""},"categories":[220187,220219],"tags":[],"tax_estado":[219969],"class_list":["post-942394","post","type-post","status-publish","format-standard","has-post-thumbnail","hentry","category-policial-pracas","category-noticias","tax_estado-ce"],"acf":[],"yoast_head":"<!-- This site is optimized with the Yoast SEO Premium plugin v27.2 (Yoast SEO v27.2) - https:\/\/yoast.com\/product\/yoast-seo-premium-wordpress\/ -->\n<title>Concurso PM CE: mais candidatos cotistas ser\u00e3o convocados<\/title>\n<meta name=\"description\" content=\"Em reuni\u00e3o realizada na tarde desta sexta-feira, foi decidido que mais candidatos cotistas ser\u00e3o convocados no concurso para Soldado PM CE.\" \/>\n<meta name=\"robots\" content=\"index, follow, max-snippet:-1, max-image-preview:large, max-video-preview:-1\" \/>\n<link rel=\"canonical\" href=\"https:\/\/www.estrategiaconcursos.com.br\/blog\/concurso-pm-ce-mais-candidatos-cotistas-serao-convocados\/\" \/>\n<meta property=\"og:locale\" content=\"pt_BR\" \/>\n<meta property=\"og:type\" content=\"article\" \/>\n<meta property=\"og:title\" content=\"Concurso PM CE: mais candidatos cotistas ser\u00e3o convocados\" \/>\n<meta property=\"og:description\" content=\"Em reuni\u00e3o realizada na tarde desta sexta-feira, foi decidido que mais candidatos cotistas ser\u00e3o convocados no concurso para Soldado PM CE.\" \/>\n<meta property=\"og:url\" content=\"https:\/\/www.estrategiaconcursos.com.br\/blog\/concurso-pm-ce-mais-candidatos-cotistas-serao-convocados\/\" \/>\n<meta property=\"og:site_name\" content=\"Estrat\u00e9gia Concursos\" \/>\n<meta property=\"article:published_time\" content=\"2022-01-08T13:07:29+00:00\" \/>\n<meta property=\"article:modified_time\" content=\"2022-01-08T14:57:12+00:00\" \/>\n<meta property=\"og:image\" content=\"https:\/\/dhg1h5j42swfq.cloudfront.net\/2021\/05\/14151016\/pm-ce.jpg\" \/>\n\t<meta property=\"og:image:width\" content=\"768\" \/>\n\t<meta property=\"og:image:height\" content=\"432\" \/>\n\t<meta property=\"og:image:type\" content=\"image\/jpeg\" \/>\n<meta name=\"author\" content=\"Thiago Cavalcante Gomes\" \/>\n<meta name=\"twitter:card\" content=\"summary_large_image\" \/>\n<meta name=\"twitter:creator\" content=\"@EstratConcursos\" \/>\n<meta name=\"twitter:site\" content=\"@EstratConcursos\" \/>\n<meta name=\"twitter:label1\" content=\"Escrito por\" \/>\n\t<meta name=\"twitter:data1\" content=\"Thiago Cavalcante Gomes\" \/>\n\t<meta name=\"twitter:label2\" content=\"Est. tempo de leitura\" \/>\n\t<meta name=\"twitter:data2\" content=\"2 minutos\" \/>\n<script type=\"application\/ld+json\" class=\"yoast-schema-graph\">{\"@context\":\"https:\/\/schema.org\",\"@graph\":[{\"@type\":\"NewsArticle\",\"@id\":\"https:\/\/www.estrategiaconcursos.com.br\/blog\/concurso-pm-ce-mais-candidatos-cotistas-serao-convocados\/#article\",\"isPartOf\":{\"@id\":\"https:\/\/www.estrategiaconcursos.com.br\/blog\/concurso-pm-ce-mais-candidatos-cotistas-serao-convocados\/\"},\"author\":{\"name\":\"Thiago Cavalcante Gomes\",\"@id\":\"https:\/\/www.estrategiaconcursos.com.br\/blog\/#\/schema\/person\/4970184533d0a3ffa5b0299ae0a2b21f\"},\"headline\":\"Concurso PM CE: mais candidatos cotistas ser\u00e3o convocados\",\"datePublished\":\"2022-01-08T13:07:29+00:00\",\"dateModified\":\"2022-01-08T14:57:12+00:00\",\"mainEntityOfPage\":{\"@id\":\"https:\/\/www.estrategiaconcursos.com.br\/blog\/concurso-pm-ce-mais-candidatos-cotistas-serao-convocados\/\"},\"wordCount\":276,\"commentCount\":0,\"publisher\":{\"@id\":\"https:\/\/www.estrategiaconcursos.com.br\/blog\/#organization\"},\"image\":{\"@id\":\"https:\/\/www.estrategiaconcursos.com.br\/blog\/concurso-pm-ce-mais-candidatos-cotistas-serao-convocados\/#primaryimage\"},\"thumbnailUrl\":\"https:\/\/dhg1h5j42swfq.cloudfront.net\/2021\/05\/14151016\/pm-ce.jpg\",\"articleSection\":[\"Policial (PM\/BM - Pra\u00e7as)\",\"\u00daltimas not\u00edcias\"],\"inLanguage\":\"pt-BR\",\"potentialAction\":[{\"@type\":\"CommentAction\",\"name\":\"Comment\",\"target\":[\"https:\/\/www.estrategiaconcursos.com.br\/blog\/concurso-pm-ce-mais-candidatos-cotistas-serao-convocados\/#respond\"]}],\"copyrightYear\":\"2022\",\"copyrightHolder\":{\"@id\":\"https:\/\/www.estrategiaconcursos.com.br\/blog\/#organization\"}},{\"@type\":\"WebPage\",\"@id\":\"https:\/\/www.estrategiaconcursos.com.br\/blog\/concurso-pm-ce-mais-candidatos-cotistas-serao-convocados\/\",\"url\":\"https:\/\/www.estrategiaconcursos.com.br\/blog\/concurso-pm-ce-mais-candidatos-cotistas-serao-convocados\/\",\"name\":\"Concurso PM CE: mais candidatos cotistas ser\u00e3o convocados\",\"isPartOf\":{\"@id\":\"https:\/\/www.estrategiaconcursos.com.br\/blog\/#website\"},\"primaryImageOfPage\":{\"@id\":\"https:\/\/www.estrategiaconcursos.com.br\/blog\/concurso-pm-ce-mais-candidatos-cotistas-serao-convocados\/#primaryimage\"},\"image\":{\"@id\":\"https:\/\/www.estrategiaconcursos.com.br\/blog\/concurso-pm-ce-mais-candidatos-cotistas-serao-convocados\/#primaryimage\"},\"thumbnailUrl\":\"https:\/\/dhg1h5j42swfq.cloudfront.net\/2021\/05\/14151016\/pm-ce.jpg\",\"datePublished\":\"2022-01-08T13:07:29+00:00\",\"dateModified\":\"2022-01-08T14:57:12+00:00\",\"description\":\"Em reuni\u00e3o realizada na tarde desta sexta-feira, foi decidido que mais candidatos cotistas ser\u00e3o convocados no concurso para Soldado PM CE.\",\"breadcrumb\":{\"@id\":\"https:\/\/www.estrategiaconcursos.com.br\/blog\/concurso-pm-ce-mais-candidatos-cotistas-serao-convocados\/#breadcrumb\"},\"inLanguage\":\"pt-BR\",\"potentialAction\":[{\"@type\":\"ReadAction\",\"target\":[\"https:\/\/www.estrategiaconcursos.com.br\/blog\/concurso-pm-ce-mais-candidatos-cotistas-serao-convocados\/\"]}]},{\"@type\":\"ImageObject\",\"inLanguage\":\"pt-BR\",\"@id\":\"https:\/\/www.estrategiaconcursos.com.br\/blog\/concurso-pm-ce-mais-candidatos-cotistas-serao-convocados\/#primaryimage\",\"url\":\"https:\/\/dhg1h5j42swfq.cloudfront.net\/2021\/05\/14151016\/pm-ce.jpg\",\"contentUrl\":\"https:\/\/dhg1h5j42swfq.cloudfront.net\/2021\/05\/14151016\/pm-ce.jpg\",\"width\":768,\"height\":432,\"caption\":\"concurso pm ce\"},{\"@type\":\"BreadcrumbList\",\"@id\":\"https:\/\/www.estrategiaconcursos.com.br\/blog\/concurso-pm-ce-mais-candidatos-cotistas-serao-convocados\/#breadcrumb\",\"itemListElement\":[{\"@type\":\"ListItem\",\"position\":1,\"name\":\"In\u00edcio\",\"item\":\"https:\/\/www.estrategiaconcursos.com.br\/blog\/\"},{\"@type\":\"ListItem\",\"position\":2,\"name\":\"Concurso PM CE: mais candidatos cotistas ser\u00e3o convocados\"}]},{\"@type\":\"WebSite\",\"@id\":\"https:\/\/www.estrategiaconcursos.com.br\/blog\/#website\",\"url\":\"https:\/\/www.estrategiaconcursos.com.br\/blog\/\",\"name\":\"Estrat\u00e9gia Concursos\",\"description\":\"O blog da Estrat\u00e9gia Concursos traz not\u00edcias sobre concursos e artigos de professores oferecendo cursos para concursos (pdf + videaulas) no site.\",\"publisher\":{\"@id\":\"https:\/\/www.estrategiaconcursos.com.br\/blog\/#organization\"},\"potentialAction\":[{\"@type\":\"SearchAction\",\"target\":{\"@type\":\"EntryPoint\",\"urlTemplate\":\"https:\/\/www.estrategiaconcursos.com.br\/blog\/?s={search_term_string}\"},\"query-input\":{\"@type\":\"PropertyValueSpecification\",\"valueRequired\":true,\"valueName\":\"search_term_string\"}}],\"inLanguage\":\"pt-BR\"},{\"@type\":\"Organization\",\"@id\":\"https:\/\/www.estrategiaconcursos.com.br\/blog\/#organization\",\"name\":\"Estrat\u00e9gia Concursos\",\"url\":\"https:\/\/www.estrategiaconcursos.com.br\/blog\/\",\"logo\":{\"@type\":\"ImageObject\",\"inLanguage\":\"pt-BR\",\"@id\":\"https:\/\/www.estrategiaconcursos.com.br\/blog\/#\/schema\/logo\/image\/\",\"url\":\"https:\/\/dhg1h5j42swfq.cloudfront.net\/2025\/06\/03203428\/logo_concursos-1.jpg\",\"contentUrl\":\"https:\/\/dhg1h5j42swfq.cloudfront.net\/2025\/06\/03203428\/logo_concursos-1.jpg\",\"width\":230,\"height\":60,\"caption\":\"Estrat\u00e9gia Concursos\"},\"image\":{\"@id\":\"https:\/\/www.estrategiaconcursos.com.br\/blog\/#\/schema\/logo\/image\/\"},\"sameAs\":[\"https:\/\/x.com\/EstratConcursos\"]},{\"@type\":\"Person\",\"@id\":\"https:\/\/www.estrategiaconcursos.com.br\/blog\/#\/schema\/person\/4970184533d0a3ffa5b0299ae0a2b21f\",\"name\":\"Thiago Cavalcante Gomes\",\"image\":{\"@type\":\"ImageObject\",\"inLanguage\":\"pt-BR\",\"@id\":\"https:\/\/secure.gravatar.com\/avatar\/?s=96&d=mm&r=g\",\"url\":\"https:\/\/secure.gravatar.com\/avatar\/?s=96&d=mm&r=g\",\"contentUrl\":\"https:\/\/secure.gravatar.com\/avatar\/?s=96&d=mm&r=g\",\"caption\":\"Thiago Cavalcante Gomes\"},\"url\":\"https:\/\/www.estrategiaconcursos.com.br\/blog\/author\/thiago-gomes\/\"}]}<\/script>\n<!-- \/ Yoast SEO Premium plugin. -->","yoast_head_json":{"title":"Concurso PM CE: mais candidatos cotistas ser\u00e3o convocados","description":"Em reuni\u00e3o realizada na tarde desta sexta-feira, foi decidido que mais candidatos cotistas ser\u00e3o convocados no concurso para Soldado PM CE.","robots":{"index":"index","follow":"follow","max-snippet":"max-snippet:-1","max-image-preview":"max-image-preview:large","max-video-preview":"max-video-preview:-1"},"canonical":"https:\/\/www.estrategiaconcursos.com.br\/blog\/concurso-pm-ce-mais-candidatos-cotistas-serao-convocados\/","og_locale":"pt_BR","og_type":"article","og_title":"Concurso PM CE: mais candidatos cotistas ser\u00e3o convocados","og_description":"Em reuni\u00e3o realizada na tarde desta sexta-feira, foi decidido que mais candidatos cotistas ser\u00e3o convocados no concurso para Soldado PM CE.","og_url":"https:\/\/www.estrategiaconcursos.com.br\/blog\/concurso-pm-ce-mais-candidatos-cotistas-serao-convocados\/","og_site_name":"Estrat\u00e9gia Concursos","article_published_time":"2022-01-08T13:07:29+00:00","article_modified_time":"2022-01-08T14:57:12+00:00","og_image":[{"width":768,"height":432,"url":"https:\/\/dhg1h5j42swfq.cloudfront.net\/2021\/05\/14151016\/pm-ce.jpg","type":"image\/jpeg"}],"author":"Thiago Cavalcante Gomes","twitter_card":"summary_large_image","twitter_creator":"@EstratConcursos","twitter_site":"@EstratConcursos","twitter_misc":{"Escrito por":"Thiago Cavalcante Gomes","Est. tempo de leitura":"2 minutos"},"schema":{"@context":"https:\/\/schema.org","@graph":[{"@type":"NewsArticle","@id":"https:\/\/www.estrategiaconcursos.com.br\/blog\/concurso-pm-ce-mais-candidatos-cotistas-serao-convocados\/#article","isPartOf":{"@id":"https:\/\/www.estrategiaconcursos.com.br\/blog\/concurso-pm-ce-mais-candidatos-cotistas-serao-convocados\/"},"author":{"name":"Thiago Cavalcante Gomes","@id":"https:\/\/www.estrategiaconcursos.com.br\/blog\/#\/schema\/person\/4970184533d0a3ffa5b0299ae0a2b21f"},"headline":"Concurso PM CE: mais candidatos cotistas ser\u00e3o convocados","datePublished":"2022-01-08T13:07:29+00:00","dateModified":"2022-01-08T14:57:12+00:00","mainEntityOfPage":{"@id":"https:\/\/www.estrategiaconcursos.com.br\/blog\/concurso-pm-ce-mais-candidatos-cotistas-serao-convocados\/"},"wordCount":276,"commentCount":0,"publisher":{"@id":"https:\/\/www.estrategiaconcursos.com.br\/blog\/#organization"},"image":{"@id":"https:\/\/www.estrategiaconcursos.com.br\/blog\/concurso-pm-ce-mais-candidatos-cotistas-serao-convocados\/#primaryimage"},"thumbnailUrl":"https:\/\/dhg1h5j42swfq.cloudfront.net\/2021\/05\/14151016\/pm-ce.jpg","articleSection":["Policial (PM\/BM - Pra\u00e7as)","\u00daltimas not\u00edcias"],"inLanguage":"pt-BR","potentialAction":[{"@type":"CommentAction","name":"Comment","target":["https:\/\/www.estrategiaconcursos.com.br\/blog\/concurso-pm-ce-mais-candidatos-cotistas-serao-convocados\/#respond"]}],"copyrightYear":"2022","copyrightHolder":{"@id":"https:\/\/www.estrategiaconcursos.com.br\/blog\/#organization"}},{"@type":"WebPage","@id":"https:\/\/www.estrategiaconcursos.com.br\/blog\/concurso-pm-ce-mais-candidatos-cotistas-serao-convocados\/","url":"https:\/\/www.estrategiaconcursos.com.br\/blog\/concurso-pm-ce-mais-candidatos-cotistas-serao-convocados\/","name":"Concurso PM CE: mais candidatos cotistas ser\u00e3o convocados","isPartOf":{"@id":"https:\/\/www.estrategiaconcursos.com.br\/blog\/#website"},"primaryImageOfPage":{"@id":"https:\/\/www.estrategiaconcursos.com.br\/blog\/concurso-pm-ce-mais-candidatos-cotistas-serao-convocados\/#primaryimage"},"image":{"@id":"https:\/\/www.estrategiaconcursos.com.br\/blog\/concurso-pm-ce-mais-candidatos-cotistas-serao-convocados\/#primaryimage"},"thumbnailUrl":"https:\/\/dhg1h5j42swfq.cloudfront.net\/2021\/05\/14151016\/pm-ce.jpg","datePublished":"2022-01-08T13:07:29+00:00","dateModified":"2022-01-08T14:57:12+00:00","description":"Em reuni\u00e3o realizada na tarde desta sexta-feira, foi decidido que mais candidatos cotistas ser\u00e3o convocados no concurso para Soldado PM CE.","breadcrumb":{"@id":"https:\/\/www.estrategiaconcursos.com.br\/blog\/concurso-pm-ce-mais-candidatos-cotistas-serao-convocados\/#breadcrumb"},"inLanguage":"pt-BR","potentialAction":[{"@type":"ReadAction","target":["https:\/\/www.estrategiaconcursos.com.br\/blog\/concurso-pm-ce-mais-candidatos-cotistas-serao-convocados\/"]}]},{"@type":"ImageObject","inLanguage":"pt-BR","@id":"https:\/\/www.estrategiaconcursos.com.br\/blog\/concurso-pm-ce-mais-candidatos-cotistas-serao-convocados\/#primaryimage","url":"https:\/\/dhg1h5j42swfq.cloudfront.net\/2021\/05\/14151016\/pm-ce.jpg","contentUrl":"https:\/\/dhg1h5j42swfq.cloudfront.net\/2021\/05\/14151016\/pm-ce.jpg","width":768,"height":432,"caption":"concurso pm ce"},{"@type":"BreadcrumbList","@id":"https:\/\/www.estrategiaconcursos.com.br\/blog\/concurso-pm-ce-mais-candidatos-cotistas-serao-convocados\/#breadcrumb","itemListElement":[{"@type":"ListItem","position":1,"name":"In\u00edcio","item":"https:\/\/www.estrategiaconcursos.com.br\/blog\/"},{"@type":"ListItem","position":2,"name":"Concurso PM CE: mais candidatos cotistas ser\u00e3o convocados"}]},{"@type":"WebSite","@id":"https:\/\/www.estrategiaconcursos.com.br\/blog\/#website","url":"https:\/\/www.estrategiaconcursos.com.br\/blog\/","name":"Estrat\u00e9gia Concursos","description":"O blog da Estrat\u00e9gia Concursos traz not\u00edcias sobre concursos e artigos de professores oferecendo cursos para concursos (pdf + videaulas) no site.","publisher":{"@id":"https:\/\/www.estrategiaconcursos.com.br\/blog\/#organization"},"potentialAction":[{"@type":"SearchAction","target":{"@type":"EntryPoint","urlTemplate":"https:\/\/www.estrategiaconcursos.com.br\/blog\/?s={search_term_string}"},"query-input":{"@type":"PropertyValueSpecification","valueRequired":true,"valueName":"search_term_string"}}],"inLanguage":"pt-BR"},{"@type":"Organization","@id":"https:\/\/www.estrategiaconcursos.com.br\/blog\/#organization","name":"Estrat\u00e9gia Concursos","url":"https:\/\/www.estrategiaconcursos.com.br\/blog\/","logo":{"@type":"ImageObject","inLanguage":"pt-BR","@id":"https:\/\/www.estrategiaconcursos.com.br\/blog\/#\/schema\/logo\/image\/","url":"https:\/\/dhg1h5j42swfq.cloudfront.net\/2025\/06\/03203428\/logo_concursos-1.jpg","contentUrl":"https:\/\/dhg1h5j42swfq.cloudfront.net\/2025\/06\/03203428\/logo_concursos-1.jpg","width":230,"height":60,"caption":"Estrat\u00e9gia Concursos"},"image":{"@id":"https:\/\/www.estrategiaconcursos.com.br\/blog\/#\/schema\/logo\/image\/"},"sameAs":["https:\/\/x.com\/EstratConcursos"]},{"@type":"Person","@id":"https:\/\/www.estrategiaconcursos.com.br\/blog\/#\/schema\/person\/4970184533d0a3ffa5b0299ae0a2b21f","name":"Thiago Cavalcante Gomes","image":{"@type":"ImageObject","inLanguage":"pt-BR","@id":"https:\/\/secure.gravatar.com\/avatar\/?s=96&d=mm&r=g","url":"https:\/\/secure.gravatar.com\/avatar\/?s=96&d=mm&r=g","contentUrl":"https:\/\/secure.gravatar.com\/avatar\/?s=96&d=mm&r=g","caption":"Thiago Cavalcante Gomes"},"url":"https:\/\/www.estrategiaconcursos.com.br\/blog\/author\/thiago-gomes\/"}]}},"_links":{"self":[{"href":"https:\/\/www.estrategiaconcursos.com.br\/blog\/wp-json\/wp\/v2\/posts\/942394","targetHints":{"allow":["GET"]}}],"collection":[{"href":"https:\/\/www.estrategiaconcursos.com.br\/blog\/wp-json\/wp\/v2\/posts"}],"about":[{"href":"https:\/\/www.estrategiaconcursos.com.br\/blog\/wp-json\/wp\/v2\/types\/post"}],"author":[{"embeddable":true,"href":"https:\/\/www.estrategiaconcursos.com.br\/blog\/wp-json\/wp\/v2\/users\/2041"}],"replies":[{"embeddable":true,"href":"https:\/\/www.estrategiaconcursos.com.br\/blog\/wp-json\/wp\/v2\/comments?post=942394"}],"version-history":[{"count":7,"href":"https:\/\/www.estrategiaconcursos.com.br\/blog\/wp-json\/wp\/v2\/posts\/942394\/revisions"}],"predecessor-version":[{"id":942542,"href":"https:\/\/www.estrategiaconcursos.com.br\/blog\/wp-json\/wp\/v2\/posts\/942394\/revisions\/942542"}],"wp:featuredmedia":[{"embeddable":true,"href":"https:\/\/www.estrategiaconcursos.com.br\/blog\/wp-json\/wp\/v2\/media\/741188"}],"wp:attachment":[{"href":"https:\/\/www.estrategiaconcursos.com.br\/blog\/wp-json\/wp\/v2\/media?parent=942394"}],"wp:term":[{"taxonomy":"category","embeddable":true,"href":"https:\/\/www.estrategiaconcursos.com.br\/blog\/wp-json\/wp\/v2\/categories?post=942394"},{"taxonomy":"post_tag","embeddable":true,"href":"https:\/\/www.estrategiaconcursos.com.br\/blog\/wp-json\/wp\/v2\/tags?post=942394"},{"taxonomy":"tax_estado","embeddable":true,"href":"https:\/\/www.estrategiaconcursos.com.br\/blog\/wp-json\/wp\/v2\/tax_estado?post=942394"}],"curies":[{"name":"wp","href":"https:\/\/api.w.org\/{rel}","templated":true}]}}