{"id":941889,"date":"2022-01-07T12:35:00","date_gmt":"2022-01-07T15:35:00","guid":{"rendered":"https:\/\/www.estrategiaconcursos.com.br\/blog\/?p=941889"},"modified":"2022-01-10T12:55:04","modified_gmt":"2022-01-10T15:55:04","slug":"resultado-concurso-semed-sao-goncalo-homologado","status":"publish","type":"post","link":"https:\/\/www.estrategiaconcursos.com.br\/blog\/resultado-concurso-semed-sao-goncalo-homologado\/","title":{"rendered":"Resultado final do concurso SEMED S\u00e3o Gon\u00e7alo \u00e9 homologado!"},"content":{"rendered":"\n<p>O <strong>concurso SEMED S\u00e3o Gon\u00e7alo RJ<\/strong> teve seu <strong>resultado final homologado<\/strong>. O concurso ofertou aos candidatos mais de 2 mil vagas, imediatas e para cadastro de reserva, para cargos do quadro da Educa\u00e7\u00e3o de n\u00edveis fundamental, m\u00e9dio e superior, com iniciais entre R$ 1.033,82 e R$ 1.672,10.<\/p>\n\n\n\n<p>Confira o documento na \u00edntegra no link abaixo:<\/p>\n\n\n\n<p class=\"has-text-align-center has-black-color has-pale-cyan-blue-background-color has-text-color has-background\" style=\"font-size:clamp(14px, 0.875rem + ((1vw - 3.2px) * 0.392), 18px);\"><a href=\"https:\/\/dhg1h5j42swfq.cloudfront.net\/2022\/01\/06212247\/resultado-final-e-homologacao-semed-sao-goncalo-rj.pdf\" target=\"_blank\" rel=\"noreferrer noopener nofollow\"><strong>Resultado final homologado &#8211; SEMED S\u00e3o Gon\u00e7alo RJ<\/strong><\/a><\/p>\n\n\n\n<p>A sele\u00e7\u00e3o ent\u00e3o seguir\u00e1 vigente por 2 (dois) anos, logo, at\u00e9 janeiro de 2024; e poder\u00e1 ser prorrogado por igual per\u00edodo, a crit\u00e9rio do munic\u00edpio de S\u00e3o Gon\u00e7alo, levando-se em conta a oportunidade e conveni\u00eancia da Administra\u00e7\u00e3o P\u00fablica.<\/p>\n\n\n\n<div class=\"wp-block-image\"><figure class=\"aligncenter size-large is-resized\"><img loading=\"lazy\" decoding=\"async\" src=\"https:\/\/dhg1h5j42swfq.cloudfront.net\/2022\/01\/07144855\/semed-resultado-final-1024x683.jpg\" alt=\"\" class=\"wp-image-941895\" width=\"803\" height=\"536\" srcset=\"https:\/\/dhg1h5j42swfq.cloudfront.net\/2022\/01\/07144855\/semed-resultado-final-1024x683.jpg 1024w, https:\/\/dhg1h5j42swfq.cloudfront.net\/2022\/01\/07144855\/semed-resultado-final-300x200.jpg 300w, https:\/\/dhg1h5j42swfq.cloudfront.net\/2022\/01\/07144855\/semed-resultado-final-768x512.jpg 768w, https:\/\/dhg1h5j42swfq.cloudfront.net\/2022\/01\/07144855\/semed-resultado-final-610x407.jpg 610w, https:\/\/dhg1h5j42swfq.cloudfront.net\/2022\/01\/07144855\/semed-resultado-final.jpg 1200w\" sizes=\"auto, (max-width: 803px) 100vw, 803px\" \/><figcaption>Concurso SEMED S\u00e3o Gon\u00e7alo RJ: resultado final da sele\u00e7\u00e3o \u00e9 homologado | Imagem: reprodu\u00e7\u00e3o<\/figcaption><\/figure><\/div>\n\n\n\n<p>Os candidatos foram avaliados, a depender da fun\u00e7\u00e3o escolhida, em at\u00e9 3 etapas, sendo a de Provas e T\u00edtulos apenas aos cargos de n\u00edvel m\u00e9dio pedag\u00f3gico\/normal ou normal superior ou n\u00edvel superior em pedagogia (professor docente II e professor docente II apoio especializado:<\/p>\n\n\n\n<ul class=\"wp-block-list\"><li><span style=\"font-size: revert; color: initial;\">a)<strong> Primeira Etapa:<\/strong> Prova Objetiva de M\u00faltipla Escolha, de car\u00e1ter eliminat\u00f3rio e classificat\u00f3rio; <\/span><\/li><li><span style=\"font-size: revert; color: initial;\">b) <strong>Segunda Etapa: <\/strong>Prova Discursiva, de car\u00e1ter eliminat\u00f3rio e classificat\u00f3rio; <\/span><\/li><li><span style=\"font-size: revert; color: initial;\">c) <strong>Terceira Etapa:<\/strong> Avalia\u00e7\u00e3o de T\u00edtulos, de car\u00e1ter classificat\u00f3rio. <\/span> <\/li><\/ul>\n\n\n\n<p>Foi considerado habilitado na Prova Objetiva o candidato que obtiver no m\u00ednimo 50% do total de pontos e que n\u00e3o zerasse nenhuma das \u00e1reas de conhecimento. <\/p>\n\n\n\n<p>Quanto \u00e0s Provas Discursivas (2\u00aa. Etapa do Concurso), somente foram corrigidas as dos candidatos habilitados na prova objetiva e que atingissem a condi\u00e7\u00e3o de classificados at\u00e9 o limite de 03 vezes o n\u00famero de vagas ofertadas, inclusive os quantitativos de cadastro de reserva. <\/p>\n\n\n\n<p>Foi considerado habilitado aquele que obtivesse nota igual ou maior que 50% dos pontos da prova, ou seja, 50 pontos.<\/p>\n\n\n\n<p>Para saber as informa\u00e7\u00f5es completas do concurso da <a href=\"https:\/\/servicos.pmsg.rj.gov.br\/educacao\/subs.php\" target=\"_blank\" rel=\"noreferrer noopener\">Secretaria de Educa\u00e7\u00e3o<\/a> de S\u00e3o Gon\u00e7alo RJ (SEMED), que teve seu resultado final homologado, acesse o link abaixo:<\/p>\n\n\n\n<p class=\"has-text-align-center has-black-color has-pale-cyan-blue-background-color has-text-color has-background\" style=\"font-size:clamp(14px, 0.875rem + ((1vw - 3.2px) * 0.392), 18px);\"><a href=\"https:\/\/www.estrategiaconcursos.com.br\/blog\/concurso-semed-sao-goncalo-rj\/\" target=\"_blank\" rel=\"noreferrer noopener\"><strong>Concurso Educa\u00e7\u00e3o S\u00e3o Gon\u00e7alo RJ<\/strong><\/a><\/p>\n\n\n\n<h2 class=\"has-text-align-center wp-block-heading\">Quer saber tudo sobre concursos previstos?<br \/>Confira nossos artigos!<\/h2>\n\n\n\n<ul class=\"wp-block-list\"><li><a target=\"_blank\" href=\"https:\/\/www.estrategiaconcursos.com.br\/blog\/concursos-abertos\/\" rel=\"noreferrer noopener\">Concursos abertos<\/a><\/li><li><a target=\"_blank\" href=\"https:\/\/www.estrategiaconcursos.com.br\/blog\/concursos-2022\/\" rel=\"noreferrer noopener\">Concursos 2022<\/a><\/li><\/ul>\n\n\n\n<h2 class=\"has-text-align-center wp-block-heading\" id=\"curso\">Quer estudar para o concurso SEMED S\u00e3o Gon\u00e7alo RJ?<\/h2>\n\n\n\n<div class=\"col-sm\">\n      <div class=\"banner-estrategia\" id=\"box-assinatura\">\n        <h3 class=\"titulo-assinatura\">Cursos para SEMED S\u00e3o Gon\u00e7alo &#8211; RJ<\/h3>\n        <p class=\"subtitulo-assinatura\">Conhe\u00e7a os cursos<\/p>\n        <div class=\"box-botao\">\n          <a class=\"btn-assinatura\" target=\"_blank\" href=\"https:\/\/www.estrategiaconcursos.com.br\/cursos\/concurso\/\" role=\"button\" rel=\"noopener noreferrer\">Conhe\u00e7a mais<\/a>\n        <\/div>\n      <\/div>\n      <p class=\"texto-auxiliar\">Prepare-se com o melhor material e com quem mais aprova em Concursos P\u00fablicos em todo o pa\u00eds.<\/p>\n    <\/div>\n\n\n\n<div class=\"container\" id=\"boxes\">\n  <div class=\"row\">\n\n    <div class=\"col-sm\">\n      <div class=\"estrategia\" id=\"box-assinatura\">\n        <h3 class=\"titulo-assinatura\">Assinaturas<\/h3>\n        <p class=\"subtitulo-assinatura\">Assinatura de 1 ano ou 2 anos<\/p>\n        <div class=\"box-botao\">\n          <a class=\"btn-assinatura\" target=\"_blank\" href=\"https:\/\/www.estrategiaconcursos.com.br\/assinaturas\/\" role=\"button\" rel=\"noopener noreferrer\">ASSINE AGORA<\/a>\n        <\/div>\n      <\/div>\n     \n    <\/div><\/div><\/div>\n","protected":false},"excerpt":{"rendered":"<p>O concurso SEMED S\u00e3o Gon\u00e7alo RJ teve seu resultado final homologado. O concurso ofertou aos candidatos mais de 2 mil vagas, imediatas e para cadastro de reserva, para cargos do quadro da Educa\u00e7\u00e3o de n\u00edveis fundamental, m\u00e9dio e superior, com iniciais entre R$ 1.033,82 e R$ 1.672,10. Confira o documento na \u00edntegra no link abaixo: [&hellip;]<\/p>\n","protected":false},"author":2134,"featured_media":424413,"comment_status":"open","ping_status":"closed","sticky":false,"template":"","format":"standard","meta":{"post_tipo":"news","footnotes":""},"categories":[3766,220219],"tags":[],"tax_estado":[219982],"class_list":["post-941889","post","type-post","status-publish","format-standard","has-post-thumbnail","hentry","category-educacional","category-noticias","tax_estado-rj"],"acf":[],"yoast_head":"<!-- This site is optimized with the Yoast SEO Premium plugin v27.2 (Yoast SEO v27.2) - https:\/\/yoast.com\/product\/yoast-seo-premium-wordpress\/ -->\n<title>Resultado final do concurso SEMED S\u00e3o Gon\u00e7alo \u00e9 homologado!<\/title>\n<meta name=\"description\" content=\"Concurso SEMED S\u00e3o Gon\u00e7alo RJ tem seu resultado final homologado. Confira os detalhes da sele\u00e7\u00e3o neste artigo que preparamos para voc\u00eas!\" \/>\n<meta name=\"robots\" content=\"index, follow, max-snippet:-1, max-image-preview:large, max-video-preview:-1\" \/>\n<link rel=\"canonical\" href=\"https:\/\/www.estrategiaconcursos.com.br\/blog\/resultado-concurso-semed-sao-goncalo-homologado\/\" \/>\n<meta property=\"og:locale\" content=\"pt_BR\" \/>\n<meta property=\"og:type\" content=\"article\" \/>\n<meta property=\"og:title\" content=\"Resultado final do concurso SEMED S\u00e3o Gon\u00e7alo \u00e9 homologado!\" \/>\n<meta property=\"og:description\" content=\"Concurso SEMED S\u00e3o Gon\u00e7alo RJ tem seu resultado final homologado. Confira os detalhes da sele\u00e7\u00e3o neste artigo que preparamos para voc\u00eas!\" \/>\n<meta property=\"og:url\" content=\"https:\/\/www.estrategiaconcursos.com.br\/blog\/resultado-concurso-semed-sao-goncalo-homologado\/\" \/>\n<meta property=\"og:site_name\" content=\"Estrat\u00e9gia Concursos\" \/>\n<meta property=\"article:published_time\" content=\"2022-01-07T15:35:00+00:00\" \/>\n<meta property=\"article:modified_time\" content=\"2022-01-10T15:55:04+00:00\" \/>\n<meta property=\"og:image\" content=\"https:\/\/dhg1h5j42swfq.cloudfront.net\/2019\/09\/23101000\/concurso-SEMED-S%C3%A3o-Gon%C3%A7alo.jpg\" \/>\n\t<meta property=\"og:image:width\" content=\"225\" \/>\n\t<meta property=\"og:image:height\" content=\"225\" \/>\n\t<meta property=\"og:image:type\" content=\"image\/jpeg\" \/>\n<meta name=\"author\" content=\"Rafaela Teixeira\" \/>\n<meta name=\"twitter:card\" content=\"summary_large_image\" \/>\n<meta name=\"twitter:creator\" content=\"@EstratConcursos\" \/>\n<meta name=\"twitter:site\" content=\"@EstratConcursos\" \/>\n<meta name=\"twitter:label1\" content=\"Escrito por\" \/>\n\t<meta name=\"twitter:data1\" content=\"Rafaela Teixeira\" \/>\n\t<meta name=\"twitter:label2\" content=\"Est. tempo de leitura\" \/>\n\t<meta name=\"twitter:data2\" content=\"3 minutos\" \/>\n<script type=\"application\/ld+json\" class=\"yoast-schema-graph\">{\"@context\":\"https:\/\/schema.org\",\"@graph\":[{\"@type\":\"NewsArticle\",\"@id\":\"https:\/\/www.estrategiaconcursos.com.br\/blog\/resultado-concurso-semed-sao-goncalo-homologado\/#article\",\"isPartOf\":{\"@id\":\"https:\/\/www.estrategiaconcursos.com.br\/blog\/resultado-concurso-semed-sao-goncalo-homologado\/\"},\"author\":{\"name\":\"Rafaela Teixeira\",\"@id\":\"https:\/\/www.estrategiaconcursos.com.br\/blog\/#\/schema\/person\/e75352021ea7f60781c599934f916eb1\"},\"headline\":\"Resultado final do concurso SEMED S\u00e3o Gon\u00e7alo \u00e9 homologado!\",\"datePublished\":\"2022-01-07T15:35:00+00:00\",\"dateModified\":\"2022-01-10T15:55:04+00:00\",\"mainEntityOfPage\":{\"@id\":\"https:\/\/www.estrategiaconcursos.com.br\/blog\/resultado-concurso-semed-sao-goncalo-homologado\/\"},\"wordCount\":423,\"commentCount\":0,\"publisher\":{\"@id\":\"https:\/\/www.estrategiaconcursos.com.br\/blog\/#organization\"},\"image\":{\"@id\":\"https:\/\/www.estrategiaconcursos.com.br\/blog\/resultado-concurso-semed-sao-goncalo-homologado\/#primaryimage\"},\"thumbnailUrl\":\"https:\/\/dhg1h5j42swfq.cloudfront.net\/2019\/09\/23101000\/concurso-SEMED-S%C3%A3o-Gon%C3%A7alo.jpg\",\"articleSection\":[\"Educa\u00e7\u00e3o\",\"\u00daltimas not\u00edcias\"],\"inLanguage\":\"pt-BR\",\"potentialAction\":[{\"@type\":\"CommentAction\",\"name\":\"Comment\",\"target\":[\"https:\/\/www.estrategiaconcursos.com.br\/blog\/resultado-concurso-semed-sao-goncalo-homologado\/#respond\"]}],\"copyrightYear\":\"2022\",\"copyrightHolder\":{\"@id\":\"https:\/\/www.estrategiaconcursos.com.br\/blog\/#organization\"}},{\"@type\":\"WebPage\",\"@id\":\"https:\/\/www.estrategiaconcursos.com.br\/blog\/resultado-concurso-semed-sao-goncalo-homologado\/\",\"url\":\"https:\/\/www.estrategiaconcursos.com.br\/blog\/resultado-concurso-semed-sao-goncalo-homologado\/\",\"name\":\"Resultado final do concurso SEMED S\u00e3o Gon\u00e7alo \u00e9 homologado!\",\"isPartOf\":{\"@id\":\"https:\/\/www.estrategiaconcursos.com.br\/blog\/#website\"},\"primaryImageOfPage\":{\"@id\":\"https:\/\/www.estrategiaconcursos.com.br\/blog\/resultado-concurso-semed-sao-goncalo-homologado\/#primaryimage\"},\"image\":{\"@id\":\"https:\/\/www.estrategiaconcursos.com.br\/blog\/resultado-concurso-semed-sao-goncalo-homologado\/#primaryimage\"},\"thumbnailUrl\":\"https:\/\/dhg1h5j42swfq.cloudfront.net\/2019\/09\/23101000\/concurso-SEMED-S%C3%A3o-Gon%C3%A7alo.jpg\",\"datePublished\":\"2022-01-07T15:35:00+00:00\",\"dateModified\":\"2022-01-10T15:55:04+00:00\",\"description\":\"Concurso SEMED S\u00e3o Gon\u00e7alo RJ tem seu resultado final homologado. Confira os detalhes da sele\u00e7\u00e3o neste artigo que preparamos para voc\u00eas!\",\"breadcrumb\":{\"@id\":\"https:\/\/www.estrategiaconcursos.com.br\/blog\/resultado-concurso-semed-sao-goncalo-homologado\/#breadcrumb\"},\"inLanguage\":\"pt-BR\",\"potentialAction\":[{\"@type\":\"ReadAction\",\"target\":[\"https:\/\/www.estrategiaconcursos.com.br\/blog\/resultado-concurso-semed-sao-goncalo-homologado\/\"]}]},{\"@type\":\"ImageObject\",\"inLanguage\":\"pt-BR\",\"@id\":\"https:\/\/www.estrategiaconcursos.com.br\/blog\/resultado-concurso-semed-sao-goncalo-homologado\/#primaryimage\",\"url\":\"https:\/\/dhg1h5j42swfq.cloudfront.net\/2019\/09\/23101000\/concurso-SEMED-S%C3%A3o-Gon%C3%A7alo.jpg\",\"contentUrl\":\"https:\/\/dhg1h5j42swfq.cloudfront.net\/2019\/09\/23101000\/concurso-SEMED-S%C3%A3o-Gon%C3%A7alo.jpg\",\"width\":225,\"height\":225,\"caption\":\"concurso SEMED S\u00e3o Gon\u00e7alo\"},{\"@type\":\"BreadcrumbList\",\"@id\":\"https:\/\/www.estrategiaconcursos.com.br\/blog\/resultado-concurso-semed-sao-goncalo-homologado\/#breadcrumb\",\"itemListElement\":[{\"@type\":\"ListItem\",\"position\":1,\"name\":\"In\u00edcio\",\"item\":\"https:\/\/www.estrategiaconcursos.com.br\/blog\/\"},{\"@type\":\"ListItem\",\"position\":2,\"name\":\"Resultado final do concurso SEMED S\u00e3o Gon\u00e7alo \u00e9 homologado!\"}]},{\"@type\":\"WebSite\",\"@id\":\"https:\/\/www.estrategiaconcursos.com.br\/blog\/#website\",\"url\":\"https:\/\/www.estrategiaconcursos.com.br\/blog\/\",\"name\":\"Estrat\u00e9gia Concursos\",\"description\":\"O blog da Estrat\u00e9gia Concursos traz not\u00edcias sobre concursos e artigos de professores oferecendo cursos para concursos (pdf + videaulas) no site.\",\"publisher\":{\"@id\":\"https:\/\/www.estrategiaconcursos.com.br\/blog\/#organization\"},\"potentialAction\":[{\"@type\":\"SearchAction\",\"target\":{\"@type\":\"EntryPoint\",\"urlTemplate\":\"https:\/\/www.estrategiaconcursos.com.br\/blog\/?s={search_term_string}\"},\"query-input\":{\"@type\":\"PropertyValueSpecification\",\"valueRequired\":true,\"valueName\":\"search_term_string\"}}],\"inLanguage\":\"pt-BR\"},{\"@type\":\"Organization\",\"@id\":\"https:\/\/www.estrategiaconcursos.com.br\/blog\/#organization\",\"name\":\"Estrat\u00e9gia Concursos\",\"url\":\"https:\/\/www.estrategiaconcursos.com.br\/blog\/\",\"logo\":{\"@type\":\"ImageObject\",\"inLanguage\":\"pt-BR\",\"@id\":\"https:\/\/www.estrategiaconcursos.com.br\/blog\/#\/schema\/logo\/image\/\",\"url\":\"https:\/\/dhg1h5j42swfq.cloudfront.net\/2025\/06\/03203428\/logo_concursos-1.jpg\",\"contentUrl\":\"https:\/\/dhg1h5j42swfq.cloudfront.net\/2025\/06\/03203428\/logo_concursos-1.jpg\",\"width\":230,\"height\":60,\"caption\":\"Estrat\u00e9gia Concursos\"},\"image\":{\"@id\":\"https:\/\/www.estrategiaconcursos.com.br\/blog\/#\/schema\/logo\/image\/\"},\"sameAs\":[\"https:\/\/x.com\/EstratConcursos\"]},{\"@type\":\"Person\",\"@id\":\"https:\/\/www.estrategiaconcursos.com.br\/blog\/#\/schema\/person\/e75352021ea7f60781c599934f916eb1\",\"name\":\"Rafaela Teixeira\",\"image\":{\"@type\":\"ImageObject\",\"inLanguage\":\"pt-BR\",\"@id\":\"https:\/\/secure.gravatar.com\/avatar\/8a349a2b22039b1ee88fc06461487c950fd6aa411ea8af8633314b43334ae793?s=96&d=mm&r=g\",\"url\":\"https:\/\/secure.gravatar.com\/avatar\/8a349a2b22039b1ee88fc06461487c950fd6aa411ea8af8633314b43334ae793?s=96&d=mm&r=g\",\"contentUrl\":\"https:\/\/secure.gravatar.com\/avatar\/8a349a2b22039b1ee88fc06461487c950fd6aa411ea8af8633314b43334ae793?s=96&d=mm&r=g\",\"caption\":\"Rafaela Teixeira\"},\"description\":\"Rafaela Teixeira \u00e9 advogada conveniada \u00e0 Defensoria P\u00fablica de S\u00e3o Paulo pela OAB, com experi\u00eancia em reda\u00e7\u00e3o jur\u00eddica e atua\u00e7\u00e3o em institui\u00e7\u00f5es p\u00fablicas, incluindo est\u00e1gio no TRE-SP. Possui mais de 7 anos de experi\u00eancia na produ\u00e7\u00e3o de conte\u00fados voltados ao nicho de concursos p\u00fablicos, com foco em apura\u00e7\u00e3o jornal\u00edstica cont\u00ednua, an\u00e1lise de editais e obten\u00e7\u00e3o de informa\u00e7\u00f5es diretamente junto a \u00f3rg\u00e3os e fontes oficiais. No Blog do Estrat\u00e9gia Concursos, atua como Analista de Conte\u00fado S\u00eanior, respons\u00e1vel pelo jornalismo do per\u00edodo noturno e da madrugada, com atua\u00e7\u00e3o transversal na cobertura de concursos p\u00fablicos, garantindo a continuidade, fluidez e confiabilidade das publica\u00e7\u00f5es e dos bastidores dos certames.\",\"url\":\"https:\/\/www.estrategiaconcursos.com.br\/blog\/author\/rafaela-teixeira\/\"}]}<\/script>\n<!-- \/ Yoast SEO Premium plugin. -->","yoast_head_json":{"title":"Resultado final do concurso SEMED S\u00e3o Gon\u00e7alo \u00e9 homologado!","description":"Concurso SEMED S\u00e3o Gon\u00e7alo RJ tem seu resultado final homologado. Confira os detalhes da sele\u00e7\u00e3o neste artigo que preparamos para voc\u00eas!","robots":{"index":"index","follow":"follow","max-snippet":"max-snippet:-1","max-image-preview":"max-image-preview:large","max-video-preview":"max-video-preview:-1"},"canonical":"https:\/\/www.estrategiaconcursos.com.br\/blog\/resultado-concurso-semed-sao-goncalo-homologado\/","og_locale":"pt_BR","og_type":"article","og_title":"Resultado final do concurso SEMED S\u00e3o Gon\u00e7alo \u00e9 homologado!","og_description":"Concurso SEMED S\u00e3o Gon\u00e7alo RJ tem seu resultado final homologado. Confira os detalhes da sele\u00e7\u00e3o neste artigo que preparamos para voc\u00eas!","og_url":"https:\/\/www.estrategiaconcursos.com.br\/blog\/resultado-concurso-semed-sao-goncalo-homologado\/","og_site_name":"Estrat\u00e9gia Concursos","article_published_time":"2022-01-07T15:35:00+00:00","article_modified_time":"2022-01-10T15:55:04+00:00","og_image":[{"width":225,"height":225,"url":"https:\/\/dhg1h5j42swfq.cloudfront.net\/2019\/09\/23101000\/concurso-SEMED-S%C3%A3o-Gon%C3%A7alo.jpg","type":"image\/jpeg"}],"author":"Rafaela Teixeira","twitter_card":"summary_large_image","twitter_creator":"@EstratConcursos","twitter_site":"@EstratConcursos","twitter_misc":{"Escrito por":"Rafaela Teixeira","Est. tempo de leitura":"3 minutos"},"schema":{"@context":"https:\/\/schema.org","@graph":[{"@type":"NewsArticle","@id":"https:\/\/www.estrategiaconcursos.com.br\/blog\/resultado-concurso-semed-sao-goncalo-homologado\/#article","isPartOf":{"@id":"https:\/\/www.estrategiaconcursos.com.br\/blog\/resultado-concurso-semed-sao-goncalo-homologado\/"},"author":{"name":"Rafaela Teixeira","@id":"https:\/\/www.estrategiaconcursos.com.br\/blog\/#\/schema\/person\/e75352021ea7f60781c599934f916eb1"},"headline":"Resultado final do concurso SEMED S\u00e3o Gon\u00e7alo \u00e9 homologado!","datePublished":"2022-01-07T15:35:00+00:00","dateModified":"2022-01-10T15:55:04+00:00","mainEntityOfPage":{"@id":"https:\/\/www.estrategiaconcursos.com.br\/blog\/resultado-concurso-semed-sao-goncalo-homologado\/"},"wordCount":423,"commentCount":0,"publisher":{"@id":"https:\/\/www.estrategiaconcursos.com.br\/blog\/#organization"},"image":{"@id":"https:\/\/www.estrategiaconcursos.com.br\/blog\/resultado-concurso-semed-sao-goncalo-homologado\/#primaryimage"},"thumbnailUrl":"https:\/\/dhg1h5j42swfq.cloudfront.net\/2019\/09\/23101000\/concurso-SEMED-S%C3%A3o-Gon%C3%A7alo.jpg","articleSection":["Educa\u00e7\u00e3o","\u00daltimas not\u00edcias"],"inLanguage":"pt-BR","potentialAction":[{"@type":"CommentAction","name":"Comment","target":["https:\/\/www.estrategiaconcursos.com.br\/blog\/resultado-concurso-semed-sao-goncalo-homologado\/#respond"]}],"copyrightYear":"2022","copyrightHolder":{"@id":"https:\/\/www.estrategiaconcursos.com.br\/blog\/#organization"}},{"@type":"WebPage","@id":"https:\/\/www.estrategiaconcursos.com.br\/blog\/resultado-concurso-semed-sao-goncalo-homologado\/","url":"https:\/\/www.estrategiaconcursos.com.br\/blog\/resultado-concurso-semed-sao-goncalo-homologado\/","name":"Resultado final do concurso SEMED S\u00e3o Gon\u00e7alo \u00e9 homologado!","isPartOf":{"@id":"https:\/\/www.estrategiaconcursos.com.br\/blog\/#website"},"primaryImageOfPage":{"@id":"https:\/\/www.estrategiaconcursos.com.br\/blog\/resultado-concurso-semed-sao-goncalo-homologado\/#primaryimage"},"image":{"@id":"https:\/\/www.estrategiaconcursos.com.br\/blog\/resultado-concurso-semed-sao-goncalo-homologado\/#primaryimage"},"thumbnailUrl":"https:\/\/dhg1h5j42swfq.cloudfront.net\/2019\/09\/23101000\/concurso-SEMED-S%C3%A3o-Gon%C3%A7alo.jpg","datePublished":"2022-01-07T15:35:00+00:00","dateModified":"2022-01-10T15:55:04+00:00","description":"Concurso SEMED S\u00e3o Gon\u00e7alo RJ tem seu resultado final homologado. Confira os detalhes da sele\u00e7\u00e3o neste artigo que preparamos para voc\u00eas!","breadcrumb":{"@id":"https:\/\/www.estrategiaconcursos.com.br\/blog\/resultado-concurso-semed-sao-goncalo-homologado\/#breadcrumb"},"inLanguage":"pt-BR","potentialAction":[{"@type":"ReadAction","target":["https:\/\/www.estrategiaconcursos.com.br\/blog\/resultado-concurso-semed-sao-goncalo-homologado\/"]}]},{"@type":"ImageObject","inLanguage":"pt-BR","@id":"https:\/\/www.estrategiaconcursos.com.br\/blog\/resultado-concurso-semed-sao-goncalo-homologado\/#primaryimage","url":"https:\/\/dhg1h5j42swfq.cloudfront.net\/2019\/09\/23101000\/concurso-SEMED-S%C3%A3o-Gon%C3%A7alo.jpg","contentUrl":"https:\/\/dhg1h5j42swfq.cloudfront.net\/2019\/09\/23101000\/concurso-SEMED-S%C3%A3o-Gon%C3%A7alo.jpg","width":225,"height":225,"caption":"concurso SEMED S\u00e3o Gon\u00e7alo"},{"@type":"BreadcrumbList","@id":"https:\/\/www.estrategiaconcursos.com.br\/blog\/resultado-concurso-semed-sao-goncalo-homologado\/#breadcrumb","itemListElement":[{"@type":"ListItem","position":1,"name":"In\u00edcio","item":"https:\/\/www.estrategiaconcursos.com.br\/blog\/"},{"@type":"ListItem","position":2,"name":"Resultado final do concurso SEMED S\u00e3o Gon\u00e7alo \u00e9 homologado!"}]},{"@type":"WebSite","@id":"https:\/\/www.estrategiaconcursos.com.br\/blog\/#website","url":"https:\/\/www.estrategiaconcursos.com.br\/blog\/","name":"Estrat\u00e9gia Concursos","description":"O blog da Estrat\u00e9gia Concursos traz not\u00edcias sobre concursos e artigos de professores oferecendo cursos para concursos (pdf + videaulas) no site.","publisher":{"@id":"https:\/\/www.estrategiaconcursos.com.br\/blog\/#organization"},"potentialAction":[{"@type":"SearchAction","target":{"@type":"EntryPoint","urlTemplate":"https:\/\/www.estrategiaconcursos.com.br\/blog\/?s={search_term_string}"},"query-input":{"@type":"PropertyValueSpecification","valueRequired":true,"valueName":"search_term_string"}}],"inLanguage":"pt-BR"},{"@type":"Organization","@id":"https:\/\/www.estrategiaconcursos.com.br\/blog\/#organization","name":"Estrat\u00e9gia Concursos","url":"https:\/\/www.estrategiaconcursos.com.br\/blog\/","logo":{"@type":"ImageObject","inLanguage":"pt-BR","@id":"https:\/\/www.estrategiaconcursos.com.br\/blog\/#\/schema\/logo\/image\/","url":"https:\/\/dhg1h5j42swfq.cloudfront.net\/2025\/06\/03203428\/logo_concursos-1.jpg","contentUrl":"https:\/\/dhg1h5j42swfq.cloudfront.net\/2025\/06\/03203428\/logo_concursos-1.jpg","width":230,"height":60,"caption":"Estrat\u00e9gia Concursos"},"image":{"@id":"https:\/\/www.estrategiaconcursos.com.br\/blog\/#\/schema\/logo\/image\/"},"sameAs":["https:\/\/x.com\/EstratConcursos"]},{"@type":"Person","@id":"https:\/\/www.estrategiaconcursos.com.br\/blog\/#\/schema\/person\/e75352021ea7f60781c599934f916eb1","name":"Rafaela Teixeira","image":{"@type":"ImageObject","inLanguage":"pt-BR","@id":"https:\/\/secure.gravatar.com\/avatar\/8a349a2b22039b1ee88fc06461487c950fd6aa411ea8af8633314b43334ae793?s=96&d=mm&r=g","url":"https:\/\/secure.gravatar.com\/avatar\/8a349a2b22039b1ee88fc06461487c950fd6aa411ea8af8633314b43334ae793?s=96&d=mm&r=g","contentUrl":"https:\/\/secure.gravatar.com\/avatar\/8a349a2b22039b1ee88fc06461487c950fd6aa411ea8af8633314b43334ae793?s=96&d=mm&r=g","caption":"Rafaela Teixeira"},"description":"Rafaela Teixeira \u00e9 advogada conveniada \u00e0 Defensoria P\u00fablica de S\u00e3o Paulo pela OAB, com experi\u00eancia em reda\u00e7\u00e3o jur\u00eddica e atua\u00e7\u00e3o em institui\u00e7\u00f5es p\u00fablicas, incluindo est\u00e1gio no TRE-SP. Possui mais de 7 anos de experi\u00eancia na produ\u00e7\u00e3o de conte\u00fados voltados ao nicho de concursos p\u00fablicos, com foco em apura\u00e7\u00e3o jornal\u00edstica cont\u00ednua, an\u00e1lise de editais e obten\u00e7\u00e3o de informa\u00e7\u00f5es diretamente junto a \u00f3rg\u00e3os e fontes oficiais. No Blog do Estrat\u00e9gia Concursos, atua como Analista de Conte\u00fado S\u00eanior, respons\u00e1vel pelo jornalismo do per\u00edodo noturno e da madrugada, com atua\u00e7\u00e3o transversal na cobertura de concursos p\u00fablicos, garantindo a continuidade, fluidez e confiabilidade das publica\u00e7\u00f5es e dos bastidores dos certames.","url":"https:\/\/www.estrategiaconcursos.com.br\/blog\/author\/rafaela-teixeira\/"}]}},"_links":{"self":[{"href":"https:\/\/www.estrategiaconcursos.com.br\/blog\/wp-json\/wp\/v2\/posts\/941889","targetHints":{"allow":["GET"]}}],"collection":[{"href":"https:\/\/www.estrategiaconcursos.com.br\/blog\/wp-json\/wp\/v2\/posts"}],"about":[{"href":"https:\/\/www.estrategiaconcursos.com.br\/blog\/wp-json\/wp\/v2\/types\/post"}],"author":[{"embeddable":true,"href":"https:\/\/www.estrategiaconcursos.com.br\/blog\/wp-json\/wp\/v2\/users\/2134"}],"replies":[{"embeddable":true,"href":"https:\/\/www.estrategiaconcursos.com.br\/blog\/wp-json\/wp\/v2\/comments?post=941889"}],"version-history":[{"count":7,"href":"https:\/\/www.estrategiaconcursos.com.br\/blog\/wp-json\/wp\/v2\/posts\/941889\/revisions"}],"predecessor-version":[{"id":943248,"href":"https:\/\/www.estrategiaconcursos.com.br\/blog\/wp-json\/wp\/v2\/posts\/941889\/revisions\/943248"}],"wp:featuredmedia":[{"embeddable":true,"href":"https:\/\/www.estrategiaconcursos.com.br\/blog\/wp-json\/wp\/v2\/media\/424413"}],"wp:attachment":[{"href":"https:\/\/www.estrategiaconcursos.com.br\/blog\/wp-json\/wp\/v2\/media?parent=941889"}],"wp:term":[{"taxonomy":"category","embeddable":true,"href":"https:\/\/www.estrategiaconcursos.com.br\/blog\/wp-json\/wp\/v2\/categories?post=941889"},{"taxonomy":"post_tag","embeddable":true,"href":"https:\/\/www.estrategiaconcursos.com.br\/blog\/wp-json\/wp\/v2\/tags?post=941889"},{"taxonomy":"tax_estado","embeddable":true,"href":"https:\/\/www.estrategiaconcursos.com.br\/blog\/wp-json\/wp\/v2\/tax_estado?post=941889"}],"curies":[{"name":"wp","href":"https:\/\/api.w.org\/{rel}","templated":true}]}}