{"id":941574,"date":"2022-02-10T16:00:00","date_gmt":"2022-02-10T19:00:00","guid":{"rendered":"https:\/\/www.estrategiaconcursos.com.br\/blog\/?p=941574"},"modified":"2024-06-07T11:48:30","modified_gmt":"2024-06-07T14:48:30","slug":"edital-epe","status":"publish","type":"post","link":"https:\/\/www.estrategiaconcursos.com.br\/blog\/edital-epe\/","title":{"rendered":"Edital EPE: FGV encerra inscri\u00e7\u00f5es! Inicial de R$ 11,5 mil"},"content":{"rendered":"\n<h3 class=\"wp-block-heading\" id=\"provas-serao-aplicadas-em-brasilia-sao-paulo-e-rio-de-janeiro\"><em>Provas ser\u00e3o aplicadas em Bras\u00edlia, S\u00e3o Paulo e Rio de Janeiro!<\/em><\/h3>\n\n\n\n<p>Est\u00e3o oficialmente encerradas as inscri\u00e7\u00f5es do<strong> edital EPE<\/strong>, para provimento de 17 vagas mais CR, e sal\u00e1rios iniciais que chegam a R$ 11.505,45.<\/p>\n\n\n\n<p>As oportunidades s\u00e3o destinadas para os cargos de <strong>Analista de Pesquisa Energ\u00e9tica <\/strong>e<strong> Analista de Gest\u00e3o Corporativa<\/strong>, ambos com exig\u00eancia em n\u00edvel superior de forma\u00e7\u00e3o.<\/p>\n\n\n\n<ul class=\"has-very-light-gray-to-cyan-bluish-gray-gradient-background has-background wp-block-list\"><li><strong>Concurso EPE<\/strong><\/li><li><strong>Status:<\/strong> Inscri\u00e7\u00f5es encerradas<\/li><li><strong>Banca:<\/strong> <a href=\"https:\/\/conhecimento.fgv.br\/concursos\/epe22\" target=\"_blank\" rel=\"noreferrer noopener\">FGV<\/a><\/li><li><strong>Vagas:<\/strong> 17 + 119 CR<\/li><li><strong>Sal\u00e1rio inicial:<\/strong> R$ 11.505,45<\/li><li><strong>Edital:<\/strong> <a href=\"https:\/\/dhg1h5j42swfq.cloudfront.net\/2022\/01\/12101045\/edital_concurso_epe_06_01_2022_.pdf\" target=\"_blank\" rel=\"noreferrer noopener nofollow\">EPE 2022<\/a><\/li><\/ul>\n\n\n\n<p>O prazo de validade do concurso ser\u00e1 de 18 meses, a contar da data da homologa\u00e7\u00e3o do resultado final, podendo ser prorrogado, a crit\u00e9rio da EPE. <\/p>\n\n\n\n<p>A fim de te deixar sempre bem informado, elaboramos este artigo com as principais informa\u00e7\u00f5es e novidades sobre o concurso EPE. Acompanhe os t\u00f3picos abaixo e n\u00e3o perca nenhum detalhe:<\/p>\n\n\n\n<div class=\"container\" id=\"boxes\">\n  <div class=\"row\">\n\n    <div class=\"col-sm\">\n      <div class=\"banner-estrategia\" id=\"box-assinatura\">\n        <h3 class=\"titulo-assinatura\">Cursos para EPE<\/h3>\n        <p class=\"subtitulo-assinatura\">Conhe\u00e7a os cursos<\/p>\n        <div class=\"box-botao\">\n          <a class=\"btn-assinatura\" target=\"_blank\" href=\"https:\/\/www.estrategiaconcursos.com.br\/cursosPorConcurso\/empresa-de-pesquisa-energetica-epe\/\" role=\"button\" rel=\"noopener noreferrer\">Conhe\u00e7a mais<\/a>\n        <\/div>\n      <\/div>\n     \n    <\/div>\n\n  <\/div>\n<\/div>\n\n\n\n<h2 class=\"wp-block-heading\" id=\"situacao\">Situa\u00e7\u00e3o atual do edital EPE<\/h2>\n\n\n\n<h3 class=\"wp-block-heading\" id=\"datas\">Principais datas<\/h3>\n\n\n\n<ul class=\"wp-block-list\"><li><strong>Inscri\u00e7\u00f5es<\/strong>: <s>12\/01 a 10\/02\/2022<\/s><\/li><li><strong>Isen\u00e7\u00e3o da taxa<\/strong>: <s>12 a 14\/01\/2022<\/s><\/li><li><strong>\u00daltimo dia para pagamento<\/strong>: 11\/02\/2022<\/li><li><strong>Prova<\/strong>: 03\/04\/2022 (13h \u00e0s 18h)<\/li><\/ul>\n\n\n\n<h2 class=\"wp-block-heading\" id=\"cargos-vagas\">Cargos e vagas do edital EPE <\/h2>\n\n\n\n<p>Conforme mencionado, o edital EPE oferta 17 vagas mais oportunidades em cadastro de reserva. Os contratados ter\u00e3o que trabalhar regime de 40 horas semanais. <\/p>\n\n\n\n<p>Para conferir mais detalhes, basta observar o quadro abaixo:<\/p>\n\n\n\n<div class=\"wp-block-image\"><figure class=\"aligncenter size-full is-resized\"><img loading=\"lazy\" decoding=\"async\" src=\"https:\/\/dhg1h5j42swfq.cloudfront.net\/2022\/01\/07065244\/image-92.png\" alt=\"vagas edital EPE\" class=\"wp-image-941575\" width=\"653\" height=\"407\" srcset=\"https:\/\/dhg1h5j42swfq.cloudfront.net\/2022\/01\/07065244\/image-92.png 906w, https:\/\/dhg1h5j42swfq.cloudfront.net\/2022\/01\/07065244\/image-92-300x187.png 300w, https:\/\/dhg1h5j42swfq.cloudfront.net\/2022\/01\/07065244\/image-92-768x480.png 768w, https:\/\/dhg1h5j42swfq.cloudfront.net\/2022\/01\/07065244\/image-92-610x381.png 610w\" sizes=\"auto, (max-width: 653px) 100vw, 653px\" \/><\/figure><\/div>\n\n\n\n<p>O sal\u00e1rio b\u00e1sico inicial para todos os cargos \u00e9 de <strong>R$ 11.505,45<\/strong>, para carga hor\u00e1ria de trabalho \u00e9 de 8 horas di\u00e1rias, num total de 40 horas semanais.<\/p>\n\n\n\n<p>Os candidatos admitidos far\u00e3o jus a sal\u00e1rio, benef\u00edcios e vantagens em vigor na \u00e9poca de sua admiss\u00e3o.<\/p>\n\n\n\n<h2 class=\"wp-block-heading\" id=\"etapas\">Etapas e provas do edital EPE  <\/h2>\n\n\n\n<p>Para todos os cargos do edital EPE, haver\u00e1 Prova Escrita Objetiva e Prova Discursiva, ambas de car\u00e1ter eliminat\u00f3rio e classificat\u00f3rio.<\/p>\n\n\n\n<p>As provas ser\u00e3o realizadas nos munic\u00edpios de Bras\u00edlia\/DF, S\u00e3o Paulo\/SP e Rio de Janeiro\/RJ.<\/p>\n\n\n\n<h3 class=\"wp-block-heading\" id=\"objetiva\">Provas Objetivas<\/h3>\n\n\n\n<p>A Prova Escrita Objetiva ser\u00e1 composta por 70  itens de m\u00faltipla escolha, numeradas sequencialmente, com 5 alternativas e apenas uma correta.<\/p>\n\n\n\n<ul class=\"wp-block-list\"><li><strong>L\u00edngua Portuguesa<\/strong> &#8211; 14 quest\u00f5es;<\/li><li><strong>L\u00edngua Inglesa<\/strong> &#8211; 8 quest\u00f5es;<\/li><li><strong>No\u00e7\u00f5es de Administra\u00e7\u00e3o P\u00fablica<\/strong> &#8211; 8 quest\u00f5es; <\/li><li><strong>Conhecimentos Espec\u00edficos<\/strong> &#8211; 40 quest\u00f5es.<\/li><\/ul>\n\n\n\n<h3 class=\"wp-block-heading\" id=\"discursiva\">Prova Discursiva<\/h3>\n\n\n\n<p>A Prova Escrita Discursiva acontecer\u00e1 no mesmo dia e hor\u00e1rio da Prova Escrita Objetiva para todos os cargos e \u00e1reas de atua\u00e7\u00e3o.<\/p>\n\n\n\n<p>Somente ser\u00e3o corrigidas as Discursivas dos candidatos que aprovados na Prova Objetiva dentro do quantitativo correspondente a 10 vezes o n\u00famero total de vagas efetivas e cadastro de reserva de cada \u00e1rea de atua\u00e7\u00e3o, sendo respeitados os empates na \u00faltima posi\u00e7\u00e3o, conforme quadro a seguir:<\/p>\n\n\n\n<div class=\"wp-block-image\"><figure class=\"aligncenter size-full is-resized\"><img loading=\"lazy\" decoding=\"async\" src=\"https:\/\/dhg1h5j42swfq.cloudfront.net\/2022\/01\/07070009\/image-93.png\" alt=\"prova discursiva edital EPE\" class=\"wp-image-941577\" width=\"643\" height=\"324\" srcset=\"https:\/\/dhg1h5j42swfq.cloudfront.net\/2022\/01\/07070009\/image-93.png 908w, https:\/\/dhg1h5j42swfq.cloudfront.net\/2022\/01\/07070009\/image-93-300x152.png 300w, https:\/\/dhg1h5j42swfq.cloudfront.net\/2022\/01\/07070009\/image-93-768x388.png 768w, https:\/\/dhg1h5j42swfq.cloudfront.net\/2022\/01\/07070009\/image-93-610x308.png 610w\" sizes=\"auto, (max-width: 643px) 100vw, 643px\" \/><\/figure><\/div>\n\n\n\n<h2 class=\"wp-block-heading\" id=\"edital-estrategico\">Edital Estrat\u00e9gico<\/h2>\n\n\n\n<p><strong>O que \u00e9 o Edital Estrat\u00e9gico?<\/strong>\u00a0Trata-se de uma planilha com recursos para ajud\u00e1-los no registro das diferentes tarefas de estudo: teoria, revis\u00e3o e exerc\u00edcios. <\/p>\n\n\n\n<p>O registro de cada tarefa ser\u00e1 feito para cada assunto exigido no conte\u00fado program\u00e1tico do edital.<\/p>\n\n\n\n<ul class=\"wp-block-list\"><li><a href=\"https:\/\/docs.google.com\/spreadsheets\/u\/1\/d\/10qCOo7h-FQSNnGap6VRJUPjPSVHyHre7\/edit?usp=sharing&amp;ouid=117192946593289605908&amp;rtpof=true&amp;sd=true\" target=\"_blank\" rel=\"noreferrer noopener\">Analista de Gest\u00e3o Corporativa \u2013 RH<\/a><\/li><li><a href=\"https:\/\/docs.google.com\/spreadsheets\/u\/1\/d\/1jAznVHP8PrOI4NNQ2L-M4sU_F6G7E-92\/edit?usp=sharing&amp;ouid=117192946593289605908&amp;rtpof=true&amp;sd=true\" target=\"_blank\" rel=\"noreferrer noopener\">Analista de Pesquisa Energ\u00e9tica<\/a><\/li><li><a href=\"https:\/\/docs.google.com\/spreadsheets\/u\/1\/d\/1fBvG4NbnyzO3-KZPDKOfTlGdy3-54h67\/edit?usp=sharing&amp;ouid=117192946593289605908&amp;rtpof=true&amp;sd=true\" target=\"_blank\" rel=\"noreferrer noopener\">Analista de Pesquisa Energ\u00e9tica \u2013 Planejamento da Gera\u00e7\u00e3o \u2013 Petr\u00f3leo G\u00e1s e Bioenergia<\/a><\/li><li><a href=\"https:\/\/docs.google.com\/spreadsheets\/u\/1\/d\/1d2ZsfavLSD3Qb2CZkqyreEKhkdEHy1Sg\/edit?usp=sharing&amp;ouid=117192946593289605908&amp;rtpof=true&amp;sd=true\" target=\"_blank\" rel=\"noreferrer noopener\">Analista de Pesquisa Energ\u00e9tica \u2013 Planejamento da Gera\u00e7\u00e3o<\/a><\/li><li><a href=\"https:\/\/docs.google.com\/spreadsheets\/u\/1\/d\/1MjYmObXyT2ZjhbJrfxcO_povgbez6fz1\/edit?usp=sharing&amp;ouid=117192946593289605908&amp;rtpof=true&amp;sd=true\" target=\"_blank\" rel=\"noreferrer noopener\">Analista de Pesquisa Energ\u00e9tica \u2013 Recursos Energ\u00e9ticos<\/a><\/li><li><a href=\"https:\/\/docs.google.com\/spreadsheets\/d\/1OuTz24ATDu4zOsVUWwsIqDhtKjpInRDd\/edit#gid=2037631533\" target=\"_blank\" rel=\"noreferrer noopener\">Analista de Pesquisa Energ\u00e9tica \u2013 Economia de Energia<\/a><\/li><li><a href=\"https:\/\/docs.google.com\/spreadsheets\/d\/1xI84DKG1ByHhRP8daHoUwRxy4gT_Ixh0\/edit#gid=623734896\" target=\"_blank\" rel=\"noreferrer noopener\">Analista de Pesquisa Energ\u00e9tica \u2013 Planejamento da Gera\u00e7\u00e3o \u2013 Petr\u00f3leo Abastecimento<\/a><\/li><li><a href=\"https:\/\/docs.google.com\/spreadsheets\/d\/14lOUpz2RxcFHttx2vOlOVvSfaHTtTGm2\/edit#gid=1102404319\" target=\"_blank\" rel=\"noreferrer noopener\">Analista de Pesquisa Energ\u00e9tica \u2013 Planejamento da Gera\u00e7\u00e3o \u2013 Petr\u00f3leo Explora\u00e7\u00e3o e Produ\u00e7\u00e3o<\/a><\/li><\/ul>\n\n\n\n<p class=\"has-text-align-center has-background has-medium-font-size\" style=\"background-color:#c3dae9\"><strong>Saiba mais: <a href=\"https:\/\/www.estrategiaconcursos.com.br\/blog\/concurso-epe\/\" target=\"_blank\" rel=\"noreferrer noopener\">concurso EPE<\/a><\/strong><\/p>\n\n\n\n<hr class=\"wp-block-separator\"\/>\n\n\n\n<h2 class=\"has-text-align-center wp-block-heading\" id=\"cursos-assinatura\">Quer estudar para o edital EPE?<\/h2>\n\n\n\n<div class=\"container\" id=\"boxes\">\n  <div class=\"row\">\n\n    <div class=\"col-sm\">\n      <div class=\"banner-estrategia\" id=\"box-assinatura\">\n        <h3 class=\"titulo-assinatura\">Cursos para EPE<\/h3>\n        <p class=\"subtitulo-assinatura\">Conhe\u00e7a os cursos<\/p>\n        <div class=\"box-botao\">\n          <a class=\"btn-assinatura\" target=\"_blank\" href=\"https:\/\/www.estrategiaconcursos.com.br\/cursosPorConcurso\/empresa-de-pesquisa-energetica-epe\/\" role=\"button\" rel=\"noopener noreferrer\">Conhe\u00e7a mais<\/a>\n        <\/div>\n      <\/div>\n     \n    <\/div>\n\n  <\/div>\n<\/div>\n\n\n\n<div class=\"container\" id=\"boxes\">\n  <div class=\"row\">\n\n    <div class=\"col-sm\">\n      <div class=\"estrategia\" id=\"box-assinatura\">\n        <h3 class=\"titulo-assinatura\">Assinatura Concursos<\/h3>\n        <p class=\"subtitulo-assinatura\">Assinatura de 1 ano ou 2 anos<\/p>\n        <div class=\"box-botao\">\n          <a class=\"btn-assinatura\" target=\"_blank\" href=\"https:\/\/www.estrategiaconcursos.com.br\/assinaturas\/\" role=\"button\" rel=\"noopener noreferrer\">ASSINE AGORA<\/a>\n        <\/div>\n      <\/div><\/div><\/div><\/div>\n\n\n\n<h2 class=\"has-text-align-center wp-block-heading\" id=\"h-quer-saber-tudo-sobre-concursos-previstos-confira-nossos-artigos\">Quer saber tudo sobre concursos previstos?<br \/>Confira  nossos artigos!<\/h2>\n\n\n\n<ul class=\"wp-block-list\"><li><a href=\"https:\/\/www.estrategiaconcursos.com.br\/blog\/concursos-abertos\/\" target=\"_blank\" rel=\"noreferrer noopener\">Concursos abertos<\/a><\/li><li><a href=\"https:\/\/www.estrategiaconcursos.com.br\/blog\/concursos-2022\/\" target=\"_blank\" rel=\"noreferrer noopener\">Concursos 2022<\/a><\/li><\/ul>\n\n\n\n<figure class=\"wp-block-image size-large is-resized\"><img loading=\"lazy\" decoding=\"async\" src=\"https:\/\/dhg1h5j42swfq.cloudfront.net\/2025\/06\/27101122\/ficha-tecnica-1-1024x632.png\" alt=\"Informa\u00e7\u00f5es do concurso EPE\" class=\"wp-image-702728\" width=\"269\" height=\"166\" srcset=\"https:\/\/dhg1h5j42swfq.cloudfront.net\/2025\/06\/27101122\/ficha-tecnica-1-1024x632.png 1024w, https:\/\/dhg1h5j42swfq.cloudfront.net\/2025\/06\/27101122\/ficha-tecnica-1-300x185.png 300w, https:\/\/dhg1h5j42swfq.cloudfront.net\/2025\/06\/27101122\/ficha-tecnica-1-768x474.png 768w, https:\/\/dhg1h5j42swfq.cloudfront.net\/2025\/06\/27101122\/ficha-tecnica-1-1536x948.png 1536w, https:\/\/dhg1h5j42swfq.cloudfront.net\/2025\/06\/27101122\/ficha-tecnica-1-610x377.png 610w, https:\/\/dhg1h5j42swfq.cloudfront.net\/2025\/06\/27101122\/ficha-tecnica-1.png 1571w\" sizes=\"auto, (max-width: 269px) 100vw, 269px\" \/><\/figure>\n\n\n\n<h3 class=\"wp-block-heading\" id=\"ficha\">Informa\u00e7\u00f5es do edital EPE<\/h3>\n\n\n\n<ul class=\"wp-block-list\"><li><strong style=\"color: initial;\">Provas<\/strong><span style=\"color: initial;\">: <\/span>03\/04\/2022<\/li><li><strong>Vagas<\/strong>: 17 + 119 CR<\/li><li><strong>Cargos<\/strong>: Analista de Pesquisa Energ\u00e9tica e Analista de Gest\u00e3o Corporativa<\/li><li><strong>Banca<\/strong>: FGV<\/li><li><strong>Escolaridade<\/strong>: N\u00edvel superior<\/li><li><strong>Edital<\/strong>:&nbsp;<a href=\"https:\/\/dhg1h5j42swfq.cloudfront.net\/2022\/01\/12101045\/edital_concurso_epe_06_01_2022_.pdf\" target=\"_blank\" rel=\"noreferrer noopener nofollow\">Edital EPE 2022<\/a><\/li><\/ul>\n","protected":false},"excerpt":{"rendered":"<p>Provas ser\u00e3o aplicadas em Bras\u00edlia, S\u00e3o Paulo e Rio de Janeiro! Est\u00e3o oficialmente encerradas as inscri\u00e7\u00f5es do edital EPE, para provimento de 17 vagas mais CR, e sal\u00e1rios iniciais que chegam a R$ 11.505,45. As oportunidades s\u00e3o destinadas para os cargos de Analista de Pesquisa Energ\u00e9tica e Analista de Gest\u00e3o Corporativa, ambos com exig\u00eancia em [&hellip;]<\/p>\n","protected":false},"author":656,"featured_media":924379,"comment_status":"open","ping_status":"closed","sticky":false,"template":"","format":"standard","meta":{"post_tipo":"news","footnotes":""},"categories":[214992,220219],"tags":[],"tax_estado":[219970,219982,219989],"class_list":["post-941574","post","type-post","status-publish","format-standard","has-post-thumbnail","hentry","category-concursos-administrativos","category-noticias","tax_estado-df","tax_estado-rj","tax_estado-sp"],"acf":[],"yoast_head":"<!-- This site is optimized with the Yoast SEO Premium plugin v27.2 (Yoast SEO v27.2) - https:\/\/yoast.com\/product\/yoast-seo-premium-wordpress\/ -->\n<title>Edital EPE: FGV encerra inscri\u00e7\u00f5es! Inicial de R$ 11,5 mil<\/title>\n<meta name=\"description\" content=\"EDITAL EPE: inscri\u00e7\u00f5es encerradas para 17 vagas + CR nos cargos de Analistas. Provas ser\u00e3o aplicadas em Bras\u00edlia, S\u00e3o Paulo e Rio de Janeiro.\" \/>\n<meta name=\"robots\" content=\"index, follow, max-snippet:-1, max-image-preview:large, max-video-preview:-1\" \/>\n<link rel=\"canonical\" href=\"https:\/\/www.estrategiaconcursos.com.br\/blog\/edital-epe\/\" \/>\n<meta property=\"og:locale\" content=\"pt_BR\" \/>\n<meta property=\"og:type\" content=\"article\" \/>\n<meta property=\"og:title\" content=\"Edital EPE: FGV encerra inscri\u00e7\u00f5es! Inicial de R$ 11,5 mil\" \/>\n<meta property=\"og:description\" content=\"EDITAL EPE: inscri\u00e7\u00f5es encerradas para 17 vagas + CR nos cargos de Analistas. Provas ser\u00e3o aplicadas em Bras\u00edlia, S\u00e3o Paulo e Rio de Janeiro.\" \/>\n<meta property=\"og:url\" content=\"https:\/\/www.estrategiaconcursos.com.br\/blog\/edital-epe\/\" \/>\n<meta property=\"og:site_name\" content=\"Estrat\u00e9gia Concursos\" \/>\n<meta property=\"article:published_time\" content=\"2022-02-10T19:00:00+00:00\" \/>\n<meta property=\"article:modified_time\" content=\"2024-06-07T14:48:30+00:00\" \/>\n<meta property=\"og:image\" content=\"https:\/\/dhg1h5j42swfq.cloudfront.net\/2021\/12\/07155551\/epe-1.jpg\" \/>\n\t<meta property=\"og:image:width\" content=\"768\" \/>\n\t<meta property=\"og:image:height\" content=\"432\" \/>\n\t<meta property=\"og:image:type\" content=\"image\/jpeg\" \/>\n<meta name=\"author\" content=\"F\u00e1bio Scaldelai\" \/>\n<meta name=\"twitter:card\" content=\"summary_large_image\" \/>\n<meta name=\"twitter:creator\" content=\"@EstratConcursos\" \/>\n<meta name=\"twitter:site\" content=\"@EstratConcursos\" \/>\n<meta name=\"twitter:label1\" content=\"Escrito por\" \/>\n\t<meta name=\"twitter:data1\" content=\"F\u00e1bio Scaldelai\" \/>\n\t<meta name=\"twitter:label2\" content=\"Est. tempo de leitura\" \/>\n\t<meta name=\"twitter:data2\" content=\"4 minutos\" \/>\n<script type=\"application\/ld+json\" class=\"yoast-schema-graph\">{\"@context\":\"https:\/\/schema.org\",\"@graph\":[{\"@type\":\"NewsArticle\",\"@id\":\"https:\/\/www.estrategiaconcursos.com.br\/blog\/edital-epe\/#article\",\"isPartOf\":{\"@id\":\"https:\/\/www.estrategiaconcursos.com.br\/blog\/edital-epe\/\"},\"author\":{\"name\":\"F\u00e1bio Scaldelai\",\"@id\":\"https:\/\/www.estrategiaconcursos.com.br\/blog\/#\/schema\/person\/e3b6b7ce0192dd4ad270655969d61750\"},\"headline\":\"Edital EPE: FGV encerra inscri\u00e7\u00f5es! Inicial de R$ 11,5 mil\",\"datePublished\":\"2022-02-10T19:00:00+00:00\",\"dateModified\":\"2024-06-07T14:48:30+00:00\",\"mainEntityOfPage\":{\"@id\":\"https:\/\/www.estrategiaconcursos.com.br\/blog\/edital-epe\/\"},\"wordCount\":648,\"commentCount\":0,\"publisher\":{\"@id\":\"https:\/\/www.estrategiaconcursos.com.br\/blog\/#organization\"},\"image\":{\"@id\":\"https:\/\/www.estrategiaconcursos.com.br\/blog\/edital-epe\/#primaryimage\"},\"thumbnailUrl\":\"https:\/\/dhg1h5j42swfq.cloudfront.net\/2021\/12\/07155551\/epe-1.jpg\",\"articleSection\":[\"Executivo (Administrativa)\",\"\u00daltimas not\u00edcias\"],\"inLanguage\":\"pt-BR\",\"potentialAction\":[{\"@type\":\"CommentAction\",\"name\":\"Comment\",\"target\":[\"https:\/\/www.estrategiaconcursos.com.br\/blog\/edital-epe\/#respond\"]}],\"copyrightYear\":\"2022\",\"copyrightHolder\":{\"@id\":\"https:\/\/www.estrategiaconcursos.com.br\/blog\/#organization\"}},{\"@type\":\"WebPage\",\"@id\":\"https:\/\/www.estrategiaconcursos.com.br\/blog\/edital-epe\/\",\"url\":\"https:\/\/www.estrategiaconcursos.com.br\/blog\/edital-epe\/\",\"name\":\"Edital EPE: FGV encerra inscri\u00e7\u00f5es! Inicial de R$ 11,5 mil\",\"isPartOf\":{\"@id\":\"https:\/\/www.estrategiaconcursos.com.br\/blog\/#website\"},\"primaryImageOfPage\":{\"@id\":\"https:\/\/www.estrategiaconcursos.com.br\/blog\/edital-epe\/#primaryimage\"},\"image\":{\"@id\":\"https:\/\/www.estrategiaconcursos.com.br\/blog\/edital-epe\/#primaryimage\"},\"thumbnailUrl\":\"https:\/\/dhg1h5j42swfq.cloudfront.net\/2021\/12\/07155551\/epe-1.jpg\",\"datePublished\":\"2022-02-10T19:00:00+00:00\",\"dateModified\":\"2024-06-07T14:48:30+00:00\",\"description\":\"EDITAL EPE: inscri\u00e7\u00f5es encerradas para 17 vagas + CR nos cargos de Analistas. Provas ser\u00e3o aplicadas em Bras\u00edlia, S\u00e3o Paulo e Rio de Janeiro.\",\"breadcrumb\":{\"@id\":\"https:\/\/www.estrategiaconcursos.com.br\/blog\/edital-epe\/#breadcrumb\"},\"inLanguage\":\"pt-BR\",\"potentialAction\":[{\"@type\":\"ReadAction\",\"target\":[\"https:\/\/www.estrategiaconcursos.com.br\/blog\/edital-epe\/\"]}]},{\"@type\":\"ImageObject\",\"inLanguage\":\"pt-BR\",\"@id\":\"https:\/\/www.estrategiaconcursos.com.br\/blog\/edital-epe\/#primaryimage\",\"url\":\"https:\/\/dhg1h5j42swfq.cloudfront.net\/2021\/12\/07155551\/epe-1.jpg\",\"contentUrl\":\"https:\/\/dhg1h5j42swfq.cloudfront.net\/2021\/12\/07155551\/epe-1.jpg\",\"width\":768,\"height\":432,\"caption\":\"Concurso EPE FGV\"},{\"@type\":\"BreadcrumbList\",\"@id\":\"https:\/\/www.estrategiaconcursos.com.br\/blog\/edital-epe\/#breadcrumb\",\"itemListElement\":[{\"@type\":\"ListItem\",\"position\":1,\"name\":\"In\u00edcio\",\"item\":\"https:\/\/www.estrategiaconcursos.com.br\/blog\/\"},{\"@type\":\"ListItem\",\"position\":2,\"name\":\"Edital EPE: FGV encerra inscri\u00e7\u00f5es! Inicial de R$ 11,5 mil\"}]},{\"@type\":\"WebSite\",\"@id\":\"https:\/\/www.estrategiaconcursos.com.br\/blog\/#website\",\"url\":\"https:\/\/www.estrategiaconcursos.com.br\/blog\/\",\"name\":\"Estrat\u00e9gia Concursos\",\"description\":\"O blog da Estrat\u00e9gia Concursos traz not\u00edcias sobre concursos e artigos de professores oferecendo cursos para concursos (pdf + videaulas) no site.\",\"publisher\":{\"@id\":\"https:\/\/www.estrategiaconcursos.com.br\/blog\/#organization\"},\"potentialAction\":[{\"@type\":\"SearchAction\",\"target\":{\"@type\":\"EntryPoint\",\"urlTemplate\":\"https:\/\/www.estrategiaconcursos.com.br\/blog\/?s={search_term_string}\"},\"query-input\":{\"@type\":\"PropertyValueSpecification\",\"valueRequired\":true,\"valueName\":\"search_term_string\"}}],\"inLanguage\":\"pt-BR\"},{\"@type\":\"Organization\",\"@id\":\"https:\/\/www.estrategiaconcursos.com.br\/blog\/#organization\",\"name\":\"Estrat\u00e9gia Concursos\",\"url\":\"https:\/\/www.estrategiaconcursos.com.br\/blog\/\",\"logo\":{\"@type\":\"ImageObject\",\"inLanguage\":\"pt-BR\",\"@id\":\"https:\/\/www.estrategiaconcursos.com.br\/blog\/#\/schema\/logo\/image\/\",\"url\":\"https:\/\/dhg1h5j42swfq.cloudfront.net\/2025\/06\/03203428\/logo_concursos-1.jpg\",\"contentUrl\":\"https:\/\/dhg1h5j42swfq.cloudfront.net\/2025\/06\/03203428\/logo_concursos-1.jpg\",\"width\":230,\"height\":60,\"caption\":\"Estrat\u00e9gia Concursos\"},\"image\":{\"@id\":\"https:\/\/www.estrategiaconcursos.com.br\/blog\/#\/schema\/logo\/image\/\"},\"sameAs\":[\"https:\/\/x.com\/EstratConcursos\"]},{\"@type\":\"Person\",\"@id\":\"https:\/\/www.estrategiaconcursos.com.br\/blog\/#\/schema\/person\/e3b6b7ce0192dd4ad270655969d61750\",\"name\":\"F\u00e1bio Scaldelai\",\"image\":{\"@type\":\"ImageObject\",\"inLanguage\":\"pt-BR\",\"@id\":\"https:\/\/secure.gravatar.com\/avatar\/8ed7492c4d88d8495bc0cb24cda6847b8ae23eec459a919e08e77d0ca0fd79ec?s=96&d=mm&r=g\",\"url\":\"https:\/\/secure.gravatar.com\/avatar\/8ed7492c4d88d8495bc0cb24cda6847b8ae23eec459a919e08e77d0ca0fd79ec?s=96&d=mm&r=g\",\"contentUrl\":\"https:\/\/secure.gravatar.com\/avatar\/8ed7492c4d88d8495bc0cb24cda6847b8ae23eec459a919e08e77d0ca0fd79ec?s=96&d=mm&r=g\",\"caption\":\"F\u00e1bio Scaldelai\"},\"description\":\"Jornalista no Estrat\u00e9gia Concursos e Produtor de Televis\u00e3o, formado em Jornalismo, R\u00e1dio e TV pela Faculdade Integrada Rio Branco, com especializa\u00e7\u00f5es em Gest\u00e3o Empresarial e Marketing pelo M\u00f3dulo. Atuou como produtor no SBT, TV Bandeirantes e R\u00e1dio Band FM, al\u00e9m de acumular tr\u00eas anos de experi\u00eancia no setor de concursos p\u00fablicos pela LFG (Luiz Fl\u00e1vio Gomes). No Estrat\u00e9gia Concursos, atua na apura\u00e7\u00e3o de not\u00edcias da \u00e1rea fiscal, al\u00e9m de coberturas sobre concursos das \u00e1reas de controle (TCU, TCE, etc), concurso AFT, \u00e1rea de gest\u00e3o e administrativa, bem como dos \u00f3rg\u00e3os participantes do CNU. Tamb\u00e9m possui experi\u00eancia em link building e an\u00e1lise de m\u00eddia, adquirida durante sua atua\u00e7\u00e3o na ag\u00eancia SEO Marketing.\",\"url\":\"https:\/\/www.estrategiaconcursos.com.br\/blog\/author\/fabio-scaldelaiestrategiaconcursos-com-br\/\"}]}<\/script>\n<!-- \/ Yoast SEO Premium plugin. -->","yoast_head_json":{"title":"Edital EPE: FGV encerra inscri\u00e7\u00f5es! Inicial de R$ 11,5 mil","description":"EDITAL EPE: inscri\u00e7\u00f5es encerradas para 17 vagas + CR nos cargos de Analistas. Provas ser\u00e3o aplicadas em Bras\u00edlia, S\u00e3o Paulo e Rio de Janeiro.","robots":{"index":"index","follow":"follow","max-snippet":"max-snippet:-1","max-image-preview":"max-image-preview:large","max-video-preview":"max-video-preview:-1"},"canonical":"https:\/\/www.estrategiaconcursos.com.br\/blog\/edital-epe\/","og_locale":"pt_BR","og_type":"article","og_title":"Edital EPE: FGV encerra inscri\u00e7\u00f5es! Inicial de R$ 11,5 mil","og_description":"EDITAL EPE: inscri\u00e7\u00f5es encerradas para 17 vagas + CR nos cargos de Analistas. Provas ser\u00e3o aplicadas em Bras\u00edlia, S\u00e3o Paulo e Rio de Janeiro.","og_url":"https:\/\/www.estrategiaconcursos.com.br\/blog\/edital-epe\/","og_site_name":"Estrat\u00e9gia Concursos","article_published_time":"2022-02-10T19:00:00+00:00","article_modified_time":"2024-06-07T14:48:30+00:00","og_image":[{"width":768,"height":432,"url":"https:\/\/dhg1h5j42swfq.cloudfront.net\/2021\/12\/07155551\/epe-1.jpg","type":"image\/jpeg"}],"author":"F\u00e1bio Scaldelai","twitter_card":"summary_large_image","twitter_creator":"@EstratConcursos","twitter_site":"@EstratConcursos","twitter_misc":{"Escrito por":"F\u00e1bio Scaldelai","Est. tempo de leitura":"4 minutos"},"schema":{"@context":"https:\/\/schema.org","@graph":[{"@type":"NewsArticle","@id":"https:\/\/www.estrategiaconcursos.com.br\/blog\/edital-epe\/#article","isPartOf":{"@id":"https:\/\/www.estrategiaconcursos.com.br\/blog\/edital-epe\/"},"author":{"name":"F\u00e1bio Scaldelai","@id":"https:\/\/www.estrategiaconcursos.com.br\/blog\/#\/schema\/person\/e3b6b7ce0192dd4ad270655969d61750"},"headline":"Edital EPE: FGV encerra inscri\u00e7\u00f5es! Inicial de R$ 11,5 mil","datePublished":"2022-02-10T19:00:00+00:00","dateModified":"2024-06-07T14:48:30+00:00","mainEntityOfPage":{"@id":"https:\/\/www.estrategiaconcursos.com.br\/blog\/edital-epe\/"},"wordCount":648,"commentCount":0,"publisher":{"@id":"https:\/\/www.estrategiaconcursos.com.br\/blog\/#organization"},"image":{"@id":"https:\/\/www.estrategiaconcursos.com.br\/blog\/edital-epe\/#primaryimage"},"thumbnailUrl":"https:\/\/dhg1h5j42swfq.cloudfront.net\/2021\/12\/07155551\/epe-1.jpg","articleSection":["Executivo (Administrativa)","\u00daltimas not\u00edcias"],"inLanguage":"pt-BR","potentialAction":[{"@type":"CommentAction","name":"Comment","target":["https:\/\/www.estrategiaconcursos.com.br\/blog\/edital-epe\/#respond"]}],"copyrightYear":"2022","copyrightHolder":{"@id":"https:\/\/www.estrategiaconcursos.com.br\/blog\/#organization"}},{"@type":"WebPage","@id":"https:\/\/www.estrategiaconcursos.com.br\/blog\/edital-epe\/","url":"https:\/\/www.estrategiaconcursos.com.br\/blog\/edital-epe\/","name":"Edital EPE: FGV encerra inscri\u00e7\u00f5es! Inicial de R$ 11,5 mil","isPartOf":{"@id":"https:\/\/www.estrategiaconcursos.com.br\/blog\/#website"},"primaryImageOfPage":{"@id":"https:\/\/www.estrategiaconcursos.com.br\/blog\/edital-epe\/#primaryimage"},"image":{"@id":"https:\/\/www.estrategiaconcursos.com.br\/blog\/edital-epe\/#primaryimage"},"thumbnailUrl":"https:\/\/dhg1h5j42swfq.cloudfront.net\/2021\/12\/07155551\/epe-1.jpg","datePublished":"2022-02-10T19:00:00+00:00","dateModified":"2024-06-07T14:48:30+00:00","description":"EDITAL EPE: inscri\u00e7\u00f5es encerradas para 17 vagas + CR nos cargos de Analistas. Provas ser\u00e3o aplicadas em Bras\u00edlia, S\u00e3o Paulo e Rio de Janeiro.","breadcrumb":{"@id":"https:\/\/www.estrategiaconcursos.com.br\/blog\/edital-epe\/#breadcrumb"},"inLanguage":"pt-BR","potentialAction":[{"@type":"ReadAction","target":["https:\/\/www.estrategiaconcursos.com.br\/blog\/edital-epe\/"]}]},{"@type":"ImageObject","inLanguage":"pt-BR","@id":"https:\/\/www.estrategiaconcursos.com.br\/blog\/edital-epe\/#primaryimage","url":"https:\/\/dhg1h5j42swfq.cloudfront.net\/2021\/12\/07155551\/epe-1.jpg","contentUrl":"https:\/\/dhg1h5j42swfq.cloudfront.net\/2021\/12\/07155551\/epe-1.jpg","width":768,"height":432,"caption":"Concurso EPE FGV"},{"@type":"BreadcrumbList","@id":"https:\/\/www.estrategiaconcursos.com.br\/blog\/edital-epe\/#breadcrumb","itemListElement":[{"@type":"ListItem","position":1,"name":"In\u00edcio","item":"https:\/\/www.estrategiaconcursos.com.br\/blog\/"},{"@type":"ListItem","position":2,"name":"Edital EPE: FGV encerra inscri\u00e7\u00f5es! Inicial de R$ 11,5 mil"}]},{"@type":"WebSite","@id":"https:\/\/www.estrategiaconcursos.com.br\/blog\/#website","url":"https:\/\/www.estrategiaconcursos.com.br\/blog\/","name":"Estrat\u00e9gia Concursos","description":"O blog da Estrat\u00e9gia Concursos traz not\u00edcias sobre concursos e artigos de professores oferecendo cursos para concursos (pdf + videaulas) no site.","publisher":{"@id":"https:\/\/www.estrategiaconcursos.com.br\/blog\/#organization"},"potentialAction":[{"@type":"SearchAction","target":{"@type":"EntryPoint","urlTemplate":"https:\/\/www.estrategiaconcursos.com.br\/blog\/?s={search_term_string}"},"query-input":{"@type":"PropertyValueSpecification","valueRequired":true,"valueName":"search_term_string"}}],"inLanguage":"pt-BR"},{"@type":"Organization","@id":"https:\/\/www.estrategiaconcursos.com.br\/blog\/#organization","name":"Estrat\u00e9gia Concursos","url":"https:\/\/www.estrategiaconcursos.com.br\/blog\/","logo":{"@type":"ImageObject","inLanguage":"pt-BR","@id":"https:\/\/www.estrategiaconcursos.com.br\/blog\/#\/schema\/logo\/image\/","url":"https:\/\/dhg1h5j42swfq.cloudfront.net\/2025\/06\/03203428\/logo_concursos-1.jpg","contentUrl":"https:\/\/dhg1h5j42swfq.cloudfront.net\/2025\/06\/03203428\/logo_concursos-1.jpg","width":230,"height":60,"caption":"Estrat\u00e9gia Concursos"},"image":{"@id":"https:\/\/www.estrategiaconcursos.com.br\/blog\/#\/schema\/logo\/image\/"},"sameAs":["https:\/\/x.com\/EstratConcursos"]},{"@type":"Person","@id":"https:\/\/www.estrategiaconcursos.com.br\/blog\/#\/schema\/person\/e3b6b7ce0192dd4ad270655969d61750","name":"F\u00e1bio Scaldelai","image":{"@type":"ImageObject","inLanguage":"pt-BR","@id":"https:\/\/secure.gravatar.com\/avatar\/8ed7492c4d88d8495bc0cb24cda6847b8ae23eec459a919e08e77d0ca0fd79ec?s=96&d=mm&r=g","url":"https:\/\/secure.gravatar.com\/avatar\/8ed7492c4d88d8495bc0cb24cda6847b8ae23eec459a919e08e77d0ca0fd79ec?s=96&d=mm&r=g","contentUrl":"https:\/\/secure.gravatar.com\/avatar\/8ed7492c4d88d8495bc0cb24cda6847b8ae23eec459a919e08e77d0ca0fd79ec?s=96&d=mm&r=g","caption":"F\u00e1bio Scaldelai"},"description":"Jornalista no Estrat\u00e9gia Concursos e Produtor de Televis\u00e3o, formado em Jornalismo, R\u00e1dio e TV pela Faculdade Integrada Rio Branco, com especializa\u00e7\u00f5es em Gest\u00e3o Empresarial e Marketing pelo M\u00f3dulo. Atuou como produtor no SBT, TV Bandeirantes e R\u00e1dio Band FM, al\u00e9m de acumular tr\u00eas anos de experi\u00eancia no setor de concursos p\u00fablicos pela LFG (Luiz Fl\u00e1vio Gomes). No Estrat\u00e9gia Concursos, atua na apura\u00e7\u00e3o de not\u00edcias da \u00e1rea fiscal, al\u00e9m de coberturas sobre concursos das \u00e1reas de controle (TCU, TCE, etc), concurso AFT, \u00e1rea de gest\u00e3o e administrativa, bem como dos \u00f3rg\u00e3os participantes do CNU. Tamb\u00e9m possui experi\u00eancia em link building e an\u00e1lise de m\u00eddia, adquirida durante sua atua\u00e7\u00e3o na ag\u00eancia SEO Marketing.","url":"https:\/\/www.estrategiaconcursos.com.br\/blog\/author\/fabio-scaldelaiestrategiaconcursos-com-br\/"}]}},"_links":{"self":[{"href":"https:\/\/www.estrategiaconcursos.com.br\/blog\/wp-json\/wp\/v2\/posts\/941574","targetHints":{"allow":["GET"]}}],"collection":[{"href":"https:\/\/www.estrategiaconcursos.com.br\/blog\/wp-json\/wp\/v2\/posts"}],"about":[{"href":"https:\/\/www.estrategiaconcursos.com.br\/blog\/wp-json\/wp\/v2\/types\/post"}],"author":[{"embeddable":true,"href":"https:\/\/www.estrategiaconcursos.com.br\/blog\/wp-json\/wp\/v2\/users\/656"}],"replies":[{"embeddable":true,"href":"https:\/\/www.estrategiaconcursos.com.br\/blog\/wp-json\/wp\/v2\/comments?post=941574"}],"version-history":[{"count":21,"href":"https:\/\/www.estrategiaconcursos.com.br\/blog\/wp-json\/wp\/v2\/posts\/941574\/revisions"}],"predecessor-version":[{"id":966344,"href":"https:\/\/www.estrategiaconcursos.com.br\/blog\/wp-json\/wp\/v2\/posts\/941574\/revisions\/966344"}],"wp:featuredmedia":[{"embeddable":true,"href":"https:\/\/www.estrategiaconcursos.com.br\/blog\/wp-json\/wp\/v2\/media\/924379"}],"wp:attachment":[{"href":"https:\/\/www.estrategiaconcursos.com.br\/blog\/wp-json\/wp\/v2\/media?parent=941574"}],"wp:term":[{"taxonomy":"category","embeddable":true,"href":"https:\/\/www.estrategiaconcursos.com.br\/blog\/wp-json\/wp\/v2\/categories?post=941574"},{"taxonomy":"post_tag","embeddable":true,"href":"https:\/\/www.estrategiaconcursos.com.br\/blog\/wp-json\/wp\/v2\/tags?post=941574"},{"taxonomy":"tax_estado","embeddable":true,"href":"https:\/\/www.estrategiaconcursos.com.br\/blog\/wp-json\/wp\/v2\/tax_estado?post=941574"}],"curies":[{"name":"wp","href":"https:\/\/api.w.org\/{rel}","templated":true}]}}