{"id":941449,"date":"2022-01-20T08:10:00","date_gmt":"2022-01-20T11:10:00","guid":{"rendered":"https:\/\/www.estrategiaconcursos.com.br\/blog\/?p=941449"},"modified":"2022-01-13T17:25:15","modified_gmt":"2022-01-13T20:25:15","slug":"resumo-de-simples-nacional-para-sefaz-se","status":"publish","type":"post","link":"https:\/\/www.estrategiaconcursos.com.br\/blog\/resumo-de-simples-nacional-para-sefaz-se\/","title":{"rendered":"Resumo de Simples Nacional para SEFAZ\/SE"},"content":{"rendered":"\n<p>O edital do<strong><em>&nbsp;concurso SEFAZ SE<\/em><\/strong>&nbsp;para o cargo de&nbsp;<strong><a href=\"https:\/\/www.estrategiaconcursos.com.br\/curso\/sefaz-se-auditor-tecnico-de-tributos-pacote-2022-pos-edital\/\" target=\"_blank\" rel=\"noreferrer noopener\">Auditor T\u00e9cnico de Tributos<\/a><\/strong> prev\u00ea na ementa de direito tribut\u00e1rio a Lei Complementar 123\/2006 e suas altera\u00e7\u00f5es (Estatuto Nacional da Microempresa e da Empresa de Pequeno Porte), que regulamenta o Simples Nacional.<\/p>\n\n\n\n<p><strong>Simples Nacional<\/strong> \u00e9 um assunto recorrente nos editais da \u00e1rea fiscal. Isso acontece porque na atualidade a maioria das empresas no Brasil optam por esse regime. Ent\u00e3o, vale a leitura do presente artigo, cujo objetivo \u00e9 fornecer informa\u00e7\u00f5es suficientes para que voc\u00ea possa acertar quest\u00f5es objetivas e principalmente ser capaz de responder a quest\u00f5es discursivas.<\/p>\n\n\n\n<p>Nesse sentido, o artigo se desenvolver\u00e1 com uma introdu\u00e7\u00e3o com os principais detalhes do Simples e depois com um detalhamento maior na forma de perguntas e respostas para ficar mais f\u00e1cil e did\u00e1tico. Sem mais delongas, vamos l\u00e1!<\/p>\n\n\n\n<h2 class=\"wp-block-heading\">Simples Nacional<\/h2>\n\n\n\n<p>O <strong>simples nacional <\/strong>\u00e9 um regime em que se concede tratamento <strong>simplificado<\/strong> e <strong>favorecido<\/strong> no tocante a obriga\u00e7\u00f5es tribut\u00e1rias, trabalhistas, credit\u00edcias e previdenci\u00e1rias. Al\u00e9m de fornecer o benef\u00edcio do <strong>recolhimento mensal unificado<\/strong> de arrecada\u00e7\u00e3o dos tributos e contribui\u00e7\u00f5es abrangidos por ele. Nesse sentido, o Simples se destina a microempresas (aquelas que auferem at\u00e9 <strong>R$ 360 mil<\/strong> de receita bruta anual) e a empresas de pequeno porte (as quais obt\u00eam no m\u00e1ximo <strong>R$ 4.8 milh\u00f5es<\/strong> de receita bruta anual).<\/p>\n\n\n\n<p>Considera-se <strong>Receita Bruta<\/strong> para fins de enquadramento o somat\u00f3rio do produto com a venda de mercadorias ou com a presta\u00e7\u00e3o de servi\u00e7os seja em conta pr\u00f3pria, seja em conta de terceiros, deduzido das vendas canceladas e dos descontos incondicionais concedidos.<\/p>\n\n\n\n<p>Ademais, o modelo de empresa \u201cmicroempreendedor individual\u201d, ou simplesmente \u201cMEI\u201d, tamb\u00e9m faz parte desse regime. Entretanto, existem algumas proibi\u00e7\u00f5es para aderir ao Simples, isto \u00e9, n\u00e3o podem optar pelo regime simplificado<strong> quem n\u00e3o se enquadra nos conceitos acima<\/strong> ou <strong>aqueles que se enquadram em alguma das veda\u00e7\u00f5es <\/strong>impostas pela lei que o regulamenta. S\u00e3o exemplos de veda\u00e7\u00f5es: sociedades por a\u00e7\u00f5es e cooperativas (salvo as de consumo). A base normativa do Simples \u00e9 tanto a Constitui\u00e7\u00e3o Federal de 1988 quanto a Lei Complementar 123\/2006.<\/p>\n\n\n\n<h3 class=\"wp-block-heading\" id=\"h-opcao-pelo-simples-nacional\">Op\u00e7\u00e3o pelo Simples Nacional<\/h3>\n\n\n\n<p>Outrossim, a op\u00e7\u00e3o pelo Simples Nacional \u00e9 <strong>facultativa para o contribuinte<\/strong> e \u00e9 realizada por meio da internet no portal do Simples. Nesse contexto, a compet\u00eancia para regulament\u00e1-lo \u00e9 do Comit\u00ea Gestor do Simples Nacional (CGSN).<\/p>\n\n\n\n<p>Nesse sentido, o simples abrange os seguintes tributos: <strong>ICMS, ISS, IRPJ, CSLL, Contribui\u00e7\u00e3o Patronal (CPP), PIS\/PASEP, COFINS e IPI<\/strong>. Nessa esteira, apesar de o Simples ser facultativo para os contribuintes, ele \u00e9 <strong>obrigat\u00f3rio para os Estados e os Munic\u00edpios<\/strong>, pois \u00e9 um regime nacional, conforme a Lei Complementar 123\/2006.<\/p>\n\n\n\n<p>Ressalta-se que o ICMS e o ISS na modalidade <strong>substitui\u00e7\u00e3o tribut\u00e1ria <\/strong>n\u00e3o s\u00e3o abrangidos pelo Simples Nacional, hip\u00f3tese em que o contribuinte dever\u00e1 destacar essas receitas. De outra forma, as receitas decorrentes de<strong> exporta\u00e7\u00e3o<\/strong> apesar de tamb\u00e9m serem destacadas, continuam fazendo parte da base de c\u00e1lculo dos tributos n\u00e3o imunes abrangidos pelo Simples Nacional. Al\u00e9m disso, as empresas de pequeno porte <strong>exportadoras <\/strong>gozam de dois limites iguais separados para receitas nacionais e para receitas de exporta\u00e7\u00e3o.<\/p>\n\n\n\n<p>Por fim, sabe-se que h\u00e1 v\u00e1rias <strong>obriga\u00e7\u00f5es acess\u00f3rias dispensadas ou simplificadas<\/strong> para os optantes desse regime. Por exemplo, livros fiscais e cont\u00e1beis facilitados e declara\u00e7\u00f5es tribut\u00e1rias mais simples.<\/p>\n\n\n\n<div class=\"wp-block-image\"><figure class=\"aligncenter size-large\"><img loading=\"lazy\" decoding=\"async\" width=\"1024\" height=\"369\" src=\"https:\/\/dhg1h5j42swfq.cloudfront.net\/2022\/01\/12110910\/simples-nacional-1-1024x369.png\" alt=\"Simples Nacional e Lei Complementar 123\/2006\" class=\"wp-image-945382\" srcset=\"https:\/\/dhg1h5j42swfq.cloudfront.net\/2022\/01\/12110910\/simples-nacional-1-1024x369.png 1024w, https:\/\/dhg1h5j42swfq.cloudfront.net\/2022\/01\/12110910\/simples-nacional-1-300x108.png 300w, https:\/\/dhg1h5j42swfq.cloudfront.net\/2022\/01\/12110910\/simples-nacional-1-768x276.png 768w, https:\/\/dhg1h5j42swfq.cloudfront.net\/2022\/01\/12110910\/simples-nacional-1-610x220.png 610w, https:\/\/dhg1h5j42swfq.cloudfront.net\/2022\/01\/12110910\/simples-nacional-1.png 1500w\" sizes=\"auto, (max-width: 1024px) 100vw, 1024px\" \/><figcaption>Simples Nacional e Lei Complementar 123\/2006<\/figcaption><\/figure><\/div>\n\n\n\n<h2 class=\"wp-block-heading\"><strong>O que \u00e9 Simples Nacional?<\/strong><\/h2>\n\n\n\n<ul class=\"wp-block-list\"><li>\u00c9 um <strong>REGIME<\/strong> que concede tratamento diferenciado e favorecido \u00e0s ME e EPP,<\/li><li>No tocante a obriga\u00e7\u00f5es trabalhistas, previdenci\u00e1rias e outras<\/li><li>Inclusive regime \u00fanico especial e simplificado para apura\u00e7\u00e3o e recolhimento mensal de impostos e contribui\u00e7\u00f5es, mediante Documento \u00danico de Arrecada\u00e7\u00e3o, incluindo obriga\u00e7\u00f5es acess\u00f3rias<\/li><li>regido pela LC 123\/06, e previsto pela CF no Art. 146, III, d.<\/li><\/ul>\n\n\n\n<p class=\"has-text-color has-small-font-size\" style=\"color:#373738\">CF Art. 146. Cabe \u00e0 lei complementar:<\/p>\n\n\n\n<p class=\"has-text-color has-small-font-size\" style=\"color:#373738\">&nbsp;&nbsp;III &#8211; estabelecer normas gerais em mat\u00e9ria de legisla\u00e7\u00e3o tribut\u00e1ria, especialmente sobre:<\/p>\n\n\n\n<p class=\"has-text-color has-small-font-size\" style=\"color:#373738\">&nbsp;&nbsp;&nbsp;&nbsp;d) defini\u00e7\u00e3o de tratamento diferenciado e favorecido para as microempresas e para as EPP, inclusive regimes especiais ou simplificados no caso [de impostos e contribui\u00e7\u00f5es]<\/p>\n\n\n\n<p class=\"has-text-color has-small-font-size\" style=\"color:#373738\">Par\u00e1grafo \u00fanico. A LC tamb\u00e9m poder\u00e1 instituir um regime \u00fanico de arrecada\u00e7\u00e3o dos impostos e contribui\u00e7\u00f5es NACIONAL, observado que:&nbsp;&nbsp;&nbsp;&nbsp;&nbsp;&nbsp;&nbsp;<\/p>\n\n\n\n<p class=\"has-text-color has-small-font-size\" style=\"color:#373738\">I &#8211; ser\u00e1 opcional para o contribuinte;<\/p>\n\n\n\n<p class=\"has-text-color has-small-font-size\" style=\"color:#373738\">II &#8211; <strong>poder\u00e3o ser estabelecidas condi\u00e7\u00f5es de enquadramento diferenciadas por Estado<\/strong><\/p>\n\n\n\n<p class=\"has-text-color has-small-font-size\" style=\"color:#373738\">III &#8211; o recolhimento ser\u00e1 unificado e centralizado e a distribui\u00e7\u00e3o da parcela de recursos pertencentes aos respectivos entes federados ser\u00e1 imediata, <strong>vedada qualquer reten\u00e7\u00e3o<\/strong> ou condicionamento;&nbsp;&nbsp;&nbsp;&nbsp;&nbsp;&nbsp;&nbsp;<\/p>\n\n\n\n<p class=\"has-text-color has-small-font-size\" style=\"color:#373738\">IV &#8211; a arrecada\u00e7\u00e3o, a fiscaliza\u00e7\u00e3o e a cobran\u00e7a poder\u00e3o ser <strong>compartilhadas<\/strong> pelos entes federados, adotado cadastro nacional \u00fanico de contribuintes<\/p>\n\n\n\n<h2 class=\"wp-block-heading\"><strong>Qual a ABRANG\u00caNCIA da LC 123\/06?<\/strong><\/h2>\n\n\n\n<p>A <strong>LC 123\/06<\/strong>, institui o <strong>Estatuto<\/strong> <strong>Nacional<\/strong> <strong>da ME e da EPP<\/strong>. Ou seja, estabelece <strong>normas gerais<\/strong> no \u00e2mbito dos Poderes da <strong>U\/E\/DF\/M<\/strong>. Ela abrange:<\/p>\n\n\n\n<ol class=\"wp-block-list\"><li>um regime tribut\u00e1rio diferenciado \u2013 o Simples Nacional \u2013 e<\/li><li>outros aspectos relativos a<ol><li>licita\u00e7\u00f5es p\u00fablicas,<\/li><li>rela\u00e7\u00f5es de trabalho,<\/li><li>est\u00edmulo ao cr\u00e9dito,<\/li><li>capitaliza\u00e7\u00e3o,<\/li><li>inova\u00e7\u00e3o e<\/li><li>acesso \u00e0 justi\u00e7a, entre outros.<\/li><\/ol><\/li><\/ol>\n\n\n\n<h2 class=\"wp-block-heading\"><strong>A quem COMPETE REGULAMENTAR o Simples Nacional?<\/strong><\/h2>\n\n\n\n<p>Compete ao <strong>Comit\u00ea Gestor do Simples Nacional (CGSN)<\/strong>, institu\u00eddo pela LC 123\/06.<\/p>\n\n\n\n<p>O <strong>CGSN<\/strong>, vinculado ao Minist\u00e9rio da Fazenda, trata dos <strong>ASPECTOS TRIBUT\u00c1RIOS<\/strong> da LC 123, e \u00e9 composto por oito representantes<strong> da U\/E\/DF\/M<\/strong>,&nbsp;sendo 4 da Uni\u00e3o, 2 dos Estados e do DF e 2 dos Munic\u00edpios,&nbsp;<\/p>\n\n\n\n<p>Nesse sentido, cabe ao CGSN regulamentar a op\u00e7\u00e3o, exclus\u00e3o, tributa\u00e7\u00e3o, fiscaliza\u00e7\u00e3o, arrecada\u00e7\u00e3o, cobran\u00e7a, d\u00edvida ativa, recolhimento e demais itens relativos ao regime do simples.<\/p>\n\n\n\n<h4 class=\"wp-block-heading\"><strong>Outras unidades importantes:<\/strong><\/h4>\n\n\n\n<p>O<strong> Comit\u00ea para Gest\u00e3o da Rede Nacional<\/strong> para Simplifica\u00e7\u00e3o do Registro e da Legaliza\u00e7\u00e3o de Empresas e Neg\u00f3cios &#8211; <strong>CGSIM<\/strong>, composto por representantes da U, dos E e do DF,&nbsp; dos M e demais \u00f3rg\u00e3os de apoio e de registro empresarial, <\/p>\n\n\n\n<ul class=\"wp-block-list\"><li>compete, regulamentar a inscri\u00e7\u00e3o, cadastro, abertura, alvar\u00e1, arquivamento, licen\u00e7as, permiss\u00e3o, autoriza\u00e7\u00e3o, registros e demais itens relativos \u00e0 abertura, legaliza\u00e7\u00e3o e funcionamento de empres\u00e1rios e de PJs de qualquer porte, atividade econ\u00f4mica ou composi\u00e7\u00e3o societ\u00e1ria.&nbsp;Assim, ele trata do processo de registro e de legaliza\u00e7\u00e3o de empres\u00e1rios e de PJs.&nbsp; <\/li><\/ul>\n\n\n\n<p>O <strong>F\u00f3rum Permanente<\/strong> das Microempresas e EPP, com a participa\u00e7\u00e3o dos \u00f3rg\u00e3os federais e das entidades vinculadas ao setor, para tratar dos demais aspectos<\/p>\n\n\n\n<ul class=\"wp-block-list\"><li>tem por finalidade orientar e assessorar a formula\u00e7\u00e3o e coordena\u00e7\u00e3o da pol\u00edtica nacional de desenvolvimento das microempresas e EPP, bem como acompanhar e avaliar a sua implanta\u00e7\u00e3o, sendo presidido e coordenado pela Secretaria da Micro e Pequena Empresa.<\/li><\/ul>\n\n\n\n<h2 class=\"wp-block-heading\"><strong>O que \u00e9 (ME) e (EPP)?<\/strong><\/h2>\n\n\n\n<p>Para ser uma ME ou EPP, o contribuinte precisa cumprir dois tipos de requisitos:<\/p>\n\n\n\n<ol class=\"wp-block-list\"><li>quanto \u00e0 <strong>NATUREZA JUR\u00cdDICA<\/strong>, precisa ser uma<ol><li><strong>sociedade<\/strong> (empres\u00e1ria ou simples),<\/li><li><strong>EIRELI<\/strong> ou<\/li><li><strong>empres\u00e1rio individual<\/strong>;<\/li><\/ol><\/li><li>quanto \u00e0 <strong>RECEITA BRUTA<\/strong>, precisa observar o <strong>limite m\u00e1ximo anual<\/strong> estabelecido em <strong>Lei<\/strong><\/li><\/ol>\n\n\n\n<p>Quanto a esse limite com base na RBA acumulada nos 12 anteriores (exclusive) , temos que:&nbsp;<\/p>\n\n\n\n<ul class=\"wp-block-list\"><li>a) <strong>ME<\/strong> \u2192 RECEITA BRUTA &lt;= R$ <strong>360 mil<\/strong>;<\/li><li>b) <strong>EPP<\/strong> \u2192 R$ 360 mil &lt; RECEITA BRUTA &lt;= R$ <strong>4.8 milh\u00f5es<\/strong><ul><li>Para <strong>ICMS<\/strong> e <strong>ISS<\/strong>, o limite continua <strong>3.6<\/strong> milh\u00f5es OU<\/li><li>Pode ser <strong>1.8<\/strong> milh\u00f5es se houver participa\u00e7\u00e3o do Estado ou do DF no <strong>PIB<\/strong> at\u00e9 1%.<\/li><\/ul><\/li><\/ul>\n\n\n\n<p>Os <strong>limites<\/strong> <strong>no ano-calend\u00e1rio de in\u00edcio de atividade<\/strong> ser\u00e3o <strong>proporcionais<\/strong> ao n\u00famero de <strong>meses<\/strong> <strong>entre o in\u00edcio da atividade e o final do<\/strong> respectivo <strong>ano<\/strong>, consideradas as fra\u00e7\u00f5es de meses como um m\u00eas inteiro. Desse modo, os limites proporcionais para ME e EPP ser\u00e3o, respectivamente, de R$ 30.000,00 e de R$ 400.000,00.<\/p>\n\n\n\n<h2 class=\"wp-block-heading\"><strong>O que se considera RECEITA BRUTA?<\/strong><\/h2>\n\n\n\n<p>Considera-se receita bruta<\/p>\n\n\n\n<ul class=\"wp-block-list\"><li>o produto<ul><li>da <strong>venda<\/strong> de bens e servi\u00e7os<ul><li>nas opera\u00e7\u00f5es de conta pr\u00f3pria<\/li><\/ul><\/li><li>o pre\u00e7o dos servi\u00e7os prestados e<\/li><li>o resultado<ul><li>nas opera\u00e7\u00f5es em conta alheia,<\/li><\/ul><\/li><\/ul><\/li><li><strong>exclu\u00eddas<\/strong><ul><li>as vendas <strong>canceladas<\/strong> e<\/li><li>os descontos <strong>incondicionais<\/strong> concedidos.<\/li><\/ul><\/li><\/ul>\n\n\n\n<h2 class=\"wp-block-heading\"><strong>O SN \u00e9 FACULTATIVO para ESTADOS e MUNIC\u00cdPIOS?<\/strong><\/h2>\n\n\n\n<p><strong>N\u00e3o<\/strong>. <strong>Todos<\/strong> os Estados e Munic\u00edpios <strong>participam obrigatoriamente<\/strong> do SN (pois \u00e9 nacional).<\/p>\n\n\n\n<p>Entretanto, a depender da participa\u00e7\u00e3o de cada Estado no (PIB) brasileiro, <strong>poder\u00e3o ser adotados pelos Estados limites diferenciados de receita bruta de<\/strong> <strong>EPP<\/strong> (<strong><em>sublimites<\/em><\/strong>), para efeitos de recolhimento de ICMS e ISS, conforme o caso (<strong>% de participa\u00e7\u00e3o no PIB<\/strong> <strong>menor ou igual a 1%<\/strong>, sublimite at\u00e9 R$ 1.8 milh\u00f5es). Ressalta-se que o <strong><em>sublimite<\/em><\/strong> adotado por um <strong>Estado aplica-se obrigatoriamente<\/strong> ao recolhimento do ISS dos <strong>Munic\u00edpios nele localizados<\/strong>.<\/p>\n\n\n\n<div class=\"wp-block-image\"><figure class=\"aligncenter size-large is-resized\"><img loading=\"lazy\" decoding=\"async\" src=\"https:\/\/dhg1h5j42swfq.cloudfront.net\/2022\/01\/12111128\/pexels-1-1024x683.jpg\" alt=\"Detalhes importantes do Simples Nacional \" class=\"wp-image-945384\" width=\"646\" height=\"431\" srcset=\"https:\/\/dhg1h5j42swfq.cloudfront.net\/2022\/01\/12111128\/pexels-1-1024x683.jpg 1024w, https:\/\/dhg1h5j42swfq.cloudfront.net\/2022\/01\/12111128\/pexels-1-300x200.jpg 300w, https:\/\/dhg1h5j42swfq.cloudfront.net\/2022\/01\/12111128\/pexels-1-768x512.jpg 768w, https:\/\/dhg1h5j42swfq.cloudfront.net\/2022\/01\/12111128\/pexels-1-1536x1024.jpg 1536w, https:\/\/dhg1h5j42swfq.cloudfront.net\/2022\/01\/12111128\/pexels-1-2048x1366.jpg 2048w, https:\/\/dhg1h5j42swfq.cloudfront.net\/2022\/01\/12111128\/pexels-1-610x407.jpg 610w\" sizes=\"auto, (max-width: 646px) 100vw, 646px\" \/><figcaption>Detalhes importantes do Simples Nacional e da Lei Complementar 123\/2006<\/figcaption><\/figure><\/div>\n\n\n\n<h2 class=\"wp-block-heading\">Como \u00e9 o tratamento do Cr\u00e9dito Fiscal de ICMS e IPI no Simples Nacional<\/h2>\n\n\n\n<p>O optante <strong>NUNCA se CREDITA<\/strong>, entretanto o <strong>adquirente<\/strong> (n\u00e3o optante) <strong>pode creditar<\/strong> o valor pago pelo alienante optante pelo Simples, <strong>desde que<\/strong> as mercadorias sejam destinadas \u00e0 comercializa\u00e7\u00e3o e industrializa\u00e7\u00e3o (mas <strong>nunca poder\u00e1<\/strong> de <strong>Servi\u00e7os<\/strong>). Nesse caso, deve haver a descri\u00e7\u00e3o do cr\u00e9dito na nota fiscal (no campo observa\u00e7\u00f5es).<\/p>\n\n\n\n<p>Al\u00e9m disso, \u00e9 poss\u00edvel tamb\u00e9m creditar o valor relativo aos insumos, quando houver delibera\u00e7\u00e3o exclusiva dos Estados e DF. Entretanto, sempre deve ser observado, como <strong>limite<\/strong> do cr\u00e9dito, o <strong>ICMS efetivamente devido pelas optantes<\/strong> com a al\u00edquota do simples.<\/p>\n\n\n\n<h4 class=\"wp-block-heading\"><strong>N\u00e3o se aplica o cr\u00e9dito&nbsp;quando:<\/strong><\/h4>\n\n\n\n<ul class=\"wp-block-list\"><li>I &#8211;&nbsp; ICMS no Simples for por valores <strong>fixos<\/strong> mensais;<\/li><li>II &#8211; o contribuinte <strong>n\u00e3o informar<\/strong> a al\u00edquota no documento fiscal;<\/li><li>III &#8211; houver <strong>isen\u00e7\u00e3o<\/strong> em virtude da faixa de receita bruta no m\u00eas da opera\u00e7\u00e3o;<\/li><li>IV &#8211; o remetente considerar, por op\u00e7\u00e3o, que a al\u00edquota dever\u00e1 incidir sobre a receita recebida <strong>no m\u00eas<\/strong> (e n\u00e3o sobre a Receita Bruta do m\u00eas anterior).<\/li><\/ul>\n\n\n\n<p>Em resumo, os optantes em si <strong>N\u00c3O<\/strong> far\u00e3o jus \u00e0 apropria\u00e7\u00e3o nem transferir\u00e3o <strong>cr\u00e9ditos<\/strong> relativos a impostos ou contribui\u00e7\u00f5es abrangidos pelo Simples.<\/p>\n\n\n\n<h2 class=\"wp-block-heading\"><strong>MEI<\/strong> <strong>(modalidade de empresa)<\/strong><\/h2>\n\n\n\n<p><strong>\u00c9 <span class=\"has-inline-color has-vivid-red-color\">impedido<\/span> de ser Microempreendedor Individual (MEI)<\/strong> aquele que:<\/p>\n\n\n\n<ul class=\"wp-block-list\"><li>Tenha<em> Receita Bruta Anual superior a <strong>R$ 8<\/strong>1 mil;<\/em><\/li><li><em>Contrate mais <strong>empregados<\/strong> (\u00e9 permitido<\/em> <em>um \u00fanico empregado que receba sal\u00e1rio m\u00ednimo ou o piso da categoria)<\/em><\/li><li><em>A sua atividade seja tributada na forma dos <strong>Anexos<\/strong> , salvo autoriza\u00e7\u00e3o relativa a exerc\u00edcio de atividade isolada na forma regulamentada pelo CGSN;<\/em><\/li><li><em>Possua <strong>mais de um estabelecimento<\/strong><\/em>;<\/li><li><em>Participe de <strong>outra empresa<\/strong>, como titular, s\u00f3cio ou administrador;<\/em><\/li><li><em>Seja constitu\u00eddo na forma de<\/em> <strong><em>startup<\/em><\/strong>.<\/li><\/ul>\n\n\n\n<p>Ademais, tamb\u00e9m \u00e9 importante saber que, em regra, o MEI \u00e9 <strong>dispensado<\/strong> de emitir documentos fiscais, por isso n\u00e3o se aplica a obrigatoriedade da EFD (salvo algumas exce\u00e7\u00f5es).<strong> <\/strong>Al\u00e9m disso, o Microempreendedor Individual <strong>n\u00e3o pode<\/strong> ter rela\u00e7\u00e3o de emprego com o contratante. E, por fim, sabe-se que seus recolhimentos podem ser por valores <strong>fixos<\/strong> mensais.<\/p>\n\n\n\n<h2 class=\"wp-block-heading\"><strong>Fiscaliza\u00e7\u00e3o<\/strong> <strong>no Simples Nacional<\/strong><\/h2>\n\n\n\n<p>Em face da facilita\u00e7\u00e3o da fiscaliza\u00e7\u00e3o tribut\u00e1ria, as microempresas e as EPPs dever\u00e3o apresentar <strong>anualmente<\/strong> \u00e0 Secretaria da RFB <strong>declara\u00e7\u00e3o \u00fanica e simplificada<\/strong>, que constitui confiss\u00e3o de d\u00edvida suficiente para o lan\u00e7amento tribut\u00e1rio.<\/p>\n\n\n\n<p>Por outro lado, em rela\u00e7\u00e3o \u00e0s obriga\u00e7\u00f5es dos s\u00f3cios no <em>registro e nas extin\u00e7\u00f5es (baixas) da pessoa jur\u00eddica h\u00e1 um benef\u00edcio muito grande no Simples Nacional. Conforme a Lei complementar 123\/2006, as baixas na inscri\u00e7\u00e3o <\/em><strong><em>ocorrer\u00e3o independentemente da<\/em><\/strong> <strong><em>regularidade de obriga\u00e7\u00f5es principais ou acess\u00f3rias<\/em><\/strong><em>, sem preju\u00edzo<\/em> <em>das responsabilidades (<\/em><strong><em>solid\u00e1ria<\/em><\/strong>)<strong><em> <\/em><\/strong><em>do empres\u00e1rio, dos titulares, dos s\u00f3cios ou dos administradores, por tais,<\/em> <em>apuradas antes ou ap\u00f3s o ato de extin\u00e7\u00e3o. <\/em>Ou seja, o benef\u00edcio vem acompanhado de uma <strong>responsabilidade<\/strong>, que \u00e9 diferente daquelas previstas no CTN, uma vez que n\u00e3o exige gest\u00e3o dos s\u00f3cios, nem infra\u00e7\u00e3o.<\/p>\n\n\n\n<p>Ademais, em regra, todos os processos de <strong>inscri\u00e7\u00e3o em D\u00edvida Ativa<\/strong> e execu\u00e7\u00e3o fiscal ser\u00e3o ajuizados em face da <strong>Uni\u00e3o<\/strong>, representada pela <strong>PGFN<\/strong> (<em>mas mediante conv\u00eanio, poder\u00e1 haver delega\u00e7\u00e3o para Estados e Munic\u00edpios)<\/em>.<\/p>\n\n\n\n<p>Por fim, ressalta-se que ap\u00f3s iniciada uma fiscaliza\u00e7\u00e3o, esta <strong>poder\u00e1 abranger todos os demais estabelecimentos <\/strong>da microempresa ou EPP, independentemente da atividade ou de sua localiza\u00e7\u00e3o.<strong> <\/strong>Al\u00e9m disso, as 3 esferas t\u00eam compet\u00eancia para lan\u00e7amento de TODOS os tributos do Simples, independentemente do ente instituidor, mas o auto de infra\u00e7\u00e3o para Obriga\u00e7\u00f5es Tribut\u00e1rias <span class=\"has-inline-color has-vivid-green-cyan-color\"><strong>Acess\u00f3ria<\/strong><\/span> \u00e9 privativa.<\/p>\n\n\n\n<h2 class=\"has-cyan-bluish-gray-background-color has-background wp-block-heading\" id=\"h-consideracoes-finais\">Considera\u00e7\u00f5es Finais<\/h2>\n\n\n\n<p>Desse modo, pessoal, chegamos ao final de mais um tema important\u00edssimo. Espero que o artigo tenha sido \u00fatil para seu aprendizado. At\u00e9 a pr\u00f3xima!<\/p>\n\n\n\n<p><a href=\"https:\/\/www.instagram.com\/kaioguilherme7\/\">https:\/\/www.instagram.com\/kaioguilherme7\/<\/a><\/p>\n\n\n\n<p>Kaio Guilherme Moraes de Aquino<\/p>\n\n\n\n<h2 class=\"has-text-align-center wp-block-heading\" id=\"h-cursos-e-assinaturas\">Cursos e Assinaturas <\/h2>\n\n\n\n<h2 class=\"has-text-align-center wp-block-heading\">Confira nossos artigos!<\/h2>\n\n\n\n<p class=\"has-text-align-center has-luminous-vivid-orange-color has-vivid-purple-background-color has-text-color has-background\"><strong><a href=\"https:\/\/www.estrategiaconcursos.com.br\/blog\/concursos-abertos\/#concursos-fiscais\">Concursos abertos<\/a><\/strong><\/p>\n\n\n\n<p class=\"has-text-align-center has-luminous-vivid-orange-color has-vivid-purple-background-color has-text-color has-background\"><strong><a href=\"https:\/\/www.estrategiaconcursos.com.br\/blog\/concursos-2022\/\">Concursos 2022<\/a><\/strong><\/p>\n\n\n\n<div class=\"container\" id=\"boxes\">\n  <div class=\"row\">\n    <div class=\"col-sm\">\n      <div class=\"estrategia\" id=\"box-assinatura\">\n        <h3 class=\"titulo-assinatura\">Assinatura de Concursos<\/h3>\n        <p class=\"subtitulo-assinatura\">Assinatura de 1 ano ou 2 anos<\/p>\n        <div class=\"box-botao\">\n          <a class=\"btn-assinatura\" target=\"_blank\" href=\"https:\/\/www.estrategiaconcursos.com.br\/assinaturas\/\" role=\"button\" rel=\"noopener noreferrer\">ASSINE AGORA<\/a>\n        <\/div>\n      <\/div>\n     <\/div><\/div><\/div>\n","protected":false},"excerpt":{"rendered":"<p>Entenda as principais informa\u00e7\u00f5es do Simples Nacional e da Lei Complementar 123\/2006 para o concurso de Auditor Fiscal da Sefaz\/SE.<\/p>\n","protected":false},"author":2236,"featured_media":945396,"comment_status":"open","ping_status":"closed","sticky":false,"template":"","format":"standard","meta":{"post_tipo":"article","footnotes":""},"categories":[1,1983],"tags":[220302,220301,1641],"tax_estado":[219988],"class_list":["post-941449","post","type-post","status-publish","format-standard","has-post-thumbnail","hentry","category-cursos-e-concursos","category-fiscal-estadual","tag-lei-complementar-123-2006","tag-sefaz-se","tag-simples-nacional","tax_estado-se"],"acf":[],"yoast_head":"<!-- This site is optimized with the Yoast SEO Premium plugin v27.2 (Yoast SEO v27.2) - https:\/\/yoast.com\/product\/yoast-seo-premium-wordpress\/ -->\n<title>Resumo de Simples Nacional para SEFAZ\/SE<\/title>\n<meta name=\"description\" content=\"Entenda as principais informa\u00e7\u00f5es do Simples Nacional e da Lei Complementar 123\/2006 para o concurso de Auditor Fiscal da Sefaz\/SE.\" \/>\n<meta name=\"robots\" content=\"index, follow, max-snippet:-1, max-image-preview:large, max-video-preview:-1\" \/>\n<link rel=\"canonical\" href=\"https:\/\/www.estrategiaconcursos.com.br\/blog\/resumo-de-simples-nacional-para-sefaz-se\/\" \/>\n<meta property=\"og:locale\" content=\"pt_BR\" \/>\n<meta property=\"og:type\" content=\"article\" \/>\n<meta property=\"og:title\" content=\"Resumo de Simples Nacional para SEFAZ\/SE\" \/>\n<meta property=\"og:description\" content=\"Entenda as principais informa\u00e7\u00f5es do Simples Nacional e da Lei Complementar 123\/2006 para o concurso de Auditor Fiscal da Sefaz\/SE.\" \/>\n<meta property=\"og:url\" content=\"https:\/\/www.estrategiaconcursos.com.br\/blog\/resumo-de-simples-nacional-para-sefaz-se\/\" \/>\n<meta property=\"og:site_name\" content=\"Estrat\u00e9gia Concursos\" \/>\n<meta property=\"article:published_time\" content=\"2022-01-20T11:10:00+00:00\" \/>\n<meta property=\"og:image\" content=\"https:\/\/dhg1h5j42swfq.cloudfront.net\/2022\/01\/12113629\/simples-nacional-2.png\" \/>\n\t<meta property=\"og:image:width\" content=\"1500\" \/>\n\t<meta property=\"og:image:height\" content=\"540\" \/>\n\t<meta property=\"og:image:type\" content=\"image\/png\" \/>\n<meta name=\"author\" content=\"Kaio Guilherme Moraes de Aquino\" \/>\n<meta name=\"twitter:card\" content=\"summary_large_image\" \/>\n<meta name=\"twitter:creator\" content=\"@EstratConcursos\" \/>\n<meta name=\"twitter:site\" content=\"@EstratConcursos\" \/>\n<meta name=\"twitter:label1\" content=\"Escrito por\" \/>\n\t<meta name=\"twitter:data1\" content=\"Kaio Guilherme Moraes de Aquino\" \/>\n\t<meta name=\"twitter:label2\" content=\"Est. tempo de leitura\" \/>\n\t<meta name=\"twitter:data2\" content=\"12 minutos\" \/>\n<script type=\"application\/ld+json\" class=\"yoast-schema-graph\">{\"@context\":\"https:\/\/schema.org\",\"@graph\":[{\"@type\":\"NewsArticle\",\"@id\":\"https:\/\/www.estrategiaconcursos.com.br\/blog\/resumo-de-simples-nacional-para-sefaz-se\/#article\",\"isPartOf\":{\"@id\":\"https:\/\/www.estrategiaconcursos.com.br\/blog\/resumo-de-simples-nacional-para-sefaz-se\/\"},\"author\":{\"name\":\"Kaio Guilherme Moraes de Aquino\",\"@id\":\"https:\/\/www.estrategiaconcursos.com.br\/blog\/#\/schema\/person\/893ca2bbd27a959ad2f97b3b2016ec11\"},\"headline\":\"Resumo de Simples Nacional para SEFAZ\/SE\",\"datePublished\":\"2022-01-20T11:10:00+00:00\",\"mainEntityOfPage\":{\"@id\":\"https:\/\/www.estrategiaconcursos.com.br\/blog\/resumo-de-simples-nacional-para-sefaz-se\/\"},\"wordCount\":2164,\"commentCount\":0,\"publisher\":{\"@id\":\"https:\/\/www.estrategiaconcursos.com.br\/blog\/#organization\"},\"image\":{\"@id\":\"https:\/\/www.estrategiaconcursos.com.br\/blog\/resumo-de-simples-nacional-para-sefaz-se\/#primaryimage\"},\"thumbnailUrl\":\"https:\/\/dhg1h5j42swfq.cloudfront.net\/2022\/01\/12113629\/simples-nacional-2.png\",\"keywords\":[\"LEI COMPLEMENTAR 123\/2006\",\"SEFAZ\/SE\",\"Simples Nacional\"],\"articleSection\":[\"Concursos P\u00fablicos\",\"Fiscal - Estadual (ICMS)\"],\"inLanguage\":\"pt-BR\",\"potentialAction\":[{\"@type\":\"CommentAction\",\"name\":\"Comment\",\"target\":[\"https:\/\/www.estrategiaconcursos.com.br\/blog\/resumo-de-simples-nacional-para-sefaz-se\/#respond\"]}],\"copyrightYear\":\"2022\",\"copyrightHolder\":{\"@id\":\"https:\/\/www.estrategiaconcursos.com.br\/blog\/#organization\"}},{\"@type\":\"WebPage\",\"@id\":\"https:\/\/www.estrategiaconcursos.com.br\/blog\/resumo-de-simples-nacional-para-sefaz-se\/\",\"url\":\"https:\/\/www.estrategiaconcursos.com.br\/blog\/resumo-de-simples-nacional-para-sefaz-se\/\",\"name\":\"Resumo de Simples Nacional para SEFAZ\/SE\",\"isPartOf\":{\"@id\":\"https:\/\/www.estrategiaconcursos.com.br\/blog\/#website\"},\"primaryImageOfPage\":{\"@id\":\"https:\/\/www.estrategiaconcursos.com.br\/blog\/resumo-de-simples-nacional-para-sefaz-se\/#primaryimage\"},\"image\":{\"@id\":\"https:\/\/www.estrategiaconcursos.com.br\/blog\/resumo-de-simples-nacional-para-sefaz-se\/#primaryimage\"},\"thumbnailUrl\":\"https:\/\/dhg1h5j42swfq.cloudfront.net\/2022\/01\/12113629\/simples-nacional-2.png\",\"datePublished\":\"2022-01-20T11:10:00+00:00\",\"description\":\"Entenda as principais informa\u00e7\u00f5es do Simples Nacional e da Lei Complementar 123\/2006 para o concurso de Auditor Fiscal da Sefaz\/SE.\",\"breadcrumb\":{\"@id\":\"https:\/\/www.estrategiaconcursos.com.br\/blog\/resumo-de-simples-nacional-para-sefaz-se\/#breadcrumb\"},\"inLanguage\":\"pt-BR\",\"potentialAction\":[{\"@type\":\"ReadAction\",\"target\":[\"https:\/\/www.estrategiaconcursos.com.br\/blog\/resumo-de-simples-nacional-para-sefaz-se\/\"]}]},{\"@type\":\"ImageObject\",\"inLanguage\":\"pt-BR\",\"@id\":\"https:\/\/www.estrategiaconcursos.com.br\/blog\/resumo-de-simples-nacional-para-sefaz-se\/#primaryimage\",\"url\":\"https:\/\/dhg1h5j42swfq.cloudfront.net\/2022\/01\/12113629\/simples-nacional-2.png\",\"contentUrl\":\"https:\/\/dhg1h5j42swfq.cloudfront.net\/2022\/01\/12113629\/simples-nacional-2.png\",\"width\":1500,\"height\":540,\"caption\":\"Entenda o Simples Nacional e a Lei Complementar 123\/2006\"},{\"@type\":\"BreadcrumbList\",\"@id\":\"https:\/\/www.estrategiaconcursos.com.br\/blog\/resumo-de-simples-nacional-para-sefaz-se\/#breadcrumb\",\"itemListElement\":[{\"@type\":\"ListItem\",\"position\":1,\"name\":\"In\u00edcio\",\"item\":\"https:\/\/www.estrategiaconcursos.com.br\/blog\/\"},{\"@type\":\"ListItem\",\"position\":2,\"name\":\"Resumo de Simples Nacional para SEFAZ\/SE\"}]},{\"@type\":\"WebSite\",\"@id\":\"https:\/\/www.estrategiaconcursos.com.br\/blog\/#website\",\"url\":\"https:\/\/www.estrategiaconcursos.com.br\/blog\/\",\"name\":\"Estrat\u00e9gia Concursos\",\"description\":\"O blog da Estrat\u00e9gia Concursos traz not\u00edcias sobre concursos e artigos de professores oferecendo cursos para concursos (pdf + videaulas) no site.\",\"publisher\":{\"@id\":\"https:\/\/www.estrategiaconcursos.com.br\/blog\/#organization\"},\"potentialAction\":[{\"@type\":\"SearchAction\",\"target\":{\"@type\":\"EntryPoint\",\"urlTemplate\":\"https:\/\/www.estrategiaconcursos.com.br\/blog\/?s={search_term_string}\"},\"query-input\":{\"@type\":\"PropertyValueSpecification\",\"valueRequired\":true,\"valueName\":\"search_term_string\"}}],\"inLanguage\":\"pt-BR\"},{\"@type\":\"Organization\",\"@id\":\"https:\/\/www.estrategiaconcursos.com.br\/blog\/#organization\",\"name\":\"Estrat\u00e9gia Concursos\",\"url\":\"https:\/\/www.estrategiaconcursos.com.br\/blog\/\",\"logo\":{\"@type\":\"ImageObject\",\"inLanguage\":\"pt-BR\",\"@id\":\"https:\/\/www.estrategiaconcursos.com.br\/blog\/#\/schema\/logo\/image\/\",\"url\":\"https:\/\/dhg1h5j42swfq.cloudfront.net\/2025\/06\/03203428\/logo_concursos-1.jpg\",\"contentUrl\":\"https:\/\/dhg1h5j42swfq.cloudfront.net\/2025\/06\/03203428\/logo_concursos-1.jpg\",\"width\":230,\"height\":60,\"caption\":\"Estrat\u00e9gia Concursos\"},\"image\":{\"@id\":\"https:\/\/www.estrategiaconcursos.com.br\/blog\/#\/schema\/logo\/image\/\"},\"sameAs\":[\"https:\/\/x.com\/EstratConcursos\"]},{\"@type\":\"Person\",\"@id\":\"https:\/\/www.estrategiaconcursos.com.br\/blog\/#\/schema\/person\/893ca2bbd27a959ad2f97b3b2016ec11\",\"name\":\"Kaio Guilherme Moraes de Aquino\",\"image\":{\"@type\":\"ImageObject\",\"inLanguage\":\"pt-BR\",\"@id\":\"https:\/\/secure.gravatar.com\/avatar\/ad261d775d88e747a9faf0b4308571b9892e96c89da74e1f11f0d01245116e25?s=96&d=mm&r=g\",\"url\":\"https:\/\/secure.gravatar.com\/avatar\/ad261d775d88e747a9faf0b4308571b9892e96c89da74e1f11f0d01245116e25?s=96&d=mm&r=g\",\"contentUrl\":\"https:\/\/secure.gravatar.com\/avatar\/ad261d775d88e747a9faf0b4308571b9892e96c89da74e1f11f0d01245116e25?s=96&d=mm&r=g\",\"caption\":\"Kaio Guilherme Moraes de Aquino\"},\"url\":\"https:\/\/www.estrategiaconcursos.com.br\/blog\/author\/kaioguilhermemoraesgmail-com\/\"}]}<\/script>\n<!-- \/ Yoast SEO Premium plugin. -->","yoast_head_json":{"title":"Resumo de Simples Nacional para SEFAZ\/SE","description":"Entenda as principais informa\u00e7\u00f5es do Simples Nacional e da Lei Complementar 123\/2006 para o concurso de Auditor Fiscal da Sefaz\/SE.","robots":{"index":"index","follow":"follow","max-snippet":"max-snippet:-1","max-image-preview":"max-image-preview:large","max-video-preview":"max-video-preview:-1"},"canonical":"https:\/\/www.estrategiaconcursos.com.br\/blog\/resumo-de-simples-nacional-para-sefaz-se\/","og_locale":"pt_BR","og_type":"article","og_title":"Resumo de Simples Nacional para SEFAZ\/SE","og_description":"Entenda as principais informa\u00e7\u00f5es do Simples Nacional e da Lei Complementar 123\/2006 para o concurso de Auditor Fiscal da Sefaz\/SE.","og_url":"https:\/\/www.estrategiaconcursos.com.br\/blog\/resumo-de-simples-nacional-para-sefaz-se\/","og_site_name":"Estrat\u00e9gia Concursos","article_published_time":"2022-01-20T11:10:00+00:00","og_image":[{"width":1500,"height":540,"url":"https:\/\/dhg1h5j42swfq.cloudfront.net\/2022\/01\/12113629\/simples-nacional-2.png","type":"image\/png"}],"author":"Kaio Guilherme Moraes de Aquino","twitter_card":"summary_large_image","twitter_creator":"@EstratConcursos","twitter_site":"@EstratConcursos","twitter_misc":{"Escrito por":"Kaio Guilherme Moraes de Aquino","Est. tempo de leitura":"12 minutos"},"schema":{"@context":"https:\/\/schema.org","@graph":[{"@type":"NewsArticle","@id":"https:\/\/www.estrategiaconcursos.com.br\/blog\/resumo-de-simples-nacional-para-sefaz-se\/#article","isPartOf":{"@id":"https:\/\/www.estrategiaconcursos.com.br\/blog\/resumo-de-simples-nacional-para-sefaz-se\/"},"author":{"name":"Kaio Guilherme Moraes de Aquino","@id":"https:\/\/www.estrategiaconcursos.com.br\/blog\/#\/schema\/person\/893ca2bbd27a959ad2f97b3b2016ec11"},"headline":"Resumo de Simples Nacional para SEFAZ\/SE","datePublished":"2022-01-20T11:10:00+00:00","mainEntityOfPage":{"@id":"https:\/\/www.estrategiaconcursos.com.br\/blog\/resumo-de-simples-nacional-para-sefaz-se\/"},"wordCount":2164,"commentCount":0,"publisher":{"@id":"https:\/\/www.estrategiaconcursos.com.br\/blog\/#organization"},"image":{"@id":"https:\/\/www.estrategiaconcursos.com.br\/blog\/resumo-de-simples-nacional-para-sefaz-se\/#primaryimage"},"thumbnailUrl":"https:\/\/dhg1h5j42swfq.cloudfront.net\/2022\/01\/12113629\/simples-nacional-2.png","keywords":["LEI COMPLEMENTAR 123\/2006","SEFAZ\/SE","Simples Nacional"],"articleSection":["Concursos P\u00fablicos","Fiscal - Estadual (ICMS)"],"inLanguage":"pt-BR","potentialAction":[{"@type":"CommentAction","name":"Comment","target":["https:\/\/www.estrategiaconcursos.com.br\/blog\/resumo-de-simples-nacional-para-sefaz-se\/#respond"]}],"copyrightYear":"2022","copyrightHolder":{"@id":"https:\/\/www.estrategiaconcursos.com.br\/blog\/#organization"}},{"@type":"WebPage","@id":"https:\/\/www.estrategiaconcursos.com.br\/blog\/resumo-de-simples-nacional-para-sefaz-se\/","url":"https:\/\/www.estrategiaconcursos.com.br\/blog\/resumo-de-simples-nacional-para-sefaz-se\/","name":"Resumo de Simples Nacional para SEFAZ\/SE","isPartOf":{"@id":"https:\/\/www.estrategiaconcursos.com.br\/blog\/#website"},"primaryImageOfPage":{"@id":"https:\/\/www.estrategiaconcursos.com.br\/blog\/resumo-de-simples-nacional-para-sefaz-se\/#primaryimage"},"image":{"@id":"https:\/\/www.estrategiaconcursos.com.br\/blog\/resumo-de-simples-nacional-para-sefaz-se\/#primaryimage"},"thumbnailUrl":"https:\/\/dhg1h5j42swfq.cloudfront.net\/2022\/01\/12113629\/simples-nacional-2.png","datePublished":"2022-01-20T11:10:00+00:00","description":"Entenda as principais informa\u00e7\u00f5es do Simples Nacional e da Lei Complementar 123\/2006 para o concurso de Auditor Fiscal da Sefaz\/SE.","breadcrumb":{"@id":"https:\/\/www.estrategiaconcursos.com.br\/blog\/resumo-de-simples-nacional-para-sefaz-se\/#breadcrumb"},"inLanguage":"pt-BR","potentialAction":[{"@type":"ReadAction","target":["https:\/\/www.estrategiaconcursos.com.br\/blog\/resumo-de-simples-nacional-para-sefaz-se\/"]}]},{"@type":"ImageObject","inLanguage":"pt-BR","@id":"https:\/\/www.estrategiaconcursos.com.br\/blog\/resumo-de-simples-nacional-para-sefaz-se\/#primaryimage","url":"https:\/\/dhg1h5j42swfq.cloudfront.net\/2022\/01\/12113629\/simples-nacional-2.png","contentUrl":"https:\/\/dhg1h5j42swfq.cloudfront.net\/2022\/01\/12113629\/simples-nacional-2.png","width":1500,"height":540,"caption":"Entenda o Simples Nacional e a Lei Complementar 123\/2006"},{"@type":"BreadcrumbList","@id":"https:\/\/www.estrategiaconcursos.com.br\/blog\/resumo-de-simples-nacional-para-sefaz-se\/#breadcrumb","itemListElement":[{"@type":"ListItem","position":1,"name":"In\u00edcio","item":"https:\/\/www.estrategiaconcursos.com.br\/blog\/"},{"@type":"ListItem","position":2,"name":"Resumo de Simples Nacional para SEFAZ\/SE"}]},{"@type":"WebSite","@id":"https:\/\/www.estrategiaconcursos.com.br\/blog\/#website","url":"https:\/\/www.estrategiaconcursos.com.br\/blog\/","name":"Estrat\u00e9gia Concursos","description":"O blog da Estrat\u00e9gia Concursos traz not\u00edcias sobre concursos e artigos de professores oferecendo cursos para concursos (pdf + videaulas) no site.","publisher":{"@id":"https:\/\/www.estrategiaconcursos.com.br\/blog\/#organization"},"potentialAction":[{"@type":"SearchAction","target":{"@type":"EntryPoint","urlTemplate":"https:\/\/www.estrategiaconcursos.com.br\/blog\/?s={search_term_string}"},"query-input":{"@type":"PropertyValueSpecification","valueRequired":true,"valueName":"search_term_string"}}],"inLanguage":"pt-BR"},{"@type":"Organization","@id":"https:\/\/www.estrategiaconcursos.com.br\/blog\/#organization","name":"Estrat\u00e9gia Concursos","url":"https:\/\/www.estrategiaconcursos.com.br\/blog\/","logo":{"@type":"ImageObject","inLanguage":"pt-BR","@id":"https:\/\/www.estrategiaconcursos.com.br\/blog\/#\/schema\/logo\/image\/","url":"https:\/\/dhg1h5j42swfq.cloudfront.net\/2025\/06\/03203428\/logo_concursos-1.jpg","contentUrl":"https:\/\/dhg1h5j42swfq.cloudfront.net\/2025\/06\/03203428\/logo_concursos-1.jpg","width":230,"height":60,"caption":"Estrat\u00e9gia Concursos"},"image":{"@id":"https:\/\/www.estrategiaconcursos.com.br\/blog\/#\/schema\/logo\/image\/"},"sameAs":["https:\/\/x.com\/EstratConcursos"]},{"@type":"Person","@id":"https:\/\/www.estrategiaconcursos.com.br\/blog\/#\/schema\/person\/893ca2bbd27a959ad2f97b3b2016ec11","name":"Kaio Guilherme Moraes de Aquino","image":{"@type":"ImageObject","inLanguage":"pt-BR","@id":"https:\/\/secure.gravatar.com\/avatar\/ad261d775d88e747a9faf0b4308571b9892e96c89da74e1f11f0d01245116e25?s=96&d=mm&r=g","url":"https:\/\/secure.gravatar.com\/avatar\/ad261d775d88e747a9faf0b4308571b9892e96c89da74e1f11f0d01245116e25?s=96&d=mm&r=g","contentUrl":"https:\/\/secure.gravatar.com\/avatar\/ad261d775d88e747a9faf0b4308571b9892e96c89da74e1f11f0d01245116e25?s=96&d=mm&r=g","caption":"Kaio Guilherme Moraes de Aquino"},"url":"https:\/\/www.estrategiaconcursos.com.br\/blog\/author\/kaioguilhermemoraesgmail-com\/"}]}},"_links":{"self":[{"href":"https:\/\/www.estrategiaconcursos.com.br\/blog\/wp-json\/wp\/v2\/posts\/941449","targetHints":{"allow":["GET"]}}],"collection":[{"href":"https:\/\/www.estrategiaconcursos.com.br\/blog\/wp-json\/wp\/v2\/posts"}],"about":[{"href":"https:\/\/www.estrategiaconcursos.com.br\/blog\/wp-json\/wp\/v2\/types\/post"}],"author":[{"embeddable":true,"href":"https:\/\/www.estrategiaconcursos.com.br\/blog\/wp-json\/wp\/v2\/users\/2236"}],"replies":[{"embeddable":true,"href":"https:\/\/www.estrategiaconcursos.com.br\/blog\/wp-json\/wp\/v2\/comments?post=941449"}],"version-history":[{"count":7,"href":"https:\/\/www.estrategiaconcursos.com.br\/blog\/wp-json\/wp\/v2\/posts\/941449\/revisions"}],"predecessor-version":[{"id":946976,"href":"https:\/\/www.estrategiaconcursos.com.br\/blog\/wp-json\/wp\/v2\/posts\/941449\/revisions\/946976"}],"wp:featuredmedia":[{"embeddable":true,"href":"https:\/\/www.estrategiaconcursos.com.br\/blog\/wp-json\/wp\/v2\/media\/945396"}],"wp:attachment":[{"href":"https:\/\/www.estrategiaconcursos.com.br\/blog\/wp-json\/wp\/v2\/media?parent=941449"}],"wp:term":[{"taxonomy":"category","embeddable":true,"href":"https:\/\/www.estrategiaconcursos.com.br\/blog\/wp-json\/wp\/v2\/categories?post=941449"},{"taxonomy":"post_tag","embeddable":true,"href":"https:\/\/www.estrategiaconcursos.com.br\/blog\/wp-json\/wp\/v2\/tags?post=941449"},{"taxonomy":"tax_estado","embeddable":true,"href":"https:\/\/www.estrategiaconcursos.com.br\/blog\/wp-json\/wp\/v2\/tax_estado?post=941449"}],"curies":[{"name":"wp","href":"https:\/\/api.w.org\/{rel}","templated":true}]}}