{"id":941294,"date":"2022-03-07T00:00:00","date_gmt":"2022-03-07T03:00:00","guid":{"rendered":"https:\/\/www.estrategiaconcursos.com.br\/blog\/?p=941294"},"modified":"2022-03-08T08:16:32","modified_gmt":"2022-03-08T11:16:32","slug":"edital-ifrj-2022","status":"publish","type":"post","link":"https:\/\/www.estrategiaconcursos.com.br\/blog\/edital-ifrj-2022\/","title":{"rendered":"Edital IFRJ 2022: inscri\u00e7\u00f5es encerradas; provas em abril"},"content":{"rendered":"\n<p>Est\u00e3o encerradas as inscri\u00e7\u00f5es do  <strong>edital IFRJ, <\/strong>com oferta de<strong> 53 vagas<\/strong> diretas para cargos t\u00e9cnico-administrativos no Instituto Federal de Educa\u00e7\u00e3o, Ci\u00eancia e Tecnologia do Rio de Janeiro. <\/p>\n\n\n\n<p><strong>As provas ser\u00e3o realizadas no dia 10 de abril de 2022, na cidade do Rio de Janeiro, no per\u00edodo da manh\u00e3. <\/strong><\/p>\n\n\n\n<ul id=\"block-abe31e86-d48c-4064-ba2b-0439f9df6efa\" class=\"has-blush-light-purple-gradient-background has-background wp-block-list\"><li><strong>Edital IFRJ<\/strong><\/li><li><strong>Status<\/strong>: edital publicado <\/li><li><strong>Banca:<\/strong> Instituto Selecon <\/li><li><strong>Vagas:<\/strong>&nbsp;53<\/li><li><strong>Sal\u00e1rio:<\/strong> R$ 1.945,07; R$ 2.446,96 e R$ 4.180,66<\/li><li><strong>Link do edital:<\/strong> <a href=\"https:\/\/dhg1h5j42swfq.cloudfront.net\/2022\/01\/06164214\/edital-concurso-ifrj-2022-tecnico-adm-1.pdf\" target=\"_blank\" rel=\"noreferrer noopener nofollow\">Edital IFRJ 2022<\/a><\/li><\/ul>\n\n\n\n<p>O edital vem em substitui\u00e7\u00e3o ao edital n\u00ba 0030\/2021 e seus retificadores, que foram anulados por decis\u00e3o do \u00f3rg\u00e3o. <\/p>\n\n\n\n<p>O certame era organizado pelo Instituto Universal de Desenvolvimento Social (IUDS), mas apresentou problemas, como descumprimento dos objetos do contrato e fragilidades na organiza\u00e7\u00e3o das etapas, que culminaram com  rescis\u00e3o com a empresa e sua posterior anula\u00e7\u00e3o. <\/p>\n\n\n\n<p>Os candidatos inscritos no edital 0030\/2021 ter\u00e3o o mesmo prazo para se reinscrever, agora neste edital, ou para requerer o cancelamento da inscri\u00e7\u00e3o e a devolu\u00e7\u00e3o da taxa j\u00e1 paga. <\/p>\n\n\n\n<div class=\"col-sm\">\n      <div class=\"banner-estrategia\" id=\"box-assinatura\">\n        <h3 class=\"titulo-assinatura\">Cursos para IFRJ<\/h3>\n        <p class=\"subtitulo-assinatura\">Conhe\u00e7a os cursos<\/p>\n        <div class=\"box-botao\">\n          <a class=\"btn-assinatura\" target=\"_blank\" href=\"https:\/\/www.estrategiaconcursos.com.br\/cursosPorConcurso\/instituto-federal-do-rio-de-janeiro-ifrj\/\" role=\"button\" rel=\"noopener noreferrer\">Conhe\u00e7a mais<\/a>\n        <\/div>\n      <\/div>\n      \n    <\/div>\n\n\n\n<h2 class=\"wp-block-heading\" id=\"principais-datas\">Principais datas <\/h2>\n\n\n\n<ul class=\"has-very-light-gray-to-cyan-bluish-gray-gradient-background has-background wp-block-list\"><li><strong>Inscri\u00e7\u00e3o:<\/strong> <s>03\/02 a 06\/03\/2022<\/s><\/li><li><strong>Taxa:<\/strong> R$ 90, R$ 110 ou R$ 130<\/li><li><strong>Prova: <\/strong>10\/04\/2022<\/li><\/ul>\n\n\n\n<h2 class=\"wp-block-heading\" id=\"carreira\">Edital IFRJ: cargos<\/h2>\n\n\n\n<p><strong>CARGOS DE N\u00cdVEL &#8220;C&#8221;<\/strong> <strong>(3 vagas <\/strong><\/p>\n\n\n\n<figure class=\"wp-block-table is-style-stripes\"><table class=\"has-background\" style=\"background-color:#fcf0ef\"><tbody><tr><td class=\"has-text-align-center\" data-align=\"center\"> <strong>UNIDADE PREFERENCIAL <\/strong><\/td><td class=\"has-text-align-center\" data-align=\"center\"> <strong>CARGO <\/strong><\/td><td class=\"has-text-align-center\" data-align=\"center\"> <strong>REQUISITOS <\/strong><\/td><td class=\"has-text-align-center\" data-align=\"center\"><\/td><td class=\"has-text-align-center\" data-align=\"center\"><strong> VAGAS <\/strong><\/td><td class=\"has-text-align-center\" data-align=\"center\"><\/td><td class=\"has-text-align-center\" data-align=\"center\"><\/td><\/tr><tr><td class=\"has-text-align-center\" data-align=\"center\"><\/td><td class=\"has-text-align-center\" data-align=\"center\"><\/td><td class=\"has-text-align-center\" data-align=\"center\"><\/td><td class=\"has-text-align-center\" data-align=\"center\"> AC <\/td><td class=\"has-text-align-center\" data-align=\"center\"> PcD <\/td><td class=\"has-text-align-center\" data-align=\"center\"> NE <\/td><td class=\"has-text-align-center\" data-align=\"center\"> TOTAL <\/td><\/tr><tr><td class=\"has-text-align-center\" data-align=\"center\">ARRAIAL DO CABO<\/td><td class=\"has-text-align-center\" data-align=\"center\">Assistente de Alunos<\/td><td class=\"has-text-align-center\" data-align=\"center\">Ensino M\u00e9dio completo<\/td><td class=\"has-text-align-center\" data-align=\"center\">1<\/td><td class=\"has-text-align-center\" data-align=\"center\">0<\/td><td class=\"has-text-align-center\" data-align=\"center\">0<\/td><td class=\"has-text-align-center\" data-align=\"center\">1<\/td><\/tr><tr><td class=\"has-text-align-center\" data-align=\"center\">NIL\u00d3POLIS<\/td><td class=\"has-text-align-center\" data-align=\"center\">Assistente de Aluno<\/td><td class=\"has-text-align-center\" data-align=\"center\">Ensino M\u00e9dio completo<\/td><td class=\"has-text-align-center\" data-align=\"center\">1<\/td><td class=\"has-text-align-center\" data-align=\"center\">0<\/td><td class=\"has-text-align-center\" data-align=\"center\">0<\/td><td class=\"has-text-align-center\" data-align=\"center\">1<\/td><\/tr><tr><td class=\"has-text-align-center\" data-align=\"center\">PINHEIRAL<\/td><td class=\"has-text-align-center\" data-align=\"center\">Assistente de Alunos<\/td><td class=\"has-text-align-center\" data-align=\"center\">Ensino M\u00e9dio completo<\/td><td class=\"has-text-align-center\" data-align=\"center\">0<\/td><td class=\"has-text-align-center\" data-align=\"center\">0<\/td><td class=\"has-text-align-center\" data-align=\"center\">1<\/td><td class=\"has-text-align-center\" data-align=\"center\">1<\/td><\/tr><\/tbody><\/table><figcaption><strong>IFRJ: tabela de cargo e vagas<\/strong><\/figcaption><\/figure>\n\n\n\n<p><strong>CARGOS DE N\u00cdVEL &#8220;D&#8221;<\/strong> <strong>(34 vagas)<\/strong><\/p>\n\n\n\n<figure class=\"wp-block-table is-style-stripes\"><table class=\"has-background\" style=\"background-color:#e9fbe5\"><tbody><tr><td class=\"has-text-align-center\" data-align=\"center\"> <strong>UNIDADE PREFERENCIAL <\/strong> <\/td><td class=\"has-text-align-center\" data-align=\"center\"> <strong>CARGO<\/strong> <\/td><td class=\"has-text-align-center\" data-align=\"center\">  <strong>REQUISITOS <\/strong> <\/td><td class=\"has-text-align-center\" data-align=\"center\"><\/td><td class=\"has-text-align-center\" data-align=\"center\"><strong>VAGAS <\/strong> <\/td><td class=\"has-text-align-center\" data-align=\"center\"><\/td><td class=\"has-text-align-center\" data-align=\"center\"><\/td><\/tr><tr><td class=\"has-text-align-center\" data-align=\"center\"><\/td><td class=\"has-text-align-center\" data-align=\"center\"><\/td><td class=\"has-text-align-center\" data-align=\"center\"><\/td><td class=\"has-text-align-center\" data-align=\"center\">  AC  <\/td><td class=\"has-text-align-center\" data-align=\"center\">  <br \/>PcD  <\/td><td class=\"has-text-align-center\" data-align=\"center\"> NE <\/td><td class=\"has-text-align-center\" data-align=\"center\">  TOTAL <\/td><\/tr><tr><td class=\"has-text-align-center\" data-align=\"center\">BELFORDROXO<\/td><td class=\"has-text-align-center\" data-align=\"center\">Assistente em Administra\u00e7\u00e3o<\/td><td class=\"has-text-align-center\" data-align=\"center\">Ensino Profissionalizante ou Ensino M\u00e9dio completo<\/td><td class=\"has-text-align-center\" data-align=\"center\">1<\/td><td class=\"has-text-align-center\" data-align=\"center\">0<\/td><td class=\"has-text-align-center\" data-align=\"center\">0<\/td><td class=\"has-text-align-center\" data-align=\"center\">1<\/td><\/tr><tr><td class=\"has-text-align-center\" data-align=\"center\"> BELFORDROXO <\/td><td class=\"has-text-align-center\" data-align=\"center\">T\u00e9cnico de Tecnologia da Informa\u00e7\u00e3o<\/td><td class=\"has-text-align-center\" data-align=\"center\">M\u00e9dio Profissionalizante ou M\u00e9dio completo + Curso T\u00e9cnico em Eletr\u00f4nica com \u00eanfase em sistemas computacionais ou Inform\u00e1tica<\/td><td class=\"has-text-align-center\" data-align=\"center\">1<\/td><td class=\"has-text-align-center\" data-align=\"center\">0<\/td><td class=\"has-text-align-center\" data-align=\"center\">0<\/td><td class=\"has-text-align-center\" data-align=\"center\">1<\/td><\/tr><tr><td class=\"has-text-align-center\" data-align=\"center\">DUQUE DE CAXIAS<\/td><td class=\"has-text-align-center\" data-align=\"center\">Assistente em Administra\u00e7\u00e3o<\/td><td class=\"has-text-align-center\" data-align=\"center\">Ensino Profissionalizante ou Ensino M\u00e9dio completo<\/td><td class=\"has-text-align-center\" data-align=\"center\">2<\/td><td class=\"has-text-align-center\" data-align=\"center\">0<\/td><td class=\"has-text-align-center\" data-align=\"center\">1<\/td><td class=\"has-text-align-center\" data-align=\"center\">3<\/td><\/tr><tr><td class=\"has-text-align-center\" data-align=\"center\"> DUQUE DE CAXIAS <\/td><td class=\"has-text-align-center\" data-align=\"center\">T\u00e9cnico de Tecnologia da Informa\u00e7\u00e3o<\/td><td class=\"has-text-align-center\" data-align=\"center\">M\u00e9dio Profissionalizante ou M\u00e9dio Completo + Curso T\u00e9cnico em Eletr\u00f4nica com \u00eanfase em sistemas computacionais ou Inform\u00e1tica<\/td><td class=\"has-text-align-center\" data-align=\"center\">1<\/td><td class=\"has-text-align-center\" data-align=\"center\">0<\/td><td class=\"has-text-align-center\" data-align=\"center\">0<\/td><td class=\"has-text-align-center\" data-align=\"center\">1<\/td><\/tr><tr><td class=\"has-text-align-center\" data-align=\"center\"> DUQUE DE CAXIAS <\/td><td class=\"has-text-align-center\" data-align=\"center\">T\u00e9cnico em Contabilidade<\/td><td class=\"has-text-align-center\" data-align=\"center\">Ensino M\u00e9dio Profissionalizante ou Ensino M\u00e9dio Completo + Curso T\u00e9cnico em Contabilidade e registro no conselho competente<\/td><td class=\"has-text-align-center\" data-align=\"center\">1<\/td><td class=\"has-text-align-center\" data-align=\"center\">0<\/td><td class=\"has-text-align-center\" data-align=\"center\">0<\/td><td class=\"has-text-align-center\" data-align=\"center\">1<\/td><\/tr><tr><td class=\"has-text-align-center\" data-align=\"center\">ENGENHEIRO PAULO DE FRONTIN<\/td><td class=\"has-text-align-center\" data-align=\"center\">Assistente em Administra\u00e7\u00e3o<\/td><td class=\"has-text-align-center\" data-align=\"center\">Ensino Profissionalizante ou Ensino M\u00e9dio completo<\/td><td class=\"has-text-align-center\" data-align=\"center\">1<\/td><td class=\"has-text-align-center\" data-align=\"center\">0<\/td><td class=\"has-text-align-center\" data-align=\"center\">0<\/td><td class=\"has-text-align-center\" data-align=\"center\">1<\/td><\/tr><tr><td class=\"has-text-align-center\" data-align=\"center\"> ENGENHEIRO PAULO DE FRONTIN <\/td><td class=\"has-text-align-center\" data-align=\"center\">T\u00e9cnico de Laborat\u00f3rio \u00c1rea: Audiovisual<\/td><td class=\"has-text-align-center\" data-align=\"center\">Ensino profissionalizante\/t\u00e9cnico na \u00e1rea (audiovisual) + Ensino M\u00e9dio completo<\/td><td class=\"has-text-align-center\" data-align=\"center\">1<\/td><td class=\"has-text-align-center\" data-align=\"center\">0<\/td><td class=\"has-text-align-center\" data-align=\"center\">0<\/td><td class=\"has-text-align-center\" data-align=\"center\">1<\/td><\/tr><tr><td class=\"has-text-align-center\" data-align=\"center\">NITER\u00d3I<\/td><td class=\"has-text-align-center\" data-align=\"center\">T\u00e9cnico de Tecnologia da Informa\u00e7\u00e3o<\/td><td class=\"has-text-align-center\" data-align=\"center\">M\u00e9dio Profissionalizante ou M\u00e9dio completo + Curso T\u00e9cnico em Eletr\u00f4nica com \u00eanfase em sistemas computacionais ou Inform\u00e1tica<\/td><td class=\"has-text-align-center\" data-align=\"center\">1<\/td><td class=\"has-text-align-center\" data-align=\"center\">0<\/td><td class=\"has-text-align-center\" data-align=\"center\">0<\/td><td class=\"has-text-align-center\" data-align=\"center\">1<\/td><\/tr><tr><td class=\"has-text-align-center\" data-align=\"center\"> NITER\u00d3I <\/td><td class=\"has-text-align-center\" data-align=\"center\">Assistente em Administra\u00e7\u00e3o<\/td><td class=\"has-text-align-center\" data-align=\"center\">Ensino Profissionalizante ou Ensino M\u00e9dio completo<\/td><td class=\"has-text-align-center\" data-align=\"center\">0<\/td><td class=\"has-text-align-center\" data-align=\"center\">1<\/td><td class=\"has-text-align-center\" data-align=\"center\">0<\/td><td class=\"has-text-align-center\" data-align=\"center\">1<\/td><\/tr><tr><td class=\"has-text-align-center\" data-align=\"center\">PARACAMBI<\/td><td class=\"has-text-align-center\" data-align=\"center\">Assistente em Administra\u00e7\u00e3o<\/td><td class=\"has-text-align-center\" data-align=\"center\">Ensino Profissionalizante ou Ensino M\u00e9dio completo<\/td><td class=\"has-text-align-center\" data-align=\"center\">2<\/td><td class=\"has-text-align-center\" data-align=\"center\">0<\/td><td class=\"has-text-align-center\" data-align=\"center\">0<\/td><td class=\"has-text-align-center\" data-align=\"center\">2<\/td><\/tr><tr><td class=\"has-text-align-center\" data-align=\"center\"> PARACAMBI <\/td><td class=\"has-text-align-center\" data-align=\"center\">T\u00e9cnico de Laborat\u00f3rio \u00c1rea: Eletrot\u00e9cnica<\/td><td class=\"has-text-align-center\" data-align=\"center\">Ensino M\u00e9dio profissionalizante ou Ensino M\u00e9dio completo + Curso T\u00e9cnico (Eletrot\u00e9cnica)+ registro no conselho competente<\/td><td class=\"has-text-align-center\" data-align=\"center\">2<\/td><td class=\"has-text-align-center\" data-align=\"center\">0<\/td><td class=\"has-text-align-center\" data-align=\"center\">0<\/td><td class=\"has-text-align-center\" data-align=\"center\">2<\/td><\/tr><tr><td class=\"has-text-align-center\" data-align=\"center\">PINHEIRAL<\/td><td class=\"has-text-align-center\" data-align=\"center\">Assistente em Administra\u00e7\u00e3o<\/td><td class=\"has-text-align-center\" data-align=\"center\">Ensino Profissionalizante ou Ensino M\u00e9dio completo<\/td><td class=\"has-text-align-center\" data-align=\"center\">0<\/td><td class=\"has-text-align-center\" data-align=\"center\">0<\/td><td class=\"has-text-align-center\" data-align=\"center\">1<\/td><td class=\"has-text-align-center\" data-align=\"center\">1<\/td><\/tr><tr><td class=\"has-text-align-center\" data-align=\"center\">REALENGO<\/td><td class=\"has-text-align-center\" data-align=\"center\">Assistente em Administra\u00e7\u00e3o<\/td><td class=\"has-text-align-center\" data-align=\"center\">Ensino Profissionalizante ou Ensino M\u00e9dio completo<\/td><td class=\"has-text-align-center\" data-align=\"center\">0<\/td><td class=\"has-text-align-center\" data-align=\"center\">0<\/td><td class=\"has-text-align-center\" data-align=\"center\">1<\/td><td class=\"has-text-align-center\" data-align=\"center\">1<\/td><\/tr><tr><td class=\"has-text-align-center\" data-align=\"center\"> S\u00c3O GON\u00c7ALO<\/td><td class=\"has-text-align-center\" data-align=\"center\"> Assistente em Administra\u00e7\u00e3o <\/td><td class=\"has-text-align-center\" data-align=\"center\"> Ensino Profissionalizante ou Ensino M\u00e9dio completo <\/td><td class=\"has-text-align-center\" data-align=\"center\">0<\/td><td class=\"has-text-align-center\" data-align=\"center\">0<\/td><td class=\"has-text-align-center\" data-align=\"center\">1<\/td><td class=\"has-text-align-center\" data-align=\"center\">1<\/td><\/tr><tr><td class=\"has-text-align-center\" data-align=\"center\">S\u00c3O JO\u00c3O DO MERITI<\/td><td class=\"has-text-align-center\" data-align=\"center\">Assistente em Administra\u00e7\u00e3o<\/td><td class=\"has-text-align-center\" data-align=\"center\">Ensino Profissionalizante ou Ensino M\u00e9dio completo<\/td><td class=\"has-text-align-center\" data-align=\"center\">0<\/td><td class=\"has-text-align-center\" data-align=\"center\">0<\/td><td class=\"has-text-align-center\" data-align=\"center\">1<\/td><td class=\"has-text-align-center\" data-align=\"center\">1<\/td><\/tr><tr><td class=\"has-text-align-center\" data-align=\"center\">REITORIA<\/td><td class=\"has-text-align-center\" data-align=\"center\">Assistente em Administra\u00e7\u00e3o<\/td><td class=\"has-text-align-center\" data-align=\"center\">Ensino Profissionalizante ou Ensino M\u00e9dio completo<\/td><td class=\"has-text-align-center\" data-align=\"center\">12<\/td><td class=\"has-text-align-center\" data-align=\"center\">0<\/td><td class=\"has-text-align-center\" data-align=\"center\">1<\/td><td class=\"has-text-align-center\" data-align=\"center\">13<\/td><\/tr><tr><td class=\"has-text-align-center\" data-align=\"center\">REITORIA<\/td><td class=\"has-text-align-center\" data-align=\"center\">T\u00e9cnico de Tecnologia da Informa\u00e7\u00e3o<\/td><td class=\"has-text-align-center\" data-align=\"center\">Ensino M\u00e9dio Profissionalizante ou Ensino M\u00e9dio Completo + Curso T\u00e9cnico em Eletr\u00f4nica com \u00eanfase em sistemas computacionais ou Inform\u00e1tica<\/td><td class=\"has-text-align-center\" data-align=\"center\">1<\/td><td class=\"has-text-align-center\" data-align=\"center\">0<\/td><td class=\"has-text-align-center\" data-align=\"center\">0<\/td><td class=\"has-text-align-center\" data-align=\"center\">1<\/td><\/tr><tr><td class=\"has-text-align-center\" data-align=\"center\"> REITORIA <\/td><td class=\"has-text-align-center\" data-align=\"center\">T\u00e9cnico em Contabilidade<\/td><td class=\"has-text-align-center\" data-align=\"center\">Ensino M\u00e9dio Profissionalizante ou Ensino M\u00e9dio Completo + Curso T\u00e9cnico em Contabilidade e registro no conselho competente<\/td><td class=\"has-text-align-center\" data-align=\"center\">1<\/td><td class=\"has-text-align-center\" data-align=\"center\">0<\/td><td class=\"has-text-align-center\" data-align=\"center\">0<\/td><td class=\"has-text-align-center\" data-align=\"center\">1<\/td><\/tr><\/tbody><\/table><figcaption><strong>IFRJ: tabela de cargo e vagas<\/strong><\/figcaption><\/figure>\n\n\n\n<p><strong>CARGOS DE N\u00cdVEL &#8220;E&#8221;<\/strong> <strong>(16 vagas)<\/strong><\/p>\n\n\n\n<figure class=\"wp-block-table is-style-stripes\"><table class=\"has-background\" style=\"background-color:#e7f5fe\"><tbody><tr><td class=\"has-text-align-center\" data-align=\"center\"><strong>UNIDADE PREFERENCIAL<\/strong><\/td><td class=\"has-text-align-center\" data-align=\"center\"><strong>CARGO<\/strong><\/td><td class=\"has-text-align-center\" data-align=\"center\"><strong>REQUISITOS<\/strong><\/td><td class=\"has-text-align-center\" data-align=\"center\"><strong>VAGAS<\/strong><\/td><\/tr><tr><td class=\"has-text-align-center\" data-align=\"center\"><\/td><td class=\"has-text-align-center\" data-align=\"center\"><\/td><td class=\"has-text-align-center\" data-align=\"center\"><\/td><td class=\"has-text-align-center\" data-align=\"center\">AC<\/td><td class=\"has-text-align-center\" data-align=\"center\">PcD<\/td><td class=\"has-text-align-center\" data-align=\"center\">NE<\/td><td class=\"has-text-align-center\" data-align=\"center\">TOTAL<\/td><\/tr><tr><td class=\"has-text-align-center\" data-align=\"center\">BELFORDROXO<\/td><td class=\"has-text-align-center\" data-align=\"center\">T\u00e9cnico em Assuntos Educacionais<\/td><td class=\"has-text-align-center\" data-align=\"center\">Curso superior completo na \u00e1rea de Educa\u00e7\u00e3o<\/td><td class=\"has-text-align-center\" data-align=\"center\">1<\/td><td class=\"has-text-align-center\" data-align=\"center\">0<\/td><td class=\"has-text-align-center\" data-align=\"center\">0<\/td><td class=\"has-text-align-center\" data-align=\"center\">1<\/td><\/tr><tr><td class=\"has-text-align-center\" data-align=\"center\">ENGENHEIRO PAULO DE FRONTIN<\/td><td class=\"has-text-align-center\" data-align=\"center\">Pedagogo<\/td><td class=\"has-text-align-center\" data-align=\"center\">Curso superior completo em Pedagogia<\/td><td class=\"has-text-align-center\" data-align=\"center\">1<\/td><td class=\"has-text-align-center\" data-align=\"center\">0<\/td><td class=\"has-text-align-center\" data-align=\"center\">0<\/td><td class=\"has-text-align-center\" data-align=\"center\">1<\/td><\/tr><tr><td class=\"has-text-align-center\" data-align=\"center\">NITER\u00d3I<\/td><td class=\"has-text-align-center\" data-align=\"center\">Administrador<\/td><td class=\"has-text-align-center\" data-align=\"center\">Curso superior completo nas \u00e1reas afins (Administra\u00e7\u00e3o de Empresa e\/ou P\u00fablica) + registro no conselho competente<\/td><td class=\"has-text-align-center\" data-align=\"center\">1<\/td><td class=\"has-text-align-center\" data-align=\"center\">0<\/td><td class=\"has-text-align-center\" data-align=\"center\">0<\/td><td class=\"has-text-align-center\" data-align=\"center\">1<\/td><\/tr><tr><td class=\"has-text-align-center\" data-align=\"center\"> NITER\u00d3I <\/td><td class=\"has-text-align-center\" data-align=\"center\">T\u00e9cnico em Assuntos Educaionais<\/td><td class=\"has-text-align-center\" data-align=\"center\">Curso superior completo na \u00e1rea de Educa\u00e7\u00e3o<\/td><td class=\"has-text-align-center\" data-align=\"center\">0<\/td><td class=\"has-text-align-center\" data-align=\"center\">0<\/td><td class=\"has-text-align-center\" data-align=\"center\">1<\/td><td class=\"has-text-align-center\" data-align=\"center\">1<\/td><\/tr><tr><td class=\"has-text-align-center\" data-align=\"center\">PARACAMBI<\/td><td class=\"has-text-align-center\" data-align=\"center\">Administrador<\/td><td class=\"has-text-align-center\" data-align=\"center\">Curso superior completo nas \u00e1reas afins (Administra\u00e7\u00e3o de Empresa e\/ou P\u00fablica) + registro no conselho competente<\/td><td class=\"has-text-align-center\" data-align=\"center\">1<\/td><td class=\"has-text-align-center\" data-align=\"center\">0<\/td><td class=\"has-text-align-center\" data-align=\"center\">0<\/td><td class=\"has-text-align-center\" data-align=\"center\">1<\/td><\/tr><tr><td class=\"has-text-align-center\" data-align=\"center\">PINHEIRAL<\/td><td class=\"has-text-align-center\" data-align=\"center\">T\u00e9cnico em Assuntos Educacionais<\/td><td class=\"has-text-align-center\" data-align=\"center\">Curso superior completo na \u00e1rea de Educa\u00e7\u00e3o<\/td><td class=\"has-text-align-center\" data-align=\"center\">1<\/td><td class=\"has-text-align-center\" data-align=\"center\">0<\/td><td class=\"has-text-align-center\" data-align=\"center\">0<\/td><td class=\"has-text-align-center\" data-align=\"center\">1<\/td><\/tr><tr><td class=\"has-text-align-center\" data-align=\"center\"> PINHEIRAL <\/td><td class=\"has-text-align-center\" data-align=\"center\">Administrador<\/td><td class=\"has-text-align-center\" data-align=\"center\">Curso superior completo nas \u00e1reas afins (Administra\u00e7\u00e3o de Empresa e\/ou P\u00fablica) + registro no conselho competente<\/td><td class=\"has-text-align-center\" data-align=\"center\">0<\/td><td class=\"has-text-align-center\" data-align=\"center\">0<\/td><td class=\"has-text-align-center\" data-align=\"center\">1<\/td><td class=\"has-text-align-center\" data-align=\"center\">1<\/td><\/tr><tr><td class=\"has-text-align-center\" data-align=\"center\">RESENDE<\/td><td class=\"has-text-align-center\" data-align=\"center\">Pedagogo<\/td><td class=\"has-text-align-center\" data-align=\"center\">Curso superior completo em Pedagogia<\/td><td class=\"has-text-align-center\" data-align=\"center\">1<\/td><td class=\"has-text-align-center\" data-align=\"center\">0<\/td><td class=\"has-text-align-center\" data-align=\"center\">0<\/td><td class=\"has-text-align-center\" data-align=\"center\">1<\/td><\/tr><tr><td class=\"has-text-align-center\" data-align=\"center\">RIO DE JANEIRO<\/td><td class=\"has-text-align-center\" data-align=\"center\">Contador<\/td><td class=\"has-text-align-center\" data-align=\"center\">Curso superior completo em Ci\u00eancias Cont\u00e1beis e\/ou Registro no conselho competente<\/td><td class=\"has-text-align-center\" data-align=\"center\">1<\/td><td class=\"has-text-align-center\" data-align=\"center\">0<\/td><td class=\"has-text-align-center\" data-align=\"center\">0<\/td><td class=\"has-text-align-center\" data-align=\"center\">1<\/td><\/tr><tr><td class=\"has-text-align-center\" data-align=\"center\"> RIO DE JANEIRO <\/td><td class=\"has-text-align-center\" data-align=\"center\">Qu\u00edmico<\/td><td class=\"has-text-align-center\" data-align=\"center\">Curso superior na \u00e1rea\/Registro no conselho competente.<\/td><td class=\"has-text-align-center\" data-align=\"center\">2<\/td><td class=\"has-text-align-center\" data-align=\"center\">0<\/td><td class=\"has-text-align-center\" data-align=\"center\">0<\/td><td class=\"has-text-align-center\" data-align=\"center\">2<\/td><\/tr><tr><td class=\"has-text-align-center\" data-align=\"center\">S\u00c3O JO\u00c3ODO MERITI<\/td><td class=\"has-text-align-center\" data-align=\"center\">T\u00e9cnico em Assuntos Educacionais<\/td><td class=\"has-text-align-center\" data-align=\"center\">Curso superior completo na \u00e1rea de Educa\u00e7\u00e3o<\/td><td class=\"has-text-align-center\" data-align=\"center\">1<\/td><td class=\"has-text-align-center\" data-align=\"center\">0<\/td><td class=\"has-text-align-center\" data-align=\"center\">0<\/td><td class=\"has-text-align-center\" data-align=\"center\">1<\/td><\/tr><tr><td class=\"has-text-align-center\" data-align=\"center\">REITORIA<\/td><td class=\"has-text-align-center\" data-align=\"center\">Analista de Tecnologia da Informa\u00e7\u00e3o<\/td><td class=\"has-text-align-center\" data-align=\"center\">Curso superior completo em Inform\u00e1tica ou Sistemas de Informa\u00e7\u00e3o ou Ci\u00eancias da Computa\u00e7\u00e3o ou Engenharia da computa\u00e7\u00e3o<\/td><td class=\"has-text-align-center\" data-align=\"center\">1<\/td><td class=\"has-text-align-center\" data-align=\"center\">0<\/td><td class=\"has-text-align-center\" data-align=\"center\">0<\/td><td class=\"has-text-align-center\" data-align=\"center\">1<\/td><\/tr><tr><td class=\"has-text-align-center\" data-align=\"center\"> REITORIA <\/td><td class=\"has-text-align-center\" data-align=\"center\">Contador<\/td><td class=\"has-text-align-center\" data-align=\"center\">Curso superior completo em Ci\u00eancias Cont\u00e1beis e\/ou Registro no conselho competente<\/td><td class=\"has-text-align-center\" data-align=\"center\">1<\/td><td class=\"has-text-align-center\" data-align=\"center\">0<\/td><td class=\"has-text-align-center\" data-align=\"center\">0<\/td><td class=\"has-text-align-center\" data-align=\"center\">1<\/td><\/tr><tr><td class=\"has-text-align-center\" data-align=\"center\"> REITORIA <\/td><td class=\"has-text-align-center\" data-align=\"center\">T\u00e9cnico em Assuntos Educacionais<\/td><td class=\"has-text-align-center\" data-align=\"center\">Curso superior completo na \u00e1rea de Educa\u00e7\u00e3o<\/td><td class=\"has-text-align-center\" data-align=\"center\">1<\/td><td class=\"has-text-align-center\" data-align=\"center\">0<\/td><td class=\"has-text-align-center\" data-align=\"center\">0<\/td><td class=\"has-text-align-center\" data-align=\"center\">1<\/td><\/tr><tr><td class=\"has-text-align-center\" data-align=\"center\"> REITORIA <\/td><td class=\"has-text-align-center\" data-align=\"center\">Tecn\u00f3logo \/ Forma\u00e7\u00e3o: Recursos Humanos<\/td><td class=\"has-text-align-center\" data-align=\"center\">Curso superior em Administra\u00e7\u00e3o ou em Gest\u00e3o de Recurso Humanos<\/td><td class=\"has-text-align-center\" data-align=\"center\">1<\/td><td class=\"has-text-align-center\" data-align=\"center\">0<\/td><td class=\"has-text-align-center\" data-align=\"center\">0<\/td><td class=\"has-text-align-center\" data-align=\"center\">1<\/td><\/tr><\/tbody><\/table><figcaption><strong>IFRJ: tabela de cargo e vagas<\/strong><\/figcaption><\/figure>\n\n\n\n<h3 class=\"wp-block-heading\" id=\"salario\">Sal\u00e1rios e Benef\u00edcios<\/h3>\n\n\n\n<p>Os sal\u00e1rios pagos aos ocupantes dos cargos aprovados no concurso IFRJ variam entre os valores de:<\/p>\n\n\n\n<ul class=\"wp-block-list\"><li>R$ 1.945,07, para n\u00edvel de classifica\u00e7\u00e3o &#8220;C&#8221;; <\/li><li>R$ 2.446,96,<strong> <\/strong>para n\u00edvel de classifica\u00e7\u00e3o &#8220;D&#8221;<strong> <\/strong>e<strong> <\/strong><\/li><li>R$ 4.180,66, para n\u00edvel de classifica\u00e7\u00e3o &#8220;E&#8221;.  <\/li><\/ul>\n\n\n\n<p>A eles ser\u00e1 ainda somado o valor de R$ 458 de aux\u00edlio-alimenta\u00e7\u00e3o. <span style=\"font-size: revert; color: initial;\">O servidor tamb\u00e9m far\u00e1 jus ao aux\u00edlio-transporte (vari\u00e1vel) e ressarcimento ao plano de sa\u00fade (de R$ 101,56 a R$ 205,63, dependendo da remunera\u00e7\u00e3o e idade).<\/span> <\/p>\n\n\n\n<h2 class=\"wp-block-heading\" id=\"etapa\">Edital IFRJ: etapas<\/h2>\n\n\n\n<p>O Concurso P\u00fablico ser\u00e1 composto de:<br \/><br \/>a) <strong>Prova Objetiva<\/strong>, de car\u00e1ter eliminat\u00f3rio e classificat\u00f3rio, para todos os candidatos;<br \/>b) <strong>Avalia\u00e7\u00e3o de T\u00edtulos<\/strong>, de car\u00e1ter classificat\u00f3rio, para todos os candidatos a cargos p\u00fablicos de n\u00edvel superior (N\u00edvel E) classificados.<\/p>\n\n\n\n<h3 class=\"wp-block-heading\" id=\"h-prova-objetiva\">Prova Objetiva<\/h3>\n\n\n\n<p>A Prova Objetiva, para os candidatos a todos os cargos p\u00fablicos, ser\u00e1 composta de 50 quest\u00f5es do tipo m\u00faltipla escolha. Cada quest\u00e3o conter\u00e1 04 op\u00e7\u00f5es de resposta (A, B, C, D), das quais apenas uma ser\u00e1 a correta.<\/p>\n\n\n\n<p>As Provas Objetivas ser\u00e3o realizadas na cidade do Rio de Janeiro, com dura\u00e7\u00e3o de 04 horas, das 09h as 13h, devendo o candidato chegar com 01 hora de anteced\u00eancia.<\/p>\n\n\n\n<p><strong>N\u00edvel M\u00e9dio &#8220;C&#8221;<\/strong><\/p>\n\n\n\n<ul class=\"wp-block-list\"><li>L\u00edngua Portuguesa &#8211; 08 quest\u00f5es<\/li><li>Legisla\u00e7\u00e3o e \u00c9tica &#8211; 07 quest\u00f5es<\/li><li>Inform\u00e1tica &#8211; 05 quest\u00f5es<\/li><li>Conhecimentos Espec\u00edficos &#8211; 30 quest\u00f5es<\/li><\/ul>\n\n\n\n<p><strong>N\u00edvel M\u00e9dio &#8220;D&#8221; <\/strong><\/p>\n\n\n\n<ul class=\"wp-block-list\" id=\"block-fa727b61-338f-46bd-b019-34e09c31061e\"><li>L\u00edngua Portuguesa &#8211; 08 quest\u00f5es<\/li><li>Legisla\u00e7\u00e3o e \u00c9tica &#8211; 07 quest\u00f5es<\/li><li>Inform\u00e1tica &#8211; 05 quest\u00f5es<\/li><li>Conhecimentos Espec\u00edficos &#8211; 30 quest\u00f5es<\/li><\/ul>\n\n\n\n<p><strong>N\u00edvel Superior &#8220;E&#8221;<\/strong><\/p>\n\n\n\n<ul class=\"wp-block-list\" id=\"block-8b8c5ef0-cba0-4587-834d-66ee420fc142\"><li>L\u00edngua Portuguesa &#8211; 08 quest\u00f5es<\/li><li>Legisla\u00e7\u00e3o e \u00c9tica &#8211; 07 quest\u00f5es<\/li><li>Conhecimentos Espec\u00edficos &#8211; 35 quest\u00f5es<\/li><\/ul>\n\n\n\n<p>Os candidatos dever\u00e3o atingir minimamente 40 % (quarenta por cento) dos pontos previstos<br \/>para cada disciplina e obter tamb\u00e9m 60 % (sessenta por cento) do total de pontos da prova para ser<br \/>considerado apto na etapa da Prova Objetiva.<\/p>\n\n\n\n<h3 class=\"wp-block-heading\" id=\"h-prova-de-titulos\">Prova de T\u00edtulos<\/h3>\n\n\n\n<p>Participar\u00e3o da Avalia\u00e7\u00e3o de T\u00edtulos os candidatos de Cargos de N\u00edvel Superior (N\u00edvel E), aprovados na Prova Objetiva.<\/p>\n\n\n\n<p>Ser\u00e3o considerados como t\u00edtulos apenas os t\u00f3picos relacionados abaixo para a Avalia\u00e7\u00e3o de T\u00edtulos, al\u00e9m de limitada \u00e0 pontua\u00e7\u00e3o total, conforme o seguinte estabelecido:<\/p>\n\n\n\n<p><strong>Titula\u00e7\u00e3o<\/strong><\/p>\n\n\n\n<figure class=\"wp-block-table is-style-stripes\"><table><tbody><tr><td class=\"has-text-align-center\" data-align=\"center\"><strong>DESCRI\u00c7\u00c3O<\/strong><\/td><td class=\"has-text-align-center\" data-align=\"center\"><strong>VALOR UNIT\u00c1RIO EM PONTOS<\/strong><\/td><td class=\"has-text-align-center\" data-align=\"center\"><strong>VALOR M\u00c1XIMO EM PONTOS<\/strong><\/td><\/tr><tr><td class=\"has-text-align-center\" data-align=\"center\">Curso de P\u00f3s-Gradua\u00e7\u00e3o stricto sensu em n\u00edvel de Doutorado, na \u00e1rea ou na forma\u00e7\u00e3o espec\u00edfica relacionada ao Cargo P\u00fablico para o qual concorre.<\/td><td class=\"has-text-align-center\" data-align=\"center\">10,0<\/td><td class=\"has-text-align-center\" data-align=\"center\">10,0<\/td><\/tr><tr><td class=\"has-text-align-center\" data-align=\"center\">Curso de P\u00f3s-Gradua\u00e7\u00e3o stricto sensu em n\u00edvel de Mestrado (Profissional ou Acad\u00eamico), na \u00e1rea ou na forma\u00e7\u00e3o espec\u00edfica relacionada ao Cargo P\u00fablico para o qual concorre.<\/td><td class=\"has-text-align-center\" data-align=\"center\">5,0<\/td><td class=\"has-text-align-center\" data-align=\"center\">5,0<\/td><\/tr><tr><td class=\"has-text-align-center\" data-align=\"center\">Curso de P\u00f3s-Gradua\u00e7\u00e3o lato sensu em n\u00edvel de Especializa\u00e7\u00e3o (inclui-se MBA e Resid\u00eancia), na \u00e1rea ou na forma\u00e7\u00e3o espec\u00edfica relacionada ao Cargo P\u00fablico para o qual concorre.<\/td><td class=\"has-text-align-center\" data-align=\"center\">3,0<\/td><td class=\"has-text-align-center\" data-align=\"center\">3,0<\/td><\/tr><tr><td class=\"has-text-align-center\" data-align=\"center\"><strong>Pontua\u00e7\u00e3o M\u00e1xima da Titula\u00e7\u00e3o<\/strong><\/td><td class=\"has-text-align-center\" data-align=\"center\"><\/td><td class=\"has-text-align-center\" data-align=\"center\"><strong>10,0<\/strong><\/td><\/tr><\/tbody><\/table><\/figure>\n\n\n\n<p><strong>Experi\u00eancia Profissional<\/strong> <\/p>\n\n\n\n<figure class=\"wp-block-table is-style-stripes\"><table><tbody><tr><td class=\"has-text-align-center\" data-align=\"center\"><strong> DESCRI\u00c7\u00c3O <\/strong><\/td><td class=\"has-text-align-center\" data-align=\"center\"> <strong>VALOR UNIT\u00c1RIO EM PONTOS<\/strong> <\/td><td class=\"has-text-align-center\" data-align=\"center\"><strong>VALOR M\u00c1XIMO EM PONTOS<\/strong> <\/td><\/tr><tr><td class=\"has-text-align-center\" data-align=\"center\">Dias de trabalho no Emprego a que concorre na iniciativa p\u00fablica ou privada, na \u00e1rea ou na forma\u00e7\u00e3o espec\u00edfica relacionada ao Cargo P\u00fablico para o qual concorre.<\/td><td class=\"has-text-align-center\" data-align=\"center\">2,0 para cada 365 dias completos<\/td><td class=\"has-text-align-center\" data-align=\"center\">10,0<\/td><\/tr><\/tbody><\/table><\/figure>\n\n\n\n<figure class=\"wp-block-table is-style-stripes\"><table><tbody><tr><td class=\"has-text-align-center\" data-align=\"center\"> <strong>Pontua\u00e7\u00e3o M\u00e1xima da Experi\u00eancia Profissional<\/strong><\/td><td class=\"has-text-align-center\" data-align=\"center\"><\/td><td class=\"has-text-align-center\" data-align=\"center\"><\/td><td><strong>10,0<\/strong><\/td><\/tr><\/tbody><\/table><figcaption><strong>Tabela de t\u00edtulos do concurso IFRJ<\/strong><\/figcaption><\/figure>\n\n\n\n<p><strong>DA CLASSIFICA\u00c7\u00c3O, RESULTADO FINAL E HOMOLOGA\u00c7\u00c3O<\/strong><\/p>\n\n\n\n<p>A nota final do candidato ser\u00e1 calculada da seguinte forma:<br \/>a) Para os candidatos aos cargos p\u00fablicos de N\u00edvel Superior (N\u00edvel E): Nota Final = Notas das Provas Objetivas + Nota da Avalia\u00e7\u00e3o de T\u00edtulos.<br \/>b) Para os candidatos aos cargos p\u00fablicos de N\u00edvel M\u00e9dio (N\u00edvel D e N\u00edvel C): Nota Final = Nota da Prova Objetiva.<\/p>\n\n\n\n<p class=\"has-text-align-center has-pale-pink-background-color has-background has-medium-font-size\"><strong>Mais informa\u00e7\u00f5es: <a href=\"https:\/\/www.estrategiaconcursos.com.br\/blog\/concurso-ifrj\" target=\"_blank\" rel=\"noreferrer noopener\">Concurso IFRJ<\/a> <\/strong><\/p>\n\n\n\n<h2 class=\"has-text-align-center wp-block-heading\" id=\"h-quer-saber-tudo-sobre-concursos-previstos-confira-nossos-artigos\">Quer saber tudo sobre concursos previstos?<br \/>Confira nossos artigos!<\/h2>\n\n\n\n<ul class=\"wp-block-list\"><li><a href=\"https:\/\/www.estrategiaconcursos.com.br\/blog\/concursos-abertos\/\" target=\"_blank\" rel=\"noreferrer noopener\">Concursos abertos<\/a><\/li><li><a href=\"https:\/\/www.estrategiaconcursos.com.br\/blog\/concursos-2022\/\" target=\"_blank\" rel=\"noreferrer noopener\">Concursos 2022<\/a><\/li><\/ul>\n\n\n\n<h2 class=\"has-text-align-center wp-block-heading\" id=\"CURSO\">Quer se preparar para o concurso IFRJ? <\/h2>\n\n\n\n<p class=\"has-text-align-center\"><strong><em>Gostou dessa oportunidade&nbsp;e deseja se preparar para este concurso?<\/em><\/strong><br \/><strong><em>Esteja mais preparado com nossos cursos. Acompanhe as novidades!<\/em><\/strong><\/p>\n\n\n\n<div class=\"col-sm\">\n      <div class=\"banner-estrategia\" id=\"box-assinatura\">\n        <h3 class=\"titulo-assinatura\">Cursos para IFRJ<\/h3>\n        <p class=\"subtitulo-assinatura\">Conhe\u00e7a os cursos<\/p>\n        <div class=\"box-botao\">\n          <a class=\"btn-assinatura\" target=\"_blank\" href=\"https:\/\/www.estrategiaconcursos.com.br\/cursosPorConcurso\/instituto-federal-do-rio-de-janeiro-ifrj\/\" role=\"button\" rel=\"noopener noreferrer\">Conhe\u00e7a mais<\/a>\n        <\/div>\n      <\/div>\n     \n    <\/div>\n\n\n\n<div class=\"container\" id=\"boxes\">\n  <div class=\"row\">\n\n    <div class=\"col-sm\">\n      <div class=\"estrategia\" id=\"box-assinatura\">\n        <h3 class=\"titulo-assinatura\">Assinatura de Concursos<\/h3>\n        <p class=\"subtitulo-assinatura\">Assinatura de 1 ano ou 2 anos<\/p>\n        <div class=\"box-botao\">\n          <a class=\"btn-assinatura\" target=\"_blank\" href=\"https:\/\/www.estrategiaconcursos.com.br\/assinaturas\/\" role=\"button\" rel=\"noopener noreferrer\">ASSINE AGORA<\/a>\n        <\/div>\n      <\/div>\n     \n    <\/div><\/div><\/div>\n\n\n\n<figure class=\"wp-block-image size-large is-resized\"><img loading=\"lazy\" decoding=\"async\" src=\"https:\/\/dhg1h5j42swfq.cloudfront.net\/2021\/06\/11155630\/ficha-tecnica-2-1024x632.png\" alt=\"\" class=\"wp-image-764985\" width=\"233\" height=\"143\" srcset=\"https:\/\/dhg1h5j42swfq.cloudfront.net\/2021\/06\/11155630\/ficha-tecnica-2-1024x632.png 1024w, https:\/\/dhg1h5j42swfq.cloudfront.net\/2021\/06\/11155630\/ficha-tecnica-2-300x185.png 300w, https:\/\/dhg1h5j42swfq.cloudfront.net\/2021\/06\/11155630\/ficha-tecnica-2-768x474.png 768w, https:\/\/dhg1h5j42swfq.cloudfront.net\/2021\/06\/11155630\/ficha-tecnica-2-1536x948.png 1536w, https:\/\/dhg1h5j42swfq.cloudfront.net\/2021\/06\/11155630\/ficha-tecnica-2-610x377.png 610w, https:\/\/dhg1h5j42swfq.cloudfront.net\/2021\/06\/11155630\/ficha-tecnica-2.png 1571w\" sizes=\"auto, (max-width: 233px) 100vw, 233px\" \/><figcaption>\ufeff<\/figcaption><\/figure>\n\n\n\n<h3 class=\"wp-block-heading\" id=\"ficha\">Informa\u00e7\u00f5es sobre o concurso IFRJ <\/h3>\n\n\n\n<p>\u25ba<strong>Data prevista da prova<\/strong>: 10\/04\/2022<br \/>\u25ba<strong>Vagas<\/strong>: 53<br \/>\u25ba<strong>Cargos<\/strong>:&nbsp;T\u00e9cnico-Administrativo em Educa\u00e7\u00e3o<br \/>\u25ba<strong>Banca<\/strong>: Instituto Selecon <br \/>\u25ba<strong>Escolaridade<\/strong>: N\u00edvel m\u00e9dio\/ superior<br \/>\u25ba<strong>Edital:&nbsp;<\/strong><a href=\"https:\/\/dhg1h5j42swfq.cloudfront.net\/2022\/01\/06164214\/edital-concurso-ifrj-2022-tecnico-adm-1.pdf\" target=\"_blank\" rel=\"noreferrer noopener nofollow\">Edital IFRJ 2022<\/a> <br \/><br \/><\/p>\n","protected":false},"excerpt":{"rendered":"<p>Est\u00e3o encerradas as inscri\u00e7\u00f5es do edital IFRJ, com oferta de 53 vagas diretas para cargos t\u00e9cnico-administrativos no Instituto Federal de Educa\u00e7\u00e3o, Ci\u00eancia e Tecnologia do Rio de Janeiro. As provas ser\u00e3o realizadas no dia 10 de abril de 2022, na cidade do Rio de Janeiro, no per\u00edodo da manh\u00e3. Edital IFRJ Status: edital publicado Banca: [&hellip;]<\/p>\n","protected":false},"author":1482,"featured_media":941308,"comment_status":"open","ping_status":"closed","sticky":false,"template":"","format":"standard","meta":{"post_tipo":"news","footnotes":""},"categories":[3766,220219],"tags":[],"tax_estado":[219982],"class_list":["post-941294","post","type-post","status-publish","format-standard","has-post-thumbnail","hentry","category-educacional","category-noticias","tax_estado-rj"],"acf":[],"yoast_head":"<!-- This site is optimized with the Yoast SEO Premium plugin v27.2 (Yoast SEO v27.2) - https:\/\/yoast.com\/product\/yoast-seo-premium-wordpress\/ -->\n<title>Edital IFRJ 2022: inscri\u00e7\u00f5es encerradas; provas em abril<\/title>\n<meta name=\"description\" content=\"Foi publicado o edital IFRJ 2022, com oferta de 53 vagas para cargos t\u00e9cnico-administrativos no Instituto Federal do estado fluminense.\" \/>\n<meta name=\"robots\" content=\"index, follow, max-snippet:-1, max-image-preview:large, max-video-preview:-1\" \/>\n<link rel=\"canonical\" href=\"https:\/\/www.estrategiaconcursos.com.br\/blog\/edital-ifrj-2022\/\" \/>\n<meta property=\"og:locale\" content=\"pt_BR\" \/>\n<meta property=\"og:type\" content=\"article\" \/>\n<meta property=\"og:title\" content=\"Edital IFRJ 2022: inscri\u00e7\u00f5es encerradas; provas em abril\" \/>\n<meta property=\"og:description\" content=\"Foi publicado o edital IFRJ 2022, com oferta de 53 vagas para cargos t\u00e9cnico-administrativos no Instituto Federal do estado fluminense.\" \/>\n<meta property=\"og:url\" content=\"https:\/\/www.estrategiaconcursos.com.br\/blog\/edital-ifrj-2022\/\" \/>\n<meta property=\"og:site_name\" content=\"Estrat\u00e9gia Concursos\" \/>\n<meta property=\"article:published_time\" content=\"2022-03-07T03:00:00+00:00\" \/>\n<meta property=\"article:modified_time\" content=\"2022-03-08T11:16:32+00:00\" \/>\n<meta property=\"og:image\" content=\"https:\/\/dhg1h5j42swfq.cloudfront.net\/2022\/01\/06163759\/saiu-edital-1-2-4.jpg\" \/>\n\t<meta property=\"og:image:width\" content=\"1200\" \/>\n\t<meta property=\"og:image:height\" content=\"628\" \/>\n\t<meta property=\"og:image:type\" content=\"image\/jpeg\" \/>\n<meta name=\"author\" content=\"Diego Cerqueira\" \/>\n<meta name=\"twitter:card\" content=\"summary_large_image\" \/>\n<meta name=\"twitter:creator\" content=\"@EstratConcursos\" \/>\n<meta name=\"twitter:site\" content=\"@EstratConcursos\" \/>\n<meta name=\"twitter:label1\" content=\"Escrito por\" \/>\n\t<meta name=\"twitter:data1\" content=\"Diego Cerqueira\" \/>\n\t<meta name=\"twitter:label2\" content=\"Est. tempo de leitura\" \/>\n\t<meta name=\"twitter:data2\" content=\"9 minutos\" \/>\n<script type=\"application\/ld+json\" class=\"yoast-schema-graph\">{\"@context\":\"https:\/\/schema.org\",\"@graph\":[{\"@type\":\"NewsArticle\",\"@id\":\"https:\/\/www.estrategiaconcursos.com.br\/blog\/edital-ifrj-2022\/#article\",\"isPartOf\":{\"@id\":\"https:\/\/www.estrategiaconcursos.com.br\/blog\/edital-ifrj-2022\/\"},\"author\":{\"name\":\"Diego Cerqueira\",\"@id\":\"https:\/\/www.estrategiaconcursos.com.br\/blog\/#\/schema\/person\/dd9f6d98671a3ac63bf25b40baf6f2e2\"},\"headline\":\"Edital IFRJ 2022: inscri\u00e7\u00f5es encerradas; provas em abril\",\"datePublished\":\"2022-03-07T03:00:00+00:00\",\"dateModified\":\"2022-03-08T11:16:32+00:00\",\"mainEntityOfPage\":{\"@id\":\"https:\/\/www.estrategiaconcursos.com.br\/blog\/edital-ifrj-2022\/\"},\"wordCount\":1627,\"commentCount\":0,\"publisher\":{\"@id\":\"https:\/\/www.estrategiaconcursos.com.br\/blog\/#organization\"},\"image\":{\"@id\":\"https:\/\/www.estrategiaconcursos.com.br\/blog\/edital-ifrj-2022\/#primaryimage\"},\"thumbnailUrl\":\"https:\/\/dhg1h5j42swfq.cloudfront.net\/2022\/01\/06163759\/saiu-edital-1-2-4.jpg\",\"articleSection\":[\"Educa\u00e7\u00e3o\",\"\u00daltimas not\u00edcias\"],\"inLanguage\":\"pt-BR\",\"potentialAction\":[{\"@type\":\"CommentAction\",\"name\":\"Comment\",\"target\":[\"https:\/\/www.estrategiaconcursos.com.br\/blog\/edital-ifrj-2022\/#respond\"]}],\"copyrightYear\":\"2022\",\"copyrightHolder\":{\"@id\":\"https:\/\/www.estrategiaconcursos.com.br\/blog\/#organization\"}},{\"@type\":\"WebPage\",\"@id\":\"https:\/\/www.estrategiaconcursos.com.br\/blog\/edital-ifrj-2022\/\",\"url\":\"https:\/\/www.estrategiaconcursos.com.br\/blog\/edital-ifrj-2022\/\",\"name\":\"Edital IFRJ 2022: inscri\u00e7\u00f5es encerradas; provas em abril\",\"isPartOf\":{\"@id\":\"https:\/\/www.estrategiaconcursos.com.br\/blog\/#website\"},\"primaryImageOfPage\":{\"@id\":\"https:\/\/www.estrategiaconcursos.com.br\/blog\/edital-ifrj-2022\/#primaryimage\"},\"image\":{\"@id\":\"https:\/\/www.estrategiaconcursos.com.br\/blog\/edital-ifrj-2022\/#primaryimage\"},\"thumbnailUrl\":\"https:\/\/dhg1h5j42swfq.cloudfront.net\/2022\/01\/06163759\/saiu-edital-1-2-4.jpg\",\"datePublished\":\"2022-03-07T03:00:00+00:00\",\"dateModified\":\"2022-03-08T11:16:32+00:00\",\"description\":\"Foi publicado o edital IFRJ 2022, com oferta de 53 vagas para cargos t\u00e9cnico-administrativos no Instituto Federal do estado fluminense.\",\"breadcrumb\":{\"@id\":\"https:\/\/www.estrategiaconcursos.com.br\/blog\/edital-ifrj-2022\/#breadcrumb\"},\"inLanguage\":\"pt-BR\",\"potentialAction\":[{\"@type\":\"ReadAction\",\"target\":[\"https:\/\/www.estrategiaconcursos.com.br\/blog\/edital-ifrj-2022\/\"]}]},{\"@type\":\"ImageObject\",\"inLanguage\":\"pt-BR\",\"@id\":\"https:\/\/www.estrategiaconcursos.com.br\/blog\/edital-ifrj-2022\/#primaryimage\",\"url\":\"https:\/\/dhg1h5j42swfq.cloudfront.net\/2022\/01\/06163759\/saiu-edital-1-2-4.jpg\",\"contentUrl\":\"https:\/\/dhg1h5j42swfq.cloudfront.net\/2022\/01\/06163759\/saiu-edital-1-2-4.jpg\",\"width\":1200,\"height\":628,\"caption\":\"ana\"},{\"@type\":\"BreadcrumbList\",\"@id\":\"https:\/\/www.estrategiaconcursos.com.br\/blog\/edital-ifrj-2022\/#breadcrumb\",\"itemListElement\":[{\"@type\":\"ListItem\",\"position\":1,\"name\":\"In\u00edcio\",\"item\":\"https:\/\/www.estrategiaconcursos.com.br\/blog\/\"},{\"@type\":\"ListItem\",\"position\":2,\"name\":\"Edital IFRJ 2022: inscri\u00e7\u00f5es encerradas; provas em abril\"}]},{\"@type\":\"WebSite\",\"@id\":\"https:\/\/www.estrategiaconcursos.com.br\/blog\/#website\",\"url\":\"https:\/\/www.estrategiaconcursos.com.br\/blog\/\",\"name\":\"Estrat\u00e9gia Concursos\",\"description\":\"O blog da Estrat\u00e9gia Concursos traz not\u00edcias sobre concursos e artigos de professores oferecendo cursos para concursos (pdf + videaulas) no site.\",\"publisher\":{\"@id\":\"https:\/\/www.estrategiaconcursos.com.br\/blog\/#organization\"},\"potentialAction\":[{\"@type\":\"SearchAction\",\"target\":{\"@type\":\"EntryPoint\",\"urlTemplate\":\"https:\/\/www.estrategiaconcursos.com.br\/blog\/?s={search_term_string}\"},\"query-input\":{\"@type\":\"PropertyValueSpecification\",\"valueRequired\":true,\"valueName\":\"search_term_string\"}}],\"inLanguage\":\"pt-BR\"},{\"@type\":\"Organization\",\"@id\":\"https:\/\/www.estrategiaconcursos.com.br\/blog\/#organization\",\"name\":\"Estrat\u00e9gia Concursos\",\"url\":\"https:\/\/www.estrategiaconcursos.com.br\/blog\/\",\"logo\":{\"@type\":\"ImageObject\",\"inLanguage\":\"pt-BR\",\"@id\":\"https:\/\/www.estrategiaconcursos.com.br\/blog\/#\/schema\/logo\/image\/\",\"url\":\"https:\/\/dhg1h5j42swfq.cloudfront.net\/2025\/06\/03203428\/logo_concursos-1.jpg\",\"contentUrl\":\"https:\/\/dhg1h5j42swfq.cloudfront.net\/2025\/06\/03203428\/logo_concursos-1.jpg\",\"width\":230,\"height\":60,\"caption\":\"Estrat\u00e9gia Concursos\"},\"image\":{\"@id\":\"https:\/\/www.estrategiaconcursos.com.br\/blog\/#\/schema\/logo\/image\/\"},\"sameAs\":[\"https:\/\/x.com\/EstratConcursos\"]},{\"@type\":\"Person\",\"@id\":\"https:\/\/www.estrategiaconcursos.com.br\/blog\/#\/schema\/person\/dd9f6d98671a3ac63bf25b40baf6f2e2\",\"name\":\"Diego Cerqueira\",\"image\":{\"@type\":\"ImageObject\",\"inLanguage\":\"pt-BR\",\"@id\":\"https:\/\/secure.gravatar.com\/avatar\/93f5bbe4c5469a613830caa67379a40ab60d82fa495e4fbb9e4039bce737c0cc?s=96&d=mm&r=g\",\"url\":\"https:\/\/secure.gravatar.com\/avatar\/93f5bbe4c5469a613830caa67379a40ab60d82fa495e4fbb9e4039bce737c0cc?s=96&d=mm&r=g\",\"contentUrl\":\"https:\/\/secure.gravatar.com\/avatar\/93f5bbe4c5469a613830caa67379a40ab60d82fa495e4fbb9e4039bce737c0cc?s=96&d=mm&r=g\",\"caption\":\"Diego Cerqueira\"},\"url\":\"https:\/\/www.estrategiaconcursos.com.br\/blog\/author\/diegocerqueiraestrategiaconcursos-com-br-2\/\"}]}<\/script>\n<!-- \/ Yoast SEO Premium plugin. -->","yoast_head_json":{"title":"Edital IFRJ 2022: inscri\u00e7\u00f5es encerradas; provas em abril","description":"Foi publicado o edital IFRJ 2022, com oferta de 53 vagas para cargos t\u00e9cnico-administrativos no Instituto Federal do estado fluminense.","robots":{"index":"index","follow":"follow","max-snippet":"max-snippet:-1","max-image-preview":"max-image-preview:large","max-video-preview":"max-video-preview:-1"},"canonical":"https:\/\/www.estrategiaconcursos.com.br\/blog\/edital-ifrj-2022\/","og_locale":"pt_BR","og_type":"article","og_title":"Edital IFRJ 2022: inscri\u00e7\u00f5es encerradas; provas em abril","og_description":"Foi publicado o edital IFRJ 2022, com oferta de 53 vagas para cargos t\u00e9cnico-administrativos no Instituto Federal do estado fluminense.","og_url":"https:\/\/www.estrategiaconcursos.com.br\/blog\/edital-ifrj-2022\/","og_site_name":"Estrat\u00e9gia Concursos","article_published_time":"2022-03-07T03:00:00+00:00","article_modified_time":"2022-03-08T11:16:32+00:00","og_image":[{"width":1200,"height":628,"url":"https:\/\/dhg1h5j42swfq.cloudfront.net\/2022\/01\/06163759\/saiu-edital-1-2-4.jpg","type":"image\/jpeg"}],"author":"Diego Cerqueira","twitter_card":"summary_large_image","twitter_creator":"@EstratConcursos","twitter_site":"@EstratConcursos","twitter_misc":{"Escrito por":"Diego Cerqueira","Est. tempo de leitura":"9 minutos"},"schema":{"@context":"https:\/\/schema.org","@graph":[{"@type":"NewsArticle","@id":"https:\/\/www.estrategiaconcursos.com.br\/blog\/edital-ifrj-2022\/#article","isPartOf":{"@id":"https:\/\/www.estrategiaconcursos.com.br\/blog\/edital-ifrj-2022\/"},"author":{"name":"Diego Cerqueira","@id":"https:\/\/www.estrategiaconcursos.com.br\/blog\/#\/schema\/person\/dd9f6d98671a3ac63bf25b40baf6f2e2"},"headline":"Edital IFRJ 2022: inscri\u00e7\u00f5es encerradas; provas em abril","datePublished":"2022-03-07T03:00:00+00:00","dateModified":"2022-03-08T11:16:32+00:00","mainEntityOfPage":{"@id":"https:\/\/www.estrategiaconcursos.com.br\/blog\/edital-ifrj-2022\/"},"wordCount":1627,"commentCount":0,"publisher":{"@id":"https:\/\/www.estrategiaconcursos.com.br\/blog\/#organization"},"image":{"@id":"https:\/\/www.estrategiaconcursos.com.br\/blog\/edital-ifrj-2022\/#primaryimage"},"thumbnailUrl":"https:\/\/dhg1h5j42swfq.cloudfront.net\/2022\/01\/06163759\/saiu-edital-1-2-4.jpg","articleSection":["Educa\u00e7\u00e3o","\u00daltimas not\u00edcias"],"inLanguage":"pt-BR","potentialAction":[{"@type":"CommentAction","name":"Comment","target":["https:\/\/www.estrategiaconcursos.com.br\/blog\/edital-ifrj-2022\/#respond"]}],"copyrightYear":"2022","copyrightHolder":{"@id":"https:\/\/www.estrategiaconcursos.com.br\/blog\/#organization"}},{"@type":"WebPage","@id":"https:\/\/www.estrategiaconcursos.com.br\/blog\/edital-ifrj-2022\/","url":"https:\/\/www.estrategiaconcursos.com.br\/blog\/edital-ifrj-2022\/","name":"Edital IFRJ 2022: inscri\u00e7\u00f5es encerradas; provas em abril","isPartOf":{"@id":"https:\/\/www.estrategiaconcursos.com.br\/blog\/#website"},"primaryImageOfPage":{"@id":"https:\/\/www.estrategiaconcursos.com.br\/blog\/edital-ifrj-2022\/#primaryimage"},"image":{"@id":"https:\/\/www.estrategiaconcursos.com.br\/blog\/edital-ifrj-2022\/#primaryimage"},"thumbnailUrl":"https:\/\/dhg1h5j42swfq.cloudfront.net\/2022\/01\/06163759\/saiu-edital-1-2-4.jpg","datePublished":"2022-03-07T03:00:00+00:00","dateModified":"2022-03-08T11:16:32+00:00","description":"Foi publicado o edital IFRJ 2022, com oferta de 53 vagas para cargos t\u00e9cnico-administrativos no Instituto Federal do estado fluminense.","breadcrumb":{"@id":"https:\/\/www.estrategiaconcursos.com.br\/blog\/edital-ifrj-2022\/#breadcrumb"},"inLanguage":"pt-BR","potentialAction":[{"@type":"ReadAction","target":["https:\/\/www.estrategiaconcursos.com.br\/blog\/edital-ifrj-2022\/"]}]},{"@type":"ImageObject","inLanguage":"pt-BR","@id":"https:\/\/www.estrategiaconcursos.com.br\/blog\/edital-ifrj-2022\/#primaryimage","url":"https:\/\/dhg1h5j42swfq.cloudfront.net\/2022\/01\/06163759\/saiu-edital-1-2-4.jpg","contentUrl":"https:\/\/dhg1h5j42swfq.cloudfront.net\/2022\/01\/06163759\/saiu-edital-1-2-4.jpg","width":1200,"height":628,"caption":"ana"},{"@type":"BreadcrumbList","@id":"https:\/\/www.estrategiaconcursos.com.br\/blog\/edital-ifrj-2022\/#breadcrumb","itemListElement":[{"@type":"ListItem","position":1,"name":"In\u00edcio","item":"https:\/\/www.estrategiaconcursos.com.br\/blog\/"},{"@type":"ListItem","position":2,"name":"Edital IFRJ 2022: inscri\u00e7\u00f5es encerradas; provas em abril"}]},{"@type":"WebSite","@id":"https:\/\/www.estrategiaconcursos.com.br\/blog\/#website","url":"https:\/\/www.estrategiaconcursos.com.br\/blog\/","name":"Estrat\u00e9gia Concursos","description":"O blog da Estrat\u00e9gia Concursos traz not\u00edcias sobre concursos e artigos de professores oferecendo cursos para concursos (pdf + videaulas) no site.","publisher":{"@id":"https:\/\/www.estrategiaconcursos.com.br\/blog\/#organization"},"potentialAction":[{"@type":"SearchAction","target":{"@type":"EntryPoint","urlTemplate":"https:\/\/www.estrategiaconcursos.com.br\/blog\/?s={search_term_string}"},"query-input":{"@type":"PropertyValueSpecification","valueRequired":true,"valueName":"search_term_string"}}],"inLanguage":"pt-BR"},{"@type":"Organization","@id":"https:\/\/www.estrategiaconcursos.com.br\/blog\/#organization","name":"Estrat\u00e9gia Concursos","url":"https:\/\/www.estrategiaconcursos.com.br\/blog\/","logo":{"@type":"ImageObject","inLanguage":"pt-BR","@id":"https:\/\/www.estrategiaconcursos.com.br\/blog\/#\/schema\/logo\/image\/","url":"https:\/\/dhg1h5j42swfq.cloudfront.net\/2025\/06\/03203428\/logo_concursos-1.jpg","contentUrl":"https:\/\/dhg1h5j42swfq.cloudfront.net\/2025\/06\/03203428\/logo_concursos-1.jpg","width":230,"height":60,"caption":"Estrat\u00e9gia Concursos"},"image":{"@id":"https:\/\/www.estrategiaconcursos.com.br\/blog\/#\/schema\/logo\/image\/"},"sameAs":["https:\/\/x.com\/EstratConcursos"]},{"@type":"Person","@id":"https:\/\/www.estrategiaconcursos.com.br\/blog\/#\/schema\/person\/dd9f6d98671a3ac63bf25b40baf6f2e2","name":"Diego Cerqueira","image":{"@type":"ImageObject","inLanguage":"pt-BR","@id":"https:\/\/secure.gravatar.com\/avatar\/93f5bbe4c5469a613830caa67379a40ab60d82fa495e4fbb9e4039bce737c0cc?s=96&d=mm&r=g","url":"https:\/\/secure.gravatar.com\/avatar\/93f5bbe4c5469a613830caa67379a40ab60d82fa495e4fbb9e4039bce737c0cc?s=96&d=mm&r=g","contentUrl":"https:\/\/secure.gravatar.com\/avatar\/93f5bbe4c5469a613830caa67379a40ab60d82fa495e4fbb9e4039bce737c0cc?s=96&d=mm&r=g","caption":"Diego Cerqueira"},"url":"https:\/\/www.estrategiaconcursos.com.br\/blog\/author\/diegocerqueiraestrategiaconcursos-com-br-2\/"}]}},"_links":{"self":[{"href":"https:\/\/www.estrategiaconcursos.com.br\/blog\/wp-json\/wp\/v2\/posts\/941294","targetHints":{"allow":["GET"]}}],"collection":[{"href":"https:\/\/www.estrategiaconcursos.com.br\/blog\/wp-json\/wp\/v2\/posts"}],"about":[{"href":"https:\/\/www.estrategiaconcursos.com.br\/blog\/wp-json\/wp\/v2\/types\/post"}],"author":[{"embeddable":true,"href":"https:\/\/www.estrategiaconcursos.com.br\/blog\/wp-json\/wp\/v2\/users\/1482"}],"replies":[{"embeddable":true,"href":"https:\/\/www.estrategiaconcursos.com.br\/blog\/wp-json\/wp\/v2\/comments?post=941294"}],"version-history":[{"count":55,"href":"https:\/\/www.estrategiaconcursos.com.br\/blog\/wp-json\/wp\/v2\/posts\/941294\/revisions"}],"predecessor-version":[{"id":982542,"href":"https:\/\/www.estrategiaconcursos.com.br\/blog\/wp-json\/wp\/v2\/posts\/941294\/revisions\/982542"}],"wp:featuredmedia":[{"embeddable":true,"href":"https:\/\/www.estrategiaconcursos.com.br\/blog\/wp-json\/wp\/v2\/media\/941308"}],"wp:attachment":[{"href":"https:\/\/www.estrategiaconcursos.com.br\/blog\/wp-json\/wp\/v2\/media?parent=941294"}],"wp:term":[{"taxonomy":"category","embeddable":true,"href":"https:\/\/www.estrategiaconcursos.com.br\/blog\/wp-json\/wp\/v2\/categories?post=941294"},{"taxonomy":"post_tag","embeddable":true,"href":"https:\/\/www.estrategiaconcursos.com.br\/blog\/wp-json\/wp\/v2\/tags?post=941294"},{"taxonomy":"tax_estado","embeddable":true,"href":"https:\/\/www.estrategiaconcursos.com.br\/blog\/wp-json\/wp\/v2\/tax_estado?post=941294"}],"curies":[{"name":"wp","href":"https:\/\/api.w.org\/{rel}","templated":true}]}}