{"id":940998,"date":"2022-09-30T13:40:00","date_gmt":"2022-09-30T16:40:00","guid":{"rendered":"https:\/\/www.estrategiaconcursos.com.br\/blog\/?p=940998"},"modified":"2022-12-01T18:25:27","modified_gmt":"2022-12-01T21:25:27","slug":"concurso-agraer-ms","status":"publish","type":"post","link":"https:\/\/www.estrategiaconcursos.com.br\/blog\/concurso-agraer-ms\/","title":{"rendered":"Concurso Agraer MS: governador anuncia novo edital"},"content":{"rendered":"\n<h3 class=\"wp-block-heading\"><em>Concurso realizado no in\u00edcio do ano, com 92 vagas, est\u00e1 homologado!<\/em><\/h3>\n\n\n\n<p>O governador Reinaldo Azambuja anunciou, recentemente, que realizar\u00e1 um novo concurso p\u00fablico para Ag\u00eancia de Desenvolvimento Agr\u00e1rio e Extens\u00e3o Rural do Mato Grosso do Sul (Agraer MS). <\/p>\n\n\n\n<p>O an\u00fancio foi feito no dia 29 de setembro, durante a solenidade de entrega de 35 ve\u00edculos e do encerramento da capacita\u00e7\u00e3o dos 33 novos servidores da autarquia.<\/p>\n\n\n\n<p>De acordo com Reinaldo, a realiza\u00e7\u00e3o do novo certame ser\u00e1 necess\u00e1ria para preencher vagas que ficaram em aberto na \u00faltima sele\u00e7\u00e3o. Ao todo, foram oferecidas 92 oportunidades em diversos cargos e n\u00edveis de escolaridade. <\/p>\n\n\n\n<blockquote class=\"wp-block-quote is-layout-flow wp-block-quote-is-layout-flow\"><p>\u201c<em>Para as vagas que ficaram abertas ser\u00e1 feito um novo concurso, tanto para a Agraer quanto para a Iagro&#8221;<\/em>, garantiu o governador. <\/p><\/blockquote>\n\n\n\n<p>Ademais, os 33 novos servidores do \u00f3rg\u00e3o que passaram no certame deste ano tomaram posse dos cargos no dia 15 de agosto. Deste grupo, 11 possuem forma\u00e7\u00e3o de n\u00edvel m\u00e9dio e 22 de ensino superior. <\/p>\n\n\n\n<p>Al\u00e9m disso, todos passaram pelo curso de capacita\u00e7\u00e3o, depois de transferir conhecimento sobre o desenvolvimento rural no Estado. A organiza\u00e7\u00e3o do \u00faltimo edital ficou por conta do IDECAN.<\/p>\n\n\n\n<ul class=\"has-black-color has-very-light-gray-to-cyan-bluish-gray-gradient-background has-text-color has-background wp-block-list\"><li><strong>Agraer MS &#8211; Ag\u00eancia de Desenvolvimento Agr\u00e1rio e Extens\u00e3o Rural<\/strong><\/li><li><strong>Status:<\/strong> homologado\/aprovados convocados<\/li><li><strong>Banca:<\/strong> IDECAN<\/li><li><strong>Vagas: <\/strong>92<\/li><li><strong>Sal\u00e1rio:<\/strong> R$ 2.645,65 a R$ 6.655,08<\/li><li><strong>Edital: <\/strong><a href=\"https:\/\/dhg1h5j42swfq.cloudfront.net\/2022\/04\/12141422\/etej4fip8day8asojfhhq821f9w24clhevu5hpgetpo745wcgxb2ue2mx2ljsv9obiyxl2krkwug2xd81926.pdf\" target=\"_blank\" rel=\"noreferrer noopener nofollow\">Edital Agraer 2022<\/a> | <a href=\"https:\/\/dhg1h5j42swfq.cloudfront.net\/2022\/09\/30140616\/liuw3l3tqehgij8ac8j85aakk1fa7utk6uehple45dys5l2k2dd0sdv6m46yg8gl82lcpqfkd69ylfv52292.pdf\" target=\"_blank\" rel=\"noreferrer noopener nofollow\">Resultado final<\/a> | <a href=\"https:\/\/dhg1h5j42swfq.cloudfront.net\/2022\/09\/30140636\/90qglup6xpt715rraj1s4sisvbl2v981t6ev6nyk8cgryabepdd967ltwvyitmox0wopri874e2o60bt2293.pdf\" target=\"_blank\" rel=\"noreferrer noopener nofollow\">Homologa\u00e7\u00e3o<\/a><\/li><\/ul>\n\n\n\n<p>Conforme mencionado, o concurso Agraer MS est\u00e1 devidamente homologado. Ao todo, foram ofertadas <strong>92 vagas<\/strong>&nbsp;para cargos de n\u00edveis m\u00e9dio, t\u00e9cnico e superior, com iniciais que variam entre R$ 2,6 mil e R$ 6,6 mil.<\/p>\n\n\n\n<p>Confira neste artigo as principais informa\u00e7\u00f5es e novidades acerca do concurso Agraer MS. Acompanhe os t\u00f3picos abaixo e n\u00e3o perca nenhum detalhes:<\/p>\n\n\n\n<ul class=\"wp-block-list\" id=\"indice\"><li><a href=\"#vagas\">Distribui\u00e7\u00e3o das vagas<\/a><ul><li><a href=\"#medio\">N\u00edvel m\u00e9dio<\/a><\/li><li><a href=\"#superior\">N\u00edvel superior<\/a><\/li><\/ul><\/li><li><a href=\"#etapas\">Etapas<\/a><ul><li><a href=\"#objetiva\">Prova objetiva<\/a><\/li><li><a href=\"#titulos\">Prova de t\u00edtulos<\/a><\/li><\/ul><\/li><li><a href=\"#sobre\">Sobre Agraer<\/a><\/li><li><a href=\"#curso\">Cursos e Assinaturas<\/a><\/li><li><a href=\"#ficha\">Ficha T\u00e9cnica<\/a><\/li><\/ul>\n\n\n\n<h2 class=\"wp-block-heading\" id=\"vagas\">Concurso Agraer MS: distribui\u00e7\u00e3o das vagas<\/h2>\n\n\n\n<h3 class=\"wp-block-heading\" id=\"medio\">N\u00edvel m\u00e9dio e t\u00e9cnico<\/h3>\n\n\n\n<ul class=\"wp-block-list\"><li>26 vagas &#8211; T\u00e9cnico de Desenvolvimento Rural (R$ 2.900,22)<\/li><li>17 vagas Agente de Servi\u00e7os S\u00f3cio-Organizacionais (R$ 2.645,65)<\/li><\/ul>\n\n\n\n<h3 class=\"wp-block-heading\" id=\"superior\">N\u00edvel superior<\/h3>\n\n\n\n<ul class=\"wp-block-list\"><li>33 vagas &#8211; Gestor de Desenvolvimento Rural (R$ 6.655,08)<\/li><li>06 vagas &#8211; Pesquisador (R$ 6.655,08)<\/li><li>10 vagas &#8211; Gestor S\u00f3cio-Organizacional Rural (R$ 6.655,08)<\/li><\/ul>\n\n\n\n<figure class=\"wp-block-image aligncenter size-full\"><img loading=\"lazy\" decoding=\"async\" width=\"612\" height=\"131\" src=\"https:\/\/dhg1h5j42swfq.cloudfront.net\/2022\/04\/12142243\/image-148.png\" alt=\"Distribui\u00e7\u00e3o das vagas do concurso AGRAER MS\" class=\"wp-image-1007340\" srcset=\"https:\/\/dhg1h5j42swfq.cloudfront.net\/2022\/04\/12142243\/image-148.png 612w, https:\/\/dhg1h5j42swfq.cloudfront.net\/2022\/04\/12142243\/image-148-300x64.png 300w, https:\/\/dhg1h5j42swfq.cloudfront.net\/2022\/04\/12142243\/image-148-610x131.png 610w\" sizes=\"auto, (max-width: 612px) 100vw, 612px\" \/><\/figure>\n\n\n\n<div class=\"container\" id=\"boxes\">\n  <div class=\"row\">\n\n    <div class=\"col-sm\">\n      <div class=\"banner-adm\" id=\"box-assinatura\">\n        <h3 class=\"titulo-assinatura\">Concurso Agraer MS<\/h3>\n        <p class=\"subtitulo-assinatura\">Conhe\u00e7a os cursos<\/p>\n        <div class=\"box-botao\">\n          <a class=\"btn-assinatura\" target=\"_blank\" href=\"https:\/\/www.estrategiaconcursos.com.br\/cursosPorConcurso\/agencia-de-desenvolvimento-agrario-e-extensao-rural-do-mato-grosso-do-sul-agraer-ms\/\" rel=\"noopener\">Conhe\u00e7a mais<\/a>\n        <\/div>\n      <\/div>\n      \n    <\/div>\n\n  <\/div>\n<\/div>\n\n\n\n<h2 class=\"wp-block-heading\" id=\"etapas\">Concurso Agraer MS: etapas<\/h2>\n\n\n\n<p>O concurso realizado em 2022 foi composto por duas importantes etapas, sendo elas:<\/p>\n\n\n\n<ol class=\"wp-block-list\"><li><strong>Prova Escrita Objetiva<\/strong>, de car\u00e1ter eliminat\u00f3rio e classificat\u00f3rio, para todos os cargos;<\/li><li><strong>Prova de T\u00edtulos<\/strong>, de car\u00e1ter unicamente classificat\u00f3rio, somente para os cargos de n\u00edvel superior.<\/li><\/ol>\n\n\n\n<h3 class=\"wp-block-heading\" id=\"objetiva\">Prova objetiva<\/h3>\n\n\n\n<p>A Prova Objetiva teve <strong>dura\u00e7\u00e3o de 4 horas<\/strong>, e foi realizada na data prov\u00e1vel de 22 de maio, nos seguintes per\u00edodos:<\/p>\n\n\n\n<ol class=\"wp-block-list\"><li><strong>no per\u00edodo matutino<\/strong>, para os cargos de T\u00e9cnico de Desenvolvimento Rural e de Agente de Servi\u00e7os S\u00f3cio-Organizacionais; e,<\/li><li><strong>no per\u00edodo vespertino<\/strong>, para os cargos de Gestor de Desenvolvimento Rural, Pesquisador e Gestor S\u00f3cio-Organizacional Rural.<\/li><\/ol>\n\n\n\n<p><em><strong>N\u00edvel superior:<\/strong><\/em><\/p>\n\n\n\n<ul class=\"wp-block-list\"><li>L\u00edngua Portuguesa &#8211; 15 quest\u00f5es, peso 1,00<\/li><li>No\u00e7\u00f5es de Inform\u00e1tica &#8211; 10 quest\u00f5es, peso 1,00<\/li><li>Racioc\u00ednio L\u00f3gico &#8211; 05 quest\u00f5es, peso 1,00<\/li><li>Conhecimentos gerais e de legisla\u00e7\u00e3o relativos \u00e0s \u00e1reas de atua\u00e7\u00e3o da AGRAER &#8211; 20 quest\u00f5es, peso 1,40<\/li><li>Conhecimentos Espec\u00edficos &#8211; 30 quest\u00f5es, peso 1,40<\/li><\/ul>\n\n\n\n<p><em><span><b>N\u00edvel <\/b><\/span><strong>T\u00e9cnico &#8211; T\u00e9cnico de Desenvolvimento Rural:<\/strong><\/em><\/p>\n\n\n\n<ul class=\"wp-block-list\"><li>L\u00edngua Portuguesa &#8211; 10 quest\u00f5es, peso 1,00<\/li><li>No\u00e7\u00f5es de Inform\u00e1tica &#8211; 10 quest\u00f5es, peso 1,00<\/li><li>Racioc\u00ednio L\u00f3gico &#8211; 05 quest\u00f5es, peso 1,00<\/li><li>Conhecimentos gerais e de legisla\u00e7\u00e3o relativos \u00e0s \u00e1reas de atua\u00e7\u00e3o da AGRAER &#8211; 15 quest\u00f5es, peso 1,00<\/li><li>Conhecimentos Espec\u00edficos &#8211; 20 quest\u00f5es, peso 1,00<\/li><\/ul>\n\n\n\n<p><em><strong>N\u00edvel m\u00e9dio &#8211; Agente de Servi\u00e7os S\u00f3cio-Organizacionais:<\/strong><\/em><\/p>\n\n\n\n<ul class=\"wp-block-list\"><li>L\u00edngua Portuguesa &#8211; 15 quest\u00f5es, peso 1,00<\/li><li>No\u00e7\u00f5es de Inform\u00e1tica &#8211; 15 quest\u00f5es, peso 1,00<\/li><li>Racioc\u00ednio L\u00f3gico &#8211; 05 quest\u00f5es, peso 1,00<\/li><li>Conhecimentos gerais e de legisla\u00e7\u00e3o relativos \u00e0s \u00e1reas de atua\u00e7\u00e3o da AGRAER &#8211; 25 quest\u00f5es, peso 1,00<\/li><\/ul>\n\n\n\n<p>Foi considerado aprovado na Prova Escrita Objetiva o candidato que, cumulativamente, obteve, no m\u00ednimo, 60% do total de pontos e que n\u00e3o zerou em nenhum dos grupos de quest\u00f5es.<\/p>\n\n\n\n<h3 class=\"wp-block-heading\" id=\"titulos\">Prova de t\u00edtulos<\/h3>\n\n\n\n<p>A Prova de T\u00edtulos valeu de 0,00 at\u00e9 10,00 pontos, mesmo que a soma das pontua\u00e7\u00f5es dos t\u00edtulos fosse superior a esse valor.<\/p>\n\n\n\n<h2 class=\"wp-block-heading\" id=\"sobre\">Sobre Agraer MS<\/h2>\n\n\n\n<p>A <a href=\"https:\/\/www.agraer.ms.gov.br\/a-agencia\/\" target=\"_blank\" rel=\"noreferrer noopener\">ag\u00eancia<\/a> tem como objetivo definir as pol\u00edticas e a coordena\u00e7\u00e3o das atividades de assist\u00eancia t\u00e9cnica, extens\u00e3o rural, pesquisa e outros servi\u00e7os ligados ao desenvolvimento e ao aprimoramento, da agricultura e pecu\u00e1ria, destinadas aos produtores rurais, com prioridade para os agricultores familiares, agricultores tradicionais, assentados, ind\u00edgenas, quilombolas e pescadores.<\/p>\n\n\n\n<p>Al\u00e9m de promover o Desenvolvimento Rural Sustent\u00e1vel em todo o Estado do Mato Grosso do Sul, a concep\u00e7\u00e3o e a proposi\u00e7\u00e3o da pol\u00edtica de reforma e desenvolvimento agr\u00e1rios, visando \u00e0 regulariza\u00e7\u00e3o fundi\u00e1ria e aos projetos de assentamentos rurais, observadas as normas de preserva\u00e7\u00e3o ambiental e os princ\u00edpios do desenvolvimento sustent\u00e1vel.<\/p>\n\n\n\n<hr class=\"wp-block-separator has-css-opacity\"\/>\n\n\n\n<h2 class=\"has-text-align-center wp-block-heading\" id=\"curso\"><em>Quer estudar para o concurso Agraer MS?<\/em><\/h2>\n\n\n\n<div class=\"container\" id=\"boxes\">\n  <div class=\"row\">\n\n    <div class=\"col-sm\">\n      <div class=\"banner-adm\" id=\"box-assinatura\">\n        <h3 class=\"titulo-assinatura\">Concurso Agraer MS<\/h3>\n        <p class=\"subtitulo-assinatura\">Conhe\u00e7a os cursos<\/p>\n        <div class=\"box-botao\">\n          <a class=\"btn-assinatura\" target=\"_blank\" href=\"https:\/\/www.estrategiaconcursos.com.br\/cursosPorConcurso\/agencia-de-desenvolvimento-agrario-e-extensao-rural-do-mato-grosso-do-sul-agraer-ms\/\" rel=\"noopener\">Conhe\u00e7a mais<\/a>\n        <\/div>\n      <\/div>\n      \n    <\/div>\n\n  <\/div>\n<\/div>\n\n\n\n<div class=\"container\" id=\"boxes\">\n  <div class=\"row\">\n\n    <div class=\"col-sm\">\n      <div class=\"estrategia\" id=\"box-assinatura\">\n        <h3 class=\"titulo-assinatura\"> Concursos P\u00fablicos\n        <p class=\"subtitulo-assinatura\">Assinatura de 1 ano ou 2 anos<\/p>\n        <div class=\"box-botao\">\n          <a class=\"btn-assinatura\" target=\"_blank\" href=\"https:\/\/www.estrategiaconcursos.com.br\/assinaturas\/\" role=\"button\" rel=\"noopener noreferrer\">ASSINE AGORA<\/a>\n        <\/div>\n      <\/h3><\/div><\/div><\/div><\/div>\n\n\n\n<h2 class=\"has-text-align-center wp-block-heading\" id=\"quer-saber-tudo-sobre-concursos-previstos-confira-nossos-artigos\">Quer saber tudo sobre concursos previstos?<br \/>Confira nossos artigos!<\/h2>\n\n\n\n<ul class=\"wp-block-list\"><li><a target=\"_blank\" href=\"https:\/\/www.estrategiaconcursos.com.br\/blog\/concursos-abertos\/\" rel=\"noreferrer noopener\">Concursos abertos<\/a><\/li><li><a target=\"_blank\" href=\"https:\/\/www.estrategiaconcursos.com.br\/blog\/concursos-2022\/\" rel=\"noreferrer noopener\">Concursos 2022<\/a><\/li><\/ul>\n\n\n\n<figure class=\"wp-block-image size-large is-resized\"><img loading=\"lazy\" decoding=\"async\" src=\"https:\/\/dhg1h5j42swfq.cloudfront.net\/2021\/04\/15205809\/ficha-tecnica-1-1024x632-1-1.png\" alt=\"Informa\u00e7\u00f5es do concurso Agraer MS\" class=\"wp-image-715231\" width=\"254\" height=\"157\" srcset=\"https:\/\/dhg1h5j42swfq.cloudfront.net\/2021\/04\/15205809\/ficha-tecnica-1-1024x632-1-1.png 1024w, https:\/\/dhg1h5j42swfq.cloudfront.net\/2021\/04\/15205809\/ficha-tecnica-1-1024x632-1-1-300x185.png 300w, https:\/\/dhg1h5j42swfq.cloudfront.net\/2021\/04\/15205809\/ficha-tecnica-1-1024x632-1-1-768x474.png 768w, https:\/\/dhg1h5j42swfq.cloudfront.net\/2021\/04\/15205809\/ficha-tecnica-1-1024x632-1-1-610x376.png 610w\" sizes=\"auto, (max-width: 254px) 100vw, 254px\" \/><\/figure>\n\n\n\n<h3 class=\"wp-block-heading\" id=\"ficha\">Informa\u00e7\u00f5es do concurso Agraer MS<\/h3>\n\n\n\n<ul class=\"wp-block-list\"><li><strong>Data da prova:<\/strong> <s>22\/05\/2022<\/s><\/li><li><strong>Vagas:&nbsp;<\/strong>92<\/li><li><strong>Cargo:<\/strong>&nbsp;V\u00e1rios<\/li><li><strong>Escolaridade:<\/strong> N\u00edvel m\u00e9dio, t\u00e9cnico e superior<\/li><li><strong>Banca:&nbsp;<\/strong>IDECAN<\/li><li><strong>Edital: <\/strong><a href=\"https:\/\/dhg1h5j42swfq.cloudfront.net\/2022\/04\/12141422\/etej4fip8day8asojfhhq821f9w24clhevu5hpgetpo745wcgxb2ue2mx2ljsv9obiyxl2krkwug2xd81926.pdf\" target=\"_blank\" rel=\"noreferrer noopener nofollow\">Edital Agraer 2022<\/a> |<a href=\"https:\/\/dhg1h5j42swfq.cloudfront.net\/2022\/09\/30140616\/liuw3l3tqehgij8ac8j85aakk1fa7utk6uehple45dys5l2k2dd0sdv6m46yg8gl82lcpqfkd69ylfv52292.pdf\" target=\"_blank\" rel=\"noreferrer noopener nofollow\"> Resultado final<\/a> | <a href=\"https:\/\/dhg1h5j42swfq.cloudfront.net\/2022\/09\/30140636\/90qglup6xpt715rraj1s4sisvbl2v981t6ev6nyk8cgryabepdd967ltwvyitmox0wopri874e2o60bt2293.pdf\" target=\"_blank\" rel=\"noreferrer noopener nofollow\">Homologa\u00e7\u00e3o<\/a><\/li><\/ul>\n\n\n\n<p><\/p>\n","protected":false},"excerpt":{"rendered":"<p>Concurso realizado no in\u00edcio do ano, com 92 vagas, est\u00e1 homologado! O governador Reinaldo Azambuja anunciou, recentemente, que realizar\u00e1 um novo concurso p\u00fablico para Ag\u00eancia de Desenvolvimento Agr\u00e1rio e Extens\u00e3o Rural do Mato Grosso do Sul (Agraer MS). O an\u00fancio foi feito no dia 29 de setembro, durante a solenidade de entrega de 35 ve\u00edculos [&hellip;]<\/p>\n","protected":false},"author":1,"featured_media":941153,"comment_status":"open","ping_status":"closed","sticky":false,"template":"","format":"standard","meta":{"post_tipo":"news_page","footnotes":""},"categories":[214992],"tags":[],"tax_estado":[219975],"class_list":["post-940998","post","type-post","status-publish","format-standard","has-post-thumbnail","hentry","category-concursos-administrativos","tax_estado-ms"],"acf":[],"yoast_head":"<!-- This site is optimized with the Yoast SEO Premium plugin v27.2 (Yoast SEO v27.2) - https:\/\/yoast.com\/product\/yoast-seo-premium-wordpress\/ -->\n<title>Concurso Agraer MS: governador anuncia novo edital<\/title>\n<meta name=\"description\" content=\"Concurso Agraer MS: governador anuncia novo edital para preenchimento de vagas em aberto no \u00faltimo certame. Acesse e saiba mais!\" \/>\n<meta name=\"robots\" content=\"index, follow, max-snippet:-1, max-image-preview:large, max-video-preview:-1\" \/>\n<link rel=\"canonical\" href=\"https:\/\/www.estrategiaconcursos.com.br\/blog\/concurso-agraer-ms\/\" \/>\n<meta property=\"og:locale\" content=\"pt_BR\" \/>\n<meta property=\"og:type\" content=\"article\" \/>\n<meta property=\"og:title\" content=\"Concurso Agraer MS: governador anuncia novo edital\" \/>\n<meta property=\"og:description\" content=\"Concurso Agraer MS: governador anuncia novo edital para preenchimento de vagas em aberto no \u00faltimo certame. Acesse e saiba mais!\" \/>\n<meta property=\"og:url\" content=\"https:\/\/www.estrategiaconcursos.com.br\/blog\/concurso-agraer-ms\/\" \/>\n<meta property=\"og:site_name\" content=\"Estrat\u00e9gia Concursos\" \/>\n<meta property=\"article:author\" content=\"https:\/\/www.facebook.com\/EstrategiaConcursos\" \/>\n<meta property=\"article:published_time\" content=\"2022-09-30T16:40:00+00:00\" \/>\n<meta property=\"article:modified_time\" content=\"2022-12-01T21:25:27+00:00\" \/>\n<meta property=\"og:image\" content=\"https:\/\/dhg1h5j42swfq.cloudfront.net\/2022\/01\/06143955\/agraer_ms.jpg\" \/>\n\t<meta property=\"og:image:width\" content=\"768\" \/>\n\t<meta property=\"og:image:height\" content=\"432\" \/>\n\t<meta property=\"og:image:type\" content=\"image\/jpeg\" \/>\n<meta name=\"author\" content=\"Coordena\u00e7\u00e3o\" \/>\n<meta name=\"twitter:card\" content=\"summary_large_image\" \/>\n<meta name=\"twitter:creator\" content=\"@EstratConcursos\" \/>\n<meta name=\"twitter:site\" content=\"@EstratConcursos\" \/>\n<meta name=\"twitter:label1\" content=\"Escrito por\" \/>\n\t<meta name=\"twitter:data1\" content=\"Coordena\u00e7\u00e3o\" \/>\n\t<meta name=\"twitter:label2\" content=\"Est. tempo de leitura\" \/>\n\t<meta name=\"twitter:data2\" content=\"5 minutos\" \/>\n<script type=\"application\/ld+json\" class=\"yoast-schema-graph\">{\"@context\":\"https:\/\/schema.org\",\"@graph\":[{\"@type\":\"NewsArticle\",\"@id\":\"https:\/\/www.estrategiaconcursos.com.br\/blog\/concurso-agraer-ms\/#article\",\"isPartOf\":{\"@id\":\"https:\/\/www.estrategiaconcursos.com.br\/blog\/concurso-agraer-ms\/\"},\"author\":{\"name\":\"Coordena\u00e7\u00e3o\",\"@id\":\"https:\/\/www.estrategiaconcursos.com.br\/blog\/#\/schema\/person\/b4a388c97673c5f483d72185668afa1f\"},\"headline\":\"Concurso Agraer MS: governador anuncia novo edital\",\"datePublished\":\"2022-09-30T16:40:00+00:00\",\"dateModified\":\"2022-12-01T21:25:27+00:00\",\"mainEntityOfPage\":{\"@id\":\"https:\/\/www.estrategiaconcursos.com.br\/blog\/concurso-agraer-ms\/\"},\"wordCount\":912,\"commentCount\":0,\"publisher\":{\"@id\":\"https:\/\/www.estrategiaconcursos.com.br\/blog\/#organization\"},\"image\":{\"@id\":\"https:\/\/www.estrategiaconcursos.com.br\/blog\/concurso-agraer-ms\/#primaryimage\"},\"thumbnailUrl\":\"https:\/\/dhg1h5j42swfq.cloudfront.net\/2022\/01\/06143955\/agraer_ms.jpg\",\"articleSection\":[\"Executivo (Administrativa)\"],\"inLanguage\":\"pt-BR\",\"potentialAction\":[{\"@type\":\"CommentAction\",\"name\":\"Comment\",\"target\":[\"https:\/\/www.estrategiaconcursos.com.br\/blog\/concurso-agraer-ms\/#respond\"]}],\"copyrightYear\":\"2022\",\"copyrightHolder\":{\"@id\":\"https:\/\/www.estrategiaconcursos.com.br\/blog\/#organization\"}},{\"@type\":\"WebPage\",\"@id\":\"https:\/\/www.estrategiaconcursos.com.br\/blog\/concurso-agraer-ms\/\",\"url\":\"https:\/\/www.estrategiaconcursos.com.br\/blog\/concurso-agraer-ms\/\",\"name\":\"Concurso Agraer MS: governador anuncia novo edital\",\"isPartOf\":{\"@id\":\"https:\/\/www.estrategiaconcursos.com.br\/blog\/#website\"},\"primaryImageOfPage\":{\"@id\":\"https:\/\/www.estrategiaconcursos.com.br\/blog\/concurso-agraer-ms\/#primaryimage\"},\"image\":{\"@id\":\"https:\/\/www.estrategiaconcursos.com.br\/blog\/concurso-agraer-ms\/#primaryimage\"},\"thumbnailUrl\":\"https:\/\/dhg1h5j42swfq.cloudfront.net\/2022\/01\/06143955\/agraer_ms.jpg\",\"datePublished\":\"2022-09-30T16:40:00+00:00\",\"dateModified\":\"2022-12-01T21:25:27+00:00\",\"description\":\"Concurso Agraer MS: governador anuncia novo edital para preenchimento de vagas em aberto no \u00faltimo certame. Acesse e saiba mais!\",\"breadcrumb\":{\"@id\":\"https:\/\/www.estrategiaconcursos.com.br\/blog\/concurso-agraer-ms\/#breadcrumb\"},\"inLanguage\":\"pt-BR\",\"potentialAction\":[{\"@type\":\"ReadAction\",\"target\":[\"https:\/\/www.estrategiaconcursos.com.br\/blog\/concurso-agraer-ms\/\"]}]},{\"@type\":\"ImageObject\",\"inLanguage\":\"pt-BR\",\"@id\":\"https:\/\/www.estrategiaconcursos.com.br\/blog\/concurso-agraer-ms\/#primaryimage\",\"url\":\"https:\/\/dhg1h5j42swfq.cloudfront.net\/2022\/01\/06143955\/agraer_ms.jpg\",\"contentUrl\":\"https:\/\/dhg1h5j42swfq.cloudfront.net\/2022\/01\/06143955\/agraer_ms.jpg\",\"width\":768,\"height\":432,\"caption\":\"Concurso Agraer MS comiss\u00e3o\"},{\"@type\":\"BreadcrumbList\",\"@id\":\"https:\/\/www.estrategiaconcursos.com.br\/blog\/concurso-agraer-ms\/#breadcrumb\",\"itemListElement\":[{\"@type\":\"ListItem\",\"position\":1,\"name\":\"In\u00edcio\",\"item\":\"https:\/\/www.estrategiaconcursos.com.br\/blog\/\"},{\"@type\":\"ListItem\",\"position\":2,\"name\":\"Concurso Agraer MS: governador anuncia novo edital\"}]},{\"@type\":\"WebSite\",\"@id\":\"https:\/\/www.estrategiaconcursos.com.br\/blog\/#website\",\"url\":\"https:\/\/www.estrategiaconcursos.com.br\/blog\/\",\"name\":\"Estrat\u00e9gia Concursos\",\"description\":\"O blog da Estrat\u00e9gia Concursos traz not\u00edcias sobre concursos e artigos de professores oferecendo cursos para concursos (pdf + videaulas) no site.\",\"publisher\":{\"@id\":\"https:\/\/www.estrategiaconcursos.com.br\/blog\/#organization\"},\"potentialAction\":[{\"@type\":\"SearchAction\",\"target\":{\"@type\":\"EntryPoint\",\"urlTemplate\":\"https:\/\/www.estrategiaconcursos.com.br\/blog\/?s={search_term_string}\"},\"query-input\":{\"@type\":\"PropertyValueSpecification\",\"valueRequired\":true,\"valueName\":\"search_term_string\"}}],\"inLanguage\":\"pt-BR\"},{\"@type\":\"Organization\",\"@id\":\"https:\/\/www.estrategiaconcursos.com.br\/blog\/#organization\",\"name\":\"Estrat\u00e9gia Concursos\",\"url\":\"https:\/\/www.estrategiaconcursos.com.br\/blog\/\",\"logo\":{\"@type\":\"ImageObject\",\"inLanguage\":\"pt-BR\",\"@id\":\"https:\/\/www.estrategiaconcursos.com.br\/blog\/#\/schema\/logo\/image\/\",\"url\":\"https:\/\/dhg1h5j42swfq.cloudfront.net\/2025\/06\/03203428\/logo_concursos-1.jpg\",\"contentUrl\":\"https:\/\/dhg1h5j42swfq.cloudfront.net\/2025\/06\/03203428\/logo_concursos-1.jpg\",\"width\":230,\"height\":60,\"caption\":\"Estrat\u00e9gia Concursos\"},\"image\":{\"@id\":\"https:\/\/www.estrategiaconcursos.com.br\/blog\/#\/schema\/logo\/image\/\"},\"sameAs\":[\"https:\/\/x.com\/EstratConcursos\"]},{\"@type\":\"Person\",\"@id\":\"https:\/\/www.estrategiaconcursos.com.br\/blog\/#\/schema\/person\/b4a388c97673c5f483d72185668afa1f\",\"name\":\"Coordena\u00e7\u00e3o\",\"image\":{\"@type\":\"ImageObject\",\"inLanguage\":\"pt-BR\",\"@id\":\"https:\/\/secure.gravatar.com\/avatar\/b720319e4c9a967eb58678d110f4fe35452fc5d5f97b202bac7b8acceb18c6ad?s=96&d=mm&r=g\",\"url\":\"https:\/\/secure.gravatar.com\/avatar\/b720319e4c9a967eb58678d110f4fe35452fc5d5f97b202bac7b8acceb18c6ad?s=96&d=mm&r=g\",\"contentUrl\":\"https:\/\/secure.gravatar.com\/avatar\/b720319e4c9a967eb58678d110f4fe35452fc5d5f97b202bac7b8acceb18c6ad?s=96&d=mm&r=g\",\"caption\":\"Coordena\u00e7\u00e3o\"},\"sameAs\":[\"https:\/\/www.facebook.com\/EstrategiaConcursos\",\"https:\/\/x.com\/EstratConcursos\"],\"url\":\"https:\/\/www.estrategiaconcursos.com.br\/blog\/author\/estrategia2013\/\"}]}<\/script>\n<!-- \/ Yoast SEO Premium plugin. -->","yoast_head_json":{"title":"Concurso Agraer MS: governador anuncia novo edital","description":"Concurso Agraer MS: governador anuncia novo edital para preenchimento de vagas em aberto no \u00faltimo certame. Acesse e saiba mais!","robots":{"index":"index","follow":"follow","max-snippet":"max-snippet:-1","max-image-preview":"max-image-preview:large","max-video-preview":"max-video-preview:-1"},"canonical":"https:\/\/www.estrategiaconcursos.com.br\/blog\/concurso-agraer-ms\/","og_locale":"pt_BR","og_type":"article","og_title":"Concurso Agraer MS: governador anuncia novo edital","og_description":"Concurso Agraer MS: governador anuncia novo edital para preenchimento de vagas em aberto no \u00faltimo certame. Acesse e saiba mais!","og_url":"https:\/\/www.estrategiaconcursos.com.br\/blog\/concurso-agraer-ms\/","og_site_name":"Estrat\u00e9gia Concursos","article_author":"https:\/\/www.facebook.com\/EstrategiaConcursos","article_published_time":"2022-09-30T16:40:00+00:00","article_modified_time":"2022-12-01T21:25:27+00:00","og_image":[{"width":768,"height":432,"url":"https:\/\/dhg1h5j42swfq.cloudfront.net\/2022\/01\/06143955\/agraer_ms.jpg","type":"image\/jpeg"}],"author":"Coordena\u00e7\u00e3o","twitter_card":"summary_large_image","twitter_creator":"@EstratConcursos","twitter_site":"@EstratConcursos","twitter_misc":{"Escrito por":"Coordena\u00e7\u00e3o","Est. tempo de leitura":"5 minutos"},"schema":{"@context":"https:\/\/schema.org","@graph":[{"@type":"NewsArticle","@id":"https:\/\/www.estrategiaconcursos.com.br\/blog\/concurso-agraer-ms\/#article","isPartOf":{"@id":"https:\/\/www.estrategiaconcursos.com.br\/blog\/concurso-agraer-ms\/"},"author":{"name":"Coordena\u00e7\u00e3o","@id":"https:\/\/www.estrategiaconcursos.com.br\/blog\/#\/schema\/person\/b4a388c97673c5f483d72185668afa1f"},"headline":"Concurso Agraer MS: governador anuncia novo edital","datePublished":"2022-09-30T16:40:00+00:00","dateModified":"2022-12-01T21:25:27+00:00","mainEntityOfPage":{"@id":"https:\/\/www.estrategiaconcursos.com.br\/blog\/concurso-agraer-ms\/"},"wordCount":912,"commentCount":0,"publisher":{"@id":"https:\/\/www.estrategiaconcursos.com.br\/blog\/#organization"},"image":{"@id":"https:\/\/www.estrategiaconcursos.com.br\/blog\/concurso-agraer-ms\/#primaryimage"},"thumbnailUrl":"https:\/\/dhg1h5j42swfq.cloudfront.net\/2022\/01\/06143955\/agraer_ms.jpg","articleSection":["Executivo (Administrativa)"],"inLanguage":"pt-BR","potentialAction":[{"@type":"CommentAction","name":"Comment","target":["https:\/\/www.estrategiaconcursos.com.br\/blog\/concurso-agraer-ms\/#respond"]}],"copyrightYear":"2022","copyrightHolder":{"@id":"https:\/\/www.estrategiaconcursos.com.br\/blog\/#organization"}},{"@type":"WebPage","@id":"https:\/\/www.estrategiaconcursos.com.br\/blog\/concurso-agraer-ms\/","url":"https:\/\/www.estrategiaconcursos.com.br\/blog\/concurso-agraer-ms\/","name":"Concurso Agraer MS: governador anuncia novo edital","isPartOf":{"@id":"https:\/\/www.estrategiaconcursos.com.br\/blog\/#website"},"primaryImageOfPage":{"@id":"https:\/\/www.estrategiaconcursos.com.br\/blog\/concurso-agraer-ms\/#primaryimage"},"image":{"@id":"https:\/\/www.estrategiaconcursos.com.br\/blog\/concurso-agraer-ms\/#primaryimage"},"thumbnailUrl":"https:\/\/dhg1h5j42swfq.cloudfront.net\/2022\/01\/06143955\/agraer_ms.jpg","datePublished":"2022-09-30T16:40:00+00:00","dateModified":"2022-12-01T21:25:27+00:00","description":"Concurso Agraer MS: governador anuncia novo edital para preenchimento de vagas em aberto no \u00faltimo certame. Acesse e saiba mais!","breadcrumb":{"@id":"https:\/\/www.estrategiaconcursos.com.br\/blog\/concurso-agraer-ms\/#breadcrumb"},"inLanguage":"pt-BR","potentialAction":[{"@type":"ReadAction","target":["https:\/\/www.estrategiaconcursos.com.br\/blog\/concurso-agraer-ms\/"]}]},{"@type":"ImageObject","inLanguage":"pt-BR","@id":"https:\/\/www.estrategiaconcursos.com.br\/blog\/concurso-agraer-ms\/#primaryimage","url":"https:\/\/dhg1h5j42swfq.cloudfront.net\/2022\/01\/06143955\/agraer_ms.jpg","contentUrl":"https:\/\/dhg1h5j42swfq.cloudfront.net\/2022\/01\/06143955\/agraer_ms.jpg","width":768,"height":432,"caption":"Concurso Agraer MS comiss\u00e3o"},{"@type":"BreadcrumbList","@id":"https:\/\/www.estrategiaconcursos.com.br\/blog\/concurso-agraer-ms\/#breadcrumb","itemListElement":[{"@type":"ListItem","position":1,"name":"In\u00edcio","item":"https:\/\/www.estrategiaconcursos.com.br\/blog\/"},{"@type":"ListItem","position":2,"name":"Concurso Agraer MS: governador anuncia novo edital"}]},{"@type":"WebSite","@id":"https:\/\/www.estrategiaconcursos.com.br\/blog\/#website","url":"https:\/\/www.estrategiaconcursos.com.br\/blog\/","name":"Estrat\u00e9gia Concursos","description":"O blog da Estrat\u00e9gia Concursos traz not\u00edcias sobre concursos e artigos de professores oferecendo cursos para concursos (pdf + videaulas) no site.","publisher":{"@id":"https:\/\/www.estrategiaconcursos.com.br\/blog\/#organization"},"potentialAction":[{"@type":"SearchAction","target":{"@type":"EntryPoint","urlTemplate":"https:\/\/www.estrategiaconcursos.com.br\/blog\/?s={search_term_string}"},"query-input":{"@type":"PropertyValueSpecification","valueRequired":true,"valueName":"search_term_string"}}],"inLanguage":"pt-BR"},{"@type":"Organization","@id":"https:\/\/www.estrategiaconcursos.com.br\/blog\/#organization","name":"Estrat\u00e9gia Concursos","url":"https:\/\/www.estrategiaconcursos.com.br\/blog\/","logo":{"@type":"ImageObject","inLanguage":"pt-BR","@id":"https:\/\/www.estrategiaconcursos.com.br\/blog\/#\/schema\/logo\/image\/","url":"https:\/\/dhg1h5j42swfq.cloudfront.net\/2025\/06\/03203428\/logo_concursos-1.jpg","contentUrl":"https:\/\/dhg1h5j42swfq.cloudfront.net\/2025\/06\/03203428\/logo_concursos-1.jpg","width":230,"height":60,"caption":"Estrat\u00e9gia Concursos"},"image":{"@id":"https:\/\/www.estrategiaconcursos.com.br\/blog\/#\/schema\/logo\/image\/"},"sameAs":["https:\/\/x.com\/EstratConcursos"]},{"@type":"Person","@id":"https:\/\/www.estrategiaconcursos.com.br\/blog\/#\/schema\/person\/b4a388c97673c5f483d72185668afa1f","name":"Coordena\u00e7\u00e3o","image":{"@type":"ImageObject","inLanguage":"pt-BR","@id":"https:\/\/secure.gravatar.com\/avatar\/b720319e4c9a967eb58678d110f4fe35452fc5d5f97b202bac7b8acceb18c6ad?s=96&d=mm&r=g","url":"https:\/\/secure.gravatar.com\/avatar\/b720319e4c9a967eb58678d110f4fe35452fc5d5f97b202bac7b8acceb18c6ad?s=96&d=mm&r=g","contentUrl":"https:\/\/secure.gravatar.com\/avatar\/b720319e4c9a967eb58678d110f4fe35452fc5d5f97b202bac7b8acceb18c6ad?s=96&d=mm&r=g","caption":"Coordena\u00e7\u00e3o"},"sameAs":["https:\/\/www.facebook.com\/EstrategiaConcursos","https:\/\/x.com\/EstratConcursos"],"url":"https:\/\/www.estrategiaconcursos.com.br\/blog\/author\/estrategia2013\/"}]}},"_links":{"self":[{"href":"https:\/\/www.estrategiaconcursos.com.br\/blog\/wp-json\/wp\/v2\/posts\/940998","targetHints":{"allow":["GET"]}}],"collection":[{"href":"https:\/\/www.estrategiaconcursos.com.br\/blog\/wp-json\/wp\/v2\/posts"}],"about":[{"href":"https:\/\/www.estrategiaconcursos.com.br\/blog\/wp-json\/wp\/v2\/types\/post"}],"author":[{"embeddable":true,"href":"https:\/\/www.estrategiaconcursos.com.br\/blog\/wp-json\/wp\/v2\/users\/1"}],"replies":[{"embeddable":true,"href":"https:\/\/www.estrategiaconcursos.com.br\/blog\/wp-json\/wp\/v2\/comments?post=940998"}],"version-history":[{"count":32,"href":"https:\/\/www.estrategiaconcursos.com.br\/blog\/wp-json\/wp\/v2\/posts\/940998\/revisions"}],"predecessor-version":[{"id":1133059,"href":"https:\/\/www.estrategiaconcursos.com.br\/blog\/wp-json\/wp\/v2\/posts\/940998\/revisions\/1133059"}],"wp:featuredmedia":[{"embeddable":true,"href":"https:\/\/www.estrategiaconcursos.com.br\/blog\/wp-json\/wp\/v2\/media\/941153"}],"wp:attachment":[{"href":"https:\/\/www.estrategiaconcursos.com.br\/blog\/wp-json\/wp\/v2\/media?parent=940998"}],"wp:term":[{"taxonomy":"category","embeddable":true,"href":"https:\/\/www.estrategiaconcursos.com.br\/blog\/wp-json\/wp\/v2\/categories?post=940998"},{"taxonomy":"post_tag","embeddable":true,"href":"https:\/\/www.estrategiaconcursos.com.br\/blog\/wp-json\/wp\/v2\/tags?post=940998"},{"taxonomy":"tax_estado","embeddable":true,"href":"https:\/\/www.estrategiaconcursos.com.br\/blog\/wp-json\/wp\/v2\/tax_estado?post=940998"}],"curies":[{"name":"wp","href":"https:\/\/api.w.org\/{rel}","templated":true}]}}