{"id":940256,"date":"2022-03-09T08:22:00","date_gmt":"2022-03-09T11:22:00","guid":{"rendered":"https:\/\/www.estrategiaconcursos.com.br\/blog\/?p=940256"},"modified":"2022-03-09T08:30:33","modified_gmt":"2022-03-09T11:30:33","slug":"edital-bombeiros-ac","status":"publish","type":"post","link":"https:\/\/www.estrategiaconcursos.com.br\/blog\/edital-bombeiros-ac\/","title":{"rendered":"Edital Bombeiros AC: Inscri\u00e7\u00f5es encerradas para 153 vagas"},"content":{"rendered":"\n<p>O <strong>edital Bombeiros AC<\/strong> est\u00e1 com inscri\u00e7\u00f5es encerradas para o cargo de <strong>Aluno Soldado Combatente<\/strong>. Os interessados puderam se candidatar at\u00e9 o dia<strong> 8 de mar\u00e7o,<\/strong> no site do <a href=\"https:\/\/www.ibfc.org.br\/menus\/inscricoes_online\" target=\"_blank\" rel=\"noreferrer noopener\">IBFC<\/a>, ao custo de R$ 53,00.<\/p>\n\n\n\n<p>S\u00e3o ofertadas <strong>153 vagas<\/strong>, sendo 122 para o sexo masculino e 31 para feminino. Com remunera\u00e7\u00e3o inicial de R$ 4.344,22, as oportunidades s\u00e3o de n\u00edvel superior em qualquer \u00e1rea de forma\u00e7\u00e3o, com idade m\u00e1xima de 30 anos. <\/p>\n\n\n\n<ul class=\"has-very-light-gray-to-cyan-bluish-gray-gradient-background has-background wp-block-list\"><li><strong style=\"background-color: initial; color: initial;\">Banca:<\/strong> IBFC<\/li><li><strong>Vagas:<\/strong> 153<\/li><li><strong>Cargo<\/strong>: Aluno Soldado Combatente<\/li><li><strong>Sal\u00e1rio inicial:<\/strong> R$ 4.344,22<\/li><li><strong>Editais<\/strong>: <a href=\"https:\/\/dhg1h5j42swfq.cloudfront.net\/2022\/01\/10083829\/do16417682805433-23-37.pdf\" target=\"_blank\" rel=\"noreferrer noopener nofollow\">Bombeiros AC<\/a><\/li><\/ul>\n\n\n\n<div class=\"container\" id=\"boxes\">\n  <div class=\"row\">\n\n    <div class=\"col-sm\">\n      <div class=\"banner-policial\" id=\"box-assinatura\">\n        <h3 class=\"titulo-assinatura\">Concurso Bombeiro AC<\/h3>\n        <p class=\"subtitulo-assinatura\">Conhe\u00e7a os cursos<\/p>\n        <div class=\"box-botao\">\n          <a class=\"btn-assinatura\" target=\"_blank\" href=\"https:\/\/www.estrategiaconcursos.com.br\/cursosPorConcurso\/corpo-de-bombeiro-do-acre-cbm-ac\/\" role=\"button\" rel=\"noopener noreferrer\">Conhe\u00e7a mais<\/a>\n        <\/div>\n      <\/div>\n     \n    <\/div>\n\n  <\/div>\n<\/div>\n\n\n\n<h2 class=\"wp-block-heading\" id=\"datas\">Principais datas do concurso Bombeiros AC<\/h2>\n\n\n\n<p class=\"has-very-light-gray-background-color has-background\"><strong>Inscri\u00e7\u00f5es<\/strong>: <s>11 de janeiro a 07 de fevereiro<\/s> | <s>21 de fevereiro a 08 de mar\u00e7o<\/s><br \/><strong>Isen\u00e7\u00e3o da taxa<\/strong>: <s>11 a 13 de janeiro<\/s> | <s>21 a 23 de fevereiro<\/s><br \/><strong>\u00daltimo dia para pagamento<\/strong>: <s>08 de fevereiro<\/s> | 09 de mar\u00e7o<br \/><strong>Prova<\/strong>: 27 de mar\u00e7o<\/p>\n\n\n\n<h2 class=\"wp-block-heading\" id=\"cargos-vagas\">Cargos e vagas do edital Bombeiros AC<\/h2>\n\n\n\n<h3 class=\"wp-block-heading\" id=\"superior\">Curso superior<\/h3>\n\n\n\n<figure class=\"wp-block-table is-style-stripes\"><table class=\"has-background has-fixed-layout\" style=\"background-color:#e7f5fe\"><thead><tr><th class=\"has-text-align-center\" data-align=\"center\">CARGOS<\/th><th class=\"has-text-align-center\" data-align=\"center\">VAGAS<\/th><th class=\"has-text-align-center\" data-align=\"center\">SAL\u00c1RIO<\/th><\/tr><\/thead><tbody><tr><td class=\"has-text-align-center\" data-align=\"center\">Soldado Combatente (masculino)<\/td><td class=\"has-text-align-center\" data-align=\"center\">122<\/td><td class=\"has-text-align-center\" data-align=\"center\">R$ 4.344,22<\/td><\/tr><tr><td class=\"has-text-align-center\" data-align=\"center\">Soldado Combatente (feminino) <\/td><td class=\"has-text-align-center\" data-align=\"center\">31<\/td><td class=\"has-text-align-center\" data-align=\"center\">R$ 4.344,22<\/td><\/tr><\/tbody><tfoot><tr><td class=\"has-text-align-center\" data-align=\"center\"><strong>TOTAL<\/strong><\/td><td class=\"has-text-align-center\" data-align=\"center\"><strong>153<\/strong><\/td><td class=\"has-text-align-center\" data-align=\"center\"><\/td><\/tr><\/tfoot><\/table><\/figure>\n\n\n\n<h2 class=\"wp-block-heading\" id=\"etapas\">Etapas e provas do edital Bombeiros AC<\/h2>\n\n\n\n<p>A sele\u00e7\u00e3o dos candidatos inscritos no edital Bombeiros AC se dar\u00e1 mediante aplica\u00e7\u00e3o das seguintes etapas:<\/p>\n\n\n\n<ul class=\"wp-block-list\"><li>Prova Objetiva \u2013 eliminat\u00f3rio e classificat\u00f3rio;<\/li><li><span style=\"color: initial;\">Teste de Aptid\u00e3o F\u00edsica (TAF) \u2013 eliminat\u00f3rio;<\/span><\/li><li>Exame Psicot\u00e9cnico &#8211; eliminat\u00f3rio;<\/li><li>Exame M\u00e9dico e Toxicol\u00f3gico &#8211; eliminat\u00f3rio;<\/li><li><span style=\"color: initial;\">Investiga\u00e7\u00e3o Criminal e Social \u2013 eliminat\u00f3rio.<\/span><\/li><\/ul>\n\n\n\n<p>A 1\u00aa Fase (Prova Objetiva) ser\u00e1 realizada nas cidades de Brasil\u00e9ia, Cruzeiro do Sul, Feij\u00f3, Jord\u00e3o, Marechal Thaumaturgo, Porto Walter, Rio Branco, Santa Rosa do Purus, Sena Madureira e Tarauac\u00e1 do Estado do Acre.<\/p>\n\n\n\n<p>A 2\u00aa Fase (Prova de Aptid\u00e3o F\u00edsica, Exame Psicot\u00e9cnico, Exame M\u00e9dico\/Toxicol\u00f3gico) ser\u00e1 realizada nas cidades de Rio Branco e Cruzeiro do Sul do Estado do Acre, conforme determinado a seguir:<\/p>\n\n\n\n<ol class=\"wp-block-list\"><li>candidatos que optaram no ato da inscri\u00e7\u00e3o pela realiza\u00e7\u00e3o da 1\u00aa Fase nas cidades de Brasil\u00e9ia, Santa Rosa do Purus, Sena Madureira e Rio Branco realizar\u00e3o a 2\u00aa Fase na cidade de Rio Branco\/AC;<\/li><li>candidatos que optaram no ato da inscri\u00e7\u00e3o pela realiza\u00e7\u00e3o da 1\u00aa Fase nas cidades de Cruzeiro do Sul, Feij\u00f3, Jord\u00e3o, Marechal Thaumaturgo, Porto Walter e Tarauac\u00e1 realizar\u00e3o a 2\u00aa Fase na cidade de Cruzeiro do Sul\/AC.<\/li><\/ol>\n\n\n\n<h3 class=\"wp-block-heading\" id=\"objetiva\">Provas Objetivas<\/h3>\n\n\n\n<p>A Prova Objetiva do edital Bombeiros AC ter\u00e1 car\u00e1ter eliminat\u00f3rio e classificat\u00f3rio e ser\u00e1 constitu\u00edda conforme a seguir:<\/p>\n\n\n\n<div class=\"wp-block-image\"><figure class=\"aligncenter size-large\"><img loading=\"lazy\" decoding=\"async\" width=\"1024\" height=\"242\" src=\"https:\/\/dhg1h5j42swfq.cloudfront.net\/2022\/01\/10085019\/image-164-1024x242.png\" alt=\"\" class=\"wp-image-943013\" srcset=\"https:\/\/dhg1h5j42swfq.cloudfront.net\/2022\/01\/10085019\/image-164-1024x242.png 1024w, https:\/\/dhg1h5j42swfq.cloudfront.net\/2022\/01\/10085019\/image-164-300x71.png 300w, https:\/\/dhg1h5j42swfq.cloudfront.net\/2022\/01\/10085019\/image-164-768x181.png 768w, https:\/\/dhg1h5j42swfq.cloudfront.net\/2022\/01\/10085019\/image-164-610x144.png 610w, https:\/\/dhg1h5j42swfq.cloudfront.net\/2022\/01\/10085019\/image-164.png 1047w\" sizes=\"auto, (max-width: 1024px) 100vw, 1024px\" \/><figcaption>Quadro de provas<\/figcaption><\/figure><\/div>\n\n\n\n<p>A prova ser\u00e1 de m\u00faltipla escolha, distribu\u00edda pelos conhecimentos gerais e espec\u00edficos, sendo que cada quest\u00e3o conter\u00e1 quatro alternativas.<\/p>\n\n\n\n<p>A Prova Objetiva ser\u00e1 avaliada na escala de 0 a 120 pontos, considerando-se HABILITADO o candidato que obtiver no m\u00ednimo 50% do total de pontos da prova objetiva e n\u00e3o zerar em nenhuma das provas de conhecimentos (Gerais e Espec\u00edfica).<\/p>\n\n\n\n<h3 class=\"wp-block-heading\" id=\"oral\">Teste de Aptid\u00e3o F\u00edsica (TAF)<\/h3>\n\n\n\n<p>Os candidatos aprovados na Prova Objetiva e que estejam classificados dentro do limite, conforme o quadro abaixo, mais os empates na \u00faltima posi\u00e7\u00e3o de classifica\u00e7\u00e3o, ser\u00e3o convocados para o Prova de Aptid\u00e3o F\u00edsica de car\u00e1ter eliminat\u00f3rio.<\/p>\n\n\n\n<figure class=\"wp-block-image size-large\"><img loading=\"lazy\" decoding=\"async\" width=\"1024\" height=\"63\" src=\"https:\/\/dhg1h5j42swfq.cloudfront.net\/2022\/01\/10085324\/image-165-1024x63.png\" alt=\"\" class=\"wp-image-943014\" srcset=\"https:\/\/dhg1h5j42swfq.cloudfront.net\/2022\/01\/10085324\/image-165-1024x63.png 1024w, https:\/\/dhg1h5j42swfq.cloudfront.net\/2022\/01\/10085324\/image-165-300x18.png 300w, https:\/\/dhg1h5j42swfq.cloudfront.net\/2022\/01\/10085324\/image-165-768x47.png 768w, https:\/\/dhg1h5j42swfq.cloudfront.net\/2022\/01\/10085324\/image-165-610x37.png 610w, https:\/\/dhg1h5j42swfq.cloudfront.net\/2022\/01\/10085324\/image-165.png 1048w\" sizes=\"auto, (max-width: 1024px) 100vw, 1024px\" \/><\/figure>\n\n\n\n<p>O TAF do edital Bombeiros AC tem por objetivo avaliar a agilidade, resist\u00eancia muscular e aer\u00f3bica, consideradas indispens\u00e1veis ao exerc\u00edcio de suas atividades. O candidato dever\u00e1 comparecer no dia, hora e local previamente designados, com trajes adequados, a saber:<\/p>\n\n\n\n<ul class=\"wp-block-list\"><li>a) cal\u00e7\u00e3o de gin\u00e1stica (ou malha, para o sexo feminino), t\u00eanis e camiseta sem desenhos ou inscri\u00e7\u00f5es;<\/li><li>b) cal\u00e7\u00e3o de banho (masculino &#8211; sunga ou equivalente), mai\u00f4 (feminino), touca, toalha e chinelo de dedo para o evento.<\/li><\/ul>\n\n\n\n<figure class=\"wp-block-image size-large\"><img loading=\"lazy\" decoding=\"async\" width=\"1024\" height=\"243\" src=\"https:\/\/dhg1h5j42swfq.cloudfront.net\/2022\/01\/10085504\/image-166-1024x243.png\" alt=\"\" class=\"wp-image-943015\" srcset=\"https:\/\/dhg1h5j42swfq.cloudfront.net\/2022\/01\/10085504\/image-166-1024x243.png 1024w, https:\/\/dhg1h5j42swfq.cloudfront.net\/2022\/01\/10085504\/image-166-300x71.png 300w, https:\/\/dhg1h5j42swfq.cloudfront.net\/2022\/01\/10085504\/image-166-768x183.png 768w, https:\/\/dhg1h5j42swfq.cloudfront.net\/2022\/01\/10085504\/image-166-610x145.png 610w, https:\/\/dhg1h5j42swfq.cloudfront.net\/2022\/01\/10085504\/image-166.png 1052w\" sizes=\"auto, (max-width: 1024px) 100vw, 1024px\" \/><figcaption>Quadro do TAF<\/figcaption><\/figure>\n\n\n\n<p>Ser\u00e3o concedidas 2 tentativas ao candidato, exceto para o exerc\u00edcio de corrida. O intervalo m\u00ednimo entre a primeira e a segunda tentativa ser\u00e1 de, no m\u00ednimo 15 minutos.<\/p>\n\n\n\n<p class=\"has-text-align-center has-cyan-bluish-gray-background-color has-background has-medium-font-size\"><strong>Saiba mais: <a href=\"https:\/\/www.estrategiaconcursos.com.br\/blog\/concurso-bombeiro-ac\/\" target=\"_blank\" rel=\"noreferrer noopener\">Concurso Bombeiros AC<\/a><\/strong><\/p>\n\n\n\n<h2 class=\"has-text-align-center wp-block-heading\" id=\"h-quer-saber-tudo-sobre-concursos-previstos-confira-nossos-artigos\">Quer saber tudo sobre concursos previstos?<br \/>Confira  nossos artigos!<\/h2>\n\n\n\n<ul class=\"wp-block-list\"><li><a href=\"https:\/\/www.estrategiaconcursos.com.br\/blog\/concursos-abertos\/\" target=\"_blank\" rel=\"noreferrer noopener\">Concursos abertos<\/a><\/li><li><a href=\"https:\/\/www.estrategiaconcursos.com.br\/blog\/concursos-2022\/\" target=\"_blank\" rel=\"noreferrer noopener\">Concursos 2022<\/a><\/li><\/ul>\n\n\n\n<div class=\"container\" id=\"boxes\">\n  <div class=\"row\">\n\n    <div class=\"col-sm\">\n      <div class=\"banner-policial\" id=\"box-assinatura\">\n        <h3 class=\"titulo-assinatura\">Concurso Bombeiro AC<\/h3>\n        <p class=\"subtitulo-assinatura\">Conhe\u00e7a os cursos<\/p>\n        <div class=\"box-botao\">\n          <a class=\"btn-assinatura\" target=\"_blank\" href=\"https:\/\/www.estrategiaconcursos.com.br\/cursosPorConcurso\/corpo-de-bombeiro-do-acre-cbm-ac\/\" role=\"button\" rel=\"noopener noreferrer\">Conhe\u00e7a mais<\/a>\n        <\/div>\n      <\/div>\n     \n    <\/div>\n\n  <\/div>\n<\/div>\n\n\n\n<div class=\"container\" id=\"boxes\">\n  <div class=\"row\">\n\n    <div class=\"col-sm\">\n      <div class=\"estrategia\" id=\"box-assinatura\">\n        <h3 class=\"titulo-assinatura\">Assinatura de Concursos<\/h3>\n        <p class=\"subtitulo-assinatura\">Assinatura de 1 ano ou 2 anos<\/p>\n        <div class=\"box-botao\">\n          <a class=\"btn-assinatura\" target=\"_blank\" href=\"https:\/\/www.estrategiaconcursos.com.br\/assinaturas\/\" role=\"button\" rel=\"noopener noreferrer\">ASSINE AGORA<\/a>\n        <\/div>\n      <\/div>\n     \n    <\/div><\/div><\/div>\n\n\n\n<figure class=\"wp-block-image size-large is-resized\"><img loading=\"lazy\" decoding=\"async\" src=\"https:\/\/dhg1h5j42swfq.cloudfront.net\/2025\/06\/27101122\/ficha-tecnica-1-1024x632.png\" alt=\"Informa\u00e7\u00f5es do edital Bombeiros AC\" class=\"wp-image-702728\" width=\"269\" height=\"166\" srcset=\"https:\/\/dhg1h5j42swfq.cloudfront.net\/2025\/06\/27101122\/ficha-tecnica-1-1024x632.png 1024w, https:\/\/dhg1h5j42swfq.cloudfront.net\/2025\/06\/27101122\/ficha-tecnica-1-300x185.png 300w, https:\/\/dhg1h5j42swfq.cloudfront.net\/2025\/06\/27101122\/ficha-tecnica-1-768x474.png 768w, https:\/\/dhg1h5j42swfq.cloudfront.net\/2025\/06\/27101122\/ficha-tecnica-1-1536x948.png 1536w, https:\/\/dhg1h5j42swfq.cloudfront.net\/2025\/06\/27101122\/ficha-tecnica-1-610x377.png 610w, https:\/\/dhg1h5j42swfq.cloudfront.net\/2025\/06\/27101122\/ficha-tecnica-1.png 1571w\" sizes=\"auto, (max-width: 269px) 100vw, 269px\" \/><\/figure>\n\n\n\n<h3 class=\"wp-block-heading\" id=\"block-ba1614b5-988b-41ef-892d-f4c9f7e9dd42\">Informa\u00e7\u00f5es do edital CBM AC<\/h3>\n\n\n\n<ul class=\"wp-block-list\" id=\"block-46dd482c-33cf-409c-8762-75c111403f14\"><li><strong style=\"color: initial;\">Provas<\/strong><span style=\"color: initial;\">: 27\/03<\/span><\/li><li><strong>Vagas<\/strong>: 153<\/li><li><strong>Cargos<\/strong>: Aluno Soldado Combatente<\/li><li><strong>Banca<\/strong>: IBFC<\/li><li><strong>Escolaridade<\/strong>: N\u00edvel Superior<\/li><li><strong>Edital<\/strong>:&nbsp;<a href=\"https:\/\/dhg1h5j42swfq.cloudfront.net\/2022\/01\/10083829\/do16417682805433-23-37.pdf\" target=\"_blank\" rel=\"noreferrer noopener nofollow\">Bombeiros-AC<\/a> | <a href=\"https:\/\/dhg1h5j42swfq.cloudfront.net\/2022\/01\/27172654\/terceira-retificacao-cbm-ac.pdf\" target=\"_blank\" rel=\"noreferrer noopener nofollow\">1\u00aa retifica\u00e7\u00e3o<\/a> | <a href=\"https:\/\/dhg1h5j42swfq.cloudfront.net\/2022\/02\/18115644\/6af9bc45989b0071daeae231ef496646.pdf\" target=\"_blank\" rel=\"noreferrer noopener nofollow\">2\u00aa retifica\u00e7\u00e3o<\/a><\/li><\/ul>\n","protected":false},"excerpt":{"rendered":"<p>O edital Bombeiros AC est\u00e1 com inscri\u00e7\u00f5es encerradas para o cargo de Aluno Soldado Combatente. Os interessados puderam se candidatar at\u00e9 o dia 8 de mar\u00e7o, no site do IBFC, ao custo de R$ 53,00. S\u00e3o ofertadas 153 vagas, sendo 122 para o sexo masculino e 31 para feminino. Com remunera\u00e7\u00e3o inicial de R$ 4.344,22, [&hellip;]<\/p>\n","protected":false},"author":2041,"featured_media":904900,"comment_status":"open","ping_status":"closed","sticky":false,"template":"","format":"standard","meta":{"post_tipo":"news","footnotes":""},"categories":[220187,220219],"tags":[],"tax_estado":[219964],"class_list":["post-940256","post","type-post","status-publish","format-standard","has-post-thumbnail","hentry","category-policial-pracas","category-noticias","tax_estado-ac"],"acf":[],"yoast_head":"<!-- This site is optimized with the Yoast SEO Premium plugin v27.2 (Yoast SEO v27.2) - https:\/\/yoast.com\/product\/yoast-seo-premium-wordpress\/ -->\n<title>Edital Bombeiros AC: Inscri\u00e7\u00f5es encerradas para 153 vagas<\/title>\n<meta name=\"description\" content=\"Edital Bombeiros AC oferece 153 vagas para Aluno Soldado Combatente. Inscri\u00e7\u00f5es est\u00e3o encerradas! Provas previstas para mar\u00e7o.\" \/>\n<meta name=\"robots\" content=\"index, follow, max-snippet:-1, max-image-preview:large, max-video-preview:-1\" \/>\n<link rel=\"canonical\" href=\"https:\/\/www.estrategiaconcursos.com.br\/blog\/edital-bombeiros-ac\/\" \/>\n<meta property=\"og:locale\" content=\"pt_BR\" \/>\n<meta property=\"og:type\" content=\"article\" \/>\n<meta property=\"og:title\" content=\"Edital Bombeiros AC: Inscri\u00e7\u00f5es encerradas para 153 vagas\" \/>\n<meta property=\"og:description\" content=\"Edital Bombeiros AC oferece 153 vagas para Aluno Soldado Combatente. Inscri\u00e7\u00f5es est\u00e3o encerradas! Provas previstas para mar\u00e7o.\" \/>\n<meta property=\"og:url\" content=\"https:\/\/www.estrategiaconcursos.com.br\/blog\/edital-bombeiros-ac\/\" \/>\n<meta property=\"og:site_name\" content=\"Estrat\u00e9gia Concursos\" \/>\n<meta property=\"article:published_time\" content=\"2022-03-09T11:22:00+00:00\" \/>\n<meta property=\"article:modified_time\" content=\"2022-03-09T11:30:33+00:00\" \/>\n<meta property=\"og:image\" content=\"https:\/\/dhg1h5j42swfq.cloudfront.net\/2021\/11\/09194453\/bombeiro_ac.jpg\" \/>\n\t<meta property=\"og:image:width\" content=\"768\" \/>\n\t<meta property=\"og:image:height\" content=\"432\" \/>\n\t<meta property=\"og:image:type\" content=\"image\/jpeg\" \/>\n<meta name=\"author\" content=\"Thiago Cavalcante Gomes\" \/>\n<meta name=\"twitter:card\" content=\"summary_large_image\" \/>\n<meta name=\"twitter:creator\" content=\"@EstratConcursos\" \/>\n<meta name=\"twitter:site\" content=\"@EstratConcursos\" \/>\n<meta name=\"twitter:label1\" content=\"Escrito por\" \/>\n\t<meta name=\"twitter:data1\" content=\"Thiago Cavalcante Gomes\" \/>\n\t<meta name=\"twitter:label2\" content=\"Est. tempo de leitura\" \/>\n\t<meta name=\"twitter:data2\" content=\"5 minutos\" \/>\n<script type=\"application\/ld+json\" class=\"yoast-schema-graph\">{\"@context\":\"https:\/\/schema.org\",\"@graph\":[{\"@type\":\"NewsArticle\",\"@id\":\"https:\/\/www.estrategiaconcursos.com.br\/blog\/edital-bombeiros-ac\/#article\",\"isPartOf\":{\"@id\":\"https:\/\/www.estrategiaconcursos.com.br\/blog\/edital-bombeiros-ac\/\"},\"author\":{\"name\":\"Thiago Cavalcante Gomes\",\"@id\":\"https:\/\/www.estrategiaconcursos.com.br\/blog\/#\/schema\/person\/4970184533d0a3ffa5b0299ae0a2b21f\"},\"headline\":\"Edital Bombeiros AC: Inscri\u00e7\u00f5es encerradas para 153 vagas\",\"datePublished\":\"2022-03-09T11:22:00+00:00\",\"dateModified\":\"2022-03-09T11:30:33+00:00\",\"mainEntityOfPage\":{\"@id\":\"https:\/\/www.estrategiaconcursos.com.br\/blog\/edital-bombeiros-ac\/\"},\"wordCount\":698,\"commentCount\":0,\"publisher\":{\"@id\":\"https:\/\/www.estrategiaconcursos.com.br\/blog\/#organization\"},\"image\":{\"@id\":\"https:\/\/www.estrategiaconcursos.com.br\/blog\/edital-bombeiros-ac\/#primaryimage\"},\"thumbnailUrl\":\"https:\/\/dhg1h5j42swfq.cloudfront.net\/2021\/11\/09194453\/bombeiro_ac.jpg\",\"articleSection\":[\"Policial (PM\/BM - Pra\u00e7as)\",\"\u00daltimas not\u00edcias\"],\"inLanguage\":\"pt-BR\",\"potentialAction\":[{\"@type\":\"CommentAction\",\"name\":\"Comment\",\"target\":[\"https:\/\/www.estrategiaconcursos.com.br\/blog\/edital-bombeiros-ac\/#respond\"]}],\"copyrightYear\":\"2022\",\"copyrightHolder\":{\"@id\":\"https:\/\/www.estrategiaconcursos.com.br\/blog\/#organization\"}},{\"@type\":\"WebPage\",\"@id\":\"https:\/\/www.estrategiaconcursos.com.br\/blog\/edital-bombeiros-ac\/\",\"url\":\"https:\/\/www.estrategiaconcursos.com.br\/blog\/edital-bombeiros-ac\/\",\"name\":\"Edital Bombeiros AC: Inscri\u00e7\u00f5es encerradas para 153 vagas\",\"isPartOf\":{\"@id\":\"https:\/\/www.estrategiaconcursos.com.br\/blog\/#website\"},\"primaryImageOfPage\":{\"@id\":\"https:\/\/www.estrategiaconcursos.com.br\/blog\/edital-bombeiros-ac\/#primaryimage\"},\"image\":{\"@id\":\"https:\/\/www.estrategiaconcursos.com.br\/blog\/edital-bombeiros-ac\/#primaryimage\"},\"thumbnailUrl\":\"https:\/\/dhg1h5j42swfq.cloudfront.net\/2021\/11\/09194453\/bombeiro_ac.jpg\",\"datePublished\":\"2022-03-09T11:22:00+00:00\",\"dateModified\":\"2022-03-09T11:30:33+00:00\",\"description\":\"Edital Bombeiros AC oferece 153 vagas para Aluno Soldado Combatente. Inscri\u00e7\u00f5es est\u00e3o encerradas! Provas previstas para mar\u00e7o.\",\"breadcrumb\":{\"@id\":\"https:\/\/www.estrategiaconcursos.com.br\/blog\/edital-bombeiros-ac\/#breadcrumb\"},\"inLanguage\":\"pt-BR\",\"potentialAction\":[{\"@type\":\"ReadAction\",\"target\":[\"https:\/\/www.estrategiaconcursos.com.br\/blog\/edital-bombeiros-ac\/\"]}]},{\"@type\":\"ImageObject\",\"inLanguage\":\"pt-BR\",\"@id\":\"https:\/\/www.estrategiaconcursos.com.br\/blog\/edital-bombeiros-ac\/#primaryimage\",\"url\":\"https:\/\/dhg1h5j42swfq.cloudfront.net\/2021\/11\/09194453\/bombeiro_ac.jpg\",\"contentUrl\":\"https:\/\/dhg1h5j42swfq.cloudfront.net\/2021\/11\/09194453\/bombeiro_ac.jpg\",\"width\":768,\"height\":432,\"caption\":\"Bombeiro AC\"},{\"@type\":\"BreadcrumbList\",\"@id\":\"https:\/\/www.estrategiaconcursos.com.br\/blog\/edital-bombeiros-ac\/#breadcrumb\",\"itemListElement\":[{\"@type\":\"ListItem\",\"position\":1,\"name\":\"In\u00edcio\",\"item\":\"https:\/\/www.estrategiaconcursos.com.br\/blog\/\"},{\"@type\":\"ListItem\",\"position\":2,\"name\":\"Edital Bombeiros AC: Inscri\u00e7\u00f5es encerradas para 153 vagas\"}]},{\"@type\":\"WebSite\",\"@id\":\"https:\/\/www.estrategiaconcursos.com.br\/blog\/#website\",\"url\":\"https:\/\/www.estrategiaconcursos.com.br\/blog\/\",\"name\":\"Estrat\u00e9gia Concursos\",\"description\":\"O blog da Estrat\u00e9gia Concursos traz not\u00edcias sobre concursos e artigos de professores oferecendo cursos para concursos (pdf + videaulas) no site.\",\"publisher\":{\"@id\":\"https:\/\/www.estrategiaconcursos.com.br\/blog\/#organization\"},\"potentialAction\":[{\"@type\":\"SearchAction\",\"target\":{\"@type\":\"EntryPoint\",\"urlTemplate\":\"https:\/\/www.estrategiaconcursos.com.br\/blog\/?s={search_term_string}\"},\"query-input\":{\"@type\":\"PropertyValueSpecification\",\"valueRequired\":true,\"valueName\":\"search_term_string\"}}],\"inLanguage\":\"pt-BR\"},{\"@type\":\"Organization\",\"@id\":\"https:\/\/www.estrategiaconcursos.com.br\/blog\/#organization\",\"name\":\"Estrat\u00e9gia Concursos\",\"url\":\"https:\/\/www.estrategiaconcursos.com.br\/blog\/\",\"logo\":{\"@type\":\"ImageObject\",\"inLanguage\":\"pt-BR\",\"@id\":\"https:\/\/www.estrategiaconcursos.com.br\/blog\/#\/schema\/logo\/image\/\",\"url\":\"https:\/\/dhg1h5j42swfq.cloudfront.net\/2025\/06\/03203428\/logo_concursos-1.jpg\",\"contentUrl\":\"https:\/\/dhg1h5j42swfq.cloudfront.net\/2025\/06\/03203428\/logo_concursos-1.jpg\",\"width\":230,\"height\":60,\"caption\":\"Estrat\u00e9gia Concursos\"},\"image\":{\"@id\":\"https:\/\/www.estrategiaconcursos.com.br\/blog\/#\/schema\/logo\/image\/\"},\"sameAs\":[\"https:\/\/x.com\/EstratConcursos\"]},{\"@type\":\"Person\",\"@id\":\"https:\/\/www.estrategiaconcursos.com.br\/blog\/#\/schema\/person\/4970184533d0a3ffa5b0299ae0a2b21f\",\"name\":\"Thiago Cavalcante Gomes\",\"image\":{\"@type\":\"ImageObject\",\"inLanguage\":\"pt-BR\",\"@id\":\"https:\/\/secure.gravatar.com\/avatar\/?s=96&d=mm&r=g\",\"url\":\"https:\/\/secure.gravatar.com\/avatar\/?s=96&d=mm&r=g\",\"contentUrl\":\"https:\/\/secure.gravatar.com\/avatar\/?s=96&d=mm&r=g\",\"caption\":\"Thiago Cavalcante Gomes\"},\"url\":\"https:\/\/www.estrategiaconcursos.com.br\/blog\/author\/thiago-gomes\/\"}]}<\/script>\n<!-- \/ Yoast SEO Premium plugin. -->","yoast_head_json":{"title":"Edital Bombeiros AC: Inscri\u00e7\u00f5es encerradas para 153 vagas","description":"Edital Bombeiros AC oferece 153 vagas para Aluno Soldado Combatente. Inscri\u00e7\u00f5es est\u00e3o encerradas! Provas previstas para mar\u00e7o.","robots":{"index":"index","follow":"follow","max-snippet":"max-snippet:-1","max-image-preview":"max-image-preview:large","max-video-preview":"max-video-preview:-1"},"canonical":"https:\/\/www.estrategiaconcursos.com.br\/blog\/edital-bombeiros-ac\/","og_locale":"pt_BR","og_type":"article","og_title":"Edital Bombeiros AC: Inscri\u00e7\u00f5es encerradas para 153 vagas","og_description":"Edital Bombeiros AC oferece 153 vagas para Aluno Soldado Combatente. Inscri\u00e7\u00f5es est\u00e3o encerradas! Provas previstas para mar\u00e7o.","og_url":"https:\/\/www.estrategiaconcursos.com.br\/blog\/edital-bombeiros-ac\/","og_site_name":"Estrat\u00e9gia Concursos","article_published_time":"2022-03-09T11:22:00+00:00","article_modified_time":"2022-03-09T11:30:33+00:00","og_image":[{"width":768,"height":432,"url":"https:\/\/dhg1h5j42swfq.cloudfront.net\/2021\/11\/09194453\/bombeiro_ac.jpg","type":"image\/jpeg"}],"author":"Thiago Cavalcante Gomes","twitter_card":"summary_large_image","twitter_creator":"@EstratConcursos","twitter_site":"@EstratConcursos","twitter_misc":{"Escrito por":"Thiago Cavalcante Gomes","Est. tempo de leitura":"5 minutos"},"schema":{"@context":"https:\/\/schema.org","@graph":[{"@type":"NewsArticle","@id":"https:\/\/www.estrategiaconcursos.com.br\/blog\/edital-bombeiros-ac\/#article","isPartOf":{"@id":"https:\/\/www.estrategiaconcursos.com.br\/blog\/edital-bombeiros-ac\/"},"author":{"name":"Thiago Cavalcante Gomes","@id":"https:\/\/www.estrategiaconcursos.com.br\/blog\/#\/schema\/person\/4970184533d0a3ffa5b0299ae0a2b21f"},"headline":"Edital Bombeiros AC: Inscri\u00e7\u00f5es encerradas para 153 vagas","datePublished":"2022-03-09T11:22:00+00:00","dateModified":"2022-03-09T11:30:33+00:00","mainEntityOfPage":{"@id":"https:\/\/www.estrategiaconcursos.com.br\/blog\/edital-bombeiros-ac\/"},"wordCount":698,"commentCount":0,"publisher":{"@id":"https:\/\/www.estrategiaconcursos.com.br\/blog\/#organization"},"image":{"@id":"https:\/\/www.estrategiaconcursos.com.br\/blog\/edital-bombeiros-ac\/#primaryimage"},"thumbnailUrl":"https:\/\/dhg1h5j42swfq.cloudfront.net\/2021\/11\/09194453\/bombeiro_ac.jpg","articleSection":["Policial (PM\/BM - Pra\u00e7as)","\u00daltimas not\u00edcias"],"inLanguage":"pt-BR","potentialAction":[{"@type":"CommentAction","name":"Comment","target":["https:\/\/www.estrategiaconcursos.com.br\/blog\/edital-bombeiros-ac\/#respond"]}],"copyrightYear":"2022","copyrightHolder":{"@id":"https:\/\/www.estrategiaconcursos.com.br\/blog\/#organization"}},{"@type":"WebPage","@id":"https:\/\/www.estrategiaconcursos.com.br\/blog\/edital-bombeiros-ac\/","url":"https:\/\/www.estrategiaconcursos.com.br\/blog\/edital-bombeiros-ac\/","name":"Edital Bombeiros AC: Inscri\u00e7\u00f5es encerradas para 153 vagas","isPartOf":{"@id":"https:\/\/www.estrategiaconcursos.com.br\/blog\/#website"},"primaryImageOfPage":{"@id":"https:\/\/www.estrategiaconcursos.com.br\/blog\/edital-bombeiros-ac\/#primaryimage"},"image":{"@id":"https:\/\/www.estrategiaconcursos.com.br\/blog\/edital-bombeiros-ac\/#primaryimage"},"thumbnailUrl":"https:\/\/dhg1h5j42swfq.cloudfront.net\/2021\/11\/09194453\/bombeiro_ac.jpg","datePublished":"2022-03-09T11:22:00+00:00","dateModified":"2022-03-09T11:30:33+00:00","description":"Edital Bombeiros AC oferece 153 vagas para Aluno Soldado Combatente. Inscri\u00e7\u00f5es est\u00e3o encerradas! Provas previstas para mar\u00e7o.","breadcrumb":{"@id":"https:\/\/www.estrategiaconcursos.com.br\/blog\/edital-bombeiros-ac\/#breadcrumb"},"inLanguage":"pt-BR","potentialAction":[{"@type":"ReadAction","target":["https:\/\/www.estrategiaconcursos.com.br\/blog\/edital-bombeiros-ac\/"]}]},{"@type":"ImageObject","inLanguage":"pt-BR","@id":"https:\/\/www.estrategiaconcursos.com.br\/blog\/edital-bombeiros-ac\/#primaryimage","url":"https:\/\/dhg1h5j42swfq.cloudfront.net\/2021\/11\/09194453\/bombeiro_ac.jpg","contentUrl":"https:\/\/dhg1h5j42swfq.cloudfront.net\/2021\/11\/09194453\/bombeiro_ac.jpg","width":768,"height":432,"caption":"Bombeiro AC"},{"@type":"BreadcrumbList","@id":"https:\/\/www.estrategiaconcursos.com.br\/blog\/edital-bombeiros-ac\/#breadcrumb","itemListElement":[{"@type":"ListItem","position":1,"name":"In\u00edcio","item":"https:\/\/www.estrategiaconcursos.com.br\/blog\/"},{"@type":"ListItem","position":2,"name":"Edital Bombeiros AC: Inscri\u00e7\u00f5es encerradas para 153 vagas"}]},{"@type":"WebSite","@id":"https:\/\/www.estrategiaconcursos.com.br\/blog\/#website","url":"https:\/\/www.estrategiaconcursos.com.br\/blog\/","name":"Estrat\u00e9gia Concursos","description":"O blog da Estrat\u00e9gia Concursos traz not\u00edcias sobre concursos e artigos de professores oferecendo cursos para concursos (pdf + videaulas) no site.","publisher":{"@id":"https:\/\/www.estrategiaconcursos.com.br\/blog\/#organization"},"potentialAction":[{"@type":"SearchAction","target":{"@type":"EntryPoint","urlTemplate":"https:\/\/www.estrategiaconcursos.com.br\/blog\/?s={search_term_string}"},"query-input":{"@type":"PropertyValueSpecification","valueRequired":true,"valueName":"search_term_string"}}],"inLanguage":"pt-BR"},{"@type":"Organization","@id":"https:\/\/www.estrategiaconcursos.com.br\/blog\/#organization","name":"Estrat\u00e9gia Concursos","url":"https:\/\/www.estrategiaconcursos.com.br\/blog\/","logo":{"@type":"ImageObject","inLanguage":"pt-BR","@id":"https:\/\/www.estrategiaconcursos.com.br\/blog\/#\/schema\/logo\/image\/","url":"https:\/\/dhg1h5j42swfq.cloudfront.net\/2025\/06\/03203428\/logo_concursos-1.jpg","contentUrl":"https:\/\/dhg1h5j42swfq.cloudfront.net\/2025\/06\/03203428\/logo_concursos-1.jpg","width":230,"height":60,"caption":"Estrat\u00e9gia Concursos"},"image":{"@id":"https:\/\/www.estrategiaconcursos.com.br\/blog\/#\/schema\/logo\/image\/"},"sameAs":["https:\/\/x.com\/EstratConcursos"]},{"@type":"Person","@id":"https:\/\/www.estrategiaconcursos.com.br\/blog\/#\/schema\/person\/4970184533d0a3ffa5b0299ae0a2b21f","name":"Thiago Cavalcante Gomes","image":{"@type":"ImageObject","inLanguage":"pt-BR","@id":"https:\/\/secure.gravatar.com\/avatar\/?s=96&d=mm&r=g","url":"https:\/\/secure.gravatar.com\/avatar\/?s=96&d=mm&r=g","contentUrl":"https:\/\/secure.gravatar.com\/avatar\/?s=96&d=mm&r=g","caption":"Thiago Cavalcante Gomes"},"url":"https:\/\/www.estrategiaconcursos.com.br\/blog\/author\/thiago-gomes\/"}]}},"_links":{"self":[{"href":"https:\/\/www.estrategiaconcursos.com.br\/blog\/wp-json\/wp\/v2\/posts\/940256","targetHints":{"allow":["GET"]}}],"collection":[{"href":"https:\/\/www.estrategiaconcursos.com.br\/blog\/wp-json\/wp\/v2\/posts"}],"about":[{"href":"https:\/\/www.estrategiaconcursos.com.br\/blog\/wp-json\/wp\/v2\/types\/post"}],"author":[{"embeddable":true,"href":"https:\/\/www.estrategiaconcursos.com.br\/blog\/wp-json\/wp\/v2\/users\/2041"}],"replies":[{"embeddable":true,"href":"https:\/\/www.estrategiaconcursos.com.br\/blog\/wp-json\/wp\/v2\/comments?post=940256"}],"version-history":[{"count":20,"href":"https:\/\/www.estrategiaconcursos.com.br\/blog\/wp-json\/wp\/v2\/posts\/940256\/revisions"}],"predecessor-version":[{"id":983463,"href":"https:\/\/www.estrategiaconcursos.com.br\/blog\/wp-json\/wp\/v2\/posts\/940256\/revisions\/983463"}],"wp:featuredmedia":[{"embeddable":true,"href":"https:\/\/www.estrategiaconcursos.com.br\/blog\/wp-json\/wp\/v2\/media\/904900"}],"wp:attachment":[{"href":"https:\/\/www.estrategiaconcursos.com.br\/blog\/wp-json\/wp\/v2\/media?parent=940256"}],"wp:term":[{"taxonomy":"category","embeddable":true,"href":"https:\/\/www.estrategiaconcursos.com.br\/blog\/wp-json\/wp\/v2\/categories?post=940256"},{"taxonomy":"post_tag","embeddable":true,"href":"https:\/\/www.estrategiaconcursos.com.br\/blog\/wp-json\/wp\/v2\/tags?post=940256"},{"taxonomy":"tax_estado","embeddable":true,"href":"https:\/\/www.estrategiaconcursos.com.br\/blog\/wp-json\/wp\/v2\/tax_estado?post=940256"}],"curies":[{"name":"wp","href":"https:\/\/api.w.org\/{rel}","templated":true}]}}