{"id":940124,"date":"2022-03-14T16:00:00","date_gmt":"2022-03-14T19:00:00","guid":{"rendered":"https:\/\/www.estrategiaconcursos.com.br\/blog\/?p=940124"},"modified":"2022-03-19T11:13:49","modified_gmt":"2022-03-19T14:13:49","slug":"edital-sefaz-am","status":"publish","type":"post","link":"https:\/\/www.estrategiaconcursos.com.br\/blog\/edital-sefaz-am\/","title":{"rendered":"EDITAL Sefaz AM: Inscri\u00e7\u00f5es encerradas para 210 vagas!"},"content":{"rendered":"\n<p>O edital do&nbsp;<em><strong>concurso Sefaz AM<\/strong><\/em>&nbsp;(Secretaria da Fazenda do Amazonas) oferta <strong>210 vagas<\/strong>, al\u00e9m de oportunidades para forma\u00e7\u00e3o de cadastro de reserva.<\/p>\n\n\n\n<p>As oportunidades exigem n\u00edveis m\u00e9dio e superior de escolaridade. Com isso, os interessados puderam se inscrever at\u00e9 o dia<strong> 14 de mar\u00e7o<\/strong>, diretamente pelo site da banca <strong><a href=\"https:\/\/conhecimento.fgv.br\/concursos\/sefazam22\" target=\"_blank\" rel=\"noreferrer noopener\">FGV<\/a><\/strong>.<\/p>\n\n\n\n<ul id=\"block-ee678516-e9d1-48bd-b327-7b9acd55f0fd\" class=\"has-background wp-block-list\" style=\"background-color:#e3e9ee\"><li><strong>Secretaria de Estado da Fazenda do Amazonas&nbsp;<\/strong>\u2013&nbsp;<strong>SEFAZ AM<\/strong>&nbsp;<\/li><li><strong>Status:<\/strong>&nbsp;inscri\u00e7\u00f5es encerradas<\/li><li><strong>Banca:<\/strong>&nbsp;FGV<\/li><li><strong>Vagas:&nbsp;<\/strong>210 + CR<\/li><li><strong>Sal\u00e1rio inicial:<\/strong>&nbsp;R$ 5.000,00 a R$ 23.548,96<\/li><li><strong>Edital<\/strong>:&nbsp;<a href=\"https:\/\/dhg1h5j42swfq.cloudfront.net\/2022\/02\/07172626\/edital_de_abertura_sefaz-am-0702-1.pdf\" target=\"_blank\" rel=\"noreferrer noopener nofollow\">Sefaz AM 2022<\/a><\/li><\/ul>\n\n\n<figure class=\"wp-block-embed-youtube wp-block-embed is-type-video is-provider-youtube wp-embed-aspect-16-9 wp-has-aspect-ratio\"><div class=\"lyte-wrapper\" style=\"width:853px;max-width:100%;margin:5px;\"><div class=\"lyMe\" id=\"WYL_0Z6_Pb9xix8\"><div id=\"lyte_0Z6_Pb9xix8\" data-src=\"\/\/i.ytimg.com\/vi\/0Z6_Pb9xix8\/hqdefault.jpg\" class=\"pL\"><div class=\"tC\"><div class=\"tT\"><\/div><\/div><div class=\"play\"><\/div><div class=\"ctrl\"><div class=\"Lctrl\"><\/div><div class=\"Rctrl\"><\/div><\/div><\/div><noscript><a href=\"https:\/\/youtu.be\/0Z6_Pb9xix8\" rel=\"nofollow\"><img loading=\"lazy\" decoding=\"async\" src=\"https:\/\/i.ytimg.com\/vi\/0Z6_Pb9xix8\/0.jpg\" alt=\"YouTube video thumbnail\" width=\"853\" height=\"460\" \/><br \/>Assista a este v\u00eddeo no YouTube<\/a><\/noscript><\/div><\/div><div class=\"lL\" style=\"max-width:100%;width:853px;margin:5px;\"><\/div><figcaption><\/figcaption><\/figure>\n\n\n<div class=\"container\" id=\"boxes\">\n  <div class=\"row\">\n\n    <div class=\"col-sm\">\n      <div class=\"banner-fiscal-01\" id=\"box-assinatura\">\n        <h3 class=\"titulo-assinatura\">Concurso Sefaz AM<\/h3>\n        <p class=\"subtitulo-assinatura\">Conhe\u00e7a os cursos<\/p>\n        <div class=\"box-botao\">\n          <a class=\"btn-assinatura\" target=\"_blank\" href=\"https:\/\/www.estrategiaconcursos.com.br\/cursosPorConcurso\/sefaz-am-247\/\" role=\"button\" rel=\"noopener noreferrer\">Conhe\u00e7a mais<\/a>\n        <\/div>\n      <\/div>\n    \n    <\/div>\n\n  <\/div>\n<\/div>\n\n\n\n<h2 class=\"wp-block-heading\" id=\"situacao\">Edital Sefaz AM: situa\u00e7\u00e3o atual<\/h2>\n\n\n\n<h3 class=\"wp-block-heading\" id=\"datas\">Principais datas<\/h3>\n\n\n\n<ul class=\"wp-block-list\"><li><strong>Inscri\u00e7\u00f5es:<\/strong> <s>14\/02 a 14\/03\/22<\/s><\/li><li><strong>Isen\u00e7\u00e3o da taxa:<\/strong> <s>14 a 16\/02<\/s><\/li><li><strong>Pagamento da taxa:\u00a0<\/strong><s>at\u00e9 15\/03<\/s><\/li><li><strong>Data da prova:<\/strong> 07 e 08\/05<\/li><\/ul>\n\n\n\n<h2 class=\"wp-block-heading\" id=\"vagas\">Distribui\u00e7\u00e3o das vagas do edital Sefaz AM<\/h2>\n\n\n\n<h3 class=\"wp-block-heading\" id=\"medio\">N\u00edvel m\u00e9dio<\/h3>\n\n\n\n<ul class=\"wp-block-list\"><li><strong>50 vagas + CR<\/strong>: Assistente Administrativo da Fazenda Estadual \u2013 AAFE (<strong>R$ 5.000,00<\/strong>);<\/li><\/ul>\n\n\n\n<h3 class=\"wp-block-heading\" id=\"superior\">N\u00edvel superior<\/h3>\n\n\n\n<ul class=\"wp-block-list\"><li><strong>60 vagas + CR:&nbsp;<\/strong>Auditor Fiscal de Tributos Estaduais (<strong>R$ 23.548,96<\/strong>);<\/li><li><strong>25 vagas + CR:<\/strong>&nbsp;Auditor de Finan\u00e7as e Controle do Tesouro Estadual (<strong>R$ 18.866,37<\/strong>);<\/li><li><strong>15 vagas + CR:<\/strong>&nbsp;Analista de Tecnologia da Informa\u00e7\u00e3o da Fazenda Estadual (<strong>R$ 18.866,37<\/strong>);<\/li><li><strong>25 vagas + CR:<\/strong>&nbsp;T\u00e9cnico de Arrecada\u00e7\u00e3o de Tributos Estaduais (<strong>R$ 15.307,60<\/strong>); e<\/li><li><strong>35 vagas + CR:<\/strong>&nbsp;T\u00e9cnico da Fazenda Estadual (<strong>R$ 12.258,71<\/strong>).<\/li><\/ul>\n\n\n\n<h2 class=\"wp-block-heading\" id=\"objetiva\">Etapas do edital Sefaz AM<\/h2>\n\n\n\n<p>Os candidatos ser\u00e3o avaliados somente por prova Objetiva, a ser realizada na capital,&nbsp;<strong>Manaus\/AM<\/strong>.<\/p>\n\n\n\n<ul class=\"wp-block-list\"><li><strong>a)&nbsp;<\/strong>uma&nbsp;<strong>Prova Objetiva<\/strong>, de car\u00e1ter eliminat\u00f3rio e classificat\u00f3rio, para o cargo de n\u00edvel m\u00e9dio;<\/li><li><strong>b)<\/strong>&nbsp;duas&nbsp;<strong>Provas Objetivas<\/strong>, de car\u00e1ter eliminat\u00f3rio e classificat\u00f3rio, para todos os cargos de n\u00edvel superior.<\/li><\/ul>\n\n\n\n<p><strong>Assistente Administrativo da Fazenda Estadual<\/strong><\/p>\n\n\n\n<ul class=\"wp-block-list\"><li>L\u00edngua Portuguesa<\/li><li>Racioc\u00ednio L\u00f3gico<\/li><li>No\u00e7\u00f5es de TI<\/li><\/ul>\n\n\n\n<p><strong>Conhecimentos espec\u00edficos<\/strong><\/p>\n\n\n\n<ul class=\"wp-block-list\"><li>Contabilidade Geral<\/li><li>Administra\u00e7\u00e3o Geral<\/li><li>No\u00e7\u00f5es de ADM, Financeira e Or\u00e7ament\u00e1ria<\/li><li>No\u00e7\u00f5es de Dir. Administrativo<\/li><li>No\u00e7\u00f5es de Dir. Constitucional<\/li><li>No\u00e7\u00f5es de Direito Tribut\u00e1rio<\/li><\/ul>\n\n\n\n<hr class=\"wp-block-separator\"\/>\n\n\n\n<p><strong>Auditor Fiscal de Tributos Estaduais<\/strong><\/p>\n\n\n\n<ul class=\"wp-block-list\"><li>L\u00edngua Portuguesa<\/li><li>Racioc\u00ednio L\u00f3gico Matem\u00e1tico<\/li><li>Mat. Financeira\/Estat\u00edstica<\/li><li>Direito Constitucional<\/li><li>Direito Administrativo<\/li><li>Direito Civil<\/li><li>Direito Penal<\/li><li>Direito Empresarial<\/li><\/ul>\n\n\n\n<ul class=\"wp-block-list\"><li><strong>Conhecimentos espec\u00edficos<\/strong><\/li><li>Contabilidade Geral<\/li><li>Contabilidade Avan\u00e7ada<\/li><li>Contabilidade de Custos<\/li><li>An\u00e1lise de Dados<\/li><li>Auditoria Fiscal<\/li><li>Direito Tribut\u00e1rio<\/li><li>Legisla\u00e7\u00e3o Espec\u00edfica AM<\/li><\/ul>\n\n\n\n<hr class=\"wp-block-separator\"\/>\n\n\n\n<p><strong>Auditor de Finan\u00e7as e Controle do Tesouro Estadual<\/strong><\/p>\n\n\n\n<ul class=\"wp-block-list\"><li>L\u00edngua Portuguesa<\/li><li>Administra\u00e7\u00e3o P\u00fablica<\/li><li>Direito Constitucional<\/li><li>Direito Administrativo<\/li><li>Direito Tribut\u00e1rio<\/li><li>Sistema Normativo Anticorrup\u00e7\u00e3o<\/li><li>An\u00e1lise das Demonstra\u00e7\u00f5es Cont\u00e1beis<\/li><\/ul>\n\n\n\n<p><strong>Conhecimentos espec\u00edficos<\/strong><\/p>\n\n\n\n<ul class=\"wp-block-list\"><li>Contabilidade Geral<\/li><li>Contabilidade de Custos<\/li><li>Contabilidade Aplicada ao Setor P\u00fablico<\/li><li>An\u00e1lise de Dados<\/li><li>Administra\u00e7\u00e3o Financeira e Or\u00e7ament\u00e1ria<\/li><li>Finan\u00e7as P\u00fablicas<\/li><li>Auditoria Governamental<\/li><\/ul>\n\n\n\n<hr class=\"wp-block-separator\"\/>\n\n\n\n<p><strong>Analista de Tecnologia da Informa\u00e7\u00e3o da Fazenda Estadual<\/strong><\/p>\n\n\n\n<ul class=\"wp-block-list\"><li>L\u00edngua Portuguesa<\/li><li>No\u00e7\u00f5es de Direito Constitucional<\/li><li>No\u00e7\u00f5es de Direito Administrativo<\/li><li>Gest\u00e3o de Contratos \/Desenvolvimento de Projetos\/Demandas<\/li><li>Governan\u00e7a e Gest\u00e3o de Tecnologia da Informa\u00e7\u00e3o<\/li><li>Banco de Dados e Gest\u00e3o da Informa\u00e7\u00e3o<\/li><li>Seguran\u00e7a da Informa\u00e7\u00e3o, de Datacenter, de Dispositivos e Disponibilidade<\/li><li>An\u00e1lise, Desenho e Automa\u00e7\u00e3o de Processos e Engenharia de Software<\/li><\/ul>\n\n\n\n<p><strong>Conhecimentos espec\u00edficos<\/strong><\/p>\n\n\n\n<ul class=\"wp-block-list\"><li>Arquitetura de Desenvolvimento de Software 20 2 40<\/li><li>Nuvem Computacional 06 2 12<\/li><li>Big Data &amp; Analytics<\/li><li>Business Intelligence<\/li><li>Intelig\u00eancia Artificial<\/li><li>Rede de Computadores<\/li><li>Virtualiza\u00e7\u00e3o de Servidores<\/li><li>Sistemas Distribu\u00eddos<\/li><li>DevOps<\/li><\/ul>\n\n\n\n<hr class=\"wp-block-separator\"\/>\n\n\n\n<p><strong>T\u00e9cnico de Arrecada\u00e7\u00e3o de Tributos Estaduais<\/strong><\/p>\n\n\n\n<ul class=\"wp-block-list\"><li>L\u00edngua Portuguesa<\/li><li>Racioc\u00ednio L\u00f3gico-matem\u00e1tico<\/li><li>Matem\u00e1tica Financeira\/Estat\u00edstica<\/li><li>Direito Administrativo<\/li><li>Direito Civil<\/li><li>Direito Constitucional<\/li><li>Direito Penal<\/li><li>Direito Empresarial<\/li><li>Finan\u00e7as P\u00fablicas<\/li><\/ul>\n\n\n\n<p><strong>Conhecimentos espec\u00edficos<\/strong><\/p>\n\n\n\n<ul class=\"wp-block-list\"><li>Contabilidade Geral<\/li><li>Contabilidade Avan\u00e7ada<\/li><li>Auditoria <\/li><li>An\u00e1lise de Dados<\/li><li>Economia<\/li><li>Direito Tribut\u00e1rio<\/li><li>Legisla\u00e7\u00e3o Espec\u00edfica AM<\/li><\/ul>\n\n\n\n<hr class=\"wp-block-separator\"\/>\n\n\n\n<p><strong>T\u00e9cnico da Fazenda Estadual<\/strong><\/p>\n\n\n\n<ul class=\"wp-block-list\"><li>L\u00edngua Portuguesa<\/li><li>Racioc\u00ednio L\u00f3gico-Matem\u00e1tico<\/li><li>Direito Constitucional<\/li><li>Direito Administrativo\/Sistema Normativo Anticorrup\u00e7\u00e3o<\/li><li>Direito Civil<\/li><li>Direito Empresarial<\/li><li>Direito Penal<\/li><\/ul>\n\n\n\n<p><strong>Conhecimentos espec\u00edficos<\/strong><\/p>\n\n\n\n<ul class=\"wp-block-list\"><li>Contabilidade Geral<\/li><li>Contabilidade Aplicada ao Setor P\u00fablico<\/li><li>Administra\u00e7\u00e3o Financeira e Or\u00e7ament\u00e1ria<\/li><li>An\u00e1lise de Dados<\/li><li>Direito Tribut\u00e1rio<\/li><li>Legisla\u00e7\u00e3o Espec\u00edfica AM<\/li><\/ul>\n\n\n\n<h2 class=\"wp-block-heading\" id=\"estrategico\">Edital Estrat\u00e9gico: Concurso Sefaz AM<\/h2>\n\n\n\n<p><strong>O que \u00e9 o Edital Estrat\u00e9gico?<\/strong>&nbsp;Trata-se de uma planilha com recursos para ajud\u00e1-los no registro das diferentes tarefas de estudo: teoria, revis\u00e3o e exerc\u00edcios. O registro de cada tarefa ser\u00e1 feito para cada assunto exigido no conte\u00fado program\u00e1tico do edital.<\/p>\n\n\n\n<ul class=\"wp-block-list\"><li><strong><a href=\"https:\/\/www.estrategiaconcursos.com.br\/blog\/edital-estrategico-concurso-sefaz-am\/\" target=\"_blank\" rel=\"noreferrer noopener\">Edital Estrat\u00e9gico Sefaz AM<\/a><\/strong><\/li><\/ul>\n\n\n\n<h2 class=\"wp-block-heading\" id=\"guia\">Concurso Sefaz AM: Guia de Estudos<\/h2>\n\n\n\n<p>Os&nbsp;<em>Guias&nbsp;<\/em>s\u00e3o artigos postados no site do Estrat\u00e9gia Concursos com links para Cadernos de Quest\u00f5es, por disciplina, customizados de acordo com o conte\u00fado program\u00e1tico do edital.<\/p>\n\n\n\n<ul class=\"wp-block-list\"><li><strong><a href=\"https:\/\/www.estrategiaconcursos.com.br\/blog\/guia-de-estudos-sefaz-am\/\" target=\"_blank\" rel=\"noreferrer noopener\">Guia de Estudos Sefaz AM<\/a><\/strong><\/li><\/ul>\n\n\n\n<h2 class=\"wp-block-heading\" id=\"vade\">Concurso Sefaz AM: Vade Mecum <\/h2>\n\n\n\n<p>Nosso Vade Mecum traz uma compila\u00e7\u00e3o das principais normas do concurso. Esse material de consulta pode ser utilizado em toda a sua prepara\u00e7\u00e3o, sendo o seu companheiro sempre que voc\u00ea estiver assistindo nossas videoaulas ou lendo os nossos livros digitais (PDFs).<\/p>\n\n\n\n<ul class=\"wp-block-list\"><li><strong><a href=\"https:\/\/gratis.estrategiaconcursos.com.br\/vade-mecuns-sefaz-am\/\" target=\"_blank\" rel=\"noreferrer noopener\">Vade Mecum Sefaz AM<\/a><\/strong><\/li><\/ul>\n\n\n\n<p class=\"has-text-align-center has-cyan-bluish-gray-background-color has-background\" style=\"font-size:clamp(14px, 0.875rem + ((1vw - 3.2px) * 0.392), 18px);\"><strong>Mais informa\u00e7\u00f5es: <a href=\"\/\/www.estrategiaconcursos.com.br\/blog\/concurso-sefaz-am\/\" target=\"_blank\" rel=\"noreferrer noopener\">Concurso Sefaz AM<\/a><\/strong><\/p>\n\n\n\n<hr class=\"wp-block-separator\"\/>\n\n\n\n<h2 class=\"has-text-align-center wp-block-heading\" id=\"cursos\">Quer estudar para o edital Sefaz AM?<\/h2>\n\n\n\n<div class=\"container\" id=\"boxes\">\n  <div class=\"row\">\n\n    <div class=\"col-sm\">\n      <div class=\"banner-fiscal-01\" id=\"box-assinatura\">\n        <h3 class=\"titulo-assinatura\">Concurso Sefaz AM<\/h3>\n        <p class=\"subtitulo-assinatura\">Conhe\u00e7a os cursos<\/p>\n        <div class=\"box-botao\">\n          <a class=\"btn-assinatura\" target=\"_blank\" href=\"https:\/\/www.estrategiaconcursos.com.br\/cursosPorConcurso\/sefaz-am-247\/\" role=\"button\" rel=\"noopener noreferrer\">Conhe\u00e7a mais<\/a>\n        <\/div>\n      <\/div>\n    \n    <\/div>\n\n  <\/div>\n<\/div>\n\n\n\n<div class=\"container\" id=\"boxes\">\n  <div class=\"row\">\n\n    <div class=\"col-sm\">\n      <div class=\"estrategia\" id=\"box-assinatura\">\n        <h3 class=\"titulo-assinatura\">Assinatura Concursos<\/h3>\n        <p class=\"subtitulo-assinatura\">Assinatura de 1 ano ou 2 anos<\/p>\n        <div class=\"box-botao\">\n          <a class=\"btn-assinatura\" target=\"_blank\" href=\"https:\/\/www.estrategiaconcursos.com.br\/assinaturas\/\" role=\"button\" rel=\"noopener noreferrer\">ASSINE AGORA<\/a>\n        <\/div>\n      <\/div>\n     \n    <\/div><\/div><\/div>\n\n\n\n<h2 class=\"has-text-align-center wp-block-heading\" id=\"h-quer-saber-tudo-sobre-concursos-previstos-confira-nossos-artigos\">Quer saber tudo sobre concursos previstos?<br \/>Confira nossos artigos!<\/h2>\n\n\n\n<ul class=\"wp-block-list\"><li><a href=\"https:\/\/www.estrategiaconcursos.com.br\/blog\/concursos-abertos\/\" target=\"_blank\" rel=\"noreferrer noopener\">Concursos abertos<\/a><\/li><li><a href=\"https:\/\/www.estrategiaconcursos.com.br\/blog\/concursos-2022\/\" target=\"_blank\" rel=\"noreferrer noopener\">Concursos 2022<\/a><\/li><\/ul>\n\n\n\n<figure class=\"wp-block-image is-resized\"><img loading=\"lazy\" decoding=\"async\" src=\"https:\/\/dhg1h5j42swfq.cloudfront.net\/2021\/04\/06153947\/ficha-tecnica-1-1024x632-1.png\" alt=\"Informa\u00e7\u00f5es do edital Sefaz AM\" class=\"wp-image-708668\" width=\"269\" height=\"166\" srcset=\"https:\/\/dhg1h5j42swfq.cloudfront.net\/2021\/04\/06153947\/ficha-tecnica-1-1024x632-1.png 1024w, https:\/\/dhg1h5j42swfq.cloudfront.net\/2021\/04\/06153947\/ficha-tecnica-1-1024x632-1-300x185.png 300w, https:\/\/dhg1h5j42swfq.cloudfront.net\/2021\/04\/06153947\/ficha-tecnica-1-1024x632-1-768x474.png 768w, https:\/\/dhg1h5j42swfq.cloudfront.net\/2021\/04\/06153947\/ficha-tecnica-1-1024x632-1-610x376.png 610w\" sizes=\"auto, (max-width: 269px) 100vw, 269px\" \/><\/figure>\n\n\n\n<h3 class=\"wp-block-heading\" id=\"ficha\"><strong>Informa\u00e7\u00f5es do concurso Sefaz AM<\/strong><\/h3>\n\n\n\n<ul class=\"wp-block-list\"><li><strong>Data da prova<\/strong>: 07 e 08\/05<\/li><li><strong>Vagas<\/strong>: 210 + CR<\/li><li><strong>Cargos<\/strong>: V\u00e1rios<\/li><li><strong>Banca<\/strong>:&nbsp;FGV<\/li><li><strong>Escolaridade<\/strong>: N\u00edveis m\u00e9dio e superior<\/li><li><strong>Edital<\/strong>:&nbsp;<a href=\"https:\/\/dhg1h5j42swfq.cloudfront.net\/2022\/02\/07173330\/edital_de_abertura_sefaz-am-0702-2.pdf\" target=\"_blank\" rel=\"noreferrer noopener nofollow\">Sefaz AM 2022<\/a><\/li><li><strong>Retifica\u00e7\u00f5es: <\/strong><a href=\"https:\/\/dhg1h5j42swfq.cloudfront.net\/2022\/02\/15143448\/1a_retificacao_edital_08-02.pdf\" target=\"_blank\" rel=\"noreferrer noopener nofollow\">Retifica\u00e7\u00e3o I<\/a> | <a href=\"https:\/\/dhg1h5j42swfq.cloudfront.net\/2022\/02\/15143444\/2a_retificacao_edital_15-02-2022.pdf\" target=\"_blank\" rel=\"noreferrer noopener nofollow\">Retifica\u00e7\u00e3o II<\/a> | <a href=\"https:\/\/dhg1h5j42swfq.cloudfront.net\/2022\/03\/07145741\/3a_retificacao_edital_07-03-2022.pdf\" target=\"_blank\" rel=\"noreferrer noopener nofollow\">Retifica\u00e7\u00e3o III<\/a> | <a href=\"https:\/\/dhg1h5j42swfq.cloudfront.net\/2022\/03\/14161104\/4a_retificacao_edital_14-03.pdf\" target=\"_blank\" rel=\"noreferrer noopener nofollow\">Retifica\u00e7\u00e3o IV<\/a><\/li><\/ul>\n","protected":false},"excerpt":{"rendered":"<p>O edital do&nbsp;concurso Sefaz AM&nbsp;(Secretaria da Fazenda do Amazonas) oferta 210 vagas, al\u00e9m de oportunidades para forma\u00e7\u00e3o de cadastro de reserva. As oportunidades exigem n\u00edveis m\u00e9dio e superior de escolaridade. Com isso, os interessados puderam se inscrever at\u00e9 o dia 14 de mar\u00e7o, diretamente pelo site da banca FGV. Secretaria de Estado da Fazenda do [&hellip;]<\/p>\n","protected":false},"author":1483,"featured_media":729964,"comment_status":"open","ping_status":"closed","sticky":false,"template":"","format":"standard","meta":{"post_tipo":"news","footnotes":""},"categories":[1983,220219],"tags":[],"tax_estado":[219966],"class_list":["post-940124","post","type-post","status-publish","format-standard","has-post-thumbnail","hentry","category-fiscal-estadual","category-noticias","tax_estado-am"],"acf":[],"yoast_head":"<!-- This site is optimized with the Yoast SEO Premium plugin v27.2 (Yoast SEO v27.2) - https:\/\/yoast.com\/product\/yoast-seo-premium-wordpress\/ -->\n<title>EDITAL Sefaz AM: Inscri\u00e7\u00f5es encerradas para 210 vagas!<\/title>\n<meta name=\"description\" content=\"PUBLICADO edital do\u00a0concurso Sefaz AM. Ao todo, 210 vagas\u00a0s\u00e3o ofertadas + CR. Provas ser\u00e3o aplicadas em 07 e 08 de maio. Confira!\" \/>\n<meta name=\"robots\" content=\"index, follow, max-snippet:-1, max-image-preview:large, max-video-preview:-1\" \/>\n<link rel=\"canonical\" href=\"https:\/\/www.estrategiaconcursos.com.br\/blog\/edital-sefaz-am\/\" \/>\n<meta property=\"og:locale\" content=\"pt_BR\" \/>\n<meta property=\"og:type\" content=\"article\" \/>\n<meta property=\"og:title\" content=\"EDITAL Sefaz AM: Inscri\u00e7\u00f5es encerradas para 210 vagas!\" \/>\n<meta property=\"og:description\" content=\"PUBLICADO edital do\u00a0concurso Sefaz AM. Ao todo, 210 vagas\u00a0s\u00e3o ofertadas + CR. Provas ser\u00e3o aplicadas em 07 e 08 de maio. Confira!\" \/>\n<meta property=\"og:url\" content=\"https:\/\/www.estrategiaconcursos.com.br\/blog\/edital-sefaz-am\/\" \/>\n<meta property=\"og:site_name\" content=\"Estrat\u00e9gia Concursos\" \/>\n<meta property=\"article:published_time\" content=\"2022-03-14T19:00:00+00:00\" \/>\n<meta property=\"article:modified_time\" content=\"2022-03-19T14:13:49+00:00\" \/>\n<meta property=\"og:image\" content=\"https:\/\/dhg1h5j42swfq.cloudfront.net\/2021\/04\/03153919\/sefaz-am.jpg\" \/>\n\t<meta property=\"og:image:width\" content=\"768\" \/>\n\t<meta property=\"og:image:height\" content=\"432\" \/>\n\t<meta property=\"og:image:type\" content=\"image\/jpeg\" \/>\n<meta name=\"author\" content=\"Diogo Mendes\" \/>\n<meta name=\"twitter:card\" content=\"summary_large_image\" \/>\n<meta name=\"twitter:creator\" content=\"@EstratConcursos\" \/>\n<meta name=\"twitter:site\" content=\"@EstratConcursos\" \/>\n<meta name=\"twitter:label1\" content=\"Escrito por\" \/>\n\t<meta name=\"twitter:data1\" content=\"Diogo Mendes\" \/>\n\t<meta name=\"twitter:label2\" content=\"Est. tempo de leitura\" \/>\n\t<meta name=\"twitter:data2\" content=\"5 minutos\" \/>\n<script type=\"application\/ld+json\" class=\"yoast-schema-graph\">{\"@context\":\"https:\/\/schema.org\",\"@graph\":[{\"@type\":\"NewsArticle\",\"@id\":\"https:\/\/www.estrategiaconcursos.com.br\/blog\/edital-sefaz-am\/#article\",\"isPartOf\":{\"@id\":\"https:\/\/www.estrategiaconcursos.com.br\/blog\/edital-sefaz-am\/\"},\"author\":{\"name\":\"Diogo Mendes\",\"@id\":\"https:\/\/www.estrategiaconcursos.com.br\/blog\/#\/schema\/person\/cc9e76173880338ce9f656c88664a1f6\"},\"headline\":\"EDITAL Sefaz AM: Inscri\u00e7\u00f5es encerradas para 210 vagas!\",\"datePublished\":\"2022-03-14T19:00:00+00:00\",\"dateModified\":\"2022-03-19T14:13:49+00:00\",\"mainEntityOfPage\":{\"@id\":\"https:\/\/www.estrategiaconcursos.com.br\/blog\/edital-sefaz-am\/\"},\"wordCount\":910,\"commentCount\":0,\"publisher\":{\"@id\":\"https:\/\/www.estrategiaconcursos.com.br\/blog\/#organization\"},\"image\":{\"@id\":\"https:\/\/www.estrategiaconcursos.com.br\/blog\/edital-sefaz-am\/#primaryimage\"},\"thumbnailUrl\":\"https:\/\/dhg1h5j42swfq.cloudfront.net\/2021\/04\/03153919\/sefaz-am.jpg\",\"articleSection\":[\"Fiscal - Estadual (ICMS)\",\"\u00daltimas not\u00edcias\"],\"inLanguage\":\"pt-BR\",\"potentialAction\":[{\"@type\":\"CommentAction\",\"name\":\"Comment\",\"target\":[\"https:\/\/www.estrategiaconcursos.com.br\/blog\/edital-sefaz-am\/#respond\"]}],\"copyrightYear\":\"2022\",\"copyrightHolder\":{\"@id\":\"https:\/\/www.estrategiaconcursos.com.br\/blog\/#organization\"}},{\"@type\":\"WebPage\",\"@id\":\"https:\/\/www.estrategiaconcursos.com.br\/blog\/edital-sefaz-am\/\",\"url\":\"https:\/\/www.estrategiaconcursos.com.br\/blog\/edital-sefaz-am\/\",\"name\":\"EDITAL Sefaz AM: Inscri\u00e7\u00f5es encerradas para 210 vagas!\",\"isPartOf\":{\"@id\":\"https:\/\/www.estrategiaconcursos.com.br\/blog\/#website\"},\"primaryImageOfPage\":{\"@id\":\"https:\/\/www.estrategiaconcursos.com.br\/blog\/edital-sefaz-am\/#primaryimage\"},\"image\":{\"@id\":\"https:\/\/www.estrategiaconcursos.com.br\/blog\/edital-sefaz-am\/#primaryimage\"},\"thumbnailUrl\":\"https:\/\/dhg1h5j42swfq.cloudfront.net\/2021\/04\/03153919\/sefaz-am.jpg\",\"datePublished\":\"2022-03-14T19:00:00+00:00\",\"dateModified\":\"2022-03-19T14:13:49+00:00\",\"description\":\"PUBLICADO edital do\u00a0concurso Sefaz AM. Ao todo, 210 vagas\u00a0s\u00e3o ofertadas + CR. Provas ser\u00e3o aplicadas em 07 e 08 de maio. Confira!\",\"breadcrumb\":{\"@id\":\"https:\/\/www.estrategiaconcursos.com.br\/blog\/edital-sefaz-am\/#breadcrumb\"},\"inLanguage\":\"pt-BR\",\"potentialAction\":[{\"@type\":\"ReadAction\",\"target\":[\"https:\/\/www.estrategiaconcursos.com.br\/blog\/edital-sefaz-am\/\"]}]},{\"@type\":\"ImageObject\",\"inLanguage\":\"pt-BR\",\"@id\":\"https:\/\/www.estrategiaconcursos.com.br\/blog\/edital-sefaz-am\/#primaryimage\",\"url\":\"https:\/\/dhg1h5j42swfq.cloudfront.net\/2021\/04\/03153919\/sefaz-am.jpg\",\"contentUrl\":\"https:\/\/dhg1h5j42swfq.cloudfront.net\/2021\/04\/03153919\/sefaz-am.jpg\",\"width\":768,\"height\":432,\"caption\":\"Inscritos Sefaz AM\"},{\"@type\":\"BreadcrumbList\",\"@id\":\"https:\/\/www.estrategiaconcursos.com.br\/blog\/edital-sefaz-am\/#breadcrumb\",\"itemListElement\":[{\"@type\":\"ListItem\",\"position\":1,\"name\":\"In\u00edcio\",\"item\":\"https:\/\/www.estrategiaconcursos.com.br\/blog\/\"},{\"@type\":\"ListItem\",\"position\":2,\"name\":\"EDITAL Sefaz AM: Inscri\u00e7\u00f5es encerradas para 210 vagas!\"}]},{\"@type\":\"WebSite\",\"@id\":\"https:\/\/www.estrategiaconcursos.com.br\/blog\/#website\",\"url\":\"https:\/\/www.estrategiaconcursos.com.br\/blog\/\",\"name\":\"Estrat\u00e9gia Concursos\",\"description\":\"O blog da Estrat\u00e9gia Concursos traz not\u00edcias sobre concursos e artigos de professores oferecendo cursos para concursos (pdf + videaulas) no site.\",\"publisher\":{\"@id\":\"https:\/\/www.estrategiaconcursos.com.br\/blog\/#organization\"},\"potentialAction\":[{\"@type\":\"SearchAction\",\"target\":{\"@type\":\"EntryPoint\",\"urlTemplate\":\"https:\/\/www.estrategiaconcursos.com.br\/blog\/?s={search_term_string}\"},\"query-input\":{\"@type\":\"PropertyValueSpecification\",\"valueRequired\":true,\"valueName\":\"search_term_string\"}}],\"inLanguage\":\"pt-BR\"},{\"@type\":\"Organization\",\"@id\":\"https:\/\/www.estrategiaconcursos.com.br\/blog\/#organization\",\"name\":\"Estrat\u00e9gia Concursos\",\"url\":\"https:\/\/www.estrategiaconcursos.com.br\/blog\/\",\"logo\":{\"@type\":\"ImageObject\",\"inLanguage\":\"pt-BR\",\"@id\":\"https:\/\/www.estrategiaconcursos.com.br\/blog\/#\/schema\/logo\/image\/\",\"url\":\"https:\/\/dhg1h5j42swfq.cloudfront.net\/2025\/06\/03203428\/logo_concursos-1.jpg\",\"contentUrl\":\"https:\/\/dhg1h5j42swfq.cloudfront.net\/2025\/06\/03203428\/logo_concursos-1.jpg\",\"width\":230,\"height\":60,\"caption\":\"Estrat\u00e9gia Concursos\"},\"image\":{\"@id\":\"https:\/\/www.estrategiaconcursos.com.br\/blog\/#\/schema\/logo\/image\/\"},\"sameAs\":[\"https:\/\/x.com\/EstratConcursos\"]},{\"@type\":\"Person\",\"@id\":\"https:\/\/www.estrategiaconcursos.com.br\/blog\/#\/schema\/person\/cc9e76173880338ce9f656c88664a1f6\",\"name\":\"Diogo Mendes\",\"image\":{\"@type\":\"ImageObject\",\"inLanguage\":\"pt-BR\",\"@id\":\"https:\/\/secure.gravatar.com\/avatar\/9754d6777d460a45ef4067b586b94c32005cc2345a0404b8d96adc620cf63806?s=96&d=mm&r=g\",\"url\":\"https:\/\/secure.gravatar.com\/avatar\/9754d6777d460a45ef4067b586b94c32005cc2345a0404b8d96adc620cf63806?s=96&d=mm&r=g\",\"contentUrl\":\"https:\/\/secure.gravatar.com\/avatar\/9754d6777d460a45ef4067b586b94c32005cc2345a0404b8d96adc620cf63806?s=96&d=mm&r=g\",\"caption\":\"Diogo Mendes\"},\"description\":\"Diogo Mendes \u00e9 jornalista formado pela Universidade Paulista, com experi\u00eancia em reda\u00e7\u00f5es de diversos ve\u00edculos e na produ\u00e7\u00e3o de conte\u00fados especializados em concursos p\u00fablicos. Desde 2019, atua no Estrat\u00e9gia Concursos como Jornalista e Analista de Conte\u00fado, com foco na apura\u00e7\u00e3o de informa\u00e7\u00f5es junto a \u00f3rg\u00e3os e fontes oficiais. Dedica-se especialmente \u00e0 produ\u00e7\u00e3o de not\u00edcias e reportagens sobre Concursos Legislativos, al\u00e9m de acompanhar diariamente os concursos policiais, banc\u00e1rios e da \u00e1rea da sa\u00fade.\",\"url\":\"https:\/\/www.estrategiaconcursos.com.br\/blog\/author\/diogo-mendesestrategiaconcursos-com-br\/\"}]}<\/script>\n<!-- \/ Yoast SEO Premium plugin. -->","yoast_head_json":{"title":"EDITAL Sefaz AM: Inscri\u00e7\u00f5es encerradas para 210 vagas!","description":"PUBLICADO edital do\u00a0concurso Sefaz AM. Ao todo, 210 vagas\u00a0s\u00e3o ofertadas + CR. Provas ser\u00e3o aplicadas em 07 e 08 de maio. Confira!","robots":{"index":"index","follow":"follow","max-snippet":"max-snippet:-1","max-image-preview":"max-image-preview:large","max-video-preview":"max-video-preview:-1"},"canonical":"https:\/\/www.estrategiaconcursos.com.br\/blog\/edital-sefaz-am\/","og_locale":"pt_BR","og_type":"article","og_title":"EDITAL Sefaz AM: Inscri\u00e7\u00f5es encerradas para 210 vagas!","og_description":"PUBLICADO edital do\u00a0concurso Sefaz AM. Ao todo, 210 vagas\u00a0s\u00e3o ofertadas + CR. Provas ser\u00e3o aplicadas em 07 e 08 de maio. Confira!","og_url":"https:\/\/www.estrategiaconcursos.com.br\/blog\/edital-sefaz-am\/","og_site_name":"Estrat\u00e9gia Concursos","article_published_time":"2022-03-14T19:00:00+00:00","article_modified_time":"2022-03-19T14:13:49+00:00","og_image":[{"width":768,"height":432,"url":"https:\/\/dhg1h5j42swfq.cloudfront.net\/2021\/04\/03153919\/sefaz-am.jpg","type":"image\/jpeg"}],"author":"Diogo Mendes","twitter_card":"summary_large_image","twitter_creator":"@EstratConcursos","twitter_site":"@EstratConcursos","twitter_misc":{"Escrito por":"Diogo Mendes","Est. tempo de leitura":"5 minutos"},"schema":{"@context":"https:\/\/schema.org","@graph":[{"@type":"NewsArticle","@id":"https:\/\/www.estrategiaconcursos.com.br\/blog\/edital-sefaz-am\/#article","isPartOf":{"@id":"https:\/\/www.estrategiaconcursos.com.br\/blog\/edital-sefaz-am\/"},"author":{"name":"Diogo Mendes","@id":"https:\/\/www.estrategiaconcursos.com.br\/blog\/#\/schema\/person\/cc9e76173880338ce9f656c88664a1f6"},"headline":"EDITAL Sefaz AM: Inscri\u00e7\u00f5es encerradas para 210 vagas!","datePublished":"2022-03-14T19:00:00+00:00","dateModified":"2022-03-19T14:13:49+00:00","mainEntityOfPage":{"@id":"https:\/\/www.estrategiaconcursos.com.br\/blog\/edital-sefaz-am\/"},"wordCount":910,"commentCount":0,"publisher":{"@id":"https:\/\/www.estrategiaconcursos.com.br\/blog\/#organization"},"image":{"@id":"https:\/\/www.estrategiaconcursos.com.br\/blog\/edital-sefaz-am\/#primaryimage"},"thumbnailUrl":"https:\/\/dhg1h5j42swfq.cloudfront.net\/2021\/04\/03153919\/sefaz-am.jpg","articleSection":["Fiscal - Estadual (ICMS)","\u00daltimas not\u00edcias"],"inLanguage":"pt-BR","potentialAction":[{"@type":"CommentAction","name":"Comment","target":["https:\/\/www.estrategiaconcursos.com.br\/blog\/edital-sefaz-am\/#respond"]}],"copyrightYear":"2022","copyrightHolder":{"@id":"https:\/\/www.estrategiaconcursos.com.br\/blog\/#organization"}},{"@type":"WebPage","@id":"https:\/\/www.estrategiaconcursos.com.br\/blog\/edital-sefaz-am\/","url":"https:\/\/www.estrategiaconcursos.com.br\/blog\/edital-sefaz-am\/","name":"EDITAL Sefaz AM: Inscri\u00e7\u00f5es encerradas para 210 vagas!","isPartOf":{"@id":"https:\/\/www.estrategiaconcursos.com.br\/blog\/#website"},"primaryImageOfPage":{"@id":"https:\/\/www.estrategiaconcursos.com.br\/blog\/edital-sefaz-am\/#primaryimage"},"image":{"@id":"https:\/\/www.estrategiaconcursos.com.br\/blog\/edital-sefaz-am\/#primaryimage"},"thumbnailUrl":"https:\/\/dhg1h5j42swfq.cloudfront.net\/2021\/04\/03153919\/sefaz-am.jpg","datePublished":"2022-03-14T19:00:00+00:00","dateModified":"2022-03-19T14:13:49+00:00","description":"PUBLICADO edital do\u00a0concurso Sefaz AM. Ao todo, 210 vagas\u00a0s\u00e3o ofertadas + CR. Provas ser\u00e3o aplicadas em 07 e 08 de maio. Confira!","breadcrumb":{"@id":"https:\/\/www.estrategiaconcursos.com.br\/blog\/edital-sefaz-am\/#breadcrumb"},"inLanguage":"pt-BR","potentialAction":[{"@type":"ReadAction","target":["https:\/\/www.estrategiaconcursos.com.br\/blog\/edital-sefaz-am\/"]}]},{"@type":"ImageObject","inLanguage":"pt-BR","@id":"https:\/\/www.estrategiaconcursos.com.br\/blog\/edital-sefaz-am\/#primaryimage","url":"https:\/\/dhg1h5j42swfq.cloudfront.net\/2021\/04\/03153919\/sefaz-am.jpg","contentUrl":"https:\/\/dhg1h5j42swfq.cloudfront.net\/2021\/04\/03153919\/sefaz-am.jpg","width":768,"height":432,"caption":"Inscritos Sefaz AM"},{"@type":"BreadcrumbList","@id":"https:\/\/www.estrategiaconcursos.com.br\/blog\/edital-sefaz-am\/#breadcrumb","itemListElement":[{"@type":"ListItem","position":1,"name":"In\u00edcio","item":"https:\/\/www.estrategiaconcursos.com.br\/blog\/"},{"@type":"ListItem","position":2,"name":"EDITAL Sefaz AM: Inscri\u00e7\u00f5es encerradas para 210 vagas!"}]},{"@type":"WebSite","@id":"https:\/\/www.estrategiaconcursos.com.br\/blog\/#website","url":"https:\/\/www.estrategiaconcursos.com.br\/blog\/","name":"Estrat\u00e9gia Concursos","description":"O blog da Estrat\u00e9gia Concursos traz not\u00edcias sobre concursos e artigos de professores oferecendo cursos para concursos (pdf + videaulas) no site.","publisher":{"@id":"https:\/\/www.estrategiaconcursos.com.br\/blog\/#organization"},"potentialAction":[{"@type":"SearchAction","target":{"@type":"EntryPoint","urlTemplate":"https:\/\/www.estrategiaconcursos.com.br\/blog\/?s={search_term_string}"},"query-input":{"@type":"PropertyValueSpecification","valueRequired":true,"valueName":"search_term_string"}}],"inLanguage":"pt-BR"},{"@type":"Organization","@id":"https:\/\/www.estrategiaconcursos.com.br\/blog\/#organization","name":"Estrat\u00e9gia Concursos","url":"https:\/\/www.estrategiaconcursos.com.br\/blog\/","logo":{"@type":"ImageObject","inLanguage":"pt-BR","@id":"https:\/\/www.estrategiaconcursos.com.br\/blog\/#\/schema\/logo\/image\/","url":"https:\/\/dhg1h5j42swfq.cloudfront.net\/2025\/06\/03203428\/logo_concursos-1.jpg","contentUrl":"https:\/\/dhg1h5j42swfq.cloudfront.net\/2025\/06\/03203428\/logo_concursos-1.jpg","width":230,"height":60,"caption":"Estrat\u00e9gia Concursos"},"image":{"@id":"https:\/\/www.estrategiaconcursos.com.br\/blog\/#\/schema\/logo\/image\/"},"sameAs":["https:\/\/x.com\/EstratConcursos"]},{"@type":"Person","@id":"https:\/\/www.estrategiaconcursos.com.br\/blog\/#\/schema\/person\/cc9e76173880338ce9f656c88664a1f6","name":"Diogo Mendes","image":{"@type":"ImageObject","inLanguage":"pt-BR","@id":"https:\/\/secure.gravatar.com\/avatar\/9754d6777d460a45ef4067b586b94c32005cc2345a0404b8d96adc620cf63806?s=96&d=mm&r=g","url":"https:\/\/secure.gravatar.com\/avatar\/9754d6777d460a45ef4067b586b94c32005cc2345a0404b8d96adc620cf63806?s=96&d=mm&r=g","contentUrl":"https:\/\/secure.gravatar.com\/avatar\/9754d6777d460a45ef4067b586b94c32005cc2345a0404b8d96adc620cf63806?s=96&d=mm&r=g","caption":"Diogo Mendes"},"description":"Diogo Mendes \u00e9 jornalista formado pela Universidade Paulista, com experi\u00eancia em reda\u00e7\u00f5es de diversos ve\u00edculos e na produ\u00e7\u00e3o de conte\u00fados especializados em concursos p\u00fablicos. Desde 2019, atua no Estrat\u00e9gia Concursos como Jornalista e Analista de Conte\u00fado, com foco na apura\u00e7\u00e3o de informa\u00e7\u00f5es junto a \u00f3rg\u00e3os e fontes oficiais. Dedica-se especialmente \u00e0 produ\u00e7\u00e3o de not\u00edcias e reportagens sobre Concursos Legislativos, al\u00e9m de acompanhar diariamente os concursos policiais, banc\u00e1rios e da \u00e1rea da sa\u00fade.","url":"https:\/\/www.estrategiaconcursos.com.br\/blog\/author\/diogo-mendesestrategiaconcursos-com-br\/"}]}},"_links":{"self":[{"href":"https:\/\/www.estrategiaconcursos.com.br\/blog\/wp-json\/wp\/v2\/posts\/940124","targetHints":{"allow":["GET"]}}],"collection":[{"href":"https:\/\/www.estrategiaconcursos.com.br\/blog\/wp-json\/wp\/v2\/posts"}],"about":[{"href":"https:\/\/www.estrategiaconcursos.com.br\/blog\/wp-json\/wp\/v2\/types\/post"}],"author":[{"embeddable":true,"href":"https:\/\/www.estrategiaconcursos.com.br\/blog\/wp-json\/wp\/v2\/users\/1483"}],"replies":[{"embeddable":true,"href":"https:\/\/www.estrategiaconcursos.com.br\/blog\/wp-json\/wp\/v2\/comments?post=940124"}],"version-history":[{"count":30,"href":"https:\/\/www.estrategiaconcursos.com.br\/blog\/wp-json\/wp\/v2\/posts\/940124\/revisions"}],"predecessor-version":[{"id":990767,"href":"https:\/\/www.estrategiaconcursos.com.br\/blog\/wp-json\/wp\/v2\/posts\/940124\/revisions\/990767"}],"wp:featuredmedia":[{"embeddable":true,"href":"https:\/\/www.estrategiaconcursos.com.br\/blog\/wp-json\/wp\/v2\/media\/729964"}],"wp:attachment":[{"href":"https:\/\/www.estrategiaconcursos.com.br\/blog\/wp-json\/wp\/v2\/media?parent=940124"}],"wp:term":[{"taxonomy":"category","embeddable":true,"href":"https:\/\/www.estrategiaconcursos.com.br\/blog\/wp-json\/wp\/v2\/categories?post=940124"},{"taxonomy":"post_tag","embeddable":true,"href":"https:\/\/www.estrategiaconcursos.com.br\/blog\/wp-json\/wp\/v2\/tags?post=940124"},{"taxonomy":"tax_estado","embeddable":true,"href":"https:\/\/www.estrategiaconcursos.com.br\/blog\/wp-json\/wp\/v2\/tax_estado?post=940124"}],"curies":[{"name":"wp","href":"https:\/\/api.w.org\/{rel}","templated":true}]}}