{"id":939668,"date":"2023-11-07T21:59:00","date_gmt":"2023-11-08T00:59:00","guid":{"rendered":"https:\/\/www.estrategiaconcursos.com.br\/blog\/?p=939668"},"modified":"2023-11-09T10:36:53","modified_gmt":"2023-11-09T13:36:53","slug":"concurso-secad-to","status":"publish","type":"post","link":"https:\/\/www.estrategiaconcursos.com.br\/blog\/concurso-secad-to\/","title":{"rendered":"Concurso SECAD TO: comiss\u00e3o formada! Saiba mais!"},"content":{"rendered":"\n<p>A <strong>Secretaria da Administra\u00e7\u00e3o do Estado do Tocantins (SECAD TO)<\/strong> publicou os nomes dos membros da comiss\u00e3o respons\u00e1vel pela an\u00e1lise de viabilidade do concurso p\u00fablico de provas e t\u00edtulos para o provimento dos Cargos do Poder Executivo do Estado do Tocantins. <\/p>\n\n\n\n<p>A Comiss\u00e3o est\u00e1 autorizada a convocar, a qualquer tempo, t\u00e9cnicos de quaisquer \u00e1reas de qualquer \u00d3rg\u00e3os e Entidades do Poder Executivo, para an\u00e1lise e emiss\u00e3o de pareceres t\u00e9cnicos quando necess\u00e1rio nos procedimentos administrativos pertinentes aos trabalhos da Comiss\u00e3o.<\/p>\n\n\n\n<p>Um novo certame estava previsto para 2022, mas por motivos desconhecidos acabou n\u00e3o acontecendo. <\/p>\n\n\n\n<ul class=\"has-very-light-gray-to-cyan-bluish-gray-gradient-background has-background wp-block-list\">\n<li><strong><\/strong><strong>Secretaria da Administra\u00e7\u00e3o do Estado do Tocantin<\/strong>s<\/li>\n\n\n\n<li><strong>Status:<\/strong>&nbsp;comiss\u00e3o formada<\/li>\n\n\n\n<li><strong>Banca:<\/strong>&nbsp;a definir<\/li>\n\n\n\n<li><strong>Vagas:<\/strong>&nbsp;a definir<\/li>\n\n\n\n<li><strong>\u00daltimo edital: <\/strong><a href=\"https:\/\/dhg1h5j42swfq.cloudfront.net\/2022\/01\/05114044\/edital-secad-to-2012.pdf\" target=\"_blank\" rel=\"noreferrer noopener nofollow\">SECAD TO&nbsp;2012<\/a><\/li>\n<\/ul>\n\n\n\n<p>A fim de te deixar sempre bem informado, elaboramos este artigo com as principais informa\u00e7\u00f5es e novidades sobre o concurso SECAD TO. Acompanhe os t\u00f3picos abaixo e n\u00e3o perca nenhum detalhe:<\/p>\n\n\n\n<ul class=\"wp-block-list\" id=\"indice\">\n<li><a href=\"#situacao\"><strong>Atual situa\u00e7\u00e3o do concurso<\/strong><\/a>\n<ul class=\"wp-block-list\">\n<li><a href=\"#comissao\">Comiss\u00e3o formada<\/a><\/li>\n<\/ul>\n<\/li>\n\n\n\n<li><a href=\"#ultimo\"><strong>\u00daltimo concurso<\/strong><\/a><ul><li><a href=\"#etapas\">Etapas de provas<\/a><\/li><\/ul><\/li>\n\n\n\n<li><ul><li><a href=\"#objetiva\">Prova objetiva<\/a><\/li><\/ul>\n<ul class=\"wp-block-list\">\n<li><a href=\"#prova-pratica\">Prova pr\u00e1tica<\/a><\/li>\n<\/ul>\n<\/li>\n\n\n\n<li><strong><a href=\"#cursos-assinatura\">Cursos e assinaturas<\/a> <\/strong><\/li>\n\n\n\n<li><a href=\"#ficha\"><strong>Ficha t\u00e9cnica<\/strong><\/a><\/li>\n<\/ul>\n\n\n\n<div class=\"container\" id=\"boxes\">\n  <div class=\"row\">\n\n    <div class=\"col-sm\">\n      <div class=\"banner-estrategia\" id=\"box-assinatura\">\n        <h3 class=\"titulo-assinatura\">Cursos para concursos<\/h3>\n        <p class=\"subtitulo-assinatura\">Conhe\u00e7a os cursos<\/p>\n        <div class=\"box-botao\">\n          <a class=\"btn-assinatura\" target=\"_blank\" href=\"https:\/\/www.estrategiaconcursos.com.br\/cursos\/\" role=\"button\" rel=\"noopener noreferrer\">Conhe\u00e7a mais<\/a>\n        <\/div>\n      <\/div>\n     \n    <\/div>\n\n  <\/div>\n<\/div>\n\n\n\n<h2 class=\"wp-block-heading\" id=\"situacao\">Atual situa\u00e7\u00e3o do concurso SECAD TO<\/h2>\n\n\n\n<h3 class=\"wp-block-heading\" id=\"comissao\">Comiss\u00e3o formada<\/h3>\n\n\n\n<p>Confira abaixo os nomes dos membros que estar\u00e3o respons\u00e1veis pela organiza\u00e7\u00e3o do pr\u00f3ximo concurso SECAD TO:<\/p>\n\n\n\n<figure class=\"wp-block-image size-full\"><img loading=\"lazy\" decoding=\"async\" width=\"995\" height=\"339\" src=\"https:\/\/dhg1h5j42swfq.cloudfront.net\/2023\/11\/07215520\/image-89.png\" alt=\"Tabela com os nomes dos membros da comiss\u00e3o organizadora do pr\u00f3ximo concurso\" class=\"wp-image-1303642\" srcset=\"https:\/\/dhg1h5j42swfq.cloudfront.net\/2023\/11\/07215520\/image-89.png 995w, https:\/\/dhg1h5j42swfq.cloudfront.net\/2023\/11\/07215520\/image-89-300x102.png 300w, https:\/\/dhg1h5j42swfq.cloudfront.net\/2023\/11\/07215520\/image-89-768x262.png 768w, https:\/\/dhg1h5j42swfq.cloudfront.net\/2023\/11\/07215520\/image-89-610x208.png 610w, https:\/\/dhg1h5j42swfq.cloudfront.net\/2023\/11\/07215520\/image-89-150x51.png 150w\" sizes=\"auto, (max-width: 995px) 100vw, 995px\" \/><\/figure>\n\n\n\n<p>De acordo com a portaria, o grupo tem <strong>120 dias para conclus\u00e3o dos trabalhos<\/strong>, ou seja, at\u00e9 mar\u00e7o de 2024.<\/p>\n\n\n\n<h2 class=\"wp-block-heading\" id=\"ultimo\">\u00daltimo concurso SECAD TO<\/h2>\n\n\n\n<p>O \u00faltimo concurso foi realizado em <strong>2012<\/strong>. Na \u00e9poca, foram ofertadas <strong>4.513 vagas imediatas e 1.839 CR<\/strong> para cargos de n\u00edveis fundamental, m\u00e9dio, t\u00e9cnico e superior. No total, foram registrados <strong>197.647 <a href=\"https:\/\/dhg1h5j42swfq.cloudfront.net\/2023\/11\/08091333\/concorrencia_geral_secad.pdf\" target=\"_blank\" rel=\"noreferrer noopener\">inscritos<\/a><\/strong>.<\/p>\n\n\n\n<p>Sob organiza\u00e7\u00e3o da <a href=\"https:\/\/www.aocp.com.br\/concurso.jsp?id=293\" target=\"_blank\" rel=\"noreferrer noopener\">AOCP<\/a>, o certame foi composto por duas importantes etapas, sendo a primeira de prova objetiva e a segunda de avalia\u00e7\u00e3o pr\u00e1tica (apenas para Operador de M\u00e1quinas). <\/p>\n\n\n\n<h3 class=\"wp-block-heading\" id=\"etapas\">Etapas do \u00faltimo concurso<\/h3>\n\n\n\n<p>O \u00faltimo concurso SECAD TO foi composto por duas importantes etapas, sendo a primeira de prova objetiva e a segunda de prova pr\u00e1tica, ambas de car\u00e1ter eliminat\u00f3rio e classificat\u00f3ria. <\/p>\n\n\n\n<h3 class=\"wp-block-heading\" id=\"objetiva\">Prova objetiva<\/h3>\n\n\n\n<p>A prova objetiva foi aplicada nas cidades de Aragua\u00edna, Dian\u00f3polis, Guara\u00ed, Gurupi, Palmas, Para\u00edso do Tocantins, Porto Nacional e Tocantin\u00f3polis \u2013 TO.<\/p>\n\n\n\n<p>Al\u00e9m disso, a avalia\u00e7\u00e3o foi composta de 50 quest\u00f5es, cada uma com cinco alternativas, sendo que cada quest\u00e3o s\u00f3 tinha uma alternativa correta.<a href=\"https:\/\/blog-static.infra.grancursosonline.com.br\/wp-content\/uploads\/2020\/12\/29145857\/concurso-SECAD-TO-2012.jpg\"><\/a><\/p>\n\n\n\n<figure class=\"wp-block-image aligncenter\"><img decoding=\"async\" src=\"https:\/\/blog-static.infra.grancursosonline.com.br\/wp-content\/uploads\/2020\/12\/29145857\/concurso-SECAD-TO-2012.jpg\" alt=\"Tabela de disciplinas da prova objetiva para os cargos de n\u00edvel fundamental\" class=\"wp-image-79378083\"\/><\/figure>\n\n\n\n<figure class=\"wp-block-image aligncenter\"><img decoding=\"async\" src=\"https:\/\/blog-static.infra.grancursosonline.com.br\/wp-content\/uploads\/2020\/12\/29145910\/Concurso-Secad-TO-2012-2.jpg\" alt=\"Tabela de disciplinas da prova objetiva para os cargos de n\u00edvel m\u00e9dio\" class=\"wp-image-79378084\"\/><\/figure>\n\n\n\n<p><a href=\"https:\/\/blog-static.infra.grancursosonline.com.br\/wp-content\/uploads\/2020\/12\/29145857\/concurso-SECAD-TO-2012.jpg\"><\/a><\/p>\n\n\n\n<figure class=\"wp-block-image aligncenter\"><img decoding=\"async\" src=\"https:\/\/blog-static.infra.grancursosonline.com.br\/wp-content\/uploads\/2020\/12\/29145921\/Concurso-Secad-TO-2012-3.jpg\" alt=\"Tabela de disciplinas da prova objetiva para os cargos de n\u00edvel m\u00e9dio\/t\u00e9cnico e superior\" class=\"wp-image-79378085\"\/><\/figure>\n\n\n\n<h2 class=\"wp-block-heading\" id=\"prova-pratica\">Prova pr\u00e1tica<\/h2>\n\n\n\n<p>Os candidatos que concorreram \u00e0s vagas de Operador de M\u00e1quinas e foram considerados aprovados na prova objetiva foram convocados para realizar a prova pr\u00e1tica. <\/p>\n\n\n\n<hr class=\"wp-block-separator has-css-opacity\"\/>\n\n\n\n<h2 class=\"wp-block-heading has-text-align-center\" id=\"cursos-assinatura\">Quer estudar para o concurso SECAD TO?<\/h2>\n\n\n\n<div class=\"container\" id=\"boxes\">\n  <div class=\"row\">\n\n    <div class=\"col-sm\">\n      <div class=\"banner-estrategia\" id=\"box-assinatura\">\n        <h3 class=\"titulo-assinatura\">Cursos para concursos<\/h3>\n        <p class=\"subtitulo-assinatura\">Conhe\u00e7a os cursos<\/p>\n        <div class=\"box-botao\">\n          <a class=\"btn-assinatura\" target=\"_blank\" href=\"https:\/\/www.estrategiaconcursos.com.br\/cursos\/\" role=\"button\" rel=\"noopener noreferrer\">Conhe\u00e7a mais<\/a>\n        <\/div>\n      <\/div>\n     \n    <\/div>\n\n  <\/div>\n<\/div>\n\n\n\n<div class=\"container\" id=\"boxes\">\n  <div class=\"row\">\n\n    <div class=\"col-sm\">\n      <div class=\"estrategia\" id=\"box-assinatura\">\n        <h3 class=\"titulo-assinatura\">Assinatura Concursos<\/h3>\n        <p class=\"subtitulo-assinatura\">Assinatura de 1 ano ou 2 anos<\/p>\n        <div class=\"box-botao\">\n          <a class=\"btn-assinatura\" target=\"_blank\" href=\"https:\/\/www.estrategiaconcursos.com.br\/assinaturas\/\" role=\"button\" rel=\"noopener noreferrer\">ASSINE AGORA<\/a>\n        <\/div>\n      <\/div><\/div><\/div><\/div>\n\n\n\n<h2 class=\"wp-block-heading has-text-align-center\">Quer saber tudo sobre concursos previstos?<br \/>Confira  nossos artigos!<\/h2>\n\n\n\n<ul class=\"wp-block-list\">\n<li><a href=\"https:\/\/www.estrategiaconcursos.com.br\/blog\/concursos-abertos\/\" target=\"_blank\" rel=\"noreferrer noopener\">Concursos Abertos<\/a><\/li>\n\n\n\n<li><a href=\"https:\/\/www.estrategiaconcursos.com.br\/blog\/concurso-administrativos\/\">Concursos Administrativos<\/a><\/li>\n\n\n\n<li><a href=\"https:\/\/www.estrategiaconcursos.com.br\/blog\/concursos-2024\/\" target=\"_blank\" rel=\"noreferrer noopener\">Concursos 2024<\/a><\/li>\n<\/ul>\n\n\n\n<figure class=\"wp-block-image is-resized\"><img loading=\"lazy\" decoding=\"async\" width=\"1024\" height=\"632\" src=\"https:\/\/dhg1h5j42swfq.cloudfront.net\/2025\/06\/27101122\/ficha-tecnica-1-1024x632.png\" alt=\"Informa\u00e7\u00f5es do \u00faltimo concurso SECAD TO\" class=\"wp-image-702728\" style=\"width:314px;height:auto\" srcset=\"https:\/\/dhg1h5j42swfq.cloudfront.net\/2025\/06\/27101122\/ficha-tecnica-1-1024x632.png 1024w, https:\/\/dhg1h5j42swfq.cloudfront.net\/2025\/06\/27101122\/ficha-tecnica-1-300x185.png 300w, https:\/\/dhg1h5j42swfq.cloudfront.net\/2025\/06\/27101122\/ficha-tecnica-1-768x474.png 768w, https:\/\/dhg1h5j42swfq.cloudfront.net\/2025\/06\/27101122\/ficha-tecnica-1-1536x948.png 1536w, https:\/\/dhg1h5j42swfq.cloudfront.net\/2025\/06\/27101122\/ficha-tecnica-1-610x377.png 610w, https:\/\/dhg1h5j42swfq.cloudfront.net\/2025\/06\/27101122\/ficha-tecnica-1.png 1571w\" sizes=\"auto, (max-width: 1024px) 100vw, 1024px\" \/><\/figure>\n\n\n\n<h3 class=\"wp-block-heading\" id=\"ficha\">Informa\u00e7\u00f5es do \u00faltimo concurso SECAD TO<\/h3>\n\n\n\n<ul class=\"wp-block-list\">\n<li><strong>Ano<\/strong>:&nbsp;2012<\/li>\n\n\n\n<li><strong>Vagas<\/strong>: 6.352<\/li>\n\n\n\n<li><strong>Cargos<\/strong>: Diversos<\/li>\n\n\n\n<li><strong>Banca<\/strong>:&nbsp;AOCP<\/li>\n\n\n\n<li><strong>Escolaridade<\/strong>: Fundamental, m\u00e9dio, t\u00e9cnico e superior<\/li>\n\n\n\n<li><strong>\u00daltimo edital: <\/strong><a href=\"https:\/\/dhg1h5j42swfq.cloudfront.net\/2022\/01\/05114044\/edital-secad-to-2012.pdf\" target=\"_blank\" rel=\"noreferrer noopener nofollow\">SECAD TO&nbsp;2012<\/a><\/li>\n<\/ul>\n","protected":false},"excerpt":{"rendered":"<p>A Secretaria da Administra\u00e7\u00e3o do Estado do Tocantins (SECAD TO) publicou os nomes dos membros da comiss\u00e3o respons\u00e1vel pela an\u00e1lise de viabilidade do concurso p\u00fablico de provas e t\u00edtulos para o provimento dos Cargos do Poder Executivo do Estado do Tocantins. A Comiss\u00e3o est\u00e1 autorizada a convocar, a qualquer tempo, t\u00e9cnicos de quaisquer \u00e1reas de [&hellip;]<\/p>\n","protected":false},"author":1,"featured_media":1304342,"comment_status":"open","ping_status":"closed","sticky":false,"template":"","format":"standard","meta":{"post_tipo":"news_page","footnotes":""},"categories":[214992],"tags":[],"tax_estado":[219990],"class_list":["post-939668","post","type-post","status-publish","format-standard","has-post-thumbnail","hentry","category-concursos-administrativos","tax_estado-to"],"acf":[],"yoast_head":"<!-- This site is optimized with the Yoast SEO Premium plugin v27.2 (Yoast SEO v27.2) - https:\/\/yoast.com\/product\/yoast-seo-premium-wordpress\/ -->\n<title>Concurso SECAD TO: comiss\u00e3o formada! Saiba mais!<\/title>\n<meta name=\"description\" content=\"Concurso SECAD TO: comiss\u00e3o formada para novo edital! \u00daltima sele\u00e7\u00e3o ocorreu h\u00e1 mais de 10 anos. Acesse e saiba mais aqui!\" \/>\n<meta name=\"robots\" content=\"index, follow, max-snippet:-1, max-image-preview:large, max-video-preview:-1\" \/>\n<link rel=\"canonical\" href=\"https:\/\/www.estrategiaconcursos.com.br\/blog\/concurso-secad-to\/\" \/>\n<meta property=\"og:locale\" content=\"pt_BR\" \/>\n<meta property=\"og:type\" content=\"article\" \/>\n<meta property=\"og:title\" content=\"Concurso SECAD TO: comiss\u00e3o formada! Saiba mais!\" \/>\n<meta property=\"og:description\" content=\"Concurso SECAD TO: comiss\u00e3o formada para novo edital! \u00daltima sele\u00e7\u00e3o ocorreu h\u00e1 mais de 10 anos. Acesse e saiba mais aqui!\" \/>\n<meta property=\"og:url\" content=\"https:\/\/www.estrategiaconcursos.com.br\/blog\/concurso-secad-to\/\" \/>\n<meta property=\"og:site_name\" content=\"Estrat\u00e9gia Concursos\" \/>\n<meta property=\"article:author\" content=\"https:\/\/www.facebook.com\/EstrategiaConcursos\" \/>\n<meta property=\"article:published_time\" content=\"2023-11-08T00:59:00+00:00\" \/>\n<meta property=\"article:modified_time\" content=\"2023-11-09T13:36:53+00:00\" \/>\n<meta property=\"og:image\" content=\"https:\/\/dhg1h5j42swfq.cloudfront.net\/2023\/11\/09103643\/secad-to.jpg\" \/>\n\t<meta property=\"og:image:width\" content=\"768\" \/>\n\t<meta property=\"og:image:height\" content=\"432\" \/>\n\t<meta property=\"og:image:type\" content=\"image\/jpeg\" \/>\n<meta name=\"author\" content=\"Coordena\u00e7\u00e3o\" \/>\n<meta name=\"twitter:card\" content=\"summary_large_image\" \/>\n<meta name=\"twitter:creator\" content=\"@EstratConcursos\" \/>\n<meta name=\"twitter:site\" content=\"@EstratConcursos\" \/>\n<meta name=\"twitter:label1\" content=\"Escrito por\" \/>\n\t<meta name=\"twitter:data1\" content=\"Coordena\u00e7\u00e3o\" \/>\n\t<meta name=\"twitter:label2\" content=\"Est. tempo de leitura\" \/>\n\t<meta name=\"twitter:data2\" content=\"4 minutos\" \/>\n<script type=\"application\/ld+json\" class=\"yoast-schema-graph\">{\"@context\":\"https:\/\/schema.org\",\"@graph\":[{\"@type\":\"NewsArticle\",\"@id\":\"https:\/\/www.estrategiaconcursos.com.br\/blog\/concurso-secad-to\/#article\",\"isPartOf\":{\"@id\":\"https:\/\/www.estrategiaconcursos.com.br\/blog\/concurso-secad-to\/\"},\"author\":{\"name\":\"Coordena\u00e7\u00e3o\",\"@id\":\"https:\/\/www.estrategiaconcursos.com.br\/blog\/#\/schema\/person\/b4a388c97673c5f483d72185668afa1f\"},\"headline\":\"Concurso SECAD TO: comiss\u00e3o formada! Saiba mais!\",\"datePublished\":\"2023-11-08T00:59:00+00:00\",\"dateModified\":\"2023-11-09T13:36:53+00:00\",\"mainEntityOfPage\":{\"@id\":\"https:\/\/www.estrategiaconcursos.com.br\/blog\/concurso-secad-to\/\"},\"wordCount\":514,\"commentCount\":0,\"publisher\":{\"@id\":\"https:\/\/www.estrategiaconcursos.com.br\/blog\/#organization\"},\"image\":{\"@id\":\"https:\/\/www.estrategiaconcursos.com.br\/blog\/concurso-secad-to\/#primaryimage\"},\"thumbnailUrl\":\"https:\/\/dhg1h5j42swfq.cloudfront.net\/2023\/11\/09103643\/secad-to.jpg\",\"articleSection\":[\"Executivo (Administrativa)\"],\"inLanguage\":\"pt-BR\",\"potentialAction\":[{\"@type\":\"CommentAction\",\"name\":\"Comment\",\"target\":[\"https:\/\/www.estrategiaconcursos.com.br\/blog\/concurso-secad-to\/#respond\"]}],\"copyrightYear\":\"2023\",\"copyrightHolder\":{\"@id\":\"https:\/\/www.estrategiaconcursos.com.br\/blog\/#organization\"}},{\"@type\":\"WebPage\",\"@id\":\"https:\/\/www.estrategiaconcursos.com.br\/blog\/concurso-secad-to\/\",\"url\":\"https:\/\/www.estrategiaconcursos.com.br\/blog\/concurso-secad-to\/\",\"name\":\"Concurso SECAD TO: comiss\u00e3o formada! Saiba mais!\",\"isPartOf\":{\"@id\":\"https:\/\/www.estrategiaconcursos.com.br\/blog\/#website\"},\"primaryImageOfPage\":{\"@id\":\"https:\/\/www.estrategiaconcursos.com.br\/blog\/concurso-secad-to\/#primaryimage\"},\"image\":{\"@id\":\"https:\/\/www.estrategiaconcursos.com.br\/blog\/concurso-secad-to\/#primaryimage\"},\"thumbnailUrl\":\"https:\/\/dhg1h5j42swfq.cloudfront.net\/2023\/11\/09103643\/secad-to.jpg\",\"datePublished\":\"2023-11-08T00:59:00+00:00\",\"dateModified\":\"2023-11-09T13:36:53+00:00\",\"description\":\"Concurso SECAD TO: comiss\u00e3o formada para novo edital! \u00daltima sele\u00e7\u00e3o ocorreu h\u00e1 mais de 10 anos. Acesse e saiba mais aqui!\",\"breadcrumb\":{\"@id\":\"https:\/\/www.estrategiaconcursos.com.br\/blog\/concurso-secad-to\/#breadcrumb\"},\"inLanguage\":\"pt-BR\",\"potentialAction\":[{\"@type\":\"ReadAction\",\"target\":[\"https:\/\/www.estrategiaconcursos.com.br\/blog\/concurso-secad-to\/\"]}]},{\"@type\":\"ImageObject\",\"inLanguage\":\"pt-BR\",\"@id\":\"https:\/\/www.estrategiaconcursos.com.br\/blog\/concurso-secad-to\/#primaryimage\",\"url\":\"https:\/\/dhg1h5j42swfq.cloudfront.net\/2023\/11\/09103643\/secad-to.jpg\",\"contentUrl\":\"https:\/\/dhg1h5j42swfq.cloudfront.net\/2023\/11\/09103643\/secad-to.jpg\",\"width\":768,\"height\":432},{\"@type\":\"BreadcrumbList\",\"@id\":\"https:\/\/www.estrategiaconcursos.com.br\/blog\/concurso-secad-to\/#breadcrumb\",\"itemListElement\":[{\"@type\":\"ListItem\",\"position\":1,\"name\":\"In\u00edcio\",\"item\":\"https:\/\/www.estrategiaconcursos.com.br\/blog\/\"},{\"@type\":\"ListItem\",\"position\":2,\"name\":\"Concurso SECAD TO: comiss\u00e3o formada! Saiba mais!\"}]},{\"@type\":\"WebSite\",\"@id\":\"https:\/\/www.estrategiaconcursos.com.br\/blog\/#website\",\"url\":\"https:\/\/www.estrategiaconcursos.com.br\/blog\/\",\"name\":\"Estrat\u00e9gia Concursos\",\"description\":\"O blog da Estrat\u00e9gia Concursos traz not\u00edcias sobre concursos e artigos de professores oferecendo cursos para concursos (pdf + videaulas) no site.\",\"publisher\":{\"@id\":\"https:\/\/www.estrategiaconcursos.com.br\/blog\/#organization\"},\"potentialAction\":[{\"@type\":\"SearchAction\",\"target\":{\"@type\":\"EntryPoint\",\"urlTemplate\":\"https:\/\/www.estrategiaconcursos.com.br\/blog\/?s={search_term_string}\"},\"query-input\":{\"@type\":\"PropertyValueSpecification\",\"valueRequired\":true,\"valueName\":\"search_term_string\"}}],\"inLanguage\":\"pt-BR\"},{\"@type\":\"Organization\",\"@id\":\"https:\/\/www.estrategiaconcursos.com.br\/blog\/#organization\",\"name\":\"Estrat\u00e9gia Concursos\",\"url\":\"https:\/\/www.estrategiaconcursos.com.br\/blog\/\",\"logo\":{\"@type\":\"ImageObject\",\"inLanguage\":\"pt-BR\",\"@id\":\"https:\/\/www.estrategiaconcursos.com.br\/blog\/#\/schema\/logo\/image\/\",\"url\":\"https:\/\/dhg1h5j42swfq.cloudfront.net\/2025\/06\/03203428\/logo_concursos-1.jpg\",\"contentUrl\":\"https:\/\/dhg1h5j42swfq.cloudfront.net\/2025\/06\/03203428\/logo_concursos-1.jpg\",\"width\":230,\"height\":60,\"caption\":\"Estrat\u00e9gia Concursos\"},\"image\":{\"@id\":\"https:\/\/www.estrategiaconcursos.com.br\/blog\/#\/schema\/logo\/image\/\"},\"sameAs\":[\"https:\/\/x.com\/EstratConcursos\"]},{\"@type\":\"Person\",\"@id\":\"https:\/\/www.estrategiaconcursos.com.br\/blog\/#\/schema\/person\/b4a388c97673c5f483d72185668afa1f\",\"name\":\"Coordena\u00e7\u00e3o\",\"image\":{\"@type\":\"ImageObject\",\"inLanguage\":\"pt-BR\",\"@id\":\"https:\/\/secure.gravatar.com\/avatar\/b720319e4c9a967eb58678d110f4fe35452fc5d5f97b202bac7b8acceb18c6ad?s=96&d=mm&r=g\",\"url\":\"https:\/\/secure.gravatar.com\/avatar\/b720319e4c9a967eb58678d110f4fe35452fc5d5f97b202bac7b8acceb18c6ad?s=96&d=mm&r=g\",\"contentUrl\":\"https:\/\/secure.gravatar.com\/avatar\/b720319e4c9a967eb58678d110f4fe35452fc5d5f97b202bac7b8acceb18c6ad?s=96&d=mm&r=g\",\"caption\":\"Coordena\u00e7\u00e3o\"},\"sameAs\":[\"https:\/\/www.facebook.com\/EstrategiaConcursos\",\"https:\/\/x.com\/EstratConcursos\"],\"url\":\"https:\/\/www.estrategiaconcursos.com.br\/blog\/author\/estrategia2013\/\"}]}<\/script>\n<!-- \/ Yoast SEO Premium plugin. -->","yoast_head_json":{"title":"Concurso SECAD TO: comiss\u00e3o formada! Saiba mais!","description":"Concurso SECAD TO: comiss\u00e3o formada para novo edital! \u00daltima sele\u00e7\u00e3o ocorreu h\u00e1 mais de 10 anos. Acesse e saiba mais aqui!","robots":{"index":"index","follow":"follow","max-snippet":"max-snippet:-1","max-image-preview":"max-image-preview:large","max-video-preview":"max-video-preview:-1"},"canonical":"https:\/\/www.estrategiaconcursos.com.br\/blog\/concurso-secad-to\/","og_locale":"pt_BR","og_type":"article","og_title":"Concurso SECAD TO: comiss\u00e3o formada! Saiba mais!","og_description":"Concurso SECAD TO: comiss\u00e3o formada para novo edital! \u00daltima sele\u00e7\u00e3o ocorreu h\u00e1 mais de 10 anos. Acesse e saiba mais aqui!","og_url":"https:\/\/www.estrategiaconcursos.com.br\/blog\/concurso-secad-to\/","og_site_name":"Estrat\u00e9gia Concursos","article_author":"https:\/\/www.facebook.com\/EstrategiaConcursos","article_published_time":"2023-11-08T00:59:00+00:00","article_modified_time":"2023-11-09T13:36:53+00:00","og_image":[{"width":768,"height":432,"url":"https:\/\/dhg1h5j42swfq.cloudfront.net\/2023\/11\/09103643\/secad-to.jpg","type":"image\/jpeg"}],"author":"Coordena\u00e7\u00e3o","twitter_card":"summary_large_image","twitter_creator":"@EstratConcursos","twitter_site":"@EstratConcursos","twitter_misc":{"Escrito por":"Coordena\u00e7\u00e3o","Est. tempo de leitura":"4 minutos"},"schema":{"@context":"https:\/\/schema.org","@graph":[{"@type":"NewsArticle","@id":"https:\/\/www.estrategiaconcursos.com.br\/blog\/concurso-secad-to\/#article","isPartOf":{"@id":"https:\/\/www.estrategiaconcursos.com.br\/blog\/concurso-secad-to\/"},"author":{"name":"Coordena\u00e7\u00e3o","@id":"https:\/\/www.estrategiaconcursos.com.br\/blog\/#\/schema\/person\/b4a388c97673c5f483d72185668afa1f"},"headline":"Concurso SECAD TO: comiss\u00e3o formada! Saiba mais!","datePublished":"2023-11-08T00:59:00+00:00","dateModified":"2023-11-09T13:36:53+00:00","mainEntityOfPage":{"@id":"https:\/\/www.estrategiaconcursos.com.br\/blog\/concurso-secad-to\/"},"wordCount":514,"commentCount":0,"publisher":{"@id":"https:\/\/www.estrategiaconcursos.com.br\/blog\/#organization"},"image":{"@id":"https:\/\/www.estrategiaconcursos.com.br\/blog\/concurso-secad-to\/#primaryimage"},"thumbnailUrl":"https:\/\/dhg1h5j42swfq.cloudfront.net\/2023\/11\/09103643\/secad-to.jpg","articleSection":["Executivo (Administrativa)"],"inLanguage":"pt-BR","potentialAction":[{"@type":"CommentAction","name":"Comment","target":["https:\/\/www.estrategiaconcursos.com.br\/blog\/concurso-secad-to\/#respond"]}],"copyrightYear":"2023","copyrightHolder":{"@id":"https:\/\/www.estrategiaconcursos.com.br\/blog\/#organization"}},{"@type":"WebPage","@id":"https:\/\/www.estrategiaconcursos.com.br\/blog\/concurso-secad-to\/","url":"https:\/\/www.estrategiaconcursos.com.br\/blog\/concurso-secad-to\/","name":"Concurso SECAD TO: comiss\u00e3o formada! Saiba mais!","isPartOf":{"@id":"https:\/\/www.estrategiaconcursos.com.br\/blog\/#website"},"primaryImageOfPage":{"@id":"https:\/\/www.estrategiaconcursos.com.br\/blog\/concurso-secad-to\/#primaryimage"},"image":{"@id":"https:\/\/www.estrategiaconcursos.com.br\/blog\/concurso-secad-to\/#primaryimage"},"thumbnailUrl":"https:\/\/dhg1h5j42swfq.cloudfront.net\/2023\/11\/09103643\/secad-to.jpg","datePublished":"2023-11-08T00:59:00+00:00","dateModified":"2023-11-09T13:36:53+00:00","description":"Concurso SECAD TO: comiss\u00e3o formada para novo edital! \u00daltima sele\u00e7\u00e3o ocorreu h\u00e1 mais de 10 anos. Acesse e saiba mais aqui!","breadcrumb":{"@id":"https:\/\/www.estrategiaconcursos.com.br\/blog\/concurso-secad-to\/#breadcrumb"},"inLanguage":"pt-BR","potentialAction":[{"@type":"ReadAction","target":["https:\/\/www.estrategiaconcursos.com.br\/blog\/concurso-secad-to\/"]}]},{"@type":"ImageObject","inLanguage":"pt-BR","@id":"https:\/\/www.estrategiaconcursos.com.br\/blog\/concurso-secad-to\/#primaryimage","url":"https:\/\/dhg1h5j42swfq.cloudfront.net\/2023\/11\/09103643\/secad-to.jpg","contentUrl":"https:\/\/dhg1h5j42swfq.cloudfront.net\/2023\/11\/09103643\/secad-to.jpg","width":768,"height":432},{"@type":"BreadcrumbList","@id":"https:\/\/www.estrategiaconcursos.com.br\/blog\/concurso-secad-to\/#breadcrumb","itemListElement":[{"@type":"ListItem","position":1,"name":"In\u00edcio","item":"https:\/\/www.estrategiaconcursos.com.br\/blog\/"},{"@type":"ListItem","position":2,"name":"Concurso SECAD TO: comiss\u00e3o formada! Saiba mais!"}]},{"@type":"WebSite","@id":"https:\/\/www.estrategiaconcursos.com.br\/blog\/#website","url":"https:\/\/www.estrategiaconcursos.com.br\/blog\/","name":"Estrat\u00e9gia Concursos","description":"O blog da Estrat\u00e9gia Concursos traz not\u00edcias sobre concursos e artigos de professores oferecendo cursos para concursos (pdf + videaulas) no site.","publisher":{"@id":"https:\/\/www.estrategiaconcursos.com.br\/blog\/#organization"},"potentialAction":[{"@type":"SearchAction","target":{"@type":"EntryPoint","urlTemplate":"https:\/\/www.estrategiaconcursos.com.br\/blog\/?s={search_term_string}"},"query-input":{"@type":"PropertyValueSpecification","valueRequired":true,"valueName":"search_term_string"}}],"inLanguage":"pt-BR"},{"@type":"Organization","@id":"https:\/\/www.estrategiaconcursos.com.br\/blog\/#organization","name":"Estrat\u00e9gia Concursos","url":"https:\/\/www.estrategiaconcursos.com.br\/blog\/","logo":{"@type":"ImageObject","inLanguage":"pt-BR","@id":"https:\/\/www.estrategiaconcursos.com.br\/blog\/#\/schema\/logo\/image\/","url":"https:\/\/dhg1h5j42swfq.cloudfront.net\/2025\/06\/03203428\/logo_concursos-1.jpg","contentUrl":"https:\/\/dhg1h5j42swfq.cloudfront.net\/2025\/06\/03203428\/logo_concursos-1.jpg","width":230,"height":60,"caption":"Estrat\u00e9gia Concursos"},"image":{"@id":"https:\/\/www.estrategiaconcursos.com.br\/blog\/#\/schema\/logo\/image\/"},"sameAs":["https:\/\/x.com\/EstratConcursos"]},{"@type":"Person","@id":"https:\/\/www.estrategiaconcursos.com.br\/blog\/#\/schema\/person\/b4a388c97673c5f483d72185668afa1f","name":"Coordena\u00e7\u00e3o","image":{"@type":"ImageObject","inLanguage":"pt-BR","@id":"https:\/\/secure.gravatar.com\/avatar\/b720319e4c9a967eb58678d110f4fe35452fc5d5f97b202bac7b8acceb18c6ad?s=96&d=mm&r=g","url":"https:\/\/secure.gravatar.com\/avatar\/b720319e4c9a967eb58678d110f4fe35452fc5d5f97b202bac7b8acceb18c6ad?s=96&d=mm&r=g","contentUrl":"https:\/\/secure.gravatar.com\/avatar\/b720319e4c9a967eb58678d110f4fe35452fc5d5f97b202bac7b8acceb18c6ad?s=96&d=mm&r=g","caption":"Coordena\u00e7\u00e3o"},"sameAs":["https:\/\/www.facebook.com\/EstrategiaConcursos","https:\/\/x.com\/EstratConcursos"],"url":"https:\/\/www.estrategiaconcursos.com.br\/blog\/author\/estrategia2013\/"}]}},"_links":{"self":[{"href":"https:\/\/www.estrategiaconcursos.com.br\/blog\/wp-json\/wp\/v2\/posts\/939668","targetHints":{"allow":["GET"]}}],"collection":[{"href":"https:\/\/www.estrategiaconcursos.com.br\/blog\/wp-json\/wp\/v2\/posts"}],"about":[{"href":"https:\/\/www.estrategiaconcursos.com.br\/blog\/wp-json\/wp\/v2\/types\/post"}],"author":[{"embeddable":true,"href":"https:\/\/www.estrategiaconcursos.com.br\/blog\/wp-json\/wp\/v2\/users\/1"}],"replies":[{"embeddable":true,"href":"https:\/\/www.estrategiaconcursos.com.br\/blog\/wp-json\/wp\/v2\/comments?post=939668"}],"version-history":[{"count":28,"href":"https:\/\/www.estrategiaconcursos.com.br\/blog\/wp-json\/wp\/v2\/posts\/939668\/revisions"}],"predecessor-version":[{"id":1303748,"href":"https:\/\/www.estrategiaconcursos.com.br\/blog\/wp-json\/wp\/v2\/posts\/939668\/revisions\/1303748"}],"wp:featuredmedia":[{"embeddable":true,"href":"https:\/\/www.estrategiaconcursos.com.br\/blog\/wp-json\/wp\/v2\/media\/1304342"}],"wp:attachment":[{"href":"https:\/\/www.estrategiaconcursos.com.br\/blog\/wp-json\/wp\/v2\/media?parent=939668"}],"wp:term":[{"taxonomy":"category","embeddable":true,"href":"https:\/\/www.estrategiaconcursos.com.br\/blog\/wp-json\/wp\/v2\/categories?post=939668"},{"taxonomy":"post_tag","embeddable":true,"href":"https:\/\/www.estrategiaconcursos.com.br\/blog\/wp-json\/wp\/v2\/tags?post=939668"},{"taxonomy":"tax_estado","embeddable":true,"href":"https:\/\/www.estrategiaconcursos.com.br\/blog\/wp-json\/wp\/v2\/tax_estado?post=939668"}],"curies":[{"name":"wp","href":"https:\/\/api.w.org\/{rel}","templated":true}]}}