{"id":939449,"date":"2022-01-04T13:48:40","date_gmt":"2022-01-04T16:48:40","guid":{"rendered":"https:\/\/www.estrategiaconcursos.com.br\/blog\/?p=939449"},"modified":"2022-04-26T15:39:49","modified_gmt":"2022-04-26T18:39:49","slug":"educacao-concursos-previstos-para-2022","status":"publish","type":"post","link":"https:\/\/www.estrategiaconcursos.com.br\/blog\/educacao-concursos-previstos-para-2022\/","title":{"rendered":"Educa\u00e7\u00e3o: concursos previstos para 2022"},"content":{"rendered":"\n<p>Os editais da \u00e1rea da educa\u00e7\u00e3o normalmente s\u00e3o publicados durante todo o ano. Com oferta de muitas vagas, remunera\u00e7\u00f5es compat\u00edveis ou superiores ao mercado, estas sele\u00e7\u00f5es s\u00e3o a porta de entrada para concurseiros que pretendem ter estabilidade e progress\u00e3o na carreira. <\/p>\n\n\n\n<p> S\u00e3o previstos <strong>v\u00e1rios editais<\/strong> para 2022 com vagas para o Magist\u00e9rio e cargos administrativos educacionais. Confira abaixo: <\/p>\n\n\n\n<div class=\"col-sm\">\n      <div class=\"banner-estrategia\" id=\"box-assinatura\">\n        <h3 class=\"titulo-assinatura\">Cursos para Educa\u00e7\u00e3o<\/h3>\n        <p class=\"subtitulo-assinatura\">Conhe\u00e7a os cursos<\/p>\n        <div class=\"box-botao\">\n          <a class=\"btn-assinatura\" target=\"_blank\" href=\"https:\/\/www.estrategiaconcursos.com.br\/cursos\/concurso\/\" role=\"button\" rel=\"noopener noreferrer\">Conhe\u00e7a mais<\/a>\n        <\/div>\n      <\/div>\n      <p class=\"texto-auxiliar\">Prepare-se com o melhor material e com quem mais aprova em Concursos P\u00fablicos em todo o pa\u00eds.<\/p>\n    <\/div>\n\n\n\n<p class=\"has-medium-font-size\"><a href=\"https:\/\/www.estrategiaconcursos.com.br\/blog\/concurso-unilab\/\" target=\"_blank\" rel=\"noreferrer noopener\">Concurso UNILAB<\/a><\/p>\n\n\n\n<p class=\"has-cyan-bluish-gray-background-color has-background\"><strong>Status<\/strong>: comiss\u00e3o formada<\/p>\n\n\n\n<p class=\"has-cyan-bluish-gray-background-color has-background\"><strong>Perspectivas<\/strong>: <strong>A Universidade da Integra\u00e7\u00e3o Internacional da Lusofonia Afro-Brasileira divulgou a composi\u00e7\u00e3o da comiss\u00e3o organizadora do concurso UNILAB.<\/strong><\/p>\n\n\n\n<p class=\"has-medium-font-size\"><a href=\"https:\/\/www.estrategiaconcursos.com.br\/blog\/concurso-uern\/\" target=\"_blank\" rel=\"noreferrer noopener\">Concurso UERN<\/a><\/p>\n\n\n\n<p class=\"has-cyan-bluish-gray-background-color has-background\"><strong>Status<\/strong>: AUTORIZADO<\/p>\n\n\n\n<p class=\"has-cyan-bluish-gray-background-color has-background\"><strong>Perspectivas<\/strong>: A governadora&nbsp;do Rio Grande do Norte, F\u00e1tima Bezerra, autorizou a realiza\u00e7\u00e3o do novo concurso UERN.<\/p>\n\n\n\n<p class=\"has-medium-font-size\"><a href=\"https:\/\/www.estrategiaconcursos.com.br\/blog\/concurso-unicamp-2\" target=\"_blank\" rel=\"noreferrer noopener\">Concurso UNICAMP<\/a><\/p>\n\n\n\n<p class=\"has-cyan-bluish-gray-background-color has-background\"><strong>Status<\/strong>: Banca definida (Vunesp)<\/p>\n\n\n\n<p class=\"has-cyan-bluish-gray-background-color has-background\"><strong>Perspectivas<\/strong>: A Universidade Estadual de Campinas disponibilizou o extrato do contrato com a Funda\u00e7\u00e3o Vunesp, para a organiza\u00e7\u00e3o de um novo concurso para servidores. A contrata\u00e7\u00e3o se deu por dispensa de licita\u00e7\u00e3o para o provimento de 27 cargos diferentes, possuindo valor total de R$ 501.740,55.  <\/p>\n\n\n\n<p class=\"has-medium-font-size\"><a href=\"https:\/\/www.estrategiaconcursos.com.br\/blog\/concurso-undf\/\" target=\"_blank\" rel=\"noreferrer noopener\">Concurso UnDF<\/a><\/p>\n\n\n\n<p class=\"has-cyan-bluish-gray-background-color has-background\"><strong>Status:<\/strong> autorizado<\/p>\n\n\n\n<p class=\"has-cyan-bluish-gray-background-color has-background\"><strong>Perspectivas:<\/strong>  \u00a0<strong>Foi\u00a0<a href=\"https:\/\/dhg1h5j42swfq.cloudfront.net\/2021\/12\/13080523\/image-53-1.png\" target=\"_blank\" rel=\"noreferrer noopener\">autorizada<\/a>\u00a0a realiza\u00e7\u00e3o do novo concurso UnDF.\u00a0<\/strong>A portaria que autoriza a sele\u00e7\u00e3o foi publicada no Di\u00e1rio Oficial do Distrito Federal.<\/p>\n\n\n\n<p class=\"has-medium-font-size\"><a href=\"https:\/\/www.estrategiaconcursos.com.br\/blog\/concurso-ufpb\/\" target=\"_blank\" rel=\"noreferrer noopener\">Concurso UFPB<\/a><\/p>\n\n\n\n<p class=\"has-cyan-bluish-gray-background-color has-background\"><strong>Status:<\/strong> Edital em 2022<\/p>\n\n\n\n<p class=\"has-cyan-bluish-gray-background-color has-background\"><strong>Perspectivas:<\/strong> O<strong>&nbsp;Reitor da Universidade Federal da Para\u00edba, Valdiney Gouveia<\/strong>, em entrevista dada ao programa \u201cRede Verdade\u201d, anunciou que est\u00e1 previsto um&nbsp;<strong>novo concurso UFPB para professores e t\u00e9cnicos-administrativos em 2022<\/strong>, para n\u00edvel m\u00e9dio e superior.<\/p>\n\n\n\n<p class=\"has-medium-font-size\"><a href=\"https:\/\/www.estrategiaconcursos.com.br\/blog\/concurso-ufpa\/\" target=\"_blank\" rel=\"noreferrer noopener\"><strong>Concurso UFPA<\/strong><\/a><\/p>\n\n\n\n<p class=\"has-cyan-bluish-gray-background-color has-background\"><strong>Status:<\/strong> Em estudos<\/p>\n\n\n\n<p class=\"has-cyan-bluish-gray-background-color has-background\"><strong>Perspectivas:<\/strong> A Universidade Federal do Par\u00e1 revelou que est\u00e1 realizando estudos para que a sele\u00e7\u00e3o seja publicada rapidamente. Ser\u00e3o ofertadas vagas para o cargo de t\u00e9cnico em assuntos educacionais.<\/p>\n\n\n\n<h4 class=\"has-medium-font-size wp-block-heading\" id=\"h-concurso-uespi\"><a href=\"https:\/\/www.estrategiaconcursos.com.br\/blog\/concurso-uespi\" target=\"_blank\" rel=\"noreferrer noopener\"><strong>Concurso UESPI<\/strong><\/a><\/h4>\n\n\n\n<p class=\"has-cyan-bluish-gray-background-color has-background\"><strong>Status:<\/strong> Anunciado para 2022<\/p>\n\n\n\n<p class=\"has-cyan-bluish-gray-background-color has-background\"><strong>Perspectivas:<\/strong> Em uma transmiss\u00e3o oficial da Universidade Estadual do Piau\u00ed, o Governador do Estado, Wellignton Dias, e o reitor da Universidade, Prof. Dr. Evandro Alberto anunciaram a possibilidade realiza\u00e7\u00e3o de um novo concurso para professores e para cargos t\u00e9cnico-administrativos efetivos em 2022. <\/p>\n\n\n\n<p class=\"has-medium-font-size\"><strong><a href=\"https:\/\/www.estrategiaconcursos.com.br\/blog\/concurso-sme-joao-pessoa\/\" target=\"_blank\" rel=\"noreferrer noopener\">Concurso SME Jo\u00e3o Pessoa PB<\/a><\/strong><\/p>\n\n\n\n<p class=\"has-cyan-bluish-gray-background-color has-background\"><strong>Status<\/strong>: Anunciado <\/p>\n\n\n\n<p class=\"has-cyan-bluish-gray-background-color has-background\"><strong>Perspectivas<\/strong>: Em uma&nbsp;coletiva&nbsp;de imprensa, o prefeito de Jo\u00e3o Pessoa, C\u00edcero Lucena, anunciou um novo concurso com 804 novas vagas para v\u00e1rias \u00e1reas da gest\u00e3o municipal, dentre as quais, ao menos<strong>&nbsp;404 para a \u00e1rea da educa\u00e7\u00e3o<\/strong>, sendo&nbsp;<strong>350 s\u00f3 para professor&nbsp;<\/strong>(concurso SME Jo\u00e3o Pessoa).<\/p>\n\n\n\n<p class=\"has-medium-font-size\"><a href=\"https:\/\/www.estrategiaconcursos.com.br\/blog\/concurso-semed-maraba\/\" target=\"_blank\" rel=\"noreferrer noopener\">Concurso SEMED MARAB\u00c1<\/a><\/p>\n\n\n\n<p class=\"has-cyan-bluish-gray-background-color has-background\"><strong>Status:<\/strong> comiss\u00e3o formada<\/p>\n\n\n\n<p class=\"has-cyan-bluish-gray-background-color has-background\"><strong>Perspectivas:<\/strong> O Prefeito Municipal de Marab\u00e1, Sebasti\u00e3o Miranda Filho, instituiu a comiss\u00e3o organizadora do novo concurso SEMED Marab\u00e1.&nbsp;<\/p>\n\n\n\n<p class=\"has-medium-font-size\"><strong><a href=\"https:\/\/www.estrategiaconcursos.com.br\/blog\/concurso-seduc-caruaru\/\" target=\"_blank\" rel=\"noreferrer noopener\">Concurso SEDUC Caruaru (PE)<\/a><\/strong><\/p>\n\n\n\n<p class=\"has-cyan-bluish-gray-background-color has-background\"><strong>Status:<\/strong> autorizado<\/p>\n\n\n\n<p class=\"has-cyan-bluish-gray-background-color has-background\"><strong>Perspectivas:<\/strong> AA Prefeitura do Munic\u00edpio de Caruaru, em Pernambuco, autorizou a realiza\u00e7\u00e3o de um novo concurso P\u00fablico para a&nbsp;<a href=\"https:\/\/www.estrategiaconcursos.com.br\/cursos\/concurso\/\" target=\"_blank\" rel=\"noreferrer noopener\">Secretaria Municipal de Educa\u00e7\u00e3o<\/a>&nbsp;(<strong>concurso Seduc Caruaru<\/strong>).<\/p>\n\n\n\n<p class=\"has-medium-font-size\"><strong><a href=\"https:\/\/www.estrategiaconcursos.com.br\/blog\/concurso-semec-teresina\/\" target=\"_blank\" rel=\"noreferrer noopener\">Concurso SEMEC Teresina PI<\/a><\/strong><\/p>\n\n\n\n<p class=\"has-cyan-bluish-gray-background-color has-background\"><strong>Status:<\/strong> Autorizado\/Comiss\u00e3o formada<\/p>\n\n\n\n<p class=\"has-cyan-bluish-gray-background-color has-background\"><strong>Perspectivas: <\/strong>O prefeito de Teresina Dr. Pessoa autorizou, a forma\u00e7\u00e3o de uma comiss\u00e3o que ir\u00e1 analisar como vai se dar o novo concurso SEMEC Teresina 2022, para a contrata\u00e7\u00e3o de 1.114 professores efetivos e 27 vagas para a contrata\u00e7\u00e3o de psic\u00f3logos, assistentes sociais e nutricionistas na Secretaria Municipal de Educa\u00e7\u00e3o. Os sal\u00e1rios previstos variam de R$ 2,4 mil, para jornada de 20 horas a R$ 4,8 mil, para uma jornada de 40 horas.<\/p>\n\n\n\n<p class=\"has-medium-font-size\"><a href=\"https:\/\/www.estrategiaconcursos.com.br\/blog\/concurso-seduc-ro\/\" target=\"_blank\" rel=\"noreferrer noopener\"><strong>Concurso SEDUC RO<\/strong><\/a><\/p>\n\n\n\n<p class=\"has-cyan-bluish-gray-background-color has-background\"><strong>Status:<\/strong> comiss\u00e3o formada<\/p>\n\n\n\n<p class=\"has-cyan-bluish-gray-background-color has-background\"><strong>Perspectivas:<\/strong> A Secretaria de Estado da Educa\u00e7\u00e3o&nbsp;de Rond\u00f4nia designou seis servidores para comporem a comiss\u00e3o respons\u00e1vel pelo acompanhamento do novo&nbsp;<em><strong>Concurso Seduc RO<\/strong><\/em>.<\/p>\n\n\n\n<p class=\"has-medium-font-size\"><a href=\"https:\/\/www.estrategiaconcursos.com.br\/blog\/concurso-ueap\/\" target=\"_blank\" rel=\"noreferrer noopener\">Concurso UEAP<\/a><\/p>\n\n\n\n<p class=\"has-cyan-bluish-gray-background-color has-background\"><strong>Status:<\/strong> comiss\u00e3o formada \/ Autorizado<\/p>\n\n\n\n<p class=\"has-cyan-bluish-gray-background-color has-background\"><strong>Perspectivas:<\/strong> A UEAP est\u00e1 com um novo concurso autorizado. Ser\u00e3o ofertadas 60 vagas para o cargo de professor e 20 para o cargo de t\u00e9cnico-administrativo.<\/p>\n\n\n\n<p class=\"has-medium-font-size\"><a href=\"https:\/\/www.estrategiaconcursos.com.br\/blog\/concurso-seeduc-rj\/\" target=\"_blank\" rel=\"noreferrer noopener\">Concurso SEEDUC RJ<\/a><\/p>\n\n\n\n<p class=\"has-cyan-bluish-gray-background-color has-background\"><strong>Status:<\/strong> banca definida\/edital previsto para novembro <\/p>\n\n\n\n<p class=\"has-cyan-bluish-gray-background-color has-background\"><strong>Perspectivas:<\/strong>  O Governo do Estado do Rio de Janeiro, Cl\u00e1udio Castro, autorizou a oferta de <strong>303 vagas imediatas para professor I<\/strong>&nbsp;com carga hor\u00e1ria de 16 horas por semana no novo concurso para a Secretaria de Educa\u00e7\u00e3o. A estimativa \u00e9 que o edital seja publicado no <strong><span style=\"text-decoration: underline;\">m\u00eas de novembro<\/span><\/strong> e que as vagas atendam a todas as Diretorias Regionais do Estado. <\/p>\n\n\n\n<p class=\"has-medium-font-size\"><strong><a href=\"https:\/\/www.estrategiaconcursos.com.br\/blog\/concurso-see-pe\/\" target=\"_blank\" rel=\"noreferrer noopener\">Concurso SEE PE<\/a><\/strong><\/p>\n\n\n\n<p class=\"has-cyan-bluish-gray-background-color has-background\"><strong>Status:<\/strong> Anunciado <\/p>\n\n\n\n<p class=\"has-cyan-bluish-gray-background-color has-background\"><strong>Perspectivas:<\/strong> O Governo do Estado de Pernambuco anunciou, no dia 13 de outubro de 2021, a abertura de um novo edital&nbsp;para o provimento de 3.500 vagas de professores junto \u00e0 Secretaria de Educa\u00e7\u00e3o e Esportes do Estado. O certame ir\u00e1 ofertar vagas para professores de todas as disciplinas da Educa\u00e7\u00e3o B\u00e1sica, da Educa\u00e7\u00e3o Profissional, de Educa\u00e7\u00e3o Especial, para o Conservat\u00f3rio Pernambucano de M\u00fasica, e tamb\u00e9m para analistas em gest\u00e3o educacional.<\/p>\n\n\n\n<p class=\"has-medium-font-size\"><strong><a rel=\"noreferrer noopener\" href=\"https:\/\/www.estrategiaconcursos.com.br\/blog\/concurso-seduc-al-2021\/\" target=\"_blank\"><\/a><a href=\"https:\/\/www.estrategiaconcursos.com.br\/blog\/concurso-seduc-rs\" target=\"_blank\" rel=\"noreferrer noopener\">Concurso SEDUC RS<\/a><\/strong><\/p>\n\n\n\n<p class=\"has-cyan-bluish-gray-background-color has-background\"><strong>Status:&nbsp;<\/strong>anunciado \/ Comiss\u00e3o de concursos formada<\/p>\n\n\n\n<p class=\"has-cyan-bluish-gray-background-color has-background\"><strong>Perspectivas:&nbsp;<\/strong> O Governo do Rio Grande do Sul anunciou, em uma publica\u00e7\u00e3o em seu Portal Eletr\u00f4nico Oficial, a necessidade de reposi\u00e7\u00e3o de servidores na Secretaria de Educa\u00e7\u00e3o, devido \u00e0s aposentadorias que se somaram a defasagens hist\u00f3ricas, devendo haver o preenchimento de 1.500 vagas para professores em um novo certame. A comiss\u00e3o de concursos foi anunciada. \u00c9 importante ressaltar que essa comiss\u00e3o n\u00e3o foi designada para um concurso p\u00fablico espec\u00edfico.<\/p>\n\n\n\n<p class=\"has-medium-font-size\"><strong><a rel=\"noreferrer noopener\" href=\"https:\/\/www.estrategiaconcursos.com.br\/blog\/concurso-seduc-al-2021\/\" target=\"_blank\"><\/a><a href=\"https:\/\/www.estrategiaconcursos.com.br\/blog\/concurso-sed-ms\/\" target=\"_blank\" rel=\"noreferrer noopener\">Concurso SED MS<\/a><\/strong><\/p>\n\n\n\n<p class=\"has-cyan-bluish-gray-background-color has-background\"><strong>Status:&nbsp;<\/strong>Autorizado <\/p>\n\n\n\n<p class=\"has-cyan-bluish-gray-background-color has-background\"><strong>Perspectivas:&nbsp;<\/strong>O Governador do Estado do Mato Grosso do Sul autorizou a realiza\u00e7\u00e3o do concurso SED MS, para provimento de 722 vagas para Professor de Educa\u00e7\u00e3o B\u00e1sica na Secretaria de Estado de Educa\u00e7\u00e3o. A expectativa \u00e9 de que o processo seja executado em 2021 para que o primeiro chamamento dos aprovados ocorra no 1\u00ba semestre de 2022, e praticamente todos os componentes curriculares da Educa\u00e7\u00e3o B\u00e1sica sejam contemplados.<\/p>\n\n\n\n<p class=\"has-medium-font-size\"><a href=\"https:\/\/www.estrategiaconcursos.com.br\/blog\/concurso-professor-natal-rn\/\" target=\"_blank\" rel=\"noreferrer noopener\"><strong>Concurso Professor Natal (RN)<\/strong><\/a><\/p>\n\n\n\n<p class=\"has-cyan-bluish-gray-background-color has-background\"><strong>Status: <\/strong>grupo de trabalho constitu\u00eddo<\/p>\n\n\n\n<p class=\"has-cyan-bluish-gray-background-color has-background\"><strong>Perspectivas:<\/strong> Na divulga\u00e7\u00e3o da Lei de Diretrizes Or\u00e7ament\u00e1rias do munic\u00edpio de 2021 consta autoriza\u00e7\u00e3o para realiza\u00e7\u00e3o de concurso p\u00fablico a atender cargos vagos para Educador Infantil e Professor. Al\u00e9m disso, j\u00e1 foi constitu\u00eddo um grupo de trabalho para realizar o levantamento e consolida\u00e7\u00e3o dos cargos vagos no \u00f3rg\u00e3o.<\/p>\n\n\n\n<p class=\"has-medium-font-size\"><a aria-label=\"Concurso SME Jales (abre numa nova aba)\" href=\"https:\/\/www.estrategiaconcursos.com.br\/blog\/concurso-sme-jales-sp\/\" target=\"_blank\" rel=\"noreferrer noopener\"><strong>Concurso SME Jales (SP)<\/strong><\/a><\/p>\n\n\n\n<p class=\"has-cyan-bluish-gray-background-color has-background\"><strong>Status<\/strong> &#8211; banca definida &#8211; RHS Consult <\/p>\n\n\n\n<p class=\"has-cyan-bluish-gray-background-color has-background\"><strong>Perspectivas <\/strong>&#8211;  A&nbsp;<strong>Prefeitura de Jales<\/strong>&nbsp;divulgou a RHS Consult como banca organizadora de seu pr\u00f3ximo concurso para a&nbsp;<strong>Secretaria de Educa\u00e7\u00e3o<\/strong>. <\/p>\n\n\n\n<p class=\"has-medium-font-size\"><a href=\"https:\/\/www.estrategiaconcursos.com.br\/blog\/concurso-sme-campina-grande\" target=\"_blank\" rel=\"noreferrer noopener\"><strong>Concurso SME Campina Grande (PB)<\/strong><\/a><\/p>\n\n\n\n<p class=\"has-cyan-bluish-gray-background-color has-background\"><strong>Status<\/strong> &#8211; Comiss\u00e3o formada \/ Confirmado pelo Prefeito \/ edital em breve<\/p>\n\n\n\n<p class=\"has-cyan-bluish-gray-background-color has-background\"><strong>Perspectivas <\/strong>&#8211;  O prefeito do Munic\u00edpio de Campina Grande, Bruno Cunha Lima, anunciou que at\u00e9 o dia 11 de outubro \u2013 data em que se comemora o anivers\u00e1rio da cidade \u2013 ser\u00e1 lan\u00e7ado o edital para o concurso SME Campina Grande, para a \u00e1rea da Educa\u00e7\u00e3o com vagas para professores, cuidadores e demais profissionais da \u00e1rea, top\u00f3grafos e arquitetos <\/p>\n\n\n\n<h4 class=\"has-medium-font-size wp-block-heading\" id=\"block-6b68fc2a-a650-421c-8638-7cba9f60cfeb\"><a href=\"https:\/\/www.estrategiaconcursos.com.br\/blog\/concurso-sme-recife\" target=\"_blank\" rel=\"noreferrer noopener\"><strong>Concurso SME Recife<\/strong> <strong>(PE)<\/strong><\/a><\/h4>\n\n\n\n<p class=\"has-cyan-bluish-gray-background-color has-background\" id=\"block-afbda8b9-e543-4157-acec-97f99a958e88\"><strong>Status<\/strong>: Comiss\u00e3o constitu\u00edda \/ autorizado\/ 1.300 vagas<\/p>\n\n\n\n<p class=\"has-cyan-bluish-gray-background-color has-background\" id=\"block-afbda8b9-e543-4157-acec-97f99a958e88\"><strong>Perspectivas<\/strong>:  O <strong>Secret\u00e1rio de Educa\u00e7\u00e3o de Recife, Fred Am\u00e2ncio, confirmou para o Vereador Rinaldo Junior (PSB), que haver\u00e1 concurso p\u00fablico para completar todo o quadro da educa\u00e7\u00e3o<\/strong>. Ser\u00e3o ofertadas 1.300 vagas para Professor I e II. <\/p>\n\n\n\n<p class=\"has-medium-font-size\"><a aria-label=\"Concurso Prefeitura de Rondon\u00f3polis (MT) (abre numa nova aba)\" href=\"https:\/\/www.estrategiaconcursos.com.br\/blog\/concurso-prefeitura-de-rondonopolis\/\" target=\"_blank\" rel=\"noreferrer noopener\"><strong>Concurso Prefeitura de Rondon\u00f3polis (MT)<\/strong><\/a><\/p>\n\n\n\n<p class=\"has-cyan-bluish-gray-background-color has-background\"><strong>Status<\/strong> &#8211; Banca definida<\/p>\n\n\n\n<p class=\"has-cyan-bluish-gray-background-color has-background\"><strong>Perspectivas:<\/strong> Esse novo certame vai contemplar vagas para&nbsp;Docente da Educa\u00e7\u00e3o Infantil e Fundamental.  <\/p>\n\n\n\n<p class=\"has-medium-font-size\"><a href=\"https:\/\/www.estrategiaconcursos.com.br\/blog\/concurso-fames\" target=\"_blank\" rel=\"noreferrer noopener\"><strong>Concurso FAMES<\/strong><\/a><\/p>\n\n\n\n<p class=\"has-cyan-bluish-gray-background-color has-background\"><strong>Status<\/strong>: Autorizado\/Comiss\u00e3o formada\/banca definida<\/p>\n\n\n\n<p class=\"has-cyan-bluish-gray-background-color has-background\"><strong>Perspectivas<\/strong>:  <strong>A CEFETMINAS foi escolhida como banca organizadora do novo concurso FAMES<\/strong>.   Vale lembrar que ser\u00e3o ofertadas <strong>65 vagas diretas<\/strong>, sendo 10 para professor titular, 17 para professor adjunto, 26 para professor assistente, 6 para assistente administrativo e 6 para t\u00e9cnico de n\u00edvel superior na Faculdade de M\u00fasica do Esp\u00edrito Santo.  <\/p>\n\n\n\n<h4 class=\"has-medium-font-size wp-block-heading\" id=\"concurso-semed-palmas-to\"><a href=\"https:\/\/www.estrategiaconcursos.com.br\/blog\/concurso-semed-palmas-to\/\" target=\"_blank\" rel=\"noreferrer noopener\"><strong>Concurso SEMED PALMAS TO<\/strong><\/a><\/h4>\n\n\n\n<p class=\"has-cyan-bluish-gray-background-color has-background\"><strong>Status: <\/strong>edital previsto para 2022<\/p>\n\n\n\n<p class=\"has-cyan-bluish-gray-background-color has-background\"><strong>Perspectivas:<\/strong> A Secretaria de Educa\u00e7\u00e3o da Prefeitura de Palmas (TO) pretende realizar um novo certame em 2022 (<strong>concurso SEMED Palmas TO<\/strong>).&nbsp;<\/p>\n\n\n\n<h4 class=\"wp-block-heading\" id=\"h-concurso-sme-olinda-pe\"><a href=\"https:\/\/www.estrategiaconcursos.com.br\/blog\/concurso-sme-olinda-pe\/\" target=\"_blank\" rel=\"noreferrer noopener\">Concurso SME OLINDA -PE<\/a><\/h4>\n\n\n\n<p class=\"has-cyan-bluish-gray-background-color has-background\"><strong>Status: <\/strong>comiss\u00e3o formada <\/p>\n\n\n\n<p class=\"has-cyan-bluish-gray-background-color has-background\"><strong>Perspectivas:<\/strong> comiss\u00e3o organizadora formada. Ser\u00e3o ofertadas 200 vagas para Professor. <\/p>\n\n\n\n<h4 class=\"has-medium-font-size wp-block-heading\" id=\"h-concurso-sedf\"><a rel=\"noreferrer noopener\" href=\"https:\/\/www.estrategiaconcursos.com.br\/blog\/concurso-sedf\/\" target=\"_blank\"><strong>Concurso SEDF<\/strong><\/a><\/h4>\n\n\n\n<p class=\"has-cyan-bluish-gray-background-color has-background\"><strong>Status: <\/strong>autorizado<\/p>\n\n\n\n<p class=\"has-cyan-bluish-gray-background-color has-background\"><strong>Perspectivas:<\/strong> Sele\u00e7\u00e3o autorizada! O Secret\u00e1rio de Educa\u00e7\u00e3o divulgou que haver\u00e1 concurso para Professor efetivo em 2021. Em entrevista ao Correio Brasiliense Poder, a Secret\u00e1ria de Educa\u00e7\u00e3o do Distrito Federal, H\u00e9lvia Paranagu\u00e1, afirmou que a publica\u00e7\u00e3o de novo edital do concurso SEDF est\u00e1 prevista para ocorrer ainda em 2021.<\/p>\n\n\n\n<p class=\"has-medium-font-size\"><strong><a aria-label=\"Concurso SEED PR (abre numa nova aba)\" href=\"https:\/\/www.estrategiaconcursos.com.br\/blog\/concurso-seed-pr-governador-anuncia-certame\/\" target=\"_blank\" rel=\"noreferrer noopener\">Concurso SEED PR<\/a><\/strong><\/p>\n\n\n\n<p class=\"has-cyan-bluish-gray-background-color has-background\"><strong>Status<\/strong>: Grupo de trabalho\/Comiss\u00e3o organizadora<\/p>\n\n\n\n<p class=\"has-cyan-bluish-gray-background-color has-background\"><strong>Perspectivas<\/strong>: A Secretaria da Educa\u00e7\u00e3o e do Esporte do Estado do Paran\u00e1 divulgou um documento que revela a cria\u00e7\u00e3o de um Grupo de Trabalho para estudar a possibilidade de novos concursos. <\/p>\n\n\n\n<p class=\"has-medium-font-size\"><strong><a href=\"https:\/\/www.estrategiaconcursos.com.br\/blog\/concurso-seed-ap\/\" target=\"_blank\" rel=\"noreferrer noopener\">Concurso SEED AP<\/a><\/strong><\/p>\n\n\n\n<p class=\"has-cyan-bluish-gray-background-color has-background\"><strong>Status<\/strong>: comiss\u00e3o formada\/edital em mar\u00e7o de 2022<\/p>\n\n\n\n<p class=\"has-cyan-bluish-gray-background-color has-background\" id=\"block-e97e66e7-fe34-4204-a19a-d9afeb09479d\"><strong>Perspectivas:<\/strong>&nbsp;Em uma transmiss\u00e3o ao vivo em sua rede social oficial, o governado do estado do Amap\u00e1, Waldez G\u00f3es, anunciou que <strong>o edital do novo concurso SEED AP ofertar\u00e1 2.022 vagas e ter\u00e1 edital publicado em mar\u00e7o de 2022<\/strong>.  <strong>A <\/strong>Secretaria de Educa\u00e7\u00e3o do Amap\u00e1 j\u00e1 escolheu os integrantes da <strong>comiss\u00e3o organizadora<\/strong> do concurso. <\/p>\n\n\n\n<p class=\"has-medium-font-size\"><a aria-label=\"Concurso SEMED Nova Igua\u00e7u (RJ) (abre numa nova aba)\" href=\"https:\/\/www.estrategiaconcursos.com.br\/blog\/concurso-semed-nova-iguacu-rj\/\" target=\"_blank\" rel=\"noreferrer noopener\"><strong>Concurso SEMED Nova Igua\u00e7u (RJ)<\/strong><\/a><\/p>\n\n\n\n<p class=\"has-cyan-bluish-gray-background-color has-background\"><b>Status<\/b>:  banca definida &#8211; RBO<\/p>\n\n\n\n<p class=\"has-cyan-bluish-gray-background-color has-background\"><b>Perspectivas<\/b>: RBO foi oficializada como  banca organizadora do concurso que oferta 956 vagas para educa\u00e7\u00e3o. Edital em breve.  <\/p>\n\n\n\n<p class=\"has-medium-font-size\"><strong><a href=\"https:\/\/www.estrategiaconcursos.com.br\/blog\/concurso-sme-sp\/\" target=\"_blank\" rel=\"noreferrer noopener\">Concurso SME S\u00e3o Paulo SP<\/a><\/strong><\/p>\n\n\n\n<p class=\"has-cyan-bluish-gray-background-color has-background\"><b>Status<\/b>: Autorizado <\/p>\n\n\n\n<p class=\"has-cyan-bluish-gray-background-color has-background\"><b>Perspectivas<\/b>: O Prefeito Ricardo Nunes autorizou, na sexta-feira, 15 de outubro, a abertura de dois editais visando a contrata\u00e7\u00e3o de 3.250 professores para a Secretaria Municipal de Educa\u00e7\u00e3o de S\u00e3o Paulo. \u200bO primeiro prev\u00ea a nomea\u00e7\u00e3o de 1.270 professores para a educa\u00e7\u00e3o infantil e ensino fundamental I, com sal\u00e1rio inicial de R$ 2.379,56. J\u00e1 o segundo, dever\u00e1 nomear 1.980 docentes para o ensino fundamental II e o ensino m\u00e9dio, com sal\u00e1rio inicial de R$ 2.874,48.<\/p>\n\n\n\n<p class=\"has-medium-font-size\"><strong><a href=\"https:\/\/www.estrategiaconcursos.com.br\/blog\/concurso-sme-belo-horizonte\/\" target=\"_blank\" rel=\"noreferrer noopener\"> SME Belo Horizonte<\/a><\/strong><\/p>\n\n\n\n<p class=\"has-cyan-bluish-gray-background-color has-background\"> <b>Status<\/b>: Banca definida\/comiss\u00e3o constitu\u00edda. <\/p>\n\n\n\n<p class=\"has-cyan-bluish-gray-background-color has-background\"><strong>Perspectivas<\/strong>: Divulgada a composi\u00e7\u00e3o da comiss\u00e3o formada e tamb\u00e9m o extrato do contrato com o Instituto AOCP, que ser\u00e1 a banca organizadora do concurso. <\/p>\n\n\n\n<p class=\"has-medium-font-size\"><a href=\"https:\/\/www.estrategiaconcursos.com.br\/blog\/concurso-seduc-to\/\" target=\"_blank\" rel=\"noreferrer noopener\"><strong>Concurso SEDUC TO<\/strong><\/a><\/p>\n\n\n\n<p class=\"has-cyan-bluish-gray-background-color has-background\"> <b>Status<\/b>: Comiss\u00e3o formada   <\/p>\n\n\n\n<p class=\"has-cyan-bluish-gray-background-color has-background\"><strong>Perspectivas<\/strong>: A Secretaria de Educa\u00e7\u00e3o do Tocantins divulgou a composi\u00e7\u00e3o da comiss\u00e3o organizadora do pr\u00f3ximo certame. Novo certame ser\u00e1 tema de audi\u00eancia em 19\/07. <\/p>\n\n\n\n<p class=\"has-medium-font-size\"><a href=\"https:\/\/www.estrategiaconcursos.com.br\/blog\/concurso-seduc-go\/\" target=\"_blank\" rel=\"noreferrer noopener\"><strong>Concurso SEDUC GO<\/strong><\/a><\/p>\n\n\n\n<p class=\"has-cyan-bluish-gray-background-color has-background\"><strong>Status: <\/strong>Anunciado\/Previsto para <strong>abril ou julho de 2022<\/strong><\/p>\n\n\n\n<p class=\"has-cyan-bluish-gray-background-color has-background\"><strong>Perspectivas:<\/strong> A secret\u00e1ria estadual de Educa\u00e7\u00e3o de Goi\u00e1s, F\u00e1tima Gavioli, afirmou que o&nbsp;<strong>novo edital&nbsp;<\/strong>do&nbsp;<strong>concurso Seduc GO<\/strong>&nbsp;deve ser publicado entre os meses de&nbsp;<strong>abril e julho de 2022<\/strong>. De acordo com a secret\u00e1ria, o edital deve ofertar&nbsp;<strong>5 mil vagas<\/strong>&nbsp;ao cargo de professor.<\/p>\n\n\n\n<p class=\"has-medium-font-size\"><strong><a aria-label=\"Concurso SEDU ES (abre numa nova aba)\" href=\"https:\/\/www.estrategiaconcursos.com.br\/blog\/concurso-sedu-es\/\" target=\"_blank\" rel=\"noreferrer noopener\">Concurso SEDU ES<\/a><\/strong><\/p>\n\n\n\n<p class=\"has-cyan-bluish-gray-background-color has-background\"><strong>Status<\/strong>: comiss\u00e3o formada<\/p>\n\n\n\n<p class=\"has-cyan-bluish-gray-background-color has-background\"><strong>Perspectiva<\/strong>:  O concurso Sedu ES est\u00e1 caminhando para ter seu edital divulgado em 2022. A&nbsp;<a href=\"https:\/\/dhg1h5j42swfq.cloudfront.net\/2021\/11\/09090627\/sedu-es.pdf\" target=\"_blank\" rel=\"noreferrer noopener\">comiss\u00e3o organizadora do certame<\/a>&nbsp;j\u00e1 foi formada e s\u00e3o previstas 1.500 vagas para Professor e Agente de Suporte Educacional. <\/p>\n\n\n\n<p class=\"has-medium-font-size\"><a href=\"https:\/\/www.estrategiaconcursos.com.br\/blog\/concurso-seduc-pa-previsao-2020\/?preview=true&amp;_thumbnail_id=478875\" target=\"_blank\" rel=\"noreferrer noopener\"><strong>Concurso SEDUC PA<\/strong><\/a><\/p>\n\n\n\n<p class=\"has-cyan-bluish-gray-background-color has-background\"><b>Status<\/b>: Previsto  <\/p>\n\n\n\n<p class=\"has-cyan-bluish-gray-background-color has-background\"><strong>Perspectivas:<\/strong> Uma nova publica\u00e7\u00e3o da<em> Ag\u00eancia Par\u00e1<\/em>, principal ag\u00eancia de not\u00edcias do estado do Par\u00e1, apontou que o estado j\u00e1 iniciou os preparativos para a realiza\u00e7\u00e3o de diversos novos certames, dentre os quais o concurso SEDUC PA, que ofertar\u00e1 vagas na Secretaria de Educa\u00e7\u00e3o. (SEDUC). <\/p>\n\n\n\n<p class=\"has-medium-font-size\"><strong> <a href=\"https:\/\/www.estrategiaconcursos.com.br\/blog\/concurso-see-pb\" target=\"_blank\" rel=\"noreferrer noopener\">Concurso SEE PB<\/a><\/strong><\/p>\n\n\n\n<p class=\"has-cyan-bluish-gray-background-color has-background\"> <b>Status<\/b>: Previsto   <\/p>\n\n\n\n<p class=\"has-cyan-bluish-gray-background-color has-background\"> <strong>Perspectivas<\/strong>: O governador do estado da Para\u00edba, Jo\u00e3o Azevedo Lins fez uma publica\u00e7\u00e3o em sua rede social confirmando a realiza\u00e7\u00e3o de um novo concurso para mais de 1000 professores na Secretaria de Estado da Educa\u00e7\u00e3o. <\/p>\n\n\n\n<h2 class=\"has-text-align-center wp-block-heading\" id=\"cursos-assinatura\"><strong><em>Quer estudar para Concursos Educa\u00e7\u00e3o?<\/em><\/strong><\/h2>\n\n\n\n<p class=\"has-text-align-center\"><em>Gostou desta oportunidade e deseja come\u00e7ar se preparar agora mesmo? Ent\u00e3o, confira os nossos cursos e comece a estudar para <a href=\"https:\/\/www.estrategiaconcursos.com.br\/blog\/concursos-educacao-2022\/\" target=\"_blank\" rel=\"noreferrer noopener\">concursos educa\u00e7\u00e3o<\/a>: <\/em><\/p>\n\n\n\n<div class=\"col-sm\">\n      <div class=\"banner-estrategia\" id=\"box-assinatura\">\n        <h3 class=\"titulo-assinatura\">Cursos para Educa\u00e7\u00e3o<\/h3>\n        <p class=\"subtitulo-assinatura\">Conhe\u00e7a os cursos<\/p>\n        <div class=\"box-botao\">\n          <a class=\"btn-assinatura\" target=\"_blank\" href=\"https:\/\/www.estrategiaconcursos.com.br\/cursos\/concurso\/\" role=\"button\" rel=\"noopener noreferrer\">Conhe\u00e7a mais<\/a>\n        <\/div>\n      <\/div>\n      <p class=\"texto-auxiliar\">Prepare-se com o melhor material e com quem mais aprova em Concursos P\u00fablicos em todo o pa\u00eds.<\/p>\n    <\/div>\n\n\n\n<div class=\"container\" id=\"boxes\">\n  <div class=\"row\">\n\n    <div class=\"col-sm\">\n      <div class=\"estrategia\" id=\"box-assinatura\">\n        <h3 class=\"titulo-assinatura\">Assinatura Concursos<\/h3>\n        <p class=\"subtitulo-assinatura\">Assinatura de 1 ano ou 2 anos<\/p>\n        <div class=\"box-botao\">\n          <a class=\"btn-assinatura\" target=\"_blank\" href=\"https:\/\/www.estrategiaconcursos.com.br\/assinaturas\/\" role=\"button\" rel=\"noopener noreferrer\">ASSINE AGORA<\/a>\n        <\/div>\n      <\/div>\n     \n    <\/div><\/div><\/div>\n\n\n\n<p>Quer saber tudo sobre concursos previstos?<br \/><strong>Confira nossos artigos!<\/strong><\/p>\n\n\n\n<ul class=\"wp-block-list\"><li><a target=\"_blank\" href=\"https:\/\/www.estrategiaconcursos.com.br\/blog\/concursos-2022\/\" rel=\"noreferrer noopener\">Concursos 2022<\/a><\/li><\/ul>\n\n\n\n<p>Veja os principais <a href=\"https:\/\/www.estrategiaconcursos.com.br\/blog\/concursos-abertos\/\" target=\"_blank\" rel=\"noreferrer noopener\">concursos abertos<\/a> com altos sal\u00e1rios que oferecem oportunidades para todos os n\u00edveis de escolaridade!<\/p>\n","protected":false},"excerpt":{"rendered":"<p>Os editais da \u00e1rea da educa\u00e7\u00e3o normalmente s\u00e3o publicados durante todo o ano. Com oferta de muitas vagas, remunera\u00e7\u00f5es compat\u00edveis ou superiores ao mercado, estas sele\u00e7\u00f5es s\u00e3o a porta de entrada para concurseiros que pretendem ter estabilidade e progress\u00e3o na carreira. S\u00e3o previstos v\u00e1rios editais para 2022 com vagas para o Magist\u00e9rio e cargos administrativos [&hellip;]<\/p>\n","protected":false},"author":1,"featured_media":698696,"comment_status":"open","ping_status":"closed","sticky":false,"template":"","format":"standard","meta":{"post_tipo":"news","footnotes":""},"categories":[3766,220219],"tags":[],"tax_estado":[219964,219965,219966,219967,219968,219969,219963,219970,219971,219972,219973,219974,219975,219976,219977,219978,219979,219980,219981,219982,219983,219984,219985,219986,219987,219988,219989,219990],"class_list":["post-939449","post","type-post","status-publish","format-standard","has-post-thumbnail","hentry","category-educacional","category-noticias","tax_estado-ac","tax_estado-al","tax_estado-am","tax_estado-ap","tax_estado-ba","tax_estado-ce","tax_estado-concursos-federais","tax_estado-df","tax_estado-es","tax_estado-go","tax_estado-ma","tax_estado-mg","tax_estado-ms","tax_estado-mt","tax_estado-pa","tax_estado-pb","tax_estado-pe","tax_estado-pi","tax_estado-pr","tax_estado-rj","tax_estado-rn","tax_estado-ro","tax_estado-rr","tax_estado-rs","tax_estado-sc","tax_estado-se","tax_estado-sp","tax_estado-to"],"acf":[],"yoast_head":"<!-- This site is optimized with the Yoast SEO Premium plugin v27.2 (Yoast SEO v27.2) - https:\/\/yoast.com\/product\/yoast-seo-premium-wordpress\/ -->\n<title>Educa\u00e7\u00e3o: concursos previstos para 2022<\/title>\n<meta name=\"description\" content=\"Confira neste artigo os concursos de Educa\u00e7\u00e3o previstos para o ano de 2022.\" \/>\n<meta name=\"robots\" content=\"index, follow, max-snippet:-1, max-image-preview:large, max-video-preview:-1\" \/>\n<link rel=\"canonical\" href=\"https:\/\/www.estrategiaconcursos.com.br\/blog\/educacao-concursos-previstos-para-2022\/\" \/>\n<meta property=\"og:locale\" content=\"pt_BR\" \/>\n<meta property=\"og:type\" content=\"article\" \/>\n<meta property=\"og:title\" content=\"Educa\u00e7\u00e3o: concursos previstos para 2022\" \/>\n<meta property=\"og:description\" content=\"Confira neste artigo os concursos de Educa\u00e7\u00e3o previstos para o ano de 2022.\" \/>\n<meta property=\"og:url\" content=\"https:\/\/www.estrategiaconcursos.com.br\/blog\/educacao-concursos-previstos-para-2022\/\" \/>\n<meta property=\"og:site_name\" content=\"Estrat\u00e9gia Concursos\" \/>\n<meta property=\"article:author\" content=\"https:\/\/www.facebook.com\/EstrategiaConcursos\" \/>\n<meta property=\"article:published_time\" content=\"2022-01-04T16:48:40+00:00\" \/>\n<meta property=\"article:modified_time\" content=\"2022-04-26T18:39:49+00:00\" \/>\n<meta property=\"og:image\" content=\"https:\/\/dhg1h5j42swfq.cloudfront.net\/2021\/02\/22172036\/concursos-educacao.jpg\" \/>\n\t<meta property=\"og:image:width\" content=\"1200\" \/>\n\t<meta property=\"og:image:height\" content=\"628\" \/>\n\t<meta property=\"og:image:type\" content=\"image\/jpeg\" \/>\n<meta name=\"author\" content=\"Coordena\u00e7\u00e3o\" \/>\n<meta name=\"twitter:card\" content=\"summary_large_image\" \/>\n<meta name=\"twitter:creator\" content=\"@EstratConcursos\" \/>\n<meta name=\"twitter:site\" content=\"@EstratConcursos\" \/>\n<meta name=\"twitter:label1\" content=\"Escrito por\" \/>\n\t<meta name=\"twitter:data1\" content=\"Coordena\u00e7\u00e3o\" \/>\n\t<meta name=\"twitter:label2\" content=\"Est. tempo de leitura\" \/>\n\t<meta name=\"twitter:data2\" content=\"11 minutos\" \/>\n<script type=\"application\/ld+json\" class=\"yoast-schema-graph\">{\"@context\":\"https:\/\/schema.org\",\"@graph\":[{\"@type\":\"NewsArticle\",\"@id\":\"https:\/\/www.estrategiaconcursos.com.br\/blog\/educacao-concursos-previstos-para-2022\/#article\",\"isPartOf\":{\"@id\":\"https:\/\/www.estrategiaconcursos.com.br\/blog\/educacao-concursos-previstos-para-2022\/\"},\"author\":{\"name\":\"Coordena\u00e7\u00e3o\",\"@id\":\"https:\/\/www.estrategiaconcursos.com.br\/blog\/#\/schema\/person\/b4a388c97673c5f483d72185668afa1f\"},\"headline\":\"Educa\u00e7\u00e3o: concursos previstos para 2022\",\"datePublished\":\"2022-01-04T16:48:40+00:00\",\"dateModified\":\"2022-04-26T18:39:49+00:00\",\"mainEntityOfPage\":{\"@id\":\"https:\/\/www.estrategiaconcursos.com.br\/blog\/educacao-concursos-previstos-para-2022\/\"},\"wordCount\":2003,\"commentCount\":0,\"publisher\":{\"@id\":\"https:\/\/www.estrategiaconcursos.com.br\/blog\/#organization\"},\"image\":{\"@id\":\"https:\/\/www.estrategiaconcursos.com.br\/blog\/educacao-concursos-previstos-para-2022\/#primaryimage\"},\"thumbnailUrl\":\"https:\/\/dhg1h5j42swfq.cloudfront.net\/2021\/02\/22172036\/concursos-educacao.jpg\",\"articleSection\":[\"Educa\u00e7\u00e3o\",\"\u00daltimas not\u00edcias\"],\"inLanguage\":\"pt-BR\",\"potentialAction\":[{\"@type\":\"CommentAction\",\"name\":\"Comment\",\"target\":[\"https:\/\/www.estrategiaconcursos.com.br\/blog\/educacao-concursos-previstos-para-2022\/#respond\"]}],\"copyrightYear\":\"2022\",\"copyrightHolder\":{\"@id\":\"https:\/\/www.estrategiaconcursos.com.br\/blog\/#organization\"}},{\"@type\":\"WebPage\",\"@id\":\"https:\/\/www.estrategiaconcursos.com.br\/blog\/educacao-concursos-previstos-para-2022\/\",\"url\":\"https:\/\/www.estrategiaconcursos.com.br\/blog\/educacao-concursos-previstos-para-2022\/\",\"name\":\"Educa\u00e7\u00e3o: concursos previstos para 2022\",\"isPartOf\":{\"@id\":\"https:\/\/www.estrategiaconcursos.com.br\/blog\/#website\"},\"primaryImageOfPage\":{\"@id\":\"https:\/\/www.estrategiaconcursos.com.br\/blog\/educacao-concursos-previstos-para-2022\/#primaryimage\"},\"image\":{\"@id\":\"https:\/\/www.estrategiaconcursos.com.br\/blog\/educacao-concursos-previstos-para-2022\/#primaryimage\"},\"thumbnailUrl\":\"https:\/\/dhg1h5j42swfq.cloudfront.net\/2021\/02\/22172036\/concursos-educacao.jpg\",\"datePublished\":\"2022-01-04T16:48:40+00:00\",\"dateModified\":\"2022-04-26T18:39:49+00:00\",\"description\":\"Confira neste artigo os concursos de Educa\u00e7\u00e3o previstos para o ano de 2022.\",\"breadcrumb\":{\"@id\":\"https:\/\/www.estrategiaconcursos.com.br\/blog\/educacao-concursos-previstos-para-2022\/#breadcrumb\"},\"inLanguage\":\"pt-BR\",\"potentialAction\":[{\"@type\":\"ReadAction\",\"target\":[\"https:\/\/www.estrategiaconcursos.com.br\/blog\/educacao-concursos-previstos-para-2022\/\"]}]},{\"@type\":\"ImageObject\",\"inLanguage\":\"pt-BR\",\"@id\":\"https:\/\/www.estrategiaconcursos.com.br\/blog\/educacao-concursos-previstos-para-2022\/#primaryimage\",\"url\":\"https:\/\/dhg1h5j42swfq.cloudfront.net\/2021\/02\/22172036\/concursos-educacao.jpg\",\"contentUrl\":\"https:\/\/dhg1h5j42swfq.cloudfront.net\/2021\/02\/22172036\/concursos-educacao.jpg\",\"width\":1200,\"height\":628,\"caption\":\"educa\u00e7\u00e3o\"},{\"@type\":\"BreadcrumbList\",\"@id\":\"https:\/\/www.estrategiaconcursos.com.br\/blog\/educacao-concursos-previstos-para-2022\/#breadcrumb\",\"itemListElement\":[{\"@type\":\"ListItem\",\"position\":1,\"name\":\"In\u00edcio\",\"item\":\"https:\/\/www.estrategiaconcursos.com.br\/blog\/\"},{\"@type\":\"ListItem\",\"position\":2,\"name\":\"Educa\u00e7\u00e3o: concursos previstos para 2022\"}]},{\"@type\":\"WebSite\",\"@id\":\"https:\/\/www.estrategiaconcursos.com.br\/blog\/#website\",\"url\":\"https:\/\/www.estrategiaconcursos.com.br\/blog\/\",\"name\":\"Estrat\u00e9gia Concursos\",\"description\":\"O blog da Estrat\u00e9gia Concursos traz not\u00edcias sobre concursos e artigos de professores oferecendo cursos para concursos (pdf + videaulas) no site.\",\"publisher\":{\"@id\":\"https:\/\/www.estrategiaconcursos.com.br\/blog\/#organization\"},\"potentialAction\":[{\"@type\":\"SearchAction\",\"target\":{\"@type\":\"EntryPoint\",\"urlTemplate\":\"https:\/\/www.estrategiaconcursos.com.br\/blog\/?s={search_term_string}\"},\"query-input\":{\"@type\":\"PropertyValueSpecification\",\"valueRequired\":true,\"valueName\":\"search_term_string\"}}],\"inLanguage\":\"pt-BR\"},{\"@type\":\"Organization\",\"@id\":\"https:\/\/www.estrategiaconcursos.com.br\/blog\/#organization\",\"name\":\"Estrat\u00e9gia Concursos\",\"url\":\"https:\/\/www.estrategiaconcursos.com.br\/blog\/\",\"logo\":{\"@type\":\"ImageObject\",\"inLanguage\":\"pt-BR\",\"@id\":\"https:\/\/www.estrategiaconcursos.com.br\/blog\/#\/schema\/logo\/image\/\",\"url\":\"https:\/\/dhg1h5j42swfq.cloudfront.net\/2025\/06\/03203428\/logo_concursos-1.jpg\",\"contentUrl\":\"https:\/\/dhg1h5j42swfq.cloudfront.net\/2025\/06\/03203428\/logo_concursos-1.jpg\",\"width\":230,\"height\":60,\"caption\":\"Estrat\u00e9gia Concursos\"},\"image\":{\"@id\":\"https:\/\/www.estrategiaconcursos.com.br\/blog\/#\/schema\/logo\/image\/\"},\"sameAs\":[\"https:\/\/x.com\/EstratConcursos\"]},{\"@type\":\"Person\",\"@id\":\"https:\/\/www.estrategiaconcursos.com.br\/blog\/#\/schema\/person\/b4a388c97673c5f483d72185668afa1f\",\"name\":\"Coordena\u00e7\u00e3o\",\"image\":{\"@type\":\"ImageObject\",\"inLanguage\":\"pt-BR\",\"@id\":\"https:\/\/secure.gravatar.com\/avatar\/b720319e4c9a967eb58678d110f4fe35452fc5d5f97b202bac7b8acceb18c6ad?s=96&d=mm&r=g\",\"url\":\"https:\/\/secure.gravatar.com\/avatar\/b720319e4c9a967eb58678d110f4fe35452fc5d5f97b202bac7b8acceb18c6ad?s=96&d=mm&r=g\",\"contentUrl\":\"https:\/\/secure.gravatar.com\/avatar\/b720319e4c9a967eb58678d110f4fe35452fc5d5f97b202bac7b8acceb18c6ad?s=96&d=mm&r=g\",\"caption\":\"Coordena\u00e7\u00e3o\"},\"sameAs\":[\"https:\/\/www.facebook.com\/EstrategiaConcursos\",\"https:\/\/x.com\/EstratConcursos\"],\"url\":\"https:\/\/www.estrategiaconcursos.com.br\/blog\/author\/estrategia2013\/\"}]}<\/script>\n<!-- \/ Yoast SEO Premium plugin. -->","yoast_head_json":{"title":"Educa\u00e7\u00e3o: concursos previstos para 2022","description":"Confira neste artigo os concursos de Educa\u00e7\u00e3o previstos para o ano de 2022.","robots":{"index":"index","follow":"follow","max-snippet":"max-snippet:-1","max-image-preview":"max-image-preview:large","max-video-preview":"max-video-preview:-1"},"canonical":"https:\/\/www.estrategiaconcursos.com.br\/blog\/educacao-concursos-previstos-para-2022\/","og_locale":"pt_BR","og_type":"article","og_title":"Educa\u00e7\u00e3o: concursos previstos para 2022","og_description":"Confira neste artigo os concursos de Educa\u00e7\u00e3o previstos para o ano de 2022.","og_url":"https:\/\/www.estrategiaconcursos.com.br\/blog\/educacao-concursos-previstos-para-2022\/","og_site_name":"Estrat\u00e9gia Concursos","article_author":"https:\/\/www.facebook.com\/EstrategiaConcursos","article_published_time":"2022-01-04T16:48:40+00:00","article_modified_time":"2022-04-26T18:39:49+00:00","og_image":[{"width":1200,"height":628,"url":"https:\/\/dhg1h5j42swfq.cloudfront.net\/2021\/02\/22172036\/concursos-educacao.jpg","type":"image\/jpeg"}],"author":"Coordena\u00e7\u00e3o","twitter_card":"summary_large_image","twitter_creator":"@EstratConcursos","twitter_site":"@EstratConcursos","twitter_misc":{"Escrito por":"Coordena\u00e7\u00e3o","Est. tempo de leitura":"11 minutos"},"schema":{"@context":"https:\/\/schema.org","@graph":[{"@type":"NewsArticle","@id":"https:\/\/www.estrategiaconcursos.com.br\/blog\/educacao-concursos-previstos-para-2022\/#article","isPartOf":{"@id":"https:\/\/www.estrategiaconcursos.com.br\/blog\/educacao-concursos-previstos-para-2022\/"},"author":{"name":"Coordena\u00e7\u00e3o","@id":"https:\/\/www.estrategiaconcursos.com.br\/blog\/#\/schema\/person\/b4a388c97673c5f483d72185668afa1f"},"headline":"Educa\u00e7\u00e3o: concursos previstos para 2022","datePublished":"2022-01-04T16:48:40+00:00","dateModified":"2022-04-26T18:39:49+00:00","mainEntityOfPage":{"@id":"https:\/\/www.estrategiaconcursos.com.br\/blog\/educacao-concursos-previstos-para-2022\/"},"wordCount":2003,"commentCount":0,"publisher":{"@id":"https:\/\/www.estrategiaconcursos.com.br\/blog\/#organization"},"image":{"@id":"https:\/\/www.estrategiaconcursos.com.br\/blog\/educacao-concursos-previstos-para-2022\/#primaryimage"},"thumbnailUrl":"https:\/\/dhg1h5j42swfq.cloudfront.net\/2021\/02\/22172036\/concursos-educacao.jpg","articleSection":["Educa\u00e7\u00e3o","\u00daltimas not\u00edcias"],"inLanguage":"pt-BR","potentialAction":[{"@type":"CommentAction","name":"Comment","target":["https:\/\/www.estrategiaconcursos.com.br\/blog\/educacao-concursos-previstos-para-2022\/#respond"]}],"copyrightYear":"2022","copyrightHolder":{"@id":"https:\/\/www.estrategiaconcursos.com.br\/blog\/#organization"}},{"@type":"WebPage","@id":"https:\/\/www.estrategiaconcursos.com.br\/blog\/educacao-concursos-previstos-para-2022\/","url":"https:\/\/www.estrategiaconcursos.com.br\/blog\/educacao-concursos-previstos-para-2022\/","name":"Educa\u00e7\u00e3o: concursos previstos para 2022","isPartOf":{"@id":"https:\/\/www.estrategiaconcursos.com.br\/blog\/#website"},"primaryImageOfPage":{"@id":"https:\/\/www.estrategiaconcursos.com.br\/blog\/educacao-concursos-previstos-para-2022\/#primaryimage"},"image":{"@id":"https:\/\/www.estrategiaconcursos.com.br\/blog\/educacao-concursos-previstos-para-2022\/#primaryimage"},"thumbnailUrl":"https:\/\/dhg1h5j42swfq.cloudfront.net\/2021\/02\/22172036\/concursos-educacao.jpg","datePublished":"2022-01-04T16:48:40+00:00","dateModified":"2022-04-26T18:39:49+00:00","description":"Confira neste artigo os concursos de Educa\u00e7\u00e3o previstos para o ano de 2022.","breadcrumb":{"@id":"https:\/\/www.estrategiaconcursos.com.br\/blog\/educacao-concursos-previstos-para-2022\/#breadcrumb"},"inLanguage":"pt-BR","potentialAction":[{"@type":"ReadAction","target":["https:\/\/www.estrategiaconcursos.com.br\/blog\/educacao-concursos-previstos-para-2022\/"]}]},{"@type":"ImageObject","inLanguage":"pt-BR","@id":"https:\/\/www.estrategiaconcursos.com.br\/blog\/educacao-concursos-previstos-para-2022\/#primaryimage","url":"https:\/\/dhg1h5j42swfq.cloudfront.net\/2021\/02\/22172036\/concursos-educacao.jpg","contentUrl":"https:\/\/dhg1h5j42swfq.cloudfront.net\/2021\/02\/22172036\/concursos-educacao.jpg","width":1200,"height":628,"caption":"educa\u00e7\u00e3o"},{"@type":"BreadcrumbList","@id":"https:\/\/www.estrategiaconcursos.com.br\/blog\/educacao-concursos-previstos-para-2022\/#breadcrumb","itemListElement":[{"@type":"ListItem","position":1,"name":"In\u00edcio","item":"https:\/\/www.estrategiaconcursos.com.br\/blog\/"},{"@type":"ListItem","position":2,"name":"Educa\u00e7\u00e3o: concursos previstos para 2022"}]},{"@type":"WebSite","@id":"https:\/\/www.estrategiaconcursos.com.br\/blog\/#website","url":"https:\/\/www.estrategiaconcursos.com.br\/blog\/","name":"Estrat\u00e9gia Concursos","description":"O blog da Estrat\u00e9gia Concursos traz not\u00edcias sobre concursos e artigos de professores oferecendo cursos para concursos (pdf + videaulas) no site.","publisher":{"@id":"https:\/\/www.estrategiaconcursos.com.br\/blog\/#organization"},"potentialAction":[{"@type":"SearchAction","target":{"@type":"EntryPoint","urlTemplate":"https:\/\/www.estrategiaconcursos.com.br\/blog\/?s={search_term_string}"},"query-input":{"@type":"PropertyValueSpecification","valueRequired":true,"valueName":"search_term_string"}}],"inLanguage":"pt-BR"},{"@type":"Organization","@id":"https:\/\/www.estrategiaconcursos.com.br\/blog\/#organization","name":"Estrat\u00e9gia Concursos","url":"https:\/\/www.estrategiaconcursos.com.br\/blog\/","logo":{"@type":"ImageObject","inLanguage":"pt-BR","@id":"https:\/\/www.estrategiaconcursos.com.br\/blog\/#\/schema\/logo\/image\/","url":"https:\/\/dhg1h5j42swfq.cloudfront.net\/2025\/06\/03203428\/logo_concursos-1.jpg","contentUrl":"https:\/\/dhg1h5j42swfq.cloudfront.net\/2025\/06\/03203428\/logo_concursos-1.jpg","width":230,"height":60,"caption":"Estrat\u00e9gia Concursos"},"image":{"@id":"https:\/\/www.estrategiaconcursos.com.br\/blog\/#\/schema\/logo\/image\/"},"sameAs":["https:\/\/x.com\/EstratConcursos"]},{"@type":"Person","@id":"https:\/\/www.estrategiaconcursos.com.br\/blog\/#\/schema\/person\/b4a388c97673c5f483d72185668afa1f","name":"Coordena\u00e7\u00e3o","image":{"@type":"ImageObject","inLanguage":"pt-BR","@id":"https:\/\/secure.gravatar.com\/avatar\/b720319e4c9a967eb58678d110f4fe35452fc5d5f97b202bac7b8acceb18c6ad?s=96&d=mm&r=g","url":"https:\/\/secure.gravatar.com\/avatar\/b720319e4c9a967eb58678d110f4fe35452fc5d5f97b202bac7b8acceb18c6ad?s=96&d=mm&r=g","contentUrl":"https:\/\/secure.gravatar.com\/avatar\/b720319e4c9a967eb58678d110f4fe35452fc5d5f97b202bac7b8acceb18c6ad?s=96&d=mm&r=g","caption":"Coordena\u00e7\u00e3o"},"sameAs":["https:\/\/www.facebook.com\/EstrategiaConcursos","https:\/\/x.com\/EstratConcursos"],"url":"https:\/\/www.estrategiaconcursos.com.br\/blog\/author\/estrategia2013\/"}]}},"_links":{"self":[{"href":"https:\/\/www.estrategiaconcursos.com.br\/blog\/wp-json\/wp\/v2\/posts\/939449","targetHints":{"allow":["GET"]}}],"collection":[{"href":"https:\/\/www.estrategiaconcursos.com.br\/blog\/wp-json\/wp\/v2\/posts"}],"about":[{"href":"https:\/\/www.estrategiaconcursos.com.br\/blog\/wp-json\/wp\/v2\/types\/post"}],"author":[{"embeddable":true,"href":"https:\/\/www.estrategiaconcursos.com.br\/blog\/wp-json\/wp\/v2\/users\/1"}],"replies":[{"embeddable":true,"href":"https:\/\/www.estrategiaconcursos.com.br\/blog\/wp-json\/wp\/v2\/comments?post=939449"}],"version-history":[{"count":14,"href":"https:\/\/www.estrategiaconcursos.com.br\/blog\/wp-json\/wp\/v2\/posts\/939449\/revisions"}],"predecessor-version":[{"id":1015883,"href":"https:\/\/www.estrategiaconcursos.com.br\/blog\/wp-json\/wp\/v2\/posts\/939449\/revisions\/1015883"}],"wp:featuredmedia":[{"embeddable":true,"href":"https:\/\/www.estrategiaconcursos.com.br\/blog\/wp-json\/wp\/v2\/media\/698696"}],"wp:attachment":[{"href":"https:\/\/www.estrategiaconcursos.com.br\/blog\/wp-json\/wp\/v2\/media?parent=939449"}],"wp:term":[{"taxonomy":"category","embeddable":true,"href":"https:\/\/www.estrategiaconcursos.com.br\/blog\/wp-json\/wp\/v2\/categories?post=939449"},{"taxonomy":"post_tag","embeddable":true,"href":"https:\/\/www.estrategiaconcursos.com.br\/blog\/wp-json\/wp\/v2\/tags?post=939449"},{"taxonomy":"tax_estado","embeddable":true,"href":"https:\/\/www.estrategiaconcursos.com.br\/blog\/wp-json\/wp\/v2\/tax_estado?post=939449"}],"curies":[{"name":"wp","href":"https:\/\/api.w.org\/{rel}","templated":true}]}}