{"id":939334,"date":"2022-01-04T11:59:51","date_gmt":"2022-01-04T14:59:51","guid":{"rendered":"https:\/\/www.estrategiaconcursos.com.br\/blog\/?p=939334"},"modified":"2022-12-27T12:09:10","modified_gmt":"2022-12-27T15:09:10","slug":"concurso-publico-provas-janeiro-2022","status":"publish","type":"post","link":"https:\/\/www.estrategiaconcursos.com.br\/blog\/concurso-publico-provas-janeiro-2022\/","title":{"rendered":"Concurso P\u00fablico: as principais provas marcadas para janeiro"},"content":{"rendered":"\n<p>O ano de 2022 j\u00e1 come\u00e7ou com a promessa de ser o ano da retomada, com a publica\u00e7\u00e3o de grandes editais, assim como a realiza\u00e7\u00e3o de provas das principais \u00e1reas.<\/p>\n\n\n\n<p>E o m\u00eas de janeiro j\u00e1 mostra a que veio, com avalia\u00e7\u00f5es de concursos como Pol\u00edcia Civil RJ, IBAMA, Minist\u00e9rio da Justi\u00e7a e DPE RO.<\/p>\n\n\n\n<p>Ao longo deste artigo, reunimos as <strong>principais sele\u00e7\u00f5es <\/strong>que ser\u00e3o realizadas ao longo de <strong>janeiro<\/strong>. Dentre elas, oportunidades nas \u00e1reas da seguran\u00e7a p\u00fablica, sa\u00fade, tribunais e carreiras jur\u00eddicas. Confira:<\/p>\n\n\n\n<ul class=\"wp-block-list\" id=\"indice\"><li><a href=\"#policial\">Seguran\u00e7a P\u00fablica<\/a><\/li><li><a href=\"#tribunais\">Tribunais<\/a><\/li><li><a href=\"#ecj\">Carreiras Jur\u00eddicas<\/a><\/li><li><a href=\"#saude\">Sa\u00fade<\/a><\/li><li><a href=\"#controle\">Controle<\/a><\/li><li><a href=\"#outras\">Outras \u00e1reas<\/a><\/li><\/ul>\n\n\n\n<div class=\"container\" id=\"boxes\">\n  <div class=\"row\">\n\n    <div class=\"col-sm\">\n      <div class=\"estrategia\" id=\"box-assinatura\">\n        <h3 class=\"titulo-assinatura\">Assinatura Concursos<\/h3>\n        <p class=\"subtitulo-assinatura\">Assinatura de 1 ano ou 2 anos<\/p>\n        <div class=\"box-botao\">\n          <a class=\"btn-assinatura\" target=\"_blank\" href=\"https:\/\/www.estrategiaconcursos.com.br\/assinaturas\/\" role=\"button\" rel=\"noopener noreferrer\">ASSINE AGORA<\/a>\n        <\/div>\n      <\/div>\n     \n    <\/div><\/div><\/div>\n\n\n\n<h2 class=\"wp-block-heading\" id=\"h-confira-as-principais-provas-do-mes-de-janeiro\">Confira as principais provas do m\u00eas de janeiro:<\/h2>\n\n\n\n<h3 class=\"has-text-align-center has-black-color has-text-color has-background wp-block-heading\" id=\"policial\" style=\"background-color:#d9c7ea\"> Seguran\u00e7a P\u00fablica <\/h3>\n\n\n\n<h3 class=\"wp-block-heading\"><a href=\"https:\/\/www.estrategiaconcursos.com.br\/blog\/concurso-policia-civil-rj\/\" target=\"_blank\" rel=\"noreferrer noopener\">Concurso PCERJ<\/a><\/h3>\n\n\n\n<ul class=\"wp-block-list\" id=\"block-2134db32-bafa-4da6-bdcc-c7df66fc23f5\"><li><strong>Data da prova: <\/strong>23\/01\/2022<\/li><li><strong>Banca:&nbsp;<\/strong>FGV<\/li><li><strong>Cargos:<\/strong>&nbsp;Auxiliar de Necropsia <\/li><li><strong>Forma\u00e7\u00e3o:&nbsp;<\/strong>N\u00edvel fundamental <\/li><li><strong>Vagas:<\/strong> 10<\/li><li><strong>Sal\u00e1rio:<\/strong>&nbsp;R$ 4.606,29 e <\/li><li><a href=\"https:\/\/www.estrategiaconcursos.com.br\/curso\/pc-rj-auxiliar-de-necropsia-pacote-2021-pos-edital\/\" target=\"_blank\" rel=\"noreferrer noopener\">Curso para PCERJ<\/a><\/li><\/ul>\n\n\n\n<ul class=\"wp-block-list\" id=\"block-2134db32-bafa-4da6-bdcc-c7df66fc23f5\"><li><strong>Data da prova:<\/strong> 30\/01\/2022<\/li><li><strong>Banca:&nbsp;<\/strong>FGV<\/li><li><strong>Cargos:<\/strong>&nbsp;Inspetor<\/li><li><strong>Forma\u00e7\u00e3o:&nbsp;<\/strong>N\u00edvel superior<\/li><li><strong>Vagas:<\/strong> 100<\/li><li><strong>Sal\u00e1rio:<\/strong>&nbsp;R$ 6.380,29<\/li><li><a href=\"https:\/\/www.estrategiaconcursos.com.br\/curso\/pc-rj-inspetor-pacote-2021-pos-edital\/\" target=\"_blank\" rel=\"noreferrer noopener\">Curso para PCERJ<\/a><\/li><\/ul>\n\n\n\n<h3 class=\"wp-block-heading\"><a href=\"https:\/\/www.estrategiaconcursos.com.br\/blog\/concurso-brigada-militar-rs\/\" target=\"_blank\" rel=\"noreferrer noopener\">Concurso Brigada Militar RS<\/a><\/h3>\n\n\n\n<ul class=\"wp-block-list\" id=\"block-2134db32-bafa-4da6-bdcc-c7df66fc23f5\"><li><strong>Data da prova:&nbsp;<\/strong>30\/01\/2022<\/li><li><strong>Banca:&nbsp;<\/strong>Fundatec<\/li><li><strong>Cargos:<\/strong>&nbsp;Soldado<\/li><li><strong>Forma\u00e7\u00e3o:&nbsp;<\/strong>N\u00edvel m\u00e9dio<\/li><li><strong>Vagas:<\/strong> 4.000<\/li><li><strong>Sal\u00e1rio:<\/strong>&nbsp;R$ 4.689,23<\/li><li><a href=\"https:\/\/www.estrategiaconcursos.com.br\/curso\/pm-rs-soldado-da-brigada-militar-pacote-2021-pos-edital\/\" target=\"_blank\" rel=\"noreferrer noopener\">Curso para Brigada Militar RS<\/a><\/li><\/ul>\n\n\n\n<h3 class=\"has-text-align-center has-black-color has-text-color has-background wp-block-heading\" id=\"tribunais\" style=\"background-color:#d9c7ea\">Tribunais<\/h3>\n\n\n\n<h3 class=\"wp-block-heading\"><a href=\"https:\/\/www.estrategiaconcursos.com.br\/blog\/concurso-dpe-ro\/\" target=\"_blank\" rel=\"noreferrer noopener\">Concurso DPE RO<\/a><\/h3>\n\n\n\n<ul class=\"wp-block-list\" id=\"block-2134db32-bafa-4da6-bdcc-c7df66fc23f5\"><li><strong>Data da prova:&nbsp;<\/strong>16\/01\/2022<\/li><li><strong>Banca:&nbsp;<\/strong>Cebraspe<\/li><li><strong>Cargos:<\/strong>&nbsp;Analista, T\u00e9cnico e Oficial de Dilig\u00eancia<\/li><li><strong>Forma\u00e7\u00e3o:&nbsp;<\/strong>N\u00edvel m\u00e9dio e superior<\/li><li><strong>Vagas:<\/strong> 15 + CR <\/li><li><strong>Sal\u00e1rio:<\/strong>&nbsp;R$ 2.245,48 e R$ 4.260,66<\/li><li><a href=\"https:\/\/www.estrategiaconcursos.com.br\/cursosPorConcurso\/dpe-ro-defensoria-publica-de-rondonia-servidores\/\" target=\"_blank\" rel=\"noreferrer noopener\">Curso para DPE RO<\/a><\/li><\/ul>\n\n\n\n<h3 class=\"has-text-align-center has-black-color has-text-color has-background wp-block-heading\" id=\"ecj\" style=\"background-color:#d9c7ea\">Carreiras Jur\u00eddicas<\/h3>\n\n\n\n<h3 class=\"wp-block-heading\"><a href=\"https:\/\/www.estrategiaconcursos.com.br\/blog\/concurso-magistratura-ap\/\" target=\"_blank\" rel=\"noreferrer noopener\">Concurso Magistratura AP<\/a><\/h3>\n\n\n\n<ul class=\"wp-block-list\" id=\"block-2134db32-bafa-4da6-bdcc-c7df66fc23f5\"><li><strong>Data da prova:&nbsp;<\/strong>16\/01\/2022<\/li><li><strong>Banca:&nbsp;<\/strong>FGV<\/li><li><strong>Cargos:<\/strong>&nbsp;Juiz Substituto<\/li><li><strong>Forma\u00e7\u00e3o:&nbsp;<\/strong>Bacharelado em Direito&nbsp;+&nbsp;tr\u00eas anos de atividade jur\u00eddica<\/li><li><strong>Vagas:<\/strong> 11<\/li><li><strong>Sal\u00e1rio:<\/strong>&nbsp;R$ 30.404,40<\/li><li><a href=\"https:\/\/www.estrategiaconcursos.com.br\/cursosPorConcurso\/magistratura-estadual\/\" target=\"_blank\" rel=\"noreferrer noopener\">Curso para Juiz AP<\/a><\/li><\/ul>\n\n\n\n<h3 class=\"wp-block-heading\"><a href=\"https:\/\/www.estrategiaconcursos.com.br\/blog\/concurso-mp-go-promotor\/\" target=\"_blank\" rel=\"noreferrer noopener\">Concurso MP GO Promotor<\/a><\/h3>\n\n\n\n<ul class=\"wp-block-list\" id=\"block-2134db32-bafa-4da6-bdcc-c7df66fc23f5\"><li><strong>Data da prova:&nbsp;<\/strong>16\/01\/2022<\/li><li><strong>Banca:&nbsp;<\/strong>FGV<\/li><li><strong>Cargos:<\/strong>&nbsp;Promotor de Justi\u00e7a Substituto<\/li><li><strong>Forma\u00e7\u00e3o:&nbsp;<\/strong>Bacharelado em Direito&nbsp;+&nbsp;tr\u00eas anos de atividade jur\u00eddica<\/li><li><strong>Vagas:<\/strong> 39<\/li><li><strong>Sal\u00e1rio:<\/strong>&nbsp;R$ 28.884,20<\/li><li><a href=\"https:\/\/www.estrategiaconcursos.com.br\/cursosPorConcurso\/mp-go-ministerio-publico-de-goias-promotor-justica\/\" target=\"_blank\" rel=\"noreferrer noopener\">Curso para MP GO<\/a><\/li><\/ul>\n\n\n\n<h3 class=\"wp-block-heading\"><a href=\"https:\/\/www.estrategiaconcursos.com.br\/blog\/concurso-mp-to-promotor\/\" target=\"_blank\" rel=\"noreferrer noopener\">Concurso MP TO Promotor<\/a><\/h3>\n\n\n\n<ul class=\"wp-block-list\" id=\"block-2134db32-bafa-4da6-bdcc-c7df66fc23f5\"><li><strong>Data da prova:&nbsp;<\/strong>29 e 30\/01\/2022<\/li><li><strong>Banca:&nbsp;<\/strong>Cebraspe<\/li><li><strong>Cargos:<\/strong>&nbsp;Promotor de Justi\u00e7a Substituto<\/li><li><strong>Forma\u00e7\u00e3o:&nbsp;<\/strong>Bacharelado em Direito&nbsp;+&nbsp;tr\u00eas anos de atividade jur\u00eddica<\/li><li><strong>Vagas:<\/strong> 7 + CR<\/li><li><strong>Sal\u00e1rio:<\/strong>&nbsp;R$ 28.884,20<\/li><li><a href=\"https:\/\/www.estrategiaconcursos.com.br\/cursosPorConcurso\/ministerio-publico-do-tocantins-mp-to-promotor\/\" target=\"_blank\" rel=\"noreferrer noopener\">Curso para MP TO<\/a><\/li><\/ul>\n\n\n\n<h3 class=\"wp-block-heading\"><a href=\"https:\/\/www.estrategiaconcursos.com.br\/blog\/concurso-dpe-ms-defensor\/\" target=\"_blank\" rel=\"noreferrer noopener\">Concurso DPE MS Defensor<\/a><\/h3>\n\n\n\n<ul class=\"wp-block-list\" id=\"block-2134db32-bafa-4da6-bdcc-c7df66fc23f5\"><li><strong>Data da prova:&nbsp;<\/strong>30\/01\/2022<\/li><li><strong>Banca:&nbsp;<\/strong>FGV<\/li><li><strong>Cargos:<\/strong>&nbsp;Defensor Substituto<\/li><li><strong>Forma\u00e7\u00e3o:&nbsp;<\/strong>Bacharelado em Direito&nbsp;+&nbsp;tr\u00eas anos de atividade jur\u00eddica<\/li><li><strong>Vagas:<\/strong> 7 + CR<\/li><li><strong>Sal\u00e1rio:<\/strong>&nbsp;R$ 28.884,20<\/li><li><a href=\"https:\/\/www.estrategiaconcursos.com.br\/cursosPorConcurso\/defensorias-publicas-estaduais-dpe-cursos-regulares\/\" target=\"_blank\" rel=\"noreferrer noopener\">Curso para DPE MS<\/a><\/li><\/ul>\n\n\n\n<h3 class=\"wp-block-heading\"><a href=\"https:\/\/www.estrategiaconcursos.com.br\/blog\/concurso-dpe-pi-defensor\/\" target=\"_blank\" rel=\"noreferrer noopener\">Concurso DPE PI Defensor<\/a><\/h3>\n\n\n\n<ul class=\"wp-block-list\" id=\"block-2134db32-bafa-4da6-bdcc-c7df66fc23f5\"><li><strong>Data da prova:&nbsp;<\/strong>30\/01\/2022<\/li><li><strong>Banca:&nbsp;<\/strong>Cebraspe<\/li><li><strong>Cargos:<\/strong>&nbsp;Defensor P\u00fablico Substituto<\/li><li><strong>Forma\u00e7\u00e3o:&nbsp;<\/strong>Bacharelado em Direito&nbsp;+&nbsp;tr\u00eas anos de atividade jur\u00eddica<\/li><li><strong>Vagas:<\/strong> 5 + CR<\/li><li><strong>Sal\u00e1rio:<\/strong>&nbsp;R$ 23.152,30<\/li><li><a href=\"https:\/\/www.estrategiaconcursos.com.br\/cursosPorConcurso\/dpe-pi-defensoria-publica-do-piaui-defensor-publico\/\" target=\"_blank\" rel=\"noreferrer noopener\">Curso para DPE PI<\/a><\/li><\/ul>\n\n\n\n<h3 class=\"has-text-align-center has-black-color has-text-color has-background wp-block-heading\" id=\"edu\" style=\"background-color:#d9c7ea\">Sa\u00fade<\/h3>\n\n\n\n<h3 class=\"wp-block-heading\"><a href=\"https:\/\/www.estrategiaconcursos.com.br\/blog\/concurso-ses-rs\/\" target=\"_blank\" rel=\"noreferrer noopener\">Concurso SES RS<\/a><\/h3>\n\n\n\n<ul class=\"wp-block-list\" id=\"block-2134db32-bafa-4da6-bdcc-c7df66fc23f5\"><li><strong>Data da prova:&nbsp;<\/strong>09 (Odont\u00f3logo) e 23\/01\/2022 (Demais cargos)<\/li><li><strong>Banca:&nbsp;<\/strong>FAURGS<\/li><li><strong>Cargos:<\/strong>&nbsp;Especialistas em Sa\u00fade e T\u00e9cnicos em Sa\u00fade<\/li><li><strong>Forma\u00e7\u00e3o:&nbsp;<\/strong>N\u00edvel m\u00e9dio e superior<\/li><li><strong>Vagas:<\/strong> 948<\/li><li><strong>Sal\u00e1rio:<\/strong>&nbsp;R$ 1.173,11 a R$ 3.473,34 + gratifica\u00e7\u00f5es<\/li><li><a href=\"https:\/\/www.estrategiaconcursos.com.br\/cursosPorConcurso\/secretaria-de-saude-do-rio-grande-do-sul-ses-rs\/\" target=\"_blank\" rel=\"noreferrer noopener\">Curso para SES RS<\/a><\/li><\/ul>\n\n\n\n<h3 class=\"wp-block-heading\"><a href=\"https:\/\/www.estrategiaconcursos.com.br\/blog\/concurso-ipe-saude-rs\/\" target=\"_blank\" rel=\"noreferrer noopener\">Concurso Ip\u00ea Sa\u00fade RS<\/a><\/h3>\n\n\n\n<ul class=\"wp-block-list\" id=\"block-2134db32-bafa-4da6-bdcc-c7df66fc23f5\"><li><strong>Data da prova:&nbsp;<\/strong>23\/01\/2022<\/li><li><strong>Banca:&nbsp;<\/strong>Fundatec<\/li><li><strong>Cargos:<\/strong>&nbsp;T\u00e9cnicos e Analistas em Gest\u00e3o de Sa\u00fade<\/li><li><strong>Forma\u00e7\u00e3o:&nbsp;<\/strong>N\u00edvel m\u00e9dio e superior<\/li><li><strong>Vagas:<\/strong> 98<\/li><li><strong>Sal\u00e1rio:<\/strong>&nbsp;R$ 2.439,62 a R$ 4.697,20<\/li><li><a href=\"https:\/\/www.estrategiaconcursos.com.br\/cursosPorConcurso\/ipe-saude-rs\/\" target=\"_blank\" rel=\"noreferrer noopener\">Curso para Ip\u00ea RS<\/a><\/li><\/ul>\n\n\n\n<h3 class=\"has-text-align-center has-black-color has-text-color has-background wp-block-heading\" id=\"edu\" style=\"background-color:#d9c7ea\">Controle<\/h3>\n\n\n\n<h3 class=\"wp-block-heading\"><a href=\"https:\/\/www.estrategiaconcursos.com.br\/blog\/concurso-age-pa\/\" target=\"_blank\" rel=\"noreferrer noopener\">Concurso AGE PA<\/a><\/h3>\n\n\n\n<ul class=\"wp-block-list\" id=\"block-2134db32-bafa-4da6-bdcc-c7df66fc23f5\"><li><strong>Data da prova:&nbsp;<\/strong>16\/01\/2022<\/li><li><strong>Banca:&nbsp;<\/strong>Funda\u00e7\u00e3o Cetap<\/li><li><strong>Cargos:<\/strong>&nbsp;Auditor, T\u00e9cnico e Assistente<\/li><li><strong>Forma\u00e7\u00e3o:&nbsp;<\/strong>N\u00edvel m\u00e9dio e superior<\/li><li><strong>Vagas:<\/strong> 21 + CR<\/li><li><strong>Sal\u00e1rio:<\/strong>&nbsp;R$ 1.145,00 a R$ 5.026,81<\/li><li><a href=\"https:\/\/www.estrategiaconcursos.com.br\/cursosPorConcurso\/auditoria-geral-do-estado-do-para-age-pa\/\" target=\"_blank\" rel=\"noreferrer noopener\">Curso para AGE PA<\/a><\/li><\/ul>\n\n\n\n<h3 class=\"has-text-align-center has-black-color has-text-color has-background wp-block-heading\" id=\"edu\" style=\"background-color:#d9c7ea\">Outras oportunidade<\/h3>\n\n\n\n<h3 class=\"wp-block-heading\"><a href=\"https:\/\/www.estrategiaconcursos.com.br\/blog\/concurso-spgg-rs\/\" target=\"_blank\" rel=\"noreferrer noopener\">Concurso SPGG RS<\/a><\/h3>\n\n\n\n<ul class=\"wp-block-list\" id=\"block-2134db32-bafa-4da6-bdcc-c7df66fc23f5\"><li><strong>Data da prova:&nbsp;<\/strong>09\/01\/2022<\/li><li><strong>Banca:&nbsp;<\/strong>Fundatec<\/li><li><strong>Cargos:<\/strong>&nbsp;Analista de Planejamento, Or\u00e7amento e Gest\u00e3o (APOG)<\/li><li><strong>Forma\u00e7\u00e3o:&nbsp;<\/strong>N\u00edvel superior<\/li><li><strong>Vagas:<\/strong> 53<\/li><li><strong>Sal\u00e1rio:<\/strong>&nbsp;R$ 7.345,12<\/li><li><a href=\"https:\/\/www.estrategiaconcursos.com.br\/cursosPorConcurso\/secretaria-municipal-de-planejamento-governca-e-gestao-spgg-rs-porto-alegre\/\" target=\"_blank\" rel=\"noreferrer noopener\">Curso para SPGG RS<\/a><\/li><\/ul>\n\n\n\n<h3 class=\"wp-block-heading\"><a href=\"https:\/\/www.estrategiaconcursos.com.br\/blog\/concurso-ministerio-da-justica\/\" target=\"_blank\" rel=\"noreferrer noopener\">Processo seletivo Minist\u00e9rio da Justi\u00e7a<\/a><\/h3>\n\n\n\n<ul class=\"wp-block-list\" id=\"block-2134db32-bafa-4da6-bdcc-c7df66fc23f5\"><li><strong>Data da prova:&nbsp;<\/strong>09\/01\/2022<\/li><li><strong>Banca:&nbsp;<\/strong>Cebraspe<\/li><li><strong>Cargos:<\/strong>&nbsp;T\u00e9cnico Especializado<\/li><li><strong>Forma\u00e7\u00e3o:&nbsp;<\/strong>N\u00edvel superior<\/li><li><strong>Vagas:<\/strong> 66<\/li><li><strong>Sal\u00e1rio:<\/strong>&nbsp;R$ 6.130,00<\/li><li><a href=\"https:\/\/www.estrategiaconcursos.com.br\/cursosPorConcurso\/ministerio-da-justica-172\/\" target=\"_blank\" rel=\"noreferrer noopener\">Curso para pss MJ<\/a><\/li><\/ul>\n\n\n\n<h3 class=\"wp-block-heading\"><a href=\"https:\/\/www.estrategiaconcursos.com.br\/blog\/concurso-semad-belem\/\" target=\"_blank\" rel=\"noreferrer noopener\">Concurso Semad Bel\u00e9m<\/a><\/h3>\n\n\n\n<ul class=\"wp-block-list\" id=\"block-2134db32-bafa-4da6-bdcc-c7df66fc23f5\"><li><strong>Data da prova:&nbsp;<\/strong>23\/01\/2022<\/li><li><strong>Banca:&nbsp;<\/strong>AOCP<\/li><li><strong>Cargos:<\/strong>&nbsp;V\u00e1rios<\/li><li><strong>Forma\u00e7\u00e3o:&nbsp;<\/strong>N\u00edvel fundamental, m\u00e9dio e superior<\/li><li><strong>Vagas:<\/strong> 478<\/li><li><strong>Sal\u00e1rio:<\/strong>&nbsp;R$ 1.045,00 a R$ 1.655,74<\/li><li><a href=\"https:\/\/www.estrategiaconcursos.com.br\/cursosPorConcurso\/prefeitura-municipal-de-belem-pa\/\" target=\"_blank\" rel=\"noreferrer noopener\">Curso para Semad Bel\u00e9m<\/a><\/li><\/ul>\n\n\n\n<h3 class=\"wp-block-heading\"><a href=\"https:\/\/www.estrategiaconcursos.com.br\/blog\/concurso-ibama\/\" target=\"_blank\" rel=\"noreferrer noopener\">Concurso IBAMA<\/a><\/h3>\n\n\n\n<ul class=\"wp-block-list\" id=\"block-2134db32-bafa-4da6-bdcc-c7df66fc23f5\"><li><strong>Data da prova:&nbsp;<\/strong>30\/01\/2022<\/li><li><strong>Banca:&nbsp;<\/strong>Cebraspe<\/li><li><strong>Cargos:<\/strong>&nbsp;Analista Ambiental, Analista Administrativo e T\u00e9cnico Ambiental<\/li><li><strong>Forma\u00e7\u00e3o:&nbsp;<\/strong>N\u00edvel m\u00e9dio e superior<\/li><li><strong>Vagas:<\/strong> 568<\/li><li><strong>Sal\u00e1rio:<\/strong>&nbsp;R$ 4.036,34 e R$ 8.547,64<\/li><li><a href=\"https:\/\/www.estrategiaconcursos.com.br\/cursosPorConcurso\/ibama-analista-61\/\" target=\"_blank\" rel=\"noreferrer noopener\">Curso para Ibama<\/a><\/li><\/ul>\n\n\n\n<figure class=\"wp-block-image aligncenter size-large is-resized\"><img loading=\"lazy\" decoding=\"async\" src=\"https:\/\/dhg1h5j42swfq.cloudfront.net\/2020\/09\/18141901\/Coruja_Concursos%404x-506x1024.png\" alt=\"Concurso P\u00fablico: as principais provas marcadas para dezembro\" class=\"wp-image-574355\" width=\"34\" height=\"69\" srcset=\"https:\/\/dhg1h5j42swfq.cloudfront.net\/2020\/09\/18141901\/Coruja_Concursos%404x-506x1024.png 506w, https:\/\/dhg1h5j42swfq.cloudfront.net\/2020\/09\/18141901\/Coruja_Concursos%404x-148x300.png 148w, https:\/\/dhg1h5j42swfq.cloudfront.net\/2020\/09\/18141901\/Coruja_Concursos%404x-610x1236.png 610w, https:\/\/dhg1h5j42swfq.cloudfront.net\/2020\/09\/18141901\/Coruja_Concursos%404x.png 745w\" sizes=\"auto, (max-width: 34px) 100vw, 34px\" \/><\/figure>\n\n\n\n<h4 class=\"has-text-align-center wp-block-heading\" id=\"h-para-conferir-outros-editais-previstos-para-janeiro-e-tambem-para-o-ano-de-2022-acesse-os-artigos-abaixo\"><em>Para conferir outros editais previstos para janeiro e tamb\u00e9m para o ano de 2022, acesse os artigos abaixo:<\/em><\/h4>\n\n\n\n<ul class=\"wp-block-list\"><li><a href=\"https:\/\/www.estrategiaconcursos.com.br\/blog\/concursos-abertos\/\" target=\"_blank\" rel=\"noreferrer noopener\">Concursos abertos<\/a><\/li><li><a href=\"https:\/\/www.estrategiaconcursos.com.br\/blog\/concursos-2022\/\" target=\"_blank\" rel=\"noreferrer noopener\">Concursos 2022<\/a><\/li><\/ul>\n\n\n\n<div class=\"container\" id=\"boxes\">\n  <div class=\"row\">\n\n    <div class=\"col-sm\">\n      <div class=\"estrategia\" id=\"box-assinatura\">\n        <h3 class=\"titulo-assinatura\">Assinatura Concursos<\/h3>\n        <p class=\"subtitulo-assinatura\">Assinatura de 1 ano ou 2 anos<\/p>\n        <div class=\"box-botao\">\n          <a class=\"btn-assinatura\" target=\"_blank\" href=\"https:\/\/www.estrategiaconcursos.com.br\/assinaturas\/\" role=\"button\" rel=\"noopener noreferrer\">ASSINE AGORA<\/a>\n        <\/div>\n      <\/div>\n     \n    <\/div><\/div><\/div>\n","protected":false},"excerpt":{"rendered":"<p>O ano de 2022 j\u00e1 come\u00e7ou com a promessa de ser o ano da retomada, com a publica\u00e7\u00e3o de grandes editais, assim como a realiza\u00e7\u00e3o de provas das principais \u00e1reas. E o m\u00eas de janeiro j\u00e1 mostra a que veio, com avalia\u00e7\u00f5es de concursos como Pol\u00edcia Civil RJ, IBAMA, Minist\u00e9rio da Justi\u00e7a e DPE RO. [&hellip;]<\/p>\n","protected":false},"author":659,"featured_media":746120,"comment_status":"open","ping_status":"closed","sticky":false,"template":"","format":"standard","meta":{"post_tipo":"news","footnotes":""},"categories":[1,220219],"tags":[],"tax_estado":[219963],"class_list":["post-939334","post","type-post","status-publish","format-standard","has-post-thumbnail","hentry","category-cursos-e-concursos","category-noticias","tax_estado-concursos-federais"],"acf":[],"yoast_head":"<!-- This site is optimized with the Yoast SEO Premium plugin v27.2 (Yoast SEO v27.2) - https:\/\/yoast.com\/product\/yoast-seo-premium-wordpress\/ -->\n<title>Concurso P\u00fablico: as principais provas marcadas para janeiro<\/title>\n<meta name=\"description\" content=\"Confira neste artigo as principais provas de concurso p\u00fablico que ser\u00e3o realizadas ao longo deste m\u00eas de janeiro de 2022!\" \/>\n<meta name=\"robots\" content=\"index, follow, max-snippet:-1, max-image-preview:large, max-video-preview:-1\" \/>\n<link rel=\"canonical\" href=\"https:\/\/www.estrategiaconcursos.com.br\/blog\/concurso-publico-provas-janeiro-2022\/\" \/>\n<meta property=\"og:locale\" content=\"pt_BR\" \/>\n<meta property=\"og:type\" content=\"article\" \/>\n<meta property=\"og:title\" content=\"Concurso P\u00fablico: as principais provas marcadas para janeiro\" \/>\n<meta property=\"og:description\" content=\"Confira neste artigo as principais provas de concurso p\u00fablico que ser\u00e3o realizadas ao longo deste m\u00eas de janeiro de 2022!\" \/>\n<meta property=\"og:url\" content=\"https:\/\/www.estrategiaconcursos.com.br\/blog\/concurso-publico-provas-janeiro-2022\/\" \/>\n<meta property=\"og:site_name\" content=\"Estrat\u00e9gia Concursos\" \/>\n<meta property=\"article:published_time\" content=\"2022-01-04T14:59:51+00:00\" \/>\n<meta property=\"article:modified_time\" content=\"2022-12-27T15:09:10+00:00\" \/>\n<meta property=\"og:image\" content=\"https:\/\/dhg1h5j42swfq.cloudfront.net\/2021\/04\/20121239\/2022_concursos.jpeg\" \/>\n\t<meta property=\"og:image:width\" content=\"768\" \/>\n\t<meta property=\"og:image:height\" content=\"432\" \/>\n\t<meta property=\"og:image:type\" content=\"image\/jpeg\" \/>\n<meta name=\"author\" content=\"Camila Leite\" \/>\n<meta name=\"twitter:card\" content=\"summary_large_image\" \/>\n<meta name=\"twitter:creator\" content=\"@EstratConcursos\" \/>\n<meta name=\"twitter:site\" content=\"@EstratConcursos\" \/>\n<meta name=\"twitter:label1\" content=\"Escrito por\" \/>\n\t<meta name=\"twitter:data1\" content=\"Camila Leite\" \/>\n\t<meta name=\"twitter:label2\" content=\"Est. tempo de leitura\" \/>\n\t<meta name=\"twitter:data2\" content=\"4 minutos\" \/>\n<script type=\"application\/ld+json\" class=\"yoast-schema-graph\">{\"@context\":\"https:\/\/schema.org\",\"@graph\":[{\"@type\":\"NewsArticle\",\"@id\":\"https:\/\/www.estrategiaconcursos.com.br\/blog\/concurso-publico-provas-janeiro-2022\/#article\",\"isPartOf\":{\"@id\":\"https:\/\/www.estrategiaconcursos.com.br\/blog\/concurso-publico-provas-janeiro-2022\/\"},\"author\":{\"name\":\"Camila Leite\",\"@id\":\"https:\/\/www.estrategiaconcursos.com.br\/blog\/#\/schema\/person\/84ecdc6eb58d3cf1689bf76c5cd8fb38\"},\"headline\":\"Concurso P\u00fablico: as principais provas marcadas para janeiro\",\"datePublished\":\"2022-01-04T14:59:51+00:00\",\"dateModified\":\"2022-12-27T15:09:10+00:00\",\"mainEntityOfPage\":{\"@id\":\"https:\/\/www.estrategiaconcursos.com.br\/blog\/concurso-publico-provas-janeiro-2022\/\"},\"wordCount\":787,\"commentCount\":0,\"publisher\":{\"@id\":\"https:\/\/www.estrategiaconcursos.com.br\/blog\/#organization\"},\"image\":{\"@id\":\"https:\/\/www.estrategiaconcursos.com.br\/blog\/concurso-publico-provas-janeiro-2022\/#primaryimage\"},\"thumbnailUrl\":\"https:\/\/dhg1h5j42swfq.cloudfront.net\/2021\/04\/20121239\/2022_concursos.jpeg\",\"articleSection\":[\"Concursos P\u00fablicos\",\"\u00daltimas not\u00edcias\"],\"inLanguage\":\"pt-BR\",\"potentialAction\":[{\"@type\":\"CommentAction\",\"name\":\"Comment\",\"target\":[\"https:\/\/www.estrategiaconcursos.com.br\/blog\/concurso-publico-provas-janeiro-2022\/#respond\"]}],\"copyrightYear\":\"2022\",\"copyrightHolder\":{\"@id\":\"https:\/\/www.estrategiaconcursos.com.br\/blog\/#organization\"}},{\"@type\":\"WebPage\",\"@id\":\"https:\/\/www.estrategiaconcursos.com.br\/blog\/concurso-publico-provas-janeiro-2022\/\",\"url\":\"https:\/\/www.estrategiaconcursos.com.br\/blog\/concurso-publico-provas-janeiro-2022\/\",\"name\":\"Concurso P\u00fablico: as principais provas marcadas para janeiro\",\"isPartOf\":{\"@id\":\"https:\/\/www.estrategiaconcursos.com.br\/blog\/#website\"},\"primaryImageOfPage\":{\"@id\":\"https:\/\/www.estrategiaconcursos.com.br\/blog\/concurso-publico-provas-janeiro-2022\/#primaryimage\"},\"image\":{\"@id\":\"https:\/\/www.estrategiaconcursos.com.br\/blog\/concurso-publico-provas-janeiro-2022\/#primaryimage\"},\"thumbnailUrl\":\"https:\/\/dhg1h5j42swfq.cloudfront.net\/2021\/04\/20121239\/2022_concursos.jpeg\",\"datePublished\":\"2022-01-04T14:59:51+00:00\",\"dateModified\":\"2022-12-27T15:09:10+00:00\",\"description\":\"Confira neste artigo as principais provas de concurso p\u00fablico que ser\u00e3o realizadas ao longo deste m\u00eas de janeiro de 2022!\",\"breadcrumb\":{\"@id\":\"https:\/\/www.estrategiaconcursos.com.br\/blog\/concurso-publico-provas-janeiro-2022\/#breadcrumb\"},\"inLanguage\":\"pt-BR\",\"potentialAction\":[{\"@type\":\"ReadAction\",\"target\":[\"https:\/\/www.estrategiaconcursos.com.br\/blog\/concurso-publico-provas-janeiro-2022\/\"]}]},{\"@type\":\"ImageObject\",\"inLanguage\":\"pt-BR\",\"@id\":\"https:\/\/www.estrategiaconcursos.com.br\/blog\/concurso-publico-provas-janeiro-2022\/#primaryimage\",\"url\":\"https:\/\/dhg1h5j42swfq.cloudfront.net\/2021\/04\/20121239\/2022_concursos.jpeg\",\"contentUrl\":\"https:\/\/dhg1h5j42swfq.cloudfront.net\/2021\/04\/20121239\/2022_concursos.jpeg\",\"width\":768,\"height\":432,\"caption\":\"Concursos 2022\"},{\"@type\":\"BreadcrumbList\",\"@id\":\"https:\/\/www.estrategiaconcursos.com.br\/blog\/concurso-publico-provas-janeiro-2022\/#breadcrumb\",\"itemListElement\":[{\"@type\":\"ListItem\",\"position\":1,\"name\":\"In\u00edcio\",\"item\":\"https:\/\/www.estrategiaconcursos.com.br\/blog\/\"},{\"@type\":\"ListItem\",\"position\":2,\"name\":\"Concurso P\u00fablico: as principais provas marcadas para janeiro\"}]},{\"@type\":\"WebSite\",\"@id\":\"https:\/\/www.estrategiaconcursos.com.br\/blog\/#website\",\"url\":\"https:\/\/www.estrategiaconcursos.com.br\/blog\/\",\"name\":\"Estrat\u00e9gia Concursos\",\"description\":\"O blog da Estrat\u00e9gia Concursos traz not\u00edcias sobre concursos e artigos de professores oferecendo cursos para concursos (pdf + videaulas) no site.\",\"publisher\":{\"@id\":\"https:\/\/www.estrategiaconcursos.com.br\/blog\/#organization\"},\"potentialAction\":[{\"@type\":\"SearchAction\",\"target\":{\"@type\":\"EntryPoint\",\"urlTemplate\":\"https:\/\/www.estrategiaconcursos.com.br\/blog\/?s={search_term_string}\"},\"query-input\":{\"@type\":\"PropertyValueSpecification\",\"valueRequired\":true,\"valueName\":\"search_term_string\"}}],\"inLanguage\":\"pt-BR\"},{\"@type\":\"Organization\",\"@id\":\"https:\/\/www.estrategiaconcursos.com.br\/blog\/#organization\",\"name\":\"Estrat\u00e9gia Concursos\",\"url\":\"https:\/\/www.estrategiaconcursos.com.br\/blog\/\",\"logo\":{\"@type\":\"ImageObject\",\"inLanguage\":\"pt-BR\",\"@id\":\"https:\/\/www.estrategiaconcursos.com.br\/blog\/#\/schema\/logo\/image\/\",\"url\":\"https:\/\/dhg1h5j42swfq.cloudfront.net\/2025\/06\/03203428\/logo_concursos-1.jpg\",\"contentUrl\":\"https:\/\/dhg1h5j42swfq.cloudfront.net\/2025\/06\/03203428\/logo_concursos-1.jpg\",\"width\":230,\"height\":60,\"caption\":\"Estrat\u00e9gia Concursos\"},\"image\":{\"@id\":\"https:\/\/www.estrategiaconcursos.com.br\/blog\/#\/schema\/logo\/image\/\"},\"sameAs\":[\"https:\/\/x.com\/EstratConcursos\"]},{\"@type\":\"Person\",\"@id\":\"https:\/\/www.estrategiaconcursos.com.br\/blog\/#\/schema\/person\/84ecdc6eb58d3cf1689bf76c5cd8fb38\",\"name\":\"Camila Leite\",\"image\":{\"@type\":\"ImageObject\",\"inLanguage\":\"pt-BR\",\"@id\":\"https:\/\/secure.gravatar.com\/avatar\/f2f8faef639c8a2bfb7fb909912a56917f4c3a0aed064500168e2fb8ea55cf61?s=96&d=mm&r=g\",\"url\":\"https:\/\/secure.gravatar.com\/avatar\/f2f8faef639c8a2bfb7fb909912a56917f4c3a0aed064500168e2fb8ea55cf61?s=96&d=mm&r=g\",\"contentUrl\":\"https:\/\/secure.gravatar.com\/avatar\/f2f8faef639c8a2bfb7fb909912a56917f4c3a0aed064500168e2fb8ea55cf61?s=96&d=mm&r=g\",\"caption\":\"Camila Leite\"},\"description\":\"Formada em Design Gr\u00e1fico e em Propaganda e Marketing pela UNIP, integra a equipe de jornalismo do Estrat\u00e9gia Concursos desde 2018. Ao longo dos anos, construiu uma s\u00f3lida experi\u00eancia na produ\u00e7\u00e3o de conte\u00fado informativo e relevante para concurseiros. Desde 2020, atua na cobertura das \u00e1reas Fiscal \u2014 com \u00eanfase nas Secretarias de Fazenda (Sefaz) das regi\u00f5es Sul e Sudeste \u2014, al\u00e9m da cobertura de concursos federais, como CNU, Petrobras, CGU, Receita Federal, ag\u00eancias reguladoras (Anvisa, ANAC, entre outras) e INSS. Mant\u00e9m contato direto com os principais \u00f3rg\u00e3os p\u00fablicos, acompanhando editais, atualiza\u00e7\u00f5es e movimenta\u00e7\u00f5es importantes para os candidatos.\",\"sameAs\":[\"https:\/\/www.linkedin.com\/in\/camila-pinheiro-leite-9ba135b6\/\"],\"url\":\"https:\/\/www.estrategiaconcursos.com.br\/blog\/author\/camila-leiteestrategiaconcursos-com-br\/\"}]}<\/script>\n<!-- \/ Yoast SEO Premium plugin. -->","yoast_head_json":{"title":"Concurso P\u00fablico: as principais provas marcadas para janeiro","description":"Confira neste artigo as principais provas de concurso p\u00fablico que ser\u00e3o realizadas ao longo deste m\u00eas de janeiro de 2022!","robots":{"index":"index","follow":"follow","max-snippet":"max-snippet:-1","max-image-preview":"max-image-preview:large","max-video-preview":"max-video-preview:-1"},"canonical":"https:\/\/www.estrategiaconcursos.com.br\/blog\/concurso-publico-provas-janeiro-2022\/","og_locale":"pt_BR","og_type":"article","og_title":"Concurso P\u00fablico: as principais provas marcadas para janeiro","og_description":"Confira neste artigo as principais provas de concurso p\u00fablico que ser\u00e3o realizadas ao longo deste m\u00eas de janeiro de 2022!","og_url":"https:\/\/www.estrategiaconcursos.com.br\/blog\/concurso-publico-provas-janeiro-2022\/","og_site_name":"Estrat\u00e9gia Concursos","article_published_time":"2022-01-04T14:59:51+00:00","article_modified_time":"2022-12-27T15:09:10+00:00","og_image":[{"width":768,"height":432,"url":"https:\/\/dhg1h5j42swfq.cloudfront.net\/2021\/04\/20121239\/2022_concursos.jpeg","type":"image\/jpeg"}],"author":"Camila Leite","twitter_card":"summary_large_image","twitter_creator":"@EstratConcursos","twitter_site":"@EstratConcursos","twitter_misc":{"Escrito por":"Camila Leite","Est. tempo de leitura":"4 minutos"},"schema":{"@context":"https:\/\/schema.org","@graph":[{"@type":"NewsArticle","@id":"https:\/\/www.estrategiaconcursos.com.br\/blog\/concurso-publico-provas-janeiro-2022\/#article","isPartOf":{"@id":"https:\/\/www.estrategiaconcursos.com.br\/blog\/concurso-publico-provas-janeiro-2022\/"},"author":{"name":"Camila Leite","@id":"https:\/\/www.estrategiaconcursos.com.br\/blog\/#\/schema\/person\/84ecdc6eb58d3cf1689bf76c5cd8fb38"},"headline":"Concurso P\u00fablico: as principais provas marcadas para janeiro","datePublished":"2022-01-04T14:59:51+00:00","dateModified":"2022-12-27T15:09:10+00:00","mainEntityOfPage":{"@id":"https:\/\/www.estrategiaconcursos.com.br\/blog\/concurso-publico-provas-janeiro-2022\/"},"wordCount":787,"commentCount":0,"publisher":{"@id":"https:\/\/www.estrategiaconcursos.com.br\/blog\/#organization"},"image":{"@id":"https:\/\/www.estrategiaconcursos.com.br\/blog\/concurso-publico-provas-janeiro-2022\/#primaryimage"},"thumbnailUrl":"https:\/\/dhg1h5j42swfq.cloudfront.net\/2021\/04\/20121239\/2022_concursos.jpeg","articleSection":["Concursos P\u00fablicos","\u00daltimas not\u00edcias"],"inLanguage":"pt-BR","potentialAction":[{"@type":"CommentAction","name":"Comment","target":["https:\/\/www.estrategiaconcursos.com.br\/blog\/concurso-publico-provas-janeiro-2022\/#respond"]}],"copyrightYear":"2022","copyrightHolder":{"@id":"https:\/\/www.estrategiaconcursos.com.br\/blog\/#organization"}},{"@type":"WebPage","@id":"https:\/\/www.estrategiaconcursos.com.br\/blog\/concurso-publico-provas-janeiro-2022\/","url":"https:\/\/www.estrategiaconcursos.com.br\/blog\/concurso-publico-provas-janeiro-2022\/","name":"Concurso P\u00fablico: as principais provas marcadas para janeiro","isPartOf":{"@id":"https:\/\/www.estrategiaconcursos.com.br\/blog\/#website"},"primaryImageOfPage":{"@id":"https:\/\/www.estrategiaconcursos.com.br\/blog\/concurso-publico-provas-janeiro-2022\/#primaryimage"},"image":{"@id":"https:\/\/www.estrategiaconcursos.com.br\/blog\/concurso-publico-provas-janeiro-2022\/#primaryimage"},"thumbnailUrl":"https:\/\/dhg1h5j42swfq.cloudfront.net\/2021\/04\/20121239\/2022_concursos.jpeg","datePublished":"2022-01-04T14:59:51+00:00","dateModified":"2022-12-27T15:09:10+00:00","description":"Confira neste artigo as principais provas de concurso p\u00fablico que ser\u00e3o realizadas ao longo deste m\u00eas de janeiro de 2022!","breadcrumb":{"@id":"https:\/\/www.estrategiaconcursos.com.br\/blog\/concurso-publico-provas-janeiro-2022\/#breadcrumb"},"inLanguage":"pt-BR","potentialAction":[{"@type":"ReadAction","target":["https:\/\/www.estrategiaconcursos.com.br\/blog\/concurso-publico-provas-janeiro-2022\/"]}]},{"@type":"ImageObject","inLanguage":"pt-BR","@id":"https:\/\/www.estrategiaconcursos.com.br\/blog\/concurso-publico-provas-janeiro-2022\/#primaryimage","url":"https:\/\/dhg1h5j42swfq.cloudfront.net\/2021\/04\/20121239\/2022_concursos.jpeg","contentUrl":"https:\/\/dhg1h5j42swfq.cloudfront.net\/2021\/04\/20121239\/2022_concursos.jpeg","width":768,"height":432,"caption":"Concursos 2022"},{"@type":"BreadcrumbList","@id":"https:\/\/www.estrategiaconcursos.com.br\/blog\/concurso-publico-provas-janeiro-2022\/#breadcrumb","itemListElement":[{"@type":"ListItem","position":1,"name":"In\u00edcio","item":"https:\/\/www.estrategiaconcursos.com.br\/blog\/"},{"@type":"ListItem","position":2,"name":"Concurso P\u00fablico: as principais provas marcadas para janeiro"}]},{"@type":"WebSite","@id":"https:\/\/www.estrategiaconcursos.com.br\/blog\/#website","url":"https:\/\/www.estrategiaconcursos.com.br\/blog\/","name":"Estrat\u00e9gia Concursos","description":"O blog da Estrat\u00e9gia Concursos traz not\u00edcias sobre concursos e artigos de professores oferecendo cursos para concursos (pdf + videaulas) no site.","publisher":{"@id":"https:\/\/www.estrategiaconcursos.com.br\/blog\/#organization"},"potentialAction":[{"@type":"SearchAction","target":{"@type":"EntryPoint","urlTemplate":"https:\/\/www.estrategiaconcursos.com.br\/blog\/?s={search_term_string}"},"query-input":{"@type":"PropertyValueSpecification","valueRequired":true,"valueName":"search_term_string"}}],"inLanguage":"pt-BR"},{"@type":"Organization","@id":"https:\/\/www.estrategiaconcursos.com.br\/blog\/#organization","name":"Estrat\u00e9gia Concursos","url":"https:\/\/www.estrategiaconcursos.com.br\/blog\/","logo":{"@type":"ImageObject","inLanguage":"pt-BR","@id":"https:\/\/www.estrategiaconcursos.com.br\/blog\/#\/schema\/logo\/image\/","url":"https:\/\/dhg1h5j42swfq.cloudfront.net\/2025\/06\/03203428\/logo_concursos-1.jpg","contentUrl":"https:\/\/dhg1h5j42swfq.cloudfront.net\/2025\/06\/03203428\/logo_concursos-1.jpg","width":230,"height":60,"caption":"Estrat\u00e9gia Concursos"},"image":{"@id":"https:\/\/www.estrategiaconcursos.com.br\/blog\/#\/schema\/logo\/image\/"},"sameAs":["https:\/\/x.com\/EstratConcursos"]},{"@type":"Person","@id":"https:\/\/www.estrategiaconcursos.com.br\/blog\/#\/schema\/person\/84ecdc6eb58d3cf1689bf76c5cd8fb38","name":"Camila Leite","image":{"@type":"ImageObject","inLanguage":"pt-BR","@id":"https:\/\/secure.gravatar.com\/avatar\/f2f8faef639c8a2bfb7fb909912a56917f4c3a0aed064500168e2fb8ea55cf61?s=96&d=mm&r=g","url":"https:\/\/secure.gravatar.com\/avatar\/f2f8faef639c8a2bfb7fb909912a56917f4c3a0aed064500168e2fb8ea55cf61?s=96&d=mm&r=g","contentUrl":"https:\/\/secure.gravatar.com\/avatar\/f2f8faef639c8a2bfb7fb909912a56917f4c3a0aed064500168e2fb8ea55cf61?s=96&d=mm&r=g","caption":"Camila Leite"},"description":"Formada em Design Gr\u00e1fico e em Propaganda e Marketing pela UNIP, integra a equipe de jornalismo do Estrat\u00e9gia Concursos desde 2018. Ao longo dos anos, construiu uma s\u00f3lida experi\u00eancia na produ\u00e7\u00e3o de conte\u00fado informativo e relevante para concurseiros. Desde 2020, atua na cobertura das \u00e1reas Fiscal \u2014 com \u00eanfase nas Secretarias de Fazenda (Sefaz) das regi\u00f5es Sul e Sudeste \u2014, al\u00e9m da cobertura de concursos federais, como CNU, Petrobras, CGU, Receita Federal, ag\u00eancias reguladoras (Anvisa, ANAC, entre outras) e INSS. Mant\u00e9m contato direto com os principais \u00f3rg\u00e3os p\u00fablicos, acompanhando editais, atualiza\u00e7\u00f5es e movimenta\u00e7\u00f5es importantes para os candidatos.","sameAs":["https:\/\/www.linkedin.com\/in\/camila-pinheiro-leite-9ba135b6\/"],"url":"https:\/\/www.estrategiaconcursos.com.br\/blog\/author\/camila-leiteestrategiaconcursos-com-br\/"}]}},"_links":{"self":[{"href":"https:\/\/www.estrategiaconcursos.com.br\/blog\/wp-json\/wp\/v2\/posts\/939334","targetHints":{"allow":["GET"]}}],"collection":[{"href":"https:\/\/www.estrategiaconcursos.com.br\/blog\/wp-json\/wp\/v2\/posts"}],"about":[{"href":"https:\/\/www.estrategiaconcursos.com.br\/blog\/wp-json\/wp\/v2\/types\/post"}],"author":[{"embeddable":true,"href":"https:\/\/www.estrategiaconcursos.com.br\/blog\/wp-json\/wp\/v2\/users\/659"}],"replies":[{"embeddable":true,"href":"https:\/\/www.estrategiaconcursos.com.br\/blog\/wp-json\/wp\/v2\/comments?post=939334"}],"version-history":[{"count":20,"href":"https:\/\/www.estrategiaconcursos.com.br\/blog\/wp-json\/wp\/v2\/posts\/939334\/revisions"}],"predecessor-version":[{"id":1143894,"href":"https:\/\/www.estrategiaconcursos.com.br\/blog\/wp-json\/wp\/v2\/posts\/939334\/revisions\/1143894"}],"wp:featuredmedia":[{"embeddable":true,"href":"https:\/\/www.estrategiaconcursos.com.br\/blog\/wp-json\/wp\/v2\/media\/746120"}],"wp:attachment":[{"href":"https:\/\/www.estrategiaconcursos.com.br\/blog\/wp-json\/wp\/v2\/media?parent=939334"}],"wp:term":[{"taxonomy":"category","embeddable":true,"href":"https:\/\/www.estrategiaconcursos.com.br\/blog\/wp-json\/wp\/v2\/categories?post=939334"},{"taxonomy":"post_tag","embeddable":true,"href":"https:\/\/www.estrategiaconcursos.com.br\/blog\/wp-json\/wp\/v2\/tags?post=939334"},{"taxonomy":"tax_estado","embeddable":true,"href":"https:\/\/www.estrategiaconcursos.com.br\/blog\/wp-json\/wp\/v2\/tax_estado?post=939334"}],"curies":[{"name":"wp","href":"https:\/\/api.w.org\/{rel}","templated":true}]}}