{"id":938693,"date":"2022-03-11T07:00:00","date_gmt":"2022-03-11T10:00:00","guid":{"rendered":"https:\/\/www.estrategiaconcursos.com.br\/blog\/?p=938693"},"modified":"2024-06-11T16:32:13","modified_gmt":"2024-06-11T19:32:13","slug":"edital-camara-de-piracicaba-2022","status":"publish","type":"post","link":"https:\/\/www.estrategiaconcursos.com.br\/blog\/edital-camara-de-piracicaba-2022\/","title":{"rendered":"Edital C\u00e2mara de Piracicaba est\u00e1 com inscri\u00e7\u00f5es encerradas"},"content":{"rendered":"\n<p>O <strong>edital C\u00e2mara de Piracicaba<\/strong>, localizada no estado de S\u00e3o Paulo, est\u00e1 com suas inscri\u00e7\u00f5es encerradas. Os interessados puderam se inscrever at\u00e9 o dia 10 de mar\u00e7o, no portal da\u00a0<a href=\"https:\/\/www.vunesp.com.br\/CPRC1901\" target=\"_blank\" rel=\"noreferrer noopener\">Vunesp<\/a>, ao curto de R$ 57,00.<\/p>\n\n\n\n<p>S\u00e3o ofertadas <strong>07 vagas <\/strong>para o cargo de <strong>Assistente de Rela\u00e7\u00f5es P\u00fablicas e Cerimonial<\/strong>, com remunera\u00e7\u00e3o inicial de R$ 4.156,22. A aplica\u00e7\u00e3o da<strong> <\/strong>prova objetiva e de reda\u00e7\u00e3o se dar\u00e1 no dia 03 de abril de 2022.<\/p>\n\n\n\n<ul class=\"has-background wp-block-list\" style=\"background-color:#d5bf80\"><li><strong>C\u00e2mara de Piracicaba<\/strong> <strong>&#8211; Assistente de Rela\u00e7\u00f5es P\u00fablicas e Cerimonial<\/strong><\/li><li><strong style=\"color: initial;\">Banca<\/strong><span style=\"color: initial;\">: Vunesp<\/span><\/li><li><strong>Vagas<\/strong>: 7<\/li><li><strong>Sal\u00e1rio<\/strong>: R$ 4.156,22<\/li><li><strong style=\"color: initial;\">Edital:<\/strong><span style=\"color: initial;\"> <\/span><a href=\"https:\/\/dhg1h5j42swfq.cloudfront.net\/2022\/02\/21102112\/edital-cam-piracicaba.pdf\" target=\"_blank\" rel=\"noreferrer noopener nofollow\">C\u00e2mara Piracicaba 2022<\/a><\/li><\/ul>\n\n\n\n<div class=\"container\" id=\"boxes\">\n  <div class=\"row\">\n\n    <div class=\"col-sm\">\n      <div class=\"banner-legislativo\" id=\"box-assinatura\">\n        <h3 class=\"titulo-assinatura\">Concurso C\u00e2mara de Piracicaba<\/h3>\n        <p class=\"subtitulo-assinatura\">Conhe\u00e7a os cursos<\/p>\n        <div class=\"box-botao\">\n          <a class=\"btn-assinatura\" target=\"_blank\" href=\"https:\/\/www.estrategiaconcursos.com.br\/cursosPorConcurso\/area-legislativa-pacotes-promocionais\/\" role=\"button\" rel=\"noopener noreferrer\">Conhe\u00e7a mais<\/a>\n        <\/div>\n      <\/div>\n     \n\n  <\/div>\n<\/div><\/div>\n\n\n\n<h2 class=\"wp-block-heading\" id=\"datas\">Principais datas do Edital C\u00e2mara de Piracicaba <\/h2>\n\n\n\n<ul class=\"wp-block-list\"><li><strong>Inscri\u00e7\u00e3o:<\/strong> <s>22\/02 a 10\/03\/2022<\/s><\/li><li><strong>Isen\u00e7\u00e3o da taxa: <\/strong><s>22\/02 a 23\/02\/2022<\/s><\/li><li><strong>Pagamento da taxa: <\/strong>at\u00e9 11\/03\/2022<\/li><li><strong>Prova objetiva e reda\u00e7\u00e3o: <\/strong>03\/04\/2022<\/li><\/ul>\n\n\n\n<h2 class=\"wp-block-heading\" id=\"cargos\">Cargos e Vagas do Edital C\u00e2mara de Piracicaba <\/h2>\n\n\n\n<h3 class=\"wp-block-heading\" id=\"ensino-fundamental\">Ensino fundamental<\/h3>\n\n\n\n<figure class=\"wp-block-table is-style-stripes\"><table class=\"has-background has-fixed-layout\" style=\"background-color:#dab54d\"><thead><tr><th class=\"has-text-align-center\" data-align=\"center\">Cargo<\/th><th class=\"has-text-align-center\" data-align=\"center\">Vagas<\/th><th class=\"has-text-align-center\" data-align=\"center\">SAL\u00c1RIO<\/th><\/tr><\/thead><tbody><tr><td class=\"has-text-align-center\" data-align=\"center\">Assistente de Rela\u00e7\u00f5es P\u00fablicas e Cerimonial<\/td><td class=\"has-text-align-center\" data-align=\"center\">7*<\/td><td class=\"has-text-align-center\" data-align=\"center\">R$ 4.156,22 <\/td><\/tr><\/tbody><\/table><\/figure>\n\n\n\n<ul class=\"wp-block-list\"><li>Do total de vagas, 1 (uma) ser\u00e1 para candidatos afrodescendentes.<\/li><li>A jornada de trabalho ser\u00e1 exercida em 40h semanais.<\/li><\/ul>\n\n\n\n<h3 class=\"wp-block-heading\" id=\"atribuicoes\">Atribui\u00e7\u00f5es do cargo<\/h3>\n\n\n\n<p>O edital C\u00e2mara de Piracicaba tem como atribui\u00e7\u00f5es ao cargo de Assistente de Rela\u00e7\u00f5es P\u00fablicas e Cerimonial:<\/p>\n\n\n\n<ul class=\"wp-block-list\"><li>a) planejar, organizar e coordenar a realiza\u00e7\u00e3o de eventos promovidos pela C\u00e2mara Municipal e todos os atos protocolares para as reuni\u00f5es solenes, especiais, comemorativas e destinadas \u00e0s homenagens;<\/li><li>b) gerenciar o cadastro de autoridades e representantes da sociedade civil e coordenar a divulga\u00e7\u00e3o dos eventos;<\/li><li>c) assessorar a Presid\u00eancia e os parlamentares nas solenidades e demais eventos;<\/li><li>d) supervisionar a correspond\u00eancia oficial do Presidente da C\u00e2mara, no que se refere a convites de todos os g\u00eaneros, designando seu representante oficial, mediante of\u00edcio, quando de sua aus\u00eancia;<\/li><li>e) planejar, coordenar e executar, em conjunto com o gabinete da Presid\u00eancia da C\u00e2mara, a programa\u00e7\u00e3o de visita de institui\u00e7\u00f5es de ensino, de entidades diversas, de autoridades e personalidades \u00e0 C\u00e2mara Municipal de Piracicaba;<\/li><li>f) planejar, coordenar e viabilizar, em conjunto com o gabinete da Presid\u00eancia da C\u00e2mara, as visitas do Presidente em \u00f3rg\u00e3os p\u00fablicos, empresas, entidades e institui\u00e7\u00f5es em geral;<\/li><li>g) observar, no que couber, as normas da Resolu\u00e7\u00e3o n\u00ba 01, de 01 de julho de 2021, e do Decreto Federal n\u00ba 70.274, de 9 de mar\u00e7o de 1972 e exercer outras atividades correlatas.<\/li><\/ul>\n\n\n\n<h2 class=\"wp-block-heading\" id=\"etapas\">Etapas e provas do Edital C\u00e2mara de Piracicaba <\/h2>\n\n\n\n<p>O concurso C\u00e2mara de Piracicaba se dar\u00e1 em uma \u00fanica etapa:<\/p>\n\n\n\n<ul class=\"wp-block-list\"><li>Prova objetiva e de reda\u00e7\u00e3o, ambas de car\u00e1ter eliminat\u00f3rio e classificat\u00f3rio.<\/li><\/ul>\n\n\n\n<h3 class=\"wp-block-heading\" id=\"objetiva\">Prova Objetiva<\/h3>\n\n\n\n<p>A prova objetiva ser\u00e1 aplicada na data prov\u00e1vel de 03 de abril, \u00e0s 9h, e avaliar\u00e1 o grau de conhecimento te\u00f3rico do candidato, necess\u00e1rio ao desempenho do cargo, de acordo com o conte\u00fado program\u00e1tico constante do Anexo II do Edital, e ser\u00e1 composta de quest\u00f5es de m\u00faltipla escolha com 5 alternativas cada uma.<\/p>\n\n\n\n<div class=\"wp-block-image\"><figure class=\"aligncenter size-full\"><img loading=\"lazy\" decoding=\"async\" width=\"781\" height=\"341\" src=\"https:\/\/dhg1h5j42swfq.cloudfront.net\/2022\/01\/03124722\/image-8.png\" alt=\"Provas do Edital C\u00e2mara de Piracicaba\" class=\"wp-image-938686\" srcset=\"https:\/\/dhg1h5j42swfq.cloudfront.net\/2022\/01\/03124722\/image-8.png 781w, https:\/\/dhg1h5j42swfq.cloudfront.net\/2022\/01\/03124722\/image-8-300x131.png 300w, https:\/\/dhg1h5j42swfq.cloudfront.net\/2022\/01\/03124722\/image-8-768x335.png 768w, https:\/\/dhg1h5j42swfq.cloudfront.net\/2022\/01\/03124722\/image-8-610x266.png 610w\" sizes=\"auto, (max-width: 781px) 100vw, 781px\" \/><figcaption>Provas do edital C\u00e2mara de Piracicaba<\/figcaption><\/figure><\/div>\n\n\n\n<p>A etapa ser\u00e1 avaliada na escala de 0 (zero) a 55 (cinquenta e cinco pontos) pontos e ter\u00e1 o seguinte peso:<\/p>\n\n\n\n<div class=\"wp-block-image\"><figure class=\"aligncenter size-full\"><img loading=\"lazy\" decoding=\"async\" width=\"528\" height=\"130\" src=\"https:\/\/dhg1h5j42swfq.cloudfront.net\/2022\/01\/03124416\/image-6.png\" alt=\"Provas do Edital C\u00e2mara de Piracicaba\" class=\"wp-image-938682\" srcset=\"https:\/\/dhg1h5j42swfq.cloudfront.net\/2022\/01\/03124416\/image-6.png 528w, https:\/\/dhg1h5j42swfq.cloudfront.net\/2022\/01\/03124416\/image-6-300x74.png 300w\" sizes=\"auto, (max-width: 528px) 100vw, 528px\" \/><\/figure><\/div>\n\n\n\n<p>Somente ter\u00e3o corrigidas as provas de reda\u00e7\u00e3o os candidatos habilitados na prova objetiva, conforme o estabelecido a seguir:<\/p>\n\n\n\n<div class=\"wp-block-image\"><figure class=\"aligncenter size-full\"><img loading=\"lazy\" decoding=\"async\" width=\"731\" height=\"97\" src=\"https:\/\/dhg1h5j42swfq.cloudfront.net\/2022\/01\/03124441\/image-7.png\" alt=\"\" class=\"wp-image-938685\" srcset=\"https:\/\/dhg1h5j42swfq.cloudfront.net\/2022\/01\/03124441\/image-7.png 731w, https:\/\/dhg1h5j42swfq.cloudfront.net\/2022\/01\/03124441\/image-7-300x40.png 300w, https:\/\/dhg1h5j42swfq.cloudfront.net\/2022\/01\/03124441\/image-7-610x81.png 610w\" sizes=\"auto, (max-width: 731px) 100vw, 731px\" \/><\/figure><\/div>\n\n\n\n<p>A prova de reda\u00e7\u00e3o em l\u00edngua portuguesa \u2013 de car\u00e1ter eliminat\u00f3rio e classificat\u00f3rio \u2013 valer\u00e1 40 (quarenta) pontos e ser\u00e1 avaliada conforme os seguintes crit\u00e9rios: tema, estrutura e express\u00e3o. <\/p>\n\n\n\n<p>Ser\u00e1 atribu\u00edda nota 0 (zero) \u00e0 reda\u00e7\u00e3o que:<\/p>\n\n\n\n<ul class=\"wp-block-list\"><li>a) fugir ao tema e\/ou g\u00eanero propostos;<\/li><li>b) apresentar nome, rubrica, assinatura, sinal, iniciais ou marcas que permitam a identifica\u00e7\u00e3o do candidato;<\/li><li>c) estiver em branco;<\/li><li>d) apresentar textos sob forma n\u00e3o articulada verbalmente (apenas com desenhos, n\u00fameros e\/ou palavras soltas);<\/li><li>e) for escrita em outra l\u00edngua que n\u00e3o a portuguesa;<\/li><li>f) apresentar letra ileg\u00edvel e\/ou incompreens\u00edvel;<\/li><li>g) apresentar o texto definitivo fora do espa\u00e7o reservado para tal;<\/li><li>h) apresentar 7 (sete) linhas ou menos (sem contar o t\u00edtulo);<\/li><li>i) apresentar menos de 8 (oito) linhas AUTORAIS (n\u00e3o copiadas da prova, dos textos de apoio, de modelos prontos de reda\u00e7\u00e3o ou de outras fontes) cont\u00ednuas e\/ou for composta PREDOMINANTEMENTE por c\u00f3pia de trechos da colet\u00e2nea ou de quaisquer outras partes da prova e\/ou por reprodu\u00e7\u00f5es (pl\u00e1gio) de textos divulgados em m\u00eddias digitais (sobretudo internet) ou impressas;<\/li><li>j) for id\u00eantica ou muito semelhante a outra(s) reda\u00e7\u00e3o(\u00f5es) deste processo seletivo ou de outro(s);<\/li><li>k) apresentar formas propositais de anula\u00e7\u00e3o, como improp\u00e9rios, trechos jocosos ou a recusa expl\u00edcita em cumprir o tema proposto.<\/li><\/ul>\n\n\n\n<h2 class=\"has-text-align-center wp-block-heading\" id=\"h-quer-saber-tudo-sobre-concursos-previstos-confira-nossos-artigos\">Quer saber tudo sobre concursos previstos?<br \/>Confira nossos artigos!<\/h2>\n\n\n\n<ul class=\"wp-block-list\"><li><a href=\"https:\/\/www.estrategiaconcursos.com.br\/blog\/concursos-abertos\/\" target=\"_blank\" rel=\"noreferrer noopener\">Concursos abertos<\/a><\/li><li><a href=\"https:\/\/www.estrategiaconcursos.com.br\/blog\/concursos-2022\/\" target=\"_blank\" rel=\"noreferrer noopener\">Concursos 2022<\/a><\/li><\/ul>\n\n\n\n<h2 class=\"has-text-align-center wp-block-heading\" id=\"cursos\">Quer estudar para o Edital C\u00e2mara de Piracicaba?<\/h2>\n\n\n\n<div class=\"container\" id=\"boxes\">\n  <div class=\"row\">\n\n    <div class=\"col-sm\">\n      <div class=\"banner-legislativo\" id=\"box-assinatura\">\n        <h3 class=\"titulo-assinatura\">Concurso C\u00e2mara de Piracicaba<\/h3>\n        <p class=\"subtitulo-assinatura\">Conhe\u00e7a os cursos<\/p>\n        <div class=\"box-botao\">\n          <a class=\"btn-assinatura\" target=\"_blank\" href=\"https:\/\/www.estrategiaconcursos.com.br\/cursosPorConcurso\/area-legislativa-pacotes-promocionais\/\" role=\"button\" rel=\"noopener noreferrer\">Conhe\u00e7a mais<\/a>\n        <\/div>\n      <\/div>\n     \n\n  <\/div>\n<\/div><\/div>\n\n\n\n<div class=\"container\" id=\"boxes\">\n  <div class=\"row\">\n\n    <div class=\"col-sm\">\n      <div class=\"estrategia\" id=\"box-assinatura\">\n        <h3 class=\"titulo-assinatura\">Assinatura de Concursos<\/h3>\n        <p class=\"subtitulo-assinatura\">Assinatura de 1 ano ou 2 anos<\/p>\n        <div class=\"box-botao\">\n          <a class=\"btn-assinatura\" target=\"_blank\" href=\"https:\/\/www.estrategiaconcursos.com.br\/assinaturas\/\" role=\"button\" rel=\"noopener noreferrer\">ASSINE AGORA<\/a>\n        <\/div>\n      <\/div>\n     \n    <\/div><\/div><\/div>\n\n\n\n<figure class=\"wp-block-image size-large is-resized\"><img loading=\"lazy\" decoding=\"async\" src=\"https:\/\/dhg1h5j42swfq.cloudfront.net\/2021\/05\/06160457\/ficha-tecnica-14-1024x632.png\" alt=\"Informa\u00e7\u00f5es do Edital C\u00e2mara de Piracicaba\" class=\"wp-image-733287\" width=\"271\" height=\"167\" srcset=\"https:\/\/dhg1h5j42swfq.cloudfront.net\/2021\/05\/06160457\/ficha-tecnica-14-1024x632.png 1024w, https:\/\/dhg1h5j42swfq.cloudfront.net\/2021\/05\/06160457\/ficha-tecnica-14-300x185.png 300w, https:\/\/dhg1h5j42swfq.cloudfront.net\/2021\/05\/06160457\/ficha-tecnica-14-768x474.png 768w, https:\/\/dhg1h5j42swfq.cloudfront.net\/2021\/05\/06160457\/ficha-tecnica-14-1536x948.png 1536w, https:\/\/dhg1h5j42swfq.cloudfront.net\/2021\/05\/06160457\/ficha-tecnica-14-610x377.png 610w, https:\/\/dhg1h5j42swfq.cloudfront.net\/2021\/05\/06160457\/ficha-tecnica-14.png 1571w\" sizes=\"auto, (max-width: 271px) 100vw, 271px\" \/><\/figure>\n\n\n\n<h3 class=\"wp-block-heading\" id=\"ficha\">Informa\u00e7\u00f5es do Edital C\u00e2mara de Piracicaba<\/h3>\n\n\n\n<p>\u25ba<strong>Data da prova:<\/strong> 03\/04\/2022<br \/>\u25ba<strong>Vagas<\/strong>: 7<br \/>\u25ba<strong>Cargo<\/strong>: Assistente de Rela\u00e7\u00f5es P\u00fablicas e Cerimonial <br \/>\u25ba<strong>Banca<\/strong>: VUNESP<br \/>\u25ba<strong>Edital<\/strong>: <a href=\"https:\/\/dhg1h5j42swfq.cloudfront.net\/2022\/02\/21102112\/edital-cam-piracicaba.pdf\" target=\"_blank\" rel=\"noreferrer noopener nofollow\">C\u00e2mara Piracicaba 2022 &#8211; retificado<\/a><\/p>\n","protected":false},"excerpt":{"rendered":"<p>O edital C\u00e2mara de Piracicaba, localizada no estado de S\u00e3o Paulo, est\u00e1 com suas inscri\u00e7\u00f5es encerradas. Os interessados puderam se inscrever at\u00e9 o dia 10 de mar\u00e7o, no portal da\u00a0Vunesp, ao curto de R$ 57,00. S\u00e3o ofertadas 07 vagas para o cargo de Assistente de Rela\u00e7\u00f5es P\u00fablicas e Cerimonial, com remunera\u00e7\u00e3o inicial de R$ 4.156,22. [&hellip;]<\/p>\n","protected":false},"author":2134,"featured_media":948553,"comment_status":"open","ping_status":"closed","sticky":false,"template":"","format":"standard","meta":{"post_tipo":"news","footnotes":""},"categories":[2017],"tags":[],"tax_estado":[219989],"class_list":["post-938693","post","type-post","status-publish","format-standard","has-post-thumbnail","hentry","category-concursos-legislativos","tax_estado-sp"],"acf":[],"yoast_head":"<!-- This site is optimized with the Yoast SEO Premium plugin v27.2 (Yoast SEO v27.2) - https:\/\/yoast.com\/product\/yoast-seo-premium-wordpress\/ -->\n<title>Edital C\u00e2mara de Piracicaba est\u00e1 com inscri\u00e7\u00f5es encerradas<\/title>\n<meta name=\"description\" content=\"Edital da C\u00e2mara de Piracicaba \u00e9 retificado. Inscri\u00e7\u00f5es encerradas para 7 vagas de n\u00edvel fundamental e inicial de R$ 4,1 mil. Confira!\" \/>\n<meta name=\"robots\" content=\"index, follow, max-snippet:-1, max-image-preview:large, max-video-preview:-1\" \/>\n<link rel=\"canonical\" href=\"https:\/\/www.estrategiaconcursos.com.br\/blog\/edital-camara-de-piracicaba-2022\/\" \/>\n<meta property=\"og:locale\" content=\"pt_BR\" \/>\n<meta property=\"og:type\" content=\"article\" \/>\n<meta property=\"og:title\" content=\"Edital C\u00e2mara de Piracicaba est\u00e1 com inscri\u00e7\u00f5es encerradas\" \/>\n<meta property=\"og:description\" content=\"Edital da C\u00e2mara de Piracicaba \u00e9 retificado. Inscri\u00e7\u00f5es encerradas para 7 vagas de n\u00edvel fundamental e inicial de R$ 4,1 mil. Confira!\" \/>\n<meta property=\"og:url\" content=\"https:\/\/www.estrategiaconcursos.com.br\/blog\/edital-camara-de-piracicaba-2022\/\" \/>\n<meta property=\"og:site_name\" content=\"Estrat\u00e9gia Concursos\" \/>\n<meta property=\"article:published_time\" content=\"2022-03-11T10:00:00+00:00\" \/>\n<meta property=\"article:modified_time\" content=\"2024-06-11T19:32:13+00:00\" \/>\n<meta property=\"og:image\" content=\"https:\/\/dhg1h5j42swfq.cloudfront.net\/2022\/01\/17085205\/camara_de_piracicaba.jpg\" \/>\n\t<meta property=\"og:image:width\" content=\"768\" \/>\n\t<meta property=\"og:image:height\" content=\"432\" \/>\n\t<meta property=\"og:image:type\" content=\"image\/jpeg\" \/>\n<meta name=\"author\" content=\"Rafaela Teixeira\" \/>\n<meta name=\"twitter:card\" content=\"summary_large_image\" \/>\n<meta name=\"twitter:creator\" content=\"@EstratConcursos\" \/>\n<meta name=\"twitter:site\" content=\"@EstratConcursos\" \/>\n<meta name=\"twitter:label1\" content=\"Escrito por\" \/>\n\t<meta name=\"twitter:data1\" content=\"Rafaela Teixeira\" \/>\n\t<meta name=\"twitter:label2\" content=\"Est. tempo de leitura\" \/>\n\t<meta name=\"twitter:data2\" content=\"6 minutos\" \/>\n<script type=\"application\/ld+json\" class=\"yoast-schema-graph\">{\"@context\":\"https:\/\/schema.org\",\"@graph\":[{\"@type\":\"NewsArticle\",\"@id\":\"https:\/\/www.estrategiaconcursos.com.br\/blog\/edital-camara-de-piracicaba-2022\/#article\",\"isPartOf\":{\"@id\":\"https:\/\/www.estrategiaconcursos.com.br\/blog\/edital-camara-de-piracicaba-2022\/\"},\"author\":{\"name\":\"Rafaela Teixeira\",\"@id\":\"https:\/\/www.estrategiaconcursos.com.br\/blog\/#\/schema\/person\/e75352021ea7f60781c599934f916eb1\"},\"headline\":\"Edital C\u00e2mara de Piracicaba est\u00e1 com inscri\u00e7\u00f5es encerradas\",\"datePublished\":\"2022-03-11T10:00:00+00:00\",\"dateModified\":\"2024-06-11T19:32:13+00:00\",\"mainEntityOfPage\":{\"@id\":\"https:\/\/www.estrategiaconcursos.com.br\/blog\/edital-camara-de-piracicaba-2022\/\"},\"wordCount\":864,\"commentCount\":0,\"publisher\":{\"@id\":\"https:\/\/www.estrategiaconcursos.com.br\/blog\/#organization\"},\"image\":{\"@id\":\"https:\/\/www.estrategiaconcursos.com.br\/blog\/edital-camara-de-piracicaba-2022\/#primaryimage\"},\"thumbnailUrl\":\"https:\/\/dhg1h5j42swfq.cloudfront.net\/2022\/01\/17085205\/camara_de_piracicaba.jpg\",\"articleSection\":[\"Legislativo\"],\"inLanguage\":\"pt-BR\",\"potentialAction\":[{\"@type\":\"CommentAction\",\"name\":\"Comment\",\"target\":[\"https:\/\/www.estrategiaconcursos.com.br\/blog\/edital-camara-de-piracicaba-2022\/#respond\"]}],\"copyrightYear\":\"2022\",\"copyrightHolder\":{\"@id\":\"https:\/\/www.estrategiaconcursos.com.br\/blog\/#organization\"}},{\"@type\":\"WebPage\",\"@id\":\"https:\/\/www.estrategiaconcursos.com.br\/blog\/edital-camara-de-piracicaba-2022\/\",\"url\":\"https:\/\/www.estrategiaconcursos.com.br\/blog\/edital-camara-de-piracicaba-2022\/\",\"name\":\"Edital C\u00e2mara de Piracicaba est\u00e1 com inscri\u00e7\u00f5es encerradas\",\"isPartOf\":{\"@id\":\"https:\/\/www.estrategiaconcursos.com.br\/blog\/#website\"},\"primaryImageOfPage\":{\"@id\":\"https:\/\/www.estrategiaconcursos.com.br\/blog\/edital-camara-de-piracicaba-2022\/#primaryimage\"},\"image\":{\"@id\":\"https:\/\/www.estrategiaconcursos.com.br\/blog\/edital-camara-de-piracicaba-2022\/#primaryimage\"},\"thumbnailUrl\":\"https:\/\/dhg1h5j42swfq.cloudfront.net\/2022\/01\/17085205\/camara_de_piracicaba.jpg\",\"datePublished\":\"2022-03-11T10:00:00+00:00\",\"dateModified\":\"2024-06-11T19:32:13+00:00\",\"description\":\"Edital da C\u00e2mara de Piracicaba \u00e9 retificado. Inscri\u00e7\u00f5es encerradas para 7 vagas de n\u00edvel fundamental e inicial de R$ 4,1 mil. Confira!\",\"breadcrumb\":{\"@id\":\"https:\/\/www.estrategiaconcursos.com.br\/blog\/edital-camara-de-piracicaba-2022\/#breadcrumb\"},\"inLanguage\":\"pt-BR\",\"potentialAction\":[{\"@type\":\"ReadAction\",\"target\":[\"https:\/\/www.estrategiaconcursos.com.br\/blog\/edital-camara-de-piracicaba-2022\/\"]}]},{\"@type\":\"ImageObject\",\"inLanguage\":\"pt-BR\",\"@id\":\"https:\/\/www.estrategiaconcursos.com.br\/blog\/edital-camara-de-piracicaba-2022\/#primaryimage\",\"url\":\"https:\/\/dhg1h5j42swfq.cloudfront.net\/2022\/01\/17085205\/camara_de_piracicaba.jpg\",\"contentUrl\":\"https:\/\/dhg1h5j42swfq.cloudfront.net\/2022\/01\/17085205\/camara_de_piracicaba.jpg\",\"width\":768,\"height\":432},{\"@type\":\"BreadcrumbList\",\"@id\":\"https:\/\/www.estrategiaconcursos.com.br\/blog\/edital-camara-de-piracicaba-2022\/#breadcrumb\",\"itemListElement\":[{\"@type\":\"ListItem\",\"position\":1,\"name\":\"In\u00edcio\",\"item\":\"https:\/\/www.estrategiaconcursos.com.br\/blog\/\"},{\"@type\":\"ListItem\",\"position\":2,\"name\":\"Edital C\u00e2mara de Piracicaba est\u00e1 com inscri\u00e7\u00f5es encerradas\"}]},{\"@type\":\"WebSite\",\"@id\":\"https:\/\/www.estrategiaconcursos.com.br\/blog\/#website\",\"url\":\"https:\/\/www.estrategiaconcursos.com.br\/blog\/\",\"name\":\"Estrat\u00e9gia Concursos\",\"description\":\"O blog da Estrat\u00e9gia Concursos traz not\u00edcias sobre concursos e artigos de professores oferecendo cursos para concursos (pdf + videaulas) no site.\",\"publisher\":{\"@id\":\"https:\/\/www.estrategiaconcursos.com.br\/blog\/#organization\"},\"potentialAction\":[{\"@type\":\"SearchAction\",\"target\":{\"@type\":\"EntryPoint\",\"urlTemplate\":\"https:\/\/www.estrategiaconcursos.com.br\/blog\/?s={search_term_string}\"},\"query-input\":{\"@type\":\"PropertyValueSpecification\",\"valueRequired\":true,\"valueName\":\"search_term_string\"}}],\"inLanguage\":\"pt-BR\"},{\"@type\":\"Organization\",\"@id\":\"https:\/\/www.estrategiaconcursos.com.br\/blog\/#organization\",\"name\":\"Estrat\u00e9gia Concursos\",\"url\":\"https:\/\/www.estrategiaconcursos.com.br\/blog\/\",\"logo\":{\"@type\":\"ImageObject\",\"inLanguage\":\"pt-BR\",\"@id\":\"https:\/\/www.estrategiaconcursos.com.br\/blog\/#\/schema\/logo\/image\/\",\"url\":\"https:\/\/dhg1h5j42swfq.cloudfront.net\/2025\/06\/03203428\/logo_concursos-1.jpg\",\"contentUrl\":\"https:\/\/dhg1h5j42swfq.cloudfront.net\/2025\/06\/03203428\/logo_concursos-1.jpg\",\"width\":230,\"height\":60,\"caption\":\"Estrat\u00e9gia Concursos\"},\"image\":{\"@id\":\"https:\/\/www.estrategiaconcursos.com.br\/blog\/#\/schema\/logo\/image\/\"},\"sameAs\":[\"https:\/\/x.com\/EstratConcursos\"]},{\"@type\":\"Person\",\"@id\":\"https:\/\/www.estrategiaconcursos.com.br\/blog\/#\/schema\/person\/e75352021ea7f60781c599934f916eb1\",\"name\":\"Rafaela Teixeira\",\"image\":{\"@type\":\"ImageObject\",\"inLanguage\":\"pt-BR\",\"@id\":\"https:\/\/secure.gravatar.com\/avatar\/8a349a2b22039b1ee88fc06461487c950fd6aa411ea8af8633314b43334ae793?s=96&d=mm&r=g\",\"url\":\"https:\/\/secure.gravatar.com\/avatar\/8a349a2b22039b1ee88fc06461487c950fd6aa411ea8af8633314b43334ae793?s=96&d=mm&r=g\",\"contentUrl\":\"https:\/\/secure.gravatar.com\/avatar\/8a349a2b22039b1ee88fc06461487c950fd6aa411ea8af8633314b43334ae793?s=96&d=mm&r=g\",\"caption\":\"Rafaela Teixeira\"},\"description\":\"Rafaela Teixeira \u00e9 advogada conveniada \u00e0 Defensoria P\u00fablica de S\u00e3o Paulo pela OAB, com experi\u00eancia em reda\u00e7\u00e3o jur\u00eddica e atua\u00e7\u00e3o em institui\u00e7\u00f5es p\u00fablicas, incluindo est\u00e1gio no TRE-SP. Possui mais de 7 anos de experi\u00eancia na produ\u00e7\u00e3o de conte\u00fados voltados ao nicho de concursos p\u00fablicos, com foco em apura\u00e7\u00e3o jornal\u00edstica cont\u00ednua, an\u00e1lise de editais e obten\u00e7\u00e3o de informa\u00e7\u00f5es diretamente junto a \u00f3rg\u00e3os e fontes oficiais. No Blog do Estrat\u00e9gia Concursos, atua como Analista de Conte\u00fado S\u00eanior, respons\u00e1vel pelo jornalismo do per\u00edodo noturno e da madrugada, com atua\u00e7\u00e3o transversal na cobertura de concursos p\u00fablicos, garantindo a continuidade, fluidez e confiabilidade das publica\u00e7\u00f5es e dos bastidores dos certames.\",\"url\":\"https:\/\/www.estrategiaconcursos.com.br\/blog\/author\/rafaela-teixeira\/\"}]}<\/script>\n<!-- \/ Yoast SEO Premium plugin. -->","yoast_head_json":{"title":"Edital C\u00e2mara de Piracicaba est\u00e1 com inscri\u00e7\u00f5es encerradas","description":"Edital da C\u00e2mara de Piracicaba \u00e9 retificado. Inscri\u00e7\u00f5es encerradas para 7 vagas de n\u00edvel fundamental e inicial de R$ 4,1 mil. Confira!","robots":{"index":"index","follow":"follow","max-snippet":"max-snippet:-1","max-image-preview":"max-image-preview:large","max-video-preview":"max-video-preview:-1"},"canonical":"https:\/\/www.estrategiaconcursos.com.br\/blog\/edital-camara-de-piracicaba-2022\/","og_locale":"pt_BR","og_type":"article","og_title":"Edital C\u00e2mara de Piracicaba est\u00e1 com inscri\u00e7\u00f5es encerradas","og_description":"Edital da C\u00e2mara de Piracicaba \u00e9 retificado. Inscri\u00e7\u00f5es encerradas para 7 vagas de n\u00edvel fundamental e inicial de R$ 4,1 mil. Confira!","og_url":"https:\/\/www.estrategiaconcursos.com.br\/blog\/edital-camara-de-piracicaba-2022\/","og_site_name":"Estrat\u00e9gia Concursos","article_published_time":"2022-03-11T10:00:00+00:00","article_modified_time":"2024-06-11T19:32:13+00:00","og_image":[{"width":768,"height":432,"url":"https:\/\/dhg1h5j42swfq.cloudfront.net\/2022\/01\/17085205\/camara_de_piracicaba.jpg","type":"image\/jpeg"}],"author":"Rafaela Teixeira","twitter_card":"summary_large_image","twitter_creator":"@EstratConcursos","twitter_site":"@EstratConcursos","twitter_misc":{"Escrito por":"Rafaela Teixeira","Est. tempo de leitura":"6 minutos"},"schema":{"@context":"https:\/\/schema.org","@graph":[{"@type":"NewsArticle","@id":"https:\/\/www.estrategiaconcursos.com.br\/blog\/edital-camara-de-piracicaba-2022\/#article","isPartOf":{"@id":"https:\/\/www.estrategiaconcursos.com.br\/blog\/edital-camara-de-piracicaba-2022\/"},"author":{"name":"Rafaela Teixeira","@id":"https:\/\/www.estrategiaconcursos.com.br\/blog\/#\/schema\/person\/e75352021ea7f60781c599934f916eb1"},"headline":"Edital C\u00e2mara de Piracicaba est\u00e1 com inscri\u00e7\u00f5es encerradas","datePublished":"2022-03-11T10:00:00+00:00","dateModified":"2024-06-11T19:32:13+00:00","mainEntityOfPage":{"@id":"https:\/\/www.estrategiaconcursos.com.br\/blog\/edital-camara-de-piracicaba-2022\/"},"wordCount":864,"commentCount":0,"publisher":{"@id":"https:\/\/www.estrategiaconcursos.com.br\/blog\/#organization"},"image":{"@id":"https:\/\/www.estrategiaconcursos.com.br\/blog\/edital-camara-de-piracicaba-2022\/#primaryimage"},"thumbnailUrl":"https:\/\/dhg1h5j42swfq.cloudfront.net\/2022\/01\/17085205\/camara_de_piracicaba.jpg","articleSection":["Legislativo"],"inLanguage":"pt-BR","potentialAction":[{"@type":"CommentAction","name":"Comment","target":["https:\/\/www.estrategiaconcursos.com.br\/blog\/edital-camara-de-piracicaba-2022\/#respond"]}],"copyrightYear":"2022","copyrightHolder":{"@id":"https:\/\/www.estrategiaconcursos.com.br\/blog\/#organization"}},{"@type":"WebPage","@id":"https:\/\/www.estrategiaconcursos.com.br\/blog\/edital-camara-de-piracicaba-2022\/","url":"https:\/\/www.estrategiaconcursos.com.br\/blog\/edital-camara-de-piracicaba-2022\/","name":"Edital C\u00e2mara de Piracicaba est\u00e1 com inscri\u00e7\u00f5es encerradas","isPartOf":{"@id":"https:\/\/www.estrategiaconcursos.com.br\/blog\/#website"},"primaryImageOfPage":{"@id":"https:\/\/www.estrategiaconcursos.com.br\/blog\/edital-camara-de-piracicaba-2022\/#primaryimage"},"image":{"@id":"https:\/\/www.estrategiaconcursos.com.br\/blog\/edital-camara-de-piracicaba-2022\/#primaryimage"},"thumbnailUrl":"https:\/\/dhg1h5j42swfq.cloudfront.net\/2022\/01\/17085205\/camara_de_piracicaba.jpg","datePublished":"2022-03-11T10:00:00+00:00","dateModified":"2024-06-11T19:32:13+00:00","description":"Edital da C\u00e2mara de Piracicaba \u00e9 retificado. Inscri\u00e7\u00f5es encerradas para 7 vagas de n\u00edvel fundamental e inicial de R$ 4,1 mil. Confira!","breadcrumb":{"@id":"https:\/\/www.estrategiaconcursos.com.br\/blog\/edital-camara-de-piracicaba-2022\/#breadcrumb"},"inLanguage":"pt-BR","potentialAction":[{"@type":"ReadAction","target":["https:\/\/www.estrategiaconcursos.com.br\/blog\/edital-camara-de-piracicaba-2022\/"]}]},{"@type":"ImageObject","inLanguage":"pt-BR","@id":"https:\/\/www.estrategiaconcursos.com.br\/blog\/edital-camara-de-piracicaba-2022\/#primaryimage","url":"https:\/\/dhg1h5j42swfq.cloudfront.net\/2022\/01\/17085205\/camara_de_piracicaba.jpg","contentUrl":"https:\/\/dhg1h5j42swfq.cloudfront.net\/2022\/01\/17085205\/camara_de_piracicaba.jpg","width":768,"height":432},{"@type":"BreadcrumbList","@id":"https:\/\/www.estrategiaconcursos.com.br\/blog\/edital-camara-de-piracicaba-2022\/#breadcrumb","itemListElement":[{"@type":"ListItem","position":1,"name":"In\u00edcio","item":"https:\/\/www.estrategiaconcursos.com.br\/blog\/"},{"@type":"ListItem","position":2,"name":"Edital C\u00e2mara de Piracicaba est\u00e1 com inscri\u00e7\u00f5es encerradas"}]},{"@type":"WebSite","@id":"https:\/\/www.estrategiaconcursos.com.br\/blog\/#website","url":"https:\/\/www.estrategiaconcursos.com.br\/blog\/","name":"Estrat\u00e9gia Concursos","description":"O blog da Estrat\u00e9gia Concursos traz not\u00edcias sobre concursos e artigos de professores oferecendo cursos para concursos (pdf + videaulas) no site.","publisher":{"@id":"https:\/\/www.estrategiaconcursos.com.br\/blog\/#organization"},"potentialAction":[{"@type":"SearchAction","target":{"@type":"EntryPoint","urlTemplate":"https:\/\/www.estrategiaconcursos.com.br\/blog\/?s={search_term_string}"},"query-input":{"@type":"PropertyValueSpecification","valueRequired":true,"valueName":"search_term_string"}}],"inLanguage":"pt-BR"},{"@type":"Organization","@id":"https:\/\/www.estrategiaconcursos.com.br\/blog\/#organization","name":"Estrat\u00e9gia Concursos","url":"https:\/\/www.estrategiaconcursos.com.br\/blog\/","logo":{"@type":"ImageObject","inLanguage":"pt-BR","@id":"https:\/\/www.estrategiaconcursos.com.br\/blog\/#\/schema\/logo\/image\/","url":"https:\/\/dhg1h5j42swfq.cloudfront.net\/2025\/06\/03203428\/logo_concursos-1.jpg","contentUrl":"https:\/\/dhg1h5j42swfq.cloudfront.net\/2025\/06\/03203428\/logo_concursos-1.jpg","width":230,"height":60,"caption":"Estrat\u00e9gia Concursos"},"image":{"@id":"https:\/\/www.estrategiaconcursos.com.br\/blog\/#\/schema\/logo\/image\/"},"sameAs":["https:\/\/x.com\/EstratConcursos"]},{"@type":"Person","@id":"https:\/\/www.estrategiaconcursos.com.br\/blog\/#\/schema\/person\/e75352021ea7f60781c599934f916eb1","name":"Rafaela Teixeira","image":{"@type":"ImageObject","inLanguage":"pt-BR","@id":"https:\/\/secure.gravatar.com\/avatar\/8a349a2b22039b1ee88fc06461487c950fd6aa411ea8af8633314b43334ae793?s=96&d=mm&r=g","url":"https:\/\/secure.gravatar.com\/avatar\/8a349a2b22039b1ee88fc06461487c950fd6aa411ea8af8633314b43334ae793?s=96&d=mm&r=g","contentUrl":"https:\/\/secure.gravatar.com\/avatar\/8a349a2b22039b1ee88fc06461487c950fd6aa411ea8af8633314b43334ae793?s=96&d=mm&r=g","caption":"Rafaela Teixeira"},"description":"Rafaela Teixeira \u00e9 advogada conveniada \u00e0 Defensoria P\u00fablica de S\u00e3o Paulo pela OAB, com experi\u00eancia em reda\u00e7\u00e3o jur\u00eddica e atua\u00e7\u00e3o em institui\u00e7\u00f5es p\u00fablicas, incluindo est\u00e1gio no TRE-SP. Possui mais de 7 anos de experi\u00eancia na produ\u00e7\u00e3o de conte\u00fados voltados ao nicho de concursos p\u00fablicos, com foco em apura\u00e7\u00e3o jornal\u00edstica cont\u00ednua, an\u00e1lise de editais e obten\u00e7\u00e3o de informa\u00e7\u00f5es diretamente junto a \u00f3rg\u00e3os e fontes oficiais. No Blog do Estrat\u00e9gia Concursos, atua como Analista de Conte\u00fado S\u00eanior, respons\u00e1vel pelo jornalismo do per\u00edodo noturno e da madrugada, com atua\u00e7\u00e3o transversal na cobertura de concursos p\u00fablicos, garantindo a continuidade, fluidez e confiabilidade das publica\u00e7\u00f5es e dos bastidores dos certames.","url":"https:\/\/www.estrategiaconcursos.com.br\/blog\/author\/rafaela-teixeira\/"}]}},"_links":{"self":[{"href":"https:\/\/www.estrategiaconcursos.com.br\/blog\/wp-json\/wp\/v2\/posts\/938693","targetHints":{"allow":["GET"]}}],"collection":[{"href":"https:\/\/www.estrategiaconcursos.com.br\/blog\/wp-json\/wp\/v2\/posts"}],"about":[{"href":"https:\/\/www.estrategiaconcursos.com.br\/blog\/wp-json\/wp\/v2\/types\/post"}],"author":[{"embeddable":true,"href":"https:\/\/www.estrategiaconcursos.com.br\/blog\/wp-json\/wp\/v2\/users\/2134"}],"replies":[{"embeddable":true,"href":"https:\/\/www.estrategiaconcursos.com.br\/blog\/wp-json\/wp\/v2\/comments?post=938693"}],"version-history":[{"count":22,"href":"https:\/\/www.estrategiaconcursos.com.br\/blog\/wp-json\/wp\/v2\/posts\/938693\/revisions"}],"predecessor-version":[{"id":985021,"href":"https:\/\/www.estrategiaconcursos.com.br\/blog\/wp-json\/wp\/v2\/posts\/938693\/revisions\/985021"}],"wp:featuredmedia":[{"embeddable":true,"href":"https:\/\/www.estrategiaconcursos.com.br\/blog\/wp-json\/wp\/v2\/media\/948553"}],"wp:attachment":[{"href":"https:\/\/www.estrategiaconcursos.com.br\/blog\/wp-json\/wp\/v2\/media?parent=938693"}],"wp:term":[{"taxonomy":"category","embeddable":true,"href":"https:\/\/www.estrategiaconcursos.com.br\/blog\/wp-json\/wp\/v2\/categories?post=938693"},{"taxonomy":"post_tag","embeddable":true,"href":"https:\/\/www.estrategiaconcursos.com.br\/blog\/wp-json\/wp\/v2\/tags?post=938693"},{"taxonomy":"tax_estado","embeddable":true,"href":"https:\/\/www.estrategiaconcursos.com.br\/blog\/wp-json\/wp\/v2\/tax_estado?post=938693"}],"curies":[{"name":"wp","href":"https:\/\/api.w.org\/{rel}","templated":true}]}}