{"id":937555,"date":"2021-12-31T07:30:00","date_gmt":"2021-12-31T10:30:00","guid":{"rendered":"https:\/\/www.estrategiaconcursos.com.br\/blog\/?p=937555"},"modified":"2021-12-30T17:00:38","modified_gmt":"2021-12-30T20:00:38","slug":"reta-final-ibama-analista-ambiental-tema-1","status":"publish","type":"post","link":"https:\/\/www.estrategiaconcursos.com.br\/blog\/reta-final-ibama-analista-ambiental-tema-1\/","title":{"rendered":"Reta Final IBAMA: Analista Ambiental &#8211; Tema 1"},"content":{"rendered":"\n<p>Passando por suas primeiras retifica\u00e7\u00f5es, o edital do <strong>concurso IBAMA <\/strong>faz parte do time dos certames mais aguardados do ano de 2021!<\/p>\n\n\n\n<p>Inclusive, as inscri\u00e7\u00f5es j\u00e1 foram encerradas. Agora, aqueles que j\u00e1 garantiram sua candidatura ser\u00e3o direcionados para a etapa de provas, prevista para <strong>30 de janeiro<\/strong>.<\/p>\n\n\n\n<p>E, como sempre pensamos em colaborar com a sua rotina de estudos, teremos nesta sexta-feira, 31 de dezembro, momentos antes para a<em> <\/em><strong>largada do ano 2022,<\/strong> uma SUPER AULA de <strong>Reta Final IBAMA<\/strong>, com foco no tema<strong> Matriz Energ\u00e9tica Brasileira<\/strong>! <\/p>\n\n\n\n<p>Iniciaremos \u00e0s <strong>8h30<\/strong> e eu, professora <em>Mariana Moronari<\/em> estarei no comando da transmiss\u00e3o. Sabemos que neste momento, muitos alunos aproveitam para descansar e, claro, de maneira merecida!<\/p>\n\n\n\n<p class=\"has-text-align-center\"><strong>Mas ainda d\u00e1 tempo de reservar uns instantes para focar no seu sonho. Por isso, espero por voc\u00ea!<\/strong><\/p>\n\n\n<figure class=\"wp-block-embed-youtube wp-block-embed is-type-video is-provider-youtube wp-embed-aspect-16-9 wp-has-aspect-ratio lyte-align aligncenter\"><div class=\"lyte-wrapper\" style=\"width:853px;max-width:100%;margin:5px;\"><div class=\"lyMe\" id=\"WYL_e7hBfx3mUKk\"><div id=\"lyte_e7hBfx3mUKk\" data-src=\"\/\/i.ytimg.com\/vi\/e7hBfx3mUKk\/hqdefault.jpg\" class=\"pL\"><div class=\"tC\"><div class=\"tT\"><\/div><\/div><div class=\"play\"><\/div><div class=\"ctrl\"><div class=\"Lctrl\"><\/div><div class=\"Rctrl\"><\/div><\/div><\/div><noscript><a href=\"https:\/\/youtu.be\/e7hBfx3mUKk\" rel=\"nofollow\"><img loading=\"lazy\" decoding=\"async\" src=\"https:\/\/i.ytimg.com\/vi\/e7hBfx3mUKk\/0.jpg\" alt=\"YouTube video thumbnail\" width=\"853\" height=\"460\" \/><br \/>Assista a este v\u00eddeo no YouTube<\/a><\/noscript><\/div><\/div><div class=\"lL\" style=\"max-width:100%;width:853px;margin:5px;\"><\/div><figcaption><\/figcaption><\/figure>\n\n\n<p class=\"has-text-align-center has-background has-medium-font-size\" style=\"background-color:#cfdbe4\"><strong>Saiba mais: <a href=\"https:\/\/www.estrategiaconcursos.com.br\/blog\/concurso-ibama\/\" target=\"_blank\" rel=\"noreferrer noopener\">concurso IBAMA<\/a><\/strong><\/p>\n\n\n\n<hr class=\"wp-block-separator\"\/>\n\n\n\n<h2 class=\"has-text-align-center wp-block-heading\" id=\"cursos-assinatura\"><strong><em>Quer estudar para concurso Ibama?<\/em><\/strong><\/h2>\n\n\n\n<div class=\"container\" id=\"boxes\">\n  <div class=\"row\">\n\n    <div class=\"col-sm\">\n      <div class=\"banner-estrategia\" id=\"box-assinatura\">\n        <h3 class=\"titulo-assinatura\">Cursos para IBAMA<\/h3>\n        <p class=\"subtitulo-assinatura\">Estude conosco<\/p>\n        <div class=\"box-botao\">\n          <a class=\"btn-assinatura\" target=\"_blank\" href=\"https:\/\/www.estrategiaconcursos.com.br\/cursosPorConcurso\/ibama-analista-61\/\" role=\"button\" rel=\"noopener noreferrer\">Conhe\u00e7a os cursos<\/a>\n        <\/div>\n      <\/div>\n     \n    <\/div>\n\n  <\/div>\n<\/div>\n\n\n\n<div class=\"container\" id=\"boxes\">\n  <div class=\"row\">\n\n    <div class=\"col-sm\">\n      <div class=\"estrategia\" id=\"box-assinatura\">\n        <h3 class=\"titulo-assinatura\">Assinatura Concursos<\/h3>\n        <p class=\"subtitulo-assinatura\">Assinatura de 1 ano ou 2 anos<\/p>\n        <div class=\"box-botao\">\n          <a class=\"btn-assinatura\" target=\"_blank\" href=\"https:\/\/www.estrategiaconcursos.com.br\/assinaturas\/\" role=\"button\" rel=\"noopener noreferrer\">ASSINE AGORA<\/a>\n        <\/div>\n      <\/div><\/div><\/div><\/div>\n\n\n\n<h2 class=\"has-text-align-center wp-block-heading\">Quer saber tudo sobre concursos previstos?<br \/>Confira nossos artigos!<\/h2>\n\n\n\n<ul class=\"wp-block-list\"><li><a target=\"_blank\" href=\"https:\/\/www.estrategiaconcursos.com.br\/blog\/concursos-abertos\/\" rel=\"noreferrer noopener\">Concursos abertos<\/a><\/li><li><a target=\"_blank\" href=\"https:\/\/www.estrategiaconcursos.com.br\/blog\/concursos-2022\/\" rel=\"noreferrer noopener\">Concursos 2022<\/a><\/li><\/ul>\n","protected":false},"excerpt":{"rendered":"<p>Passando por suas primeiras retifica\u00e7\u00f5es, o edital do concurso IBAMA faz parte do time dos certames mais aguardados do ano de 2021! Inclusive, as inscri\u00e7\u00f5es j\u00e1 foram encerradas. Agora, aqueles que j\u00e1 garantiram sua candidatura ser\u00e3o direcionados para a etapa de provas, prevista para 30 de janeiro. E, como sempre pensamos em colaborar com a [&hellip;]<\/p>\n","protected":false},"author":1473,"featured_media":937559,"comment_status":"open","ping_status":"closed","sticky":false,"template":"","format":"standard","meta":{"post_tipo":"news","footnotes":""},"categories":[214992,220219],"tags":[],"tax_estado":[219963],"class_list":["post-937555","post","type-post","status-publish","format-standard","has-post-thumbnail","hentry","category-concursos-administrativos","category-noticias","tax_estado-concursos-federais"],"acf":[],"yoast_head":"<!-- This site is optimized with the Yoast SEO Premium plugin v27.2 (Yoast SEO v27.2) - https:\/\/yoast.com\/product\/yoast-seo-premium-wordpress\/ -->\n<title>Reta Final IBAMA: Analista Ambiental - Tema 1<\/title>\n<meta name=\"description\" content=\"Teremos nesta sexta-feira, 31\/12, a SUPER AULA Reta Final IBAMA, com foco no tema de Matriz Energ\u00e9tica Brasileira! N\u00e3o fique de fora!\" \/>\n<meta name=\"robots\" content=\"index, follow, max-snippet:-1, max-image-preview:large, max-video-preview:-1\" \/>\n<link rel=\"canonical\" href=\"https:\/\/www.estrategiaconcursos.com.br\/blog\/reta-final-ibama-analista-ambiental-tema-1\/\" \/>\n<meta property=\"og:locale\" content=\"pt_BR\" \/>\n<meta property=\"og:type\" content=\"article\" \/>\n<meta property=\"og:title\" content=\"Reta Final IBAMA: Analista Ambiental - Tema 1\" \/>\n<meta property=\"og:description\" content=\"Teremos nesta sexta-feira, 31\/12, a SUPER AULA Reta Final IBAMA, com foco no tema de Matriz Energ\u00e9tica Brasileira! N\u00e3o fique de fora!\" \/>\n<meta property=\"og:url\" content=\"https:\/\/www.estrategiaconcursos.com.br\/blog\/reta-final-ibama-analista-ambiental-tema-1\/\" \/>\n<meta property=\"og:site_name\" content=\"Estrat\u00e9gia Concursos\" \/>\n<meta property=\"article:published_time\" content=\"2021-12-31T10:30:00+00:00\" \/>\n<meta property=\"og:image\" content=\"https:\/\/dhg1h5j42swfq.cloudfront.net\/2021\/12\/30110505\/captura-de-tela-2021-12-30-110606.png\" \/>\n\t<meta property=\"og:image:width\" content=\"1196\" \/>\n\t<meta property=\"og:image:height\" content=\"613\" \/>\n\t<meta property=\"og:image:type\" content=\"image\/png\" \/>\n<meta name=\"author\" content=\"Mariana Moronari\" \/>\n<meta name=\"twitter:card\" content=\"summary_large_image\" \/>\n<meta name=\"twitter:creator\" content=\"@EstratConcursos\" \/>\n<meta name=\"twitter:site\" content=\"@EstratConcursos\" \/>\n<meta name=\"twitter:label1\" content=\"Escrito por\" \/>\n\t<meta name=\"twitter:data1\" content=\"Mariana Moronari\" \/>\n\t<meta name=\"twitter:label2\" content=\"Est. tempo de leitura\" \/>\n\t<meta name=\"twitter:data2\" content=\"1 minuto\" \/>\n<script type=\"application\/ld+json\" class=\"yoast-schema-graph\">{\"@context\":\"https:\/\/schema.org\",\"@graph\":[{\"@type\":\"NewsArticle\",\"@id\":\"https:\/\/www.estrategiaconcursos.com.br\/blog\/reta-final-ibama-analista-ambiental-tema-1\/#article\",\"isPartOf\":{\"@id\":\"https:\/\/www.estrategiaconcursos.com.br\/blog\/reta-final-ibama-analista-ambiental-tema-1\/\"},\"author\":{\"name\":\"Mariana Moronari\",\"@id\":\"https:\/\/www.estrategiaconcursos.com.br\/blog\/#\/schema\/person\/64a3478ae1b1d5d64139ae40b902ecf9\"},\"headline\":\"Reta Final IBAMA: Analista Ambiental &#8211; Tema 1\",\"datePublished\":\"2021-12-31T10:30:00+00:00\",\"mainEntityOfPage\":{\"@id\":\"https:\/\/www.estrategiaconcursos.com.br\/blog\/reta-final-ibama-analista-ambiental-tema-1\/\"},\"wordCount\":188,\"commentCount\":0,\"publisher\":{\"@id\":\"https:\/\/www.estrategiaconcursos.com.br\/blog\/#organization\"},\"image\":{\"@id\":\"https:\/\/www.estrategiaconcursos.com.br\/blog\/reta-final-ibama-analista-ambiental-tema-1\/#primaryimage\"},\"thumbnailUrl\":\"https:\/\/dhg1h5j42swfq.cloudfront.net\/2021\/12\/30110505\/captura-de-tela-2021-12-30-110606.png\",\"articleSection\":[\"Executivo (Administrativa)\",\"\u00daltimas not\u00edcias\"],\"inLanguage\":\"pt-BR\",\"potentialAction\":[{\"@type\":\"CommentAction\",\"name\":\"Comment\",\"target\":[\"https:\/\/www.estrategiaconcursos.com.br\/blog\/reta-final-ibama-analista-ambiental-tema-1\/#respond\"]}],\"copyrightYear\":\"2021\",\"copyrightHolder\":{\"@id\":\"https:\/\/www.estrategiaconcursos.com.br\/blog\/#organization\"}},{\"@type\":\"WebPage\",\"@id\":\"https:\/\/www.estrategiaconcursos.com.br\/blog\/reta-final-ibama-analista-ambiental-tema-1\/\",\"url\":\"https:\/\/www.estrategiaconcursos.com.br\/blog\/reta-final-ibama-analista-ambiental-tema-1\/\",\"name\":\"Reta Final IBAMA: Analista Ambiental - Tema 1\",\"isPartOf\":{\"@id\":\"https:\/\/www.estrategiaconcursos.com.br\/blog\/#website\"},\"primaryImageOfPage\":{\"@id\":\"https:\/\/www.estrategiaconcursos.com.br\/blog\/reta-final-ibama-analista-ambiental-tema-1\/#primaryimage\"},\"image\":{\"@id\":\"https:\/\/www.estrategiaconcursos.com.br\/blog\/reta-final-ibama-analista-ambiental-tema-1\/#primaryimage\"},\"thumbnailUrl\":\"https:\/\/dhg1h5j42swfq.cloudfront.net\/2021\/12\/30110505\/captura-de-tela-2021-12-30-110606.png\",\"datePublished\":\"2021-12-31T10:30:00+00:00\",\"description\":\"Teremos nesta sexta-feira, 31\/12, a SUPER AULA Reta Final IBAMA, com foco no tema de Matriz Energ\u00e9tica Brasileira! N\u00e3o fique de fora!\",\"breadcrumb\":{\"@id\":\"https:\/\/www.estrategiaconcursos.com.br\/blog\/reta-final-ibama-analista-ambiental-tema-1\/#breadcrumb\"},\"inLanguage\":\"pt-BR\",\"potentialAction\":[{\"@type\":\"ReadAction\",\"target\":[\"https:\/\/www.estrategiaconcursos.com.br\/blog\/reta-final-ibama-analista-ambiental-tema-1\/\"]}]},{\"@type\":\"ImageObject\",\"inLanguage\":\"pt-BR\",\"@id\":\"https:\/\/www.estrategiaconcursos.com.br\/blog\/reta-final-ibama-analista-ambiental-tema-1\/#primaryimage\",\"url\":\"https:\/\/dhg1h5j42swfq.cloudfront.net\/2021\/12\/30110505\/captura-de-tela-2021-12-30-110606.png\",\"contentUrl\":\"https:\/\/dhg1h5j42swfq.cloudfront.net\/2021\/12\/30110505\/captura-de-tela-2021-12-30-110606.png\",\"width\":1196,\"height\":613},{\"@type\":\"BreadcrumbList\",\"@id\":\"https:\/\/www.estrategiaconcursos.com.br\/blog\/reta-final-ibama-analista-ambiental-tema-1\/#breadcrumb\",\"itemListElement\":[{\"@type\":\"ListItem\",\"position\":1,\"name\":\"In\u00edcio\",\"item\":\"https:\/\/www.estrategiaconcursos.com.br\/blog\/\"},{\"@type\":\"ListItem\",\"position\":2,\"name\":\"Reta Final IBAMA: Analista Ambiental &#8211; Tema 1\"}]},{\"@type\":\"WebSite\",\"@id\":\"https:\/\/www.estrategiaconcursos.com.br\/blog\/#website\",\"url\":\"https:\/\/www.estrategiaconcursos.com.br\/blog\/\",\"name\":\"Estrat\u00e9gia Concursos\",\"description\":\"O blog da Estrat\u00e9gia Concursos traz not\u00edcias sobre concursos e artigos de professores oferecendo cursos para concursos (pdf + videaulas) no site.\",\"publisher\":{\"@id\":\"https:\/\/www.estrategiaconcursos.com.br\/blog\/#organization\"},\"potentialAction\":[{\"@type\":\"SearchAction\",\"target\":{\"@type\":\"EntryPoint\",\"urlTemplate\":\"https:\/\/www.estrategiaconcursos.com.br\/blog\/?s={search_term_string}\"},\"query-input\":{\"@type\":\"PropertyValueSpecification\",\"valueRequired\":true,\"valueName\":\"search_term_string\"}}],\"inLanguage\":\"pt-BR\"},{\"@type\":\"Organization\",\"@id\":\"https:\/\/www.estrategiaconcursos.com.br\/blog\/#organization\",\"name\":\"Estrat\u00e9gia Concursos\",\"url\":\"https:\/\/www.estrategiaconcursos.com.br\/blog\/\",\"logo\":{\"@type\":\"ImageObject\",\"inLanguage\":\"pt-BR\",\"@id\":\"https:\/\/www.estrategiaconcursos.com.br\/blog\/#\/schema\/logo\/image\/\",\"url\":\"https:\/\/dhg1h5j42swfq.cloudfront.net\/2025\/06\/03203428\/logo_concursos-1.jpg\",\"contentUrl\":\"https:\/\/dhg1h5j42swfq.cloudfront.net\/2025\/06\/03203428\/logo_concursos-1.jpg\",\"width\":230,\"height\":60,\"caption\":\"Estrat\u00e9gia Concursos\"},\"image\":{\"@id\":\"https:\/\/www.estrategiaconcursos.com.br\/blog\/#\/schema\/logo\/image\/\"},\"sameAs\":[\"https:\/\/x.com\/EstratConcursos\"]},{\"@type\":\"Person\",\"@id\":\"https:\/\/www.estrategiaconcursos.com.br\/blog\/#\/schema\/person\/64a3478ae1b1d5d64139ae40b902ecf9\",\"name\":\"Mariana Moronari\",\"image\":{\"@type\":\"ImageObject\",\"inLanguage\":\"pt-BR\",\"@id\":\"https:\/\/secure.gravatar.com\/avatar\/05a5aabbf29a4730ddae984a81dcc630615dbcc52b5eaebab6253cc09f687ba4?s=96&d=mm&r=g\",\"url\":\"https:\/\/secure.gravatar.com\/avatar\/05a5aabbf29a4730ddae984a81dcc630615dbcc52b5eaebab6253cc09f687ba4?s=96&d=mm&r=g\",\"contentUrl\":\"https:\/\/secure.gravatar.com\/avatar\/05a5aabbf29a4730ddae984a81dcc630615dbcc52b5eaebab6253cc09f687ba4?s=96&d=mm&r=g\",\"caption\":\"Mariana Moronari\"},\"url\":\"https:\/\/www.estrategiaconcursos.com.br\/blog\/author\/moronari-marianagmail-com\/\"}]}<\/script>\n<!-- \/ Yoast SEO Premium plugin. -->","yoast_head_json":{"title":"Reta Final IBAMA: Analista Ambiental - Tema 1","description":"Teremos nesta sexta-feira, 31\/12, a SUPER AULA Reta Final IBAMA, com foco no tema de Matriz Energ\u00e9tica Brasileira! N\u00e3o fique de fora!","robots":{"index":"index","follow":"follow","max-snippet":"max-snippet:-1","max-image-preview":"max-image-preview:large","max-video-preview":"max-video-preview:-1"},"canonical":"https:\/\/www.estrategiaconcursos.com.br\/blog\/reta-final-ibama-analista-ambiental-tema-1\/","og_locale":"pt_BR","og_type":"article","og_title":"Reta Final IBAMA: Analista Ambiental - Tema 1","og_description":"Teremos nesta sexta-feira, 31\/12, a SUPER AULA Reta Final IBAMA, com foco no tema de Matriz Energ\u00e9tica Brasileira! N\u00e3o fique de fora!","og_url":"https:\/\/www.estrategiaconcursos.com.br\/blog\/reta-final-ibama-analista-ambiental-tema-1\/","og_site_name":"Estrat\u00e9gia Concursos","article_published_time":"2021-12-31T10:30:00+00:00","og_image":[{"width":1196,"height":613,"url":"https:\/\/dhg1h5j42swfq.cloudfront.net\/2021\/12\/30110505\/captura-de-tela-2021-12-30-110606.png","type":"image\/png"}],"author":"Mariana Moronari","twitter_card":"summary_large_image","twitter_creator":"@EstratConcursos","twitter_site":"@EstratConcursos","twitter_misc":{"Escrito por":"Mariana Moronari","Est. tempo de leitura":"1 minuto"},"schema":{"@context":"https:\/\/schema.org","@graph":[{"@type":"NewsArticle","@id":"https:\/\/www.estrategiaconcursos.com.br\/blog\/reta-final-ibama-analista-ambiental-tema-1\/#article","isPartOf":{"@id":"https:\/\/www.estrategiaconcursos.com.br\/blog\/reta-final-ibama-analista-ambiental-tema-1\/"},"author":{"name":"Mariana Moronari","@id":"https:\/\/www.estrategiaconcursos.com.br\/blog\/#\/schema\/person\/64a3478ae1b1d5d64139ae40b902ecf9"},"headline":"Reta Final IBAMA: Analista Ambiental &#8211; Tema 1","datePublished":"2021-12-31T10:30:00+00:00","mainEntityOfPage":{"@id":"https:\/\/www.estrategiaconcursos.com.br\/blog\/reta-final-ibama-analista-ambiental-tema-1\/"},"wordCount":188,"commentCount":0,"publisher":{"@id":"https:\/\/www.estrategiaconcursos.com.br\/blog\/#organization"},"image":{"@id":"https:\/\/www.estrategiaconcursos.com.br\/blog\/reta-final-ibama-analista-ambiental-tema-1\/#primaryimage"},"thumbnailUrl":"https:\/\/dhg1h5j42swfq.cloudfront.net\/2021\/12\/30110505\/captura-de-tela-2021-12-30-110606.png","articleSection":["Executivo (Administrativa)","\u00daltimas not\u00edcias"],"inLanguage":"pt-BR","potentialAction":[{"@type":"CommentAction","name":"Comment","target":["https:\/\/www.estrategiaconcursos.com.br\/blog\/reta-final-ibama-analista-ambiental-tema-1\/#respond"]}],"copyrightYear":"2021","copyrightHolder":{"@id":"https:\/\/www.estrategiaconcursos.com.br\/blog\/#organization"}},{"@type":"WebPage","@id":"https:\/\/www.estrategiaconcursos.com.br\/blog\/reta-final-ibama-analista-ambiental-tema-1\/","url":"https:\/\/www.estrategiaconcursos.com.br\/blog\/reta-final-ibama-analista-ambiental-tema-1\/","name":"Reta Final IBAMA: Analista Ambiental - Tema 1","isPartOf":{"@id":"https:\/\/www.estrategiaconcursos.com.br\/blog\/#website"},"primaryImageOfPage":{"@id":"https:\/\/www.estrategiaconcursos.com.br\/blog\/reta-final-ibama-analista-ambiental-tema-1\/#primaryimage"},"image":{"@id":"https:\/\/www.estrategiaconcursos.com.br\/blog\/reta-final-ibama-analista-ambiental-tema-1\/#primaryimage"},"thumbnailUrl":"https:\/\/dhg1h5j42swfq.cloudfront.net\/2021\/12\/30110505\/captura-de-tela-2021-12-30-110606.png","datePublished":"2021-12-31T10:30:00+00:00","description":"Teremos nesta sexta-feira, 31\/12, a SUPER AULA Reta Final IBAMA, com foco no tema de Matriz Energ\u00e9tica Brasileira! N\u00e3o fique de fora!","breadcrumb":{"@id":"https:\/\/www.estrategiaconcursos.com.br\/blog\/reta-final-ibama-analista-ambiental-tema-1\/#breadcrumb"},"inLanguage":"pt-BR","potentialAction":[{"@type":"ReadAction","target":["https:\/\/www.estrategiaconcursos.com.br\/blog\/reta-final-ibama-analista-ambiental-tema-1\/"]}]},{"@type":"ImageObject","inLanguage":"pt-BR","@id":"https:\/\/www.estrategiaconcursos.com.br\/blog\/reta-final-ibama-analista-ambiental-tema-1\/#primaryimage","url":"https:\/\/dhg1h5j42swfq.cloudfront.net\/2021\/12\/30110505\/captura-de-tela-2021-12-30-110606.png","contentUrl":"https:\/\/dhg1h5j42swfq.cloudfront.net\/2021\/12\/30110505\/captura-de-tela-2021-12-30-110606.png","width":1196,"height":613},{"@type":"BreadcrumbList","@id":"https:\/\/www.estrategiaconcursos.com.br\/blog\/reta-final-ibama-analista-ambiental-tema-1\/#breadcrumb","itemListElement":[{"@type":"ListItem","position":1,"name":"In\u00edcio","item":"https:\/\/www.estrategiaconcursos.com.br\/blog\/"},{"@type":"ListItem","position":2,"name":"Reta Final IBAMA: Analista Ambiental &#8211; Tema 1"}]},{"@type":"WebSite","@id":"https:\/\/www.estrategiaconcursos.com.br\/blog\/#website","url":"https:\/\/www.estrategiaconcursos.com.br\/blog\/","name":"Estrat\u00e9gia Concursos","description":"O blog da Estrat\u00e9gia Concursos traz not\u00edcias sobre concursos e artigos de professores oferecendo cursos para concursos (pdf + videaulas) no site.","publisher":{"@id":"https:\/\/www.estrategiaconcursos.com.br\/blog\/#organization"},"potentialAction":[{"@type":"SearchAction","target":{"@type":"EntryPoint","urlTemplate":"https:\/\/www.estrategiaconcursos.com.br\/blog\/?s={search_term_string}"},"query-input":{"@type":"PropertyValueSpecification","valueRequired":true,"valueName":"search_term_string"}}],"inLanguage":"pt-BR"},{"@type":"Organization","@id":"https:\/\/www.estrategiaconcursos.com.br\/blog\/#organization","name":"Estrat\u00e9gia Concursos","url":"https:\/\/www.estrategiaconcursos.com.br\/blog\/","logo":{"@type":"ImageObject","inLanguage":"pt-BR","@id":"https:\/\/www.estrategiaconcursos.com.br\/blog\/#\/schema\/logo\/image\/","url":"https:\/\/dhg1h5j42swfq.cloudfront.net\/2025\/06\/03203428\/logo_concursos-1.jpg","contentUrl":"https:\/\/dhg1h5j42swfq.cloudfront.net\/2025\/06\/03203428\/logo_concursos-1.jpg","width":230,"height":60,"caption":"Estrat\u00e9gia Concursos"},"image":{"@id":"https:\/\/www.estrategiaconcursos.com.br\/blog\/#\/schema\/logo\/image\/"},"sameAs":["https:\/\/x.com\/EstratConcursos"]},{"@type":"Person","@id":"https:\/\/www.estrategiaconcursos.com.br\/blog\/#\/schema\/person\/64a3478ae1b1d5d64139ae40b902ecf9","name":"Mariana Moronari","image":{"@type":"ImageObject","inLanguage":"pt-BR","@id":"https:\/\/secure.gravatar.com\/avatar\/05a5aabbf29a4730ddae984a81dcc630615dbcc52b5eaebab6253cc09f687ba4?s=96&d=mm&r=g","url":"https:\/\/secure.gravatar.com\/avatar\/05a5aabbf29a4730ddae984a81dcc630615dbcc52b5eaebab6253cc09f687ba4?s=96&d=mm&r=g","contentUrl":"https:\/\/secure.gravatar.com\/avatar\/05a5aabbf29a4730ddae984a81dcc630615dbcc52b5eaebab6253cc09f687ba4?s=96&d=mm&r=g","caption":"Mariana Moronari"},"url":"https:\/\/www.estrategiaconcursos.com.br\/blog\/author\/moronari-marianagmail-com\/"}]}},"_links":{"self":[{"href":"https:\/\/www.estrategiaconcursos.com.br\/blog\/wp-json\/wp\/v2\/posts\/937555","targetHints":{"allow":["GET"]}}],"collection":[{"href":"https:\/\/www.estrategiaconcursos.com.br\/blog\/wp-json\/wp\/v2\/posts"}],"about":[{"href":"https:\/\/www.estrategiaconcursos.com.br\/blog\/wp-json\/wp\/v2\/types\/post"}],"author":[{"embeddable":true,"href":"https:\/\/www.estrategiaconcursos.com.br\/blog\/wp-json\/wp\/v2\/users\/1473"}],"replies":[{"embeddable":true,"href":"https:\/\/www.estrategiaconcursos.com.br\/blog\/wp-json\/wp\/v2\/comments?post=937555"}],"version-history":[{"count":6,"href":"https:\/\/www.estrategiaconcursos.com.br\/blog\/wp-json\/wp\/v2\/posts\/937555\/revisions"}],"predecessor-version":[{"id":937825,"href":"https:\/\/www.estrategiaconcursos.com.br\/blog\/wp-json\/wp\/v2\/posts\/937555\/revisions\/937825"}],"wp:featuredmedia":[{"embeddable":true,"href":"https:\/\/www.estrategiaconcursos.com.br\/blog\/wp-json\/wp\/v2\/media\/937559"}],"wp:attachment":[{"href":"https:\/\/www.estrategiaconcursos.com.br\/blog\/wp-json\/wp\/v2\/media?parent=937555"}],"wp:term":[{"taxonomy":"category","embeddable":true,"href":"https:\/\/www.estrategiaconcursos.com.br\/blog\/wp-json\/wp\/v2\/categories?post=937555"},{"taxonomy":"post_tag","embeddable":true,"href":"https:\/\/www.estrategiaconcursos.com.br\/blog\/wp-json\/wp\/v2\/tags?post=937555"},{"taxonomy":"tax_estado","embeddable":true,"href":"https:\/\/www.estrategiaconcursos.com.br\/blog\/wp-json\/wp\/v2\/tax_estado?post=937555"}],"curies":[{"name":"wp","href":"https:\/\/api.w.org\/{rel}","templated":true}]}}