{"id":936730,"date":"2022-02-25T18:00:00","date_gmt":"2022-02-25T21:00:00","guid":{"rendered":"https:\/\/www.estrategiaconcursos.com.br\/blog\/?p=936730"},"modified":"2022-02-26T08:52:48","modified_gmt":"2022-02-26T11:52:48","slug":"edital-tce-rj-2","status":"publish","type":"post","link":"https:\/\/www.estrategiaconcursos.com.br\/blog\/edital-tce-rj-2\/","title":{"rendered":"Edital TCE RJ: Inscri\u00e7\u00f5es encerradas; Provas em abril e maio"},"content":{"rendered":"\n<p>Est\u00e3o encerradas as inscri\u00e7\u00f5es do<strong> concurso TCE RJ<\/strong>! Os interessados em participar da sele\u00e7\u00e3o puderam realizar as inscri\u00e7\u00f5es at\u00e9 o dia <strong>25 de fevereiro<\/strong>. <\/p>\n\n\n\n<p>Todo o processo p\u00f4de ser realizado diretamente pelo site da banca organizadora, o <strong>Cebraspe<\/strong>. A taxa ficou definida da seguinte forma, devendo ser paga at\u00e9 18 de mar\u00e7o:<\/p>\n\n\n\n<p><strong>T\u00e9cnico:<\/strong> R$ 124,00;<br \/><strong>Analista: <\/strong>R$ 165,00.<\/p>\n\n\n\n<ul class=\"has-very-light-gray-to-cyan-bluish-gray-gradient-background has-background wp-block-list\"><li><strong>Concurso TCE RJ <\/strong><\/li><li><strong>Status:<\/strong> Inscri\u00e7\u00f5es encerradas<\/li><li><strong>Banca:<\/strong> Cebraspe<\/li><li><strong>Vagas:<\/strong> 20<\/li><li><strong>Sal\u00e1rio inicial:<\/strong> R$ 9.596,13 e R$ 13.708,81<\/li><li><strong>Edital:<\/strong> <a href=\"https:\/\/dhg1h5j42swfq.cloudfront.net\/2021\/12\/29093714\/ed_1_2021_tce_rj_analista_abertura.pdf\" target=\"_blank\" rel=\"noreferrer noopener nofollow\">Edital Analista<\/a>\u00a0|\u00a0<a href=\"https:\/\/dhg1h5j42swfq.cloudfront.net\/2021\/12\/29093709\/ed_1_2021_tce_rj_tecnico_abertura.pdf\" target=\"_blank\" rel=\"noreferrer noopener nofollow\">Edital T\u00e9cnico<\/a><\/li><\/ul>\n\n\n\n<p>Conforme o documento, s\u00e3o ofertadas <strong>10 vagas <\/strong>para a fun\u00e7\u00e3o de T\u00e9cnico da Carreira de T\u00e9cnico de Controle Externo no <strong><em>Tribunal de Contas do Estado do Rio de Janeiro<\/em><\/strong>.<\/p>\n\n\n\n<p>Al\u00e9m dessas, outras <strong>10 vagas<\/strong> s\u00e3o para a carreira de Analista de Controle Externo na \u00e1rea de Tecnologia da Informa\u00e7\u00e3o. <\/p>\n\n\n\n<p>As provas ser\u00e3o aplicadas em datas distintas, durante os meses de\u00a0<strong>abril\u00a0<\/strong>e\u00a0<strong>maio<\/strong>, a depender do cargo. <\/p>\n\n\n\n<div class=\"container\" id=\"boxes\">\n  <div class=\"row\">\n\n    <div class=\"col-sm\">\n      <div class=\"banner-tcg\" id=\"box-assinatura\">\n        <h3 class=\"titulo-assinatura\">TCE RJ<\/h3>\n        <p class=\"subtitulo-assinatura\">Estude conosco para o concurso<\/p>\n        <div class=\"box-botao\">\n          <a class=\"btn-assinatura\" target=\"_blank\" href=\"https:\/\/www.estrategiaconcursos.com.br\/cursosPorConcurso\/tce-rj-60\/\" role=\"button\" rel=\"noopener noreferrer\">Saiba mais<\/a>\n        <\/div>\n      <\/div>\n     \n    <\/div>\n\n  <\/div>\n<\/div>\n\n\n\n<h2 class=\"wp-block-heading\" id=\"situacao\">Situa\u00e7\u00e3o atual do edital TCE RJ<\/h2>\n\n\n\n<h3 class=\"wp-block-heading\" id=\"datas\">Principais datas<\/h3>\n\n\n\n<ul class=\"wp-block-list\"><li><strong>Inscri\u00e7\u00f5es<\/strong>: <s>04 a 25\/02\/2022<\/s><\/li><li><strong>Isen\u00e7\u00e3o da taxa<\/strong>: <s>04 a 25\/02\/2022 <\/s><\/li><li><strong>\u00daltimo dia para pagamento<\/strong>: 18\/03\/2022<\/li><li><strong>Prova<\/strong>: 08\/05\/2022 (<em>T\u00e9cnico<\/em>) | 24\/04\/2022 (<em>Analista<\/em>)<\/li><\/ul>\n\n\n\n<h2 class=\"wp-block-heading\" id=\"cargos-vagas\">Cargos e vagas do edital TCE RJ <\/h2>\n\n\n\n<figure class=\"wp-block-table is-style-stripes\"><table class=\"has-fixed-layout\"><thead><tr><th class=\"has-text-align-center\" data-align=\"center\">CARGOS<\/th><th class=\"has-text-align-center\" data-align=\"center\">VAGAS<\/th><th class=\"has-text-align-center\" data-align=\"center\">REMUNERA\u00c7\u00c3O<\/th><th class=\"has-text-align-center\" data-align=\"center\">ESCOLARIDADE<\/th><\/tr><\/thead><tbody><tr><td class=\"has-text-align-center\" data-align=\"center\"> T\u00e9cnico de Controle Externo  <\/td><td class=\"has-text-align-center\" data-align=\"center\">10<\/td><td class=\"has-text-align-center\" data-align=\"center\"> R$ 9.596,13 <\/td><td class=\"has-text-align-center\" data-align=\"center\">N\u00edvel m\u00e9dio<\/td><\/tr><tr><td class=\"has-text-align-center\" data-align=\"center\">Analista de Controle Externo<\/td><td class=\"has-text-align-center\" data-align=\"center\">10<\/td><td class=\"has-text-align-center\" data-align=\"center\">R$ 13.708,81<\/td><td class=\"has-text-align-center\" data-align=\"center\">N\u00edvel superior<\/td><\/tr><\/tbody><\/table><\/figure>\n\n\n\n<p>Os servidores tamb\u00e9m t\u00eam direito ao aux\u00edlio educa\u00e7\u00e3o (limitado a 3 dependentes), aux\u00edlio sa\u00fade, aux\u00edlio alimenta\u00e7\u00e3o e aux\u00edlio locomo\u00e7\u00e3o:<\/p>\n\n\n\n<ul class=\"wp-block-list\"><li><strong>Educa\u00e7\u00e3o<\/strong>: R$ 1.370,41;<\/li><li><strong>Sa\u00fade<\/strong>: R$ 847,46;<\/li><li><strong>Locomo\u00e7\u00e3o<\/strong>: R$ 367,23;<\/li><li><strong>Alimenta\u00e7\u00e3o<\/strong>: R$ 1.242,94.<\/li><\/ul>\n\n\n\n<h3 class=\"wp-block-heading\" id=\"requisitos\">Requisitos<\/h3>\n\n\n\n<ul class=\"wp-block-list\"><li><strong>T\u00e9cnico:<\/strong> Certificado de conclus\u00e3o de curso de n\u00edvel m\u00e9dio ou curso t\u00e9cnico equivalente, emitido por escola oficial ou reconhecido pelo \u00f3rg\u00e3o.<\/li><\/ul>\n\n\n\n<ul class=\"wp-block-list\"><li><strong>Analista: <\/strong>Diploma, devidamente registrado, de conclus\u00e3o de curso de gradua\u00e7\u00e3o em Ci\u00eancia da Computa\u00e7\u00e3o, Engenharia de Sistemas, Engenharia da Computa\u00e7\u00e3o ou de curso de n\u00edvel superior correlato na \u00e1rea de Inform\u00e1tica ou Tecnologia da Informa\u00e7\u00e3o, fornecido por institui\u00e7\u00e3o de ensino superior reconhecida pelo Minist\u00e9rio da Educa\u00e7\u00e3o (MEC).<\/li><\/ul>\n\n\n\n<h3 class=\"wp-block-heading\" id=\"atribuicoes\">Atribui\u00e7\u00f5es<\/h3>\n\n\n\n<ul class=\"wp-block-list\"><li><strong>T\u00e9cnico:<\/strong> Atividades de apoio t\u00e9cnico necess\u00e1rias \u00e0s a\u00e7\u00f5es de controle externo, ao acompanhamento e desenvolvimento organizacional e ao cumprimento das decis\u00f5es dos \u00f3rg\u00e3os deliberativos do TCE-RJ.<\/li><li><strong>Analista: <\/strong>Desenvolver, detalhar, implantar e dar manuten\u00e7\u00e3o aos sistemas, coletando e analisando informa\u00e7\u00f5es prestadas pelos usu\u00e1rios, a fim de informatizar os processos t\u00e9cnicos e administrativos; entre outras.<\/li><\/ul>\n\n\n\n<h2 class=\"wp-block-heading\" id=\"etapas\">Etapas e provas do edital TCE RJ  <\/h2>\n\n\n\n<p>O edital TCE RJ compreende das seguintes etapas:<\/p>\n\n\n\n<ul class=\"wp-block-list\"><li><strong>a) <\/strong>Prova Objetiva, de car\u00e1ter eliminat\u00f3rio e classificat\u00f3rio (ambos os cargos); <\/li><li><strong>b) <\/strong>Prova Discursiva, de car\u00e1ter eliminat\u00f3rio e classificat\u00f3rio (ambos os cargos);<\/li><li><strong>c)<\/strong> Avalia\u00e7\u00e3o de T\u00edtulos, de car\u00e1ter classificat\u00f3rio (apenas para <strong>Analista<\/strong>).  <\/li><\/ul>\n\n\n\n<h3 class=\"wp-block-heading\" id=\"objetiva\">Provas Objetivas do edital TCE RJ<\/h3>\n\n\n\n<h3 class=\"has-text-align-center has-cyan-bluish-gray-background-color has-background wp-block-heading\" id=\"tecnico\"><strong>T\u00e9cnico<\/strong><\/h3>\n\n\n\n<div class=\"wp-block-image\"><figure class=\"aligncenter size-large is-resized\"><img loading=\"lazy\" decoding=\"async\" src=\"https:\/\/dhg1h5j42swfq.cloudfront.net\/2021\/12\/29082735\/image-584-1024x73.png\" alt=\"provas edital concurso TCE RJ\" class=\"wp-image-936736\" width=\"859\" height=\"60\" srcset=\"https:\/\/dhg1h5j42swfq.cloudfront.net\/2021\/12\/29082735\/image-584-1024x73.png 1024w, https:\/\/dhg1h5j42swfq.cloudfront.net\/2021\/12\/29082735\/image-584-300x21.png 300w, https:\/\/dhg1h5j42swfq.cloudfront.net\/2021\/12\/29082735\/image-584-768x55.png 768w, https:\/\/dhg1h5j42swfq.cloudfront.net\/2021\/12\/29082735\/image-584-610x43.png 610w, https:\/\/dhg1h5j42swfq.cloudfront.net\/2021\/12\/29082735\/image-584.png 1223w\" sizes=\"auto, (max-width: 859px) 100vw, 859px\" \/><\/figure><\/div>\n\n\n\n<p>As provas objetivas ter\u00e3o a dura\u00e7\u00e3o de <strong>4 horas e valer\u00e3o 150,00 pontos<\/strong>. O julgamento de cada item ser\u00e1 CERTO ou ERRADO.<\/p>\n\n\n\n<ul class=\"wp-block-list\"><li><strong>Conhecimentos b\u00e1sicos:<\/strong><ul><li>L\u00edngua Portuguesa;<\/li><li>No\u00e7\u00f5es de Direito Administrativo;<\/li><li>No\u00e7\u00f5es de Direito Constitucional;<\/li><li>Legisla\u00e7\u00e3o Espec\u00edfica.<\/li><\/ul><\/li><li><strong>Conhecimentos espec\u00edficos:<\/strong><ul><li>Administra\u00e7\u00e3o Or\u00e7ament\u00e1ria e Financeira e Or\u00e7amento P\u00fablico;<\/li><li>Controle Externo e Administra\u00e7\u00e3o P\u00fablica;<\/li><li>No\u00e7\u00f5es de Contabilidade P\u00fablica.<\/li><\/ul><\/li><\/ul>\n\n\n\n<p>Ser\u00e1 reprovado nas provas objetivas e eliminado do concurso p\u00fablico o candidato que se enquadrar em pelo menos um dos itens a seguir:<\/p>\n\n\n\n<ul class=\"wp-block-list\"><li>a) obtiver nota inferior a 12,00 pontos na prova objetiva de conhecimentos b\u00e1sicos P1;<\/li><li>b) obtiver nota inferior a 27,00 pontos na prova objetiva de conhecimentos espec\u00edficos P2;<\/li><li>c) obtiver nota inferior a 45,00 pontos no conjunto das provas objetivas.<\/li><\/ul>\n\n\n\n<h3 class=\"wp-block-heading\" id=\"discursiva\">Prova Discursiva<\/h3>\n\n\n\n<p>A prova discursiva ter\u00e1 a dura\u00e7\u00e3o de 2 horas. Esta etapa valer\u00e1 um total de 30 pontos e consistir\u00e1 de tr\u00eas quest\u00f5es a<br \/>serem respondidas em at\u00e9 20 linhas cada, no valor de 10 pontos cada, acerca de temas relacionados aos conhecimentos espec\u00edficos.<\/p>\n\n\n\n<h3 class=\"has-text-align-center has-cyan-bluish-gray-background-color has-background wp-block-heading\" id=\"analista\">Analista<\/h3>\n\n\n\n<h3 class=\"wp-block-heading\" id=\"prova-objetiva-do-edital-tce-rj\">Prova Objetiva do edital TCE RJ<\/h3>\n\n\n\n<p>As provas objetivas <strong>ter\u00e3o dura\u00e7\u00e3o de 5 horas e<\/strong> <strong>valer\u00e3o 200,00 pontos<\/strong>. O julgamento de cada item ser\u00e1 CERTO ou ERRADO.<\/p>\n\n\n\n<ul class=\"wp-block-list\"><li><strong>Conhecimentos b\u00e1sicos:<\/strong><ul><li>L\u00edngua Portuguesa;<\/li><li>L\u00edngua Inglesa;<\/li><li>Direito Administrativo;<\/li><li>Direito Constitucional.<\/li><\/ul><\/li><li><strong>Conhecimentos espec\u00edficos:<\/strong><ul><li>An\u00e1lise de Dados e Informa\u00e7\u00f5es;<\/li><li>Banco de Dados;<\/li><li>Desenvolvimento de Sistemas;<\/li><li>Engenharia de Software;<\/li><li>Infraestrutura;<\/li><li>Seguran\u00e7a da Informa\u00e7\u00e3o.<\/li><\/ul><\/li><\/ul>\n\n\n\n<p>Ser\u00e1 reprovado nas provas objetivas e eliminado do concurso p\u00fablico o candidato que se enquadrar em pelo menos um dos itens a seguir:<\/p>\n\n\n\n<ul class=\"wp-block-list\"><li>a) obtiver nota inferior a 20,00 pontos na prova objetiva de conhecimentos b\u00e1sicos P1;<\/li><li>b) obtiver nota inferior a 30,00 pontos na prova objetiva de conhecimentos espec\u00edficos P2;<\/li><li>c) obtiver nota inferior a 60,00 pontos no conjunto das provas objetivas.<\/li><\/ul>\n\n\n\n<h3 class=\"wp-block-heading\" id=\"prova-discursiva\">Prova Discursiva<\/h3>\n\n\n\n<p>A prova discursiva valer\u00e1 60,00 pontos e consistir\u00e1 de:<\/p>\n\n\n\n<ul class=\"wp-block-list\"><li>a) tr\u00eas quest\u00f5es discursivas, de at\u00e9 20 linhas cada, com valor de 10,00 pontos cada, acerca dos conhecimentos espec\u00edficos; e<\/li><li>b) um estudo de caso, de at\u00e9 60 linhas, com o valor de 30,00 pontos, acerca dos conhecimentos espec\u00edficos.<\/li><\/ul>\n\n\n\n<h3 class=\"wp-block-heading\" id=\"titulos\">Avalia\u00e7\u00e3o de T\u00edtulos<\/h3>\n\n\n\n<p>Ser\u00e3o convocados para a avalia\u00e7\u00e3o de t\u00edtulos os candidatos aprovados na prova discursiva. Esta etapa valer\u00e1 13,00 pontos, ainda que a soma dos valores dos t\u00edtulos enviados seja superior a esse valor.<\/p>\n\n\n\n<figure class=\"wp-block-table is-style-stripes\"><table class=\"has-fixed-layout\"><tbody><tr><td class=\"has-text-align-center\" data-align=\"center\">Diploma de curso de p\u00f3s-gradua\u00e7\u00e3o em n\u00edvel de doutorado (t\u00edtulo de doutor) na \u00e1rea a que concorre. Tamb\u00e9m ser\u00e1 aceito certificado\/declara\u00e7\u00e3o de conclus\u00e3o de curso de Doutorado, desde<br \/>que acompanhado de hist\u00f3rico escolar<\/td><td class=\"has-text-align-center\" data-align=\"center\"><strong>6,0 pontos<\/strong><\/td><\/tr><tr><td class=\"has-text-align-center\" data-align=\"center\">Diploma de curso de p\u00f3s-gradua\u00e7\u00e3o em n\u00edvel de mestrado (t\u00edtulo de mestre) na \u00e1rea a que concorre. Tamb\u00e9m ser\u00e1 aceito certificado\/declara\u00e7\u00e3o de conclus\u00e3o de curso de Mestrado, desde<br \/>que acompanhado de hist\u00f3rico escolar.<\/td><td class=\"has-text-align-center\" data-align=\"center\"><strong>4,0 pontos<\/strong><\/td><\/tr><tr><td class=\"has-text-align-center\" data-align=\"center\">Certificado de curso de p\u00f3s-gradua\u00e7\u00e3o em n\u00edvel de especializa\u00e7\u00e3o, com carga hor\u00e1ria m\u00ednima de 360 h\/a na \u00e1rea a que concorre. Tamb\u00e9m ser\u00e1 aceita a declara\u00e7\u00e3o de conclus\u00e3o de p\u00f3s gradua\u00e7\u00e3o em n\u00edvel de especializa\u00e7\u00e3o, desde que acompanhada de hist\u00f3rico escolar.<\/td><td class=\"has-text-align-center\" data-align=\"center\"><strong>1,50 pontos<\/strong> <br \/><strong>(sendo o valor m\u00e1ximo: 3,0 pontos)<\/strong><\/td><\/tr><tr><td class=\"has-text-align-center\" data-align=\"center\"><strong>Total m\u00e1ximo de pontos<\/strong><\/td><td class=\"has-text-align-center\" data-align=\"center\"><strong>13<\/strong><\/td><\/tr><\/tbody><\/table><\/figure>\n\n\n\n<h2 class=\"wp-block-heading\" id=\"guia\">Guia de Estudos TCE RJ<\/h2>\n\n\n\n<p>Os&nbsp;<em>Guias&nbsp;<\/em>s\u00e3o artigos postados no site do Estrat\u00e9gia Concursos com links para Cadernos de Quest\u00f5es, por disciplina, customizados de acordo com o conte\u00fado program\u00e1tico do edital.<\/p>\n\n\n\n<ul class=\"wp-block-list\"><li><strong><a href=\"https:\/\/www.estrategiaconcursos.com.br\/blog\/guia-de-estudos-tce-rj\" target=\"_blank\" rel=\"noreferrer noopener\">Guia de Estudos TCE RJ<\/a><\/strong><\/li><\/ul>\n\n\n\n<hr class=\"wp-block-separator\"\/>\n\n\n\n<h2 class=\"has-text-align-center wp-block-heading\" id=\"cursos-assinatura\">Quer estudar para o edital TCE RJ?<\/h2>\n\n\n\n<div class=\"container\" id=\"boxes\">\n  <div class=\"row\">\n\n    <div class=\"col-sm\">\n      <div class=\"banner-tcg\" id=\"box-assinatura\">\n        <h3 class=\"titulo-assinatura\">TCE RJ<\/h3>\n        <p class=\"subtitulo-assinatura\">Estude conosco para o concurso<\/p>\n        <div class=\"box-botao\">\n          <a class=\"btn-assinatura\" target=\"_blank\" href=\"https:\/\/www.estrategiaconcursos.com.br\/cursosPorConcurso\/tce-rj-60\/\" role=\"button\" rel=\"noopener noreferrer\">Saiba mais<\/a>\n        <\/div>\n      <\/div>\n     \n    <\/div>\n\n  <\/div>\n<\/div>\n\n\n\n<div class=\"container\" id=\"boxes\">\n  <div class=\"row\">\n\n    <div class=\"col-sm\">\n      <div class=\"estrategia\" id=\"box-assinatura\">\n        <h3 class=\"titulo-assinatura\">Assinatura Concursos<\/h3>\n        <p class=\"subtitulo-assinatura\">Assinatura de 1 ano ou 2 anos<\/p>\n        <div class=\"box-botao\">\n          <a class=\"btn-assinatura\" target=\"_blank\" href=\"https:\/\/www.estrategiaconcursos.com.br\/assinaturas\/\" role=\"button\" rel=\"noopener noreferrer\">ASSINE AGORA<\/a>\n        <\/div>\n      <\/div><\/div><\/div><\/div>\n\n\n\n<h2 class=\"has-text-align-center wp-block-heading\" id=\"h-quer-saber-tudo-sobre-concursos-previstos-confira-nossos-artigos\">Quer saber tudo sobre concursos previstos?<br \/>Confira  nossos artigos!<\/h2>\n\n\n\n<ul class=\"wp-block-list\"><li><a href=\"https:\/\/www.estrategiaconcursos.com.br\/blog\/concursos-abertos\/\" target=\"_blank\" rel=\"noreferrer noopener\">Concursos abertos<\/a><\/li><li><a href=\"https:\/\/www.estrategiaconcursos.com.br\/blog\/concursos-2022\/\" target=\"_blank\" rel=\"noreferrer noopener\">Concursos 2022<\/a><\/li><\/ul>\n\n\n\n<figure class=\"wp-block-image size-large is-resized\"><img loading=\"lazy\" decoding=\"async\" src=\"https:\/\/dhg1h5j42swfq.cloudfront.net\/2025\/06\/27101122\/ficha-tecnica-1-1024x632.png\" alt=\"Informa\u00e7\u00f5es do concurso TCE RJ\" class=\"wp-image-702728\" width=\"269\" height=\"166\" srcset=\"https:\/\/dhg1h5j42swfq.cloudfront.net\/2025\/06\/27101122\/ficha-tecnica-1-1024x632.png 1024w, https:\/\/dhg1h5j42swfq.cloudfront.net\/2025\/06\/27101122\/ficha-tecnica-1-300x185.png 300w, https:\/\/dhg1h5j42swfq.cloudfront.net\/2025\/06\/27101122\/ficha-tecnica-1-768x474.png 768w, https:\/\/dhg1h5j42swfq.cloudfront.net\/2025\/06\/27101122\/ficha-tecnica-1-1536x948.png 1536w, https:\/\/dhg1h5j42swfq.cloudfront.net\/2025\/06\/27101122\/ficha-tecnica-1-610x377.png 610w, https:\/\/dhg1h5j42swfq.cloudfront.net\/2025\/06\/27101122\/ficha-tecnica-1.png 1571w\" sizes=\"auto, (max-width: 269px) 100vw, 269px\" \/><\/figure>\n\n\n\n<h3 class=\"wp-block-heading\" id=\"ficha\">Informa\u00e7\u00f5es do concurso TCE RJ<\/h3>\n\n\n\n<ul class=\"wp-block-list\"><li><strong>Provas<\/strong>: 08\/05\/2022 (T\u00e9cnico) e 24\/04\/2022 (Analista)<\/li><li><strong>Vagas<\/strong>: 20<\/li><li><strong>Cargos<\/strong>: T\u00e9cnico e Analista &#8211; TI<\/li><li><strong>Banca<\/strong>: <a href=\"https:\/\/www.cebraspe.org.br\/concursos\/\" target=\"_blank\" rel=\"noreferrer noopener\">Cebraspe<\/a><\/li><li><strong>Escolaridade<\/strong>: N\u00edveis m\u00e9dio e superior<\/li><li><strong>Edital:<\/strong> <a href=\"https:\/\/dhg1h5j42swfq.cloudfront.net\/2021\/12\/29093714\/ed_1_2021_tce_rj_analista_abertura.pdf\" target=\"_blank\" rel=\"noreferrer noopener nofollow\">Edital Analista<\/a>&nbsp;|&nbsp;<a href=\"https:\/\/dhg1h5j42swfq.cloudfront.net\/2021\/12\/29093709\/ed_1_2021_tce_rj_tecnico_abertura.pdf\" target=\"_blank\" rel=\"noreferrer noopener nofollow\">Edital T\u00e9cnico<\/a><\/li><\/ul>\n\n\n\n<p><\/p>\n","protected":false},"excerpt":{"rendered":"<p>Est\u00e3o encerradas as inscri\u00e7\u00f5es do concurso TCE RJ! Os interessados em participar da sele\u00e7\u00e3o puderam realizar as inscri\u00e7\u00f5es at\u00e9 o dia 25 de fevereiro. Todo o processo p\u00f4de ser realizado diretamente pelo site da banca organizadora, o Cebraspe. A taxa ficou definida da seguinte forma, devendo ser paga at\u00e9 18 de mar\u00e7o: T\u00e9cnico: R$ 124,00;Analista: [&hellip;]<\/p>\n","protected":false},"author":2018,"featured_media":698540,"comment_status":"open","ping_status":"closed","sticky":false,"template":"","format":"standard","meta":{"post_tipo":"news","footnotes":""},"categories":[214710,220219],"tags":[],"tax_estado":[219982],"class_list":["post-936730","post","type-post","status-publish","format-standard","has-post-thumbnail","hentry","category-tribunais-de-contas","category-noticias","tax_estado-rj"],"acf":[],"yoast_head":"<!-- This site is optimized with the Yoast SEO Premium plugin v27.2 (Yoast SEO v27.2) - https:\/\/yoast.com\/product\/yoast-seo-premium-wordpress\/ -->\n<title>Edital TCE RJ: Inscri\u00e7\u00f5es encerradas; Provas em abril e maio<\/title>\n<meta name=\"description\" content=\"Inscri\u00e7\u00f5es encerradas para o concurso TCE RJ! S\u00e3o 10 vagas para T\u00e9cnico e 10 vagas para Analista - TI. Provas em datas diferentes!\" \/>\n<meta name=\"robots\" content=\"index, follow, max-snippet:-1, max-image-preview:large, max-video-preview:-1\" \/>\n<link rel=\"canonical\" href=\"https:\/\/www.estrategiaconcursos.com.br\/blog\/edital-tce-rj-2\/\" \/>\n<meta property=\"og:locale\" content=\"pt_BR\" \/>\n<meta property=\"og:type\" content=\"article\" \/>\n<meta property=\"og:title\" content=\"Edital TCE RJ: Inscri\u00e7\u00f5es encerradas; Provas em abril e maio\" \/>\n<meta property=\"og:description\" content=\"Inscri\u00e7\u00f5es encerradas para o concurso TCE RJ! S\u00e3o 10 vagas para T\u00e9cnico e 10 vagas para Analista - TI. Provas em datas diferentes!\" \/>\n<meta property=\"og:url\" content=\"https:\/\/www.estrategiaconcursos.com.br\/blog\/edital-tce-rj-2\/\" \/>\n<meta property=\"og:site_name\" content=\"Estrat\u00e9gia Concursos\" \/>\n<meta property=\"article:published_time\" content=\"2022-02-25T21:00:00+00:00\" \/>\n<meta property=\"article:modified_time\" content=\"2022-02-26T11:52:48+00:00\" \/>\n<meta property=\"og:image\" content=\"https:\/\/dhg1h5j42swfq.cloudfront.net\/2021\/03\/22155321\/tce-rj.jpg\" \/>\n\t<meta property=\"og:image:width\" content=\"1200\" \/>\n\t<meta property=\"og:image:height\" content=\"628\" \/>\n\t<meta property=\"og:image:type\" content=\"image\/jpeg\" \/>\n<meta name=\"author\" content=\"B\u00e1rbara Carvalho Santos\" \/>\n<meta name=\"twitter:card\" content=\"summary_large_image\" \/>\n<meta name=\"twitter:creator\" content=\"@EstratConcursos\" \/>\n<meta name=\"twitter:site\" content=\"@EstratConcursos\" \/>\n<meta name=\"twitter:label1\" content=\"Escrito por\" \/>\n\t<meta name=\"twitter:data1\" content=\"B\u00e1rbara Carvalho Santos\" \/>\n\t<meta name=\"twitter:label2\" content=\"Est. tempo de leitura\" \/>\n\t<meta name=\"twitter:data2\" content=\"7 minutos\" \/>\n<script type=\"application\/ld+json\" class=\"yoast-schema-graph\">{\"@context\":\"https:\/\/schema.org\",\"@graph\":[{\"@type\":\"NewsArticle\",\"@id\":\"https:\/\/www.estrategiaconcursos.com.br\/blog\/edital-tce-rj-2\/#article\",\"isPartOf\":{\"@id\":\"https:\/\/www.estrategiaconcursos.com.br\/blog\/edital-tce-rj-2\/\"},\"author\":{\"name\":\"B\u00e1rbara Carvalho Santos\",\"@id\":\"https:\/\/www.estrategiaconcursos.com.br\/blog\/#\/schema\/person\/e3882259fa157d54c44c21f4ee4e0e60\"},\"headline\":\"Edital TCE RJ: Inscri\u00e7\u00f5es encerradas; Provas em abril e maio\",\"datePublished\":\"2022-02-25T21:00:00+00:00\",\"dateModified\":\"2022-02-26T11:52:48+00:00\",\"mainEntityOfPage\":{\"@id\":\"https:\/\/www.estrategiaconcursos.com.br\/blog\/edital-tce-rj-2\/\"},\"wordCount\":1152,\"commentCount\":0,\"publisher\":{\"@id\":\"https:\/\/www.estrategiaconcursos.com.br\/blog\/#organization\"},\"image\":{\"@id\":\"https:\/\/www.estrategiaconcursos.com.br\/blog\/edital-tce-rj-2\/#primaryimage\"},\"thumbnailUrl\":\"https:\/\/dhg1h5j42swfq.cloudfront.net\/2021\/03\/22155321\/tce-rj.jpg\",\"articleSection\":[\"Tribunais de Contas (TCU, TCE, TCM)\",\"\u00daltimas not\u00edcias\"],\"inLanguage\":\"pt-BR\",\"potentialAction\":[{\"@type\":\"CommentAction\",\"name\":\"Comment\",\"target\":[\"https:\/\/www.estrategiaconcursos.com.br\/blog\/edital-tce-rj-2\/#respond\"]}],\"copyrightYear\":\"2022\",\"copyrightHolder\":{\"@id\":\"https:\/\/www.estrategiaconcursos.com.br\/blog\/#organization\"}},{\"@type\":\"WebPage\",\"@id\":\"https:\/\/www.estrategiaconcursos.com.br\/blog\/edital-tce-rj-2\/\",\"url\":\"https:\/\/www.estrategiaconcursos.com.br\/blog\/edital-tce-rj-2\/\",\"name\":\"Edital TCE RJ: Inscri\u00e7\u00f5es encerradas; Provas em abril e maio\",\"isPartOf\":{\"@id\":\"https:\/\/www.estrategiaconcursos.com.br\/blog\/#website\"},\"primaryImageOfPage\":{\"@id\":\"https:\/\/www.estrategiaconcursos.com.br\/blog\/edital-tce-rj-2\/#primaryimage\"},\"image\":{\"@id\":\"https:\/\/www.estrategiaconcursos.com.br\/blog\/edital-tce-rj-2\/#primaryimage\"},\"thumbnailUrl\":\"https:\/\/dhg1h5j42swfq.cloudfront.net\/2021\/03\/22155321\/tce-rj.jpg\",\"datePublished\":\"2022-02-25T21:00:00+00:00\",\"dateModified\":\"2022-02-26T11:52:48+00:00\",\"description\":\"Inscri\u00e7\u00f5es encerradas para o concurso TCE RJ! S\u00e3o 10 vagas para T\u00e9cnico e 10 vagas para Analista - TI. Provas em datas diferentes!\",\"breadcrumb\":{\"@id\":\"https:\/\/www.estrategiaconcursos.com.br\/blog\/edital-tce-rj-2\/#breadcrumb\"},\"inLanguage\":\"pt-BR\",\"potentialAction\":[{\"@type\":\"ReadAction\",\"target\":[\"https:\/\/www.estrategiaconcursos.com.br\/blog\/edital-tce-rj-2\/\"]}]},{\"@type\":\"ImageObject\",\"inLanguage\":\"pt-BR\",\"@id\":\"https:\/\/www.estrategiaconcursos.com.br\/blog\/edital-tce-rj-2\/#primaryimage\",\"url\":\"https:\/\/dhg1h5j42swfq.cloudfront.net\/2021\/03\/22155321\/tce-rj.jpg\",\"contentUrl\":\"https:\/\/dhg1h5j42swfq.cloudfront.net\/2021\/03\/22155321\/tce-rj.jpg\",\"width\":1200,\"height\":628,\"caption\":\"TCE RJ aprova concurso\"},{\"@type\":\"BreadcrumbList\",\"@id\":\"https:\/\/www.estrategiaconcursos.com.br\/blog\/edital-tce-rj-2\/#breadcrumb\",\"itemListElement\":[{\"@type\":\"ListItem\",\"position\":1,\"name\":\"In\u00edcio\",\"item\":\"https:\/\/www.estrategiaconcursos.com.br\/blog\/\"},{\"@type\":\"ListItem\",\"position\":2,\"name\":\"Edital TCE RJ: Inscri\u00e7\u00f5es encerradas; Provas em abril e maio\"}]},{\"@type\":\"WebSite\",\"@id\":\"https:\/\/www.estrategiaconcursos.com.br\/blog\/#website\",\"url\":\"https:\/\/www.estrategiaconcursos.com.br\/blog\/\",\"name\":\"Estrat\u00e9gia Concursos\",\"description\":\"O blog da Estrat\u00e9gia Concursos traz not\u00edcias sobre concursos e artigos de professores oferecendo cursos para concursos (pdf + videaulas) no site.\",\"publisher\":{\"@id\":\"https:\/\/www.estrategiaconcursos.com.br\/blog\/#organization\"},\"potentialAction\":[{\"@type\":\"SearchAction\",\"target\":{\"@type\":\"EntryPoint\",\"urlTemplate\":\"https:\/\/www.estrategiaconcursos.com.br\/blog\/?s={search_term_string}\"},\"query-input\":{\"@type\":\"PropertyValueSpecification\",\"valueRequired\":true,\"valueName\":\"search_term_string\"}}],\"inLanguage\":\"pt-BR\"},{\"@type\":\"Organization\",\"@id\":\"https:\/\/www.estrategiaconcursos.com.br\/blog\/#organization\",\"name\":\"Estrat\u00e9gia Concursos\",\"url\":\"https:\/\/www.estrategiaconcursos.com.br\/blog\/\",\"logo\":{\"@type\":\"ImageObject\",\"inLanguage\":\"pt-BR\",\"@id\":\"https:\/\/www.estrategiaconcursos.com.br\/blog\/#\/schema\/logo\/image\/\",\"url\":\"https:\/\/dhg1h5j42swfq.cloudfront.net\/2025\/06\/03203428\/logo_concursos-1.jpg\",\"contentUrl\":\"https:\/\/dhg1h5j42swfq.cloudfront.net\/2025\/06\/03203428\/logo_concursos-1.jpg\",\"width\":230,\"height\":60,\"caption\":\"Estrat\u00e9gia Concursos\"},\"image\":{\"@id\":\"https:\/\/www.estrategiaconcursos.com.br\/blog\/#\/schema\/logo\/image\/\"},\"sameAs\":[\"https:\/\/x.com\/EstratConcursos\"]},{\"@type\":\"Person\",\"@id\":\"https:\/\/www.estrategiaconcursos.com.br\/blog\/#\/schema\/person\/e3882259fa157d54c44c21f4ee4e0e60\",\"name\":\"B\u00e1rbara Carvalho Santos\",\"image\":{\"@type\":\"ImageObject\",\"inLanguage\":\"pt-BR\",\"@id\":\"https:\/\/secure.gravatar.com\/avatar\/353300f73140f779692b9be2b39f434d1341e4e34c7f55bd5a990fe29ef352eb?s=96&d=mm&r=g\",\"url\":\"https:\/\/secure.gravatar.com\/avatar\/353300f73140f779692b9be2b39f434d1341e4e34c7f55bd5a990fe29ef352eb?s=96&d=mm&r=g\",\"contentUrl\":\"https:\/\/secure.gravatar.com\/avatar\/353300f73140f779692b9be2b39f434d1341e4e34c7f55bd5a990fe29ef352eb?s=96&d=mm&r=g\",\"caption\":\"B\u00e1rbara Carvalho Santos\"},\"description\":\"M\u00e3e e jornalista formada pela UNIP, possui ampla experi\u00eancia na cobertura de entretenimento em grandes ve\u00edculos, como o site da CNN, RedeTV! e Estrat\u00e9gia Educacional. Atuou tamb\u00e9m em ag\u00eancias de marketing, produtoras musicais e assessorias de imprensa, com foco especial no trabalho com personalidades p\u00fablicas. Atualmente, integra a equipe do Estrat\u00e9gia Concursos, onde \u00e9 respons\u00e1vel pela produ\u00e7\u00e3o de conte\u00fados estrat\u00e9gicos voltados para o setor de concursos p\u00fablicos, com destaque para a \u00e1rea fiscal, gest\u00e3o, controle, concursos administrativos e Minist\u00e9rios participantes do CNU, al\u00e9m de diversos \u00f3rg\u00e3os federais. Tem como miss\u00e3o transformar informa\u00e7\u00f5es complexas em conte\u00fados acess\u00edveis, relevantes e de alto valor para quem sonha com uma carreira no servi\u00e7o p\u00fablico.\",\"url\":\"https:\/\/www.estrategiaconcursos.com.br\/blog\/author\/barbara-santos\/\"}]}<\/script>\n<!-- \/ Yoast SEO Premium plugin. -->","yoast_head_json":{"title":"Edital TCE RJ: Inscri\u00e7\u00f5es encerradas; Provas em abril e maio","description":"Inscri\u00e7\u00f5es encerradas para o concurso TCE RJ! S\u00e3o 10 vagas para T\u00e9cnico e 10 vagas para Analista - TI. Provas em datas diferentes!","robots":{"index":"index","follow":"follow","max-snippet":"max-snippet:-1","max-image-preview":"max-image-preview:large","max-video-preview":"max-video-preview:-1"},"canonical":"https:\/\/www.estrategiaconcursos.com.br\/blog\/edital-tce-rj-2\/","og_locale":"pt_BR","og_type":"article","og_title":"Edital TCE RJ: Inscri\u00e7\u00f5es encerradas; Provas em abril e maio","og_description":"Inscri\u00e7\u00f5es encerradas para o concurso TCE RJ! S\u00e3o 10 vagas para T\u00e9cnico e 10 vagas para Analista - TI. Provas em datas diferentes!","og_url":"https:\/\/www.estrategiaconcursos.com.br\/blog\/edital-tce-rj-2\/","og_site_name":"Estrat\u00e9gia Concursos","article_published_time":"2022-02-25T21:00:00+00:00","article_modified_time":"2022-02-26T11:52:48+00:00","og_image":[{"width":1200,"height":628,"url":"https:\/\/dhg1h5j42swfq.cloudfront.net\/2021\/03\/22155321\/tce-rj.jpg","type":"image\/jpeg"}],"author":"B\u00e1rbara Carvalho Santos","twitter_card":"summary_large_image","twitter_creator":"@EstratConcursos","twitter_site":"@EstratConcursos","twitter_misc":{"Escrito por":"B\u00e1rbara Carvalho Santos","Est. tempo de leitura":"7 minutos"},"schema":{"@context":"https:\/\/schema.org","@graph":[{"@type":"NewsArticle","@id":"https:\/\/www.estrategiaconcursos.com.br\/blog\/edital-tce-rj-2\/#article","isPartOf":{"@id":"https:\/\/www.estrategiaconcursos.com.br\/blog\/edital-tce-rj-2\/"},"author":{"name":"B\u00e1rbara Carvalho Santos","@id":"https:\/\/www.estrategiaconcursos.com.br\/blog\/#\/schema\/person\/e3882259fa157d54c44c21f4ee4e0e60"},"headline":"Edital TCE RJ: Inscri\u00e7\u00f5es encerradas; Provas em abril e maio","datePublished":"2022-02-25T21:00:00+00:00","dateModified":"2022-02-26T11:52:48+00:00","mainEntityOfPage":{"@id":"https:\/\/www.estrategiaconcursos.com.br\/blog\/edital-tce-rj-2\/"},"wordCount":1152,"commentCount":0,"publisher":{"@id":"https:\/\/www.estrategiaconcursos.com.br\/blog\/#organization"},"image":{"@id":"https:\/\/www.estrategiaconcursos.com.br\/blog\/edital-tce-rj-2\/#primaryimage"},"thumbnailUrl":"https:\/\/dhg1h5j42swfq.cloudfront.net\/2021\/03\/22155321\/tce-rj.jpg","articleSection":["Tribunais de Contas (TCU, TCE, TCM)","\u00daltimas not\u00edcias"],"inLanguage":"pt-BR","potentialAction":[{"@type":"CommentAction","name":"Comment","target":["https:\/\/www.estrategiaconcursos.com.br\/blog\/edital-tce-rj-2\/#respond"]}],"copyrightYear":"2022","copyrightHolder":{"@id":"https:\/\/www.estrategiaconcursos.com.br\/blog\/#organization"}},{"@type":"WebPage","@id":"https:\/\/www.estrategiaconcursos.com.br\/blog\/edital-tce-rj-2\/","url":"https:\/\/www.estrategiaconcursos.com.br\/blog\/edital-tce-rj-2\/","name":"Edital TCE RJ: Inscri\u00e7\u00f5es encerradas; Provas em abril e maio","isPartOf":{"@id":"https:\/\/www.estrategiaconcursos.com.br\/blog\/#website"},"primaryImageOfPage":{"@id":"https:\/\/www.estrategiaconcursos.com.br\/blog\/edital-tce-rj-2\/#primaryimage"},"image":{"@id":"https:\/\/www.estrategiaconcursos.com.br\/blog\/edital-tce-rj-2\/#primaryimage"},"thumbnailUrl":"https:\/\/dhg1h5j42swfq.cloudfront.net\/2021\/03\/22155321\/tce-rj.jpg","datePublished":"2022-02-25T21:00:00+00:00","dateModified":"2022-02-26T11:52:48+00:00","description":"Inscri\u00e7\u00f5es encerradas para o concurso TCE RJ! S\u00e3o 10 vagas para T\u00e9cnico e 10 vagas para Analista - TI. Provas em datas diferentes!","breadcrumb":{"@id":"https:\/\/www.estrategiaconcursos.com.br\/blog\/edital-tce-rj-2\/#breadcrumb"},"inLanguage":"pt-BR","potentialAction":[{"@type":"ReadAction","target":["https:\/\/www.estrategiaconcursos.com.br\/blog\/edital-tce-rj-2\/"]}]},{"@type":"ImageObject","inLanguage":"pt-BR","@id":"https:\/\/www.estrategiaconcursos.com.br\/blog\/edital-tce-rj-2\/#primaryimage","url":"https:\/\/dhg1h5j42swfq.cloudfront.net\/2021\/03\/22155321\/tce-rj.jpg","contentUrl":"https:\/\/dhg1h5j42swfq.cloudfront.net\/2021\/03\/22155321\/tce-rj.jpg","width":1200,"height":628,"caption":"TCE RJ aprova concurso"},{"@type":"BreadcrumbList","@id":"https:\/\/www.estrategiaconcursos.com.br\/blog\/edital-tce-rj-2\/#breadcrumb","itemListElement":[{"@type":"ListItem","position":1,"name":"In\u00edcio","item":"https:\/\/www.estrategiaconcursos.com.br\/blog\/"},{"@type":"ListItem","position":2,"name":"Edital TCE RJ: Inscri\u00e7\u00f5es encerradas; Provas em abril e maio"}]},{"@type":"WebSite","@id":"https:\/\/www.estrategiaconcursos.com.br\/blog\/#website","url":"https:\/\/www.estrategiaconcursos.com.br\/blog\/","name":"Estrat\u00e9gia Concursos","description":"O blog da Estrat\u00e9gia Concursos traz not\u00edcias sobre concursos e artigos de professores oferecendo cursos para concursos (pdf + videaulas) no site.","publisher":{"@id":"https:\/\/www.estrategiaconcursos.com.br\/blog\/#organization"},"potentialAction":[{"@type":"SearchAction","target":{"@type":"EntryPoint","urlTemplate":"https:\/\/www.estrategiaconcursos.com.br\/blog\/?s={search_term_string}"},"query-input":{"@type":"PropertyValueSpecification","valueRequired":true,"valueName":"search_term_string"}}],"inLanguage":"pt-BR"},{"@type":"Organization","@id":"https:\/\/www.estrategiaconcursos.com.br\/blog\/#organization","name":"Estrat\u00e9gia Concursos","url":"https:\/\/www.estrategiaconcursos.com.br\/blog\/","logo":{"@type":"ImageObject","inLanguage":"pt-BR","@id":"https:\/\/www.estrategiaconcursos.com.br\/blog\/#\/schema\/logo\/image\/","url":"https:\/\/dhg1h5j42swfq.cloudfront.net\/2025\/06\/03203428\/logo_concursos-1.jpg","contentUrl":"https:\/\/dhg1h5j42swfq.cloudfront.net\/2025\/06\/03203428\/logo_concursos-1.jpg","width":230,"height":60,"caption":"Estrat\u00e9gia Concursos"},"image":{"@id":"https:\/\/www.estrategiaconcursos.com.br\/blog\/#\/schema\/logo\/image\/"},"sameAs":["https:\/\/x.com\/EstratConcursos"]},{"@type":"Person","@id":"https:\/\/www.estrategiaconcursos.com.br\/blog\/#\/schema\/person\/e3882259fa157d54c44c21f4ee4e0e60","name":"B\u00e1rbara Carvalho Santos","image":{"@type":"ImageObject","inLanguage":"pt-BR","@id":"https:\/\/secure.gravatar.com\/avatar\/353300f73140f779692b9be2b39f434d1341e4e34c7f55bd5a990fe29ef352eb?s=96&d=mm&r=g","url":"https:\/\/secure.gravatar.com\/avatar\/353300f73140f779692b9be2b39f434d1341e4e34c7f55bd5a990fe29ef352eb?s=96&d=mm&r=g","contentUrl":"https:\/\/secure.gravatar.com\/avatar\/353300f73140f779692b9be2b39f434d1341e4e34c7f55bd5a990fe29ef352eb?s=96&d=mm&r=g","caption":"B\u00e1rbara Carvalho Santos"},"description":"M\u00e3e e jornalista formada pela UNIP, possui ampla experi\u00eancia na cobertura de entretenimento em grandes ve\u00edculos, como o site da CNN, RedeTV! e Estrat\u00e9gia Educacional. Atuou tamb\u00e9m em ag\u00eancias de marketing, produtoras musicais e assessorias de imprensa, com foco especial no trabalho com personalidades p\u00fablicas. Atualmente, integra a equipe do Estrat\u00e9gia Concursos, onde \u00e9 respons\u00e1vel pela produ\u00e7\u00e3o de conte\u00fados estrat\u00e9gicos voltados para o setor de concursos p\u00fablicos, com destaque para a \u00e1rea fiscal, gest\u00e3o, controle, concursos administrativos e Minist\u00e9rios participantes do CNU, al\u00e9m de diversos \u00f3rg\u00e3os federais. Tem como miss\u00e3o transformar informa\u00e7\u00f5es complexas em conte\u00fados acess\u00edveis, relevantes e de alto valor para quem sonha com uma carreira no servi\u00e7o p\u00fablico.","url":"https:\/\/www.estrategiaconcursos.com.br\/blog\/author\/barbara-santos\/"}]}},"_links":{"self":[{"href":"https:\/\/www.estrategiaconcursos.com.br\/blog\/wp-json\/wp\/v2\/posts\/936730","targetHints":{"allow":["GET"]}}],"collection":[{"href":"https:\/\/www.estrategiaconcursos.com.br\/blog\/wp-json\/wp\/v2\/posts"}],"about":[{"href":"https:\/\/www.estrategiaconcursos.com.br\/blog\/wp-json\/wp\/v2\/types\/post"}],"author":[{"embeddable":true,"href":"https:\/\/www.estrategiaconcursos.com.br\/blog\/wp-json\/wp\/v2\/users\/2018"}],"replies":[{"embeddable":true,"href":"https:\/\/www.estrategiaconcursos.com.br\/blog\/wp-json\/wp\/v2\/comments?post=936730"}],"version-history":[{"count":19,"href":"https:\/\/www.estrategiaconcursos.com.br\/blog\/wp-json\/wp\/v2\/posts\/936730\/revisions"}],"predecessor-version":[{"id":978423,"href":"https:\/\/www.estrategiaconcursos.com.br\/blog\/wp-json\/wp\/v2\/posts\/936730\/revisions\/978423"}],"wp:featuredmedia":[{"embeddable":true,"href":"https:\/\/www.estrategiaconcursos.com.br\/blog\/wp-json\/wp\/v2\/media\/698540"}],"wp:attachment":[{"href":"https:\/\/www.estrategiaconcursos.com.br\/blog\/wp-json\/wp\/v2\/media?parent=936730"}],"wp:term":[{"taxonomy":"category","embeddable":true,"href":"https:\/\/www.estrategiaconcursos.com.br\/blog\/wp-json\/wp\/v2\/categories?post=936730"},{"taxonomy":"post_tag","embeddable":true,"href":"https:\/\/www.estrategiaconcursos.com.br\/blog\/wp-json\/wp\/v2\/tags?post=936730"},{"taxonomy":"tax_estado","embeddable":true,"href":"https:\/\/www.estrategiaconcursos.com.br\/blog\/wp-json\/wp\/v2\/tax_estado?post=936730"}],"curies":[{"name":"wp","href":"https:\/\/api.w.org\/{rel}","templated":true}]}}