{"id":934469,"date":"2021-12-22T20:28:49","date_gmt":"2021-12-22T23:28:49","guid":{"rendered":"https:\/\/www.estrategiaconcursos.com.br\/blog\/?p=934469"},"modified":"2021-12-23T10:16:34","modified_gmt":"2021-12-23T13:16:34","slug":"secretario-confirma-edital-da-sefaz-am-ate-o-fim-de-2021","status":"publish","type":"post","link":"https:\/\/www.estrategiaconcursos.com.br\/blog\/secretario-confirma-edital-da-sefaz-am-ate-o-fim-de-2021\/","title":{"rendered":"Secret\u00e1rio confirma edital da SEFAZ AM at\u00e9 o fim de 2021!"},"content":{"rendered":"\n<p>Em entrevista a <a href=\"https:\/\/www.instagram.com\/jeffersoncoronel\/\" target=\"_blank\" rel=\"noreferrer noopener\">Jefferson Coronel<\/a>, o secret\u00e1rio de estado da fazenda, Alex Del Giglio, confirmou que o <strong>edital da SEFAZ AM deve ser publicado at\u00e9 o final do ano<\/strong>.<\/p>\n\n\n\n<div class=\"wp-block-image\"><figure class=\"aligncenter size-full\"><img loading=\"lazy\" decoding=\"async\" width=\"512\" height=\"341\" src=\"https:\/\/dhg1h5j42swfq.cloudfront.net\/2021\/12\/22202759\/sefaz-am.jpg\" alt=\"Secret\u00e1rio confirma edital do SEFAZ AM at\u00e9 o fim de 2021!\" class=\"wp-image-934473\" srcset=\"https:\/\/dhg1h5j42swfq.cloudfront.net\/2021\/12\/22202759\/sefaz-am.jpg 512w, https:\/\/dhg1h5j42swfq.cloudfront.net\/2021\/12\/22202759\/sefaz-am-300x200.jpg 300w\" sizes=\"auto, (max-width: 512px) 100vw, 512px\" \/><figcaption>Secret\u00e1rio confirma edital do SEFAZ AM at\u00e9 o fim de 2021! | Imagem: reprodu\u00e7\u00e3o<\/figcaption><\/figure><\/div>\n\n\n\n<p>Ao ser questionado pelo entrevistador Gerson Severo, Alex informou que o \u00f3rg\u00e3o est\u00e1 com um d\u00e9ficit de pessoal importante. Por isso, como j\u00e1 era previsto, todos os cargos da SEFAZ AM ser\u00e3o contemplados no pr\u00f3ximo concurso.<\/p>\n\n\n\n<p>O secret\u00e1rio tamb\u00e9m comentou sobre a expectativa de redu\u00e7\u00e3o do prazo entre edital e realiza\u00e7\u00e3o das provas. A expectativa \u00e9 de que seja poss\u00edvel aplicar as provas 60 dias ap\u00f3s a publica\u00e7\u00e3o do edital.<\/p>\n\n\n\n<p>Ainda, segundo o secret\u00e1rio, a previs\u00e3o \u00e9 de que o edital seja lan\u00e7ado ainda neste ano, com aplica\u00e7\u00e3o das provas entre fevereiro e mar\u00e7o.<\/p>\n\n\n\n<p>A FGV j\u00e1 est\u00e1 definida como banca organizadora do concurso SEFAZ AM, confirmado pelo secret\u00e1rio. As 210 vagas ser\u00e3o distribu\u00eddas em cargos de n\u00edveis m\u00e9dio e superior. Veja abaixo a distribui\u00e7\u00e3o:<\/p>\n\n\n\n<ul class=\"wp-block-list\"><li>50 vagas + CR: Assistente Administrativo da Fazenda Estadual \u2013 AAFE (m\u00e9dio);<\/li><li>60 vagas + CR: Auditor Fiscal de Tributos Estaduais (superior);<\/li><li>25 vagas + CR: Analista do Tesouro Estadual (superior);<\/li><li>15 vagas + CR: Analista de Tecnologia da Informa\u00e7\u00e3o da Fazenda Estadual (superior);<\/li><li>25 vagas + CR: T\u00e9cnico de Arrecada\u00e7\u00e3o de Tributos Estaduais (superior); e<\/li><li>35 vagas + CR: T\u00e9cnico da Fazenda Estadual (superior).<\/li><\/ul>\n\n\n\n<p class=\"has-text-align-center\">Preparamos um artigo completo com mais informa\u00e7\u00f5es sobre o concurso SEFAZ AM.<\/p>\n\n\n\n<h3 class=\"has-text-align-center has-background wp-block-heading\" id=\"h-concurso-sefaz-am\" style=\"background-color:#f1d076\"><a href=\"https:\/\/www.estrategiaconcursos.com.br\/blog\/concurso-sefaz-am\/\" target=\"_blank\" rel=\"noreferrer noopener\">Concurso SEFAZ AM<\/a><\/h3>\n\n\n\n<h3 class=\"has-text-align-center wp-block-heading\">Quer estudar para SEFAZ AM com o l\u00edder absoluto em aprova\u00e7\u00e3o? <br \/>Acesse nossos cursos a seguir!<\/h3>\n\n\n\n<div class=\"container\" id=\"boxes\">\n  <div class=\"row\">\n\n    <div class=\"col-sm\">\n      <div class=\"banner-fiscal-01\" id=\"box-assinatura\">\n        <h3 class=\"titulo-assinatura\">Concurso SEFAZ AM<\/h3>\n        <p class=\"subtitulo-assinatura\">Conhe\u00e7a os cursos<\/p>\n        <div class=\"box-botao\">\n          <a class=\"btn-assinatura\" target=\"_blank\" href=\"https:\/\/www.estrategiaconcursos.com.br\/cursosPorConcurso\/sefaz-am-247\/\" role=\"button\" rel=\"noopener noreferrer\">Conhe\u00e7a mais<\/a>\n        <\/div>\n      <\/div>\n    \n\n  <\/div>\n<\/div><\/div>\n\n\n\n<div class=\"container\" id=\"boxes\">\n  <div class=\"row\">\n\n    <div class=\"col-sm\">\n      <div class=\"estrategia\" id=\"box-assinatura\">\n        <h3 class=\"titulo-assinatura\">Assinatura de Concursos<\/h3>\n        <p class=\"subtitulo-assinatura\">Assinatura de 1 ano ou 2 anos<\/p>\n        <div class=\"box-botao\">\n          <a class=\"btn-assinatura\" target=\"_blank\" href=\"https:\/\/www.estrategiaconcursos.com.br\/assinaturas\/\" role=\"button\" rel=\"noopener noreferrer\">ASSINE AGORA<\/a>\n        <\/div>\n      <\/div>\n     \n    <\/div><\/div><\/div>\n\n\n\n<h2 class=\"has-text-align-center wp-block-heading\" id=\"h-quer-saber-tudo-sobre-concursos-previstos-confira-nossos-artigos\">Quer saber tudo sobre concursos previstos?<br \/>Confira nossos artigos!<\/h2>\n\n\n\n<ul class=\"wp-block-list\"><li><a href=\"https:\/\/www.estrategiaconcursos.com.br\/blog\/concursos-abertos\/\" target=\"_blank\" rel=\"noreferrer noopener\">Concursos abertos<\/a><\/li><li><a href=\"https:\/\/www.estrategiaconcursos.com.br\/blog\/concursos-2021\/\" target=\"_blank\" rel=\"noreferrer noopener\">Concursos 2021<\/a><\/li><li><a href=\"https:\/\/www.estrategiaconcursos.com.br\/blog\/concursos-2022\/\" target=\"_blank\" rel=\"noreferrer noopener\">Concursos 2022<\/a><\/li><\/ul>\n","protected":false},"excerpt":{"rendered":"<p>Em entrevista a Jefferson Coronel, o secret\u00e1rio de estado da fazenda, Alex Del Giglio, confirmou que o edital da SEFAZ AM deve ser publicado at\u00e9 o final do ano. Ao ser questionado pelo entrevistador Gerson Severo, Alex informou que o \u00f3rg\u00e3o est\u00e1 com um d\u00e9ficit de pessoal importante. Por isso, como j\u00e1 era previsto, todos [&hellip;]<\/p>\n","protected":false},"author":2041,"featured_media":729964,"comment_status":"open","ping_status":"closed","sticky":false,"template":"","format":"standard","meta":{"post_tipo":"news","footnotes":""},"categories":[1983,220219],"tags":[],"tax_estado":[219966],"class_list":["post-934469","post","type-post","status-publish","format-standard","has-post-thumbnail","hentry","category-fiscal-estadual","category-noticias","tax_estado-am"],"acf":[],"yoast_head":"<!-- This site is optimized with the Yoast SEO Premium plugin v27.2 (Yoast SEO v27.2) - https:\/\/yoast.com\/product\/yoast-seo-premium-wordpress\/ -->\n<title>Secret\u00e1rio confirma edital da SEFAZ AM at\u00e9 o fim de 2021!<\/title>\n<meta name=\"description\" content=\"Em entrevista a Jefferson Coronel, o secret\u00e1rio de estado da fazenda confirma que o edital da SEFAZ AM deve ser publicado at\u00e9 o final do ano.\" \/>\n<meta name=\"robots\" content=\"index, follow, max-snippet:-1, max-image-preview:large, max-video-preview:-1\" \/>\n<link rel=\"canonical\" href=\"https:\/\/www.estrategiaconcursos.com.br\/blog\/secretario-confirma-edital-da-sefaz-am-ate-o-fim-de-2021\/\" \/>\n<meta property=\"og:locale\" content=\"pt_BR\" \/>\n<meta property=\"og:type\" content=\"article\" \/>\n<meta property=\"og:title\" content=\"Secret\u00e1rio confirma edital da SEFAZ AM at\u00e9 o fim de 2021!\" \/>\n<meta property=\"og:description\" content=\"Em entrevista a Jefferson Coronel, o secret\u00e1rio de estado da fazenda confirma que o edital da SEFAZ AM deve ser publicado at\u00e9 o final do ano.\" \/>\n<meta property=\"og:url\" content=\"https:\/\/www.estrategiaconcursos.com.br\/blog\/secretario-confirma-edital-da-sefaz-am-ate-o-fim-de-2021\/\" \/>\n<meta property=\"og:site_name\" content=\"Estrat\u00e9gia Concursos\" \/>\n<meta property=\"article:published_time\" content=\"2021-12-22T23:28:49+00:00\" \/>\n<meta property=\"article:modified_time\" content=\"2021-12-23T13:16:34+00:00\" \/>\n<meta property=\"og:image\" content=\"https:\/\/dhg1h5j42swfq.cloudfront.net\/2021\/04\/03153919\/sefaz-am.jpg\" \/>\n\t<meta property=\"og:image:width\" content=\"768\" \/>\n\t<meta property=\"og:image:height\" content=\"432\" \/>\n\t<meta property=\"og:image:type\" content=\"image\/jpeg\" \/>\n<meta name=\"author\" content=\"Thiago Cavalcante Gomes\" \/>\n<meta name=\"twitter:card\" content=\"summary_large_image\" \/>\n<meta name=\"twitter:creator\" content=\"@EstratConcursos\" \/>\n<meta name=\"twitter:site\" content=\"@EstratConcursos\" \/>\n<meta name=\"twitter:label1\" content=\"Escrito por\" \/>\n\t<meta name=\"twitter:data1\" content=\"Thiago Cavalcante Gomes\" \/>\n\t<meta name=\"twitter:label2\" content=\"Est. tempo de leitura\" \/>\n\t<meta name=\"twitter:data2\" content=\"2 minutos\" \/>\n<script type=\"application\/ld+json\" class=\"yoast-schema-graph\">{\"@context\":\"https:\/\/schema.org\",\"@graph\":[{\"@type\":\"NewsArticle\",\"@id\":\"https:\/\/www.estrategiaconcursos.com.br\/blog\/secretario-confirma-edital-da-sefaz-am-ate-o-fim-de-2021\/#article\",\"isPartOf\":{\"@id\":\"https:\/\/www.estrategiaconcursos.com.br\/blog\/secretario-confirma-edital-da-sefaz-am-ate-o-fim-de-2021\/\"},\"author\":{\"name\":\"Thiago Cavalcante Gomes\",\"@id\":\"https:\/\/www.estrategiaconcursos.com.br\/blog\/#\/schema\/person\/4970184533d0a3ffa5b0299ae0a2b21f\"},\"headline\":\"Secret\u00e1rio confirma edital da SEFAZ AM at\u00e9 o fim de 2021!\",\"datePublished\":\"2021-12-22T23:28:49+00:00\",\"dateModified\":\"2021-12-23T13:16:34+00:00\",\"mainEntityOfPage\":{\"@id\":\"https:\/\/www.estrategiaconcursos.com.br\/blog\/secretario-confirma-edital-da-sefaz-am-ate-o-fim-de-2021\/\"},\"wordCount\":322,\"commentCount\":0,\"publisher\":{\"@id\":\"https:\/\/www.estrategiaconcursos.com.br\/blog\/#organization\"},\"image\":{\"@id\":\"https:\/\/www.estrategiaconcursos.com.br\/blog\/secretario-confirma-edital-da-sefaz-am-ate-o-fim-de-2021\/#primaryimage\"},\"thumbnailUrl\":\"https:\/\/dhg1h5j42swfq.cloudfront.net\/2021\/04\/03153919\/sefaz-am.jpg\",\"articleSection\":[\"Fiscal - Estadual (ICMS)\",\"\u00daltimas not\u00edcias\"],\"inLanguage\":\"pt-BR\",\"potentialAction\":[{\"@type\":\"CommentAction\",\"name\":\"Comment\",\"target\":[\"https:\/\/www.estrategiaconcursos.com.br\/blog\/secretario-confirma-edital-da-sefaz-am-ate-o-fim-de-2021\/#respond\"]}],\"copyrightYear\":\"2021\",\"copyrightHolder\":{\"@id\":\"https:\/\/www.estrategiaconcursos.com.br\/blog\/#organization\"}},{\"@type\":\"WebPage\",\"@id\":\"https:\/\/www.estrategiaconcursos.com.br\/blog\/secretario-confirma-edital-da-sefaz-am-ate-o-fim-de-2021\/\",\"url\":\"https:\/\/www.estrategiaconcursos.com.br\/blog\/secretario-confirma-edital-da-sefaz-am-ate-o-fim-de-2021\/\",\"name\":\"Secret\u00e1rio confirma edital da SEFAZ AM at\u00e9 o fim de 2021!\",\"isPartOf\":{\"@id\":\"https:\/\/www.estrategiaconcursos.com.br\/blog\/#website\"},\"primaryImageOfPage\":{\"@id\":\"https:\/\/www.estrategiaconcursos.com.br\/blog\/secretario-confirma-edital-da-sefaz-am-ate-o-fim-de-2021\/#primaryimage\"},\"image\":{\"@id\":\"https:\/\/www.estrategiaconcursos.com.br\/blog\/secretario-confirma-edital-da-sefaz-am-ate-o-fim-de-2021\/#primaryimage\"},\"thumbnailUrl\":\"https:\/\/dhg1h5j42swfq.cloudfront.net\/2021\/04\/03153919\/sefaz-am.jpg\",\"datePublished\":\"2021-12-22T23:28:49+00:00\",\"dateModified\":\"2021-12-23T13:16:34+00:00\",\"description\":\"Em entrevista a Jefferson Coronel, o secret\u00e1rio de estado da fazenda confirma que o edital da SEFAZ AM deve ser publicado at\u00e9 o final do ano.\",\"breadcrumb\":{\"@id\":\"https:\/\/www.estrategiaconcursos.com.br\/blog\/secretario-confirma-edital-da-sefaz-am-ate-o-fim-de-2021\/#breadcrumb\"},\"inLanguage\":\"pt-BR\",\"potentialAction\":[{\"@type\":\"ReadAction\",\"target\":[\"https:\/\/www.estrategiaconcursos.com.br\/blog\/secretario-confirma-edital-da-sefaz-am-ate-o-fim-de-2021\/\"]}]},{\"@type\":\"ImageObject\",\"inLanguage\":\"pt-BR\",\"@id\":\"https:\/\/www.estrategiaconcursos.com.br\/blog\/secretario-confirma-edital-da-sefaz-am-ate-o-fim-de-2021\/#primaryimage\",\"url\":\"https:\/\/dhg1h5j42swfq.cloudfront.net\/2021\/04\/03153919\/sefaz-am.jpg\",\"contentUrl\":\"https:\/\/dhg1h5j42swfq.cloudfront.net\/2021\/04\/03153919\/sefaz-am.jpg\",\"width\":768,\"height\":432,\"caption\":\"Inscritos Sefaz AM\"},{\"@type\":\"BreadcrumbList\",\"@id\":\"https:\/\/www.estrategiaconcursos.com.br\/blog\/secretario-confirma-edital-da-sefaz-am-ate-o-fim-de-2021\/#breadcrumb\",\"itemListElement\":[{\"@type\":\"ListItem\",\"position\":1,\"name\":\"In\u00edcio\",\"item\":\"https:\/\/www.estrategiaconcursos.com.br\/blog\/\"},{\"@type\":\"ListItem\",\"position\":2,\"name\":\"Secret\u00e1rio confirma edital da SEFAZ AM at\u00e9 o fim de 2021!\"}]},{\"@type\":\"WebSite\",\"@id\":\"https:\/\/www.estrategiaconcursos.com.br\/blog\/#website\",\"url\":\"https:\/\/www.estrategiaconcursos.com.br\/blog\/\",\"name\":\"Estrat\u00e9gia Concursos\",\"description\":\"O blog da Estrat\u00e9gia Concursos traz not\u00edcias sobre concursos e artigos de professores oferecendo cursos para concursos (pdf + videaulas) no site.\",\"publisher\":{\"@id\":\"https:\/\/www.estrategiaconcursos.com.br\/blog\/#organization\"},\"potentialAction\":[{\"@type\":\"SearchAction\",\"target\":{\"@type\":\"EntryPoint\",\"urlTemplate\":\"https:\/\/www.estrategiaconcursos.com.br\/blog\/?s={search_term_string}\"},\"query-input\":{\"@type\":\"PropertyValueSpecification\",\"valueRequired\":true,\"valueName\":\"search_term_string\"}}],\"inLanguage\":\"pt-BR\"},{\"@type\":\"Organization\",\"@id\":\"https:\/\/www.estrategiaconcursos.com.br\/blog\/#organization\",\"name\":\"Estrat\u00e9gia Concursos\",\"url\":\"https:\/\/www.estrategiaconcursos.com.br\/blog\/\",\"logo\":{\"@type\":\"ImageObject\",\"inLanguage\":\"pt-BR\",\"@id\":\"https:\/\/www.estrategiaconcursos.com.br\/blog\/#\/schema\/logo\/image\/\",\"url\":\"https:\/\/dhg1h5j42swfq.cloudfront.net\/2025\/06\/03203428\/logo_concursos-1.jpg\",\"contentUrl\":\"https:\/\/dhg1h5j42swfq.cloudfront.net\/2025\/06\/03203428\/logo_concursos-1.jpg\",\"width\":230,\"height\":60,\"caption\":\"Estrat\u00e9gia Concursos\"},\"image\":{\"@id\":\"https:\/\/www.estrategiaconcursos.com.br\/blog\/#\/schema\/logo\/image\/\"},\"sameAs\":[\"https:\/\/x.com\/EstratConcursos\"]},{\"@type\":\"Person\",\"@id\":\"https:\/\/www.estrategiaconcursos.com.br\/blog\/#\/schema\/person\/4970184533d0a3ffa5b0299ae0a2b21f\",\"name\":\"Thiago Cavalcante Gomes\",\"image\":{\"@type\":\"ImageObject\",\"inLanguage\":\"pt-BR\",\"@id\":\"https:\/\/secure.gravatar.com\/avatar\/?s=96&d=mm&r=g\",\"url\":\"https:\/\/secure.gravatar.com\/avatar\/?s=96&d=mm&r=g\",\"contentUrl\":\"https:\/\/secure.gravatar.com\/avatar\/?s=96&d=mm&r=g\",\"caption\":\"Thiago Cavalcante Gomes\"},\"url\":\"https:\/\/www.estrategiaconcursos.com.br\/blog\/author\/thiago-gomes\/\"}]}<\/script>\n<!-- \/ Yoast SEO Premium plugin. -->","yoast_head_json":{"title":"Secret\u00e1rio confirma edital da SEFAZ AM at\u00e9 o fim de 2021!","description":"Em entrevista a Jefferson Coronel, o secret\u00e1rio de estado da fazenda confirma que o edital da SEFAZ AM deve ser publicado at\u00e9 o final do ano.","robots":{"index":"index","follow":"follow","max-snippet":"max-snippet:-1","max-image-preview":"max-image-preview:large","max-video-preview":"max-video-preview:-1"},"canonical":"https:\/\/www.estrategiaconcursos.com.br\/blog\/secretario-confirma-edital-da-sefaz-am-ate-o-fim-de-2021\/","og_locale":"pt_BR","og_type":"article","og_title":"Secret\u00e1rio confirma edital da SEFAZ AM at\u00e9 o fim de 2021!","og_description":"Em entrevista a Jefferson Coronel, o secret\u00e1rio de estado da fazenda confirma que o edital da SEFAZ AM deve ser publicado at\u00e9 o final do ano.","og_url":"https:\/\/www.estrategiaconcursos.com.br\/blog\/secretario-confirma-edital-da-sefaz-am-ate-o-fim-de-2021\/","og_site_name":"Estrat\u00e9gia Concursos","article_published_time":"2021-12-22T23:28:49+00:00","article_modified_time":"2021-12-23T13:16:34+00:00","og_image":[{"width":768,"height":432,"url":"https:\/\/dhg1h5j42swfq.cloudfront.net\/2021\/04\/03153919\/sefaz-am.jpg","type":"image\/jpeg"}],"author":"Thiago Cavalcante Gomes","twitter_card":"summary_large_image","twitter_creator":"@EstratConcursos","twitter_site":"@EstratConcursos","twitter_misc":{"Escrito por":"Thiago Cavalcante Gomes","Est. tempo de leitura":"2 minutos"},"schema":{"@context":"https:\/\/schema.org","@graph":[{"@type":"NewsArticle","@id":"https:\/\/www.estrategiaconcursos.com.br\/blog\/secretario-confirma-edital-da-sefaz-am-ate-o-fim-de-2021\/#article","isPartOf":{"@id":"https:\/\/www.estrategiaconcursos.com.br\/blog\/secretario-confirma-edital-da-sefaz-am-ate-o-fim-de-2021\/"},"author":{"name":"Thiago Cavalcante Gomes","@id":"https:\/\/www.estrategiaconcursos.com.br\/blog\/#\/schema\/person\/4970184533d0a3ffa5b0299ae0a2b21f"},"headline":"Secret\u00e1rio confirma edital da SEFAZ AM at\u00e9 o fim de 2021!","datePublished":"2021-12-22T23:28:49+00:00","dateModified":"2021-12-23T13:16:34+00:00","mainEntityOfPage":{"@id":"https:\/\/www.estrategiaconcursos.com.br\/blog\/secretario-confirma-edital-da-sefaz-am-ate-o-fim-de-2021\/"},"wordCount":322,"commentCount":0,"publisher":{"@id":"https:\/\/www.estrategiaconcursos.com.br\/blog\/#organization"},"image":{"@id":"https:\/\/www.estrategiaconcursos.com.br\/blog\/secretario-confirma-edital-da-sefaz-am-ate-o-fim-de-2021\/#primaryimage"},"thumbnailUrl":"https:\/\/dhg1h5j42swfq.cloudfront.net\/2021\/04\/03153919\/sefaz-am.jpg","articleSection":["Fiscal - Estadual (ICMS)","\u00daltimas not\u00edcias"],"inLanguage":"pt-BR","potentialAction":[{"@type":"CommentAction","name":"Comment","target":["https:\/\/www.estrategiaconcursos.com.br\/blog\/secretario-confirma-edital-da-sefaz-am-ate-o-fim-de-2021\/#respond"]}],"copyrightYear":"2021","copyrightHolder":{"@id":"https:\/\/www.estrategiaconcursos.com.br\/blog\/#organization"}},{"@type":"WebPage","@id":"https:\/\/www.estrategiaconcursos.com.br\/blog\/secretario-confirma-edital-da-sefaz-am-ate-o-fim-de-2021\/","url":"https:\/\/www.estrategiaconcursos.com.br\/blog\/secretario-confirma-edital-da-sefaz-am-ate-o-fim-de-2021\/","name":"Secret\u00e1rio confirma edital da SEFAZ AM at\u00e9 o fim de 2021!","isPartOf":{"@id":"https:\/\/www.estrategiaconcursos.com.br\/blog\/#website"},"primaryImageOfPage":{"@id":"https:\/\/www.estrategiaconcursos.com.br\/blog\/secretario-confirma-edital-da-sefaz-am-ate-o-fim-de-2021\/#primaryimage"},"image":{"@id":"https:\/\/www.estrategiaconcursos.com.br\/blog\/secretario-confirma-edital-da-sefaz-am-ate-o-fim-de-2021\/#primaryimage"},"thumbnailUrl":"https:\/\/dhg1h5j42swfq.cloudfront.net\/2021\/04\/03153919\/sefaz-am.jpg","datePublished":"2021-12-22T23:28:49+00:00","dateModified":"2021-12-23T13:16:34+00:00","description":"Em entrevista a Jefferson Coronel, o secret\u00e1rio de estado da fazenda confirma que o edital da SEFAZ AM deve ser publicado at\u00e9 o final do ano.","breadcrumb":{"@id":"https:\/\/www.estrategiaconcursos.com.br\/blog\/secretario-confirma-edital-da-sefaz-am-ate-o-fim-de-2021\/#breadcrumb"},"inLanguage":"pt-BR","potentialAction":[{"@type":"ReadAction","target":["https:\/\/www.estrategiaconcursos.com.br\/blog\/secretario-confirma-edital-da-sefaz-am-ate-o-fim-de-2021\/"]}]},{"@type":"ImageObject","inLanguage":"pt-BR","@id":"https:\/\/www.estrategiaconcursos.com.br\/blog\/secretario-confirma-edital-da-sefaz-am-ate-o-fim-de-2021\/#primaryimage","url":"https:\/\/dhg1h5j42swfq.cloudfront.net\/2021\/04\/03153919\/sefaz-am.jpg","contentUrl":"https:\/\/dhg1h5j42swfq.cloudfront.net\/2021\/04\/03153919\/sefaz-am.jpg","width":768,"height":432,"caption":"Inscritos Sefaz AM"},{"@type":"BreadcrumbList","@id":"https:\/\/www.estrategiaconcursos.com.br\/blog\/secretario-confirma-edital-da-sefaz-am-ate-o-fim-de-2021\/#breadcrumb","itemListElement":[{"@type":"ListItem","position":1,"name":"In\u00edcio","item":"https:\/\/www.estrategiaconcursos.com.br\/blog\/"},{"@type":"ListItem","position":2,"name":"Secret\u00e1rio confirma edital da SEFAZ AM at\u00e9 o fim de 2021!"}]},{"@type":"WebSite","@id":"https:\/\/www.estrategiaconcursos.com.br\/blog\/#website","url":"https:\/\/www.estrategiaconcursos.com.br\/blog\/","name":"Estrat\u00e9gia Concursos","description":"O blog da Estrat\u00e9gia Concursos traz not\u00edcias sobre concursos e artigos de professores oferecendo cursos para concursos (pdf + videaulas) no site.","publisher":{"@id":"https:\/\/www.estrategiaconcursos.com.br\/blog\/#organization"},"potentialAction":[{"@type":"SearchAction","target":{"@type":"EntryPoint","urlTemplate":"https:\/\/www.estrategiaconcursos.com.br\/blog\/?s={search_term_string}"},"query-input":{"@type":"PropertyValueSpecification","valueRequired":true,"valueName":"search_term_string"}}],"inLanguage":"pt-BR"},{"@type":"Organization","@id":"https:\/\/www.estrategiaconcursos.com.br\/blog\/#organization","name":"Estrat\u00e9gia Concursos","url":"https:\/\/www.estrategiaconcursos.com.br\/blog\/","logo":{"@type":"ImageObject","inLanguage":"pt-BR","@id":"https:\/\/www.estrategiaconcursos.com.br\/blog\/#\/schema\/logo\/image\/","url":"https:\/\/dhg1h5j42swfq.cloudfront.net\/2025\/06\/03203428\/logo_concursos-1.jpg","contentUrl":"https:\/\/dhg1h5j42swfq.cloudfront.net\/2025\/06\/03203428\/logo_concursos-1.jpg","width":230,"height":60,"caption":"Estrat\u00e9gia Concursos"},"image":{"@id":"https:\/\/www.estrategiaconcursos.com.br\/blog\/#\/schema\/logo\/image\/"},"sameAs":["https:\/\/x.com\/EstratConcursos"]},{"@type":"Person","@id":"https:\/\/www.estrategiaconcursos.com.br\/blog\/#\/schema\/person\/4970184533d0a3ffa5b0299ae0a2b21f","name":"Thiago Cavalcante Gomes","image":{"@type":"ImageObject","inLanguage":"pt-BR","@id":"https:\/\/secure.gravatar.com\/avatar\/?s=96&d=mm&r=g","url":"https:\/\/secure.gravatar.com\/avatar\/?s=96&d=mm&r=g","contentUrl":"https:\/\/secure.gravatar.com\/avatar\/?s=96&d=mm&r=g","caption":"Thiago Cavalcante Gomes"},"url":"https:\/\/www.estrategiaconcursos.com.br\/blog\/author\/thiago-gomes\/"}]}},"_links":{"self":[{"href":"https:\/\/www.estrategiaconcursos.com.br\/blog\/wp-json\/wp\/v2\/posts\/934469","targetHints":{"allow":["GET"]}}],"collection":[{"href":"https:\/\/www.estrategiaconcursos.com.br\/blog\/wp-json\/wp\/v2\/posts"}],"about":[{"href":"https:\/\/www.estrategiaconcursos.com.br\/blog\/wp-json\/wp\/v2\/types\/post"}],"author":[{"embeddable":true,"href":"https:\/\/www.estrategiaconcursos.com.br\/blog\/wp-json\/wp\/v2\/users\/2041"}],"replies":[{"embeddable":true,"href":"https:\/\/www.estrategiaconcursos.com.br\/blog\/wp-json\/wp\/v2\/comments?post=934469"}],"version-history":[{"count":6,"href":"https:\/\/www.estrategiaconcursos.com.br\/blog\/wp-json\/wp\/v2\/posts\/934469\/revisions"}],"predecessor-version":[{"id":934604,"href":"https:\/\/www.estrategiaconcursos.com.br\/blog\/wp-json\/wp\/v2\/posts\/934469\/revisions\/934604"}],"wp:featuredmedia":[{"embeddable":true,"href":"https:\/\/www.estrategiaconcursos.com.br\/blog\/wp-json\/wp\/v2\/media\/729964"}],"wp:attachment":[{"href":"https:\/\/www.estrategiaconcursos.com.br\/blog\/wp-json\/wp\/v2\/media?parent=934469"}],"wp:term":[{"taxonomy":"category","embeddable":true,"href":"https:\/\/www.estrategiaconcursos.com.br\/blog\/wp-json\/wp\/v2\/categories?post=934469"},{"taxonomy":"post_tag","embeddable":true,"href":"https:\/\/www.estrategiaconcursos.com.br\/blog\/wp-json\/wp\/v2\/tags?post=934469"},{"taxonomy":"tax_estado","embeddable":true,"href":"https:\/\/www.estrategiaconcursos.com.br\/blog\/wp-json\/wp\/v2\/tax_estado?post=934469"}],"curies":[{"name":"wp","href":"https:\/\/api.w.org\/{rel}","templated":true}]}}