{"id":934276,"date":"2021-12-22T16:00:00","date_gmt":"2021-12-22T19:00:00","guid":{"rendered":"https:\/\/www.estrategiaconcursos.com.br\/blog\/?p=934276"},"modified":"2021-12-22T15:39:03","modified_gmt":"2021-12-22T18:39:03","slug":"sefa-pa-atribuicoes-de-cargos","status":"publish","type":"post","link":"https:\/\/www.estrategiaconcursos.com.br\/blog\/sefa-pa-atribuicoes-de-cargos\/","title":{"rendered":"SEFA PA: confira atribui\u00e7\u00f5es dos cargos"},"content":{"rendered":"\n<h3 class=\"wp-block-heading\" id=\"h-publicado-o-edital-do-concursa-sefa-pa\">Publicado o edital do concursa SEFA PA <\/h3>\n\n\n\n<p id=\"h-o-edital-do-concurso-oferta-vagas-para-os-cargos-de-auditor-fiscal-e-fiscal-de-receitas-e-conta-remunera-o-inicial-acima-de-r-11-mil-reais\">O <a href=\"https:\/\/dhg1h5j42swfq.cloudfront.net\/2021\/12\/22010635\/2021-12-22-doe_pa_estrategia.pdf\" target=\"_blank\" rel=\"noreferrer noopener nofollow\">edital<\/a> oferta vagas para os cargos de <strong>Auditor Fiscal <\/strong>e <strong>Fiscal de Receitas<\/strong> e conta remunera\u00e7\u00e3o inicial acima de <strong>R$ 11 mil<\/strong> reais. Confira, ao longo deste artigo, as atribui\u00e7\u00f5es dos cargos do concurso <a href=\"https:\/\/www.estrategiaconcursos.com.br\/blog\/edital-sefa-pa\/\" target=\"_blank\" rel=\"noreferrer noopener\">SEFA PA<\/a>.<\/p>\n\n\n\n<h3 class=\"wp-block-heading\" id=\"h-sefa-pa-atribui-es-dos-cargos-para-auditor\">SEFA PA: atribui\u00e7\u00f5es dos cargos para Auditor<\/h3>\n\n\n\n<ul class=\"wp-block-list\"><li>I &#8211; executar a pol\u00edtica de fiscaliza\u00e7\u00e3o e auditoria de tributos e demais receitas de compet\u00eancia da Administra\u00e7\u00e3o Tribut\u00e1ria, inclusive no que se refere ao exame da escrita, livros e documentos fiscais e cont\u00e1beis, invent\u00e1rio de mercadorias, demonstra\u00e7\u00f5es cont\u00e1beis e financeiras, confeccionados e\/ou declarados por quaisquer meios, al\u00e9m de a\u00e7\u00f5es que visem coibir a evas\u00e3o ou fraude no pagamento de tributos e demais receitas estaduais;<\/li><\/ul>\n\n\n\n<ul class=\"wp-block-list\"><li>II &#8211; constituir, mediante lan\u00e7amento, o cr\u00e9dito tribut\u00e1rio e n\u00e3o tribut\u00e1rio;<\/li><\/ul>\n\n\n\n<ul class=\"wp-block-list\"><li>III &#8211; elaborar e proferir decis\u00e3o em processo do contencioso administrativo tribut\u00e1rio;<\/li><\/ul>\n\n\n\n<ul class=\"wp-block-list\"><li>IV &#8211; analisar as propostas apresentadas pelas entidades empresariais e de classes, bem como orient\u00e1-las quanto \u00e0 interpreta\u00e7\u00e3o da legisla\u00e7\u00e3o tribut\u00e1ria estadual;<\/li><\/ul>\n\n\n\n<ul class=\"wp-block-list\"><li>V &#8211; emitir pareceres e opinar sobre quest\u00f5es de arrecada\u00e7\u00e3o, fiscaliza\u00e7\u00e3o e legisla\u00e7\u00e3o tribut\u00e1ria, observada a compet\u00eancia da Procuradoria Geral do Estado;<\/li><\/ul>\n\n\n\n<ul class=\"wp-block-list\"><li>VI &#8211; propor e\/ou opinar quanto a regimes especiais de tributa\u00e7\u00e3o;<\/li><\/ul>\n\n\n\n<ul class=\"wp-block-list\"><li>VII &#8211; emitir parecer em processos de restitui\u00e7\u00e3o, ressarcimento e\/ou compensa\u00e7\u00e3o de tributos;<\/li><\/ul>\n\n\n\n<ul class=\"wp-block-list\"><li>VIII &#8211; assessorar o representante do Estado no Conselho Nacional de Pol\u00edtica Fazend\u00e1ria &#8211; CONFAZ;<\/li><\/ul>\n\n\n\n<ul class=\"wp-block-list\"><li>IX &#8211; representar o Estado na Comiss\u00e3o T\u00e9cnica Permanente do ICMS &#8211; COTEPE e em grupos de trabalho e conselhos t\u00e9cnicos e\/ ou deliberativos da Administra\u00e7\u00e3o Tribut\u00e1ria;<\/li><\/ul>\n\n\n\n<ul class=\"wp-block-list\"><li>X &#8211; realizar estudos visando aprimorar e subsidiar as a\u00e7\u00f5es fiscais;<\/li><\/ul>\n\n\n\n<ul class=\"wp-block-list\"><li>XI &#8211; apresentar subs\u00eddios necess\u00e1rios \u00e0s decis\u00f5es superiores, quanto \u00e0 adequa\u00e7\u00e3o das pol\u00edticas tribut\u00e1ria, fiscal, financeira e de arrecada\u00e7\u00e3o, compatibilizando-as com as demais medidas em execu\u00e7\u00e3o, em termos de desenvolvimento estadual;<\/li><\/ul>\n\n\n\n<ul class=\"wp-block-list\"><li>XII &#8211; promover estudos e an\u00e1lises sobre o alcance e repercuss\u00e3o da carga tribut\u00e1ria na conjuntura estadual, examinando os reflexos e quest\u00f5es surgidas na aplica\u00e7\u00e3o da legisla\u00e7\u00e3o tribut\u00e1ria, objetivando sua uniformidade;<\/li><\/ul>\n\n\n\n<ul class=\"wp-block-list\"><li>XIII &#8211; assessorar autoridades fazend\u00e1rias estaduais e \u00f3rg\u00e3os de arrecada\u00e7\u00e3o e fiscaliza\u00e7\u00e3o em assuntos atinentes ao Sistema Tribut\u00e1rio Estadual;<\/li><\/ul>\n\n\n\n<ul class=\"wp-block-list\"><li>XIV &#8211; elaborar pesquisas e an\u00e1lises relacionadas com a administra\u00e7\u00e3o tribut\u00e1ria e estat\u00edstica econ\u00f4mica e financeira do Estado, e propor medidas tendentes a aperfei\u00e7oar o Sistema Tribut\u00e1rio;<\/li><\/ul>\n\n\n\n<ul class=\"wp-block-list\"><li>XV &#8211; realizar estudos comparativos da legisla\u00e7\u00e3o tribut\u00e1ria estadual com a de outros Estados e da Uni\u00e3o, visando ao aperfei\u00e7oamento, modifica\u00e7\u00e3o, adequa\u00e7\u00e3o e corre\u00e7\u00e3o de distor\u00e7\u00f5es porventura existentes no Sistema Tribut\u00e1rio Estadual;<\/li><\/ul>\n\n\n\n<ul class=\"wp-block-list\"><li>XVI &#8211; analisar, revisar e supervisionar trabalhos executados por setores subordinados, discutindo alternativas, com vistas a solucionar os problemas apresentados;<\/li><\/ul>\n\n\n\n<ul class=\"wp-block-list\"><li>XVII &#8211; prestar assessoramento t\u00e9cnico, inspecionar, acompanhar e avaliar os resultados das atividades arrecadadoras e fiscais dos \u00f3rg\u00e3os de arrecada\u00e7\u00e3o estadual;<\/li><\/ul>\n\n\n\n<ul class=\"wp-block-list\"><li>XVIII &#8211; exercer a chefia de unidade administrativa da estrutura oficial da Secretaria de Estado da Fazenda, quando designado;<\/li><\/ul>\n\n\n\n<ul class=\"wp-block-list\"><li>XIX &#8211; elaborar a programa\u00e7\u00e3o de arrecada\u00e7\u00e3o de receitas estaduais, tendo em vista a pol\u00edtica e diretrizes da Administra\u00e7\u00e3o Estadual;<\/li><\/ul>\n\n\n\n<ul class=\"wp-block-list\"><li>XX &#8211; realizar a fiscaliza\u00e7\u00e3o de tributos e demais receitas estaduais;<\/li><\/ul>\n\n\n\n<ul class=\"wp-block-list\"><li>XXI &#8211; constituir, mediante lan\u00e7amento, o cr\u00e9dito tribut\u00e1rio relativo \u00e0s infring\u00eancias \u00e0 legisla\u00e7\u00e3o pertinente; XXII &#8211; proceder \u00e0 fiscaliza\u00e7\u00e3o, nos portos e aeroportos, de mercadorias importadas e exportadas, bem como fiscalizar<br \/>o embarque e desembarque dessas mercadorias;<\/li><\/ul>\n\n\n\n<ul class=\"wp-block-list\"><li>XXIII &#8211; participar da elabora\u00e7\u00e3o e execu\u00e7\u00e3o de programas de treinamento;<\/li><\/ul>\n\n\n\n<ul class=\"wp-block-list\"><li>XXIV &#8211; realizar a auditoria da rede banc\u00e1ria credenciada arrecadadora das receitas estaduais;<\/li><\/ul>\n\n\n\n<ul class=\"wp-block-list\"><li>XXV &#8211; emitir pareceres e manifesta\u00e7\u00f5es em processos de sua compet\u00eancia, e executar outras atividades correlatas que lhe forem atribu\u00eddas.<\/li><\/ul>\n\n\n\n<h3 class=\"wp-block-heading\" id=\"h-sefa-pa-atribui-es-dos-cargos-para-fiscal\">SEFA PA: atribui\u00e7\u00f5es dos cargos para Fiscal<\/h3>\n\n\n\n<ul class=\"wp-block-list\"><li>I &#8211; auxiliar autoridades fazend\u00e1rias e extrafazend\u00e1rias do Estado em assuntos atinentes ao Sistema Tribut\u00e1rio Estadual;<\/li><\/ul>\n\n\n\n<ul class=\"wp-block-list\"><li>II &#8211; realizar a fiscaliza\u00e7\u00e3o de mercadorias em tr\u00e2nsito;<\/li><\/ul>\n\n\n\n<ul class=\"wp-block-list\"><li>III &#8211; executar tarefas de fiscaliza\u00e7\u00e3o auxiliares ao exerc\u00edcio das atribui\u00e7\u00f5es especificadas nos incisos I, XX e XXIV do art. 29 da Lei Complementar n\u00ba 078\/11, na forma do disposto em regulamento;<\/li><\/ul>\n\n\n\n<ul class=\"wp-block-list\"><li>IV &#8211; identificar e avaliar distor\u00e7\u00f5es nas atividades relacionadas \u00e0 fiscaliza\u00e7\u00e3o, objetivando corrigi-las e aumentar a efici\u00eancia da a\u00e7\u00e3o fiscalizadora;<\/li><\/ul>\n\n\n\n<ul class=\"wp-block-list\"><li>V &#8211; propor medidas destinadas a aperfei\u00e7oar o m\u00e9todo de previs\u00e3o, an\u00e1lise e avalia\u00e7\u00e3o da receita tribut\u00e1ria;<\/li><\/ul>\n\n\n\n<ul class=\"wp-block-list\"><li><span style=\"font-size: revert; color: initial;\"> VI &#8211; propor medidas objetivando a integra\u00e7\u00e3o do Sistema Fiscal do Estado;<\/span> <\/li><\/ul>\n\n\n\n<ul class=\"wp-block-list\"><li>VII &#8211; receber, registrar e controlar a arrecada\u00e7\u00e3o de tributos e demais receitas estaduais;<\/li><\/ul>\n\n\n\n<ul class=\"wp-block-list\"><li>VIII &#8211; lavrar certid\u00f5es \u00e0 vista dos assentamentos em livros, documentos e demais pap\u00e9is das unidades de fiscaliza\u00e7\u00e3o da Fazenda Estadual e distribuir notifica\u00e7\u00f5es e demais expedientes;<\/li><\/ul>\n\n\n\n<ul class=\"wp-block-list\"><li>IX &#8211; participar da elabora\u00e7\u00e3o de instru\u00e7\u00f5es, com vistas a orientar a execu\u00e7\u00e3o de programas de fiscaliza\u00e7\u00e3o;<\/li><\/ul>\n\n\n\n<ul class=\"wp-block-list\"><li>X &#8211; promover estudos com vistas ao aprimoramento da atividade fiscalizadora, no \u00e2mbito de sua compet\u00eancia; <\/li><\/ul>\n\n\n\n<p><li>XI supervisionar equipes e grupos de trabalhos espec\u00edficos no exerc\u00edcio de a\u00e7\u00e3o fiscalizadora dos tributos, no \u00e2mbito de sua compet\u00eancia;<\/li><\/p>\n\n\n\n<ul class=\"wp-block-list\"><li>XII &#8211; exercer a chefia de unidade administrativa da estrutura oficial da Secretaria de Estado da Fazenda, quando designado;<\/li><\/ul>\n\n\n\n<ul class=\"wp-block-list\"><li>XIII &#8211; preparar documentos de arrecada\u00e7\u00e3o de tributos estaduais e verificar documentos fiscais;<\/li><\/ul>\n\n\n\n<ul class=\"wp-block-list\"><li>XIV &#8211; prestar orienta\u00e7\u00e3o e esclarecimentos sobre legisla\u00e7\u00e3o tribut\u00e1ria, em<br \/>a\u00e7\u00e3o direta ou em plant\u00e3o fiscal<\/li><\/ul>\n\n\n\n<ul class=\"wp-block-list\"><li>XV &#8211; lavrar Termos de Apreens\u00e3o de Mercadorias e\/ou Documentos encontrados em desacordo com a legisla\u00e7\u00e3o vigente;<\/li><\/ul>\n\n\n\n<ul class=\"wp-block-list\"><li>XVI &#8211; avaliar a a\u00e7\u00e3o fiscalizadora, mediante instrumentos de controle, no \u00e2mbito de sua compet\u00eancia;<\/li><\/ul>\n\n\n\n<ul class=\"wp-block-list\"><li>XVII &#8211; proceder \u00e0 fiscaliza\u00e7\u00e3o, nos portos e aeroportos, de mercadorias importadas e exportadas, bem como fiscalizar<br \/>o embarque e desembarque dessas mercadorias;<\/li><\/ul>\n\n\n\n<ul class=\"wp-block-list\"><li>XVIII &#8211; constituir, mediante lan\u00e7amento, o cr\u00e9dito tribut\u00e1rio relativo \u00e0s infring\u00eancias \u00e0 legisla\u00e7\u00e3o tribut\u00e1ria, na fiscaliza\u00e7\u00e3o de mercadorias em tr\u00e2nsito;<\/li><\/ul>\n\n\n\n<ul class=\"wp-block-list\"><li>XIX &#8211; realizar atividades preparat\u00f3rias \u00e0 elabora\u00e7\u00e3o de minuta de julgamento em primeira inst\u00e2ncia e ao julgamento em segunda inst\u00e2ncia, em processo do contencioso administrativo tribut\u00e1rio, inclusive dilig\u00eancias no \u00e2mbito de sua compet\u00eancia;<\/li><\/ul>\n\n\n\n<ul class=\"wp-block-list\"><li>XX &#8211; representar o Estado em grupos de trabalho vinculados \u00e0 Comiss\u00e3o T\u00e9cnica Permanente &#8211; COTEPE, e em outros grupos ou conselhos t\u00e9cnicos e\/ou deliberativos da Administra\u00e7\u00e3o Tribut\u00e1ria;<\/li><\/ul>\n\n\n\n<ul class=\"wp-block-list\"><li>XXI &#8211; emitir parecer em processos de restitui\u00e7\u00e3o, nos casos em que estes prescindam de realiza\u00e7\u00e3o de a\u00e7\u00e3o fiscal; XXII &#8211; participar da elabora\u00e7\u00e3o e execu\u00e7\u00e3o de programas de treinamento;<\/li><\/ul>\n\n\n\n<ul class=\"wp-block-list\"><li>XXIII &#8211; emitir pareceres e manifesta\u00e7\u00f5es em processos de sua compet\u00eancia, e executar outras atividades correlatas que lhe forem atribu\u00eddas.<\/li><\/ul>\n\n\n\n<h2 class=\"has-text-align-center wp-block-heading\" id=\"cursos-assinatura\">Quer estudar para o concurso Sefa PA?<\/h2>\n\n\n\n<div id=\"boxes\" class=\"container\">\n<div class=\"row\">\n<div class=\"col-sm\">\n<div id=\"box-assinatura\" class=\"banner-fiscal-01\">\n<h3 class=\"titulo-assinatura\">Carreiras Fiscais<\/h3>\n<p class=\"subtitulo-assinatura\">Conhe\u00e7a os cursos para Sefaz PA<\/p>\n<div class=\"box-botao\"><a class=\"btn-assinatura\" role=\"button\" href=\"https:\/\/www.estrategiaconcursos.com.br\/cursosPorConcurso\/secretaria-da-fazendo-do-para-sefaz-pa\/\" target=\"_blank\" rel=\"noopener noreferrer\">Conhe\u00e7a mais<\/a><\/div>\n<\/div>\n<\/div>\n<\/div>\n<\/div>\n\n\n\n<div class=\"container\" id=\"boxes\">\n  <div class=\"row\">\n\n    <div class=\"col-sm\">\n      <div class=\"estrategia\" id=\"box-assinatura\">\n        <h3 class=\"titulo-assinatura\">Assinatura Concursos<\/h3>\n        <p class=\"subtitulo-assinatura\">Assinatura de 1 ano ou 2 anos<\/p>\n        <div class=\"box-botao\">\n          <a class=\"btn-assinatura\" target=\"_blank\" href=\"https:\/\/www.estrategiaconcursos.com.br\/assinaturas\/\" role=\"button\" rel=\"noopener noreferrer\">ASSINE AGORA<\/a>\n        <\/div>\n      <\/div><\/div><\/div><\/div>\n\n\n\n<h2 class=\"has-text-align-center wp-block-heading\">Quer saber tudo sobre concursos previstos?<br \/>Confira nossos artigos!<\/h2>\n\n\n\n<ul class=\"wp-block-list\"><li><a target=\"_blank\" href=\"https:\/\/www.estrategiaconcursos.com.br\/blog\/concursos-abertos\/\" rel=\"noreferrer noopener\">Concursos abertos<\/a><\/li><li><a target=\"_blank\" href=\"https:\/\/www.estrategiaconcursos.com.br\/blog\/concursos-2022\/\" rel=\"noreferrer noopener\">Concursos 2022<\/a><\/li><\/ul>\n","protected":false},"excerpt":{"rendered":"<p>Publicado o edital do concursa SEFA PA O edital oferta vagas para os cargos de Auditor Fiscal e Fiscal de Receitas e conta remunera\u00e7\u00e3o inicial acima de R$ 11 mil reais. Confira, ao longo deste artigo, as atribui\u00e7\u00f5es dos cargos do concurso SEFA PA. SEFA PA: atribui\u00e7\u00f5es dos cargos para Auditor I &#8211; executar a [&hellip;]<\/p>\n","protected":false},"author":2279,"featured_media":845111,"comment_status":"open","ping_status":"closed","sticky":false,"template":"","format":"standard","meta":{"post_tipo":"news","footnotes":""},"categories":[1983,220219],"tags":[],"tax_estado":[219977],"class_list":["post-934276","post","type-post","status-publish","format-standard","has-post-thumbnail","hentry","category-fiscal-estadual","category-noticias","tax_estado-pa"],"acf":[],"yoast_head":"<!-- This site is optimized with the Yoast SEO Premium plugin v27.2 (Yoast SEO v27.2) - https:\/\/yoast.com\/product\/yoast-seo-premium-wordpress\/ -->\n<title>SEFA PA: confira atribui\u00e7\u00f5es dos cargos<\/title>\n<meta name=\"description\" content=\"SEFA PA: atribui\u00e7\u00f5es dos cargos podem ser conferidas aqui! O edital oferta vagas para Auditor e Fiscal. Acesse o site para saber mais!\" \/>\n<meta name=\"robots\" content=\"index, follow, max-snippet:-1, max-image-preview:large, max-video-preview:-1\" \/>\n<link rel=\"canonical\" href=\"https:\/\/www.estrategiaconcursos.com.br\/blog\/sefa-pa-atribuicoes-de-cargos\/\" \/>\n<meta property=\"og:locale\" content=\"pt_BR\" \/>\n<meta property=\"og:type\" content=\"article\" \/>\n<meta property=\"og:title\" content=\"SEFA PA: confira atribui\u00e7\u00f5es dos cargos\" \/>\n<meta property=\"og:description\" content=\"SEFA PA: atribui\u00e7\u00f5es dos cargos podem ser conferidas aqui! O edital oferta vagas para Auditor e Fiscal. Acesse o site para saber mais!\" \/>\n<meta property=\"og:url\" content=\"https:\/\/www.estrategiaconcursos.com.br\/blog\/sefa-pa-atribuicoes-de-cargos\/\" \/>\n<meta property=\"og:site_name\" content=\"Estrat\u00e9gia Concursos\" \/>\n<meta property=\"article:published_time\" content=\"2021-12-22T19:00:00+00:00\" \/>\n<meta property=\"og:image\" content=\"https:\/\/dhg1h5j42swfq.cloudfront.net\/2021\/08\/25091704\/sefaz-pa.jpg\" \/>\n\t<meta property=\"og:image:width\" content=\"1199\" \/>\n\t<meta property=\"og:image:height\" content=\"626\" \/>\n\t<meta property=\"og:image:type\" content=\"image\/jpeg\" \/>\n<meta name=\"author\" content=\"Anissa Golshan\" \/>\n<meta name=\"twitter:card\" content=\"summary_large_image\" \/>\n<meta name=\"twitter:creator\" content=\"@EstratConcursos\" \/>\n<meta name=\"twitter:site\" content=\"@EstratConcursos\" \/>\n<meta name=\"twitter:label1\" content=\"Escrito por\" \/>\n\t<meta name=\"twitter:data1\" content=\"Anissa Golshan\" \/>\n\t<meta name=\"twitter:label2\" content=\"Est. tempo de leitura\" \/>\n\t<meta name=\"twitter:data2\" content=\"5 minutos\" \/>\n<script type=\"application\/ld+json\" class=\"yoast-schema-graph\">{\"@context\":\"https:\/\/schema.org\",\"@graph\":[{\"@type\":\"NewsArticle\",\"@id\":\"https:\/\/www.estrategiaconcursos.com.br\/blog\/sefa-pa-atribuicoes-de-cargos\/#article\",\"isPartOf\":{\"@id\":\"https:\/\/www.estrategiaconcursos.com.br\/blog\/sefa-pa-atribuicoes-de-cargos\/\"},\"author\":{\"name\":\"Anissa Golshan\",\"@id\":\"https:\/\/www.estrategiaconcursos.com.br\/blog\/#\/schema\/person\/8622e35b96c2aef34cb09bed422f6f86\"},\"headline\":\"SEFA PA: confira atribui\u00e7\u00f5es dos cargos\",\"datePublished\":\"2021-12-22T19:00:00+00:00\",\"mainEntityOfPage\":{\"@id\":\"https:\/\/www.estrategiaconcursos.com.br\/blog\/sefa-pa-atribuicoes-de-cargos\/\"},\"wordCount\":1221,\"commentCount\":0,\"publisher\":{\"@id\":\"https:\/\/www.estrategiaconcursos.com.br\/blog\/#organization\"},\"image\":{\"@id\":\"https:\/\/www.estrategiaconcursos.com.br\/blog\/sefa-pa-atribuicoes-de-cargos\/#primaryimage\"},\"thumbnailUrl\":\"https:\/\/dhg1h5j42swfq.cloudfront.net\/2021\/08\/25091704\/sefaz-pa.jpg\",\"articleSection\":[\"Fiscal - Estadual (ICMS)\",\"\u00daltimas not\u00edcias\"],\"inLanguage\":\"pt-BR\",\"potentialAction\":[{\"@type\":\"CommentAction\",\"name\":\"Comment\",\"target\":[\"https:\/\/www.estrategiaconcursos.com.br\/blog\/sefa-pa-atribuicoes-de-cargos\/#respond\"]}],\"copyrightYear\":\"2021\",\"copyrightHolder\":{\"@id\":\"https:\/\/www.estrategiaconcursos.com.br\/blog\/#organization\"}},{\"@type\":\"WebPage\",\"@id\":\"https:\/\/www.estrategiaconcursos.com.br\/blog\/sefa-pa-atribuicoes-de-cargos\/\",\"url\":\"https:\/\/www.estrategiaconcursos.com.br\/blog\/sefa-pa-atribuicoes-de-cargos\/\",\"name\":\"SEFA PA: confira atribui\u00e7\u00f5es dos cargos\",\"isPartOf\":{\"@id\":\"https:\/\/www.estrategiaconcursos.com.br\/blog\/#website\"},\"primaryImageOfPage\":{\"@id\":\"https:\/\/www.estrategiaconcursos.com.br\/blog\/sefa-pa-atribuicoes-de-cargos\/#primaryimage\"},\"image\":{\"@id\":\"https:\/\/www.estrategiaconcursos.com.br\/blog\/sefa-pa-atribuicoes-de-cargos\/#primaryimage\"},\"thumbnailUrl\":\"https:\/\/dhg1h5j42swfq.cloudfront.net\/2021\/08\/25091704\/sefaz-pa.jpg\",\"datePublished\":\"2021-12-22T19:00:00+00:00\",\"description\":\"SEFA PA: atribui\u00e7\u00f5es dos cargos podem ser conferidas aqui! O edital oferta vagas para Auditor e Fiscal. Acesse o site para saber mais!\",\"breadcrumb\":{\"@id\":\"https:\/\/www.estrategiaconcursos.com.br\/blog\/sefa-pa-atribuicoes-de-cargos\/#breadcrumb\"},\"inLanguage\":\"pt-BR\",\"potentialAction\":[{\"@type\":\"ReadAction\",\"target\":[\"https:\/\/www.estrategiaconcursos.com.br\/blog\/sefa-pa-atribuicoes-de-cargos\/\"]}]},{\"@type\":\"ImageObject\",\"inLanguage\":\"pt-BR\",\"@id\":\"https:\/\/www.estrategiaconcursos.com.br\/blog\/sefa-pa-atribuicoes-de-cargos\/#primaryimage\",\"url\":\"https:\/\/dhg1h5j42swfq.cloudfront.net\/2021\/08\/25091704\/sefaz-pa.jpg\",\"contentUrl\":\"https:\/\/dhg1h5j42swfq.cloudfront.net\/2021\/08\/25091704\/sefaz-pa.jpg\",\"width\":1199,\"height\":626,\"caption\":\"Concurso Sefa PA provas\"},{\"@type\":\"BreadcrumbList\",\"@id\":\"https:\/\/www.estrategiaconcursos.com.br\/blog\/sefa-pa-atribuicoes-de-cargos\/#breadcrumb\",\"itemListElement\":[{\"@type\":\"ListItem\",\"position\":1,\"name\":\"In\u00edcio\",\"item\":\"https:\/\/www.estrategiaconcursos.com.br\/blog\/\"},{\"@type\":\"ListItem\",\"position\":2,\"name\":\"SEFA PA: confira atribui\u00e7\u00f5es dos cargos\"}]},{\"@type\":\"WebSite\",\"@id\":\"https:\/\/www.estrategiaconcursos.com.br\/blog\/#website\",\"url\":\"https:\/\/www.estrategiaconcursos.com.br\/blog\/\",\"name\":\"Estrat\u00e9gia Concursos\",\"description\":\"O blog da Estrat\u00e9gia Concursos traz not\u00edcias sobre concursos e artigos de professores oferecendo cursos para concursos (pdf + videaulas) no site.\",\"publisher\":{\"@id\":\"https:\/\/www.estrategiaconcursos.com.br\/blog\/#organization\"},\"potentialAction\":[{\"@type\":\"SearchAction\",\"target\":{\"@type\":\"EntryPoint\",\"urlTemplate\":\"https:\/\/www.estrategiaconcursos.com.br\/blog\/?s={search_term_string}\"},\"query-input\":{\"@type\":\"PropertyValueSpecification\",\"valueRequired\":true,\"valueName\":\"search_term_string\"}}],\"inLanguage\":\"pt-BR\"},{\"@type\":\"Organization\",\"@id\":\"https:\/\/www.estrategiaconcursos.com.br\/blog\/#organization\",\"name\":\"Estrat\u00e9gia Concursos\",\"url\":\"https:\/\/www.estrategiaconcursos.com.br\/blog\/\",\"logo\":{\"@type\":\"ImageObject\",\"inLanguage\":\"pt-BR\",\"@id\":\"https:\/\/www.estrategiaconcursos.com.br\/blog\/#\/schema\/logo\/image\/\",\"url\":\"https:\/\/dhg1h5j42swfq.cloudfront.net\/2025\/06\/03203428\/logo_concursos-1.jpg\",\"contentUrl\":\"https:\/\/dhg1h5j42swfq.cloudfront.net\/2025\/06\/03203428\/logo_concursos-1.jpg\",\"width\":230,\"height\":60,\"caption\":\"Estrat\u00e9gia Concursos\"},\"image\":{\"@id\":\"https:\/\/www.estrategiaconcursos.com.br\/blog\/#\/schema\/logo\/image\/\"},\"sameAs\":[\"https:\/\/x.com\/EstratConcursos\"]},{\"@type\":\"Person\",\"@id\":\"https:\/\/www.estrategiaconcursos.com.br\/blog\/#\/schema\/person\/8622e35b96c2aef34cb09bed422f6f86\",\"name\":\"Anissa Golshan\",\"image\":{\"@type\":\"ImageObject\",\"inLanguage\":\"pt-BR\",\"@id\":\"https:\/\/secure.gravatar.com\/avatar\/?s=96&d=mm&r=g\",\"url\":\"https:\/\/secure.gravatar.com\/avatar\/?s=96&d=mm&r=g\",\"contentUrl\":\"https:\/\/secure.gravatar.com\/avatar\/?s=96&d=mm&r=g\",\"caption\":\"Anissa Golshan\"},\"url\":\"https:\/\/www.estrategiaconcursos.com.br\/blog\/author\/anissa-golshan\/\"}]}<\/script>\n<!-- \/ Yoast SEO Premium plugin. -->","yoast_head_json":{"title":"SEFA PA: confira atribui\u00e7\u00f5es dos cargos","description":"SEFA PA: atribui\u00e7\u00f5es dos cargos podem ser conferidas aqui! O edital oferta vagas para Auditor e Fiscal. Acesse o site para saber mais!","robots":{"index":"index","follow":"follow","max-snippet":"max-snippet:-1","max-image-preview":"max-image-preview:large","max-video-preview":"max-video-preview:-1"},"canonical":"https:\/\/www.estrategiaconcursos.com.br\/blog\/sefa-pa-atribuicoes-de-cargos\/","og_locale":"pt_BR","og_type":"article","og_title":"SEFA PA: confira atribui\u00e7\u00f5es dos cargos","og_description":"SEFA PA: atribui\u00e7\u00f5es dos cargos podem ser conferidas aqui! O edital oferta vagas para Auditor e Fiscal. Acesse o site para saber mais!","og_url":"https:\/\/www.estrategiaconcursos.com.br\/blog\/sefa-pa-atribuicoes-de-cargos\/","og_site_name":"Estrat\u00e9gia Concursos","article_published_time":"2021-12-22T19:00:00+00:00","og_image":[{"width":1199,"height":626,"url":"https:\/\/dhg1h5j42swfq.cloudfront.net\/2021\/08\/25091704\/sefaz-pa.jpg","type":"image\/jpeg"}],"author":"Anissa Golshan","twitter_card":"summary_large_image","twitter_creator":"@EstratConcursos","twitter_site":"@EstratConcursos","twitter_misc":{"Escrito por":"Anissa Golshan","Est. tempo de leitura":"5 minutos"},"schema":{"@context":"https:\/\/schema.org","@graph":[{"@type":"NewsArticle","@id":"https:\/\/www.estrategiaconcursos.com.br\/blog\/sefa-pa-atribuicoes-de-cargos\/#article","isPartOf":{"@id":"https:\/\/www.estrategiaconcursos.com.br\/blog\/sefa-pa-atribuicoes-de-cargos\/"},"author":{"name":"Anissa Golshan","@id":"https:\/\/www.estrategiaconcursos.com.br\/blog\/#\/schema\/person\/8622e35b96c2aef34cb09bed422f6f86"},"headline":"SEFA PA: confira atribui\u00e7\u00f5es dos cargos","datePublished":"2021-12-22T19:00:00+00:00","mainEntityOfPage":{"@id":"https:\/\/www.estrategiaconcursos.com.br\/blog\/sefa-pa-atribuicoes-de-cargos\/"},"wordCount":1221,"commentCount":0,"publisher":{"@id":"https:\/\/www.estrategiaconcursos.com.br\/blog\/#organization"},"image":{"@id":"https:\/\/www.estrategiaconcursos.com.br\/blog\/sefa-pa-atribuicoes-de-cargos\/#primaryimage"},"thumbnailUrl":"https:\/\/dhg1h5j42swfq.cloudfront.net\/2021\/08\/25091704\/sefaz-pa.jpg","articleSection":["Fiscal - Estadual (ICMS)","\u00daltimas not\u00edcias"],"inLanguage":"pt-BR","potentialAction":[{"@type":"CommentAction","name":"Comment","target":["https:\/\/www.estrategiaconcursos.com.br\/blog\/sefa-pa-atribuicoes-de-cargos\/#respond"]}],"copyrightYear":"2021","copyrightHolder":{"@id":"https:\/\/www.estrategiaconcursos.com.br\/blog\/#organization"}},{"@type":"WebPage","@id":"https:\/\/www.estrategiaconcursos.com.br\/blog\/sefa-pa-atribuicoes-de-cargos\/","url":"https:\/\/www.estrategiaconcursos.com.br\/blog\/sefa-pa-atribuicoes-de-cargos\/","name":"SEFA PA: confira atribui\u00e7\u00f5es dos cargos","isPartOf":{"@id":"https:\/\/www.estrategiaconcursos.com.br\/blog\/#website"},"primaryImageOfPage":{"@id":"https:\/\/www.estrategiaconcursos.com.br\/blog\/sefa-pa-atribuicoes-de-cargos\/#primaryimage"},"image":{"@id":"https:\/\/www.estrategiaconcursos.com.br\/blog\/sefa-pa-atribuicoes-de-cargos\/#primaryimage"},"thumbnailUrl":"https:\/\/dhg1h5j42swfq.cloudfront.net\/2021\/08\/25091704\/sefaz-pa.jpg","datePublished":"2021-12-22T19:00:00+00:00","description":"SEFA PA: atribui\u00e7\u00f5es dos cargos podem ser conferidas aqui! O edital oferta vagas para Auditor e Fiscal. Acesse o site para saber mais!","breadcrumb":{"@id":"https:\/\/www.estrategiaconcursos.com.br\/blog\/sefa-pa-atribuicoes-de-cargos\/#breadcrumb"},"inLanguage":"pt-BR","potentialAction":[{"@type":"ReadAction","target":["https:\/\/www.estrategiaconcursos.com.br\/blog\/sefa-pa-atribuicoes-de-cargos\/"]}]},{"@type":"ImageObject","inLanguage":"pt-BR","@id":"https:\/\/www.estrategiaconcursos.com.br\/blog\/sefa-pa-atribuicoes-de-cargos\/#primaryimage","url":"https:\/\/dhg1h5j42swfq.cloudfront.net\/2021\/08\/25091704\/sefaz-pa.jpg","contentUrl":"https:\/\/dhg1h5j42swfq.cloudfront.net\/2021\/08\/25091704\/sefaz-pa.jpg","width":1199,"height":626,"caption":"Concurso Sefa PA provas"},{"@type":"BreadcrumbList","@id":"https:\/\/www.estrategiaconcursos.com.br\/blog\/sefa-pa-atribuicoes-de-cargos\/#breadcrumb","itemListElement":[{"@type":"ListItem","position":1,"name":"In\u00edcio","item":"https:\/\/www.estrategiaconcursos.com.br\/blog\/"},{"@type":"ListItem","position":2,"name":"SEFA PA: confira atribui\u00e7\u00f5es dos cargos"}]},{"@type":"WebSite","@id":"https:\/\/www.estrategiaconcursos.com.br\/blog\/#website","url":"https:\/\/www.estrategiaconcursos.com.br\/blog\/","name":"Estrat\u00e9gia Concursos","description":"O blog da Estrat\u00e9gia Concursos traz not\u00edcias sobre concursos e artigos de professores oferecendo cursos para concursos (pdf + videaulas) no site.","publisher":{"@id":"https:\/\/www.estrategiaconcursos.com.br\/blog\/#organization"},"potentialAction":[{"@type":"SearchAction","target":{"@type":"EntryPoint","urlTemplate":"https:\/\/www.estrategiaconcursos.com.br\/blog\/?s={search_term_string}"},"query-input":{"@type":"PropertyValueSpecification","valueRequired":true,"valueName":"search_term_string"}}],"inLanguage":"pt-BR"},{"@type":"Organization","@id":"https:\/\/www.estrategiaconcursos.com.br\/blog\/#organization","name":"Estrat\u00e9gia Concursos","url":"https:\/\/www.estrategiaconcursos.com.br\/blog\/","logo":{"@type":"ImageObject","inLanguage":"pt-BR","@id":"https:\/\/www.estrategiaconcursos.com.br\/blog\/#\/schema\/logo\/image\/","url":"https:\/\/dhg1h5j42swfq.cloudfront.net\/2025\/06\/03203428\/logo_concursos-1.jpg","contentUrl":"https:\/\/dhg1h5j42swfq.cloudfront.net\/2025\/06\/03203428\/logo_concursos-1.jpg","width":230,"height":60,"caption":"Estrat\u00e9gia Concursos"},"image":{"@id":"https:\/\/www.estrategiaconcursos.com.br\/blog\/#\/schema\/logo\/image\/"},"sameAs":["https:\/\/x.com\/EstratConcursos"]},{"@type":"Person","@id":"https:\/\/www.estrategiaconcursos.com.br\/blog\/#\/schema\/person\/8622e35b96c2aef34cb09bed422f6f86","name":"Anissa Golshan","image":{"@type":"ImageObject","inLanguage":"pt-BR","@id":"https:\/\/secure.gravatar.com\/avatar\/?s=96&d=mm&r=g","url":"https:\/\/secure.gravatar.com\/avatar\/?s=96&d=mm&r=g","contentUrl":"https:\/\/secure.gravatar.com\/avatar\/?s=96&d=mm&r=g","caption":"Anissa Golshan"},"url":"https:\/\/www.estrategiaconcursos.com.br\/blog\/author\/anissa-golshan\/"}]}},"_links":{"self":[{"href":"https:\/\/www.estrategiaconcursos.com.br\/blog\/wp-json\/wp\/v2\/posts\/934276","targetHints":{"allow":["GET"]}}],"collection":[{"href":"https:\/\/www.estrategiaconcursos.com.br\/blog\/wp-json\/wp\/v2\/posts"}],"about":[{"href":"https:\/\/www.estrategiaconcursos.com.br\/blog\/wp-json\/wp\/v2\/types\/post"}],"author":[{"embeddable":true,"href":"https:\/\/www.estrategiaconcursos.com.br\/blog\/wp-json\/wp\/v2\/users\/2279"}],"replies":[{"embeddable":true,"href":"https:\/\/www.estrategiaconcursos.com.br\/blog\/wp-json\/wp\/v2\/comments?post=934276"}],"version-history":[{"count":7,"href":"https:\/\/www.estrategiaconcursos.com.br\/blog\/wp-json\/wp\/v2\/posts\/934276\/revisions"}],"predecessor-version":[{"id":934331,"href":"https:\/\/www.estrategiaconcursos.com.br\/blog\/wp-json\/wp\/v2\/posts\/934276\/revisions\/934331"}],"wp:featuredmedia":[{"embeddable":true,"href":"https:\/\/www.estrategiaconcursos.com.br\/blog\/wp-json\/wp\/v2\/media\/845111"}],"wp:attachment":[{"href":"https:\/\/www.estrategiaconcursos.com.br\/blog\/wp-json\/wp\/v2\/media?parent=934276"}],"wp:term":[{"taxonomy":"category","embeddable":true,"href":"https:\/\/www.estrategiaconcursos.com.br\/blog\/wp-json\/wp\/v2\/categories?post=934276"},{"taxonomy":"post_tag","embeddable":true,"href":"https:\/\/www.estrategiaconcursos.com.br\/blog\/wp-json\/wp\/v2\/tags?post=934276"},{"taxonomy":"tax_estado","embeddable":true,"href":"https:\/\/www.estrategiaconcursos.com.br\/blog\/wp-json\/wp\/v2\/tax_estado?post=934276"}],"curies":[{"name":"wp","href":"https:\/\/api.w.org\/{rel}","templated":true}]}}