{"id":934199,"date":"2021-12-22T15:30:00","date_gmt":"2021-12-22T18:30:00","guid":{"rendered":"https:\/\/www.estrategiaconcursos.com.br\/blog\/?p=934199"},"modified":"2021-12-22T14:43:33","modified_gmt":"2021-12-22T17:43:33","slug":"sefa-pa-requisitos-dos-cargos","status":"publish","type":"post","link":"https:\/\/www.estrategiaconcursos.com.br\/blog\/sefa-pa-requisitos-dos-cargos\/","title":{"rendered":"SEFA PA: requisitos dos cargos podem ser conferidos AQUI"},"content":{"rendered":"\n<h3 class=\"wp-block-heading\" id=\"h-publicado-o-edital-do-concursa-sefa-pa\">Publicado o edital do concursa SEFA PA<\/h3>\n\n\n\n<p>O <a href=\"https:\/\/dhg1h5j42swfq.cloudfront.net\/2021\/12\/22010635\/2021-12-22-doe_pa_estrategia.pdf\" target=\"_blank\" rel=\"noreferrer noopener nofollow\">edital<\/a> do concurso oferta vagas para os cargos de <strong>Auditor Fiscal <\/strong>e <strong>Fiscal de Receitas<\/strong> e conta remunera\u00e7\u00e3o inicial acima de <strong>R$ 11 mil<\/strong> reais. Confira, ao longo deste artigo, os requisitos dos cargos do SEFA PA para posse.<\/p>\n\n\n\n<p>Ambos os cargos contam com um regime de trabalho de <strong>30 horas semanais<\/strong>. Os requisitos dos cargos foram descritos no edital da seguinte maneira:<\/p>\n\n\n\n<ul class=\"wp-block-list\"><li><strong>a)<\/strong> ter sido aprovado e classificado no concurso p\u00fablico, dentro do n\u00famero de vagas;<\/li><\/ul>\n\n\n\n<ul class=\"wp-block-list\"><li><strong>b)<\/strong> ser brasileiro nato\/naturalizado ou possuir os direitos inerentes a tal nas condi\u00e7\u00f5es previstas na Constitui\u00e7\u00e3o Federal; no caso de nacionalidade portuguesa, estar amparado pelo estatuto de igualdade entre brasileiros e portugueses, com reconhecimento do gozo dos direitos pol\u00edticos.<\/li><\/ul>\n\n\n\n<ul class=\"wp-block-list\"><li><strong>c)<\/strong> ter idade igual ou superior a 18 anos completos, na data da posse; <\/li><\/ul>\n\n\n\n<ul class=\"wp-block-list\"><li><strong>d)<\/strong> provar o cumprimento das obriga\u00e7\u00f5es eleitorais e, no caso de candidato do sexo masculino, das obriga\u00e7\u00f5es militares;<\/li><\/ul>\n\n\n\n<ul class=\"wp-block-list\"><li><strong>e)<\/strong> estar em pleno exerc\u00edcio dos direitos pol\u00edticos;<\/li><\/ul>\n\n\n\n<ul class=\"wp-block-list\"><li><strong>f)<\/strong> possuir diploma de conclus\u00e3o de curso de gradua\u00e7\u00e3o de n\u00edvel superior reconhecido pelo Minist\u00e9rio da Educa\u00e7\u00e3o \u2013 MEC;<\/li><\/ul>\n\n\n\n<ul class=\"wp-block-list\"><li><strong>g)<\/strong> apresentar declara\u00e7\u00e3o de bens que constituem o seu patrim\u00f4nio, na forma do Decreto Estadual n\u00ba 1.712, de 12 de julho de 2021;<\/li><\/ul>\n\n\n\n<ul class=\"wp-block-list\"><li><strong>h)<\/strong> apresentar declara\u00e7\u00e3o de que n\u00e3o acumula cargo, emprego ou fun\u00e7\u00e3o p\u00fablica, ou proventos<br \/>de inatividade; ressalvadas as possibilidades de acumula\u00e7\u00e3o l\u00edcita previstas no inciso XVI do art. 37 da Constitui\u00e7\u00e3o Federal;<\/li><\/ul>\n\n\n\n<ul class=\"wp-block-list\"><li><strong>i) <\/strong>ser considerado apto, f\u00edsica e mentalmente, para o exerc\u00edcio do cargo no exame m\u00e9dico pr\u00e9-admissional realizado pela per\u00edcia m\u00e9dica oficial, devendo o candidato apresentar os exames cl\u00ednicos e laboratoriais, os quais correr\u00e3o \u00e0s suas expensas;<\/li><\/ul>\n\n\n\n<ul class=\"wp-block-list\"><li><strong>j)<\/strong> n\u00e3o haver sofrido san\u00e7\u00e3o impeditiva do exerc\u00edcio de cargo p\u00fablico por qualquer \u00f3rg\u00e3o p\u00fablico ou entidade, da esfera federal, estadual ou municipal;<\/li><\/ul>\n\n\n\n<ul class=\"wp-block-list\"><li><strong>k)<\/strong> reputa\u00e7\u00e3o ilibada.<\/li><\/ul>\n\n\n\n<p>Caso aprovado no concurso <a href=\"https:\/\/www.estrategiaconcursos.com.br\/blog\/edital-sefa-pa\/\" target=\"_blank\" rel=\"noreferrer noopener\">SEFA PA<\/a>, o candidato dever\u00e1 apresentar os documentos comprobat\u00f3rios de requisitos dos cargos de investidura especificados acima, durante o prazo de habilita\u00e7\u00e3o \u00e0 posse.<\/p>\n\n\n\n<p>Vale lembrar ainda que o per\u00edodo de inscri\u00e7\u00f5es ter\u00e1 in\u00edcio dia 19 de janeiro e encerra dia 10 de fevereiro. As provas est\u00e3o previstas para fim de mar\u00e7o.<\/p>\n\n\n\n<h2 class=\"has-text-align-center wp-block-heading\" id=\"cursos-assinatura\">Quer estudar para o concurso Sefa PA?<\/h2>\n\n\n\n<div id=\"boxes\" class=\"container\">\n<div class=\"row\">\n<div class=\"col-sm\">\n<div id=\"box-assinatura\" class=\"banner-fiscal-01\">\n<h3 class=\"titulo-assinatura\">Carreiras Fiscais<\/h3>\n<p class=\"subtitulo-assinatura\">Conhe\u00e7a os cursos para Sefaz PA<\/p>\n<div class=\"box-botao\"><a class=\"btn-assinatura\" role=\"button\" href=\"https:\/\/www.estrategiaconcursos.com.br\/cursosPorConcurso\/secretaria-da-fazendo-do-para-sefaz-pa\/\" target=\"_blank\" rel=\"noopener noreferrer\">Conhe\u00e7a mais<\/a><\/div>\n<\/div>\n<\/div>\n<\/div>\n<\/div>\n\n\n\n<div class=\"container\" id=\"boxes\">\n  <div class=\"row\">\n\n    <div class=\"col-sm\">\n      <div class=\"estrategia\" id=\"box-assinatura\">\n        <h3 class=\"titulo-assinatura\">Assinatura Concursos<\/h3>\n        <p class=\"subtitulo-assinatura\">Assinatura de 1 ano ou 2 anos<\/p>\n        <div class=\"box-botao\">\n          <a class=\"btn-assinatura\" target=\"_blank\" href=\"https:\/\/www.estrategiaconcursos.com.br\/assinaturas\/\" role=\"button\" rel=\"noopener noreferrer\">ASSINE AGORA<\/a>\n        <\/div>\n      <\/div><\/div><\/div><\/div>\n\n\n\n<h2 class=\"has-text-align-center wp-block-heading\">Quer saber tudo sobre concursos previstos?<br \/>Confira nossos artigos!<\/h2>\n\n\n\n<ul class=\"wp-block-list\"><li><a target=\"_blank\" href=\"https:\/\/www.estrategiaconcursos.com.br\/blog\/concursos-abertos\/\" rel=\"noreferrer noopener\">Concursos abertos<\/a><\/li><li><a target=\"_blank\" href=\"https:\/\/www.estrategiaconcursos.com.br\/blog\/concursos-2022\/\" rel=\"noreferrer noopener\">Concursos 2022<\/a><\/li><\/ul>\n","protected":false},"excerpt":{"rendered":"<p>Publicado o edital do concursa SEFA PA O edital do concurso oferta vagas para os cargos de Auditor Fiscal e Fiscal de Receitas e conta remunera\u00e7\u00e3o inicial acima de R$ 11 mil reais. Confira, ao longo deste artigo, os requisitos dos cargos do SEFA PA para posse. Ambos os cargos contam com um regime de [&hellip;]<\/p>\n","protected":false},"author":2279,"featured_media":853281,"comment_status":"open","ping_status":"closed","sticky":false,"template":"","format":"standard","meta":{"post_tipo":"news","footnotes":""},"categories":[1983,220219],"tags":[],"tax_estado":[219977],"class_list":["post-934199","post","type-post","status-publish","format-standard","has-post-thumbnail","hentry","category-fiscal-estadual","category-noticias","tax_estado-pa"],"acf":[],"yoast_head":"<!-- This site is optimized with the Yoast SEO Premium plugin v27.2 (Yoast SEO v27.2) - https:\/\/yoast.com\/product\/yoast-seo-premium-wordpress\/ -->\n<title>SEFA PA: requisitos dos cargos podem ser conferidos AQUI<\/title>\n<meta name=\"description\" content=\"SEFA PA: requisitos dos cargos j\u00e1 podem ser consultados! Inscri\u00e7\u00f5es ter\u00e3o in\u00edcio dia 19 de janeiro e prova est\u00e1 prevista para mar\u00e7o.\" \/>\n<meta name=\"robots\" content=\"index, follow, max-snippet:-1, max-image-preview:large, max-video-preview:-1\" \/>\n<link rel=\"canonical\" href=\"https:\/\/www.estrategiaconcursos.com.br\/blog\/sefa-pa-requisitos-dos-cargos\/\" \/>\n<meta property=\"og:locale\" content=\"pt_BR\" \/>\n<meta property=\"og:type\" content=\"article\" \/>\n<meta property=\"og:title\" content=\"SEFA PA: requisitos dos cargos podem ser conferidos AQUI\" \/>\n<meta property=\"og:description\" content=\"SEFA PA: requisitos dos cargos j\u00e1 podem ser consultados! Inscri\u00e7\u00f5es ter\u00e3o in\u00edcio dia 19 de janeiro e prova est\u00e1 prevista para mar\u00e7o.\" \/>\n<meta property=\"og:url\" content=\"https:\/\/www.estrategiaconcursos.com.br\/blog\/sefa-pa-requisitos-dos-cargos\/\" \/>\n<meta property=\"og:site_name\" content=\"Estrat\u00e9gia Concursos\" \/>\n<meta property=\"article:published_time\" content=\"2021-12-22T18:30:00+00:00\" \/>\n<meta property=\"og:image\" content=\"https:\/\/dhg1h5j42swfq.cloudfront.net\/2021\/09\/03113134\/sefa-pa.jpg\" \/>\n\t<meta property=\"og:image:width\" content=\"1024\" \/>\n\t<meta property=\"og:image:height\" content=\"536\" \/>\n\t<meta property=\"og:image:type\" content=\"image\/jpeg\" \/>\n<meta name=\"author\" content=\"Anissa Golshan\" \/>\n<meta name=\"twitter:card\" content=\"summary_large_image\" \/>\n<meta name=\"twitter:creator\" content=\"@EstratConcursos\" \/>\n<meta name=\"twitter:site\" content=\"@EstratConcursos\" \/>\n<meta name=\"twitter:label1\" content=\"Escrito por\" \/>\n\t<meta name=\"twitter:data1\" content=\"Anissa Golshan\" \/>\n\t<meta name=\"twitter:label2\" content=\"Est. tempo de leitura\" \/>\n\t<meta name=\"twitter:data2\" content=\"2 minutos\" \/>\n<script type=\"application\/ld+json\" class=\"yoast-schema-graph\">{\"@context\":\"https:\/\/schema.org\",\"@graph\":[{\"@type\":\"NewsArticle\",\"@id\":\"https:\/\/www.estrategiaconcursos.com.br\/blog\/sefa-pa-requisitos-dos-cargos\/#article\",\"isPartOf\":{\"@id\":\"https:\/\/www.estrategiaconcursos.com.br\/blog\/sefa-pa-requisitos-dos-cargos\/\"},\"author\":{\"name\":\"Anissa Golshan\",\"@id\":\"https:\/\/www.estrategiaconcursos.com.br\/blog\/#\/schema\/person\/8622e35b96c2aef34cb09bed422f6f86\"},\"headline\":\"SEFA PA: requisitos dos cargos podem ser conferidos AQUI\",\"datePublished\":\"2021-12-22T18:30:00+00:00\",\"mainEntityOfPage\":{\"@id\":\"https:\/\/www.estrategiaconcursos.com.br\/blog\/sefa-pa-requisitos-dos-cargos\/\"},\"wordCount\":440,\"commentCount\":0,\"publisher\":{\"@id\":\"https:\/\/www.estrategiaconcursos.com.br\/blog\/#organization\"},\"image\":{\"@id\":\"https:\/\/www.estrategiaconcursos.com.br\/blog\/sefa-pa-requisitos-dos-cargos\/#primaryimage\"},\"thumbnailUrl\":\"https:\/\/dhg1h5j42swfq.cloudfront.net\/2021\/09\/03113134\/sefa-pa.jpg\",\"articleSection\":[\"Fiscal - Estadual (ICMS)\",\"\u00daltimas not\u00edcias\"],\"inLanguage\":\"pt-BR\",\"potentialAction\":[{\"@type\":\"CommentAction\",\"name\":\"Comment\",\"target\":[\"https:\/\/www.estrategiaconcursos.com.br\/blog\/sefa-pa-requisitos-dos-cargos\/#respond\"]}],\"copyrightYear\":\"2021\",\"copyrightHolder\":{\"@id\":\"https:\/\/www.estrategiaconcursos.com.br\/blog\/#organization\"}},{\"@type\":\"WebPage\",\"@id\":\"https:\/\/www.estrategiaconcursos.com.br\/blog\/sefa-pa-requisitos-dos-cargos\/\",\"url\":\"https:\/\/www.estrategiaconcursos.com.br\/blog\/sefa-pa-requisitos-dos-cargos\/\",\"name\":\"SEFA PA: requisitos dos cargos podem ser conferidos AQUI\",\"isPartOf\":{\"@id\":\"https:\/\/www.estrategiaconcursos.com.br\/blog\/#website\"},\"primaryImageOfPage\":{\"@id\":\"https:\/\/www.estrategiaconcursos.com.br\/blog\/sefa-pa-requisitos-dos-cargos\/#primaryimage\"},\"image\":{\"@id\":\"https:\/\/www.estrategiaconcursos.com.br\/blog\/sefa-pa-requisitos-dos-cargos\/#primaryimage\"},\"thumbnailUrl\":\"https:\/\/dhg1h5j42swfq.cloudfront.net\/2021\/09\/03113134\/sefa-pa.jpg\",\"datePublished\":\"2021-12-22T18:30:00+00:00\",\"description\":\"SEFA PA: requisitos dos cargos j\u00e1 podem ser consultados! Inscri\u00e7\u00f5es ter\u00e3o in\u00edcio dia 19 de janeiro e prova est\u00e1 prevista para mar\u00e7o.\",\"breadcrumb\":{\"@id\":\"https:\/\/www.estrategiaconcursos.com.br\/blog\/sefa-pa-requisitos-dos-cargos\/#breadcrumb\"},\"inLanguage\":\"pt-BR\",\"potentialAction\":[{\"@type\":\"ReadAction\",\"target\":[\"https:\/\/www.estrategiaconcursos.com.br\/blog\/sefa-pa-requisitos-dos-cargos\/\"]}]},{\"@type\":\"ImageObject\",\"inLanguage\":\"pt-BR\",\"@id\":\"https:\/\/www.estrategiaconcursos.com.br\/blog\/sefa-pa-requisitos-dos-cargos\/#primaryimage\",\"url\":\"https:\/\/dhg1h5j42swfq.cloudfront.net\/2021\/09\/03113134\/sefa-pa.jpg\",\"contentUrl\":\"https:\/\/dhg1h5j42swfq.cloudfront.net\/2021\/09\/03113134\/sefa-pa.jpg\",\"width\":1024,\"height\":536,\"caption\":\"Concurso Sefa PA resultado definitivo\"},{\"@type\":\"BreadcrumbList\",\"@id\":\"https:\/\/www.estrategiaconcursos.com.br\/blog\/sefa-pa-requisitos-dos-cargos\/#breadcrumb\",\"itemListElement\":[{\"@type\":\"ListItem\",\"position\":1,\"name\":\"In\u00edcio\",\"item\":\"https:\/\/www.estrategiaconcursos.com.br\/blog\/\"},{\"@type\":\"ListItem\",\"position\":2,\"name\":\"SEFA PA: requisitos dos cargos podem ser conferidos AQUI\"}]},{\"@type\":\"WebSite\",\"@id\":\"https:\/\/www.estrategiaconcursos.com.br\/blog\/#website\",\"url\":\"https:\/\/www.estrategiaconcursos.com.br\/blog\/\",\"name\":\"Estrat\u00e9gia Concursos\",\"description\":\"O blog da Estrat\u00e9gia Concursos traz not\u00edcias sobre concursos e artigos de professores oferecendo cursos para concursos (pdf + videaulas) no site.\",\"publisher\":{\"@id\":\"https:\/\/www.estrategiaconcursos.com.br\/blog\/#organization\"},\"potentialAction\":[{\"@type\":\"SearchAction\",\"target\":{\"@type\":\"EntryPoint\",\"urlTemplate\":\"https:\/\/www.estrategiaconcursos.com.br\/blog\/?s={search_term_string}\"},\"query-input\":{\"@type\":\"PropertyValueSpecification\",\"valueRequired\":true,\"valueName\":\"search_term_string\"}}],\"inLanguage\":\"pt-BR\"},{\"@type\":\"Organization\",\"@id\":\"https:\/\/www.estrategiaconcursos.com.br\/blog\/#organization\",\"name\":\"Estrat\u00e9gia Concursos\",\"url\":\"https:\/\/www.estrategiaconcursos.com.br\/blog\/\",\"logo\":{\"@type\":\"ImageObject\",\"inLanguage\":\"pt-BR\",\"@id\":\"https:\/\/www.estrategiaconcursos.com.br\/blog\/#\/schema\/logo\/image\/\",\"url\":\"https:\/\/dhg1h5j42swfq.cloudfront.net\/2025\/06\/03203428\/logo_concursos-1.jpg\",\"contentUrl\":\"https:\/\/dhg1h5j42swfq.cloudfront.net\/2025\/06\/03203428\/logo_concursos-1.jpg\",\"width\":230,\"height\":60,\"caption\":\"Estrat\u00e9gia Concursos\"},\"image\":{\"@id\":\"https:\/\/www.estrategiaconcursos.com.br\/blog\/#\/schema\/logo\/image\/\"},\"sameAs\":[\"https:\/\/x.com\/EstratConcursos\"]},{\"@type\":\"Person\",\"@id\":\"https:\/\/www.estrategiaconcursos.com.br\/blog\/#\/schema\/person\/8622e35b96c2aef34cb09bed422f6f86\",\"name\":\"Anissa Golshan\",\"image\":{\"@type\":\"ImageObject\",\"inLanguage\":\"pt-BR\",\"@id\":\"https:\/\/secure.gravatar.com\/avatar\/?s=96&d=mm&r=g\",\"url\":\"https:\/\/secure.gravatar.com\/avatar\/?s=96&d=mm&r=g\",\"contentUrl\":\"https:\/\/secure.gravatar.com\/avatar\/?s=96&d=mm&r=g\",\"caption\":\"Anissa Golshan\"},\"url\":\"https:\/\/www.estrategiaconcursos.com.br\/blog\/author\/anissa-golshan\/\"}]}<\/script>\n<!-- \/ Yoast SEO Premium plugin. -->","yoast_head_json":{"title":"SEFA PA: requisitos dos cargos podem ser conferidos AQUI","description":"SEFA PA: requisitos dos cargos j\u00e1 podem ser consultados! Inscri\u00e7\u00f5es ter\u00e3o in\u00edcio dia 19 de janeiro e prova est\u00e1 prevista para mar\u00e7o.","robots":{"index":"index","follow":"follow","max-snippet":"max-snippet:-1","max-image-preview":"max-image-preview:large","max-video-preview":"max-video-preview:-1"},"canonical":"https:\/\/www.estrategiaconcursos.com.br\/blog\/sefa-pa-requisitos-dos-cargos\/","og_locale":"pt_BR","og_type":"article","og_title":"SEFA PA: requisitos dos cargos podem ser conferidos AQUI","og_description":"SEFA PA: requisitos dos cargos j\u00e1 podem ser consultados! Inscri\u00e7\u00f5es ter\u00e3o in\u00edcio dia 19 de janeiro e prova est\u00e1 prevista para mar\u00e7o.","og_url":"https:\/\/www.estrategiaconcursos.com.br\/blog\/sefa-pa-requisitos-dos-cargos\/","og_site_name":"Estrat\u00e9gia Concursos","article_published_time":"2021-12-22T18:30:00+00:00","og_image":[{"width":1024,"height":536,"url":"https:\/\/dhg1h5j42swfq.cloudfront.net\/2021\/09\/03113134\/sefa-pa.jpg","type":"image\/jpeg"}],"author":"Anissa Golshan","twitter_card":"summary_large_image","twitter_creator":"@EstratConcursos","twitter_site":"@EstratConcursos","twitter_misc":{"Escrito por":"Anissa Golshan","Est. tempo de leitura":"2 minutos"},"schema":{"@context":"https:\/\/schema.org","@graph":[{"@type":"NewsArticle","@id":"https:\/\/www.estrategiaconcursos.com.br\/blog\/sefa-pa-requisitos-dos-cargos\/#article","isPartOf":{"@id":"https:\/\/www.estrategiaconcursos.com.br\/blog\/sefa-pa-requisitos-dos-cargos\/"},"author":{"name":"Anissa Golshan","@id":"https:\/\/www.estrategiaconcursos.com.br\/blog\/#\/schema\/person\/8622e35b96c2aef34cb09bed422f6f86"},"headline":"SEFA PA: requisitos dos cargos podem ser conferidos AQUI","datePublished":"2021-12-22T18:30:00+00:00","mainEntityOfPage":{"@id":"https:\/\/www.estrategiaconcursos.com.br\/blog\/sefa-pa-requisitos-dos-cargos\/"},"wordCount":440,"commentCount":0,"publisher":{"@id":"https:\/\/www.estrategiaconcursos.com.br\/blog\/#organization"},"image":{"@id":"https:\/\/www.estrategiaconcursos.com.br\/blog\/sefa-pa-requisitos-dos-cargos\/#primaryimage"},"thumbnailUrl":"https:\/\/dhg1h5j42swfq.cloudfront.net\/2021\/09\/03113134\/sefa-pa.jpg","articleSection":["Fiscal - Estadual (ICMS)","\u00daltimas not\u00edcias"],"inLanguage":"pt-BR","potentialAction":[{"@type":"CommentAction","name":"Comment","target":["https:\/\/www.estrategiaconcursos.com.br\/blog\/sefa-pa-requisitos-dos-cargos\/#respond"]}],"copyrightYear":"2021","copyrightHolder":{"@id":"https:\/\/www.estrategiaconcursos.com.br\/blog\/#organization"}},{"@type":"WebPage","@id":"https:\/\/www.estrategiaconcursos.com.br\/blog\/sefa-pa-requisitos-dos-cargos\/","url":"https:\/\/www.estrategiaconcursos.com.br\/blog\/sefa-pa-requisitos-dos-cargos\/","name":"SEFA PA: requisitos dos cargos podem ser conferidos AQUI","isPartOf":{"@id":"https:\/\/www.estrategiaconcursos.com.br\/blog\/#website"},"primaryImageOfPage":{"@id":"https:\/\/www.estrategiaconcursos.com.br\/blog\/sefa-pa-requisitos-dos-cargos\/#primaryimage"},"image":{"@id":"https:\/\/www.estrategiaconcursos.com.br\/blog\/sefa-pa-requisitos-dos-cargos\/#primaryimage"},"thumbnailUrl":"https:\/\/dhg1h5j42swfq.cloudfront.net\/2021\/09\/03113134\/sefa-pa.jpg","datePublished":"2021-12-22T18:30:00+00:00","description":"SEFA PA: requisitos dos cargos j\u00e1 podem ser consultados! Inscri\u00e7\u00f5es ter\u00e3o in\u00edcio dia 19 de janeiro e prova est\u00e1 prevista para mar\u00e7o.","breadcrumb":{"@id":"https:\/\/www.estrategiaconcursos.com.br\/blog\/sefa-pa-requisitos-dos-cargos\/#breadcrumb"},"inLanguage":"pt-BR","potentialAction":[{"@type":"ReadAction","target":["https:\/\/www.estrategiaconcursos.com.br\/blog\/sefa-pa-requisitos-dos-cargos\/"]}]},{"@type":"ImageObject","inLanguage":"pt-BR","@id":"https:\/\/www.estrategiaconcursos.com.br\/blog\/sefa-pa-requisitos-dos-cargos\/#primaryimage","url":"https:\/\/dhg1h5j42swfq.cloudfront.net\/2021\/09\/03113134\/sefa-pa.jpg","contentUrl":"https:\/\/dhg1h5j42swfq.cloudfront.net\/2021\/09\/03113134\/sefa-pa.jpg","width":1024,"height":536,"caption":"Concurso Sefa PA resultado definitivo"},{"@type":"BreadcrumbList","@id":"https:\/\/www.estrategiaconcursos.com.br\/blog\/sefa-pa-requisitos-dos-cargos\/#breadcrumb","itemListElement":[{"@type":"ListItem","position":1,"name":"In\u00edcio","item":"https:\/\/www.estrategiaconcursos.com.br\/blog\/"},{"@type":"ListItem","position":2,"name":"SEFA PA: requisitos dos cargos podem ser conferidos AQUI"}]},{"@type":"WebSite","@id":"https:\/\/www.estrategiaconcursos.com.br\/blog\/#website","url":"https:\/\/www.estrategiaconcursos.com.br\/blog\/","name":"Estrat\u00e9gia Concursos","description":"O blog da Estrat\u00e9gia Concursos traz not\u00edcias sobre concursos e artigos de professores oferecendo cursos para concursos (pdf + videaulas) no site.","publisher":{"@id":"https:\/\/www.estrategiaconcursos.com.br\/blog\/#organization"},"potentialAction":[{"@type":"SearchAction","target":{"@type":"EntryPoint","urlTemplate":"https:\/\/www.estrategiaconcursos.com.br\/blog\/?s={search_term_string}"},"query-input":{"@type":"PropertyValueSpecification","valueRequired":true,"valueName":"search_term_string"}}],"inLanguage":"pt-BR"},{"@type":"Organization","@id":"https:\/\/www.estrategiaconcursos.com.br\/blog\/#organization","name":"Estrat\u00e9gia Concursos","url":"https:\/\/www.estrategiaconcursos.com.br\/blog\/","logo":{"@type":"ImageObject","inLanguage":"pt-BR","@id":"https:\/\/www.estrategiaconcursos.com.br\/blog\/#\/schema\/logo\/image\/","url":"https:\/\/dhg1h5j42swfq.cloudfront.net\/2025\/06\/03203428\/logo_concursos-1.jpg","contentUrl":"https:\/\/dhg1h5j42swfq.cloudfront.net\/2025\/06\/03203428\/logo_concursos-1.jpg","width":230,"height":60,"caption":"Estrat\u00e9gia Concursos"},"image":{"@id":"https:\/\/www.estrategiaconcursos.com.br\/blog\/#\/schema\/logo\/image\/"},"sameAs":["https:\/\/x.com\/EstratConcursos"]},{"@type":"Person","@id":"https:\/\/www.estrategiaconcursos.com.br\/blog\/#\/schema\/person\/8622e35b96c2aef34cb09bed422f6f86","name":"Anissa Golshan","image":{"@type":"ImageObject","inLanguage":"pt-BR","@id":"https:\/\/secure.gravatar.com\/avatar\/?s=96&d=mm&r=g","url":"https:\/\/secure.gravatar.com\/avatar\/?s=96&d=mm&r=g","contentUrl":"https:\/\/secure.gravatar.com\/avatar\/?s=96&d=mm&r=g","caption":"Anissa Golshan"},"url":"https:\/\/www.estrategiaconcursos.com.br\/blog\/author\/anissa-golshan\/"}]}},"_links":{"self":[{"href":"https:\/\/www.estrategiaconcursos.com.br\/blog\/wp-json\/wp\/v2\/posts\/934199","targetHints":{"allow":["GET"]}}],"collection":[{"href":"https:\/\/www.estrategiaconcursos.com.br\/blog\/wp-json\/wp\/v2\/posts"}],"about":[{"href":"https:\/\/www.estrategiaconcursos.com.br\/blog\/wp-json\/wp\/v2\/types\/post"}],"author":[{"embeddable":true,"href":"https:\/\/www.estrategiaconcursos.com.br\/blog\/wp-json\/wp\/v2\/users\/2279"}],"replies":[{"embeddable":true,"href":"https:\/\/www.estrategiaconcursos.com.br\/blog\/wp-json\/wp\/v2\/comments?post=934199"}],"version-history":[{"count":6,"href":"https:\/\/www.estrategiaconcursos.com.br\/blog\/wp-json\/wp\/v2\/posts\/934199\/revisions"}],"predecessor-version":[{"id":934270,"href":"https:\/\/www.estrategiaconcursos.com.br\/blog\/wp-json\/wp\/v2\/posts\/934199\/revisions\/934270"}],"wp:featuredmedia":[{"embeddable":true,"href":"https:\/\/www.estrategiaconcursos.com.br\/blog\/wp-json\/wp\/v2\/media\/853281"}],"wp:attachment":[{"href":"https:\/\/www.estrategiaconcursos.com.br\/blog\/wp-json\/wp\/v2\/media?parent=934199"}],"wp:term":[{"taxonomy":"category","embeddable":true,"href":"https:\/\/www.estrategiaconcursos.com.br\/blog\/wp-json\/wp\/v2\/categories?post=934199"},{"taxonomy":"post_tag","embeddable":true,"href":"https:\/\/www.estrategiaconcursos.com.br\/blog\/wp-json\/wp\/v2\/tags?post=934199"},{"taxonomy":"tax_estado","embeddable":true,"href":"https:\/\/www.estrategiaconcursos.com.br\/blog\/wp-json\/wp\/v2\/tax_estado?post=934199"}],"curies":[{"name":"wp","href":"https:\/\/api.w.org\/{rel}","templated":true}]}}