{"id":934021,"date":"2021-12-22T11:06:16","date_gmt":"2021-12-22T14:06:16","guid":{"rendered":"https:\/\/www.estrategiaconcursos.com.br\/blog\/?p=934021"},"modified":"2021-12-22T20:00:55","modified_gmt":"2021-12-22T23:00:55","slug":"concurso-sefa-pa-cargos","status":"publish","type":"post","link":"https:\/\/www.estrategiaconcursos.com.br\/blog\/concurso-sefa-pa-cargos\/","title":{"rendered":"Concurso Sefa PA: distribui\u00e7\u00e3o das vagas por cargo e lota\u00e7\u00e3o"},"content":{"rendered":"\n<p>O t\u00e3o aguardado edital do concurso Sefa PA foi publicado com uma \u00f3tima surpresa para os concurseiros: <strong>um aumento no n\u00famero de vagas previstas!<\/strong> Ao todo, s\u00e3o 200 oportunidades entre os cargos de Auditor Fiscal e Fiscal de Receita.<\/p>\n\n\n\n<p>Dessa forma, preparamos este artigo com todos os pormenores que voc\u00ea precisa saber a respeito da distribui\u00e7\u00e3o de oportunidades por lota\u00e7\u00e3o, isto \u00e9, por localidade. <\/p>\n\n\n\n<p>Lembrando que a lota\u00e7\u00e3o ser\u00e1 definida de acordo com a ordem de classifica\u00e7\u00e3o do resultado final, observada a indica\u00e7\u00e3o por ordem de prefer\u00eancia das unidades fazend\u00e1rias onde o candidato pretende exercer suas atividades, manifestada por ocasi\u00e3o do ato de posse.<\/p>\n\n\n\n<div class=\"wp-block-image\"><figure class=\"aligncenter size-large is-resized\"><img loading=\"lazy\" decoding=\"async\" src=\"https:\/\/dhg1h5j42swfq.cloudfront.net\/2021\/12\/22105300\/sefa-pa-1024x683.jpg\" alt=\"\" class=\"wp-image-934037\" width=\"743\" height=\"495\" srcset=\"https:\/\/dhg1h5j42swfq.cloudfront.net\/2021\/12\/22105300\/sefa-pa-1024x683.jpg 1024w, https:\/\/dhg1h5j42swfq.cloudfront.net\/2021\/12\/22105300\/sefa-pa-300x200.jpg 300w, https:\/\/dhg1h5j42swfq.cloudfront.net\/2021\/12\/22105300\/sefa-pa-768x512.jpg 768w, https:\/\/dhg1h5j42swfq.cloudfront.net\/2021\/12\/22105300\/sefa-pa-610x407.jpg 610w, https:\/\/dhg1h5j42swfq.cloudfront.net\/2021\/12\/22105300\/sefa-pa.jpg 1300w\" sizes=\"auto, (max-width: 743px) 100vw, 743px\" \/><\/figure><\/div>\n\n\n\n<h3 class=\"wp-block-heading\" id=\"h-concurso-sefa-pa-cargos-da-distribui-o-das-vagas-para-fins-de-lota-o\"><strong>Concurso Sefa PA cargos: da distribui\u00e7\u00e3o das vagas para fins de lota\u00e7\u00e3o<\/strong><\/h3>\n\n\n\n<p>Confira abaixo a distribui\u00e7\u00e3o das vagas\/cargos do concurso Sefa PA conforme as unidades, vagas imediatas e em cadastro de reserva das fun\u00e7\u00f5es de Auditor Fiscal e Fiscal de Redondas Estaduais:<\/p>\n\n\n\n<div class=\"wp-block-image\"><figure class=\"aligncenter size-full\"><img loading=\"lazy\" decoding=\"async\" width=\"547\" height=\"868\" src=\"https:\/\/dhg1h5j42swfq.cloudfront.net\/2021\/12\/22105009\/image-486.png\" alt=\"Concurso Sefa PA vagas \" class=\"wp-image-934031\" srcset=\"https:\/\/dhg1h5j42swfq.cloudfront.net\/2021\/12\/22105009\/image-486.png 547w, https:\/\/dhg1h5j42swfq.cloudfront.net\/2021\/12\/22105009\/image-486-189x300.png 189w\" sizes=\"auto, (max-width: 547px) 100vw, 547px\" \/><\/figure><\/div>\n\n\n\n<div class=\"wp-block-image\"><figure class=\"aligncenter size-full\"><img loading=\"lazy\" decoding=\"async\" width=\"537\" height=\"658\" src=\"https:\/\/dhg1h5j42swfq.cloudfront.net\/2021\/12\/22105026\/image-487.png\" alt=\"Concurso Sefa PA cargos\" class=\"wp-image-934032\" srcset=\"https:\/\/dhg1h5j42swfq.cloudfront.net\/2021\/12\/22105026\/image-487.png 537w, https:\/\/dhg1h5j42swfq.cloudfront.net\/2021\/12\/22105026\/image-487-245x300.png 245w\" sizes=\"auto, (max-width: 537px) 100vw, 537px\" \/><\/figure><\/div>\n\n\n\n<div class=\"wp-block-image\"><figure class=\"aligncenter size-full\"><img loading=\"lazy\" decoding=\"async\" width=\"558\" height=\"603\" src=\"https:\/\/dhg1h5j42swfq.cloudfront.net\/2021\/12\/22105049\/image-488.png\" alt=\"Concurso Sefa PA cargos\" class=\"wp-image-934033\" srcset=\"https:\/\/dhg1h5j42swfq.cloudfront.net\/2021\/12\/22105049\/image-488.png 558w, https:\/\/dhg1h5j42swfq.cloudfront.net\/2021\/12\/22105049\/image-488-278x300.png 278w\" sizes=\"auto, (max-width: 558px) 100vw, 558px\" \/><\/figure><\/div>\n\n\n\n<div class=\"wp-block-image\"><figure class=\"aligncenter size-full\"><img loading=\"lazy\" decoding=\"async\" width=\"554\" height=\"718\" src=\"https:\/\/dhg1h5j42swfq.cloudfront.net\/2021\/12\/22105105\/image-489.png\" alt=\"\" class=\"wp-image-934035\" srcset=\"https:\/\/dhg1h5j42swfq.cloudfront.net\/2021\/12\/22105105\/image-489.png 554w, https:\/\/dhg1h5j42swfq.cloudfront.net\/2021\/12\/22105105\/image-489-231x300.png 231w\" sizes=\"auto, (max-width: 554px) 100vw, 554px\" \/><\/figure><\/div>\n\n\n\n<p>Lembrando que o candidato aprovado na condi\u00e7\u00e3o especial de Pessoa com Defici\u00eancia (PcD) ter\u00e1 prefer\u00eancia em sua lota\u00e7\u00e3o, respeitada a altern\u00e2ncia de vagas de 1:1 (um para um) com os demais candidatos.<\/p>\n\n\n\n<p>Ap\u00f3s a homologa\u00e7\u00e3o do resultado final do concurso <a href=\"http:\/\/www.sefa.pa.gov.br\/\" target=\"_blank\" rel=\"noreferrer noopener\">Sefa PA<\/a> e a investidura no cargo, o candidato j\u00e1 na condi\u00e7\u00e3o de servidor participar\u00e1 de curso de forma\u00e7\u00e3o, requisito necess\u00e1rio ao exerc\u00edcio das atribui\u00e7\u00f5es dos cargos.<\/p>\n\n\n\n<p>Ficou interessado no concurso? Quer saber mais detalhes? \u00c9 f\u00e1cil, acesse o link abaixo e confira o artigo exclusivo e muito mais completo que preparamos para voc\u00ea.<\/p>\n\n\n\n<p class=\"has-text-align-center has-luminous-vivid-amber-background-color has-background\" style=\"font-size:clamp(14.642px, 0.915rem + ((1vw - 3.2px) * 0.721), 22px);\"><strong>Saiba mais: <a href=\"https:\/\/www.estrategiaconcursos.com.br\/blog\/concurso-sefa-pa\/\" target=\"_blank\" rel=\"noreferrer noopener\">Concurso Sefa PA<\/a><\/strong><\/p>\n\n\n\n<h2 class=\"has-text-align-center wp-block-heading\" id=\"cursos-assinatura\">Quer estudar para o concurso Sefa PA?<\/h2>\n\n\n\n<div id=\"boxes\" class=\"container\">\n<div class=\"row\">\n<div class=\"col-sm\">\n<div id=\"box-assinatura\" class=\"banner-fiscal-01\">\n<h3 class=\"titulo-assinatura\">Carreiras Fiscais<\/h3>\n<p class=\"subtitulo-assinatura\">Conhe\u00e7a os cursos para Sefaz PA<\/p>\n<div class=\"box-botao\"><a class=\"btn-assinatura\" role=\"button\" href=\"https:\/\/www.estrategiaconcursos.com.br\/cursosPorConcurso\/secretaria-da-fazendo-do-para-sefaz-pa\/\" target=\"_blank\" rel=\"noopener noreferrer\">Conhe\u00e7a mais<\/a><\/div>\n<\/div>\n<\/div>\n<\/div>\n<\/div>\n\n\n\n<div class=\"container\" id=\"boxes\">\n  <div class=\"row\">\n\n    <div class=\"col-sm\">\n      <div class=\"estrategia\" id=\"box-assinatura\">\n        <h3 class=\"titulo-assinatura\">Assinatura Concursos<\/h3>\n        <p class=\"subtitulo-assinatura\">Assinatura de 1 ano ou 2 anos<\/p>\n        <div class=\"box-botao\">\n          <a class=\"btn-assinatura\" target=\"_blank\" href=\"https:\/\/www.estrategiaconcursos.com.br\/assinaturas\/\" role=\"button\" rel=\"noopener noreferrer\">ASSINE AGORA<\/a>\n        <\/div>\n      <\/div><\/div><\/div><\/div>\n\n\n\n<h2 class=\"has-text-align-center wp-block-heading\">Quer saber tudo sobre concursos previstos?<br \/>Confira nossos artigos!<\/h2>\n\n\n\n<ul class=\"wp-block-list\"><li><a target=\"_blank\" href=\"https:\/\/www.estrategiaconcursos.com.br\/blog\/concursos-abertos\/\" rel=\"noreferrer noopener\">Concursos abertos<\/a><\/li><li><a target=\"_blank\" href=\"https:\/\/www.estrategiaconcursos.com.br\/blog\/concursos-2022\/\" rel=\"noreferrer noopener\">Concursos 2022<\/a><\/li><\/ul>\n","protected":false},"excerpt":{"rendered":"<p>O t\u00e3o aguardado edital do concurso Sefa PA foi publicado com uma \u00f3tima surpresa para os concurseiros: um aumento no n\u00famero de vagas previstas! Ao todo, s\u00e3o 200 oportunidades entre os cargos de Auditor Fiscal e Fiscal de Receita. Dessa forma, preparamos este artigo com todos os pormenores que voc\u00ea precisa saber a respeito da [&hellip;]<\/p>\n","protected":false},"author":656,"featured_media":853281,"comment_status":"open","ping_status":"closed","sticky":false,"template":"","format":"standard","meta":{"post_tipo":"news","footnotes":""},"categories":[1983,220219],"tags":[],"tax_estado":[219977],"class_list":["post-934021","post","type-post","status-publish","format-standard","has-post-thumbnail","hentry","category-fiscal-estadual","category-noticias","tax_estado-pa"],"acf":[],"yoast_head":"<!-- This site is optimized with the Yoast SEO Premium plugin v27.2 (Yoast SEO v27.2) - https:\/\/yoast.com\/product\/yoast-seo-premium-wordpress\/ -->\n<title>Concurso Sefa PA: distribui\u00e7\u00e3o das vagas por cargo e lota\u00e7\u00e3o<\/title>\n<meta name=\"description\" content=\"Concurso Sefa PA: confira a distribui\u00e7\u00e3o das vagas por cargo e lota\u00e7\u00e3o. S\u00e3o 200 oportunidades entre imediatas e cadastro reserva. Veja!\" \/>\n<meta name=\"robots\" content=\"index, follow, max-snippet:-1, max-image-preview:large, max-video-preview:-1\" \/>\n<link rel=\"canonical\" href=\"https:\/\/www.estrategiaconcursos.com.br\/blog\/concurso-sefa-pa-cargos\/\" \/>\n<meta property=\"og:locale\" content=\"pt_BR\" \/>\n<meta property=\"og:type\" content=\"article\" \/>\n<meta property=\"og:title\" content=\"Concurso Sefa PA: distribui\u00e7\u00e3o das vagas por cargo e lota\u00e7\u00e3o\" \/>\n<meta property=\"og:description\" content=\"Concurso Sefa PA: confira a distribui\u00e7\u00e3o das vagas por cargo e lota\u00e7\u00e3o. S\u00e3o 200 oportunidades entre imediatas e cadastro reserva. Veja!\" \/>\n<meta property=\"og:url\" content=\"https:\/\/www.estrategiaconcursos.com.br\/blog\/concurso-sefa-pa-cargos\/\" \/>\n<meta property=\"og:site_name\" content=\"Estrat\u00e9gia Concursos\" \/>\n<meta property=\"article:published_time\" content=\"2021-12-22T14:06:16+00:00\" \/>\n<meta property=\"article:modified_time\" content=\"2021-12-22T23:00:55+00:00\" \/>\n<meta property=\"og:image\" content=\"https:\/\/dhg1h5j42swfq.cloudfront.net\/2021\/09\/03113134\/sefa-pa.jpg\" \/>\n\t<meta property=\"og:image:width\" content=\"1024\" \/>\n\t<meta property=\"og:image:height\" content=\"536\" \/>\n\t<meta property=\"og:image:type\" content=\"image\/jpeg\" \/>\n<meta name=\"author\" content=\"F\u00e1bio Scaldelai\" \/>\n<meta name=\"twitter:card\" content=\"summary_large_image\" \/>\n<meta name=\"twitter:creator\" content=\"@EstratConcursos\" \/>\n<meta name=\"twitter:site\" content=\"@EstratConcursos\" \/>\n<meta name=\"twitter:label1\" content=\"Escrito por\" \/>\n\t<meta name=\"twitter:data1\" content=\"F\u00e1bio Scaldelai\" \/>\n\t<meta name=\"twitter:label2\" content=\"Est. tempo de leitura\" \/>\n\t<meta name=\"twitter:data2\" content=\"3 minutos\" \/>\n<script type=\"application\/ld+json\" class=\"yoast-schema-graph\">{\"@context\":\"https:\/\/schema.org\",\"@graph\":[{\"@type\":\"NewsArticle\",\"@id\":\"https:\/\/www.estrategiaconcursos.com.br\/blog\/concurso-sefa-pa-cargos\/#article\",\"isPartOf\":{\"@id\":\"https:\/\/www.estrategiaconcursos.com.br\/blog\/concurso-sefa-pa-cargos\/\"},\"author\":{\"name\":\"F\u00e1bio Scaldelai\",\"@id\":\"https:\/\/www.estrategiaconcursos.com.br\/blog\/#\/schema\/person\/e3b6b7ce0192dd4ad270655969d61750\"},\"headline\":\"Concurso Sefa PA: distribui\u00e7\u00e3o das vagas por cargo e lota\u00e7\u00e3o\",\"datePublished\":\"2021-12-22T14:06:16+00:00\",\"dateModified\":\"2021-12-22T23:00:55+00:00\",\"mainEntityOfPage\":{\"@id\":\"https:\/\/www.estrategiaconcursos.com.br\/blog\/concurso-sefa-pa-cargos\/\"},\"wordCount\":322,\"commentCount\":0,\"publisher\":{\"@id\":\"https:\/\/www.estrategiaconcursos.com.br\/blog\/#organization\"},\"image\":{\"@id\":\"https:\/\/www.estrategiaconcursos.com.br\/blog\/concurso-sefa-pa-cargos\/#primaryimage\"},\"thumbnailUrl\":\"https:\/\/dhg1h5j42swfq.cloudfront.net\/2021\/09\/03113134\/sefa-pa.jpg\",\"articleSection\":[\"Fiscal - Estadual (ICMS)\",\"\u00daltimas not\u00edcias\"],\"inLanguage\":\"pt-BR\",\"potentialAction\":[{\"@type\":\"CommentAction\",\"name\":\"Comment\",\"target\":[\"https:\/\/www.estrategiaconcursos.com.br\/blog\/concurso-sefa-pa-cargos\/#respond\"]}],\"copyrightYear\":\"2021\",\"copyrightHolder\":{\"@id\":\"https:\/\/www.estrategiaconcursos.com.br\/blog\/#organization\"}},{\"@type\":\"WebPage\",\"@id\":\"https:\/\/www.estrategiaconcursos.com.br\/blog\/concurso-sefa-pa-cargos\/\",\"url\":\"https:\/\/www.estrategiaconcursos.com.br\/blog\/concurso-sefa-pa-cargos\/\",\"name\":\"Concurso Sefa PA: distribui\u00e7\u00e3o das vagas por cargo e lota\u00e7\u00e3o\",\"isPartOf\":{\"@id\":\"https:\/\/www.estrategiaconcursos.com.br\/blog\/#website\"},\"primaryImageOfPage\":{\"@id\":\"https:\/\/www.estrategiaconcursos.com.br\/blog\/concurso-sefa-pa-cargos\/#primaryimage\"},\"image\":{\"@id\":\"https:\/\/www.estrategiaconcursos.com.br\/blog\/concurso-sefa-pa-cargos\/#primaryimage\"},\"thumbnailUrl\":\"https:\/\/dhg1h5j42swfq.cloudfront.net\/2021\/09\/03113134\/sefa-pa.jpg\",\"datePublished\":\"2021-12-22T14:06:16+00:00\",\"dateModified\":\"2021-12-22T23:00:55+00:00\",\"description\":\"Concurso Sefa PA: confira a distribui\u00e7\u00e3o das vagas por cargo e lota\u00e7\u00e3o. S\u00e3o 200 oportunidades entre imediatas e cadastro reserva. Veja!\",\"breadcrumb\":{\"@id\":\"https:\/\/www.estrategiaconcursos.com.br\/blog\/concurso-sefa-pa-cargos\/#breadcrumb\"},\"inLanguage\":\"pt-BR\",\"potentialAction\":[{\"@type\":\"ReadAction\",\"target\":[\"https:\/\/www.estrategiaconcursos.com.br\/blog\/concurso-sefa-pa-cargos\/\"]}]},{\"@type\":\"ImageObject\",\"inLanguage\":\"pt-BR\",\"@id\":\"https:\/\/www.estrategiaconcursos.com.br\/blog\/concurso-sefa-pa-cargos\/#primaryimage\",\"url\":\"https:\/\/dhg1h5j42swfq.cloudfront.net\/2021\/09\/03113134\/sefa-pa.jpg\",\"contentUrl\":\"https:\/\/dhg1h5j42swfq.cloudfront.net\/2021\/09\/03113134\/sefa-pa.jpg\",\"width\":1024,\"height\":536,\"caption\":\"Concurso Sefa PA resultado definitivo\"},{\"@type\":\"BreadcrumbList\",\"@id\":\"https:\/\/www.estrategiaconcursos.com.br\/blog\/concurso-sefa-pa-cargos\/#breadcrumb\",\"itemListElement\":[{\"@type\":\"ListItem\",\"position\":1,\"name\":\"In\u00edcio\",\"item\":\"https:\/\/www.estrategiaconcursos.com.br\/blog\/\"},{\"@type\":\"ListItem\",\"position\":2,\"name\":\"Concurso Sefa PA: distribui\u00e7\u00e3o das vagas por cargo e lota\u00e7\u00e3o\"}]},{\"@type\":\"WebSite\",\"@id\":\"https:\/\/www.estrategiaconcursos.com.br\/blog\/#website\",\"url\":\"https:\/\/www.estrategiaconcursos.com.br\/blog\/\",\"name\":\"Estrat\u00e9gia Concursos\",\"description\":\"O blog da Estrat\u00e9gia Concursos traz not\u00edcias sobre concursos e artigos de professores oferecendo cursos para concursos (pdf + videaulas) no site.\",\"publisher\":{\"@id\":\"https:\/\/www.estrategiaconcursos.com.br\/blog\/#organization\"},\"potentialAction\":[{\"@type\":\"SearchAction\",\"target\":{\"@type\":\"EntryPoint\",\"urlTemplate\":\"https:\/\/www.estrategiaconcursos.com.br\/blog\/?s={search_term_string}\"},\"query-input\":{\"@type\":\"PropertyValueSpecification\",\"valueRequired\":true,\"valueName\":\"search_term_string\"}}],\"inLanguage\":\"pt-BR\"},{\"@type\":\"Organization\",\"@id\":\"https:\/\/www.estrategiaconcursos.com.br\/blog\/#organization\",\"name\":\"Estrat\u00e9gia Concursos\",\"url\":\"https:\/\/www.estrategiaconcursos.com.br\/blog\/\",\"logo\":{\"@type\":\"ImageObject\",\"inLanguage\":\"pt-BR\",\"@id\":\"https:\/\/www.estrategiaconcursos.com.br\/blog\/#\/schema\/logo\/image\/\",\"url\":\"https:\/\/dhg1h5j42swfq.cloudfront.net\/2025\/06\/03203428\/logo_concursos-1.jpg\",\"contentUrl\":\"https:\/\/dhg1h5j42swfq.cloudfront.net\/2025\/06\/03203428\/logo_concursos-1.jpg\",\"width\":230,\"height\":60,\"caption\":\"Estrat\u00e9gia Concursos\"},\"image\":{\"@id\":\"https:\/\/www.estrategiaconcursos.com.br\/blog\/#\/schema\/logo\/image\/\"},\"sameAs\":[\"https:\/\/x.com\/EstratConcursos\"]},{\"@type\":\"Person\",\"@id\":\"https:\/\/www.estrategiaconcursos.com.br\/blog\/#\/schema\/person\/e3b6b7ce0192dd4ad270655969d61750\",\"name\":\"F\u00e1bio Scaldelai\",\"image\":{\"@type\":\"ImageObject\",\"inLanguage\":\"pt-BR\",\"@id\":\"https:\/\/secure.gravatar.com\/avatar\/8ed7492c4d88d8495bc0cb24cda6847b8ae23eec459a919e08e77d0ca0fd79ec?s=96&d=mm&r=g\",\"url\":\"https:\/\/secure.gravatar.com\/avatar\/8ed7492c4d88d8495bc0cb24cda6847b8ae23eec459a919e08e77d0ca0fd79ec?s=96&d=mm&r=g\",\"contentUrl\":\"https:\/\/secure.gravatar.com\/avatar\/8ed7492c4d88d8495bc0cb24cda6847b8ae23eec459a919e08e77d0ca0fd79ec?s=96&d=mm&r=g\",\"caption\":\"F\u00e1bio Scaldelai\"},\"description\":\"Jornalista no Estrat\u00e9gia Concursos e Produtor de Televis\u00e3o, formado em Jornalismo, R\u00e1dio e TV pela Faculdade Integrada Rio Branco, com especializa\u00e7\u00f5es em Gest\u00e3o Empresarial e Marketing pelo M\u00f3dulo. Atuou como produtor no SBT, TV Bandeirantes e R\u00e1dio Band FM, al\u00e9m de acumular tr\u00eas anos de experi\u00eancia no setor de concursos p\u00fablicos pela LFG (Luiz Fl\u00e1vio Gomes). No Estrat\u00e9gia Concursos, atua na apura\u00e7\u00e3o de not\u00edcias da \u00e1rea fiscal, al\u00e9m de coberturas sobre concursos das \u00e1reas de controle (TCU, TCE, etc), concurso AFT, \u00e1rea de gest\u00e3o e administrativa, bem como dos \u00f3rg\u00e3os participantes do CNU. Tamb\u00e9m possui experi\u00eancia em link building e an\u00e1lise de m\u00eddia, adquirida durante sua atua\u00e7\u00e3o na ag\u00eancia SEO Marketing.\",\"url\":\"https:\/\/www.estrategiaconcursos.com.br\/blog\/author\/fabio-scaldelaiestrategiaconcursos-com-br\/\"}]}<\/script>\n<!-- \/ Yoast SEO Premium plugin. -->","yoast_head_json":{"title":"Concurso Sefa PA: distribui\u00e7\u00e3o das vagas por cargo e lota\u00e7\u00e3o","description":"Concurso Sefa PA: confira a distribui\u00e7\u00e3o das vagas por cargo e lota\u00e7\u00e3o. S\u00e3o 200 oportunidades entre imediatas e cadastro reserva. Veja!","robots":{"index":"index","follow":"follow","max-snippet":"max-snippet:-1","max-image-preview":"max-image-preview:large","max-video-preview":"max-video-preview:-1"},"canonical":"https:\/\/www.estrategiaconcursos.com.br\/blog\/concurso-sefa-pa-cargos\/","og_locale":"pt_BR","og_type":"article","og_title":"Concurso Sefa PA: distribui\u00e7\u00e3o das vagas por cargo e lota\u00e7\u00e3o","og_description":"Concurso Sefa PA: confira a distribui\u00e7\u00e3o das vagas por cargo e lota\u00e7\u00e3o. S\u00e3o 200 oportunidades entre imediatas e cadastro reserva. Veja!","og_url":"https:\/\/www.estrategiaconcursos.com.br\/blog\/concurso-sefa-pa-cargos\/","og_site_name":"Estrat\u00e9gia Concursos","article_published_time":"2021-12-22T14:06:16+00:00","article_modified_time":"2021-12-22T23:00:55+00:00","og_image":[{"width":1024,"height":536,"url":"https:\/\/dhg1h5j42swfq.cloudfront.net\/2021\/09\/03113134\/sefa-pa.jpg","type":"image\/jpeg"}],"author":"F\u00e1bio Scaldelai","twitter_card":"summary_large_image","twitter_creator":"@EstratConcursos","twitter_site":"@EstratConcursos","twitter_misc":{"Escrito por":"F\u00e1bio Scaldelai","Est. tempo de leitura":"3 minutos"},"schema":{"@context":"https:\/\/schema.org","@graph":[{"@type":"NewsArticle","@id":"https:\/\/www.estrategiaconcursos.com.br\/blog\/concurso-sefa-pa-cargos\/#article","isPartOf":{"@id":"https:\/\/www.estrategiaconcursos.com.br\/blog\/concurso-sefa-pa-cargos\/"},"author":{"name":"F\u00e1bio Scaldelai","@id":"https:\/\/www.estrategiaconcursos.com.br\/blog\/#\/schema\/person\/e3b6b7ce0192dd4ad270655969d61750"},"headline":"Concurso Sefa PA: distribui\u00e7\u00e3o das vagas por cargo e lota\u00e7\u00e3o","datePublished":"2021-12-22T14:06:16+00:00","dateModified":"2021-12-22T23:00:55+00:00","mainEntityOfPage":{"@id":"https:\/\/www.estrategiaconcursos.com.br\/blog\/concurso-sefa-pa-cargos\/"},"wordCount":322,"commentCount":0,"publisher":{"@id":"https:\/\/www.estrategiaconcursos.com.br\/blog\/#organization"},"image":{"@id":"https:\/\/www.estrategiaconcursos.com.br\/blog\/concurso-sefa-pa-cargos\/#primaryimage"},"thumbnailUrl":"https:\/\/dhg1h5j42swfq.cloudfront.net\/2021\/09\/03113134\/sefa-pa.jpg","articleSection":["Fiscal - Estadual (ICMS)","\u00daltimas not\u00edcias"],"inLanguage":"pt-BR","potentialAction":[{"@type":"CommentAction","name":"Comment","target":["https:\/\/www.estrategiaconcursos.com.br\/blog\/concurso-sefa-pa-cargos\/#respond"]}],"copyrightYear":"2021","copyrightHolder":{"@id":"https:\/\/www.estrategiaconcursos.com.br\/blog\/#organization"}},{"@type":"WebPage","@id":"https:\/\/www.estrategiaconcursos.com.br\/blog\/concurso-sefa-pa-cargos\/","url":"https:\/\/www.estrategiaconcursos.com.br\/blog\/concurso-sefa-pa-cargos\/","name":"Concurso Sefa PA: distribui\u00e7\u00e3o das vagas por cargo e lota\u00e7\u00e3o","isPartOf":{"@id":"https:\/\/www.estrategiaconcursos.com.br\/blog\/#website"},"primaryImageOfPage":{"@id":"https:\/\/www.estrategiaconcursos.com.br\/blog\/concurso-sefa-pa-cargos\/#primaryimage"},"image":{"@id":"https:\/\/www.estrategiaconcursos.com.br\/blog\/concurso-sefa-pa-cargos\/#primaryimage"},"thumbnailUrl":"https:\/\/dhg1h5j42swfq.cloudfront.net\/2021\/09\/03113134\/sefa-pa.jpg","datePublished":"2021-12-22T14:06:16+00:00","dateModified":"2021-12-22T23:00:55+00:00","description":"Concurso Sefa PA: confira a distribui\u00e7\u00e3o das vagas por cargo e lota\u00e7\u00e3o. S\u00e3o 200 oportunidades entre imediatas e cadastro reserva. Veja!","breadcrumb":{"@id":"https:\/\/www.estrategiaconcursos.com.br\/blog\/concurso-sefa-pa-cargos\/#breadcrumb"},"inLanguage":"pt-BR","potentialAction":[{"@type":"ReadAction","target":["https:\/\/www.estrategiaconcursos.com.br\/blog\/concurso-sefa-pa-cargos\/"]}]},{"@type":"ImageObject","inLanguage":"pt-BR","@id":"https:\/\/www.estrategiaconcursos.com.br\/blog\/concurso-sefa-pa-cargos\/#primaryimage","url":"https:\/\/dhg1h5j42swfq.cloudfront.net\/2021\/09\/03113134\/sefa-pa.jpg","contentUrl":"https:\/\/dhg1h5j42swfq.cloudfront.net\/2021\/09\/03113134\/sefa-pa.jpg","width":1024,"height":536,"caption":"Concurso Sefa PA resultado definitivo"},{"@type":"BreadcrumbList","@id":"https:\/\/www.estrategiaconcursos.com.br\/blog\/concurso-sefa-pa-cargos\/#breadcrumb","itemListElement":[{"@type":"ListItem","position":1,"name":"In\u00edcio","item":"https:\/\/www.estrategiaconcursos.com.br\/blog\/"},{"@type":"ListItem","position":2,"name":"Concurso Sefa PA: distribui\u00e7\u00e3o das vagas por cargo e lota\u00e7\u00e3o"}]},{"@type":"WebSite","@id":"https:\/\/www.estrategiaconcursos.com.br\/blog\/#website","url":"https:\/\/www.estrategiaconcursos.com.br\/blog\/","name":"Estrat\u00e9gia Concursos","description":"O blog da Estrat\u00e9gia Concursos traz not\u00edcias sobre concursos e artigos de professores oferecendo cursos para concursos (pdf + videaulas) no site.","publisher":{"@id":"https:\/\/www.estrategiaconcursos.com.br\/blog\/#organization"},"potentialAction":[{"@type":"SearchAction","target":{"@type":"EntryPoint","urlTemplate":"https:\/\/www.estrategiaconcursos.com.br\/blog\/?s={search_term_string}"},"query-input":{"@type":"PropertyValueSpecification","valueRequired":true,"valueName":"search_term_string"}}],"inLanguage":"pt-BR"},{"@type":"Organization","@id":"https:\/\/www.estrategiaconcursos.com.br\/blog\/#organization","name":"Estrat\u00e9gia Concursos","url":"https:\/\/www.estrategiaconcursos.com.br\/blog\/","logo":{"@type":"ImageObject","inLanguage":"pt-BR","@id":"https:\/\/www.estrategiaconcursos.com.br\/blog\/#\/schema\/logo\/image\/","url":"https:\/\/dhg1h5j42swfq.cloudfront.net\/2025\/06\/03203428\/logo_concursos-1.jpg","contentUrl":"https:\/\/dhg1h5j42swfq.cloudfront.net\/2025\/06\/03203428\/logo_concursos-1.jpg","width":230,"height":60,"caption":"Estrat\u00e9gia Concursos"},"image":{"@id":"https:\/\/www.estrategiaconcursos.com.br\/blog\/#\/schema\/logo\/image\/"},"sameAs":["https:\/\/x.com\/EstratConcursos"]},{"@type":"Person","@id":"https:\/\/www.estrategiaconcursos.com.br\/blog\/#\/schema\/person\/e3b6b7ce0192dd4ad270655969d61750","name":"F\u00e1bio Scaldelai","image":{"@type":"ImageObject","inLanguage":"pt-BR","@id":"https:\/\/secure.gravatar.com\/avatar\/8ed7492c4d88d8495bc0cb24cda6847b8ae23eec459a919e08e77d0ca0fd79ec?s=96&d=mm&r=g","url":"https:\/\/secure.gravatar.com\/avatar\/8ed7492c4d88d8495bc0cb24cda6847b8ae23eec459a919e08e77d0ca0fd79ec?s=96&d=mm&r=g","contentUrl":"https:\/\/secure.gravatar.com\/avatar\/8ed7492c4d88d8495bc0cb24cda6847b8ae23eec459a919e08e77d0ca0fd79ec?s=96&d=mm&r=g","caption":"F\u00e1bio Scaldelai"},"description":"Jornalista no Estrat\u00e9gia Concursos e Produtor de Televis\u00e3o, formado em Jornalismo, R\u00e1dio e TV pela Faculdade Integrada Rio Branco, com especializa\u00e7\u00f5es em Gest\u00e3o Empresarial e Marketing pelo M\u00f3dulo. Atuou como produtor no SBT, TV Bandeirantes e R\u00e1dio Band FM, al\u00e9m de acumular tr\u00eas anos de experi\u00eancia no setor de concursos p\u00fablicos pela LFG (Luiz Fl\u00e1vio Gomes). No Estrat\u00e9gia Concursos, atua na apura\u00e7\u00e3o de not\u00edcias da \u00e1rea fiscal, al\u00e9m de coberturas sobre concursos das \u00e1reas de controle (TCU, TCE, etc), concurso AFT, \u00e1rea de gest\u00e3o e administrativa, bem como dos \u00f3rg\u00e3os participantes do CNU. Tamb\u00e9m possui experi\u00eancia em link building e an\u00e1lise de m\u00eddia, adquirida durante sua atua\u00e7\u00e3o na ag\u00eancia SEO Marketing.","url":"https:\/\/www.estrategiaconcursos.com.br\/blog\/author\/fabio-scaldelaiestrategiaconcursos-com-br\/"}]}},"_links":{"self":[{"href":"https:\/\/www.estrategiaconcursos.com.br\/blog\/wp-json\/wp\/v2\/posts\/934021","targetHints":{"allow":["GET"]}}],"collection":[{"href":"https:\/\/www.estrategiaconcursos.com.br\/blog\/wp-json\/wp\/v2\/posts"}],"about":[{"href":"https:\/\/www.estrategiaconcursos.com.br\/blog\/wp-json\/wp\/v2\/types\/post"}],"author":[{"embeddable":true,"href":"https:\/\/www.estrategiaconcursos.com.br\/blog\/wp-json\/wp\/v2\/users\/656"}],"replies":[{"embeddable":true,"href":"https:\/\/www.estrategiaconcursos.com.br\/blog\/wp-json\/wp\/v2\/comments?post=934021"}],"version-history":[{"count":8,"href":"https:\/\/www.estrategiaconcursos.com.br\/blog\/wp-json\/wp\/v2\/posts\/934021\/revisions"}],"predecessor-version":[{"id":934467,"href":"https:\/\/www.estrategiaconcursos.com.br\/blog\/wp-json\/wp\/v2\/posts\/934021\/revisions\/934467"}],"wp:featuredmedia":[{"embeddable":true,"href":"https:\/\/www.estrategiaconcursos.com.br\/blog\/wp-json\/wp\/v2\/media\/853281"}],"wp:attachment":[{"href":"https:\/\/www.estrategiaconcursos.com.br\/blog\/wp-json\/wp\/v2\/media?parent=934021"}],"wp:term":[{"taxonomy":"category","embeddable":true,"href":"https:\/\/www.estrategiaconcursos.com.br\/blog\/wp-json\/wp\/v2\/categories?post=934021"},{"taxonomy":"post_tag","embeddable":true,"href":"https:\/\/www.estrategiaconcursos.com.br\/blog\/wp-json\/wp\/v2\/tags?post=934021"},{"taxonomy":"tax_estado","embeddable":true,"href":"https:\/\/www.estrategiaconcursos.com.br\/blog\/wp-json\/wp\/v2\/tax_estado?post=934021"}],"curies":[{"name":"wp","href":"https:\/\/api.w.org\/{rel}","templated":true}]}}