{"id":931764,"date":"2026-04-13T19:06:39","date_gmt":"2026-04-13T22:06:39","guid":{"rendered":"https:\/\/www.estrategiaconcursos.com.br\/blog\/?p=931764"},"modified":"2026-04-14T14:28:52","modified_gmt":"2026-04-14T17:28:52","slug":"concurso-sema-ap","status":"publish","type":"post","link":"https:\/\/www.estrategiaconcursos.com.br\/blog\/concurso-sema-ap\/","title":{"rendered":"Concurso SEMA AP: iniciados os estudos para novo edital!"},"content":{"rendered":"\n<p>De forma exclusiva, o time de jornalismo do Estrat\u00e9gia foi informado pela secret\u00e1ria de Estado de Administra\u00e7\u00e3o, Cinthya Mendes, que foram iniciados novos estudos para um novo <strong>concurso da Secretaria de Meio Ambiente e Recursos Naturais do Amap\u00e1<\/strong> <strong>(SEMA PA)<\/strong>.<\/p>\n\n\n\n<p>Com isso, abre-se a possibilidade de um edital de abertura ser lan\u00e7ado ainda em 2026, uma vez que o certame est\u00e1 previsto desde <strong>2022<\/strong>.<\/p>\n\n\n\n<p>Na \u00e9poca, o ex-governador do estado havia anunciado um novo concurso para a reposi\u00e7\u00e3o de vagas, mas a sele\u00e7\u00e3o n\u00e3o p\u00f4de ser realizada.<\/p>\n\n\n\n<p>Em 2024, houve at\u00e9 a institui\u00e7\u00e3o de uma <a href=\"https:\/\/dhg1h5j42swfq.cloudfront.net\/2024\/05\/21191606\/concurso-sema-ap-comissao-formada.pdf\" target=\"_blank\" rel=\"noreferrer noopener nofollow\">comiss\u00e3o organizadora<\/a> que ficou respons\u00e1vel pela elabora\u00e7\u00e3o da justificativa para solicitar a reposi\u00e7\u00e3o de novas vagas na SEMA. Informa\u00e7\u00f5es sobre o edital, no entanto, n\u00e3o foram divulgadas.<\/p>\n\n\n\n<p>Ademais, o \u00faltimo provimento foi realizado por <strong>Processo Seletivo Simplificado<\/strong> em <strong>2021<\/strong>, quando foram contratados <strong>40 profissionais<\/strong> tempor\u00e1rios para cargos de n\u00edvel superior.<\/p>\n\n\n\n<ul class=\"wp-block-list has-very-light-gray-to-cyan-bluish-gray-gradient-background has-background\">\n<li><strong>Secretaria de Estado do Meio Ambiente<\/strong> <strong>do AMAP\u00c1<\/strong><\/li>\n\n\n\n<li><strong>Status:<\/strong> iniciados os estudos<\/li>\n\n\n\n<li><strong>Banca:<\/strong> a definir<\/li>\n\n\n\n<li><strong>Vagas:<\/strong> a definir<\/li>\n\n\n\n<li><strong>Sal\u00e1rio inicial:<\/strong> a definir<\/li>\n\n\n\n<li><strong>Edital:<\/strong> <a href=\"https:\/\/dhg1h5j42swfq.cloudfront.net\/2021\/12\/17153251\/download.pdf\" target=\"_blank\" rel=\"noreferrer noopener nofollow\">PSS SEMA AP 2021<\/a><\/li>\n<\/ul>\n\n\n\n<p>A fim de te deixar sempre bem informado, elaboramos este artigo com as principais informa\u00e7\u00f5es e novidades sobre o concurso SEMA AP. Acompanhe os t\u00f3picos abaixo e n\u00e3o perca nenhum detalhe:<\/p>\n\n\n\n<ul id=\"indice\" class=\"wp-block-list\">\n<li><a href=\"#situacao\"><strong>Situa\u00e7\u00e3o atual do concurso<\/strong><\/a>\n<ul class=\"wp-block-list\">\n<li><a href=\"#iniciados\" type=\"internal\" id=\"#iniciados\">Iniciados os estudos<\/a><\/li>\n\n\n\n<li><a href=\"#comissao\">Comiss\u00e3o formada<\/a><\/li>\n<\/ul>\n<\/li>\n\n\n\n<li><a href=\"#sobre\"><strong>Sobre SEMA AP<\/strong><\/a><\/li>\n\n\n\n<li><a href=\"#ultimo\"><strong>\u00daltimo PSS<\/strong><\/a><\/li>\n\n\n\n<li><a href=\"#curso\"><strong>Cursos e assinaturas<\/strong><\/a><\/li>\n\n\n\n<li><a href=\"#ficha\"><strong>Ficha t\u00e9cnica<\/strong><\/a><\/li>\n<\/ul>\n\n\n\n<div class=\"container\" id=\"boxes\">\n  <div class=\"row\">\n\n    <div class=\"col-sm\">\n      <div class=\"banner-estrategia\" id=\"box-assinatura\">\n        <h3 class=\"titulo-assinatura\">Cursos para concursos<\/h3>\n        <p class=\"subtitulo-assinatura\">Conhe\u00e7a os cursos<\/p>\n        <div class=\"box-botao\">\n          <a class=\"btn-assinatura\" target=\"_blank\" href=\"https:\/\/www.estrategiaconcursos.com.br\/cursos\/\" role=\"button\" rel=\"noopener noreferrer\">Conhe\u00e7a mais<\/a>\n        <\/div>\n      <\/div>\n     \n    <\/div>\n\n  <\/div>\n<\/div>\n\n\n\n<h2 class=\"wp-block-heading\" id=\"situacao\">Situa\u00e7\u00e3o atual do concurso SEMA AP<\/h2>\n\n\n\n<h3 class=\"wp-block-heading\" id=\"estudos\">Iniciados os estudos<\/h3>\n\n\n\n<p>Em entrevista ao jornalismo do Estrat\u00e9gia, a secret\u00e1ria de Estado de Administra\u00e7\u00e3o, Cinthya Mendes, confirmou que foram iniciados os estudos para a realiza\u00e7\u00e3o de um novo concurso.<\/p>\n\n\n<figure class=\"wp-block-embed-youtube wp-block-embed is-type-video is-provider-youtube wp-embed-aspect-16-9 wp-has-aspect-ratio\"><div class=\"lyte-wrapper\" style=\"width:853px;max-width:100%;margin:5px;\"><div class=\"lyMe\" id=\"WYL_etRtBBzClMM\"><div id=\"lyte_etRtBBzClMM\" data-src=\"\/\/i.ytimg.com\/vi\/etRtBBzClMM\/hqdefault.jpg\" class=\"pL\"><div class=\"tC\"><div class=\"tT\"><\/div><\/div><div class=\"play\"><\/div><div class=\"ctrl\"><div class=\"Lctrl\"><\/div><div class=\"Rctrl\"><\/div><\/div><\/div><noscript><a href=\"https:\/\/youtu.be\/etRtBBzClMM\" rel=\"nofollow\"><img loading=\"lazy\" decoding=\"async\" src=\"https:\/\/i.ytimg.com\/vi\/etRtBBzClMM\/0.jpg\" alt=\"YouTube video thumbnail\" width=\"853\" height=\"460\" \/><br \/>Assista a este v\u00eddeo no YouTube<\/a><\/noscript><\/div><\/div><div class=\"lL\" style=\"max-width:100%;width:853px;margin:5px;\"><\/div><figcaption><\/figcaption><\/figure>\n\n\n<h3 class=\"wp-block-heading\" id=\"comissao\">Comiss\u00e3o formada<\/h3>\n\n\n\n<p>Conforme mencionado no in\u00edcio deste artigo, um novo concurso para a Secretaria est\u00e1 sendo cogitado internamente, uma vez que a comiss\u00e3o de estudos precisou entregar um relat\u00f3rio com a justificativa para a realiza\u00e7\u00e3o do certame. <\/p>\n\n\n\n<p>Neste relat\u00f3rio, foi apresentado o demonstrativo de cargos, a quantidade de vagas, requisitos, vencimentos iniciais, atribui\u00e7\u00f5es, etapas do concurso e demais crit\u00e9rios pr\u00e9-estabelecidos.<\/p>\n\n\n\n<p>Desde ent\u00e3o, novas informa\u00e7\u00f5es sobre o concurso n\u00e3o foram divulgadas, a n\u00e3o ser o in\u00edcio dos estudos em 13 de abril de 2026.<\/p>\n\n\n\n<h2 class=\"wp-block-heading\" id=\"sobre\">Sobre o SEMA AP<\/h2>\n\n\n\n<p>A SEMA, \u00f3rg\u00e3o da Administra\u00e7\u00e3o Direta do Poder Executivo do Estado do Amap\u00e1, foi criada para formular e coordenar as pol\u00edticas de Meio Ambiente e fundi\u00e1ria do Estado.<\/p>\n\n\n\n<p>O \u00f3rg\u00e3o realiza um importante trabalho que integra a utiliza\u00e7\u00e3o dos recursos naturais para o desenvolvimento econ\u00f4mico aliado a conserva\u00e7\u00e3o ambiental. <\/p>\n\n\n\n<p>A <a href=\"https:\/\/sema.portal.ap.gov.br\/\" target=\"_blank\" rel=\"noreferrer noopener\">Secretaria<\/a>, por meio da Coordenadoria de Fiscaliza\u00e7\u00e3o e Monitoramento Ambiental (CMFA) realiza a fiscaliza\u00e7\u00e3o ambiental das atividades efetiva e potencialmente degradadoras da qualidade do meio ambiente e recursos h\u00eddricos no Estado do Amap\u00e1 tendo como principais atribui\u00e7\u00f5es o exerc\u00edcio do poder de pol\u00edcia ambiental, a execu\u00e7\u00e3o das pol\u00edticas estaduais, o monitoramento e o controle dos recursos h\u00eddricos e dos produtos e subprodutos da fauna e flora.<\/p>\n\n\n\n<h2 class=\"wp-block-heading\" id=\"ultimo\">\u00daltimo PSS SEMA AP<\/h2>\n\n\n\n<p>A Secretaria de Estado de Meio Ambiente (SEMA AP) realizou o \u00faltimo Processo Seletivo Simplificado (PSS) para contrata\u00e7\u00e3o tempor\u00e1ria de <strong>40 profissionais de n\u00edvel superior<\/strong> no in\u00edcio de dezembro de 2021.<\/p>\n\n\n\n<p>O per\u00edodo de inscri\u00e7\u00f5es foi de 06 a 10 de dezembro, conforme definido no edital. Os candidatos foram avaliados por meio de an\u00e1lise documental curricular. <\/p>\n\n\n\n<hr class=\"wp-block-separator has-css-opacity\"\/>\n\n\n\n<h2 class=\"wp-block-heading has-text-align-center\" id=\"curso\"><em>Quer estudar para o concurso SEMA AP?<\/em><\/h2>\n\n\n\n<div class=\"container\" id=\"boxes\">\n  <div class=\"row\">\n\n    <div class=\"col-sm\">\n      <div class=\"banner-estrategia\" id=\"box-assinatura\">\n        <h3 class=\"titulo-assinatura\">Cursos para concursos<\/h3>\n        <p class=\"subtitulo-assinatura\">Conhe\u00e7a os cursos<\/p>\n        <div class=\"box-botao\">\n          <a class=\"btn-assinatura\" target=\"_blank\" href=\"https:\/\/www.estrategiaconcursos.com.br\/cursos\/\" role=\"button\" rel=\"noopener noreferrer\">Conhe\u00e7a mais<\/a>\n        <\/div>\n      <\/div>\n     \n    <\/div>\n\n  <\/div>\n<\/div>\n\n\n\n<div class=\"container\" id=\"boxes\">\n  <div class=\"row\">\n\n    <div class=\"col-sm\">\n      <div class=\"estrategia\" id=\"box-assinatura\">\n        <h3 class=\"titulo-assinatura\">Assinatura Concursos<\/h3>\n        <p class=\"subtitulo-assinatura\">Assinatura de 1 ano ou 2 anos<\/p>\n        <div class=\"box-botao\">\n          <a class=\"btn-assinatura\" target=\"_blank\" href=\"https:\/\/www.estrategiaconcursos.com.br\/assinaturas\/\" role=\"button\" rel=\"noopener noreferrer\">ASSINE AGORA<\/a>\n        <\/div>\n      <\/div><\/div><\/div><\/div>\n\n\n\n<h2 class=\"wp-block-heading has-text-align-center\" id=\"h-quer-saber-tudo-sobre-concursos-previstos-confira-nossos-artigos\">Quer saber tudo sobre concursos previstos?<br \/>Confira  nossos artigos!<\/h2>\n\n\n\n<ul class=\"wp-block-list\">\n<li><a href=\"https:\/\/www.estrategiaconcursos.com.br\/blog\/concursos-abertos\/\" target=\"_blank\" rel=\"noreferrer noopener\">Concursos Abertos<\/a><\/li>\n\n\n\n<li><a href=\"https:\/\/www.estrategiaconcursos.com.br\/blog\/concurso-ambientais\/\" target=\"_blank\" rel=\"noreferrer noopener\">Concursos Ambientais<\/a><\/li>\n\n\n\n<li><a href=\"https:\/\/www.estrategiaconcursos.com.br\/blog\/concursos-2026\/\" target=\"_blank\" rel=\"noreferrer noopener\">Concursos 2026<\/a><\/li>\n<\/ul>\n\n\n\n<figure class=\"wp-block-image size-large is-resized\"><img loading=\"lazy\" decoding=\"async\" width=\"1024\" height=\"632\" src=\"https:\/\/dhg1h5j42swfq.cloudfront.net\/2025\/06\/27101122\/ficha-tecnica-1-1024x632.png\" alt=\"Informa\u00e7\u00f5es sobre o concurso SEMA AP\" class=\"wp-image-702728\" style=\"width:269px;height:166px\" srcset=\"https:\/\/dhg1h5j42swfq.cloudfront.net\/2025\/06\/27101122\/ficha-tecnica-1-1024x632.png 1024w, https:\/\/dhg1h5j42swfq.cloudfront.net\/2025\/06\/27101122\/ficha-tecnica-1-300x185.png 300w, https:\/\/dhg1h5j42swfq.cloudfront.net\/2025\/06\/27101122\/ficha-tecnica-1-768x474.png 768w, https:\/\/dhg1h5j42swfq.cloudfront.net\/2025\/06\/27101122\/ficha-tecnica-1-1536x948.png 1536w, https:\/\/dhg1h5j42swfq.cloudfront.net\/2025\/06\/27101122\/ficha-tecnica-1-610x377.png 610w, https:\/\/dhg1h5j42swfq.cloudfront.net\/2025\/06\/27101122\/ficha-tecnica-1.png 1571w\" sizes=\"auto, (max-width: 1024px) 100vw, 1024px\" \/><\/figure>\n\n\n\n<h3 class=\"wp-block-heading\" id=\"ficha\">Informa\u00e7\u00f5es do pr\u00f3ximo Concurso SEMA AP<\/h3>\n\n\n\n<ul class=\"wp-block-list\">\n<li><strong>Data prevista<\/strong>: 2026<\/li>\n\n\n\n<li><strong>Vagas<\/strong>: adefinir<\/li>\n\n\n\n<li><strong>Cargos<\/strong>: a definir<\/li>\n\n\n\n<li><strong>Banca<\/strong>: a definir<\/li>\n\n\n\n<li><strong>Escolaridade<\/strong>: a definir<\/li>\n\n\n\n<li><strong>\u00daltimo edital:<\/strong> <a href=\"https:\/\/dhg1h5j42swfq.cloudfront.net\/2021\/12\/17153251\/download.pdf\" target=\"_blank\" rel=\"noreferrer noopener nofollow\">PSS SEMA AP 2021<\/a><\/li>\n<\/ul>\n","protected":false},"excerpt":{"rendered":"<p>De forma exclusiva, o time de jornalismo do Estrat\u00e9gia foi informado pela secret\u00e1ria de Estado de Administra\u00e7\u00e3o, Cinthya Mendes, que foram iniciados novos estudos para um novo concurso da Secretaria de Meio Ambiente e Recursos Naturais do Amap\u00e1 (SEMA PA). Com isso, abre-se a possibilidade de um edital de abertura ser lan\u00e7ado ainda em 2026, [&hellip;]<\/p>\n","protected":false},"author":1,"featured_media":1402469,"comment_status":"open","ping_status":"closed","sticky":false,"template":"","format":"standard","meta":{"post_tipo":"news_page","footnotes":""},"categories":[214992],"tags":[],"tax_estado":[219967],"class_list":["post-931764","post","type-post","status-publish","format-standard","has-post-thumbnail","hentry","category-concursos-administrativos","tax_estado-ap"],"acf":[],"yoast_head":"<!-- This site is optimized with the Yoast SEO Premium plugin v27.2 (Yoast SEO v27.2) - https:\/\/yoast.com\/product\/yoast-seo-premium-wordpress\/ -->\n<title>Concurso SEMA AP: iniciados os estudos para novo edital!<\/title>\n<meta name=\"description\" content=\"Concurso SEMA AP est\u00e1 previsto para 2026 ap\u00f3s o in\u00edcio dos estudos de viabiliza\u00e7\u00e3o do novo edital. Saiba os detalhes!\" \/>\n<meta name=\"robots\" content=\"index, follow, max-snippet:-1, max-image-preview:large, max-video-preview:-1\" \/>\n<link rel=\"canonical\" href=\"https:\/\/www.estrategiaconcursos.com.br\/blog\/concurso-sema-ap\/\" \/>\n<meta property=\"og:locale\" content=\"pt_BR\" \/>\n<meta property=\"og:type\" content=\"article\" \/>\n<meta property=\"og:title\" content=\"Concurso SEMA AP: iniciados os estudos para novo edital!\" \/>\n<meta property=\"og:description\" content=\"Concurso SEMA AP est\u00e1 previsto para 2026 ap\u00f3s o in\u00edcio dos estudos de viabiliza\u00e7\u00e3o do novo edital. Saiba os detalhes!\" \/>\n<meta property=\"og:url\" content=\"https:\/\/www.estrategiaconcursos.com.br\/blog\/concurso-sema-ap\/\" \/>\n<meta property=\"og:site_name\" content=\"Estrat\u00e9gia Concursos\" \/>\n<meta property=\"article:author\" content=\"https:\/\/www.facebook.com\/EstrategiaConcursos\" \/>\n<meta property=\"article:published_time\" content=\"2026-04-13T22:06:39+00:00\" \/>\n<meta property=\"article:modified_time\" content=\"2026-04-14T17:28:52+00:00\" \/>\n<meta property=\"og:image\" content=\"https:\/\/dhg1h5j42swfq.cloudfront.net\/2024\/05\/21194108\/sema-ap.jpg\" \/>\n\t<meta property=\"og:image:width\" content=\"768\" \/>\n\t<meta property=\"og:image:height\" content=\"432\" \/>\n\t<meta property=\"og:image:type\" content=\"image\/jpeg\" \/>\n<meta name=\"author\" content=\"Coordena\u00e7\u00e3o\" \/>\n<meta name=\"twitter:card\" content=\"summary_large_image\" \/>\n<meta name=\"twitter:creator\" content=\"@EstratConcursos\" \/>\n<meta name=\"twitter:site\" content=\"@EstratConcursos\" \/>\n<meta name=\"twitter:label1\" content=\"Escrito por\" \/>\n\t<meta name=\"twitter:data1\" content=\"Coordena\u00e7\u00e3o\" \/>\n\t<meta name=\"twitter:label2\" content=\"Est. tempo de leitura\" \/>\n\t<meta name=\"twitter:data2\" content=\"3 minutos\" \/>\n<script type=\"application\/ld+json\" class=\"yoast-schema-graph\">{\"@context\":\"https:\/\/schema.org\",\"@graph\":[{\"@type\":\"NewsArticle\",\"@id\":\"https:\/\/www.estrategiaconcursos.com.br\/blog\/concurso-sema-ap\/#article\",\"isPartOf\":{\"@id\":\"https:\/\/www.estrategiaconcursos.com.br\/blog\/concurso-sema-ap\/\"},\"author\":{\"name\":\"Coordena\u00e7\u00e3o\",\"@id\":\"https:\/\/www.estrategiaconcursos.com.br\/blog\/#\/schema\/person\/b4a388c97673c5f483d72185668afa1f\"},\"headline\":\"Concurso SEMA AP: iniciados os estudos para novo edital!\",\"datePublished\":\"2026-04-13T22:06:39+00:00\",\"dateModified\":\"2026-04-14T17:28:52+00:00\",\"mainEntityOfPage\":{\"@id\":\"https:\/\/www.estrategiaconcursos.com.br\/blog\/concurso-sema-ap\/\"},\"wordCount\":668,\"commentCount\":0,\"publisher\":{\"@id\":\"https:\/\/www.estrategiaconcursos.com.br\/blog\/#organization\"},\"image\":{\"@id\":\"https:\/\/www.estrategiaconcursos.com.br\/blog\/concurso-sema-ap\/#primaryimage\"},\"thumbnailUrl\":\"https:\/\/dhg1h5j42swfq.cloudfront.net\/2024\/05\/21194108\/sema-ap.jpg\",\"articleSection\":[\"Executivo (Administrativa)\"],\"inLanguage\":\"pt-BR\",\"potentialAction\":[{\"@type\":\"CommentAction\",\"name\":\"Comment\",\"target\":[\"https:\/\/www.estrategiaconcursos.com.br\/blog\/concurso-sema-ap\/#respond\"]}],\"copyrightYear\":\"2026\",\"copyrightHolder\":{\"@id\":\"https:\/\/www.estrategiaconcursos.com.br\/blog\/#organization\"}},{\"@type\":\"WebPage\",\"@id\":\"https:\/\/www.estrategiaconcursos.com.br\/blog\/concurso-sema-ap\/\",\"url\":\"https:\/\/www.estrategiaconcursos.com.br\/blog\/concurso-sema-ap\/\",\"name\":\"Concurso SEMA AP: iniciados os estudos para novo edital!\",\"isPartOf\":{\"@id\":\"https:\/\/www.estrategiaconcursos.com.br\/blog\/#website\"},\"primaryImageOfPage\":{\"@id\":\"https:\/\/www.estrategiaconcursos.com.br\/blog\/concurso-sema-ap\/#primaryimage\"},\"image\":{\"@id\":\"https:\/\/www.estrategiaconcursos.com.br\/blog\/concurso-sema-ap\/#primaryimage\"},\"thumbnailUrl\":\"https:\/\/dhg1h5j42swfq.cloudfront.net\/2024\/05\/21194108\/sema-ap.jpg\",\"datePublished\":\"2026-04-13T22:06:39+00:00\",\"dateModified\":\"2026-04-14T17:28:52+00:00\",\"description\":\"Concurso SEMA AP est\u00e1 previsto para 2026 ap\u00f3s o in\u00edcio dos estudos de viabiliza\u00e7\u00e3o do novo edital. Saiba os detalhes!\",\"breadcrumb\":{\"@id\":\"https:\/\/www.estrategiaconcursos.com.br\/blog\/concurso-sema-ap\/#breadcrumb\"},\"inLanguage\":\"pt-BR\",\"potentialAction\":[{\"@type\":\"ReadAction\",\"target\":[\"https:\/\/www.estrategiaconcursos.com.br\/blog\/concurso-sema-ap\/\"]}]},{\"@type\":\"ImageObject\",\"inLanguage\":\"pt-BR\",\"@id\":\"https:\/\/www.estrategiaconcursos.com.br\/blog\/concurso-sema-ap\/#primaryimage\",\"url\":\"https:\/\/dhg1h5j42swfq.cloudfront.net\/2024\/05\/21194108\/sema-ap.jpg\",\"contentUrl\":\"https:\/\/dhg1h5j42swfq.cloudfront.net\/2024\/05\/21194108\/sema-ap.jpg\",\"width\":768,\"height\":432},{\"@type\":\"BreadcrumbList\",\"@id\":\"https:\/\/www.estrategiaconcursos.com.br\/blog\/concurso-sema-ap\/#breadcrumb\",\"itemListElement\":[{\"@type\":\"ListItem\",\"position\":1,\"name\":\"In\u00edcio\",\"item\":\"https:\/\/www.estrategiaconcursos.com.br\/blog\/\"},{\"@type\":\"ListItem\",\"position\":2,\"name\":\"Concurso SEMA AP: iniciados os estudos para novo edital!\"}]},{\"@type\":\"WebSite\",\"@id\":\"https:\/\/www.estrategiaconcursos.com.br\/blog\/#website\",\"url\":\"https:\/\/www.estrategiaconcursos.com.br\/blog\/\",\"name\":\"Estrat\u00e9gia Concursos\",\"description\":\"O blog da Estrat\u00e9gia Concursos traz not\u00edcias sobre concursos e artigos de professores oferecendo cursos para concursos (pdf + videaulas) no site.\",\"publisher\":{\"@id\":\"https:\/\/www.estrategiaconcursos.com.br\/blog\/#organization\"},\"potentialAction\":[{\"@type\":\"SearchAction\",\"target\":{\"@type\":\"EntryPoint\",\"urlTemplate\":\"https:\/\/www.estrategiaconcursos.com.br\/blog\/?s={search_term_string}\"},\"query-input\":{\"@type\":\"PropertyValueSpecification\",\"valueRequired\":true,\"valueName\":\"search_term_string\"}}],\"inLanguage\":\"pt-BR\"},{\"@type\":\"Organization\",\"@id\":\"https:\/\/www.estrategiaconcursos.com.br\/blog\/#organization\",\"name\":\"Estrat\u00e9gia Concursos\",\"url\":\"https:\/\/www.estrategiaconcursos.com.br\/blog\/\",\"logo\":{\"@type\":\"ImageObject\",\"inLanguage\":\"pt-BR\",\"@id\":\"https:\/\/www.estrategiaconcursos.com.br\/blog\/#\/schema\/logo\/image\/\",\"url\":\"https:\/\/dhg1h5j42swfq.cloudfront.net\/2025\/06\/03203428\/logo_concursos-1.jpg\",\"contentUrl\":\"https:\/\/dhg1h5j42swfq.cloudfront.net\/2025\/06\/03203428\/logo_concursos-1.jpg\",\"width\":230,\"height\":60,\"caption\":\"Estrat\u00e9gia Concursos\"},\"image\":{\"@id\":\"https:\/\/www.estrategiaconcursos.com.br\/blog\/#\/schema\/logo\/image\/\"},\"sameAs\":[\"https:\/\/x.com\/EstratConcursos\"]},{\"@type\":\"Person\",\"@id\":\"https:\/\/www.estrategiaconcursos.com.br\/blog\/#\/schema\/person\/b4a388c97673c5f483d72185668afa1f\",\"name\":\"Coordena\u00e7\u00e3o\",\"image\":{\"@type\":\"ImageObject\",\"inLanguage\":\"pt-BR\",\"@id\":\"https:\/\/secure.gravatar.com\/avatar\/b720319e4c9a967eb58678d110f4fe35452fc5d5f97b202bac7b8acceb18c6ad?s=96&d=mm&r=g\",\"url\":\"https:\/\/secure.gravatar.com\/avatar\/b720319e4c9a967eb58678d110f4fe35452fc5d5f97b202bac7b8acceb18c6ad?s=96&d=mm&r=g\",\"contentUrl\":\"https:\/\/secure.gravatar.com\/avatar\/b720319e4c9a967eb58678d110f4fe35452fc5d5f97b202bac7b8acceb18c6ad?s=96&d=mm&r=g\",\"caption\":\"Coordena\u00e7\u00e3o\"},\"sameAs\":[\"https:\/\/www.facebook.com\/EstrategiaConcursos\",\"https:\/\/x.com\/EstratConcursos\"],\"url\":\"https:\/\/www.estrategiaconcursos.com.br\/blog\/author\/estrategia2013\/\"}]}<\/script>\n<!-- \/ Yoast SEO Premium plugin. -->","yoast_head_json":{"title":"Concurso SEMA AP: iniciados os estudos para novo edital!","description":"Concurso SEMA AP est\u00e1 previsto para 2026 ap\u00f3s o in\u00edcio dos estudos de viabiliza\u00e7\u00e3o do novo edital. Saiba os detalhes!","robots":{"index":"index","follow":"follow","max-snippet":"max-snippet:-1","max-image-preview":"max-image-preview:large","max-video-preview":"max-video-preview:-1"},"canonical":"https:\/\/www.estrategiaconcursos.com.br\/blog\/concurso-sema-ap\/","og_locale":"pt_BR","og_type":"article","og_title":"Concurso SEMA AP: iniciados os estudos para novo edital!","og_description":"Concurso SEMA AP est\u00e1 previsto para 2026 ap\u00f3s o in\u00edcio dos estudos de viabiliza\u00e7\u00e3o do novo edital. Saiba os detalhes!","og_url":"https:\/\/www.estrategiaconcursos.com.br\/blog\/concurso-sema-ap\/","og_site_name":"Estrat\u00e9gia Concursos","article_author":"https:\/\/www.facebook.com\/EstrategiaConcursos","article_published_time":"2026-04-13T22:06:39+00:00","article_modified_time":"2026-04-14T17:28:52+00:00","og_image":[{"width":768,"height":432,"url":"https:\/\/dhg1h5j42swfq.cloudfront.net\/2024\/05\/21194108\/sema-ap.jpg","type":"image\/jpeg"}],"author":"Coordena\u00e7\u00e3o","twitter_card":"summary_large_image","twitter_creator":"@EstratConcursos","twitter_site":"@EstratConcursos","twitter_misc":{"Escrito por":"Coordena\u00e7\u00e3o","Est. tempo de leitura":"3 minutos"},"schema":{"@context":"https:\/\/schema.org","@graph":[{"@type":"NewsArticle","@id":"https:\/\/www.estrategiaconcursos.com.br\/blog\/concurso-sema-ap\/#article","isPartOf":{"@id":"https:\/\/www.estrategiaconcursos.com.br\/blog\/concurso-sema-ap\/"},"author":{"name":"Coordena\u00e7\u00e3o","@id":"https:\/\/www.estrategiaconcursos.com.br\/blog\/#\/schema\/person\/b4a388c97673c5f483d72185668afa1f"},"headline":"Concurso SEMA AP: iniciados os estudos para novo edital!","datePublished":"2026-04-13T22:06:39+00:00","dateModified":"2026-04-14T17:28:52+00:00","mainEntityOfPage":{"@id":"https:\/\/www.estrategiaconcursos.com.br\/blog\/concurso-sema-ap\/"},"wordCount":668,"commentCount":0,"publisher":{"@id":"https:\/\/www.estrategiaconcursos.com.br\/blog\/#organization"},"image":{"@id":"https:\/\/www.estrategiaconcursos.com.br\/blog\/concurso-sema-ap\/#primaryimage"},"thumbnailUrl":"https:\/\/dhg1h5j42swfq.cloudfront.net\/2024\/05\/21194108\/sema-ap.jpg","articleSection":["Executivo (Administrativa)"],"inLanguage":"pt-BR","potentialAction":[{"@type":"CommentAction","name":"Comment","target":["https:\/\/www.estrategiaconcursos.com.br\/blog\/concurso-sema-ap\/#respond"]}],"copyrightYear":"2026","copyrightHolder":{"@id":"https:\/\/www.estrategiaconcursos.com.br\/blog\/#organization"}},{"@type":"WebPage","@id":"https:\/\/www.estrategiaconcursos.com.br\/blog\/concurso-sema-ap\/","url":"https:\/\/www.estrategiaconcursos.com.br\/blog\/concurso-sema-ap\/","name":"Concurso SEMA AP: iniciados os estudos para novo edital!","isPartOf":{"@id":"https:\/\/www.estrategiaconcursos.com.br\/blog\/#website"},"primaryImageOfPage":{"@id":"https:\/\/www.estrategiaconcursos.com.br\/blog\/concurso-sema-ap\/#primaryimage"},"image":{"@id":"https:\/\/www.estrategiaconcursos.com.br\/blog\/concurso-sema-ap\/#primaryimage"},"thumbnailUrl":"https:\/\/dhg1h5j42swfq.cloudfront.net\/2024\/05\/21194108\/sema-ap.jpg","datePublished":"2026-04-13T22:06:39+00:00","dateModified":"2026-04-14T17:28:52+00:00","description":"Concurso SEMA AP est\u00e1 previsto para 2026 ap\u00f3s o in\u00edcio dos estudos de viabiliza\u00e7\u00e3o do novo edital. Saiba os detalhes!","breadcrumb":{"@id":"https:\/\/www.estrategiaconcursos.com.br\/blog\/concurso-sema-ap\/#breadcrumb"},"inLanguage":"pt-BR","potentialAction":[{"@type":"ReadAction","target":["https:\/\/www.estrategiaconcursos.com.br\/blog\/concurso-sema-ap\/"]}]},{"@type":"ImageObject","inLanguage":"pt-BR","@id":"https:\/\/www.estrategiaconcursos.com.br\/blog\/concurso-sema-ap\/#primaryimage","url":"https:\/\/dhg1h5j42swfq.cloudfront.net\/2024\/05\/21194108\/sema-ap.jpg","contentUrl":"https:\/\/dhg1h5j42swfq.cloudfront.net\/2024\/05\/21194108\/sema-ap.jpg","width":768,"height":432},{"@type":"BreadcrumbList","@id":"https:\/\/www.estrategiaconcursos.com.br\/blog\/concurso-sema-ap\/#breadcrumb","itemListElement":[{"@type":"ListItem","position":1,"name":"In\u00edcio","item":"https:\/\/www.estrategiaconcursos.com.br\/blog\/"},{"@type":"ListItem","position":2,"name":"Concurso SEMA AP: iniciados os estudos para novo edital!"}]},{"@type":"WebSite","@id":"https:\/\/www.estrategiaconcursos.com.br\/blog\/#website","url":"https:\/\/www.estrategiaconcursos.com.br\/blog\/","name":"Estrat\u00e9gia Concursos","description":"O blog da Estrat\u00e9gia Concursos traz not\u00edcias sobre concursos e artigos de professores oferecendo cursos para concursos (pdf + videaulas) no site.","publisher":{"@id":"https:\/\/www.estrategiaconcursos.com.br\/blog\/#organization"},"potentialAction":[{"@type":"SearchAction","target":{"@type":"EntryPoint","urlTemplate":"https:\/\/www.estrategiaconcursos.com.br\/blog\/?s={search_term_string}"},"query-input":{"@type":"PropertyValueSpecification","valueRequired":true,"valueName":"search_term_string"}}],"inLanguage":"pt-BR"},{"@type":"Organization","@id":"https:\/\/www.estrategiaconcursos.com.br\/blog\/#organization","name":"Estrat\u00e9gia Concursos","url":"https:\/\/www.estrategiaconcursos.com.br\/blog\/","logo":{"@type":"ImageObject","inLanguage":"pt-BR","@id":"https:\/\/www.estrategiaconcursos.com.br\/blog\/#\/schema\/logo\/image\/","url":"https:\/\/dhg1h5j42swfq.cloudfront.net\/2025\/06\/03203428\/logo_concursos-1.jpg","contentUrl":"https:\/\/dhg1h5j42swfq.cloudfront.net\/2025\/06\/03203428\/logo_concursos-1.jpg","width":230,"height":60,"caption":"Estrat\u00e9gia Concursos"},"image":{"@id":"https:\/\/www.estrategiaconcursos.com.br\/blog\/#\/schema\/logo\/image\/"},"sameAs":["https:\/\/x.com\/EstratConcursos"]},{"@type":"Person","@id":"https:\/\/www.estrategiaconcursos.com.br\/blog\/#\/schema\/person\/b4a388c97673c5f483d72185668afa1f","name":"Coordena\u00e7\u00e3o","image":{"@type":"ImageObject","inLanguage":"pt-BR","@id":"https:\/\/secure.gravatar.com\/avatar\/b720319e4c9a967eb58678d110f4fe35452fc5d5f97b202bac7b8acceb18c6ad?s=96&d=mm&r=g","url":"https:\/\/secure.gravatar.com\/avatar\/b720319e4c9a967eb58678d110f4fe35452fc5d5f97b202bac7b8acceb18c6ad?s=96&d=mm&r=g","contentUrl":"https:\/\/secure.gravatar.com\/avatar\/b720319e4c9a967eb58678d110f4fe35452fc5d5f97b202bac7b8acceb18c6ad?s=96&d=mm&r=g","caption":"Coordena\u00e7\u00e3o"},"sameAs":["https:\/\/www.facebook.com\/EstrategiaConcursos","https:\/\/x.com\/EstratConcursos"],"url":"https:\/\/www.estrategiaconcursos.com.br\/blog\/author\/estrategia2013\/"}]}},"_links":{"self":[{"href":"https:\/\/www.estrategiaconcursos.com.br\/blog\/wp-json\/wp\/v2\/posts\/931764","targetHints":{"allow":["GET"]}}],"collection":[{"href":"https:\/\/www.estrategiaconcursos.com.br\/blog\/wp-json\/wp\/v2\/posts"}],"about":[{"href":"https:\/\/www.estrategiaconcursos.com.br\/blog\/wp-json\/wp\/v2\/types\/post"}],"author":[{"embeddable":true,"href":"https:\/\/www.estrategiaconcursos.com.br\/blog\/wp-json\/wp\/v2\/users\/1"}],"replies":[{"embeddable":true,"href":"https:\/\/www.estrategiaconcursos.com.br\/blog\/wp-json\/wp\/v2\/comments?post=931764"}],"version-history":[{"count":23,"href":"https:\/\/www.estrategiaconcursos.com.br\/blog\/wp-json\/wp\/v2\/posts\/931764\/revisions"}],"predecessor-version":[{"id":1753417,"href":"https:\/\/www.estrategiaconcursos.com.br\/blog\/wp-json\/wp\/v2\/posts\/931764\/revisions\/1753417"}],"wp:featuredmedia":[{"embeddable":true,"href":"https:\/\/www.estrategiaconcursos.com.br\/blog\/wp-json\/wp\/v2\/media\/1402469"}],"wp:attachment":[{"href":"https:\/\/www.estrategiaconcursos.com.br\/blog\/wp-json\/wp\/v2\/media?parent=931764"}],"wp:term":[{"taxonomy":"category","embeddable":true,"href":"https:\/\/www.estrategiaconcursos.com.br\/blog\/wp-json\/wp\/v2\/categories?post=931764"},{"taxonomy":"post_tag","embeddable":true,"href":"https:\/\/www.estrategiaconcursos.com.br\/blog\/wp-json\/wp\/v2\/tags?post=931764"},{"taxonomy":"tax_estado","embeddable":true,"href":"https:\/\/www.estrategiaconcursos.com.br\/blog\/wp-json\/wp\/v2\/tax_estado?post=931764"}],"curies":[{"name":"wp","href":"https:\/\/api.w.org\/{rel}","templated":true}]}}