{"id":931383,"date":"2021-12-17T10:38:19","date_gmt":"2021-12-17T13:38:19","guid":{"rendered":"https:\/\/www.estrategiaconcursos.com.br\/blog\/?p=931383"},"modified":"2021-12-17T12:20:08","modified_gmt":"2021-12-17T15:20:08","slug":"concurso-pc-am-editais-iminentes-362-vagas","status":"publish","type":"post","link":"https:\/\/www.estrategiaconcursos.com.br\/blog\/concurso-pc-am-editais-iminentes-362-vagas\/","title":{"rendered":"Concurso PC AM: ATEN\u00c7\u00c3O! Editais lan\u00e7ados com 362 vagas!"},"content":{"rendered":"\n<p>O governo do Amazonas <strong>lan\u00e7ou <\/strong>nesta sexta-feira (17) os <strong>editais <\/strong>do concurso p\u00fablico para a Pol\u00edcia Civil do estado <strong>(PC AM)<\/strong> com <strong>362 vagas,<\/strong> que poder\u00e3o ser <strong>PUBLICADOS <\/strong>a qualquer instante. FIQUEM ATENTOS!<\/p>\n\n\n\n<div class=\"wp-block-image\"><figure class=\"aligncenter size-large is-resized\"><img loading=\"lazy\" decoding=\"async\" src=\"https:\/\/dhg1h5j42swfq.cloudfront.net\/2021\/12\/17105342\/image-359-1024x998.png\" alt=\"concurso pc am editais\" class=\"wp-image-931426\" width=\"620\" height=\"604\" srcset=\"https:\/\/dhg1h5j42swfq.cloudfront.net\/2021\/12\/17105342\/image-359-1024x998.png 1024w, https:\/\/dhg1h5j42swfq.cloudfront.net\/2021\/12\/17105342\/image-359-300x292.png 300w, https:\/\/dhg1h5j42swfq.cloudfront.net\/2021\/12\/17105342\/image-359-768x749.png 768w, https:\/\/dhg1h5j42swfq.cloudfront.net\/2021\/12\/17105342\/image-359-610x595.png 610w, https:\/\/dhg1h5j42swfq.cloudfront.net\/2021\/12\/17105342\/image-359.png 1346w\" sizes=\"auto, (max-width: 620px) 100vw, 620px\" \/><figcaption>Concurso PC AM: editais iminentes para 362 vagas | Imagem: @instagram Wilson Lima<\/figcaption><\/figure><\/div>\n\n\n\n<p>Para a delegada-geral Em\u00edlia Ferraz, o concurso \u00e9 uma necessidade antiga do Amazonas e tem por objetivo refor\u00e7ar a seguran\u00e7a da popula\u00e7\u00e3o, avan\u00e7ando com o programa Amazonas Mais Seguro.<\/p>\n\n\n\n<blockquote class=\"wp-block-quote is-layout-flow wp-block-quote-is-layout-flow\"><p><em>\u201cO governador Wilson Lima sempre manifestou o desejo de aumentar o efetivo da PC-AM, melhorando assim a seguran\u00e7a em todo o estado. E finalmente esse momento chegou. Estamos felizes em poder promover esse concurso que, certamente, ser\u00e1 um dos mais concorridos da hist\u00f3ria\u201d<\/em>, afirmou Ferraz.<\/p><\/blockquote>\n\n\n\n<blockquote class=\"wp-block-quote is-layout-flow wp-block-quote-is-layout-flow\"><p><em>\u201cOs aprovados ir\u00e3o iniciar a academia em setembro de 2022 e ela ter\u00e1 dura\u00e7\u00e3o de 90 dias, homologando-se o resultado final ainda em 2022, trazendo para os candidatos, al\u00e9m de clareza, objetividade e seguran\u00e7a, a certeza de que ser\u00e1 um concurso em que passar\u00e1 o mais preparado em cada \u00e1rea\u201d, <\/em>afirmou o delegado Thyago Ten\u00f3rio, diretor da assessoria jur\u00eddica da PC AM.<\/p><\/blockquote>\n\n\n\n<p>A banca FGV ficar\u00e1 respons\u00e1vel pela organiza\u00e7\u00e3o da sele\u00e7\u00e3o, que contar\u00e1 com vagas para os cargos de delegado, investigador, escriv\u00e3o, perito criminal, perito m\u00e9dico-legista e odontolegista.<\/p>\n\n\n\n<p>As vagas ser\u00e3o distribu\u00eddas entre 2 editais e o per\u00edodo de inscri\u00e7\u00f5es ficar\u00e1 entre os dias 03 de janeiro a 1\u00ba de fevereiro de 2022. A aplica\u00e7\u00e3o das provas objetivas e discursivas est\u00e3o previstas para os dias 03 de abril, exceto para o cargo de delegado, que ser\u00e3o aplicadas no dia 10 de abril de 2022 e tamb\u00e9m contar\u00e1 com a realiza\u00e7\u00e3o de pe\u00e7a pr\u00e1tica jur\u00eddica.<\/p>\n\n\n\n<p>O Edital de n\u00ba 1\/2021 ser\u00e1 destinado ao cargo de delegado de pol\u00edcia. Ao todo, ser\u00e3o ofertadas 62 vagas. J\u00e1 o Edital n\u00ba 2\/2021 ser\u00e1 para o provimento de 300 vagas, sendo 27 para perito criminal, 8 para m\u00e9dico-legista, 3 para odontolegista, 62 para escriv\u00e3o e 200 para investigador. <\/p>\n\n\n\n<p>Todos os cargos ofertados exigem forma\u00e7\u00e3o de n\u00edvel superior completo e as remunera\u00e7\u00f5es iniciais variam de R$ 11.281,26 a R$ 20.449,05. <\/p>\n\n\n\n<p>No tocante ao cargo de perito criminal, a concorr\u00eancia ser\u00e1 dividida em especialidades envolvendo os cursos de Farm\u00e1cia, Engenharia Civil, Biologia, Contabilidade, Engenharia Mec\u00e2nica, Qu\u00edmica, Processamento de Dados, Veterin\u00e1ria, F\u00edsica e Economia. Para m\u00e9dico legista, o curso exigido \u00e9 Medicina, com \u00eanfase em Cl\u00ednica Geral.<\/p>\n\n\n\n<p class=\"has-text-align-center\"><strong>Preparamos um artigo completo com mais informa\u00e7\u00f5es sobre o concurso PC AM,<\/strong> <strong>cujos editais encontram-se iminentes.<\/strong><\/p>\n\n\n\n<h3 class=\"has-text-align-center has-cyan-bluish-gray-background-color has-background wp-block-heading\" id=\"h-concurso-pc-am\"><a href=\"https:\/\/www.estrategiaconcursos.com.br\/blog\/concurso-pc-am\/\" target=\"_blank\" rel=\"noreferrer noopener\">Concurso PC AM<\/a><\/h3>\n\n\n\n<h3 class=\"has-text-align-center wp-block-heading\">Quer estudar para PC AM?<\/h3>\n\n\n\n<div class=\"container\" id=\"boxes\">\n  <div class=\"row\"> \n\n    <div class=\"col-sm\">\n      <div class=\"banner-policial\" id=\"box-assinatura\">\n        <h3 class=\"titulo-assinatura\">Concurso PC AM<\/h3>\n        <p class=\"subtitulo-assinatura\">Conhe\u00e7a os cursos<\/p>\n        <div class=\"box-botao\">\n          <a class=\"btn-assinatura\" target=\"_blank\" href=\"https:\/\/www.estrategiaconcursos.com.br\/cursosPorConcurso\/policia-civil-de-amazonas-pc-am\/\" role=\"button\" rel=\"noopener noreferrer\">Conhe\u00e7a mais<\/a>\n        <\/div>\n      <\/div>\n     \n\n  <\/div>\n<\/div><\/div>\n\n\n\n<div class=\"container\" id=\"boxes\">\n  <div class=\"row\">\n\n    <div class=\"col-sm\">\n      <div class=\"estrategia\" id=\"box-assinatura\">\n        <h3 class=\"titulo-assinatura\">Assinatura de Concursos<\/h3>\n        <p class=\"subtitulo-assinatura\">Assinatura de 1 ano ou 2 anos<\/p>\n        <div class=\"box-botao\">\n          <a class=\"btn-assinatura\" target=\"_blank\" href=\"https:\/\/www.estrategiaconcursos.com.br\/assinaturas\/\" role=\"button\" rel=\"noopener noreferrer\">ASSINE AGORA<\/a>\n        <\/div>\n      <\/div>\n     \n    <\/div><\/div><\/div>\n","protected":false},"excerpt":{"rendered":"<p>O governo do Amazonas lan\u00e7ou nesta sexta-feira (17) os editais do concurso p\u00fablico para a Pol\u00edcia Civil do estado (PC AM) com 362 vagas, que poder\u00e3o ser PUBLICADOS a qualquer instante. FIQUEM ATENTOS! Para a delegada-geral Em\u00edlia Ferraz, o concurso \u00e9 uma necessidade antiga do Amazonas e tem por objetivo refor\u00e7ar a seguran\u00e7a da popula\u00e7\u00e3o, [&hellip;]<\/p>\n","protected":false},"author":2134,"featured_media":772567,"comment_status":"open","ping_status":"closed","sticky":false,"template":"","format":"standard","meta":{"post_tipo":"news","footnotes":""},"categories":[220194,1988,220190,220219],"tags":[],"tax_estado":[219966],"class_list":["post-931383","post","type-post","status-publish","format-standard","has-post-thumbnail","hentry","category-delegado","category-policia","category-policial-peritos","category-noticias","tax_estado-am"],"acf":[],"yoast_head":"<!-- This site is optimized with the Yoast SEO Premium plugin v27.2 (Yoast SEO v27.2) - https:\/\/yoast.com\/product\/yoast-seo-premium-wordpress\/ -->\n<title>Concurso PC AM: ATEN\u00c7\u00c3O! Editais lan\u00e7ados com 362 vagas!<\/title>\n<meta name=\"description\" content=\"Concurso PC AM: editais iminentes para 362 vagas, distribu\u00eddas entre diversos cargos de n\u00edvel superior de forma\u00e7\u00e3o. Confira os detalhes!\" \/>\n<meta name=\"robots\" content=\"index, follow, max-snippet:-1, max-image-preview:large, max-video-preview:-1\" \/>\n<link rel=\"canonical\" href=\"https:\/\/www.estrategiaconcursos.com.br\/blog\/concurso-pc-am-editais-iminentes-362-vagas\/\" \/>\n<meta property=\"og:locale\" content=\"pt_BR\" \/>\n<meta property=\"og:type\" content=\"article\" \/>\n<meta property=\"og:title\" content=\"Concurso PC AM: ATEN\u00c7\u00c3O! Editais lan\u00e7ados com 362 vagas!\" \/>\n<meta property=\"og:description\" content=\"Concurso PC AM: editais iminentes para 362 vagas, distribu\u00eddas entre diversos cargos de n\u00edvel superior de forma\u00e7\u00e3o. Confira os detalhes!\" \/>\n<meta property=\"og:url\" content=\"https:\/\/www.estrategiaconcursos.com.br\/blog\/concurso-pc-am-editais-iminentes-362-vagas\/\" \/>\n<meta property=\"og:site_name\" content=\"Estrat\u00e9gia Concursos\" \/>\n<meta property=\"article:published_time\" content=\"2021-12-17T13:38:19+00:00\" \/>\n<meta property=\"article:modified_time\" content=\"2021-12-17T15:20:08+00:00\" \/>\n<meta property=\"og:image\" content=\"https:\/\/dhg1h5j42swfq.cloudfront.net\/2021\/06\/21120554\/pc-am.jpg\" \/>\n\t<meta property=\"og:image:width\" content=\"768\" \/>\n\t<meta property=\"og:image:height\" content=\"432\" \/>\n\t<meta property=\"og:image:type\" content=\"image\/jpeg\" \/>\n<meta name=\"author\" content=\"Rafaela Teixeira\" \/>\n<meta name=\"twitter:card\" content=\"summary_large_image\" \/>\n<meta name=\"twitter:creator\" content=\"@EstratConcursos\" \/>\n<meta name=\"twitter:site\" content=\"@EstratConcursos\" \/>\n<meta name=\"twitter:label1\" content=\"Escrito por\" \/>\n\t<meta name=\"twitter:data1\" content=\"Rafaela Teixeira\" \/>\n\t<meta name=\"twitter:label2\" content=\"Est. tempo de leitura\" \/>\n\t<meta name=\"twitter:data2\" content=\"3 minutos\" \/>\n<script type=\"application\/ld+json\" class=\"yoast-schema-graph\">{\"@context\":\"https:\/\/schema.org\",\"@graph\":[{\"@type\":\"NewsArticle\",\"@id\":\"https:\/\/www.estrategiaconcursos.com.br\/blog\/concurso-pc-am-editais-iminentes-362-vagas\/#article\",\"isPartOf\":{\"@id\":\"https:\/\/www.estrategiaconcursos.com.br\/blog\/concurso-pc-am-editais-iminentes-362-vagas\/\"},\"author\":{\"name\":\"Rafaela Teixeira\",\"@id\":\"https:\/\/www.estrategiaconcursos.com.br\/blog\/#\/schema\/person\/e75352021ea7f60781c599934f916eb1\"},\"headline\":\"Concurso PC AM: ATEN\u00c7\u00c3O! Editais lan\u00e7ados com 362 vagas!\",\"datePublished\":\"2021-12-17T13:38:19+00:00\",\"dateModified\":\"2021-12-17T15:20:08+00:00\",\"mainEntityOfPage\":{\"@id\":\"https:\/\/www.estrategiaconcursos.com.br\/blog\/concurso-pc-am-editais-iminentes-362-vagas\/\"},\"wordCount\":466,\"commentCount\":0,\"publisher\":{\"@id\":\"https:\/\/www.estrategiaconcursos.com.br\/blog\/#organization\"},\"image\":{\"@id\":\"https:\/\/www.estrategiaconcursos.com.br\/blog\/concurso-pc-am-editais-iminentes-362-vagas\/#primaryimage\"},\"thumbnailUrl\":\"https:\/\/dhg1h5j42swfq.cloudfront.net\/2021\/06\/21120554\/pc-am.jpg\",\"articleSection\":[\"Jur\u00eddico - Delegado\",\"Policial (Agente, Escriv\u00e3o e Investigador)\",\"Policial (Peritos, Papiloscopistas)\",\"\u00daltimas not\u00edcias\"],\"inLanguage\":\"pt-BR\",\"potentialAction\":[{\"@type\":\"CommentAction\",\"name\":\"Comment\",\"target\":[\"https:\/\/www.estrategiaconcursos.com.br\/blog\/concurso-pc-am-editais-iminentes-362-vagas\/#respond\"]}],\"copyrightYear\":\"2021\",\"copyrightHolder\":{\"@id\":\"https:\/\/www.estrategiaconcursos.com.br\/blog\/#organization\"}},{\"@type\":\"WebPage\",\"@id\":\"https:\/\/www.estrategiaconcursos.com.br\/blog\/concurso-pc-am-editais-iminentes-362-vagas\/\",\"url\":\"https:\/\/www.estrategiaconcursos.com.br\/blog\/concurso-pc-am-editais-iminentes-362-vagas\/\",\"name\":\"Concurso PC AM: ATEN\u00c7\u00c3O! Editais lan\u00e7ados com 362 vagas!\",\"isPartOf\":{\"@id\":\"https:\/\/www.estrategiaconcursos.com.br\/blog\/#website\"},\"primaryImageOfPage\":{\"@id\":\"https:\/\/www.estrategiaconcursos.com.br\/blog\/concurso-pc-am-editais-iminentes-362-vagas\/#primaryimage\"},\"image\":{\"@id\":\"https:\/\/www.estrategiaconcursos.com.br\/blog\/concurso-pc-am-editais-iminentes-362-vagas\/#primaryimage\"},\"thumbnailUrl\":\"https:\/\/dhg1h5j42swfq.cloudfront.net\/2021\/06\/21120554\/pc-am.jpg\",\"datePublished\":\"2021-12-17T13:38:19+00:00\",\"dateModified\":\"2021-12-17T15:20:08+00:00\",\"description\":\"Concurso PC AM: editais iminentes para 362 vagas, distribu\u00eddas entre diversos cargos de n\u00edvel superior de forma\u00e7\u00e3o. Confira os detalhes!\",\"breadcrumb\":{\"@id\":\"https:\/\/www.estrategiaconcursos.com.br\/blog\/concurso-pc-am-editais-iminentes-362-vagas\/#breadcrumb\"},\"inLanguage\":\"pt-BR\",\"potentialAction\":[{\"@type\":\"ReadAction\",\"target\":[\"https:\/\/www.estrategiaconcursos.com.br\/blog\/concurso-pc-am-editais-iminentes-362-vagas\/\"]}]},{\"@type\":\"ImageObject\",\"inLanguage\":\"pt-BR\",\"@id\":\"https:\/\/www.estrategiaconcursos.com.br\/blog\/concurso-pc-am-editais-iminentes-362-vagas\/#primaryimage\",\"url\":\"https:\/\/dhg1h5j42swfq.cloudfront.net\/2021\/06\/21120554\/pc-am.jpg\",\"contentUrl\":\"https:\/\/dhg1h5j42swfq.cloudfront.net\/2021\/06\/21120554\/pc-am.jpg\",\"width\":768,\"height\":432,\"caption\":\"PC AM\"},{\"@type\":\"BreadcrumbList\",\"@id\":\"https:\/\/www.estrategiaconcursos.com.br\/blog\/concurso-pc-am-editais-iminentes-362-vagas\/#breadcrumb\",\"itemListElement\":[{\"@type\":\"ListItem\",\"position\":1,\"name\":\"In\u00edcio\",\"item\":\"https:\/\/www.estrategiaconcursos.com.br\/blog\/\"},{\"@type\":\"ListItem\",\"position\":2,\"name\":\"Concurso PC AM: ATEN\u00c7\u00c3O! Editais lan\u00e7ados com 362 vagas!\"}]},{\"@type\":\"WebSite\",\"@id\":\"https:\/\/www.estrategiaconcursos.com.br\/blog\/#website\",\"url\":\"https:\/\/www.estrategiaconcursos.com.br\/blog\/\",\"name\":\"Estrat\u00e9gia Concursos\",\"description\":\"O blog da Estrat\u00e9gia Concursos traz not\u00edcias sobre concursos e artigos de professores oferecendo cursos para concursos (pdf + videaulas) no site.\",\"publisher\":{\"@id\":\"https:\/\/www.estrategiaconcursos.com.br\/blog\/#organization\"},\"potentialAction\":[{\"@type\":\"SearchAction\",\"target\":{\"@type\":\"EntryPoint\",\"urlTemplate\":\"https:\/\/www.estrategiaconcursos.com.br\/blog\/?s={search_term_string}\"},\"query-input\":{\"@type\":\"PropertyValueSpecification\",\"valueRequired\":true,\"valueName\":\"search_term_string\"}}],\"inLanguage\":\"pt-BR\"},{\"@type\":\"Organization\",\"@id\":\"https:\/\/www.estrategiaconcursos.com.br\/blog\/#organization\",\"name\":\"Estrat\u00e9gia Concursos\",\"url\":\"https:\/\/www.estrategiaconcursos.com.br\/blog\/\",\"logo\":{\"@type\":\"ImageObject\",\"inLanguage\":\"pt-BR\",\"@id\":\"https:\/\/www.estrategiaconcursos.com.br\/blog\/#\/schema\/logo\/image\/\",\"url\":\"https:\/\/dhg1h5j42swfq.cloudfront.net\/2025\/06\/03203428\/logo_concursos-1.jpg\",\"contentUrl\":\"https:\/\/dhg1h5j42swfq.cloudfront.net\/2025\/06\/03203428\/logo_concursos-1.jpg\",\"width\":230,\"height\":60,\"caption\":\"Estrat\u00e9gia Concursos\"},\"image\":{\"@id\":\"https:\/\/www.estrategiaconcursos.com.br\/blog\/#\/schema\/logo\/image\/\"},\"sameAs\":[\"https:\/\/x.com\/EstratConcursos\"]},{\"@type\":\"Person\",\"@id\":\"https:\/\/www.estrategiaconcursos.com.br\/blog\/#\/schema\/person\/e75352021ea7f60781c599934f916eb1\",\"name\":\"Rafaela Teixeira\",\"image\":{\"@type\":\"ImageObject\",\"inLanguage\":\"pt-BR\",\"@id\":\"https:\/\/secure.gravatar.com\/avatar\/8a349a2b22039b1ee88fc06461487c950fd6aa411ea8af8633314b43334ae793?s=96&d=mm&r=g\",\"url\":\"https:\/\/secure.gravatar.com\/avatar\/8a349a2b22039b1ee88fc06461487c950fd6aa411ea8af8633314b43334ae793?s=96&d=mm&r=g\",\"contentUrl\":\"https:\/\/secure.gravatar.com\/avatar\/8a349a2b22039b1ee88fc06461487c950fd6aa411ea8af8633314b43334ae793?s=96&d=mm&r=g\",\"caption\":\"Rafaela Teixeira\"},\"description\":\"Rafaela Teixeira \u00e9 advogada conveniada \u00e0 Defensoria P\u00fablica de S\u00e3o Paulo pela OAB, com experi\u00eancia em reda\u00e7\u00e3o jur\u00eddica e atua\u00e7\u00e3o em institui\u00e7\u00f5es p\u00fablicas, incluindo est\u00e1gio no TRE-SP. Possui mais de 7 anos de experi\u00eancia na produ\u00e7\u00e3o de conte\u00fados voltados ao nicho de concursos p\u00fablicos, com foco em apura\u00e7\u00e3o jornal\u00edstica cont\u00ednua, an\u00e1lise de editais e obten\u00e7\u00e3o de informa\u00e7\u00f5es diretamente junto a \u00f3rg\u00e3os e fontes oficiais. No Blog do Estrat\u00e9gia Concursos, atua como Analista de Conte\u00fado S\u00eanior, respons\u00e1vel pelo jornalismo do per\u00edodo noturno e da madrugada, com atua\u00e7\u00e3o transversal na cobertura de concursos p\u00fablicos, garantindo a continuidade, fluidez e confiabilidade das publica\u00e7\u00f5es e dos bastidores dos certames.\",\"url\":\"https:\/\/www.estrategiaconcursos.com.br\/blog\/author\/rafaela-teixeira\/\"}]}<\/script>\n<!-- \/ Yoast SEO Premium plugin. -->","yoast_head_json":{"title":"Concurso PC AM: ATEN\u00c7\u00c3O! Editais lan\u00e7ados com 362 vagas!","description":"Concurso PC AM: editais iminentes para 362 vagas, distribu\u00eddas entre diversos cargos de n\u00edvel superior de forma\u00e7\u00e3o. Confira os detalhes!","robots":{"index":"index","follow":"follow","max-snippet":"max-snippet:-1","max-image-preview":"max-image-preview:large","max-video-preview":"max-video-preview:-1"},"canonical":"https:\/\/www.estrategiaconcursos.com.br\/blog\/concurso-pc-am-editais-iminentes-362-vagas\/","og_locale":"pt_BR","og_type":"article","og_title":"Concurso PC AM: ATEN\u00c7\u00c3O! Editais lan\u00e7ados com 362 vagas!","og_description":"Concurso PC AM: editais iminentes para 362 vagas, distribu\u00eddas entre diversos cargos de n\u00edvel superior de forma\u00e7\u00e3o. Confira os detalhes!","og_url":"https:\/\/www.estrategiaconcursos.com.br\/blog\/concurso-pc-am-editais-iminentes-362-vagas\/","og_site_name":"Estrat\u00e9gia Concursos","article_published_time":"2021-12-17T13:38:19+00:00","article_modified_time":"2021-12-17T15:20:08+00:00","og_image":[{"width":768,"height":432,"url":"https:\/\/dhg1h5j42swfq.cloudfront.net\/2021\/06\/21120554\/pc-am.jpg","type":"image\/jpeg"}],"author":"Rafaela Teixeira","twitter_card":"summary_large_image","twitter_creator":"@EstratConcursos","twitter_site":"@EstratConcursos","twitter_misc":{"Escrito por":"Rafaela Teixeira","Est. tempo de leitura":"3 minutos"},"schema":{"@context":"https:\/\/schema.org","@graph":[{"@type":"NewsArticle","@id":"https:\/\/www.estrategiaconcursos.com.br\/blog\/concurso-pc-am-editais-iminentes-362-vagas\/#article","isPartOf":{"@id":"https:\/\/www.estrategiaconcursos.com.br\/blog\/concurso-pc-am-editais-iminentes-362-vagas\/"},"author":{"name":"Rafaela Teixeira","@id":"https:\/\/www.estrategiaconcursos.com.br\/blog\/#\/schema\/person\/e75352021ea7f60781c599934f916eb1"},"headline":"Concurso PC AM: ATEN\u00c7\u00c3O! Editais lan\u00e7ados com 362 vagas!","datePublished":"2021-12-17T13:38:19+00:00","dateModified":"2021-12-17T15:20:08+00:00","mainEntityOfPage":{"@id":"https:\/\/www.estrategiaconcursos.com.br\/blog\/concurso-pc-am-editais-iminentes-362-vagas\/"},"wordCount":466,"commentCount":0,"publisher":{"@id":"https:\/\/www.estrategiaconcursos.com.br\/blog\/#organization"},"image":{"@id":"https:\/\/www.estrategiaconcursos.com.br\/blog\/concurso-pc-am-editais-iminentes-362-vagas\/#primaryimage"},"thumbnailUrl":"https:\/\/dhg1h5j42swfq.cloudfront.net\/2021\/06\/21120554\/pc-am.jpg","articleSection":["Jur\u00eddico - Delegado","Policial (Agente, Escriv\u00e3o e Investigador)","Policial (Peritos, Papiloscopistas)","\u00daltimas not\u00edcias"],"inLanguage":"pt-BR","potentialAction":[{"@type":"CommentAction","name":"Comment","target":["https:\/\/www.estrategiaconcursos.com.br\/blog\/concurso-pc-am-editais-iminentes-362-vagas\/#respond"]}],"copyrightYear":"2021","copyrightHolder":{"@id":"https:\/\/www.estrategiaconcursos.com.br\/blog\/#organization"}},{"@type":"WebPage","@id":"https:\/\/www.estrategiaconcursos.com.br\/blog\/concurso-pc-am-editais-iminentes-362-vagas\/","url":"https:\/\/www.estrategiaconcursos.com.br\/blog\/concurso-pc-am-editais-iminentes-362-vagas\/","name":"Concurso PC AM: ATEN\u00c7\u00c3O! Editais lan\u00e7ados com 362 vagas!","isPartOf":{"@id":"https:\/\/www.estrategiaconcursos.com.br\/blog\/#website"},"primaryImageOfPage":{"@id":"https:\/\/www.estrategiaconcursos.com.br\/blog\/concurso-pc-am-editais-iminentes-362-vagas\/#primaryimage"},"image":{"@id":"https:\/\/www.estrategiaconcursos.com.br\/blog\/concurso-pc-am-editais-iminentes-362-vagas\/#primaryimage"},"thumbnailUrl":"https:\/\/dhg1h5j42swfq.cloudfront.net\/2021\/06\/21120554\/pc-am.jpg","datePublished":"2021-12-17T13:38:19+00:00","dateModified":"2021-12-17T15:20:08+00:00","description":"Concurso PC AM: editais iminentes para 362 vagas, distribu\u00eddas entre diversos cargos de n\u00edvel superior de forma\u00e7\u00e3o. Confira os detalhes!","breadcrumb":{"@id":"https:\/\/www.estrategiaconcursos.com.br\/blog\/concurso-pc-am-editais-iminentes-362-vagas\/#breadcrumb"},"inLanguage":"pt-BR","potentialAction":[{"@type":"ReadAction","target":["https:\/\/www.estrategiaconcursos.com.br\/blog\/concurso-pc-am-editais-iminentes-362-vagas\/"]}]},{"@type":"ImageObject","inLanguage":"pt-BR","@id":"https:\/\/www.estrategiaconcursos.com.br\/blog\/concurso-pc-am-editais-iminentes-362-vagas\/#primaryimage","url":"https:\/\/dhg1h5j42swfq.cloudfront.net\/2021\/06\/21120554\/pc-am.jpg","contentUrl":"https:\/\/dhg1h5j42swfq.cloudfront.net\/2021\/06\/21120554\/pc-am.jpg","width":768,"height":432,"caption":"PC AM"},{"@type":"BreadcrumbList","@id":"https:\/\/www.estrategiaconcursos.com.br\/blog\/concurso-pc-am-editais-iminentes-362-vagas\/#breadcrumb","itemListElement":[{"@type":"ListItem","position":1,"name":"In\u00edcio","item":"https:\/\/www.estrategiaconcursos.com.br\/blog\/"},{"@type":"ListItem","position":2,"name":"Concurso PC AM: ATEN\u00c7\u00c3O! Editais lan\u00e7ados com 362 vagas!"}]},{"@type":"WebSite","@id":"https:\/\/www.estrategiaconcursos.com.br\/blog\/#website","url":"https:\/\/www.estrategiaconcursos.com.br\/blog\/","name":"Estrat\u00e9gia Concursos","description":"O blog da Estrat\u00e9gia Concursos traz not\u00edcias sobre concursos e artigos de professores oferecendo cursos para concursos (pdf + videaulas) no site.","publisher":{"@id":"https:\/\/www.estrategiaconcursos.com.br\/blog\/#organization"},"potentialAction":[{"@type":"SearchAction","target":{"@type":"EntryPoint","urlTemplate":"https:\/\/www.estrategiaconcursos.com.br\/blog\/?s={search_term_string}"},"query-input":{"@type":"PropertyValueSpecification","valueRequired":true,"valueName":"search_term_string"}}],"inLanguage":"pt-BR"},{"@type":"Organization","@id":"https:\/\/www.estrategiaconcursos.com.br\/blog\/#organization","name":"Estrat\u00e9gia Concursos","url":"https:\/\/www.estrategiaconcursos.com.br\/blog\/","logo":{"@type":"ImageObject","inLanguage":"pt-BR","@id":"https:\/\/www.estrategiaconcursos.com.br\/blog\/#\/schema\/logo\/image\/","url":"https:\/\/dhg1h5j42swfq.cloudfront.net\/2025\/06\/03203428\/logo_concursos-1.jpg","contentUrl":"https:\/\/dhg1h5j42swfq.cloudfront.net\/2025\/06\/03203428\/logo_concursos-1.jpg","width":230,"height":60,"caption":"Estrat\u00e9gia Concursos"},"image":{"@id":"https:\/\/www.estrategiaconcursos.com.br\/blog\/#\/schema\/logo\/image\/"},"sameAs":["https:\/\/x.com\/EstratConcursos"]},{"@type":"Person","@id":"https:\/\/www.estrategiaconcursos.com.br\/blog\/#\/schema\/person\/e75352021ea7f60781c599934f916eb1","name":"Rafaela Teixeira","image":{"@type":"ImageObject","inLanguage":"pt-BR","@id":"https:\/\/secure.gravatar.com\/avatar\/8a349a2b22039b1ee88fc06461487c950fd6aa411ea8af8633314b43334ae793?s=96&d=mm&r=g","url":"https:\/\/secure.gravatar.com\/avatar\/8a349a2b22039b1ee88fc06461487c950fd6aa411ea8af8633314b43334ae793?s=96&d=mm&r=g","contentUrl":"https:\/\/secure.gravatar.com\/avatar\/8a349a2b22039b1ee88fc06461487c950fd6aa411ea8af8633314b43334ae793?s=96&d=mm&r=g","caption":"Rafaela Teixeira"},"description":"Rafaela Teixeira \u00e9 advogada conveniada \u00e0 Defensoria P\u00fablica de S\u00e3o Paulo pela OAB, com experi\u00eancia em reda\u00e7\u00e3o jur\u00eddica e atua\u00e7\u00e3o em institui\u00e7\u00f5es p\u00fablicas, incluindo est\u00e1gio no TRE-SP. Possui mais de 7 anos de experi\u00eancia na produ\u00e7\u00e3o de conte\u00fados voltados ao nicho de concursos p\u00fablicos, com foco em apura\u00e7\u00e3o jornal\u00edstica cont\u00ednua, an\u00e1lise de editais e obten\u00e7\u00e3o de informa\u00e7\u00f5es diretamente junto a \u00f3rg\u00e3os e fontes oficiais. No Blog do Estrat\u00e9gia Concursos, atua como Analista de Conte\u00fado S\u00eanior, respons\u00e1vel pelo jornalismo do per\u00edodo noturno e da madrugada, com atua\u00e7\u00e3o transversal na cobertura de concursos p\u00fablicos, garantindo a continuidade, fluidez e confiabilidade das publica\u00e7\u00f5es e dos bastidores dos certames.","url":"https:\/\/www.estrategiaconcursos.com.br\/blog\/author\/rafaela-teixeira\/"}]}},"_links":{"self":[{"href":"https:\/\/www.estrategiaconcursos.com.br\/blog\/wp-json\/wp\/v2\/posts\/931383","targetHints":{"allow":["GET"]}}],"collection":[{"href":"https:\/\/www.estrategiaconcursos.com.br\/blog\/wp-json\/wp\/v2\/posts"}],"about":[{"href":"https:\/\/www.estrategiaconcursos.com.br\/blog\/wp-json\/wp\/v2\/types\/post"}],"author":[{"embeddable":true,"href":"https:\/\/www.estrategiaconcursos.com.br\/blog\/wp-json\/wp\/v2\/users\/2134"}],"replies":[{"embeddable":true,"href":"https:\/\/www.estrategiaconcursos.com.br\/blog\/wp-json\/wp\/v2\/comments?post=931383"}],"version-history":[{"count":26,"href":"https:\/\/www.estrategiaconcursos.com.br\/blog\/wp-json\/wp\/v2\/posts\/931383\/revisions"}],"predecessor-version":[{"id":931528,"href":"https:\/\/www.estrategiaconcursos.com.br\/blog\/wp-json\/wp\/v2\/posts\/931383\/revisions\/931528"}],"wp:featuredmedia":[{"embeddable":true,"href":"https:\/\/www.estrategiaconcursos.com.br\/blog\/wp-json\/wp\/v2\/media\/772567"}],"wp:attachment":[{"href":"https:\/\/www.estrategiaconcursos.com.br\/blog\/wp-json\/wp\/v2\/media?parent=931383"}],"wp:term":[{"taxonomy":"category","embeddable":true,"href":"https:\/\/www.estrategiaconcursos.com.br\/blog\/wp-json\/wp\/v2\/categories?post=931383"},{"taxonomy":"post_tag","embeddable":true,"href":"https:\/\/www.estrategiaconcursos.com.br\/blog\/wp-json\/wp\/v2\/tags?post=931383"},{"taxonomy":"tax_estado","embeddable":true,"href":"https:\/\/www.estrategiaconcursos.com.br\/blog\/wp-json\/wp\/v2\/tax_estado?post=931383"}],"curies":[{"name":"wp","href":"https:\/\/api.w.org\/{rel}","templated":true}]}}