{"id":930930,"date":"2021-12-16T16:08:00","date_gmt":"2021-12-16T19:08:00","guid":{"rendered":"https:\/\/www.estrategiaconcursos.com.br\/blog\/?p=930930"},"modified":"2021-12-17T19:55:23","modified_gmt":"2021-12-17T22:55:23","slug":"sedf-alteracaoldo-2022certame-educacao","status":"publish","type":"post","link":"https:\/\/www.estrategiaconcursos.com.br\/blog\/sedf-alteracaoldo-2022certame-educacao\/","title":{"rendered":"SEDF: altera\u00e7\u00e3o em LDO 2022 impacta novo certame na educa\u00e7\u00e3o!"},"content":{"rendered":"\n<p>O plen\u00e1rio da <a href=\"https:\/\/www.cl.df.gov.br\/-\/altera-c3-a7-c3-b5es-na-ldo-autorizam-provimento-de-vagas-de-concursos\" target=\"_blank\" rel=\"noreferrer noopener\">C\u00e2mara Legislativa do Distrito Federal<\/a> aprovou, na noite da ter\u00e7a-feira, 14 de dezembro, um projeto que altera a leis de Diretrizes Or\u00e7ament\u00e1rias (LDO) de 2022. Proposto pelo Governador do DF, o PL inclui autoriza\u00e7\u00e3o para o provimento de cargos mediante concurso p\u00fablico.<\/p>\n\n\n\n<p>No mesmo dia, a C\u00e2mara tamb\u00e9m aprovou o projeto de lei n\u00ba 2.224 de 2021, que trata da Lei Or\u00e7ament\u00e1ria Anual (LOA) para o pr\u00f3ximo ano. A pe\u00e7a or\u00e7ament\u00e1ria foi encaminhada pelo governo em setembro e estima uma receita de R$ 48,23 bilh\u00f5es para 2022, que viabilizar\u00e1 a realiza\u00e7\u00e3o de 28 certames p\u00fablicos. <\/p>\n\n\n\n<p>Assim, o PL n\u00ba 2.444\/21 modifica a LDO de 2022, autorizando o provimento de vagas referentes aos cargos efetivos: enfermeiro (20h), t\u00e9cnico em enfermagem (20h), agente comunit\u00e1rio de sa\u00fade, p<strong>rofessor de Educa\u00e7\u00e3o B\u00e1sica (40h), pedagogo \u2013 orientador educacional (40h),<\/strong> especialista em Assist\u00eancia Social, t\u00e9cnico em Assist\u00eancia Social e auditor de Atividades Urbanas. <\/p>\n\n\n\n<p>O novo concurso SEDF para provimento de cargos efetivos na Secretaria de Educa\u00e7\u00e3o do Distrito Federal j\u00e1 est\u00e1 em tramita\u00e7\u00e3o. A informa\u00e7\u00e3o \u00e9 novamente da titular da pasta, H\u00e9lvia Paranagu\u00e1, na ter\u00e7a-feira, 16 de novembro. De acordo com ela, os esfor\u00e7os s\u00e3o para que o edital seja publicado ainda em 2021.&nbsp; <\/p>\n\n\n\n<p>A expectativa \u00e9 de que o edital do concurso SEDF seja divulgado at\u00e9 o final de dezembro de 2021, com provas aplicadas no in\u00edcio de 2022.&nbsp;Desde uma entrevista ao Correio Brasiliense Poder, em 20 de agosto, H\u00e9lvia Paranagu\u00e1 j\u00e1 havia confirmado a abertura de novos editais para o concurso SEDF para efetivos e tempor\u00e1rios.  <\/p>\n\n\n\n<p>At\u00e9 fim do ano, a l\u00edngua espanhola constar\u00e1 como obrigat\u00f3ria na grade curricular das escolas p\u00fablicas do DF, para estudantes do ensino m\u00e9dio. Isso gra\u00e7as \u00e0 Proposta de Emenda \u00e0 Lei Org\u00e2nica (Pelo) n\u00ba 37. A altera\u00e7\u00e3o, por\u00e9m s\u00f3 ser\u00e1 poss\u00edvel com realiza\u00e7\u00e3o de concurso SEDF para a Educa\u00e7\u00e3o. <\/p>\n\n\n\n<p>O Distrito Federal tem hoje <strong>9.630<\/strong> cargos vagos na carreira de Assist\u00eancia \u00e0 Educa\u00e7\u00e3o e <strong>11.265<\/strong> cargos vagos na carreira do Magist\u00e9rio P\u00fablico. Trata-se de um d\u00e9ficit profundo, que precisa ser sanado com a nomea\u00e7\u00e3o de mais candidatos aprovados.<\/p>\n\n\n\n<p class=\"has-text-align-center has-pale-cyan-blue-background-color has-background has-medium-font-size\"><strong>Mais informa\u00e7\u00f5es: <a href=\"https:\/\/www.estrategiaconcursos.com.br\/blog\/concurso-sedf\" target=\"_blank\" rel=\"noreferrer noopener\">Concurso SEDF<\/a><\/strong><\/p>\n\n\n\n<h2 class=\"has-text-align-center wp-block-heading\" id=\"h-quer-saber-tudo-sobre-concursos-previstos-confira-nossos-artigos\">Quer saber tudo sobre concursos previstos?<br \/>Confira nossos artigos!<\/h2>\n\n\n\n<ul class=\"wp-block-list\"><li><a href=\"https:\/\/www.estrategiaconcursos.com.br\/blog\/concursos-abertos\/\" target=\"_blank\" rel=\"noreferrer noopener\">Concursos abertos<\/a><\/li><li><a href=\"https:\/\/www.estrategiaconcursos.com.br\/blog\/concursos-2021\/\" target=\"_blank\" rel=\"noreferrer noopener\">Concursos 2021<\/a><\/li><li><a href=\"https:\/\/www.estrategiaconcursos.com.br\/blog\/concursos-2022\/\" target=\"_blank\" rel=\"noreferrer noopener\">Concursos 2022<\/a><\/li><\/ul>\n\n\n\n<h2 class=\"has-text-align-center wp-block-heading\" id=\"cursos\">Quer estudar para o concurso SEDF?<\/h2>\n\n\n\n<div class=\"col-sm\">\n      <div class=\"banner-estrategia\" id=\"box-assinatura\">\n        <h3 class=\"titulo-assinatura\">Cursos para SEDF<\/h3>\n        <p class=\"subtitulo-assinatura\">Conhe\u00e7a os cursos<\/p>\n        <div class=\"box-botao\">\n          <a class=\"btn-assinatura\" target=\"_blank\" href=\"https:\/\/www.estrategiaconcursos.com.br\/cursosPorConcurso\/secretaria-da-educacao-df\/\" role=\"button\" rel=\"noopener noreferrer\">Conhe\u00e7a mais<\/a>\n        <\/div>\n      <\/div>\n      <p class=\"texto-auxiliar\"><\/p>\n    <\/div>\n\n\n\n<div class=\"container\" id=\"boxes\">\n  <div class=\"row\">\n\n    <div class=\"col-sm\">\n      <div class=\"estrategia\" id=\"box-assinatura\">\n        <h3 class=\"titulo-assinatura\">Assinaturas<\/h3>\n        <p class=\"subtitulo-assinatura\">Assinatura de 1 ano ou 2 anos<\/p>\n        <div class=\"box-botao\">\n          <a class=\"btn-assinatura\" target=\"_blank\" href=\"https:\/\/www.estrategiaconcursos.com.br\/assinaturas\/\" role=\"button\" rel=\"noopener noreferrer\">ASSINE AGORA<\/a>\n        <\/div>\n      <\/div>\n     \n    <\/div><\/div><\/div>\n","protected":false},"excerpt":{"rendered":"<p>O plen\u00e1rio da C\u00e2mara Legislativa do Distrito Federal aprovou, na noite da ter\u00e7a-feira, 14 de dezembro, um projeto que altera a leis de Diretrizes Or\u00e7ament\u00e1rias (LDO) de 2022. Proposto pelo Governador do DF, o PL inclui autoriza\u00e7\u00e3o para o provimento de cargos mediante concurso p\u00fablico. No mesmo dia, a C\u00e2mara tamb\u00e9m aprovou o projeto de [&hellip;]<\/p>\n","protected":false},"author":741,"featured_media":930990,"comment_status":"open","ping_status":"closed","sticky":false,"template":"","format":"standard","meta":{"post_tipo":"news","footnotes":""},"categories":[3766],"tags":[],"tax_estado":[219970],"class_list":["post-930930","post","type-post","status-publish","format-standard","has-post-thumbnail","hentry","category-educacional","tax_estado-df"],"acf":[],"yoast_head":"<!-- This site is optimized with the Yoast SEO Premium plugin v27.2 (Yoast SEO v27.2) - https:\/\/yoast.com\/product\/yoast-seo-premium-wordpress\/ -->\n<title>SEDF: altera\u00e7\u00e3o em LDO 2022 impacta novo certame na educa\u00e7\u00e3o!<\/title>\n<meta name=\"description\" content=\"A C\u00e2mara Legislativa do DF aprovou altera\u00e7\u00f5es na LDO 2022 que impactaram a autoriza\u00e7\u00e3o de certames como o da SEDF no que vem. Confira!\" \/>\n<meta name=\"robots\" content=\"index, follow, max-snippet:-1, max-image-preview:large, max-video-preview:-1\" \/>\n<link rel=\"canonical\" href=\"https:\/\/www.estrategiaconcursos.com.br\/blog\/sedf-alteracaoldo-2022certame-educacao\/\" \/>\n<meta property=\"og:locale\" content=\"pt_BR\" \/>\n<meta property=\"og:type\" content=\"article\" \/>\n<meta property=\"og:title\" content=\"SEDF: altera\u00e7\u00e3o em LDO 2022 impacta novo certame na educa\u00e7\u00e3o!\" \/>\n<meta property=\"og:description\" content=\"A C\u00e2mara Legislativa do DF aprovou altera\u00e7\u00f5es na LDO 2022 que impactaram a autoriza\u00e7\u00e3o de certames como o da SEDF no que vem. Confira!\" \/>\n<meta property=\"og:url\" content=\"https:\/\/www.estrategiaconcursos.com.br\/blog\/sedf-alteracaoldo-2022certame-educacao\/\" \/>\n<meta property=\"og:site_name\" content=\"Estrat\u00e9gia Concursos\" \/>\n<meta property=\"article:published_time\" content=\"2021-12-16T19:08:00+00:00\" \/>\n<meta property=\"article:modified_time\" content=\"2021-12-17T22:55:23+00:00\" \/>\n<meta property=\"og:image\" content=\"https:\/\/dhg1h5j42swfq.cloudfront.net\/2021\/12\/16163441\/sedf.jpeg\" \/>\n\t<meta property=\"og:image:width\" content=\"768\" \/>\n\t<meta property=\"og:image:height\" content=\"432\" \/>\n\t<meta property=\"og:image:type\" content=\"image\/jpeg\" \/>\n<meta name=\"author\" content=\"Brunno Lima\" \/>\n<meta name=\"twitter:card\" content=\"summary_large_image\" \/>\n<meta name=\"twitter:creator\" content=\"@EstratConcursos\" \/>\n<meta name=\"twitter:site\" content=\"@EstratConcursos\" \/>\n<meta name=\"twitter:label1\" content=\"Escrito por\" \/>\n\t<meta name=\"twitter:data1\" content=\"Brunno Lima\" \/>\n\t<meta name=\"twitter:label2\" content=\"Est. tempo de leitura\" \/>\n\t<meta name=\"twitter:data2\" content=\"2 minutos\" \/>\n<script type=\"application\/ld+json\" class=\"yoast-schema-graph\">{\"@context\":\"https:\/\/schema.org\",\"@graph\":[{\"@type\":\"NewsArticle\",\"@id\":\"https:\/\/www.estrategiaconcursos.com.br\/blog\/sedf-alteracaoldo-2022certame-educacao\/#article\",\"isPartOf\":{\"@id\":\"https:\/\/www.estrategiaconcursos.com.br\/blog\/sedf-alteracaoldo-2022certame-educacao\/\"},\"author\":{\"name\":\"Brunno Lima\",\"@id\":\"https:\/\/www.estrategiaconcursos.com.br\/blog\/#\/schema\/person\/2865ec132c3404c9912015dd7a24eb1e\"},\"headline\":\"SEDF: altera\u00e7\u00e3o em LDO 2022 impacta novo certame na educa\u00e7\u00e3o!\",\"datePublished\":\"2021-12-16T19:08:00+00:00\",\"dateModified\":\"2021-12-17T22:55:23+00:00\",\"mainEntityOfPage\":{\"@id\":\"https:\/\/www.estrategiaconcursos.com.br\/blog\/sedf-alteracaoldo-2022certame-educacao\/\"},\"wordCount\":429,\"commentCount\":0,\"publisher\":{\"@id\":\"https:\/\/www.estrategiaconcursos.com.br\/blog\/#organization\"},\"image\":{\"@id\":\"https:\/\/www.estrategiaconcursos.com.br\/blog\/sedf-alteracaoldo-2022certame-educacao\/#primaryimage\"},\"thumbnailUrl\":\"https:\/\/dhg1h5j42swfq.cloudfront.net\/2021\/12\/16163441\/sedf.jpeg\",\"articleSection\":[\"Educa\u00e7\u00e3o\"],\"inLanguage\":\"pt-BR\",\"potentialAction\":[{\"@type\":\"CommentAction\",\"name\":\"Comment\",\"target\":[\"https:\/\/www.estrategiaconcursos.com.br\/blog\/sedf-alteracaoldo-2022certame-educacao\/#respond\"]}],\"copyrightYear\":\"2021\",\"copyrightHolder\":{\"@id\":\"https:\/\/www.estrategiaconcursos.com.br\/blog\/#organization\"}},{\"@type\":\"WebPage\",\"@id\":\"https:\/\/www.estrategiaconcursos.com.br\/blog\/sedf-alteracaoldo-2022certame-educacao\/\",\"url\":\"https:\/\/www.estrategiaconcursos.com.br\/blog\/sedf-alteracaoldo-2022certame-educacao\/\",\"name\":\"SEDF: altera\u00e7\u00e3o em LDO 2022 impacta novo certame na educa\u00e7\u00e3o!\",\"isPartOf\":{\"@id\":\"https:\/\/www.estrategiaconcursos.com.br\/blog\/#website\"},\"primaryImageOfPage\":{\"@id\":\"https:\/\/www.estrategiaconcursos.com.br\/blog\/sedf-alteracaoldo-2022certame-educacao\/#primaryimage\"},\"image\":{\"@id\":\"https:\/\/www.estrategiaconcursos.com.br\/blog\/sedf-alteracaoldo-2022certame-educacao\/#primaryimage\"},\"thumbnailUrl\":\"https:\/\/dhg1h5j42swfq.cloudfront.net\/2021\/12\/16163441\/sedf.jpeg\",\"datePublished\":\"2021-12-16T19:08:00+00:00\",\"dateModified\":\"2021-12-17T22:55:23+00:00\",\"description\":\"A C\u00e2mara Legislativa do DF aprovou altera\u00e7\u00f5es na LDO 2022 que impactaram a autoriza\u00e7\u00e3o de certames como o da SEDF no que vem. Confira!\",\"breadcrumb\":{\"@id\":\"https:\/\/www.estrategiaconcursos.com.br\/blog\/sedf-alteracaoldo-2022certame-educacao\/#breadcrumb\"},\"inLanguage\":\"pt-BR\",\"potentialAction\":[{\"@type\":\"ReadAction\",\"target\":[\"https:\/\/www.estrategiaconcursos.com.br\/blog\/sedf-alteracaoldo-2022certame-educacao\/\"]}]},{\"@type\":\"ImageObject\",\"inLanguage\":\"pt-BR\",\"@id\":\"https:\/\/www.estrategiaconcursos.com.br\/blog\/sedf-alteracaoldo-2022certame-educacao\/#primaryimage\",\"url\":\"https:\/\/dhg1h5j42swfq.cloudfront.net\/2021\/12\/16163441\/sedf.jpeg\",\"contentUrl\":\"https:\/\/dhg1h5j42swfq.cloudfront.net\/2021\/12\/16163441\/sedf.jpeg\",\"width\":768,\"height\":432,\"caption\":\"SEDF\"},{\"@type\":\"BreadcrumbList\",\"@id\":\"https:\/\/www.estrategiaconcursos.com.br\/blog\/sedf-alteracaoldo-2022certame-educacao\/#breadcrumb\",\"itemListElement\":[{\"@type\":\"ListItem\",\"position\":1,\"name\":\"In\u00edcio\",\"item\":\"https:\/\/www.estrategiaconcursos.com.br\/blog\/\"},{\"@type\":\"ListItem\",\"position\":2,\"name\":\"SEDF: altera\u00e7\u00e3o em LDO 2022 impacta novo certame na educa\u00e7\u00e3o!\"}]},{\"@type\":\"WebSite\",\"@id\":\"https:\/\/www.estrategiaconcursos.com.br\/blog\/#website\",\"url\":\"https:\/\/www.estrategiaconcursos.com.br\/blog\/\",\"name\":\"Estrat\u00e9gia Concursos\",\"description\":\"O blog da Estrat\u00e9gia Concursos traz not\u00edcias sobre concursos e artigos de professores oferecendo cursos para concursos (pdf + videaulas) no site.\",\"publisher\":{\"@id\":\"https:\/\/www.estrategiaconcursos.com.br\/blog\/#organization\"},\"potentialAction\":[{\"@type\":\"SearchAction\",\"target\":{\"@type\":\"EntryPoint\",\"urlTemplate\":\"https:\/\/www.estrategiaconcursos.com.br\/blog\/?s={search_term_string}\"},\"query-input\":{\"@type\":\"PropertyValueSpecification\",\"valueRequired\":true,\"valueName\":\"search_term_string\"}}],\"inLanguage\":\"pt-BR\"},{\"@type\":\"Organization\",\"@id\":\"https:\/\/www.estrategiaconcursos.com.br\/blog\/#organization\",\"name\":\"Estrat\u00e9gia Concursos\",\"url\":\"https:\/\/www.estrategiaconcursos.com.br\/blog\/\",\"logo\":{\"@type\":\"ImageObject\",\"inLanguage\":\"pt-BR\",\"@id\":\"https:\/\/www.estrategiaconcursos.com.br\/blog\/#\/schema\/logo\/image\/\",\"url\":\"https:\/\/dhg1h5j42swfq.cloudfront.net\/2025\/06\/03203428\/logo_concursos-1.jpg\",\"contentUrl\":\"https:\/\/dhg1h5j42swfq.cloudfront.net\/2025\/06\/03203428\/logo_concursos-1.jpg\",\"width\":230,\"height\":60,\"caption\":\"Estrat\u00e9gia Concursos\"},\"image\":{\"@id\":\"https:\/\/www.estrategiaconcursos.com.br\/blog\/#\/schema\/logo\/image\/\"},\"sameAs\":[\"https:\/\/x.com\/EstratConcursos\"]},{\"@type\":\"Person\",\"@id\":\"https:\/\/www.estrategiaconcursos.com.br\/blog\/#\/schema\/person\/2865ec132c3404c9912015dd7a24eb1e\",\"name\":\"Brunno Lima\",\"image\":{\"@type\":\"ImageObject\",\"inLanguage\":\"pt-BR\",\"@id\":\"https:\/\/secure.gravatar.com\/avatar\/d40b472e5e2856222d4a4a1c3ee2189ed7d7a9f67dc3343b880cc1889a7bd6af?s=96&d=mm&r=g\",\"url\":\"https:\/\/secure.gravatar.com\/avatar\/d40b472e5e2856222d4a4a1c3ee2189ed7d7a9f67dc3343b880cc1889a7bd6af?s=96&d=mm&r=g\",\"contentUrl\":\"https:\/\/secure.gravatar.com\/avatar\/d40b472e5e2856222d4a4a1c3ee2189ed7d7a9f67dc3343b880cc1889a7bd6af?s=96&d=mm&r=g\",\"caption\":\"Brunno Lima\"},\"url\":\"https:\/\/www.estrategiaconcursos.com.br\/blog\/author\/brunnoestrategiaconcursos-com-br\/\"}]}<\/script>\n<!-- \/ Yoast SEO Premium plugin. -->","yoast_head_json":{"title":"SEDF: altera\u00e7\u00e3o em LDO 2022 impacta novo certame na educa\u00e7\u00e3o!","description":"A C\u00e2mara Legislativa do DF aprovou altera\u00e7\u00f5es na LDO 2022 que impactaram a autoriza\u00e7\u00e3o de certames como o da SEDF no que vem. Confira!","robots":{"index":"index","follow":"follow","max-snippet":"max-snippet:-1","max-image-preview":"max-image-preview:large","max-video-preview":"max-video-preview:-1"},"canonical":"https:\/\/www.estrategiaconcursos.com.br\/blog\/sedf-alteracaoldo-2022certame-educacao\/","og_locale":"pt_BR","og_type":"article","og_title":"SEDF: altera\u00e7\u00e3o em LDO 2022 impacta novo certame na educa\u00e7\u00e3o!","og_description":"A C\u00e2mara Legislativa do DF aprovou altera\u00e7\u00f5es na LDO 2022 que impactaram a autoriza\u00e7\u00e3o de certames como o da SEDF no que vem. Confira!","og_url":"https:\/\/www.estrategiaconcursos.com.br\/blog\/sedf-alteracaoldo-2022certame-educacao\/","og_site_name":"Estrat\u00e9gia Concursos","article_published_time":"2021-12-16T19:08:00+00:00","article_modified_time":"2021-12-17T22:55:23+00:00","og_image":[{"width":768,"height":432,"url":"https:\/\/dhg1h5j42swfq.cloudfront.net\/2021\/12\/16163441\/sedf.jpeg","type":"image\/jpeg"}],"author":"Brunno Lima","twitter_card":"summary_large_image","twitter_creator":"@EstratConcursos","twitter_site":"@EstratConcursos","twitter_misc":{"Escrito por":"Brunno Lima","Est. tempo de leitura":"2 minutos"},"schema":{"@context":"https:\/\/schema.org","@graph":[{"@type":"NewsArticle","@id":"https:\/\/www.estrategiaconcursos.com.br\/blog\/sedf-alteracaoldo-2022certame-educacao\/#article","isPartOf":{"@id":"https:\/\/www.estrategiaconcursos.com.br\/blog\/sedf-alteracaoldo-2022certame-educacao\/"},"author":{"name":"Brunno Lima","@id":"https:\/\/www.estrategiaconcursos.com.br\/blog\/#\/schema\/person\/2865ec132c3404c9912015dd7a24eb1e"},"headline":"SEDF: altera\u00e7\u00e3o em LDO 2022 impacta novo certame na educa\u00e7\u00e3o!","datePublished":"2021-12-16T19:08:00+00:00","dateModified":"2021-12-17T22:55:23+00:00","mainEntityOfPage":{"@id":"https:\/\/www.estrategiaconcursos.com.br\/blog\/sedf-alteracaoldo-2022certame-educacao\/"},"wordCount":429,"commentCount":0,"publisher":{"@id":"https:\/\/www.estrategiaconcursos.com.br\/blog\/#organization"},"image":{"@id":"https:\/\/www.estrategiaconcursos.com.br\/blog\/sedf-alteracaoldo-2022certame-educacao\/#primaryimage"},"thumbnailUrl":"https:\/\/dhg1h5j42swfq.cloudfront.net\/2021\/12\/16163441\/sedf.jpeg","articleSection":["Educa\u00e7\u00e3o"],"inLanguage":"pt-BR","potentialAction":[{"@type":"CommentAction","name":"Comment","target":["https:\/\/www.estrategiaconcursos.com.br\/blog\/sedf-alteracaoldo-2022certame-educacao\/#respond"]}],"copyrightYear":"2021","copyrightHolder":{"@id":"https:\/\/www.estrategiaconcursos.com.br\/blog\/#organization"}},{"@type":"WebPage","@id":"https:\/\/www.estrategiaconcursos.com.br\/blog\/sedf-alteracaoldo-2022certame-educacao\/","url":"https:\/\/www.estrategiaconcursos.com.br\/blog\/sedf-alteracaoldo-2022certame-educacao\/","name":"SEDF: altera\u00e7\u00e3o em LDO 2022 impacta novo certame na educa\u00e7\u00e3o!","isPartOf":{"@id":"https:\/\/www.estrategiaconcursos.com.br\/blog\/#website"},"primaryImageOfPage":{"@id":"https:\/\/www.estrategiaconcursos.com.br\/blog\/sedf-alteracaoldo-2022certame-educacao\/#primaryimage"},"image":{"@id":"https:\/\/www.estrategiaconcursos.com.br\/blog\/sedf-alteracaoldo-2022certame-educacao\/#primaryimage"},"thumbnailUrl":"https:\/\/dhg1h5j42swfq.cloudfront.net\/2021\/12\/16163441\/sedf.jpeg","datePublished":"2021-12-16T19:08:00+00:00","dateModified":"2021-12-17T22:55:23+00:00","description":"A C\u00e2mara Legislativa do DF aprovou altera\u00e7\u00f5es na LDO 2022 que impactaram a autoriza\u00e7\u00e3o de certames como o da SEDF no que vem. Confira!","breadcrumb":{"@id":"https:\/\/www.estrategiaconcursos.com.br\/blog\/sedf-alteracaoldo-2022certame-educacao\/#breadcrumb"},"inLanguage":"pt-BR","potentialAction":[{"@type":"ReadAction","target":["https:\/\/www.estrategiaconcursos.com.br\/blog\/sedf-alteracaoldo-2022certame-educacao\/"]}]},{"@type":"ImageObject","inLanguage":"pt-BR","@id":"https:\/\/www.estrategiaconcursos.com.br\/blog\/sedf-alteracaoldo-2022certame-educacao\/#primaryimage","url":"https:\/\/dhg1h5j42swfq.cloudfront.net\/2021\/12\/16163441\/sedf.jpeg","contentUrl":"https:\/\/dhg1h5j42swfq.cloudfront.net\/2021\/12\/16163441\/sedf.jpeg","width":768,"height":432,"caption":"SEDF"},{"@type":"BreadcrumbList","@id":"https:\/\/www.estrategiaconcursos.com.br\/blog\/sedf-alteracaoldo-2022certame-educacao\/#breadcrumb","itemListElement":[{"@type":"ListItem","position":1,"name":"In\u00edcio","item":"https:\/\/www.estrategiaconcursos.com.br\/blog\/"},{"@type":"ListItem","position":2,"name":"SEDF: altera\u00e7\u00e3o em LDO 2022 impacta novo certame na educa\u00e7\u00e3o!"}]},{"@type":"WebSite","@id":"https:\/\/www.estrategiaconcursos.com.br\/blog\/#website","url":"https:\/\/www.estrategiaconcursos.com.br\/blog\/","name":"Estrat\u00e9gia Concursos","description":"O blog da Estrat\u00e9gia Concursos traz not\u00edcias sobre concursos e artigos de professores oferecendo cursos para concursos (pdf + videaulas) no site.","publisher":{"@id":"https:\/\/www.estrategiaconcursos.com.br\/blog\/#organization"},"potentialAction":[{"@type":"SearchAction","target":{"@type":"EntryPoint","urlTemplate":"https:\/\/www.estrategiaconcursos.com.br\/blog\/?s={search_term_string}"},"query-input":{"@type":"PropertyValueSpecification","valueRequired":true,"valueName":"search_term_string"}}],"inLanguage":"pt-BR"},{"@type":"Organization","@id":"https:\/\/www.estrategiaconcursos.com.br\/blog\/#organization","name":"Estrat\u00e9gia Concursos","url":"https:\/\/www.estrategiaconcursos.com.br\/blog\/","logo":{"@type":"ImageObject","inLanguage":"pt-BR","@id":"https:\/\/www.estrategiaconcursos.com.br\/blog\/#\/schema\/logo\/image\/","url":"https:\/\/dhg1h5j42swfq.cloudfront.net\/2025\/06\/03203428\/logo_concursos-1.jpg","contentUrl":"https:\/\/dhg1h5j42swfq.cloudfront.net\/2025\/06\/03203428\/logo_concursos-1.jpg","width":230,"height":60,"caption":"Estrat\u00e9gia Concursos"},"image":{"@id":"https:\/\/www.estrategiaconcursos.com.br\/blog\/#\/schema\/logo\/image\/"},"sameAs":["https:\/\/x.com\/EstratConcursos"]},{"@type":"Person","@id":"https:\/\/www.estrategiaconcursos.com.br\/blog\/#\/schema\/person\/2865ec132c3404c9912015dd7a24eb1e","name":"Brunno Lima","image":{"@type":"ImageObject","inLanguage":"pt-BR","@id":"https:\/\/secure.gravatar.com\/avatar\/d40b472e5e2856222d4a4a1c3ee2189ed7d7a9f67dc3343b880cc1889a7bd6af?s=96&d=mm&r=g","url":"https:\/\/secure.gravatar.com\/avatar\/d40b472e5e2856222d4a4a1c3ee2189ed7d7a9f67dc3343b880cc1889a7bd6af?s=96&d=mm&r=g","contentUrl":"https:\/\/secure.gravatar.com\/avatar\/d40b472e5e2856222d4a4a1c3ee2189ed7d7a9f67dc3343b880cc1889a7bd6af?s=96&d=mm&r=g","caption":"Brunno Lima"},"url":"https:\/\/www.estrategiaconcursos.com.br\/blog\/author\/brunnoestrategiaconcursos-com-br\/"}]}},"_links":{"self":[{"href":"https:\/\/www.estrategiaconcursos.com.br\/blog\/wp-json\/wp\/v2\/posts\/930930","targetHints":{"allow":["GET"]}}],"collection":[{"href":"https:\/\/www.estrategiaconcursos.com.br\/blog\/wp-json\/wp\/v2\/posts"}],"about":[{"href":"https:\/\/www.estrategiaconcursos.com.br\/blog\/wp-json\/wp\/v2\/types\/post"}],"author":[{"embeddable":true,"href":"https:\/\/www.estrategiaconcursos.com.br\/blog\/wp-json\/wp\/v2\/users\/741"}],"replies":[{"embeddable":true,"href":"https:\/\/www.estrategiaconcursos.com.br\/blog\/wp-json\/wp\/v2\/comments?post=930930"}],"version-history":[{"count":12,"href":"https:\/\/www.estrategiaconcursos.com.br\/blog\/wp-json\/wp\/v2\/posts\/930930\/revisions"}],"predecessor-version":[{"id":932142,"href":"https:\/\/www.estrategiaconcursos.com.br\/blog\/wp-json\/wp\/v2\/posts\/930930\/revisions\/932142"}],"wp:featuredmedia":[{"embeddable":true,"href":"https:\/\/www.estrategiaconcursos.com.br\/blog\/wp-json\/wp\/v2\/media\/930990"}],"wp:attachment":[{"href":"https:\/\/www.estrategiaconcursos.com.br\/blog\/wp-json\/wp\/v2\/media?parent=930930"}],"wp:term":[{"taxonomy":"category","embeddable":true,"href":"https:\/\/www.estrategiaconcursos.com.br\/blog\/wp-json\/wp\/v2\/categories?post=930930"},{"taxonomy":"post_tag","embeddable":true,"href":"https:\/\/www.estrategiaconcursos.com.br\/blog\/wp-json\/wp\/v2\/tags?post=930930"},{"taxonomy":"tax_estado","embeddable":true,"href":"https:\/\/www.estrategiaconcursos.com.br\/blog\/wp-json\/wp\/v2\/tax_estado?post=930930"}],"curies":[{"name":"wp","href":"https:\/\/api.w.org\/{rel}","templated":true}]}}