{"id":930574,"date":"2021-12-15T15:42:00","date_gmt":"2021-12-15T18:42:00","guid":{"rendered":"https:\/\/www.estrategiaconcursos.com.br\/blog\/?p=930574"},"modified":"2021-12-16T09:42:52","modified_gmt":"2021-12-16T12:42:52","slug":"concurso-policia-penal-df-orcamento-2022","status":"publish","type":"post","link":"https:\/\/www.estrategiaconcursos.com.br\/blog\/concurso-policia-penal-df-orcamento-2022\/","title":{"rendered":"Pol\u00edcia Penal DF: sele\u00e7\u00e3o \u00e9 prevista em LOA 2022 rec\u00e9m aprovada"},"content":{"rendered":"\n<p>Foi <strong>aprovada <\/strong>nesta ter\u00e7a-feira (14), na C\u00e2mara Legislativa do DF,\u00a0a Lei Or\u00e7ament\u00e1ria Anual\u00a0<strong>(LOA 2022)<\/strong>\u00a0que prev\u00ea a realiza\u00e7\u00e3o do pr\u00f3ximo\u00a0<strong>concurso Pol\u00edcia Penal DF<\/strong>. \u00c0 seguran\u00e7a p\u00fablica ser\u00e3o repassados o total de R$ 8,65 bilh\u00f5es. O texto agora segue para san\u00e7\u00e3o do governador Ibaneis Rocha.<\/p>\n\n\n\n<div class=\"wp-block-image\"><figure class=\"aligncenter size-large is-resized\"><img loading=\"lazy\" decoding=\"async\" src=\"https:\/\/dhg1h5j42swfq.cloudfront.net\/2021\/12\/14100129\/forca-1132x670-1-1024x606.jpg\" alt=\"pol\u00edcia penal df LOA\" class=\"wp-image-928909\" width=\"840\" height=\"497\" srcset=\"https:\/\/dhg1h5j42swfq.cloudfront.net\/2021\/12\/14100129\/forca-1132x670-1-1024x606.jpg 1024w, https:\/\/dhg1h5j42swfq.cloudfront.net\/2021\/12\/14100129\/forca-1132x670-1-300x178.jpg 300w, https:\/\/dhg1h5j42swfq.cloudfront.net\/2021\/12\/14100129\/forca-1132x670-1-768x455.jpg 768w, https:\/\/dhg1h5j42swfq.cloudfront.net\/2021\/12\/14100129\/forca-1132x670-1-610x361.jpg 610w, https:\/\/dhg1h5j42swfq.cloudfront.net\/2021\/12\/14100129\/forca-1132x670-1.jpg 1132w\" sizes=\"auto, (max-width: 840px) 100vw, 840px\" \/><figcaption>Concurso Pol\u00edcia Penal DF: LOA 2022 \u00e9 aprovada e prev\u00ea nova sele\u00e7\u00e3o | Imagem: reprodu\u00e7\u00e3o<\/figcaption><\/figure><\/div>\n\n\n\n<p>A pe\u00e7a foi encaminhada pelo Poder Executivo em setembro e estima uma receita de R$ 48,23 bilh\u00f5es para 2022. O valor dar\u00e1 viabilidade para provimento de cargos em 28 concursos, dentre os quais o da Pol\u00edcia Civil do Distrito Federal (PCDF).<\/p>\n\n\n\n<p>Ap\u00f3s encaminhamento da PLOA \u00e0 CLDF, o governador do DF, Ibaneis Rocha enviou a mensagem para inser\u00e7\u00e3o da terceira parcela de reajuste dos servidores distritais a partir de abril do pr\u00f3ximo ano. Neste caso, o impacto ser\u00e1 em torno de R$ 1 bilh\u00e3o em 2022.<\/p>\n\n\n\n<p>Importante frisar que recentemente foi publicada a\u00a0<a href=\"https:\/\/dhg1h5j42swfq.cloudfront.net\/2021\/12\/14093049\/policia-penal-df.pdf\" target=\"_blank\" rel=\"noreferrer noopener\">Lei n\u00b07.002\/2021<\/a>\u00a0que cria a carreira de Policial Penal do DF. Agora, os Agente de Execu\u00e7\u00e3o Penal e a carreira de Execu\u00e7\u00e3o Penal passam a chamar, respectivamente, Policial Penal e carreira da Pol\u00edcia Penal.<\/p>\n\n\n\n<p>Com edital previsto para ser publicado em breve, a sele\u00e7\u00e3o j\u00e1 est\u00e1 em fase de contrata\u00e7\u00e3o da banca organizadora. Segundo a Secretaria de Administra\u00e7\u00e3o Penitenci\u00e1ria, as empresas j\u00e1 encaminharam suas propostas.<\/p>\n\n\n\n<p>A assessoria de comunica\u00e7\u00e3o ainda ressaltou que, de acordo com o cronograma, a\u00a0<strong>aplica\u00e7\u00e3o das provas \u00e9 prevista para o m\u00eas de fevereiro ou mar\u00e7o de 2022<\/strong>. S\u00e3o previstas 1.179 vagas, sendo 400 para provimento imediato, para a carreira de n\u00edvel superior.<\/p>\n\n\n\n<p class=\"has-text-align-center\"><strong>Preparamos um artigo completo com mais informa\u00e7\u00f5es sobre o Concurso Pol\u00edcia Penal DF.<\/strong><\/p>\n\n\n\n<h3 class=\"has-text-align-center has-black-color has-cyan-bluish-gray-background-color has-text-color has-background wp-block-heading\"> <a href=\"https:\/\/www.estrategiaconcursos.com.br\/blog\/concurso-policia-penal-df\/\" target=\"_blank\" rel=\"noreferrer noopener\"><strong>Concurso Pol\u00edcia Penal DF<\/strong><\/a><\/h3>\n\n\n\n<h3 class=\"has-text-align-center wp-block-heading\"><strong>Quer estudar para Pol\u00edcia Penal DF com o l\u00edder absoluto em aprova\u00e7\u00e3o? <\/strong><br \/><strong>Acesse nossos cursos a seguir!<\/strong><\/h3>\n\n\n\n<div class=\"container\" id=\"boxes\">\n  <div class=\"row\"> \n\n    <div class=\"col-sm\">\n      <div class=\"banner-policial\" id=\"box-assinatura\">\n        <h3 class=\"titulo-assinatura\">Concurso Pol\u00edcia Penal DF<\/h3>\n        <p class=\"subtitulo-assinatura\">Conhe\u00e7a os cursos<\/p>\n        <div class=\"box-botao\">\n          <a class=\"btn-assinatura\" target=\"_blank\" href=\"https:\/\/www.estrategiaconcursos.com.br\/cursosPorConcurso\/subsecretaria-do-sistema-penitenciario-do-distrito-federal-sesipe-df\/\" role=\"button\" rel=\"noopener noreferrer\">Conhe\u00e7a mais<\/a>\n        <\/div>\n      <\/div>\n     \n\n  <\/div>\n<\/div><\/div>\n\n\n\n<div class=\"container\" id=\"boxes\">\n  <div class=\"row\">\n\n    <div class=\"col-sm\">\n      <div class=\"estrategia\" id=\"box-assinatura\">\n        <h3 class=\"titulo-assinatura\">Assinatura de Concursos<\/h3>\n        <p class=\"subtitulo-assinatura\">Assinatura de 1 ano ou 2 anos<\/p>\n        <div class=\"box-botao\">\n          <a class=\"btn-assinatura\" target=\"_blank\" href=\"https:\/\/www.estrategiaconcursos.com.br\/assinaturas\/\" role=\"button\" rel=\"noopener noreferrer\">ASSINE AGORA<\/a>\n        <\/div>\n      <\/div>\n     \n    <\/div><\/div><\/div>\n\n\n\n<h2 class=\"has-text-align-center wp-block-heading\" id=\"h-quer-saber-tudo-sobre-concursos-previstos-confira-nossos-artigos\">Quer saber tudo sobre concursos previstos?<br \/>Confira nossos artigos!<\/h2>\n\n\n\n<ul class=\"wp-block-list\"><li><a href=\"https:\/\/www.estrategiaconcursos.com.br\/blog\/concursos-abertos\/\" target=\"_blank\" rel=\"noreferrer noopener\">Concursos abertos<\/a><\/li><li><a href=\"https:\/\/www.estrategiaconcursos.com.br\/blog\/concursos-2021\/\" target=\"_blank\" rel=\"noreferrer noopener\">Concursos 2021<\/a><\/li><li><a href=\"https:\/\/www.estrategiaconcursos.com.br\/blog\/concursos-2022\/\" target=\"_blank\" rel=\"noreferrer noopener\">Concursos 2022<\/a><\/li><\/ul>\n","protected":false},"excerpt":{"rendered":"<p>Foi aprovada nesta ter\u00e7a-feira (14), na C\u00e2mara Legislativa do DF,\u00a0a Lei Or\u00e7ament\u00e1ria Anual\u00a0(LOA 2022)\u00a0que prev\u00ea a realiza\u00e7\u00e3o do pr\u00f3ximo\u00a0concurso Pol\u00edcia Penal DF. \u00c0 seguran\u00e7a p\u00fablica ser\u00e3o repassados o total de R$ 8,65 bilh\u00f5es. O texto agora segue para san\u00e7\u00e3o do governador Ibaneis Rocha. A pe\u00e7a foi encaminhada pelo Poder Executivo em setembro e estima uma [&hellip;]<\/p>\n","protected":false},"author":2134,"featured_media":781013,"comment_status":"open","ping_status":"closed","sticky":false,"template":"","format":"standard","meta":{"post_tipo":"news","footnotes":""},"categories":[220188,220219],"tags":[],"tax_estado":[219970],"class_list":["post-930574","post","type-post","status-publish","format-standard","has-post-thumbnail","hentry","category-policial-agente-penitenciario","category-noticias","tax_estado-df"],"acf":[],"yoast_head":"<!-- This site is optimized with the Yoast SEO Premium plugin v27.2 (Yoast SEO v27.2) - https:\/\/yoast.com\/product\/yoast-seo-premium-wordpress\/ -->\n<title>Pol\u00edcia Penal DF: sele\u00e7\u00e3o \u00e9 prevista em LOA 2022 rec\u00e9m aprovada<\/title>\n<meta name=\"description\" content=\"Concurso Pol\u00edcia Penal DF: LOA 2022 \u00e9 aprovada na C\u00e2mara Legislativa do Distrito Federal e prev\u00ea nova sele\u00e7\u00e3o. Confira os detalhes!\" \/>\n<meta name=\"robots\" content=\"index, follow, max-snippet:-1, max-image-preview:large, max-video-preview:-1\" \/>\n<link rel=\"canonical\" href=\"https:\/\/www.estrategiaconcursos.com.br\/blog\/concurso-policia-penal-df-orcamento-2022\/\" \/>\n<meta property=\"og:locale\" content=\"pt_BR\" \/>\n<meta property=\"og:type\" content=\"article\" \/>\n<meta property=\"og:title\" content=\"Pol\u00edcia Penal DF: sele\u00e7\u00e3o \u00e9 prevista em LOA 2022 rec\u00e9m aprovada\" \/>\n<meta property=\"og:description\" content=\"Concurso Pol\u00edcia Penal DF: LOA 2022 \u00e9 aprovada na C\u00e2mara Legislativa do Distrito Federal e prev\u00ea nova sele\u00e7\u00e3o. Confira os detalhes!\" \/>\n<meta property=\"og:url\" content=\"https:\/\/www.estrategiaconcursos.com.br\/blog\/concurso-policia-penal-df-orcamento-2022\/\" \/>\n<meta property=\"og:site_name\" content=\"Estrat\u00e9gia Concursos\" \/>\n<meta property=\"article:published_time\" content=\"2021-12-15T18:42:00+00:00\" \/>\n<meta property=\"article:modified_time\" content=\"2021-12-16T12:42:52+00:00\" \/>\n<meta property=\"og:image\" content=\"https:\/\/dhg1h5j42swfq.cloudfront.net\/2021\/04\/29210356\/agepen-df-1.jpg\" \/>\n\t<meta property=\"og:image:width\" content=\"768\" \/>\n\t<meta property=\"og:image:height\" content=\"432\" \/>\n\t<meta property=\"og:image:type\" content=\"image\/jpeg\" \/>\n<meta name=\"author\" content=\"Rafaela Teixeira\" \/>\n<meta name=\"twitter:card\" content=\"summary_large_image\" \/>\n<meta name=\"twitter:creator\" content=\"@EstratConcursos\" \/>\n<meta name=\"twitter:site\" content=\"@EstratConcursos\" \/>\n<meta name=\"twitter:label1\" content=\"Escrito por\" \/>\n\t<meta name=\"twitter:data1\" content=\"Rafaela Teixeira\" \/>\n\t<meta name=\"twitter:label2\" content=\"Est. tempo de leitura\" \/>\n\t<meta name=\"twitter:data2\" content=\"2 minutos\" \/>\n<script type=\"application\/ld+json\" class=\"yoast-schema-graph\">{\"@context\":\"https:\/\/schema.org\",\"@graph\":[{\"@type\":\"NewsArticle\",\"@id\":\"https:\/\/www.estrategiaconcursos.com.br\/blog\/concurso-policia-penal-df-orcamento-2022\/#article\",\"isPartOf\":{\"@id\":\"https:\/\/www.estrategiaconcursos.com.br\/blog\/concurso-policia-penal-df-orcamento-2022\/\"},\"author\":{\"name\":\"Rafaela Teixeira\",\"@id\":\"https:\/\/www.estrategiaconcursos.com.br\/blog\/#\/schema\/person\/e75352021ea7f60781c599934f916eb1\"},\"headline\":\"Pol\u00edcia Penal DF: sele\u00e7\u00e3o \u00e9 prevista em LOA 2022 rec\u00e9m aprovada\",\"datePublished\":\"2021-12-15T18:42:00+00:00\",\"dateModified\":\"2021-12-16T12:42:52+00:00\",\"mainEntityOfPage\":{\"@id\":\"https:\/\/www.estrategiaconcursos.com.br\/blog\/concurso-policia-penal-df-orcamento-2022\/\"},\"wordCount\":367,\"commentCount\":0,\"publisher\":{\"@id\":\"https:\/\/www.estrategiaconcursos.com.br\/blog\/#organization\"},\"image\":{\"@id\":\"https:\/\/www.estrategiaconcursos.com.br\/blog\/concurso-policia-penal-df-orcamento-2022\/#primaryimage\"},\"thumbnailUrl\":\"https:\/\/dhg1h5j42swfq.cloudfront.net\/2021\/04\/29210356\/agepen-df-1.jpg\",\"articleSection\":[\"Policial (Agente Penitenci\u00e1rio)\",\"\u00daltimas not\u00edcias\"],\"inLanguage\":\"pt-BR\",\"potentialAction\":[{\"@type\":\"CommentAction\",\"name\":\"Comment\",\"target\":[\"https:\/\/www.estrategiaconcursos.com.br\/blog\/concurso-policia-penal-df-orcamento-2022\/#respond\"]}],\"copyrightYear\":\"2021\",\"copyrightHolder\":{\"@id\":\"https:\/\/www.estrategiaconcursos.com.br\/blog\/#organization\"}},{\"@type\":\"WebPage\",\"@id\":\"https:\/\/www.estrategiaconcursos.com.br\/blog\/concurso-policia-penal-df-orcamento-2022\/\",\"url\":\"https:\/\/www.estrategiaconcursos.com.br\/blog\/concurso-policia-penal-df-orcamento-2022\/\",\"name\":\"Pol\u00edcia Penal DF: sele\u00e7\u00e3o \u00e9 prevista em LOA 2022 rec\u00e9m aprovada\",\"isPartOf\":{\"@id\":\"https:\/\/www.estrategiaconcursos.com.br\/blog\/#website\"},\"primaryImageOfPage\":{\"@id\":\"https:\/\/www.estrategiaconcursos.com.br\/blog\/concurso-policia-penal-df-orcamento-2022\/#primaryimage\"},\"image\":{\"@id\":\"https:\/\/www.estrategiaconcursos.com.br\/blog\/concurso-policia-penal-df-orcamento-2022\/#primaryimage\"},\"thumbnailUrl\":\"https:\/\/dhg1h5j42swfq.cloudfront.net\/2021\/04\/29210356\/agepen-df-1.jpg\",\"datePublished\":\"2021-12-15T18:42:00+00:00\",\"dateModified\":\"2021-12-16T12:42:52+00:00\",\"description\":\"Concurso Pol\u00edcia Penal DF: LOA 2022 \u00e9 aprovada na C\u00e2mara Legislativa do Distrito Federal e prev\u00ea nova sele\u00e7\u00e3o. Confira os detalhes!\",\"breadcrumb\":{\"@id\":\"https:\/\/www.estrategiaconcursos.com.br\/blog\/concurso-policia-penal-df-orcamento-2022\/#breadcrumb\"},\"inLanguage\":\"pt-BR\",\"potentialAction\":[{\"@type\":\"ReadAction\",\"target\":[\"https:\/\/www.estrategiaconcursos.com.br\/blog\/concurso-policia-penal-df-orcamento-2022\/\"]}]},{\"@type\":\"ImageObject\",\"inLanguage\":\"pt-BR\",\"@id\":\"https:\/\/www.estrategiaconcursos.com.br\/blog\/concurso-policia-penal-df-orcamento-2022\/#primaryimage\",\"url\":\"https:\/\/dhg1h5j42swfq.cloudfront.net\/2021\/04\/29210356\/agepen-df-1.jpg\",\"contentUrl\":\"https:\/\/dhg1h5j42swfq.cloudfront.net\/2021\/04\/29210356\/agepen-df-1.jpg\",\"width\":768,\"height\":432,\"caption\":\"concurso Agepen DF\"},{\"@type\":\"BreadcrumbList\",\"@id\":\"https:\/\/www.estrategiaconcursos.com.br\/blog\/concurso-policia-penal-df-orcamento-2022\/#breadcrumb\",\"itemListElement\":[{\"@type\":\"ListItem\",\"position\":1,\"name\":\"In\u00edcio\",\"item\":\"https:\/\/www.estrategiaconcursos.com.br\/blog\/\"},{\"@type\":\"ListItem\",\"position\":2,\"name\":\"Pol\u00edcia Penal DF: sele\u00e7\u00e3o \u00e9 prevista em LOA 2022 rec\u00e9m aprovada\"}]},{\"@type\":\"WebSite\",\"@id\":\"https:\/\/www.estrategiaconcursos.com.br\/blog\/#website\",\"url\":\"https:\/\/www.estrategiaconcursos.com.br\/blog\/\",\"name\":\"Estrat\u00e9gia Concursos\",\"description\":\"O blog da Estrat\u00e9gia Concursos traz not\u00edcias sobre concursos e artigos de professores oferecendo cursos para concursos (pdf + videaulas) no site.\",\"publisher\":{\"@id\":\"https:\/\/www.estrategiaconcursos.com.br\/blog\/#organization\"},\"potentialAction\":[{\"@type\":\"SearchAction\",\"target\":{\"@type\":\"EntryPoint\",\"urlTemplate\":\"https:\/\/www.estrategiaconcursos.com.br\/blog\/?s={search_term_string}\"},\"query-input\":{\"@type\":\"PropertyValueSpecification\",\"valueRequired\":true,\"valueName\":\"search_term_string\"}}],\"inLanguage\":\"pt-BR\"},{\"@type\":\"Organization\",\"@id\":\"https:\/\/www.estrategiaconcursos.com.br\/blog\/#organization\",\"name\":\"Estrat\u00e9gia Concursos\",\"url\":\"https:\/\/www.estrategiaconcursos.com.br\/blog\/\",\"logo\":{\"@type\":\"ImageObject\",\"inLanguage\":\"pt-BR\",\"@id\":\"https:\/\/www.estrategiaconcursos.com.br\/blog\/#\/schema\/logo\/image\/\",\"url\":\"https:\/\/dhg1h5j42swfq.cloudfront.net\/2025\/06\/03203428\/logo_concursos-1.jpg\",\"contentUrl\":\"https:\/\/dhg1h5j42swfq.cloudfront.net\/2025\/06\/03203428\/logo_concursos-1.jpg\",\"width\":230,\"height\":60,\"caption\":\"Estrat\u00e9gia Concursos\"},\"image\":{\"@id\":\"https:\/\/www.estrategiaconcursos.com.br\/blog\/#\/schema\/logo\/image\/\"},\"sameAs\":[\"https:\/\/x.com\/EstratConcursos\"]},{\"@type\":\"Person\",\"@id\":\"https:\/\/www.estrategiaconcursos.com.br\/blog\/#\/schema\/person\/e75352021ea7f60781c599934f916eb1\",\"name\":\"Rafaela Teixeira\",\"image\":{\"@type\":\"ImageObject\",\"inLanguage\":\"pt-BR\",\"@id\":\"https:\/\/secure.gravatar.com\/avatar\/8a349a2b22039b1ee88fc06461487c950fd6aa411ea8af8633314b43334ae793?s=96&d=mm&r=g\",\"url\":\"https:\/\/secure.gravatar.com\/avatar\/8a349a2b22039b1ee88fc06461487c950fd6aa411ea8af8633314b43334ae793?s=96&d=mm&r=g\",\"contentUrl\":\"https:\/\/secure.gravatar.com\/avatar\/8a349a2b22039b1ee88fc06461487c950fd6aa411ea8af8633314b43334ae793?s=96&d=mm&r=g\",\"caption\":\"Rafaela Teixeira\"},\"description\":\"Rafaela Teixeira \u00e9 advogada conveniada \u00e0 Defensoria P\u00fablica de S\u00e3o Paulo pela OAB, com experi\u00eancia em reda\u00e7\u00e3o jur\u00eddica e atua\u00e7\u00e3o em institui\u00e7\u00f5es p\u00fablicas, incluindo est\u00e1gio no TRE-SP. Possui mais de 7 anos de experi\u00eancia na produ\u00e7\u00e3o de conte\u00fados voltados ao nicho de concursos p\u00fablicos, com foco em apura\u00e7\u00e3o jornal\u00edstica cont\u00ednua, an\u00e1lise de editais e obten\u00e7\u00e3o de informa\u00e7\u00f5es diretamente junto a \u00f3rg\u00e3os e fontes oficiais. No Blog do Estrat\u00e9gia Concursos, atua como Analista de Conte\u00fado S\u00eanior, respons\u00e1vel pelo jornalismo do per\u00edodo noturno e da madrugada, com atua\u00e7\u00e3o transversal na cobertura de concursos p\u00fablicos, garantindo a continuidade, fluidez e confiabilidade das publica\u00e7\u00f5es e dos bastidores dos certames.\",\"url\":\"https:\/\/www.estrategiaconcursos.com.br\/blog\/author\/rafaela-teixeira\/\"}]}<\/script>\n<!-- \/ Yoast SEO Premium plugin. -->","yoast_head_json":{"title":"Pol\u00edcia Penal DF: sele\u00e7\u00e3o \u00e9 prevista em LOA 2022 rec\u00e9m aprovada","description":"Concurso Pol\u00edcia Penal DF: LOA 2022 \u00e9 aprovada na C\u00e2mara Legislativa do Distrito Federal e prev\u00ea nova sele\u00e7\u00e3o. Confira os detalhes!","robots":{"index":"index","follow":"follow","max-snippet":"max-snippet:-1","max-image-preview":"max-image-preview:large","max-video-preview":"max-video-preview:-1"},"canonical":"https:\/\/www.estrategiaconcursos.com.br\/blog\/concurso-policia-penal-df-orcamento-2022\/","og_locale":"pt_BR","og_type":"article","og_title":"Pol\u00edcia Penal DF: sele\u00e7\u00e3o \u00e9 prevista em LOA 2022 rec\u00e9m aprovada","og_description":"Concurso Pol\u00edcia Penal DF: LOA 2022 \u00e9 aprovada na C\u00e2mara Legislativa do Distrito Federal e prev\u00ea nova sele\u00e7\u00e3o. Confira os detalhes!","og_url":"https:\/\/www.estrategiaconcursos.com.br\/blog\/concurso-policia-penal-df-orcamento-2022\/","og_site_name":"Estrat\u00e9gia Concursos","article_published_time":"2021-12-15T18:42:00+00:00","article_modified_time":"2021-12-16T12:42:52+00:00","og_image":[{"width":768,"height":432,"url":"https:\/\/dhg1h5j42swfq.cloudfront.net\/2021\/04\/29210356\/agepen-df-1.jpg","type":"image\/jpeg"}],"author":"Rafaela Teixeira","twitter_card":"summary_large_image","twitter_creator":"@EstratConcursos","twitter_site":"@EstratConcursos","twitter_misc":{"Escrito por":"Rafaela Teixeira","Est. tempo de leitura":"2 minutos"},"schema":{"@context":"https:\/\/schema.org","@graph":[{"@type":"NewsArticle","@id":"https:\/\/www.estrategiaconcursos.com.br\/blog\/concurso-policia-penal-df-orcamento-2022\/#article","isPartOf":{"@id":"https:\/\/www.estrategiaconcursos.com.br\/blog\/concurso-policia-penal-df-orcamento-2022\/"},"author":{"name":"Rafaela Teixeira","@id":"https:\/\/www.estrategiaconcursos.com.br\/blog\/#\/schema\/person\/e75352021ea7f60781c599934f916eb1"},"headline":"Pol\u00edcia Penal DF: sele\u00e7\u00e3o \u00e9 prevista em LOA 2022 rec\u00e9m aprovada","datePublished":"2021-12-15T18:42:00+00:00","dateModified":"2021-12-16T12:42:52+00:00","mainEntityOfPage":{"@id":"https:\/\/www.estrategiaconcursos.com.br\/blog\/concurso-policia-penal-df-orcamento-2022\/"},"wordCount":367,"commentCount":0,"publisher":{"@id":"https:\/\/www.estrategiaconcursos.com.br\/blog\/#organization"},"image":{"@id":"https:\/\/www.estrategiaconcursos.com.br\/blog\/concurso-policia-penal-df-orcamento-2022\/#primaryimage"},"thumbnailUrl":"https:\/\/dhg1h5j42swfq.cloudfront.net\/2021\/04\/29210356\/agepen-df-1.jpg","articleSection":["Policial (Agente Penitenci\u00e1rio)","\u00daltimas not\u00edcias"],"inLanguage":"pt-BR","potentialAction":[{"@type":"CommentAction","name":"Comment","target":["https:\/\/www.estrategiaconcursos.com.br\/blog\/concurso-policia-penal-df-orcamento-2022\/#respond"]}],"copyrightYear":"2021","copyrightHolder":{"@id":"https:\/\/www.estrategiaconcursos.com.br\/blog\/#organization"}},{"@type":"WebPage","@id":"https:\/\/www.estrategiaconcursos.com.br\/blog\/concurso-policia-penal-df-orcamento-2022\/","url":"https:\/\/www.estrategiaconcursos.com.br\/blog\/concurso-policia-penal-df-orcamento-2022\/","name":"Pol\u00edcia Penal DF: sele\u00e7\u00e3o \u00e9 prevista em LOA 2022 rec\u00e9m aprovada","isPartOf":{"@id":"https:\/\/www.estrategiaconcursos.com.br\/blog\/#website"},"primaryImageOfPage":{"@id":"https:\/\/www.estrategiaconcursos.com.br\/blog\/concurso-policia-penal-df-orcamento-2022\/#primaryimage"},"image":{"@id":"https:\/\/www.estrategiaconcursos.com.br\/blog\/concurso-policia-penal-df-orcamento-2022\/#primaryimage"},"thumbnailUrl":"https:\/\/dhg1h5j42swfq.cloudfront.net\/2021\/04\/29210356\/agepen-df-1.jpg","datePublished":"2021-12-15T18:42:00+00:00","dateModified":"2021-12-16T12:42:52+00:00","description":"Concurso Pol\u00edcia Penal DF: LOA 2022 \u00e9 aprovada na C\u00e2mara Legislativa do Distrito Federal e prev\u00ea nova sele\u00e7\u00e3o. Confira os detalhes!","breadcrumb":{"@id":"https:\/\/www.estrategiaconcursos.com.br\/blog\/concurso-policia-penal-df-orcamento-2022\/#breadcrumb"},"inLanguage":"pt-BR","potentialAction":[{"@type":"ReadAction","target":["https:\/\/www.estrategiaconcursos.com.br\/blog\/concurso-policia-penal-df-orcamento-2022\/"]}]},{"@type":"ImageObject","inLanguage":"pt-BR","@id":"https:\/\/www.estrategiaconcursos.com.br\/blog\/concurso-policia-penal-df-orcamento-2022\/#primaryimage","url":"https:\/\/dhg1h5j42swfq.cloudfront.net\/2021\/04\/29210356\/agepen-df-1.jpg","contentUrl":"https:\/\/dhg1h5j42swfq.cloudfront.net\/2021\/04\/29210356\/agepen-df-1.jpg","width":768,"height":432,"caption":"concurso Agepen DF"},{"@type":"BreadcrumbList","@id":"https:\/\/www.estrategiaconcursos.com.br\/blog\/concurso-policia-penal-df-orcamento-2022\/#breadcrumb","itemListElement":[{"@type":"ListItem","position":1,"name":"In\u00edcio","item":"https:\/\/www.estrategiaconcursos.com.br\/blog\/"},{"@type":"ListItem","position":2,"name":"Pol\u00edcia Penal DF: sele\u00e7\u00e3o \u00e9 prevista em LOA 2022 rec\u00e9m aprovada"}]},{"@type":"WebSite","@id":"https:\/\/www.estrategiaconcursos.com.br\/blog\/#website","url":"https:\/\/www.estrategiaconcursos.com.br\/blog\/","name":"Estrat\u00e9gia Concursos","description":"O blog da Estrat\u00e9gia Concursos traz not\u00edcias sobre concursos e artigos de professores oferecendo cursos para concursos (pdf + videaulas) no site.","publisher":{"@id":"https:\/\/www.estrategiaconcursos.com.br\/blog\/#organization"},"potentialAction":[{"@type":"SearchAction","target":{"@type":"EntryPoint","urlTemplate":"https:\/\/www.estrategiaconcursos.com.br\/blog\/?s={search_term_string}"},"query-input":{"@type":"PropertyValueSpecification","valueRequired":true,"valueName":"search_term_string"}}],"inLanguage":"pt-BR"},{"@type":"Organization","@id":"https:\/\/www.estrategiaconcursos.com.br\/blog\/#organization","name":"Estrat\u00e9gia Concursos","url":"https:\/\/www.estrategiaconcursos.com.br\/blog\/","logo":{"@type":"ImageObject","inLanguage":"pt-BR","@id":"https:\/\/www.estrategiaconcursos.com.br\/blog\/#\/schema\/logo\/image\/","url":"https:\/\/dhg1h5j42swfq.cloudfront.net\/2025\/06\/03203428\/logo_concursos-1.jpg","contentUrl":"https:\/\/dhg1h5j42swfq.cloudfront.net\/2025\/06\/03203428\/logo_concursos-1.jpg","width":230,"height":60,"caption":"Estrat\u00e9gia Concursos"},"image":{"@id":"https:\/\/www.estrategiaconcursos.com.br\/blog\/#\/schema\/logo\/image\/"},"sameAs":["https:\/\/x.com\/EstratConcursos"]},{"@type":"Person","@id":"https:\/\/www.estrategiaconcursos.com.br\/blog\/#\/schema\/person\/e75352021ea7f60781c599934f916eb1","name":"Rafaela Teixeira","image":{"@type":"ImageObject","inLanguage":"pt-BR","@id":"https:\/\/secure.gravatar.com\/avatar\/8a349a2b22039b1ee88fc06461487c950fd6aa411ea8af8633314b43334ae793?s=96&d=mm&r=g","url":"https:\/\/secure.gravatar.com\/avatar\/8a349a2b22039b1ee88fc06461487c950fd6aa411ea8af8633314b43334ae793?s=96&d=mm&r=g","contentUrl":"https:\/\/secure.gravatar.com\/avatar\/8a349a2b22039b1ee88fc06461487c950fd6aa411ea8af8633314b43334ae793?s=96&d=mm&r=g","caption":"Rafaela Teixeira"},"description":"Rafaela Teixeira \u00e9 advogada conveniada \u00e0 Defensoria P\u00fablica de S\u00e3o Paulo pela OAB, com experi\u00eancia em reda\u00e7\u00e3o jur\u00eddica e atua\u00e7\u00e3o em institui\u00e7\u00f5es p\u00fablicas, incluindo est\u00e1gio no TRE-SP. Possui mais de 7 anos de experi\u00eancia na produ\u00e7\u00e3o de conte\u00fados voltados ao nicho de concursos p\u00fablicos, com foco em apura\u00e7\u00e3o jornal\u00edstica cont\u00ednua, an\u00e1lise de editais e obten\u00e7\u00e3o de informa\u00e7\u00f5es diretamente junto a \u00f3rg\u00e3os e fontes oficiais. No Blog do Estrat\u00e9gia Concursos, atua como Analista de Conte\u00fado S\u00eanior, respons\u00e1vel pelo jornalismo do per\u00edodo noturno e da madrugada, com atua\u00e7\u00e3o transversal na cobertura de concursos p\u00fablicos, garantindo a continuidade, fluidez e confiabilidade das publica\u00e7\u00f5es e dos bastidores dos certames.","url":"https:\/\/www.estrategiaconcursos.com.br\/blog\/author\/rafaela-teixeira\/"}]}},"_links":{"self":[{"href":"https:\/\/www.estrategiaconcursos.com.br\/blog\/wp-json\/wp\/v2\/posts\/930574","targetHints":{"allow":["GET"]}}],"collection":[{"href":"https:\/\/www.estrategiaconcursos.com.br\/blog\/wp-json\/wp\/v2\/posts"}],"about":[{"href":"https:\/\/www.estrategiaconcursos.com.br\/blog\/wp-json\/wp\/v2\/types\/post"}],"author":[{"embeddable":true,"href":"https:\/\/www.estrategiaconcursos.com.br\/blog\/wp-json\/wp\/v2\/users\/2134"}],"replies":[{"embeddable":true,"href":"https:\/\/www.estrategiaconcursos.com.br\/blog\/wp-json\/wp\/v2\/comments?post=930574"}],"version-history":[{"count":4,"href":"https:\/\/www.estrategiaconcursos.com.br\/blog\/wp-json\/wp\/v2\/posts\/930574\/revisions"}],"predecessor-version":[{"id":930609,"href":"https:\/\/www.estrategiaconcursos.com.br\/blog\/wp-json\/wp\/v2\/posts\/930574\/revisions\/930609"}],"wp:featuredmedia":[{"embeddable":true,"href":"https:\/\/www.estrategiaconcursos.com.br\/blog\/wp-json\/wp\/v2\/media\/781013"}],"wp:attachment":[{"href":"https:\/\/www.estrategiaconcursos.com.br\/blog\/wp-json\/wp\/v2\/media?parent=930574"}],"wp:term":[{"taxonomy":"category","embeddable":true,"href":"https:\/\/www.estrategiaconcursos.com.br\/blog\/wp-json\/wp\/v2\/categories?post=930574"},{"taxonomy":"post_tag","embeddable":true,"href":"https:\/\/www.estrategiaconcursos.com.br\/blog\/wp-json\/wp\/v2\/tags?post=930574"},{"taxonomy":"tax_estado","embeddable":true,"href":"https:\/\/www.estrategiaconcursos.com.br\/blog\/wp-json\/wp\/v2\/tax_estado?post=930574"}],"curies":[{"name":"wp","href":"https:\/\/api.w.org\/{rel}","templated":true}]}}