{"id":930479,"date":"2022-01-10T23:59:00","date_gmt":"2022-01-11T02:59:00","guid":{"rendered":"https:\/\/www.estrategiaconcursos.com.br\/blog\/?p=930479"},"modified":"2023-12-29T10:47:09","modified_gmt":"2023-12-29T13:47:09","slug":"edital-idaf-es","status":"publish","type":"post","link":"https:\/\/www.estrategiaconcursos.com.br\/blog\/edital-idaf-es\/","title":{"rendered":"Edital IDAF ES: 15 vagas mais CR e iniciais de R$ 5,4 mil!"},"content":{"rendered":"\n<p>O edital IDAF ES para provimento de 15 vagas mais cadastro de reserva no cargo de Fiscal Estadual encerrou o seu per\u00edodo de inscri\u00e7\u00f5es. O prazo para participar do certame era at\u00e9 o dia 10 de janeiro de 2022.<\/p>\n\n\n\n<p>Vale lembrar que todo o procedimento referente \u00e0s inscri\u00e7\u00f5es do concurso ocorreu no site da banca organizadora, <a href=\"https:\/\/www.idcap.org.br\/informacoes\/55\/\" target=\"_blank\" rel=\"noreferrer noopener\">IDCAP<\/a>. Al\u00e9m disso, tamb\u00e9m foi necess\u00e1rio pagar uma taxa fixada no valor de R$ 52.<\/p>\n\n\n\n<p>Agora, o pr\u00f3ximo passo ser\u00e1 a aplica\u00e7\u00e3o das provas objetivas e discursiva. Os exames seguem previstos para o dia 23 de janeiro de 2022. <strong>Maiores detalhes voc\u00ea confere no decorrer deste artigo!<\/strong><\/p>\n\n\n\n<h2 class=\"wp-block-heading\" id=\"datas\">Principais datas<\/h2>\n\n\n\n<p class=\"has-background\" style=\"background-color:#f6f6f6\"><strong>Inscri\u00e7\u00f5es<\/strong>: <s>21\/12\/2021 a 10\/01\/2022<\/s><br \/><strong>Pagamento da taxa:<\/strong> <s>11\/01\/2022<\/s><br \/><strong>Provas<\/strong>: 23\/01\/2022<\/p>\n\n\n\n<h2 class=\"wp-block-heading\" id=\"cargos\">Cargos e vagas do edital IDAF ES<\/h2>\n\n\n\n<p>De acordo com o edital do concurso IDAF ES, s\u00e3o ofertadas 15 vagas mais CR para o cargo de Fiscal Estadual Agropecu\u00e1rio, com forma\u00e7\u00e3o em Medicina Veterin\u00e1ria. Confira abaixo:<\/p>\n\n\n\n<figure class=\"wp-block-table is-style-stripes\"><table class=\"has-background has-fixed-layout\" style=\"background-color:#edfff8\"><thead><tr><th class=\"has-text-align-center\" data-align=\"center\"> <strong>CARGO<\/strong> <\/th><th class=\"has-text-align-center\" data-align=\"center\"> <strong>VAGAS<\/strong> <\/th><th class=\"has-text-align-center\" data-align=\"center\"> <strong>VAGAS &#8211; PcD<\/strong> <\/th><th class=\"has-text-align-center\" data-align=\"center\"> <strong>VAGAS &#8211; N\/I<\/strong> <\/th><th class=\"has-text-align-center\" data-align=\"center\"> <strong>CARGA HOR\u00c1RIA SEMANAL<\/strong> <\/th><th class=\"has-text-align-center\" data-align=\"center\"> <strong>SAL\u00c1RIO + AUX\u00cdLIO ALIMENTA\u00c7\u00c3O<\/strong> <\/th><\/tr><\/thead><tbody><tr><td class=\"has-text-align-center\" data-align=\"center\">Fiscal Estadual Agropecu\u00e1rio, com forma\u00e7\u00e3o em<br \/>Medicina Veterin\u00e1ria<\/td><td class=\"has-text-align-center\" data-align=\"center\">15 + CR<\/td><td class=\"has-text-align-center\" data-align=\"center\">01<\/td><td class=\"has-text-align-center\" data-align=\"center\">03<\/td><td class=\"has-text-align-center\" data-align=\"center\">40H<\/td><td class=\"has-text-align-center\" data-align=\"center\">R$ 5.416,56 + R$ 300,00<\/td><\/tr><\/tbody><\/table><\/figure>\n\n\n\n<h2 class=\"wp-block-heading\" id=\"etapas\">Etapas do edital IDAF ES<\/h2>\n\n\n\n<p>O concurso IDAF ES ser\u00e1 composto por duas importantes etapas, sendo a primeira de <strong>prova objetiva e a segunda de avalia\u00e7\u00e3o discursiva, ambas de car\u00e1ter eliminat\u00f3rio e classificat\u00f3rio. <\/strong><\/p>\n\n\n\n<p>Al\u00e9m disso, as provas ser\u00e3o aplicadas na data prevista do dia <strong>23 de janeiro de 2022<\/strong>, com dura\u00e7\u00e3o m\u00ednima de uma hora e no m\u00e1ximo de quatro horas.<\/p>\n\n\n\n<h3 class=\"wp-block-heading\" id=\"objetiva\">Prova objetiva<\/h3>\n\n\n\n<p>No caso da prova objetiva do concurso IDAF ES, os candidatos ter\u00e3o que enfrentar uma avalia\u00e7\u00e3o com 50 quest\u00f5es, sendo que cada quest\u00e3o ter\u00e1 cinco alternativas (A, B, C, D, E), com apenas uma correta. Confira na tabela abaixo:<\/p>\n\n\n\n<div class=\"wp-block-image\"><figure class=\"aligncenter size-full\"><img loading=\"lazy\" decoding=\"async\" width=\"752\" height=\"134\" src=\"https:\/\/dhg1h5j42swfq.cloudfront.net\/2021\/12\/16071340\/image-309.png\" alt=\"Prova objetiva do concurso IDAF ES\" class=\"wp-image-930467\" srcset=\"https:\/\/dhg1h5j42swfq.cloudfront.net\/2021\/12\/16071340\/image-309.png 752w, https:\/\/dhg1h5j42swfq.cloudfront.net\/2021\/12\/16071340\/image-309-300x53.png 300w, https:\/\/dhg1h5j42swfq.cloudfront.net\/2021\/12\/16071340\/image-309-610x109.png 610w\" sizes=\"auto, (max-width: 752px) 100vw, 752px\" \/><\/figure><\/div>\n\n\n\n<h3 class=\"wp-block-heading\" id=\"discursiva\">Prova discursiva<\/h3>\n\n\n\n<p>A prova discursiva ser\u00e1 composta por uma Pe\u00e7a Profissional e destinar-se-\u00e1 a avaliar o dom\u00ednio dos temas abordados, baseada em t\u00f3picos do conte\u00fado de Conhecimentos Espec\u00edficos do cargo de Fiscal Estadual Agropecu\u00e1rio, com forma\u00e7\u00e3o em Medicina Veterin\u00e1ria.<\/p>\n\n\n\n<p>Al\u00e9m disso, o exame ser\u00e1 composto de uma quest\u00e3o acerca de um dos t\u00f3picos do conte\u00fado de conhecimento espec\u00edfico a ser enunciado na prova, e ser\u00e1 avaliada de acordo com os seguintes aspectos:<\/p>\n\n\n\n<div class=\"wp-block-image\"><figure class=\"aligncenter size-full\"><img loading=\"lazy\" decoding=\"async\" width=\"750\" height=\"492\" src=\"https:\/\/dhg1h5j42swfq.cloudfront.net\/2021\/12\/16071535\/image-310.png\" alt=\"Prova discursiva do concurso IDAF ES\" class=\"wp-image-930470\" srcset=\"https:\/\/dhg1h5j42swfq.cloudfront.net\/2021\/12\/16071535\/image-310.png 750w, https:\/\/dhg1h5j42swfq.cloudfront.net\/2021\/12\/16071535\/image-310-300x197.png 300w, https:\/\/dhg1h5j42swfq.cloudfront.net\/2021\/12\/16071535\/image-310-610x400.png 610w\" sizes=\"auto, (max-width: 750px) 100vw, 750px\" \/><\/figure><\/div>\n\n\n\n<h2 class=\"has-text-align-center wp-block-heading\" id=\"cursos-assinatura\">Quer estudar para o edital IDAF ES?<\/h2>\n\n\n\n<div class=\"container\" id=\"boxes\">\n  <div class=\"row\">\n\n    <div class=\"col-sm\">\n      <div class=\"banner-adm\" id=\"box-assinatura\">\n        <h3 class=\"titulo-assinatura\">Concurso IDAF ES<\/h3>\n        <p class=\"subtitulo-assinatura\">Conhe\u00e7a os cursos<\/p>\n        <div class=\"box-botao\">\n          <a class=\"btn-assinatura\" target=\"_blank\" href=\"https:\/\/www.estrategiaconcursos.com.br\/cursosPorConcurso\/instituto-de-defesa-agropecuaria-e-florestal-do-espirito-santo-idaf-es\/\" role=\"button\" rel=\"noopener noreferrer\">Conhe\u00e7a mais<\/a>\n        <\/div>\n      <\/div>\n  \n    <\/div>\n\n  <\/div>\n<\/div>\n\n\n\n<div class=\"container\" id=\"boxes\">\n  <div class=\"row\">\n\n    <div class=\"col-sm\">\n      <div class=\"estrategia\" id=\"box-assinatura\">\n        <h3 class=\"titulo-assinatura\">Assinatura Concursos<\/h3>\n        <p class=\"subtitulo-assinatura\">Assinatura de 1 ano ou 2 anos<\/p>\n        <div class=\"box-botao\">\n          <a class=\"btn-assinatura\" target=\"_blank\" href=\"https:\/\/www.estrategiaconcursos.com.br\/assinaturas\/\" role=\"button\" rel=\"noopener noreferrer\">ASSINE AGORA<\/a>\n        <\/div>\n      <\/div><\/div><\/div><\/div>\n\n\n\n<h2 class=\"has-text-align-center wp-block-heading\" id=\"h-quer-saber-tudo-sobre-concursos-previstos-confira-nossos-artigos\">Quer saber tudo sobre concursos previstos?<br \/>Confira nossos artigos!<\/h2>\n\n\n\n<ul class=\"wp-block-list\"><li><a href=\"https:\/\/www.estrategiaconcursos.com.br\/blog\/concursos-abertos\/\" target=\"_blank\" rel=\"noreferrer noopener\">Concursos abertos<\/a><\/li><li><a href=\"https:\/\/www.estrategiaconcursos.com.br\/blog\/concursos-2022\/\" target=\"_blank\" rel=\"noreferrer noopener\">Concursos 2022<\/a><\/li><\/ul>\n\n\n\n<figure class=\"wp-block-image size-large is-resized\"><img loading=\"lazy\" decoding=\"async\" src=\"https:\/\/dhg1h5j42swfq.cloudfront.net\/2021\/03\/29095924\/ficha_t__cnica-1024x632.png\" alt=\"Informa\u00e7\u00f5es do concurso IDAF ES\" class=\"wp-image-703240\" width=\"274\" height=\"169\" srcset=\"https:\/\/dhg1h5j42swfq.cloudfront.net\/2021\/03\/29095924\/ficha_t__cnica-1024x632.png 1024w, https:\/\/dhg1h5j42swfq.cloudfront.net\/2021\/03\/29095924\/ficha_t__cnica-300x185.png 300w, https:\/\/dhg1h5j42swfq.cloudfront.net\/2021\/03\/29095924\/ficha_t__cnica-768x474.png 768w, https:\/\/dhg1h5j42swfq.cloudfront.net\/2021\/03\/29095924\/ficha_t__cnica-1536x948.png 1536w, https:\/\/dhg1h5j42swfq.cloudfront.net\/2021\/03\/29095924\/ficha_t__cnica-610x377.png 610w, https:\/\/dhg1h5j42swfq.cloudfront.net\/2021\/03\/29095924\/ficha_t__cnica.png 1571w\" sizes=\"auto, (max-width: 274px) 100vw, 274px\" \/><\/figure>\n\n\n\n<h3 class=\"wp-block-heading\" id=\"ficha\">Informa\u00e7\u00f5es do edital IDAF ES<\/h3>\n\n\n\n<ul class=\"wp-block-list\"><li><strong>Data da prova<\/strong>: 23\/01\/22<\/li><li><strong>Vagas<\/strong>: 15 + CR<\/li><li><strong>Cargos<\/strong>: Fiscal Estadual Agropecu\u00e1rio<\/li><li><strong>Banca<\/strong>: IDCAP\u00a0<\/li><li><strong>Escolaridade<\/strong>: N\u00edvel Superior <\/li><li><strong>Edital:<\/strong> <a href=\"https:\/\/dhg1h5j42swfq.cloudfront.net\/2021\/12\/16065421\/diario_oficial_2021-12-16_completo-paginas-98-115-2.pdf\" target=\"_blank\" rel=\"noreferrer noopener nofollow\">IDAF ES 2021<\/a><\/li><\/ul>\n","protected":false},"excerpt":{"rendered":"<p>O edital IDAF ES para provimento de 15 vagas mais cadastro de reserva no cargo de Fiscal Estadual encerrou o seu per\u00edodo de inscri\u00e7\u00f5es. O prazo para participar do certame era at\u00e9 o dia 10 de janeiro de 2022. Vale lembrar que todo o procedimento referente \u00e0s inscri\u00e7\u00f5es do concurso ocorreu no site da banca [&hellip;]<\/p>\n","protected":false},"author":656,"featured_media":704507,"comment_status":"open","ping_status":"closed","sticky":false,"template":"","format":"standard","meta":{"post_tipo":"news","footnotes":""},"categories":[214992],"tags":[],"tax_estado":[219971],"class_list":["post-930479","post","type-post","status-publish","format-standard","has-post-thumbnail","hentry","category-concursos-administrativos","tax_estado-es"],"acf":[],"yoast_head":"<!-- This site is optimized with the Yoast SEO Premium plugin v27.2 (Yoast SEO v27.2) - https:\/\/yoast.com\/product\/yoast-seo-premium-wordpress\/ -->\n<title>Edital IDAF ES: 15 vagas mais CR e iniciais de R$ 5,4 mil!<\/title>\n<meta name=\"description\" content=\"Edital IDAF ES: inscri\u00e7\u00f5es encerradas e provas no dia 23 de janeiro. S\u00e3o 15 vagas mais CR para Fiscal Estadual Agropecu\u00e1rio.\" \/>\n<meta name=\"robots\" content=\"index, follow, max-snippet:-1, max-image-preview:large, max-video-preview:-1\" \/>\n<link rel=\"canonical\" href=\"https:\/\/www.estrategiaconcursos.com.br\/blog\/edital-idaf-es\/\" \/>\n<meta property=\"og:locale\" content=\"pt_BR\" \/>\n<meta property=\"og:type\" content=\"article\" \/>\n<meta property=\"og:title\" content=\"Edital IDAF ES: 15 vagas mais CR e iniciais de R$ 5,4 mil!\" \/>\n<meta property=\"og:description\" content=\"Edital IDAF ES: inscri\u00e7\u00f5es encerradas e provas no dia 23 de janeiro. S\u00e3o 15 vagas mais CR para Fiscal Estadual Agropecu\u00e1rio.\" \/>\n<meta property=\"og:url\" content=\"https:\/\/www.estrategiaconcursos.com.br\/blog\/edital-idaf-es\/\" \/>\n<meta property=\"og:site_name\" content=\"Estrat\u00e9gia Concursos\" \/>\n<meta property=\"article:published_time\" content=\"2022-01-11T02:59:00+00:00\" \/>\n<meta property=\"article:modified_time\" content=\"2023-12-29T13:47:09+00:00\" \/>\n<meta property=\"og:image\" content=\"https:\/\/dhg1h5j42swfq.cloudfront.net\/2021\/03\/30113444\/idaf-es-1.jpg\" \/>\n\t<meta property=\"og:image:width\" content=\"1200\" \/>\n\t<meta property=\"og:image:height\" content=\"628\" \/>\n\t<meta property=\"og:image:type\" content=\"image\/jpeg\" \/>\n<meta name=\"author\" content=\"F\u00e1bio Scaldelai\" \/>\n<meta name=\"twitter:card\" content=\"summary_large_image\" \/>\n<meta name=\"twitter:creator\" content=\"@EstratConcursos\" \/>\n<meta name=\"twitter:site\" content=\"@EstratConcursos\" \/>\n<meta name=\"twitter:label1\" content=\"Escrito por\" \/>\n\t<meta name=\"twitter:data1\" content=\"F\u00e1bio Scaldelai\" \/>\n\t<meta name=\"twitter:label2\" content=\"Est. tempo de leitura\" \/>\n\t<meta name=\"twitter:data2\" content=\"3 minutos\" \/>\n<script type=\"application\/ld+json\" class=\"yoast-schema-graph\">{\"@context\":\"https:\/\/schema.org\",\"@graph\":[{\"@type\":\"NewsArticle\",\"@id\":\"https:\/\/www.estrategiaconcursos.com.br\/blog\/edital-idaf-es\/#article\",\"isPartOf\":{\"@id\":\"https:\/\/www.estrategiaconcursos.com.br\/blog\/edital-idaf-es\/\"},\"author\":{\"name\":\"F\u00e1bio Scaldelai\",\"@id\":\"https:\/\/www.estrategiaconcursos.com.br\/blog\/#\/schema\/person\/e3b6b7ce0192dd4ad270655969d61750\"},\"headline\":\"Edital IDAF ES: 15 vagas mais CR e iniciais de R$ 5,4 mil!\",\"datePublished\":\"2022-01-11T02:59:00+00:00\",\"dateModified\":\"2023-12-29T13:47:09+00:00\",\"mainEntityOfPage\":{\"@id\":\"https:\/\/www.estrategiaconcursos.com.br\/blog\/edital-idaf-es\/\"},\"wordCount\":457,\"commentCount\":0,\"publisher\":{\"@id\":\"https:\/\/www.estrategiaconcursos.com.br\/blog\/#organization\"},\"image\":{\"@id\":\"https:\/\/www.estrategiaconcursos.com.br\/blog\/edital-idaf-es\/#primaryimage\"},\"thumbnailUrl\":\"https:\/\/dhg1h5j42swfq.cloudfront.net\/2021\/03\/30113444\/idaf-es-1.jpg\",\"articleSection\":[\"Executivo (Administrativa)\"],\"inLanguage\":\"pt-BR\",\"potentialAction\":[{\"@type\":\"CommentAction\",\"name\":\"Comment\",\"target\":[\"https:\/\/www.estrategiaconcursos.com.br\/blog\/edital-idaf-es\/#respond\"]}],\"copyrightYear\":\"2022\",\"copyrightHolder\":{\"@id\":\"https:\/\/www.estrategiaconcursos.com.br\/blog\/#organization\"}},{\"@type\":\"WebPage\",\"@id\":\"https:\/\/www.estrategiaconcursos.com.br\/blog\/edital-idaf-es\/\",\"url\":\"https:\/\/www.estrategiaconcursos.com.br\/blog\/edital-idaf-es\/\",\"name\":\"Edital IDAF ES: 15 vagas mais CR e iniciais de R$ 5,4 mil!\",\"isPartOf\":{\"@id\":\"https:\/\/www.estrategiaconcursos.com.br\/blog\/#website\"},\"primaryImageOfPage\":{\"@id\":\"https:\/\/www.estrategiaconcursos.com.br\/blog\/edital-idaf-es\/#primaryimage\"},\"image\":{\"@id\":\"https:\/\/www.estrategiaconcursos.com.br\/blog\/edital-idaf-es\/#primaryimage\"},\"thumbnailUrl\":\"https:\/\/dhg1h5j42swfq.cloudfront.net\/2021\/03\/30113444\/idaf-es-1.jpg\",\"datePublished\":\"2022-01-11T02:59:00+00:00\",\"dateModified\":\"2023-12-29T13:47:09+00:00\",\"description\":\"Edital IDAF ES: inscri\u00e7\u00f5es encerradas e provas no dia 23 de janeiro. S\u00e3o 15 vagas mais CR para Fiscal Estadual Agropecu\u00e1rio.\",\"breadcrumb\":{\"@id\":\"https:\/\/www.estrategiaconcursos.com.br\/blog\/edital-idaf-es\/#breadcrumb\"},\"inLanguage\":\"pt-BR\",\"potentialAction\":[{\"@type\":\"ReadAction\",\"target\":[\"https:\/\/www.estrategiaconcursos.com.br\/blog\/edital-idaf-es\/\"]}]},{\"@type\":\"ImageObject\",\"inLanguage\":\"pt-BR\",\"@id\":\"https:\/\/www.estrategiaconcursos.com.br\/blog\/edital-idaf-es\/#primaryimage\",\"url\":\"https:\/\/dhg1h5j42swfq.cloudfront.net\/2021\/03\/30113444\/idaf-es-1.jpg\",\"contentUrl\":\"https:\/\/dhg1h5j42swfq.cloudfront.net\/2021\/03\/30113444\/idaf-es-1.jpg\",\"width\":1200,\"height\":628,\"caption\":\"Concurso IDAF ES 2026 banca\"},{\"@type\":\"BreadcrumbList\",\"@id\":\"https:\/\/www.estrategiaconcursos.com.br\/blog\/edital-idaf-es\/#breadcrumb\",\"itemListElement\":[{\"@type\":\"ListItem\",\"position\":1,\"name\":\"In\u00edcio\",\"item\":\"https:\/\/www.estrategiaconcursos.com.br\/blog\/\"},{\"@type\":\"ListItem\",\"position\":2,\"name\":\"Edital IDAF ES: 15 vagas mais CR e iniciais de R$ 5,4 mil!\"}]},{\"@type\":\"WebSite\",\"@id\":\"https:\/\/www.estrategiaconcursos.com.br\/blog\/#website\",\"url\":\"https:\/\/www.estrategiaconcursos.com.br\/blog\/\",\"name\":\"Estrat\u00e9gia Concursos\",\"description\":\"O blog da Estrat\u00e9gia Concursos traz not\u00edcias sobre concursos e artigos de professores oferecendo cursos para concursos (pdf + videaulas) no site.\",\"publisher\":{\"@id\":\"https:\/\/www.estrategiaconcursos.com.br\/blog\/#organization\"},\"potentialAction\":[{\"@type\":\"SearchAction\",\"target\":{\"@type\":\"EntryPoint\",\"urlTemplate\":\"https:\/\/www.estrategiaconcursos.com.br\/blog\/?s={search_term_string}\"},\"query-input\":{\"@type\":\"PropertyValueSpecification\",\"valueRequired\":true,\"valueName\":\"search_term_string\"}}],\"inLanguage\":\"pt-BR\"},{\"@type\":\"Organization\",\"@id\":\"https:\/\/www.estrategiaconcursos.com.br\/blog\/#organization\",\"name\":\"Estrat\u00e9gia Concursos\",\"url\":\"https:\/\/www.estrategiaconcursos.com.br\/blog\/\",\"logo\":{\"@type\":\"ImageObject\",\"inLanguage\":\"pt-BR\",\"@id\":\"https:\/\/www.estrategiaconcursos.com.br\/blog\/#\/schema\/logo\/image\/\",\"url\":\"https:\/\/dhg1h5j42swfq.cloudfront.net\/2025\/06\/03203428\/logo_concursos-1.jpg\",\"contentUrl\":\"https:\/\/dhg1h5j42swfq.cloudfront.net\/2025\/06\/03203428\/logo_concursos-1.jpg\",\"width\":230,\"height\":60,\"caption\":\"Estrat\u00e9gia Concursos\"},\"image\":{\"@id\":\"https:\/\/www.estrategiaconcursos.com.br\/blog\/#\/schema\/logo\/image\/\"},\"sameAs\":[\"https:\/\/x.com\/EstratConcursos\"]},{\"@type\":\"Person\",\"@id\":\"https:\/\/www.estrategiaconcursos.com.br\/blog\/#\/schema\/person\/e3b6b7ce0192dd4ad270655969d61750\",\"name\":\"F\u00e1bio Scaldelai\",\"image\":{\"@type\":\"ImageObject\",\"inLanguage\":\"pt-BR\",\"@id\":\"https:\/\/secure.gravatar.com\/avatar\/8ed7492c4d88d8495bc0cb24cda6847b8ae23eec459a919e08e77d0ca0fd79ec?s=96&d=mm&r=g\",\"url\":\"https:\/\/secure.gravatar.com\/avatar\/8ed7492c4d88d8495bc0cb24cda6847b8ae23eec459a919e08e77d0ca0fd79ec?s=96&d=mm&r=g\",\"contentUrl\":\"https:\/\/secure.gravatar.com\/avatar\/8ed7492c4d88d8495bc0cb24cda6847b8ae23eec459a919e08e77d0ca0fd79ec?s=96&d=mm&r=g\",\"caption\":\"F\u00e1bio Scaldelai\"},\"description\":\"Jornalista no Estrat\u00e9gia Concursos e Produtor de Televis\u00e3o, formado em Jornalismo, R\u00e1dio e TV pela Faculdade Integrada Rio Branco, com especializa\u00e7\u00f5es em Gest\u00e3o Empresarial e Marketing pelo M\u00f3dulo. Atuou como produtor no SBT, TV Bandeirantes e R\u00e1dio Band FM, al\u00e9m de acumular tr\u00eas anos de experi\u00eancia no setor de concursos p\u00fablicos pela LFG (Luiz Fl\u00e1vio Gomes). No Estrat\u00e9gia Concursos, atua na apura\u00e7\u00e3o de not\u00edcias da \u00e1rea fiscal, al\u00e9m de coberturas sobre concursos das \u00e1reas de controle (TCU, TCE, etc), concurso AFT, \u00e1rea de gest\u00e3o e administrativa, bem como dos \u00f3rg\u00e3os participantes do CNU. Tamb\u00e9m possui experi\u00eancia em link building e an\u00e1lise de m\u00eddia, adquirida durante sua atua\u00e7\u00e3o na ag\u00eancia SEO Marketing.\",\"url\":\"https:\/\/www.estrategiaconcursos.com.br\/blog\/author\/fabio-scaldelaiestrategiaconcursos-com-br\/\"}]}<\/script>\n<!-- \/ Yoast SEO Premium plugin. -->","yoast_head_json":{"title":"Edital IDAF ES: 15 vagas mais CR e iniciais de R$ 5,4 mil!","description":"Edital IDAF ES: inscri\u00e7\u00f5es encerradas e provas no dia 23 de janeiro. S\u00e3o 15 vagas mais CR para Fiscal Estadual Agropecu\u00e1rio.","robots":{"index":"index","follow":"follow","max-snippet":"max-snippet:-1","max-image-preview":"max-image-preview:large","max-video-preview":"max-video-preview:-1"},"canonical":"https:\/\/www.estrategiaconcursos.com.br\/blog\/edital-idaf-es\/","og_locale":"pt_BR","og_type":"article","og_title":"Edital IDAF ES: 15 vagas mais CR e iniciais de R$ 5,4 mil!","og_description":"Edital IDAF ES: inscri\u00e7\u00f5es encerradas e provas no dia 23 de janeiro. S\u00e3o 15 vagas mais CR para Fiscal Estadual Agropecu\u00e1rio.","og_url":"https:\/\/www.estrategiaconcursos.com.br\/blog\/edital-idaf-es\/","og_site_name":"Estrat\u00e9gia Concursos","article_published_time":"2022-01-11T02:59:00+00:00","article_modified_time":"2023-12-29T13:47:09+00:00","og_image":[{"width":1200,"height":628,"url":"https:\/\/dhg1h5j42swfq.cloudfront.net\/2021\/03\/30113444\/idaf-es-1.jpg","type":"image\/jpeg"}],"author":"F\u00e1bio Scaldelai","twitter_card":"summary_large_image","twitter_creator":"@EstratConcursos","twitter_site":"@EstratConcursos","twitter_misc":{"Escrito por":"F\u00e1bio Scaldelai","Est. tempo de leitura":"3 minutos"},"schema":{"@context":"https:\/\/schema.org","@graph":[{"@type":"NewsArticle","@id":"https:\/\/www.estrategiaconcursos.com.br\/blog\/edital-idaf-es\/#article","isPartOf":{"@id":"https:\/\/www.estrategiaconcursos.com.br\/blog\/edital-idaf-es\/"},"author":{"name":"F\u00e1bio Scaldelai","@id":"https:\/\/www.estrategiaconcursos.com.br\/blog\/#\/schema\/person\/e3b6b7ce0192dd4ad270655969d61750"},"headline":"Edital IDAF ES: 15 vagas mais CR e iniciais de R$ 5,4 mil!","datePublished":"2022-01-11T02:59:00+00:00","dateModified":"2023-12-29T13:47:09+00:00","mainEntityOfPage":{"@id":"https:\/\/www.estrategiaconcursos.com.br\/blog\/edital-idaf-es\/"},"wordCount":457,"commentCount":0,"publisher":{"@id":"https:\/\/www.estrategiaconcursos.com.br\/blog\/#organization"},"image":{"@id":"https:\/\/www.estrategiaconcursos.com.br\/blog\/edital-idaf-es\/#primaryimage"},"thumbnailUrl":"https:\/\/dhg1h5j42swfq.cloudfront.net\/2021\/03\/30113444\/idaf-es-1.jpg","articleSection":["Executivo (Administrativa)"],"inLanguage":"pt-BR","potentialAction":[{"@type":"CommentAction","name":"Comment","target":["https:\/\/www.estrategiaconcursos.com.br\/blog\/edital-idaf-es\/#respond"]}],"copyrightYear":"2022","copyrightHolder":{"@id":"https:\/\/www.estrategiaconcursos.com.br\/blog\/#organization"}},{"@type":"WebPage","@id":"https:\/\/www.estrategiaconcursos.com.br\/blog\/edital-idaf-es\/","url":"https:\/\/www.estrategiaconcursos.com.br\/blog\/edital-idaf-es\/","name":"Edital IDAF ES: 15 vagas mais CR e iniciais de R$ 5,4 mil!","isPartOf":{"@id":"https:\/\/www.estrategiaconcursos.com.br\/blog\/#website"},"primaryImageOfPage":{"@id":"https:\/\/www.estrategiaconcursos.com.br\/blog\/edital-idaf-es\/#primaryimage"},"image":{"@id":"https:\/\/www.estrategiaconcursos.com.br\/blog\/edital-idaf-es\/#primaryimage"},"thumbnailUrl":"https:\/\/dhg1h5j42swfq.cloudfront.net\/2021\/03\/30113444\/idaf-es-1.jpg","datePublished":"2022-01-11T02:59:00+00:00","dateModified":"2023-12-29T13:47:09+00:00","description":"Edital IDAF ES: inscri\u00e7\u00f5es encerradas e provas no dia 23 de janeiro. S\u00e3o 15 vagas mais CR para Fiscal Estadual Agropecu\u00e1rio.","breadcrumb":{"@id":"https:\/\/www.estrategiaconcursos.com.br\/blog\/edital-idaf-es\/#breadcrumb"},"inLanguage":"pt-BR","potentialAction":[{"@type":"ReadAction","target":["https:\/\/www.estrategiaconcursos.com.br\/blog\/edital-idaf-es\/"]}]},{"@type":"ImageObject","inLanguage":"pt-BR","@id":"https:\/\/www.estrategiaconcursos.com.br\/blog\/edital-idaf-es\/#primaryimage","url":"https:\/\/dhg1h5j42swfq.cloudfront.net\/2021\/03\/30113444\/idaf-es-1.jpg","contentUrl":"https:\/\/dhg1h5j42swfq.cloudfront.net\/2021\/03\/30113444\/idaf-es-1.jpg","width":1200,"height":628,"caption":"Concurso IDAF ES 2026 banca"},{"@type":"BreadcrumbList","@id":"https:\/\/www.estrategiaconcursos.com.br\/blog\/edital-idaf-es\/#breadcrumb","itemListElement":[{"@type":"ListItem","position":1,"name":"In\u00edcio","item":"https:\/\/www.estrategiaconcursos.com.br\/blog\/"},{"@type":"ListItem","position":2,"name":"Edital IDAF ES: 15 vagas mais CR e iniciais de R$ 5,4 mil!"}]},{"@type":"WebSite","@id":"https:\/\/www.estrategiaconcursos.com.br\/blog\/#website","url":"https:\/\/www.estrategiaconcursos.com.br\/blog\/","name":"Estrat\u00e9gia Concursos","description":"O blog da Estrat\u00e9gia Concursos traz not\u00edcias sobre concursos e artigos de professores oferecendo cursos para concursos (pdf + videaulas) no site.","publisher":{"@id":"https:\/\/www.estrategiaconcursos.com.br\/blog\/#organization"},"potentialAction":[{"@type":"SearchAction","target":{"@type":"EntryPoint","urlTemplate":"https:\/\/www.estrategiaconcursos.com.br\/blog\/?s={search_term_string}"},"query-input":{"@type":"PropertyValueSpecification","valueRequired":true,"valueName":"search_term_string"}}],"inLanguage":"pt-BR"},{"@type":"Organization","@id":"https:\/\/www.estrategiaconcursos.com.br\/blog\/#organization","name":"Estrat\u00e9gia Concursos","url":"https:\/\/www.estrategiaconcursos.com.br\/blog\/","logo":{"@type":"ImageObject","inLanguage":"pt-BR","@id":"https:\/\/www.estrategiaconcursos.com.br\/blog\/#\/schema\/logo\/image\/","url":"https:\/\/dhg1h5j42swfq.cloudfront.net\/2025\/06\/03203428\/logo_concursos-1.jpg","contentUrl":"https:\/\/dhg1h5j42swfq.cloudfront.net\/2025\/06\/03203428\/logo_concursos-1.jpg","width":230,"height":60,"caption":"Estrat\u00e9gia Concursos"},"image":{"@id":"https:\/\/www.estrategiaconcursos.com.br\/blog\/#\/schema\/logo\/image\/"},"sameAs":["https:\/\/x.com\/EstratConcursos"]},{"@type":"Person","@id":"https:\/\/www.estrategiaconcursos.com.br\/blog\/#\/schema\/person\/e3b6b7ce0192dd4ad270655969d61750","name":"F\u00e1bio Scaldelai","image":{"@type":"ImageObject","inLanguage":"pt-BR","@id":"https:\/\/secure.gravatar.com\/avatar\/8ed7492c4d88d8495bc0cb24cda6847b8ae23eec459a919e08e77d0ca0fd79ec?s=96&d=mm&r=g","url":"https:\/\/secure.gravatar.com\/avatar\/8ed7492c4d88d8495bc0cb24cda6847b8ae23eec459a919e08e77d0ca0fd79ec?s=96&d=mm&r=g","contentUrl":"https:\/\/secure.gravatar.com\/avatar\/8ed7492c4d88d8495bc0cb24cda6847b8ae23eec459a919e08e77d0ca0fd79ec?s=96&d=mm&r=g","caption":"F\u00e1bio Scaldelai"},"description":"Jornalista no Estrat\u00e9gia Concursos e Produtor de Televis\u00e3o, formado em Jornalismo, R\u00e1dio e TV pela Faculdade Integrada Rio Branco, com especializa\u00e7\u00f5es em Gest\u00e3o Empresarial e Marketing pelo M\u00f3dulo. Atuou como produtor no SBT, TV Bandeirantes e R\u00e1dio Band FM, al\u00e9m de acumular tr\u00eas anos de experi\u00eancia no setor de concursos p\u00fablicos pela LFG (Luiz Fl\u00e1vio Gomes). No Estrat\u00e9gia Concursos, atua na apura\u00e7\u00e3o de not\u00edcias da \u00e1rea fiscal, al\u00e9m de coberturas sobre concursos das \u00e1reas de controle (TCU, TCE, etc), concurso AFT, \u00e1rea de gest\u00e3o e administrativa, bem como dos \u00f3rg\u00e3os participantes do CNU. Tamb\u00e9m possui experi\u00eancia em link building e an\u00e1lise de m\u00eddia, adquirida durante sua atua\u00e7\u00e3o na ag\u00eancia SEO Marketing.","url":"https:\/\/www.estrategiaconcursos.com.br\/blog\/author\/fabio-scaldelaiestrategiaconcursos-com-br\/"}]}},"_links":{"self":[{"href":"https:\/\/www.estrategiaconcursos.com.br\/blog\/wp-json\/wp\/v2\/posts\/930479","targetHints":{"allow":["GET"]}}],"collection":[{"href":"https:\/\/www.estrategiaconcursos.com.br\/blog\/wp-json\/wp\/v2\/posts"}],"about":[{"href":"https:\/\/www.estrategiaconcursos.com.br\/blog\/wp-json\/wp\/v2\/types\/post"}],"author":[{"embeddable":true,"href":"https:\/\/www.estrategiaconcursos.com.br\/blog\/wp-json\/wp\/v2\/users\/656"}],"replies":[{"embeddable":true,"href":"https:\/\/www.estrategiaconcursos.com.br\/blog\/wp-json\/wp\/v2\/comments?post=930479"}],"version-history":[{"count":16,"href":"https:\/\/www.estrategiaconcursos.com.br\/blog\/wp-json\/wp\/v2\/posts\/930479\/revisions"}],"predecessor-version":[{"id":945650,"href":"https:\/\/www.estrategiaconcursos.com.br\/blog\/wp-json\/wp\/v2\/posts\/930479\/revisions\/945650"}],"wp:featuredmedia":[{"embeddable":true,"href":"https:\/\/www.estrategiaconcursos.com.br\/blog\/wp-json\/wp\/v2\/media\/704507"}],"wp:attachment":[{"href":"https:\/\/www.estrategiaconcursos.com.br\/blog\/wp-json\/wp\/v2\/media?parent=930479"}],"wp:term":[{"taxonomy":"category","embeddable":true,"href":"https:\/\/www.estrategiaconcursos.com.br\/blog\/wp-json\/wp\/v2\/categories?post=930479"},{"taxonomy":"post_tag","embeddable":true,"href":"https:\/\/www.estrategiaconcursos.com.br\/blog\/wp-json\/wp\/v2\/tags?post=930479"},{"taxonomy":"tax_estado","embeddable":true,"href":"https:\/\/www.estrategiaconcursos.com.br\/blog\/wp-json\/wp\/v2\/tax_estado?post=930479"}],"curies":[{"name":"wp","href":"https:\/\/api.w.org\/{rel}","templated":true}]}}