{"id":92905,"date":"2017-10-18T17:05:08","date_gmt":"2017-10-18T20:05:08","guid":{"rendered":"https:\/\/www.estrategiaconcursos.com.br\/blog\/?p=92905"},"modified":"2017-10-18T17:05:08","modified_gmt":"2017-10-18T20:05:08","slug":"quadro-atualizado-de-discursivas-de-atualidades-do-cespe","status":"publish","type":"post","link":"https:\/\/www.estrategiaconcursos.com.br\/blog\/quadro-atualizado-de-discursivas-de-atualidades-do-cespe\/","title":{"rendered":"Quadro atualizado de discursivas de Atualidades do Cespe"},"content":{"rendered":"<p style=\"text-align: justify\">Ol\u00e1 alunos do Estrat\u00e9gia Concursos,<\/p>\n<p style=\"text-align: justify\">Segue um quadro atualizado de provas discursivas do Cespe\/Cebraspe, em que o tema veio da disciplina de Atualidades. O quadro traz 18 provas aplicadas entre os anos de 2015 e 2017.<\/p>\n<p style=\"text-align: justify\">Por ele, podemos ter uma vis\u00e3o das \u00e1reas tem\u00e1ticas preferidas da banca na elabora\u00e7\u00e3o dos temas e dos aspectos a serem abordados nas provas discursivas.<\/p>\n<p style=\"text-align: justify\">Nos \u00faltimos anos, a \u00e1rea tem\u00e1tica preferida da banca tem sido o<span style=\"color: #0000ff\"><strong> meio ambiente<\/strong><\/span>. N\u00e3o \u00e9 por acaso, a quest\u00e3o ambiental tem sido um dos grandes desafios do presente, relacionado ao futuro das sociedades, que est\u00e1 intrinsecamente associado \u00e0 preserva\u00e7\u00e3o ambiental do nosso planeta.<\/p>\n<p style=\"text-align: justify\">A \u00e1rea tem\u00e1tica continua em alta no ano de 2017, onde tamb\u00e9m se destaca a \u00e1rea de <span style=\"color: #ff0000\"><strong>tecnologia e sociedade<\/strong><\/span>. J\u00e1 foram cobradas em seis provas discursivas, tr\u00eas vezes cada.<\/p>\n<p style=\"text-align: justify\">Leia atentamente o quadro. Ele traz preciosos subs\u00eddios sobre o modo \u201ccespiano\u201d de ver o Brasil e o mundo.<\/p>\n<p>&nbsp;<\/p>\n<table style=\"width: 774px;border-color: #0a0101\">\n<tbody>\n<tr style=\"border-color: #050505\">\n<td style=\"width: 54px;text-align: center\"><span style=\"color: #000000\"><strong>Ano<\/strong><\/span><\/td>\n<td style=\"width: 124px;text-align: center\"><span style=\"color: #000000\"><strong>\u00c1rea<\/strong><\/span><\/td>\n<td style=\"width: 98px;text-align: center\"><span style=\"color: #000000\"><strong>Concurso<\/strong><\/span><\/td>\n<td style=\"width: 109px;text-align: center\"><span style=\"color: #000000\"><strong>Aplica\u00e7\u00e3o da Prova<\/strong><\/span><\/td>\n<td style=\"width: 355px;text-align: center\"><span style=\"color: #000000\"><strong>Tema<\/strong><\/span><\/td>\n<\/tr>\n<tr style=\"border-color: #050505\">\n<td style=\"width: 54px;text-align: center\"><span style=\"color: #ff0000\"><strong>2017<\/strong><\/span><\/td>\n<td style=\"width: 124px;text-align: center\"><span style=\"color: #3366ff\"><strong>Tecnologia e Sociedade<\/strong><\/span><\/td>\n<td style=\"width: 98px;text-align: center\"><span style=\"color: #3366ff\"><strong>TCE-PE<\/strong><\/span><\/td>\n<td style=\"width: 109px;text-align: center\"><span style=\"color: #3366ff\"><strong>17\/09\/2017<\/strong><\/span><\/td>\n<td style=\"width: 355px;text-align: center\"><span style=\"color: #3366ff\"><strong>INTELIG\u00caNCIA ARTIFICIAL: DESAFIOS E OPORTUNIDADES<\/strong><\/span><\/td>\n<\/tr>\n<tr style=\"border-color: #050505\">\n<td style=\"width: 740px\" colspan=\"5\">\n<p style=\"text-align: center\">Aspectos a serem abordados:<\/p>\n<p style=\"text-align: justify\">1 transforma\u00e7\u00f5es sociais causadas pelo desenvolvimento de ferramentas digitais;<\/p>\n<p style=\"text-align: justify\">2 benef\u00edcios e problemas ocasionados pelo emprego de tecnologias digitais e de automa\u00e7\u00e3o;<\/p>\n<p style=\"text-align: justify\">3 estrat\u00e9gias governamentais e individuais a serem desenvolvidas para que a sociedade se adapte \u00e0s transforma\u00e7\u00f5es.<\/p>\n<\/td>\n<\/tr>\n<tr>\n<td style=\"width: 54px;text-align: center\"><span style=\"color: #ff0000\"><strong>2017<\/strong><\/span><\/td>\n<td style=\"width: 124px;text-align: center\"><span style=\"color: #3366ff\"><strong>Meio Ambiente<\/strong><\/span><\/td>\n<td style=\"width: 98px;text-align: center\"><span style=\"color: #3366ff\"><strong>TCE-PE<\/strong><\/span><\/td>\n<td style=\"width: 109px;text-align: center\"><span style=\"color: #3366ff\"><strong>24\/09\/2017<\/strong><\/span><\/td>\n<td style=\"width: 355px;text-align: center\"><span style=\"color: #000000\">Cespe n\u00e3o disponibilizou a prova, somente o padr\u00e3o de resposta.<\/span><\/td>\n<\/tr>\n<tr>\n<td style=\"width: 740px\" colspan=\"5\">\n<p style=\"text-align: center\">Aspectos a serem abordados:<\/p>\n<p style=\"text-align: justify\">1 h\u00e1bitos de consumo da sociedade contempor\u00e2nea e produ\u00e7\u00e3o de lixo inorg\u00e2nico;<\/p>\n<p style=\"text-align: justify\">2 efeitos socioecon\u00f4micos do descarte inadequado do lixo;<\/p>\n<p style=\"text-align: justify\">3 estrat\u00e9gias para transformar o lixo em benef\u00edcios financeiros.<\/p>\n<\/td>\n<\/tr>\n<tr>\n<td style=\"width: 54px;text-align: center\"><span style=\"color: #ff0000\"><strong>2017<\/strong><\/span><\/td>\n<td style=\"width: 124px;text-align: center\"><span style=\"color: #3366ff\"><strong>Tecnologia e Sociedade<\/strong><\/span><\/td>\n<td style=\"width: 98px;text-align: center\"><span style=\"color: #3366ff\"><strong>TRE-BA<\/strong><\/span><\/td>\n<td style=\"width: 109px;text-align: center\"><span style=\"color: #3366ff\"><strong>20\/08\/2017<\/strong><\/span><\/td>\n<td style=\"width: 355px;text-align: center\"><span style=\"color: #3366ff\"><strong>O USO DE SMARTPHONES E AS FUNCIONALIDADES DECORRENTES DESTA TECNOLOGIA<\/strong><\/span><\/td>\n<\/tr>\n<tr>\n<td style=\"width: 740px\" colspan=\"5\">\n<p style=\"text-align: center\">Aspectos a serem abordados:<\/p>\n<p style=\"text-align: justify\">1 as vantagens e as desvantagens de estar sempre conectado \u00e0 internet;<\/p>\n<p style=\"text-align: justify\">2 a import\u00e2ncia do smartphone relacionada \u00e0 informa\u00e7\u00e3o e \u00e0 comunica\u00e7\u00e3o;<\/p>\n<p style=\"text-align: justify\">3 como evitar preju\u00edzos ou riscos as rela\u00e7\u00f5es interpessoais e a sa\u00fade mental.<\/p>\n<\/td>\n<\/tr>\n<tr>\n<td style=\"width: 54px;text-align: center\"><span style=\"color: #ff0000\"><strong>2017<\/strong><\/span><\/td>\n<td style=\"width: 124px;text-align: center\"><span style=\"color: #3366ff\"><strong>Meio Ambiente<\/strong><\/span><\/td>\n<td style=\"width: 98px;text-align: center\"><span style=\"color: #3366ff\"><strong>TRE-BA<\/strong><\/span><\/td>\n<td style=\"width: 109px;text-align: center\"><span style=\"color: #3366ff\"><strong>20\/08\/2017<\/strong><\/span><\/td>\n<td style=\"width: 355px;text-align: center\"><span style=\"color: #3366ff\"><strong>O ISOLAMENTO DOS EUA NO QUE SE REFERE \u00c0S QUEST\u00d5ES CLIM\u00c1TICAS<\/strong><\/span><\/td>\n<\/tr>\n<tr>\n<td style=\"width: 740px\" colspan=\"5\">\n<p style=\"text-align: center\">Aspectos a serem abordados:<\/p>\n<p>1 o esfor\u00e7o global para conter as mudan\u00e7as clim\u00e1ticas;<\/p>\n<p>2 a rea\u00e7\u00e3o do governo de Donald Trump ao Acordo de Paris.<\/td>\n<\/tr>\n<tr>\n<td style=\"width: 54px;text-align: center\"><span style=\"color: #ff0000\"><strong>2017<\/strong><\/span><\/td>\n<td style=\"width: 124px;text-align: center\"><span style=\"color: #3366ff\"><strong>Tecnologia e Sociedade<\/strong><\/span><\/td>\n<td style=\"width: 98px;text-align: center\"><span style=\"color: #3366ff\"><strong>SEE-DF<\/strong><\/span><\/td>\n<td style=\"width: 109px;text-align: center\"><span style=\"color: #3366ff\"><strong>22\/01\/2017<\/strong><\/span><\/td>\n<td style=\"width: 355px;text-align: center\"><span style=\"color: #3366ff\"><strong>SOCIEDADE CONTEMPOR\u00c2NEA: ENTRE A EXPANS\u00c3O TECNOL\u00d3GICA E A INSTABILIDADE SOCIAL<\/strong><\/span><\/td>\n<\/tr>\n<tr>\n<td style=\"width: 740px\" colspan=\"5\">\n<p style=\"text-align: center\">Aspectos a serem abordados:<\/p>\n<p style=\"text-align: justify\">1 A cont\u00ednua revolu\u00e7\u00e3o t\u00e9cnico-cient\u00edfica e seu impacto na vida cotidiana.<\/p>\n<p style=\"text-align: justify\">2 Tecnologias digitais e a crescente exposi\u00e7\u00e3o da individualidade.<\/p>\n<p style=\"text-align: justify\">3 Alternativas poss\u00edveis para o enfrentamento dos problemas emocionais suscitados pela vida moderna.<\/p>\n<\/td>\n<\/tr>\n<tr>\n<td style=\"width: 54px;text-align: center\"><span style=\"color: #ff0000\"><strong>2017<\/strong><\/span><\/td>\n<td style=\"width: 124px;text-align: center\"><span style=\"color: #3366ff\"><strong>Am\u00e9rica Latina<\/strong><\/span><\/td>\n<td style=\"width: 98px;text-align: center\"><span style=\"color: #3366ff\"><strong>SEE-DF<\/strong><\/span><\/td>\n<td style=\"width: 109px;text-align: center\"><span style=\"color: #3366ff\"><strong>29\/01\/2017<\/strong><\/span><\/td>\n<td style=\"width: 355px;text-align: center\"><span style=\"color: #3366ff\"><strong>CUBA SE DESPEDE DE FIDEL CASTRO<\/strong><\/span><\/td>\n<\/tr>\n<tr>\n<td style=\"width: 740px\" colspan=\"5\">\n<p style=\"text-align: center\">Aspectos a serem abordados:<\/p>\n<p style=\"text-align: justify\">1 Contexto de ascens\u00e3o do l\u00edder cubano ao poder e seu impacto no continente americano);<\/p>\n<p style=\"text-align: justify\">2 Cuba na atualidade: conquistas sociais e repress\u00e3o pol\u00edtica;<\/p>\n<p style=\"text-align: justify\">3 Vis\u00f5es contradit\u00f3rias acerca de Fidel, evidenciadas ap\u00f3s seu falecimento.<\/p>\n<\/td>\n<\/tr>\n<tr>\n<td style=\"width: 54px;text-align: center\"><span style=\"color: #ff0000\"><strong>2017<\/strong><\/span><\/td>\n<td style=\"width: 124px;text-align: center\"><span style=\"color: #3366ff\"><strong>Meio Ambiente<\/strong><\/span><\/td>\n<td style=\"width: 98px;text-align: center\"><span style=\"color: #3366ff\"><strong>SEE-DF<\/strong><\/span><\/td>\n<td style=\"width: 109px;text-align: center\"><span style=\"color: #3366ff\"><strong>29\/01\/2017<\/strong><\/span><\/td>\n<td style=\"width: 355px;text-align: center\"><span style=\"color: #3366ff\"><strong>MUDAN\u00c7AS CLIM\u00c1TICAS: UM APELO DA COMUNIDADE INTERNACIONAL \u00c0 SENSATEZ<\/strong><\/span><\/td>\n<\/tr>\n<tr>\n<td style=\"width: 740px\" colspan=\"5\">\n<p style=\"text-align: center\">Aspectos a serem abordados:<\/p>\n<p>1 mudan\u00e7as clim\u00e1ticas e suas consequ\u00eancias para a natureza e para a popula\u00e7\u00e3o mundial);<\/p>\n<p>2 papel das ONU junto \u00e0 comunidade internacional para o enfrentamento da quest\u00e3o ambiental);<\/p>\n<p>3 influ\u00eancia dos EUA em a\u00e7\u00f5es que visem conter o aumento da temperatura do planeta.<\/td>\n<\/tr>\n<tr>\n<td style=\"width: 54px;text-align: center\"><span style=\"color: #ff0000\"><strong>2016<\/strong><\/span><\/td>\n<td style=\"width: 124px;text-align: center\"><span style=\"color: #3366ff\"><strong>Migra\u00e7\u00f5es<\/strong><\/span><\/td>\n<td style=\"width: 98px;text-align: center\"><span style=\"color: #3366ff\"><strong>TRE\/PE<\/strong><\/span><\/td>\n<td style=\"width: 109px;text-align: center\"><span style=\"color: #3366ff\"><strong>19\/03\/2017<\/strong><\/span><\/td>\n<td style=\"width: 355px;text-align: center\"><span style=\"color: #3366ff\"><strong>CORRENTES MIGRAT\u00d3RIAS ATUAIS: QUEST\u00c3O POL\u00cdTICA, DRAMA HUMANO<\/strong><\/span><\/td>\n<\/tr>\n<tr>\n<td style=\"width: 740px\" colspan=\"5\">\n<p style=\"text-align: center\">Aspectos a serem abordados:<\/p>\n<p>1 causas diversas das migra\u00e7\u00f5es;<\/p>\n<p>2 comunidade internacional frente \u00e0 quest\u00e3o da migra\u00e7\u00e3o;<\/p>\n<p>3 rela\u00e7\u00e3o entre as pol\u00edticas restritivas \u00e0 migra\u00e7\u00e3o e manifesta\u00e7\u00f5es de xenofobia.<\/td>\n<\/tr>\n<tr>\n<td style=\"width: 54px;text-align: center\"><span style=\"color: #ff0000\"><strong>2016<\/strong><\/span><\/td>\n<td style=\"width: 124px;text-align: center\"><span style=\"color: #3366ff\"><strong>Educa\u00e7\u00e3o<\/strong><\/span><\/td>\n<td style=\"width: 98px;text-align: center\"><span style=\"color: #3366ff\"><strong>FUB<\/strong><\/span><\/td>\n<td style=\"width: 109px;text-align: center\"><span style=\"color: #3366ff\"><strong>18\/12\/2016<\/strong><\/span><\/td>\n<td style=\"width: 355px;text-align: center\"><span style=\"color: #3366ff\"><strong>EDUCA\u00c7\u00c3O, FATOR DE DESENVOLVIMENTO PESSOAL E SOCIAL<\/strong><\/span><\/td>\n<\/tr>\n<tr>\n<td style=\"width: 740px\" colspan=\"5\">\n<p style=\"text-align: center\">Aspectos a serem abordados:<\/p>\n<p>1 educa\u00e7\u00e3o como base da cidadania;<\/p>\n<p>2 educa\u00e7\u00e3o como base para o desenvolvimento;<\/p>\n<p>3 educa\u00e7\u00e3o de que o Brasil necessita.<\/td>\n<\/tr>\n<tr>\n<td style=\"width: 54px;text-align: center\"><strong><span style=\"color: #ff0000\">2016<\/span><\/strong><\/td>\n<td style=\"width: 124px;text-align: center\"><span style=\"color: #3366ff\"><strong>Meio Ambiente<\/strong><\/span><\/td>\n<td style=\"width: 98px;text-align: center\"><span style=\"color: #3366ff\"><strong>FUB<\/strong><\/span><\/td>\n<td style=\"width: 109px;text-align: center\"><span style=\"color: #3366ff\"><strong>18\/12\/2016<\/strong><\/span><\/td>\n<td style=\"width: 355px;text-align: center\"><span style=\"color: #3366ff\"><strong>A HUMANIDADE CONTRA O AQUECIMENTO GLOBAL, PELO FUTURO DA TERRA<\/strong><\/span><\/td>\n<\/tr>\n<tr>\n<td style=\"width: 740px\" colspan=\"5\">\n<p style=\"text-align: center\">Aspectos a serem abordados:<\/p>\n<p>1 a preserva\u00e7\u00e3o do meio ambiente como luta coletiva;<\/p>\n<p>2 a necess\u00e1ria op\u00e7\u00e3o pelo desenvolvimento sustent\u00e1vel;<\/p>\n<p>3 o presente como base para a garantia do futuro do planeta.<\/td>\n<\/tr>\n<tr>\n<td style=\"width: 54px;text-align: center\"><span style=\"color: #ff0000\"><strong>2016<\/strong><\/span><\/td>\n<td style=\"width: 124px;text-align: center\"><strong><span style=\"color: #3366ff\">Conflitos Internacionais<\/span><\/strong><\/td>\n<td style=\"width: 98px;text-align: center\"><strong><span style=\"color: #3366ff\">FUB<\/span><\/strong><\/td>\n<td style=\"width: 109px;text-align: center\"><strong><span style=\"color: #3366ff\">18\/12\/2016<\/span><\/strong><\/td>\n<td style=\"width: 355px;text-align: center\"><strong><span style=\"color: #3366ff\">IMPLICA\u00c7\u00d5ES POTENCIAIS DO USO DE ARMAS NUCLEARES<\/span><\/strong><\/td>\n<\/tr>\n<tr>\n<td style=\"width: 740px\" colspan=\"5\">Aspectos a serem abordados:<\/p>\n<p>1 Discorra sobre os impactos das armas nucleares para a paz mundial.<\/p>\n<p>2 A ditadura norte-coreana e sua capacidade nuclear.<\/p>\n<p>3 Como a comunidade internacional deve atuar para limitar e controlar o uso de armas nucleares?<\/td>\n<\/tr>\n<tr>\n<td style=\"width: 54px;text-align: center\"><span style=\"color: #ff0000\"><strong>2016<\/strong><\/span><\/td>\n<td style=\"width: 124px;text-align: center\"><span style=\"color: #3366ff\"><strong>Meio Ambiente<\/strong><\/span><\/td>\n<td style=\"width: 98px;text-align: center\"><span style=\"color: #3366ff\"><strong>ANVISA<\/strong><\/span><\/td>\n<td style=\"width: 109px;text-align: center\"><span style=\"color: #3366ff\"><strong>4\/12\/2016<\/strong><\/span><\/td>\n<td style=\"width: 355px;text-align: center\"><span style=\"color: #3366ff\"><strong>PRESERVA\u00c7\u00c3O DO ECOSSISTEMA:<\/strong><\/span><\/p>\n<p><span style=\"color: #3366ff\"><strong>RESPONSABILIDADE DO ESTADO, DA SOCIEDADE E DE CADA CIDAD\u00c3O<\/strong><\/span><\/td>\n<\/tr>\n<tr>\n<td style=\"width: 740px\" colspan=\"5\">\n<p style=\"text-align: center\">Aspectos a serem abordados:<\/p>\n<p style=\"text-align: justify\">&gt; Rela\u00e7\u00e3o entre os cuidados com o meio ambiente e a preserva\u00e7\u00e3o das condi\u00e7\u00f5es sanit\u00e1rias;<\/p>\n<p style=\"text-align: justify\">&gt; Atitudes individuais que podem reduzir os efeitos da a\u00e7\u00e3o humana sobre o planeta;<\/p>\n<p style=\"text-align: justify\">&gt; Formas de atua\u00e7\u00e3o da sociedade para que os governos cumpram compromissos relacionados \u00e0 preserva\u00e7\u00e3o ambiental.<\/p>\n<\/td>\n<\/tr>\n<tr>\n<td style=\"width: 54px;text-align: center\"><span style=\"color: #ff0000\"><strong>2016<\/strong><\/span><\/td>\n<td style=\"width: 124px;text-align: center\"><span style=\"color: #3366ff\"><strong>Meio Ambiente<\/strong><\/span><\/td>\n<td style=\"width: 98px;text-align: center\"><span style=\"color: #3366ff\"><strong>TCE-PA<\/strong><\/span><\/td>\n<td style=\"width: 109px;text-align: center\"><span style=\"color: #3366ff\"><strong>7\/08\/2016<\/strong><\/span><\/td>\n<td style=\"width: 355px;text-align: center\"><span style=\"color: #3366ff\"><strong>AGENDA PARA A HUMANIDADE: O IMPERATIVO DO DESENVOLVIMENTO SUSTENT\u00c1VEL<\/strong><\/span><\/td>\n<\/tr>\n<tr>\n<td style=\"width: 740px\" colspan=\"5\">\n<p style=\"text-align: center\">Aspectos a serem abordados:<\/p>\n<p>1 a amplitude do conceito de desenvolvimento sustent\u00e1vel;<\/p>\n<p>2 o futuro das sociedades e do planeta como consequ\u00eancia das decis\u00f5es e das atitudes do presente;<\/p>\n<p>3 a sustentabilidade aplicada \u00e0 gest\u00e3o municipal.<\/td>\n<\/tr>\n<tr>\n<td style=\"width: 54px;text-align: center\"><span style=\"color: #ff0000\"><strong>2016<\/strong><\/span><\/td>\n<td style=\"width: 124px;text-align: center\"><strong><span style=\"color: #3366ff\">Conflitos Internacionais<\/span><\/strong><\/td>\n<td style=\"width: 98px;text-align: center\"><strong><span style=\"color: #3366ff\">TCE-PA<\/span><\/strong><\/td>\n<td style=\"width: 109px;text-align: center\"><strong><span style=\"color: #3366ff\">7\/08\/2016<\/span><\/strong><\/td>\n<td style=\"width: 355px;text-align: center\"><strong><span style=\"color: #3366ff\">A CIVILIZA\u00c7\u00c3O CONTRA A BARB\u00c1RIE: O TERRORISMO NO MUNDO CONTEMPOR\u00c2NEO<\/span><\/strong><\/td>\n<\/tr>\n<tr>\n<td style=\"width: 740px\" colspan=\"5\">\n<p style=\"text-align: center\">Aspectos a serem abordados:<\/p>\n<p>1 intoler\u00e2ncia como uma das motiva\u00e7\u00f5es das a\u00e7\u00f5es terroristas;<\/p>\n<p>2 instrumentos para o combate ao terrorismo;<\/p>\n<p>3 democracia como meio de conten\u00e7\u00e3o das pr\u00e1ticas terroristas.<\/td>\n<\/tr>\n<tr>\n<td style=\"width: 54px;text-align: center\"><span style=\"color: #ff0000\"><strong>2016<\/strong><\/span><\/td>\n<td style=\"width: 124px;text-align: center\"><span style=\"color: #3366ff\"><strong>Drogas<\/strong><\/span><\/td>\n<td style=\"width: 98px;text-align: center\"><span style=\"color: #3366ff\"><strong>TCE-PA<\/strong><\/span><\/td>\n<td style=\"width: 109px;text-align: center\"><span style=\"color: #3366ff\"><strong>7\/08\/2016<\/strong><\/span><\/td>\n<td style=\"width: 355px;text-align: center\"><span style=\"color: #3366ff\"><strong>UM GRANDE DESAFIO: A CIVILIZA\u00c7\u00c3O CONTEMPOR\u00c2NEA FRENTE \u00c0S DROGAS IL\u00cdCITAS<\/strong><\/span><\/td>\n<\/tr>\n<tr>\n<td style=\"width: 740px\" colspan=\"5\">\n<p style=\"text-align: center\">Aspectos a serem abordados:<\/p>\n<p>1 drogas il\u00edcitas e crime organizado global;<\/p>\n<p>2 rela\u00e7\u00e3o entre tr\u00e1fico de drogas e viol\u00eancia;<\/p>\n<p>3 alternativas \u00e0 denominada guerra \u00e0s drogas.<\/td>\n<\/tr>\n<tr>\n<td style=\"width: 54px;text-align: center\"><span style=\"color: #ff0000\"><strong>2016<\/strong><\/span><\/td>\n<td style=\"width: 124px;text-align: center\"><span style=\"color: #3366ff\"><strong>Quest\u00e3o Urbana<\/strong><\/span><\/td>\n<td style=\"width: 98px;text-align: center\"><span style=\"color: #3366ff\"><strong>PC-PE<\/strong><\/span><\/td>\n<td style=\"width: 109px;text-align: center\"><span style=\"color: #3366ff\"><strong>12\/06\/2016<\/strong><\/span><\/td>\n<td style=\"width: 355px;text-align: center\"><span style=\"color: #3366ff\"><strong>URBANIZA\u00c7\u00c3O DA SOCIEDADE CONTEMPOR\u00c2NEA: PROBLEMAS, ALTERNATIVAS E DESAFIOS<\/strong><\/span><\/td>\n<\/tr>\n<tr>\n<td style=\"width: 740px\" colspan=\"5\">\n<p style=\"text-align: center\">Aspectos a serem abordados:<\/p>\n<p>1 problemas da administra\u00e7\u00e3o p\u00fablica que dificultam a ocupa\u00e7\u00e3o urbana ordenada;<\/p>\n<p>2 alternativas para enfrentar os problemas de mobilidade nas grandes metr\u00f3poles;<\/p>\n<p>3 desafios para a defesa social resultantes do crescimento desordenado das cidades.<\/td>\n<\/tr>\n<tr>\n<td style=\"width: 54px\">\n<p style=\"text-align: center\"><span style=\"color: #ff0000\"><strong>2015<\/strong><\/span><\/p>\n<\/td>\n<td style=\"width: 124px\">\n<p style=\"text-align: center\"><span style=\"color: #3366ff\"><strong>Drogas<\/strong><\/span><\/p>\n<\/td>\n<td style=\"width: 98px;text-align: center\"><span style=\"color: #3366ff\"><strong>FUB<\/strong><\/span><\/td>\n<td style=\"width: 109px;text-align: center\"><span style=\"color: #3366ff\"><strong>09\/08\/2015<\/strong><\/span><\/td>\n<td style=\"width: 355px;text-align: center\"><span style=\"color: #3366ff\"><strong>A DISCUSS\u00c3O SOBRE A GUERRA \u00c0S DROGAS NA AM\u00c9RICA LATINA<\/strong><\/span><\/td>\n<\/tr>\n<tr>\n<td style=\"width: 740px\" colspan=\"5\">\n<p style=\"text-align: center\">Aspectos a serem abordados:<\/p>\n<p>&gt; Discorra sobre o problema social das drogas il\u00edcitas no mundo contempor\u00e2neo.<\/p>\n<p>&gt; Comente a respeito do fracasso da pol\u00edtica antidrogas militarizada.<\/p>\n<p>&gt; Cite alternativas \u00e0 atual pol\u00edtica antidrogas.<\/td>\n<\/tr>\n<tr>\n<td style=\"width: 54px;text-align: center\"><span style=\"color: #ff0000\"><strong>2015<\/strong><\/span><\/td>\n<td style=\"width: 124px;text-align: center\"><span style=\"color: #3366ff\"><strong>Meio Ambiente<\/strong><\/span><\/p>\n<p><span style=\"color: #3366ff\"><strong>Quest\u00e3o Urbana<\/strong><\/span><\/td>\n<td style=\"width: 98px;text-align: center\"><span style=\"color: #3366ff\"><strong>FUB<\/strong><\/span><\/td>\n<td style=\"width: 109px;text-align: center\"><span style=\"color: #3366ff\"><strong>12\/04\/2015<\/strong><\/span><\/td>\n<td style=\"width: 355px;text-align: center\"><span style=\"color: #3366ff\"><strong>A EXPANS\u00c3O URBANA E O MEIO AMBIENTE<\/strong><\/span><\/td>\n<\/tr>\n<tr>\n<td style=\"width: 740px\" colspan=\"5\">\n<p style=\"text-align: center\">Aspectos a serem abordados:<\/p>\n<p>&gt; expans\u00e3o da vida urbana na sociedade contempor\u00e2nea;<\/p>\n<p>&gt; efeitos da urbaniza\u00e7\u00e3o desenfreada: tr\u00e2nsito ca\u00f3tico e polui\u00e7\u00e3o;<\/p>\n<p>&gt; medidas para enfrentamento dos problemas de tr\u00e2nsito urbano.<\/td>\n<\/tr>\n<\/tbody>\n<\/table>\n<p>&nbsp;<\/p>\n<p>Pessoal, aproveito a oportunidade para convid\u00e1-los a conhecer os meus cursos de Atualidades para as provas discursivas do TRE-TO e TRF1, cuja banca \u00e9 o Cespe. Seguem os links:<\/p>\n<p>&nbsp;<\/p>\n<p><a href=\"https:\/\/www.estrategiaconcursos.com.br\/curso\/temas-atuais-do-mundo-contemporaneo-para-a-discursiva-p-tre-to-tecnico-judiciario-r-area-admin\/\" target=\"_blank\" rel=\"noopener\">Temas Atuais do Mundo Contempor\u00e2neo para a Discursiva p\/ TRE-TO (T\u00e9cnico Judici\u00e1rio \u2013 \u00c1rea Admin) <\/a><\/p>\n<p>&nbsp;<\/p>\n<p><a href=\"https:\/\/www.estrategiaconcursos.com.br\/curso\/atualidades-para-discursiva-p-trf-1-regiao-2017-2018-nivel-superior-pos-edital\/\" target=\"_blank\" rel=\"noopener\">Atualidades para Discursiva p\/ TRF 1\u00aa Regi\u00e3o 2017\/2018 (N\u00edvel Superior) P\u00f3s-Edital <\/a><\/p>\n<p>&nbsp;<\/p>\n<p><a href=\"https:\/\/www.estrategiaconcursos.com.br\/curso\/discursivas-p-trf-1-regiao-todos-os-cargos-analista-3-correcoes-por-aluno\/\" target=\"_blank\" rel=\"noopener\">Discursivas p\/ TRF 1\u00aa Regi\u00e3o (Todos os Cargos &#8211; Analista) &#8211; 3 corre\u00e7\u00f5es por aluno <\/a><\/p>\n<p>&nbsp;<\/p>\n<p>Um grande abra\u00e7o,<\/p>\n<p>Professor Leandro Signori<\/p>\n","protected":false},"excerpt":{"rendered":"<p>Ol\u00e1 alunos do Estrat\u00e9gia Concursos, Segue um quadro atualizado de provas discursivas do Cespe\/Cebraspe, em que o tema veio da disciplina de Atualidades. O quadro traz 18 provas aplicadas entre os anos de 2015 e 2017. Por ele, podemos ter uma vis\u00e3o das \u00e1reas tem\u00e1ticas preferidas da banca na elabora\u00e7\u00e3o dos temas e dos aspectos [&hellip;]<\/p>\n","protected":false},"author":306,"featured_media":0,"comment_status":"open","ping_status":"open","sticky":false,"template":"","format":"standard","meta":{"post_tipo":"article","footnotes":""},"categories":[1,1984],"tags":[549,1069,2557],"tax_estado":[],"class_list":["post-92905","post","type-post","status-publish","format-standard","hentry","category-cursos-e-concursos","category-tribunais","tag-atualidades","tag-curso-discursivas","tag-provas-discursivas"],"acf":[],"yoast_head":"<!-- This site is optimized with the Yoast SEO Premium plugin v27.2 (Yoast SEO v27.2) - https:\/\/yoast.com\/product\/yoast-seo-premium-wordpress\/ -->\n<title>Quadro atualizado de discursivas de Atualidades do Cespe<\/title>\n<meta name=\"robots\" content=\"index, follow, max-snippet:-1, max-image-preview:large, max-video-preview:-1\" \/>\n<link rel=\"canonical\" href=\"https:\/\/www.estrategiaconcursos.com.br\/blog\/quadro-atualizado-de-discursivas-de-atualidades-do-cespe\/\" \/>\n<meta property=\"og:locale\" content=\"pt_BR\" \/>\n<meta property=\"og:type\" content=\"article\" \/>\n<meta property=\"og:title\" content=\"Quadro atualizado de discursivas de Atualidades do Cespe\" \/>\n<meta property=\"og:description\" content=\"Ol\u00e1 alunos do Estrat\u00e9gia Concursos, Segue um quadro atualizado de provas discursivas do Cespe\/Cebraspe, em que o tema veio da disciplina de Atualidades. O quadro traz 18 provas aplicadas entre os anos de 2015 e 2017. Por ele, podemos ter uma vis\u00e3o das \u00e1reas tem\u00e1ticas preferidas da banca na elabora\u00e7\u00e3o dos temas e dos aspectos [&hellip;]\" \/>\n<meta property=\"og:url\" content=\"https:\/\/www.estrategiaconcursos.com.br\/blog\/quadro-atualizado-de-discursivas-de-atualidades-do-cespe\/\" \/>\n<meta property=\"og:site_name\" content=\"Estrat\u00e9gia Concursos\" \/>\n<meta property=\"article:author\" content=\"https:\/\/www.facebook.com\/leandrosignoriatualidades\/\" \/>\n<meta property=\"article:published_time\" content=\"2017-10-18T20:05:08+00:00\" \/>\n<meta name=\"author\" content=\"Leandro Signori\" \/>\n<meta name=\"twitter:card\" content=\"summary_large_image\" \/>\n<meta name=\"twitter:creator\" content=\"@EstratConcursos\" \/>\n<meta name=\"twitter:site\" content=\"@EstratConcursos\" \/>\n<meta name=\"twitter:label1\" content=\"Escrito por\" \/>\n\t<meta name=\"twitter:data1\" content=\"Leandro Signori\" \/>\n\t<meta name=\"twitter:label2\" content=\"Est. tempo de leitura\" \/>\n\t<meta name=\"twitter:data2\" content=\"6 minutos\" \/>\n<script type=\"application\/ld+json\" class=\"yoast-schema-graph\">{\"@context\":\"https:\/\/schema.org\",\"@graph\":[{\"@type\":\"NewsArticle\",\"@id\":\"https:\/\/www.estrategiaconcursos.com.br\/blog\/quadro-atualizado-de-discursivas-de-atualidades-do-cespe\/#article\",\"isPartOf\":{\"@id\":\"https:\/\/www.estrategiaconcursos.com.br\/blog\/quadro-atualizado-de-discursivas-de-atualidades-do-cespe\/\"},\"author\":{\"name\":\"Leandro Signori\",\"@id\":\"https:\/\/www.estrategiaconcursos.com.br\/blog\/#\/schema\/person\/d2e7d78de4b9d6ba51cc24fd558a7f42\"},\"headline\":\"Quadro atualizado de discursivas de Atualidades do Cespe\",\"datePublished\":\"2017-10-18T20:05:08+00:00\",\"mainEntityOfPage\":{\"@id\":\"https:\/\/www.estrategiaconcursos.com.br\/blog\/quadro-atualizado-de-discursivas-de-atualidades-do-cespe\/\"},\"wordCount\":1175,\"commentCount\":12,\"publisher\":{\"@id\":\"https:\/\/www.estrategiaconcursos.com.br\/blog\/#organization\"},\"keywords\":[\"Atualidades\",\"Curso Discursivas\",\"provas discursivas\"],\"articleSection\":[\"Concursos P\u00fablicos\",\"Tribunais\"],\"inLanguage\":\"pt-BR\",\"potentialAction\":[{\"@type\":\"CommentAction\",\"name\":\"Comment\",\"target\":[\"https:\/\/www.estrategiaconcursos.com.br\/blog\/quadro-atualizado-de-discursivas-de-atualidades-do-cespe\/#respond\"]}],\"copyrightYear\":\"2017\",\"copyrightHolder\":{\"@id\":\"https:\/\/www.estrategiaconcursos.com.br\/blog\/#organization\"}},{\"@type\":\"WebPage\",\"@id\":\"https:\/\/www.estrategiaconcursos.com.br\/blog\/quadro-atualizado-de-discursivas-de-atualidades-do-cespe\/\",\"url\":\"https:\/\/www.estrategiaconcursos.com.br\/blog\/quadro-atualizado-de-discursivas-de-atualidades-do-cespe\/\",\"name\":\"Quadro atualizado de discursivas de Atualidades do Cespe\",\"isPartOf\":{\"@id\":\"https:\/\/www.estrategiaconcursos.com.br\/blog\/#website\"},\"datePublished\":\"2017-10-18T20:05:08+00:00\",\"breadcrumb\":{\"@id\":\"https:\/\/www.estrategiaconcursos.com.br\/blog\/quadro-atualizado-de-discursivas-de-atualidades-do-cespe\/#breadcrumb\"},\"inLanguage\":\"pt-BR\",\"potentialAction\":[{\"@type\":\"ReadAction\",\"target\":[\"https:\/\/www.estrategiaconcursos.com.br\/blog\/quadro-atualizado-de-discursivas-de-atualidades-do-cespe\/\"]}]},{\"@type\":\"BreadcrumbList\",\"@id\":\"https:\/\/www.estrategiaconcursos.com.br\/blog\/quadro-atualizado-de-discursivas-de-atualidades-do-cespe\/#breadcrumb\",\"itemListElement\":[{\"@type\":\"ListItem\",\"position\":1,\"name\":\"In\u00edcio\",\"item\":\"https:\/\/www.estrategiaconcursos.com.br\/blog\/\"},{\"@type\":\"ListItem\",\"position\":2,\"name\":\"Quadro atualizado de discursivas de Atualidades do Cespe\"}]},{\"@type\":\"WebSite\",\"@id\":\"https:\/\/www.estrategiaconcursos.com.br\/blog\/#website\",\"url\":\"https:\/\/www.estrategiaconcursos.com.br\/blog\/\",\"name\":\"Estrat\u00e9gia Concursos\",\"description\":\"O blog da Estrat\u00e9gia Concursos traz not\u00edcias sobre concursos e artigos de professores oferecendo cursos para concursos (pdf + videaulas) no site.\",\"publisher\":{\"@id\":\"https:\/\/www.estrategiaconcursos.com.br\/blog\/#organization\"},\"potentialAction\":[{\"@type\":\"SearchAction\",\"target\":{\"@type\":\"EntryPoint\",\"urlTemplate\":\"https:\/\/www.estrategiaconcursos.com.br\/blog\/?s={search_term_string}\"},\"query-input\":{\"@type\":\"PropertyValueSpecification\",\"valueRequired\":true,\"valueName\":\"search_term_string\"}}],\"inLanguage\":\"pt-BR\"},{\"@type\":\"Organization\",\"@id\":\"https:\/\/www.estrategiaconcursos.com.br\/blog\/#organization\",\"name\":\"Estrat\u00e9gia Concursos\",\"url\":\"https:\/\/www.estrategiaconcursos.com.br\/blog\/\",\"logo\":{\"@type\":\"ImageObject\",\"inLanguage\":\"pt-BR\",\"@id\":\"https:\/\/www.estrategiaconcursos.com.br\/blog\/#\/schema\/logo\/image\/\",\"url\":\"https:\/\/dhg1h5j42swfq.cloudfront.net\/2025\/06\/03203428\/logo_concursos-1.jpg\",\"contentUrl\":\"https:\/\/dhg1h5j42swfq.cloudfront.net\/2025\/06\/03203428\/logo_concursos-1.jpg\",\"width\":230,\"height\":60,\"caption\":\"Estrat\u00e9gia Concursos\"},\"image\":{\"@id\":\"https:\/\/www.estrategiaconcursos.com.br\/blog\/#\/schema\/logo\/image\/\"},\"sameAs\":[\"https:\/\/x.com\/EstratConcursos\"]},{\"@type\":\"Person\",\"@id\":\"https:\/\/www.estrategiaconcursos.com.br\/blog\/#\/schema\/person\/d2e7d78de4b9d6ba51cc24fd558a7f42\",\"name\":\"Leandro Signori\",\"image\":{\"@type\":\"ImageObject\",\"inLanguage\":\"pt-BR\",\"@id\":\"https:\/\/secure.gravatar.com\/avatar\/aa2ef98e93764dcf1758f52d2792d4b3e4089ee25bc520608dde62ad802ae541?s=96&d=mm&r=g\",\"url\":\"https:\/\/secure.gravatar.com\/avatar\/aa2ef98e93764dcf1758f52d2792d4b3e4089ee25bc520608dde62ad802ae541?s=96&d=mm&r=g\",\"contentUrl\":\"https:\/\/secure.gravatar.com\/avatar\/aa2ef98e93764dcf1758f52d2792d4b3e4089ee25bc520608dde62ad802ae541?s=96&d=mm&r=g\",\"caption\":\"Leandro Signori\"},\"description\":\"Licenciado em Geografia pela Universidade Federal do Rio Grande do Sul (UFRGS) e Bacharel em Geografia pela Uniceub (Bras\u00edlia). Como servidor p\u00fablico, foi funcion\u00e1rio da Prefeitura de S\u00e3o Leopoldo (RS), Prefeitura de Porto Alegre (RS), Companhia Riograndense de Saneamento (Corsan) e Minist\u00e9rio da Integra\u00e7\u00e3o Nacional. \u00c9 professor de Geografia para o ensino m\u00e9dio na rede particular de ensino. Leciona as disciplinas de Atualidades, Conhecimentos Gerais, Geografia, Realidade Brasileira e Hist\u00f3ria, em cursos on line e presenciais preparat\u00f3rios para concursos p\u00fablicos.\",\"sameAs\":[\"https:\/\/www.facebook.com\/leandrosignoriatualidades\/\"],\"url\":\"https:\/\/www.estrategiaconcursos.com.br\/blog\/author\/leandroestrategiaconcursos-com-br\/\"}]}<\/script>\n<!-- \/ Yoast SEO Premium plugin. -->","yoast_head_json":{"title":"Quadro atualizado de discursivas de Atualidades do Cespe","robots":{"index":"index","follow":"follow","max-snippet":"max-snippet:-1","max-image-preview":"max-image-preview:large","max-video-preview":"max-video-preview:-1"},"canonical":"https:\/\/www.estrategiaconcursos.com.br\/blog\/quadro-atualizado-de-discursivas-de-atualidades-do-cespe\/","og_locale":"pt_BR","og_type":"article","og_title":"Quadro atualizado de discursivas de Atualidades do Cespe","og_description":"Ol\u00e1 alunos do Estrat\u00e9gia Concursos, Segue um quadro atualizado de provas discursivas do Cespe\/Cebraspe, em que o tema veio da disciplina de Atualidades. O quadro traz 18 provas aplicadas entre os anos de 2015 e 2017. Por ele, podemos ter uma vis\u00e3o das \u00e1reas tem\u00e1ticas preferidas da banca na elabora\u00e7\u00e3o dos temas e dos aspectos [&hellip;]","og_url":"https:\/\/www.estrategiaconcursos.com.br\/blog\/quadro-atualizado-de-discursivas-de-atualidades-do-cespe\/","og_site_name":"Estrat\u00e9gia Concursos","article_author":"https:\/\/www.facebook.com\/leandrosignoriatualidades\/","article_published_time":"2017-10-18T20:05:08+00:00","author":"Leandro Signori","twitter_card":"summary_large_image","twitter_creator":"@EstratConcursos","twitter_site":"@EstratConcursos","twitter_misc":{"Escrito por":"Leandro Signori","Est. tempo de leitura":"6 minutos"},"schema":{"@context":"https:\/\/schema.org","@graph":[{"@type":"NewsArticle","@id":"https:\/\/www.estrategiaconcursos.com.br\/blog\/quadro-atualizado-de-discursivas-de-atualidades-do-cespe\/#article","isPartOf":{"@id":"https:\/\/www.estrategiaconcursos.com.br\/blog\/quadro-atualizado-de-discursivas-de-atualidades-do-cespe\/"},"author":{"name":"Leandro Signori","@id":"https:\/\/www.estrategiaconcursos.com.br\/blog\/#\/schema\/person\/d2e7d78de4b9d6ba51cc24fd558a7f42"},"headline":"Quadro atualizado de discursivas de Atualidades do Cespe","datePublished":"2017-10-18T20:05:08+00:00","mainEntityOfPage":{"@id":"https:\/\/www.estrategiaconcursos.com.br\/blog\/quadro-atualizado-de-discursivas-de-atualidades-do-cespe\/"},"wordCount":1175,"commentCount":12,"publisher":{"@id":"https:\/\/www.estrategiaconcursos.com.br\/blog\/#organization"},"keywords":["Atualidades","Curso Discursivas","provas discursivas"],"articleSection":["Concursos P\u00fablicos","Tribunais"],"inLanguage":"pt-BR","potentialAction":[{"@type":"CommentAction","name":"Comment","target":["https:\/\/www.estrategiaconcursos.com.br\/blog\/quadro-atualizado-de-discursivas-de-atualidades-do-cespe\/#respond"]}],"copyrightYear":"2017","copyrightHolder":{"@id":"https:\/\/www.estrategiaconcursos.com.br\/blog\/#organization"}},{"@type":"WebPage","@id":"https:\/\/www.estrategiaconcursos.com.br\/blog\/quadro-atualizado-de-discursivas-de-atualidades-do-cespe\/","url":"https:\/\/www.estrategiaconcursos.com.br\/blog\/quadro-atualizado-de-discursivas-de-atualidades-do-cespe\/","name":"Quadro atualizado de discursivas de Atualidades do Cespe","isPartOf":{"@id":"https:\/\/www.estrategiaconcursos.com.br\/blog\/#website"},"datePublished":"2017-10-18T20:05:08+00:00","breadcrumb":{"@id":"https:\/\/www.estrategiaconcursos.com.br\/blog\/quadro-atualizado-de-discursivas-de-atualidades-do-cespe\/#breadcrumb"},"inLanguage":"pt-BR","potentialAction":[{"@type":"ReadAction","target":["https:\/\/www.estrategiaconcursos.com.br\/blog\/quadro-atualizado-de-discursivas-de-atualidades-do-cespe\/"]}]},{"@type":"BreadcrumbList","@id":"https:\/\/www.estrategiaconcursos.com.br\/blog\/quadro-atualizado-de-discursivas-de-atualidades-do-cespe\/#breadcrumb","itemListElement":[{"@type":"ListItem","position":1,"name":"In\u00edcio","item":"https:\/\/www.estrategiaconcursos.com.br\/blog\/"},{"@type":"ListItem","position":2,"name":"Quadro atualizado de discursivas de Atualidades do Cespe"}]},{"@type":"WebSite","@id":"https:\/\/www.estrategiaconcursos.com.br\/blog\/#website","url":"https:\/\/www.estrategiaconcursos.com.br\/blog\/","name":"Estrat\u00e9gia Concursos","description":"O blog da Estrat\u00e9gia Concursos traz not\u00edcias sobre concursos e artigos de professores oferecendo cursos para concursos (pdf + videaulas) no site.","publisher":{"@id":"https:\/\/www.estrategiaconcursos.com.br\/blog\/#organization"},"potentialAction":[{"@type":"SearchAction","target":{"@type":"EntryPoint","urlTemplate":"https:\/\/www.estrategiaconcursos.com.br\/blog\/?s={search_term_string}"},"query-input":{"@type":"PropertyValueSpecification","valueRequired":true,"valueName":"search_term_string"}}],"inLanguage":"pt-BR"},{"@type":"Organization","@id":"https:\/\/www.estrategiaconcursos.com.br\/blog\/#organization","name":"Estrat\u00e9gia Concursos","url":"https:\/\/www.estrategiaconcursos.com.br\/blog\/","logo":{"@type":"ImageObject","inLanguage":"pt-BR","@id":"https:\/\/www.estrategiaconcursos.com.br\/blog\/#\/schema\/logo\/image\/","url":"https:\/\/dhg1h5j42swfq.cloudfront.net\/2025\/06\/03203428\/logo_concursos-1.jpg","contentUrl":"https:\/\/dhg1h5j42swfq.cloudfront.net\/2025\/06\/03203428\/logo_concursos-1.jpg","width":230,"height":60,"caption":"Estrat\u00e9gia Concursos"},"image":{"@id":"https:\/\/www.estrategiaconcursos.com.br\/blog\/#\/schema\/logo\/image\/"},"sameAs":["https:\/\/x.com\/EstratConcursos"]},{"@type":"Person","@id":"https:\/\/www.estrategiaconcursos.com.br\/blog\/#\/schema\/person\/d2e7d78de4b9d6ba51cc24fd558a7f42","name":"Leandro Signori","image":{"@type":"ImageObject","inLanguage":"pt-BR","@id":"https:\/\/secure.gravatar.com\/avatar\/aa2ef98e93764dcf1758f52d2792d4b3e4089ee25bc520608dde62ad802ae541?s=96&d=mm&r=g","url":"https:\/\/secure.gravatar.com\/avatar\/aa2ef98e93764dcf1758f52d2792d4b3e4089ee25bc520608dde62ad802ae541?s=96&d=mm&r=g","contentUrl":"https:\/\/secure.gravatar.com\/avatar\/aa2ef98e93764dcf1758f52d2792d4b3e4089ee25bc520608dde62ad802ae541?s=96&d=mm&r=g","caption":"Leandro Signori"},"description":"Licenciado em Geografia pela Universidade Federal do Rio Grande do Sul (UFRGS) e Bacharel em Geografia pela Uniceub (Bras\u00edlia). Como servidor p\u00fablico, foi funcion\u00e1rio da Prefeitura de S\u00e3o Leopoldo (RS), Prefeitura de Porto Alegre (RS), Companhia Riograndense de Saneamento (Corsan) e Minist\u00e9rio da Integra\u00e7\u00e3o Nacional. \u00c9 professor de Geografia para o ensino m\u00e9dio na rede particular de ensino. Leciona as disciplinas de Atualidades, Conhecimentos Gerais, Geografia, Realidade Brasileira e Hist\u00f3ria, em cursos on line e presenciais preparat\u00f3rios para concursos p\u00fablicos.","sameAs":["https:\/\/www.facebook.com\/leandrosignoriatualidades\/"],"url":"https:\/\/www.estrategiaconcursos.com.br\/blog\/author\/leandroestrategiaconcursos-com-br\/"}]}},"_links":{"self":[{"href":"https:\/\/www.estrategiaconcursos.com.br\/blog\/wp-json\/wp\/v2\/posts\/92905","targetHints":{"allow":["GET"]}}],"collection":[{"href":"https:\/\/www.estrategiaconcursos.com.br\/blog\/wp-json\/wp\/v2\/posts"}],"about":[{"href":"https:\/\/www.estrategiaconcursos.com.br\/blog\/wp-json\/wp\/v2\/types\/post"}],"author":[{"embeddable":true,"href":"https:\/\/www.estrategiaconcursos.com.br\/blog\/wp-json\/wp\/v2\/users\/306"}],"replies":[{"embeddable":true,"href":"https:\/\/www.estrategiaconcursos.com.br\/blog\/wp-json\/wp\/v2\/comments?post=92905"}],"version-history":[{"count":8,"href":"https:\/\/www.estrategiaconcursos.com.br\/blog\/wp-json\/wp\/v2\/posts\/92905\/revisions"}],"predecessor-version":[{"id":92927,"href":"https:\/\/www.estrategiaconcursos.com.br\/blog\/wp-json\/wp\/v2\/posts\/92905\/revisions\/92927"}],"wp:attachment":[{"href":"https:\/\/www.estrategiaconcursos.com.br\/blog\/wp-json\/wp\/v2\/media?parent=92905"}],"wp:term":[{"taxonomy":"category","embeddable":true,"href":"https:\/\/www.estrategiaconcursos.com.br\/blog\/wp-json\/wp\/v2\/categories?post=92905"},{"taxonomy":"post_tag","embeddable":true,"href":"https:\/\/www.estrategiaconcursos.com.br\/blog\/wp-json\/wp\/v2\/tags?post=92905"},{"taxonomy":"tax_estado","embeddable":true,"href":"https:\/\/www.estrategiaconcursos.com.br\/blog\/wp-json\/wp\/v2\/tax_estado?post=92905"}],"curies":[{"name":"wp","href":"https:\/\/api.w.org\/{rel}","templated":true}]}}