{"id":92869,"date":"2017-10-18T13:24:16","date_gmt":"2017-10-18T16:24:16","guid":{"rendered":"https:\/\/www.estrategiaconcursos.com.br\/blog\/?p=92869"},"modified":"2017-10-18T13:24:16","modified_gmt":"2017-10-18T16:24:16","slug":"tj-pe-recursos-para-o-cargo-de-oficial-de-justica-varios-penal-e-processo-penal","status":"publish","type":"post","link":"https:\/\/www.estrategiaconcursos.com.br\/blog\/tj-pe-recursos-para-o-cargo-de-oficial-de-justica-varios-penal-e-processo-penal\/","title":{"rendered":"TJ PE &#8211; RECURSOS para o cargo de Oficial de Justi\u00e7a (V\u00e1rios!) &#8211; Penal e Processo Penal"},"content":{"rendered":"<p style=\"text-align: center\"><span style=\"color: #0000ff\"><strong>RECURSOS DE DIREITO PENAL \u00a0E PROCESSUAL PENAL TJ PE &#8211; OFICIAL DE JUSTI\u00c7A\u00a0<\/strong><\/span><\/p>\n<p>Ol\u00e1, pessoal<\/p>\n<p style=\"text-align: justify\">Para quem n\u00e3o me conhece ainda, meu nome \u00e9 <strong>Renan Araujo<\/strong> e sou professor aqui no Estrat\u00e9gia Concursos, lecionando as mat\u00e9rias de Direito Penal e Processual Penal.<\/p>\n<p style=\"text-align: justify\">Neste artigo vou apresentar os <span style=\"text-decoration: underline\"><strong>RECURSOS<\/strong><\/span> \u00e0s \u00a0quest\u00f5es Direito Penal e Processual Penal que foram cobradas na <strong>recente prova do concurso para o TJ PE, para o cargo de OFICIAL DE JUSTI\u00c7A.<\/strong><\/p>\n<p>Mais uma vez, a prova do IBFC foi um show de horrores. Seguem as possibilidades de recurso:<\/p>\n<p style=\"text-align: justify\">__________________<\/p>\n<p style=\"text-align: justify\"><strong>45)<\/strong><\/p>\n<p style=\"text-align: justify\"><strong>(IBFC \u2013 2017 \u2013 TJ PE \u2013 OFICIAL DE JUSTI\u00c7A)<\/strong><\/p>\n<p style=\"text-align: justify\"><strong>S\u00e3o isentos de pena os agentes que det\u00e9m determinadas condi\u00e7\u00f5es especiais ou que realizam o fato tido como crime em situa\u00e7\u00f5es extraordin\u00e1rias. Sobre o tema, assinale a alternativa que n\u00e3o contempla uma causa excludente de culpabilidade.<\/strong><\/p>\n<p style=\"text-align: justify\"><strong>a) Leg\u00edtima defesa<\/strong><\/p>\n<p style=\"text-align: justify\"><strong>b) \u00a0Doen\u00e7a mental que influencie na compreens\u00e3o sobre a ilicitude do fato.<\/strong><\/p>\n<p style=\"text-align: justify\"><strong>c) \u00a0Desenvolvimento mental incompleto que influencie na compreens\u00e3o sobre a ilicitude do fato \u2028<\/strong><\/p>\n<p style=\"text-align: justify\"><strong>d) \u00a0Embriaguez completa proveniente de caso fortuito ou \u2028for\u00e7a maior<\/strong><\/p>\n<p style=\"text-align: justify\"><strong>e) \u00a0Retardamento mental que influencie na compreens\u00e3o \u2028sobre a ilicitude do fato<\/strong><\/p>\n<p style=\"text-align: justify\"><strong>COMENT\u00c1RIOS:<\/strong><\/p>\n<p style=\"text-align: justify\">GABARITO DA BANCA: Letra A.<\/p>\n<p style=\"text-align: justify\">RECURSO: ANULA\u00c7\u00c3O<\/p>\n<p style=\"text-align: justify\">Apesar de a letra A, de fato, estar correta, pois n\u00e3o se trata de hip\u00f3tese de excludente da culpabilidade, as letras B, C e E tamb\u00e9m est\u00e3o corretas, pois o SIMPLES FATO DE haver doen\u00e7a mental, desenvolvimento mental incompleto ou retardo mental que apenas INFLUENCIE na compreens\u00e3o sobre a ilicitude do fato n\u00e3o gera, por si s\u00f3, excludente de ilicitude. \u00c9 necess\u00e1rio que estas situa\u00e7\u00f5es AFASTEM POR COMPLETO a capacidade de discernimento do agente, na forma do art. 26 do CP.<\/p>\n<p style=\"text-align: justify\"><span style=\"color: #ff0000\"><strong>Portanto, a QUEST\u00c3O DEVERIA SER ANULADA.<\/strong><\/span><\/p>\n<p style=\"text-align: justify\"><strong>47)<\/strong><\/p>\n<p style=\"text-align: justify\"><strong>(IBFC \u2013 2017 \u2013 TJ PE \u2013 OFICIAL DE JUSTI\u00c7A)<\/strong><\/p>\n<p style=\"text-align: justify\"><strong>Sobre a a\u00e7\u00e3o penal privada, analise os itens abaixo.<\/strong><\/p>\n<p style=\"text-align: justify\"><strong>I &#8211; A a\u00e7\u00e3o penal privada \u00e9 uma modalidade de procedimento criminal cuja iniciativa \u00e9 de exclusividade da v\u00edtima por meio do oferecimento de Queixa-crime. \u00c9 observ\u00e1vel apenas quando do cometimento de crimes contra a honra e dignidade sexual. \u2028<\/strong><\/p>\n<p style=\"text-align: justify\"><strong>II &#8211; Ocorrer\u00e1 a peremp\u00e7\u00e3o do direito de a\u00e7\u00e3o quando o querelante se abster de fazer pedido condenat\u00f3rio na exordial acusat\u00f3ria.<\/strong><\/p>\n<p style=\"text-align: justify\"><strong>III. Na hip\u00f3tese de falecimento do ofendido, ter\u00e3o legitimidade para propor a a\u00e7\u00e3o penal privada o c\u00f4njuge da v\u00edtima, seu ascendentes, descendentes e irm\u00e3os, nesta ordem.<\/strong><\/p>\n<p style=\"text-align: justify\"><strong>IV. O prazo para o exerc\u00edcio do direito de Queixa \u00e9 de 6 (seis) meses, contados da data de consuma\u00e7\u00e3o do delito.<\/strong><\/p>\n<p style=\"text-align: justify\"><strong>Assinale a alternativa correta.<\/strong><\/p>\n<p style=\"text-align: justify\"><strong>a) Apenas I e II est\u00e3o corretos\u2028<\/strong><\/p>\n<p style=\"text-align: justify\"><strong>b) Apenas I e IV est\u00e3o corretos<\/strong><\/p>\n<p style=\"text-align: justify\"><strong>c) Apenas II e III est\u00e3o corretos<\/strong><\/p>\n<p style=\"text-align: justify\"><strong>d) Apenas II e IV est\u00e3o incorretos<\/strong><\/p>\n<p style=\"text-align: justify\"><strong>e) I, II, III e IV est\u00e3o corretos<\/strong><\/p>\n<p style=\"text-align: justify\"><strong>COMENT\u00c1RIOS:<\/strong><\/p>\n<p style=\"text-align: justify\">GABARITO DA BANCA: Letra C.<\/p>\n<p style=\"text-align: justify\">RECURSO: ANULA\u00c7\u00c3O<\/p>\n<p style=\"text-align: justify\">A afirmativa III, de fato, est\u00e1 correta. A afirmativa II, todavia, est\u00e1 ERRADA. Isto porque ocorrer\u00e1 a peremp\u00e7\u00e3o quando o querelante n\u00e3o fizer pedido condenat\u00f3rio NAS ALEGA\u00c7\u00d5ES FINAIS. Se o querelante aju\u00edza a a\u00e7\u00e3o penal e n\u00e3o formula, NA PR\u00d3PRIA INICIAL acusat\u00f3ria, o pedido de condena\u00e7\u00e3o, a hip\u00f3tese \u00e9 de rejei\u00e7\u00e3o da inicial acusat\u00f3ria, n\u00e3o de peremp\u00e7\u00e3o, na forma do art. 395 do CPP.<\/p>\n<p style=\"text-align: justify\"><span style=\"color: #ff0000\"><strong>Portanto, a QUEST\u00c3O DEVERIA SER ANULADA.<\/strong><\/span><\/p>\n<p style=\"text-align: justify\"><strong>49) \u00a0<\/strong><\/p>\n<p style=\"text-align: justify\"><strong>(IBFC \u2013 2017 \u2013 TJ PE \u2013 OFICIAL DE JUSTI\u00c7A)<\/strong><\/p>\n<p style=\"text-align: justify\"><strong>A a\u00e7\u00e3o penal necessita de condi\u00e7\u00f5es e requisitos para a sua subsist\u00eancia. Tais elementos est\u00e3o dispostos em lei e sua aus\u00eancia no caso concreto gera a extin\u00e7\u00e3o da demanda. Neste contexto, identifique e assinale a alternativa que n\u00e3o apresenta uma das condi\u00e7\u00f5es legais da a\u00e7\u00e3o penal.<\/strong><\/p>\n<p style=\"text-align: justify\"><strong>a) Justa causa\u2028<\/strong><\/p>\n<p style=\"text-align: justify\"><strong>b) Legitimidade de parte\u2028<\/strong><\/p>\n<p style=\"text-align: justify\"><strong>c) Possiblidade jur\u00eddica do pedido<\/strong><\/p>\n<p style=\"text-align: justify\"><strong>d) Indivisibilidade da acusa\u00e7\u00e3o\u2028<\/strong><\/p>\n<p style=\"text-align: justify\"><strong>e) Interesse de agir \u2028<\/strong><\/p>\n<p style=\"text-align: justify\"><strong>COMENT\u00c1RIOS:<\/strong><\/p>\n<p style=\"text-align: justify\">GABARITO DA BANCA: Letra D.<\/p>\n<p style=\"text-align: justify\">RECURSO: ANULA\u00c7\u00c3O<\/p>\n<p style=\"text-align: justify\">A letra D, de fato, n\u00e3o corresponde a uma das condi\u00e7\u00f5es para o leg\u00edtimo exerc\u00edcio do direito de a\u00e7\u00e3o. Todavia, a letra A trata da justa causa, e existe grande discuss\u00e3o doutrin\u00e1ria a respeito da natureza da justa causa, havendo v\u00e1rios doutrinadores que defendem que a justa causa n\u00e3o \u00e9 uma das \u201ccondi\u00e7\u00f5es para o leg\u00edtimo exerc\u00edcio do direito de a\u00e7\u00e3o\u201d. Alguns a inserem dentro do interesse de agir, outros entendem tratar-se de elemento necess\u00e1rio \u00e0 demonstra\u00e7\u00e3o da viabilidade da demanda, n\u00e3o recebendo, por\u00e9m, o nome de \u201ccondi\u00e7\u00e3o da a\u00e7\u00e3o\u201d. Isto fica ainda mais evidente quando o CPP coloca a \u201cjusta causa\u201d fora da express\u00e3o \u201ccondi\u00e7\u00f5es da a\u00e7\u00e3o\u201d, em seu art. 395:<\/p>\n<p style=\"text-align: justify;padding-left: 30px\"><em>Art. 395.\u00a0 A den\u00fancia ou queixa ser\u00e1 rejeitada quando:\u00a0\u00a0\u00a0\u00a0\u00a0\u00a0\u00a0\u00a0\u00a0\u00a0\u00a0\u00a0\u00a0\u00a0\u00a0\u00a0\u00a0\u00a0\u00a0 (Reda\u00e7\u00e3o dada pela Lei n\u00ba 11.719, de 2008).<\/em><\/p>\n<p style=\"text-align: justify;padding-left: 30px\"><em>I &#8211; for manifestamente inepta;\u00a0\u00a0\u00a0\u00a0\u00a0\u00a0\u00a0\u00a0\u00a0\u00a0\u00a0\u00a0\u00a0\u00a0\u00a0\u00a0\u00a0\u00a0\u00a0\u00a0\u00a0\u00a0\u00a0 (Inclu\u00eddo pela Lei n\u00ba 11.719, de 2008).<\/em><\/p>\n<p style=\"text-align: justify;padding-left: 30px\"><em>II &#8211; faltar pressuposto processual ou condi\u00e7\u00e3o para o exerc\u00edcio da a\u00e7\u00e3o penal; ou\u00a0\u00a0\u00a0\u00a0\u00a0\u00a0\u00a0\u00a0\u00a0\u00a0\u00a0\u00a0\u00a0\u00a0\u00a0\u00a0\u00a0\u00a0\u00a0\u00a0\u00a0\u00a0\u00a0\u00a0\u00a0 (Inclu\u00eddo pela Lei n\u00ba 11.719, de 2008).<\/em><\/p>\n<p style=\"text-align: justify;padding-left: 30px\"><em>III &#8211; faltar justa causa para o exerc\u00edcio da a\u00e7\u00e3o penal.\u00a0\u00a0\u00a0\u00a0\u00a0\u00a0\u00a0\u00a0\u00a0\u00a0\u00a0\u00a0\u00a0\u00a0\u00a0\u00a0\u00a0\u00a0\u00a0 (Inclu\u00eddo pela Lei n\u00ba 11.719, de 2008).<\/em><\/p>\n<p style=\"text-align: justify\">Ora, se a justa causa fosse apenas mais uma das \u201ccondi\u00e7\u00f5es da a\u00e7\u00e3o\u201d, o inciso III do art. 395 do CPP seria ABSOLUTAMENTE DESNECESS\u00c1RIO, vez que a aus\u00eancia de justa causa j\u00e1 estaria abarcada pela disposi\u00e7\u00e3o do item II, que trata da rejei\u00e7\u00e3o da den\u00fancia ou queixa no caso de aus\u00eancia de condi\u00e7\u00e3o da a\u00e7\u00e3o.<\/p>\n<p style=\"text-align: justify\">Assim, por se tratar de um tema extremamente pol\u00eamico na Doutrina, n\u00e3o \u00e9 poss\u00edvel exigir uma resposta objetiva do candidato.<\/p>\n<p style=\"text-align: justify\"><strong><span style=\"color: #ff0000\">Portanto, a QUEST\u00c3O DEVERIA SER ANULADA.<\/span><\/strong><\/p>\n<p style=\"text-align: justify\"><strong>50)<\/strong><\/p>\n<p style=\"text-align: justify\"><strong>(IBFC \u2013 2017 \u2013 TJ PE \u2013 OFICIAL DE JUSTI\u00c7A)<\/strong><\/p>\n<p style=\"text-align: justify\"><strong>Sobre a aplica\u00e7\u00e3o da lei processual penal no tempo e no espa\u00e7o, analise os itens a seguir.<\/strong><\/p>\n<p style=\"text-align: justify\"><strong>I &#8211; A lei processual penal entra em vigor e passa a ser \u2028aplicada imediatamente, mesmo nas hip\u00f3teses em que o delito j\u00e1 tenha sido cometido, o acusado j\u00e1 esteja sendo processado e extinga modalidade de defesa.<\/strong><\/p>\n<p style=\"text-align: justify\"><strong>II &#8211; Aplica-se a lei processual penal brasileira quando o crime \u00e9 cometido por cidad\u00e3o brasileiro no exterior e ali o autor passa a ser processado.<\/strong><\/p>\n<p style=\"text-align: justify\"><strong>III &#8211; Nos crimes cometidos em embarca\u00e7\u00f5es estrangeiras privadas estacionadas em portos brasileiros, aplica-se a lei processual penal de seu pa\u00eds de origem. \u2028<\/strong><\/p>\n<p style=\"text-align: justify\"><strong>IV &#8211; O cumprimento de senten\u00e7a penal condenat\u00f3ria emitida por autoridade estrangeira n\u00e3o se submete a exame de legalidade e correspond\u00eancia de crimes, cabendo ao juiz criminal aplica-la de imediato. Assinale a alternativa correta.<\/strong><\/p>\n<p style=\"text-align: justify\"><strong>a) Apenas I e II est\u00e3o corretos\u2028<\/strong><\/p>\n<p style=\"text-align: justify\"><strong>b) Apenas I e IV est\u00e3o incorretos<\/strong><\/p>\n<p style=\"text-align: justify\"><strong>c) Apenas II e III est\u00e3o incorretos<\/strong><\/p>\n<p style=\"text-align: justify\"><strong>d) Apenas III e IV est\u00e3o corretos<\/strong><\/p>\n<p style=\"text-align: justify\"><strong>e) I, II, III e IV est\u00e3o incorretos<\/strong><\/p>\n<p style=\"text-align: justify\"><strong>COMENT\u00c1RIOS:<\/strong><\/p>\n<p style=\"text-align: justify\">GABARITO DA BANCA: Letra E.<\/p>\n<p style=\"text-align: justify\">RECURSO: ANULA\u00c7\u00c3O<\/p>\n<p style=\"text-align: justify\">A Banca considerou que todos os itens est\u00e3o errados. Todavia, o item I est\u00e1 correto.<\/p>\n<p style=\"text-align: justify\">Em se tratando de LEI PROCESSUAL no tempo, vigora o princ\u00edpio do \u201ctemos regit actum\u201d, ou seja, o ato ser\u00e1 regido pela lei que vigorar no momento de sua realiza\u00e7\u00e3o. Isso gera o que se chama de \u201caplica\u00e7\u00e3o imediata da lei processual\u201d, ou seja, a lei processual nova \u00e9 aplic\u00e1vel inclusive aos processos que est\u00e3o em curso (obviamente relativos a fatos praticados antes da sua entrada em vigor). N\u00e3o importa, neste caso, se a lei processual nova \u00e9 mais ben\u00e9fica ou mais gravosa, ela ser\u00e1 aplic\u00e1vel, ainda que, por exemplo, suprima uma modalidade defensiva.<\/p>\n<p style=\"text-align: justify\">EXEMPLO: Jos\u00e9 pratica o crime X. O MP denuncia Jos\u00e9 pela pr\u00e1tica do crime X. Durante o processo, surge uma lei processual nova, estabelecendo que o recurso \u201cZ\u201d n\u00e3o \u00e9 mais cab\u00edvel no processo penal. Neste caso, a lei processual nova vai ser aplicada ao processo de Jos\u00e9, ainda que possa ser considerada prejudicial \u00e0 defesa.<\/p>\n<p style=\"text-align: justify\">Assim, somente o item I est\u00e1 correto, e n\u00e3o h\u00e1 tal op\u00e7\u00e3o.<\/p>\n<p style=\"text-align: justify\"><span style=\"color: #ff0000\"><strong>Portanto, a QUEST\u00c3O DEVERIA SER ANULADA.<\/strong><\/span><\/p>\n<p>&nbsp;<\/p>\n<p>__________________<\/p>\n<p style=\"text-align: justify\">Se voc\u00ea quer conhecer mais do meu trabalho aqui no Estrat\u00e9gia Concursos, <a href=\"https:\/\/www.estrategiaconcursos.com.br\/cursosPorProfessor\/renan-araujo-3209\/\">clique aqui<\/a> e baixe, gratuitamente, as aulas demonstrativas dos meus cursos.<\/p>\n<p style=\"text-align: justify\"><strong>Bons estudos!<\/strong><\/p>\n<p style=\"text-align: justify\"><strong>Prof. Renan Araujo<\/strong><\/p>\n<p style=\"text-align: justify\"><strong>E-mail:\u00a0<\/strong><a href=\"mailto:profrenanaraujo@gmail.com\"><strong>prof<\/strong><\/a><strong>renanaraujo@gmail.com<\/strong><\/p>\n<p style=\"text-align: justify\"><strong>Periscope: @profrenanaraujo\u00a0<\/strong><\/p>\n<p style=\"text-align: justify\"><strong>Facebook:\u00a0<\/strong><a href=\"http:\/\/www.facebook.com\/profrenanaraujoestrategia\"><strong>www.facebook.com\/profrenanaraujoestrategia<\/strong><\/a><\/p>\n<p style=\"text-align: justify\"><strong>Instagram:\u00a0<\/strong><a href=\"http:\/\/www.instagram.com\/profrenanaraujo\/?hl=pt-br\"><strong>www.instagram.com\/profrenanaraujo\/?hl=pt-br<\/strong><\/a><\/p>\n<p style=\"text-align: justify\"><strong>Youtube:\u00a0<\/strong><a href=\"http:\/\/www.youtube.com\/channel\/UClIFS2cyREWT35OELN8wcFQ\"><strong>www.youtube.com\/channel\/UClIFS2cyREWT35OELN8wcFQ<\/strong><\/a><\/p>\n","protected":false},"excerpt":{"rendered":"<p>RECURSOS DE DIREITO PENAL \u00a0E PROCESSUAL PENAL TJ PE &#8211; OFICIAL DE JUSTI\u00c7A\u00a0 Ol\u00e1, pessoal Para quem n\u00e3o me conhece ainda, meu nome \u00e9 Renan Araujo e sou professor aqui no Estrat\u00e9gia Concursos, lecionando as mat\u00e9rias de Direito Penal e Processual Penal. Neste artigo vou apresentar os RECURSOS \u00e0s \u00a0quest\u00f5es Direito Penal e Processual Penal [&hellip;]<\/p>\n","protected":false},"author":39,"featured_media":0,"comment_status":"open","ping_status":"open","sticky":false,"template":"","format":"standard","meta":{"post_tipo":"article","footnotes":""},"categories":[1],"tags":[],"tax_estado":[],"class_list":["post-92869","post","type-post","status-publish","format-standard","hentry","category-cursos-e-concursos"],"acf":[],"yoast_head":"<!-- This site is optimized with the Yoast SEO Premium plugin v27.2 (Yoast SEO v27.2) - https:\/\/yoast.com\/product\/yoast-seo-premium-wordpress\/ -->\n<title>TJ PE - RECURSOS para o cargo de Oficial de Justi\u00e7a (V\u00e1rios!) - Penal e Processo Penal<\/title>\n<meta name=\"description\" content=\"Coment\u00e1rios do Prof. Renan Araujo \u00e0s possibilidades de recurso em penal e processo penal, no concurso do TJ PE, para o cargo de Oficial de Justi\u00e7a.\" \/>\n<meta name=\"robots\" content=\"index, follow, max-snippet:-1, max-image-preview:large, max-video-preview:-1\" \/>\n<link rel=\"canonical\" href=\"https:\/\/www.estrategiaconcursos.com.br\/blog\/tj-pe-recursos-para-o-cargo-de-oficial-de-justica-varios-penal-e-processo-penal\/\" \/>\n<meta property=\"og:locale\" content=\"pt_BR\" \/>\n<meta property=\"og:type\" content=\"article\" \/>\n<meta property=\"og:title\" content=\"TJ PE - RECURSOS para o cargo de Oficial de Justi\u00e7a (V\u00e1rios!) - Penal e Processo Penal\" \/>\n<meta property=\"og:description\" content=\"Coment\u00e1rios do Prof. Renan Araujo \u00e0s possibilidades de recurso em penal e processo penal, no concurso do TJ PE, para o cargo de Oficial de Justi\u00e7a.\" \/>\n<meta property=\"og:url\" content=\"https:\/\/www.estrategiaconcursos.com.br\/blog\/tj-pe-recursos-para-o-cargo-de-oficial-de-justica-varios-penal-e-processo-penal\/\" \/>\n<meta property=\"og:site_name\" content=\"Estrat\u00e9gia Concursos\" \/>\n<meta property=\"article:published_time\" content=\"2017-10-18T16:24:16+00:00\" \/>\n<meta name=\"author\" content=\"Renan Araujo\" \/>\n<meta name=\"twitter:card\" content=\"summary_large_image\" \/>\n<meta name=\"twitter:creator\" content=\"@EstratConcursos\" \/>\n<meta name=\"twitter:site\" content=\"@EstratConcursos\" \/>\n<meta name=\"twitter:label1\" content=\"Escrito por\" \/>\n\t<meta name=\"twitter:data1\" content=\"Renan Araujo\" \/>\n\t<meta name=\"twitter:label2\" content=\"Est. tempo de leitura\" \/>\n\t<meta name=\"twitter:data2\" content=\"7 minutos\" \/>\n<script type=\"application\/ld+json\" class=\"yoast-schema-graph\">{\"@context\":\"https:\/\/schema.org\",\"@graph\":[{\"@type\":\"NewsArticle\",\"@id\":\"https:\/\/www.estrategiaconcursos.com.br\/blog\/tj-pe-recursos-para-o-cargo-de-oficial-de-justica-varios-penal-e-processo-penal\/#article\",\"isPartOf\":{\"@id\":\"https:\/\/www.estrategiaconcursos.com.br\/blog\/tj-pe-recursos-para-o-cargo-de-oficial-de-justica-varios-penal-e-processo-penal\/\"},\"author\":{\"name\":\"Renan Araujo\",\"@id\":\"https:\/\/www.estrategiaconcursos.com.br\/blog\/#\/schema\/person\/1a7a7af72da82939a6308b2ee292162b\"},\"headline\":\"TJ PE &#8211; RECURSOS para o cargo de Oficial de Justi\u00e7a (V\u00e1rios!) &#8211; Penal e Processo Penal\",\"datePublished\":\"2017-10-18T16:24:16+00:00\",\"mainEntityOfPage\":{\"@id\":\"https:\/\/www.estrategiaconcursos.com.br\/blog\/tj-pe-recursos-para-o-cargo-de-oficial-de-justica-varios-penal-e-processo-penal\/\"},\"wordCount\":1442,\"commentCount\":2,\"publisher\":{\"@id\":\"https:\/\/www.estrategiaconcursos.com.br\/blog\/#organization\"},\"articleSection\":[\"Concursos P\u00fablicos\"],\"inLanguage\":\"pt-BR\",\"potentialAction\":[{\"@type\":\"CommentAction\",\"name\":\"Comment\",\"target\":[\"https:\/\/www.estrategiaconcursos.com.br\/blog\/tj-pe-recursos-para-o-cargo-de-oficial-de-justica-varios-penal-e-processo-penal\/#respond\"]}],\"copyrightYear\":\"2017\",\"copyrightHolder\":{\"@id\":\"https:\/\/www.estrategiaconcursos.com.br\/blog\/#organization\"}},{\"@type\":\"WebPage\",\"@id\":\"https:\/\/www.estrategiaconcursos.com.br\/blog\/tj-pe-recursos-para-o-cargo-de-oficial-de-justica-varios-penal-e-processo-penal\/\",\"url\":\"https:\/\/www.estrategiaconcursos.com.br\/blog\/tj-pe-recursos-para-o-cargo-de-oficial-de-justica-varios-penal-e-processo-penal\/\",\"name\":\"TJ PE - RECURSOS para o cargo de Oficial de Justi\u00e7a (V\u00e1rios!) - Penal e Processo Penal\",\"isPartOf\":{\"@id\":\"https:\/\/www.estrategiaconcursos.com.br\/blog\/#website\"},\"datePublished\":\"2017-10-18T16:24:16+00:00\",\"description\":\"Coment\u00e1rios do Prof. Renan Araujo \u00e0s possibilidades de recurso em penal e processo penal, no concurso do TJ PE, para o cargo de Oficial de Justi\u00e7a.\",\"breadcrumb\":{\"@id\":\"https:\/\/www.estrategiaconcursos.com.br\/blog\/tj-pe-recursos-para-o-cargo-de-oficial-de-justica-varios-penal-e-processo-penal\/#breadcrumb\"},\"inLanguage\":\"pt-BR\",\"potentialAction\":[{\"@type\":\"ReadAction\",\"target\":[\"https:\/\/www.estrategiaconcursos.com.br\/blog\/tj-pe-recursos-para-o-cargo-de-oficial-de-justica-varios-penal-e-processo-penal\/\"]}]},{\"@type\":\"BreadcrumbList\",\"@id\":\"https:\/\/www.estrategiaconcursos.com.br\/blog\/tj-pe-recursos-para-o-cargo-de-oficial-de-justica-varios-penal-e-processo-penal\/#breadcrumb\",\"itemListElement\":[{\"@type\":\"ListItem\",\"position\":1,\"name\":\"In\u00edcio\",\"item\":\"https:\/\/www.estrategiaconcursos.com.br\/blog\/\"},{\"@type\":\"ListItem\",\"position\":2,\"name\":\"TJ PE &#8211; RECURSOS para o cargo de Oficial de Justi\u00e7a (V\u00e1rios!) &#8211; Penal e Processo Penal\"}]},{\"@type\":\"WebSite\",\"@id\":\"https:\/\/www.estrategiaconcursos.com.br\/blog\/#website\",\"url\":\"https:\/\/www.estrategiaconcursos.com.br\/blog\/\",\"name\":\"Estrat\u00e9gia Concursos\",\"description\":\"O blog da Estrat\u00e9gia Concursos traz not\u00edcias sobre concursos e artigos de professores oferecendo cursos para concursos (pdf + videaulas) no site.\",\"publisher\":{\"@id\":\"https:\/\/www.estrategiaconcursos.com.br\/blog\/#organization\"},\"potentialAction\":[{\"@type\":\"SearchAction\",\"target\":{\"@type\":\"EntryPoint\",\"urlTemplate\":\"https:\/\/www.estrategiaconcursos.com.br\/blog\/?s={search_term_string}\"},\"query-input\":{\"@type\":\"PropertyValueSpecification\",\"valueRequired\":true,\"valueName\":\"search_term_string\"}}],\"inLanguage\":\"pt-BR\"},{\"@type\":\"Organization\",\"@id\":\"https:\/\/www.estrategiaconcursos.com.br\/blog\/#organization\",\"name\":\"Estrat\u00e9gia Concursos\",\"url\":\"https:\/\/www.estrategiaconcursos.com.br\/blog\/\",\"logo\":{\"@type\":\"ImageObject\",\"inLanguage\":\"pt-BR\",\"@id\":\"https:\/\/www.estrategiaconcursos.com.br\/blog\/#\/schema\/logo\/image\/\",\"url\":\"https:\/\/dhg1h5j42swfq.cloudfront.net\/2025\/06\/03203428\/logo_concursos-1.jpg\",\"contentUrl\":\"https:\/\/dhg1h5j42swfq.cloudfront.net\/2025\/06\/03203428\/logo_concursos-1.jpg\",\"width\":230,\"height\":60,\"caption\":\"Estrat\u00e9gia Concursos\"},\"image\":{\"@id\":\"https:\/\/www.estrategiaconcursos.com.br\/blog\/#\/schema\/logo\/image\/\"},\"sameAs\":[\"https:\/\/x.com\/EstratConcursos\"]},{\"@type\":\"Person\",\"@id\":\"https:\/\/www.estrategiaconcursos.com.br\/blog\/#\/schema\/person\/1a7a7af72da82939a6308b2ee292162b\",\"name\":\"Renan Araujo\",\"image\":{\"@type\":\"ImageObject\",\"inLanguage\":\"pt-BR\",\"@id\":\"https:\/\/secure.gravatar.com\/avatar\/ca6cb9ba5a547fbe93c05c63d6103dff6c2566555a601f1efb8590a69fb9ed76?s=96&d=mm&r=g\",\"url\":\"https:\/\/secure.gravatar.com\/avatar\/ca6cb9ba5a547fbe93c05c63d6103dff6c2566555a601f1efb8590a69fb9ed76?s=96&d=mm&r=g\",\"contentUrl\":\"https:\/\/secure.gravatar.com\/avatar\/ca6cb9ba5a547fbe93c05c63d6103dff6c2566555a601f1efb8590a69fb9ed76?s=96&d=mm&r=g\",\"caption\":\"Renan Araujo\"},\"url\":\"https:\/\/www.estrategiaconcursos.com.br\/blog\/author\/renanaraujoestrategiaconcursos-com-br\/\"}]}<\/script>\n<!-- \/ Yoast SEO Premium plugin. -->","yoast_head_json":{"title":"TJ PE - RECURSOS para o cargo de Oficial de Justi\u00e7a (V\u00e1rios!) - Penal e Processo Penal","description":"Coment\u00e1rios do Prof. Renan Araujo \u00e0s possibilidades de recurso em penal e processo penal, no concurso do TJ PE, para o cargo de Oficial de Justi\u00e7a.","robots":{"index":"index","follow":"follow","max-snippet":"max-snippet:-1","max-image-preview":"max-image-preview:large","max-video-preview":"max-video-preview:-1"},"canonical":"https:\/\/www.estrategiaconcursos.com.br\/blog\/tj-pe-recursos-para-o-cargo-de-oficial-de-justica-varios-penal-e-processo-penal\/","og_locale":"pt_BR","og_type":"article","og_title":"TJ PE - RECURSOS para o cargo de Oficial de Justi\u00e7a (V\u00e1rios!) - Penal e Processo Penal","og_description":"Coment\u00e1rios do Prof. Renan Araujo \u00e0s possibilidades de recurso em penal e processo penal, no concurso do TJ PE, para o cargo de Oficial de Justi\u00e7a.","og_url":"https:\/\/www.estrategiaconcursos.com.br\/blog\/tj-pe-recursos-para-o-cargo-de-oficial-de-justica-varios-penal-e-processo-penal\/","og_site_name":"Estrat\u00e9gia Concursos","article_published_time":"2017-10-18T16:24:16+00:00","author":"Renan Araujo","twitter_card":"summary_large_image","twitter_creator":"@EstratConcursos","twitter_site":"@EstratConcursos","twitter_misc":{"Escrito por":"Renan Araujo","Est. tempo de leitura":"7 minutos"},"schema":{"@context":"https:\/\/schema.org","@graph":[{"@type":"NewsArticle","@id":"https:\/\/www.estrategiaconcursos.com.br\/blog\/tj-pe-recursos-para-o-cargo-de-oficial-de-justica-varios-penal-e-processo-penal\/#article","isPartOf":{"@id":"https:\/\/www.estrategiaconcursos.com.br\/blog\/tj-pe-recursos-para-o-cargo-de-oficial-de-justica-varios-penal-e-processo-penal\/"},"author":{"name":"Renan Araujo","@id":"https:\/\/www.estrategiaconcursos.com.br\/blog\/#\/schema\/person\/1a7a7af72da82939a6308b2ee292162b"},"headline":"TJ PE &#8211; RECURSOS para o cargo de Oficial de Justi\u00e7a (V\u00e1rios!) &#8211; Penal e Processo Penal","datePublished":"2017-10-18T16:24:16+00:00","mainEntityOfPage":{"@id":"https:\/\/www.estrategiaconcursos.com.br\/blog\/tj-pe-recursos-para-o-cargo-de-oficial-de-justica-varios-penal-e-processo-penal\/"},"wordCount":1442,"commentCount":2,"publisher":{"@id":"https:\/\/www.estrategiaconcursos.com.br\/blog\/#organization"},"articleSection":["Concursos P\u00fablicos"],"inLanguage":"pt-BR","potentialAction":[{"@type":"CommentAction","name":"Comment","target":["https:\/\/www.estrategiaconcursos.com.br\/blog\/tj-pe-recursos-para-o-cargo-de-oficial-de-justica-varios-penal-e-processo-penal\/#respond"]}],"copyrightYear":"2017","copyrightHolder":{"@id":"https:\/\/www.estrategiaconcursos.com.br\/blog\/#organization"}},{"@type":"WebPage","@id":"https:\/\/www.estrategiaconcursos.com.br\/blog\/tj-pe-recursos-para-o-cargo-de-oficial-de-justica-varios-penal-e-processo-penal\/","url":"https:\/\/www.estrategiaconcursos.com.br\/blog\/tj-pe-recursos-para-o-cargo-de-oficial-de-justica-varios-penal-e-processo-penal\/","name":"TJ PE - RECURSOS para o cargo de Oficial de Justi\u00e7a (V\u00e1rios!) - Penal e Processo Penal","isPartOf":{"@id":"https:\/\/www.estrategiaconcursos.com.br\/blog\/#website"},"datePublished":"2017-10-18T16:24:16+00:00","description":"Coment\u00e1rios do Prof. Renan Araujo \u00e0s possibilidades de recurso em penal e processo penal, no concurso do TJ PE, para o cargo de Oficial de Justi\u00e7a.","breadcrumb":{"@id":"https:\/\/www.estrategiaconcursos.com.br\/blog\/tj-pe-recursos-para-o-cargo-de-oficial-de-justica-varios-penal-e-processo-penal\/#breadcrumb"},"inLanguage":"pt-BR","potentialAction":[{"@type":"ReadAction","target":["https:\/\/www.estrategiaconcursos.com.br\/blog\/tj-pe-recursos-para-o-cargo-de-oficial-de-justica-varios-penal-e-processo-penal\/"]}]},{"@type":"BreadcrumbList","@id":"https:\/\/www.estrategiaconcursos.com.br\/blog\/tj-pe-recursos-para-o-cargo-de-oficial-de-justica-varios-penal-e-processo-penal\/#breadcrumb","itemListElement":[{"@type":"ListItem","position":1,"name":"In\u00edcio","item":"https:\/\/www.estrategiaconcursos.com.br\/blog\/"},{"@type":"ListItem","position":2,"name":"TJ PE &#8211; RECURSOS para o cargo de Oficial de Justi\u00e7a (V\u00e1rios!) &#8211; Penal e Processo Penal"}]},{"@type":"WebSite","@id":"https:\/\/www.estrategiaconcursos.com.br\/blog\/#website","url":"https:\/\/www.estrategiaconcursos.com.br\/blog\/","name":"Estrat\u00e9gia Concursos","description":"O blog da Estrat\u00e9gia Concursos traz not\u00edcias sobre concursos e artigos de professores oferecendo cursos para concursos (pdf + videaulas) no site.","publisher":{"@id":"https:\/\/www.estrategiaconcursos.com.br\/blog\/#organization"},"potentialAction":[{"@type":"SearchAction","target":{"@type":"EntryPoint","urlTemplate":"https:\/\/www.estrategiaconcursos.com.br\/blog\/?s={search_term_string}"},"query-input":{"@type":"PropertyValueSpecification","valueRequired":true,"valueName":"search_term_string"}}],"inLanguage":"pt-BR"},{"@type":"Organization","@id":"https:\/\/www.estrategiaconcursos.com.br\/blog\/#organization","name":"Estrat\u00e9gia Concursos","url":"https:\/\/www.estrategiaconcursos.com.br\/blog\/","logo":{"@type":"ImageObject","inLanguage":"pt-BR","@id":"https:\/\/www.estrategiaconcursos.com.br\/blog\/#\/schema\/logo\/image\/","url":"https:\/\/dhg1h5j42swfq.cloudfront.net\/2025\/06\/03203428\/logo_concursos-1.jpg","contentUrl":"https:\/\/dhg1h5j42swfq.cloudfront.net\/2025\/06\/03203428\/logo_concursos-1.jpg","width":230,"height":60,"caption":"Estrat\u00e9gia Concursos"},"image":{"@id":"https:\/\/www.estrategiaconcursos.com.br\/blog\/#\/schema\/logo\/image\/"},"sameAs":["https:\/\/x.com\/EstratConcursos"]},{"@type":"Person","@id":"https:\/\/www.estrategiaconcursos.com.br\/blog\/#\/schema\/person\/1a7a7af72da82939a6308b2ee292162b","name":"Renan Araujo","image":{"@type":"ImageObject","inLanguage":"pt-BR","@id":"https:\/\/secure.gravatar.com\/avatar\/ca6cb9ba5a547fbe93c05c63d6103dff6c2566555a601f1efb8590a69fb9ed76?s=96&d=mm&r=g","url":"https:\/\/secure.gravatar.com\/avatar\/ca6cb9ba5a547fbe93c05c63d6103dff6c2566555a601f1efb8590a69fb9ed76?s=96&d=mm&r=g","contentUrl":"https:\/\/secure.gravatar.com\/avatar\/ca6cb9ba5a547fbe93c05c63d6103dff6c2566555a601f1efb8590a69fb9ed76?s=96&d=mm&r=g","caption":"Renan Araujo"},"url":"https:\/\/www.estrategiaconcursos.com.br\/blog\/author\/renanaraujoestrategiaconcursos-com-br\/"}]}},"_links":{"self":[{"href":"https:\/\/www.estrategiaconcursos.com.br\/blog\/wp-json\/wp\/v2\/posts\/92869","targetHints":{"allow":["GET"]}}],"collection":[{"href":"https:\/\/www.estrategiaconcursos.com.br\/blog\/wp-json\/wp\/v2\/posts"}],"about":[{"href":"https:\/\/www.estrategiaconcursos.com.br\/blog\/wp-json\/wp\/v2\/types\/post"}],"author":[{"embeddable":true,"href":"https:\/\/www.estrategiaconcursos.com.br\/blog\/wp-json\/wp\/v2\/users\/39"}],"replies":[{"embeddable":true,"href":"https:\/\/www.estrategiaconcursos.com.br\/blog\/wp-json\/wp\/v2\/comments?post=92869"}],"version-history":[{"count":2,"href":"https:\/\/www.estrategiaconcursos.com.br\/blog\/wp-json\/wp\/v2\/posts\/92869\/revisions"}],"predecessor-version":[{"id":92871,"href":"https:\/\/www.estrategiaconcursos.com.br\/blog\/wp-json\/wp\/v2\/posts\/92869\/revisions\/92871"}],"wp:attachment":[{"href":"https:\/\/www.estrategiaconcursos.com.br\/blog\/wp-json\/wp\/v2\/media?parent=92869"}],"wp:term":[{"taxonomy":"category","embeddable":true,"href":"https:\/\/www.estrategiaconcursos.com.br\/blog\/wp-json\/wp\/v2\/categories?post=92869"},{"taxonomy":"post_tag","embeddable":true,"href":"https:\/\/www.estrategiaconcursos.com.br\/blog\/wp-json\/wp\/v2\/tags?post=92869"},{"taxonomy":"tax_estado","embeddable":true,"href":"https:\/\/www.estrategiaconcursos.com.br\/blog\/wp-json\/wp\/v2\/tax_estado?post=92869"}],"curies":[{"name":"wp","href":"https:\/\/api.w.org\/{rel}","templated":true}]}}