{"id":92859,"date":"2026-04-23T10:00:00","date_gmt":"2026-04-23T13:00:00","guid":{"rendered":"https:\/\/www.estrategiaconcursos.com.br\/blog\/?p=92859"},"modified":"2026-04-23T11:46:11","modified_gmt":"2026-04-23T14:46:11","slug":"concurso-ses-df","status":"publish","type":"post","link":"https:\/\/www.estrategiaconcursos.com.br\/blog\/concurso-ses-df\/","title":{"rendered":"Concurso SES DF: 900 vagas tempor\u00e1rias. Inscreva-se!"},"content":{"rendered":"\n<p style=\"font-size:clamp(14.642px, 0.915rem + ((1vw - 3.2px) * 0.721), 22px);\"><strong><em>Novos editais do concurso SES DF s\u00e3o aguardados para os pr\u00f3ximos meses!<\/em><\/strong><\/p>\n\n\n\n<div style=\"height:13px\" aria-hidden=\"true\" class=\"wp-block-spacer\"><\/div>\n\n\n\n<hr class=\"wp-block-separator has-alpha-channel-opacity\"\/>\n\n\n<p><center><a id=\"cta-icon\" href=\"https:\/\/sndflw.com\/i\/ses-df-grupo\" target=\"_blank\" style=\"background:#29a61a; display:inline-flex; align-items:center; padding:10px 15px; border-radius:6px; color:#fff; text-decoration:none; font-weight:500; font-size:15px;\"><img decoding=\"async\" src=\"https:\/\/dhg1h5j42swfq.cloudfront.net\/2023\/12\/07154107\/whatsapp_13851.png\" alt=\"\" style=\"width:20px; height:20px; margin-right:8px;\"><span>Acesse agora o Grupo de Estudos para o Concurso SES DF<\/span><\/a><\/center><\/p>\n\n\n\n<div style=\"height:31px\" aria-hidden=\"true\" class=\"wp-block-spacer\"><\/div>\n\n\n\n<p>Est\u00e3o abertas as inscri\u00e7\u00f5es do p<strong>rocesso seletivo simplificado SES DF<\/strong> (<a href=\"https:\/\/www.estrategiaconcursos.com.br\/cursosPorConcurso\/secretaria-de-saude-df\/\" target=\"_blank\" rel=\"noreferrer noopener\">Secretaria de Sa\u00fade do Distrito Federal<\/a>) com 300 vagas imediatas e 600 em cadastro de reserva.<\/p>\n\n\n\n<p>Os interessados podem se candidatar <strong>at\u00e9 o dia 5 de maio<\/strong>, no site da banca organizadora, Instituto Avalia, ao custo de R$ 26,01. N\u00e3o haver\u00e1 aplica\u00e7\u00e3o de prova.<\/p>\n\n\n\n<p>As oportunidades s\u00e3o para os cargos de <strong>T\u00e9cnico e Analista em Gest\u00e3o e Assist\u00eancia P\u00fablica \u00e0 Sa\u00fade<\/strong>, nos n\u00edveis m\u00e9dio e superior. Os sal\u00e1rios variam de R$ 4.045,76 a R$ 4.134,01.<\/p>\n\n\n\n<ul class=\"wp-block-list has-very-light-gray-to-cyan-bluish-gray-gradient-background has-background\">\n<li><strong>PSS SES DF &#8211; T\u00e9cnico e Analista em Sa\u00fade<\/strong><\/li>\n\n\n\n<li><strong>Status:<\/strong>\u00a0inscri\u00e7\u00f5es abertas <\/li>\n\n\n\n<li><strong>Banca:<\/strong> <a href=\"https:\/\/www.avalia.org.br\/concursos\/613\" target=\"_blank\" rel=\"noreferrer noopener\">Instituto Avalia<\/a><\/li>\n\n\n\n<li><strong>Vagas:<\/strong>&nbsp;300 + 600 CR<\/li>\n\n\n\n<li><strong>Sal\u00e1rios iniciais:<\/strong>&nbsp;R$ 4.045,76 a R$ 4.134,01<\/li>\n\n\n\n<li><strong>\u00daltimo edital:<\/strong> <a href=\"https:\/\/dhg1h5j42swfq.cloudfront.net\/2023\/05\/19062514\/df19.pdf\" target=\"_blank\" rel=\"noreferrer noopener nofollow\">Analista e T\u00e9cnico SES DF-2023<\/a> <\/li>\n<\/ul>\n\n\n\n<p>Al\u00e9m disso, foi anunciada a realiza\u00e7\u00e3o de um novo <strong>concurso SES DF<\/strong> para o cargo de <strong>Especialista em Sa\u00fade<\/strong>, com previs\u00e3o de <strong>2.379 vagas<\/strong>. A confirma\u00e7\u00e3o foi feita durante sess\u00e3o na CLDF. <\/p>\n\n\n\n<p>Segundo as informa\u00e7\u00f5es, os tr\u00e2mites foram reiniciados ap\u00f3s mudan\u00e7as na legisla\u00e7\u00e3o de licita\u00e7\u00f5es e o pr\u00f3ximo passo \u00e9 a contrata\u00e7\u00e3o da banca organizadora.<\/p>\n\n\n\n<p>Vale lembrar que outra sele\u00e7\u00e3o, para o cargo de <strong>Especialista em Sa\u00fade (Assist\u00eancia Social)<\/strong>, foi oficialmente solicitada. <a href=\"https:\/\/dhg1h5j42swfq.cloudfront.net\/2025\/01\/08172700\/sei_gdf-159648290-memorando.pdf\" target=\"_blank\" rel=\"noreferrer noopener nofollow\">Confira o documento na \u00edntegra!<\/a><\/p>\n\n\n\n<ul class=\"wp-block-list has-very-light-gray-to-cyan-bluish-gray-gradient-background has-background\">\n<li><strong>Concurso SES DF &#8211; Especialista em Sa\u00fade<\/strong><\/li>\n\n\n\n<li><strong>Status:<\/strong>&nbsp;grupo de trabalho formado<\/li>\n\n\n\n<li><strong>Vagas:<\/strong>&nbsp;2.379<\/li>\n\n\n\n<li><strong>Sal\u00e1rios iniciais:<\/strong>&nbsp;R$ 4.191,37 a R$ 8.382,78<\/li>\n\n\n\n<li><strong>\u00daltimo edital:<\/strong> <a href=\"https:\/\/dhg1h5j42swfq.cloudfront.net\/2026\/02\/03102953\/ses-df-especialista-em-saude-2018.pdf\" target=\"_blank\" rel=\"noreferrer noopener nofollow\">Espec. Sa\u00fade SES DF-2018<\/a><\/li>\n<\/ul>\n\n\n\n<p>Se voc\u00ea quer ficar por dentro de todos os detalhes deste concurso, confira ao longo deste artigo as principais informa\u00e7\u00f5es:<\/p>\n\n\n\n<ul id=\"indice\" class=\"wp-block-list\">\n<li><strong><a href=\"#outros\">Situa\u00e7\u00e3o atual do concurso<\/a><\/strong>\n<ul class=\"wp-block-list\">\n<li><a href=\"#ldo-df-2026\">LDO DF 2026<\/a><\/li>\n\n\n\n<li><a href=\"#solicitado\">Solicita\u00e7\u00e3o de concurso<\/a><\/li>\n\n\n\n<li><a href=\"#autorizado-2379-vagas\">Concurso com 2.379 vagas<\/a><\/li>\n<\/ul>\n<\/li>\n\n\n\n<li><a href=\"#pss-ses-df\"><strong>Edital PSS Tempor\u00e1rios<\/strong><\/a>\n<ul class=\"wp-block-list\">\n<li><a href=\"#datas\">Principais datas<\/a><\/li>\n\n\n\n<li><a href=\"#vagas-pss\">Cargos e vagas<\/a><\/li>\n\n\n\n<li><a href=\"#etapas-pss\">Etapas<\/a><\/li>\n<\/ul>\n<\/li>\n\n\n\n<li><a href=\"#edital-analista-tecnico\"><strong>\u00daltimos concursos<\/strong><\/a>\n<ul class=\"wp-block-list\">\n<li><a href=\"#enfermagem\">T\u00e9cnico em Enfermagem<\/a><\/li>\n\n\n\n<li><a href=\"#analista\">Analista e T\u00e9cnico<\/a><\/li>\n\n\n\n<li><a href=\"#agentes\">Agentes<\/a><\/li>\n\n\n\n<li><a href=\"#dentista-enfermeiro-medico\">Cirurgi\u00e3o-Dentista, Enfermeiro e M\u00e9dico<\/a><\/li>\n\n\n\n<li><a href=\"#especialista\">Especialista em Sa\u00fade<\/a><\/li>\n\n\n\n<li><span style=\"text-decoration: underline;\"><a href=\"#nomeacoes\">Nomea\u00e7\u00f5es \u00faltimos editais<\/a><\/span><\/li>\n<\/ul>\n<\/li>\n\n\n\n<li><strong><a href=\"#cargos\">Conhe\u00e7a os cargos<\/a><\/strong>\n<ul class=\"wp-block-list\">\n<li><a href=\"#cargos-vagos\">Cargos vagos<\/a><\/li>\n\n\n\n<li><span style=\"text-decoration: underline;\"><a href=\"#remunera\u00e7\u00e3o\">Remunera\u00e7\u00e3<\/a><\/span><a href=\"#remunera\u00e7\u00e3o\">o<\/a><\/li>\n<\/ul>\n<\/li>\n\n\n\n<li><strong><span style=\"text-decoration: underline;\"><a href=\"#cursos-assinatura\">Cursos e Assinatura<\/a><\/span><\/strong><\/li>\n\n\n\n<li><strong><span style=\"text-decoration: underline;\"><a href=\"#ficha-tecnica\">Ficha t\u00e9cnica<\/a><\/span><\/strong><\/li>\n<\/ul>\n\n\n\n<div class=\"container\" id=\"boxes\">\n  <div class=\"row\">\n\n    <div class=\"col-sm\">\n      <div class=\"banner-residencia-medica\" id=\"box-assinatura\">\n        <h2 class=\"titulo-assinatura\">Concurso SES DF<\/h2>\n        <p class=\"subtitulo-assinatura\">Prepara\u00e7\u00e3o completa para sua carreira na \u00e1rea!<\/p>\n        <div class=\"box-botao\">\n          <a class=\"btn-assinatura\" target=\"_blank\" href=\"https:\/\/www.estrategiaconcursos.com.br\/cursosPorConcurso\/secretaria-de-saude-df\/\" role=\"button\" rel=\"noopener noreferrer\">VER CURSOS<\/a>\n        <\/div>\n      <\/div>\n    \n\n  <\/div>\n<\/div><\/div>\n\n\n\n<h2 class=\"wp-block-heading\" id=\"situacao\">Concurso SES DF: situa\u00e7\u00e3o atual e panorama<\/h2>\n\n\n\n<h3 class=\"wp-block-heading\" id=\"ldo-df-2026\">LDO DF 2026<\/h3>\n\n\n\n<p>Foi divulgada a&nbsp;Lei de Diretrizes Or\u00e7ament\u00e1rias para o exerc\u00edcio financeiro de 2026 do Distrito Federal! Segundo o documento, s\u00e3o&nbsp;<strong>previstas mais de 65 mil vagas<\/strong>, com nomea\u00e7\u00f5es para a Secretaria de Sa\u00fade:<\/p>\n\n\n\n<ul class=\"wp-block-list\">\n<li>Carreira Cirurgi\u00e3o\u2010Dentista: 47<\/li>\n\n\n\n<li>Carreira Especialista em Sa\u00fade (20h): 2.978<\/li>\n\n\n\n<li>Carreira Enfermeiro (20h): 1.162<\/li>\n\n\n\n<li>Carreira Vigil\u00e2ncia Ambiental e Aten\u00e7\u00e3o Comunit\u00e1ria \u00e0 Sa\u00fade: 1.026<\/li>\n\n\n\n<li>Carreira T\u00e9cnica em Enfermagem (20h): 800<\/li>\n\n\n\n<li>Carreira Gest\u00e3o e Assist\u00eancia P\u00fablica \u00e0 Sa\u00fade: 4.000<\/li>\n\n\n\n<li>Carreira T\u00e9cnico em Enfermagem: 3.500<\/li>\n\n\n\n<li>Carreira Vigil\u00e2ncia em Sa\u00fade e Aten\u00e7\u00e3o Comunit\u00e1ria: 1.500<\/li>\n\n\n\n<li>Carreira Enfermeiro (20h): 1.200<\/li>\n\n\n\n<li>Carreira Assist\u00eancia P\u00fablica \u00e0 Sa\u00fade \u2013 T\u00e9cnico em Higiene Dental: 200<\/li>\n\n\n\n<li>Carreira de Dentista da Rede P\u00fablica: 1.000<\/li>\n<\/ul>\n\n\n\n<p class=\"has-text-align-center has-very-light-gray-to-cyan-bluish-gray-gradient-background has-background\"><a href=\"https:\/\/dhg1h5j42swfq.cloudfront.net\/2025\/08\/11085424\/anexo-iv-ldo-2026-df.pdf\" target=\"_blank\" rel=\"noreferrer noopener\"><strong>Anexo IV LDO DF 2026 &#8211; Autoriza\u00e7\u00f5es de provimentos<\/strong><\/a><\/p>\n\n\n\n<h3 class=\"wp-block-heading\" id=\"solicitado\">Solicita\u00e7\u00e3o de concurso<\/h3>\n\n\n\n<p>Um um novo edital do concurso SES DF foi <strong>solicitado <\/strong>pela Secretaria de Estado do DF para suprir o d\u00e9ficit de <strong>431 cargos de Especialista em Sa\u00fade \u2013 Assist\u00eancia Social.<\/strong><\/p>\n\n\n\n<p>O memorando foi encaminhado para a Diretoria de Aten\u00e7\u00e3o Secund\u00e1ria e Integra\u00e7\u00e3o de Servi\u00e7os (DASIS) e Ger\u00eancia de Dimensionamento e Avalia\u00e7\u00e3o do Trabalho (GEDAT). <\/p>\n\n\n\n<figure class=\"wp-block-image aligncenter\"><img loading=\"lazy\" decoding=\"async\" width=\"796\" height=\"134\" src=\"https:\/\/dhg1h5j42swfq.cloudfront.net\/2025\/01\/08172840\/image-62.png\" alt=\"concurso ses df solicitado para Especialista em Sa\u00fade - Assist\u00eancia Social\" class=\"wp-image-1514156\" srcset=\"https:\/\/dhg1h5j42swfq.cloudfront.net\/2025\/01\/08172840\/image-62.png 796w, https:\/\/dhg1h5j42swfq.cloudfront.net\/2025\/01\/08172840\/image-62-300x51.png 300w, https:\/\/dhg1h5j42swfq.cloudfront.net\/2025\/01\/08172840\/image-62-768x129.png 768w, https:\/\/dhg1h5j42swfq.cloudfront.net\/2025\/01\/08172840\/image-62-150x25.png 150w\" sizes=\"auto, (max-width: 796px) 100vw, 796px\" \/><figcaption class=\"wp-element-caption\">Novo edital solicitado para Especialista do concurso SES DF<\/figcaption><\/figure>\n\n\n\n<ul class=\"wp-block-list\">\n<li><a href=\"https:\/\/dhg1h5j42swfq.cloudfront.net\/2025\/01\/08172700\/sei_gdf-159648290-memorando.pdf\" target=\"_blank\" rel=\"noreferrer noopener nofollow\">Solicita\u00e7\u00e3o de concurso SES DF para Assist\u00eancia Social<\/a><\/li>\n<\/ul>\n\n\n\n<h3 class=\"wp-block-heading\" id=\"autorizado-2379-vagas\">Concurso autorizado com 2.379 vagas<\/h3>\n\n\n\n<p>Em 2022, foi divulgada a <a href=\"https:\/\/dhg1h5j42swfq.cloudfront.net\/2022\/06\/27083138\/image-370.png\" target=\"_blank\" rel=\"noreferrer noopener nofollow\">autoriza\u00e7\u00e3o<\/a> para realiza\u00e7\u00e3o do concurso SES DF, com <strong>322 vagas<\/strong> imediatas e <strong>2.057 em cadastro reserva<\/strong> para o cargo de <strong>Especialista em Sa\u00fade<\/strong>.<\/p>\n\n\n\n<p>Para esta sele\u00e7\u00e3o, o grupo de trabalho tamb\u00e9m foi institu\u00eddo. Confira:<\/p>\n\n\n\n<figure class=\"wp-block-image aligncenter size-full\"><img loading=\"lazy\" decoding=\"async\" width=\"602\" height=\"346\" src=\"https:\/\/dhg1h5j42swfq.cloudfront.net\/2022\/07\/27084031\/image-313.png\" alt=\"Grupo de trabalho para o concurso SES DF\" class=\"wp-image-1067404\" srcset=\"https:\/\/dhg1h5j42swfq.cloudfront.net\/2022\/07\/27084031\/image-313.png 602w, https:\/\/dhg1h5j42swfq.cloudfront.net\/2022\/07\/27084031\/image-313-300x172.png 300w, https:\/\/dhg1h5j42swfq.cloudfront.net\/2022\/07\/27084031\/image-313-150x86.png 150w\" sizes=\"auto, (max-width: 602px) 100vw, 602px\" \/><figcaption class=\"wp-element-caption\">Grupo de trabalho para o concurso SES DF<\/figcaption><\/figure>\n\n\n\n<p>De acordo com a Secretaria de Sa\u00fade, ap\u00f3s mudan\u00e7as na legisla\u00e7\u00e3o, a comiss\u00e3o foi reestruturada e as vagas redistribu\u00eddas. Com isso, o edital deve ser publicado em breve, logo ap\u00f3s a escolha da banca organizadora.<\/p>\n\n\n\n<hr class=\"wp-block-separator has-alpha-channel-opacity is-style-dots\"\/>\n\n\n\n<h2 class=\"wp-block-heading\" id=\"pss-ses-df-autorizado\">Concurso SES DF: edital tempor\u00e1rios<\/h2>\n\n\n\n<h3 class=\"wp-block-heading\" id=\"datas\">Principais datas do edital<\/h3>\n\n\n\n<ul class=\"wp-block-list\">\n<li><strong>Inscri\u00e7\u00f5es<\/strong>: 23 de abril a 5 de maio<\/li>\n\n\n\n<li><strong>Isen\u00e7\u00e3o da taxa<\/strong>: 23 e 24 de abril<\/li>\n\n\n\n<li><strong>Envio dos documentos<\/strong>: 23 de abril a 5 de maio<\/li>\n\n\n\n<li><strong>Convoca\u00e7\u00e3o para avalia\u00e7\u00e3o biopsicossocial e de heteroidentifica\u00e7\u00e3o<\/strong>: 13 de maio<\/li>\n\n\n\n<li><strong>Resultado Final e Homologa\u00e7\u00e3o<\/strong>: 8 de junho<\/li>\n\n\n\n<li><strong>Convoca\u00e7\u00e3o<\/strong>: 8 de junho<\/li>\n<\/ul>\n\n\n\n<h3 class=\"wp-block-heading\" id=\"vagas-pss\">Cargos e vagas do PSS SES DF Tempor\u00e1rios<\/h3>\n\n\n\n<figure class=\"wp-block-table is-style-stripes\"><table class=\"has-very-light-gray-to-cyan-bluish-gray-gradient-background has-background has-fixed-layout\"><thead><tr><th class=\"has-text-align-center\" data-align=\"center\">Cargos<\/th><th class=\"has-text-align-center\" data-align=\"center\">Vagas<\/th><th class=\"has-text-align-center\" data-align=\"center\">Sal\u00e1rio<\/th><\/tr><\/thead><tbody><tr><td class=\"has-text-align-center\" data-align=\"center\">Condutor de Ve\u00edculo Urg\u00eancia e Emerg\u00eancia<\/td><td class=\"has-text-align-center\" data-align=\"center\">150 + 300 CR<\/td><td class=\"has-text-align-center\" data-align=\"center\">R$ 4.134,01<\/td><\/tr><tr><td class=\"has-text-align-center\" data-align=\"center\">T\u00e9cnico de Apoio Operacional Padioleiro<\/td><td class=\"has-text-align-center\" data-align=\"center\">150 + 300 CR<\/td><td class=\"has-text-align-center\" data-align=\"center\">R$ 4.045,76<\/td><\/tr><\/tbody><\/table><\/figure>\n\n\n\n<h4 class=\"wp-block-heading\" id=\"h-requisitos-dos-cargos-da-ses-df\"><strong>Requisitos dos cargos da SES DF<\/strong><\/h4>\n\n\n\n<p><strong>Analista em Gest\u00e3o e Assist\u00eancia P\u00fablica \u00e0 Sa\u00fade &#8211; Condutor de Ve\u00edculo Urg\u00eancia e Emerg\u00eancia<\/strong>:<\/p>\n\n\n\n<ul class=\"wp-block-list\">\n<li>Certificado, devidamente registrado, de conclus\u00e3o de curso de n\u00edvel superior, ou habilita\u00e7\u00e3o legal equivalente, fornecido por institui\u00e7\u00e3o de ensino devidamente reconhecida pelo Minist\u00e9rio da Educa\u00e7\u00e3o; <\/li>\n\n\n\n<li>Carteira Nacional de Habilita\u00e7\u00e3o Categoria \u201cD\u201d ou &#8220;E&#8221;, com registro EAR \u2013 Exerce Atividade Remunerada; <\/li>\n\n\n\n<li>Ser maior de 21 anos; <\/li>\n\n\n\n<li>Comprovante de aprova\u00e7\u00e3o em curso especializado (Condutor de Ve\u00edculo de Transporte de Emerg\u00eancia &#8211; CVTE), nos termos da normatiza\u00e7\u00e3o do CONTRAN; <\/li>\n\n\n\n<li>01 ano de experi\u00eancia como condutor de ambul\u00e2ncia.<\/li>\n<\/ul>\n\n\n\n<p><strong>T\u00e9cnico em Gest\u00e3o e Assist\u00eancia P\u00fablica \u00e0 Sa\u00fade T\u00e9cnico de Apoio Operacional Padioleiro<\/strong>:<\/p>\n\n\n\n<ul class=\"wp-block-list\">\n<li>Certificado de conclus\u00e3o de ensino m\u00e9dio expedido por institui\u00e7\u00e3o educacional reconhecida pelo \u00f3rg\u00e3o pr\u00f3prio do sistema de ensino ou equivalente.<\/li>\n<\/ul>\n\n\n\n<h3 class=\"wp-block-heading\" id=\"etapas\">Crit\u00e9rios de sele\u00e7\u00e3o e classifica\u00e7\u00e3o do PSS SES DF Tempor\u00e1rios<\/h3>\n\n\n\n<ul class=\"wp-block-list\">\n<li><strong>a) Etapa I: <\/strong>An\u00e1lise curricular e da documenta\u00e7\u00e3o comprobat\u00f3ria, para pontua\u00e7\u00e3o e classifica\u00e7\u00e3o dos candidatos, de car\u00e1ter eliminat\u00f3rio e classificat\u00f3rio;<\/li>\n\n\n\n<li><strong>b) Etapa II:<\/strong> Realiza\u00e7\u00e3o do procedimento de heteroidentifica\u00e7\u00e3o e cotas raciais dos candidatos autodeclarados pretos e\/ou pardos no ato da inscri\u00e7\u00e3o;<\/li>\n\n\n\n<li><strong>c) Etapa III<\/strong>: Realiza\u00e7\u00e3o de avalia\u00e7\u00e3o biopsicossocial dos candidatos que concorrem \u00e0s vagas destinadas \u00e0s pessoas com defici\u00eancia.<\/li>\n<\/ul>\n\n\n\n<p>Os crit\u00e9rios de pontua\u00e7\u00e3o e classifica\u00e7\u00e3o do presente Processo Seletivo Simplificado ocorrer\u00e3o conforme informa\u00e7\u00e3o prestada pelo candidato no ato da inscri\u00e7\u00e3o, referente \u00e0 <strong>Titula\u00e7\u00e3o e\/ou Experi\u00eancia Profissional<\/strong>. <\/p>\n\n\n\n<ul class=\"wp-block-list\">\n<li><a href=\"https:\/\/dhg1h5j42swfq.cloudfront.net\/2026\/04\/22144736\/titulos-ses-df-temporarios-2026.pdf\" target=\"_blank\" rel=\"noreferrer noopener nofollow\"><strong>Avalia\u00e7\u00e3o de T\u00edtulos e Experi\u00eancia Profissional &#8211; PSS SES DF<\/strong><\/a><\/li>\n<\/ul>\n\n\n\n<p>A classifica\u00e7\u00e3o final ser\u00e1 o somat\u00f3rio dos pontos da Avalia\u00e7\u00e3o de T\u00edtulos e Avalia\u00e7\u00e3o de Experi\u00eancia Profissional informado pelo candidato no ato da inscri\u00e7\u00e3o, referente \u00e0 Titula\u00e7\u00e3o e\/ou Experi\u00eancia Profissional.<\/p>\n\n\n\n<p>O presente PSS SES DF Tempor\u00e1rios ter\u00e1 <strong>validade de 01 ano<\/strong>, a contar da data da homologa\u00e7\u00e3o do seu resultado, podendo ser prorrogado, uma \u00fanica vez, por igual per\u00edodo<\/p>\n\n\n\n<hr class=\"wp-block-separator has-alpha-channel-opacity is-style-dots\"\/>\n\n\n\n<h2 class=\"wp-block-heading\" id=\"ultimos\">Concursos SES DF: \u00faltimos editais<\/h2>\n\n\n\n<h3 class=\"wp-block-heading has-very-light-gray-to-cyan-bluish-gray-gradient-background has-background\" id=\"enfermagem\">Edital T\u00e9cnico em Enfermagem &#8211; 2023<\/h3>\n\n\n\n<ul class=\"wp-block-list\">\n<li><a href=\"https:\/\/dhg1h5j42swfq.cloudfront.net\/2025\/10\/05060524\/es-df.pdf\" target=\"_blank\" rel=\"noreferrer noopener nofollow\">Validade T\u00e9cnico de Enfermagem &#8211; at\u00e9 13 de dezembro de 2027<\/a><\/li>\n<\/ul>\n\n\n\n<p><strong>\u25ba<a href=\"https:\/\/www.funatec.org.br\/concursos\/131\/concurso-publico-tecnico-de-enfermagem-do-distrito-federal-sepladf\" target=\"_blank\" rel=\"noreferrer noopener\">P\u00e1gina do concurso (FUNATEC)<\/a><\/strong><\/p>\n\n\n\n<h4 class=\"wp-block-heading\" id=\"vagas-enfermagem\">Cargos e vagas do concurso SES DF<\/h4>\n\n\n\n<figure class=\"wp-block-table is-style-stripes\"><table class=\"has-very-light-gray-to-cyan-bluish-gray-gradient-background has-background has-fixed-layout\"><thead><tr><th class=\"has-text-align-center\" data-align=\"center\">Cargos<\/th><th class=\"has-text-align-center\" data-align=\"center\">Vagas<\/th><th class=\"has-text-align-center\" data-align=\"center\">Sal\u00e1rio<\/th><\/tr><\/thead><tbody><tr><td class=\"has-text-align-center\" data-align=\"center\"><a href=\"https:\/\/www.estrategiaconcursos.com.br\/curso\/ses-df-tecnico-em-enfermagem-pacote-2023-pos-edital\/\" target=\"_blank\" rel=\"noreferrer noopener\">T\u00e9cnico em Enfermagem<\/a><\/td><td class=\"has-text-align-center\" data-align=\"center\">200 + 1.000 CR<\/td><td class=\"has-text-align-center\" data-align=\"center\">R$ 1.735,50<\/td><\/tr><\/tbody><\/table><figcaption class=\"wp-element-caption\">Quadro de vagas e sal\u00e1rio para T\u00e9cnico em Enfermagem<\/figcaption><\/figure>\n\n\n\n<p><strong>Requisitos<\/strong>: Certificado de conclus\u00e3o de ensino m\u00e9dio expedido por institui\u00e7\u00e3o educacional reconhecida pelo \u00f3rg\u00e3o pr\u00f3prio do sistema de ensino, curso t\u00e9cnico em enfermagem ou habilita\u00e7\u00e3o legal equivalente e registro no conselho de classe.<\/p>\n\n\n\n<h4 class=\"wp-block-heading\" id=\"etapas-enfermagem\">Etapas do concurso SES DF<\/h4>\n\n\n\n<p>O concurso SES DF para o cargo de T\u00e9cnico em Enfermagem foi constitu\u00eddo de <strong>\u00fanica etapa<\/strong>, composta pela <strong>Prova Objetiva<\/strong>, de car\u00e1ter eliminat\u00f3rio e classificat\u00f3rio.<\/p>\n\n\n\n<ul class=\"wp-block-list\">\n<li>L\u00edngua Portuguesa &#8211; 10<\/li>\n\n\n\n<li>Legisla\u00e7\u00e3o Aplicada aos Servidores do Distrito Federal &#8211; 10 <\/li>\n\n\n\n<li>Sistema \u00danico de Sa\u00fade (SUS) &#8211; 8 <\/li>\n\n\n\n<li>Racioc\u00ednio L\u00f3gico e Matem\u00e1tico &#8211; 5 <\/li>\n\n\n\n<li>Plano Distrital de Pol\u00edtica para Mulheres &#8211; 2 <\/li>\n\n\n\n<li>No\u00e7\u00f5es B\u00e1sicas de Inform\u00e1tica &#8211; 5<\/li>\n\n\n\n<li>Conhecimentos Espec\u00edficos do Cargo &#8211; 30<\/li>\n<\/ul>\n\n\n\n<p>Sob pena de elimina\u00e7\u00e3o do certame, o candidato precisou obter nota igual ou superior a:<\/p>\n\n\n\n<ul class=\"wp-block-list\">\n<li>30 pontos nas quest\u00f5es de conhecimentos espec\u00edficos do cargo;<\/li>\n\n\n\n<li>5 pontos nas quest\u00f5es de L\u00edngua Portuguesa;<\/li>\n\n\n\n<li>15 pontos em Conhecimentos B\u00e1sicos, compreendidos como a totalidade das quest\u00f5es de Legisla\u00e7\u00e3o Aplicada aos Servidores do Distrito Federal, Sistema \u00danico de Sa\u00fade (SUS), Racioc\u00ednio L\u00f3gico-Matem\u00e1tico, Plano Distrital de Pol\u00edtica para as Mulheres e No\u00e7\u00f5es B\u00e1sicas de Inform\u00e1tica.<\/li>\n<\/ul>\n\n\n\n<h3 class=\"wp-block-heading has-very-light-gray-to-cyan-bluish-gray-gradient-background has-background\" id=\"analista\">Edital Analista e T\u00e9cnico &#8211; 2023<\/h3>\n\n\n\n<p><strong>\u25ba<a href=\"https:\/\/consulpam.selecao.net.br\/informacoes\/43\/\" target=\"_blank\" rel=\"noreferrer noopener\">P\u00e1gina do concurso (Instituto Consulpam)<\/a><\/strong><\/p>\n\n\n\n<p>Foi anunciado o cancelamento do <strong>concurso SES DF<\/strong> para os cargos de Analista e T\u00e9cnico em Gest\u00e3o. A medida foi divulgada na edi\u00e7\u00e3o do dia 1\u00ba de fevereiro de 2024. Veja abaixo!<\/p>\n\n\n\n<figure class=\"wp-block-image aligncenter size-full\"><img loading=\"lazy\" decoding=\"async\" width=\"596\" height=\"330\" src=\"https:\/\/dhg1h5j42swfq.cloudfront.net\/2024\/02\/01083454\/captura-de-tela-2024-02-01-062424-1-1.png\" alt=\"portaria de cancelamento \" class=\"wp-image-1344671\" srcset=\"https:\/\/dhg1h5j42swfq.cloudfront.net\/2024\/02\/01083454\/captura-de-tela-2024-02-01-062424-1-1.png 596w, https:\/\/dhg1h5j42swfq.cloudfront.net\/2024\/02\/01083454\/captura-de-tela-2024-02-01-062424-1-1-300x166.png 300w, https:\/\/dhg1h5j42swfq.cloudfront.net\/2024\/02\/01083454\/captura-de-tela-2024-02-01-062424-1-1-150x83.png 150w\" sizes=\"auto, (max-width: 596px) 100vw, 596px\" \/><\/figure>\n\n\n\n<h4 class=\"wp-block-heading\" id=\"vagas-analista-tecnico\">Cargos e vagas do concurso SES DF<\/h4>\n\n\n\n<ul class=\"wp-block-list\">\n<li><strong>N\u00edvel m\u00e9dio<\/strong><\/li>\n<\/ul>\n\n\n\n<figure class=\"wp-block-table is-style-stripes\"><table class=\"has-very-light-gray-to-cyan-bluish-gray-gradient-background has-background has-fixed-layout\"><thead><tr><th class=\"has-text-align-center\" data-align=\"center\">Cargos<\/th><th class=\"has-text-align-center\" data-align=\"center\">Vagas<\/th><th class=\"has-text-align-center\" data-align=\"center\">Sal\u00e1rio<\/th><\/tr><\/thead><tbody><tr><td class=\"has-text-align-center\" data-align=\"center\"><a href=\"https:\/\/www.estrategiaconcursos.com.br\/curso\/ses-df-tecnico-em-gestao-e-assistencia-publica-a-saude-apoio-tatico-operacional-pacote-2023-pos-edital\/\" target=\"_blank\" rel=\"noreferrer noopener\">T\u00e9cnico em Gest\u00e3o &#8211; Apoio T\u00e1tico Operacional e Assistencial<\/a><\/td><td class=\"has-text-align-center\" data-align=\"center\">15 + 600 CR<\/td><td class=\"has-text-align-center\" data-align=\"center\">R$ 1.698,46<\/td><\/tr><tr><td class=\"has-text-align-center\" data-align=\"center\"><a href=\"https:\/\/www.estrategiaconcursos.com.br\/curso\/ses-df-tecnico-em-gestao-e-assistencia-publica-a-saude-apoio-administrativo-pacote-2023-pos-edital\/\" target=\"_blank\" rel=\"noreferrer noopener\">T\u00e9cnico em Gest\u00e3o &#8211; Apoio Administrativo<\/a><\/td><td class=\"has-text-align-center\" data-align=\"center\">35 + 1.100 CR<\/td><td class=\"has-text-align-center\" data-align=\"center\">R$ 1.698,46<\/td><\/tr><\/tbody><\/table><figcaption class=\"wp-element-caption\">Quadro de vagas e sal\u00e1rio para n\u00edvel m\u00e9dio.<\/figcaption><\/figure>\n\n\n\n<ul class=\"wp-block-list\">\n<li><strong>N\u00edvel superior<\/strong><\/li>\n<\/ul>\n\n\n\n<figure class=\"wp-block-table is-style-stripes\"><table class=\"has-very-light-gray-to-cyan-bluish-gray-gradient-background has-background has-fixed-layout\"><thead><tr><th class=\"has-text-align-center\" data-align=\"center\">Cargos<\/th><th class=\"has-text-align-center\" data-align=\"center\">Vagas<\/th><th class=\"has-text-align-center\" data-align=\"center\">Sal\u00e1rio<\/th><\/tr><\/thead><tbody><tr><td class=\"has-text-align-center\" data-align=\"center\"><a href=\"https:\/\/www.estrategiaconcursos.com.br\/curso\/ses-df-analista-em-gestao-e-assistencia-publica-a-saude-especialidade-administrativa-pacote-2023-pos-edital\/\" target=\"_blank\" rel=\"noreferrer noopener\">Analista em Gest\u00e3o &#8211; \u00e1rea Administrativa<\/a><\/td><td class=\"has-text-align-center\" data-align=\"center\">260 + 1.500 CR<\/td><td class=\"has-text-align-center\" data-align=\"center\">R$ 1.735,00<\/td><\/tr><tr><td class=\"has-text-align-center\" data-align=\"center\">Analista em Gest\u00e3o &#8211; Condutor de Ve\u00edculo Urg\u00eancia e Emerg\u00eancia<\/td><td class=\"has-text-align-center\" data-align=\"center\">40 + 452 CR<\/td><td class=\"has-text-align-center\" data-align=\"center\">R$ 1.735,00<\/td><\/tr><\/tbody><\/table><figcaption class=\"wp-element-caption\">Quadro de vagas e sal\u00e1rio para n\u00edvel superior.<\/figcaption><\/figure>\n\n\n\n<h4 class=\"wp-block-heading\" id=\"etapas-analista-tecnico\">Etapas do concurso SES DF<\/h4>\n\n\n\n<p>A avalia\u00e7\u00e3o dos candidatos aos cargos de Analista e T\u00e9cnico em Gest\u00e3o seria realizada mediante aplica\u00e7\u00e3o de etapa \u00fanica, composta de <strong>Prova Objetiva<\/strong>, de car\u00e1ter eliminat\u00f3rio e classificat\u00f3rio.<\/p>\n\n\n\n<ul class=\"wp-block-list\">\n<li><strong>Analista em Gest\u00e3o e Assist\u00eancia P\u00fablica \u00e0 Sa\u00fade:<\/strong>\n<ul class=\"wp-block-list\">\n<li>L\u00edngua Portuguesa &#8211; 08 <\/li>\n\n\n\n<li>Sistema \u00danico de Sa\u00fade (sus) &#8211; 02 <\/li>\n\n\n\n<li>Atualidades &#8211; 02 <\/li>\n\n\n\n<li>No\u00e7\u00f5es de Inform\u00e1tica &#8211; 03 <\/li>\n\n\n\n<li>Legisla\u00e7\u00e3o Aplicada aos Servidores do GDF &#8211; 03 <\/li>\n\n\n\n<li>Direito Constitucional &#8211; 02 <\/li>\n\n\n\n<li>Direito Administrativo &#8211; 03 <\/li>\n\n\n\n<li>Atendimento ao P\u00fablico &#8211; 02<\/li>\n\n\n\n<li>Conhecimentos Espec\u00edficos &#8211; 75<\/li>\n<\/ul>\n<\/li>\n<\/ul>\n\n\n\n<ul class=\"wp-block-list\">\n<li><strong>T\u00e9cnico em Gest\u00e3o e Assist\u00eancia P\u00fablica \u00e0 Sa\u00fade:<\/strong>\n<ul class=\"wp-block-list\">\n<li>L\u00edngua Portuguesa &#8211; 05<\/li>\n\n\n\n<li>Sistema \u00danico de Sa\u00fade (sus) &#8211; 02 <\/li>\n\n\n\n<li>Atualidades &#8211; 02 <\/li>\n\n\n\n<li>No\u00e7\u00f5es de Inform\u00e1tica &#8211; 03 <\/li>\n\n\n\n<li>Legisla\u00e7\u00e3o Aplicada aos Servidores do GDF &#8211; 03 <\/li>\n\n\n\n<li>Direito Constitucional &#8211; 02 <\/li>\n\n\n\n<li>Direito Administrativo &#8211; 03 <\/li>\n\n\n\n<li>Atendimento ao P\u00fablico &#8211; 02<\/li>\n\n\n\n<li>Racioc\u00ednio L\u00f3gico Matem\u00e1tico &#8211; 03<\/li>\n\n\n\n<li>Conhecimentos Espec\u00edficos &#8211; 75<\/li>\n<\/ul>\n<\/li>\n<\/ul>\n\n\n\n<h3 class=\"wp-block-heading has-very-light-gray-to-cyan-bluish-gray-gradient-background has-background\" id=\"agentes\">Edital Agentes &#8211; 2023<\/h3>\n\n\n\n<ul class=\"wp-block-list\">\n<li><a href=\"https:\/\/dhg1h5j42swfq.cloudfront.net\/2025\/08\/30061808\/ses-df.pdf\" target=\"_blank\" rel=\"noreferrer noopener nofollow\">Validade Agentes &#8211; at\u00e9 22 de dezembro de 2027<\/a><\/li>\n<\/ul>\n\n\n\n<p><strong>\u25ba<a href=\"https:\/\/www.funatec.org.br\/concursos\/128\/concurso-publico-da-secretaria-de-estado-de-economia\" target=\"_blank\" rel=\"noreferrer noopener\">P\u00e1gina do concurso (FUNATEC)<\/a><\/strong><\/p>\n\n\n\n<h4 class=\"wp-block-heading\" id=\"cargovaga\">Cargos, vagas e remunera\u00e7\u00f5es<\/h4>\n\n\n\n<figure class=\"wp-block-table is-style-stripes\"><table class=\"has-very-light-gray-to-cyan-bluish-gray-gradient-background has-background has-fixed-layout\"><thead><tr><th class=\"has-text-align-center\" data-align=\"center\">Cargos<\/th><th class=\"has-text-align-center\" data-align=\"center\">Vagas<\/th><th class=\"has-text-align-center\" data-align=\"center\">Sal\u00e1rio<\/th><\/tr><\/thead><tbody><tr><td class=\"has-text-align-center\" data-align=\"center\"><a href=\"https:\/\/www.estrategiaconcursos.com.br\/curso\/01-ses-df-agente-de-vigilancia-ambiental-em-saude-avas-pacote-2023-pos-edital\/\" target=\"_blank\" rel=\"noreferrer noopener\">Agente de Vigil\u00e2ncia Ambiental<\/a> <\/td><td class=\"has-text-align-center\" data-align=\"center\">17 + 400 CR<\/td><td class=\"has-text-align-center\" data-align=\"center\">R$ 4.485,00<\/td><\/tr><tr><td class=\"has-text-align-center\" data-align=\"center\"><a href=\"https:\/\/www.estrategiaconcursos.com.br\/curso\/ses-df-agente-comunitario-de-saude-pacote-2023-pos-edital\/\" target=\"_blank\" rel=\"noreferrer noopener\">Agente Comunit\u00e1rio de Sa\u00fade<\/a><\/td><td class=\"has-text-align-center\" data-align=\"center\">102 + 500 CR<\/td><td class=\"has-text-align-center\" data-align=\"center\">R$ 1.988,00<\/td><\/tr><\/tbody><\/table><figcaption class=\"wp-element-caption\">Quadro de vagas e sal\u00e1rio para Agente<\/figcaption><\/figure>\n\n\n\n<h4 class=\"wp-block-heading\" id=\"prova-objetiva\">Etapas do concurso SES DF<\/h4>\n\n\n\n<p>O concurso foi composto de apenas uma etapa, constitu\u00edda de <strong>Prova Objetiva<\/strong>. A avalia\u00e7\u00e3o conteve <strong>70 quest\u00f5es <\/strong>do tipo m\u00faltipla escolha, com quatro alternativas cada.<\/p>\n\n\n\n<ul class=\"wp-block-list\">\n<li><em>L\u00edngua Portuguesa &#8211; 10<\/em><\/li>\n\n\n\n<li><em>Legisla\u00e7\u00e3o Aplicada aos Servidores do Distrito Federal &#8211; 10<\/em><\/li>\n\n\n\n<li><em>Sistema \u00danico de Sa\u00fade (SUS) &#8211; 05<\/em><\/li>\n\n\n\n<li><em>Racioc\u00ednio L\u00f3gico e Matem\u00e1tico &#8211; 08<\/em><\/li>\n\n\n\n<li><em>Plano Distrital de Pol\u00edtica para Mulheres &#8211; 02<\/em><\/li>\n\n\n\n<li><em>No\u00e7\u00f5es B\u00e1sicas de Inform\u00e1tica &#8211; 05<\/em><\/li>\n\n\n\n<li><em>Conhecimentos Espec\u00edficos &#8211; 30<\/em><\/li>\n<\/ul>\n\n\n\n<p>Sob pena de elimina\u00e7\u00e3o do certame, o candidato precisou obter nota igual ou superior a:<\/p>\n\n\n\n<ul class=\"wp-block-list\">\n<li>30 pontos nas quest\u00f5es de conhecimentos espec\u00edficos do cargo;<\/li>\n\n\n\n<li>5 pontos nas quest\u00f5es de L\u00edngua Portuguesa;<\/li>\n\n\n\n<li>15 pontos em Conhecimentos B\u00e1sicos compreendidos como a totalidade das quest\u00f5es de Legisla\u00e7\u00e3o Aplicada aos Servidores do Distrito Federal, Sistema \u00danico de Sa\u00fade (SUS), Racioc\u00ednio L\u00f3gico Matem\u00e1tico, Plano Distrital de Politica para as Mulheres e No\u00e7\u00f5es B\u00e1sicas de Inform\u00e1tica.<\/li>\n<\/ul>\n\n\n\n<h3 class=\"wp-block-heading has-very-light-gray-to-cyan-bluish-gray-gradient-background has-background\" id=\"dentista-enfermeiro-medico\">Cirurgi\u00e3o-Dentista, Enfermeiro e M\u00e9dico &#8211; 2022<\/h3>\n\n\n\n<p><strong>\u25ba<a href=\"https:\/\/www.ibfc.org.br\/concurso\/concurso_selecionado\/392\" target=\"_blank\" rel=\"noreferrer noopener\">P\u00e1gina do concurso (IBFC)<\/a><\/strong><\/p>\n\n\n\n<h4 class=\"wp-block-heading\" id=\"cargovaga\">Cargos, vagas e remunera\u00e7\u00f5es<\/h4>\n\n\n\n<figure class=\"wp-block-table is-style-stripes\"><table class=\"has-very-light-gray-to-cyan-bluish-gray-gradient-background has-background has-fixed-layout\"><thead><tr><th class=\"has-text-align-center\" data-align=\"center\">Cargos<\/th><th class=\"has-text-align-center\" data-align=\"center\">Vagas<\/th><th class=\"has-text-align-center\" data-align=\"center\">Sal\u00e1rio<\/th><\/tr><\/thead><tbody><tr><td class=\"has-text-align-center\" data-align=\"center\">Cirurgi\u00e3o-Dentista<\/td><td class=\"has-text-align-center\" data-align=\"center\">50<\/td><td class=\"has-text-align-center\" data-align=\"center\">R$ 4.250,00<\/td><\/tr><tr><td class=\"has-text-align-center\" data-align=\"center\">Enfermeiro<\/td><td class=\"has-text-align-center\" data-align=\"center\">101<\/td><td class=\"has-text-align-center\" data-align=\"center\">R$ 3.055,00<\/td><\/tr><tr><td class=\"has-text-align-center\" data-align=\"center\">M\u00e9dico (diversas especialidades)<\/td><td class=\"has-text-align-center\" data-align=\"center\">230<\/td><td class=\"has-text-align-center\" data-align=\"center\">R$ 6.327,00 a R$ 12.654,00<\/td><\/tr><\/tbody><\/table><\/figure>\n\n\n\n<h4 class=\"wp-block-heading\" id=\"prova-objetiva\">Etapas do concurso SES DF<\/h4>\n\n\n\n<p>De car\u00e1ter eliminat\u00f3rio e classificat\u00f3rio, a Prova Objetiva consistiu em 100 quest\u00f5es de m\u00faltipla escolha. Avaliada na escala de 0 a 140 pontos, foi aprovado o candidato que obteve nota igual ou superior a 70 pontos.<\/p>\n\n\n\n<h3 class=\"wp-block-heading has-very-light-gray-to-cyan-bluish-gray-gradient-background has-background\" id=\"especialista\">Especialista em Sa\u00fade &#8211; 2018<\/h3>\n\n\n\n<p><strong>\u25ba<a href=\"https:\/\/www.iades.com.br\/inscricao\/ProcessoSeletivo.aspx?id=d1403922\" target=\"_blank\" rel=\"noreferrer noopener\">P\u00e1gina do concurso (IADES)<\/a><\/strong><\/p>\n\n\n\n<h4 class=\"wp-block-heading\" id=\"cargovaga\">Cargos, vagas e remunera\u00e7\u00f5es<\/h4>\n\n\n\n<figure class=\"wp-block-table is-style-stripes\"><table class=\"has-very-light-gray-to-cyan-bluish-gray-gradient-background has-background has-fixed-layout\"><thead><tr><th class=\"has-text-align-center\" data-align=\"center\">Cargos<\/th><th class=\"has-text-align-center\" data-align=\"center\">Vagas<\/th><th class=\"has-text-align-center\" data-align=\"center\">Sal\u00e1rio<\/th><\/tr><\/thead><tbody><tr><td class=\"has-text-align-center\" data-align=\"center\">Especialista em Sa\u00fade &#8211; Administrador<\/td><td class=\"has-text-align-center\" data-align=\"center\">10<\/td><td class=\"has-text-align-center\" data-align=\"center\">R$ 3.055,00<\/td><\/tr><tr><td class=\"has-text-align-center\" data-align=\"center\">Especialista em Sa\u00fade &#8211; Analista de Sistemas<\/td><td class=\"has-text-align-center\" data-align=\"center\">10<\/td><td class=\"has-text-align-center\" data-align=\"center\">R$ 3.055,00<\/td><\/tr><tr><td class=\"has-text-align-center\" data-align=\"center\">Especialista em Sa\u00fade &#8211; Contador<\/td><td class=\"has-text-align-center\" data-align=\"center\">10<\/td><td class=\"has-text-align-center\" data-align=\"center\">R$ 3.055,00<\/td><\/tr><tr><td class=\"has-text-align-center\" data-align=\"center\">Especialista em Sa\u00fade &#8211; Economista<\/td><td class=\"has-text-align-center\" data-align=\"center\">5<\/td><td class=\"has-text-align-center\" data-align=\"center\">R$ 3.055,00<\/td><\/tr><tr><td class=\"has-text-align-center\" data-align=\"center\">Especialista em Sa\u00fade &#8211; Estat\u00edstico<\/td><td class=\"has-text-align-center\" data-align=\"center\">5<\/td><td class=\"has-text-align-center\" data-align=\"center\">R$ 3.055,00<\/td><\/tr><tr><td class=\"has-text-align-center\" data-align=\"center\">Especialista em Sa\u00fade &#8211; Farmac\u00eautico-Bioqu\u00edmico Farm\u00e1cia<\/td><td class=\"has-text-align-center\" data-align=\"center\">10<\/td><td class=\"has-text-align-center\" data-align=\"center\">R$ 3.055,00<\/td><\/tr><tr><td class=\"has-text-align-center\" data-align=\"center\">F\u00edsico Radiodiagn\u00f3stico<\/td><td class=\"has-text-align-center\" data-align=\"center\">3<\/td><td class=\"has-text-align-center\" data-align=\"center\">R$ 3.055,00<\/td><\/tr><tr><td class=\"has-text-align-center\" data-align=\"center\">F\u00edsico Radioterapia<\/td><td class=\"has-text-align-center\" data-align=\"center\">3<\/td><td class=\"has-text-align-center\" data-align=\"center\">R$ 3.055,00<\/td><\/tr><tr><td class=\"has-text-align-center\" data-align=\"center\">F\u00edsico Medicina Nuclear<\/td><td class=\"has-text-align-center\" data-align=\"center\">1<\/td><td class=\"has-text-align-center\" data-align=\"center\">R$ 3.055,00<\/td><\/tr><tr><td class=\"has-text-align-center\" data-align=\"center\">Fonoaudi\u00f3logo<\/td><td class=\"has-text-align-center\" data-align=\"center\">10<\/td><td class=\"has-text-align-center\" data-align=\"center\">R$ 3.055,00<\/td><\/tr><tr><td class=\"has-text-align-center\" data-align=\"center\">T\u00e9cnico em Comunica\u00e7\u00e3o Social<\/td><td class=\"has-text-align-center\" data-align=\"center\">5<\/td><td class=\"has-text-align-center\" data-align=\"center\">R$ 3.055,00<\/td><\/tr><\/tbody><\/table><figcaption class=\"wp-element-caption\">Quadro de vagas e sal\u00e1rio para Especialista<\/figcaption><\/figure>\n\n\n\n<h4 class=\"wp-block-heading\" id=\"prova-objetiva\">Etapas do concurso SES DF<\/h4>\n\n\n\n<p>O certame foi realizado por meio de uma \u00fanica etapa, de <strong>prova objetiva<\/strong>, que contou com 50 quest\u00f5es de m\u00faltipla escolha e cinco alternativas de resposta, sendo apenas uma considerada a correta.<\/p>\n\n\n\n<h3 class=\"wp-block-heading\" id=\"nomeacoes\">Nomea\u00e7\u00f5es dos \u00faltimos editais de concurso SES DF<\/h3>\n\n\n\n<p>Conforme o levantamento mais recente, dispon\u00edvel no site da Secretaria Estadual de Sa\u00fade do DF, entre mar\u00e7o de 2018 e maio de 2019, <strong>4.167 candidatos<\/strong> j\u00e1 foram nomeados:<\/p>\n\n\n\n<p class=\"has-medium-font-size\"><strong>2018:<\/strong><\/p>\n\n\n\n<ul class=\"wp-block-list\">\n<li>Auxiliar em Sa\u00fade &#8211; 287 nomeados <\/li>\n\n\n\n<li>T\u00e9cnico em Sa\u00fade &#8211; 1.551 nomeados <\/li>\n\n\n\n<li>Especialista em Sa\u00fade &#8211; 342 nomeados <\/li>\n\n\n\n<li>Enfermeiro &#8211; 331 nomeados <\/li>\n\n\n\n<li>Cirurgi\u00e3o-Dentista &#8211; 120 nomeados <\/li>\n\n\n\n<li>M\u00e9dico &#8211; 1.455 nomeados <\/li>\n<\/ul>\n\n\n\n<p class=\"has-medium-font-size\"><strong>2019:<\/strong><\/p>\n\n\n\n<ul class=\"wp-block-list\">\n<li>T\u00e9cnico em Sa\u00fade &#8211; 25 nomeados<\/li>\n\n\n\n<li>Especialista em Sa\u00fade &#8211; 6 nomeados <\/li>\n\n\n\n<li>Enfermeiro &#8211; 5 nomeados <\/li>\n\n\n\n<li>M\u00e9dico &#8211; 45 nomeados <\/li>\n<\/ul>\n\n\n\n<hr class=\"wp-block-separator has-alpha-channel-opacity is-style-dots\"\/>\n\n\n\n<h2 class=\"wp-block-heading\" id=\"cargos-vagos\">Concurso SES DF: conhe\u00e7a os cargos <\/h2>\n\n\n\n<h3 class=\"wp-block-heading\" id=\"cargos-vagos\">Cargos vagos <\/h3>\n\n\n\n<p>Segundo o levantamento mais recente, dispon\u00edvel no Portal da Transpar\u00eancia do DF, confira a vac\u00e2ncia nas carreiras da Sa\u00fade:<\/p>\n\n\n\n<ul class=\"wp-block-list\">\n<li><strong>Especialista em Sa\u00fade:<\/strong> 1.084 cargos vagos;<\/li>\n\n\n\n<li><strong>T\u00e9cnico em Gest\u00e3o e Assist\u00eancia P\u00fablica \u00e0 Sa\u00fade: <\/strong>4.500 cargos vagos;<\/li>\n\n\n\n<li><strong>Analista em Gest\u00e3o e Assist\u00eancia P\u00fablica \u00e0 Sa\u00fade<\/strong>: 6.500 cargos vagos;<\/li>\n\n\n\n<li><strong>Assistente em Gest\u00e3o e Assist\u00eancia P\u00fablica \u00e0 Sa\u00fade<\/strong>: 3.500 cargos vagos;<\/li>\n\n\n\n<li><strong>M\u00e9dico:<\/strong> 5.144 cargos vagos;<\/li>\n\n\n\n<li><strong>Enfermeiro: <\/strong>743 cargos vagos;<\/li>\n\n\n\n<li><strong>Cirurgi\u00e3o-Dentista<\/strong>: 665 cargos vagos;<\/li>\n\n\n\n<li><strong>Agente de Vigil\u00e2ncia Ambiental em Sa\u00fade<\/strong>: 326 cargos vagos;<\/li>\n\n\n\n<li><strong>Agente Comunit\u00e1rio de Sa\u00fade<\/strong>: 1.958 cargos vagos;<\/li>\n\n\n\n<li><strong>T\u00e9cnico em Enfermagem<\/strong>: 6.046 cargos vagos.<\/li>\n<\/ul>\n\n\n\n<h3 class=\"wp-block-heading\" id=\"remuneracao\">Remunera\u00e7\u00e3o do concurso SES DF<\/h3>\n\n\n\n<p>Confira na listagem abaixo o valor inicial e final do vencimento b\u00e1sico, conforme a estrutura remunerat\u00f3ria dos cargos de sa\u00fade do DF. <\/p>\n\n\n\n<ul class=\"wp-block-list\">\n<li><strong>Especialista em Sa\u00fade<\/strong><\/li>\n<\/ul>\n\n\n\n<figure class=\"wp-block-image aligncenter size-full\"><img loading=\"lazy\" decoding=\"async\" width=\"860\" height=\"558\" src=\"https:\/\/dhg1h5j42swfq.cloudfront.net\/2026\/01\/03101059\/tabela-salarial-de-especialista-em-saude-ses-df.png\" alt=\"Tabela salarial de Especialista em Sa\u00fade SES DF\" class=\"wp-image-1709421\" srcset=\"https:\/\/dhg1h5j42swfq.cloudfront.net\/2026\/01\/03101059\/tabela-salarial-de-especialista-em-saude-ses-df.png 860w, https:\/\/dhg1h5j42swfq.cloudfront.net\/2026\/01\/03101059\/tabela-salarial-de-especialista-em-saude-ses-df-300x195.png 300w, https:\/\/dhg1h5j42swfq.cloudfront.net\/2026\/01\/03101059\/tabela-salarial-de-especialista-em-saude-ses-df-768x498.png 768w, https:\/\/dhg1h5j42swfq.cloudfront.net\/2026\/01\/03101059\/tabela-salarial-de-especialista-em-saude-ses-df-150x97.png 150w\" sizes=\"auto, (max-width: 860px) 100vw, 860px\" \/><figcaption class=\"wp-element-caption\">Tabela salarial de Especialista em Sa\u00fade SES DF<\/figcaption><\/figure>\n\n\n\n<ul class=\"wp-block-list\">\n<li><strong>Analista em Gest\u00e3o e Assist\u00eancia P\u00fablica \u00e0 Sa\u00fade<\/strong><\/li>\n<\/ul>\n\n\n\n<figure class=\"wp-block-image aligncenter size-full\"><img loading=\"lazy\" decoding=\"async\" width=\"1018\" height=\"668\" src=\"https:\/\/dhg1h5j42swfq.cloudfront.net\/2026\/01\/03101322\/tabela-salarial-de-analista-em-gestao-e-assistencia-publica-a-saude-ses-df.png\" alt=\"Tabela salarial de Analista em Gest\u00e3o e Assist\u00eancia P\u00fablica \u00e0 Sa\u00fade SES DF\" class=\"wp-image-1709422\" srcset=\"https:\/\/dhg1h5j42swfq.cloudfront.net\/2026\/01\/03101322\/tabela-salarial-de-analista-em-gestao-e-assistencia-publica-a-saude-ses-df.png 1018w, https:\/\/dhg1h5j42swfq.cloudfront.net\/2026\/01\/03101322\/tabela-salarial-de-analista-em-gestao-e-assistencia-publica-a-saude-ses-df-300x197.png 300w, https:\/\/dhg1h5j42swfq.cloudfront.net\/2026\/01\/03101322\/tabela-salarial-de-analista-em-gestao-e-assistencia-publica-a-saude-ses-df-768x504.png 768w, https:\/\/dhg1h5j42swfq.cloudfront.net\/2026\/01\/03101322\/tabela-salarial-de-analista-em-gestao-e-assistencia-publica-a-saude-ses-df-150x98.png 150w\" sizes=\"auto, (max-width: 1018px) 100vw, 1018px\" \/><figcaption class=\"wp-element-caption\">Tabela salarial de Analista em Gest\u00e3o e Assist\u00eancia P\u00fablica \u00e0 Sa\u00fade SES DF<\/figcaption><\/figure>\n\n\n\n<ul class=\"wp-block-list\">\n<li><strong>Assistente em Gest\u00e3o e Assist\u00eancia P\u00fablica \u00e0 Sa\u00fade<\/strong><\/li>\n<\/ul>\n\n\n\n<figure class=\"wp-block-image aligncenter size-full\"><img loading=\"lazy\" decoding=\"async\" width=\"1013\" height=\"665\" src=\"https:\/\/dhg1h5j42swfq.cloudfront.net\/2026\/01\/03101449\/tabela-salarial-de-assistente-em-gestao-e-assistencia-publica-a-saude-ses-df.png\" alt=\"Tabela salarial de Assistente em Gest\u00e3o e Assist\u00eancia P\u00fablica \u00e0 Sa\u00fade SES DF\" class=\"wp-image-1709423\" srcset=\"https:\/\/dhg1h5j42swfq.cloudfront.net\/2026\/01\/03101449\/tabela-salarial-de-assistente-em-gestao-e-assistencia-publica-a-saude-ses-df.png 1013w, https:\/\/dhg1h5j42swfq.cloudfront.net\/2026\/01\/03101449\/tabela-salarial-de-assistente-em-gestao-e-assistencia-publica-a-saude-ses-df-300x197.png 300w, https:\/\/dhg1h5j42swfq.cloudfront.net\/2026\/01\/03101449\/tabela-salarial-de-assistente-em-gestao-e-assistencia-publica-a-saude-ses-df-768x504.png 768w, https:\/\/dhg1h5j42swfq.cloudfront.net\/2026\/01\/03101449\/tabela-salarial-de-assistente-em-gestao-e-assistencia-publica-a-saude-ses-df-150x98.png 150w\" sizes=\"auto, (max-width: 1013px) 100vw, 1013px\" \/><figcaption class=\"wp-element-caption\">Tabela salarial de Assistente em Gest\u00e3o e Assist\u00eancia P\u00fablica \u00e0 Sa\u00fade SES DF<\/figcaption><\/figure>\n\n\n\n<ul class=\"wp-block-list\">\n<li><strong>T\u00e9cnico em Gest\u00e3o e Assist\u00eancia P\u00fablica \u00e0 Sa\u00fade<\/strong><\/li>\n<\/ul>\n\n\n\n<figure class=\"wp-block-image aligncenter size-full\"><img loading=\"lazy\" decoding=\"async\" width=\"1011\" height=\"562\" src=\"https:\/\/dhg1h5j42swfq.cloudfront.net\/2026\/01\/03101604\/tabela-salarial-de-tecnico-em-gestao-e-assistencia-publica-a-saude-ses-df.png\" alt=\"Tabela salarial de T\u00e9cnico em Gest\u00e3o e Assist\u00eancia P\u00fablica \u00e0 Sa\u00fade SES DF\" class=\"wp-image-1709425\" srcset=\"https:\/\/dhg1h5j42swfq.cloudfront.net\/2026\/01\/03101604\/tabela-salarial-de-tecnico-em-gestao-e-assistencia-publica-a-saude-ses-df.png 1011w, https:\/\/dhg1h5j42swfq.cloudfront.net\/2026\/01\/03101604\/tabela-salarial-de-tecnico-em-gestao-e-assistencia-publica-a-saude-ses-df-300x167.png 300w, https:\/\/dhg1h5j42swfq.cloudfront.net\/2026\/01\/03101604\/tabela-salarial-de-tecnico-em-gestao-e-assistencia-publica-a-saude-ses-df-768x427.png 768w, https:\/\/dhg1h5j42swfq.cloudfront.net\/2026\/01\/03101604\/tabela-salarial-de-tecnico-em-gestao-e-assistencia-publica-a-saude-ses-df-150x83.png 150w\" sizes=\"auto, (max-width: 1011px) 100vw, 1011px\" \/><figcaption class=\"wp-element-caption\">Tabela salarial de T\u00e9cnico em Gest\u00e3o e Assist\u00eancia P\u00fablica \u00e0 Sa\u00fade SES DF<\/figcaption><\/figure>\n\n\n\n<ul class=\"wp-block-list\">\n<li><strong>Cirurgi\u00e3o-Dentista<\/strong><\/li>\n<\/ul>\n\n\n\n<figure class=\"wp-block-image aligncenter size-full\"><img loading=\"lazy\" decoding=\"async\" width=\"840\" height=\"490\" src=\"https:\/\/dhg1h5j42swfq.cloudfront.net\/2025\/01\/09162357\/image-88.png\" alt=\"Tabela salarial de Cirurgi\u00e3o-Dentista SES DF\" class=\"wp-image-1514743\" srcset=\"https:\/\/dhg1h5j42swfq.cloudfront.net\/2025\/01\/09162357\/image-88.png 840w, https:\/\/dhg1h5j42swfq.cloudfront.net\/2025\/01\/09162357\/image-88-300x175.png 300w, https:\/\/dhg1h5j42swfq.cloudfront.net\/2025\/01\/09162357\/image-88-768x448.png 768w, https:\/\/dhg1h5j42swfq.cloudfront.net\/2025\/01\/09162357\/image-88-150x88.png 150w\" sizes=\"auto, (max-width: 840px) 100vw, 840px\" \/><figcaption class=\"wp-element-caption\">Tabela salarial de Cirurgi\u00e3o-Dentista SES DF<\/figcaption><\/figure>\n\n\n\n<ul class=\"wp-block-list\">\n<li><strong>Enfermeiro<\/strong><\/li>\n<\/ul>\n\n\n\n<figure class=\"wp-block-image aligncenter size-full\"><img loading=\"lazy\" decoding=\"async\" width=\"892\" height=\"496\" src=\"https:\/\/dhg1h5j42swfq.cloudfront.net\/2026\/01\/03101853\/tabela-salarial-de-enfermeiro-ses-df.png\" alt=\"Tabela salarial de Enfermeiro SES DF\" class=\"wp-image-1709429\" srcset=\"https:\/\/dhg1h5j42swfq.cloudfront.net\/2026\/01\/03101853\/tabela-salarial-de-enfermeiro-ses-df.png 892w, https:\/\/dhg1h5j42swfq.cloudfront.net\/2026\/01\/03101853\/tabela-salarial-de-enfermeiro-ses-df-300x167.png 300w, https:\/\/dhg1h5j42swfq.cloudfront.net\/2026\/01\/03101853\/tabela-salarial-de-enfermeiro-ses-df-768x427.png 768w, https:\/\/dhg1h5j42swfq.cloudfront.net\/2026\/01\/03101853\/tabela-salarial-de-enfermeiro-ses-df-150x83.png 150w\" sizes=\"auto, (max-width: 892px) 100vw, 892px\" \/><figcaption class=\"wp-element-caption\">Tabela salarial de Enfermeiro SES DF<\/figcaption><\/figure>\n\n\n\n<ul class=\"wp-block-list\">\n<li><strong>T\u00e9cnico em Enfermagem<\/strong><\/li>\n<\/ul>\n\n\n\n<figure class=\"wp-block-image aligncenter size-full\"><img loading=\"lazy\" decoding=\"async\" width=\"863\" height=\"508\" src=\"https:\/\/dhg1h5j42swfq.cloudfront.net\/2026\/01\/03101710\/tabela-salarial-de-tecnico-em-enfermagem-ses-df.png\" alt=\"Tabela salarial de T\u00e9cnico em Enfermagem \" class=\"wp-image-1709426\" srcset=\"https:\/\/dhg1h5j42swfq.cloudfront.net\/2026\/01\/03101710\/tabela-salarial-de-tecnico-em-enfermagem-ses-df.png 863w, https:\/\/dhg1h5j42swfq.cloudfront.net\/2026\/01\/03101710\/tabela-salarial-de-tecnico-em-enfermagem-ses-df-300x177.png 300w, https:\/\/dhg1h5j42swfq.cloudfront.net\/2026\/01\/03101710\/tabela-salarial-de-tecnico-em-enfermagem-ses-df-768x452.png 768w, https:\/\/dhg1h5j42swfq.cloudfront.net\/2026\/01\/03101710\/tabela-salarial-de-tecnico-em-enfermagem-ses-df-150x88.png 150w\" sizes=\"auto, (max-width: 863px) 100vw, 863px\" \/><figcaption class=\"wp-element-caption\">Tabela salarial de T\u00e9cnico em Enfermagem SES DF<\/figcaption><\/figure>\n\n\n\n<ul class=\"wp-block-list\">\n<li><strong>Agente de Vigil\u00e2ncia Ambiental em Sa\u00fade e Agente Comunit\u00e1rio de Sa\u00fade<\/strong><\/li>\n<\/ul>\n\n\n\n<figure class=\"wp-block-image aligncenter size-full\"><img loading=\"lazy\" decoding=\"async\" width=\"696\" height=\"740\" src=\"https:\/\/dhg1h5j42swfq.cloudfront.net\/2026\/01\/03101804\/tabela-salarial-de-agentes-ses-df.png\" alt=\"Tabela salarial de Agentes SES DF\" class=\"wp-image-1709427\" srcset=\"https:\/\/dhg1h5j42swfq.cloudfront.net\/2026\/01\/03101804\/tabela-salarial-de-agentes-ses-df.png 696w, https:\/\/dhg1h5j42swfq.cloudfront.net\/2026\/01\/03101804\/tabela-salarial-de-agentes-ses-df-282x300.png 282w, https:\/\/dhg1h5j42swfq.cloudfront.net\/2026\/01\/03101804\/tabela-salarial-de-agentes-ses-df-150x159.png 150w\" sizes=\"auto, (max-width: 696px) 100vw, 696px\" \/><figcaption class=\"wp-element-caption\">Tabela salarial de Agentes SES DF<\/figcaption><\/figure>\n\n\n\n<ul class=\"wp-block-list\">\n<li><strong>M\u00e9dico<\/strong><\/li>\n<\/ul>\n\n\n\n<figure class=\"wp-block-image aligncenter size-full\"><img loading=\"lazy\" decoding=\"async\" width=\"921\" height=\"473\" src=\"https:\/\/dhg1h5j42swfq.cloudfront.net\/2026\/01\/03101931\/tabela-salarial-de-medico-ses-df.png\" alt=\"Tabela salarial de M\u00e9dico \" class=\"wp-image-1709430\" srcset=\"https:\/\/dhg1h5j42swfq.cloudfront.net\/2026\/01\/03101931\/tabela-salarial-de-medico-ses-df.png 921w, https:\/\/dhg1h5j42swfq.cloudfront.net\/2026\/01\/03101931\/tabela-salarial-de-medico-ses-df-300x154.png 300w, https:\/\/dhg1h5j42swfq.cloudfront.net\/2026\/01\/03101931\/tabela-salarial-de-medico-ses-df-768x394.png 768w, https:\/\/dhg1h5j42swfq.cloudfront.net\/2026\/01\/03101931\/tabela-salarial-de-medico-ses-df-150x77.png 150w\" sizes=\"auto, (max-width: 921px) 100vw, 921px\" \/><figcaption class=\"wp-element-caption\">Tabela salarial de M\u00e9dico SES DF<\/figcaption><\/figure>\n\n\n\n<hr class=\"wp-block-separator has-css-opacity\"\/>\n\n\n\n<p class=\"has-text-align-center\" id=\"h-quer-saber-tudo-sobre-concursos-previstos-confira-nossos-artigos\" style=\"font-size:clamp(17.905px, 1.119rem + ((1vw - 3.2px) * 0.99), 28px);\"><strong>Quer saber tudo sobre concursos previstos?<br \/>Confira nossos artigos!<\/strong><\/p>\n\n\n\n<ul class=\"wp-block-list\">\n<li><a href=\"https:\/\/www.estrategiaconcursos.com.br\/blog\/concursos-abertos\/\" target=\"_blank\" rel=\"noreferrer noopener\">Concursos abertos<\/a><\/li>\n\n\n\n<li><a href=\"https:\/\/www.estrategiaconcursos.com.br\/blog\/concursos-area-da-saude\/\" target=\"_blank\" rel=\"noreferrer noopener\">Concursos de sa\u00fade<\/a><\/li>\n\n\n\n<li><a href=\"https:\/\/www.estrategiaconcursos.com.br\/blog\/concursos-df\/\" target=\"_blank\" rel=\"noreferrer noopener\">Concursos DF<\/a><\/li>\n\n\n\n<li><a href=\"https:\/\/www.estrategiaconcursos.com.br\/blog\/concursos-2026\/\">Concursos 2026<\/a><\/li>\n<\/ul>\n\n\n\n<p class=\"has-text-align-center\" id=\"cursos-assinatura\" style=\"font-size:clamp(17.905px, 1.119rem + ((1vw - 3.2px) * 0.99), 28px);\"><strong>Quer estudar para concurso Secretaria de Sa\u00fade DF?<\/strong><\/p>\n\n\n\n<div class=\"container\" id=\"boxes\">\n  <div class=\"row\">\n\n    <div class=\"col-sm\">\n      <div class=\"banner-residencia-medica\" id=\"box-assinatura\">\n        <h3 class=\"titulo-assinatura\">Concurso SES DF<\/h3>\n        <p class=\"subtitulo-assinatura\">Prepara\u00e7\u00e3o completa para sua carreira na \u00e1rea!<\/p>\n        <div class=\"box-botao\">\n          <a class=\"btn-assinatura\" target=\"_blank\" href=\"https:\/\/www.estrategiaconcursos.com.br\/cursosPorConcurso\/secretaria-de-saude-df\/\" role=\"button\" rel=\"noopener noreferrer\">VER CURSOS<\/a>\n        <\/div>\n      <\/div>\n    \n\n  <\/div>\n<\/div><\/div>\n\n\n\n<div class=\"container\" id=\"boxes\">\n  <div class=\"row\">\n\n    <div class=\"col-sm\">\n      <div class=\"estrategia\" id=\"box-assinatura\">\n        <h3 class=\"titulo-assinatura\">Assinatura Concursos<\/h3>\n        <p class=\"subtitulo-assinatura\">Assinatura de 1 ano ou 2 anos<\/p>\n        <div class=\"box-botao\">\n          <a class=\"btn-assinatura\" target=\"_blank\" href=\"https:\/\/www.estrategiaconcursos.com.br\/assinaturas\/\" role=\"button\" rel=\"noopener noreferrer\">ASSINE AGORA<\/a>\n        <\/div>\n      <\/div>\n     \n    <\/div><\/div><\/div>\n\n\n\n<figure class=\"wp-block-image size-large is-resized\"><img loading=\"lazy\" decoding=\"async\" width=\"1024\" height=\"632\" src=\"https:\/\/dhg1h5j42swfq.cloudfront.net\/2021\/06\/29115502\/ficha-tecnica-7-1024x632.png\" alt=\"Ficha t\u00e9cnica\" class=\"wp-image-780263\" style=\"aspect-ratio:1.6268295367007812;width:275px;height:auto\" srcset=\"https:\/\/dhg1h5j42swfq.cloudfront.net\/2021\/06\/29115502\/ficha-tecnica-7-1024x632.png 1024w, https:\/\/dhg1h5j42swfq.cloudfront.net\/2021\/06\/29115502\/ficha-tecnica-7-300x185.png 300w, https:\/\/dhg1h5j42swfq.cloudfront.net\/2021\/06\/29115502\/ficha-tecnica-7-768x474.png 768w, https:\/\/dhg1h5j42swfq.cloudfront.net\/2021\/06\/29115502\/ficha-tecnica-7-1536x948.png 1536w, https:\/\/dhg1h5j42swfq.cloudfront.net\/2021\/06\/29115502\/ficha-tecnica-7-610x377.png 610w, https:\/\/dhg1h5j42swfq.cloudfront.net\/2021\/06\/29115502\/ficha-tecnica-7.png 1571w\" sizes=\"auto, (max-width: 1024px) 100vw, 1024px\" \/><\/figure>\n\n\n\n<h2 class=\"wp-block-heading\" id=\"ficha-tecnica\">Informa\u00e7\u00f5es do novo edital SES DF<\/h2>\n\n\n\n<ul class=\"wp-block-list\">\n<li><strong>Data<\/strong>: 2026<\/li>\n\n\n\n<li><strong>Vagas<\/strong>: 300 + 600 CR<\/li>\n\n\n\n<li><strong>Cargos<\/strong>: T\u00e9cnico e Analista em Gest\u00e3o<\/li>\n\n\n\n<li><strong>Banca<\/strong>: Instituto Avalia<\/li>\n\n\n\n<li><strong>Escolaridade<\/strong>: n\u00edvel m\u00e9dio e superior<\/li>\n\n\n\n<li><strong>Edital:<\/strong> <a href=\"https:\/\/dhg1h5j42swfq.cloudfront.net\/2026\/04\/22143014\/ses-df-edital-temporarios-2026.pdf\" target=\"_blank\" rel=\"noreferrer noopener nofollow\">SES DF Tempor\u00e1rios-2026<\/a><\/li>\n<\/ul>\n\n\n\n<h2 class=\"wp-block-heading\" id=\"ficha-tecnica\">Informa\u00e7\u00f5es dos \u00faltimos editais SES DF<\/h2>\n\n\n\n<p><strong>\u25baAgente de Vigil\u00e2ncia Ambiental e Agente Comunit\u00e1rio de Sa\u00fade<\/strong><\/p>\n\n\n\n<ul class=\"wp-block-list\">\n<li><strong>Provas:<\/strong> 24\/09\/2023<\/li>\n\n\n\n<li><strong>Vagas: <\/strong>1.019<\/li>\n\n\n\n<li><strong>Banca: <\/strong>FUNATEC<\/li>\n\n\n\n<li><strong>Escolaridade<\/strong>: n\u00edvel m\u00e9dio<\/li>\n\n\n\n<li><strong>Edital:<\/strong> <a href=\"https:\/\/dhg1h5j42swfq.cloudfront.net\/2022\/12\/23074900\/concurso-ses-df-agente-edital-publicado-1.pdf\" target=\"_blank\" rel=\"noreferrer noopener nofollow\">SES DF &#8211; Agentes 2022<\/a> <\/li>\n<\/ul>\n\n\n\n<p><strong>\u25baT\u00e9cnico de Enfermagem<\/strong><\/p>\n\n\n\n<ul class=\"wp-block-list\">\n<li><strong>Provas:<\/strong> 03\/09\/2023<\/li>\n\n\n\n<li><strong>Vagas: <\/strong>200 + 1.000 CR<\/li>\n\n\n\n<li><strong>Banca: <\/strong>FUNATEC<\/li>\n\n\n\n<li><strong>Escolaridade<\/strong>: n\u00edvel m\u00e9dio<\/li>\n\n\n\n<li><strong>Edital<\/strong>: <a href=\"https:\/\/dhg1h5j42swfq.cloudfront.net\/2023\/05\/19061238\/concurso-ses-df-tecnico-enfermagem-edital-publicado.pdf\" target=\"_blank\" rel=\"noreferrer noopener nofollow\">SES DF &#8211; Enfermagem 2023<\/a><\/li>\n<\/ul>\n\n\n\n<p><strong>\u25ba&nbsp;Analista e T\u00e9cnico em Gest\u00e3o e Assist\u00eancia P\u00fablica \u00e0 Sa\u00fade (CANCELADO)<\/strong><\/p>\n\n\n\n<ul class=\"wp-block-list\">\n<li><strong>Vagas: <\/strong>350 + 3.652 CR<\/li>\n\n\n\n<li><strong>Cargos<\/strong>: Analista e T\u00e9cnico em Gest\u00e3o<\/li>\n\n\n\n<li><strong>Banca: <\/strong>FUNATEC<\/li>\n\n\n\n<li><strong>Escolaridade<\/strong>: n\u00edvel m\u00e9dio e superior<\/li>\n\n\n\n<li><strong>Edital<\/strong>: <a href=\"https:\/\/dhg1h5j42swfq.cloudfront.net\/2023\/05\/19062514\/df19.pdf\" target=\"_blank\" rel=\"noreferrer noopener nofollow\">SES DF &#8211; Analista e T\u00e9cnico 2023<\/a><\/li>\n<\/ul>\n","protected":false},"excerpt":{"rendered":"<p>Novos editais do concurso SES DF s\u00e3o aguardados para os pr\u00f3ximos meses! Est\u00e3o abertas as inscri\u00e7\u00f5es do processo seletivo simplificado SES DF (Secretaria de Sa\u00fade do Distrito Federal) com 300 vagas imediatas e 600 em cadastro de reserva. Os interessados podem se candidatar at\u00e9 o dia 5 de maio, no site da banca organizadora, Instituto [&hellip;]<\/p>\n","protected":false},"author":2134,"featured_media":908347,"comment_status":"open","ping_status":"open","sticky":false,"template":"","format":"standard","meta":{"post_tipo":"news_page","footnotes":""},"categories":[1981],"tags":[781,462,554],"tax_estado":[219970],"class_list":["post-92859","post","type-post","status-publish","format-standard","has-post-thumbnail","hentry","category-saude","tag-saude","tag-secretaria-de-saude","tag-ses-df","tax_estado-df"],"acf":[],"yoast_head":"<!-- This site is optimized with the Yoast SEO Premium plugin v27.2 (Yoast SEO v27.2) - https:\/\/yoast.com\/product\/yoast-seo-premium-wordpress\/ -->\n<title>Concurso SES DF: 900 vagas tempor\u00e1rias. Inscreva-se!<\/title>\n<meta name=\"description\" content=\"Secretaria de Sa\u00fade do DF prev\u00ea mais de 2,6 mil vagas em novos editais de concurso SES DF. Acesse e confira todos os detalhes!\" \/>\n<meta name=\"robots\" content=\"index, follow, max-snippet:-1, max-image-preview:large, max-video-preview:-1\" \/>\n<link rel=\"canonical\" href=\"https:\/\/www.estrategiaconcursos.com.br\/blog\/concurso-ses-df\/\" \/>\n<meta property=\"og:locale\" content=\"pt_BR\" \/>\n<meta property=\"og:type\" content=\"article\" \/>\n<meta property=\"og:title\" content=\"Concurso SES DF: 900 vagas tempor\u00e1rias. Inscreva-se!\" \/>\n<meta property=\"og:description\" content=\"Secretaria de Sa\u00fade do DF prev\u00ea mais de 2,6 mil vagas em novos editais de concurso SES DF. Acesse e confira todos os detalhes!\" \/>\n<meta property=\"og:url\" content=\"https:\/\/www.estrategiaconcursos.com.br\/blog\/concurso-ses-df\/\" \/>\n<meta property=\"og:site_name\" content=\"Estrat\u00e9gia Concursos\" \/>\n<meta property=\"article:published_time\" content=\"2026-04-23T13:00:00+00:00\" \/>\n<meta property=\"article:modified_time\" content=\"2026-04-23T14:46:11+00:00\" \/>\n<meta property=\"og:image\" content=\"https:\/\/dhg1h5j42swfq.cloudfront.net\/2021\/08\/13090503\/ses_df.jpg\" \/>\n\t<meta property=\"og:image:width\" content=\"768\" \/>\n\t<meta property=\"og:image:height\" content=\"432\" \/>\n\t<meta property=\"og:image:type\" content=\"image\/jpeg\" \/>\n<meta name=\"author\" content=\"Rafaela Teixeira\" \/>\n<meta name=\"twitter:card\" content=\"summary_large_image\" \/>\n<meta name=\"twitter:creator\" content=\"@EstratConcursos\" \/>\n<meta name=\"twitter:site\" content=\"@EstratConcursos\" \/>\n<meta name=\"twitter:label1\" content=\"Escrito por\" \/>\n\t<meta name=\"twitter:data1\" content=\"Rafaela Teixeira\" \/>\n\t<meta name=\"twitter:label2\" content=\"Est. tempo de leitura\" \/>\n\t<meta name=\"twitter:data2\" content=\"12 minutos\" \/>\n<script type=\"application\/ld+json\" class=\"yoast-schema-graph\">{\"@context\":\"https:\/\/schema.org\",\"@graph\":[{\"@type\":\"NewsArticle\",\"@id\":\"https:\/\/www.estrategiaconcursos.com.br\/blog\/concurso-ses-df\/#article\",\"isPartOf\":{\"@id\":\"https:\/\/www.estrategiaconcursos.com.br\/blog\/concurso-ses-df\/\"},\"author\":{\"name\":\"Rafaela Teixeira\",\"@id\":\"https:\/\/www.estrategiaconcursos.com.br\/blog\/#\/schema\/person\/e75352021ea7f60781c599934f916eb1\"},\"headline\":\"Concurso SES DF: 900 vagas tempor\u00e1rias. Inscreva-se!\",\"datePublished\":\"2026-04-23T13:00:00+00:00\",\"dateModified\":\"2026-04-23T14:46:11+00:00\",\"mainEntityOfPage\":{\"@id\":\"https:\/\/www.estrategiaconcursos.com.br\/blog\/concurso-ses-df\/\"},\"wordCount\":2702,\"commentCount\":4,\"publisher\":{\"@id\":\"https:\/\/www.estrategiaconcursos.com.br\/blog\/#organization\"},\"image\":{\"@id\":\"https:\/\/www.estrategiaconcursos.com.br\/blog\/concurso-ses-df\/#primaryimage\"},\"thumbnailUrl\":\"https:\/\/dhg1h5j42swfq.cloudfront.net\/2021\/08\/13090503\/ses_df.jpg\",\"keywords\":[\"Sa\u00fade\",\"secretaria de saude\",\"SES-DF\"],\"articleSection\":[\"Sa\u00fade\"],\"inLanguage\":\"pt-BR\",\"potentialAction\":[{\"@type\":\"CommentAction\",\"name\":\"Comment\",\"target\":[\"https:\/\/www.estrategiaconcursos.com.br\/blog\/concurso-ses-df\/#respond\"]}],\"copyrightYear\":\"2026\",\"copyrightHolder\":{\"@id\":\"https:\/\/www.estrategiaconcursos.com.br\/blog\/#organization\"}},{\"@type\":\"WebPage\",\"@id\":\"https:\/\/www.estrategiaconcursos.com.br\/blog\/concurso-ses-df\/\",\"url\":\"https:\/\/www.estrategiaconcursos.com.br\/blog\/concurso-ses-df\/\",\"name\":\"Concurso SES DF: 900 vagas tempor\u00e1rias. Inscreva-se!\",\"isPartOf\":{\"@id\":\"https:\/\/www.estrategiaconcursos.com.br\/blog\/#website\"},\"primaryImageOfPage\":{\"@id\":\"https:\/\/www.estrategiaconcursos.com.br\/blog\/concurso-ses-df\/#primaryimage\"},\"image\":{\"@id\":\"https:\/\/www.estrategiaconcursos.com.br\/blog\/concurso-ses-df\/#primaryimage\"},\"thumbnailUrl\":\"https:\/\/dhg1h5j42swfq.cloudfront.net\/2021\/08\/13090503\/ses_df.jpg\",\"datePublished\":\"2026-04-23T13:00:00+00:00\",\"dateModified\":\"2026-04-23T14:46:11+00:00\",\"description\":\"Secretaria de Sa\u00fade do DF prev\u00ea mais de 2,6 mil vagas em novos editais de concurso SES DF. Acesse e confira todos os detalhes!\",\"breadcrumb\":{\"@id\":\"https:\/\/www.estrategiaconcursos.com.br\/blog\/concurso-ses-df\/#breadcrumb\"},\"inLanguage\":\"pt-BR\",\"potentialAction\":[{\"@type\":\"ReadAction\",\"target\":[\"https:\/\/www.estrategiaconcursos.com.br\/blog\/concurso-ses-df\/\"]}]},{\"@type\":\"ImageObject\",\"inLanguage\":\"pt-BR\",\"@id\":\"https:\/\/www.estrategiaconcursos.com.br\/blog\/concurso-ses-df\/#primaryimage\",\"url\":\"https:\/\/dhg1h5j42swfq.cloudfront.net\/2021\/08\/13090503\/ses_df.jpg\",\"contentUrl\":\"https:\/\/dhg1h5j42swfq.cloudfront.net\/2021\/08\/13090503\/ses_df.jpg\",\"width\":768,\"height\":432,\"caption\":\"concurso ses df\"},{\"@type\":\"BreadcrumbList\",\"@id\":\"https:\/\/www.estrategiaconcursos.com.br\/blog\/concurso-ses-df\/#breadcrumb\",\"itemListElement\":[{\"@type\":\"ListItem\",\"position\":1,\"name\":\"In\u00edcio\",\"item\":\"https:\/\/www.estrategiaconcursos.com.br\/blog\/\"},{\"@type\":\"ListItem\",\"position\":2,\"name\":\"Concurso SES DF: 900 vagas tempor\u00e1rias. Inscreva-se!\"}]},{\"@type\":\"WebSite\",\"@id\":\"https:\/\/www.estrategiaconcursos.com.br\/blog\/#website\",\"url\":\"https:\/\/www.estrategiaconcursos.com.br\/blog\/\",\"name\":\"Estrat\u00e9gia Concursos\",\"description\":\"O blog da Estrat\u00e9gia Concursos traz not\u00edcias sobre concursos e artigos de professores oferecendo cursos para concursos (pdf + videaulas) no site.\",\"publisher\":{\"@id\":\"https:\/\/www.estrategiaconcursos.com.br\/blog\/#organization\"},\"potentialAction\":[{\"@type\":\"SearchAction\",\"target\":{\"@type\":\"EntryPoint\",\"urlTemplate\":\"https:\/\/www.estrategiaconcursos.com.br\/blog\/?s={search_term_string}\"},\"query-input\":{\"@type\":\"PropertyValueSpecification\",\"valueRequired\":true,\"valueName\":\"search_term_string\"}}],\"inLanguage\":\"pt-BR\"},{\"@type\":\"Organization\",\"@id\":\"https:\/\/www.estrategiaconcursos.com.br\/blog\/#organization\",\"name\":\"Estrat\u00e9gia Concursos\",\"url\":\"https:\/\/www.estrategiaconcursos.com.br\/blog\/\",\"logo\":{\"@type\":\"ImageObject\",\"inLanguage\":\"pt-BR\",\"@id\":\"https:\/\/www.estrategiaconcursos.com.br\/blog\/#\/schema\/logo\/image\/\",\"url\":\"https:\/\/dhg1h5j42swfq.cloudfront.net\/2025\/06\/03203428\/logo_concursos-1.jpg\",\"contentUrl\":\"https:\/\/dhg1h5j42swfq.cloudfront.net\/2025\/06\/03203428\/logo_concursos-1.jpg\",\"width\":230,\"height\":60,\"caption\":\"Estrat\u00e9gia Concursos\"},\"image\":{\"@id\":\"https:\/\/www.estrategiaconcursos.com.br\/blog\/#\/schema\/logo\/image\/\"},\"sameAs\":[\"https:\/\/x.com\/EstratConcursos\"]},{\"@type\":\"Person\",\"@id\":\"https:\/\/www.estrategiaconcursos.com.br\/blog\/#\/schema\/person\/e75352021ea7f60781c599934f916eb1\",\"name\":\"Rafaela Teixeira\",\"image\":{\"@type\":\"ImageObject\",\"inLanguage\":\"pt-BR\",\"@id\":\"https:\/\/secure.gravatar.com\/avatar\/8a349a2b22039b1ee88fc06461487c950fd6aa411ea8af8633314b43334ae793?s=96&d=mm&r=g\",\"url\":\"https:\/\/secure.gravatar.com\/avatar\/8a349a2b22039b1ee88fc06461487c950fd6aa411ea8af8633314b43334ae793?s=96&d=mm&r=g\",\"contentUrl\":\"https:\/\/secure.gravatar.com\/avatar\/8a349a2b22039b1ee88fc06461487c950fd6aa411ea8af8633314b43334ae793?s=96&d=mm&r=g\",\"caption\":\"Rafaela Teixeira\"},\"description\":\"Rafaela Teixeira \u00e9 advogada conveniada \u00e0 Defensoria P\u00fablica de S\u00e3o Paulo pela OAB, com experi\u00eancia em reda\u00e7\u00e3o jur\u00eddica e atua\u00e7\u00e3o em institui\u00e7\u00f5es p\u00fablicas, incluindo est\u00e1gio no TRE-SP. Possui mais de 7 anos de experi\u00eancia na produ\u00e7\u00e3o de conte\u00fados voltados ao nicho de concursos p\u00fablicos, com foco em apura\u00e7\u00e3o jornal\u00edstica cont\u00ednua, an\u00e1lise de editais e obten\u00e7\u00e3o de informa\u00e7\u00f5es diretamente junto a \u00f3rg\u00e3os e fontes oficiais. No Blog do Estrat\u00e9gia Concursos, atua como Analista de Conte\u00fado S\u00eanior, respons\u00e1vel pelo jornalismo do per\u00edodo noturno e da madrugada, com atua\u00e7\u00e3o transversal na cobertura de concursos p\u00fablicos, garantindo a continuidade, fluidez e confiabilidade das publica\u00e7\u00f5es e dos bastidores dos certames.\",\"url\":\"https:\/\/www.estrategiaconcursos.com.br\/blog\/author\/rafaela-teixeira\/\"}]}<\/script>\n<!-- \/ Yoast SEO Premium plugin. -->","yoast_head_json":{"title":"Concurso SES DF: 900 vagas tempor\u00e1rias. Inscreva-se!","description":"Secretaria de Sa\u00fade do DF prev\u00ea mais de 2,6 mil vagas em novos editais de concurso SES DF. Acesse e confira todos os detalhes!","robots":{"index":"index","follow":"follow","max-snippet":"max-snippet:-1","max-image-preview":"max-image-preview:large","max-video-preview":"max-video-preview:-1"},"canonical":"https:\/\/www.estrategiaconcursos.com.br\/blog\/concurso-ses-df\/","og_locale":"pt_BR","og_type":"article","og_title":"Concurso SES DF: 900 vagas tempor\u00e1rias. Inscreva-se!","og_description":"Secretaria de Sa\u00fade do DF prev\u00ea mais de 2,6 mil vagas em novos editais de concurso SES DF. Acesse e confira todos os detalhes!","og_url":"https:\/\/www.estrategiaconcursos.com.br\/blog\/concurso-ses-df\/","og_site_name":"Estrat\u00e9gia Concursos","article_published_time":"2026-04-23T13:00:00+00:00","article_modified_time":"2026-04-23T14:46:11+00:00","og_image":[{"width":768,"height":432,"url":"https:\/\/dhg1h5j42swfq.cloudfront.net\/2021\/08\/13090503\/ses_df.jpg","type":"image\/jpeg"}],"author":"Rafaela Teixeira","twitter_card":"summary_large_image","twitter_creator":"@EstratConcursos","twitter_site":"@EstratConcursos","twitter_misc":{"Escrito por":"Rafaela Teixeira","Est. tempo de leitura":"12 minutos"},"schema":{"@context":"https:\/\/schema.org","@graph":[{"@type":"NewsArticle","@id":"https:\/\/www.estrategiaconcursos.com.br\/blog\/concurso-ses-df\/#article","isPartOf":{"@id":"https:\/\/www.estrategiaconcursos.com.br\/blog\/concurso-ses-df\/"},"author":{"name":"Rafaela Teixeira","@id":"https:\/\/www.estrategiaconcursos.com.br\/blog\/#\/schema\/person\/e75352021ea7f60781c599934f916eb1"},"headline":"Concurso SES DF: 900 vagas tempor\u00e1rias. Inscreva-se!","datePublished":"2026-04-23T13:00:00+00:00","dateModified":"2026-04-23T14:46:11+00:00","mainEntityOfPage":{"@id":"https:\/\/www.estrategiaconcursos.com.br\/blog\/concurso-ses-df\/"},"wordCount":2702,"commentCount":4,"publisher":{"@id":"https:\/\/www.estrategiaconcursos.com.br\/blog\/#organization"},"image":{"@id":"https:\/\/www.estrategiaconcursos.com.br\/blog\/concurso-ses-df\/#primaryimage"},"thumbnailUrl":"https:\/\/dhg1h5j42swfq.cloudfront.net\/2021\/08\/13090503\/ses_df.jpg","keywords":["Sa\u00fade","secretaria de saude","SES-DF"],"articleSection":["Sa\u00fade"],"inLanguage":"pt-BR","potentialAction":[{"@type":"CommentAction","name":"Comment","target":["https:\/\/www.estrategiaconcursos.com.br\/blog\/concurso-ses-df\/#respond"]}],"copyrightYear":"2026","copyrightHolder":{"@id":"https:\/\/www.estrategiaconcursos.com.br\/blog\/#organization"}},{"@type":"WebPage","@id":"https:\/\/www.estrategiaconcursos.com.br\/blog\/concurso-ses-df\/","url":"https:\/\/www.estrategiaconcursos.com.br\/blog\/concurso-ses-df\/","name":"Concurso SES DF: 900 vagas tempor\u00e1rias. Inscreva-se!","isPartOf":{"@id":"https:\/\/www.estrategiaconcursos.com.br\/blog\/#website"},"primaryImageOfPage":{"@id":"https:\/\/www.estrategiaconcursos.com.br\/blog\/concurso-ses-df\/#primaryimage"},"image":{"@id":"https:\/\/www.estrategiaconcursos.com.br\/blog\/concurso-ses-df\/#primaryimage"},"thumbnailUrl":"https:\/\/dhg1h5j42swfq.cloudfront.net\/2021\/08\/13090503\/ses_df.jpg","datePublished":"2026-04-23T13:00:00+00:00","dateModified":"2026-04-23T14:46:11+00:00","description":"Secretaria de Sa\u00fade do DF prev\u00ea mais de 2,6 mil vagas em novos editais de concurso SES DF. Acesse e confira todos os detalhes!","breadcrumb":{"@id":"https:\/\/www.estrategiaconcursos.com.br\/blog\/concurso-ses-df\/#breadcrumb"},"inLanguage":"pt-BR","potentialAction":[{"@type":"ReadAction","target":["https:\/\/www.estrategiaconcursos.com.br\/blog\/concurso-ses-df\/"]}]},{"@type":"ImageObject","inLanguage":"pt-BR","@id":"https:\/\/www.estrategiaconcursos.com.br\/blog\/concurso-ses-df\/#primaryimage","url":"https:\/\/dhg1h5j42swfq.cloudfront.net\/2021\/08\/13090503\/ses_df.jpg","contentUrl":"https:\/\/dhg1h5j42swfq.cloudfront.net\/2021\/08\/13090503\/ses_df.jpg","width":768,"height":432,"caption":"concurso ses df"},{"@type":"BreadcrumbList","@id":"https:\/\/www.estrategiaconcursos.com.br\/blog\/concurso-ses-df\/#breadcrumb","itemListElement":[{"@type":"ListItem","position":1,"name":"In\u00edcio","item":"https:\/\/www.estrategiaconcursos.com.br\/blog\/"},{"@type":"ListItem","position":2,"name":"Concurso SES DF: 900 vagas tempor\u00e1rias. Inscreva-se!"}]},{"@type":"WebSite","@id":"https:\/\/www.estrategiaconcursos.com.br\/blog\/#website","url":"https:\/\/www.estrategiaconcursos.com.br\/blog\/","name":"Estrat\u00e9gia Concursos","description":"O blog da Estrat\u00e9gia Concursos traz not\u00edcias sobre concursos e artigos de professores oferecendo cursos para concursos (pdf + videaulas) no site.","publisher":{"@id":"https:\/\/www.estrategiaconcursos.com.br\/blog\/#organization"},"potentialAction":[{"@type":"SearchAction","target":{"@type":"EntryPoint","urlTemplate":"https:\/\/www.estrategiaconcursos.com.br\/blog\/?s={search_term_string}"},"query-input":{"@type":"PropertyValueSpecification","valueRequired":true,"valueName":"search_term_string"}}],"inLanguage":"pt-BR"},{"@type":"Organization","@id":"https:\/\/www.estrategiaconcursos.com.br\/blog\/#organization","name":"Estrat\u00e9gia Concursos","url":"https:\/\/www.estrategiaconcursos.com.br\/blog\/","logo":{"@type":"ImageObject","inLanguage":"pt-BR","@id":"https:\/\/www.estrategiaconcursos.com.br\/blog\/#\/schema\/logo\/image\/","url":"https:\/\/dhg1h5j42swfq.cloudfront.net\/2025\/06\/03203428\/logo_concursos-1.jpg","contentUrl":"https:\/\/dhg1h5j42swfq.cloudfront.net\/2025\/06\/03203428\/logo_concursos-1.jpg","width":230,"height":60,"caption":"Estrat\u00e9gia Concursos"},"image":{"@id":"https:\/\/www.estrategiaconcursos.com.br\/blog\/#\/schema\/logo\/image\/"},"sameAs":["https:\/\/x.com\/EstratConcursos"]},{"@type":"Person","@id":"https:\/\/www.estrategiaconcursos.com.br\/blog\/#\/schema\/person\/e75352021ea7f60781c599934f916eb1","name":"Rafaela Teixeira","image":{"@type":"ImageObject","inLanguage":"pt-BR","@id":"https:\/\/secure.gravatar.com\/avatar\/8a349a2b22039b1ee88fc06461487c950fd6aa411ea8af8633314b43334ae793?s=96&d=mm&r=g","url":"https:\/\/secure.gravatar.com\/avatar\/8a349a2b22039b1ee88fc06461487c950fd6aa411ea8af8633314b43334ae793?s=96&d=mm&r=g","contentUrl":"https:\/\/secure.gravatar.com\/avatar\/8a349a2b22039b1ee88fc06461487c950fd6aa411ea8af8633314b43334ae793?s=96&d=mm&r=g","caption":"Rafaela Teixeira"},"description":"Rafaela Teixeira \u00e9 advogada conveniada \u00e0 Defensoria P\u00fablica de S\u00e3o Paulo pela OAB, com experi\u00eancia em reda\u00e7\u00e3o jur\u00eddica e atua\u00e7\u00e3o em institui\u00e7\u00f5es p\u00fablicas, incluindo est\u00e1gio no TRE-SP. Possui mais de 7 anos de experi\u00eancia na produ\u00e7\u00e3o de conte\u00fados voltados ao nicho de concursos p\u00fablicos, com foco em apura\u00e7\u00e3o jornal\u00edstica cont\u00ednua, an\u00e1lise de editais e obten\u00e7\u00e3o de informa\u00e7\u00f5es diretamente junto a \u00f3rg\u00e3os e fontes oficiais. No Blog do Estrat\u00e9gia Concursos, atua como Analista de Conte\u00fado S\u00eanior, respons\u00e1vel pelo jornalismo do per\u00edodo noturno e da madrugada, com atua\u00e7\u00e3o transversal na cobertura de concursos p\u00fablicos, garantindo a continuidade, fluidez e confiabilidade das publica\u00e7\u00f5es e dos bastidores dos certames.","url":"https:\/\/www.estrategiaconcursos.com.br\/blog\/author\/rafaela-teixeira\/"}]}},"_links":{"self":[{"href":"https:\/\/www.estrategiaconcursos.com.br\/blog\/wp-json\/wp\/v2\/posts\/92859","targetHints":{"allow":["GET"]}}],"collection":[{"href":"https:\/\/www.estrategiaconcursos.com.br\/blog\/wp-json\/wp\/v2\/posts"}],"about":[{"href":"https:\/\/www.estrategiaconcursos.com.br\/blog\/wp-json\/wp\/v2\/types\/post"}],"author":[{"embeddable":true,"href":"https:\/\/www.estrategiaconcursos.com.br\/blog\/wp-json\/wp\/v2\/users\/2134"}],"replies":[{"embeddable":true,"href":"https:\/\/www.estrategiaconcursos.com.br\/blog\/wp-json\/wp\/v2\/comments?post=92859"}],"version-history":[{"count":299,"href":"https:\/\/www.estrategiaconcursos.com.br\/blog\/wp-json\/wp\/v2\/posts\/92859\/revisions"}],"predecessor-version":[{"id":1756764,"href":"https:\/\/www.estrategiaconcursos.com.br\/blog\/wp-json\/wp\/v2\/posts\/92859\/revisions\/1756764"}],"wp:featuredmedia":[{"embeddable":true,"href":"https:\/\/www.estrategiaconcursos.com.br\/blog\/wp-json\/wp\/v2\/media\/908347"}],"wp:attachment":[{"href":"https:\/\/www.estrategiaconcursos.com.br\/blog\/wp-json\/wp\/v2\/media?parent=92859"}],"wp:term":[{"taxonomy":"category","embeddable":true,"href":"https:\/\/www.estrategiaconcursos.com.br\/blog\/wp-json\/wp\/v2\/categories?post=92859"},{"taxonomy":"post_tag","embeddable":true,"href":"https:\/\/www.estrategiaconcursos.com.br\/blog\/wp-json\/wp\/v2\/tags?post=92859"},{"taxonomy":"tax_estado","embeddable":true,"href":"https:\/\/www.estrategiaconcursos.com.br\/blog\/wp-json\/wp\/v2\/tax_estado?post=92859"}],"curies":[{"name":"wp","href":"https:\/\/api.w.org\/{rel}","templated":true}]}}