{"id":928368,"date":"2021-12-13T16:36:00","date_gmt":"2021-12-13T19:36:00","guid":{"rendered":"https:\/\/www.estrategiaconcursos.com.br\/blog\/?p=928368"},"modified":"2021-12-13T18:02:07","modified_gmt":"2021-12-13T21:02:07","slug":"defensor-to-cebraspe","status":"publish","type":"post","link":"https:\/\/www.estrategiaconcursos.com.br\/blog\/defensor-to-cebraspe\/","title":{"rendered":"Defensor TO: Cebraspe \u00e9 escolhido como organizador!"},"content":{"rendered":"\n<p>Os representantes da Administra\u00e7\u00e3o Superior da Defensoria P\u00fablica do Estado do Tocantins (DPE-TO) assinaram, nesta segunda-feira, 13 de dezembro, o contrato com o Centro Brasileiro de Pesquisa em Avalia\u00e7\u00e3o e Sele\u00e7\u00e3o e de Promo\u00e7\u00e3o de Eventos (Cebraspe) para realiza\u00e7\u00e3o do pr\u00f3ximo concurso Defensor TO para provimento de 3 vagas mais cadastro para o cargo de Defensor P\u00fablico, com remunera\u00e7\u00e3o inicial de R$ 30 mil. <\/p>\n\n\n\n<p>A assinatura do contrato por parte da Defensoria P\u00fablica foi realizada na tarde desta segunda-feira, 13, na sede da Institui\u00e7\u00e3o, em Palmas. Segundo a not\u00edcia, divulgada no Portal Oficial do \u00f3rg\u00e3o, o extrato do contrato ser\u00e1 publicado na edi\u00e7\u00e3o de hoje do&nbsp;<a href=\"http:\/\/diariooficial.defensoria.to.def.br\/\" rel=\"noreferrer noopener\" target=\"_blank\"><strong>Di\u00e1rio Oficial Eletr\u00f4nico da DPE TO<\/strong><\/a>. O edital do concurso ser\u00e1 publicado nos pr\u00f3ximos dias.<\/p>\n\n\n\n<p>Para concorrer ao cargo, \u00e9 necess\u00e1rio apenas possuir diploma de bacharel em Direito, expedido por institui\u00e7\u00e3o reconhecida pelo Minist\u00e9rio da Educa\u00e7\u00e3o (MEC). N\u00e3o h\u00e1 previs\u00e3o legal para a exig\u00eancia de comprova\u00e7\u00e3o de exerc\u00edcio de atividade jur\u00eddica no concurso Defensor TO.  <\/p>\n\n\n\n<p>De acordo com a fala da Defensora P\u00fablica-Geral, Estellamaris Postal, &#8220;<em>o concurso p\u00fablico \u00e9 um dos nossos compromissos na Administra\u00e7\u00e3o Superior a fim de atender as necessidades diante da vac\u00e2ncia proveniente da aposentadoria de alguns membros. Com isso, garantimos o cumprimento da Emenda Constitucional 80 e fortalecemos a atua\u00e7\u00e3o da Defensoria P\u00fablica em todo o Estado<\/em>.<\/p>\n\n\n\n<p>O concurso Defensor TO mais recente foi realizado em &nbsp;2013. Segundo o Subdefensor P\u00fablico-Geral, &nbsp;Pedro Alexandre Concei\u00e7\u00e3o Aires Gon\u00e7alvez, &#8220;<em>\u00e9 um passo importante para a Institui\u00e7\u00e3o e para o melhor atendimento \u00e0s pessoas que mais precisam. A realiza\u00e7\u00e3o do concurso \u00e9 um dos nossos compromissos com a Defensoria<\/em>&#8220;.<\/p>\n\n\n\n<p>Em janeiro deste ano, o \u00f3rg\u00e3o j\u00e1 havia dado uma nova composi\u00e7\u00e3o \u00e0 comiss\u00e3o organizadora do concurso, cujo planejamento foi recentemente retomado. O regulamento do IV Concurso P\u00fablico para o ingresso na carreira de Defensor P\u00fablico j\u00e1 aprovado pelo Conselho Superior, publicado e retificado. Existem 20 cargos vagos na classe inicial da carreira, sendo 3 vagas para preenchimento imediato.<\/p>\n\n\n\n<p>De acordo com uma recente decis\u00e3o do  Conselho Superior da DPE TO, inclusive, ser\u00e1 obrigat\u00f3ria a<strong> inclus\u00e3o do tema do racismo estrutural e rela\u00e7\u00f5es de g\u00eanero<\/strong> no edital do concurso Defensor TO e tamb\u00e9m no curso oficial de prepara\u00e7\u00e3o \u00e0 carreira dos membros.<\/p>\n\n\n\n<p>Dentre os concursos atualmente em andamento, o Cebraspe \u00e9 respons\u00e1vel pela organiza\u00e7\u00e3o de seis para Defensorias P\u00fablicas: do Distrito Federal e dos Estados do Piau\u00ed; Bahia; Rio Grande do Sul; Par\u00e1 e Rond\u00f4nia.<\/p>\n\n\n\n<p class=\"has-text-align-center has-luminous-vivid-amber-background-color has-background has-medium-font-size\"><strong>Mais informa\u00e7\u00f5es: <a href=\"https:\/\/www.estrategiaconcursos.com.br\/blog\/concurso-dpe-to-defensor\" target=\"_blank\" rel=\"noreferrer noopener\">Concurso DPE TO Defensor<\/a><\/strong><\/p>\n\n\n\n<h2 class=\"has-text-align-center wp-block-heading\" id=\"h-quer-saber-tudo-sobre-concursos-previstos-confira-nossos-artigos\">Quer saber tudo sobre concursos previstos?<br \/>Confira nossos artigos!<\/h2>\n\n\n\n<ul class=\"wp-block-list\"><li><a href=\"https:\/\/www.estrategiaconcursos.com.br\/blog\/concursos-abertos\/\" target=\"_blank\" rel=\"noreferrer noopener\">Concursos abertos<\/a><\/li><li><a href=\"https:\/\/www.estrategiaconcursos.com.br\/blog\/concursos-2021\/\" target=\"_blank\" rel=\"noreferrer noopener\">Concursos 2021<\/a><\/li><li><a href=\"https:\/\/www.estrategiaconcursos.com.br\/blog\/concursos-2022\/\" target=\"_blank\" rel=\"noreferrer noopener\">Concursos 2022<\/a><\/li><\/ul>\n\n\n\n<h3 class=\"has-text-align-center wp-block-heading\" id=\"curso\"><strong><em>Quer estudar para o Concurso <\/em><\/strong><em>DPE TO<\/em> <em>Defensor<\/em>?<\/h3>\n\n\n\n<p class=\"has-text-align-center\"><em><strong>Gostou desta oportunidade e deseja come\u00e7ar se preparar agora mesmo? Ent\u00e3o, confira os nossos cursos e comece a estudar:<\/strong><\/em><\/p>\n\n\n\n<div class=\"container\" id=\"boxes\">\n  <div class=\"row\">\n\n    <div class=\"col-sm\">\n      <div class=\"banner-ecj\" id=\"box-assinatura\">\n        <h3 class=\"titulo-assinatura\">Cursos para DPE TO Defensor<\/h3>\n        <p class=\"subtitulo-assinatura\">Conhe\u00e7a os cursos<\/p>\n        <div class=\"box-botao\">\n          <a class=\"btn-assinatura\" target=\"_blank\" href=\"https:\/\/www.estrategiaconcursos.com.br\/cursosPorConcurso\/dpe-to-defensoria-publica-do-tocantins\/\" role=\"button\" rel=\"noopener noreferrer\">Conhe\u00e7a mais<\/a>\n        <\/div>\n      <\/div>\n      <p class=\"texto-auxiliar\">Prepare-se com o melhor material e com quem mais aprova em Concursos P\u00fablicos em todo o pa\u00eds. \n<\/p>\n    <\/div>\n\n  <\/div>\n<\/div>\n\n\n\n<div class=\"container\" id=\"boxes\">\n  <div class=\"row\">\n\n    <div class=\"col-sm\">\n      <div class=\"banner-ecj\" id=\"box-assinatura\">\n        <h3 class=\"titulo-assinatura\">Assinatura Jur\u00eddica <\/h3>\n        <p class=\"subtitulo-assinatura\">Conhe\u00e7a os planos<\/p>\n        <div class=\"box-botao\">\n          <a class=\"btn-assinatura\" target=\"_blank\" href=\"https:\/\/www.estrategiaconcursos.com.br\/assinaturas-ecj\/\" role=\"button\" rel=\"noopener noreferrer\">Conhe\u00e7a mais<\/a>\n        <\/div>\n      <\/div>\n      <p class=\"texto-auxiliar\">Prepare-se com o melhor material e com quem mais aprova em Concursos P\u00fablicos em todo o pa\u00eds. \n<\/p>\n    <\/div>\n\n  <\/div>\n<\/div>\n","protected":false},"excerpt":{"rendered":"<p>Os representantes da Administra\u00e7\u00e3o Superior da Defensoria P\u00fablica do Estado do Tocantins (DPE-TO) assinaram, nesta segunda-feira, 13 de dezembro, o contrato com o Centro Brasileiro de Pesquisa em Avalia\u00e7\u00e3o e Sele\u00e7\u00e3o e de Promo\u00e7\u00e3o de Eventos (Cebraspe) para realiza\u00e7\u00e3o do pr\u00f3ximo concurso Defensor TO para provimento de 3 vagas mais cadastro para o cargo de [&hellip;]<\/p>\n","protected":false},"author":1376,"featured_media":928392,"comment_status":"open","ping_status":"closed","sticky":false,"template":"","format":"standard","meta":{"post_tipo":"news","footnotes":""},"categories":[220193,220219],"tags":[],"tax_estado":[219990],"class_list":["post-928368","post","type-post","status-publish","format-standard","has-post-thumbnail","hentry","category-defensoria-publica","category-noticias","tax_estado-to"],"acf":[],"yoast_head":"<!-- This site is optimized with the Yoast SEO Premium plugin v27.2 (Yoast SEO v27.2) - https:\/\/yoast.com\/product\/yoast-seo-premium-wordpress\/ -->\n<title>Defensor TO: Cebraspe \u00e9 escolhido como organizador!<\/title>\n<meta name=\"description\" content=\"A Defensoria P\u00fablica do Tocantins firmou contrato com o Cebraspe para a realiza\u00e7\u00e3o do novo concurso Defensor TO, cujo edital sair\u00e1 em breve!\" \/>\n<meta name=\"robots\" content=\"index, follow, max-snippet:-1, max-image-preview:large, max-video-preview:-1\" \/>\n<link rel=\"canonical\" href=\"https:\/\/www.estrategiaconcursos.com.br\/blog\/defensor-to-cebraspe\/\" \/>\n<meta property=\"og:locale\" content=\"pt_BR\" \/>\n<meta property=\"og:type\" content=\"article\" \/>\n<meta property=\"og:title\" content=\"Defensor TO: Cebraspe \u00e9 escolhido como organizador!\" \/>\n<meta property=\"og:description\" content=\"A Defensoria P\u00fablica do Tocantins firmou contrato com o Cebraspe para a realiza\u00e7\u00e3o do novo concurso Defensor TO, cujo edital sair\u00e1 em breve!\" \/>\n<meta property=\"og:url\" content=\"https:\/\/www.estrategiaconcursos.com.br\/blog\/defensor-to-cebraspe\/\" \/>\n<meta property=\"og:site_name\" content=\"Estrat\u00e9gia Concursos\" \/>\n<meta property=\"article:published_time\" content=\"2021-12-13T19:36:00+00:00\" \/>\n<meta property=\"article:modified_time\" content=\"2021-12-13T21:02:07+00:00\" \/>\n<meta property=\"og:image\" content=\"https:\/\/dhg1h5j42swfq.cloudfront.net\/2021\/12\/13164547\/dpe-to-ecj.png\" \/>\n\t<meta property=\"og:image:width\" content=\"1200\" \/>\n\t<meta property=\"og:image:height\" content=\"628\" \/>\n\t<meta property=\"og:image:type\" content=\"image\/png\" \/>\n<meta name=\"author\" content=\"Mariana Cury Bunduky\" \/>\n<meta name=\"twitter:card\" content=\"summary_large_image\" \/>\n<meta name=\"twitter:creator\" content=\"@EstratConcursos\" \/>\n<meta name=\"twitter:site\" content=\"@EstratConcursos\" \/>\n<meta name=\"twitter:label1\" content=\"Escrito por\" \/>\n\t<meta name=\"twitter:data1\" content=\"Mariana Cury Bunduky\" \/>\n\t<meta name=\"twitter:label2\" content=\"Est. tempo de leitura\" \/>\n\t<meta name=\"twitter:data2\" content=\"3 minutos\" \/>\n<script type=\"application\/ld+json\" class=\"yoast-schema-graph\">{\"@context\":\"https:\/\/schema.org\",\"@graph\":[{\"@type\":\"NewsArticle\",\"@id\":\"https:\/\/www.estrategiaconcursos.com.br\/blog\/defensor-to-cebraspe\/#article\",\"isPartOf\":{\"@id\":\"https:\/\/www.estrategiaconcursos.com.br\/blog\/defensor-to-cebraspe\/\"},\"author\":{\"name\":\"Mariana Cury Bunduky\",\"@id\":\"https:\/\/www.estrategiaconcursos.com.br\/blog\/#\/schema\/person\/97594fe1216aa8a9cd2782ad241b7bac\"},\"headline\":\"Defensor TO: Cebraspe \u00e9 escolhido como organizador!\",\"datePublished\":\"2021-12-13T19:36:00+00:00\",\"dateModified\":\"2021-12-13T21:02:07+00:00\",\"mainEntityOfPage\":{\"@id\":\"https:\/\/www.estrategiaconcursos.com.br\/blog\/defensor-to-cebraspe\/\"},\"wordCount\":557,\"commentCount\":0,\"publisher\":{\"@id\":\"https:\/\/www.estrategiaconcursos.com.br\/blog\/#organization\"},\"image\":{\"@id\":\"https:\/\/www.estrategiaconcursos.com.br\/blog\/defensor-to-cebraspe\/#primaryimage\"},\"thumbnailUrl\":\"https:\/\/dhg1h5j42swfq.cloudfront.net\/2021\/12\/13164547\/dpe-to-ecj.png\",\"articleSection\":[\"Jur\u00eddico - Defensoria P\u00fablica\",\"\u00daltimas not\u00edcias\"],\"inLanguage\":\"pt-BR\",\"potentialAction\":[{\"@type\":\"CommentAction\",\"name\":\"Comment\",\"target\":[\"https:\/\/www.estrategiaconcursos.com.br\/blog\/defensor-to-cebraspe\/#respond\"]}],\"copyrightYear\":\"2021\",\"copyrightHolder\":{\"@id\":\"https:\/\/www.estrategiaconcursos.com.br\/blog\/#organization\"}},{\"@type\":\"WebPage\",\"@id\":\"https:\/\/www.estrategiaconcursos.com.br\/blog\/defensor-to-cebraspe\/\",\"url\":\"https:\/\/www.estrategiaconcursos.com.br\/blog\/defensor-to-cebraspe\/\",\"name\":\"Defensor TO: Cebraspe \u00e9 escolhido como organizador!\",\"isPartOf\":{\"@id\":\"https:\/\/www.estrategiaconcursos.com.br\/blog\/#website\"},\"primaryImageOfPage\":{\"@id\":\"https:\/\/www.estrategiaconcursos.com.br\/blog\/defensor-to-cebraspe\/#primaryimage\"},\"image\":{\"@id\":\"https:\/\/www.estrategiaconcursos.com.br\/blog\/defensor-to-cebraspe\/#primaryimage\"},\"thumbnailUrl\":\"https:\/\/dhg1h5j42swfq.cloudfront.net\/2021\/12\/13164547\/dpe-to-ecj.png\",\"datePublished\":\"2021-12-13T19:36:00+00:00\",\"dateModified\":\"2021-12-13T21:02:07+00:00\",\"description\":\"A Defensoria P\u00fablica do Tocantins firmou contrato com o Cebraspe para a realiza\u00e7\u00e3o do novo concurso Defensor TO, cujo edital sair\u00e1 em breve!\",\"breadcrumb\":{\"@id\":\"https:\/\/www.estrategiaconcursos.com.br\/blog\/defensor-to-cebraspe\/#breadcrumb\"},\"inLanguage\":\"pt-BR\",\"potentialAction\":[{\"@type\":\"ReadAction\",\"target\":[\"https:\/\/www.estrategiaconcursos.com.br\/blog\/defensor-to-cebraspe\/\"]}]},{\"@type\":\"ImageObject\",\"inLanguage\":\"pt-BR\",\"@id\":\"https:\/\/www.estrategiaconcursos.com.br\/blog\/defensor-to-cebraspe\/#primaryimage\",\"url\":\"https:\/\/dhg1h5j42swfq.cloudfront.net\/2021\/12\/13164547\/dpe-to-ecj.png\",\"contentUrl\":\"https:\/\/dhg1h5j42swfq.cloudfront.net\/2021\/12\/13164547\/dpe-to-ecj.png\",\"width\":1200,\"height\":628,\"caption\":\"Defensor TO\"},{\"@type\":\"BreadcrumbList\",\"@id\":\"https:\/\/www.estrategiaconcursos.com.br\/blog\/defensor-to-cebraspe\/#breadcrumb\",\"itemListElement\":[{\"@type\":\"ListItem\",\"position\":1,\"name\":\"In\u00edcio\",\"item\":\"https:\/\/www.estrategiaconcursos.com.br\/blog\/\"},{\"@type\":\"ListItem\",\"position\":2,\"name\":\"Defensor TO: Cebraspe \u00e9 escolhido como organizador!\"}]},{\"@type\":\"WebSite\",\"@id\":\"https:\/\/www.estrategiaconcursos.com.br\/blog\/#website\",\"url\":\"https:\/\/www.estrategiaconcursos.com.br\/blog\/\",\"name\":\"Estrat\u00e9gia Concursos\",\"description\":\"O blog da Estrat\u00e9gia Concursos traz not\u00edcias sobre concursos e artigos de professores oferecendo cursos para concursos (pdf + videaulas) no site.\",\"publisher\":{\"@id\":\"https:\/\/www.estrategiaconcursos.com.br\/blog\/#organization\"},\"potentialAction\":[{\"@type\":\"SearchAction\",\"target\":{\"@type\":\"EntryPoint\",\"urlTemplate\":\"https:\/\/www.estrategiaconcursos.com.br\/blog\/?s={search_term_string}\"},\"query-input\":{\"@type\":\"PropertyValueSpecification\",\"valueRequired\":true,\"valueName\":\"search_term_string\"}}],\"inLanguage\":\"pt-BR\"},{\"@type\":\"Organization\",\"@id\":\"https:\/\/www.estrategiaconcursos.com.br\/blog\/#organization\",\"name\":\"Estrat\u00e9gia Concursos\",\"url\":\"https:\/\/www.estrategiaconcursos.com.br\/blog\/\",\"logo\":{\"@type\":\"ImageObject\",\"inLanguage\":\"pt-BR\",\"@id\":\"https:\/\/www.estrategiaconcursos.com.br\/blog\/#\/schema\/logo\/image\/\",\"url\":\"https:\/\/dhg1h5j42swfq.cloudfront.net\/2025\/06\/03203428\/logo_concursos-1.jpg\",\"contentUrl\":\"https:\/\/dhg1h5j42swfq.cloudfront.net\/2025\/06\/03203428\/logo_concursos-1.jpg\",\"width\":230,\"height\":60,\"caption\":\"Estrat\u00e9gia Concursos\"},\"image\":{\"@id\":\"https:\/\/www.estrategiaconcursos.com.br\/blog\/#\/schema\/logo\/image\/\"},\"sameAs\":[\"https:\/\/x.com\/EstratConcursos\"]},{\"@type\":\"Person\",\"@id\":\"https:\/\/www.estrategiaconcursos.com.br\/blog\/#\/schema\/person\/97594fe1216aa8a9cd2782ad241b7bac\",\"name\":\"Mariana Cury Bunduky\",\"image\":{\"@type\":\"ImageObject\",\"inLanguage\":\"pt-BR\",\"@id\":\"https:\/\/secure.gravatar.com\/avatar\/?s=96&d=mm&r=g\",\"url\":\"https:\/\/secure.gravatar.com\/avatar\/?s=96&d=mm&r=g\",\"contentUrl\":\"https:\/\/secure.gravatar.com\/avatar\/?s=96&d=mm&r=g\",\"caption\":\"Mariana Cury Bunduky\"},\"url\":\"https:\/\/www.estrategiaconcursos.com.br\/blog\/author\/mariana-bunduky\/\"}]}<\/script>\n<!-- \/ Yoast SEO Premium plugin. -->","yoast_head_json":{"title":"Defensor TO: Cebraspe \u00e9 escolhido como organizador!","description":"A Defensoria P\u00fablica do Tocantins firmou contrato com o Cebraspe para a realiza\u00e7\u00e3o do novo concurso Defensor TO, cujo edital sair\u00e1 em breve!","robots":{"index":"index","follow":"follow","max-snippet":"max-snippet:-1","max-image-preview":"max-image-preview:large","max-video-preview":"max-video-preview:-1"},"canonical":"https:\/\/www.estrategiaconcursos.com.br\/blog\/defensor-to-cebraspe\/","og_locale":"pt_BR","og_type":"article","og_title":"Defensor TO: Cebraspe \u00e9 escolhido como organizador!","og_description":"A Defensoria P\u00fablica do Tocantins firmou contrato com o Cebraspe para a realiza\u00e7\u00e3o do novo concurso Defensor TO, cujo edital sair\u00e1 em breve!","og_url":"https:\/\/www.estrategiaconcursos.com.br\/blog\/defensor-to-cebraspe\/","og_site_name":"Estrat\u00e9gia Concursos","article_published_time":"2021-12-13T19:36:00+00:00","article_modified_time":"2021-12-13T21:02:07+00:00","og_image":[{"width":1200,"height":628,"url":"https:\/\/dhg1h5j42swfq.cloudfront.net\/2021\/12\/13164547\/dpe-to-ecj.png","type":"image\/png"}],"author":"Mariana Cury Bunduky","twitter_card":"summary_large_image","twitter_creator":"@EstratConcursos","twitter_site":"@EstratConcursos","twitter_misc":{"Escrito por":"Mariana Cury Bunduky","Est. tempo de leitura":"3 minutos"},"schema":{"@context":"https:\/\/schema.org","@graph":[{"@type":"NewsArticle","@id":"https:\/\/www.estrategiaconcursos.com.br\/blog\/defensor-to-cebraspe\/#article","isPartOf":{"@id":"https:\/\/www.estrategiaconcursos.com.br\/blog\/defensor-to-cebraspe\/"},"author":{"name":"Mariana Cury Bunduky","@id":"https:\/\/www.estrategiaconcursos.com.br\/blog\/#\/schema\/person\/97594fe1216aa8a9cd2782ad241b7bac"},"headline":"Defensor TO: Cebraspe \u00e9 escolhido como organizador!","datePublished":"2021-12-13T19:36:00+00:00","dateModified":"2021-12-13T21:02:07+00:00","mainEntityOfPage":{"@id":"https:\/\/www.estrategiaconcursos.com.br\/blog\/defensor-to-cebraspe\/"},"wordCount":557,"commentCount":0,"publisher":{"@id":"https:\/\/www.estrategiaconcursos.com.br\/blog\/#organization"},"image":{"@id":"https:\/\/www.estrategiaconcursos.com.br\/blog\/defensor-to-cebraspe\/#primaryimage"},"thumbnailUrl":"https:\/\/dhg1h5j42swfq.cloudfront.net\/2021\/12\/13164547\/dpe-to-ecj.png","articleSection":["Jur\u00eddico - Defensoria P\u00fablica","\u00daltimas not\u00edcias"],"inLanguage":"pt-BR","potentialAction":[{"@type":"CommentAction","name":"Comment","target":["https:\/\/www.estrategiaconcursos.com.br\/blog\/defensor-to-cebraspe\/#respond"]}],"copyrightYear":"2021","copyrightHolder":{"@id":"https:\/\/www.estrategiaconcursos.com.br\/blog\/#organization"}},{"@type":"WebPage","@id":"https:\/\/www.estrategiaconcursos.com.br\/blog\/defensor-to-cebraspe\/","url":"https:\/\/www.estrategiaconcursos.com.br\/blog\/defensor-to-cebraspe\/","name":"Defensor TO: Cebraspe \u00e9 escolhido como organizador!","isPartOf":{"@id":"https:\/\/www.estrategiaconcursos.com.br\/blog\/#website"},"primaryImageOfPage":{"@id":"https:\/\/www.estrategiaconcursos.com.br\/blog\/defensor-to-cebraspe\/#primaryimage"},"image":{"@id":"https:\/\/www.estrategiaconcursos.com.br\/blog\/defensor-to-cebraspe\/#primaryimage"},"thumbnailUrl":"https:\/\/dhg1h5j42swfq.cloudfront.net\/2021\/12\/13164547\/dpe-to-ecj.png","datePublished":"2021-12-13T19:36:00+00:00","dateModified":"2021-12-13T21:02:07+00:00","description":"A Defensoria P\u00fablica do Tocantins firmou contrato com o Cebraspe para a realiza\u00e7\u00e3o do novo concurso Defensor TO, cujo edital sair\u00e1 em breve!","breadcrumb":{"@id":"https:\/\/www.estrategiaconcursos.com.br\/blog\/defensor-to-cebraspe\/#breadcrumb"},"inLanguage":"pt-BR","potentialAction":[{"@type":"ReadAction","target":["https:\/\/www.estrategiaconcursos.com.br\/blog\/defensor-to-cebraspe\/"]}]},{"@type":"ImageObject","inLanguage":"pt-BR","@id":"https:\/\/www.estrategiaconcursos.com.br\/blog\/defensor-to-cebraspe\/#primaryimage","url":"https:\/\/dhg1h5j42swfq.cloudfront.net\/2021\/12\/13164547\/dpe-to-ecj.png","contentUrl":"https:\/\/dhg1h5j42swfq.cloudfront.net\/2021\/12\/13164547\/dpe-to-ecj.png","width":1200,"height":628,"caption":"Defensor TO"},{"@type":"BreadcrumbList","@id":"https:\/\/www.estrategiaconcursos.com.br\/blog\/defensor-to-cebraspe\/#breadcrumb","itemListElement":[{"@type":"ListItem","position":1,"name":"In\u00edcio","item":"https:\/\/www.estrategiaconcursos.com.br\/blog\/"},{"@type":"ListItem","position":2,"name":"Defensor TO: Cebraspe \u00e9 escolhido como organizador!"}]},{"@type":"WebSite","@id":"https:\/\/www.estrategiaconcursos.com.br\/blog\/#website","url":"https:\/\/www.estrategiaconcursos.com.br\/blog\/","name":"Estrat\u00e9gia Concursos","description":"O blog da Estrat\u00e9gia Concursos traz not\u00edcias sobre concursos e artigos de professores oferecendo cursos para concursos (pdf + videaulas) no site.","publisher":{"@id":"https:\/\/www.estrategiaconcursos.com.br\/blog\/#organization"},"potentialAction":[{"@type":"SearchAction","target":{"@type":"EntryPoint","urlTemplate":"https:\/\/www.estrategiaconcursos.com.br\/blog\/?s={search_term_string}"},"query-input":{"@type":"PropertyValueSpecification","valueRequired":true,"valueName":"search_term_string"}}],"inLanguage":"pt-BR"},{"@type":"Organization","@id":"https:\/\/www.estrategiaconcursos.com.br\/blog\/#organization","name":"Estrat\u00e9gia Concursos","url":"https:\/\/www.estrategiaconcursos.com.br\/blog\/","logo":{"@type":"ImageObject","inLanguage":"pt-BR","@id":"https:\/\/www.estrategiaconcursos.com.br\/blog\/#\/schema\/logo\/image\/","url":"https:\/\/dhg1h5j42swfq.cloudfront.net\/2025\/06\/03203428\/logo_concursos-1.jpg","contentUrl":"https:\/\/dhg1h5j42swfq.cloudfront.net\/2025\/06\/03203428\/logo_concursos-1.jpg","width":230,"height":60,"caption":"Estrat\u00e9gia Concursos"},"image":{"@id":"https:\/\/www.estrategiaconcursos.com.br\/blog\/#\/schema\/logo\/image\/"},"sameAs":["https:\/\/x.com\/EstratConcursos"]},{"@type":"Person","@id":"https:\/\/www.estrategiaconcursos.com.br\/blog\/#\/schema\/person\/97594fe1216aa8a9cd2782ad241b7bac","name":"Mariana Cury Bunduky","image":{"@type":"ImageObject","inLanguage":"pt-BR","@id":"https:\/\/secure.gravatar.com\/avatar\/?s=96&d=mm&r=g","url":"https:\/\/secure.gravatar.com\/avatar\/?s=96&d=mm&r=g","contentUrl":"https:\/\/secure.gravatar.com\/avatar\/?s=96&d=mm&r=g","caption":"Mariana Cury Bunduky"},"url":"https:\/\/www.estrategiaconcursos.com.br\/blog\/author\/mariana-bunduky\/"}]}},"_links":{"self":[{"href":"https:\/\/www.estrategiaconcursos.com.br\/blog\/wp-json\/wp\/v2\/posts\/928368","targetHints":{"allow":["GET"]}}],"collection":[{"href":"https:\/\/www.estrategiaconcursos.com.br\/blog\/wp-json\/wp\/v2\/posts"}],"about":[{"href":"https:\/\/www.estrategiaconcursos.com.br\/blog\/wp-json\/wp\/v2\/types\/post"}],"author":[{"embeddable":true,"href":"https:\/\/www.estrategiaconcursos.com.br\/blog\/wp-json\/wp\/v2\/users\/1376"}],"replies":[{"embeddable":true,"href":"https:\/\/www.estrategiaconcursos.com.br\/blog\/wp-json\/wp\/v2\/comments?post=928368"}],"version-history":[{"count":13,"href":"https:\/\/www.estrategiaconcursos.com.br\/blog\/wp-json\/wp\/v2\/posts\/928368\/revisions"}],"predecessor-version":[{"id":928408,"href":"https:\/\/www.estrategiaconcursos.com.br\/blog\/wp-json\/wp\/v2\/posts\/928368\/revisions\/928408"}],"wp:featuredmedia":[{"embeddable":true,"href":"https:\/\/www.estrategiaconcursos.com.br\/blog\/wp-json\/wp\/v2\/media\/928392"}],"wp:attachment":[{"href":"https:\/\/www.estrategiaconcursos.com.br\/blog\/wp-json\/wp\/v2\/media?parent=928368"}],"wp:term":[{"taxonomy":"category","embeddable":true,"href":"https:\/\/www.estrategiaconcursos.com.br\/blog\/wp-json\/wp\/v2\/categories?post=928368"},{"taxonomy":"post_tag","embeddable":true,"href":"https:\/\/www.estrategiaconcursos.com.br\/blog\/wp-json\/wp\/v2\/tags?post=928368"},{"taxonomy":"tax_estado","embeddable":true,"href":"https:\/\/www.estrategiaconcursos.com.br\/blog\/wp-json\/wp\/v2\/tax_estado?post=928368"}],"curies":[{"name":"wp","href":"https:\/\/api.w.org\/{rel}","templated":true}]}}