{"id":928075,"date":"2021-12-13T16:16:00","date_gmt":"2021-12-13T19:16:00","guid":{"rendered":"https:\/\/www.estrategiaconcursos.com.br\/blog\/?p=928075"},"modified":"2022-11-18T13:38:07","modified_gmt":"2022-11-18T16:38:07","slug":"retrospectiva-de-delegados-2021-sq","status":"publish","type":"post","link":"https:\/\/www.estrategiaconcursos.com.br\/blog\/retrospectiva-de-delegados-2021-sq\/","title":{"rendered":"Retrospectiva de Delegados 2021 no Sistema de Quest\u00f5es!"},"content":{"rendered":"\n<p>A equipe de professores do Estrat\u00e9gia Carreira Jur\u00eddica realiza a partir desta segunda-feira, 13 de dezembro, \u00e0s 18:00, a <strong>Retrospectiva de Delegados 2021<\/strong>, que se dar\u00e1 diretamente pelo Sistema de Quest\u00f5es. Acompanhe as corre\u00e7\u00f5es ao vivo e gratuitamente diretamente do canal do Estrat\u00e9gia Carreira Jur\u00eddica no Youtube. <\/p>\n\n\n\n<p>Dada a import\u00e2ncia e a respeitabilidade da atua\u00e7\u00e3o de seus membros, os concursos&nbsp;de <strong>Delegado de Pol\u00edcia <\/strong>s\u00e3o bastante concorridos do pa\u00eds. Por isso, quem sonha em alcan\u00e7ar o cargo deve enfrentar uma bateria de provas, marcadas pelo n\u00edvel elevado de exig\u00eancia, por\u00e9m com peculiaridades e requisitos diferenciados dos demais concursos jur\u00eddicos. <\/p>\n\n\n\n<h3 class=\"wp-block-heading\"><strong><em>Retrospectiva de Delegados 2021 no Sistema de Quest\u00f5es: Cronograma<\/em><\/strong><\/h3>\n\n\n\n<p>O projeto consiste em transmiss\u00f5es ao vivo que ser\u00e3o feitas com os professores para corre\u00e7\u00e3o de algumas provas da \u00e1rea de&nbsp;<em><strong>Delegado<\/strong><\/em>.&nbsp;<\/p>\n\n\n\n<p>Os dias\/hor\u00e1rios das transmiss\u00f5es ao vivo s\u00e3o os seguintes:<\/p>\n\n\n\n<ul class=\"wp-block-list\"><li>Corre\u00e7\u00e3o da \u00faltima prova da&nbsp;<strong>PC PA<\/strong>&nbsp;(Delegado): 13\/12\/2021, \u00e0s 18h.<\/li><li>Corre\u00e7\u00e3o da \u00faltima prova da&nbsp;<strong>PC PR<\/strong>&nbsp;(Delegado): 14\/12\/2021, \u00e0s 18h.<\/li><li>Corre\u00e7\u00e3o da \u00faltima prova da&nbsp;<strong>PC RN<\/strong>&nbsp;(Delegado): 15\/12\/2021, \u00e0s 18h.<\/li><li>Corre\u00e7\u00e3o da \u00faltima prova de&nbsp;<strong>Delegado da PF<\/strong>: 16\/12\/2021, \u00e0s 18h.<\/li><\/ul>\n\n\n\n<h3 class=\"wp-block-heading\"><strong><em>Retrospectiva de Delegados 2021 no Sistema de Quest\u00f5es: Programa\u00e7\u00e3o<\/em><\/strong><\/h3>\n\n\n\n<p>Abaixo as respectivas provas:<\/p>\n\n\n\n<h4 class=\"wp-block-heading\"><strong><span style=\"font-size: revert; color: initial;\">Corre\u00e7\u00e3o da \u00faltima prova da\u00a0<\/span>PC PA<span style=\"font-size: revert; color: initial;\">\u00a0(Delegado): 13\/12\/2021, \u00e0s 18h.<\/span><\/strong><\/h4>\n\n\n\n<figure class=\"wp-block-table is-style-stripes\"><table class=\"has-fixed-layout\"><tbody><tr><td class=\"has-text-align-center\" data-align=\"center\"><strong>Prova: PC-PA<\/strong><\/td><td class=\"has-text-align-center\" data-align=\"center\"><strong>Professor<\/strong><\/td><td class=\"has-text-align-center\" data-align=\"center\"><strong>Quest\u00f5es<\/strong><\/td><\/tr><tr><td class=\"has-text-align-center\" data-align=\"center\">Direito Administrativo<\/td><td class=\"has-text-align-center\" data-align=\"center\">Bruno Betti<\/td><td class=\"has-text-align-center\" data-align=\"center\">10 at\u00e9 a 17<\/td><\/tr><tr><td class=\"has-text-align-center\" data-align=\"center\">Direito Constitucional<\/td><td class=\"has-text-align-center\" data-align=\"center\">Nelma Fontana<\/td><td class=\"has-text-align-center\" data-align=\"center\">18 at\u00e9 25<\/td><\/tr><tr><td class=\"has-text-align-center\" data-align=\"center\">Direito Penal<\/td><td class=\"has-text-align-center\" data-align=\"center\">Waleska Alvarenga<\/td><td class=\"has-text-align-center\" data-align=\"center\">26 at\u00e9 35<\/td><\/tr><tr><td class=\"has-text-align-center\" data-align=\"center\">Direito Processual Penal<\/td><td class=\"has-text-align-center\" data-align=\"center\">Victor do Carmo<\/td><td class=\"has-text-align-center\" data-align=\"center\">36 at\u00e9 45<\/td><\/tr><tr><td class=\"has-text-align-center\" data-align=\"center\">Direito Civil<\/td><td class=\"has-text-align-center\" data-align=\"center\">Paulo Sousa<\/td><td class=\"has-text-align-center\" data-align=\"center\">46 at\u00e9 50<\/td><\/tr><tr><td class=\"has-text-align-center\" data-align=\"center\">Direito Processual Civil<\/td><td class=\"has-text-align-center\" data-align=\"center\">Rodrigo Vaslin<\/td><td class=\"has-text-align-center\" data-align=\"center\">51 at\u00e9 55<\/td><\/tr><tr><td class=\"has-text-align-center\" data-align=\"center\">Direito Ambiental<\/td><td class=\"has-text-align-center\" data-align=\"center\">Thiago Leite<\/td><td class=\"has-text-align-center\" data-align=\"center\">56 at\u00e9 60<\/td><\/tr><tr><td class=\"has-text-align-center\" data-align=\"center\">Direitos Humanos<\/td><td class=\"has-text-align-center\" data-align=\"center\">Rafael Barretto<\/td><td class=\"has-text-align-center\" data-align=\"center\">61 at\u00e9 65<\/td><\/tr><tr><td class=\"has-text-align-center\" data-align=\"center\">Legisla\u00e7\u00e3o Penal Especial<\/td><td class=\"has-text-align-center\" data-align=\"center\">Ivan Marquez.<\/td><td class=\"has-text-align-center\" data-align=\"center\">66 at\u00e9 70<\/td><\/tr><tr><td class=\"has-text-align-center\" data-align=\"center\">Criminologia<\/td><td class=\"has-text-align-center\" data-align=\"center\">Fl\u00e1vio Milhomem<\/td><td class=\"has-text-align-center\" data-align=\"center\">71 at\u00e9 75<\/td><\/tr><tr><td class=\"has-text-align-center\" data-align=\"center\">Medicina legal<\/td><td class=\"has-text-align-center\" data-align=\"center\">Paulo Bilynskyj<\/td><td class=\"has-text-align-center\" data-align=\"center\">76 at\u00e9 80<\/td><\/tr><\/tbody><\/table><\/figure>\n\n\n\n<h4 class=\"wp-block-heading\"> <strong><span style=\"font-size: revert; color: initial;\">Corre\u00e7\u00e3o da \u00faltima prova da\u00a0<\/span>PC PR<span style=\"font-size: revert; color: initial;\">\u00a0(Delegado): 14\/12\/2021, \u00e0s 18h.<\/span><\/strong><\/h4>\n\n\n\n<figure class=\"wp-block-table is-style-stripes\"><table class=\"has-fixed-layout\"><tbody><tr><td class=\"has-text-align-center\" data-align=\"center\"><strong>Prova: PC-PR<\/strong><\/td><td class=\"has-text-align-center\" data-align=\"center\"><strong>Professor<\/strong><\/td><td class=\"has-text-align-center\" data-align=\"center\"><strong>Quest\u00f5es<\/strong><\/td><\/tr><tr><td class=\"has-text-align-center\" data-align=\"center\">Direito Administrativo<\/td><td class=\"has-text-align-center\" data-align=\"center\">Bruno Betti<\/td><td class=\"has-text-align-center\" data-align=\"center\">1 at\u00e9 15<\/td><\/tr><tr><td class=\"has-text-align-center\" data-align=\"center\">Direito Constitucional<\/td><td class=\"has-text-align-center\" data-align=\"center\">Nelma Fontana<\/td><td class=\"has-text-align-center\" data-align=\"center\">16 at\u00e9 30<\/td><\/tr><tr><td class=\"has-text-align-center\" data-align=\"center\">Direito Civil<\/td><td class=\"has-text-align-center\" data-align=\"center\">Paulo Sousa<\/td><td class=\"has-text-align-center\" data-align=\"center\">31 at\u00e9 35<\/td><\/tr><tr><td class=\"has-text-align-center\" data-align=\"center\">Direitos Humanos<\/td><td class=\"has-text-align-center\" data-align=\"center\">Rafael Barretto<\/td><td class=\"has-text-align-center\" data-align=\"center\">36 at\u00e9 40<\/td><\/tr><tr><td class=\"has-text-align-center\" data-align=\"center\">Lei n\u00ba 9.613\/98 \u2013 Lavagem de Dinheiro<\/td><td class=\"has-text-align-center\" data-align=\"center\">Ivan Marques<\/td><td class=\"has-text-align-center\" data-align=\"center\">41<\/td><\/tr><tr><td class=\"has-text-align-center\" data-align=\"center\">Lei n\u00ba 13.869\/19 \u2013 Abuso de Autoridade<\/td><td class=\"has-text-align-center\" data-align=\"center\">Ivan Marques<\/td><td class=\"has-text-align-center\" data-align=\"center\">42<\/td><\/tr><tr><td class=\"has-text-align-center\" data-align=\"center\">Direito processual penal<\/td><td class=\"has-text-align-center\" data-align=\"center\">Victor do Carmo<\/td><td class=\"has-text-align-center\" data-align=\"center\">43,52,56-70<\/td><\/tr><tr><td class=\"has-text-align-center\" data-align=\"center\">Lei n\u00ba 11.343\/06 \u2013 Lei de Drogas<\/td><td class=\"has-text-align-center\" data-align=\"center\">Ivan Marques<\/td><td class=\"has-text-align-center\" data-align=\"center\">44<\/td><\/tr><tr><td class=\"has-text-align-center\" data-align=\"center\">Lei n\u00ba 8.137\/90 \u2013 Crimes contra a Ordem Tribut\u00e1ria, Econ\u00f4mica e Rela\u00e7\u00f5es de Consumo<\/td><td class=\"has-text-align-center\" data-align=\"center\">Ivan Marques<\/td><td class=\"has-text-align-center\" data-align=\"center\">45<\/td><\/tr><tr><td class=\"has-text-align-center\" data-align=\"center\">Lei n\u00ba 12.850\/13 \u2013 Crime Organizado<\/td><td class=\"has-text-align-center\" data-align=\"center\">Ivan Marques<\/td><td class=\"has-text-align-center\" data-align=\"center\">46<\/td><\/tr><tr><td class=\"has-text-align-center\" data-align=\"center\">Lei n\u00ba 9.503\/97 \u2013 C\u00f3digo de Tr\u00e2nsito Brasileiro (Crimes)<\/td><td class=\"has-text-align-center\" data-align=\"center\">Ivan Marques<\/td><td class=\"has-text-align-center\" data-align=\"center\">47<\/td><\/tr><tr><td class=\"has-text-align-center\" data-align=\"center\">Lei n\u00ba 9.296\/96 \u2013 Intercepta\u00e7\u00e3o Telef\u00f4nica<\/td><td class=\"has-text-align-center\" data-align=\"center\">Ivan Marques<\/td><td class=\"has-text-align-center\" data-align=\"center\">48<\/td><\/tr><tr><td class=\"has-text-align-center\" data-align=\"center\">Lei n\u00ba 11.340\/06 \u2013 Viol\u00eancia Dom\u00e9stica e Familiar contra a Mulher (Lei Maria da Penha)<\/td><td class=\"has-text-align-center\" data-align=\"center\">Ivan Marques<\/td><td class=\"has-text-align-center\" data-align=\"center\">49<\/td><\/tr><tr><td class=\"has-text-align-center\" data-align=\"center\">Lei n\u00ba 9.099\/95 \u2013 Juizados Especiais Criminais<\/td><td class=\"has-text-align-center\" data-align=\"center\">Ivan Marques<\/td><td class=\"has-text-align-center\" data-align=\"center\">50<\/td><\/tr><tr><td class=\"has-text-align-center\" data-align=\"center\">Lei n\u00ba 7.960\/89 \u2013 Pris\u00e3o Tempor\u00e1ria<\/td><td class=\"has-text-align-center\" data-align=\"center\">Ivan Marques<\/td><td class=\"has-text-align-center\" data-align=\"center\">51<\/td><\/tr><tr><td class=\"has-text-align-center\" data-align=\"center\">Lei n\u00ba 9.605\/98 \u2013 Lei do Meio Ambiente (Crimes)<\/td><td class=\"has-text-align-center\" data-align=\"center\">Ivan Marques<\/td><td class=\"has-text-align-center\" data-align=\"center\">53<\/td><\/tr><tr><td class=\"has-text-align-center\" data-align=\"center\">Lei n\u00ba 10.826\/03 \u2013 Estatuto do Desarmamento<\/td><td class=\"has-text-align-center\" data-align=\"center\">Ivan Marques<\/td><td class=\"has-text-align-center\" data-align=\"center\">54<\/td><\/tr><tr><td class=\"has-text-align-center\" data-align=\"center\">Lei n\u00ba 7.716\/89 \u2013 Crimes de Preconceito de Ra\u00e7a ou Cor<\/td><td class=\"has-text-align-center\" data-align=\"center\">Ivan Marques<\/td><td class=\"has-text-align-center\" data-align=\"center\">55<\/td><\/tr><tr><td class=\"has-text-align-center\" data-align=\"center\">Direito Penal<\/td><td class=\"has-text-align-center\" data-align=\"center\">Waleska Alvarenga<\/td><td class=\"has-text-align-center\" data-align=\"center\">71-85<\/td><\/tr><tr><td class=\"has-text-align-center\" data-align=\"center\">Criminologia<\/td><td class=\"has-text-align-center\" data-align=\"center\">Fl\u00e1vio Milhomem<\/td><td class=\"has-text-align-center\" data-align=\"center\">86-90<\/td><\/tr><tr><td class=\"has-text-align-center\" data-align=\"center\">Medicina legal<\/td><td class=\"has-text-align-center\" data-align=\"center\">Paulo Bilynskyj<\/td><td class=\"has-text-align-center\" data-align=\"center\">91-95<\/td><\/tr><tr><td class=\"has-text-align-center\" data-align=\"center\">Inform\u00e1tica<\/td><td class=\"has-text-align-center\" data-align=\"center\">Rani Passos<\/td><td class=\"has-text-align-center\" data-align=\"center\">96-100<\/td><\/tr><\/tbody><\/table><\/figure>\n\n\n\n<h4 class=\"wp-block-heading\"><strong>Corre\u00e7\u00e3o da \u00faltima prova da\u00a0PC RN\u00a0(Delegado): 15\/12\/2021, \u00e0s 18h.<\/strong><\/h4>\n\n\n\n<figure class=\"wp-block-table is-style-stripes\"><table class=\"has-fixed-layout\"><tbody><tr><td class=\"has-text-align-center\" data-align=\"center\"><strong>Disciplina<\/strong><\/td><td class=\"has-text-align-center\" data-align=\"center\"><strong>Professor<\/strong><\/td><td class=\"has-text-align-center\" data-align=\"center\"><strong>Quest\u00f5es<\/strong><\/td><\/tr><tr><td class=\"has-text-align-center\" data-align=\"center\">Direito Constitucional<\/td><td class=\"has-text-align-center\" data-align=\"center\">Nelma Fontana<\/td><td class=\"has-text-align-center\" data-align=\"center\">1 at\u00e9 15<\/td><\/tr><tr><td class=\"has-text-align-center\" data-align=\"center\">Direito Penal<\/td><td class=\"has-text-align-center\" data-align=\"center\">Waleska Alvarenga<\/td><td class=\"has-text-align-center\" data-align=\"center\">16 at\u00e9 30<\/td><\/tr><tr><td class=\"has-text-align-center\" data-align=\"center\">Direito Processual Penal<\/td><td class=\"has-text-align-center\" data-align=\"center\">Victor do Carmo<\/td><td class=\"has-text-align-center\" data-align=\"center\">31 at\u00e9 45<\/td><\/tr><tr><td class=\"has-text-align-center\" data-align=\"center\">Legisla\u00e7\u00e3o Penal Especial (extravagante)<\/td><td class=\"has-text-align-center\" data-align=\"center\">Luiz Godoy<\/td><td class=\"has-text-align-center\" data-align=\"center\">46 at\u00e9 60<\/td><\/tr><tr><td class=\"has-text-align-center\" data-align=\"center\">Direito Administrativo<\/td><td class=\"has-text-align-center\" data-align=\"center\">Bruno Betti<\/td><td class=\"has-text-align-center\" data-align=\"center\">61 at\u00e9 75<\/td><\/tr><tr><td class=\"has-text-align-center\" data-align=\"center\">Direito Financeiro<\/td><td class=\"has-text-align-center\" data-align=\"center\">Vanessa Arns<\/td><td class=\"has-text-align-center\" data-align=\"center\">76 at\u00e9 77<\/td><\/tr><tr><td class=\"has-text-align-center\" data-align=\"center\">Direito Tribut\u00e1rio<\/td><td class=\"has-text-align-center\" data-align=\"center\">Vanessa Arns<\/td><td class=\"has-text-align-center\" data-align=\"center\">78 at\u00e9 80<\/td><\/tr><tr><td class=\"has-text-align-center\" data-align=\"center\">Direito Ambiental<\/td><td class=\"has-text-align-center\" data-align=\"center\">Thiago Leite<\/td><td class=\"has-text-align-center\" data-align=\"center\">81 at\u00e9 85<\/td><\/tr><tr><td class=\"has-text-align-center\" data-align=\"center\">Medicina legal<\/td><td class=\"has-text-align-center\" data-align=\"center\">Paulo Bilynskyj<\/td><td class=\"has-text-align-center\" data-align=\"center\">86 at\u00e9 90<\/td><\/tr><tr><td class=\"has-text-align-center\" data-align=\"center\">Criminal\u00edstica<\/td><td class=\"has-text-align-center\" data-align=\"center\">Paulo Bilynskyj<\/td><td class=\"has-text-align-center\" data-align=\"center\">91 at\u00e9 95<\/td><\/tr><tr><td class=\"has-text-align-center\" data-align=\"center\">Criminologia<\/td><td class=\"has-text-align-center\" data-align=\"center\">Fl\u00e1vio Milhomem<\/td><td class=\"has-text-align-center\" data-align=\"center\">96 at\u00e9 100<\/td><\/tr><\/tbody><\/table><\/figure>\n\n\n\n<h4 class=\"wp-block-heading\"><strong style=\"color: revert; font-size: revert;\">Corre\u00e7\u00e3o da \u00faltima prova de\u00a0Delegado da PF: 16\/12\/2021, \u00e0s 18h.<\/strong><\/h4>\n\n\n\n<figure class=\"wp-block-table is-style-stripes\"><table class=\"has-fixed-layout\"><tbody><tr><td class=\"has-text-align-center\" data-align=\"center\"><strong>Prova: PF<\/strong><\/td><td><strong>Professor<\/strong><\/td><\/tr><tr><td class=\"has-text-align-center\" data-align=\"center\">Direito Civil<\/td><td>Paulo Sousa<\/td><\/tr><tr><td class=\"has-text-align-center\" data-align=\"center\">Direito Empresarial<\/td><td>Alessandro Sanchez<\/td><\/tr><tr><td class=\"has-text-align-center\" data-align=\"center\">Direito Processual Civil<\/td><td>Rodrigo Vaslin<\/td><\/tr><tr><td class=\"has-text-align-center\" data-align=\"center\">Legisla\u00e7\u00e3o Federal<\/td><td><strong>n\u00e3o ser\u00e1 comentada<\/strong><\/td><\/tr><tr><td class=\"has-text-align-center\" data-align=\"center\">Direito Internacional<\/td><td>Rafael Dantas<\/td><\/tr><tr><td class=\"has-text-align-center\" data-align=\"center\">Tratados Internacionais<\/td><td>Rafael Dantas<\/td><\/tr><tr><td class=\"has-text-align-center\" data-align=\"center\">Direito Ambiental<\/td><td>Thiago Leite<\/td><\/tr><tr><td class=\"has-text-align-center\" data-align=\"center\">Controle Externo<\/td><td><strong>n\u00e3o ser\u00e1 comentada<\/strong><\/td><\/tr><tr><td class=\"has-text-align-center\" data-align=\"center\">Direito Administrativo<\/td><td>Bruno Betti<\/td><\/tr><tr><td class=\"has-text-align-center\" data-align=\"center\">Direito Penal<\/td><td>Waleska Alvarenga<\/td><\/tr><tr><td class=\"has-text-align-center\" data-align=\"center\">Criminologia<\/td><td>Fl\u00e1vio Milhomem<\/td><\/tr><tr><td class=\"has-text-align-center\" data-align=\"center\">Direito Constitucional<\/td><td>Nelma Fontana<\/td><\/tr><tr><td class=\"has-text-align-center\" data-align=\"center\">Direito Previdenci\u00e1rio<\/td><td>Rafael Dantas<\/td><\/tr><tr><td class=\"has-text-align-center\" data-align=\"center\">Direito Tribut\u00e1rio<\/td><td>Vanessa Arns<\/td><\/tr><\/tbody><\/table><\/figure>\n\n\n\n<p class=\"has-text-align-center has-black-color has-pale-pink-background-color has-text-color has-background\" id=\"block-ffc6f665-cb56-407f-975b-a50bf45b53a9\"><strong>Saiba mais: <\/strong><a href=\"https:\/\/www.estrategiaconcursos.com.br\/blog\/concursos-de-direito\/\" target=\"_blank\" rel=\"noreferrer noopener\">Concursos de Direito<\/a><\/p>\n\n\n\n<h2 class=\"has-text-align-center wp-block-heading\" id=\"cursos-ficha\">Quer estudar para Concursos de Delegado?<\/h2>\n\n\n\n<div class=\"container\" id=\"boxes\">\n  <div class=\"row\">\n\n    <div class=\"col-sm\">\n      <div class=\"banner-ecj\" id=\"box-assinatura\">\n        <h3 class=\"titulo-assinatura\">Curso para Delegado<\/h3>\n        <p class=\"subtitulo-assinatura\">Cursos focados no edital do concurso<\/p>\n        <div class=\"box-botao\">\n          <a class=\"btn-assinatura\" target=\"_blank\" href=\"https:\/\/www.estrategiaconcursos.com.br\/cursosPorConcurso\/delegado-de-policia-cursos-regulares\/\" role=\"button\" rel=\"noopener noreferrer\">Conhe\u00e7a mais<\/a>\n        <\/div>\n      <\/div>\n     \n    <\/div>\n\n  <\/div>\n<\/div>\n\n\n\n<p class=\"has-text-align-center\">O Estrat\u00e9gia Carreira Jur\u00eddica \u00e9 campe\u00e3o de aprova\u00e7\u00f5es nos concursos para Carreiras Jur\u00eddicas com um corpo docente qualificado e materiais completos. Conhe\u00e7a nossos cursos e garanta sua aprova\u00e7\u00e3o:<\/p>\n\n\n\n<div class=\"container\" id=\"boxes\">\n  <div class=\"row\">\n\n    <div class=\"col-sm\">\n      <div class=\"banner-ecj\" id=\"box-assinatura\">\n        <h3 class=\"titulo-assinatura\">Assinatura Jur\u00eddica <\/h3>\n        <p class=\"subtitulo-assinatura\">Conhe\u00e7a os planos<\/p>\n        <div class=\"box-botao\">\n          <a class=\"btn-assinatura\" target=\"_blank\" href=\"https:\/\/www.estrategiaconcursos.com.br\/assinaturas-ecj\/\" role=\"button\" rel=\"noopener noreferrer\">Conhe\u00e7a mais<\/a>\n        <\/div>\n      <\/div>\n    \n    <\/div>\n\n  <\/div>\n<\/div>\n\n\n\n<h2 class=\"has-text-align-center wp-block-heading\" id=\"h-quer-saber-tudo-sobre-concursos-previstos-confira-nossos-artigos\">Quer saber tudo sobre concursos previstos?<br \/>Confira nossos artigos!<\/h2>\n\n\n\n<ul class=\"wp-block-list\"><li><a href=\"https:\/\/www.estrategiaconcursos.com.br\/blog\/concursos-abertos\/\" target=\"_blank\" rel=\"noreferrer noopener\">Concursos abertos<\/a><\/li><li><a href=\"https:\/\/www.estrategiaconcursos.com.br\/blog\/concursos-2021\/\" target=\"_blank\" rel=\"noreferrer noopener\">Concursos 2021<\/a><\/li><li><a href=\"https:\/\/www.estrategiaconcursos.com.br\/blog\/concursos-2022\/\" target=\"_blank\" rel=\"noreferrer noopener\">Concursos 2022<\/a><\/li><\/ul>\n","protected":false},"excerpt":{"rendered":"<p>A equipe de professores do Estrat\u00e9gia Carreira Jur\u00eddica realiza a partir desta segunda-feira, 13 de dezembro, \u00e0s 18:00, a Retrospectiva de Delegados 2021, que se dar\u00e1 diretamente pelo Sistema de Quest\u00f5es. Acompanhe as corre\u00e7\u00f5es ao vivo e gratuitamente diretamente do canal do Estrat\u00e9gia Carreira Jur\u00eddica no Youtube. Dada a import\u00e2ncia e a respeitabilidade da atua\u00e7\u00e3o [&hellip;]<\/p>\n","protected":false},"author":1,"featured_media":928083,"comment_status":"open","ping_status":"closed","sticky":false,"template":"","format":"standard","meta":{"post_tipo":"news","footnotes":""},"categories":[220194],"tags":[],"tax_estado":[219963],"class_list":["post-928075","post","type-post","status-publish","format-standard","has-post-thumbnail","hentry","category-delegado","tax_estado-concursos-federais"],"acf":[],"yoast_head":"<!-- This site is optimized with the Yoast SEO Premium plugin v27.2 (Yoast SEO v27.2) - https:\/\/yoast.com\/product\/yoast-seo-premium-wordpress\/ -->\n<title>Retrospectiva de Delegados 2021 no Sistema de Quest\u00f5es!<\/title>\n<meta name=\"description\" content=\"Confira o evento desta segunda que dar\u00e1 in\u00edcio \u00e0 Retrospectiva de Delegados 2021 pelo Sistema de Quest\u00f5es. Assiste e entenda!\" \/>\n<meta name=\"robots\" content=\"index, follow, max-snippet:-1, max-image-preview:large, max-video-preview:-1\" \/>\n<link rel=\"canonical\" href=\"https:\/\/www.estrategiaconcursos.com.br\/blog\/retrospectiva-de-delegados-2021-sq\/\" \/>\n<meta property=\"og:locale\" content=\"pt_BR\" \/>\n<meta property=\"og:type\" content=\"article\" \/>\n<meta property=\"og:title\" content=\"Retrospectiva de Delegados 2021 no Sistema de Quest\u00f5es!\" \/>\n<meta property=\"og:description\" content=\"Confira o evento desta segunda que dar\u00e1 in\u00edcio \u00e0 Retrospectiva de Delegados 2021 pelo Sistema de Quest\u00f5es. Assiste e entenda!\" \/>\n<meta property=\"og:url\" content=\"https:\/\/www.estrategiaconcursos.com.br\/blog\/retrospectiva-de-delegados-2021-sq\/\" \/>\n<meta property=\"og:site_name\" content=\"Estrat\u00e9gia Concursos\" \/>\n<meta property=\"article:author\" content=\"https:\/\/www.facebook.com\/EstrategiaConcursos\" \/>\n<meta property=\"article:published_time\" content=\"2021-12-13T19:16:00+00:00\" \/>\n<meta property=\"article:modified_time\" content=\"2022-11-18T16:38:07+00:00\" \/>\n<meta property=\"og:image\" content=\"https:\/\/dhg1h5j42swfq.cloudfront.net\/2021\/12\/13131257\/1280-720-max-6-2.jpg\" \/>\n\t<meta property=\"og:image:width\" content=\"1280\" \/>\n\t<meta property=\"og:image:height\" content=\"720\" \/>\n\t<meta property=\"og:image:type\" content=\"image\/jpeg\" \/>\n<meta name=\"author\" content=\"Coordena\u00e7\u00e3o\" \/>\n<meta name=\"twitter:card\" content=\"summary_large_image\" \/>\n<meta name=\"twitter:creator\" content=\"@EstratConcursos\" \/>\n<meta name=\"twitter:site\" content=\"@EstratConcursos\" \/>\n<meta name=\"twitter:label1\" content=\"Escrito por\" \/>\n\t<meta name=\"twitter:data1\" content=\"Coordena\u00e7\u00e3o\" \/>\n\t<meta name=\"twitter:label2\" content=\"Est. tempo de leitura\" \/>\n\t<meta name=\"twitter:data2\" content=\"4 minutos\" \/>\n<script type=\"application\/ld+json\" class=\"yoast-schema-graph\">{\"@context\":\"https:\/\/schema.org\",\"@graph\":[{\"@type\":\"NewsArticle\",\"@id\":\"https:\/\/www.estrategiaconcursos.com.br\/blog\/retrospectiva-de-delegados-2021-sq\/#article\",\"isPartOf\":{\"@id\":\"https:\/\/www.estrategiaconcursos.com.br\/blog\/retrospectiva-de-delegados-2021-sq\/\"},\"author\":{\"name\":\"Coordena\u00e7\u00e3o\",\"@id\":\"https:\/\/www.estrategiaconcursos.com.br\/blog\/#\/schema\/person\/b4a388c97673c5f483d72185668afa1f\"},\"headline\":\"Retrospectiva de Delegados 2021 no Sistema de Quest\u00f5es!\",\"datePublished\":\"2021-12-13T19:16:00+00:00\",\"dateModified\":\"2022-11-18T16:38:07+00:00\",\"mainEntityOfPage\":{\"@id\":\"https:\/\/www.estrategiaconcursos.com.br\/blog\/retrospectiva-de-delegados-2021-sq\/\"},\"wordCount\":732,\"commentCount\":0,\"publisher\":{\"@id\":\"https:\/\/www.estrategiaconcursos.com.br\/blog\/#organization\"},\"image\":{\"@id\":\"https:\/\/www.estrategiaconcursos.com.br\/blog\/retrospectiva-de-delegados-2021-sq\/#primaryimage\"},\"thumbnailUrl\":\"https:\/\/dhg1h5j42swfq.cloudfront.net\/2021\/12\/13131257\/1280-720-max-6-2.jpg\",\"articleSection\":[\"Jur\u00eddico - Delegado\"],\"inLanguage\":\"pt-BR\",\"potentialAction\":[{\"@type\":\"CommentAction\",\"name\":\"Comment\",\"target\":[\"https:\/\/www.estrategiaconcursos.com.br\/blog\/retrospectiva-de-delegados-2021-sq\/#respond\"]}],\"copyrightYear\":\"2021\",\"copyrightHolder\":{\"@id\":\"https:\/\/www.estrategiaconcursos.com.br\/blog\/#organization\"}},{\"@type\":\"WebPage\",\"@id\":\"https:\/\/www.estrategiaconcursos.com.br\/blog\/retrospectiva-de-delegados-2021-sq\/\",\"url\":\"https:\/\/www.estrategiaconcursos.com.br\/blog\/retrospectiva-de-delegados-2021-sq\/\",\"name\":\"Retrospectiva de Delegados 2021 no Sistema de Quest\u00f5es!\",\"isPartOf\":{\"@id\":\"https:\/\/www.estrategiaconcursos.com.br\/blog\/#website\"},\"primaryImageOfPage\":{\"@id\":\"https:\/\/www.estrategiaconcursos.com.br\/blog\/retrospectiva-de-delegados-2021-sq\/#primaryimage\"},\"image\":{\"@id\":\"https:\/\/www.estrategiaconcursos.com.br\/blog\/retrospectiva-de-delegados-2021-sq\/#primaryimage\"},\"thumbnailUrl\":\"https:\/\/dhg1h5j42swfq.cloudfront.net\/2021\/12\/13131257\/1280-720-max-6-2.jpg\",\"datePublished\":\"2021-12-13T19:16:00+00:00\",\"dateModified\":\"2022-11-18T16:38:07+00:00\",\"description\":\"Confira o evento desta segunda que dar\u00e1 in\u00edcio \u00e0 Retrospectiva de Delegados 2021 pelo Sistema de Quest\u00f5es. Assiste e entenda!\",\"breadcrumb\":{\"@id\":\"https:\/\/www.estrategiaconcursos.com.br\/blog\/retrospectiva-de-delegados-2021-sq\/#breadcrumb\"},\"inLanguage\":\"pt-BR\",\"potentialAction\":[{\"@type\":\"ReadAction\",\"target\":[\"https:\/\/www.estrategiaconcursos.com.br\/blog\/retrospectiva-de-delegados-2021-sq\/\"]}]},{\"@type\":\"ImageObject\",\"inLanguage\":\"pt-BR\",\"@id\":\"https:\/\/www.estrategiaconcursos.com.br\/blog\/retrospectiva-de-delegados-2021-sq\/#primaryimage\",\"url\":\"https:\/\/dhg1h5j42swfq.cloudfront.net\/2021\/12\/13131257\/1280-720-max-6-2.jpg\",\"contentUrl\":\"https:\/\/dhg1h5j42swfq.cloudfront.net\/2021\/12\/13131257\/1280-720-max-6-2.jpg\",\"width\":1280,\"height\":720,\"caption\":\"Retrospectiva de Delegados 2021\"},{\"@type\":\"BreadcrumbList\",\"@id\":\"https:\/\/www.estrategiaconcursos.com.br\/blog\/retrospectiva-de-delegados-2021-sq\/#breadcrumb\",\"itemListElement\":[{\"@type\":\"ListItem\",\"position\":1,\"name\":\"In\u00edcio\",\"item\":\"https:\/\/www.estrategiaconcursos.com.br\/blog\/\"},{\"@type\":\"ListItem\",\"position\":2,\"name\":\"Retrospectiva de Delegados 2021 no Sistema de Quest\u00f5es!\"}]},{\"@type\":\"WebSite\",\"@id\":\"https:\/\/www.estrategiaconcursos.com.br\/blog\/#website\",\"url\":\"https:\/\/www.estrategiaconcursos.com.br\/blog\/\",\"name\":\"Estrat\u00e9gia Concursos\",\"description\":\"O blog da Estrat\u00e9gia Concursos traz not\u00edcias sobre concursos e artigos de professores oferecendo cursos para concursos (pdf + videaulas) no site.\",\"publisher\":{\"@id\":\"https:\/\/www.estrategiaconcursos.com.br\/blog\/#organization\"},\"potentialAction\":[{\"@type\":\"SearchAction\",\"target\":{\"@type\":\"EntryPoint\",\"urlTemplate\":\"https:\/\/www.estrategiaconcursos.com.br\/blog\/?s={search_term_string}\"},\"query-input\":{\"@type\":\"PropertyValueSpecification\",\"valueRequired\":true,\"valueName\":\"search_term_string\"}}],\"inLanguage\":\"pt-BR\"},{\"@type\":\"Organization\",\"@id\":\"https:\/\/www.estrategiaconcursos.com.br\/blog\/#organization\",\"name\":\"Estrat\u00e9gia Concursos\",\"url\":\"https:\/\/www.estrategiaconcursos.com.br\/blog\/\",\"logo\":{\"@type\":\"ImageObject\",\"inLanguage\":\"pt-BR\",\"@id\":\"https:\/\/www.estrategiaconcursos.com.br\/blog\/#\/schema\/logo\/image\/\",\"url\":\"https:\/\/dhg1h5j42swfq.cloudfront.net\/2025\/06\/03203428\/logo_concursos-1.jpg\",\"contentUrl\":\"https:\/\/dhg1h5j42swfq.cloudfront.net\/2025\/06\/03203428\/logo_concursos-1.jpg\",\"width\":230,\"height\":60,\"caption\":\"Estrat\u00e9gia Concursos\"},\"image\":{\"@id\":\"https:\/\/www.estrategiaconcursos.com.br\/blog\/#\/schema\/logo\/image\/\"},\"sameAs\":[\"https:\/\/x.com\/EstratConcursos\"]},{\"@type\":\"Person\",\"@id\":\"https:\/\/www.estrategiaconcursos.com.br\/blog\/#\/schema\/person\/b4a388c97673c5f483d72185668afa1f\",\"name\":\"Coordena\u00e7\u00e3o\",\"image\":{\"@type\":\"ImageObject\",\"inLanguage\":\"pt-BR\",\"@id\":\"https:\/\/secure.gravatar.com\/avatar\/b720319e4c9a967eb58678d110f4fe35452fc5d5f97b202bac7b8acceb18c6ad?s=96&d=mm&r=g\",\"url\":\"https:\/\/secure.gravatar.com\/avatar\/b720319e4c9a967eb58678d110f4fe35452fc5d5f97b202bac7b8acceb18c6ad?s=96&d=mm&r=g\",\"contentUrl\":\"https:\/\/secure.gravatar.com\/avatar\/b720319e4c9a967eb58678d110f4fe35452fc5d5f97b202bac7b8acceb18c6ad?s=96&d=mm&r=g\",\"caption\":\"Coordena\u00e7\u00e3o\"},\"sameAs\":[\"https:\/\/www.facebook.com\/EstrategiaConcursos\",\"https:\/\/x.com\/EstratConcursos\"],\"url\":\"https:\/\/www.estrategiaconcursos.com.br\/blog\/author\/estrategia2013\/\"}]}<\/script>\n<!-- \/ Yoast SEO Premium plugin. -->","yoast_head_json":{"title":"Retrospectiva de Delegados 2021 no Sistema de Quest\u00f5es!","description":"Confira o evento desta segunda que dar\u00e1 in\u00edcio \u00e0 Retrospectiva de Delegados 2021 pelo Sistema de Quest\u00f5es. Assiste e entenda!","robots":{"index":"index","follow":"follow","max-snippet":"max-snippet:-1","max-image-preview":"max-image-preview:large","max-video-preview":"max-video-preview:-1"},"canonical":"https:\/\/www.estrategiaconcursos.com.br\/blog\/retrospectiva-de-delegados-2021-sq\/","og_locale":"pt_BR","og_type":"article","og_title":"Retrospectiva de Delegados 2021 no Sistema de Quest\u00f5es!","og_description":"Confira o evento desta segunda que dar\u00e1 in\u00edcio \u00e0 Retrospectiva de Delegados 2021 pelo Sistema de Quest\u00f5es. Assiste e entenda!","og_url":"https:\/\/www.estrategiaconcursos.com.br\/blog\/retrospectiva-de-delegados-2021-sq\/","og_site_name":"Estrat\u00e9gia Concursos","article_author":"https:\/\/www.facebook.com\/EstrategiaConcursos","article_published_time":"2021-12-13T19:16:00+00:00","article_modified_time":"2022-11-18T16:38:07+00:00","og_image":[{"width":1280,"height":720,"url":"https:\/\/dhg1h5j42swfq.cloudfront.net\/2021\/12\/13131257\/1280-720-max-6-2.jpg","type":"image\/jpeg"}],"author":"Coordena\u00e7\u00e3o","twitter_card":"summary_large_image","twitter_creator":"@EstratConcursos","twitter_site":"@EstratConcursos","twitter_misc":{"Escrito por":"Coordena\u00e7\u00e3o","Est. tempo de leitura":"4 minutos"},"schema":{"@context":"https:\/\/schema.org","@graph":[{"@type":"NewsArticle","@id":"https:\/\/www.estrategiaconcursos.com.br\/blog\/retrospectiva-de-delegados-2021-sq\/#article","isPartOf":{"@id":"https:\/\/www.estrategiaconcursos.com.br\/blog\/retrospectiva-de-delegados-2021-sq\/"},"author":{"name":"Coordena\u00e7\u00e3o","@id":"https:\/\/www.estrategiaconcursos.com.br\/blog\/#\/schema\/person\/b4a388c97673c5f483d72185668afa1f"},"headline":"Retrospectiva de Delegados 2021 no Sistema de Quest\u00f5es!","datePublished":"2021-12-13T19:16:00+00:00","dateModified":"2022-11-18T16:38:07+00:00","mainEntityOfPage":{"@id":"https:\/\/www.estrategiaconcursos.com.br\/blog\/retrospectiva-de-delegados-2021-sq\/"},"wordCount":732,"commentCount":0,"publisher":{"@id":"https:\/\/www.estrategiaconcursos.com.br\/blog\/#organization"},"image":{"@id":"https:\/\/www.estrategiaconcursos.com.br\/blog\/retrospectiva-de-delegados-2021-sq\/#primaryimage"},"thumbnailUrl":"https:\/\/dhg1h5j42swfq.cloudfront.net\/2021\/12\/13131257\/1280-720-max-6-2.jpg","articleSection":["Jur\u00eddico - Delegado"],"inLanguage":"pt-BR","potentialAction":[{"@type":"CommentAction","name":"Comment","target":["https:\/\/www.estrategiaconcursos.com.br\/blog\/retrospectiva-de-delegados-2021-sq\/#respond"]}],"copyrightYear":"2021","copyrightHolder":{"@id":"https:\/\/www.estrategiaconcursos.com.br\/blog\/#organization"}},{"@type":"WebPage","@id":"https:\/\/www.estrategiaconcursos.com.br\/blog\/retrospectiva-de-delegados-2021-sq\/","url":"https:\/\/www.estrategiaconcursos.com.br\/blog\/retrospectiva-de-delegados-2021-sq\/","name":"Retrospectiva de Delegados 2021 no Sistema de Quest\u00f5es!","isPartOf":{"@id":"https:\/\/www.estrategiaconcursos.com.br\/blog\/#website"},"primaryImageOfPage":{"@id":"https:\/\/www.estrategiaconcursos.com.br\/blog\/retrospectiva-de-delegados-2021-sq\/#primaryimage"},"image":{"@id":"https:\/\/www.estrategiaconcursos.com.br\/blog\/retrospectiva-de-delegados-2021-sq\/#primaryimage"},"thumbnailUrl":"https:\/\/dhg1h5j42swfq.cloudfront.net\/2021\/12\/13131257\/1280-720-max-6-2.jpg","datePublished":"2021-12-13T19:16:00+00:00","dateModified":"2022-11-18T16:38:07+00:00","description":"Confira o evento desta segunda que dar\u00e1 in\u00edcio \u00e0 Retrospectiva de Delegados 2021 pelo Sistema de Quest\u00f5es. Assiste e entenda!","breadcrumb":{"@id":"https:\/\/www.estrategiaconcursos.com.br\/blog\/retrospectiva-de-delegados-2021-sq\/#breadcrumb"},"inLanguage":"pt-BR","potentialAction":[{"@type":"ReadAction","target":["https:\/\/www.estrategiaconcursos.com.br\/blog\/retrospectiva-de-delegados-2021-sq\/"]}]},{"@type":"ImageObject","inLanguage":"pt-BR","@id":"https:\/\/www.estrategiaconcursos.com.br\/blog\/retrospectiva-de-delegados-2021-sq\/#primaryimage","url":"https:\/\/dhg1h5j42swfq.cloudfront.net\/2021\/12\/13131257\/1280-720-max-6-2.jpg","contentUrl":"https:\/\/dhg1h5j42swfq.cloudfront.net\/2021\/12\/13131257\/1280-720-max-6-2.jpg","width":1280,"height":720,"caption":"Retrospectiva de Delegados 2021"},{"@type":"BreadcrumbList","@id":"https:\/\/www.estrategiaconcursos.com.br\/blog\/retrospectiva-de-delegados-2021-sq\/#breadcrumb","itemListElement":[{"@type":"ListItem","position":1,"name":"In\u00edcio","item":"https:\/\/www.estrategiaconcursos.com.br\/blog\/"},{"@type":"ListItem","position":2,"name":"Retrospectiva de Delegados 2021 no Sistema de Quest\u00f5es!"}]},{"@type":"WebSite","@id":"https:\/\/www.estrategiaconcursos.com.br\/blog\/#website","url":"https:\/\/www.estrategiaconcursos.com.br\/blog\/","name":"Estrat\u00e9gia Concursos","description":"O blog da Estrat\u00e9gia Concursos traz not\u00edcias sobre concursos e artigos de professores oferecendo cursos para concursos (pdf + videaulas) no site.","publisher":{"@id":"https:\/\/www.estrategiaconcursos.com.br\/blog\/#organization"},"potentialAction":[{"@type":"SearchAction","target":{"@type":"EntryPoint","urlTemplate":"https:\/\/www.estrategiaconcursos.com.br\/blog\/?s={search_term_string}"},"query-input":{"@type":"PropertyValueSpecification","valueRequired":true,"valueName":"search_term_string"}}],"inLanguage":"pt-BR"},{"@type":"Organization","@id":"https:\/\/www.estrategiaconcursos.com.br\/blog\/#organization","name":"Estrat\u00e9gia Concursos","url":"https:\/\/www.estrategiaconcursos.com.br\/blog\/","logo":{"@type":"ImageObject","inLanguage":"pt-BR","@id":"https:\/\/www.estrategiaconcursos.com.br\/blog\/#\/schema\/logo\/image\/","url":"https:\/\/dhg1h5j42swfq.cloudfront.net\/2025\/06\/03203428\/logo_concursos-1.jpg","contentUrl":"https:\/\/dhg1h5j42swfq.cloudfront.net\/2025\/06\/03203428\/logo_concursos-1.jpg","width":230,"height":60,"caption":"Estrat\u00e9gia Concursos"},"image":{"@id":"https:\/\/www.estrategiaconcursos.com.br\/blog\/#\/schema\/logo\/image\/"},"sameAs":["https:\/\/x.com\/EstratConcursos"]},{"@type":"Person","@id":"https:\/\/www.estrategiaconcursos.com.br\/blog\/#\/schema\/person\/b4a388c97673c5f483d72185668afa1f","name":"Coordena\u00e7\u00e3o","image":{"@type":"ImageObject","inLanguage":"pt-BR","@id":"https:\/\/secure.gravatar.com\/avatar\/b720319e4c9a967eb58678d110f4fe35452fc5d5f97b202bac7b8acceb18c6ad?s=96&d=mm&r=g","url":"https:\/\/secure.gravatar.com\/avatar\/b720319e4c9a967eb58678d110f4fe35452fc5d5f97b202bac7b8acceb18c6ad?s=96&d=mm&r=g","contentUrl":"https:\/\/secure.gravatar.com\/avatar\/b720319e4c9a967eb58678d110f4fe35452fc5d5f97b202bac7b8acceb18c6ad?s=96&d=mm&r=g","caption":"Coordena\u00e7\u00e3o"},"sameAs":["https:\/\/www.facebook.com\/EstrategiaConcursos","https:\/\/x.com\/EstratConcursos"],"url":"https:\/\/www.estrategiaconcursos.com.br\/blog\/author\/estrategia2013\/"}]}},"_links":{"self":[{"href":"https:\/\/www.estrategiaconcursos.com.br\/blog\/wp-json\/wp\/v2\/posts\/928075","targetHints":{"allow":["GET"]}}],"collection":[{"href":"https:\/\/www.estrategiaconcursos.com.br\/blog\/wp-json\/wp\/v2\/posts"}],"about":[{"href":"https:\/\/www.estrategiaconcursos.com.br\/blog\/wp-json\/wp\/v2\/types\/post"}],"author":[{"embeddable":true,"href":"https:\/\/www.estrategiaconcursos.com.br\/blog\/wp-json\/wp\/v2\/users\/1"}],"replies":[{"embeddable":true,"href":"https:\/\/www.estrategiaconcursos.com.br\/blog\/wp-json\/wp\/v2\/comments?post=928075"}],"version-history":[{"count":19,"href":"https:\/\/www.estrategiaconcursos.com.br\/blog\/wp-json\/wp\/v2\/posts\/928075\/revisions"}],"predecessor-version":[{"id":1126175,"href":"https:\/\/www.estrategiaconcursos.com.br\/blog\/wp-json\/wp\/v2\/posts\/928075\/revisions\/1126175"}],"wp:featuredmedia":[{"embeddable":true,"href":"https:\/\/www.estrategiaconcursos.com.br\/blog\/wp-json\/wp\/v2\/media\/928083"}],"wp:attachment":[{"href":"https:\/\/www.estrategiaconcursos.com.br\/blog\/wp-json\/wp\/v2\/media?parent=928075"}],"wp:term":[{"taxonomy":"category","embeddable":true,"href":"https:\/\/www.estrategiaconcursos.com.br\/blog\/wp-json\/wp\/v2\/categories?post=928075"},{"taxonomy":"post_tag","embeddable":true,"href":"https:\/\/www.estrategiaconcursos.com.br\/blog\/wp-json\/wp\/v2\/tags?post=928075"},{"taxonomy":"tax_estado","embeddable":true,"href":"https:\/\/www.estrategiaconcursos.com.br\/blog\/wp-json\/wp\/v2\/tax_estado?post=928075"}],"curies":[{"name":"wp","href":"https:\/\/api.w.org\/{rel}","templated":true}]}}