{"id":92800,"date":"2017-10-17T17:17:12","date_gmt":"2017-10-17T20:17:12","guid":{"rendered":"https:\/\/www.estrategiaconcursos.com.br\/blog\/?p=92800"},"modified":"2017-10-17T17:24:40","modified_gmt":"2017-10-17T20:24:40","slug":"sancionada-lei-que-cria-cota-para-candidatos-de-baixa-renda-em-concursos-publicos-do-rj","status":"publish","type":"post","link":"https:\/\/www.estrategiaconcursos.com.br\/blog\/sancionada-lei-que-cria-cota-para-candidatos-de-baixa-renda-em-concursos-publicos-do-rj\/","title":{"rendered":"Sancionada Lei que cria cota para candidatos de baixa renda em concursos p\u00fablicos do RJ"},"content":{"rendered":"<p style=\"text-align: justify;\"><span style=\"color: #000000;\">A partir do m\u00eas de novembro de 2017, os Concursos P\u00fablicos realizados no estado do Rio de Janeiro passar\u00e3o a ter <em><strong>cotas para candidatos com baixa renda<\/strong><\/em>. Isso porque foi sancionada nesta ter\u00e7a-feira, 17 de outubro, a lei que cria <em><strong>uma cota de 10% das vagas<\/strong><\/em> para esse p\u00fablico.<\/span><\/p>\n<p style=\"text-align: justify;\"><span style=\"color: #000000;\">A regra vale para quem recebe <em><strong>at\u00e9 meio sal\u00e1rio m\u00ednimo: R$ 468,50<\/strong><\/em>.<\/span><\/p>\n<p style=\"text-align: justify;\"><span style=\"color: #000000;\">O acesso ao benef\u00edcio s\u00f3 ser\u00e1 poss\u00edvel com comprova\u00e7\u00e3o da condi\u00e7\u00e3o financeira do interessado.<\/span><\/p>\n<p style=\"text-align: justify;\"><span style=\"color: #000000;\">De acordo com o texto, a reserva de vagas dever\u00e1 ser feita nos concursos dos \u00f3rg\u00e3os dos poderes Executivo, Legislativo e Judici\u00e1rio.<\/span><\/p>\n<p style=\"text-align: justify;\"><span style=\"color: #000000;\">O Projeto de Lei n\u00ba\u00a01.984\/13 de autoria do deputado Andr\u00e9 Ceciliano (PT), foi aprovado em vota\u00e7\u00e3o na Assembleia Legislativa do Rio de Janeiro ainda no m\u00eas passado.<\/span><\/p>\n<p style=\"text-align: justify;\"><span style=\"color: #000000;\">Aprovada, a lei entra em vigor 30 dias ap\u00f3s a sua san\u00e7\u00e3o. A lei valer\u00e1 por um prazo de 10 anos. O Executivo dever\u00e1 acompanhar e produzir relat\u00f3rios a cada dois anos sobre a lei em vigor.<\/span><\/p>\n<h2>Comente a not\u00edcia<\/h2>\n<p style=\"text-align: justify;\"><span style=\"color: #000000;\"><strong><em>O que voc\u00ea acha desta informa\u00e7\u00e3o?<\/em><\/strong> Comente no final da mat\u00e9ria. Confira nossos cursos para concursos.<\/span><\/p>\n<p style=\"text-align: center;\"><em><strong>Quer come\u00e7ar a se preparar agora mesmo para algum Concurso P\u00fablico? Clique no link abaixo e confira os cursos que o Estrat\u00e9gia Concursos possui para refor\u00e7ar seus estudos.<br \/>\n<\/strong><\/em><\/p>\n<h3 style=\"text-align: center;\"><strong><a href=\"https:\/\/www.estrategiaconcursos.com.br\/cursos\/concurso\" target=\"_blank\" rel=\"noopener\">CURSOS PARA CONCURSOS<\/a><\/strong><\/h3>\n<h2 style=\"text-align: center;\">Fique informado pelo WhatsApp!<\/h2>\n<p style=\"text-align: center;\"><em><strong>Salve o n\u00famero (61) 99876-2981<\/strong>, na sua Agenda de Contatos e nos envie uma mensagem pelo WhatsApp\u00a0<span style=\"color: #ff0000;\"><strong>falando para qual \u00e1rea de concurso voc\u00ea estuda<\/strong><\/span>. N\u00f3s passaremos a te enviar informa\u00e7\u00f5es atualizadas direto no seu celular. <strong>\u00c9 importante que voc\u00ea mantenha o nosso n\u00famero na sua Lista de Contatos do WhatsApp.<\/strong> Somente desta forma voc\u00ea receber\u00e1, via Lista de Transmiss\u00e3o, as informa\u00e7\u00f5es, not\u00edcias, avisos de Aulas Gr\u00e1tis, mensagens de motiva\u00e7\u00e3o dos nossos professores e muito mais. Fique Informado!<\/em><\/p>\n<p><img loading=\"lazy\" decoding=\"async\" class=\"aligncenter size-large wp-image-83542\" src=\"https:\/\/dhg1h5j42swfq.cloudfront.net\/2017\/08\/01145114\/whats-thais-mendes-2.png\" alt=\"\" width=\"1024\" height=\"536\" srcset=\"https:\/\/dhg1h5j42swfq.cloudfront.net\/2017\/08\/01145114\/whats-thais-mendes-2.png 1200w, https:\/\/dhg1h5j42swfq.cloudfront.net\/2017\/08\/01145114\/whats-thais-mendes-2.png 300w, https:\/\/dhg1h5j42swfq.cloudfront.net\/2017\/08\/01145114\/whats-thais-mendes-2.png 768w, https:\/\/dhg1h5j42swfq.cloudfront.net\/2017\/08\/01145114\/whats-thais-mendes-2.png 1024w, https:\/\/dhg1h5j42swfq.cloudfront.net\/2017\/08\/01145114\/whats-thais-mendes-2.png 610w\" sizes=\"auto, (max-width: 1024px) 100vw, 1024px\" \/><\/p>\n","protected":false},"excerpt":{"rendered":"<p>A partir do m\u00eas de novembro de 2017, os Concursos P\u00fablicos realizados no estado do Rio de Janeiro passar\u00e3o a ter cotas para candidatos com baixa renda. Isso porque foi sancionada nesta ter\u00e7a-feira, 17 de outubro, a lei que cria uma cota de 10% das vagas para esse p\u00fablico. A regra vale para quem recebe [&hellip;]<\/p>\n","protected":false},"author":1,"featured_media":92807,"comment_status":"open","ping_status":"open","sticky":false,"template":"","format":"standard","meta":{"post_tipo":"news","footnotes":""},"categories":[1],"tags":[],"tax_estado":[],"class_list":["post-92800","post","type-post","status-publish","format-standard","has-post-thumbnail","hentry","category-cursos-e-concursos"],"acf":[],"yoast_head":"<!-- This site is optimized with the Yoast SEO Premium plugin v27.2 (Yoast SEO v27.2) - https:\/\/yoast.com\/product\/yoast-seo-premium-wordpress\/ -->\n<title>Sancionada Lei que cria cota para candidatos de baixa renda em concursos p\u00fablicos do RJ<\/title>\n<meta name=\"robots\" content=\"index, follow, max-snippet:-1, max-image-preview:large, max-video-preview:-1\" \/>\n<link rel=\"canonical\" href=\"https:\/\/www.estrategiaconcursos.com.br\/blog\/sancionada-lei-que-cria-cota-para-candidatos-de-baixa-renda-em-concursos-publicos-do-rj\/\" \/>\n<meta property=\"og:locale\" content=\"pt_BR\" \/>\n<meta property=\"og:type\" content=\"article\" \/>\n<meta property=\"og:title\" content=\"Sancionada Lei que cria cota para candidatos de baixa renda em concursos p\u00fablicos do RJ\" \/>\n<meta property=\"og:description\" content=\"A partir do m\u00eas de novembro de 2017, os Concursos P\u00fablicos realizados no estado do Rio de Janeiro passar\u00e3o a ter cotas para candidatos com baixa renda. Isso porque foi sancionada nesta ter\u00e7a-feira, 17 de outubro, a lei que cria uma cota de 10% das vagas para esse p\u00fablico. A regra vale para quem recebe [&hellip;]\" \/>\n<meta property=\"og:url\" content=\"https:\/\/www.estrategiaconcursos.com.br\/blog\/sancionada-lei-que-cria-cota-para-candidatos-de-baixa-renda-em-concursos-publicos-do-rj\/\" \/>\n<meta property=\"og:site_name\" content=\"Estrat\u00e9gia Concursos\" \/>\n<meta property=\"article:author\" content=\"https:\/\/www.facebook.com\/EstrategiaConcursos\" \/>\n<meta property=\"article:published_time\" content=\"2017-10-17T20:17:12+00:00\" \/>\n<meta property=\"article:modified_time\" content=\"2017-10-17T20:24:40+00:00\" \/>\n<meta property=\"og:image\" content=\"https:\/\/dhg1h5j42swfq.cloudfront.net\/2017\/10\/17171703\/83919491_meeting.jpg\" \/>\n\t<meta property=\"og:image:width\" content=\"660\" \/>\n\t<meta property=\"og:image:height\" content=\"371\" \/>\n\t<meta property=\"og:image:type\" content=\"image\/jpeg\" \/>\n<meta name=\"author\" content=\"Coordena\u00e7\u00e3o\" \/>\n<meta name=\"twitter:card\" content=\"summary_large_image\" \/>\n<meta name=\"twitter:creator\" content=\"@EstratConcursos\" \/>\n<meta name=\"twitter:site\" content=\"@EstratConcursos\" \/>\n<meta name=\"twitter:label1\" content=\"Escrito por\" \/>\n\t<meta name=\"twitter:data1\" content=\"Coordena\u00e7\u00e3o\" \/>\n\t<meta name=\"twitter:label2\" content=\"Est. tempo de leitura\" \/>\n\t<meta name=\"twitter:data2\" content=\"2 minutos\" \/>\n<script type=\"application\/ld+json\" class=\"yoast-schema-graph\">{\"@context\":\"https:\/\/schema.org\",\"@graph\":[{\"@type\":\"NewsArticle\",\"@id\":\"https:\/\/www.estrategiaconcursos.com.br\/blog\/sancionada-lei-que-cria-cota-para-candidatos-de-baixa-renda-em-concursos-publicos-do-rj\/#article\",\"isPartOf\":{\"@id\":\"https:\/\/www.estrategiaconcursos.com.br\/blog\/sancionada-lei-que-cria-cota-para-candidatos-de-baixa-renda-em-concursos-publicos-do-rj\/\"},\"author\":{\"name\":\"Coordena\u00e7\u00e3o\",\"@id\":\"https:\/\/www.estrategiaconcursos.com.br\/blog\/#\/schema\/person\/b4a388c97673c5f483d72185668afa1f\"},\"headline\":\"Sancionada Lei que cria cota para candidatos de baixa renda em concursos p\u00fablicos do RJ\",\"datePublished\":\"2017-10-17T20:17:12+00:00\",\"dateModified\":\"2017-10-17T20:24:40+00:00\",\"mainEntityOfPage\":{\"@id\":\"https:\/\/www.estrategiaconcursos.com.br\/blog\/sancionada-lei-que-cria-cota-para-candidatos-de-baixa-renda-em-concursos-publicos-do-rj\/\"},\"wordCount\":335,\"commentCount\":2,\"publisher\":{\"@id\":\"https:\/\/www.estrategiaconcursos.com.br\/blog\/#organization\"},\"image\":{\"@id\":\"https:\/\/www.estrategiaconcursos.com.br\/blog\/sancionada-lei-que-cria-cota-para-candidatos-de-baixa-renda-em-concursos-publicos-do-rj\/#primaryimage\"},\"thumbnailUrl\":\"https:\/\/dhg1h5j42swfq.cloudfront.net\/2017\/10\/17171703\/83919491_meeting.jpg\",\"articleSection\":[\"Concursos P\u00fablicos\"],\"inLanguage\":\"pt-BR\",\"potentialAction\":[{\"@type\":\"CommentAction\",\"name\":\"Comment\",\"target\":[\"https:\/\/www.estrategiaconcursos.com.br\/blog\/sancionada-lei-que-cria-cota-para-candidatos-de-baixa-renda-em-concursos-publicos-do-rj\/#respond\"]}],\"copyrightYear\":\"2017\",\"copyrightHolder\":{\"@id\":\"https:\/\/www.estrategiaconcursos.com.br\/blog\/#organization\"}},{\"@type\":\"WebPage\",\"@id\":\"https:\/\/www.estrategiaconcursos.com.br\/blog\/sancionada-lei-que-cria-cota-para-candidatos-de-baixa-renda-em-concursos-publicos-do-rj\/\",\"url\":\"https:\/\/www.estrategiaconcursos.com.br\/blog\/sancionada-lei-que-cria-cota-para-candidatos-de-baixa-renda-em-concursos-publicos-do-rj\/\",\"name\":\"Sancionada Lei que cria cota para candidatos de baixa renda em concursos p\u00fablicos do RJ\",\"isPartOf\":{\"@id\":\"https:\/\/www.estrategiaconcursos.com.br\/blog\/#website\"},\"primaryImageOfPage\":{\"@id\":\"https:\/\/www.estrategiaconcursos.com.br\/blog\/sancionada-lei-que-cria-cota-para-candidatos-de-baixa-renda-em-concursos-publicos-do-rj\/#primaryimage\"},\"image\":{\"@id\":\"https:\/\/www.estrategiaconcursos.com.br\/blog\/sancionada-lei-que-cria-cota-para-candidatos-de-baixa-renda-em-concursos-publicos-do-rj\/#primaryimage\"},\"thumbnailUrl\":\"https:\/\/dhg1h5j42swfq.cloudfront.net\/2017\/10\/17171703\/83919491_meeting.jpg\",\"datePublished\":\"2017-10-17T20:17:12+00:00\",\"dateModified\":\"2017-10-17T20:24:40+00:00\",\"breadcrumb\":{\"@id\":\"https:\/\/www.estrategiaconcursos.com.br\/blog\/sancionada-lei-que-cria-cota-para-candidatos-de-baixa-renda-em-concursos-publicos-do-rj\/#breadcrumb\"},\"inLanguage\":\"pt-BR\",\"potentialAction\":[{\"@type\":\"ReadAction\",\"target\":[\"https:\/\/www.estrategiaconcursos.com.br\/blog\/sancionada-lei-que-cria-cota-para-candidatos-de-baixa-renda-em-concursos-publicos-do-rj\/\"]}]},{\"@type\":\"ImageObject\",\"inLanguage\":\"pt-BR\",\"@id\":\"https:\/\/www.estrategiaconcursos.com.br\/blog\/sancionada-lei-que-cria-cota-para-candidatos-de-baixa-renda-em-concursos-publicos-do-rj\/#primaryimage\",\"url\":\"https:\/\/dhg1h5j42swfq.cloudfront.net\/2017\/10\/17171703\/83919491_meeting.jpg\",\"contentUrl\":\"https:\/\/dhg1h5j42swfq.cloudfront.net\/2017\/10\/17171703\/83919491_meeting.jpg\",\"width\":660,\"height\":371,\"caption\":\"concurso publico\"},{\"@type\":\"BreadcrumbList\",\"@id\":\"https:\/\/www.estrategiaconcursos.com.br\/blog\/sancionada-lei-que-cria-cota-para-candidatos-de-baixa-renda-em-concursos-publicos-do-rj\/#breadcrumb\",\"itemListElement\":[{\"@type\":\"ListItem\",\"position\":1,\"name\":\"In\u00edcio\",\"item\":\"https:\/\/www.estrategiaconcursos.com.br\/blog\/\"},{\"@type\":\"ListItem\",\"position\":2,\"name\":\"Sancionada Lei que cria cota para candidatos de baixa renda em concursos p\u00fablicos do RJ\"}]},{\"@type\":\"WebSite\",\"@id\":\"https:\/\/www.estrategiaconcursos.com.br\/blog\/#website\",\"url\":\"https:\/\/www.estrategiaconcursos.com.br\/blog\/\",\"name\":\"Estrat\u00e9gia Concursos\",\"description\":\"O blog da Estrat\u00e9gia Concursos traz not\u00edcias sobre concursos e artigos de professores oferecendo cursos para concursos (pdf + videaulas) no site.\",\"publisher\":{\"@id\":\"https:\/\/www.estrategiaconcursos.com.br\/blog\/#organization\"},\"potentialAction\":[{\"@type\":\"SearchAction\",\"target\":{\"@type\":\"EntryPoint\",\"urlTemplate\":\"https:\/\/www.estrategiaconcursos.com.br\/blog\/?s={search_term_string}\"},\"query-input\":{\"@type\":\"PropertyValueSpecification\",\"valueRequired\":true,\"valueName\":\"search_term_string\"}}],\"inLanguage\":\"pt-BR\"},{\"@type\":\"Organization\",\"@id\":\"https:\/\/www.estrategiaconcursos.com.br\/blog\/#organization\",\"name\":\"Estrat\u00e9gia Concursos\",\"url\":\"https:\/\/www.estrategiaconcursos.com.br\/blog\/\",\"logo\":{\"@type\":\"ImageObject\",\"inLanguage\":\"pt-BR\",\"@id\":\"https:\/\/www.estrategiaconcursos.com.br\/blog\/#\/schema\/logo\/image\/\",\"url\":\"https:\/\/dhg1h5j42swfq.cloudfront.net\/2025\/06\/03203428\/logo_concursos-1.jpg\",\"contentUrl\":\"https:\/\/dhg1h5j42swfq.cloudfront.net\/2025\/06\/03203428\/logo_concursos-1.jpg\",\"width\":230,\"height\":60,\"caption\":\"Estrat\u00e9gia Concursos\"},\"image\":{\"@id\":\"https:\/\/www.estrategiaconcursos.com.br\/blog\/#\/schema\/logo\/image\/\"},\"sameAs\":[\"https:\/\/x.com\/EstratConcursos\"]},{\"@type\":\"Person\",\"@id\":\"https:\/\/www.estrategiaconcursos.com.br\/blog\/#\/schema\/person\/b4a388c97673c5f483d72185668afa1f\",\"name\":\"Coordena\u00e7\u00e3o\",\"image\":{\"@type\":\"ImageObject\",\"inLanguage\":\"pt-BR\",\"@id\":\"https:\/\/secure.gravatar.com\/avatar\/b720319e4c9a967eb58678d110f4fe35452fc5d5f97b202bac7b8acceb18c6ad?s=96&d=mm&r=g\",\"url\":\"https:\/\/secure.gravatar.com\/avatar\/b720319e4c9a967eb58678d110f4fe35452fc5d5f97b202bac7b8acceb18c6ad?s=96&d=mm&r=g\",\"contentUrl\":\"https:\/\/secure.gravatar.com\/avatar\/b720319e4c9a967eb58678d110f4fe35452fc5d5f97b202bac7b8acceb18c6ad?s=96&d=mm&r=g\",\"caption\":\"Coordena\u00e7\u00e3o\"},\"sameAs\":[\"https:\/\/www.facebook.com\/EstrategiaConcursos\",\"https:\/\/x.com\/EstratConcursos\"],\"url\":\"https:\/\/www.estrategiaconcursos.com.br\/blog\/author\/estrategia2013\/\"}]}<\/script>\n<!-- \/ Yoast SEO Premium plugin. -->","yoast_head_json":{"title":"Sancionada Lei que cria cota para candidatos de baixa renda em concursos p\u00fablicos do RJ","robots":{"index":"index","follow":"follow","max-snippet":"max-snippet:-1","max-image-preview":"max-image-preview:large","max-video-preview":"max-video-preview:-1"},"canonical":"https:\/\/www.estrategiaconcursos.com.br\/blog\/sancionada-lei-que-cria-cota-para-candidatos-de-baixa-renda-em-concursos-publicos-do-rj\/","og_locale":"pt_BR","og_type":"article","og_title":"Sancionada Lei que cria cota para candidatos de baixa renda em concursos p\u00fablicos do RJ","og_description":"A partir do m\u00eas de novembro de 2017, os Concursos P\u00fablicos realizados no estado do Rio de Janeiro passar\u00e3o a ter cotas para candidatos com baixa renda. Isso porque foi sancionada nesta ter\u00e7a-feira, 17 de outubro, a lei que cria uma cota de 10% das vagas para esse p\u00fablico. A regra vale para quem recebe [&hellip;]","og_url":"https:\/\/www.estrategiaconcursos.com.br\/blog\/sancionada-lei-que-cria-cota-para-candidatos-de-baixa-renda-em-concursos-publicos-do-rj\/","og_site_name":"Estrat\u00e9gia Concursos","article_author":"https:\/\/www.facebook.com\/EstrategiaConcursos","article_published_time":"2017-10-17T20:17:12+00:00","article_modified_time":"2017-10-17T20:24:40+00:00","og_image":[{"width":660,"height":371,"url":"https:\/\/dhg1h5j42swfq.cloudfront.net\/2017\/10\/17171703\/83919491_meeting.jpg","type":"image\/jpeg"}],"author":"Coordena\u00e7\u00e3o","twitter_card":"summary_large_image","twitter_creator":"@EstratConcursos","twitter_site":"@EstratConcursos","twitter_misc":{"Escrito por":"Coordena\u00e7\u00e3o","Est. tempo de leitura":"2 minutos"},"schema":{"@context":"https:\/\/schema.org","@graph":[{"@type":"NewsArticle","@id":"https:\/\/www.estrategiaconcursos.com.br\/blog\/sancionada-lei-que-cria-cota-para-candidatos-de-baixa-renda-em-concursos-publicos-do-rj\/#article","isPartOf":{"@id":"https:\/\/www.estrategiaconcursos.com.br\/blog\/sancionada-lei-que-cria-cota-para-candidatos-de-baixa-renda-em-concursos-publicos-do-rj\/"},"author":{"name":"Coordena\u00e7\u00e3o","@id":"https:\/\/www.estrategiaconcursos.com.br\/blog\/#\/schema\/person\/b4a388c97673c5f483d72185668afa1f"},"headline":"Sancionada Lei que cria cota para candidatos de baixa renda em concursos p\u00fablicos do RJ","datePublished":"2017-10-17T20:17:12+00:00","dateModified":"2017-10-17T20:24:40+00:00","mainEntityOfPage":{"@id":"https:\/\/www.estrategiaconcursos.com.br\/blog\/sancionada-lei-que-cria-cota-para-candidatos-de-baixa-renda-em-concursos-publicos-do-rj\/"},"wordCount":335,"commentCount":2,"publisher":{"@id":"https:\/\/www.estrategiaconcursos.com.br\/blog\/#organization"},"image":{"@id":"https:\/\/www.estrategiaconcursos.com.br\/blog\/sancionada-lei-que-cria-cota-para-candidatos-de-baixa-renda-em-concursos-publicos-do-rj\/#primaryimage"},"thumbnailUrl":"https:\/\/dhg1h5j42swfq.cloudfront.net\/2017\/10\/17171703\/83919491_meeting.jpg","articleSection":["Concursos P\u00fablicos"],"inLanguage":"pt-BR","potentialAction":[{"@type":"CommentAction","name":"Comment","target":["https:\/\/www.estrategiaconcursos.com.br\/blog\/sancionada-lei-que-cria-cota-para-candidatos-de-baixa-renda-em-concursos-publicos-do-rj\/#respond"]}],"copyrightYear":"2017","copyrightHolder":{"@id":"https:\/\/www.estrategiaconcursos.com.br\/blog\/#organization"}},{"@type":"WebPage","@id":"https:\/\/www.estrategiaconcursos.com.br\/blog\/sancionada-lei-que-cria-cota-para-candidatos-de-baixa-renda-em-concursos-publicos-do-rj\/","url":"https:\/\/www.estrategiaconcursos.com.br\/blog\/sancionada-lei-que-cria-cota-para-candidatos-de-baixa-renda-em-concursos-publicos-do-rj\/","name":"Sancionada Lei que cria cota para candidatos de baixa renda em concursos p\u00fablicos do RJ","isPartOf":{"@id":"https:\/\/www.estrategiaconcursos.com.br\/blog\/#website"},"primaryImageOfPage":{"@id":"https:\/\/www.estrategiaconcursos.com.br\/blog\/sancionada-lei-que-cria-cota-para-candidatos-de-baixa-renda-em-concursos-publicos-do-rj\/#primaryimage"},"image":{"@id":"https:\/\/www.estrategiaconcursos.com.br\/blog\/sancionada-lei-que-cria-cota-para-candidatos-de-baixa-renda-em-concursos-publicos-do-rj\/#primaryimage"},"thumbnailUrl":"https:\/\/dhg1h5j42swfq.cloudfront.net\/2017\/10\/17171703\/83919491_meeting.jpg","datePublished":"2017-10-17T20:17:12+00:00","dateModified":"2017-10-17T20:24:40+00:00","breadcrumb":{"@id":"https:\/\/www.estrategiaconcursos.com.br\/blog\/sancionada-lei-que-cria-cota-para-candidatos-de-baixa-renda-em-concursos-publicos-do-rj\/#breadcrumb"},"inLanguage":"pt-BR","potentialAction":[{"@type":"ReadAction","target":["https:\/\/www.estrategiaconcursos.com.br\/blog\/sancionada-lei-que-cria-cota-para-candidatos-de-baixa-renda-em-concursos-publicos-do-rj\/"]}]},{"@type":"ImageObject","inLanguage":"pt-BR","@id":"https:\/\/www.estrategiaconcursos.com.br\/blog\/sancionada-lei-que-cria-cota-para-candidatos-de-baixa-renda-em-concursos-publicos-do-rj\/#primaryimage","url":"https:\/\/dhg1h5j42swfq.cloudfront.net\/2017\/10\/17171703\/83919491_meeting.jpg","contentUrl":"https:\/\/dhg1h5j42swfq.cloudfront.net\/2017\/10\/17171703\/83919491_meeting.jpg","width":660,"height":371,"caption":"concurso publico"},{"@type":"BreadcrumbList","@id":"https:\/\/www.estrategiaconcursos.com.br\/blog\/sancionada-lei-que-cria-cota-para-candidatos-de-baixa-renda-em-concursos-publicos-do-rj\/#breadcrumb","itemListElement":[{"@type":"ListItem","position":1,"name":"In\u00edcio","item":"https:\/\/www.estrategiaconcursos.com.br\/blog\/"},{"@type":"ListItem","position":2,"name":"Sancionada Lei que cria cota para candidatos de baixa renda em concursos p\u00fablicos do RJ"}]},{"@type":"WebSite","@id":"https:\/\/www.estrategiaconcursos.com.br\/blog\/#website","url":"https:\/\/www.estrategiaconcursos.com.br\/blog\/","name":"Estrat\u00e9gia Concursos","description":"O blog da Estrat\u00e9gia Concursos traz not\u00edcias sobre concursos e artigos de professores oferecendo cursos para concursos (pdf + videaulas) no site.","publisher":{"@id":"https:\/\/www.estrategiaconcursos.com.br\/blog\/#organization"},"potentialAction":[{"@type":"SearchAction","target":{"@type":"EntryPoint","urlTemplate":"https:\/\/www.estrategiaconcursos.com.br\/blog\/?s={search_term_string}"},"query-input":{"@type":"PropertyValueSpecification","valueRequired":true,"valueName":"search_term_string"}}],"inLanguage":"pt-BR"},{"@type":"Organization","@id":"https:\/\/www.estrategiaconcursos.com.br\/blog\/#organization","name":"Estrat\u00e9gia Concursos","url":"https:\/\/www.estrategiaconcursos.com.br\/blog\/","logo":{"@type":"ImageObject","inLanguage":"pt-BR","@id":"https:\/\/www.estrategiaconcursos.com.br\/blog\/#\/schema\/logo\/image\/","url":"https:\/\/dhg1h5j42swfq.cloudfront.net\/2025\/06\/03203428\/logo_concursos-1.jpg","contentUrl":"https:\/\/dhg1h5j42swfq.cloudfront.net\/2025\/06\/03203428\/logo_concursos-1.jpg","width":230,"height":60,"caption":"Estrat\u00e9gia Concursos"},"image":{"@id":"https:\/\/www.estrategiaconcursos.com.br\/blog\/#\/schema\/logo\/image\/"},"sameAs":["https:\/\/x.com\/EstratConcursos"]},{"@type":"Person","@id":"https:\/\/www.estrategiaconcursos.com.br\/blog\/#\/schema\/person\/b4a388c97673c5f483d72185668afa1f","name":"Coordena\u00e7\u00e3o","image":{"@type":"ImageObject","inLanguage":"pt-BR","@id":"https:\/\/secure.gravatar.com\/avatar\/b720319e4c9a967eb58678d110f4fe35452fc5d5f97b202bac7b8acceb18c6ad?s=96&d=mm&r=g","url":"https:\/\/secure.gravatar.com\/avatar\/b720319e4c9a967eb58678d110f4fe35452fc5d5f97b202bac7b8acceb18c6ad?s=96&d=mm&r=g","contentUrl":"https:\/\/secure.gravatar.com\/avatar\/b720319e4c9a967eb58678d110f4fe35452fc5d5f97b202bac7b8acceb18c6ad?s=96&d=mm&r=g","caption":"Coordena\u00e7\u00e3o"},"sameAs":["https:\/\/www.facebook.com\/EstrategiaConcursos","https:\/\/x.com\/EstratConcursos"],"url":"https:\/\/www.estrategiaconcursos.com.br\/blog\/author\/estrategia2013\/"}]}},"_links":{"self":[{"href":"https:\/\/www.estrategiaconcursos.com.br\/blog\/wp-json\/wp\/v2\/posts\/92800","targetHints":{"allow":["GET"]}}],"collection":[{"href":"https:\/\/www.estrategiaconcursos.com.br\/blog\/wp-json\/wp\/v2\/posts"}],"about":[{"href":"https:\/\/www.estrategiaconcursos.com.br\/blog\/wp-json\/wp\/v2\/types\/post"}],"author":[{"embeddable":true,"href":"https:\/\/www.estrategiaconcursos.com.br\/blog\/wp-json\/wp\/v2\/users\/1"}],"replies":[{"embeddable":true,"href":"https:\/\/www.estrategiaconcursos.com.br\/blog\/wp-json\/wp\/v2\/comments?post=92800"}],"version-history":[{"count":14,"href":"https:\/\/www.estrategiaconcursos.com.br\/blog\/wp-json\/wp\/v2\/posts\/92800\/revisions"}],"predecessor-version":[{"id":92816,"href":"https:\/\/www.estrategiaconcursos.com.br\/blog\/wp-json\/wp\/v2\/posts\/92800\/revisions\/92816"}],"wp:featuredmedia":[{"embeddable":true,"href":"https:\/\/www.estrategiaconcursos.com.br\/blog\/wp-json\/wp\/v2\/media\/92807"}],"wp:attachment":[{"href":"https:\/\/www.estrategiaconcursos.com.br\/blog\/wp-json\/wp\/v2\/media?parent=92800"}],"wp:term":[{"taxonomy":"category","embeddable":true,"href":"https:\/\/www.estrategiaconcursos.com.br\/blog\/wp-json\/wp\/v2\/categories?post=92800"},{"taxonomy":"post_tag","embeddable":true,"href":"https:\/\/www.estrategiaconcursos.com.br\/blog\/wp-json\/wp\/v2\/tags?post=92800"},{"taxonomy":"tax_estado","embeddable":true,"href":"https:\/\/www.estrategiaconcursos.com.br\/blog\/wp-json\/wp\/v2\/tax_estado?post=92800"}],"curies":[{"name":"wp","href":"https:\/\/api.w.org\/{rel}","templated":true}]}}