{"id":926618,"date":"2021-12-10T12:18:03","date_gmt":"2021-12-10T15:18:03","guid":{"rendered":"https:\/\/www.estrategiaconcursos.com.br\/blog\/?p=926618"},"modified":"2021-12-10T13:29:54","modified_gmt":"2021-12-10T16:29:54","slug":"manausprev-prova-comentada-tecnico-administrativo","status":"publish","type":"post","link":"https:\/\/www.estrategiaconcursos.com.br\/blog\/manausprev-prova-comentada-tecnico-administrativo\/","title":{"rendered":"Manausprev &#8211; Prova comentada T\u00e9cnico Administrativo"},"content":{"rendered":"\n<p>Ol\u00e1, concurseiro, eu sou a professora Adriana Menezes!<\/p>\n\n\n\n<p>Trouxe para voc\u00eas a resolu\u00e7\u00e3o das quest\u00f5es de<strong> No\u00e7\u00f5es de<\/strong> <strong>Direito Previdenci\u00e1rio<\/strong> da prova do<strong> <a href=\"https:\/\/www.estrategiaconcursos.com.br\/blog\/concurso-manausprev\/\" target=\"_blank\" rel=\"noreferrer noopener\">concurso Manausprev<\/a><\/strong>, realizada no dia 05 de dezembro, para o cargo de <strong>T\u00e9cnico<\/strong>.<\/p>\n\n\n\n<div class=\"wp-block-image\"><figure class=\"aligncenter size-large is-resized\"><img loading=\"lazy\" decoding=\"async\" src=\"https:\/\/dhg1h5j42swfq.cloudfront.net\/2020\/09\/18141901\/Coruja_Concursos%404x-506x1024.png\" alt=\"Manausprev - Prova comentada T\u00e9cnico Administrativo\" class=\"wp-image-574355\" width=\"38\" height=\"77\" srcset=\"https:\/\/dhg1h5j42swfq.cloudfront.net\/2020\/09\/18141901\/Coruja_Concursos%404x-506x1024.png 506w, https:\/\/dhg1h5j42swfq.cloudfront.net\/2020\/09\/18141901\/Coruja_Concursos%404x-148x300.png 148w, https:\/\/dhg1h5j42swfq.cloudfront.net\/2020\/09\/18141901\/Coruja_Concursos%404x-610x1236.png 610w, https:\/\/dhg1h5j42swfq.cloudfront.net\/2020\/09\/18141901\/Coruja_Concursos%404x.png 745w\" sizes=\"auto, (max-width: 38px) 100vw, 38px\" \/><\/figure><\/div>\n\n\n\n<p><strong>1 &#8211; (FCC \u2013 MANAUSPREV &#8211; 2021) Conforme norma prevista na Constitui\u00e7\u00e3o Federal, o servidor abrangido pelo Regime Pr\u00f3prio de Previd\u00eancia Social ser\u00e1 aposentado, no \u00e2mbito da Uni\u00e3o, aos <\/strong><\/p>\n\n\n\n<p>(A) sessenta e dois anos de idade, se mulher, e aos sessenta e cinco anos de idade, se homem.<br \/>(B) sessenta e cinco anos de idade, se mulher, e aos setenta anos de idade, se homem.<br \/>(C) cinquenta e cinco anos de idade, se mulher, e aos sessenta anos de idade, se homem.<br \/>(D) sessenta e tr\u00eas anos de idade, se mulher, e aos sessenta e cinco anos de idade, se homem.<br \/>(E) sessenta anos de idade, se mulher, e aos sessenta e cinco anos de idade, se homem.<\/p>\n\n\n\n<p><strong>Coment\u00e1rios: Alternativa \u201ca\u201d: <\/strong>correta. O art. 40, \u00a71\u00ba, inciso III, disp\u00f5e sobre a idade da aposentadoria volunt\u00e1ria dos servidores da Uni\u00e3o. <\/p>\n\n\n\n<blockquote class=\"wp-block-quote is-layout-flow wp-block-quote-is-layout-flow\"><p><em>Art. 40.<br \/>\u00a71\u00baO servidor abrangido por regime pr\u00f3prio de previd\u00eancia social ser\u00e1 aposentado:<br \/>\u2026<br \/>III &#8211; no \u00e2mbito da Uni\u00e3o, aos 62 (sessenta e dois) anos de idade, se mulher, e aos 65 (sessenta e cinco) anos de idade, se homem, e, no \u00e2mbito dos Estados, do Distrito Federal e dos Munic\u00edpios, na idade m\u00ednima estabelecida mediante emenda \u00e0s respectivas Constitui\u00e7\u00f5es e Leis Org\u00e2nicas, observados o tempo de contribui\u00e7\u00e3o e os demais requisitos estabelecidos em lei complementar do respectivo ente federativo.<\/em><\/p><\/blockquote>\n\n\n\n<p>Veja que o examinador trouxe exatamente o que disp\u00f5e o artigo da Constitui\u00e7\u00e3o Federal, sem maiores embara\u00e7os. <strong>Alternativa correta: \u201ca\u201d.<\/strong><\/p>\n\n\n\n<hr class=\"wp-block-separator\"\/>\n\n\n\n<p><strong>2 &#8211; (FCC \u2013 MANAUSPREV &#8211; 2021) De acordo com a Constitui\u00e7\u00e3o Federal, s\u00e3o abrangidos pelo Regime Pr\u00f3prio de Previd\u00eancia Social (RPPS) os<\/strong> <\/p>\n\n\n\n<p>(A) detentores de mandato eletivo.<br \/>(B) servidores titulares de cargos efetivos.<br \/>(C) ocupantes de cargos em comiss\u00e3o que n\u00e3o exer\u00e7am cargo efetivo.<br \/>(D) contratados temporariamente.<br \/>(E) empregados p\u00fablicos celetistas. <\/p>\n\n\n\n<p><strong>Coment\u00e1rios:<\/strong> \u00c9 certo que o regime pr\u00f3prio de previd\u00eancia social ampara servidores p\u00fablicos titulares de cargos<br \/>efetivos.<\/p>\n\n\n\n<blockquote class=\"wp-block-quote is-layout-flow wp-block-quote-is-layout-flow\"><p><em>CF<br \/>Art. 40. O regime pr\u00f3prio de previd\u00eancia social dos servidores titulares de cargos efetivos ter\u00e1 car\u00e1ter contributivo e solid\u00e1rio, mediante contribui\u00e7\u00e3o do respectivo ente federativo, de servidores ativos, de aposentados e de pensionistas, observados crit\u00e9rios que preservem o equil\u00edbrio financeiro e atuarial <\/em><\/p><\/blockquote>\n\n\n\n<p><strong>Alternativa \u201ca\u201d: <\/strong>incorreta. Os detentores de cargo eletivo, desde que n\u00e3o vinculados a regime pr\u00f3prio de previd\u00eancia social, s\u00e3o segurados obrigat\u00f3rios do RGPS, na categoria de empregados.<\/p>\n\n\n\n<blockquote class=\"wp-block-quote is-layout-flow wp-block-quote-is-layout-flow\"><p><em>CF<br \/>Art. 40.<br \/>\u2026<br \/>\u00a7 13. Aplica-se ao agente p\u00fablico ocupante, exclusivamente, de cargo em comiss\u00e3o declarado em lei de livre nomea\u00e7\u00e3o e exonera\u00e7\u00e3o, de outro cargo tempor\u00e1rio, inclusive mandato eletivo, ou de emprego p\u00fablico, o Regime Geral de Previd\u00eancia Social.<\/em><\/p><\/blockquote>\n\n\n\n<p><strong>Alternativa \u201cb\u201d:<\/strong> correta. O art. 40, caput, da Constitui\u00e7\u00e3o Federal \u00e9 claro ao dispor que o regime pr\u00f3prio de previd\u00eancia social dos servidores titulares de cargos efetivos\u2026<\/p>\n\n\n\n<p><strong>Alternativa \u201cc\u201d: <\/strong>incorreta. Os servidores que ocupam exclusivamente cargo em comiss\u00e3o s\u00e3o segurados obrigat\u00f3rios do<strong> <\/strong>RGPS.<\/p>\n\n\n\n<blockquote class=\"wp-block-quote is-layout-flow wp-block-quote-is-layout-flow\"><p><em>CF<br \/>Art. 40.<br \/>\u2026<br \/>\u00a7 13. Aplica-se ao agente p\u00fablico ocupante, exclusivamente, de cargo em comiss\u00e3o declarado em lei de livre nomea\u00e7\u00e3o e exonera\u00e7\u00e3o, de outro cargo tempor\u00e1rio, inclusive mandato eletivo, ou de emprego p\u00fablico, o Regime Geral de Previd\u00eancia Social.<\/em><\/p><\/blockquote>\n\n\n\n<p><strong>Alternativa \u201cd\u201d:<\/strong> incorreta. Os servidores contratados temporariamente s\u00e3o amparados pelo RGPS.<\/p>\n\n\n\n<p><strong>Alternativa \u201ce\u201d:<\/strong> incorreta. Os empregados p\u00fablicos s\u00e3o submetidos ao regime celetista e s\u00e3o segurados obrigat\u00f3rios do RGPS.<br \/><strong>Alternativa correta: \u201cb\u201d.<\/strong><\/p>\n\n\n\n<hr class=\"wp-block-separator\"\/>\n\n\n\n<p><strong>3 &#8211; (FCC \u2013 MANAUSPREV &#8211; 2021) O Regime Pr\u00f3prio de Previd\u00eancia Social dos servidores p\u00fablicos titulares de cargos efetivos, conforme previs\u00e3o da Constitui\u00e7\u00e3o Federal, <\/strong><\/p>\n\n\n\n<p>(A) ter\u00e1 car\u00e1ter contributivo pela participa\u00e7\u00e3o de fundos de previd\u00eancia complementar.<br \/>(B) ter\u00e1 car\u00e1ter contributivo, mas n\u00e3o solid\u00e1rio.<br \/>(C) abranger\u00e1, no que se refere \u00e0 contribui\u00e7\u00e3o, apenas a Uni\u00e3o, e n\u00e3o os Estados-membros e<br \/>Munic\u00edpios.<br \/>(D) contar\u00e1 com a contribui\u00e7\u00e3o de aposentados, mas n\u00e3o de pensionistas.<br \/>(E) observar\u00e1 crit\u00e9rios que preservem o equil\u00edbrio financeiro e atuarial.<\/p>\n\n\n\n<p><strong>Coment\u00e1rios: Alternativa \u201ca\u201d: <\/strong>incorreta. O regime pr\u00f3prio de previd\u00eancia social dos servidores p\u00fablicos titulares de cargos efetivos tem car\u00e1ter contributivo e solid\u00e1rio com o financiamento por meio de contribui\u00e7\u00e3o do respectivo ente federativo, do servidor ativo, dos aposentados e dos pensionistas.<\/p>\n\n\n\n<blockquote class=\"wp-block-quote is-layout-flow wp-block-quote-is-layout-flow\"><p><em>CF<br \/>2<br \/>Art. 40. O regime pr\u00f3prio de previd\u00eancia social dos servidores titulares de cargos efetivos ter\u00e1 car\u00e1ter contributivo e solid\u00e1rio, mediante contribui\u00e7\u00e3o do respectivo ente federativo, de servidores ativos, de aposentados e de pensionistas, observados crit\u00e9rios que preservem o equil\u00edbrio financeiro e atuarial <\/em><\/p><\/blockquote>\n\n\n\n<p><strong>Alternativa \u201cb\u201d: <\/strong>incorreta. O RPPS tem tamb\u00e9m car\u00e1ter solid\u00e1rio.<\/p>\n\n\n\n<p><strong>Alternativa \u201cc\u201d: <\/strong>incorreta. O financiamento do RPPS \u00e9 feita, tamb\u00e9m, com contribui\u00e7\u00e3o do respectivo ente federativo. Assim, se o RPPS \u00e9 dos servidores p\u00fablicos de Alagoas, o Estado de Alagoas dever\u00e1 contribuir.<\/p>\n\n\n\n<p><strong>Alternativa \u201cd\u201d:<\/strong> incorreta. O RPPS conta com o financiamento feito por contribui\u00e7\u00f5es dos servidores aposentados e pensionistas tamb\u00e9m.<\/p>\n\n\n\n<p><strong>Alternativa \u201ce\u201d: <\/strong>correta. Nos termos do caput do art. 40 da CF.<br \/><strong>Alternativa correta: \u201ce\u201d.<\/strong><\/p>\n\n\n\n<hr class=\"wp-block-separator\"\/>\n\n\n\n<p><strong>4 &#8211; (FCC \u2013 MANAUSPREV &#8211; 2021) A Constitui\u00e7\u00e3o Federal prev\u00ea que poder\u00e3o ser estabelecidos por lei complementar do respectivo ente federativo idade e tempo de contribui\u00e7\u00e3o diferenciados para aposentadoria de<\/strong><\/p>\n\n\n\n<p>(A) servidores cujas atividades sejam exercidas com exposi\u00e7\u00e3o eventual a agentes qu\u00edmicos, f\u00edsicos e biol\u00f3gicos prejudiciais \u00e0 sa\u00fade, permitida a caracteriza\u00e7\u00e3o por categoria profissional.<br \/>(B) servidores que exer\u00e7am atividades de bombeiros civis ou militares, ainda que sem car\u00e1ter permanente.<br \/>(C) servidores com defici\u00eancia, previamente submetidos \u00e0 avalia\u00e7\u00e3o biopsicossocial realizada por equipe multiprofissional e interdisciplinar.<br \/>(D) ocupantes do cargo de professor na educa\u00e7\u00e3o infantil, no ensino fundamental, m\u00e9dio e superior.<br \/>(E) ocupantes do cargo de agente penitenci\u00e1rio ou socioeducativo exclusivamente de entidades da Uni\u00e3o.<\/p>\n\n\n\n<p><strong>Coment\u00e1rios:<\/strong> O examinador formulou a quest\u00e3o com base no disposto no art. 40, \u00a7\u00a74\u00ba, 4\u00ba-A, 4\u00ba-B, 4\u00ba-C e 5\u00ba<br \/>com a reda\u00e7\u00e3o trazida pela EC n. 103\/2019 (reforma previdenci\u00e1ria):<\/p>\n\n\n\n<blockquote class=\"wp-block-quote is-layout-flow wp-block-quote-is-layout-flow\"><p><em>\u00a7 4\u00ba \u00c9 vedada a ado\u00e7\u00e3o de requisitos ou crit\u00e9rios diferenciados para concess\u00e3o de benef\u00edcios em regime pr\u00f3prio de previd\u00eancia social, ressalvado o disposto nos \u00a7\u00a7 4\u00ba-A, 4\u00ba-B, 4\u00ba-C e 5\u00ba.<\/em><\/p><\/blockquote>\n\n\n\n<blockquote class=\"wp-block-quote is-layout-flow wp-block-quote-is-layout-flow\"><p><em>\u00a7 4\u00ba-A. Poder\u00e3o ser estabelecidos por lei complementar do respectivo ente federativo idade e tempo de contribui\u00e7\u00e3o diferenciados para aposentadoria de servidores com defici\u00eancia, previamente submetidos a avalia\u00e7\u00e3o biopsicossocial realizada por equipe multiprofissional e interdisciplinar.<\/em><\/p><\/blockquote>\n\n\n\n<blockquote class=\"wp-block-quote is-layout-flow wp-block-quote-is-layout-flow\"><p><em>\u00a7 4\u00ba-B. Poder\u00e3o ser estabelecidos por lei complementar do respectivo ente federativo idade e tempo de contribui\u00e7\u00e3o diferenciados para aposentadoria de ocupantes do cargo de agente penitenci\u00e1rio, de agente socioeducativo ou de policial dos \u00f3rg\u00e3os de que tratam o inciso IV do caput do art. 51, o inciso XIII do caput do art. 52 e os incisos I a IV do caput do art. 144.<\/em><\/p><\/blockquote>\n\n\n\n<blockquote class=\"wp-block-quote is-layout-flow wp-block-quote-is-layout-flow\"><p><em>\u00a7 4\u00ba-C. Poder\u00e3o ser estabelecidos por lei complementar do respectivo ente federativo idade e tempo de contribui\u00e7\u00e3o diferenciados para aposentadoria de servidores cujas atividades sejam exercidas com efetiva exposi\u00e7\u00e3o a agentes qu\u00edmicos, f\u00edsicos e biol\u00f3gicos prejudiciais \u00e0 sa\u00fade, ou associa\u00e7\u00e3o desses agentes, vedada a caracteriza\u00e7\u00e3o por categoria profissional ou ocupa\u00e7\u00e3o.<\/em><\/p><\/blockquote>\n\n\n\n<blockquote class=\"wp-block-quote is-layout-flow wp-block-quote-is-layout-flow\"><p><em>\u00a7 5\u00ba Os ocupantes do cargo de professor ter\u00e3o idade m\u00ednima reduzida em 5 (cinco) anos em rela\u00e7\u00e3o \u00e0s idades decorrentes da aplica\u00e7\u00e3o do disposto no inciso III do \u00a7 1\u00ba, desde que comprovem tempo de efetivo exerc\u00edcio das fun\u00e7\u00f5es de magist\u00e9rio na educa\u00e7\u00e3o infantil e no ensino fundamental e m\u00e9dio fixado em lei complementar do respectivo ente federativo.<\/em><\/p><\/blockquote>\n\n\n\n<p><strong>Alternativa \u201ca\u201d:<\/strong> incorreta. A Constitui\u00e7\u00e3o Federal prev\u00ea que poder\u00e3o ser estabelecidos por lei complementar do respectivo ente federativo idade e tempo de contribui\u00e7\u00e3o diferenciados para aposentadoria de servidores cujas atividades sejam exercidas com efetiva exposi\u00e7\u00e3o a agentes qu\u00edmicos, f\u00edsicos e biol\u00f3gicos prejudiciais \u00e0 sa\u00fade, vedada a caracteriza\u00e7\u00e3o por categoria profissional.<\/p>\n\n\n\n<p><strong>Alternativa \u201cb\u201d:<\/strong> incorreta. No caso, o estabelecimento de idade e tempo de contribui\u00e7\u00e3o diferenciados \u00e9 poss\u00edvel para policiais militares e corpos de bombeiros militares.<\/p>\n\n\n\n<p><strong>Alternativa \u201cc\u201d<\/strong>: correta. \u00c9 o que disp\u00f5e o art. 40, \u00a74\u00ba-A, da CF.<\/p>\n\n\n\n<p><strong>Alternativa \u201cd\u201d:<\/strong> incorreta. O erro est\u00e1 em admitir na regra de exce\u00e7\u00e3o o professor de ensino superior. Veja acima o que disp\u00f5e o \u00a75\u00ba do art. 40 da CF.<\/p>\n\n\n\n<p><strong>Alternativa \u201ce\u201d:<\/strong> incorreta. A exce\u00e7\u00e3o trazida pela CF \u00e9 aplicada aos ocupantes do cargo de agente penitenci\u00e1rio ou socioeducativo de qualquer ente federativo.<br \/><strong>Alternativa correta: \u201cc\u201d.<\/strong><\/p>\n\n\n\n<hr class=\"wp-block-separator\"\/>\n\n\n\n<h2 class=\"has-text-align-center has-luminous-vivid-amber-background-color has-background wp-block-heading\" id=\"assinatura-e-cursos\"><strong>Mais informa\u00e7\u00f5es: <a href=\"https:\/\/www.estrategiaconcursos.com.br\/blog\/concurso-manausprev\/\" target=\"_blank\" rel=\"noreferrer noopener\">Concurso Manausprev<\/a><\/strong><\/h2>\n\n\n\n<div class=\"container\" id=\"boxes\">\n  <div class=\"row\">\n\n    <div class=\"col-sm\">\n      <div class=\"banner-adm\" id=\"box-assinatura\">\n        <h3 class=\"titulo-assinatura\">Concurso ManausPrev<\/h3>\n        <p class=\"subtitulo-assinatura\">Conhe\u00e7a os cursos<\/p>\n        <div class=\"box-botao\">\n          <a class=\"btn-assinatura\" target=\"_blank\" href=\"https:\/\/www.estrategiaconcursos.com.br\/cursosPorConcurso\/manausprev-359\/\" role=\"button\" rel=\"noopener noreferrer\">Conhe\u00e7a mais<\/a>\n        <\/div>\n      <\/div>\n     \n    <\/div>\n\n  <\/div>\n<\/div>\n\n\n\n<div class=\"container\" id=\"boxes\">\n  <div class=\"row\">\n\n    <div class=\"col-sm\">\n      <div class=\"estrategia\" id=\"box-assinatura\">\n        <h3 class=\"titulo-assinatura\">Assinatura Concursos<\/h3>\n        <p class=\"subtitulo-assinatura\">Assinatura de 1 ano ou 2 anos<\/p>\n        <div class=\"box-botao\">\n          <a class=\"btn-assinatura\" target=\"_blank\" href=\"https:\/\/www.estrategiaconcursos.com.br\/assinaturas\/\" role=\"button\" rel=\"noopener noreferrer\">ASSINE AGORA<\/a>\n        <\/div>\n      <\/div><\/div><\/div><\/div>\n\n\n\n<h2 class=\"has-text-align-center wp-block-heading\" id=\"h-quer-saber-tudo-sobre-concursos-previstos-confira-nossos-artigos\">Quer saber tudo sobre concursos previstos?<br \/>Confira nossos artigos!<\/h2>\n\n\n\n<ul class=\"wp-block-list\"><li><a href=\"https:\/\/www.estrategiaconcursos.com.br\/blog\/concursos-abertos\/\" target=\"_blank\" rel=\"noreferrer noopener\">Concursos abertos<\/a><\/li><li><a href=\"https:\/\/www.estrategiaconcursos.com.br\/blog\/concursos-2021\/\" target=\"_blank\" rel=\"noreferrer noopener\">Concursos 2021<\/a><\/li><li><a href=\"https:\/\/www.estrategiaconcursos.com.br\/blog\/concursos-2022\/\" target=\"_blank\" rel=\"noreferrer noopener\">Concursos 2022<\/a><\/li><\/ul>\n","protected":false},"excerpt":{"rendered":"<p>Ol\u00e1, concurseiro, eu sou a professora Adriana Menezes! Trouxe para voc\u00eas a resolu\u00e7\u00e3o das quest\u00f5es de No\u00e7\u00f5es de Direito Previdenci\u00e1rio da prova do concurso Manausprev, realizada no dia 05 de dezembro, para o cargo de T\u00e9cnico. 1 &#8211; (FCC \u2013 MANAUSPREV &#8211; 2021) Conforme norma prevista na Constitui\u00e7\u00e3o Federal, o servidor abrangido pelo Regime Pr\u00f3prio [&hellip;]<\/p>\n","protected":false},"author":1,"featured_media":729636,"comment_status":"open","ping_status":"closed","sticky":false,"template":"","format":"standard","meta":{"post_tipo":"article","footnotes":""},"categories":[214992,220219],"tags":[867],"tax_estado":[219966],"class_list":["post-926618","post","type-post","status-publish","format-standard","has-post-thumbnail","hentry","category-concursos-administrativos","category-noticias","tag-prova-comentada","tax_estado-am"],"acf":[],"yoast_head":"<!-- This site is optimized with the Yoast SEO Premium plugin v27.2 (Yoast SEO v27.2) - https:\/\/yoast.com\/product\/yoast-seo-premium-wordpress\/ -->\n<title>Manausprev - Prova comentada T\u00e9cnico Administrativo<\/title>\n<meta name=\"robots\" content=\"index, follow, max-snippet:-1, max-image-preview:large, max-video-preview:-1\" \/>\n<link rel=\"canonical\" href=\"https:\/\/www.estrategiaconcursos.com.br\/blog\/manausprev-prova-comentada-tecnico-administrativo\/\" \/>\n<meta property=\"og:locale\" content=\"pt_BR\" \/>\n<meta property=\"og:type\" content=\"article\" \/>\n<meta property=\"og:title\" content=\"Manausprev - Prova comentada T\u00e9cnico Administrativo\" \/>\n<meta property=\"og:description\" content=\"Ol\u00e1, concurseiro, eu sou a professora Adriana Menezes! Trouxe para voc\u00eas a resolu\u00e7\u00e3o das quest\u00f5es de No\u00e7\u00f5es de Direito Previdenci\u00e1rio da prova do concurso Manausprev, realizada no dia 05 de dezembro, para o cargo de T\u00e9cnico. 1 &#8211; (FCC \u2013 MANAUSPREV &#8211; 2021) Conforme norma prevista na Constitui\u00e7\u00e3o Federal, o servidor abrangido pelo Regime Pr\u00f3prio [&hellip;]\" \/>\n<meta property=\"og:url\" content=\"https:\/\/www.estrategiaconcursos.com.br\/blog\/manausprev-prova-comentada-tecnico-administrativo\/\" \/>\n<meta property=\"og:site_name\" content=\"Estrat\u00e9gia Concursos\" \/>\n<meta property=\"article:author\" content=\"https:\/\/www.facebook.com\/EstrategiaConcursos\" \/>\n<meta property=\"article:published_time\" content=\"2021-12-10T15:18:03+00:00\" \/>\n<meta property=\"article:modified_time\" content=\"2021-12-10T16:29:54+00:00\" \/>\n<meta property=\"og:image\" content=\"https:\/\/dhg1h5j42swfq.cloudfront.net\/2021\/05\/03110304\/manausprev.jpg\" \/>\n\t<meta property=\"og:image:width\" content=\"768\" \/>\n\t<meta property=\"og:image:height\" content=\"432\" \/>\n\t<meta property=\"og:image:type\" content=\"image\/jpeg\" \/>\n<meta name=\"author\" content=\"Coordena\u00e7\u00e3o\" \/>\n<meta name=\"twitter:card\" content=\"summary_large_image\" \/>\n<meta name=\"twitter:creator\" content=\"@EstratConcursos\" \/>\n<meta name=\"twitter:site\" content=\"@EstratConcursos\" \/>\n<meta name=\"twitter:label1\" content=\"Escrito por\" \/>\n\t<meta name=\"twitter:data1\" content=\"Coordena\u00e7\u00e3o\" \/>\n\t<meta name=\"twitter:label2\" content=\"Est. tempo de leitura\" \/>\n\t<meta name=\"twitter:data2\" content=\"7 minutos\" \/>\n<script type=\"application\/ld+json\" class=\"yoast-schema-graph\">{\"@context\":\"https:\/\/schema.org\",\"@graph\":[{\"@type\":\"NewsArticle\",\"@id\":\"https:\/\/www.estrategiaconcursos.com.br\/blog\/manausprev-prova-comentada-tecnico-administrativo\/#article\",\"isPartOf\":{\"@id\":\"https:\/\/www.estrategiaconcursos.com.br\/blog\/manausprev-prova-comentada-tecnico-administrativo\/\"},\"author\":{\"name\":\"Coordena\u00e7\u00e3o\",\"@id\":\"https:\/\/www.estrategiaconcursos.com.br\/blog\/#\/schema\/person\/b4a388c97673c5f483d72185668afa1f\"},\"headline\":\"Manausprev &#8211; Prova comentada T\u00e9cnico Administrativo\",\"datePublished\":\"2021-12-10T15:18:03+00:00\",\"dateModified\":\"2021-12-10T16:29:54+00:00\",\"mainEntityOfPage\":{\"@id\":\"https:\/\/www.estrategiaconcursos.com.br\/blog\/manausprev-prova-comentada-tecnico-administrativo\/\"},\"wordCount\":1493,\"commentCount\":0,\"publisher\":{\"@id\":\"https:\/\/www.estrategiaconcursos.com.br\/blog\/#organization\"},\"image\":{\"@id\":\"https:\/\/www.estrategiaconcursos.com.br\/blog\/manausprev-prova-comentada-tecnico-administrativo\/#primaryimage\"},\"thumbnailUrl\":\"https:\/\/dhg1h5j42swfq.cloudfront.net\/2021\/05\/03110304\/manausprev.jpg\",\"keywords\":[\"prova comentada\"],\"articleSection\":[\"Executivo (Administrativa)\",\"\u00daltimas not\u00edcias\"],\"inLanguage\":\"pt-BR\",\"potentialAction\":[{\"@type\":\"CommentAction\",\"name\":\"Comment\",\"target\":[\"https:\/\/www.estrategiaconcursos.com.br\/blog\/manausprev-prova-comentada-tecnico-administrativo\/#respond\"]}],\"copyrightYear\":\"2021\",\"copyrightHolder\":{\"@id\":\"https:\/\/www.estrategiaconcursos.com.br\/blog\/#organization\"}},{\"@type\":\"WebPage\",\"@id\":\"https:\/\/www.estrategiaconcursos.com.br\/blog\/manausprev-prova-comentada-tecnico-administrativo\/\",\"url\":\"https:\/\/www.estrategiaconcursos.com.br\/blog\/manausprev-prova-comentada-tecnico-administrativo\/\",\"name\":\"Manausprev - Prova comentada T\u00e9cnico Administrativo\",\"isPartOf\":{\"@id\":\"https:\/\/www.estrategiaconcursos.com.br\/blog\/#website\"},\"primaryImageOfPage\":{\"@id\":\"https:\/\/www.estrategiaconcursos.com.br\/blog\/manausprev-prova-comentada-tecnico-administrativo\/#primaryimage\"},\"image\":{\"@id\":\"https:\/\/www.estrategiaconcursos.com.br\/blog\/manausprev-prova-comentada-tecnico-administrativo\/#primaryimage\"},\"thumbnailUrl\":\"https:\/\/dhg1h5j42swfq.cloudfront.net\/2021\/05\/03110304\/manausprev.jpg\",\"datePublished\":\"2021-12-10T15:18:03+00:00\",\"dateModified\":\"2021-12-10T16:29:54+00:00\",\"breadcrumb\":{\"@id\":\"https:\/\/www.estrategiaconcursos.com.br\/blog\/manausprev-prova-comentada-tecnico-administrativo\/#breadcrumb\"},\"inLanguage\":\"pt-BR\",\"potentialAction\":[{\"@type\":\"ReadAction\",\"target\":[\"https:\/\/www.estrategiaconcursos.com.br\/blog\/manausprev-prova-comentada-tecnico-administrativo\/\"]}]},{\"@type\":\"ImageObject\",\"inLanguage\":\"pt-BR\",\"@id\":\"https:\/\/www.estrategiaconcursos.com.br\/blog\/manausprev-prova-comentada-tecnico-administrativo\/#primaryimage\",\"url\":\"https:\/\/dhg1h5j42swfq.cloudfront.net\/2021\/05\/03110304\/manausprev.jpg\",\"contentUrl\":\"https:\/\/dhg1h5j42swfq.cloudfront.net\/2021\/05\/03110304\/manausprev.jpg\",\"width\":768,\"height\":432,\"caption\":\"Concurso ManausPrev resultado\"},{\"@type\":\"BreadcrumbList\",\"@id\":\"https:\/\/www.estrategiaconcursos.com.br\/blog\/manausprev-prova-comentada-tecnico-administrativo\/#breadcrumb\",\"itemListElement\":[{\"@type\":\"ListItem\",\"position\":1,\"name\":\"In\u00edcio\",\"item\":\"https:\/\/www.estrategiaconcursos.com.br\/blog\/\"},{\"@type\":\"ListItem\",\"position\":2,\"name\":\"Manausprev &#8211; Prova comentada T\u00e9cnico Administrativo\"}]},{\"@type\":\"WebSite\",\"@id\":\"https:\/\/www.estrategiaconcursos.com.br\/blog\/#website\",\"url\":\"https:\/\/www.estrategiaconcursos.com.br\/blog\/\",\"name\":\"Estrat\u00e9gia Concursos\",\"description\":\"O blog da Estrat\u00e9gia Concursos traz not\u00edcias sobre concursos e artigos de professores oferecendo cursos para concursos (pdf + videaulas) no site.\",\"publisher\":{\"@id\":\"https:\/\/www.estrategiaconcursos.com.br\/blog\/#organization\"},\"potentialAction\":[{\"@type\":\"SearchAction\",\"target\":{\"@type\":\"EntryPoint\",\"urlTemplate\":\"https:\/\/www.estrategiaconcursos.com.br\/blog\/?s={search_term_string}\"},\"query-input\":{\"@type\":\"PropertyValueSpecification\",\"valueRequired\":true,\"valueName\":\"search_term_string\"}}],\"inLanguage\":\"pt-BR\"},{\"@type\":\"Organization\",\"@id\":\"https:\/\/www.estrategiaconcursos.com.br\/blog\/#organization\",\"name\":\"Estrat\u00e9gia Concursos\",\"url\":\"https:\/\/www.estrategiaconcursos.com.br\/blog\/\",\"logo\":{\"@type\":\"ImageObject\",\"inLanguage\":\"pt-BR\",\"@id\":\"https:\/\/www.estrategiaconcursos.com.br\/blog\/#\/schema\/logo\/image\/\",\"url\":\"https:\/\/dhg1h5j42swfq.cloudfront.net\/2025\/06\/03203428\/logo_concursos-1.jpg\",\"contentUrl\":\"https:\/\/dhg1h5j42swfq.cloudfront.net\/2025\/06\/03203428\/logo_concursos-1.jpg\",\"width\":230,\"height\":60,\"caption\":\"Estrat\u00e9gia Concursos\"},\"image\":{\"@id\":\"https:\/\/www.estrategiaconcursos.com.br\/blog\/#\/schema\/logo\/image\/\"},\"sameAs\":[\"https:\/\/x.com\/EstratConcursos\"]},{\"@type\":\"Person\",\"@id\":\"https:\/\/www.estrategiaconcursos.com.br\/blog\/#\/schema\/person\/b4a388c97673c5f483d72185668afa1f\",\"name\":\"Coordena\u00e7\u00e3o\",\"image\":{\"@type\":\"ImageObject\",\"inLanguage\":\"pt-BR\",\"@id\":\"https:\/\/secure.gravatar.com\/avatar\/b720319e4c9a967eb58678d110f4fe35452fc5d5f97b202bac7b8acceb18c6ad?s=96&d=mm&r=g\",\"url\":\"https:\/\/secure.gravatar.com\/avatar\/b720319e4c9a967eb58678d110f4fe35452fc5d5f97b202bac7b8acceb18c6ad?s=96&d=mm&r=g\",\"contentUrl\":\"https:\/\/secure.gravatar.com\/avatar\/b720319e4c9a967eb58678d110f4fe35452fc5d5f97b202bac7b8acceb18c6ad?s=96&d=mm&r=g\",\"caption\":\"Coordena\u00e7\u00e3o\"},\"sameAs\":[\"https:\/\/www.facebook.com\/EstrategiaConcursos\",\"https:\/\/x.com\/EstratConcursos\"],\"url\":\"https:\/\/www.estrategiaconcursos.com.br\/blog\/author\/estrategia2013\/\"}]}<\/script>\n<!-- \/ Yoast SEO Premium plugin. -->","yoast_head_json":{"title":"Manausprev - Prova comentada T\u00e9cnico Administrativo","robots":{"index":"index","follow":"follow","max-snippet":"max-snippet:-1","max-image-preview":"max-image-preview:large","max-video-preview":"max-video-preview:-1"},"canonical":"https:\/\/www.estrategiaconcursos.com.br\/blog\/manausprev-prova-comentada-tecnico-administrativo\/","og_locale":"pt_BR","og_type":"article","og_title":"Manausprev - Prova comentada T\u00e9cnico Administrativo","og_description":"Ol\u00e1, concurseiro, eu sou a professora Adriana Menezes! Trouxe para voc\u00eas a resolu\u00e7\u00e3o das quest\u00f5es de No\u00e7\u00f5es de Direito Previdenci\u00e1rio da prova do concurso Manausprev, realizada no dia 05 de dezembro, para o cargo de T\u00e9cnico. 1 &#8211; (FCC \u2013 MANAUSPREV &#8211; 2021) Conforme norma prevista na Constitui\u00e7\u00e3o Federal, o servidor abrangido pelo Regime Pr\u00f3prio [&hellip;]","og_url":"https:\/\/www.estrategiaconcursos.com.br\/blog\/manausprev-prova-comentada-tecnico-administrativo\/","og_site_name":"Estrat\u00e9gia Concursos","article_author":"https:\/\/www.facebook.com\/EstrategiaConcursos","article_published_time":"2021-12-10T15:18:03+00:00","article_modified_time":"2021-12-10T16:29:54+00:00","og_image":[{"width":768,"height":432,"url":"https:\/\/dhg1h5j42swfq.cloudfront.net\/2021\/05\/03110304\/manausprev.jpg","type":"image\/jpeg"}],"author":"Coordena\u00e7\u00e3o","twitter_card":"summary_large_image","twitter_creator":"@EstratConcursos","twitter_site":"@EstratConcursos","twitter_misc":{"Escrito por":"Coordena\u00e7\u00e3o","Est. tempo de leitura":"7 minutos"},"schema":{"@context":"https:\/\/schema.org","@graph":[{"@type":"NewsArticle","@id":"https:\/\/www.estrategiaconcursos.com.br\/blog\/manausprev-prova-comentada-tecnico-administrativo\/#article","isPartOf":{"@id":"https:\/\/www.estrategiaconcursos.com.br\/blog\/manausprev-prova-comentada-tecnico-administrativo\/"},"author":{"name":"Coordena\u00e7\u00e3o","@id":"https:\/\/www.estrategiaconcursos.com.br\/blog\/#\/schema\/person\/b4a388c97673c5f483d72185668afa1f"},"headline":"Manausprev &#8211; Prova comentada T\u00e9cnico Administrativo","datePublished":"2021-12-10T15:18:03+00:00","dateModified":"2021-12-10T16:29:54+00:00","mainEntityOfPage":{"@id":"https:\/\/www.estrategiaconcursos.com.br\/blog\/manausprev-prova-comentada-tecnico-administrativo\/"},"wordCount":1493,"commentCount":0,"publisher":{"@id":"https:\/\/www.estrategiaconcursos.com.br\/blog\/#organization"},"image":{"@id":"https:\/\/www.estrategiaconcursos.com.br\/blog\/manausprev-prova-comentada-tecnico-administrativo\/#primaryimage"},"thumbnailUrl":"https:\/\/dhg1h5j42swfq.cloudfront.net\/2021\/05\/03110304\/manausprev.jpg","keywords":["prova comentada"],"articleSection":["Executivo (Administrativa)","\u00daltimas not\u00edcias"],"inLanguage":"pt-BR","potentialAction":[{"@type":"CommentAction","name":"Comment","target":["https:\/\/www.estrategiaconcursos.com.br\/blog\/manausprev-prova-comentada-tecnico-administrativo\/#respond"]}],"copyrightYear":"2021","copyrightHolder":{"@id":"https:\/\/www.estrategiaconcursos.com.br\/blog\/#organization"}},{"@type":"WebPage","@id":"https:\/\/www.estrategiaconcursos.com.br\/blog\/manausprev-prova-comentada-tecnico-administrativo\/","url":"https:\/\/www.estrategiaconcursos.com.br\/blog\/manausprev-prova-comentada-tecnico-administrativo\/","name":"Manausprev - Prova comentada T\u00e9cnico Administrativo","isPartOf":{"@id":"https:\/\/www.estrategiaconcursos.com.br\/blog\/#website"},"primaryImageOfPage":{"@id":"https:\/\/www.estrategiaconcursos.com.br\/blog\/manausprev-prova-comentada-tecnico-administrativo\/#primaryimage"},"image":{"@id":"https:\/\/www.estrategiaconcursos.com.br\/blog\/manausprev-prova-comentada-tecnico-administrativo\/#primaryimage"},"thumbnailUrl":"https:\/\/dhg1h5j42swfq.cloudfront.net\/2021\/05\/03110304\/manausprev.jpg","datePublished":"2021-12-10T15:18:03+00:00","dateModified":"2021-12-10T16:29:54+00:00","breadcrumb":{"@id":"https:\/\/www.estrategiaconcursos.com.br\/blog\/manausprev-prova-comentada-tecnico-administrativo\/#breadcrumb"},"inLanguage":"pt-BR","potentialAction":[{"@type":"ReadAction","target":["https:\/\/www.estrategiaconcursos.com.br\/blog\/manausprev-prova-comentada-tecnico-administrativo\/"]}]},{"@type":"ImageObject","inLanguage":"pt-BR","@id":"https:\/\/www.estrategiaconcursos.com.br\/blog\/manausprev-prova-comentada-tecnico-administrativo\/#primaryimage","url":"https:\/\/dhg1h5j42swfq.cloudfront.net\/2021\/05\/03110304\/manausprev.jpg","contentUrl":"https:\/\/dhg1h5j42swfq.cloudfront.net\/2021\/05\/03110304\/manausprev.jpg","width":768,"height":432,"caption":"Concurso ManausPrev resultado"},{"@type":"BreadcrumbList","@id":"https:\/\/www.estrategiaconcursos.com.br\/blog\/manausprev-prova-comentada-tecnico-administrativo\/#breadcrumb","itemListElement":[{"@type":"ListItem","position":1,"name":"In\u00edcio","item":"https:\/\/www.estrategiaconcursos.com.br\/blog\/"},{"@type":"ListItem","position":2,"name":"Manausprev &#8211; Prova comentada T\u00e9cnico Administrativo"}]},{"@type":"WebSite","@id":"https:\/\/www.estrategiaconcursos.com.br\/blog\/#website","url":"https:\/\/www.estrategiaconcursos.com.br\/blog\/","name":"Estrat\u00e9gia Concursos","description":"O blog da Estrat\u00e9gia Concursos traz not\u00edcias sobre concursos e artigos de professores oferecendo cursos para concursos (pdf + videaulas) no site.","publisher":{"@id":"https:\/\/www.estrategiaconcursos.com.br\/blog\/#organization"},"potentialAction":[{"@type":"SearchAction","target":{"@type":"EntryPoint","urlTemplate":"https:\/\/www.estrategiaconcursos.com.br\/blog\/?s={search_term_string}"},"query-input":{"@type":"PropertyValueSpecification","valueRequired":true,"valueName":"search_term_string"}}],"inLanguage":"pt-BR"},{"@type":"Organization","@id":"https:\/\/www.estrategiaconcursos.com.br\/blog\/#organization","name":"Estrat\u00e9gia Concursos","url":"https:\/\/www.estrategiaconcursos.com.br\/blog\/","logo":{"@type":"ImageObject","inLanguage":"pt-BR","@id":"https:\/\/www.estrategiaconcursos.com.br\/blog\/#\/schema\/logo\/image\/","url":"https:\/\/dhg1h5j42swfq.cloudfront.net\/2025\/06\/03203428\/logo_concursos-1.jpg","contentUrl":"https:\/\/dhg1h5j42swfq.cloudfront.net\/2025\/06\/03203428\/logo_concursos-1.jpg","width":230,"height":60,"caption":"Estrat\u00e9gia Concursos"},"image":{"@id":"https:\/\/www.estrategiaconcursos.com.br\/blog\/#\/schema\/logo\/image\/"},"sameAs":["https:\/\/x.com\/EstratConcursos"]},{"@type":"Person","@id":"https:\/\/www.estrategiaconcursos.com.br\/blog\/#\/schema\/person\/b4a388c97673c5f483d72185668afa1f","name":"Coordena\u00e7\u00e3o","image":{"@type":"ImageObject","inLanguage":"pt-BR","@id":"https:\/\/secure.gravatar.com\/avatar\/b720319e4c9a967eb58678d110f4fe35452fc5d5f97b202bac7b8acceb18c6ad?s=96&d=mm&r=g","url":"https:\/\/secure.gravatar.com\/avatar\/b720319e4c9a967eb58678d110f4fe35452fc5d5f97b202bac7b8acceb18c6ad?s=96&d=mm&r=g","contentUrl":"https:\/\/secure.gravatar.com\/avatar\/b720319e4c9a967eb58678d110f4fe35452fc5d5f97b202bac7b8acceb18c6ad?s=96&d=mm&r=g","caption":"Coordena\u00e7\u00e3o"},"sameAs":["https:\/\/www.facebook.com\/EstrategiaConcursos","https:\/\/x.com\/EstratConcursos"],"url":"https:\/\/www.estrategiaconcursos.com.br\/blog\/author\/estrategia2013\/"}]}},"_links":{"self":[{"href":"https:\/\/www.estrategiaconcursos.com.br\/blog\/wp-json\/wp\/v2\/posts\/926618","targetHints":{"allow":["GET"]}}],"collection":[{"href":"https:\/\/www.estrategiaconcursos.com.br\/blog\/wp-json\/wp\/v2\/posts"}],"about":[{"href":"https:\/\/www.estrategiaconcursos.com.br\/blog\/wp-json\/wp\/v2\/types\/post"}],"author":[{"embeddable":true,"href":"https:\/\/www.estrategiaconcursos.com.br\/blog\/wp-json\/wp\/v2\/users\/1"}],"replies":[{"embeddable":true,"href":"https:\/\/www.estrategiaconcursos.com.br\/blog\/wp-json\/wp\/v2\/comments?post=926618"}],"version-history":[{"count":5,"href":"https:\/\/www.estrategiaconcursos.com.br\/blog\/wp-json\/wp\/v2\/posts\/926618\/revisions"}],"predecessor-version":[{"id":926704,"href":"https:\/\/www.estrategiaconcursos.com.br\/blog\/wp-json\/wp\/v2\/posts\/926618\/revisions\/926704"}],"wp:featuredmedia":[{"embeddable":true,"href":"https:\/\/www.estrategiaconcursos.com.br\/blog\/wp-json\/wp\/v2\/media\/729636"}],"wp:attachment":[{"href":"https:\/\/www.estrategiaconcursos.com.br\/blog\/wp-json\/wp\/v2\/media?parent=926618"}],"wp:term":[{"taxonomy":"category","embeddable":true,"href":"https:\/\/www.estrategiaconcursos.com.br\/blog\/wp-json\/wp\/v2\/categories?post=926618"},{"taxonomy":"post_tag","embeddable":true,"href":"https:\/\/www.estrategiaconcursos.com.br\/blog\/wp-json\/wp\/v2\/tags?post=926618"},{"taxonomy":"tax_estado","embeddable":true,"href":"https:\/\/www.estrategiaconcursos.com.br\/blog\/wp-json\/wp\/v2\/tax_estado?post=926618"}],"curies":[{"name":"wp","href":"https:\/\/api.w.org\/{rel}","templated":true}]}}