{"id":92584,"date":"2017-10-16T12:13:18","date_gmt":"2017-10-16T15:13:18","guid":{"rendered":"https:\/\/www.estrategiaconcursos.com.br\/blog\/?p=92584"},"modified":"2017-10-16T12:17:30","modified_gmt":"2017-10-16T15:17:30","slug":"gabarito-extraoficial-direito-constitucional-tjpe-tecnico-funcao-administrativa-cabem-3-anulacoes","status":"publish","type":"post","link":"https:\/\/www.estrategiaconcursos.com.br\/blog\/gabarito-extraoficial-direito-constitucional-tjpe-tecnico-funcao-administrativa-cabem-3-anulacoes\/","title":{"rendered":"Gabarito Extraoficial &#8211; Direito Constitucional &#8211; TJ\/PE &#8211; T\u00e9cnico (Fun\u00e7\u00e3o Administrativa) &#8211; Cabem 3 ANULA\u00c7\u00d5ES!"},"content":{"rendered":"<p style=\"text-align: justify\">Ol\u00e1, pessoal! Tudo bem?<\/p>\n<p style=\"text-align: justify\">Nesse \u00faltimo domingo (15\/10), tivemos as provas do concurso do TJ\/PE.<\/p>\n<p style=\"text-align: justify\">A seguir, irei comentar a prova de Direito Constitucional do cargo de <strong>T\u00e9cnico (Fun\u00e7\u00e3o Administrativa).<\/strong><\/p>\n<p style=\"text-align: justify\">Antes, um breve coment\u00e1rio.<\/p>\n<p style=\"text-align: justify\"><strong>A IBFC foi extremamente desatenta ao elaborar as quest\u00f5es de Direito Constitucional.<\/strong> Tivemos <span style=\"color: #ff0000\"><strong>3 quest\u00f5es sem gabarito<\/strong><\/span>, que precisam ser anuladas. Nem sei qual ser\u00e1 o gabarito apresentado pela banca, mas j\u00e1 posso lhes dizer o seguinte:\u00a0&#8220;<strong><span style=\"color: #ff0000\">ENTREM COM RECURSO!!<\/span><\/strong><\/p>\n<p style=\"text-align: justify\">Abra\u00e7os,<\/p>\n<p style=\"text-align: justify\">Ricardo Vale<\/p>\n<p style=\"text-align: justify\">\u00a0<em><strong>&#8220;O segredo do sucesso \u00e9 a const\u00e2ncia no objetivo&#8221;<\/strong><\/em><\/p>\n<p style=\"text-align: justify\"><strong>P.S:<\/strong> Para ter acesso a conte\u00fado di\u00e1rio em Direito Constitucional, sigam-me no Instagram:<\/p>\n<p style=\"text-align: justify\"><a href=\"https:\/\/www.instagram.com\/profricardovale\/\">https:\/\/www.instagram.com\/profricardovale\/<\/a><\/p>\n<p style=\"text-align: justify\"><span style=\"color: #0000ff\"><strong>PROVA &#8211; Direito Constitucional p\/ TJ-PE &#8211; T\u00e9cnico (Fun\u00e7\u00e3o Administrativa)<\/strong><\/span><\/p>\n<p style=\"text-align: justify\"><strong>36 &#8211; (IBFC \/ TJ-PE \u2013 2017) Identifique e assinale a alternativa que apresenta informa\u00e7\u00e3o INCORRETA sobre a atividade exercida pela Advocacia Geral da Uni\u00e3o:<\/strong><\/p>\n<p style=\"text-align: justify\">a) Caber\u00e1 ao Presidente da Rep\u00fablica nomear o Advogado-Geral da Uni\u00e3o, que dever\u00e1 ser cidad\u00e3o com not\u00e1vel saber jur\u00eddico e maior de trinta anos.<\/p>\n<p style=\"text-align: justify\">b) O ingresso nas classes iniciais da carreira da Advocacia P\u00fablica se dar\u00e1 unicamente por meio de concurso p\u00fablico.<\/p>\n<p style=\"text-align: justify\">c) \u00c9 reservada \u00e0 Advocacia Geral da Uni\u00e3o as atividades de consultoria e assessoramento jur\u00eddico do Poder Executivo.<\/p>\n<p style=\"text-align: justify\">d) N\u00e3o cabe \u00e0 Advocacia Geral da Uni\u00e3o a representa\u00e7\u00e3o do Estado na execu\u00e7\u00e3o da d\u00edvida ativa de natureza tribut\u00e1ria.<\/p>\n<p style=\"text-align: justify\">e) Ap\u00f3s tr\u00eas anos de exerc\u00edcio efetivo, realizada avalia\u00e7\u00e3o de desempenho, ser\u00e1 garantida estabilidade ao ocupante de cargo no ramo da Advocacia P\u00fablica.<\/p>\n<p style=\"text-align: justify\"><strong>Coment\u00e1rios:<\/strong><\/p>\n<p style=\"text-align: justify\">Letra A: errada. O Advogado-Geral da Uni\u00e3o \u00e9 nomeado pelo Presidente da Rep\u00fablica, dentre cidad\u00e3os com <u>mais de 35 (trinta e cinco) anos<\/u>, de not\u00e1vel saber jur\u00eddico e reputa\u00e7\u00e3o ilibada.<\/p>\n<p style=\"text-align: justify\">Letra B: correta. O ingresso nas classes iniciais da carreira da Advocacia P\u00fablica se dar\u00e1 mediante concurso p\u00fablico de provas e t\u00edtulos.<\/p>\n<p style=\"text-align: justify\">Letra C: correta. A Advocacia Geral da Uni\u00e3o desempenha as atividades de consultoria e assessoramento jur\u00eddico do Poder Executivo.<\/p>\n<p style=\"text-align: justify\">Letra D: correta. Na execu\u00e7\u00e3o da d\u00edvida ativa de natureza tribut\u00e1ria, a representa\u00e7\u00e3o da Uni\u00e3o cabe \u00e0 Procuradoria-Geral da Fazenda Nacional.<\/p>\n<p style=\"text-align: justify\">Letra E: correta. Os ocupantes de cargos na Advocacia P\u00fablico adquirem estabilidade ap\u00f3s 3 anos de efetivo exerc\u00edcio e avalia\u00e7\u00e3o especial de desempenho.<\/p>\n<p style=\"text-align: justify\">O gabarito \u00e9 a letra A.<\/p>\n<p style=\"text-align: justify\"><strong>37 &#8211;<\/strong> <strong>(IBFC \/ TJ-PE \u2013 2017) Sobre as medidas provis\u00f3rias, analise as afirmativas a seguir:<\/strong><\/p>\n<p style=\"text-align: justify\"><strong>I)<\/strong> \u00c9 vedada a edi\u00e7\u00e3o de medida provis\u00f3ria dispondo sobre direito processual penal.<\/p>\n<p style=\"text-align: justify\"><strong>II)<\/strong> O Congresso Nacional ter\u00e1 o prazo improrrog\u00e1vel de sessenta dias para converter (ou n\u00e3o) a medida provis\u00f3ria em lei.<\/p>\n<p style=\"text-align: justify\"><strong>III)<\/strong> Caber\u00e1 \u00e0 comiss\u00e3o mista de Deputados e Senadores examinar as medidas provis\u00f3rias e sobre elas emitir parecer, antes de serem apreciadas, em sess\u00e3o separada, pelo plen\u00e1rio de cada uma das Casas do Congresso Nacional.<\/p>\n<p style=\"text-align: justify\"><strong>IV)<\/strong> \u00c9 vedada a reedi\u00e7\u00e3o, nas pr\u00f3ximas duas sess\u00f5es legislativas, de medida provis\u00f3ria que tenha sido rejeitada ou que tenha perdido sua efic\u00e1cia por decurso de prazo.<\/p>\n<p style=\"text-align: justify\"><strong>Assinale a alternativa correta.<\/strong><\/p>\n<p style=\"text-align: justify\">a) Apenas I \u00e9 correto.<\/p>\n<p style=\"text-align: justify\">b) Apenas I e III s\u00e3o incorretos.<\/p>\n<p style=\"text-align: justify\">c) I, II, III e IV s\u00e3o incorretos.<\/p>\n<p style=\"text-align: justify\">d) Apenas IV \u00e9 correto.<\/p>\n<p style=\"text-align: justify\">e) Apenas II e III s\u00e3o corretos.<\/p>\n<p style=\"text-align: justify\"><strong>Coment\u00e1rios:<\/strong><\/p>\n<p style=\"text-align: justify\">A <strong><em>primeira assertiva<\/em><\/strong> est\u00e1 correta. \u00c9 vedada a edi\u00e7\u00e3o de medida provis\u00f3ria sobre direito penal, processual penal e processual civil (art. 62, \u00a7 1\u00ba, I, al\u00ednea \u201cb\u201d).<\/p>\n<p style=\"text-align: justify\">A <strong><em>segunda assertiva<\/em><\/strong> est\u00e1 errada. O prazo de vig\u00eancia das medidas provis\u00f3rias \u00e9 de 60 (sessenta dias), <u>prorrog\u00e1veis<\/u> automaticamente por mais 60 (sessenta) dias.<\/p>\n<p style=\"text-align: justify\">A <strong><em>terceira assertiva<\/em><\/strong> est\u00e1 correta. Uma Comiss\u00e3o mista, composta de Deputados e Senadores, far\u00e1 uma an\u00e1lise pr\u00e9via da medida provis\u00f3ria, emitindo parecer sobre esta. Ap\u00f3s isso, a medida provis\u00f3ria ser\u00e1 apreciada por cada uma das Casas Legislativas, separadamente.<\/p>\n<p style=\"text-align: justify\">A <strong><em>quarta assertiva<\/em><\/strong> est\u00e1 errada. \u00c9 vedada a reedi\u00e7\u00e3o, <u>na mesma sess\u00e3o legislativa<\/u>, de medida provis\u00f3ria que tenha sido rejeitada ou que tenha perdido sua efic\u00e1cia por decurso de prazo.<\/p>\n<p style=\"text-align: justify\"><strong>Gabarito:<\/strong> <strong><u>Sem gabarito<\/u><\/strong>. Independentemente da resposta da banca, cabe recurso pedindo a anula\u00e7\u00e3o dessa quest\u00e3o.<\/p>\n<p style=\"text-align: justify\"><strong>38 &#8211; (IBFC \/ TJ-PE \u2013 2017) A organiza\u00e7\u00e3o pol\u00edtico-administrativo do Brasil \u00e9 tema central no texto da Constitui\u00e7\u00e3o da Rep\u00fablica. Sobre esse tema, assinale a alternativa correta.<\/strong><\/p>\n<p style=\"text-align: justify\">a) \u00c9 de compet\u00eancia exclusiva da Uni\u00e3o legislar sobre mat\u00e9rias referentes ao acesso \u00e0 cultura, educa\u00e7\u00e3o, ci\u00eancia, tecnologia, pesquisa e inova\u00e7\u00e3o.<\/p>\n<p style=\"text-align: justify\">b) Os Estados s\u00e3o organizados por meio de Lei Org\u00e2nica aprovada em suas respectivas Assembleias Legislativas.<\/p>\n<p style=\"text-align: justify\">c) O n\u00famero de Vereadores \u00e9 vari\u00e1vel de acordo com o n\u00famero de habitantes do Munic\u00edpio. Nas cidades com at\u00e9 300.000 (trezentos mil) habitantes esse n\u00famero est\u00e1 limitado a 22 (vinte e dois) vereadores.<\/p>\n<p style=\"text-align: justify\">d) O n\u00famero de Deputados \u00e0 Assembleia Legislativa corresponder\u00e1 ao triplo da representa\u00e7\u00e3o do Estado na C\u00e2mara dos Deputados.<\/p>\n<p style=\"text-align: justify\">e) Compete aos Estados legislarem sobre tr\u00e2nsito e transporte.<\/p>\n<p style=\"text-align: justify\"><strong>Coment\u00e1rios: <\/strong><\/p>\n<p style=\"text-align: justify\">Letra A: errada. \u00c9 <strong><em>compet\u00eancia concorrente<\/em><\/strong> da Uni\u00e3o, dos Estados e do Distrito Federal legislar sobre educa\u00e7\u00e3o, cultura, ensino, desporto, ci\u00eancia, tecnologia, pesquisa, desenvolvimento e inova\u00e7\u00e3o (art. 24, IX, CF\/88).<\/p>\n<p style=\"text-align: justify\">Letra B: errada. Os <strong><em>Munic\u00edpios<\/em><\/strong> \u00e9 que exercem sua capacidade de auto-organiza\u00e7\u00e3o por meio de Lei Org\u00e2nica.<\/p>\n<p style=\"text-align: justify\">Letra C: errada. A CF\/88 estabelece um n\u00famero m\u00e1ximo de Vereadores, vari\u00e1vel conforme o n\u00famero de habitantes de cada Munic\u00edpios. Nos Munic\u00edpios com at\u00e9 300.000 habitantes, esse n\u00famero est\u00e1 <u>limitado a 21 (vinte e um) Vereadores<\/u> (art. 29, IV, al\u00ednea \u201cg\u201d, CF\/88).<\/p>\n<p style=\"text-align: justify\">Letra D: errada. Segundo o art. 27, CF\/88, <em>\u201co n\u00famero de Deputados \u00e0 Assembleia Legislativa corresponder\u00e1 ao triplo da representa\u00e7\u00e3o do Estado na C\u00e2mara dos Deputados e, <u>atingido o n\u00famero de trinta e seis, ser\u00e1 acrescido de tantos quantos forem os Deputados Federais acima de doze<\/u><\/em>\u201d.<\/p>\n<p style=\"text-align: justify\">Letra E: errada. \u00c9 <strong><em>compet\u00eancia privativa da Uni\u00e3o<\/em><\/strong> legislar sobre tr\u00e2nsito e transportes (art. 22, XI, CF\/88).<\/p>\n<p style=\"text-align: justify\"><strong>Gabarito: <u>Sem gabarito.<\/u> <\/strong>Qualquer que seja a resposta da banca examinadora, cabe recurso pedindo a anula\u00e7\u00e3o.<\/p>\n<p style=\"text-align: justify\"><strong>39 \u2013 (IBFC \/ TJ-PE \u2013 2017) O Conselho Nacional de Justi\u00e7a (CNJ) foi criado por meio da Emenda Constitucional n\u00ba 45\/2004 e apresenta papel de destaque no cen\u00e1rio pol\u00edtico-jur\u00eddico do pa\u00eds. Considerando o papel de proemin\u00eancia do citado Conselho, analise as afirmativas abaixo e, em seguida, assinale a alternativa correta.<\/strong><\/p>\n<p style=\"text-align: justify\"><strong>I)<\/strong> O Conselho Nacional de Justi\u00e7a \u00e9 formado por 15 (quinze) membros, dentre eles, magistrados, membros do Minist\u00e9rio P\u00fablico, advogados e cidad\u00e3os de not\u00e1vel saber jur\u00eddico.<\/p>\n<p style=\"text-align: justify\"><strong>II)<\/strong> \u00c9 vedada a recondu\u00e7\u00e3o ao cargo de membros do Conselho Nacional de Justi\u00e7a.<\/p>\n<p style=\"text-align: justify\"><strong>III)<\/strong> Cabe ao Conselho Nacional de Justi\u00e7a rever, apenas mediante provoca\u00e7\u00e3o, os processos disciplinares de ju\u00edzes e membros de tribunais julgados h\u00e1 menos de um ano.<\/p>\n<p style=\"text-align: justify\"><strong>IV)<\/strong> O Conselho Nacional de Justi\u00e7a elabora, anualmente, relat\u00f3rio estat\u00edstico contendo informa\u00e7\u00f5es sobre processos e o n\u00famero de senten\u00e7as prolatadas em todos os estados da Federa\u00e7\u00e3o.<\/p>\n<p style=\"text-align: justify\"><strong>Assinale a alternativa correta.<\/strong><\/p>\n<p style=\"text-align: justify\">a) Apenas I \u00e9 correto.<\/p>\n<p style=\"text-align: justify\">b) Apenas II e III s\u00e3o corretos.<\/p>\n<p style=\"text-align: justify\">c) Apenas II e IV s\u00e3o corretos.<\/p>\n<p style=\"text-align: justify\">d) Apenas IV \u00e9 correto.<\/p>\n<p style=\"text-align: justify\">e) I, II, III e IV s\u00e3o corretos.<\/p>\n<p style=\"text-align: justify\"><strong>Coment\u00e1rios: <\/strong><\/p>\n<p style=\"text-align: justify\">A <strong><em>primeira assertiva<\/em><\/strong> est\u00e1 correta. O CNJ tem 15 membros, dentre os quais: 9 (nove) membros oriundos da Magistratura; 2 (dois) membros oriundos do Minist\u00e9rio P\u00fablico; 2 (dois) membros oriundos da advocacia e; 2 (dois) cidad\u00e3os.<\/p>\n<p style=\"text-align: justify\">A <strong><em>segunda assertiva<\/em><\/strong> est\u00e1 errada. Os membros do CNJ t\u00eam um mandato de 2 (dois) anos, <u>admitida uma recondu\u00e7\u00e3o<\/u>.<\/p>\n<p style=\"text-align: justify\">A <strong><em>terceira assertiva<\/em><\/strong> est\u00e1 errada. O CNJ tem compet\u00eancia para rever, <u>de of\u00edcio ou mediante provoca\u00e7\u00e3o<\/u>, os processos disciplinares de ju\u00edzes e membros de tribunais julgados h\u00e1 menos de 1 (um) ano.<\/p>\n<p style=\"text-align: justify\">A <strong><em>quarta assertiva<\/em><\/strong> est\u00e1 errada. O CNJ elabora <u>semestralmente<\/u> relat\u00f3rio estat\u00edstico sobre processos e senten\u00e7as prolatadas, por unidade da Federa\u00e7\u00e3o, nos diferentes \u00f3rg\u00e3os do Poder Judici\u00e1rio.<\/p>\n<p style=\"text-align: justify\">O gabarito \u00e9 a letra A.<\/p>\n<p style=\"text-align: justify\"><strong>40-(IBFC \/ TJ-PE \u2013 2017) Assinale a alternativa que apresenta o posicionamento correto sobre as atribui\u00e7\u00f5es dos Ministros de Estado.<\/strong><\/p>\n<p style=\"text-align: justify\">a) Expedir decretos com a finalidade de regulamentar textos de lei.<\/p>\n<p style=\"text-align: justify\">b) Praticar atos atinentes e outras pastas independentemente de autoriza\u00e7\u00e3o do Presidente da Rep\u00fablica.<\/p>\n<p style=\"text-align: justify\">c) Apresentar ao Presidente da Rep\u00fablica relat\u00f3rio semestral de sua gest\u00e3o frente ao respectivo Minist\u00e9rio.<\/p>\n<p style=\"text-align: justify\">d) Conceder, por delega\u00e7\u00e3o do Presidente da Rep\u00fablica, indulto.<\/p>\n<p style=\"text-align: justify\">e) Extinguir os cargos p\u00fablicos federais, na forma da lei.<\/p>\n<p style=\"text-align: justify\"><strong>Coment\u00e1rios: <\/strong><\/p>\n<p style=\"text-align: justify\">Letra A: errada. \u00c9 compet\u00eancia do Presidente da Rep\u00fablica expedir decretos e regulamentos para a fiel execu\u00e7\u00e3o de leis. Os Ministros de Estado t\u00eam compet\u00eancia para <strong><em>expedir instru\u00e7\u00f5es<\/em><\/strong> para a execu\u00e7\u00e3o das leis, decretos e regulamentos (art. 87, II, CF\/88).<\/p>\n<p style=\"text-align: justify\">Letra B: errada. Os Ministros de Estado t\u00eam compet\u00eancia para praticar os atos pertinentes \u00e0s atribui\u00e7\u00f5es que lhe forem outorgadas ou delegadas pelo Presidente da Rep\u00fablica (art. 87, IV, CF\/88).<\/p>\n<p style=\"text-align: justify\">Letra C: errada. Os Ministros de Estado t\u00eam como uma de suas atribui\u00e7\u00f5es apresentar ao Presidente da Rep\u00fablica <strong><em>relat\u00f3rio anual<\/em><\/strong> de sua gest\u00e3o no Minist\u00e9rio (art. 87, III, CF\/88).<\/p>\n<p style=\"text-align: justify\">Letra D: correta. O Presidente da Rep\u00fablica tem compet\u00eancia para conceder indulto e comutar penas. No entanto, trata-se de <strong><em>compet\u00eancia deleg\u00e1vel<\/em><\/strong> aos Ministros de Estado, Advogado-Geral da Uni\u00e3o e Procurador-Geral da Rep\u00fablica.<\/p>\n<p style=\"text-align: justify\">Letra E: errada. A extin\u00e7\u00e3o de cargos p\u00fablico federais vagos se d\u00e1 mediante decreto aut\u00f4nomo. J\u00e1 a extin\u00e7\u00e3o de cargos p\u00fablicos federais ocupados depende de lei de iniciativa do Presidente da Rep\u00fablica.<\/p>\n<p style=\"text-align: justify\">O gabarito \u00e9 a letra D.<\/p>\n<p style=\"text-align: justify\"><strong>41-(IBFC \/ TJ-PE \u2013 2017) No ano de 1998, o regime jur\u00eddico dos servidores p\u00fablicos sofreu grande mudan\u00e7a em virtude da promulga\u00e7\u00e3o da Emenda Constitucional n\u00ba 18, de 1998. Com base no contido na Constitui\u00e7\u00e3o Federal, analise os itens abaixo:<\/strong><\/p>\n<p style=\"text-align: justify\"><strong>I)<\/strong> Os detentores de mandato eletivo ser\u00e3o remunerados exclusivamente por subs\u00eddio fixado em parcela \u00fanica, vedado o acr\u00e9scimo de qualquer gratifica\u00e7\u00e3o, adicional, abono, pr\u00eamio, verba de representa\u00e7\u00e3o ou outra esp\u00e9cie remunerat\u00f3ria.<\/p>\n<p style=\"text-align: justify\"><strong>II)<\/strong> Os servidores com mais de dois anos de efetivo exerc\u00edcio nomeados para cargo de provimento efetivo em virtude de concurso p\u00fablico gozam de estabilidade.<\/p>\n<p style=\"text-align: justify\"><strong>III)<\/strong> O servidor p\u00fablico s\u00f3 perder\u00e1 o cargo em virtude de senten\u00e7a penal condenat\u00f3ria prolatada por \u00f3rg\u00e3o colegiado de segunda inst\u00e2ncia.<\/p>\n<p style=\"text-align: justify\"><strong>IV)<\/strong> \u00c9 assegurado ao servidor p\u00fablico o regime de previd\u00eancia de car\u00e1ter contributivo e solid\u00e1rio, mediante contribui\u00e7\u00e3o do respectivo ente p\u00fablico, dos servidores ativos e inativos e dos pensionistas.<\/p>\n<p style=\"text-align: justify\"><strong>Assinale a alternativa correta.<\/strong><\/p>\n<p style=\"text-align: justify\">a) Apenas I e III s\u00e3o incorretos.<\/p>\n<p style=\"text-align: justify\">b) Apenas II \u00e9 correto.<\/p>\n<p style=\"text-align: justify\">c) Apenas I \u00e9 incorreto.<\/p>\n<p style=\"text-align: justify\">d) Apenas II e III s\u00e3o corretos.<\/p>\n<p style=\"text-align: justify\">e) Apenas IV \u00e9 incorreto.<\/p>\n<p style=\"text-align: justify\"><strong>Coment\u00e1rios: <\/strong><\/p>\n<p style=\"text-align: justify\">A <strong><em>primeira assertiva<\/em><\/strong> est\u00e1 correta. \u00c9 exatamente o que prev\u00ea o art. 39, \u00a7 4\u00ba, CF\/88:<\/p>\n<p style=\"padding-left: 30px;text-align: justify\"><strong><em>\u00a7\u00a04\u00ba<\/em><\/strong><em> &#8211; O membro de Poder, o <u>detentor de mandato eletivo<\/u>, os Ministros de Estado e os Secret\u00e1rios Estaduais e Municipais ser\u00e3o <u>remunerados exclusivamente por subs\u00eddio fixado em parcela \u00fanica<\/u>, vedado o acr\u00e9scimo de qualquer gratifica\u00e7\u00e3o, adicional, abono, pr\u00eamio, verba de representa\u00e7\u00e3o ou outra esp\u00e9cie remunerat\u00f3ria, obedecido, em qualquer caso, o disposto no art. 37, X e XI.<\/em><\/p>\n<p style=\"text-align: justify\">A <strong><em>segunda assertiva<\/em><\/strong> est\u00e1 errada. A aquisi\u00e7\u00e3o de estabilidade depende de <u>3 (tr\u00eas) anos<\/u> de efetivo exerc\u00edcio e avalia\u00e7\u00e3o especial de desempenho, por comiss\u00e3o institu\u00edda especificamente com essa finalidade.<\/p>\n<p style=\"text-align: justify\">A <strong><em>terceira assertiva<\/em><\/strong> est\u00e1 errada. O servidor p\u00fablico est\u00e1vel perder\u00e1 o cargo nas seguintes hip\u00f3teses: i) senten\u00e7a judicial transitada em julgado; ii) processo administrativo no qual lhe seja assegurada ampla defesa; iii) avalia\u00e7\u00e3o peri\u00f3dica de desempenho, na forma de lei complementar, assegurada ampla defesa e; iv) excesso de despesas com pessoal, na forma do art. 169, \u00a7 3\u00ba.<\/p>\n<p style=\"text-align: justify\">A <strong><em>quarta assertiva<\/em><\/strong> est\u00e1 correta. Segundo o art. 40, CF\/88, \u201c<em>aos servidores titulares de cargos efetivos da Uni\u00e3o, dos Estados, do Distrito Federal e dos Munic\u00edpios, inclu\u00eddas suas autarquias e funda\u00e7\u00f5es, \u00e9 assegurado regime de previd\u00eancia de <u>car\u00e1ter contributivo e solid\u00e1rio<\/u>, mediante contribui\u00e7\u00e3o do respectivo <u>ente p\u00fablico, dos servidores ativos e inativos e dos pensionistas<\/u><\/em>\u201d.<\/p>\n<p style=\"text-align: justify\"><strong>Gabarito:<\/strong> <strong><u>Sem gabarito<\/u><\/strong>. Qualquer que seja a resposta da banca examinadora, \u00e9 cab\u00edvel recurso solicitando a anula\u00e7\u00e3o da quest\u00e3o.<\/p>\n<p style=\"text-align: justify\"><strong>42-(IBFC \/ TJ-PE \u2013 2017) Assinale a alternativa que N\u00c3O indica direitos sociais dispostos no texto constitucional:<\/strong><\/p>\n<p style=\"text-align: justify\">a) Repouso semanal remunerado, preferencialmente aos domingos.<\/p>\n<p style=\"text-align: justify\">b) Rela\u00e7\u00e3o de emprego protegida contra despedida arbitr\u00e1ria ou sem justa causa.<\/p>\n<p style=\"text-align: justify\">c) Irredutibilidade do sal\u00e1rio, mesmo na exist\u00eancia de conven\u00e7\u00e3o ou acordo coletivo.<\/p>\n<p style=\"text-align: justify\">d) Licen\u00e7a-paternidade.<\/p>\n<p style=\"text-align: justify\">e) Participa\u00e7\u00e3o nos lucros, ou resultados, desvinculada da remunera\u00e7\u00e3o e, excepcionalmente, participa\u00e7\u00e3o na gest\u00e3o da empresa.<\/p>\n<p style=\"text-align: justify\"><strong>Coment\u00e1rios: <\/strong><\/p>\n<p style=\"text-align: justify\">Letra A: correta. \u00c9 direito social dos trabalhadores o repouso semanal remunerado, preferencialmente aos domingos (art. 7\u00ba, XV, CF\/88).<\/p>\n<p style=\"text-align: justify\">Letra B: correta. \u00c9 direito social dos trabalhadores a rela\u00e7\u00e3o de emprego protegida contra despedida arbitr\u00e1ria ou sem justa causa, nos termos de lei complementar (art. 7\u00ba, I, CF\/88).<\/p>\n<p style=\"text-align: justify\">Letra C: errada. A irredutibilidade do sal\u00e1rio n\u00e3o \u00e9 absoluta, podendo ser flexibilizada por <strong><em>negocia\u00e7\u00e3o coletiva de trabalho<\/em><\/strong> (art. 7\u00ba, VI, CF\/88).<\/p>\n<p style=\"text-align: justify\">Letra D: correta. \u00c9 direito social dos trabalhadores a licen\u00e7a-paternidade (art.7\u00ba, XIX, CF\/88).<\/p>\n<p style=\"text-align: justify\">Letra E: correta. \u00c9 direito social dos trabalhadores participa\u00e7\u00e3o nos lucros, ou resultados, desvinculada da remunera\u00e7\u00e3o e, excepcionalmente, participa\u00e7\u00e3o na gest\u00e3o da empresa, conforme definido em lei (art. 7\u00ba, XI, CF\/88).<\/p>\n<p style=\"text-align: justify\">O gabarito \u00e9 a letra C.<\/p>\n<p>&nbsp;<\/p>\n","protected":false},"excerpt":{"rendered":"<p>Ol\u00e1, pessoal! Tudo bem? Nesse \u00faltimo domingo (15\/10), tivemos as provas do concurso do TJ\/PE. A seguir, irei comentar a prova de Direito Constitucional do cargo de T\u00e9cnico (Fun\u00e7\u00e3o Administrativa). Antes, um breve coment\u00e1rio. A IBFC foi extremamente desatenta ao elaborar as quest\u00f5es de Direito Constitucional. Tivemos 3 quest\u00f5es sem gabarito, que precisam ser anuladas. [&hellip;]<\/p>\n","protected":false},"author":26,"featured_media":0,"comment_status":"open","ping_status":"open","sticky":false,"template":"","format":"standard","meta":{"post_tipo":"article","footnotes":""},"categories":[1],"tags":[],"tax_estado":[],"class_list":["post-92584","post","type-post","status-publish","format-standard","hentry","category-cursos-e-concursos"],"acf":[],"yoast_head":"<!-- This site is optimized with the Yoast SEO Premium plugin v27.2 (Yoast SEO v27.2) - https:\/\/yoast.com\/product\/yoast-seo-premium-wordpress\/ -->\n<title>Gabarito Extraoficial - Direito Constitucional - TJ\/PE - T\u00e9cnico (Fun\u00e7\u00e3o Administrativa) - Cabem 3 ANULA\u00c7\u00d5ES!<\/title>\n<meta name=\"robots\" content=\"index, follow, max-snippet:-1, max-image-preview:large, max-video-preview:-1\" \/>\n<link rel=\"canonical\" href=\"https:\/\/www.estrategiaconcursos.com.br\/blog\/gabarito-extraoficial-direito-constitucional-tjpe-tecnico-funcao-administrativa-cabem-3-anulacoes\/\" \/>\n<meta property=\"og:locale\" content=\"pt_BR\" \/>\n<meta property=\"og:type\" content=\"article\" \/>\n<meta property=\"og:title\" content=\"Gabarito Extraoficial - Direito Constitucional - TJ\/PE - T\u00e9cnico (Fun\u00e7\u00e3o Administrativa) - Cabem 3 ANULA\u00c7\u00d5ES!\" \/>\n<meta property=\"og:description\" content=\"Ol\u00e1, pessoal! Tudo bem? Nesse \u00faltimo domingo (15\/10), tivemos as provas do concurso do TJ\/PE. A seguir, irei comentar a prova de Direito Constitucional do cargo de T\u00e9cnico (Fun\u00e7\u00e3o Administrativa). Antes, um breve coment\u00e1rio. A IBFC foi extremamente desatenta ao elaborar as quest\u00f5es de Direito Constitucional. Tivemos 3 quest\u00f5es sem gabarito, que precisam ser anuladas. [&hellip;]\" \/>\n<meta property=\"og:url\" content=\"https:\/\/www.estrategiaconcursos.com.br\/blog\/gabarito-extraoficial-direito-constitucional-tjpe-tecnico-funcao-administrativa-cabem-3-anulacoes\/\" \/>\n<meta property=\"og:site_name\" content=\"Estrat\u00e9gia Concursos\" \/>\n<meta property=\"article:author\" content=\"https:\/\/www.facebook.com\/rvale01\" \/>\n<meta property=\"article:published_time\" content=\"2017-10-16T15:13:18+00:00\" \/>\n<meta property=\"article:modified_time\" content=\"2017-10-16T15:17:30+00:00\" \/>\n<meta name=\"author\" content=\"Ricardo Vale\" \/>\n<meta name=\"twitter:card\" content=\"summary_large_image\" \/>\n<meta name=\"twitter:creator\" content=\"@https:\/\/twitter.com\/EstratConcursos\" \/>\n<meta name=\"twitter:site\" content=\"@EstratConcursos\" \/>\n<meta name=\"twitter:label1\" content=\"Escrito por\" \/>\n\t<meta name=\"twitter:data1\" content=\"Ricardo Vale\" \/>\n\t<meta name=\"twitter:label2\" content=\"Est. tempo de leitura\" \/>\n\t<meta name=\"twitter:data2\" content=\"11 minutos\" \/>\n<script type=\"application\/ld+json\" class=\"yoast-schema-graph\">{\"@context\":\"https:\/\/schema.org\",\"@graph\":[{\"@type\":\"NewsArticle\",\"@id\":\"https:\/\/www.estrategiaconcursos.com.br\/blog\/gabarito-extraoficial-direito-constitucional-tjpe-tecnico-funcao-administrativa-cabem-3-anulacoes\/#article\",\"isPartOf\":{\"@id\":\"https:\/\/www.estrategiaconcursos.com.br\/blog\/gabarito-extraoficial-direito-constitucional-tjpe-tecnico-funcao-administrativa-cabem-3-anulacoes\/\"},\"author\":{\"name\":\"Ricardo Vale\",\"@id\":\"https:\/\/www.estrategiaconcursos.com.br\/blog\/#\/schema\/person\/c32e47dba2159cafe7796a9569a6ff7e\"},\"headline\":\"Gabarito Extraoficial &#8211; Direito Constitucional &#8211; TJ\/PE &#8211; T\u00e9cnico (Fun\u00e7\u00e3o Administrativa) &#8211; Cabem 3 ANULA\u00c7\u00d5ES!\",\"datePublished\":\"2017-10-16T15:13:18+00:00\",\"dateModified\":\"2017-10-16T15:17:30+00:00\",\"mainEntityOfPage\":{\"@id\":\"https:\/\/www.estrategiaconcursos.com.br\/blog\/gabarito-extraoficial-direito-constitucional-tjpe-tecnico-funcao-administrativa-cabem-3-anulacoes\/\"},\"wordCount\":2305,\"commentCount\":0,\"publisher\":{\"@id\":\"https:\/\/www.estrategiaconcursos.com.br\/blog\/#organization\"},\"articleSection\":[\"Concursos P\u00fablicos\"],\"inLanguage\":\"pt-BR\",\"potentialAction\":[{\"@type\":\"CommentAction\",\"name\":\"Comment\",\"target\":[\"https:\/\/www.estrategiaconcursos.com.br\/blog\/gabarito-extraoficial-direito-constitucional-tjpe-tecnico-funcao-administrativa-cabem-3-anulacoes\/#respond\"]}],\"copyrightYear\":\"2017\",\"copyrightHolder\":{\"@id\":\"https:\/\/www.estrategiaconcursos.com.br\/blog\/#organization\"}},{\"@type\":\"WebPage\",\"@id\":\"https:\/\/www.estrategiaconcursos.com.br\/blog\/gabarito-extraoficial-direito-constitucional-tjpe-tecnico-funcao-administrativa-cabem-3-anulacoes\/\",\"url\":\"https:\/\/www.estrategiaconcursos.com.br\/blog\/gabarito-extraoficial-direito-constitucional-tjpe-tecnico-funcao-administrativa-cabem-3-anulacoes\/\",\"name\":\"Gabarito Extraoficial - Direito Constitucional - TJ\/PE - T\u00e9cnico (Fun\u00e7\u00e3o Administrativa) - Cabem 3 ANULA\u00c7\u00d5ES!\",\"isPartOf\":{\"@id\":\"https:\/\/www.estrategiaconcursos.com.br\/blog\/#website\"},\"datePublished\":\"2017-10-16T15:13:18+00:00\",\"dateModified\":\"2017-10-16T15:17:30+00:00\",\"breadcrumb\":{\"@id\":\"https:\/\/www.estrategiaconcursos.com.br\/blog\/gabarito-extraoficial-direito-constitucional-tjpe-tecnico-funcao-administrativa-cabem-3-anulacoes\/#breadcrumb\"},\"inLanguage\":\"pt-BR\",\"potentialAction\":[{\"@type\":\"ReadAction\",\"target\":[\"https:\/\/www.estrategiaconcursos.com.br\/blog\/gabarito-extraoficial-direito-constitucional-tjpe-tecnico-funcao-administrativa-cabem-3-anulacoes\/\"]}]},{\"@type\":\"BreadcrumbList\",\"@id\":\"https:\/\/www.estrategiaconcursos.com.br\/blog\/gabarito-extraoficial-direito-constitucional-tjpe-tecnico-funcao-administrativa-cabem-3-anulacoes\/#breadcrumb\",\"itemListElement\":[{\"@type\":\"ListItem\",\"position\":1,\"name\":\"In\u00edcio\",\"item\":\"https:\/\/www.estrategiaconcursos.com.br\/blog\/\"},{\"@type\":\"ListItem\",\"position\":2,\"name\":\"Gabarito Extraoficial &#8211; Direito Constitucional &#8211; TJ\/PE &#8211; T\u00e9cnico (Fun\u00e7\u00e3o Administrativa) &#8211; Cabem 3 ANULA\u00c7\u00d5ES!\"}]},{\"@type\":\"WebSite\",\"@id\":\"https:\/\/www.estrategiaconcursos.com.br\/blog\/#website\",\"url\":\"https:\/\/www.estrategiaconcursos.com.br\/blog\/\",\"name\":\"Estrat\u00e9gia Concursos\",\"description\":\"O blog da Estrat\u00e9gia Concursos traz not\u00edcias sobre concursos e artigos de professores oferecendo cursos para concursos (pdf + videaulas) no site.\",\"publisher\":{\"@id\":\"https:\/\/www.estrategiaconcursos.com.br\/blog\/#organization\"},\"potentialAction\":[{\"@type\":\"SearchAction\",\"target\":{\"@type\":\"EntryPoint\",\"urlTemplate\":\"https:\/\/www.estrategiaconcursos.com.br\/blog\/?s={search_term_string}\"},\"query-input\":{\"@type\":\"PropertyValueSpecification\",\"valueRequired\":true,\"valueName\":\"search_term_string\"}}],\"inLanguage\":\"pt-BR\"},{\"@type\":\"Organization\",\"@id\":\"https:\/\/www.estrategiaconcursos.com.br\/blog\/#organization\",\"name\":\"Estrat\u00e9gia Concursos\",\"url\":\"https:\/\/www.estrategiaconcursos.com.br\/blog\/\",\"logo\":{\"@type\":\"ImageObject\",\"inLanguage\":\"pt-BR\",\"@id\":\"https:\/\/www.estrategiaconcursos.com.br\/blog\/#\/schema\/logo\/image\/\",\"url\":\"https:\/\/dhg1h5j42swfq.cloudfront.net\/2025\/06\/03203428\/logo_concursos-1.jpg\",\"contentUrl\":\"https:\/\/dhg1h5j42swfq.cloudfront.net\/2025\/06\/03203428\/logo_concursos-1.jpg\",\"width\":230,\"height\":60,\"caption\":\"Estrat\u00e9gia Concursos\"},\"image\":{\"@id\":\"https:\/\/www.estrategiaconcursos.com.br\/blog\/#\/schema\/logo\/image\/\"},\"sameAs\":[\"https:\/\/x.com\/EstratConcursos\"]},{\"@type\":\"Person\",\"@id\":\"https:\/\/www.estrategiaconcursos.com.br\/blog\/#\/schema\/person\/c32e47dba2159cafe7796a9569a6ff7e\",\"name\":\"Ricardo Vale\",\"image\":{\"@type\":\"ImageObject\",\"inLanguage\":\"pt-BR\",\"@id\":\"https:\/\/secure.gravatar.com\/avatar\/e5a5658c798bb49dd53314263f59f38c192d73370fb65839a372c2ae9027be74?s=96&d=mm&r=g\",\"url\":\"https:\/\/secure.gravatar.com\/avatar\/e5a5658c798bb49dd53314263f59f38c192d73370fb65839a372c2ae9027be74?s=96&d=mm&r=g\",\"contentUrl\":\"https:\/\/secure.gravatar.com\/avatar\/e5a5658c798bb49dd53314263f59f38c192d73370fb65839a372c2ae9027be74?s=96&d=mm&r=g\",\"caption\":\"Ricardo Vale\"},\"sameAs\":[\"https:\/\/www.facebook.com\/rvale01\",\"https:\/\/x.com\/https:\/\/twitter.com\/EstratConcursos\"],\"url\":\"https:\/\/www.estrategiaconcursos.com.br\/blog\/author\/ricardovaleestrategiaconcursos-com-br\/\"}]}<\/script>\n<!-- \/ Yoast SEO Premium plugin. -->","yoast_head_json":{"title":"Gabarito Extraoficial - Direito Constitucional - TJ\/PE - T\u00e9cnico (Fun\u00e7\u00e3o Administrativa) - Cabem 3 ANULA\u00c7\u00d5ES!","robots":{"index":"index","follow":"follow","max-snippet":"max-snippet:-1","max-image-preview":"max-image-preview:large","max-video-preview":"max-video-preview:-1"},"canonical":"https:\/\/www.estrategiaconcursos.com.br\/blog\/gabarito-extraoficial-direito-constitucional-tjpe-tecnico-funcao-administrativa-cabem-3-anulacoes\/","og_locale":"pt_BR","og_type":"article","og_title":"Gabarito Extraoficial - Direito Constitucional - TJ\/PE - T\u00e9cnico (Fun\u00e7\u00e3o Administrativa) - Cabem 3 ANULA\u00c7\u00d5ES!","og_description":"Ol\u00e1, pessoal! Tudo bem? Nesse \u00faltimo domingo (15\/10), tivemos as provas do concurso do TJ\/PE. A seguir, irei comentar a prova de Direito Constitucional do cargo de T\u00e9cnico (Fun\u00e7\u00e3o Administrativa). Antes, um breve coment\u00e1rio. A IBFC foi extremamente desatenta ao elaborar as quest\u00f5es de Direito Constitucional. Tivemos 3 quest\u00f5es sem gabarito, que precisam ser anuladas. [&hellip;]","og_url":"https:\/\/www.estrategiaconcursos.com.br\/blog\/gabarito-extraoficial-direito-constitucional-tjpe-tecnico-funcao-administrativa-cabem-3-anulacoes\/","og_site_name":"Estrat\u00e9gia Concursos","article_author":"https:\/\/www.facebook.com\/rvale01","article_published_time":"2017-10-16T15:13:18+00:00","article_modified_time":"2017-10-16T15:17:30+00:00","author":"Ricardo Vale","twitter_card":"summary_large_image","twitter_creator":"@https:\/\/twitter.com\/EstratConcursos","twitter_site":"@EstratConcursos","twitter_misc":{"Escrito por":"Ricardo Vale","Est. tempo de leitura":"11 minutos"},"schema":{"@context":"https:\/\/schema.org","@graph":[{"@type":"NewsArticle","@id":"https:\/\/www.estrategiaconcursos.com.br\/blog\/gabarito-extraoficial-direito-constitucional-tjpe-tecnico-funcao-administrativa-cabem-3-anulacoes\/#article","isPartOf":{"@id":"https:\/\/www.estrategiaconcursos.com.br\/blog\/gabarito-extraoficial-direito-constitucional-tjpe-tecnico-funcao-administrativa-cabem-3-anulacoes\/"},"author":{"name":"Ricardo Vale","@id":"https:\/\/www.estrategiaconcursos.com.br\/blog\/#\/schema\/person\/c32e47dba2159cafe7796a9569a6ff7e"},"headline":"Gabarito Extraoficial &#8211; Direito Constitucional &#8211; TJ\/PE &#8211; T\u00e9cnico (Fun\u00e7\u00e3o Administrativa) &#8211; Cabem 3 ANULA\u00c7\u00d5ES!","datePublished":"2017-10-16T15:13:18+00:00","dateModified":"2017-10-16T15:17:30+00:00","mainEntityOfPage":{"@id":"https:\/\/www.estrategiaconcursos.com.br\/blog\/gabarito-extraoficial-direito-constitucional-tjpe-tecnico-funcao-administrativa-cabem-3-anulacoes\/"},"wordCount":2305,"commentCount":0,"publisher":{"@id":"https:\/\/www.estrategiaconcursos.com.br\/blog\/#organization"},"articleSection":["Concursos P\u00fablicos"],"inLanguage":"pt-BR","potentialAction":[{"@type":"CommentAction","name":"Comment","target":["https:\/\/www.estrategiaconcursos.com.br\/blog\/gabarito-extraoficial-direito-constitucional-tjpe-tecnico-funcao-administrativa-cabem-3-anulacoes\/#respond"]}],"copyrightYear":"2017","copyrightHolder":{"@id":"https:\/\/www.estrategiaconcursos.com.br\/blog\/#organization"}},{"@type":"WebPage","@id":"https:\/\/www.estrategiaconcursos.com.br\/blog\/gabarito-extraoficial-direito-constitucional-tjpe-tecnico-funcao-administrativa-cabem-3-anulacoes\/","url":"https:\/\/www.estrategiaconcursos.com.br\/blog\/gabarito-extraoficial-direito-constitucional-tjpe-tecnico-funcao-administrativa-cabem-3-anulacoes\/","name":"Gabarito Extraoficial - Direito Constitucional - TJ\/PE - T\u00e9cnico (Fun\u00e7\u00e3o Administrativa) - Cabem 3 ANULA\u00c7\u00d5ES!","isPartOf":{"@id":"https:\/\/www.estrategiaconcursos.com.br\/blog\/#website"},"datePublished":"2017-10-16T15:13:18+00:00","dateModified":"2017-10-16T15:17:30+00:00","breadcrumb":{"@id":"https:\/\/www.estrategiaconcursos.com.br\/blog\/gabarito-extraoficial-direito-constitucional-tjpe-tecnico-funcao-administrativa-cabem-3-anulacoes\/#breadcrumb"},"inLanguage":"pt-BR","potentialAction":[{"@type":"ReadAction","target":["https:\/\/www.estrategiaconcursos.com.br\/blog\/gabarito-extraoficial-direito-constitucional-tjpe-tecnico-funcao-administrativa-cabem-3-anulacoes\/"]}]},{"@type":"BreadcrumbList","@id":"https:\/\/www.estrategiaconcursos.com.br\/blog\/gabarito-extraoficial-direito-constitucional-tjpe-tecnico-funcao-administrativa-cabem-3-anulacoes\/#breadcrumb","itemListElement":[{"@type":"ListItem","position":1,"name":"In\u00edcio","item":"https:\/\/www.estrategiaconcursos.com.br\/blog\/"},{"@type":"ListItem","position":2,"name":"Gabarito Extraoficial &#8211; Direito Constitucional &#8211; TJ\/PE &#8211; T\u00e9cnico (Fun\u00e7\u00e3o Administrativa) &#8211; Cabem 3 ANULA\u00c7\u00d5ES!"}]},{"@type":"WebSite","@id":"https:\/\/www.estrategiaconcursos.com.br\/blog\/#website","url":"https:\/\/www.estrategiaconcursos.com.br\/blog\/","name":"Estrat\u00e9gia Concursos","description":"O blog da Estrat\u00e9gia Concursos traz not\u00edcias sobre concursos e artigos de professores oferecendo cursos para concursos (pdf + videaulas) no site.","publisher":{"@id":"https:\/\/www.estrategiaconcursos.com.br\/blog\/#organization"},"potentialAction":[{"@type":"SearchAction","target":{"@type":"EntryPoint","urlTemplate":"https:\/\/www.estrategiaconcursos.com.br\/blog\/?s={search_term_string}"},"query-input":{"@type":"PropertyValueSpecification","valueRequired":true,"valueName":"search_term_string"}}],"inLanguage":"pt-BR"},{"@type":"Organization","@id":"https:\/\/www.estrategiaconcursos.com.br\/blog\/#organization","name":"Estrat\u00e9gia Concursos","url":"https:\/\/www.estrategiaconcursos.com.br\/blog\/","logo":{"@type":"ImageObject","inLanguage":"pt-BR","@id":"https:\/\/www.estrategiaconcursos.com.br\/blog\/#\/schema\/logo\/image\/","url":"https:\/\/dhg1h5j42swfq.cloudfront.net\/2025\/06\/03203428\/logo_concursos-1.jpg","contentUrl":"https:\/\/dhg1h5j42swfq.cloudfront.net\/2025\/06\/03203428\/logo_concursos-1.jpg","width":230,"height":60,"caption":"Estrat\u00e9gia Concursos"},"image":{"@id":"https:\/\/www.estrategiaconcursos.com.br\/blog\/#\/schema\/logo\/image\/"},"sameAs":["https:\/\/x.com\/EstratConcursos"]},{"@type":"Person","@id":"https:\/\/www.estrategiaconcursos.com.br\/blog\/#\/schema\/person\/c32e47dba2159cafe7796a9569a6ff7e","name":"Ricardo Vale","image":{"@type":"ImageObject","inLanguage":"pt-BR","@id":"https:\/\/secure.gravatar.com\/avatar\/e5a5658c798bb49dd53314263f59f38c192d73370fb65839a372c2ae9027be74?s=96&d=mm&r=g","url":"https:\/\/secure.gravatar.com\/avatar\/e5a5658c798bb49dd53314263f59f38c192d73370fb65839a372c2ae9027be74?s=96&d=mm&r=g","contentUrl":"https:\/\/secure.gravatar.com\/avatar\/e5a5658c798bb49dd53314263f59f38c192d73370fb65839a372c2ae9027be74?s=96&d=mm&r=g","caption":"Ricardo Vale"},"sameAs":["https:\/\/www.facebook.com\/rvale01","https:\/\/x.com\/https:\/\/twitter.com\/EstratConcursos"],"url":"https:\/\/www.estrategiaconcursos.com.br\/blog\/author\/ricardovaleestrategiaconcursos-com-br\/"}]}},"_links":{"self":[{"href":"https:\/\/www.estrategiaconcursos.com.br\/blog\/wp-json\/wp\/v2\/posts\/92584","targetHints":{"allow":["GET"]}}],"collection":[{"href":"https:\/\/www.estrategiaconcursos.com.br\/blog\/wp-json\/wp\/v2\/posts"}],"about":[{"href":"https:\/\/www.estrategiaconcursos.com.br\/blog\/wp-json\/wp\/v2\/types\/post"}],"author":[{"embeddable":true,"href":"https:\/\/www.estrategiaconcursos.com.br\/blog\/wp-json\/wp\/v2\/users\/26"}],"replies":[{"embeddable":true,"href":"https:\/\/www.estrategiaconcursos.com.br\/blog\/wp-json\/wp\/v2\/comments?post=92584"}],"version-history":[{"count":2,"href":"https:\/\/www.estrategiaconcursos.com.br\/blog\/wp-json\/wp\/v2\/posts\/92584\/revisions"}],"predecessor-version":[{"id":92586,"href":"https:\/\/www.estrategiaconcursos.com.br\/blog\/wp-json\/wp\/v2\/posts\/92584\/revisions\/92586"}],"wp:attachment":[{"href":"https:\/\/www.estrategiaconcursos.com.br\/blog\/wp-json\/wp\/v2\/media?parent=92584"}],"wp:term":[{"taxonomy":"category","embeddable":true,"href":"https:\/\/www.estrategiaconcursos.com.br\/blog\/wp-json\/wp\/v2\/categories?post=92584"},{"taxonomy":"post_tag","embeddable":true,"href":"https:\/\/www.estrategiaconcursos.com.br\/blog\/wp-json\/wp\/v2\/tags?post=92584"},{"taxonomy":"tax_estado","embeddable":true,"href":"https:\/\/www.estrategiaconcursos.com.br\/blog\/wp-json\/wp\/v2\/tax_estado?post=92584"}],"curies":[{"name":"wp","href":"https:\/\/api.w.org\/{rel}","templated":true}]}}