{"id":925293,"date":"2021-12-08T16:39:05","date_gmt":"2021-12-08T19:39:05","guid":{"rendered":"https:\/\/www.estrategiaconcursos.com.br\/blog\/?p=925293"},"modified":"2021-12-09T11:13:56","modified_gmt":"2021-12-09T14:13:56","slug":"detran-am-plano-carreira-cargos","status":"publish","type":"post","link":"https:\/\/www.estrategiaconcursos.com.br\/blog\/detran-am-plano-carreira-cargos\/","title":{"rendered":"Detran AM tem plano de carreira e cargos publicado. Confira!"},"content":{"rendered":"\n<p>Foi sancionada e publicada, no Di\u00e1rio Oficial do Amazonas, a Lei n\u00ba 5.722\/2021 que estabeleceu um novo<strong> Plano de Cargos, Carreiras e Remunera\u00e7\u00e3o (PCCR)<\/strong> aos servidores do <a href=\"https:\/\/www.detran.am.gov.br\/\" target=\"_blank\" rel=\"noreferrer noopener\">Departamento Estadual de Tr\u00e2nsito<\/a> do estado (Detran AM).<\/p>\n\n\n\n<p class=\"has-black-color has-cyan-bluish-gray-background-color has-text-color has-background\" style=\"font-size:clamp(14px, 0.875rem + ((1vw - 3.2px) * 0.392), 18px);\">\u2666 <a href=\"https:\/\/dhg1h5j42swfq.cloudfront.net\/2021\/12\/08152534\/diario_am_2021-12-06_completo_11.pdf\" target=\"_blank\" rel=\"noreferrer noopener nofollow\"><strong>Plano de Cargos, Carreiras e Remunera\u00e7\u00f5es (PCCR Detran AM)<\/strong><\/a><\/p>\n\n\n\n<p><strong>Confira os principais pontos do novo plano de carreiras do Detran AM:<\/strong><\/p>\n\n\n\n<p>O objetivo da lei \u00e9 de prover os recursos humanos necess\u00e1rios ao desenvolvimento e \u00e0 garantia da efic\u00e1cia dos programas, projetos e servi\u00e7os que assegurem a todos um tr\u00e2nsito seguro, bem como a valoriza\u00e7\u00e3o profissional, mediante a ado\u00e7\u00e3o dos seguintes aspectos:<\/p>\n\n\n\n<ul class=\"wp-block-list\"><li>I &#8211; estabelecer a estrutura de progress\u00e3o funcional que permita o reconhecimento do m\u00e9rito do servidor, considerando o seu desempenho, aperfei\u00e7oamento profissional e acad\u00eamico;<\/li><li>II &#8211; implementar sistema permanente de avalia\u00e7\u00e3o profissional, com vistas a incentivar o bom desempenho do servidor;<\/li><li>III &#8211; implementar sistema de remunera\u00e7\u00e3o, de forma a assegurar a evolu\u00e7\u00e3o na carreira, atrav\u00e9s da promo\u00e7\u00e3o entre os valores dos vencimentos fixados para os cargos dos diversos grupos ocupacionais que integram o quadro permanente do Departamento Estadual de Tr\u00e2nsito do Amazonas, com foco na administra\u00e7\u00e3o por resultado, visando \u00e0 qualidade do servi\u00e7o e \u00e0 valoriza\u00e7\u00e3o do servidor.<\/li><\/ul>\n\n\n\n<p>Os cargos de provimento efetivo, criados nos termos da Lei n\u00ba 5.722\/21, ser\u00e3o divididos entre dois grupos ocupacionais, sendo:<\/p>\n\n\n\n<ul class=\"wp-block-list\"><li>I &#8211; GRUPO OCUPACIONAL I: Analista de Tr\u00e2nsito, de n\u00edvel superior;<\/li><li>II &#8211; GRUPO OCUPACIONAL II: T\u00e9cnico de Tr\u00e2nsito, de n\u00edvel m\u00e9dio.<\/li><\/ul>\n\n\n\n<p>A jornada de trabalho dos servidores p\u00fablicos do Departamento Estadual de Tr\u00e2nsito do Amazonas &#8211; DETRAN\/AM, ser\u00e1 de 08 (oito) horas di\u00e1rias, at\u00e9 o limite de 40 (quarenta) horas semanais, ressalvadas as jornadas previstas em legisla\u00e7\u00e3o espec\u00edfica.<\/p>\n\n\n\n<p>Os vencimentos ser\u00e3o divididos entre 04 (quatro) classes: 1.\u00aa, 2.\u00aa, 3.\u00aa e Classe Especial, de modo a assegurar a eleva\u00e7\u00e3o funcional e salarial do servidor. Importante frisar que a remunera\u00e7\u00e3o \u00e9 constitu\u00edda de vencimento + gratifica\u00e7\u00f5es.<\/p>\n\n\n\n<ul class=\"wp-block-list\"><li>Para o n\u00edvel superior de forma\u00e7\u00e3o: <ul><li>Especial R$ 7.320,50<\/li><li>1\u00aa R$ 6.655,00<\/li><li>2\u00aa R$ 6.050,00<\/li><li>3\u00aa R$ 5.500,00<\/li><\/ul><\/li><\/ul>\n\n\n\n<ul class=\"wp-block-list\"><li>Para o n\u00edvel m\u00e9dio:<ul><li>Especial R$3.061,30<\/li><li>1\u00aa R$ 2.783,00<\/li><li>2\u00aa R$ 2.530,00<\/li><li>3\u00aa R$ 2.300,00<\/li><\/ul><\/li><\/ul>\n\n\n\n<p>Ainda, no documento est\u00e3o as respectivas porcentagens de gratifica\u00e7\u00f5es dos servidores, bem como da promo\u00e7\u00e3o funcional e do programa de capacita\u00e7\u00e3o e avalia\u00e7\u00e3o.<\/p>\n\n\n\n<p>Importante relembrar que o <strong>concurso Detran AM<\/strong> deve ser publicado em breve, com <strong>210 vagas<\/strong>. As remunera\u00e7\u00f5es oferecidas ser\u00e3o entre R$ 2,3 mil e R$ 5.5 mil. <\/p>\n\n\n\n<p class=\"has-text-align-center\">Para saber todas as informa\u00e7\u00f5es sobre o futuro edital do concurso Detran AM, bem como o novo plano de carreira do \u00f3rg\u00e3o, acesse o link exclusivo e completo abaixo:<\/p>\n\n\n\n<p class=\"has-text-align-center has-cyan-bluish-gray-background-color has-background has-medium-font-size\"><strong>Saiba mais: <a href=\"https:\/\/www.estrategiaconcursos.com.br\/blog\/concurso-detran-am\/\" target=\"_blank\" rel=\"noreferrer noopener\">concurso Detran AM<\/a><\/strong><\/p>\n\n\n\n<h2 class=\"has-text-align-center wp-block-heading\" id=\"cursos-assinatura\"><em>Quer estudar para o concurso Detran AM?<\/em><\/h2>\n\n\n\n<div class=\"container\" id=\"boxes\">\n  <div class=\"row\">\n\n    <div class=\"col-sm\">\n      <div class=\"banner-policial\" id=\"box-assinatura\">\n        <h3 class=\"titulo-assinatura\">Concurso Detran AM<\/h3>\n        <p class=\"subtitulo-assinatura\">Conhe\u00e7a os cursos<\/p>\n        <div class=\"box-botao\">\n          <a class=\"btn-assinatura\" target=\"_blank\" href=\"https:\/\/www.estrategiaconcursos.com.br\/cursos\/concurso\/\" role=\"button\" rel=\"noopener noreferrer\">Conhe\u00e7a mais<\/a>\n        <\/div>\n      <\/div>\n    \n    <\/div>\n\n  <\/div>\n<\/div>\n\n\n\n<div class=\"container\" id=\"boxes\">\n  <div class=\"row\">\n\n    <div class=\"col-sm\">\n      <div class=\"estrategia\" id=\"box-assinatura\">\n        <h3 class=\"titulo-assinatura\">Assinatura de Concursos<\/h3>\n        <p class=\"subtitulo-assinatura\">Assinatura de 1 ano ou 2 anos<\/p>\n        <div class=\"box-botao\">\n          <a class=\"btn-assinatura\" target=\"_blank\" href=\"https:\/\/www.estrategiaconcursos.com.br\/assinaturas\/\" role=\"button\" rel=\"noopener noreferrer\">ASSINE AGORA<\/a>\n        <\/div>\n      <\/div>\n     \n    <\/div><\/div><\/div>\n","protected":false},"excerpt":{"rendered":"<p>Foi sancionada e publicada, no Di\u00e1rio Oficial do Amazonas, a Lei n\u00ba 5.722\/2021 que estabeleceu um novo Plano de Cargos, Carreiras e Remunera\u00e7\u00e3o (PCCR) aos servidores do Departamento Estadual de Tr\u00e2nsito do estado (Detran AM). \u2666 Plano de Cargos, Carreiras e Remunera\u00e7\u00f5es (PCCR Detran AM) Confira os principais pontos do novo plano de carreiras do [&hellip;]<\/p>\n","protected":false},"author":2134,"featured_media":823978,"comment_status":"open","ping_status":"closed","sticky":false,"template":"","format":"standard","meta":{"post_tipo":"news","footnotes":""},"categories":[214992,220219],"tags":[],"tax_estado":[219966],"class_list":["post-925293","post","type-post","status-publish","format-standard","has-post-thumbnail","hentry","category-concursos-administrativos","category-noticias","tax_estado-am"],"acf":[],"yoast_head":"<!-- This site is optimized with the Yoast SEO Premium plugin v27.2 (Yoast SEO v27.2) - https:\/\/yoast.com\/product\/yoast-seo-premium-wordpress\/ -->\n<title>Detran AM tem plano de carreira e cargos publicado. Confira!<\/title>\n<meta name=\"description\" content=\"Concurso Detran AM tem publicado no DOE novo Plano de Cargos, Carreiras e Remunera\u00e7\u00e3o (PCCR) do \u00f3rg\u00e3o. Confira aqui os detalhes completos!\" \/>\n<meta name=\"robots\" content=\"index, follow, max-snippet:-1, max-image-preview:large, max-video-preview:-1\" \/>\n<link rel=\"canonical\" href=\"https:\/\/www.estrategiaconcursos.com.br\/blog\/detran-am-plano-carreira-cargos\/\" \/>\n<meta property=\"og:locale\" content=\"pt_BR\" \/>\n<meta property=\"og:type\" content=\"article\" \/>\n<meta property=\"og:title\" content=\"Detran AM tem plano de carreira e cargos publicado. Confira!\" \/>\n<meta property=\"og:description\" content=\"Concurso Detran AM tem publicado no DOE novo Plano de Cargos, Carreiras e Remunera\u00e7\u00e3o (PCCR) do \u00f3rg\u00e3o. Confira aqui os detalhes completos!\" \/>\n<meta property=\"og:url\" content=\"https:\/\/www.estrategiaconcursos.com.br\/blog\/detran-am-plano-carreira-cargos\/\" \/>\n<meta property=\"og:site_name\" content=\"Estrat\u00e9gia Concursos\" \/>\n<meta property=\"article:published_time\" content=\"2021-12-08T19:39:05+00:00\" \/>\n<meta property=\"article:modified_time\" content=\"2021-12-09T14:13:56+00:00\" \/>\n<meta property=\"og:image\" content=\"https:\/\/dhg1h5j42swfq.cloudfront.net\/2021\/07\/28151242\/detran-am.jpeg\" \/>\n\t<meta property=\"og:image:width\" content=\"768\" \/>\n\t<meta property=\"og:image:height\" content=\"432\" \/>\n\t<meta property=\"og:image:type\" content=\"image\/jpeg\" \/>\n<meta name=\"author\" content=\"Rafaela Teixeira\" \/>\n<meta name=\"twitter:card\" content=\"summary_large_image\" \/>\n<meta name=\"twitter:creator\" content=\"@EstratConcursos\" \/>\n<meta name=\"twitter:site\" content=\"@EstratConcursos\" \/>\n<meta name=\"twitter:label1\" content=\"Escrito por\" \/>\n\t<meta name=\"twitter:data1\" content=\"Rafaela Teixeira\" \/>\n\t<meta name=\"twitter:label2\" content=\"Est. tempo de leitura\" \/>\n\t<meta name=\"twitter:data2\" content=\"2 minutos\" \/>\n<script type=\"application\/ld+json\" class=\"yoast-schema-graph\">{\"@context\":\"https:\/\/schema.org\",\"@graph\":[{\"@type\":\"NewsArticle\",\"@id\":\"https:\/\/www.estrategiaconcursos.com.br\/blog\/detran-am-plano-carreira-cargos\/#article\",\"isPartOf\":{\"@id\":\"https:\/\/www.estrategiaconcursos.com.br\/blog\/detran-am-plano-carreira-cargos\/\"},\"author\":{\"name\":\"Rafaela Teixeira\",\"@id\":\"https:\/\/www.estrategiaconcursos.com.br\/blog\/#\/schema\/person\/e75352021ea7f60781c599934f916eb1\"},\"headline\":\"Detran AM tem plano de carreira e cargos publicado. Confira!\",\"datePublished\":\"2021-12-08T19:39:05+00:00\",\"dateModified\":\"2021-12-09T14:13:56+00:00\",\"mainEntityOfPage\":{\"@id\":\"https:\/\/www.estrategiaconcursos.com.br\/blog\/detran-am-plano-carreira-cargos\/\"},\"wordCount\":488,\"commentCount\":0,\"publisher\":{\"@id\":\"https:\/\/www.estrategiaconcursos.com.br\/blog\/#organization\"},\"image\":{\"@id\":\"https:\/\/www.estrategiaconcursos.com.br\/blog\/detran-am-plano-carreira-cargos\/#primaryimage\"},\"thumbnailUrl\":\"https:\/\/dhg1h5j42swfq.cloudfront.net\/2021\/07\/28151242\/detran-am.jpeg\",\"articleSection\":[\"Executivo (Administrativa)\",\"\u00daltimas not\u00edcias\"],\"inLanguage\":\"pt-BR\",\"potentialAction\":[{\"@type\":\"CommentAction\",\"name\":\"Comment\",\"target\":[\"https:\/\/www.estrategiaconcursos.com.br\/blog\/detran-am-plano-carreira-cargos\/#respond\"]}],\"copyrightYear\":\"2021\",\"copyrightHolder\":{\"@id\":\"https:\/\/www.estrategiaconcursos.com.br\/blog\/#organization\"}},{\"@type\":\"WebPage\",\"@id\":\"https:\/\/www.estrategiaconcursos.com.br\/blog\/detran-am-plano-carreira-cargos\/\",\"url\":\"https:\/\/www.estrategiaconcursos.com.br\/blog\/detran-am-plano-carreira-cargos\/\",\"name\":\"Detran AM tem plano de carreira e cargos publicado. Confira!\",\"isPartOf\":{\"@id\":\"https:\/\/www.estrategiaconcursos.com.br\/blog\/#website\"},\"primaryImageOfPage\":{\"@id\":\"https:\/\/www.estrategiaconcursos.com.br\/blog\/detran-am-plano-carreira-cargos\/#primaryimage\"},\"image\":{\"@id\":\"https:\/\/www.estrategiaconcursos.com.br\/blog\/detran-am-plano-carreira-cargos\/#primaryimage\"},\"thumbnailUrl\":\"https:\/\/dhg1h5j42swfq.cloudfront.net\/2021\/07\/28151242\/detran-am.jpeg\",\"datePublished\":\"2021-12-08T19:39:05+00:00\",\"dateModified\":\"2021-12-09T14:13:56+00:00\",\"description\":\"Concurso Detran AM tem publicado no DOE novo Plano de Cargos, Carreiras e Remunera\u00e7\u00e3o (PCCR) do \u00f3rg\u00e3o. Confira aqui os detalhes completos!\",\"breadcrumb\":{\"@id\":\"https:\/\/www.estrategiaconcursos.com.br\/blog\/detran-am-plano-carreira-cargos\/#breadcrumb\"},\"inLanguage\":\"pt-BR\",\"potentialAction\":[{\"@type\":\"ReadAction\",\"target\":[\"https:\/\/www.estrategiaconcursos.com.br\/blog\/detran-am-plano-carreira-cargos\/\"]}]},{\"@type\":\"ImageObject\",\"inLanguage\":\"pt-BR\",\"@id\":\"https:\/\/www.estrategiaconcursos.com.br\/blog\/detran-am-plano-carreira-cargos\/#primaryimage\",\"url\":\"https:\/\/dhg1h5j42swfq.cloudfront.net\/2021\/07\/28151242\/detran-am.jpeg\",\"contentUrl\":\"https:\/\/dhg1h5j42swfq.cloudfront.net\/2021\/07\/28151242\/detran-am.jpeg\",\"width\":768,\"height\":432,\"caption\":\"DETRAN-AM\"},{\"@type\":\"BreadcrumbList\",\"@id\":\"https:\/\/www.estrategiaconcursos.com.br\/blog\/detran-am-plano-carreira-cargos\/#breadcrumb\",\"itemListElement\":[{\"@type\":\"ListItem\",\"position\":1,\"name\":\"In\u00edcio\",\"item\":\"https:\/\/www.estrategiaconcursos.com.br\/blog\/\"},{\"@type\":\"ListItem\",\"position\":2,\"name\":\"Detran AM tem plano de carreira e cargos publicado. Confira!\"}]},{\"@type\":\"WebSite\",\"@id\":\"https:\/\/www.estrategiaconcursos.com.br\/blog\/#website\",\"url\":\"https:\/\/www.estrategiaconcursos.com.br\/blog\/\",\"name\":\"Estrat\u00e9gia Concursos\",\"description\":\"O blog da Estrat\u00e9gia Concursos traz not\u00edcias sobre concursos e artigos de professores oferecendo cursos para concursos (pdf + videaulas) no site.\",\"publisher\":{\"@id\":\"https:\/\/www.estrategiaconcursos.com.br\/blog\/#organization\"},\"potentialAction\":[{\"@type\":\"SearchAction\",\"target\":{\"@type\":\"EntryPoint\",\"urlTemplate\":\"https:\/\/www.estrategiaconcursos.com.br\/blog\/?s={search_term_string}\"},\"query-input\":{\"@type\":\"PropertyValueSpecification\",\"valueRequired\":true,\"valueName\":\"search_term_string\"}}],\"inLanguage\":\"pt-BR\"},{\"@type\":\"Organization\",\"@id\":\"https:\/\/www.estrategiaconcursos.com.br\/blog\/#organization\",\"name\":\"Estrat\u00e9gia Concursos\",\"url\":\"https:\/\/www.estrategiaconcursos.com.br\/blog\/\",\"logo\":{\"@type\":\"ImageObject\",\"inLanguage\":\"pt-BR\",\"@id\":\"https:\/\/www.estrategiaconcursos.com.br\/blog\/#\/schema\/logo\/image\/\",\"url\":\"https:\/\/dhg1h5j42swfq.cloudfront.net\/2025\/06\/03203428\/logo_concursos-1.jpg\",\"contentUrl\":\"https:\/\/dhg1h5j42swfq.cloudfront.net\/2025\/06\/03203428\/logo_concursos-1.jpg\",\"width\":230,\"height\":60,\"caption\":\"Estrat\u00e9gia Concursos\"},\"image\":{\"@id\":\"https:\/\/www.estrategiaconcursos.com.br\/blog\/#\/schema\/logo\/image\/\"},\"sameAs\":[\"https:\/\/x.com\/EstratConcursos\"]},{\"@type\":\"Person\",\"@id\":\"https:\/\/www.estrategiaconcursos.com.br\/blog\/#\/schema\/person\/e75352021ea7f60781c599934f916eb1\",\"name\":\"Rafaela Teixeira\",\"image\":{\"@type\":\"ImageObject\",\"inLanguage\":\"pt-BR\",\"@id\":\"https:\/\/secure.gravatar.com\/avatar\/8a349a2b22039b1ee88fc06461487c950fd6aa411ea8af8633314b43334ae793?s=96&d=mm&r=g\",\"url\":\"https:\/\/secure.gravatar.com\/avatar\/8a349a2b22039b1ee88fc06461487c950fd6aa411ea8af8633314b43334ae793?s=96&d=mm&r=g\",\"contentUrl\":\"https:\/\/secure.gravatar.com\/avatar\/8a349a2b22039b1ee88fc06461487c950fd6aa411ea8af8633314b43334ae793?s=96&d=mm&r=g\",\"caption\":\"Rafaela Teixeira\"},\"description\":\"Rafaela Teixeira \u00e9 advogada conveniada \u00e0 Defensoria P\u00fablica de S\u00e3o Paulo pela OAB, com experi\u00eancia em reda\u00e7\u00e3o jur\u00eddica e atua\u00e7\u00e3o em institui\u00e7\u00f5es p\u00fablicas, incluindo est\u00e1gio no TRE-SP. Possui mais de 7 anos de experi\u00eancia na produ\u00e7\u00e3o de conte\u00fados voltados ao nicho de concursos p\u00fablicos, com foco em apura\u00e7\u00e3o jornal\u00edstica cont\u00ednua, an\u00e1lise de editais e obten\u00e7\u00e3o de informa\u00e7\u00f5es diretamente junto a \u00f3rg\u00e3os e fontes oficiais. No Blog do Estrat\u00e9gia Concursos, atua como Analista de Conte\u00fado S\u00eanior, respons\u00e1vel pelo jornalismo do per\u00edodo noturno e da madrugada, com atua\u00e7\u00e3o transversal na cobertura de concursos p\u00fablicos, garantindo a continuidade, fluidez e confiabilidade das publica\u00e7\u00f5es e dos bastidores dos certames.\",\"url\":\"https:\/\/www.estrategiaconcursos.com.br\/blog\/author\/rafaela-teixeira\/\"}]}<\/script>\n<!-- \/ Yoast SEO Premium plugin. -->","yoast_head_json":{"title":"Detran AM tem plano de carreira e cargos publicado. Confira!","description":"Concurso Detran AM tem publicado no DOE novo Plano de Cargos, Carreiras e Remunera\u00e7\u00e3o (PCCR) do \u00f3rg\u00e3o. Confira aqui os detalhes completos!","robots":{"index":"index","follow":"follow","max-snippet":"max-snippet:-1","max-image-preview":"max-image-preview:large","max-video-preview":"max-video-preview:-1"},"canonical":"https:\/\/www.estrategiaconcursos.com.br\/blog\/detran-am-plano-carreira-cargos\/","og_locale":"pt_BR","og_type":"article","og_title":"Detran AM tem plano de carreira e cargos publicado. Confira!","og_description":"Concurso Detran AM tem publicado no DOE novo Plano de Cargos, Carreiras e Remunera\u00e7\u00e3o (PCCR) do \u00f3rg\u00e3o. Confira aqui os detalhes completos!","og_url":"https:\/\/www.estrategiaconcursos.com.br\/blog\/detran-am-plano-carreira-cargos\/","og_site_name":"Estrat\u00e9gia Concursos","article_published_time":"2021-12-08T19:39:05+00:00","article_modified_time":"2021-12-09T14:13:56+00:00","og_image":[{"width":768,"height":432,"url":"https:\/\/dhg1h5j42swfq.cloudfront.net\/2021\/07\/28151242\/detran-am.jpeg","type":"image\/jpeg"}],"author":"Rafaela Teixeira","twitter_card":"summary_large_image","twitter_creator":"@EstratConcursos","twitter_site":"@EstratConcursos","twitter_misc":{"Escrito por":"Rafaela Teixeira","Est. tempo de leitura":"2 minutos"},"schema":{"@context":"https:\/\/schema.org","@graph":[{"@type":"NewsArticle","@id":"https:\/\/www.estrategiaconcursos.com.br\/blog\/detran-am-plano-carreira-cargos\/#article","isPartOf":{"@id":"https:\/\/www.estrategiaconcursos.com.br\/blog\/detran-am-plano-carreira-cargos\/"},"author":{"name":"Rafaela Teixeira","@id":"https:\/\/www.estrategiaconcursos.com.br\/blog\/#\/schema\/person\/e75352021ea7f60781c599934f916eb1"},"headline":"Detran AM tem plano de carreira e cargos publicado. Confira!","datePublished":"2021-12-08T19:39:05+00:00","dateModified":"2021-12-09T14:13:56+00:00","mainEntityOfPage":{"@id":"https:\/\/www.estrategiaconcursos.com.br\/blog\/detran-am-plano-carreira-cargos\/"},"wordCount":488,"commentCount":0,"publisher":{"@id":"https:\/\/www.estrategiaconcursos.com.br\/blog\/#organization"},"image":{"@id":"https:\/\/www.estrategiaconcursos.com.br\/blog\/detran-am-plano-carreira-cargos\/#primaryimage"},"thumbnailUrl":"https:\/\/dhg1h5j42swfq.cloudfront.net\/2021\/07\/28151242\/detran-am.jpeg","articleSection":["Executivo (Administrativa)","\u00daltimas not\u00edcias"],"inLanguage":"pt-BR","potentialAction":[{"@type":"CommentAction","name":"Comment","target":["https:\/\/www.estrategiaconcursos.com.br\/blog\/detran-am-plano-carreira-cargos\/#respond"]}],"copyrightYear":"2021","copyrightHolder":{"@id":"https:\/\/www.estrategiaconcursos.com.br\/blog\/#organization"}},{"@type":"WebPage","@id":"https:\/\/www.estrategiaconcursos.com.br\/blog\/detran-am-plano-carreira-cargos\/","url":"https:\/\/www.estrategiaconcursos.com.br\/blog\/detran-am-plano-carreira-cargos\/","name":"Detran AM tem plano de carreira e cargos publicado. Confira!","isPartOf":{"@id":"https:\/\/www.estrategiaconcursos.com.br\/blog\/#website"},"primaryImageOfPage":{"@id":"https:\/\/www.estrategiaconcursos.com.br\/blog\/detran-am-plano-carreira-cargos\/#primaryimage"},"image":{"@id":"https:\/\/www.estrategiaconcursos.com.br\/blog\/detran-am-plano-carreira-cargos\/#primaryimage"},"thumbnailUrl":"https:\/\/dhg1h5j42swfq.cloudfront.net\/2021\/07\/28151242\/detran-am.jpeg","datePublished":"2021-12-08T19:39:05+00:00","dateModified":"2021-12-09T14:13:56+00:00","description":"Concurso Detran AM tem publicado no DOE novo Plano de Cargos, Carreiras e Remunera\u00e7\u00e3o (PCCR) do \u00f3rg\u00e3o. Confira aqui os detalhes completos!","breadcrumb":{"@id":"https:\/\/www.estrategiaconcursos.com.br\/blog\/detran-am-plano-carreira-cargos\/#breadcrumb"},"inLanguage":"pt-BR","potentialAction":[{"@type":"ReadAction","target":["https:\/\/www.estrategiaconcursos.com.br\/blog\/detran-am-plano-carreira-cargos\/"]}]},{"@type":"ImageObject","inLanguage":"pt-BR","@id":"https:\/\/www.estrategiaconcursos.com.br\/blog\/detran-am-plano-carreira-cargos\/#primaryimage","url":"https:\/\/dhg1h5j42swfq.cloudfront.net\/2021\/07\/28151242\/detran-am.jpeg","contentUrl":"https:\/\/dhg1h5j42swfq.cloudfront.net\/2021\/07\/28151242\/detran-am.jpeg","width":768,"height":432,"caption":"DETRAN-AM"},{"@type":"BreadcrumbList","@id":"https:\/\/www.estrategiaconcursos.com.br\/blog\/detran-am-plano-carreira-cargos\/#breadcrumb","itemListElement":[{"@type":"ListItem","position":1,"name":"In\u00edcio","item":"https:\/\/www.estrategiaconcursos.com.br\/blog\/"},{"@type":"ListItem","position":2,"name":"Detran AM tem plano de carreira e cargos publicado. Confira!"}]},{"@type":"WebSite","@id":"https:\/\/www.estrategiaconcursos.com.br\/blog\/#website","url":"https:\/\/www.estrategiaconcursos.com.br\/blog\/","name":"Estrat\u00e9gia Concursos","description":"O blog da Estrat\u00e9gia Concursos traz not\u00edcias sobre concursos e artigos de professores oferecendo cursos para concursos (pdf + videaulas) no site.","publisher":{"@id":"https:\/\/www.estrategiaconcursos.com.br\/blog\/#organization"},"potentialAction":[{"@type":"SearchAction","target":{"@type":"EntryPoint","urlTemplate":"https:\/\/www.estrategiaconcursos.com.br\/blog\/?s={search_term_string}"},"query-input":{"@type":"PropertyValueSpecification","valueRequired":true,"valueName":"search_term_string"}}],"inLanguage":"pt-BR"},{"@type":"Organization","@id":"https:\/\/www.estrategiaconcursos.com.br\/blog\/#organization","name":"Estrat\u00e9gia Concursos","url":"https:\/\/www.estrategiaconcursos.com.br\/blog\/","logo":{"@type":"ImageObject","inLanguage":"pt-BR","@id":"https:\/\/www.estrategiaconcursos.com.br\/blog\/#\/schema\/logo\/image\/","url":"https:\/\/dhg1h5j42swfq.cloudfront.net\/2025\/06\/03203428\/logo_concursos-1.jpg","contentUrl":"https:\/\/dhg1h5j42swfq.cloudfront.net\/2025\/06\/03203428\/logo_concursos-1.jpg","width":230,"height":60,"caption":"Estrat\u00e9gia Concursos"},"image":{"@id":"https:\/\/www.estrategiaconcursos.com.br\/blog\/#\/schema\/logo\/image\/"},"sameAs":["https:\/\/x.com\/EstratConcursos"]},{"@type":"Person","@id":"https:\/\/www.estrategiaconcursos.com.br\/blog\/#\/schema\/person\/e75352021ea7f60781c599934f916eb1","name":"Rafaela Teixeira","image":{"@type":"ImageObject","inLanguage":"pt-BR","@id":"https:\/\/secure.gravatar.com\/avatar\/8a349a2b22039b1ee88fc06461487c950fd6aa411ea8af8633314b43334ae793?s=96&d=mm&r=g","url":"https:\/\/secure.gravatar.com\/avatar\/8a349a2b22039b1ee88fc06461487c950fd6aa411ea8af8633314b43334ae793?s=96&d=mm&r=g","contentUrl":"https:\/\/secure.gravatar.com\/avatar\/8a349a2b22039b1ee88fc06461487c950fd6aa411ea8af8633314b43334ae793?s=96&d=mm&r=g","caption":"Rafaela Teixeira"},"description":"Rafaela Teixeira \u00e9 advogada conveniada \u00e0 Defensoria P\u00fablica de S\u00e3o Paulo pela OAB, com experi\u00eancia em reda\u00e7\u00e3o jur\u00eddica e atua\u00e7\u00e3o em institui\u00e7\u00f5es p\u00fablicas, incluindo est\u00e1gio no TRE-SP. Possui mais de 7 anos de experi\u00eancia na produ\u00e7\u00e3o de conte\u00fados voltados ao nicho de concursos p\u00fablicos, com foco em apura\u00e7\u00e3o jornal\u00edstica cont\u00ednua, an\u00e1lise de editais e obten\u00e7\u00e3o de informa\u00e7\u00f5es diretamente junto a \u00f3rg\u00e3os e fontes oficiais. No Blog do Estrat\u00e9gia Concursos, atua como Analista de Conte\u00fado S\u00eanior, respons\u00e1vel pelo jornalismo do per\u00edodo noturno e da madrugada, com atua\u00e7\u00e3o transversal na cobertura de concursos p\u00fablicos, garantindo a continuidade, fluidez e confiabilidade das publica\u00e7\u00f5es e dos bastidores dos certames.","url":"https:\/\/www.estrategiaconcursos.com.br\/blog\/author\/rafaela-teixeira\/"}]}},"_links":{"self":[{"href":"https:\/\/www.estrategiaconcursos.com.br\/blog\/wp-json\/wp\/v2\/posts\/925293","targetHints":{"allow":["GET"]}}],"collection":[{"href":"https:\/\/www.estrategiaconcursos.com.br\/blog\/wp-json\/wp\/v2\/posts"}],"about":[{"href":"https:\/\/www.estrategiaconcursos.com.br\/blog\/wp-json\/wp\/v2\/types\/post"}],"author":[{"embeddable":true,"href":"https:\/\/www.estrategiaconcursos.com.br\/blog\/wp-json\/wp\/v2\/users\/2134"}],"replies":[{"embeddable":true,"href":"https:\/\/www.estrategiaconcursos.com.br\/blog\/wp-json\/wp\/v2\/comments?post=925293"}],"version-history":[{"count":12,"href":"https:\/\/www.estrategiaconcursos.com.br\/blog\/wp-json\/wp\/v2\/posts\/925293\/revisions"}],"predecessor-version":[{"id":925807,"href":"https:\/\/www.estrategiaconcursos.com.br\/blog\/wp-json\/wp\/v2\/posts\/925293\/revisions\/925807"}],"wp:featuredmedia":[{"embeddable":true,"href":"https:\/\/www.estrategiaconcursos.com.br\/blog\/wp-json\/wp\/v2\/media\/823978"}],"wp:attachment":[{"href":"https:\/\/www.estrategiaconcursos.com.br\/blog\/wp-json\/wp\/v2\/media?parent=925293"}],"wp:term":[{"taxonomy":"category","embeddable":true,"href":"https:\/\/www.estrategiaconcursos.com.br\/blog\/wp-json\/wp\/v2\/categories?post=925293"},{"taxonomy":"post_tag","embeddable":true,"href":"https:\/\/www.estrategiaconcursos.com.br\/blog\/wp-json\/wp\/v2\/tags?post=925293"},{"taxonomy":"tax_estado","embeddable":true,"href":"https:\/\/www.estrategiaconcursos.com.br\/blog\/wp-json\/wp\/v2\/tax_estado?post=925293"}],"curies":[{"name":"wp","href":"https:\/\/api.w.org\/{rel}","templated":true}]}}