{"id":925179,"date":"2021-12-11T08:00:00","date_gmt":"2021-12-11T11:00:00","guid":{"rendered":"https:\/\/www.estrategiaconcursos.com.br\/blog\/?p=925179"},"modified":"2021-12-10T19:42:14","modified_gmt":"2021-12-10T22:42:14","slug":"revisao-de-vespera-2a-fase-oab-xxxiii-exame","status":"publish","type":"post","link":"https:\/\/www.estrategiaconcursos.com.br\/blog\/revisao-de-vespera-2a-fase-oab-xxxiii-exame\/","title":{"rendered":"Revis\u00e3o de V\u00e9spera XXXIII Exame 2\u00aa Fase: veja neste s\u00e1bado!"},"content":{"rendered":"\n<p>Concurseiros, no dia 12\/11, acontece a t\u00e3o esperada <strong>2\u00aa Fase do<\/strong>\u00a0<strong><em>XXXIII Exame da OAB<\/em><\/strong>. Para ajudar na sua prepara\u00e7\u00e3o, iremos realizar a nossa\u00a0<em><strong>Revis\u00e3o de V\u00e9spera<\/strong><\/em>\u00a0<strong><em>XXXIII Exame<\/em><\/strong> neste s\u00e1bado, dia\u00a0<strong><em>11\/11<\/em><\/strong>. Al\u00e9m disso, faremos a<strong> corre\u00e7\u00e3o do exame no dia 12\/12, a partir das 17:30, no canal do <a href=\"https:\/\/www.youtube.com\/channel\/UC7rgrKTSF5aOrBGWOw60ovw\" target=\"_blank\" rel=\"noreferrer noopener\">Estrat\u00e9gia OAB<\/a>. <\/strong><\/p>\n\n\n\n<p><em><strong>Revis\u00e3o de V\u00e9spera<\/strong><\/em>\u00a0<strong><em>XXXIII Exame<\/em><\/strong> <strong><em>2\u00aa Fase: Programa\u00e7\u00e3o<\/em><\/strong><\/p>\n\n\n\n<p>Por causa da grande quantidade de disciplinas que ser\u00e3o abordadas, realizaremos a revis\u00e3o em&nbsp;<strong><em>dois per\u00edodos<\/em><\/strong>, conforme abaixo:<\/p>\n\n\n\n<figure class=\"wp-block-table is-style-stripes\"><table><tbody><tr><td class=\"has-text-align-center\" data-align=\"center\">Data<\/td><td class=\"has-text-align-center\" data-align=\"center\">Hor\u00e1rio<\/td><td class=\"has-text-align-center\" data-align=\"center\">Tema<\/td><td class=\"has-text-align-center\" data-align=\"center\">Professor<\/td><\/tr><tr><td class=\"has-text-align-center\" data-align=\"center\">11\/12\/2021<\/td><td class=\"has-text-align-center\" data-align=\"center\">08h30<\/td><td class=\"has-text-align-center\" data-align=\"center\"><a href=\"https:\/\/youtube.com\/playlist?list=PL_R-F0SJS639GCHzAHrIi0a9XASUo22Tf\" target=\"_blank\" rel=\"noreferrer noopener\">Revis\u00e3o de V\u00e9spera de 2\u00aa Fase OAB &#8211; Direito Civil &#8211; XXXII Exame<\/a><\/td><td class=\"has-text-align-center\" data-align=\"center\">Paulo Sousa<\/td><\/tr><tr><td class=\"has-text-align-center\" data-align=\"center\">11\/12\/2021<\/td><td class=\"has-text-align-center\" data-align=\"center\">08h30<\/td><td class=\"has-text-align-center\" data-align=\"center\"><a href=\"https:\/\/youtu.be\/r70qFZ-xjcQ\" target=\"_blank\" rel=\"noreferrer noopener\">Revis\u00e3o de V\u00e9spera de 2\u00aa Fase OAB &#8211; Direito Administrativo &#8211; XXXII Exame<\/a><\/td><td class=\"has-text-align-center\" data-align=\"center\">Igor Maciel<\/td><\/tr><tr><td class=\"has-text-align-center\" data-align=\"center\">11\/12\/2021<\/td><td class=\"has-text-align-center\" data-align=\"center\">08h30<\/td><td class=\"has-text-align-center\" data-align=\"center\"><a href=\"https:\/\/youtu.be\/ole79twchwo\" target=\"_blank\" rel=\"noreferrer noopener\">Revis\u00e3o de V\u00e9spera de 2\u00aa Fase OAB &#8211; Direito do Trabalho &#8211; XXXII Exame<\/a><\/td><td class=\"has-text-align-center\" data-align=\"center\">Priscila Ferreira<\/td><\/tr><tr><td class=\"has-text-align-center\" data-align=\"center\">11\/12\/2021<\/td><td class=\"has-text-align-center\" data-align=\"center\">08h30<\/td><td class=\"has-text-align-center\" data-align=\"center\"><a href=\"https:\/\/youtu.be\/JdHT_bEszdM\" target=\"_blank\" rel=\"noreferrer noopener\">Revis\u00e3o de V\u00e9spera de 2\u00aa Fase OAB &#8211; Direito Tribut\u00e1rio &#8211; XXXII Exame<\/a><\/td><td class=\"has-text-align-center\" data-align=\"center\">Rodrigo Martins<\/td><\/tr><tr><td class=\"has-text-align-center\" data-align=\"center\">11\/12\/2021<\/td><td class=\"has-text-align-center\" data-align=\"center\">14h<\/td><td class=\"has-text-align-center\" data-align=\"center\"><a href=\"https:\/\/youtu.be\/2I72G40icGs\" target=\"_blank\" rel=\"noreferrer noopener\">Revis\u00e3o de V\u00e9spera de 2\u00aa Fase OAB &#8211; Direito Penal &#8211; XXXII Exame<\/a><\/td><td class=\"has-text-align-center\" data-align=\"center\">Ivan Marques e Cristiano Rodrigues<\/td><\/tr><tr><td class=\"has-text-align-center\" data-align=\"center\">11\/12\/2021<\/td><td class=\"has-text-align-center\" data-align=\"center\">14h<\/td><td class=\"has-text-align-center\" data-align=\"center\"><a href=\"https:\/\/youtu.be\/Wyi16_PSQ0E\" target=\"_blank\" rel=\"noreferrer noopener\">Revis\u00e3o de V\u00e9spera de 2\u00aa Fase OAB &#8211; Direito Empresarial &#8211; XXXII Exame<\/a><\/td><td class=\"has-text-align-center\" data-align=\"center\">Alessandro Sanchez<\/td><\/tr><tr><td class=\"has-text-align-center\" data-align=\"center\">11\/12\/2021<\/td><td class=\"has-text-align-center\" data-align=\"center\">14h<\/td><td class=\"has-text-align-center\" data-align=\"center\"><a href=\"https:\/\/youtu.be\/_KnZWBVTok0\" target=\"_blank\" rel=\"noreferrer noopener\">Revis\u00e3o de V\u00e9spera de 2\u00aa Fase OAB &#8211; Direito Constitucional &#8211; XXXII Exame<\/a><\/td><td class=\"has-text-align-center\" data-align=\"center\">Diego Cerqueira<\/td><\/tr><\/tbody><\/table><\/figure>\n\n\n\n<h3 class=\"wp-block-heading\">Sobre a Revis\u00e3o de v\u00e9spera <em><\/em><em>XXXIII Exame da OAB<\/em><\/h3>\n\n\n\n<p>Enquanto que a 1\u00aa fase do Exame de Ordem busca avaliar os conhecimentos te\u00f3ricos adquiridos durante o curso de Direito, em todas as disciplinas do curr\u00edculo nacional m\u00ednimo, a 2\u00aa fase exige maior profundidade e especializa\u00e7\u00e3o.<\/p>\n\n\n\n<p>A chamada&nbsp;<strong>prova&nbsp;pr\u00e1tico-profissional<\/strong>&nbsp;avalia a express\u00e3o escrita e as compet\u00eancias pr\u00e1ticas dos futuros operadores do Direito nas \u00e1reas profissionais de sua escolha.<\/p>\n\n\n\n<p>No ato da inscri\u00e7\u00e3o, o candidato deve escolher qual ser\u00e1 a \u00e1rea de concentra\u00e7\u00e3o de sua prova de 2\u00aa fase. S\u00e3o disponibilizadas&nbsp;<strong>sete&nbsp;\u00e1reas<\/strong>:<\/p>\n\n\n\n<ol class=\"wp-block-list\"><li>Direito Administrativo;<\/li><li>Direito Constitucional;<\/li><li>Direito Civil;<\/li><li>Direito do Trabalho;<\/li><li>Direito Empresarial;<\/li><li>Direito Penal; e<\/li><li>Direito Tribut\u00e1rio.<\/li><\/ol>\n\n\n\n<p><strong>A&nbsp;prova&nbsp;pr\u00e1tico-profissional<\/strong><\/p>\n\n\n\n<p>Esta prova \u00e9 composta por duas partes: uma&nbsp;<strong>pe\u00e7a&nbsp;processual<\/strong>, no valor de 5 pontos e&nbsp;<strong>quatro&nbsp;quest\u00f5es&nbsp;discursivas<\/strong>&nbsp;(valendo 1,25 pontos cada). Para ser aprovado \u00e9 necess\u00e1rio alcan\u00e7ar 60% de aproveitamento (6 pontos).<\/p>\n\n\n\n<p>A 2\u00aa fase tamb\u00e9m tem dura\u00e7\u00e3o de&nbsp;<strong>5&nbsp;horas<\/strong>&nbsp;e, diferentemente da prova objetiva,&nbsp;<strong>permite&nbsp;consulta<\/strong>&nbsp;a legisla\u00e7\u00e3o n\u00e3o comentada ou anotada.<\/p>\n\n\n\n<p>O edital prev\u00ea uma lista de materiais permitidos, confira abaixo:<\/p>\n\n\n\n<ul class=\"wp-block-list\"><li>Legisla\u00e7\u00e3o n\u00e3o comentada, n\u00e3o anotada e n\u00e3o comparada.<\/li><li>C\u00f3digos, inclusive os organizados que n\u00e3o possuam \u00edndices estruturando roteiros de pe\u00e7as processuais, remiss\u00e3o doutrin\u00e1ria, jurisprud\u00eancia, informativos dos tribunais ou quaisquer coment\u00e1rios, anota\u00e7\u00f5es ou compara\u00e7\u00f5es.<\/li><li>S\u00famulas, Enunciados e Orienta\u00e7\u00f5es Jurisprudenciais, inclusive organizados, desde que n\u00e3o estruturem roteiros de pe\u00e7as processuais.<\/li><li>Leis de Introdu\u00e7\u00e3o dos C\u00f3digos.<\/li><li>Instru\u00e7\u00f5es Normativas.<\/li><li>\u00cdndices remissivos, em ordem alfab\u00e9tica ou tem\u00e1ticos, desde que n\u00e3o estruturem roteiros de pe\u00e7as processuais.<\/li><li>Exposi\u00e7\u00e3o de Motivos.<\/li><li>Regimento Interno.<\/li><li>Resolu\u00e7\u00f5es dos Tribunais.<\/li><li>Simples utiliza\u00e7\u00e3o de marca texto, tra\u00e7o ou simples remiss\u00e3o a artigos ou a lei.<\/li><li>Separa\u00e7\u00e3o de c\u00f3digos por clipes.<\/li><li>Utiliza\u00e7\u00e3o de separadores de c\u00f3digos fabricados por editoras ou outras institui\u00e7\u00f5es ligadas ao mercado gr\u00e1fico, desde que com impress\u00e3o que contenha simples remiss\u00e3o a ramos do Direito ou a leis.<\/li><\/ul>\n\n\n\n<p>No&nbsp;<em>blog<\/em>&nbsp;do Estrat\u00e9gia OAB voc\u00ea encontra dois conte\u00fados interessantes sobre os materiais de consulta na 2\u00aa fase:<\/p>\n\n\n\n<ul class=\"wp-block-list\"><li><a rel=\"noreferrer noopener\" href=\"https:\/\/www.estrategiaoab.com.br\/o-que-e-permitido-na-prova-pratico-profissional-exame-de-ordem-da-oab\/\" target=\"_blank\">Materiais proibidos e permitidos na 2\u00aa fase<\/a>;<\/li><li><a href=\"https:\/\/www.estrategiaoab.com.br\/vade-mecum-oab-2a-fase\/\" target=\"_blank\" rel=\"noreferrer noopener\">Qual&nbsp;<\/a><em><a href=\"https:\/\/www.estrategiaoab.com.br\/vade-mecum-oab-2a-fase\/\" target=\"_blank\" rel=\"noreferrer noopener\">Vade&nbsp;Mecum<\/a><\/em><a href=\"https:\/\/www.estrategiaoab.com.br\/vade-mecum-oab-2a-fase\/\" target=\"_blank\" rel=\"noreferrer noopener\">&nbsp;escolher?<\/a><\/li><\/ul>\n\n\n\n<h2 class=\"has-text-align-center wp-block-heading\">Quer saber mais sobre o Exame de Ordem?<\/h2>\n\n\n\n<p class=\"has-text-align-center has-black-color has-text-color has-background has-medium-font-size\" style=\"background-color:#ea7777\"><a href=\"https:\/\/www.estrategiaconcursos.com.br\/blog\/exame-de-ordem-2\/\" target=\"_blank\" rel=\"noreferrer noopener\"><strong>Exame de Ordem &#8211; Guia Completo<\/strong><\/a><\/p>\n\n\n\n<h2 class=\"has-text-align-center wp-block-heading\">Pacotes completos <\/h2>\n\n\n\n<div class=\"container\" id=\"boxes\">\n  <div class=\"row\">\n\n    <div class=\"col-sm\">\n      <div class=\"banner-oab\" id=\"box-assinatura\">\n        <h3 class=\"titulo-assinatura\">Curso OAB 1\u00aa Fase<\/h3>\n        <p class=\"subtitulo-assinatura\">Conhe\u00e7a os cursos<\/p>\n        <div class=\"box-botao\">\n          <a class=\"btn-assinatura\" target=\"_blank\" href=\"https:\/\/www.estrategiaconcursos.com.br\/cursosPorConcurso\/exame-de-ordem-oab-1-fase\/\" role=\"button\" rel=\"noopener noreferrer\">Conhe\u00e7a mais<\/a>\n        <\/div>\n      <\/div>\n      <p class=\"texto-auxiliar\">Prepare-se com o melhor material e com quem mais aprova em Concursos P\u00fablicos em todo o pa\u00eds. Assine agora a nossa Assinatura Anual e tenha acesso ilimitado* a todos os nossos cursos.<\/p>\n    <\/div>\n\n  <\/div>\n<\/div>\n\n\n\n<div class=\"container\" id=\"boxes\">\n  <div class=\"row\">\n\n    <div class=\"col-sm\">\n      <div class=\"banner-oab\" id=\"box-assinatura\">\n        <h3 class=\"titulo-assinatura\">Curso OAB 2\u00aa Fase<\/h3>\n        <p class=\"subtitulo-assinatura\">Conhe\u00e7a os cursos<\/p>\n        <div class=\"box-botao\">\n          <a class=\"btn-assinatura\" target=\"_blank\" href=\"https:\/\/www.estrategiaconcursos.com.br\/\/cursosPorConcurso\/oab-2-fase-192\/\" role=\"button\" rel=\"noopener noreferrer\">Conhe\u00e7a mais<\/a>\n        <\/div>\n      <\/div>\n      <p class=\"texto-auxiliar\">Prepare-se com o melhor material e com quem mais aprova em Concursos P\u00fablicos em todo o pa\u00eds. Assine agora a nossa Assinatura Anual e tenha acesso ilimitado* a todos os nossos cursos.<\/p>\n    <\/div>\n\n  <\/div>\n<\/div>\n\n\n\n<h2 class=\"has-text-align-center wp-block-heading\" id=\"cursos-ficha\">Assinatura Carreiras Jur\u00eddicas<\/h2>\n\n\n\n<p class=\"has-text-align-center\">O Estrat\u00e9gia Carreira Jur\u00eddica \u00e9 campe\u00e3o de aprova\u00e7\u00f5es nos concursos para Carreiras Jur\u00eddicas com um corpo docente qualificado e materiais completos. Conhe\u00e7a nossos cursos e garanta sua aprova\u00e7\u00e3o:<\/p>\n\n\n\n<div class=\"container\" id=\"boxes\">\n  <div class=\"row\">\n\n    <div class=\"col-sm\">\n      <div class=\"banner-ecj\" id=\"box-assinatura\">\n        <h3 class=\"titulo-assinatura\">Assinatura Jur\u00eddica <\/h3>\n        <p class=\"subtitulo-assinatura\">Conhe\u00e7a os planos<\/p>\n        <div class=\"box-botao\">\n          <a class=\"btn-assinatura\" target=\"_blank\" href=\"https:\/\/www.estrategiaconcursos.com.br\/assinaturas-ecj\/\" role=\"button\" rel=\"noopener noreferrer\">Conhe\u00e7a mais<\/a>\n        <\/div>\n      <\/div>\n      <p class=\"texto-auxiliar\">Prepare-se com o melhor material e com quem mais aprova em Concursos P\u00fablicos em todo o pa\u00eds. \n<\/p>\n    <\/div>\n\n  <\/div>\n<\/div>\n\n\n\n<p class=\"has-text-align-center\"><strong>Nossas redes sociais<\/strong><\/p>\n\n\n\n<p class=\"has-text-align-center has-pale-cyan-blue-background-color has-background\"><a href=\"https:\/\/www.instagram.com\/estrategiaoab\/\" target=\"_blank\" rel=\"noreferrer noopener\">Instagram Estrat\u00e9gia OAB<\/a><\/p>\n\n\n\n<p class=\"has-text-align-center has-light-green-cyan-background-color has-background\"><a href=\"https:\/\/www.youtube.com\/channel\/UC7rgrKTSF5aOrBGWOw60ovw\" target=\"_blank\" rel=\"noreferrer noopener\">YouTube do Estrat\u00e9gia OAB<\/a><\/p>\n\n\n\n<p class=\"has-text-align-center\"><strong>Grupo de Telegram para a OAB<\/strong><\/p>\n\n\n\n<p class=\"has-text-align-center has-very-light-gray-background-color has-background\"><a href=\"http:\/\/bit.ly\/TelegramOAB\"><strong>Inscreva-se no nosso grupo do Telegram<\/strong><\/a><\/p>\n","protected":false},"excerpt":{"rendered":"<p>Concurseiros, no dia 12\/11, acontece a t\u00e3o esperada 2\u00aa Fase do\u00a0XXXIII Exame da OAB. Para ajudar na sua prepara\u00e7\u00e3o, iremos realizar a nossa\u00a0Revis\u00e3o de V\u00e9spera\u00a0XXXIII Exame neste s\u00e1bado, dia\u00a011\/11. Al\u00e9m disso, faremos a corre\u00e7\u00e3o do exame no dia 12\/12, a partir das 17:30, no canal do Estrat\u00e9gia OAB. Revis\u00e3o de V\u00e9spera\u00a0XXXIII Exame 2\u00aa Fase: Programa\u00e7\u00e3o [&hellip;]<\/p>\n","protected":false},"author":1,"featured_media":840941,"comment_status":"open","ping_status":"closed","sticky":false,"template":"","format":"standard","meta":{"post_tipo":"news","footnotes":""},"categories":[1],"tags":[],"tax_estado":[219964,219965,219966,219967,219968,219969,219963,219970,219971,219972,219973,219974,219975,219976,219977,219978,219979,219980,219981,219982,219983,219984,219985,219986,219987,219988,219989,219990],"class_list":["post-925179","post","type-post","status-publish","format-standard","has-post-thumbnail","hentry","category-cursos-e-concursos","tax_estado-ac","tax_estado-al","tax_estado-am","tax_estado-ap","tax_estado-ba","tax_estado-ce","tax_estado-concursos-federais","tax_estado-df","tax_estado-es","tax_estado-go","tax_estado-ma","tax_estado-mg","tax_estado-ms","tax_estado-mt","tax_estado-pa","tax_estado-pb","tax_estado-pe","tax_estado-pi","tax_estado-pr","tax_estado-rj","tax_estado-rn","tax_estado-ro","tax_estado-rr","tax_estado-rs","tax_estado-sc","tax_estado-se","tax_estado-sp","tax_estado-to"],"acf":[],"yoast_head":"<!-- This site is optimized with the Yoast SEO Premium plugin v27.2 (Yoast SEO v27.2) - https:\/\/yoast.com\/product\/yoast-seo-premium-wordpress\/ -->\n<title>Revis\u00e3o de V\u00e9spera XXXIII Exame 2\u00aa Fase: veja neste s\u00e1bado!<\/title>\n<meta name=\"description\" content=\"Revis\u00e3o de V\u00e9spera XXXIII Exame - 2\u00aa Fase OAB. Acompanhe ao vivo neste s\u00e1bado, 11 de dezembro, a partir das 08:30. Saiba mais aqui.\" \/>\n<meta name=\"robots\" content=\"index, follow, max-snippet:-1, max-image-preview:large, max-video-preview:-1\" \/>\n<link rel=\"canonical\" href=\"https:\/\/www.estrategiaconcursos.com.br\/blog\/revisao-de-vespera-2a-fase-oab-xxxiii-exame\/\" \/>\n<meta property=\"og:locale\" content=\"pt_BR\" \/>\n<meta property=\"og:type\" content=\"article\" \/>\n<meta property=\"og:title\" content=\"Revis\u00e3o de V\u00e9spera XXXIII Exame 2\u00aa Fase: veja neste s\u00e1bado!\" \/>\n<meta property=\"og:description\" content=\"Revis\u00e3o de V\u00e9spera XXXIII Exame - 2\u00aa Fase OAB. Acompanhe ao vivo neste s\u00e1bado, 11 de dezembro, a partir das 08:30. Saiba mais aqui.\" \/>\n<meta property=\"og:url\" content=\"https:\/\/www.estrategiaconcursos.com.br\/blog\/revisao-de-vespera-2a-fase-oab-xxxiii-exame\/\" \/>\n<meta property=\"og:site_name\" content=\"Estrat\u00e9gia Concursos\" \/>\n<meta property=\"article:author\" content=\"https:\/\/www.facebook.com\/EstrategiaConcursos\" \/>\n<meta property=\"article:published_time\" content=\"2021-12-11T11:00:00+00:00\" \/>\n<meta property=\"og:image\" content=\"https:\/\/dhg1h5j42swfq.cloudfront.net\/2021\/08\/19184044\/exame-de-ordem.jpg\" \/>\n\t<meta property=\"og:image:width\" content=\"398\" \/>\n\t<meta property=\"og:image:height\" content=\"209\" \/>\n\t<meta property=\"og:image:type\" content=\"image\/jpeg\" \/>\n<meta name=\"author\" content=\"Coordena\u00e7\u00e3o\" \/>\n<meta name=\"twitter:card\" content=\"summary_large_image\" \/>\n<meta name=\"twitter:creator\" content=\"@EstratConcursos\" \/>\n<meta name=\"twitter:site\" content=\"@EstratConcursos\" \/>\n<meta name=\"twitter:label1\" content=\"Escrito por\" \/>\n\t<meta name=\"twitter:data1\" content=\"Coordena\u00e7\u00e3o\" \/>\n\t<meta name=\"twitter:label2\" content=\"Est. tempo de leitura\" \/>\n\t<meta name=\"twitter:data2\" content=\"4 minutos\" \/>\n<script type=\"application\/ld+json\" class=\"yoast-schema-graph\">{\"@context\":\"https:\/\/schema.org\",\"@graph\":[{\"@type\":\"NewsArticle\",\"@id\":\"https:\/\/www.estrategiaconcursos.com.br\/blog\/revisao-de-vespera-2a-fase-oab-xxxiii-exame\/#article\",\"isPartOf\":{\"@id\":\"https:\/\/www.estrategiaconcursos.com.br\/blog\/revisao-de-vespera-2a-fase-oab-xxxiii-exame\/\"},\"author\":{\"name\":\"Coordena\u00e7\u00e3o\",\"@id\":\"https:\/\/www.estrategiaconcursos.com.br\/blog\/#\/schema\/person\/b4a388c97673c5f483d72185668afa1f\"},\"headline\":\"Revis\u00e3o de V\u00e9spera XXXIII Exame 2\u00aa Fase: veja neste s\u00e1bado!\",\"datePublished\":\"2021-12-11T11:00:00+00:00\",\"mainEntityOfPage\":{\"@id\":\"https:\/\/www.estrategiaconcursos.com.br\/blog\/revisao-de-vespera-2a-fase-oab-xxxiii-exame\/\"},\"wordCount\":829,\"commentCount\":0,\"publisher\":{\"@id\":\"https:\/\/www.estrategiaconcursos.com.br\/blog\/#organization\"},\"image\":{\"@id\":\"https:\/\/www.estrategiaconcursos.com.br\/blog\/revisao-de-vespera-2a-fase-oab-xxxiii-exame\/#primaryimage\"},\"thumbnailUrl\":\"https:\/\/dhg1h5j42swfq.cloudfront.net\/2021\/08\/19184044\/exame-de-ordem.jpg\",\"articleSection\":[\"Concursos P\u00fablicos\"],\"inLanguage\":\"pt-BR\",\"potentialAction\":[{\"@type\":\"CommentAction\",\"name\":\"Comment\",\"target\":[\"https:\/\/www.estrategiaconcursos.com.br\/blog\/revisao-de-vespera-2a-fase-oab-xxxiii-exame\/#respond\"]}],\"copyrightYear\":\"2021\",\"copyrightHolder\":{\"@id\":\"https:\/\/www.estrategiaconcursos.com.br\/blog\/#organization\"}},{\"@type\":\"WebPage\",\"@id\":\"https:\/\/www.estrategiaconcursos.com.br\/blog\/revisao-de-vespera-2a-fase-oab-xxxiii-exame\/\",\"url\":\"https:\/\/www.estrategiaconcursos.com.br\/blog\/revisao-de-vespera-2a-fase-oab-xxxiii-exame\/\",\"name\":\"Revis\u00e3o de V\u00e9spera XXXIII Exame 2\u00aa Fase: veja neste s\u00e1bado!\",\"isPartOf\":{\"@id\":\"https:\/\/www.estrategiaconcursos.com.br\/blog\/#website\"},\"primaryImageOfPage\":{\"@id\":\"https:\/\/www.estrategiaconcursos.com.br\/blog\/revisao-de-vespera-2a-fase-oab-xxxiii-exame\/#primaryimage\"},\"image\":{\"@id\":\"https:\/\/www.estrategiaconcursos.com.br\/blog\/revisao-de-vespera-2a-fase-oab-xxxiii-exame\/#primaryimage\"},\"thumbnailUrl\":\"https:\/\/dhg1h5j42swfq.cloudfront.net\/2021\/08\/19184044\/exame-de-ordem.jpg\",\"datePublished\":\"2021-12-11T11:00:00+00:00\",\"description\":\"Revis\u00e3o de V\u00e9spera XXXIII Exame - 2\u00aa Fase OAB. Acompanhe ao vivo neste s\u00e1bado, 11 de dezembro, a partir das 08:30. Saiba mais aqui.\",\"breadcrumb\":{\"@id\":\"https:\/\/www.estrategiaconcursos.com.br\/blog\/revisao-de-vespera-2a-fase-oab-xxxiii-exame\/#breadcrumb\"},\"inLanguage\":\"pt-BR\",\"potentialAction\":[{\"@type\":\"ReadAction\",\"target\":[\"https:\/\/www.estrategiaconcursos.com.br\/blog\/revisao-de-vespera-2a-fase-oab-xxxiii-exame\/\"]}]},{\"@type\":\"ImageObject\",\"inLanguage\":\"pt-BR\",\"@id\":\"https:\/\/www.estrategiaconcursos.com.br\/blog\/revisao-de-vespera-2a-fase-oab-xxxiii-exame\/#primaryimage\",\"url\":\"https:\/\/dhg1h5j42swfq.cloudfront.net\/2021\/08\/19184044\/exame-de-ordem.jpg\",\"contentUrl\":\"https:\/\/dhg1h5j42swfq.cloudfront.net\/2021\/08\/19184044\/exame-de-ordem.jpg\",\"width\":398,\"height\":209,\"caption\":\"oab\"},{\"@type\":\"BreadcrumbList\",\"@id\":\"https:\/\/www.estrategiaconcursos.com.br\/blog\/revisao-de-vespera-2a-fase-oab-xxxiii-exame\/#breadcrumb\",\"itemListElement\":[{\"@type\":\"ListItem\",\"position\":1,\"name\":\"In\u00edcio\",\"item\":\"https:\/\/www.estrategiaconcursos.com.br\/blog\/\"},{\"@type\":\"ListItem\",\"position\":2,\"name\":\"Revis\u00e3o de V\u00e9spera XXXIII Exame 2\u00aa Fase: veja neste s\u00e1bado!\"}]},{\"@type\":\"WebSite\",\"@id\":\"https:\/\/www.estrategiaconcursos.com.br\/blog\/#website\",\"url\":\"https:\/\/www.estrategiaconcursos.com.br\/blog\/\",\"name\":\"Estrat\u00e9gia Concursos\",\"description\":\"O blog da Estrat\u00e9gia Concursos traz not\u00edcias sobre concursos e artigos de professores oferecendo cursos para concursos (pdf + videaulas) no site.\",\"publisher\":{\"@id\":\"https:\/\/www.estrategiaconcursos.com.br\/blog\/#organization\"},\"potentialAction\":[{\"@type\":\"SearchAction\",\"target\":{\"@type\":\"EntryPoint\",\"urlTemplate\":\"https:\/\/www.estrategiaconcursos.com.br\/blog\/?s={search_term_string}\"},\"query-input\":{\"@type\":\"PropertyValueSpecification\",\"valueRequired\":true,\"valueName\":\"search_term_string\"}}],\"inLanguage\":\"pt-BR\"},{\"@type\":\"Organization\",\"@id\":\"https:\/\/www.estrategiaconcursos.com.br\/blog\/#organization\",\"name\":\"Estrat\u00e9gia Concursos\",\"url\":\"https:\/\/www.estrategiaconcursos.com.br\/blog\/\",\"logo\":{\"@type\":\"ImageObject\",\"inLanguage\":\"pt-BR\",\"@id\":\"https:\/\/www.estrategiaconcursos.com.br\/blog\/#\/schema\/logo\/image\/\",\"url\":\"https:\/\/dhg1h5j42swfq.cloudfront.net\/2025\/06\/03203428\/logo_concursos-1.jpg\",\"contentUrl\":\"https:\/\/dhg1h5j42swfq.cloudfront.net\/2025\/06\/03203428\/logo_concursos-1.jpg\",\"width\":230,\"height\":60,\"caption\":\"Estrat\u00e9gia Concursos\"},\"image\":{\"@id\":\"https:\/\/www.estrategiaconcursos.com.br\/blog\/#\/schema\/logo\/image\/\"},\"sameAs\":[\"https:\/\/x.com\/EstratConcursos\"]},{\"@type\":\"Person\",\"@id\":\"https:\/\/www.estrategiaconcursos.com.br\/blog\/#\/schema\/person\/b4a388c97673c5f483d72185668afa1f\",\"name\":\"Coordena\u00e7\u00e3o\",\"image\":{\"@type\":\"ImageObject\",\"inLanguage\":\"pt-BR\",\"@id\":\"https:\/\/secure.gravatar.com\/avatar\/b720319e4c9a967eb58678d110f4fe35452fc5d5f97b202bac7b8acceb18c6ad?s=96&d=mm&r=g\",\"url\":\"https:\/\/secure.gravatar.com\/avatar\/b720319e4c9a967eb58678d110f4fe35452fc5d5f97b202bac7b8acceb18c6ad?s=96&d=mm&r=g\",\"contentUrl\":\"https:\/\/secure.gravatar.com\/avatar\/b720319e4c9a967eb58678d110f4fe35452fc5d5f97b202bac7b8acceb18c6ad?s=96&d=mm&r=g\",\"caption\":\"Coordena\u00e7\u00e3o\"},\"sameAs\":[\"https:\/\/www.facebook.com\/EstrategiaConcursos\",\"https:\/\/x.com\/EstratConcursos\"],\"url\":\"https:\/\/www.estrategiaconcursos.com.br\/blog\/author\/estrategia2013\/\"}]}<\/script>\n<!-- \/ Yoast SEO Premium plugin. -->","yoast_head_json":{"title":"Revis\u00e3o de V\u00e9spera XXXIII Exame 2\u00aa Fase: veja neste s\u00e1bado!","description":"Revis\u00e3o de V\u00e9spera XXXIII Exame - 2\u00aa Fase OAB. Acompanhe ao vivo neste s\u00e1bado, 11 de dezembro, a partir das 08:30. Saiba mais aqui.","robots":{"index":"index","follow":"follow","max-snippet":"max-snippet:-1","max-image-preview":"max-image-preview:large","max-video-preview":"max-video-preview:-1"},"canonical":"https:\/\/www.estrategiaconcursos.com.br\/blog\/revisao-de-vespera-2a-fase-oab-xxxiii-exame\/","og_locale":"pt_BR","og_type":"article","og_title":"Revis\u00e3o de V\u00e9spera XXXIII Exame 2\u00aa Fase: veja neste s\u00e1bado!","og_description":"Revis\u00e3o de V\u00e9spera XXXIII Exame - 2\u00aa Fase OAB. Acompanhe ao vivo neste s\u00e1bado, 11 de dezembro, a partir das 08:30. Saiba mais aqui.","og_url":"https:\/\/www.estrategiaconcursos.com.br\/blog\/revisao-de-vespera-2a-fase-oab-xxxiii-exame\/","og_site_name":"Estrat\u00e9gia Concursos","article_author":"https:\/\/www.facebook.com\/EstrategiaConcursos","article_published_time":"2021-12-11T11:00:00+00:00","og_image":[{"width":398,"height":209,"url":"https:\/\/dhg1h5j42swfq.cloudfront.net\/2021\/08\/19184044\/exame-de-ordem.jpg","type":"image\/jpeg"}],"author":"Coordena\u00e7\u00e3o","twitter_card":"summary_large_image","twitter_creator":"@EstratConcursos","twitter_site":"@EstratConcursos","twitter_misc":{"Escrito por":"Coordena\u00e7\u00e3o","Est. tempo de leitura":"4 minutos"},"schema":{"@context":"https:\/\/schema.org","@graph":[{"@type":"NewsArticle","@id":"https:\/\/www.estrategiaconcursos.com.br\/blog\/revisao-de-vespera-2a-fase-oab-xxxiii-exame\/#article","isPartOf":{"@id":"https:\/\/www.estrategiaconcursos.com.br\/blog\/revisao-de-vespera-2a-fase-oab-xxxiii-exame\/"},"author":{"name":"Coordena\u00e7\u00e3o","@id":"https:\/\/www.estrategiaconcursos.com.br\/blog\/#\/schema\/person\/b4a388c97673c5f483d72185668afa1f"},"headline":"Revis\u00e3o de V\u00e9spera XXXIII Exame 2\u00aa Fase: veja neste s\u00e1bado!","datePublished":"2021-12-11T11:00:00+00:00","mainEntityOfPage":{"@id":"https:\/\/www.estrategiaconcursos.com.br\/blog\/revisao-de-vespera-2a-fase-oab-xxxiii-exame\/"},"wordCount":829,"commentCount":0,"publisher":{"@id":"https:\/\/www.estrategiaconcursos.com.br\/blog\/#organization"},"image":{"@id":"https:\/\/www.estrategiaconcursos.com.br\/blog\/revisao-de-vespera-2a-fase-oab-xxxiii-exame\/#primaryimage"},"thumbnailUrl":"https:\/\/dhg1h5j42swfq.cloudfront.net\/2021\/08\/19184044\/exame-de-ordem.jpg","articleSection":["Concursos P\u00fablicos"],"inLanguage":"pt-BR","potentialAction":[{"@type":"CommentAction","name":"Comment","target":["https:\/\/www.estrategiaconcursos.com.br\/blog\/revisao-de-vespera-2a-fase-oab-xxxiii-exame\/#respond"]}],"copyrightYear":"2021","copyrightHolder":{"@id":"https:\/\/www.estrategiaconcursos.com.br\/blog\/#organization"}},{"@type":"WebPage","@id":"https:\/\/www.estrategiaconcursos.com.br\/blog\/revisao-de-vespera-2a-fase-oab-xxxiii-exame\/","url":"https:\/\/www.estrategiaconcursos.com.br\/blog\/revisao-de-vespera-2a-fase-oab-xxxiii-exame\/","name":"Revis\u00e3o de V\u00e9spera XXXIII Exame 2\u00aa Fase: veja neste s\u00e1bado!","isPartOf":{"@id":"https:\/\/www.estrategiaconcursos.com.br\/blog\/#website"},"primaryImageOfPage":{"@id":"https:\/\/www.estrategiaconcursos.com.br\/blog\/revisao-de-vespera-2a-fase-oab-xxxiii-exame\/#primaryimage"},"image":{"@id":"https:\/\/www.estrategiaconcursos.com.br\/blog\/revisao-de-vespera-2a-fase-oab-xxxiii-exame\/#primaryimage"},"thumbnailUrl":"https:\/\/dhg1h5j42swfq.cloudfront.net\/2021\/08\/19184044\/exame-de-ordem.jpg","datePublished":"2021-12-11T11:00:00+00:00","description":"Revis\u00e3o de V\u00e9spera XXXIII Exame - 2\u00aa Fase OAB. Acompanhe ao vivo neste s\u00e1bado, 11 de dezembro, a partir das 08:30. Saiba mais aqui.","breadcrumb":{"@id":"https:\/\/www.estrategiaconcursos.com.br\/blog\/revisao-de-vespera-2a-fase-oab-xxxiii-exame\/#breadcrumb"},"inLanguage":"pt-BR","potentialAction":[{"@type":"ReadAction","target":["https:\/\/www.estrategiaconcursos.com.br\/blog\/revisao-de-vespera-2a-fase-oab-xxxiii-exame\/"]}]},{"@type":"ImageObject","inLanguage":"pt-BR","@id":"https:\/\/www.estrategiaconcursos.com.br\/blog\/revisao-de-vespera-2a-fase-oab-xxxiii-exame\/#primaryimage","url":"https:\/\/dhg1h5j42swfq.cloudfront.net\/2021\/08\/19184044\/exame-de-ordem.jpg","contentUrl":"https:\/\/dhg1h5j42swfq.cloudfront.net\/2021\/08\/19184044\/exame-de-ordem.jpg","width":398,"height":209,"caption":"oab"},{"@type":"BreadcrumbList","@id":"https:\/\/www.estrategiaconcursos.com.br\/blog\/revisao-de-vespera-2a-fase-oab-xxxiii-exame\/#breadcrumb","itemListElement":[{"@type":"ListItem","position":1,"name":"In\u00edcio","item":"https:\/\/www.estrategiaconcursos.com.br\/blog\/"},{"@type":"ListItem","position":2,"name":"Revis\u00e3o de V\u00e9spera XXXIII Exame 2\u00aa Fase: veja neste s\u00e1bado!"}]},{"@type":"WebSite","@id":"https:\/\/www.estrategiaconcursos.com.br\/blog\/#website","url":"https:\/\/www.estrategiaconcursos.com.br\/blog\/","name":"Estrat\u00e9gia Concursos","description":"O blog da Estrat\u00e9gia Concursos traz not\u00edcias sobre concursos e artigos de professores oferecendo cursos para concursos (pdf + videaulas) no site.","publisher":{"@id":"https:\/\/www.estrategiaconcursos.com.br\/blog\/#organization"},"potentialAction":[{"@type":"SearchAction","target":{"@type":"EntryPoint","urlTemplate":"https:\/\/www.estrategiaconcursos.com.br\/blog\/?s={search_term_string}"},"query-input":{"@type":"PropertyValueSpecification","valueRequired":true,"valueName":"search_term_string"}}],"inLanguage":"pt-BR"},{"@type":"Organization","@id":"https:\/\/www.estrategiaconcursos.com.br\/blog\/#organization","name":"Estrat\u00e9gia Concursos","url":"https:\/\/www.estrategiaconcursos.com.br\/blog\/","logo":{"@type":"ImageObject","inLanguage":"pt-BR","@id":"https:\/\/www.estrategiaconcursos.com.br\/blog\/#\/schema\/logo\/image\/","url":"https:\/\/dhg1h5j42swfq.cloudfront.net\/2025\/06\/03203428\/logo_concursos-1.jpg","contentUrl":"https:\/\/dhg1h5j42swfq.cloudfront.net\/2025\/06\/03203428\/logo_concursos-1.jpg","width":230,"height":60,"caption":"Estrat\u00e9gia Concursos"},"image":{"@id":"https:\/\/www.estrategiaconcursos.com.br\/blog\/#\/schema\/logo\/image\/"},"sameAs":["https:\/\/x.com\/EstratConcursos"]},{"@type":"Person","@id":"https:\/\/www.estrategiaconcursos.com.br\/blog\/#\/schema\/person\/b4a388c97673c5f483d72185668afa1f","name":"Coordena\u00e7\u00e3o","image":{"@type":"ImageObject","inLanguage":"pt-BR","@id":"https:\/\/secure.gravatar.com\/avatar\/b720319e4c9a967eb58678d110f4fe35452fc5d5f97b202bac7b8acceb18c6ad?s=96&d=mm&r=g","url":"https:\/\/secure.gravatar.com\/avatar\/b720319e4c9a967eb58678d110f4fe35452fc5d5f97b202bac7b8acceb18c6ad?s=96&d=mm&r=g","contentUrl":"https:\/\/secure.gravatar.com\/avatar\/b720319e4c9a967eb58678d110f4fe35452fc5d5f97b202bac7b8acceb18c6ad?s=96&d=mm&r=g","caption":"Coordena\u00e7\u00e3o"},"sameAs":["https:\/\/www.facebook.com\/EstrategiaConcursos","https:\/\/x.com\/EstratConcursos"],"url":"https:\/\/www.estrategiaconcursos.com.br\/blog\/author\/estrategia2013\/"}]}},"_links":{"self":[{"href":"https:\/\/www.estrategiaconcursos.com.br\/blog\/wp-json\/wp\/v2\/posts\/925179","targetHints":{"allow":["GET"]}}],"collection":[{"href":"https:\/\/www.estrategiaconcursos.com.br\/blog\/wp-json\/wp\/v2\/posts"}],"about":[{"href":"https:\/\/www.estrategiaconcursos.com.br\/blog\/wp-json\/wp\/v2\/types\/post"}],"author":[{"embeddable":true,"href":"https:\/\/www.estrategiaconcursos.com.br\/blog\/wp-json\/wp\/v2\/users\/1"}],"replies":[{"embeddable":true,"href":"https:\/\/www.estrategiaconcursos.com.br\/blog\/wp-json\/wp\/v2\/comments?post=925179"}],"version-history":[{"count":18,"href":"https:\/\/www.estrategiaconcursos.com.br\/blog\/wp-json\/wp\/v2\/posts\/925179\/revisions"}],"predecessor-version":[{"id":927159,"href":"https:\/\/www.estrategiaconcursos.com.br\/blog\/wp-json\/wp\/v2\/posts\/925179\/revisions\/927159"}],"wp:featuredmedia":[{"embeddable":true,"href":"https:\/\/www.estrategiaconcursos.com.br\/blog\/wp-json\/wp\/v2\/media\/840941"}],"wp:attachment":[{"href":"https:\/\/www.estrategiaconcursos.com.br\/blog\/wp-json\/wp\/v2\/media?parent=925179"}],"wp:term":[{"taxonomy":"category","embeddable":true,"href":"https:\/\/www.estrategiaconcursos.com.br\/blog\/wp-json\/wp\/v2\/categories?post=925179"},{"taxonomy":"post_tag","embeddable":true,"href":"https:\/\/www.estrategiaconcursos.com.br\/blog\/wp-json\/wp\/v2\/tags?post=925179"},{"taxonomy":"tax_estado","embeddable":true,"href":"https:\/\/www.estrategiaconcursos.com.br\/blog\/wp-json\/wp\/v2\/tax_estado?post=925179"}],"curies":[{"name":"wp","href":"https:\/\/api.w.org\/{rel}","templated":true}]}}