{"id":92496,"date":"2017-10-16T14:42:14","date_gmt":"2017-10-16T17:42:14","guid":{"rendered":"https:\/\/www.estrategiaconcursos.com.br\/blog\/?p=92496"},"modified":"2017-10-16T14:51:38","modified_gmt":"2017-10-16T17:51:38","slug":"prova-comentada-tj-pe-afo","status":"publish","type":"post","link":"https:\/\/www.estrategiaconcursos.com.br\/blog\/prova-comentada-tj-pe-afo\/","title":{"rendered":"Prova Comentada e recursos TJ-PE &#8211; AFO &#8211; Analista Judici\u00e1rio &#8211; Fun\u00e7\u00e3o Administrativa"},"content":{"rendered":"<p style=\"text-align: justify;\"><strong>Prova Comentada TJ-PE e recursos &#8211; AFO &#8211; Analista Judici\u00e1rio &#8211; Fun\u00e7\u00e3o Administrativa<\/strong><\/p>\n<p style=\"text-align: justify;\">Ol\u00e1 amigos! Como \u00e9 bom estar aqui!<\/p>\n<p style=\"text-align: justify;\">Foi realizada a prova do TJ\/PE para o cargo de Analista Judici\u00e1rio &#8211; Fun\u00e7\u00e3o Administrativa. Em AFO, a Banca do IBFC preparou uma prova em um n\u00edvel muito maior do que todas as suas anteriores. Como no nosso curso do Estrat\u00e9gia eu trouxe <strong>centenas de quest\u00f5es da FCC e da FGV<\/strong> (at\u00e9 mesmo porque s\u00f3 havia umas 50 quest\u00f5es j\u00e1 aplicada pela IBFC ), os alunos puderam se preparar para uma prova de maior n\u00edvel de dificuldade. De qualquer forma, considero que a prova foi dif\u00edcil mesmo para os mais bem preparados, principalmente devido a grande quantidade de conte\u00fado do edital e a cobran\u00e7a de excesso de literalidade das leis.<\/p>\n<p>As quest\u00f5es de AFO s\u00e3o: Q39 a Q44 e Q50. Cabe recurso nas quest\u00f5es 39 e 50.<\/p>\n<p style=\"text-align: justify;\"><strong>39. A respeito da Lei de Responsabilidade Fiscal em vigor no Brasil, analise os itens a seguir.<\/strong><\/p>\n<p style=\"text-align: justify;\"><strong>I. Ser\u00e1 nulo quaisquer atos do administrador p\u00fablico que acarretarem aumento da despesa com pessoal e que n\u00e3o levarem em considera\u00e7\u00e3o o limite legal de comprometimento aplicado \u00e0 despesas com pessoa inativo.<\/strong><\/p>\n<p style=\"text-align: justify;\"><strong>II. A destina\u00e7\u00e3o de recursos p\u00fablicos com o objetivo de cobrir d\u00edvida de pessoa jur\u00eddica de direito p\u00fablico dever\u00e1 ser autorizada por lei espec\u00edfica.<\/strong><\/p>\n<p style=\"text-align: justify;\"><strong>III. \u00c9 vedado, sob qualquer hip\u00f3tese, a utiliza\u00e7\u00e3o de recursos p\u00fablicos para socorrer institui\u00e7\u00f5es do Sistema Financeiro Nacional.<\/strong><\/p>\n<p style=\"text-align: justify;\"><strong>IV. \u00c9 permitida o empr\u00e9stimo entre uma institui\u00e7\u00e3o financeira estatal e o respectivo ente da federa\u00e7\u00e3o que o controle, sendo este \u00faltimo benefici\u00e1rio de empr\u00e9stimos.<\/strong><\/p>\n<p style=\"text-align: justify;\"><strong>Assinale a alternativa correta.<\/strong><\/p>\n<p style=\"text-align: justify;\"><strong>a) I e III s\u00e3o corretas.<\/strong><\/p>\n<p style=\"text-align: justify;\"><strong>b) II e IV s\u00e3o corretas.<\/strong><\/p>\n<p style=\"text-align: justify;\"><strong>c) I e IV s\u00e3o corretas.<\/strong><\/p>\n<p style=\"text-align: justify;\"><strong>d) II e III s\u00e3o corretas.<\/strong><\/p>\n<p style=\"text-align: justify;\"><strong>e) I e II s\u00e3o corretas.<\/strong><\/p>\n<p>&nbsp;<\/p>\n<p style=\"text-align: justify;\">I. Correto. Conforme o art. 21 da LRF, <u>\u00e9 nulo de pleno direito<\/u> o ato que provoque aumento da despesa com pessoal e <u>n\u00e3o atenda<\/u>:<\/p>\n<p style=\"text-align: justify;\">(&#8230;)<\/p>\n<p style=\"text-align: justify;\">II &#8211; <u>o limite legal de comprometimento aplicado \u00e0s despesas com pessoal inativo<\/u>.<\/p>\n<p style=\"text-align: justify;\">II. Correto. A destina\u00e7\u00e3o de recursos para, direta ou indiretamente, cobrir necessidades de pessoas f\u00edsicas ou d\u00e9ficits de pessoas jur\u00eddicas dever\u00e1 <u>ser autorizada por lei espec\u00edfica<\/u>, atender \u00e0s condi\u00e7\u00f5es estabelecidas na lei de diretrizes or\u00e7ament\u00e1rias e estar prevista no or\u00e7amento ou em seus cr\u00e9ditos adicionais (art. 26 da LRF).<\/p>\n<p style=\"text-align: justify;\">III) Errado.<strong> Salvo mediante lei espec\u00edfica,<\/strong> n\u00e3o poder\u00e3o ser utilizados recursos p\u00fablicos, inclusive de opera\u00e7\u00f5es de cr\u00e9dito, para socorrer institui\u00e7\u00f5es do Sistema Financeiro Nacional, ainda que mediante a concess\u00e3o de empr\u00e9stimos de recupera\u00e7\u00e3o ou financiamentos para mudan\u00e7a de controle acion\u00e1rio. Isso significa que o Poder Executivo n\u00e3o pode socorrer os bancos sem passar pelo Congresso (art. 28 da LRF). Assim, \u00e9 <strong>incorreto<\/strong> afirmar que\u00a0<strong>\u00e9 vedado, sob qualquer hip\u00f3tese (h\u00e1 a hip\u00f3tese de lei espec\u00edfica),<\/strong> a utiliza\u00e7\u00e3o de recursos p\u00fablicos para socorrer institui\u00e7\u00f5es do Sistema Financeiro Nacional<strong>.<\/strong><\/p>\n<p style=\"text-align: justify;\">IV. Errado. \u00c9 <strong>proibida<\/strong> a opera\u00e7\u00e3o de cr\u00e9dito entre uma institui\u00e7\u00e3o financeira estatal e o ente da Federa\u00e7\u00e3o que a controle, na qualidade de benefici\u00e1rio do empr\u00e9stimo (art. 36). A inobserv\u00e2ncia desse dispositivo ficou conhecida como \u201cpedalada fiscal\u201d.<\/p>\n<p style=\"text-align: justify;\">Logo, I e II s\u00e3o corretas.<\/p>\n<p>&nbsp;<\/p>\n<p><strong>Cabe recurso! Basta utilizar os artigos da LRF apresentados aqui.<\/strong><\/p>\n<p>&nbsp;<\/p>\n<p><strong>Gabarito preliminar da Banca: Letra D<\/strong><\/p>\n<p style=\"text-align: justify;\"><strong>Gabarito proposto: \u00a0Letra E<\/strong><\/p>\n<p>&nbsp;<\/p>\n<p style=\"text-align: justify;\"><strong>40.<\/strong>\u00a0<strong>A d\u00edvida p\u00fablica brasileira \u00e9 tema regulamentado, sendo que suas diretrizes est\u00e3o estabelecidas em normas vigentes em territ\u00f3rio nacional. Sobre o tema mencionado (d\u00edvida p\u00fablica), assinale a alternativa que cont\u00e9m informa\u00e7\u00e3o incorreta.<\/strong><\/p>\n<p style=\"text-align: justify;\"><strong>a) A d\u00edvida pela emiss\u00e3o de t\u00edtulos pelo Banco Central do Brasil \u00e9 inclu\u00edda no montante atualizado da d\u00edvida p\u00fablica da Uni\u00e3o.<\/strong><\/p>\n<p style=\"text-align: justify;\"><strong>b) Integram a d\u00edvida p\u00fablica os precat\u00f3rios n\u00e3o pagos durante a execu\u00e7\u00e3o do or\u00e7amento em que foram inclu\u00eddos.<\/strong><\/p>\n<p style=\"text-align: justify;\"><strong>c) Cabe ao Presidente da Rep\u00fablica encaminhar \u00e0 C\u00e2mara dos Deputados proposta (e posteriores revis\u00f5es) contendo os limites globais para o montante da d\u00edvida consolidada da Uni\u00e3o.<\/strong><\/p>\n<p style=\"text-align: justify;\"><strong>d) Na hip\u00f3tese de um ente Federativo ultrapassar o limite imposto para a d\u00edvida p\u00fablica, ficar\u00e1 temporariamente impedido de realizar opera\u00e7\u00f5es de cr\u00e9dito.<\/strong><\/p>\n<p style=\"text-align: justify;\"><strong>e) Caber\u00e1 ao Minist\u00e9rio da Fazenda divulgar mensalmente a lista de entes Federativos que excederem o limite legal da d\u00edvida p\u00fablica consolidada.<\/strong><\/p>\n<p style=\"text-align: justify;\">a) Correta. Ser\u00e1 inclu\u00edda na d\u00edvida p\u00fablica consolidada da Uni\u00e3o a relativa \u00e0 emiss\u00e3o de t\u00edtulos de responsabilidade do Banco Central do Brasil (art. 29, \u00a7 2\u00ba, da LRF).<\/p>\n<p style=\"text-align: justify;\">b) Correta. Os precat\u00f3rios judiciais n\u00e3o pagos durante a execu\u00e7\u00e3o do or\u00e7amento em que houverem sido inclu\u00eddos integram a d\u00edvida consolidada, para fins de aplica\u00e7\u00e3o dos limites (art. 30, \u00a7 7\u00ba, da LRF).<\/p>\n<p style=\"text-align: justify;\">c) \u00c9 a incorreta. Sobre o montante da d\u00edvida p\u00fablica brasileira, a CF\/1988 atribuiu compet\u00eancias ao Congresso Nacional e separadamente ao Senado Federal. Compete privativamente ao <strong>Senado Federal<\/strong> fixar, por proposta do Presidente da Rep\u00fablica, limites globais para o montante da d\u00edvida consolidada da Uni\u00e3o, dos estados, do Distrito Federal e dos munic\u00edpios (art. 52, VI, da CF\/1988).<\/p>\n<p style=\"text-align: justify;\">d) Correta. Enquanto perdurar o excesso, o ente que nele houver incorrido estar\u00e1 proibido de realizar opera\u00e7\u00e3o de cr\u00e9dito interna ou externa, inclusive por antecipa\u00e7\u00e3o de receita, ressalvado o refinanciamento do principal atualizado da d\u00edvida mobili\u00e1ria (art. 31, \u00a7 1\u00ba, I, da LRF).<\/p>\n<p style=\"text-align: justify;\">e) Correta. O Minist\u00e9rio da Fazenda divulgar\u00e1, mensalmente, a rela\u00e7\u00e3o dos entes que tenham ultrapassado os limites das d\u00edvidas consolidada e mobili\u00e1ria (art. 31, \u00a7 4\u00ba, da LRF).<\/p>\n<p style=\"text-align: justify;\">Gabarito: Letra C<\/p>\n<p style=\"text-align: justify;\"><strong>41. Assinale abaixo a alternativa que apresenta uma das finalidades do Sistema de Planejamento e Or\u00e7amento Federal:<\/strong><\/p>\n<p style=\"text-align: justify;\"><strong>a) Estabelecer limites para os cargos elaborados pelo Poder Judici\u00e1rio.<\/strong><\/p>\n<p style=\"text-align: justify;\"><strong>b) Formular diretrizes para o cumprimento de metas estabelecidas pelo Congresso Nacional.<\/strong><\/p>\n<p style=\"text-align: justify;\"><strong>c) Elaborar plano anual or\u00e7ament\u00e1rio com refer\u00eancia \u00e0s taxas de juros praticadas no mercado.<\/strong><\/p>\n<p style=\"text-align: justify;\"><strong>d) Estabelecer limites para a utiliza\u00e7\u00e3o de cr\u00e9dito por entes Federativos.<\/strong><\/p>\n<p style=\"text-align: justify;\"><strong>e) Formular o planejamento estrat\u00e9gico nacional.<\/strong><\/p>\n<p style=\"text-align: justify;\"><strong>\u00a0<\/strong><\/p>\n<p style=\"text-align: justify;\">Segundo o art. 2\u00ba da Lei 10.180\/01, s\u00e3o finalidades do Sistema de Planejamento e de Or\u00e7amento Federal:<\/p>\n<ul style=\"text-align: justify;\">\n<li><u>Formular o planejamento estrat\u00e9gico nacional<\/u>.<\/li>\n<li>Formular planos nacionais, setoriais e regionais de desenvolvimento econ\u00f4mico e social.<\/li>\n<li>Formular o plano plurianual, as diretrizes or\u00e7ament\u00e1rias e os or\u00e7amentos anuais.<\/li>\n<li>Gerenciar o processo de planejamento e or\u00e7amento federal.<\/li>\n<li>Promover a articula\u00e7\u00e3o com os Estados, o Distrito Federal e os Munic\u00edpios, visando a compatibiliza\u00e7\u00e3o de normas e tarefas afins aos diversos Sistemas, nos planos federal, estadual, distrital e municipal.<\/li>\n<\/ul>\n<p style=\"text-align: justify;\"><strong>\u00a0<\/strong><\/p>\n<p style=\"text-align: justify;\">Gabarito: Letra E<\/p>\n<p style=\"text-align: justify;\"><strong>42. O or\u00e7amento P\u00fablico est\u00e1 regulamentado por meio da lei e segue determinada disposi\u00e7\u00e3o, sendo que sua altera\u00e7\u00e3o \u00e9 limitada pela normal. Verifique se as assertivas s\u00e3o verdadeiras (V) ou (F) e, em seguida, assinale a alternativa correta.<\/strong><\/p>\n<p style=\"text-align: justify;\"><strong>( \u00a0\u00a0) N\u00e3o ser\u00e3o admitidas emendas ao projeto de lei do or\u00e7amento que concederem dota\u00e7\u00e3o para instala\u00e7\u00e3o de servi\u00e7o que n\u00e3o esteja anteriormente criado.<\/strong><\/p>\n<p style=\"text-align: justify;\"><strong>(\u00a0\u00a0 ) No caso de n\u00e3o cumprimento do prazo fixado nas Constitui\u00e7\u00f5es ou Lei Org\u00e2nicas dos munic\u00edpios, o Poder Legislativo considerar\u00e1 como proposta a vigente lei do or\u00e7amento.<\/strong><\/p>\n<p style=\"text-align: justify;\"><strong>(\u00a0\u00a0 ) Poder\u00e1 ser proposta emenda \u00e0 lei do or\u00e7amento que conceder dota\u00e7\u00e3o para o in\u00edcio de obra, sem necessidade de aprova\u00e7\u00e3o de \u00f3rg\u00e3os administrativos.<\/strong><\/p>\n<p style=\"text-align: justify;\"><strong>(\u00a0\u00a0 ) As proposta or\u00e7ament\u00e1rias parciais ser\u00e3o revistas e coordenadas na proposta geral, considerando-se a receita estimada e as novas circunst\u00e2ncias.<\/strong><\/p>\n<p style=\"text-align: justify;\"><strong>a) F, V, F, F<\/strong><\/p>\n<p style=\"text-align: justify;\"><strong>b) F, F, V, F<\/strong><\/p>\n<p style=\"text-align: justify;\"><strong>c) V, F, V, V<\/strong><\/p>\n<p style=\"text-align: justify;\"><strong>d) V, V, F, V<\/strong><\/p>\n<p style=\"text-align: justify;\"><strong>e) V, V, V, F<\/strong><\/p>\n<p style=\"text-align: justify;\"><strong>\u00a0<\/strong><\/p>\n<p style=\"text-align: justify;\">(V) Segundo o art. 33 da Lei 4.320\/1964, <u>n\u00e3o<\/u> se admitir\u00e3o emendas ao projeto de lei de or\u00e7amento que visem:<\/p>\n<ul style=\"text-align: justify;\">\n<li>Alterar a dota\u00e7\u00e3o solicitada para despesa de custeio, salvo quando provada, nesse ponto a inexatid\u00e3o da proposta.<\/li>\n<li>Conceder dota\u00e7\u00e3o para o in\u00edcio de obra cujo projeto n\u00e3o esteja aprovado pelos \u00f3rg\u00e3os competentes.<\/li>\n<li><u>Conceder dota\u00e7\u00e3o para instala\u00e7\u00e3o ou funcionamento de servi\u00e7o que n\u00e3o esteja anteriormente criado<\/u>.<\/li>\n<li>Conceder dota\u00e7\u00e3o superior aos quantitativos previamente fixados em resolu\u00e7\u00e3o do Poder Legislativo para concess\u00e3o de aux\u00edlios e subven\u00e7\u00f5es.<\/li>\n<\/ul>\n<p style=\"text-align: justify;\">(V) Se n\u00e3o receber a proposta or\u00e7ament\u00e1ria no prazo fixado nas Constitui\u00e7\u00f5es ou nas Leis Org\u00e2nicas dos Munic\u00edpios, o Poder Legislativo considerar\u00e1 como proposta a Lei de Or\u00e7amento vigente (art. 32 da Lei 4320\/1964). Caso n\u00e3o receba a proposta or\u00e7ament\u00e1ria no prazo fixado, caber\u00e1 ao Poder Legislativo apreciar novamente o or\u00e7amento vigente como se fosse uma nova proposta! Ignora que diversos programas se exaurem ao longo do exerc\u00edcio, mas essa \u00e9 a \u00fanica previs\u00e3o legal, j\u00e1 que a CF\/1988 n\u00e3o traz nenhuma diretriz.<\/p>\n<p style=\"text-align: justify;\">( F ) \u00a0Segundo o art. 33 da Lei 4.320\/1964, <strong>n\u00e3o <\/strong>se admitir\u00e3o emendas ao projeto de lei de or\u00e7amento que vise conceder dota\u00e7\u00e3o para o in\u00edcio de obra cujo projeto <strong>n\u00e3o<\/strong> esteja aprovado pelos \u00f3rg\u00e3os competentes.<\/p>\n<p style=\"text-align: justify;\">(V) As propostas or\u00e7ament\u00e1rias parciais ser\u00e3o revistas e coordenadas na proposta geral, considerando-se a receita estimada e as novas circunst\u00e2ncias (art. 31 da Lei 4320\/1964).<\/p>\n<p style=\"text-align: justify;\">Logo, a sequ\u00eancia \u00e9: V, V, F, V.<\/p>\n<p style=\"text-align: justify;\">Gabarito: Letra D<\/p>\n<p style=\"text-align: justify;\"><strong>43. Assinale a alternativa que n\u00e3o indica um dos elementos constituidores da d\u00edvida flutuante no Brasil:<\/strong><\/p>\n<p style=\"text-align: justify;\"><strong>a) financiamentos contra\u00eddos com \u00f3rg\u00e3o monet\u00e1rio internacional<\/strong><\/p>\n<p style=\"text-align: justify;\"><strong>b) dep\u00f3sitos<\/strong><\/p>\n<p style=\"text-align: justify;\"><strong>c) d\u00e9bitos de tesouraria.<\/strong><\/p>\n<p style=\"text-align: justify;\"><strong>d) restos a pagar, exclu\u00eddos os servi\u00e7os da d\u00edvida.<\/strong><\/p>\n<p style=\"text-align: justify;\"><strong>e) servi\u00e7os da d\u00edvida a pagar<\/strong><\/p>\n<p style=\"text-align: justify;\">De acordo com o art. 92 da Lei 4.320\/1964, a d\u00edvida flutuante compreende:<\/p>\n<ul style=\"text-align: justify;\">\n<li>Os restos a pagar, exclu\u00eddos os servi\u00e7os da d\u00edvida.<\/li>\n<li>Os servi\u00e7os da d\u00edvida a pagar (parcelas de amortiza\u00e7\u00e3o e juros da d\u00edvida fundada n\u00e3o pagas no momento aprazado).<\/li>\n<li>Os dep\u00f3sitos.<\/li>\n<li>Os d\u00e9bitos de tesouraria (opera\u00e7\u00f5es de cr\u00e9dito por antecipa\u00e7\u00e3o de receita).<\/li>\n<\/ul>\n<p style=\"text-align: justify;\">Logo, a d\u00edvida flutuante <strong>n\u00e3o<\/strong> inclui financiamentos contra\u00eddos com \u00f3rg\u00e3o monet\u00e1rio internacional.<\/p>\n<p style=\"text-align: justify;\">Gabarito: Letra A<\/p>\n<p style=\"text-align: justify;\"><strong>44. Sobre o plano plurianual analise os itens abaixo:<\/strong><\/p>\n<p style=\"text-align: justify;\"><strong>I. O plano plurianual por dispositivo da Constitui\u00e7\u00e3o Federal e a lei que o estabelece \u00e9 de iniciativa exclusiva do Poder Executivo.<\/strong><\/p>\n<p style=\"text-align: justify;\"><strong>II. A proposta do Plano Plurianual deve ser elaborada pelo Poder Executivo durante o primeiro ano de mandato do Presidente da Rep\u00fablica, sendo desnecess\u00e1ria a aprova\u00e7\u00e3o do Congresso Nacional para come\u00e7ar a vigorar.<\/strong><\/p>\n<p style=\"text-align: justify;\"><strong>III. O plano plurianual apresenta macrodesafios e valores que guiam o comportamento para o conjunto da Administra\u00e7\u00e3o P\u00fablica Federal.<\/strong><\/p>\n<p style=\"text-align: justify;\"><strong>IV. O per\u00edodo compreendido pelo plano plurianual \u00e9 de 4 (quatro) anos, sendo que nesse per\u00edodo cabe ao Estado zelar pela consecu\u00e7\u00e3o dos objetivos tra\u00e7ados naquele documento.<\/strong><\/p>\n<p style=\"text-align: justify;\"><strong>Assinale a alternativa correta.<\/strong><\/p>\n<p style=\"text-align: justify;\"><strong>a) I e III s\u00e3o corretas.<\/strong><\/p>\n<p style=\"text-align: justify;\"><strong>b) II e III s\u00e3o corretas.<\/strong><\/p>\n<p style=\"text-align: justify;\"><strong>c) Apenas a IV \u00e9 correta.<\/strong><\/p>\n<p style=\"text-align: justify;\"><strong>d) I, III e IV s\u00e3o corretas.<\/strong><\/p>\n<p style=\"text-align: justify;\"><strong>e) I, II, III e IV s\u00e3o corretas.<\/strong><\/p>\n<p style=\"text-align: justify;\">I) Correto. Segundo o art. 165 da CF\/1988, leis de iniciativa do Poder Executivo estabelecer\u00e3o: o plano plurianual; as diretrizes or\u00e7ament\u00e1rias; os or\u00e7amentos anuais. No caso dos instrumentos de planejamento e or\u00e7amento, seriam mat\u00e9rias de compet\u00eancia exclusiva do presidente da Rep\u00fablica, porque s\u00e3o atribui\u00e7\u00f5es n\u00e3o excepcionadas como deleg\u00e1veis pelo par\u00e1grafo \u00fanico do art. 84 e, portanto, indeleg\u00e1veis.<\/p>\n<p style=\"text-align: justify;\">II) Errado. A proposta do Plano Plurianual deve ser elaborada pelo Poder Executivo durante o primeiro ano de mandato do Presidente da Rep\u00fablica, sendo <strong>necess\u00e1ria<\/strong> a aprova\u00e7\u00e3o do Congresso Nacional para come\u00e7ar a vigorar.<\/p>\n<p style=\"text-align: justify;\">III. Correto. O plano plurianual apresenta macrodesafios e valores que guiam o comportamento para o conjunto da Administra\u00e7\u00e3o P\u00fablica Federal. O PPA retrata, em vis\u00e3o macro, as inten\u00e7\u00f5es do gestor p\u00fablico para um per\u00edodo de quatro anos<\/p>\n<p style=\"text-align: justify;\">IV. Correto. Segundo o ADCT, a vig\u00eancia do PPA \u00e9 de quatro anos, iniciando-se no segundo exerc\u00edcio financeiro do mandato do chefe do executivo e terminando no primeiro exerc\u00edcio financeiro do mandato subsequente. Nesse per\u00edodo, cabe ao Estado zelar pela consecu\u00e7\u00e3o dos objetivos tra\u00e7ados naquele documento.<\/p>\n<p style=\"text-align: justify;\">Logo, I, III e IV s\u00e3o corretas.<\/p>\n<p style=\"text-align: justify;\">Gabarito: Letra D<\/p>\n<p>&nbsp;<\/p>\n<p><strong>50. Assinale a alternativa em que consta um instrumento de transpar\u00eancia da gest\u00e3o fiscal.<\/strong><\/p>\n<p><strong>a) Manifesta\u00e7\u00e3o de entidades de classe sobre o gasto p\u00fablico recorrente e a arrecada\u00e7\u00e3o tribut\u00e1ria.<\/strong><\/p>\n<p><strong>b) Leis de diretrizes or\u00e7ament\u00e1rias<\/strong><\/p>\n<p><strong>c) Relat\u00f3rio emitido pelo Tribunal de Contas sobre as atividades do ente federativo<\/strong><\/p>\n<p><strong>d) Documento elaborado por perito judicial sobre sa\u00fade financeira de funda\u00e7\u00e3o p\u00fablica.<\/strong><\/p>\n<p><strong>e) Parecer do Minist\u00e9rio P\u00fablico Federal sobre eventual crime de responsabilidade.<\/strong><\/p>\n<p>&nbsp;<\/p>\n<p><span style=\"text-decoration: underline;\">S\u00e3o instrumentos de transpar\u00eancia da gest\u00e3o fiscal<\/span>, aos quais ser\u00e1 dada ampla divulga\u00e7\u00e3o, inclusive em meios eletr\u00f4nicos de acesso p\u00fablico: os planos, or\u00e7amentos e <span style=\"text-decoration: underline;\">leis de diretrizes or\u00e7ament\u00e1rias<\/span>; as presta\u00e7\u00f5es de contas e o respectivo parecer pr\u00e9vio; o Relat\u00f3rio Resumido da Execu\u00e7\u00e3o Or\u00e7ament\u00e1ria e o Relat\u00f3rio de Gest\u00e3o Fiscal; e as vers\u00f5es simplificadas desses documentos (art. 48 da LRF).<\/p>\n<p>&nbsp;<\/p>\n<p><strong>Cabe recurso! Basta utilizar o artigo da LRF apresentado aqui.<\/strong><\/p>\n<p>&nbsp;<\/p>\n<p><strong>Gabarito preliminar da Banca: Letra E<\/strong><\/p>\n<p><strong>Gabarito proposto: \u00a0Letra B<\/strong><\/p>\n<p>&nbsp;<\/p>\n<p>&nbsp;<\/p>\n<p style=\"text-align: justify;\">Forte abra\u00e7o!<\/p>\n<p style=\"text-align: justify;\">S\u00e9rgio Mendes<\/p>\n<p style=\"text-align: justify;\"><a href=\"http:\/\/www.instagram.com\/sergiomendesafo\">www.instagram.com\/sergiomendesafo<\/a><br \/>\n<a href=\"http:\/\/www.facebook.com\/sergiomendesafo\">www.facebook.com\/sergiomendesafo<\/a><\/p>\n<p>&nbsp;<\/p>\n<p>&nbsp;<\/p>\n<p>&nbsp;<\/p>\n","protected":false},"excerpt":{"rendered":"<p>Prova Comentada TJ-PE e recursos &#8211; AFO &#8211; Analista Judici\u00e1rio &#8211; Fun\u00e7\u00e3o Administrativa Ol\u00e1 amigos! Como \u00e9 bom estar aqui! Foi realizada a prova do TJ\/PE para o cargo de Analista Judici\u00e1rio &#8211; Fun\u00e7\u00e3o Administrativa. Em AFO, a Banca do IBFC preparou uma prova em um n\u00edvel muito maior do que todas as suas anteriores. [&hellip;]<\/p>\n","protected":false},"author":29,"featured_media":0,"comment_status":"open","ping_status":"open","sticky":false,"template":"","format":"standard","meta":{"post_tipo":"article","footnotes":""},"categories":[1984],"tags":[3006,3004,3005,3009],"tax_estado":[],"class_list":["post-92496","post","type-post","status-publish","format-standard","hentry","category-tribunais","tag-afo-tjpe","tag-gabarito-extraoficial-tjpe","tag-prova-comentada-tjpe","tag-recursos-tjpe"],"acf":[],"yoast_head":"<!-- This site is optimized with the Yoast SEO Premium plugin v27.2 (Yoast SEO v27.2) - https:\/\/yoast.com\/product\/yoast-seo-premium-wordpress\/ -->\n<title>Prova Comentada e recursos TJ-PE - AFO - Analista Judici\u00e1rio - Fun\u00e7\u00e3o Administrativa<\/title>\n<meta name=\"robots\" content=\"index, follow, max-snippet:-1, max-image-preview:large, max-video-preview:-1\" \/>\n<link rel=\"canonical\" href=\"https:\/\/www.estrategiaconcursos.com.br\/blog\/prova-comentada-tj-pe-afo\/\" \/>\n<meta property=\"og:locale\" content=\"pt_BR\" \/>\n<meta property=\"og:type\" content=\"article\" \/>\n<meta property=\"og:title\" content=\"Prova Comentada e recursos TJ-PE - AFO - Analista Judici\u00e1rio - Fun\u00e7\u00e3o Administrativa\" \/>\n<meta property=\"og:description\" content=\"Prova Comentada TJ-PE e recursos &#8211; AFO &#8211; Analista Judici\u00e1rio &#8211; Fun\u00e7\u00e3o Administrativa Ol\u00e1 amigos! Como \u00e9 bom estar aqui! Foi realizada a prova do TJ\/PE para o cargo de Analista Judici\u00e1rio &#8211; Fun\u00e7\u00e3o Administrativa. Em AFO, a Banca do IBFC preparou uma prova em um n\u00edvel muito maior do que todas as suas anteriores. [&hellip;]\" \/>\n<meta property=\"og:url\" content=\"https:\/\/www.estrategiaconcursos.com.br\/blog\/prova-comentada-tj-pe-afo\/\" \/>\n<meta property=\"og:site_name\" content=\"Estrat\u00e9gia Concursos\" \/>\n<meta property=\"article:author\" content=\"https:\/\/www.facebook.com\/profsergiomendes\" \/>\n<meta property=\"article:published_time\" content=\"2017-10-16T17:42:14+00:00\" \/>\n<meta property=\"article:modified_time\" content=\"2017-10-16T17:51:38+00:00\" \/>\n<meta name=\"author\" content=\"S\u00e9rgio Mendes\" \/>\n<meta name=\"twitter:card\" content=\"summary_large_image\" \/>\n<meta name=\"twitter:creator\" content=\"@EstratConcursos\" \/>\n<meta name=\"twitter:site\" content=\"@EstratConcursos\" \/>\n<meta name=\"twitter:label1\" content=\"Escrito por\" \/>\n\t<meta name=\"twitter:data1\" content=\"S\u00e9rgio Mendes\" \/>\n\t<meta name=\"twitter:label2\" content=\"Est. tempo de leitura\" \/>\n\t<meta name=\"twitter:data2\" content=\"12 minutos\" \/>\n<script type=\"application\/ld+json\" class=\"yoast-schema-graph\">{\"@context\":\"https:\/\/schema.org\",\"@graph\":[{\"@type\":\"NewsArticle\",\"@id\":\"https:\/\/www.estrategiaconcursos.com.br\/blog\/prova-comentada-tj-pe-afo\/#article\",\"isPartOf\":{\"@id\":\"https:\/\/www.estrategiaconcursos.com.br\/blog\/prova-comentada-tj-pe-afo\/\"},\"author\":{\"name\":\"S\u00e9rgio Mendes\",\"@id\":\"https:\/\/www.estrategiaconcursos.com.br\/blog\/#\/schema\/person\/4ddc4a162b4fdffa2ea9956dbf62f583\"},\"headline\":\"Prova Comentada e recursos TJ-PE &#8211; AFO &#8211; Analista Judici\u00e1rio &#8211; Fun\u00e7\u00e3o Administrativa\",\"datePublished\":\"2017-10-16T17:42:14+00:00\",\"dateModified\":\"2017-10-16T17:51:38+00:00\",\"mainEntityOfPage\":{\"@id\":\"https:\/\/www.estrategiaconcursos.com.br\/blog\/prova-comentada-tj-pe-afo\/\"},\"wordCount\":2328,\"commentCount\":2,\"publisher\":{\"@id\":\"https:\/\/www.estrategiaconcursos.com.br\/blog\/#organization\"},\"keywords\":[\"AFO TJPE\",\"gabarito extraoficial TJPE\",\"prova comentada TJPE\",\"recursos TJ\/PE\"],\"articleSection\":[\"Tribunais\"],\"inLanguage\":\"pt-BR\",\"potentialAction\":[{\"@type\":\"CommentAction\",\"name\":\"Comment\",\"target\":[\"https:\/\/www.estrategiaconcursos.com.br\/blog\/prova-comentada-tj-pe-afo\/#respond\"]}],\"copyrightYear\":\"2017\",\"copyrightHolder\":{\"@id\":\"https:\/\/www.estrategiaconcursos.com.br\/blog\/#organization\"}},{\"@type\":\"WebPage\",\"@id\":\"https:\/\/www.estrategiaconcursos.com.br\/blog\/prova-comentada-tj-pe-afo\/\",\"url\":\"https:\/\/www.estrategiaconcursos.com.br\/blog\/prova-comentada-tj-pe-afo\/\",\"name\":\"Prova Comentada e recursos TJ-PE - AFO - Analista Judici\u00e1rio - Fun\u00e7\u00e3o Administrativa\",\"isPartOf\":{\"@id\":\"https:\/\/www.estrategiaconcursos.com.br\/blog\/#website\"},\"datePublished\":\"2017-10-16T17:42:14+00:00\",\"dateModified\":\"2017-10-16T17:51:38+00:00\",\"breadcrumb\":{\"@id\":\"https:\/\/www.estrategiaconcursos.com.br\/blog\/prova-comentada-tj-pe-afo\/#breadcrumb\"},\"inLanguage\":\"pt-BR\",\"potentialAction\":[{\"@type\":\"ReadAction\",\"target\":[\"https:\/\/www.estrategiaconcursos.com.br\/blog\/prova-comentada-tj-pe-afo\/\"]}]},{\"@type\":\"BreadcrumbList\",\"@id\":\"https:\/\/www.estrategiaconcursos.com.br\/blog\/prova-comentada-tj-pe-afo\/#breadcrumb\",\"itemListElement\":[{\"@type\":\"ListItem\",\"position\":1,\"name\":\"In\u00edcio\",\"item\":\"https:\/\/www.estrategiaconcursos.com.br\/blog\/\"},{\"@type\":\"ListItem\",\"position\":2,\"name\":\"Prova Comentada e recursos TJ-PE &#8211; AFO &#8211; Analista Judici\u00e1rio &#8211; Fun\u00e7\u00e3o Administrativa\"}]},{\"@type\":\"WebSite\",\"@id\":\"https:\/\/www.estrategiaconcursos.com.br\/blog\/#website\",\"url\":\"https:\/\/www.estrategiaconcursos.com.br\/blog\/\",\"name\":\"Estrat\u00e9gia Concursos\",\"description\":\"O blog da Estrat\u00e9gia Concursos traz not\u00edcias sobre concursos e artigos de professores oferecendo cursos para concursos (pdf + videaulas) no site.\",\"publisher\":{\"@id\":\"https:\/\/www.estrategiaconcursos.com.br\/blog\/#organization\"},\"potentialAction\":[{\"@type\":\"SearchAction\",\"target\":{\"@type\":\"EntryPoint\",\"urlTemplate\":\"https:\/\/www.estrategiaconcursos.com.br\/blog\/?s={search_term_string}\"},\"query-input\":{\"@type\":\"PropertyValueSpecification\",\"valueRequired\":true,\"valueName\":\"search_term_string\"}}],\"inLanguage\":\"pt-BR\"},{\"@type\":\"Organization\",\"@id\":\"https:\/\/www.estrategiaconcursos.com.br\/blog\/#organization\",\"name\":\"Estrat\u00e9gia Concursos\",\"url\":\"https:\/\/www.estrategiaconcursos.com.br\/blog\/\",\"logo\":{\"@type\":\"ImageObject\",\"inLanguage\":\"pt-BR\",\"@id\":\"https:\/\/www.estrategiaconcursos.com.br\/blog\/#\/schema\/logo\/image\/\",\"url\":\"https:\/\/dhg1h5j42swfq.cloudfront.net\/2025\/06\/03203428\/logo_concursos-1.jpg\",\"contentUrl\":\"https:\/\/dhg1h5j42swfq.cloudfront.net\/2025\/06\/03203428\/logo_concursos-1.jpg\",\"width\":230,\"height\":60,\"caption\":\"Estrat\u00e9gia Concursos\"},\"image\":{\"@id\":\"https:\/\/www.estrategiaconcursos.com.br\/blog\/#\/schema\/logo\/image\/\"},\"sameAs\":[\"https:\/\/x.com\/EstratConcursos\"]},{\"@type\":\"Person\",\"@id\":\"https:\/\/www.estrategiaconcursos.com.br\/blog\/#\/schema\/person\/4ddc4a162b4fdffa2ea9956dbf62f583\",\"name\":\"S\u00e9rgio Mendes\",\"image\":{\"@type\":\"ImageObject\",\"inLanguage\":\"pt-BR\",\"@id\":\"https:\/\/secure.gravatar.com\/avatar\/4eb4b562c33f40d6f7f76579da7e07350c69579df7db305d32a69ed32ecfd5ce?s=96&d=mm&r=g\",\"url\":\"https:\/\/secure.gravatar.com\/avatar\/4eb4b562c33f40d6f7f76579da7e07350c69579df7db305d32a69ed32ecfd5ce?s=96&d=mm&r=g\",\"contentUrl\":\"https:\/\/secure.gravatar.com\/avatar\/4eb4b562c33f40d6f7f76579da7e07350c69579df7db305d32a69ed32ecfd5ce?s=96&d=mm&r=g\",\"caption\":\"S\u00e9rgio Mendes\"},\"sameAs\":[\"https:\/\/www.facebook.com\/profsergiomendes\"],\"url\":\"https:\/\/www.estrategiaconcursos.com.br\/blog\/author\/sergiomendesestrategiaconcursos-com-br\/\"}]}<\/script>\n<!-- \/ Yoast SEO Premium plugin. -->","yoast_head_json":{"title":"Prova Comentada e recursos TJ-PE - AFO - Analista Judici\u00e1rio - Fun\u00e7\u00e3o Administrativa","robots":{"index":"index","follow":"follow","max-snippet":"max-snippet:-1","max-image-preview":"max-image-preview:large","max-video-preview":"max-video-preview:-1"},"canonical":"https:\/\/www.estrategiaconcursos.com.br\/blog\/prova-comentada-tj-pe-afo\/","og_locale":"pt_BR","og_type":"article","og_title":"Prova Comentada e recursos TJ-PE - AFO - Analista Judici\u00e1rio - Fun\u00e7\u00e3o Administrativa","og_description":"Prova Comentada TJ-PE e recursos &#8211; AFO &#8211; Analista Judici\u00e1rio &#8211; Fun\u00e7\u00e3o Administrativa Ol\u00e1 amigos! Como \u00e9 bom estar aqui! Foi realizada a prova do TJ\/PE para o cargo de Analista Judici\u00e1rio &#8211; Fun\u00e7\u00e3o Administrativa. Em AFO, a Banca do IBFC preparou uma prova em um n\u00edvel muito maior do que todas as suas anteriores. [&hellip;]","og_url":"https:\/\/www.estrategiaconcursos.com.br\/blog\/prova-comentada-tj-pe-afo\/","og_site_name":"Estrat\u00e9gia Concursos","article_author":"https:\/\/www.facebook.com\/profsergiomendes","article_published_time":"2017-10-16T17:42:14+00:00","article_modified_time":"2017-10-16T17:51:38+00:00","author":"S\u00e9rgio Mendes","twitter_card":"summary_large_image","twitter_creator":"@EstratConcursos","twitter_site":"@EstratConcursos","twitter_misc":{"Escrito por":"S\u00e9rgio Mendes","Est. tempo de leitura":"12 minutos"},"schema":{"@context":"https:\/\/schema.org","@graph":[{"@type":"NewsArticle","@id":"https:\/\/www.estrategiaconcursos.com.br\/blog\/prova-comentada-tj-pe-afo\/#article","isPartOf":{"@id":"https:\/\/www.estrategiaconcursos.com.br\/blog\/prova-comentada-tj-pe-afo\/"},"author":{"name":"S\u00e9rgio Mendes","@id":"https:\/\/www.estrategiaconcursos.com.br\/blog\/#\/schema\/person\/4ddc4a162b4fdffa2ea9956dbf62f583"},"headline":"Prova Comentada e recursos TJ-PE &#8211; AFO &#8211; Analista Judici\u00e1rio &#8211; Fun\u00e7\u00e3o Administrativa","datePublished":"2017-10-16T17:42:14+00:00","dateModified":"2017-10-16T17:51:38+00:00","mainEntityOfPage":{"@id":"https:\/\/www.estrategiaconcursos.com.br\/blog\/prova-comentada-tj-pe-afo\/"},"wordCount":2328,"commentCount":2,"publisher":{"@id":"https:\/\/www.estrategiaconcursos.com.br\/blog\/#organization"},"keywords":["AFO TJPE","gabarito extraoficial TJPE","prova comentada TJPE","recursos TJ\/PE"],"articleSection":["Tribunais"],"inLanguage":"pt-BR","potentialAction":[{"@type":"CommentAction","name":"Comment","target":["https:\/\/www.estrategiaconcursos.com.br\/blog\/prova-comentada-tj-pe-afo\/#respond"]}],"copyrightYear":"2017","copyrightHolder":{"@id":"https:\/\/www.estrategiaconcursos.com.br\/blog\/#organization"}},{"@type":"WebPage","@id":"https:\/\/www.estrategiaconcursos.com.br\/blog\/prova-comentada-tj-pe-afo\/","url":"https:\/\/www.estrategiaconcursos.com.br\/blog\/prova-comentada-tj-pe-afo\/","name":"Prova Comentada e recursos TJ-PE - AFO - Analista Judici\u00e1rio - Fun\u00e7\u00e3o Administrativa","isPartOf":{"@id":"https:\/\/www.estrategiaconcursos.com.br\/blog\/#website"},"datePublished":"2017-10-16T17:42:14+00:00","dateModified":"2017-10-16T17:51:38+00:00","breadcrumb":{"@id":"https:\/\/www.estrategiaconcursos.com.br\/blog\/prova-comentada-tj-pe-afo\/#breadcrumb"},"inLanguage":"pt-BR","potentialAction":[{"@type":"ReadAction","target":["https:\/\/www.estrategiaconcursos.com.br\/blog\/prova-comentada-tj-pe-afo\/"]}]},{"@type":"BreadcrumbList","@id":"https:\/\/www.estrategiaconcursos.com.br\/blog\/prova-comentada-tj-pe-afo\/#breadcrumb","itemListElement":[{"@type":"ListItem","position":1,"name":"In\u00edcio","item":"https:\/\/www.estrategiaconcursos.com.br\/blog\/"},{"@type":"ListItem","position":2,"name":"Prova Comentada e recursos TJ-PE &#8211; AFO &#8211; Analista Judici\u00e1rio &#8211; Fun\u00e7\u00e3o Administrativa"}]},{"@type":"WebSite","@id":"https:\/\/www.estrategiaconcursos.com.br\/blog\/#website","url":"https:\/\/www.estrategiaconcursos.com.br\/blog\/","name":"Estrat\u00e9gia Concursos","description":"O blog da Estrat\u00e9gia Concursos traz not\u00edcias sobre concursos e artigos de professores oferecendo cursos para concursos (pdf + videaulas) no site.","publisher":{"@id":"https:\/\/www.estrategiaconcursos.com.br\/blog\/#organization"},"potentialAction":[{"@type":"SearchAction","target":{"@type":"EntryPoint","urlTemplate":"https:\/\/www.estrategiaconcursos.com.br\/blog\/?s={search_term_string}"},"query-input":{"@type":"PropertyValueSpecification","valueRequired":true,"valueName":"search_term_string"}}],"inLanguage":"pt-BR"},{"@type":"Organization","@id":"https:\/\/www.estrategiaconcursos.com.br\/blog\/#organization","name":"Estrat\u00e9gia Concursos","url":"https:\/\/www.estrategiaconcursos.com.br\/blog\/","logo":{"@type":"ImageObject","inLanguage":"pt-BR","@id":"https:\/\/www.estrategiaconcursos.com.br\/blog\/#\/schema\/logo\/image\/","url":"https:\/\/dhg1h5j42swfq.cloudfront.net\/2025\/06\/03203428\/logo_concursos-1.jpg","contentUrl":"https:\/\/dhg1h5j42swfq.cloudfront.net\/2025\/06\/03203428\/logo_concursos-1.jpg","width":230,"height":60,"caption":"Estrat\u00e9gia Concursos"},"image":{"@id":"https:\/\/www.estrategiaconcursos.com.br\/blog\/#\/schema\/logo\/image\/"},"sameAs":["https:\/\/x.com\/EstratConcursos"]},{"@type":"Person","@id":"https:\/\/www.estrategiaconcursos.com.br\/blog\/#\/schema\/person\/4ddc4a162b4fdffa2ea9956dbf62f583","name":"S\u00e9rgio Mendes","image":{"@type":"ImageObject","inLanguage":"pt-BR","@id":"https:\/\/secure.gravatar.com\/avatar\/4eb4b562c33f40d6f7f76579da7e07350c69579df7db305d32a69ed32ecfd5ce?s=96&d=mm&r=g","url":"https:\/\/secure.gravatar.com\/avatar\/4eb4b562c33f40d6f7f76579da7e07350c69579df7db305d32a69ed32ecfd5ce?s=96&d=mm&r=g","contentUrl":"https:\/\/secure.gravatar.com\/avatar\/4eb4b562c33f40d6f7f76579da7e07350c69579df7db305d32a69ed32ecfd5ce?s=96&d=mm&r=g","caption":"S\u00e9rgio Mendes"},"sameAs":["https:\/\/www.facebook.com\/profsergiomendes"],"url":"https:\/\/www.estrategiaconcursos.com.br\/blog\/author\/sergiomendesestrategiaconcursos-com-br\/"}]}},"_links":{"self":[{"href":"https:\/\/www.estrategiaconcursos.com.br\/blog\/wp-json\/wp\/v2\/posts\/92496","targetHints":{"allow":["GET"]}}],"collection":[{"href":"https:\/\/www.estrategiaconcursos.com.br\/blog\/wp-json\/wp\/v2\/posts"}],"about":[{"href":"https:\/\/www.estrategiaconcursos.com.br\/blog\/wp-json\/wp\/v2\/types\/post"}],"author":[{"embeddable":true,"href":"https:\/\/www.estrategiaconcursos.com.br\/blog\/wp-json\/wp\/v2\/users\/29"}],"replies":[{"embeddable":true,"href":"https:\/\/www.estrategiaconcursos.com.br\/blog\/wp-json\/wp\/v2\/comments?post=92496"}],"version-history":[{"count":9,"href":"https:\/\/www.estrategiaconcursos.com.br\/blog\/wp-json\/wp\/v2\/posts\/92496\/revisions"}],"predecessor-version":[{"id":92644,"href":"https:\/\/www.estrategiaconcursos.com.br\/blog\/wp-json\/wp\/v2\/posts\/92496\/revisions\/92644"}],"wp:attachment":[{"href":"https:\/\/www.estrategiaconcursos.com.br\/blog\/wp-json\/wp\/v2\/media?parent=92496"}],"wp:term":[{"taxonomy":"category","embeddable":true,"href":"https:\/\/www.estrategiaconcursos.com.br\/blog\/wp-json\/wp\/v2\/categories?post=92496"},{"taxonomy":"post_tag","embeddable":true,"href":"https:\/\/www.estrategiaconcursos.com.br\/blog\/wp-json\/wp\/v2\/tags?post=92496"},{"taxonomy":"tax_estado","embeddable":true,"href":"https:\/\/www.estrategiaconcursos.com.br\/blog\/wp-json\/wp\/v2\/tax_estado?post=92496"}],"curies":[{"name":"wp","href":"https:\/\/api.w.org\/{rel}","templated":true}]}}