{"id":924843,"date":"2021-12-08T10:17:41","date_gmt":"2021-12-08T13:17:41","guid":{"rendered":"https:\/\/www.estrategiaconcursos.com.br\/blog\/?p=924843"},"modified":"2021-12-08T19:44:05","modified_gmt":"2021-12-08T22:44:05","slug":"retificacao-edital-pm-am","status":"publish","type":"post","link":"https:\/\/www.estrategiaconcursos.com.br\/blog\/retificacao-edital-pm-am\/","title":{"rendered":"Concurso PM AM: edital tem sua primeira retifica\u00e7\u00e3o!"},"content":{"rendered":"\n<p>Nesta ter\u00e7a-feira, 07 de dezembro, o edital do <strong>concurso Pol\u00edcia Militar do Amazonas (PM AM)<\/strong>, organizado pela banca FGV, passou pela primeira retifica\u00e7\u00e3o.<\/p>\n\n\n\n<h3 class=\"wp-block-heading\">Confira a retifica\u00e7\u00e3o na \u00edntegra:<\/h3>\n\n\n\n<h3 class=\"has-text-align-center has-cyan-bluish-gray-background-color has-background wp-block-heading\" id=\"h-1-retifica-o-edital-concurso-pm-am\"><a href=\"https:\/\/dhg1h5j42swfq.cloudfront.net\/2021\/12\/08092126\/retificacao_-_01_pmam-1.pdf\" target=\"_blank\" rel=\"noreferrer noopener nofollow\">1\u00aa Retifica\u00e7\u00e3o edital &#8211; Concurso PM AM<\/a><\/h3>\n\n\n\n<p>As altera\u00e7\u00f5es advindas do edital retificado do <strong>Concurso PM AM<\/strong> s\u00e3o as seguintes:<\/p>\n\n\n\n<ul class=\"wp-block-list\"><li>Limite de idade para Pra\u00e7as concorrem ao cargo de Oficial;<\/li><li>Distribui\u00e7\u00e3o do n\u00famero de vagas por sexo;<\/li><li>Distribui\u00e7\u00e3o do n\u00famero de vagas Oficial Sa\u00fade;<\/li><li>Limite m\u00ednimo de vagas reservadas a candidatas do sexo feminino;<\/li><li>Isen\u00e7\u00e3o de taxa de inscri\u00e7\u00e3o;<\/li><li>N\u00famero de convocados para o Exame M\u00e9dico;<\/li><li>Etapas do TAF;<\/li><li>Conte\u00fado program\u00e1tico.<\/li><\/ul>\n\n\n\n<h4 class=\"wp-block-heading\">Limite de idade para Pra\u00e7as concorrem ao cargo de Oficial<\/h4>\n\n\n\n<p>Conforme prev\u00ea a lei n\u00b03498\/2010, os <strong>Pra\u00e7as da PM AM<\/strong> poder\u00e3o prestar concurso, <strong>sem limite de idad<\/strong>e, para ingressar no quadro de Oficiais da institui\u00e7\u00e3o.<\/p>\n\n\n\n<h4 class=\"wp-block-heading\">Distribui\u00e7\u00e3o do n\u00famero de vagas por sexo<\/h4>\n\n\n\n<p>Antes, o edital previa a distribui\u00e7\u00e3o das 1.000 vagas para soldado, sendo 900 para homens e 100 para mulheres. J\u00e1 para Oficial, as 320 vagas tamb\u00e9m estavam distribu\u00eddas de acordo com o sexo, mas n\u00e3o h\u00e1 mais essa previs\u00e3o.<\/p>\n\n\n\n<h4 class=\"wp-block-heading\">Limite m\u00ednimo de vagas reservadas a candidatas do sexo feminino<\/h4>\n\n\n\n<p>Embora n\u00e3o haja mais distribui\u00e7\u00e3o das vagas de acordo com o sexo do candidato para os cargos de Soldado e Oficial, o percentual m\u00ednimo de 10% das vagas destinadas a candidatas do sexo feminino ser\u00e1 respeitado. Dessa forma, n\u00e3o haver\u00e1 \u00f3bice para que sejam convocadas mais candidatas do que o previsto inicialmente.<\/p>\n\n\n\n<h4 class=\"wp-block-heading\">Distribui\u00e7\u00e3o do n\u00famero de vagas Oficial Sa\u00fade<\/h4>\n\n\n\n<p>A nova distribui\u00e7\u00e3o das vagas para Oficial da Sa\u00fade segue de acordo com a tabela abaixo<\/p>\n\n\n\n<div class=\"wp-block-image\"><figure class=\"aligncenter size-full is-resized\"><img loading=\"lazy\" decoding=\"async\" src=\"https:\/\/dhg1h5j42swfq.cloudfront.net\/2021\/12\/08095335\/image-174.png\" alt=\"\" class=\"wp-image-924911\" width=\"534\" height=\"538\" srcset=\"https:\/\/dhg1h5j42swfq.cloudfront.net\/2021\/12\/08095335\/image-174.png 589w, https:\/\/dhg1h5j42swfq.cloudfront.net\/2021\/12\/08095335\/image-174-298x300.png 298w, https:\/\/dhg1h5j42swfq.cloudfront.net\/2021\/12\/08095335\/image-174-150x150.png 150w\" sizes=\"auto, (max-width: 534px) 100vw, 534px\" \/><\/figure><\/div>\n\n\n\n<h4 class=\"wp-block-heading\">Isen\u00e7\u00e3o de taxa de inscri\u00e7\u00e3o<\/h4>\n\n\n\n<p>Foi adicionada a previs\u00e3o para que doadores de sangue possam solicitar a isen\u00e7\u00e3o da taxa de inscri\u00e7\u00e3o. Vale ressaltar que os candidatos dever\u00e3o apresentar a comprova\u00e7\u00e3o de qualidade de doador de sangue por documento emitido pela entidade coletora ou \u00f3rg\u00e3o oficial credenciados pela Uni\u00e3o, pelo Estado ou pelo Munic\u00edpio e realizar a doa\u00e7\u00e3o em quantidade igual ou maior a 3 vezes em um per\u00edodo de 12 meses.<\/p>\n\n\n\n<h4 class=\"wp-block-heading\">N\u00famero de convocados para o Exame M\u00e9dico<\/h4>\n\n\n\n<p>O n\u00famero de convocados para o exame m\u00e9dico para os cargos de Soldado e Oficial ser\u00e1 tr\u00eas vezes o n\u00famero previsto de vagas.<\/p>\n\n\n\n<h4 class=\"wp-block-heading\">Etapas do TAF<\/h4>\n\n\n\n<p>Quanto \u00e0 <strong>execu\u00e7\u00e3o do teste abdominal<\/strong>, foi inclu\u00eddo o item que informa que o abdominal ser\u00e1 realizado com o p\u00e9 apoiado por outro candidato enquanto executado.<\/p>\n\n\n\n<p>Quanto ao teste de nata\u00e7\u00e3o, foi corrigido o texto que confirma a dist\u00e2ncia de 25m.<\/p>\n\n\n\n<h4 class=\"wp-block-heading\">Conte\u00fado program\u00e1tico<\/h4>\n\n\n\n<p>Para <strong>Oficial<\/strong>, foi inclu\u00eddo ao conte\u00fado program\u00e1tico a lei de promo\u00e7\u00e3o de oficiais. Al\u00e9m disso, foi corrigido o s\u00e9culo referente ao item 1.2.<\/p>\n\n\n\n<p>Para <strong>Oficial de Sa\u00fade<\/strong>, foi retirada a lei de promo\u00e7\u00e3o de pra\u00e7as e corrigido o s\u00e9culo referente ao item 1.2. Al\u00e9m disso, o conte\u00fado de neurologia foi reduzido.<\/p>\n\n\n\n<p>Para <strong>Soldado<\/strong>, houve apenas a corre\u00e7\u00e3o do s\u00e9culo referente ao item 1.2.<\/p>\n\n\n\n<p class=\"has-text-align-center\"><strong>Preparamos um artigo completo com mais informa\u00e7\u00f5es sobre o concurso PM AM. Acesse e saiba mais.<\/strong><\/p>\n\n\n\n<h3 class=\"has-text-align-center has-cyan-bluish-gray-background-color has-background wp-block-heading\"><a href=\"https:\/\/www.estrategiaconcursos.com.br\/blog\/concurso-pm-am\/\" target=\"_blank\" rel=\"noreferrer noopener\">Concurso PM AM<\/a><\/h3>\n\n\n\n<h3 class=\"has-text-align-center wp-block-heading\">Quer estudar para PM AM com o l\u00edder absoluto em aprova\u00e7\u00e3o?<\/h3>\n\n\n\n<div class=\"container\" id=\"boxes\">\n  <div class=\"row\"> \n\n    <div class=\"col-sm\">\n      <div class=\"banner-policial\" id=\"box-assinatura\">\n        <h3 class=\"titulo-assinatura\">Concurso PM AM<\/h3>\n        <p class=\"subtitulo-assinatura\">Conhe\u00e7a os cursos<\/p>\n        <div class=\"box-botao\">\n          <a class=\"btn-assinatura\" target=\"_blank\" href=\"https:\/\/www.estrategiaconcursos.com.br\/cursosPorConcurso\/policia-militar-do-amazonas-pm-am\/\" role=\"button\" rel=\"noopener noreferrer\">Conhe\u00e7a mais<\/a>\n        <\/div>\n      <\/div>\n     \n\n  <\/div>\n<\/div><\/div>\n\n\n\n<div class=\"container\" id=\"boxes\">\n  <div class=\"row\">\n\n    <div class=\"col-sm\">\n      <div class=\"estrategia\" id=\"box-assinatura\">\n        <h3 class=\"titulo-assinatura\">Assinatura de Concursos<\/h3>\n        <p class=\"subtitulo-assinatura\">Assinatura de 1 ano ou 2 anos<\/p>\n        <div class=\"box-botao\">\n          <a class=\"btn-assinatura\" target=\"_blank\" href=\"https:\/\/www.estrategiaconcursos.com.br\/assinaturas\/\" role=\"button\" rel=\"noopener noreferrer\">ASSINE AGORA<\/a>\n        <\/div>\n      <\/div>\n     \n    <\/div><\/div><\/div>\n\n\n\n<h2 class=\"has-text-align-center wp-block-heading\" id=\"h-quer-saber-tudo-sobre-concursos-previstos-confira-nossos-artigos\">Quer saber tudo sobre concursos previstos?<br \/>Confira nossos artigos!<\/h2>\n\n\n\n<ul class=\"wp-block-list\"><li><a href=\"https:\/\/www.estrategiaconcursos.com.br\/blog\/concursos-abertos\/\" target=\"_blank\" rel=\"noreferrer noopener\">Concursos abertos<\/a><\/li><li><a href=\"https:\/\/www.estrategiaconcursos.com.br\/blog\/concursos-2021\/\" target=\"_blank\" rel=\"noreferrer noopener\">Concursos 2021<\/a><\/li><li><a href=\"https:\/\/www.estrategiaconcursos.com.br\/blog\/concursos-2022\/\" target=\"_blank\" rel=\"noreferrer noopener\">Concursos 2022<\/a><\/li><\/ul>\n","protected":false},"excerpt":{"rendered":"<p>Nesta ter\u00e7a-feira, 07 de dezembro, o edital do concurso Pol\u00edcia Militar do Amazonas (PM AM), organizado pela banca FGV, passou pela primeira retifica\u00e7\u00e3o. Confira a retifica\u00e7\u00e3o na \u00edntegra: 1\u00aa Retifica\u00e7\u00e3o edital &#8211; Concurso PM AM As altera\u00e7\u00f5es advindas do edital retificado do Concurso PM AM s\u00e3o as seguintes: Limite de idade para Pra\u00e7as concorrem ao [&hellip;]<\/p>\n","protected":false},"author":2041,"featured_media":790575,"comment_status":"open","ping_status":"closed","sticky":false,"template":"","format":"standard","meta":{"post_tipo":"news","footnotes":""},"categories":[220186,220187,220219],"tags":[],"tax_estado":[219966],"class_list":["post-924843","post","type-post","status-publish","format-standard","has-post-thumbnail","hentry","category-policial-oficial","category-policial-pracas","category-noticias","tax_estado-am"],"acf":[],"yoast_head":"<!-- This site is optimized with the Yoast SEO Premium plugin v27.2 (Yoast SEO v27.2) - https:\/\/yoast.com\/product\/yoast-seo-premium-wordpress\/ -->\n<title>Concurso PM AM: edital tem sua primeira retifica\u00e7\u00e3o!<\/title>\n<meta name=\"description\" content=\"Nesta ter\u00e7a-feira, 07 de dezembro, o edital do concurso da Pol\u00edcia Militar do Amazonas (PM AM) passou pro sua primeira retifica\u00e7\u00e3o! Confira.\" \/>\n<meta name=\"robots\" content=\"index, follow, max-snippet:-1, max-image-preview:large, max-video-preview:-1\" \/>\n<link rel=\"canonical\" href=\"https:\/\/www.estrategiaconcursos.com.br\/blog\/retificacao-edital-pm-am\/\" \/>\n<meta property=\"og:locale\" content=\"pt_BR\" \/>\n<meta property=\"og:type\" content=\"article\" \/>\n<meta property=\"og:title\" content=\"Concurso PM AM: edital tem sua primeira retifica\u00e7\u00e3o!\" \/>\n<meta property=\"og:description\" content=\"Nesta ter\u00e7a-feira, 07 de dezembro, o edital do concurso da Pol\u00edcia Militar do Amazonas (PM AM) passou pro sua primeira retifica\u00e7\u00e3o! Confira.\" \/>\n<meta property=\"og:url\" content=\"https:\/\/www.estrategiaconcursos.com.br\/blog\/retificacao-edital-pm-am\/\" \/>\n<meta property=\"og:site_name\" content=\"Estrat\u00e9gia Concursos\" \/>\n<meta property=\"article:published_time\" content=\"2021-12-08T13:17:41+00:00\" \/>\n<meta property=\"article:modified_time\" content=\"2021-12-08T22:44:05+00:00\" \/>\n<meta property=\"og:image\" content=\"https:\/\/dhg1h5j42swfq.cloudfront.net\/2021\/07\/08162634\/pm-am.jpg\" \/>\n\t<meta property=\"og:image:width\" content=\"768\" \/>\n\t<meta property=\"og:image:height\" content=\"432\" \/>\n\t<meta property=\"og:image:type\" content=\"image\/jpeg\" \/>\n<meta name=\"author\" content=\"Thiago Cavalcante Gomes\" \/>\n<meta name=\"twitter:card\" content=\"summary_large_image\" \/>\n<meta name=\"twitter:creator\" content=\"@EstratConcursos\" \/>\n<meta name=\"twitter:site\" content=\"@EstratConcursos\" \/>\n<meta name=\"twitter:label1\" content=\"Escrito por\" \/>\n\t<meta name=\"twitter:data1\" content=\"Thiago Cavalcante Gomes\" \/>\n\t<meta name=\"twitter:label2\" content=\"Est. tempo de leitura\" \/>\n\t<meta name=\"twitter:data2\" content=\"3 minutos\" \/>\n<script type=\"application\/ld+json\" class=\"yoast-schema-graph\">{\"@context\":\"https:\/\/schema.org\",\"@graph\":[{\"@type\":\"NewsArticle\",\"@id\":\"https:\/\/www.estrategiaconcursos.com.br\/blog\/retificacao-edital-pm-am\/#article\",\"isPartOf\":{\"@id\":\"https:\/\/www.estrategiaconcursos.com.br\/blog\/retificacao-edital-pm-am\/\"},\"author\":{\"name\":\"Thiago Cavalcante Gomes\",\"@id\":\"https:\/\/www.estrategiaconcursos.com.br\/blog\/#\/schema\/person\/4970184533d0a3ffa5b0299ae0a2b21f\"},\"headline\":\"Concurso PM AM: edital tem sua primeira retifica\u00e7\u00e3o!\",\"datePublished\":\"2021-12-08T13:17:41+00:00\",\"dateModified\":\"2021-12-08T22:44:05+00:00\",\"mainEntityOfPage\":{\"@id\":\"https:\/\/www.estrategiaconcursos.com.br\/blog\/retificacao-edital-pm-am\/\"},\"wordCount\":617,\"commentCount\":0,\"publisher\":{\"@id\":\"https:\/\/www.estrategiaconcursos.com.br\/blog\/#organization\"},\"image\":{\"@id\":\"https:\/\/www.estrategiaconcursos.com.br\/blog\/retificacao-edital-pm-am\/#primaryimage\"},\"thumbnailUrl\":\"https:\/\/dhg1h5j42swfq.cloudfront.net\/2021\/07\/08162634\/pm-am.jpg\",\"articleSection\":[\"Policial (PM\/BM - Oficial)\",\"Policial (PM\/BM - Pra\u00e7as)\",\"\u00daltimas not\u00edcias\"],\"inLanguage\":\"pt-BR\",\"potentialAction\":[{\"@type\":\"CommentAction\",\"name\":\"Comment\",\"target\":[\"https:\/\/www.estrategiaconcursos.com.br\/blog\/retificacao-edital-pm-am\/#respond\"]}],\"copyrightYear\":\"2021\",\"copyrightHolder\":{\"@id\":\"https:\/\/www.estrategiaconcursos.com.br\/blog\/#organization\"}},{\"@type\":\"WebPage\",\"@id\":\"https:\/\/www.estrategiaconcursos.com.br\/blog\/retificacao-edital-pm-am\/\",\"url\":\"https:\/\/www.estrategiaconcursos.com.br\/blog\/retificacao-edital-pm-am\/\",\"name\":\"Concurso PM AM: edital tem sua primeira retifica\u00e7\u00e3o!\",\"isPartOf\":{\"@id\":\"https:\/\/www.estrategiaconcursos.com.br\/blog\/#website\"},\"primaryImageOfPage\":{\"@id\":\"https:\/\/www.estrategiaconcursos.com.br\/blog\/retificacao-edital-pm-am\/#primaryimage\"},\"image\":{\"@id\":\"https:\/\/www.estrategiaconcursos.com.br\/blog\/retificacao-edital-pm-am\/#primaryimage\"},\"thumbnailUrl\":\"https:\/\/dhg1h5j42swfq.cloudfront.net\/2021\/07\/08162634\/pm-am.jpg\",\"datePublished\":\"2021-12-08T13:17:41+00:00\",\"dateModified\":\"2021-12-08T22:44:05+00:00\",\"description\":\"Nesta ter\u00e7a-feira, 07 de dezembro, o edital do concurso da Pol\u00edcia Militar do Amazonas (PM AM) passou pro sua primeira retifica\u00e7\u00e3o! Confira.\",\"breadcrumb\":{\"@id\":\"https:\/\/www.estrategiaconcursos.com.br\/blog\/retificacao-edital-pm-am\/#breadcrumb\"},\"inLanguage\":\"pt-BR\",\"potentialAction\":[{\"@type\":\"ReadAction\",\"target\":[\"https:\/\/www.estrategiaconcursos.com.br\/blog\/retificacao-edital-pm-am\/\"]}]},{\"@type\":\"ImageObject\",\"inLanguage\":\"pt-BR\",\"@id\":\"https:\/\/www.estrategiaconcursos.com.br\/blog\/retificacao-edital-pm-am\/#primaryimage\",\"url\":\"https:\/\/dhg1h5j42swfq.cloudfront.net\/2021\/07\/08162634\/pm-am.jpg\",\"contentUrl\":\"https:\/\/dhg1h5j42swfq.cloudfront.net\/2021\/07\/08162634\/pm-am.jpg\",\"width\":768,\"height\":432,\"caption\":\"PM AM\"},{\"@type\":\"BreadcrumbList\",\"@id\":\"https:\/\/www.estrategiaconcursos.com.br\/blog\/retificacao-edital-pm-am\/#breadcrumb\",\"itemListElement\":[{\"@type\":\"ListItem\",\"position\":1,\"name\":\"In\u00edcio\",\"item\":\"https:\/\/www.estrategiaconcursos.com.br\/blog\/\"},{\"@type\":\"ListItem\",\"position\":2,\"name\":\"Concurso PM AM: edital tem sua primeira retifica\u00e7\u00e3o!\"}]},{\"@type\":\"WebSite\",\"@id\":\"https:\/\/www.estrategiaconcursos.com.br\/blog\/#website\",\"url\":\"https:\/\/www.estrategiaconcursos.com.br\/blog\/\",\"name\":\"Estrat\u00e9gia Concursos\",\"description\":\"O blog da Estrat\u00e9gia Concursos traz not\u00edcias sobre concursos e artigos de professores oferecendo cursos para concursos (pdf + videaulas) no site.\",\"publisher\":{\"@id\":\"https:\/\/www.estrategiaconcursos.com.br\/blog\/#organization\"},\"potentialAction\":[{\"@type\":\"SearchAction\",\"target\":{\"@type\":\"EntryPoint\",\"urlTemplate\":\"https:\/\/www.estrategiaconcursos.com.br\/blog\/?s={search_term_string}\"},\"query-input\":{\"@type\":\"PropertyValueSpecification\",\"valueRequired\":true,\"valueName\":\"search_term_string\"}}],\"inLanguage\":\"pt-BR\"},{\"@type\":\"Organization\",\"@id\":\"https:\/\/www.estrategiaconcursos.com.br\/blog\/#organization\",\"name\":\"Estrat\u00e9gia Concursos\",\"url\":\"https:\/\/www.estrategiaconcursos.com.br\/blog\/\",\"logo\":{\"@type\":\"ImageObject\",\"inLanguage\":\"pt-BR\",\"@id\":\"https:\/\/www.estrategiaconcursos.com.br\/blog\/#\/schema\/logo\/image\/\",\"url\":\"https:\/\/dhg1h5j42swfq.cloudfront.net\/2025\/06\/03203428\/logo_concursos-1.jpg\",\"contentUrl\":\"https:\/\/dhg1h5j42swfq.cloudfront.net\/2025\/06\/03203428\/logo_concursos-1.jpg\",\"width\":230,\"height\":60,\"caption\":\"Estrat\u00e9gia Concursos\"},\"image\":{\"@id\":\"https:\/\/www.estrategiaconcursos.com.br\/blog\/#\/schema\/logo\/image\/\"},\"sameAs\":[\"https:\/\/x.com\/EstratConcursos\"]},{\"@type\":\"Person\",\"@id\":\"https:\/\/www.estrategiaconcursos.com.br\/blog\/#\/schema\/person\/4970184533d0a3ffa5b0299ae0a2b21f\",\"name\":\"Thiago Cavalcante Gomes\",\"image\":{\"@type\":\"ImageObject\",\"inLanguage\":\"pt-BR\",\"@id\":\"https:\/\/secure.gravatar.com\/avatar\/?s=96&d=mm&r=g\",\"url\":\"https:\/\/secure.gravatar.com\/avatar\/?s=96&d=mm&r=g\",\"contentUrl\":\"https:\/\/secure.gravatar.com\/avatar\/?s=96&d=mm&r=g\",\"caption\":\"Thiago Cavalcante Gomes\"},\"url\":\"https:\/\/www.estrategiaconcursos.com.br\/blog\/author\/thiago-gomes\/\"}]}<\/script>\n<!-- \/ Yoast SEO Premium plugin. -->","yoast_head_json":{"title":"Concurso PM AM: edital tem sua primeira retifica\u00e7\u00e3o!","description":"Nesta ter\u00e7a-feira, 07 de dezembro, o edital do concurso da Pol\u00edcia Militar do Amazonas (PM AM) passou pro sua primeira retifica\u00e7\u00e3o! Confira.","robots":{"index":"index","follow":"follow","max-snippet":"max-snippet:-1","max-image-preview":"max-image-preview:large","max-video-preview":"max-video-preview:-1"},"canonical":"https:\/\/www.estrategiaconcursos.com.br\/blog\/retificacao-edital-pm-am\/","og_locale":"pt_BR","og_type":"article","og_title":"Concurso PM AM: edital tem sua primeira retifica\u00e7\u00e3o!","og_description":"Nesta ter\u00e7a-feira, 07 de dezembro, o edital do concurso da Pol\u00edcia Militar do Amazonas (PM AM) passou pro sua primeira retifica\u00e7\u00e3o! Confira.","og_url":"https:\/\/www.estrategiaconcursos.com.br\/blog\/retificacao-edital-pm-am\/","og_site_name":"Estrat\u00e9gia Concursos","article_published_time":"2021-12-08T13:17:41+00:00","article_modified_time":"2021-12-08T22:44:05+00:00","og_image":[{"width":768,"height":432,"url":"https:\/\/dhg1h5j42swfq.cloudfront.net\/2021\/07\/08162634\/pm-am.jpg","type":"image\/jpeg"}],"author":"Thiago Cavalcante Gomes","twitter_card":"summary_large_image","twitter_creator":"@EstratConcursos","twitter_site":"@EstratConcursos","twitter_misc":{"Escrito por":"Thiago Cavalcante Gomes","Est. tempo de leitura":"3 minutos"},"schema":{"@context":"https:\/\/schema.org","@graph":[{"@type":"NewsArticle","@id":"https:\/\/www.estrategiaconcursos.com.br\/blog\/retificacao-edital-pm-am\/#article","isPartOf":{"@id":"https:\/\/www.estrategiaconcursos.com.br\/blog\/retificacao-edital-pm-am\/"},"author":{"name":"Thiago Cavalcante Gomes","@id":"https:\/\/www.estrategiaconcursos.com.br\/blog\/#\/schema\/person\/4970184533d0a3ffa5b0299ae0a2b21f"},"headline":"Concurso PM AM: edital tem sua primeira retifica\u00e7\u00e3o!","datePublished":"2021-12-08T13:17:41+00:00","dateModified":"2021-12-08T22:44:05+00:00","mainEntityOfPage":{"@id":"https:\/\/www.estrategiaconcursos.com.br\/blog\/retificacao-edital-pm-am\/"},"wordCount":617,"commentCount":0,"publisher":{"@id":"https:\/\/www.estrategiaconcursos.com.br\/blog\/#organization"},"image":{"@id":"https:\/\/www.estrategiaconcursos.com.br\/blog\/retificacao-edital-pm-am\/#primaryimage"},"thumbnailUrl":"https:\/\/dhg1h5j42swfq.cloudfront.net\/2021\/07\/08162634\/pm-am.jpg","articleSection":["Policial (PM\/BM - Oficial)","Policial (PM\/BM - Pra\u00e7as)","\u00daltimas not\u00edcias"],"inLanguage":"pt-BR","potentialAction":[{"@type":"CommentAction","name":"Comment","target":["https:\/\/www.estrategiaconcursos.com.br\/blog\/retificacao-edital-pm-am\/#respond"]}],"copyrightYear":"2021","copyrightHolder":{"@id":"https:\/\/www.estrategiaconcursos.com.br\/blog\/#organization"}},{"@type":"WebPage","@id":"https:\/\/www.estrategiaconcursos.com.br\/blog\/retificacao-edital-pm-am\/","url":"https:\/\/www.estrategiaconcursos.com.br\/blog\/retificacao-edital-pm-am\/","name":"Concurso PM AM: edital tem sua primeira retifica\u00e7\u00e3o!","isPartOf":{"@id":"https:\/\/www.estrategiaconcursos.com.br\/blog\/#website"},"primaryImageOfPage":{"@id":"https:\/\/www.estrategiaconcursos.com.br\/blog\/retificacao-edital-pm-am\/#primaryimage"},"image":{"@id":"https:\/\/www.estrategiaconcursos.com.br\/blog\/retificacao-edital-pm-am\/#primaryimage"},"thumbnailUrl":"https:\/\/dhg1h5j42swfq.cloudfront.net\/2021\/07\/08162634\/pm-am.jpg","datePublished":"2021-12-08T13:17:41+00:00","dateModified":"2021-12-08T22:44:05+00:00","description":"Nesta ter\u00e7a-feira, 07 de dezembro, o edital do concurso da Pol\u00edcia Militar do Amazonas (PM AM) passou pro sua primeira retifica\u00e7\u00e3o! Confira.","breadcrumb":{"@id":"https:\/\/www.estrategiaconcursos.com.br\/blog\/retificacao-edital-pm-am\/#breadcrumb"},"inLanguage":"pt-BR","potentialAction":[{"@type":"ReadAction","target":["https:\/\/www.estrategiaconcursos.com.br\/blog\/retificacao-edital-pm-am\/"]}]},{"@type":"ImageObject","inLanguage":"pt-BR","@id":"https:\/\/www.estrategiaconcursos.com.br\/blog\/retificacao-edital-pm-am\/#primaryimage","url":"https:\/\/dhg1h5j42swfq.cloudfront.net\/2021\/07\/08162634\/pm-am.jpg","contentUrl":"https:\/\/dhg1h5j42swfq.cloudfront.net\/2021\/07\/08162634\/pm-am.jpg","width":768,"height":432,"caption":"PM AM"},{"@type":"BreadcrumbList","@id":"https:\/\/www.estrategiaconcursos.com.br\/blog\/retificacao-edital-pm-am\/#breadcrumb","itemListElement":[{"@type":"ListItem","position":1,"name":"In\u00edcio","item":"https:\/\/www.estrategiaconcursos.com.br\/blog\/"},{"@type":"ListItem","position":2,"name":"Concurso PM AM: edital tem sua primeira retifica\u00e7\u00e3o!"}]},{"@type":"WebSite","@id":"https:\/\/www.estrategiaconcursos.com.br\/blog\/#website","url":"https:\/\/www.estrategiaconcursos.com.br\/blog\/","name":"Estrat\u00e9gia Concursos","description":"O blog da Estrat\u00e9gia Concursos traz not\u00edcias sobre concursos e artigos de professores oferecendo cursos para concursos (pdf + videaulas) no site.","publisher":{"@id":"https:\/\/www.estrategiaconcursos.com.br\/blog\/#organization"},"potentialAction":[{"@type":"SearchAction","target":{"@type":"EntryPoint","urlTemplate":"https:\/\/www.estrategiaconcursos.com.br\/blog\/?s={search_term_string}"},"query-input":{"@type":"PropertyValueSpecification","valueRequired":true,"valueName":"search_term_string"}}],"inLanguage":"pt-BR"},{"@type":"Organization","@id":"https:\/\/www.estrategiaconcursos.com.br\/blog\/#organization","name":"Estrat\u00e9gia Concursos","url":"https:\/\/www.estrategiaconcursos.com.br\/blog\/","logo":{"@type":"ImageObject","inLanguage":"pt-BR","@id":"https:\/\/www.estrategiaconcursos.com.br\/blog\/#\/schema\/logo\/image\/","url":"https:\/\/dhg1h5j42swfq.cloudfront.net\/2025\/06\/03203428\/logo_concursos-1.jpg","contentUrl":"https:\/\/dhg1h5j42swfq.cloudfront.net\/2025\/06\/03203428\/logo_concursos-1.jpg","width":230,"height":60,"caption":"Estrat\u00e9gia Concursos"},"image":{"@id":"https:\/\/www.estrategiaconcursos.com.br\/blog\/#\/schema\/logo\/image\/"},"sameAs":["https:\/\/x.com\/EstratConcursos"]},{"@type":"Person","@id":"https:\/\/www.estrategiaconcursos.com.br\/blog\/#\/schema\/person\/4970184533d0a3ffa5b0299ae0a2b21f","name":"Thiago Cavalcante Gomes","image":{"@type":"ImageObject","inLanguage":"pt-BR","@id":"https:\/\/secure.gravatar.com\/avatar\/?s=96&d=mm&r=g","url":"https:\/\/secure.gravatar.com\/avatar\/?s=96&d=mm&r=g","contentUrl":"https:\/\/secure.gravatar.com\/avatar\/?s=96&d=mm&r=g","caption":"Thiago Cavalcante Gomes"},"url":"https:\/\/www.estrategiaconcursos.com.br\/blog\/author\/thiago-gomes\/"}]}},"_links":{"self":[{"href":"https:\/\/www.estrategiaconcursos.com.br\/blog\/wp-json\/wp\/v2\/posts\/924843","targetHints":{"allow":["GET"]}}],"collection":[{"href":"https:\/\/www.estrategiaconcursos.com.br\/blog\/wp-json\/wp\/v2\/posts"}],"about":[{"href":"https:\/\/www.estrategiaconcursos.com.br\/blog\/wp-json\/wp\/v2\/types\/post"}],"author":[{"embeddable":true,"href":"https:\/\/www.estrategiaconcursos.com.br\/blog\/wp-json\/wp\/v2\/users\/2041"}],"replies":[{"embeddable":true,"href":"https:\/\/www.estrategiaconcursos.com.br\/blog\/wp-json\/wp\/v2\/comments?post=924843"}],"version-history":[{"count":4,"href":"https:\/\/www.estrategiaconcursos.com.br\/blog\/wp-json\/wp\/v2\/posts\/924843\/revisions"}],"predecessor-version":[{"id":925471,"href":"https:\/\/www.estrategiaconcursos.com.br\/blog\/wp-json\/wp\/v2\/posts\/924843\/revisions\/925471"}],"wp:featuredmedia":[{"embeddable":true,"href":"https:\/\/www.estrategiaconcursos.com.br\/blog\/wp-json\/wp\/v2\/media\/790575"}],"wp:attachment":[{"href":"https:\/\/www.estrategiaconcursos.com.br\/blog\/wp-json\/wp\/v2\/media?parent=924843"}],"wp:term":[{"taxonomy":"category","embeddable":true,"href":"https:\/\/www.estrategiaconcursos.com.br\/blog\/wp-json\/wp\/v2\/categories?post=924843"},{"taxonomy":"post_tag","embeddable":true,"href":"https:\/\/www.estrategiaconcursos.com.br\/blog\/wp-json\/wp\/v2\/tags?post=924843"},{"taxonomy":"tax_estado","embeddable":true,"href":"https:\/\/www.estrategiaconcursos.com.br\/blog\/wp-json\/wp\/v2\/tax_estado?post=924843"}],"curies":[{"name":"wp","href":"https:\/\/api.w.org\/{rel}","templated":true}]}}