{"id":92470,"date":"2017-10-16T16:43:25","date_gmt":"2017-10-16T19:43:25","guid":{"rendered":"https:\/\/www.estrategiaconcursos.com.br\/blog\/?p=92470"},"modified":"2017-10-16T16:46:54","modified_gmt":"2017-10-16T19:46:54","slug":"gabarito-tj-pe-regimento-e-coj-extraoficial","status":"publish","type":"post","link":"https:\/\/www.estrategiaconcursos.com.br\/blog\/gabarito-tj-pe-regimento-e-coj-extraoficial\/","title":{"rendered":"Gabarito Oficial TJ PE: Regimento e COJ (Recurso)"},"content":{"rendered":"<p style=\"text-align: justify\">Ol\u00e1, pessoal!<\/p>\n<p style=\"text-align: justify\">Meu nome \u00e9 Fabr\u00edcio R\u00eago, fui professor dessa disciplina juntamente com Paulo Guimar\u00e3es.<\/p>\n<p style=\"text-align: justify\">A banca examinadora divulgou o\u00a0<strong>gabarito OFICIAL do concurso TJ PE<\/strong>, realizado neste domingo, para as quest\u00f5es relativas ao C\u00f3digo de Organiza\u00e7\u00e3o Judici\u00e1ria e Regimento Interno.<\/p>\n<p style=\"text-align: justify\">Nesta <strong>primeira parte<\/strong>, veremos as quest\u00f5es do cargo de <strong><span style=\"color: #0000ff;font-size: 18pt\">Analista Judici\u00e1rio, <\/span><\/strong><span style=\"color: #0000ff;font-size: 18pt\"><span style=\"color: #000000;font-size: 12pt\">sendo que a de t\u00e9cnico est\u00e1 mais abaixo.<\/span><\/span><\/p>\n<p><strong>QUEST\u00c3O<\/strong><\/p>\n<blockquote><p><strong>De acordo com o RITJPE, s\u00e3o atribui\u00e7\u00f5es dos Desembargadores Relatores, exceto:<\/strong><\/p>\n<p>a) decidir sobre o pedido de assist\u00eancia judici\u00e1ria gratuita<\/p>\n<p>b) fiscalizar o pagamento de taxas, impostos, custas e emolumentos<\/p>\n<p>c) redigir ac\u00f3rd\u00e3o e ementa quando seu voto for vencedor<\/p>\n<p>d) proferir senten\u00e7a de m\u00e9rito absolut\u00f3ria em processo de compet\u00eancia origin\u00e1ria do Tribunal de Justi\u00e7a<\/p>\n<p>e) indeferir liminarmente revis\u00f5es criminais quando julgar insuficientemente instru\u00eddo o pedido<\/p><\/blockquote>\n<p><strong>GABARITO OFICIAL: D.<\/strong><\/p>\n<p style=\"text-align: justify\"><strong>Letra D.<\/strong> O erro da assertiva foi bem b\u00e1sico: quem profere senten\u00e7a \u00e9 o juiz singular (juiz de 1\u00ba grau), jamais um desembargador, mesmo que sua decis\u00e3o seja monocr\u00e1tica. Ademais, ainda que o nome fosse outro, n\u00e3o pode o relator decidir sozinho o m\u00e9rito de um processo de compet\u00eancia do \u00f3rg\u00e3o colegiado (princ\u00edpio da decis\u00e3o colegiada).<\/p>\n<p style=\"text-align: justify\">Vejamos onde se respaldam as demais partes:<\/p>\n<p style=\"text-align: justify\">a)\u00a0Art. 150, XXII do RITJPE.<\/p>\n<p style=\"text-align: justify\">b) Art. 150, XXXIII\u00a0do RITJPE.<\/p>\n<p style=\"text-align: justify\">c) Art. 150, XIX do RITJPE.<\/p>\n<p style=\"text-align: justify\">e) Art. 150, XXVI, b, do RITJPE.<\/p>\n<hr \/>\n<blockquote><p><strong>QUEST\u00c3O<\/strong><\/p>\n<p><strong>Sobre a Corregedoria Geral de Justi\u00e7a de Pernambuco, analise os itens a seguir:<\/strong><\/p>\n<p>I. A CGJ \u00e9 um \u00f3rg\u00e3o formado por desembargador e ju\u00edzes auxiliares e tem como prop\u00f3sito fiscalizar, controlar, orientar e disciplinar os magistrados de primeiro grau e servidores<\/p>\n<p>II. A designa\u00e7\u00e3o de ju\u00edzes corregedores auxiliares perdurar\u00e1 mesmo com o t\u00e9rmino do mandato do Corregedor Geral.<\/p>\n<p>III. O Corregedor Geral da Justi\u00e7a poder\u00e1 requisitar qualquer processo aos ju\u00edzes de primeiro grau de jurisdi\u00e7\u00e3o para tomar atitudes que achar conveniente, oficiando nos pr\u00f3prios autos quando necess\u00e1rio ao andamento dos servi\u00e7os.<\/p>\n<p>IV . A Corregedoria Geral de Justi\u00e7a far\u00e1 correi\u00e7\u00e3o geral em todas as circunscri\u00e7\u00f5es, com abrang\u00eancia anual de 60% (sessenta por cento) das unidades judici\u00e1rias existentes.<\/p>\n<p>Assinale a alternativa correta.<\/p>\n<p>a) Apenas I e III s\u00e3o corretos<\/p>\n<p>b) Apenas II e IV s\u00e3o corretos<\/p>\n<p>c) Apenas I, II e IV s\u00e3o incorretos<\/p>\n<p>d) Apenas I, IV s\u00e3o incorretos<\/p>\n<p>e) I, II, III e IV s\u00e3o corretos<\/p><\/blockquote>\n<p style=\"text-align: justify\"><strong>GABARITO OFICIAL: A.\u00a0 \u00a0 <span style=\"color: #ff0000\">RECURSO<\/span><\/strong><\/p>\n<p style=\"text-align: justify\"><span style=\"text-decoration: underline\"><strong>Letra C:\u00a0I, II e IV s\u00e3o incorretos<\/strong><\/span><\/p>\n<p style=\"text-align: justify\">I &#8211;\u00a0 <span style=\"color: #ff0000\"><strong>Errado<\/strong>.<\/span> Veja que, de acordo com o COJ, a CGJ \u00e9 dirigida pelo Corregedor Geral (que \u00e9 um desembargador) e auxiliada por ju\u00edzes <strong><span style=\"text-decoration: underline\">corregedores<\/span> <span style=\"color: #0000ff\">E<\/span> por quadro pr\u00f3prio de auditores, <\/strong>o que a assertiva n\u00e3o falou. COJ:<\/p>\n<div class=\"page\" style=\"text-align: justify\" title=\"Page 8\">\n<div class=\"layoutArea\">\n<div class=\"column\">\n<p>Art. 35. A Corregedoria Geral da Justic\u0327a, <strong>dirigida pelo Corregedor Geral e auxiliada por Jui\u0301zes Corregedores <span style=\"color: #0000ff\"><em><span style=\"text-decoration: underline\">e<\/span><\/em><\/span> por quadro pro\u0301prio de auditores<\/strong>, e\u0301 o\u0301rga\u0303o de fiscalizac\u0327a\u0303o, controle, orientac\u0327a\u0303o forense e disciplina dos magistrados da primeira insta\u0302ncia, dos servic\u0327os auxiliares da justic\u0327a das primeiras e segundas insta\u0302ncias, dos Juizados Especiais e dos servic\u0327os pu\u0301blicos delegados.<\/p>\n<\/div>\n<\/div>\n<\/div>\n<p style=\"text-align: justify\">II &#8211; <strong>Errado<\/strong>. COJ:<\/p>\n<p style=\"text-align: justify\">Art. 35 [&#8230;]<\/p>\n<div class=\"page\" style=\"text-align: justify\" title=\"Page 8\">\n<div class=\"layoutArea\">\n<div class=\"column\">\n<p>\u00a7 2\u00ba A designac\u0327a\u0303o dos Jui\u0301zes Corregedores considerar-se-a\u0301 finda com o te\u0301rmino do mandato do Corregedor Geral, permitida a reconduc\u0327a\u0303o.<\/p>\n<\/div>\n<\/div>\n<\/div>\n<p style=\"text-align: justify\">III &#8211;\u00a0 <strong>Correto<\/strong>. Veja que embora com a reda\u00e7\u00e3o um pouco diferente, a assertiva diz exatamente o que o COJ prev\u00ea:<\/p>\n<div class=\"page\" title=\"Page 8\">\n<div class=\"layoutArea\">\n<div class=\"column\">\n<div class=\"page\" title=\"Page 8\">\n<div class=\"layoutArea\">\n<div class=\"column\">\n<p style=\"text-align: justify\">Art. 38- O Corregedor Geral da Justic\u0327a <strong>podera\u0301 requisitar qualquer processo aos jui\u0301zes de primeiro grau<\/strong> de jurisdic\u0327a\u0303o, <strong>tomando ou expedindo nos pro\u0301prios autos<\/strong>, ou em provimento, as <strong>provide\u0302ncias ou instruc\u0327o\u0303es que entender necessa\u0301rias ao andamento dos servic\u0327os<\/strong>.<\/p>\n<p style=\"text-align: justify\">IV &#8211; <strong>Errado<\/strong>. Observe que n\u00e3o h\u00e1 qualquer indica\u00e7\u00e3o de n\u00famero m\u00ednimo para realiza\u00e7\u00e3o de correi\u00e7\u00f5es gerais no COJ. \u00c9 preciso destacar que anteriormente o COJ previa um n\u00famero m\u00ednimo de abrang\u00eancia de 50%, o que foi alterado pela LC 138\/2009, retirando o m\u00ednimo.<\/p>\n<div class=\"page\" title=\"Page 9\">\n<div class=\"layoutArea\">\n<div class=\"column\">\n<p style=\"text-align: justify\">Art. 40- A Corregedoria Geral da Justic\u0327a fara\u0301 <strong>inspec\u0327o\u0303es anuais em todas as circunscric\u0327o\u0303es<\/strong> e promovera\u0301 correic\u0327o\u0303es gerais quando entender necessa\u0301rio.<\/p>\n<\/div>\n<hr \/>\n<p>Agora vejamos a prova de <strong><span style=\"font-size: 18pt;color: #0000ff\">T\u00e9cnico Judici\u00e1rio<\/span>:<\/strong><\/p>\n<\/div>\n<blockquote><p><strong>QUEST\u00c3O<\/strong><\/p>\n<p><strong>Sobre o \u00d3rg\u00e3o Especial do Tribunal de Justi\u00e7a de Pernambuco, assinale a alternativa correta:<\/strong><\/p><\/blockquote>\n<\/div>\n<blockquote><p>a) A composi\u00e7\u00e3o do \u00d3rg\u00e3o Especial \u00e9 feita apenas pelo crit\u00e9rio de antiguidade, ressalvadas as 4 (quatro) vagas pelos integrantes da Mesa Diretora.<\/p>\n<p>b) O \u00d3rg\u00e3o Especial funciona no exerc\u00edcio delegado das atribui\u00e7\u00f5es administrativas e jurisdicionais da compet\u00eancia origin\u00e1ria do Tribunal Pleno<\/p>\n<p>c) A presid\u00eancia do \u00d3rg\u00e3o Especial ser\u00e1 ocupada pelo Presidente do Tribunal, sendo substitu\u00eddo, nas aus\u00eancias e impedimentos, somente pelo 1\u00ba Vice-Presidente e o desembargador mais antigo, nesta ordem.<\/p>\n<p>d) O \u00d3rg\u00e3o Especial \u00e9 constitu\u00eddo por 22 (vinte e dois) desembargadores<\/p>\n<p>e) Em caso de empate no julgamento prevalecer\u00e1 o voto do desembargador mais antigo<\/p><\/blockquote>\n<\/div>\n<\/div>\n<\/div>\n<\/div>\n<\/div>\n<\/div>\n<p><strong>GABARITO OFICIAL: B.\u00a0\u00a0<\/strong><\/p>\n<p>Letra B:\u00a0Art. 23. O O\u0301rga\u0303o Especial, funcionando no exerci\u0301cio delegado das atribuic\u0327o\u0303es administrativas e jurisdicionais da compete\u0302ncia origina\u0301ria do Tribunal Pleno [&#8230;].<\/p>\n<p>a) Errado. Veja que temos mais crit\u00e9rios de composi\u00e7\u00e3o.<\/p>\n<div class=\"page\" title=\"Page 15\">\n<div class=\"layoutArea\">\n<div class=\"column\">\n<p>Art. 23. [&#8230;] provendo-se oito vagas pelo <strong>crite\u0301rio de antiguidade<\/strong> no Tribunal, oito vagas pelo <strong>crite\u0301rio de eleic\u0327a\u0303o<\/strong> e quatro vagas <strong>pelos integrantes da Mesa Diretora<\/strong>.<\/p>\n<\/div>\n<\/div>\n<\/div>\n<p>c) Errado.<\/p>\n<p>Art. 23 [&#8230;]<\/p>\n<div class=\"page\" title=\"Page 15\">\n<div class=\"layoutArea\">\n<div class=\"column\">\n<p>\u00a7 1\u00ba O Presidente do Tribunal exercera\u0301 a preside\u0302ncia do O\u0301rga\u0303o Especial, sendo substitui\u0301do, nas ause\u0302ncias e impedimentos,<strong> pelo 1o Vice-Presidente, pelo 2o Vice- Presidente e pelo desembargador mais antigo, nessa ordem<\/strong>.<\/p>\n<p>d) Errado. S\u00e3o 20 desembargadores.<\/p>\n<div class=\"page\" title=\"Page 15\">\n<div class=\"layoutArea\">\n<div class=\"column\">\n<p>Art. 23. O O\u0301rga\u0303o Especial, funcionando no exerci\u0301cio delegado das atribuic\u0327o\u0303es administrativas e jurisdicionais da compete\u0302ncia origina\u0301ria do Tribunal Pleno, e\u0301 <strong>constitui\u0301do por vinte desembargadores<\/strong>, provendo-se oito vagas pelo crite\u0301rio de antiguidade no Tribunal, oito vagas pelo crite\u0301rio de eleic\u0327a\u0303o e quatro vagas pelos integrantes da Mesa Diretora.<\/p>\n<p>e) Errado.<\/p>\n<p>Art. 23 [&#8230;]<\/p>\n<div class=\"page\" title=\"Page 15\">\n<div class=\"layoutArea\">\n<div class=\"column\">\n<p>\u00a7 2\u00ba Em caso de empate prevalecera\u0301 o voto do Presidente quando este votar.<\/p>\n<\/div>\n<\/div>\n<\/div>\n<\/div>\n<\/div>\n<\/div>\n<\/div>\n<\/div>\n<\/div>\n<div class=\"page\" title=\"Page 15\"><\/div>\n<hr \/>\n<p><strong>QUEST\u00c3O<\/strong><\/p>\n<blockquote><p><strong>O N\u00facleo Permanente de M\u00e9todos Consensuais de Solu\u00e7\u00e3o de Conflitos \u00e9 integrado por \u00f3rg\u00e3os de gest\u00e3o, unidades jurisdicionais e unidades conveniadas, p\u00fablicas e privadas. Fazem parte do n\u00facleo os Centros Judici\u00e1rios de Solu\u00e7\u00e3o de Conflitos (CEJUSC), sobre eles assinale a alternativa correta:<\/strong><\/p>\n<p>a) Os CEJUSC s\u00e3o dirigidos por ju\u00edzes coordenadores, designados pelo Vice-Presidente do Tribunal de Justi\u00e7a de Pernambuco.<\/p>\n<p>b) O juiz coordenador do CEJUSC n\u00e3o exercer\u00e1 sua fun\u00e7\u00e3o em regime de acumula\u00e7\u00e3o<\/p>\n<p>c) Os CEJUSC n\u00e3o t\u00eam atribui\u00e7\u00e3o para promover a solu\u00e7\u00e3o consensual de conflitos de natureza previdenci\u00e1ria<\/p>\n<p>d) O magistrado coordenador do CEJUSC, a partir de sua designa\u00e7\u00e3o, passa \u00e0 condi\u00e7\u00e3o de juiz auxiliar em uma das unidades jurisdicionais da respectiva jurisdi\u00e7\u00e3o a que se vincular o Centro de Concilia\u00e7\u00e3o, cabendo \u00e0 Vice-Presid\u00eancia a escolha e designa\u00e7\u00e3o<\/p>\n<p>e) Cabe ao juiz coordenador do CEJUSC gerir todas as atividades da unidade, inclusive com compet\u00eancia para homologar, por senten\u00e7a, os termos de acordo de concilia\u00e7\u00e3o ou media\u00e7\u00e3o celebrados no \u00e2mbito do N\u00facleo.<\/p><\/blockquote>\n<p><strong>GABARITO OFICIAL: E.\u00a0 \u00a0 \u00a0<span style=\"color: #ff0000\">RECURSO PARA ANULA\u00c7\u00c3O.<\/span><\/strong><\/p>\n<p><span style=\"color: #000000\">O conte\u00fado cobrado na quest\u00e3o estava fora do que fora pedido no edital. Veja o que o termo edital\u00edcio trouxe:<\/span><\/p>\n<blockquote><p>2 C\u00f3digo de Organiza\u00e7\u00e3o Judici\u00e1ria do Estado de Pernambuco (Lei Complementar n\u00ba 100) \u2013 Cap\u00edtulo I \u2013 artigos de <strong>17 a 47<\/strong>.<\/p><\/blockquote>\n<p><span style=\"color: #0000ff\"><strong>Ocorre que os dispositivos que respondem a quest\u00e3o est\u00e3o fora do delimitado, no art. 75-A.<\/strong><\/span><\/p>\n<p>Letra E. Art. 75-A,\u00a0\u00a7 4\u00ba Os CEJUSC ser\u00e3o dirigidos por ju\u00edzes coordenadores, <strong>designados pelo presidente do Tribunal de Justi\u00e7a<\/strong>, para gerir todas as atividades da unidade, inclusive com compet\u00eancia para homologar, por senten\u00e7a, os termos de acordo de concilia\u00e7\u00e3o ou media\u00e7\u00e3o celebrados no \u00e2mbito do NUPEMEC.<\/p>\n<p>a) <strong>Errad<\/strong>o. COJ: Art. 75-A<\/p>\n<p>\u00a7 4\u00ba Os CEJUSC ser\u00e3o dirigidos por ju\u00edzes coordenadores, <strong>designados pelo presidente do Tribunal de Justi\u00e7a<\/strong>, para gerir todas as atividades da unidade, inclusive com compet\u00eancia para homologar, por senten\u00e7a, os termos de acordo de concilia\u00e7\u00e3o ou media\u00e7\u00e3o celebrados no \u00e2mbito do NUPEMEC.<\/p>\n<p>b) Errado.<\/p>\n<p>ARt. 75-A [&#8230;]<\/p>\n<p>\u00a7 9\u00ba Os magistrados membros do NUPEMEC, Coordenadores dos CEJUSC e do Juizado Informal de Fam\u00edlia <strong>exercer\u00e3o a fun\u00e7\u00e3o em regime de acumula\u00e7\u00e3o<\/strong>, nos termos deste C\u00f3digo de Organiza\u00e7\u00e3o Judici\u00e1ria e da LOMAN;<\/p>\n<p>c) <strong>Errado<\/strong>.<\/p>\n<p>Art. 75-A [&#8230;]<\/p>\n<p>\u00a7 3\u00ba Os CEJUSCs s\u00e3o unidades jurisdicionais auxiliares vinculadas a todas as varas ou juizados especiais de uma mesma jurisdi\u00e7\u00e3o, com atribui\u00e7\u00f5es para:<\/p>\n<p>[&#8230;]<\/p>\n<p>II &#8211; promover, mediante a ado\u00e7\u00e3o de t\u00e9cnica apropriada, a solu\u00e7\u00e3o consensual de conflitos de natureza c\u00edvel, fazend\u00e1ria, <strong>previdenci\u00e1ria<\/strong>, familiar e outras em que a lei admita acordo ou transa\u00e7\u00e3o;<\/p>\n<p>d)\u00a0 <strong>Errado<\/strong>. Art. 75-A [&#8230;]<\/p>\n<p>\u00a7 8\u00ba O juiz coordenador do CEJUSC, a partir da designa\u00e7\u00e3o, passa \u00e0 condi\u00e7\u00e3o de juiz auxiliar <strong>de todas as unidades jurisdicionais da respectiva<\/strong> jurisdi\u00e7\u00e3o a que se vincular o Centro ou a C\u00e2mara Privada de Concilia\u00e7\u00e3o e Media\u00e7\u00e3o, investindo-se da compet\u00eancia prevista no \u00a7 4\u00ba deste artigo.<\/p>\n","protected":false},"excerpt":{"rendered":"<p>Ol\u00e1, pessoal! Meu nome \u00e9 Fabr\u00edcio R\u00eago, fui professor dessa disciplina juntamente com Paulo Guimar\u00e3es. A banca examinadora divulgou o\u00a0gabarito OFICIAL do concurso TJ PE, realizado neste domingo, para as quest\u00f5es relativas ao C\u00f3digo de Organiza\u00e7\u00e3o Judici\u00e1ria e Regimento Interno. Nesta primeira parte, veremos as quest\u00f5es do cargo de Analista Judici\u00e1rio, sendo que a de [&hellip;]<\/p>\n","protected":false},"author":48,"featured_media":0,"comment_status":"open","ping_status":"open","sticky":false,"template":"","format":"standard","meta":{"post_tipo":"article","footnotes":""},"categories":[1],"tags":[],"tax_estado":[],"class_list":["post-92470","post","type-post","status-publish","format-standard","hentry","category-cursos-e-concursos"],"acf":[],"yoast_head":"<!-- This site is optimized with the Yoast SEO Premium plugin v27.2 (Yoast SEO v27.2) - https:\/\/yoast.com\/product\/yoast-seo-premium-wordpress\/ -->\n<title>Gabarito Oficial TJ PE: Regimento e COJ (Recurso)<\/title>\n<meta name=\"robots\" content=\"index, follow, max-snippet:-1, max-image-preview:large, max-video-preview:-1\" \/>\n<link rel=\"canonical\" href=\"https:\/\/www.estrategiaconcursos.com.br\/blog\/gabarito-tj-pe-regimento-e-coj-extraoficial\/\" \/>\n<meta property=\"og:locale\" content=\"pt_BR\" \/>\n<meta property=\"og:type\" content=\"article\" \/>\n<meta property=\"og:title\" content=\"Gabarito Oficial TJ PE: Regimento e COJ (Recurso)\" \/>\n<meta property=\"og:description\" content=\"Ol\u00e1, pessoal! Meu nome \u00e9 Fabr\u00edcio R\u00eago, fui professor dessa disciplina juntamente com Paulo Guimar\u00e3es. A banca examinadora divulgou o\u00a0gabarito OFICIAL do concurso TJ PE, realizado neste domingo, para as quest\u00f5es relativas ao C\u00f3digo de Organiza\u00e7\u00e3o Judici\u00e1ria e Regimento Interno. Nesta primeira parte, veremos as quest\u00f5es do cargo de Analista Judici\u00e1rio, sendo que a de [&hellip;]\" \/>\n<meta property=\"og:url\" content=\"https:\/\/www.estrategiaconcursos.com.br\/blog\/gabarito-tj-pe-regimento-e-coj-extraoficial\/\" \/>\n<meta property=\"og:site_name\" content=\"Estrat\u00e9gia Concursos\" \/>\n<meta property=\"article:published_time\" content=\"2017-10-16T19:43:25+00:00\" \/>\n<meta property=\"article:modified_time\" content=\"2017-10-16T19:46:54+00:00\" \/>\n<meta name=\"author\" content=\"Coordena\u00e7\u00e3o\" \/>\n<meta name=\"twitter:card\" content=\"summary_large_image\" \/>\n<meta name=\"twitter:creator\" content=\"@EstratConcursos\" \/>\n<meta name=\"twitter:site\" content=\"@EstratConcursos\" \/>\n<meta name=\"twitter:label1\" content=\"Escrito por\" \/>\n\t<meta name=\"twitter:data1\" content=\"Coordena\u00e7\u00e3o\" \/>\n\t<meta name=\"twitter:label2\" content=\"Est. tempo de leitura\" \/>\n\t<meta name=\"twitter:data2\" content=\"8 minutos\" \/>\n<script type=\"application\/ld+json\" class=\"yoast-schema-graph\">{\"@context\":\"https:\/\/schema.org\",\"@graph\":[{\"@type\":\"NewsArticle\",\"@id\":\"https:\/\/www.estrategiaconcursos.com.br\/blog\/gabarito-tj-pe-regimento-e-coj-extraoficial\/#article\",\"isPartOf\":{\"@id\":\"https:\/\/www.estrategiaconcursos.com.br\/blog\/gabarito-tj-pe-regimento-e-coj-extraoficial\/\"},\"author\":{\"name\":\"Coordena\u00e7\u00e3o\",\"@id\":\"https:\/\/www.estrategiaconcursos.com.br\/blog\/#\/schema\/person\/cdad40b5818eb228a838461fcd656da7\"},\"headline\":\"Gabarito Oficial TJ PE: Regimento e COJ (Recurso)\",\"datePublished\":\"2017-10-16T19:43:25+00:00\",\"dateModified\":\"2017-10-16T19:46:54+00:00\",\"mainEntityOfPage\":{\"@id\":\"https:\/\/www.estrategiaconcursos.com.br\/blog\/gabarito-tj-pe-regimento-e-coj-extraoficial\/\"},\"wordCount\":1578,\"commentCount\":1,\"publisher\":{\"@id\":\"https:\/\/www.estrategiaconcursos.com.br\/blog\/#organization\"},\"articleSection\":[\"Concursos P\u00fablicos\"],\"inLanguage\":\"pt-BR\",\"potentialAction\":[{\"@type\":\"CommentAction\",\"name\":\"Comment\",\"target\":[\"https:\/\/www.estrategiaconcursos.com.br\/blog\/gabarito-tj-pe-regimento-e-coj-extraoficial\/#respond\"]}],\"copyrightYear\":\"2017\",\"copyrightHolder\":{\"@id\":\"https:\/\/www.estrategiaconcursos.com.br\/blog\/#organization\"}},{\"@type\":\"WebPage\",\"@id\":\"https:\/\/www.estrategiaconcursos.com.br\/blog\/gabarito-tj-pe-regimento-e-coj-extraoficial\/\",\"url\":\"https:\/\/www.estrategiaconcursos.com.br\/blog\/gabarito-tj-pe-regimento-e-coj-extraoficial\/\",\"name\":\"Gabarito Oficial TJ PE: Regimento e COJ (Recurso)\",\"isPartOf\":{\"@id\":\"https:\/\/www.estrategiaconcursos.com.br\/blog\/#website\"},\"datePublished\":\"2017-10-16T19:43:25+00:00\",\"dateModified\":\"2017-10-16T19:46:54+00:00\",\"breadcrumb\":{\"@id\":\"https:\/\/www.estrategiaconcursos.com.br\/blog\/gabarito-tj-pe-regimento-e-coj-extraoficial\/#breadcrumb\"},\"inLanguage\":\"pt-BR\",\"potentialAction\":[{\"@type\":\"ReadAction\",\"target\":[\"https:\/\/www.estrategiaconcursos.com.br\/blog\/gabarito-tj-pe-regimento-e-coj-extraoficial\/\"]}]},{\"@type\":\"BreadcrumbList\",\"@id\":\"https:\/\/www.estrategiaconcursos.com.br\/blog\/gabarito-tj-pe-regimento-e-coj-extraoficial\/#breadcrumb\",\"itemListElement\":[{\"@type\":\"ListItem\",\"position\":1,\"name\":\"In\u00edcio\",\"item\":\"https:\/\/www.estrategiaconcursos.com.br\/blog\/\"},{\"@type\":\"ListItem\",\"position\":2,\"name\":\"Gabarito Oficial TJ PE: Regimento e COJ (Recurso)\"}]},{\"@type\":\"WebSite\",\"@id\":\"https:\/\/www.estrategiaconcursos.com.br\/blog\/#website\",\"url\":\"https:\/\/www.estrategiaconcursos.com.br\/blog\/\",\"name\":\"Estrat\u00e9gia Concursos\",\"description\":\"O blog da Estrat\u00e9gia Concursos traz not\u00edcias sobre concursos e artigos de professores oferecendo cursos para concursos (pdf + videaulas) no site.\",\"publisher\":{\"@id\":\"https:\/\/www.estrategiaconcursos.com.br\/blog\/#organization\"},\"potentialAction\":[{\"@type\":\"SearchAction\",\"target\":{\"@type\":\"EntryPoint\",\"urlTemplate\":\"https:\/\/www.estrategiaconcursos.com.br\/blog\/?s={search_term_string}\"},\"query-input\":{\"@type\":\"PropertyValueSpecification\",\"valueRequired\":true,\"valueName\":\"search_term_string\"}}],\"inLanguage\":\"pt-BR\"},{\"@type\":\"Organization\",\"@id\":\"https:\/\/www.estrategiaconcursos.com.br\/blog\/#organization\",\"name\":\"Estrat\u00e9gia Concursos\",\"url\":\"https:\/\/www.estrategiaconcursos.com.br\/blog\/\",\"logo\":{\"@type\":\"ImageObject\",\"inLanguage\":\"pt-BR\",\"@id\":\"https:\/\/www.estrategiaconcursos.com.br\/blog\/#\/schema\/logo\/image\/\",\"url\":\"https:\/\/dhg1h5j42swfq.cloudfront.net\/2025\/06\/03203428\/logo_concursos-1.jpg\",\"contentUrl\":\"https:\/\/dhg1h5j42swfq.cloudfront.net\/2025\/06\/03203428\/logo_concursos-1.jpg\",\"width\":230,\"height\":60,\"caption\":\"Estrat\u00e9gia Concursos\"},\"image\":{\"@id\":\"https:\/\/www.estrategiaconcursos.com.br\/blog\/#\/schema\/logo\/image\/\"},\"sameAs\":[\"https:\/\/x.com\/EstratConcursos\"]},{\"@type\":\"Person\",\"@id\":\"https:\/\/www.estrategiaconcursos.com.br\/blog\/#\/schema\/person\/cdad40b5818eb228a838461fcd656da7\",\"name\":\"Coordena\u00e7\u00e3o\",\"image\":{\"@type\":\"ImageObject\",\"inLanguage\":\"pt-BR\",\"@id\":\"https:\/\/secure.gravatar.com\/avatar\/a413b22da0f5009c634f6c4586a2dbe5207074fd5becd88db5183b8069ef25e4?s=96&d=mm&r=g\",\"url\":\"https:\/\/secure.gravatar.com\/avatar\/a413b22da0f5009c634f6c4586a2dbe5207074fd5becd88db5183b8069ef25e4?s=96&d=mm&r=g\",\"contentUrl\":\"https:\/\/secure.gravatar.com\/avatar\/a413b22da0f5009c634f6c4586a2dbe5207074fd5becd88db5183b8069ef25e4?s=96&d=mm&r=g\",\"caption\":\"Coordena\u00e7\u00e3o\"},\"url\":\"https:\/\/www.estrategiaconcursos.com.br\/blog\/author\/contatoestrategiaconcursos-com-br\/\"}]}<\/script>\n<!-- \/ Yoast SEO Premium plugin. -->","yoast_head_json":{"title":"Gabarito Oficial TJ PE: Regimento e COJ (Recurso)","robots":{"index":"index","follow":"follow","max-snippet":"max-snippet:-1","max-image-preview":"max-image-preview:large","max-video-preview":"max-video-preview:-1"},"canonical":"https:\/\/www.estrategiaconcursos.com.br\/blog\/gabarito-tj-pe-regimento-e-coj-extraoficial\/","og_locale":"pt_BR","og_type":"article","og_title":"Gabarito Oficial TJ PE: Regimento e COJ (Recurso)","og_description":"Ol\u00e1, pessoal! Meu nome \u00e9 Fabr\u00edcio R\u00eago, fui professor dessa disciplina juntamente com Paulo Guimar\u00e3es. A banca examinadora divulgou o\u00a0gabarito OFICIAL do concurso TJ PE, realizado neste domingo, para as quest\u00f5es relativas ao C\u00f3digo de Organiza\u00e7\u00e3o Judici\u00e1ria e Regimento Interno. Nesta primeira parte, veremos as quest\u00f5es do cargo de Analista Judici\u00e1rio, sendo que a de [&hellip;]","og_url":"https:\/\/www.estrategiaconcursos.com.br\/blog\/gabarito-tj-pe-regimento-e-coj-extraoficial\/","og_site_name":"Estrat\u00e9gia Concursos","article_published_time":"2017-10-16T19:43:25+00:00","article_modified_time":"2017-10-16T19:46:54+00:00","author":"Coordena\u00e7\u00e3o","twitter_card":"summary_large_image","twitter_creator":"@EstratConcursos","twitter_site":"@EstratConcursos","twitter_misc":{"Escrito por":"Coordena\u00e7\u00e3o","Est. tempo de leitura":"8 minutos"},"schema":{"@context":"https:\/\/schema.org","@graph":[{"@type":"NewsArticle","@id":"https:\/\/www.estrategiaconcursos.com.br\/blog\/gabarito-tj-pe-regimento-e-coj-extraoficial\/#article","isPartOf":{"@id":"https:\/\/www.estrategiaconcursos.com.br\/blog\/gabarito-tj-pe-regimento-e-coj-extraoficial\/"},"author":{"name":"Coordena\u00e7\u00e3o","@id":"https:\/\/www.estrategiaconcursos.com.br\/blog\/#\/schema\/person\/cdad40b5818eb228a838461fcd656da7"},"headline":"Gabarito Oficial TJ PE: Regimento e COJ (Recurso)","datePublished":"2017-10-16T19:43:25+00:00","dateModified":"2017-10-16T19:46:54+00:00","mainEntityOfPage":{"@id":"https:\/\/www.estrategiaconcursos.com.br\/blog\/gabarito-tj-pe-regimento-e-coj-extraoficial\/"},"wordCount":1578,"commentCount":1,"publisher":{"@id":"https:\/\/www.estrategiaconcursos.com.br\/blog\/#organization"},"articleSection":["Concursos P\u00fablicos"],"inLanguage":"pt-BR","potentialAction":[{"@type":"CommentAction","name":"Comment","target":["https:\/\/www.estrategiaconcursos.com.br\/blog\/gabarito-tj-pe-regimento-e-coj-extraoficial\/#respond"]}],"copyrightYear":"2017","copyrightHolder":{"@id":"https:\/\/www.estrategiaconcursos.com.br\/blog\/#organization"}},{"@type":"WebPage","@id":"https:\/\/www.estrategiaconcursos.com.br\/blog\/gabarito-tj-pe-regimento-e-coj-extraoficial\/","url":"https:\/\/www.estrategiaconcursos.com.br\/blog\/gabarito-tj-pe-regimento-e-coj-extraoficial\/","name":"Gabarito Oficial TJ PE: Regimento e COJ (Recurso)","isPartOf":{"@id":"https:\/\/www.estrategiaconcursos.com.br\/blog\/#website"},"datePublished":"2017-10-16T19:43:25+00:00","dateModified":"2017-10-16T19:46:54+00:00","breadcrumb":{"@id":"https:\/\/www.estrategiaconcursos.com.br\/blog\/gabarito-tj-pe-regimento-e-coj-extraoficial\/#breadcrumb"},"inLanguage":"pt-BR","potentialAction":[{"@type":"ReadAction","target":["https:\/\/www.estrategiaconcursos.com.br\/blog\/gabarito-tj-pe-regimento-e-coj-extraoficial\/"]}]},{"@type":"BreadcrumbList","@id":"https:\/\/www.estrategiaconcursos.com.br\/blog\/gabarito-tj-pe-regimento-e-coj-extraoficial\/#breadcrumb","itemListElement":[{"@type":"ListItem","position":1,"name":"In\u00edcio","item":"https:\/\/www.estrategiaconcursos.com.br\/blog\/"},{"@type":"ListItem","position":2,"name":"Gabarito Oficial TJ PE: Regimento e COJ (Recurso)"}]},{"@type":"WebSite","@id":"https:\/\/www.estrategiaconcursos.com.br\/blog\/#website","url":"https:\/\/www.estrategiaconcursos.com.br\/blog\/","name":"Estrat\u00e9gia Concursos","description":"O blog da Estrat\u00e9gia Concursos traz not\u00edcias sobre concursos e artigos de professores oferecendo cursos para concursos (pdf + videaulas) no site.","publisher":{"@id":"https:\/\/www.estrategiaconcursos.com.br\/blog\/#organization"},"potentialAction":[{"@type":"SearchAction","target":{"@type":"EntryPoint","urlTemplate":"https:\/\/www.estrategiaconcursos.com.br\/blog\/?s={search_term_string}"},"query-input":{"@type":"PropertyValueSpecification","valueRequired":true,"valueName":"search_term_string"}}],"inLanguage":"pt-BR"},{"@type":"Organization","@id":"https:\/\/www.estrategiaconcursos.com.br\/blog\/#organization","name":"Estrat\u00e9gia Concursos","url":"https:\/\/www.estrategiaconcursos.com.br\/blog\/","logo":{"@type":"ImageObject","inLanguage":"pt-BR","@id":"https:\/\/www.estrategiaconcursos.com.br\/blog\/#\/schema\/logo\/image\/","url":"https:\/\/dhg1h5j42swfq.cloudfront.net\/2025\/06\/03203428\/logo_concursos-1.jpg","contentUrl":"https:\/\/dhg1h5j42swfq.cloudfront.net\/2025\/06\/03203428\/logo_concursos-1.jpg","width":230,"height":60,"caption":"Estrat\u00e9gia Concursos"},"image":{"@id":"https:\/\/www.estrategiaconcursos.com.br\/blog\/#\/schema\/logo\/image\/"},"sameAs":["https:\/\/x.com\/EstratConcursos"]},{"@type":"Person","@id":"https:\/\/www.estrategiaconcursos.com.br\/blog\/#\/schema\/person\/cdad40b5818eb228a838461fcd656da7","name":"Coordena\u00e7\u00e3o","image":{"@type":"ImageObject","inLanguage":"pt-BR","@id":"https:\/\/secure.gravatar.com\/avatar\/a413b22da0f5009c634f6c4586a2dbe5207074fd5becd88db5183b8069ef25e4?s=96&d=mm&r=g","url":"https:\/\/secure.gravatar.com\/avatar\/a413b22da0f5009c634f6c4586a2dbe5207074fd5becd88db5183b8069ef25e4?s=96&d=mm&r=g","contentUrl":"https:\/\/secure.gravatar.com\/avatar\/a413b22da0f5009c634f6c4586a2dbe5207074fd5becd88db5183b8069ef25e4?s=96&d=mm&r=g","caption":"Coordena\u00e7\u00e3o"},"url":"https:\/\/www.estrategiaconcursos.com.br\/blog\/author\/contatoestrategiaconcursos-com-br\/"}]}},"_links":{"self":[{"href":"https:\/\/www.estrategiaconcursos.com.br\/blog\/wp-json\/wp\/v2\/posts\/92470","targetHints":{"allow":["GET"]}}],"collection":[{"href":"https:\/\/www.estrategiaconcursos.com.br\/blog\/wp-json\/wp\/v2\/posts"}],"about":[{"href":"https:\/\/www.estrategiaconcursos.com.br\/blog\/wp-json\/wp\/v2\/types\/post"}],"author":[{"embeddable":true,"href":"https:\/\/www.estrategiaconcursos.com.br\/blog\/wp-json\/wp\/v2\/users\/48"}],"replies":[{"embeddable":true,"href":"https:\/\/www.estrategiaconcursos.com.br\/blog\/wp-json\/wp\/v2\/comments?post=92470"}],"version-history":[{"count":7,"href":"https:\/\/www.estrategiaconcursos.com.br\/blog\/wp-json\/wp\/v2\/posts\/92470\/revisions"}],"predecessor-version":[{"id":92677,"href":"https:\/\/www.estrategiaconcursos.com.br\/blog\/wp-json\/wp\/v2\/posts\/92470\/revisions\/92677"}],"wp:attachment":[{"href":"https:\/\/www.estrategiaconcursos.com.br\/blog\/wp-json\/wp\/v2\/media?parent=92470"}],"wp:term":[{"taxonomy":"category","embeddable":true,"href":"https:\/\/www.estrategiaconcursos.com.br\/blog\/wp-json\/wp\/v2\/categories?post=92470"},{"taxonomy":"post_tag","embeddable":true,"href":"https:\/\/www.estrategiaconcursos.com.br\/blog\/wp-json\/wp\/v2\/tags?post=92470"},{"taxonomy":"tax_estado","embeddable":true,"href":"https:\/\/www.estrategiaconcursos.com.br\/blog\/wp-json\/wp\/v2\/tax_estado?post=92470"}],"curies":[{"name":"wp","href":"https:\/\/api.w.org\/{rel}","templated":true}]}}