{"id":924665,"date":"2021-12-07T21:44:47","date_gmt":"2021-12-08T00:44:47","guid":{"rendered":"https:\/\/www.estrategiaconcursos.com.br\/blog\/?p=924665"},"modified":"2023-08-10T10:53:33","modified_gmt":"2023-08-10T13:53:33","slug":"concurso-tj-rj-tecnico-recursos","status":"publish","type":"post","link":"https:\/\/www.estrategiaconcursos.com.br\/blog\/concurso-tj-rj-tecnico-recursos\/","title":{"rendered":"Recursos poss\u00edveis TJ RJ T\u00e9cnico: confira e descubra neste p\u00f3s-prova!"},"content":{"rendered":"\n<p>As provas do concurso p\u00fablico do Tribunal de Justi\u00e7a do Rio de Janeiro (TJ RJ) para T\u00e9cnico Judici\u00e1rio, aplicadas pelo Cebraspe, aceitar\u00e3o&nbsp;<strong>recursos contra os resultados entre os dias 09 e 10 de dezembro de 2021<\/strong>. Os&nbsp;<a href=\"https:\/\/dhg1h5j42swfq.cloudfront.net\/2021\/12\/07213948\/arquivo-1-1_merged.pdf\" target=\"_blank\" rel=\"noreferrer noopener\">gabaritos preliminares<\/a>, inclusive, j\u00e1 foram publicados. Por isso, nosso time preparou este artigo com os recursos poss\u00edveis TJ RJ T\u00e9cnico. <\/p>\n\n\n\n<p>Agora voc\u00ea ir\u00e1 saber quais quest\u00f5es s\u00e3o pass\u00edveis de anula\u00e7\u00e3o, o que foi trabalhado pela mesma equipe de professores que participaram do evento \u2018<a href=\"https:\/\/www.estrategiaconcursos.com.br\/blog\/gabarito-extraoficial-tj-rj-tecnico\/\" target=\"_blank\" rel=\"noreferrer noopener\">Gabarito Extraoficial TJ RJ T\u00e9cnico<\/a>\u2019, para apont\u00e1-las.<\/p>\n\n\n\n<h3 class=\"wp-block-heading has-cyan-bluish-gray-background-color has-background\" id=\"h-recursos-tj-rj-tecnico-lingua-portuguesa\">Recursos TJ RJ T\u00e9cnico \u2013 L\u00edngua Portuguesa<\/h3>\n\n\n\n<p><strong>TEXTO DA QUEST\u00c3O:<\/strong><\/p>\n\n\n\n<p>Sem preju\u00edzo dos sentidos do texto CG1A1, a express\u00e3o \u201c\u00e0 merc\u00ea\u201d, no trecho \u201cE j\u00e1 n\u00e3o estava mais \u00e0 merc\u00ea de ningu\u00e9m\u201d, poderia ser substitu\u00eddo por&#8230;<\/p>\n\n\n\n<p><strong>GABARITO PRELIMINAR: <\/strong>\u201c\u00e0 disposi\u00e7\u00e3o\u201d<\/p>\n\n\n\n<p><strong>GABARITO PRETENDIDO: <\/strong>\u201c\u00e0 espera\u201d<\/p>\n\n\n\n<p><strong>FUNDAMENTA\u00c7\u00c3O:<\/strong><\/p>\n\n\n\n<p>Em uma quest\u00e3o em que se ressalta o n\u00e3o preju\u00edzo aos sentidos do texto, a acep\u00e7\u00e3o de um voc\u00e1bulo e\/ou express\u00e3o deve ser apreendida levando em considera\u00e7\u00e3o o entendimento global dessa unidade textual.<\/p>\n\n\n\n<p>H\u00e1 dois momentos em que o texto faz refer\u00eancia \u00e0 liberdade (ou \u00e0 falta de): no in\u00edcio, quando se escreve \u201cO aprendizado da paci\u00eancia, o juramento da espera. Do qual n\u00e3o soubesse jamais se livrar. A tarde transformando-se em intermin\u00e1vel e, at\u00e9 todos voltarem para o jantar e ela poder se tornar com al\u00edvio uma filha [&#8230;]\u201d; e no final, \u201cE j\u00e1 n\u00e3o estava mais \u00e0 merc\u00ea de ningu\u00e9m. Desesperada, porque vigorosa, livre, n\u00e3o estava mais \u00e0 merc\u00ea.\u201d<\/p>\n\n\n\n<p>Em uma leitura global do texto, o que aprisionava a personagem, o que a impedia de ser livre, era a espera, a sensa\u00e7\u00e3o de uma tarde sem fim \u00e0 espera de seus familiares.&nbsp; Quando o texto retorna para a tem\u00e1tica da liberdade, para indicar a mudan\u00e7a de estado da personagem (antes estava presa, agora, livre), a autora descreve essa liberta\u00e7\u00e3o com a express\u00e3o \u201c\u00e0 merc\u00ea\u201d: <em>E j\u00e1 n\u00e3o estava mais \u00e0 merc\u00ea de ningu\u00e9m<\/em>.<\/p>\n\n\n\n<p>Logo, a substitui\u00e7\u00e3o dessa express\u00e3o por \u201c\u00e0 espera\u201d n\u00e3o traria qualquer preju\u00edzo aos sentidos do texto. Veja: \u201c<strong>E j\u00e1 n\u00e3o estava mais \u00e0 espera de ningu\u00e9m<\/strong>\u201d, isto \u00e9, estava livre.<\/p>\n\n\n\n<p>A substitui\u00e7\u00e3o da express\u00e3o em an\u00e1lise por \u201c\u00e0 disposi\u00e7\u00e3o\u201d implicaria mudan\u00e7a de sentido, uma vez que \u201c\u00e0 disposi\u00e7\u00e3o\u201d significa \u201cestar dispon\u00edvel para\u201d (<strong>Dicion\u00e1rio Online de Portugu\u00eas<\/strong>), ou seja, \u201c\u00e0 disposi\u00e7\u00e3o\u201d pressup\u00f5e uma a\u00e7\u00e3o. Retornando ao in\u00edcio do texto, pode-se perceber que a personagem n\u00e3o estava dispon\u00edvel para agir como filha, mas sim estava \u00e0 espera de tornar-se filha.<\/p>\n\n\n\n<p>A necessidade de uma leitura global do texto para a correta resolu\u00e7\u00e3o de uma quest\u00e3o n\u00e3o \u00e9 exclusiva desta. Em uma prova recente elaborada pela mesma banca, para o cargo de Escriv\u00e3o da Pol\u00edcia Federal, o candidato precisava apreender globalmente o texto, compreendendo a conex\u00e3o entre a parte inicial e final do texto para marca\u00e7\u00e3o da resposta correta. Segue a quest\u00e3o: \u201cNa argumenta\u00e7\u00e3o desenvolvida no texto, a informa\u00e7\u00e3o presente em \u201cCresce rapidamente em quase todos os pa\u00edses o n\u00famero de pessoas na pris\u00e3o\u201d (primeiro per\u00edodo do texto) coaduna-se com a informa\u00e7\u00e3o presente em \u201co r\u00e1pido crescimento parece ser um fen\u00f4meno universal em toda a ponta \u2018mais desenvolvida\u2019 do mundo\u201d (final do \u00faltimo par\u00e1grafo do texto).<\/p>\n\n\n\n<p>Ante a fundamenta\u00e7\u00e3o acima, solicita-se a ALTERA\u00c7\u00c3O do gabarito para \u201c\u00e0 espera\u201d.<\/p>\n\n\n\n<p class=\"has-text-align-center has-cyan-bluish-gray-background-color has-background has-medium-font-size\"><strong>Saiba mais: <a href=\"https:\/\/www.estrategiaconcursos.com.br\/blog\/concurso-tj-rj\/\" target=\"_blank\" rel=\"noreferrer noopener\">concurso TJ RJ<\/a><\/strong><\/p>\n\n\n\n<h2 class=\"wp-block-heading has-text-align-center\" id=\"h-quer-saber-tudo-sobre-concursos-previstos-confira-nossos-artigos\">Quer saber tudo sobre concursos previstos?<br \/>Confira nossos artigos!<\/h2>\n\n\n\n<ul class=\"wp-block-list\">\n<li><a href=\"https:\/\/www.estrategiaconcursos.com.br\/blog\/concursos-abertos\/\" target=\"_blank\" rel=\"noreferrer noopener\">Concursos abertos<\/a><\/li>\n\n\n\n<li><a href=\"https:\/\/www.estrategiaconcursos.com.br\/blog\/concursos-2021\/\" target=\"_blank\" rel=\"noreferrer noopener\">Concursos 2021<\/a><\/li>\n\n\n\n<li><a href=\"https:\/\/www.estrategiaconcursos.com.br\/blog\/concursos-2022\/\" target=\"_blank\" rel=\"noreferrer noopener\">Concursos 2022<\/a><\/li>\n<\/ul>\n\n\n\n<h2 class=\"wp-block-heading has-text-align-center\" id=\"cursos\">Cursos e Assinaturas <\/h2>\n\n\n\n<div class=\"container\" id=\"boxes\">\n  <div class=\"row\">\n\n    <div class=\"col-sm\">\n      <div class=\"banner-tribunal\" id=\"box-assinatura\">\n        <h3 class=\"titulo-assinatura\">Curso TJ RJ<\/h3>\n        <p class=\"subtitulo-assinatura\">Conhe\u00e7a os cursos<\/p>\n        <div class=\"box-botao\">\n          <a class=\"btn-assinatura\" target=\"_blank\" href=\"https:\/\/www.estrategiaconcursos.com.br\/cursosPorConcurso\/tj-rj\/\" role=\"button\" rel=\"noopener noreferrer\">Conhe\u00e7a mais<\/a>\n        <\/div>\n      <\/div>\n      <p class=\"texto-auxiliar\"><\/p>\n    <\/div>\n\n  <\/div>\n<\/div>\n\n\n\n<div class=\"container\" id=\"boxes\">\n  <div class=\"row\">\n\n    <div class=\"col-sm\">\n      <div class=\"estrategia\" id=\"box-assinatura\">\n        <h3 class=\"titulo-assinatura\">Assinaturas<\/h3>\n        <p class=\"subtitulo-assinatura\">Assinatura de 1 ano ou 2 anos<\/p>\n        <div class=\"box-botao\">\n          <a class=\"btn-assinatura\" target=\"_blank\" href=\"https:\/\/www.estrategiaconcursos.com.br\/assinaturas\/\" role=\"button\" rel=\"noopener noreferrer\">ASSINE AGORA<\/a>\n        <\/div>\n      <\/div>\n     \n    <\/div><\/div><\/div>\n","protected":false},"excerpt":{"rendered":"<p>As provas do concurso p\u00fablico do Tribunal de Justi\u00e7a do Rio de Janeiro (TJ RJ) para T\u00e9cnico Judici\u00e1rio, aplicadas pelo Cebraspe, aceitar\u00e3o&nbsp;recursos contra os resultados entre os dias 09 e 10 de dezembro de 2021. Os&nbsp;gabaritos preliminares, inclusive, j\u00e1 foram publicados. Por isso, nosso time preparou este artigo com os recursos poss\u00edveis TJ RJ T\u00e9cnico. [&hellip;]<\/p>\n","protected":false},"author":1483,"featured_media":924601,"comment_status":"open","ping_status":"closed","sticky":false,"template":"","format":"standard","meta":{"post_tipo":"news","footnotes":""},"categories":[1984,220219],"tags":[],"tax_estado":[219982],"class_list":["post-924665","post","type-post","status-publish","format-standard","has-post-thumbnail","hentry","category-tribunais","category-noticias","tax_estado-rj"],"acf":[],"yoast_head":"<!-- This site is optimized with the Yoast SEO Premium plugin v27.2 (Yoast SEO v27.2) - https:\/\/yoast.com\/product\/yoast-seo-premium-wordpress\/ -->\n<title>Recursos poss\u00edveis TJ RJ T\u00e9cnico: confira e descubra neste p\u00f3s-prova!<\/title>\n<meta name=\"description\" content=\"Confira os recursos poss\u00edveis para o concurso p\u00fablico TJ RJ, para o cargo de T\u00e9cnico, cuja prova foi aplicada no dia 05\/12!\" \/>\n<meta name=\"robots\" content=\"index, follow, max-snippet:-1, max-image-preview:large, max-video-preview:-1\" \/>\n<link rel=\"canonical\" href=\"https:\/\/www.estrategiaconcursos.com.br\/blog\/concurso-tj-rj-tecnico-recursos\/\" \/>\n<meta property=\"og:locale\" content=\"pt_BR\" \/>\n<meta property=\"og:type\" content=\"article\" \/>\n<meta property=\"og:title\" content=\"Recursos poss\u00edveis TJ RJ T\u00e9cnico: confira e descubra neste p\u00f3s-prova!\" \/>\n<meta property=\"og:description\" content=\"Confira os recursos poss\u00edveis para o concurso p\u00fablico TJ RJ, para o cargo de T\u00e9cnico, cuja prova foi aplicada no dia 05\/12!\" \/>\n<meta property=\"og:url\" content=\"https:\/\/www.estrategiaconcursos.com.br\/blog\/concurso-tj-rj-tecnico-recursos\/\" \/>\n<meta property=\"og:site_name\" content=\"Estrat\u00e9gia Concursos\" \/>\n<meta property=\"article:published_time\" content=\"2021-12-08T00:44:47+00:00\" \/>\n<meta property=\"article:modified_time\" content=\"2023-08-10T13:53:33+00:00\" \/>\n<meta property=\"og:image\" content=\"https:\/\/dhg1h5j42swfq.cloudfront.net\/2021\/12\/07195030\/1280-720-max-10.jpg\" \/>\n\t<meta property=\"og:image:width\" content=\"1280\" \/>\n\t<meta property=\"og:image:height\" content=\"720\" \/>\n\t<meta property=\"og:image:type\" content=\"image\/jpeg\" \/>\n<meta name=\"author\" content=\"Diogo Mendes\" \/>\n<meta name=\"twitter:card\" content=\"summary_large_image\" \/>\n<meta name=\"twitter:creator\" content=\"@EstratConcursos\" \/>\n<meta name=\"twitter:site\" content=\"@EstratConcursos\" \/>\n<meta name=\"twitter:label1\" content=\"Escrito por\" \/>\n\t<meta name=\"twitter:data1\" content=\"Diogo Mendes\" \/>\n\t<meta name=\"twitter:label2\" content=\"Est. tempo de leitura\" \/>\n\t<meta name=\"twitter:data2\" content=\"3 minutos\" \/>\n<script type=\"application\/ld+json\" class=\"yoast-schema-graph\">{\"@context\":\"https:\/\/schema.org\",\"@graph\":[{\"@type\":\"NewsArticle\",\"@id\":\"https:\/\/www.estrategiaconcursos.com.br\/blog\/concurso-tj-rj-tecnico-recursos\/#article\",\"isPartOf\":{\"@id\":\"https:\/\/www.estrategiaconcursos.com.br\/blog\/concurso-tj-rj-tecnico-recursos\/\"},\"author\":{\"name\":\"Diogo Mendes\",\"@id\":\"https:\/\/www.estrategiaconcursos.com.br\/blog\/#\/schema\/person\/cc9e76173880338ce9f656c88664a1f6\"},\"headline\":\"Recursos poss\u00edveis TJ RJ T\u00e9cnico: confira e descubra neste p\u00f3s-prova!\",\"datePublished\":\"2021-12-08T00:44:47+00:00\",\"dateModified\":\"2023-08-10T13:53:33+00:00\",\"mainEntityOfPage\":{\"@id\":\"https:\/\/www.estrategiaconcursos.com.br\/blog\/concurso-tj-rj-tecnico-recursos\/\"},\"wordCount\":651,\"commentCount\":0,\"publisher\":{\"@id\":\"https:\/\/www.estrategiaconcursos.com.br\/blog\/#organization\"},\"image\":{\"@id\":\"https:\/\/www.estrategiaconcursos.com.br\/blog\/concurso-tj-rj-tecnico-recursos\/#primaryimage\"},\"thumbnailUrl\":\"https:\/\/dhg1h5j42swfq.cloudfront.net\/2021\/12\/07195030\/1280-720-max-10.jpg\",\"articleSection\":[\"Tribunais\",\"\u00daltimas not\u00edcias\"],\"inLanguage\":\"pt-BR\",\"potentialAction\":[{\"@type\":\"CommentAction\",\"name\":\"Comment\",\"target\":[\"https:\/\/www.estrategiaconcursos.com.br\/blog\/concurso-tj-rj-tecnico-recursos\/#respond\"]}],\"copyrightYear\":\"2021\",\"copyrightHolder\":{\"@id\":\"https:\/\/www.estrategiaconcursos.com.br\/blog\/#organization\"}},{\"@type\":\"WebPage\",\"@id\":\"https:\/\/www.estrategiaconcursos.com.br\/blog\/concurso-tj-rj-tecnico-recursos\/\",\"url\":\"https:\/\/www.estrategiaconcursos.com.br\/blog\/concurso-tj-rj-tecnico-recursos\/\",\"name\":\"Recursos poss\u00edveis TJ RJ T\u00e9cnico: confira e descubra neste p\u00f3s-prova!\",\"isPartOf\":{\"@id\":\"https:\/\/www.estrategiaconcursos.com.br\/blog\/#website\"},\"primaryImageOfPage\":{\"@id\":\"https:\/\/www.estrategiaconcursos.com.br\/blog\/concurso-tj-rj-tecnico-recursos\/#primaryimage\"},\"image\":{\"@id\":\"https:\/\/www.estrategiaconcursos.com.br\/blog\/concurso-tj-rj-tecnico-recursos\/#primaryimage\"},\"thumbnailUrl\":\"https:\/\/dhg1h5j42swfq.cloudfront.net\/2021\/12\/07195030\/1280-720-max-10.jpg\",\"datePublished\":\"2021-12-08T00:44:47+00:00\",\"dateModified\":\"2023-08-10T13:53:33+00:00\",\"description\":\"Confira os recursos poss\u00edveis para o concurso p\u00fablico TJ RJ, para o cargo de T\u00e9cnico, cuja prova foi aplicada no dia 05\/12!\",\"breadcrumb\":{\"@id\":\"https:\/\/www.estrategiaconcursos.com.br\/blog\/concurso-tj-rj-tecnico-recursos\/#breadcrumb\"},\"inLanguage\":\"pt-BR\",\"potentialAction\":[{\"@type\":\"ReadAction\",\"target\":[\"https:\/\/www.estrategiaconcursos.com.br\/blog\/concurso-tj-rj-tecnico-recursos\/\"]}]},{\"@type\":\"ImageObject\",\"inLanguage\":\"pt-BR\",\"@id\":\"https:\/\/www.estrategiaconcursos.com.br\/blog\/concurso-tj-rj-tecnico-recursos\/#primaryimage\",\"url\":\"https:\/\/dhg1h5j42swfq.cloudfront.net\/2021\/12\/07195030\/1280-720-max-10.jpg\",\"contentUrl\":\"https:\/\/dhg1h5j42swfq.cloudfront.net\/2021\/12\/07195030\/1280-720-max-10.jpg\",\"width\":1280,\"height\":720,\"caption\":\"Concurso TJ RJ: Confira\"},{\"@type\":\"BreadcrumbList\",\"@id\":\"https:\/\/www.estrategiaconcursos.com.br\/blog\/concurso-tj-rj-tecnico-recursos\/#breadcrumb\",\"itemListElement\":[{\"@type\":\"ListItem\",\"position\":1,\"name\":\"In\u00edcio\",\"item\":\"https:\/\/www.estrategiaconcursos.com.br\/blog\/\"},{\"@type\":\"ListItem\",\"position\":2,\"name\":\"Recursos poss\u00edveis TJ RJ T\u00e9cnico: confira e descubra neste p\u00f3s-prova!\"}]},{\"@type\":\"WebSite\",\"@id\":\"https:\/\/www.estrategiaconcursos.com.br\/blog\/#website\",\"url\":\"https:\/\/www.estrategiaconcursos.com.br\/blog\/\",\"name\":\"Estrat\u00e9gia Concursos\",\"description\":\"O blog da Estrat\u00e9gia Concursos traz not\u00edcias sobre concursos e artigos de professores oferecendo cursos para concursos (pdf + videaulas) no site.\",\"publisher\":{\"@id\":\"https:\/\/www.estrategiaconcursos.com.br\/blog\/#organization\"},\"potentialAction\":[{\"@type\":\"SearchAction\",\"target\":{\"@type\":\"EntryPoint\",\"urlTemplate\":\"https:\/\/www.estrategiaconcursos.com.br\/blog\/?s={search_term_string}\"},\"query-input\":{\"@type\":\"PropertyValueSpecification\",\"valueRequired\":true,\"valueName\":\"search_term_string\"}}],\"inLanguage\":\"pt-BR\"},{\"@type\":\"Organization\",\"@id\":\"https:\/\/www.estrategiaconcursos.com.br\/blog\/#organization\",\"name\":\"Estrat\u00e9gia Concursos\",\"url\":\"https:\/\/www.estrategiaconcursos.com.br\/blog\/\",\"logo\":{\"@type\":\"ImageObject\",\"inLanguage\":\"pt-BR\",\"@id\":\"https:\/\/www.estrategiaconcursos.com.br\/blog\/#\/schema\/logo\/image\/\",\"url\":\"https:\/\/dhg1h5j42swfq.cloudfront.net\/2025\/06\/03203428\/logo_concursos-1.jpg\",\"contentUrl\":\"https:\/\/dhg1h5j42swfq.cloudfront.net\/2025\/06\/03203428\/logo_concursos-1.jpg\",\"width\":230,\"height\":60,\"caption\":\"Estrat\u00e9gia Concursos\"},\"image\":{\"@id\":\"https:\/\/www.estrategiaconcursos.com.br\/blog\/#\/schema\/logo\/image\/\"},\"sameAs\":[\"https:\/\/x.com\/EstratConcursos\"]},{\"@type\":\"Person\",\"@id\":\"https:\/\/www.estrategiaconcursos.com.br\/blog\/#\/schema\/person\/cc9e76173880338ce9f656c88664a1f6\",\"name\":\"Diogo Mendes\",\"image\":{\"@type\":\"ImageObject\",\"inLanguage\":\"pt-BR\",\"@id\":\"https:\/\/secure.gravatar.com\/avatar\/9754d6777d460a45ef4067b586b94c32005cc2345a0404b8d96adc620cf63806?s=96&d=mm&r=g\",\"url\":\"https:\/\/secure.gravatar.com\/avatar\/9754d6777d460a45ef4067b586b94c32005cc2345a0404b8d96adc620cf63806?s=96&d=mm&r=g\",\"contentUrl\":\"https:\/\/secure.gravatar.com\/avatar\/9754d6777d460a45ef4067b586b94c32005cc2345a0404b8d96adc620cf63806?s=96&d=mm&r=g\",\"caption\":\"Diogo Mendes\"},\"description\":\"Diogo Mendes \u00e9 jornalista formado pela Universidade Paulista, com experi\u00eancia em reda\u00e7\u00f5es de diversos ve\u00edculos e na produ\u00e7\u00e3o de conte\u00fados especializados em concursos p\u00fablicos. Desde 2019, atua no Estrat\u00e9gia Concursos como Jornalista e Analista de Conte\u00fado, com foco na apura\u00e7\u00e3o de informa\u00e7\u00f5es junto a \u00f3rg\u00e3os e fontes oficiais. Dedica-se especialmente \u00e0 produ\u00e7\u00e3o de not\u00edcias e reportagens sobre Concursos Legislativos, al\u00e9m de acompanhar diariamente os concursos policiais, banc\u00e1rios e da \u00e1rea da sa\u00fade.\",\"url\":\"https:\/\/www.estrategiaconcursos.com.br\/blog\/author\/diogo-mendesestrategiaconcursos-com-br\/\"}]}<\/script>\n<!-- \/ Yoast SEO Premium plugin. -->","yoast_head_json":{"title":"Recursos poss\u00edveis TJ RJ T\u00e9cnico: confira e descubra neste p\u00f3s-prova!","description":"Confira os recursos poss\u00edveis para o concurso p\u00fablico TJ RJ, para o cargo de T\u00e9cnico, cuja prova foi aplicada no dia 05\/12!","robots":{"index":"index","follow":"follow","max-snippet":"max-snippet:-1","max-image-preview":"max-image-preview:large","max-video-preview":"max-video-preview:-1"},"canonical":"https:\/\/www.estrategiaconcursos.com.br\/blog\/concurso-tj-rj-tecnico-recursos\/","og_locale":"pt_BR","og_type":"article","og_title":"Recursos poss\u00edveis TJ RJ T\u00e9cnico: confira e descubra neste p\u00f3s-prova!","og_description":"Confira os recursos poss\u00edveis para o concurso p\u00fablico TJ RJ, para o cargo de T\u00e9cnico, cuja prova foi aplicada no dia 05\/12!","og_url":"https:\/\/www.estrategiaconcursos.com.br\/blog\/concurso-tj-rj-tecnico-recursos\/","og_site_name":"Estrat\u00e9gia Concursos","article_published_time":"2021-12-08T00:44:47+00:00","article_modified_time":"2023-08-10T13:53:33+00:00","og_image":[{"width":1280,"height":720,"url":"https:\/\/dhg1h5j42swfq.cloudfront.net\/2021\/12\/07195030\/1280-720-max-10.jpg","type":"image\/jpeg"}],"author":"Diogo Mendes","twitter_card":"summary_large_image","twitter_creator":"@EstratConcursos","twitter_site":"@EstratConcursos","twitter_misc":{"Escrito por":"Diogo Mendes","Est. tempo de leitura":"3 minutos"},"schema":{"@context":"https:\/\/schema.org","@graph":[{"@type":"NewsArticle","@id":"https:\/\/www.estrategiaconcursos.com.br\/blog\/concurso-tj-rj-tecnico-recursos\/#article","isPartOf":{"@id":"https:\/\/www.estrategiaconcursos.com.br\/blog\/concurso-tj-rj-tecnico-recursos\/"},"author":{"name":"Diogo Mendes","@id":"https:\/\/www.estrategiaconcursos.com.br\/blog\/#\/schema\/person\/cc9e76173880338ce9f656c88664a1f6"},"headline":"Recursos poss\u00edveis TJ RJ T\u00e9cnico: confira e descubra neste p\u00f3s-prova!","datePublished":"2021-12-08T00:44:47+00:00","dateModified":"2023-08-10T13:53:33+00:00","mainEntityOfPage":{"@id":"https:\/\/www.estrategiaconcursos.com.br\/blog\/concurso-tj-rj-tecnico-recursos\/"},"wordCount":651,"commentCount":0,"publisher":{"@id":"https:\/\/www.estrategiaconcursos.com.br\/blog\/#organization"},"image":{"@id":"https:\/\/www.estrategiaconcursos.com.br\/blog\/concurso-tj-rj-tecnico-recursos\/#primaryimage"},"thumbnailUrl":"https:\/\/dhg1h5j42swfq.cloudfront.net\/2021\/12\/07195030\/1280-720-max-10.jpg","articleSection":["Tribunais","\u00daltimas not\u00edcias"],"inLanguage":"pt-BR","potentialAction":[{"@type":"CommentAction","name":"Comment","target":["https:\/\/www.estrategiaconcursos.com.br\/blog\/concurso-tj-rj-tecnico-recursos\/#respond"]}],"copyrightYear":"2021","copyrightHolder":{"@id":"https:\/\/www.estrategiaconcursos.com.br\/blog\/#organization"}},{"@type":"WebPage","@id":"https:\/\/www.estrategiaconcursos.com.br\/blog\/concurso-tj-rj-tecnico-recursos\/","url":"https:\/\/www.estrategiaconcursos.com.br\/blog\/concurso-tj-rj-tecnico-recursos\/","name":"Recursos poss\u00edveis TJ RJ T\u00e9cnico: confira e descubra neste p\u00f3s-prova!","isPartOf":{"@id":"https:\/\/www.estrategiaconcursos.com.br\/blog\/#website"},"primaryImageOfPage":{"@id":"https:\/\/www.estrategiaconcursos.com.br\/blog\/concurso-tj-rj-tecnico-recursos\/#primaryimage"},"image":{"@id":"https:\/\/www.estrategiaconcursos.com.br\/blog\/concurso-tj-rj-tecnico-recursos\/#primaryimage"},"thumbnailUrl":"https:\/\/dhg1h5j42swfq.cloudfront.net\/2021\/12\/07195030\/1280-720-max-10.jpg","datePublished":"2021-12-08T00:44:47+00:00","dateModified":"2023-08-10T13:53:33+00:00","description":"Confira os recursos poss\u00edveis para o concurso p\u00fablico TJ RJ, para o cargo de T\u00e9cnico, cuja prova foi aplicada no dia 05\/12!","breadcrumb":{"@id":"https:\/\/www.estrategiaconcursos.com.br\/blog\/concurso-tj-rj-tecnico-recursos\/#breadcrumb"},"inLanguage":"pt-BR","potentialAction":[{"@type":"ReadAction","target":["https:\/\/www.estrategiaconcursos.com.br\/blog\/concurso-tj-rj-tecnico-recursos\/"]}]},{"@type":"ImageObject","inLanguage":"pt-BR","@id":"https:\/\/www.estrategiaconcursos.com.br\/blog\/concurso-tj-rj-tecnico-recursos\/#primaryimage","url":"https:\/\/dhg1h5j42swfq.cloudfront.net\/2021\/12\/07195030\/1280-720-max-10.jpg","contentUrl":"https:\/\/dhg1h5j42swfq.cloudfront.net\/2021\/12\/07195030\/1280-720-max-10.jpg","width":1280,"height":720,"caption":"Concurso TJ RJ: Confira"},{"@type":"BreadcrumbList","@id":"https:\/\/www.estrategiaconcursos.com.br\/blog\/concurso-tj-rj-tecnico-recursos\/#breadcrumb","itemListElement":[{"@type":"ListItem","position":1,"name":"In\u00edcio","item":"https:\/\/www.estrategiaconcursos.com.br\/blog\/"},{"@type":"ListItem","position":2,"name":"Recursos poss\u00edveis TJ RJ T\u00e9cnico: confira e descubra neste p\u00f3s-prova!"}]},{"@type":"WebSite","@id":"https:\/\/www.estrategiaconcursos.com.br\/blog\/#website","url":"https:\/\/www.estrategiaconcursos.com.br\/blog\/","name":"Estrat\u00e9gia Concursos","description":"O blog da Estrat\u00e9gia Concursos traz not\u00edcias sobre concursos e artigos de professores oferecendo cursos para concursos (pdf + videaulas) no site.","publisher":{"@id":"https:\/\/www.estrategiaconcursos.com.br\/blog\/#organization"},"potentialAction":[{"@type":"SearchAction","target":{"@type":"EntryPoint","urlTemplate":"https:\/\/www.estrategiaconcursos.com.br\/blog\/?s={search_term_string}"},"query-input":{"@type":"PropertyValueSpecification","valueRequired":true,"valueName":"search_term_string"}}],"inLanguage":"pt-BR"},{"@type":"Organization","@id":"https:\/\/www.estrategiaconcursos.com.br\/blog\/#organization","name":"Estrat\u00e9gia Concursos","url":"https:\/\/www.estrategiaconcursos.com.br\/blog\/","logo":{"@type":"ImageObject","inLanguage":"pt-BR","@id":"https:\/\/www.estrategiaconcursos.com.br\/blog\/#\/schema\/logo\/image\/","url":"https:\/\/dhg1h5j42swfq.cloudfront.net\/2025\/06\/03203428\/logo_concursos-1.jpg","contentUrl":"https:\/\/dhg1h5j42swfq.cloudfront.net\/2025\/06\/03203428\/logo_concursos-1.jpg","width":230,"height":60,"caption":"Estrat\u00e9gia Concursos"},"image":{"@id":"https:\/\/www.estrategiaconcursos.com.br\/blog\/#\/schema\/logo\/image\/"},"sameAs":["https:\/\/x.com\/EstratConcursos"]},{"@type":"Person","@id":"https:\/\/www.estrategiaconcursos.com.br\/blog\/#\/schema\/person\/cc9e76173880338ce9f656c88664a1f6","name":"Diogo Mendes","image":{"@type":"ImageObject","inLanguage":"pt-BR","@id":"https:\/\/secure.gravatar.com\/avatar\/9754d6777d460a45ef4067b586b94c32005cc2345a0404b8d96adc620cf63806?s=96&d=mm&r=g","url":"https:\/\/secure.gravatar.com\/avatar\/9754d6777d460a45ef4067b586b94c32005cc2345a0404b8d96adc620cf63806?s=96&d=mm&r=g","contentUrl":"https:\/\/secure.gravatar.com\/avatar\/9754d6777d460a45ef4067b586b94c32005cc2345a0404b8d96adc620cf63806?s=96&d=mm&r=g","caption":"Diogo Mendes"},"description":"Diogo Mendes \u00e9 jornalista formado pela Universidade Paulista, com experi\u00eancia em reda\u00e7\u00f5es de diversos ve\u00edculos e na produ\u00e7\u00e3o de conte\u00fados especializados em concursos p\u00fablicos. Desde 2019, atua no Estrat\u00e9gia Concursos como Jornalista e Analista de Conte\u00fado, com foco na apura\u00e7\u00e3o de informa\u00e7\u00f5es junto a \u00f3rg\u00e3os e fontes oficiais. Dedica-se especialmente \u00e0 produ\u00e7\u00e3o de not\u00edcias e reportagens sobre Concursos Legislativos, al\u00e9m de acompanhar diariamente os concursos policiais, banc\u00e1rios e da \u00e1rea da sa\u00fade.","url":"https:\/\/www.estrategiaconcursos.com.br\/blog\/author\/diogo-mendesestrategiaconcursos-com-br\/"}]}},"_links":{"self":[{"href":"https:\/\/www.estrategiaconcursos.com.br\/blog\/wp-json\/wp\/v2\/posts\/924665","targetHints":{"allow":["GET"]}}],"collection":[{"href":"https:\/\/www.estrategiaconcursos.com.br\/blog\/wp-json\/wp\/v2\/posts"}],"about":[{"href":"https:\/\/www.estrategiaconcursos.com.br\/blog\/wp-json\/wp\/v2\/types\/post"}],"author":[{"embeddable":true,"href":"https:\/\/www.estrategiaconcursos.com.br\/blog\/wp-json\/wp\/v2\/users\/1483"}],"replies":[{"embeddable":true,"href":"https:\/\/www.estrategiaconcursos.com.br\/blog\/wp-json\/wp\/v2\/comments?post=924665"}],"version-history":[{"count":6,"href":"https:\/\/www.estrategiaconcursos.com.br\/blog\/wp-json\/wp\/v2\/posts\/924665\/revisions"}],"predecessor-version":[{"id":1262854,"href":"https:\/\/www.estrategiaconcursos.com.br\/blog\/wp-json\/wp\/v2\/posts\/924665\/revisions\/1262854"}],"wp:featuredmedia":[{"embeddable":true,"href":"https:\/\/www.estrategiaconcursos.com.br\/blog\/wp-json\/wp\/v2\/media\/924601"}],"wp:attachment":[{"href":"https:\/\/www.estrategiaconcursos.com.br\/blog\/wp-json\/wp\/v2\/media?parent=924665"}],"wp:term":[{"taxonomy":"category","embeddable":true,"href":"https:\/\/www.estrategiaconcursos.com.br\/blog\/wp-json\/wp\/v2\/categories?post=924665"},{"taxonomy":"post_tag","embeddable":true,"href":"https:\/\/www.estrategiaconcursos.com.br\/blog\/wp-json\/wp\/v2\/tags?post=924665"},{"taxonomy":"tax_estado","embeddable":true,"href":"https:\/\/www.estrategiaconcursos.com.br\/blog\/wp-json\/wp\/v2\/tax_estado?post=924665"}],"curies":[{"name":"wp","href":"https:\/\/api.w.org\/{rel}","templated":true}]}}