{"id":923743,"date":"2021-12-17T08:10:00","date_gmt":"2021-12-17T11:10:00","guid":{"rendered":"https:\/\/www.estrategiaconcursos.com.br\/blog\/?p=923743"},"modified":"2022-09-01T16:34:43","modified_gmt":"2022-09-01T19:34:43","slug":"principios-dos-servicos-publicos","status":"publish","type":"post","link":"https:\/\/www.estrategiaconcursos.com.br\/blog\/principios-dos-servicos-publicos\/","title":{"rendered":"Princ\u00edpios dos Servi\u00e7os P\u00fablicos"},"content":{"rendered":"\n<h2 class=\"wp-block-heading\" id=\"h-conceitos-iniciais\"><strong>Conceitos Iniciais<\/strong><\/h2>\n\n\n\n<p>Este artigo possui o objetivo de demonstrar e explicar os <strong>princ\u00edpios espec\u00edficos do servi\u00e7o p\u00fablico<\/strong>, e como a doutrina e jurisprud\u00eancia moldaram esses princ\u00edpios.<\/p>\n\n\n\n<p>A administra\u00e7\u00e3o p\u00fablica possui princ\u00edpios pr\u00f3prios e que abrangem todas as suas atividades, sendo dois princ\u00edpios basilares: a <strong>supremacia do interesse p\u00fablico<\/strong>, que estabelece a necessidade de colocar o bem-estar da coletividade de forma primordial em rela\u00e7\u00e3o ao interesse particular de cada um, bem como a <strong>indisponibilidade do interesse p\u00fablico<\/strong>, que \u00e9 a <strong>impossibilidade<\/strong> de a administra\u00e7\u00e3o p\u00fablica <strong>livremente dispor<\/strong> dos interesses da coletividade, sendo a administra\u00e7\u00e3o p\u00fablica meramente a <strong>guardi\u00e3<\/strong> deles, a <strong>respons\u00e1vel <\/strong>por sua <strong>cust\u00f3dia.<\/strong><\/p>\n\n\n\n<p>Al\u00e9m destes <strong>princ\u00edpios<\/strong> que relacionam a administra\u00e7\u00e3o p\u00fablica ao <strong>interesse p\u00fablico prim\u00e1rio<\/strong> (os interesses da coletividade), h\u00e1 <strong>princ\u00edpios gerais<\/strong> que a <a href=\"http:\/\/www.planalto.gov.br\/ccivil_03\/constituicao\/constituicao.htm\">Constitui\u00e7\u00e3o Federal de 1988 (CF\/88)<\/a> estabelece: a <strong>legalidade, <\/strong>a <strong>impessoalidade<\/strong>, a <strong>moralidade<\/strong>, a <strong>publicidade<\/strong> e a <strong>efici\u00eancia.<\/strong><\/p>\n\n\n\n<p>Estes <strong>princ\u00edpios gerais <\/strong>se aplicam \u00e0 administra\u00e7\u00e3o p\u00fablica em todas as suas atividades, de <strong>maneira geral<\/strong>. \u00c9, por assim dizer, a <strong>marca <\/strong>que o setor p\u00fablico brasileiro imp\u00f5e em todas as atividades que exerce, de forma a estabelecer um padr\u00e3o na qualidade de sua atua\u00e7\u00e3o.<\/p>\n\n\n\n<p>Entre as diversas atividades prestadas pela administra\u00e7\u00e3o p\u00fablica, existe o <strong>servi\u00e7o p\u00fablico<\/strong>: \u201c<em>atividade ou comodidade material fru\u00edvel diretamente pelo usu\u00e1rio, que possa ser remunerado por meio de taxa ou pre\u00e7o p\u00fablico, inclusive tarifa<\/em>\u201d<em>. <\/em>Esta defini\u00e7\u00e3o vem do <a href=\"http:\/\/www.planalto.gov.br\/ccivil_03\/_ato2007-2010\/2007\/decreto\/d6017.htm\">Decreto n. 6017\/2007<\/a> e da <a href=\"http:\/\/www.planalto.gov.br\/ccivil_03\/_ato2015-2018\/2017\/lei\/l13460.htm\">lei n. 13460\/2017<\/a>.<\/p>\n\n\n\n<p>E tais servi\u00e7os p\u00fablicos, al\u00e9m de serem express\u00e3o direta dos princ\u00edpios gerais do direito administrativo, possuem alguns <strong>princ\u00edpios espec\u00edficos<\/strong> pr\u00f3prios que s\u00e3o, por assim dizer: os <strong>princ\u00edpios <\/strong>da <strong>continuidade, <\/strong>da <strong>generalidade<\/strong>, da <strong>atualidade<\/strong>, da <strong>modicidade das tarifas<\/strong>, da <strong>cortesia<\/strong>, e da <strong>seguran\u00e7a<\/strong> \u2013 oriundos da <a href=\"http:\/\/www.planalto.gov.br\/ccivil_03\/leis\/l8987cons.htm\">lei n. 8987\/1995<\/a>, que prev\u00ea esses requisitos ao servi\u00e7o adequado.<\/p>\n\n\n\n<p>Como os princ\u00edpios gerais s\u00e3o amplamente conhecidos, este artigo ir\u00e1 focalizar os <strong>princ\u00edpios espec\u00edficos<\/strong> da presta\u00e7\u00e3o do <strong>servi\u00e7o p\u00fablico, <\/strong>por se tratarem de princ\u00edpios menos abordados no direito administrativo \u2013 mas de <strong>singular import\u00e2ncia<\/strong> para a adequada presta\u00e7\u00e3o dos servi\u00e7os p\u00fablicos.<\/p>\n\n\n\n<h2 class=\"wp-block-heading\" id=\"h-o-principio-da-continuidade-nos-servicos-publicos\"><strong>O princ\u00edpio da continuidade<\/strong> nos servi\u00e7os p\u00fablicos<\/h2>\n\n\n\n<p>A <strong>continuidade<\/strong> tamb\u00e9m \u00e9 conhecida como o <strong>princ\u00edpio da perman\u00eancia<\/strong>, que prev\u00ea que os servi\u00e7os p\u00fablicos n\u00e3o podem sofrer <strong>interrup\u00e7\u00f5es<\/strong>, ou seja, devem ser prestados em car\u00e1ter de <strong>continuidade<\/strong>, salvo algumas <strong>exce\u00e7\u00f5es<\/strong> em <strong>casos excepcionais.<\/strong><\/p>\n\n\n\n<p>O princ\u00edpio da <strong>continuidade<\/strong> n\u00e3o somente vincula o poder p\u00fablico, mas tamb\u00e9m os <strong>particulares<\/strong>, visto que as <strong>empresas privadas <\/strong>com a delega\u00e7\u00e3o da presta\u00e7\u00e3o de servi\u00e7os p\u00fablicos <strong>n\u00e3o podem alegar<\/strong> \u201c<em>exceptio non adimplenti contractus\u201d <\/em>(a <strong>exce\u00e7\u00e3o do contrato n\u00e3o cumprido<\/strong>), diferentemente do que estas empresas fariam em uma rela\u00e7\u00e3o contratual entre particulares \u2013 em que essa exce\u00e7\u00e3o pode ser invocada, quando uma das partes n\u00e3o cumpre com suas obriga\u00e7\u00f5es.<\/p>\n\n\n\n<p>As exce\u00e7\u00f5es \u00e0 <strong>continuidade <\/strong>do servi\u00e7o p\u00fablico est\u00e3o presentes em <strong>situa\u00e7\u00f5es emergenciais<\/strong>, como quedas de energia el\u00e9trica decorrentes de <strong>tempestades <\/strong>ou outras situa\u00e7\u00f5es de <strong>caso fortuito <\/strong>ou <strong>for\u00e7a maior<\/strong>, que s\u00e3o justificadas por sua <strong>imprevisibilidade<\/strong> e <strong>car\u00e1ter epis\u00f3dico<\/strong>.<\/p>\n\n\n\n<p>Outra exce\u00e7\u00e3o \u00e9 a interrup\u00e7\u00e3o por<strong> aviso pr\u00e9vio<\/strong>, quando justificada por <strong>raz\u00f5es de ordem t\u00e9cnica<\/strong>, em fun\u00e7\u00e3o de <strong>manuten\u00e7\u00f5es <\/strong>para seguran\u00e7a ou mesmo melhor funcionamento do sistema, seja em manuten\u00e7\u00e3o da rede de energia el\u00e9trica, ou na rede de \u00e1gua e esgoto, ou mesmo na rede de transportes p\u00fablicos de trens e metr\u00f4, para dar alguns exemplos.<\/p>\n\n\n\n<p>O <strong>aviso pr\u00e9vio <\/strong>tamb\u00e9m \u00e9 necess\u00e1rio quando h\u00e1 <strong>inadimpl\u00eancia<\/strong> do <strong>usu\u00e1rio<\/strong>, o que se d\u00e1 para <strong>priorizar a coletividade<\/strong>, que n\u00e3o pode ser prejudicadana presta\u00e7\u00e3o dos servi\u00e7os em fun\u00e7\u00e3o do <strong>n\u00e3o pagamento em dia<\/strong> dos usu\u00e1rios que n\u00e3o arcam com as obriga\u00e7\u00f5es de forma pontual.<\/p>\n\n\n\n<p>A jurisprud\u00eancia dos tribunais superiores, notadamente a do Superior Tribunal de Justi\u00e7a (STJ) tamb\u00e9m j\u00e1 estabeleceu que <strong>nem sempre <\/strong>os servi\u00e7os prestados ao <strong>usu\u00e1rio inadimplente<\/strong> poder\u00e3o ser <strong>interrompidos<\/strong>. Na jurisprud\u00eancia do STJ, o <strong>corte <\/strong>no fornecimento de <strong>energia el\u00e9trica<\/strong> em raz\u00e3o de <strong>d\u00e9bito irris\u00f3rio \u00e9 ileg\u00edtimo. <\/strong>Da mesma forma, o <strong>corte <\/strong>pressup\u00f5e o <strong>inadimplemento <\/strong>da conta relativa ao <strong>m\u00eas do consumo<\/strong>, sendo <strong>invi\u00e1vel a suspens\u00e3o <\/strong>do abastecimento por <strong>d\u00e9bitos antigos.<\/strong><\/p>\n\n\n\n<p>Outra situa\u00e7\u00e3o abordada pelo STJ \u00e9 o desvio de energia vulgarmente conhecido como \u201cgato\u201d. Na jurisprud\u00eancia do STJ, \u00e9 <strong>ileg\u00edtimo <\/strong>o <strong>corte <\/strong>no fornecimento de energia quando o d\u00e9bito decorrer de suposta fraude no medidor de energia apurada <strong>unilateralmente<\/strong> pela concession\u00e1ria. Antes do corte, deve ser oportunizado o <strong>contradit\u00f3rio e ampla defesa <\/strong>ao usu\u00e1rio.<\/p>\n\n\n\n<figure class=\"wp-block-image size-large\"><img loading=\"lazy\" decoding=\"async\" width=\"1024\" height=\"681\" src=\"https:\/\/dhg1h5j42swfq.cloudfront.net\/2021\/12\/06193452\/voltage-4887133-1024x681.jpg\" alt=\"O corte de energia n\u00e3o pode ser realizado quando o d\u00e9bito \u00e9 irris\u00f3rio. \" class=\"wp-image-923754\" srcset=\"https:\/\/dhg1h5j42swfq.cloudfront.net\/2021\/12\/06193452\/voltage-4887133-1024x681.jpg 1024w, https:\/\/dhg1h5j42swfq.cloudfront.net\/2021\/12\/06193452\/voltage-4887133-300x199.jpg 300w, https:\/\/dhg1h5j42swfq.cloudfront.net\/2021\/12\/06193452\/voltage-4887133-768x511.jpg 768w, https:\/\/dhg1h5j42swfq.cloudfront.net\/2021\/12\/06193452\/voltage-4887133-1536x1021.jpg 1536w, https:\/\/dhg1h5j42swfq.cloudfront.net\/2021\/12\/06193452\/voltage-4887133-2048x1362.jpg 2048w, https:\/\/dhg1h5j42swfq.cloudfront.net\/2021\/12\/06193452\/voltage-4887133-610x406.jpg 610w\" sizes=\"auto, (max-width: 1024px) 100vw, 1024px\" \/><figcaption>O corte de energia n\u00e3o pode ser realizado quando o d\u00e9bito \u00e9 irris\u00f3rio. Al\u00e9m disso, \u00e9 necess\u00e1rio pr\u00e9vio aviso ao usu\u00e1rio inadimplente<\/figcaption><\/figure>\n\n\n\n<h2 class=\"wp-block-heading\" id=\"h-os-principios-da-generalidade-e-atualidade-nos-servicos-publicos\"><strong>Os princ\u00edpios da generalidade e atualidade<\/strong> nos servi\u00e7os p\u00fablicos<\/h2>\n\n\n\n<p>Os princ\u00edpios da <strong>generalidade e atualidade <\/strong>s\u00e3o aplicados no sentido de prestar servi\u00e7os da forma mais <strong>equ\u00e2nime<\/strong> \u00e0 sociedade visando garantir <strong>atualiza\u00e7\u00e3o <\/strong>constante, respectivamente.<\/p>\n\n\n\n<p>A <strong>generalidade<\/strong> visualiza a sociedade como um todo, sendo que os servi\u00e7os p\u00fablicos precisam ser prestados de forma <strong>padronizada<\/strong> para a popula\u00e7\u00e3o. Quer dizer, a presta\u00e7\u00e3o de servi\u00e7os p\u00fablicos deve ser realizada de forma igual, ison\u00f4mica \u2013 ou melhor, neutra, para que <strong>n\u00e3o haja prefer\u00eancias ou tratamentos especiais<\/strong> entre <strong>usu\u00e1rios<\/strong> que estejam nas <strong>mesmas condi\u00e7\u00f5es t\u00e9cnicas e jur\u00eddicas<\/strong> (salvo, evidentemente, situa\u00e7\u00f5es em que se presta assist\u00eancia especial a <strong>deficientes f\u00edsicos<\/strong> ou <strong>idosos<\/strong>).<\/p>\n\n\n\n<p>A <strong>generalidade<\/strong> tamb\u00e9m \u00e9 chamada de <strong>universalidade<\/strong>, no sentido em que visa atender ao maior n\u00famero de usu\u00e1rios poss\u00edvel, objetivando a presta\u00e7\u00e3o de servi\u00e7os com a <strong>m\u00e1xima amplitude<\/strong>. Buscando o j\u00e1 bem divulgado <strong>Arist\u00f3teles<\/strong>, em sua ideia de que os iguais devem ser tratados na <strong>medida de suas igualdades<\/strong> e os <strong>desiguais na medida em que se desigualam. <\/strong>Dessa maneira, a exist\u00eancia de <strong>faixas distintas<\/strong> de <strong>tarifas <\/strong>e <strong>gratuidade<\/strong> aos <strong>maiores de 65 anos<\/strong> nos transportes coletivos <strong>n\u00e3o ofendem <\/strong>o princ\u00edpio da <strong>universalidade<\/strong>.<\/p>\n\n\n\n<p>O princ\u00edpio da <strong>atualidade<\/strong>, por sua vez, demanda que os servi\u00e7os p\u00fablicos sejam continuamente <strong>adequados<\/strong> ao <strong>momento<\/strong>, para que <strong>n\u00e3o fiquem defasados<\/strong>. Este princ\u00edpio determina que o servi\u00e7o p\u00fablico seja <strong>constantemente aperfei\u00e7oado<\/strong>, sendo tamb\u00e9m conhecido como o princ\u00edpio da <strong>mutabilidade.<\/strong><\/p>\n\n\n\n<p>Este princ\u00edpio guarda um paralelo com a <strong>efici\u00eancia<\/strong>, ainda que com ela n\u00e3o se confunda, sendo que a <strong>atualidade <\/strong>engloba a <strong>modernidade<\/strong> das t\u00e9cnicas, do equipamento, das instala\u00e7\u00f5es e sua respectiva conserva\u00e7\u00e3o, bem como as <strong>melhorias<\/strong> e <strong>expans\u00e3o <\/strong>(no sentido de promover um avan\u00e7o, uma antecipa\u00e7\u00e3o de necessidades futuras) do servi\u00e7o. Parte da doutrina majorit\u00e1ria reconhece no princ\u00edpio da <strong>atualidade<\/strong> uma certa rela\u00e7\u00e3o com outro princ\u00edpio, o do <strong>progresso.<\/strong> A <strong>atualidade <\/strong>e <strong>efici\u00eancia, <\/strong>aliadas ao princ\u00edpio do <strong>progresso<\/strong>, nesse sentido, formariam um <strong>corol\u00e1rio<\/strong>, que por sua vez se traduziria em um <strong>direito fundamental<\/strong> do usu\u00e1rio de ter uma presta\u00e7\u00e3o de servi\u00e7o p\u00fablico que evolu\u00edsse continuamente.<\/p>\n\n\n\n<h2 class=\"wp-block-heading\" id=\"h-o-principio-da-modicidade-das-tarifas-nos-servicos-publicos\"><strong>O princ\u00edpio da modicidade das tarifas<\/strong> nos servi\u00e7os p\u00fablicos<\/h2>\n\n\n\n<p>Esse princ\u00edpio relaciona os <strong>prestadores<\/strong> dos <strong>servi\u00e7os p\u00fablicos<\/strong> e a <strong>popula\u00e7\u00e3o<\/strong>. Aqueles porque devem ser remunerados de maneira razo\u00e1vel e estes porque n\u00e3o devem ser onerados de forma excessiva.<\/p>\n\n\n\n<p>O princ\u00edpio da <strong>modicidade das tarifas<\/strong> busca relacionar as duas pontas e encontrar valores de tarifa de servi\u00e7os p\u00fablicos que representem <strong>valores que atraiam<\/strong> os <strong>prestadores<\/strong> para a atividade ao mesmo tempo em que n\u00e3o perde de vista que o servi\u00e7o p\u00fablico prestado \u00e0 <strong>coletividade<\/strong> deve ser de tal forma <strong>acess\u00edvel<\/strong> para assegurar um valor barato a todos.<\/p>\n\n\n\n<p>Nem sempre \u00e9 f\u00e1cil chegar a um denominador comum no que se refere \u00e0 <strong>modicidade das tarifas<\/strong>. Al\u00e9m das quest\u00f5es referentes \u00e0s tarifas para segmentos como o dos <strong>idosos, <\/strong>h\u00e1 tamb\u00e9m um movimento que, enquadrando os servi\u00e7os p\u00fablicos em conceito de <strong>direitos fundamentais,<\/strong> trata de <strong>universalizar<\/strong> esses servi\u00e7os atrav\u00e9s de <strong>programas sociais<\/strong>, como a <strong>Tarifa Social de Energia El\u00e9trica<\/strong> \u2013 uma tarifa especial com desconto para fam\u00edlias de baixa renda.<\/p>\n\n\n\n<p>Situa\u00e7\u00f5es como as expostas acima, enquanto tratam de atender a uma parcela cada vez maior da popula\u00e7\u00e3o, no sentido de atingir a <strong>totalidade<\/strong>, representam um <strong>desafio <\/strong>adicional no sentido de possibilitar ao <strong>prestador <\/strong>uma <strong>remunera\u00e7\u00e3o <\/strong>que ainda seja <strong>vantajosa<\/strong> e <strong>sustent\u00e1vel<\/strong> para que ele continue a exercer sua presta\u00e7\u00e3o de servi\u00e7os p\u00fablicos.<\/p>\n\n\n\n<p>Nos \u00faltimos anos houve avan\u00e7os nessas quest\u00f5es com f\u00f3rmulas de remunera\u00e7\u00e3o que v\u00e3o da <strong>institui\u00e7\u00e3o de receitas acess\u00f3rias<\/strong>, que s\u00e3o <strong>receitas adicionais<\/strong> que podem ser exploradas al\u00e9m das receitas das tarifas ou pre\u00e7os p\u00fablicos \u2013 um exemplo disso s\u00e3o as <strong>receitas de publicidade<\/strong> de espa\u00e7os p\u00fablicos, como rodovi\u00e1rias, terminais de \u00f4nibus e trens, como <strong>receitas de loca\u00e7\u00f5es de espa\u00e7os.<\/strong><\/p>\n\n\n\n<p>Outro exemplo \u00e9 a pr\u00f3pria <strong>modelagem <\/strong>dos <strong>projetos<\/strong> de concess\u00e3o de servi\u00e7os p\u00fablicos, que passou a assimilar o conceito de <strong>concess\u00f5es especiais<\/strong>, como as <strong>parcerias p\u00fablico-privadas (PPPs),<\/strong> com suas modalidades concess\u00e3o <strong>patrocinada<\/strong>, em que o poder p\u00fablico <strong>complementa<\/strong> receita do prestador com um valor adicional al\u00e9m das tarifas cobradas dos usu\u00e1rios e a concess\u00e3o <strong>administrativa, <\/strong>em que o poder p\u00fablico para a <strong>contrapresta\u00e7\u00e3o<\/strong> ao prestador sem a cobran\u00e7a de tarifas \u2013 como \u00e9 poss\u00edvel ver em <strong>hospitais<\/strong> e <strong>pres\u00eddios<\/strong>.<\/p>\n\n\n\n<figure class=\"wp-block-image size-large\"><img loading=\"lazy\" decoding=\"async\" width=\"1024\" height=\"768\" src=\"https:\/\/dhg1h5j42swfq.cloudfront.net\/2021\/12\/06194707\/hospital-2493366-1024x768.jpg\" alt=\"Os servi\u00e7os p\u00fablicos podem ser concedidos em concess\u00f5es especiais, como as PPPs\" class=\"wp-image-923760\" srcset=\"https:\/\/dhg1h5j42swfq.cloudfront.net\/2021\/12\/06194707\/hospital-2493366-1024x768.jpg 1024w, https:\/\/dhg1h5j42swfq.cloudfront.net\/2021\/12\/06194707\/hospital-2493366-300x225.jpg 300w, https:\/\/dhg1h5j42swfq.cloudfront.net\/2021\/12\/06194707\/hospital-2493366-768x576.jpg 768w, https:\/\/dhg1h5j42swfq.cloudfront.net\/2021\/12\/06194707\/hospital-2493366-1536x1152.jpg 1536w, https:\/\/dhg1h5j42swfq.cloudfront.net\/2021\/12\/06194707\/hospital-2493366-2048x1536.jpg 2048w, https:\/\/dhg1h5j42swfq.cloudfront.net\/2021\/12\/06194707\/hospital-2493366-610x458.jpg 610w\" sizes=\"auto, (max-width: 1024px) 100vw, 1024px\" \/><figcaption>Os servi\u00e7os p\u00fablicos podem ser concedidos em concess\u00f5es especiais, como as PPPs<\/figcaption><\/figure>\n\n\n\n<h2 class=\"wp-block-heading\" id=\"h-os-principios-da-cortesia-e-da-seguranca-nos-servicos-publicos\"><strong>Os princ\u00edpios da cortesia e da seguran\u00e7a<\/strong> nos servi\u00e7os p\u00fablicos<\/h2>\n\n\n\n<p>A <strong>cortesia<\/strong>, tamb\u00e9m conhecida como <strong>urbanidade<\/strong>, \u00e9 um princ\u00edpio que compreende a conviv\u00eancia entre os prestadores de servi\u00e7os p\u00fablicos e a popula\u00e7\u00e3o em geral. Este princ\u00edpio prev\u00ea uma <strong>intera\u00e7\u00e3o <\/strong>entre essas duas partes que precisam encontrar a melhor presta\u00e7\u00e3o de servi\u00e7os poss\u00edvel e a um custo que n\u00e3o torne <strong>invi\u00e1vel <\/strong>essa presta\u00e7\u00e3o.<\/p>\n\n\n\n<p>A <strong>cortesia <\/strong>envolve um <strong>bom atendimento<\/strong>, com <strong>urbanidade<\/strong>, com <strong>respeito<\/strong> e <strong>educa\u00e7\u00e3o<\/strong>, enfim, valores que possibilitem uma <strong>comunica\u00e7\u00e3o<\/strong> entre prestadores e a popula\u00e7\u00e3o que fa\u00e7am <strong>melhorar a rela\u00e7\u00e3o<\/strong> entre os dois, e que <strong>minimizem atritos<\/strong> decorrentes de imprevistos que possam atrapalhar a adequada presta\u00e7\u00e3o dos servi\u00e7os p\u00fablicos.<\/p>\n\n\n\n<p>Parece simples, mas do lado da popula\u00e7\u00e3o est\u00e3o os que entendem cada vez mais os servi\u00e7os p\u00fablicos como um <strong>direito subjetivo<\/strong>, o que presume, quase sempre, que a popula\u00e7\u00e3o esperar\u00e1 a receber a presta\u00e7\u00e3o do servi\u00e7o em finais de semana e feriados, independentemente da ocasi\u00e3o.<\/p>\n\n\n\n<p>Do lado das concession\u00e1rias de servi\u00e7os p\u00fablicos, isso demanda criatividade no planejamento das atividades, pois a depender do dia ser\u00e1 exigida uma presta\u00e7\u00e3o mais consistente (o que ir\u00e1 demandar uma equipe maior) ou uma presta\u00e7\u00e3o de servi\u00e7os mais intermitente (como a frequ\u00eancia de trens no feriado de Natal, por exemplo).<\/p>\n\n\n\n<p>O princ\u00edpio da <strong>seguran\u00e7a<\/strong> nos servi\u00e7os p\u00fablicos <strong>exige<\/strong> que os servi\u00e7os precisam ser prestados <strong>sem riscos ao usu\u00e1rio, <\/strong>cabendo ao prestador tomar as <strong>provid\u00eancias necess\u00e1rias<\/strong> para <strong>minimizar <\/strong>esses <strong>riscos. <\/strong>Tais medidas podem envolver instalar marca\u00e7\u00f5es emborrachadas nas esta\u00e7\u00f5es de metr\u00f4, para guiar os <strong>portadores de defici\u00eancia visual. <\/strong>Outra medida s\u00e3o as marca\u00e7\u00f5es em <strong>Braille<\/strong> em esta\u00e7\u00f5es de metr\u00f4 e terminais de \u00f4nibus para os deficientes visuais. H\u00e1 ainda as <strong>adapta\u00e7\u00f5es<\/strong> visando \u00e0 <strong>acessibilidade<\/strong> nas entradas de <strong>deficientes f\u00edsicos<\/strong> em hospitais, escolas e outros estabelecimentos p\u00fablicos em geral, ou de ve\u00edculos de transporte p\u00fablico. Ainda em ve\u00edculos de <strong>transporte p\u00fablico<\/strong>, a recomenda\u00e7\u00e3o de se levar <strong>bicicletas<\/strong> nos <strong>\u00faltimos vag\u00f5es<\/strong> dos <strong>trens<\/strong> e at\u00e9 mesmo <strong>bichos de estima\u00e7\u00e3o fora<\/strong> dos <strong>hor\u00e1rios<\/strong> de <strong>pico<\/strong> nos trens.<\/p>\n\n\n\n<figure class=\"wp-block-image size-large\"><img loading=\"lazy\" decoding=\"async\" width=\"1024\" height=\"576\" src=\"https:\/\/dhg1h5j42swfq.cloudfront.net\/2021\/12\/06195110\/train-3607187-1024x576.jpg\" alt=\"A seguran\u00e7a nos servi\u00e7os p\u00fablicos pode ser vista nas disposi\u00e7\u00f5es da presta\u00e7\u00e3o dos servi\u00e7os do metr\u00f4\" class=\"wp-image-923763\" srcset=\"https:\/\/dhg1h5j42swfq.cloudfront.net\/2021\/12\/06195110\/train-3607187-1024x576.jpg 1024w, https:\/\/dhg1h5j42swfq.cloudfront.net\/2021\/12\/06195110\/train-3607187-300x169.jpg 300w, https:\/\/dhg1h5j42swfq.cloudfront.net\/2021\/12\/06195110\/train-3607187-768x432.jpg 768w, https:\/\/dhg1h5j42swfq.cloudfront.net\/2021\/12\/06195110\/train-3607187-1536x864.jpg 1536w, https:\/\/dhg1h5j42swfq.cloudfront.net\/2021\/12\/06195110\/train-3607187-2048x1152.jpg 2048w, https:\/\/dhg1h5j42swfq.cloudfront.net\/2021\/12\/06195110\/train-3607187-610x343.jpg 610w\" sizes=\"auto, (max-width: 1024px) 100vw, 1024px\" \/><figcaption>A seguran\u00e7a nos servi\u00e7os p\u00fablicos pode ser vista nas disposi\u00e7\u00f5es da presta\u00e7\u00e3o dos servi\u00e7os do metr\u00f4<\/figcaption><\/figure>\n\n\n\n<h2 class=\"wp-block-heading\" id=\"h-conclusoes\"><strong>Conclus\u00f5es<\/strong><\/h2>\n\n\n\n<p>Neste artigo foi poss\u00edvel demonstrar que existem, al\u00e9m dos princ\u00edpios da administra\u00e7\u00e3o p\u00fablica, que compreendem todo o escopo estatal, princ\u00edpios espec\u00edficos que norteiam a presta\u00e7\u00e3o dos servi\u00e7os p\u00fablicos.<\/p>\n\n\n\n<p>Ainda que os princ\u00edpios de legalidade, impessoalidade, moralidade, publicidade e efici\u00eancia estejam presentes em todas as atividades que pressup\u00f5em a presen\u00e7a do Estado, existem ainda outros princ\u00edpios que s\u00e3o aplic\u00e1veis \u00e0 presta\u00e7\u00e3o de servi\u00e7os p\u00fablicos.<\/p>\n\n\n\n<p>E estes princ\u00edpios dos servi\u00e7os p\u00fablicos s\u00e3o, a saber: a <strong>continuidade<\/strong>, a <strong>generalidade<\/strong>, a <strong>atualidade<\/strong>, a <strong>modicidade tarif\u00e1ria<\/strong>, a <strong>cortesia<\/strong> e a <strong>seguran\u00e7a.<\/strong><\/p>\n\n\n\n<p>A <strong>continuidade<\/strong> trata de aspectos que preveem que o servi\u00e7o p\u00fablico <strong>n\u00e3o poder\u00e1 ser interrompido<\/strong>, salvo em <strong>situa\u00e7\u00f5es excepcionais<\/strong>, como <strong>acidentes<\/strong> que n\u00e3o poderiam ser adequadamente previstos, ou a justificada <strong>interrup\u00e7\u00e3o<\/strong> ao <strong>usu\u00e1rio inadimplente<\/strong> que j\u00e1 foi devidamente notificado.<\/p>\n\n\n\n<p>A <strong>continuidade <\/strong>tamb\u00e9m protege a coletividade da <strong>exce\u00e7\u00e3o do contrato n\u00e3o cumprido<\/strong>, possibilitando ao poder p\u00fablico at\u00e9 mesmo a <strong>encampa\u00e7\u00e3o <\/strong>(tomada da concess\u00e3o) caso o prestador n\u00e3o consiga manter financeiramente a presta\u00e7\u00e3o dos servi\u00e7os p\u00fablicos.<\/p>\n\n\n\n<p>A <strong>generalidade<\/strong> possui uma acep\u00e7\u00e3o visando atender a toda a coletividade (<strong>universalidade<\/strong>), com o objetivo de aumentar a <strong>amplitude <\/strong>do servi\u00e7o, mas ao mesmo tempo sem perder de vista a <strong>igualdade<\/strong> e <strong>isonomia<\/strong> para com o p\u00fablico usu\u00e1rio.<\/p>\n\n\n\n<p>A<strong> atualidade <\/strong>tem seu n\u00facleo no <strong>constante aperfei\u00e7oamento <\/strong>e <strong>aprimoramento<\/strong> do servi\u00e7o p\u00fablico, com o intuito de <strong>agregar melhorias<\/strong> nesta presta\u00e7\u00e3o de servi\u00e7os ao longo dos tempos.<\/p>\n\n\n\n<p>A <strong>modicidade tarif\u00e1ria<\/strong> possui dois aspectos que devem ser equilibrados: o usu\u00e1rio precisa <strong>pagar o m\u00ednimo poss\u00edvel<\/strong> pelo servi\u00e7o, que \u00e9 prestado a um <strong>universo de usu\u00e1rios<\/strong>, enquanto o concession\u00e1rio precisa obter a <strong>justa remunera\u00e7\u00e3o<\/strong> por sua presta\u00e7\u00e3o de servi\u00e7os.<\/p>\n\n\n\n<p>O princ\u00edpio da <strong>cortesia<\/strong> tem uma aplica\u00e7\u00e3o nos <strong>pontos de contato <\/strong>entre os prestadores de servi\u00e7os p\u00fablicos e os usu\u00e1rios dos servi\u00e7os em geral, pois deve haver <strong>um bom atendimento, <\/strong>com <strong>urbanidade<\/strong>, <strong>civilidade<\/strong>, atendendo a requisitos de <strong>qualidade<\/strong>, sem esquecer do conceito de <strong>cidadania.<\/strong><\/p>\n\n\n\n<p>Por \u00faltimo, o princ\u00edpio da <strong>seguran\u00e7a <\/strong>prev\u00ea a <strong>adequa\u00e7\u00e3o<\/strong> da presta\u00e7\u00e3o de servi\u00e7os p\u00fablicos em condi\u00e7\u00f5es que <strong>eliminem<\/strong> ou <strong>reduzam <\/strong>os <strong>riscos<\/strong> ao usu\u00e1rio a <strong>n\u00edveis aceit\u00e1veis<\/strong>, de forma a garantir uma boa presta\u00e7\u00e3o de servi\u00e7os p\u00fablicos.<\/p>\n\n\n\n<p>Ricardo Pereira de Oliveira<\/p>\n\n\n\n<h2 class=\"has-text-align-center wp-block-heading\" id=\"h-cursos-e-assinaturas\">Cursos e Assinaturas<\/h2>\n\n\n\n<div class=\"container\" id=\"boxes\">\n  <div class=\"row\">\n\n    <div class=\"col-sm\">\n      <div class=\"banner-tribunal\" id=\"box-assinatura\">\n        <h3 class=\"titulo-assinatura\">Cursos para Carreiras Jur\u00eddicas<\/h3>\n        <p class=\"subtitulo-assinatura\">Conhe\u00e7a os cursos<\/p>\n        <div class=\"box-botao\">\n          <a class=\"btn-assinatura\" target=\"_blank\" href=\"https:\/\/www.estrategiaconcursos.com.br\/cursosPorConcurso\/assinaturas-carreira-juridica\/\" rel=\"noopener noreferrer\">Conhe\u00e7a mais<\/a>\n        <\/div>\n      <\/div>\n      <p class=\"texto-auxiliar\">Prepare-se com o melhor material e com quem mais aprova em Concursos P\u00fablicos em todo o pa\u00eds.<\/p>\n    <\/div>\n\n  <\/div>\n<\/div>\n\n\n\n<div class=\"container\" id=\"boxes\">\n  <div class=\"row\">\n\n    <div class=\"col-sm\">\n      <div class=\"banner-ecj\" id=\"box-assinatura\">\n        <h3 class=\"titulo-assinatura\">Assinatura Jur\u00eddica <\/h3>\n        <p class=\"subtitulo-assinatura\">Conhe\u00e7a os planos<\/p>\n        <div class=\"box-botao\">\n          <a class=\"btn-assinatura\" target=\"_blank\" href=\"https:\/\/www.estrategiaconcursos.com.br\/assinaturas-ecj\/\" role=\"button\" rel=\"noopener noreferrer\">Conhe\u00e7a mais<\/a>\n        <\/div>\n      <\/div>\n      <p class=\"texto-auxiliar\">Prepare-se com o melhor material e com quem mais aprova em Concursos P\u00fablicos em todo o pa\u00eds. \n<\/p>\n    <\/div>\n\n  <\/div>\n<\/div>\n\n\n\n<p>At\u00e9 mais!!<\/p>\n","protected":false},"excerpt":{"rendered":"<p>Conceitos Iniciais Este artigo possui o objetivo de demonstrar e explicar os princ\u00edpios espec\u00edficos do servi\u00e7o p\u00fablico, e como a doutrina e jurisprud\u00eancia moldaram esses princ\u00edpios. A administra\u00e7\u00e3o p\u00fablica possui princ\u00edpios pr\u00f3prios e que abrangem todas as suas atividades, sendo dois princ\u00edpios basilares: a supremacia do interesse p\u00fablico, que estabelece a necessidade de colocar o [&hellip;]<\/p>\n","protected":false},"author":1979,"featured_media":923748,"comment_status":"open","ping_status":"closed","sticky":false,"template":"","format":"standard","meta":{"post_tipo":"article","footnotes":""},"categories":[220215,220216,220192,1,220180,214992,220181,1983,220182,220183,220016,220195,2017,220191,1984,214710],"tags":[],"tax_estado":[219964,219965,219966,219967,219968,219969,219963,219970,219971,219972,219973,219974,219975,219976,219977,219978,219979,219980,219981,219982,219983,219984,219985,219986,219987,219988,219989,219990],"class_list":["post-923743","post","type-post","status-publish","format-standard","has-post-thumbnail","hentry","category-agencia-reguladora","category-agencia-reguladora-agencia-reguladora","category-anpad","category-cursos-e-concursos","category-controle-gestao","category-concursos-administrativos","category-area-financeira","category-fiscal-estadual","category-fiscal-federal","category-fiscal-municipal","category-cartorios","category-magistratura","category-concursos-legislativos","category-previdenciaria","category-tribunais","category-tribunais-de-contas","tax_estado-ac","tax_estado-al","tax_estado-am","tax_estado-ap","tax_estado-ba","tax_estado-ce","tax_estado-concursos-federais","tax_estado-df","tax_estado-es","tax_estado-go","tax_estado-ma","tax_estado-mg","tax_estado-ms","tax_estado-mt","tax_estado-pa","tax_estado-pb","tax_estado-pe","tax_estado-pi","tax_estado-pr","tax_estado-rj","tax_estado-rn","tax_estado-ro","tax_estado-rr","tax_estado-rs","tax_estado-sc","tax_estado-se","tax_estado-sp","tax_estado-to"],"acf":[],"yoast_head":"<!-- This site is optimized with the Yoast SEO Premium plugin v27.2 (Yoast SEO v27.2) - https:\/\/yoast.com\/product\/yoast-seo-premium-wordpress\/ -->\n<title>Princ\u00edpios dos Servi\u00e7os P\u00fablicos<\/title>\n<meta name=\"description\" content=\"Este artigo possui o objetivo de explicar os princ\u00edpios espec\u00edficos do servi\u00e7o p\u00fablico e como a jurisprud\u00eancia moldou esses princ\u00edpios\" \/>\n<meta name=\"robots\" content=\"index, follow, max-snippet:-1, max-image-preview:large, max-video-preview:-1\" \/>\n<link rel=\"canonical\" href=\"https:\/\/www.estrategiaconcursos.com.br\/blog\/principios-dos-servicos-publicos\/\" \/>\n<meta property=\"og:locale\" content=\"pt_BR\" \/>\n<meta property=\"og:type\" content=\"article\" \/>\n<meta property=\"og:title\" content=\"Princ\u00edpios dos Servi\u00e7os P\u00fablicos\" \/>\n<meta property=\"og:description\" content=\"Este artigo possui o objetivo de explicar os princ\u00edpios espec\u00edficos do servi\u00e7o p\u00fablico e como a jurisprud\u00eancia moldou esses princ\u00edpios\" \/>\n<meta property=\"og:url\" content=\"https:\/\/www.estrategiaconcursos.com.br\/blog\/principios-dos-servicos-publicos\/\" \/>\n<meta property=\"og:site_name\" content=\"Estrat\u00e9gia Concursos\" \/>\n<meta property=\"article:published_time\" content=\"2021-12-17T11:10:00+00:00\" \/>\n<meta property=\"article:modified_time\" content=\"2022-09-01T19:34:43+00:00\" \/>\n<meta property=\"og:image\" content=\"https:\/\/dhg1h5j42swfq.cloudfront.net\/2021\/12\/06192934\/logo-stf-2.jpg\" \/>\n\t<meta property=\"og:image:width\" content=\"295\" \/>\n\t<meta property=\"og:image:height\" content=\"171\" \/>\n\t<meta property=\"og:image:type\" content=\"image\/jpeg\" \/>\n<meta name=\"author\" content=\"Ricardo Pereira de Oliveira\" \/>\n<meta name=\"twitter:card\" content=\"summary_large_image\" \/>\n<meta name=\"twitter:creator\" content=\"@EstratConcursos\" \/>\n<meta name=\"twitter:site\" content=\"@EstratConcursos\" \/>\n<meta name=\"twitter:label1\" content=\"Escrito por\" \/>\n\t<meta name=\"twitter:data1\" content=\"Ricardo Pereira de Oliveira\" \/>\n\t<meta name=\"twitter:label2\" content=\"Est. tempo de leitura\" \/>\n\t<meta name=\"twitter:data2\" content=\"13 minutos\" \/>\n<script type=\"application\/ld+json\" class=\"yoast-schema-graph\">{\"@context\":\"https:\/\/schema.org\",\"@graph\":[{\"@type\":\"NewsArticle\",\"@id\":\"https:\/\/www.estrategiaconcursos.com.br\/blog\/principios-dos-servicos-publicos\/#article\",\"isPartOf\":{\"@id\":\"https:\/\/www.estrategiaconcursos.com.br\/blog\/principios-dos-servicos-publicos\/\"},\"author\":{\"name\":\"Ricardo Pereira de Oliveira\",\"@id\":\"https:\/\/www.estrategiaconcursos.com.br\/blog\/#\/schema\/person\/bddec4cfff57a846dbc506e0bc7a5b36\"},\"headline\":\"Princ\u00edpios dos Servi\u00e7os P\u00fablicos\",\"datePublished\":\"2021-12-17T11:10:00+00:00\",\"dateModified\":\"2022-09-01T19:34:43+00:00\",\"mainEntityOfPage\":{\"@id\":\"https:\/\/www.estrategiaconcursos.com.br\/blog\/principios-dos-servicos-publicos\/\"},\"wordCount\":2609,\"commentCount\":0,\"publisher\":{\"@id\":\"https:\/\/www.estrategiaconcursos.com.br\/blog\/#organization\"},\"image\":{\"@id\":\"https:\/\/www.estrategiaconcursos.com.br\/blog\/principios-dos-servicos-publicos\/#primaryimage\"},\"thumbnailUrl\":\"https:\/\/dhg1h5j42swfq.cloudfront.net\/2021\/12\/06192934\/logo-stf-2.jpg\",\"articleSection\":[\"Ag\u00eancia Reguladora\",\"Ag\u00eancia Reguladora\",\"ANPAD\",\"Concursos P\u00fablicos\",\"Controladorias\/Gest\u00e3o (CGU, CGE, STN, EPPGG)\",\"Executivo (Administrativa)\",\"Financeira (BACEN, CVM, SUSEP e BNDES)\",\"Fiscal - Estadual (ICMS)\",\"Fiscal - Federal (RFB e AFT)\",\"Fiscal - Municipal (ISS)\",\"Jur\u00eddico - Cart\u00f3rios\",\"Jur\u00eddico - Magistratura\",\"Legislativo\",\"Previdenci\u00e1ria (INSS, PREVIC)\",\"Tribunais\",\"Tribunais de Contas (TCU, TCE, TCM)\"],\"inLanguage\":\"pt-BR\",\"potentialAction\":[{\"@type\":\"CommentAction\",\"name\":\"Comment\",\"target\":[\"https:\/\/www.estrategiaconcursos.com.br\/blog\/principios-dos-servicos-publicos\/#respond\"]}],\"copyrightYear\":\"2021\",\"copyrightHolder\":{\"@id\":\"https:\/\/www.estrategiaconcursos.com.br\/blog\/#organization\"}},{\"@type\":\"WebPage\",\"@id\":\"https:\/\/www.estrategiaconcursos.com.br\/blog\/principios-dos-servicos-publicos\/\",\"url\":\"https:\/\/www.estrategiaconcursos.com.br\/blog\/principios-dos-servicos-publicos\/\",\"name\":\"Princ\u00edpios dos Servi\u00e7os P\u00fablicos\",\"isPartOf\":{\"@id\":\"https:\/\/www.estrategiaconcursos.com.br\/blog\/#website\"},\"primaryImageOfPage\":{\"@id\":\"https:\/\/www.estrategiaconcursos.com.br\/blog\/principios-dos-servicos-publicos\/#primaryimage\"},\"image\":{\"@id\":\"https:\/\/www.estrategiaconcursos.com.br\/blog\/principios-dos-servicos-publicos\/#primaryimage\"},\"thumbnailUrl\":\"https:\/\/dhg1h5j42swfq.cloudfront.net\/2021\/12\/06192934\/logo-stf-2.jpg\",\"datePublished\":\"2021-12-17T11:10:00+00:00\",\"dateModified\":\"2022-09-01T19:34:43+00:00\",\"description\":\"Este artigo possui o objetivo de explicar os princ\u00edpios espec\u00edficos do servi\u00e7o p\u00fablico e como a jurisprud\u00eancia moldou esses princ\u00edpios\",\"breadcrumb\":{\"@id\":\"https:\/\/www.estrategiaconcursos.com.br\/blog\/principios-dos-servicos-publicos\/#breadcrumb\"},\"inLanguage\":\"pt-BR\",\"potentialAction\":[{\"@type\":\"ReadAction\",\"target\":[\"https:\/\/www.estrategiaconcursos.com.br\/blog\/principios-dos-servicos-publicos\/\"]}]},{\"@type\":\"ImageObject\",\"inLanguage\":\"pt-BR\",\"@id\":\"https:\/\/www.estrategiaconcursos.com.br\/blog\/principios-dos-servicos-publicos\/#primaryimage\",\"url\":\"https:\/\/dhg1h5j42swfq.cloudfront.net\/2021\/12\/06192934\/logo-stf-2.jpg\",\"contentUrl\":\"https:\/\/dhg1h5j42swfq.cloudfront.net\/2021\/12\/06192934\/logo-stf-2.jpg\",\"width\":295,\"height\":171},{\"@type\":\"BreadcrumbList\",\"@id\":\"https:\/\/www.estrategiaconcursos.com.br\/blog\/principios-dos-servicos-publicos\/#breadcrumb\",\"itemListElement\":[{\"@type\":\"ListItem\",\"position\":1,\"name\":\"In\u00edcio\",\"item\":\"https:\/\/www.estrategiaconcursos.com.br\/blog\/\"},{\"@type\":\"ListItem\",\"position\":2,\"name\":\"Princ\u00edpios dos Servi\u00e7os P\u00fablicos\"}]},{\"@type\":\"WebSite\",\"@id\":\"https:\/\/www.estrategiaconcursos.com.br\/blog\/#website\",\"url\":\"https:\/\/www.estrategiaconcursos.com.br\/blog\/\",\"name\":\"Estrat\u00e9gia Concursos\",\"description\":\"O blog da Estrat\u00e9gia Concursos traz not\u00edcias sobre concursos e artigos de professores oferecendo cursos para concursos (pdf + videaulas) no site.\",\"publisher\":{\"@id\":\"https:\/\/www.estrategiaconcursos.com.br\/blog\/#organization\"},\"potentialAction\":[{\"@type\":\"SearchAction\",\"target\":{\"@type\":\"EntryPoint\",\"urlTemplate\":\"https:\/\/www.estrategiaconcursos.com.br\/blog\/?s={search_term_string}\"},\"query-input\":{\"@type\":\"PropertyValueSpecification\",\"valueRequired\":true,\"valueName\":\"search_term_string\"}}],\"inLanguage\":\"pt-BR\"},{\"@type\":\"Organization\",\"@id\":\"https:\/\/www.estrategiaconcursos.com.br\/blog\/#organization\",\"name\":\"Estrat\u00e9gia Concursos\",\"url\":\"https:\/\/www.estrategiaconcursos.com.br\/blog\/\",\"logo\":{\"@type\":\"ImageObject\",\"inLanguage\":\"pt-BR\",\"@id\":\"https:\/\/www.estrategiaconcursos.com.br\/blog\/#\/schema\/logo\/image\/\",\"url\":\"https:\/\/dhg1h5j42swfq.cloudfront.net\/2025\/06\/03203428\/logo_concursos-1.jpg\",\"contentUrl\":\"https:\/\/dhg1h5j42swfq.cloudfront.net\/2025\/06\/03203428\/logo_concursos-1.jpg\",\"width\":230,\"height\":60,\"caption\":\"Estrat\u00e9gia Concursos\"},\"image\":{\"@id\":\"https:\/\/www.estrategiaconcursos.com.br\/blog\/#\/schema\/logo\/image\/\"},\"sameAs\":[\"https:\/\/x.com\/EstratConcursos\"]},{\"@type\":\"Person\",\"@id\":\"https:\/\/www.estrategiaconcursos.com.br\/blog\/#\/schema\/person\/bddec4cfff57a846dbc506e0bc7a5b36\",\"name\":\"Ricardo Pereira de Oliveira\",\"image\":{\"@type\":\"ImageObject\",\"inLanguage\":\"pt-BR\",\"@id\":\"https:\/\/secure.gravatar.com\/avatar\/a16d5759c3d4edc0896235928b70e4a79ec591848bb173a92801d67dcb8492b1?s=96&d=mm&r=g\",\"url\":\"https:\/\/secure.gravatar.com\/avatar\/a16d5759c3d4edc0896235928b70e4a79ec591848bb173a92801d67dcb8492b1?s=96&d=mm&r=g\",\"contentUrl\":\"https:\/\/secure.gravatar.com\/avatar\/a16d5759c3d4edc0896235928b70e4a79ec591848bb173a92801d67dcb8492b1?s=96&d=mm&r=g\",\"caption\":\"Ricardo Pereira de Oliveira\"},\"description\":\"Formado em Administra\u00e7\u00e3o de Empresas pelo Mackenzie, p\u00f3s-graduado em Marketing pela ESPM. Concurseiro desde 2014. Auditor Fiscal da Receita Municipal de Campo Grande\/MS Ex-Fiscal de Rendas de Tabo\u00e3o da Serra\/SP\",\"url\":\"https:\/\/www.estrategiaconcursos.com.br\/blog\/author\/ricperogmail-com\/\"}]}<\/script>\n<!-- \/ Yoast SEO Premium plugin. -->","yoast_head_json":{"title":"Princ\u00edpios dos Servi\u00e7os P\u00fablicos","description":"Este artigo possui o objetivo de explicar os princ\u00edpios espec\u00edficos do servi\u00e7o p\u00fablico e como a jurisprud\u00eancia moldou esses princ\u00edpios","robots":{"index":"index","follow":"follow","max-snippet":"max-snippet:-1","max-image-preview":"max-image-preview:large","max-video-preview":"max-video-preview:-1"},"canonical":"https:\/\/www.estrategiaconcursos.com.br\/blog\/principios-dos-servicos-publicos\/","og_locale":"pt_BR","og_type":"article","og_title":"Princ\u00edpios dos Servi\u00e7os P\u00fablicos","og_description":"Este artigo possui o objetivo de explicar os princ\u00edpios espec\u00edficos do servi\u00e7o p\u00fablico e como a jurisprud\u00eancia moldou esses princ\u00edpios","og_url":"https:\/\/www.estrategiaconcursos.com.br\/blog\/principios-dos-servicos-publicos\/","og_site_name":"Estrat\u00e9gia Concursos","article_published_time":"2021-12-17T11:10:00+00:00","article_modified_time":"2022-09-01T19:34:43+00:00","og_image":[{"width":295,"height":171,"url":"https:\/\/dhg1h5j42swfq.cloudfront.net\/2021\/12\/06192934\/logo-stf-2.jpg","type":"image\/jpeg"}],"author":"Ricardo Pereira de Oliveira","twitter_card":"summary_large_image","twitter_creator":"@EstratConcursos","twitter_site":"@EstratConcursos","twitter_misc":{"Escrito por":"Ricardo Pereira de Oliveira","Est. tempo de leitura":"13 minutos"},"schema":{"@context":"https:\/\/schema.org","@graph":[{"@type":"NewsArticle","@id":"https:\/\/www.estrategiaconcursos.com.br\/blog\/principios-dos-servicos-publicos\/#article","isPartOf":{"@id":"https:\/\/www.estrategiaconcursos.com.br\/blog\/principios-dos-servicos-publicos\/"},"author":{"name":"Ricardo Pereira de Oliveira","@id":"https:\/\/www.estrategiaconcursos.com.br\/blog\/#\/schema\/person\/bddec4cfff57a846dbc506e0bc7a5b36"},"headline":"Princ\u00edpios dos Servi\u00e7os P\u00fablicos","datePublished":"2021-12-17T11:10:00+00:00","dateModified":"2022-09-01T19:34:43+00:00","mainEntityOfPage":{"@id":"https:\/\/www.estrategiaconcursos.com.br\/blog\/principios-dos-servicos-publicos\/"},"wordCount":2609,"commentCount":0,"publisher":{"@id":"https:\/\/www.estrategiaconcursos.com.br\/blog\/#organization"},"image":{"@id":"https:\/\/www.estrategiaconcursos.com.br\/blog\/principios-dos-servicos-publicos\/#primaryimage"},"thumbnailUrl":"https:\/\/dhg1h5j42swfq.cloudfront.net\/2021\/12\/06192934\/logo-stf-2.jpg","articleSection":["Ag\u00eancia Reguladora","Ag\u00eancia Reguladora","ANPAD","Concursos P\u00fablicos","Controladorias\/Gest\u00e3o (CGU, CGE, STN, EPPGG)","Executivo (Administrativa)","Financeira (BACEN, CVM, SUSEP e BNDES)","Fiscal - Estadual (ICMS)","Fiscal - Federal (RFB e AFT)","Fiscal - Municipal (ISS)","Jur\u00eddico - Cart\u00f3rios","Jur\u00eddico - Magistratura","Legislativo","Previdenci\u00e1ria (INSS, PREVIC)","Tribunais","Tribunais de Contas (TCU, TCE, TCM)"],"inLanguage":"pt-BR","potentialAction":[{"@type":"CommentAction","name":"Comment","target":["https:\/\/www.estrategiaconcursos.com.br\/blog\/principios-dos-servicos-publicos\/#respond"]}],"copyrightYear":"2021","copyrightHolder":{"@id":"https:\/\/www.estrategiaconcursos.com.br\/blog\/#organization"}},{"@type":"WebPage","@id":"https:\/\/www.estrategiaconcursos.com.br\/blog\/principios-dos-servicos-publicos\/","url":"https:\/\/www.estrategiaconcursos.com.br\/blog\/principios-dos-servicos-publicos\/","name":"Princ\u00edpios dos Servi\u00e7os P\u00fablicos","isPartOf":{"@id":"https:\/\/www.estrategiaconcursos.com.br\/blog\/#website"},"primaryImageOfPage":{"@id":"https:\/\/www.estrategiaconcursos.com.br\/blog\/principios-dos-servicos-publicos\/#primaryimage"},"image":{"@id":"https:\/\/www.estrategiaconcursos.com.br\/blog\/principios-dos-servicos-publicos\/#primaryimage"},"thumbnailUrl":"https:\/\/dhg1h5j42swfq.cloudfront.net\/2021\/12\/06192934\/logo-stf-2.jpg","datePublished":"2021-12-17T11:10:00+00:00","dateModified":"2022-09-01T19:34:43+00:00","description":"Este artigo possui o objetivo de explicar os princ\u00edpios espec\u00edficos do servi\u00e7o p\u00fablico e como a jurisprud\u00eancia moldou esses princ\u00edpios","breadcrumb":{"@id":"https:\/\/www.estrategiaconcursos.com.br\/blog\/principios-dos-servicos-publicos\/#breadcrumb"},"inLanguage":"pt-BR","potentialAction":[{"@type":"ReadAction","target":["https:\/\/www.estrategiaconcursos.com.br\/blog\/principios-dos-servicos-publicos\/"]}]},{"@type":"ImageObject","inLanguage":"pt-BR","@id":"https:\/\/www.estrategiaconcursos.com.br\/blog\/principios-dos-servicos-publicos\/#primaryimage","url":"https:\/\/dhg1h5j42swfq.cloudfront.net\/2021\/12\/06192934\/logo-stf-2.jpg","contentUrl":"https:\/\/dhg1h5j42swfq.cloudfront.net\/2021\/12\/06192934\/logo-stf-2.jpg","width":295,"height":171},{"@type":"BreadcrumbList","@id":"https:\/\/www.estrategiaconcursos.com.br\/blog\/principios-dos-servicos-publicos\/#breadcrumb","itemListElement":[{"@type":"ListItem","position":1,"name":"In\u00edcio","item":"https:\/\/www.estrategiaconcursos.com.br\/blog\/"},{"@type":"ListItem","position":2,"name":"Princ\u00edpios dos Servi\u00e7os P\u00fablicos"}]},{"@type":"WebSite","@id":"https:\/\/www.estrategiaconcursos.com.br\/blog\/#website","url":"https:\/\/www.estrategiaconcursos.com.br\/blog\/","name":"Estrat\u00e9gia Concursos","description":"O blog da Estrat\u00e9gia Concursos traz not\u00edcias sobre concursos e artigos de professores oferecendo cursos para concursos (pdf + videaulas) no site.","publisher":{"@id":"https:\/\/www.estrategiaconcursos.com.br\/blog\/#organization"},"potentialAction":[{"@type":"SearchAction","target":{"@type":"EntryPoint","urlTemplate":"https:\/\/www.estrategiaconcursos.com.br\/blog\/?s={search_term_string}"},"query-input":{"@type":"PropertyValueSpecification","valueRequired":true,"valueName":"search_term_string"}}],"inLanguage":"pt-BR"},{"@type":"Organization","@id":"https:\/\/www.estrategiaconcursos.com.br\/blog\/#organization","name":"Estrat\u00e9gia Concursos","url":"https:\/\/www.estrategiaconcursos.com.br\/blog\/","logo":{"@type":"ImageObject","inLanguage":"pt-BR","@id":"https:\/\/www.estrategiaconcursos.com.br\/blog\/#\/schema\/logo\/image\/","url":"https:\/\/dhg1h5j42swfq.cloudfront.net\/2025\/06\/03203428\/logo_concursos-1.jpg","contentUrl":"https:\/\/dhg1h5j42swfq.cloudfront.net\/2025\/06\/03203428\/logo_concursos-1.jpg","width":230,"height":60,"caption":"Estrat\u00e9gia Concursos"},"image":{"@id":"https:\/\/www.estrategiaconcursos.com.br\/blog\/#\/schema\/logo\/image\/"},"sameAs":["https:\/\/x.com\/EstratConcursos"]},{"@type":"Person","@id":"https:\/\/www.estrategiaconcursos.com.br\/blog\/#\/schema\/person\/bddec4cfff57a846dbc506e0bc7a5b36","name":"Ricardo Pereira de Oliveira","image":{"@type":"ImageObject","inLanguage":"pt-BR","@id":"https:\/\/secure.gravatar.com\/avatar\/a16d5759c3d4edc0896235928b70e4a79ec591848bb173a92801d67dcb8492b1?s=96&d=mm&r=g","url":"https:\/\/secure.gravatar.com\/avatar\/a16d5759c3d4edc0896235928b70e4a79ec591848bb173a92801d67dcb8492b1?s=96&d=mm&r=g","contentUrl":"https:\/\/secure.gravatar.com\/avatar\/a16d5759c3d4edc0896235928b70e4a79ec591848bb173a92801d67dcb8492b1?s=96&d=mm&r=g","caption":"Ricardo Pereira de Oliveira"},"description":"Formado em Administra\u00e7\u00e3o de Empresas pelo Mackenzie, p\u00f3s-graduado em Marketing pela ESPM. Concurseiro desde 2014. Auditor Fiscal da Receita Municipal de Campo Grande\/MS Ex-Fiscal de Rendas de Tabo\u00e3o da Serra\/SP","url":"https:\/\/www.estrategiaconcursos.com.br\/blog\/author\/ricperogmail-com\/"}]}},"_links":{"self":[{"href":"https:\/\/www.estrategiaconcursos.com.br\/blog\/wp-json\/wp\/v2\/posts\/923743","targetHints":{"allow":["GET"]}}],"collection":[{"href":"https:\/\/www.estrategiaconcursos.com.br\/blog\/wp-json\/wp\/v2\/posts"}],"about":[{"href":"https:\/\/www.estrategiaconcursos.com.br\/blog\/wp-json\/wp\/v2\/types\/post"}],"author":[{"embeddable":true,"href":"https:\/\/www.estrategiaconcursos.com.br\/blog\/wp-json\/wp\/v2\/users\/1979"}],"replies":[{"embeddable":true,"href":"https:\/\/www.estrategiaconcursos.com.br\/blog\/wp-json\/wp\/v2\/comments?post=923743"}],"version-history":[{"count":7,"href":"https:\/\/www.estrategiaconcursos.com.br\/blog\/wp-json\/wp\/v2\/posts\/923743\/revisions"}],"predecessor-version":[{"id":1087869,"href":"https:\/\/www.estrategiaconcursos.com.br\/blog\/wp-json\/wp\/v2\/posts\/923743\/revisions\/1087869"}],"wp:featuredmedia":[{"embeddable":true,"href":"https:\/\/www.estrategiaconcursos.com.br\/blog\/wp-json\/wp\/v2\/media\/923748"}],"wp:attachment":[{"href":"https:\/\/www.estrategiaconcursos.com.br\/blog\/wp-json\/wp\/v2\/media?parent=923743"}],"wp:term":[{"taxonomy":"category","embeddable":true,"href":"https:\/\/www.estrategiaconcursos.com.br\/blog\/wp-json\/wp\/v2\/categories?post=923743"},{"taxonomy":"post_tag","embeddable":true,"href":"https:\/\/www.estrategiaconcursos.com.br\/blog\/wp-json\/wp\/v2\/tags?post=923743"},{"taxonomy":"tax_estado","embeddable":true,"href":"https:\/\/www.estrategiaconcursos.com.br\/blog\/wp-json\/wp\/v2\/tax_estado?post=923743"}],"curies":[{"name":"wp","href":"https:\/\/api.w.org\/{rel}","templated":true}]}}