{"id":923697,"date":"2021-12-12T16:04:00","date_gmt":"2021-12-12T19:04:00","guid":{"rendered":"https:\/\/www.estrategiaconcursos.com.br\/blog\/?p=923697"},"modified":"2021-12-17T14:36:47","modified_gmt":"2021-12-17T17:36:47","slug":"gabarito-extraoficial-procurador-pge-ce","status":"publish","type":"post","link":"https:\/\/www.estrategiaconcursos.com.br\/blog\/gabarito-extraoficial-procurador-pge-ce\/","title":{"rendered":"Gabarito Extraoficial Procurador PGE CE: corre\u00e7\u00e3o da prova!"},"content":{"rendered":"\n<p><strong>Neste domingo, 12 de novembro<\/strong>, foi aplicada a prova objetiva do<strong> concurso p\u00fablico PGE CE<\/strong> para o cargo de <strong>Procurador<\/strong> do Estado do Cear\u00e1. <\/p>\n\n\n\n<p>E para ajudar a diminuir um pouco sua ansiedade de descobrir se foi bem ou n\u00e3o em um concurso t\u00e3o visado e importante como esse,&nbsp;<strong>realizamos a corre\u00e7\u00e3o com o Gabarito Extraoficial Procurador PGE CE<\/strong>, ao vivo e gratuitamente, a partir das 19 horas, no <a href=\"https:\/\/www.youtube.com\/channel\/UClbMGuYbj2Mh1m3w144ETWQ\" target=\"_blank\" rel=\"noreferrer noopener\">canal do Estrat\u00e9gia Carreira Jur\u00eddica no Youtube<\/a>. <\/p>\n\n\n\n<p>S\u00e3o ofertadas na sele\u00e7\u00e3o 8<strong> vagas imediatas<\/strong> e o novo membro ingressar\u00e1 na posi\u00e7\u00e3o de Procurador do Estado Classe &#8220;D&#8221;, com remunera\u00e7\u00e3o inicial de&nbsp;<strong>R$ 20.569,31.&nbsp;<\/strong><\/p>\n\n\n\n<p>Para ingressar na carreira, \u00e9 necess\u00e1rio ser portador do diploma de Bacharel em Direito e contar com registro regular de advogado na Ordem dos Advogados do Brasil.  <\/p>\n\n\n\n<p>E como n\u00f3s, do Estrat\u00e9gia Concursos, a todo o instante queremos estar perto de nossos alunos e daqueles que s\u00e3o amigos da Coruja, nesse momento p\u00f3s-prova n\u00e3o poderia ser diferente! <\/p>\n\n\n\n<p>Ent\u00e3o, confira, antecipadamente, seu desempenho e ainda receba dicas de recursos (se houver necessidade, claro!). <\/p>\n\n\n\n<h3 class=\"wp-block-heading\">Programa\u00e7\u00e3o<\/h3>\n\n\n\n<p>Confira abaixo a programa\u00e7\u00e3o: <\/p>\n\n\n\n<figure class=\"wp-block-table is-style-stripes\"><table class=\"has-fixed-layout\"><tbody><tr><td class=\"has-text-align-center\" data-align=\"center\"><strong>Disciplina<\/strong><\/td><td class=\"has-text-align-center\" data-align=\"center\"><strong>Professor<\/strong><\/td><\/tr><tr><td class=\"has-text-align-center\" data-align=\"center\">Direito Constitucional<\/td><td class=\"has-text-align-center\" data-align=\"center\">Nelma Fontana<\/td><\/tr><tr><td class=\"has-text-align-center\" data-align=\"center\">Direito Administrativo<\/td><td class=\"has-text-align-center\" data-align=\"center\">Rodolfo Penna<\/td><\/tr><tr><td class=\"has-text-align-center\" data-align=\"center\">Direito Tribut\u00e1rio<\/td><td class=\"has-text-align-center\" data-align=\"center\">Michael de Jesus<\/td><\/tr><tr><td class=\"has-text-align-center\" data-align=\"center\">Direito Financeiro<\/td><td class=\"has-text-align-center\" data-align=\"center\">Vanessa Arns<\/td><\/tr><tr><td class=\"has-text-align-center\" data-align=\"center\">Direito Penal e Processo Penal<\/td><td class=\"has-text-align-center\" data-align=\"center\">Ivan Marques<\/td><\/tr><tr><td class=\"has-text-align-center\" data-align=\"center\">Legisla\u00e7\u00e3o Local<\/td><td class=\"has-text-align-center\" data-align=\"center\">Bruno Betti<\/td><\/tr><tr><td class=\"has-text-align-center\" data-align=\"center\">Direito Civil<\/td><td class=\"has-text-align-center\" data-align=\"center\">Paulo Sousa<\/td><\/tr><tr><td class=\"has-text-align-center\" data-align=\"center\">Direito do Trabalho e Processo do Trabalho<\/td><td class=\"has-text-align-center\" data-align=\"center\">Lucas Pessoa<\/td><\/tr><tr><td class=\"has-text-align-center\" data-align=\"center\">Direito Previdenci\u00e1rio<\/td><td class=\"has-text-align-center\" data-align=\"center\">Felipe Cavalcanti<\/td><\/tr><tr><td class=\"has-text-align-center\" data-align=\"center\">Direito Processual Civil<\/td><td class=\"has-text-align-center\" data-align=\"center\">Josias Barcellos<\/td><\/tr><tr><td class=\"has-text-align-center\" data-align=\"center\">Direito Ambiental<\/td><td class=\"has-text-align-center\" data-align=\"center\">Thiago Leite<\/td><\/tr><tr><td class=\"has-text-align-center\" data-align=\"center\">Direito Empresarial<\/td><td class=\"has-text-align-center\" data-align=\"center\">Alessandro Sanchez<\/td><\/tr><\/tbody><\/table><\/figure>\n\n\n\n<h3 class=\"wp-block-heading\" id=\"h-gabarito-extraoficial-procurador-da-pge-ce-ao-vivo\"> Gabarito Extraoficial Procurador da PGE CE: AO VIVO <\/h3>\n\n\n<figure class=\"wp-block-embed-youtube wp-block-embed is-type-video is-provider-youtube wp-embed-aspect-16-9 wp-has-aspect-ratio\"><div class=\"lyte-wrapper\" style=\"width:853px;max-width:100%;margin:5px;\"><div class=\"lyMe\" id=\"WYL_dzylnPlFDzA\"><div id=\"lyte_dzylnPlFDzA\" data-src=\"\/\/i.ytimg.com\/vi\/dzylnPlFDzA\/hqdefault.jpg\" class=\"pL\"><div class=\"tC\"><div class=\"tT\"><\/div><\/div><div class=\"play\"><\/div><div class=\"ctrl\"><div class=\"Lctrl\"><\/div><div class=\"Rctrl\"><\/div><\/div><\/div><noscript><a href=\"https:\/\/youtu.be\/dzylnPlFDzA\" rel=\"nofollow\"><img loading=\"lazy\" decoding=\"async\" src=\"https:\/\/i.ytimg.com\/vi\/dzylnPlFDzA\/0.jpg\" alt=\"YouTube video thumbnail\" width=\"853\" height=\"460\" \/><br \/>Assista a este v\u00eddeo no YouTube<\/a><\/noscript><\/div><\/div><div class=\"lL\" style=\"max-width:100%;width:853px;margin:5px;\"><\/div><figcaption><\/figcaption><\/figure>\n\n\n<h3 class=\"wp-block-heading\">Gabarito Extraoficial Procurador da PGE CE: Confira<\/h3>\n\n\n\n<p>Abaixo, voc\u00ea confere o gabarito PGE CE Procurador elaborado por nossos professores. <strong><a href=\"https:\/\/dhg1h5j42swfq.cloudfront.net\/2021\/12\/12211335\/prova.pdf\" target=\"_blank\" rel=\"noreferrer noopener\">BAIXE AQUI<\/a> o PDF com a vers\u00e3o de prova corrigida <\/strong>e fique atento ao in\u00edcio da quest\u00e3o, j\u00e1 que existem v\u00e1rios tipos de provas: <\/p>\n\n\n\n<p><strong>Quest\u00e3o 1:&nbsp;<\/strong>&#8220;Sem previs\u00e3o constitucional adequada e institu\u00edda&#8230;&#8221;<br \/><em><strong>Resposta:&nbsp;<\/strong><\/em>D: &#8220;No julgamento, o STF sinalizou  uma tend\u00eancia de muta\u00e7\u00e3o&#8230;&#8221;<\/p>\n\n\n\n<p><strong>Quest\u00e3o 2:&nbsp;<\/strong>&#8220;Assinale a op\u00e7\u00e3o correta acerca do processo legislativo&#8230;&#8221;<br \/><em><strong>Resposta:<\/strong><\/em>&nbsp;A: &#8220;Lei estadual que crie despesa ou conceda benef\u00edcio fiscal&#8230;&#8221;<\/p>\n\n\n\n<p><strong>Quest\u00e3o 3:&nbsp;<\/strong>&#8220;Com rela\u00e7\u00e3o ao controle de constitucionalidade&#8230;&#8221;<br \/><em><strong>Resposta:<\/strong><\/em>&nbsp;A: Utilizando a Conven\u00e7\u00e3o Internacional de Direitos da Pessoa&#8230;&#8221;<\/p>\n\n\n\n<p><strong>Quest\u00e3o 4:&nbsp;<\/strong>&#8220;Arranjo institucional de reparti\u00e7\u00e3o vertical de&#8230;&#8221;<br \/><em><strong>Resposta:<\/strong><\/em>&nbsp;D: &#8220;N\u00e3o \u00e9 compat\u00edvel com a CF a prefer\u00eancia da Uni\u00e3o em rela\u00e7\u00e3o&#8230;&#8221;<\/p>\n\n\n\n<p><strong>Quest\u00e3o 5:<\/strong> &#8220;Com rela\u00e7\u00e3o ao regramento constitucional atinente&#8230;&#8221;<br \/><em><strong>Resposta:<\/strong><\/em>&nbsp;D: \u00c9 poss\u00edvel o exame da constitucionalidade em sede concentrada&#8230;&#8221;<\/p>\n\n\n\n<p><strong>Quest\u00e3o 6:&nbsp;<\/strong>&#8220;A Confedera\u00e7\u00e3o Nacional de Institui\u00e7\u00f5es Financeiras&#8230;&#8221;<br \/><em><strong>Resposta:<\/strong><\/em>&nbsp;C: &#8220;Apenas os itens II e III est\u00e3o certos&#8230;&#8221;<\/p>\n\n\n\n<p><strong>Quest\u00e3o 7:&nbsp;<\/strong>&#8220;Considerando a legisla\u00e7\u00e3o e a jurisprud\u00eancia do STF&#8230;&#8221;<br \/><em><strong>Resposta:<\/strong><\/em>&nbsp;C: &#8220;O STF n\u00e3o admite ajuizamento da ADIN <\/p>\n\n\n\n<p><strong>Quest\u00e3o 8:&nbsp;<\/strong>&#8220;Com refer\u00eancia \u00e0s limita\u00e7\u00f5es constitucionais ao poder&#8230;&#8221;<br \/><em><strong>Resposta:<\/strong><\/em>&nbsp;C: &#8220;\u00c9 inconstitucional a concess\u00e3o de benef\u00edcios fiscais relativos ao ICMS&#8221;<\/p>\n\n\n\n<p><strong>Quest\u00e3o 9:&nbsp;<\/strong>&#8220;Considerando as disposi\u00e7\u00f5es constitucionais e a jurisprud\u00eancia&#8230;&#8221;<br \/><em><strong>Resposta:<\/strong><\/em>&nbsp;A: &#8220;Apenas o item III est\u00e1 certo&#8221;<\/p>\n\n\n\n<p><strong>Quest\u00e3o 10:&nbsp;<\/strong>&#8220;Com rela\u00e7\u00e3o ao sistema constitucional de crises e \u00e0 defesa&#8230;&#8221;<br \/><em><strong>Resposta:<\/strong><\/em>&nbsp;B: &#8220;O controle pol\u00edtico exercido pelo Congresso Nacional sobre a decreta\u00e7\u00e3o&#8230;&#8221;<\/p>\n\n\n\n<p><strong>Quest\u00e3o 11:<\/strong> &#8220;Em determinada ag\u00eancia reguladora federal, foi recentemente&#8230;&#8221;<br \/><em><strong>Resposta:<\/strong><\/em>&nbsp;B: &#8220;ter\u00e1 acesso a todos os processos da ag\u00eancia reguladora&#8221;<\/p>\n\n\n\n<p><strong>Quest\u00e3o 12:&nbsp;<\/strong>&#8220;O governador de determinado estado editou ato em que&#8230;&#8221;<br \/><em><strong>Resposta:<\/strong><\/em>&nbsp;A: &#8220;N\u00e3o ser\u00e1 cab\u00edvel a subdelega\u00e7\u00e3o, uma vez que, pelo princ\u00edpio&#8230;&#8221;<\/p>\n\n\n\n<p><strong>Quest\u00e3o 13:&nbsp;<\/strong>&#8220;Um administrador p\u00fablico, ap\u00f3s receber, de uma associa\u00e7\u00e3o&#8230;&#8221;<br \/><em><strong>Resposta:<\/strong><\/em>&nbsp;B: &#8220;termo de fomento&#8221;<\/p>\n\n\n\n<p><strong>Quest\u00e3o 14:&nbsp;<\/strong>&#8220;Determinado servidor p\u00fablico concluiu um curso de doutorado&#8230;&#8221;<br \/><em><strong>Resposta:<\/strong><\/em>&nbsp;A: &#8220;apostila&#8221;<\/p>\n\n\n\n<p><strong>Quest\u00e3o 15:<\/strong> &#8220;O poder p\u00fablico editou um decreto de desapropria\u00e7\u00e3o com a&#8230;&#8221;<br \/><em><strong>Resposta:<\/strong><\/em>&nbsp;C: &#8220;\u00c9 legal a desapropria\u00e7\u00e3o, inclusive com rela\u00e7\u00e3o \u00e0 zona do entorno&#8230;&#8221;<\/p>\n\n\n\n<p><strong>Quest\u00e3o 16:&nbsp;<\/strong>&#8220;As regras de licita\u00e7\u00f5es e contratos previstas na Lei n.\u00ba 14.133\/2021&#8230;&#8221;<br \/><em><strong>Resposta:<\/strong><\/em>&nbsp;C: &#8220;loca\u00e7\u00e3o, servi\u00e7os de arquitetura e concess\u00e3o de uso de bens p\u00fablicos&#8230;&#8221;<\/p>\n\n\n\n<p><strong>Quest\u00e3o 17:&nbsp;<\/strong>&#8220;De acordo com a Lei n.\u00ba 11.107\/2005, no caso de gest\u00e3o associada&#8230;&#8221;<br \/><em><strong>Resposta:<\/strong><\/em>&nbsp;B: &#8220;contribui\u00e7\u00e3o financeira em numer\u00e1rio determinado, fora do rateio&#8230;&#8221;<\/p>\n\n\n\n<p><strong>Quest\u00e3o 18:&nbsp;<\/strong>&#8220;Conforme a posi\u00e7\u00e3o majorit\u00e1ria e atual do STF a respeito da prescri\u00e7\u00e3o&#8230;&#8221;<br \/><em><strong>Resposta:<\/strong><\/em>&nbsp;B: &#8220;a pretens\u00e3o de ressarcimento ao er\u00e1rio fundada em decis\u00e3o de tribunal&#8230;.&#8221;<\/p>\n\n\n\n<p><strong>Quest\u00e3o 19:&nbsp;<\/strong>&#8220;Conforme classifica\u00e7\u00e3o dos bens p\u00fablicos adotada pelo ordenamento&#8230;&#8221;<br \/><em><strong>Resposta:<\/strong><\/em>&nbsp;B: &#8220;de uso comum do povo&#8221;<\/p>\n\n\n\n<p><strong>Quest\u00e3o 20:<\/strong> &#8220;De acordo com a Lei Complementar n.\u00ba 58\/2006 do estado do Cear\u00e1&#8230;&#8221;<br \/><em><strong>Resposta:<\/strong><\/em>&nbsp;<span style=\"text-decoration: underline;\">Anul\u00e1vel<\/span>. N\u00e3o h\u00e1 resposta correta. Em todos os casos \u00e9 devido o pr\u00eamio de desempenho.<br \/>Fundamentos:<br \/>Art, 83, \u00a74\u00ba, I, &#8211; f\u00e9rias<br \/>II \u2013 tratamento de sa\u00fade<br \/>IV &#8211; gestante<br \/>XIV &#8211; XIV \u2013 licen\u00e7a para aperfei\u00e7oamento t\u00e9cnico-profissional pelo per\u00edodo de 12 (doze) meses, <br \/>observada, nos casos de prorroga\u00e7\u00e3o da licen\u00e7a, a necessidade de autoriza\u00e7\u00e3o do Conselho <br \/>Superior da Procuradoria-Geral do Estado para a continuidade da percep\u00e7\u00e3o do pr\u00eamio de <br \/>desempenho. (Nova reda\u00e7\u00e3o dada pela Lei Complementar n.\u00ba 134, de 07.04.14)<\/p>\n\n\n\n<p><strong>Quest\u00e3o 21:&nbsp;<\/strong>&#8220;Segundo o STF, uma norma or\u00e7ament\u00e1ria estadual com previs\u00e3o no or\u00e7amento&#8230;&#8221;<br \/><em><strong>Resposta:<\/strong><\/em>&nbsp;B: &#8220;inconstitucional, porque o legislador estadual n\u00e3o pode dispor de modo diferente&#8230;&#8221;<\/p>\n\n\n\n<p><strong>Quest\u00e3o 22:&nbsp;<\/strong>&#8220;A denominada &#8216;regra de ouro das finan\u00e7as p\u00fablicas&#8221;<br \/><em><strong>Respostas:<\/strong><\/em>&nbsp;<span style=\"text-decoration: underline;\">A<\/span>: &#8220;determina o equil\u00edbrio entre receitas e despesas&#8221; (doutrina); <br \/>                  <span style=\"text-decoration: underline;\">C<\/span>: veda a realiza\u00e7\u00e3o de opera\u00e7\u00f5es de cr\u00e9dito que excedam o montante das despesas&#8230; (art. 167, III, CF)<\/p>\n\n\n\n<p><strong>Quest\u00e3o 23:&nbsp;<\/strong>&#8220;Proposi\u00e7\u00e3o legislativa estadual que criar ren\u00fancia de receita a t\u00edtulo de&#8230;&#8221;<br \/><em><strong>Resposta:<\/strong><\/em>&nbsp;B: &#8220;n\u00e3o tem previs\u00e3o em norma constitucional e em lei complementar&#8221;<\/p>\n\n\n\n<p><strong>Quest\u00e3o 24:<\/strong> &#8220;O governador de determinado estado da Federa\u00e7\u00e3o pretende iniciar&#8230;&#8221;<br \/><em><strong>Resposta:<\/strong><\/em>&nbsp;B: &#8220;abrir cr\u00e9dito especial, ap\u00f3s autoriza\u00e7\u00e3o legislativa e indica\u00e7\u00e3o dos recursos&#8230;&#8221;<\/p>\n\n\n\n<p><strong>Quest\u00e3o 25:&nbsp;<\/strong>&#8220;Lei estadual autorizou a destina\u00e7\u00e3o de recursos a empresa p\u00fablica estadual&#8230;&#8221;<br \/><em><strong>Resposta:<\/strong><\/em>&nbsp;A: &#8220;corrente, no grupo de transfer\u00eancia corrente (subven\u00e7\u00e3o econ\u00f4mica)<\/p>\n\n\n\n<p><strong>Quest\u00e3o 26:&nbsp;<\/strong>&#8220;Relativamente \u00e0 disciplina constitucional dos precat\u00f3rios&#8230;&#8221;<br \/><em><strong>Resposta:<\/strong><\/em>&nbsp;D: &#8220;no per\u00edodo compreendido entre a data da realiza\u00e7\u00e3o dos c\u00e1lculos&#8230;&#8221;<\/p>\n\n\n\n<p><strong>Quest\u00e3o 27:&nbsp;<\/strong>&#8220;Acerca da transpar\u00eancia, do controle e da fiscaliza\u00e7\u00e3o das contas p\u00fablicas&#8230;&#8221;<br \/><em><strong>Resposta:<\/strong><\/em>&nbsp;C: &#8220;Se n\u00e3o encaminhar suas contas ao Poder Executivo da Uni\u00e3o no prazo&#8230;&#8221;<\/p>\n\n\n\n<p><strong>Quest\u00e3o 28:&nbsp;<\/strong>&#8220;Assinale a op\u00e7\u00e3o correta relativamente aos empr\u00e9stimos contra\u00eddos&#8230;&#8221;<br \/><em><strong>Resposta:<\/strong><\/em>&nbsp;C: &#8220;\u00c9 permitida a vincula\u00e7\u00e3o da receita do imposto&#8230;&#8221;<\/p>\n\n\n\n<p><strong>Quest\u00e3o 29:<\/strong> &#8220;A respeito das limita\u00e7\u00e3o ao poder de tributar, considerada a CF e a jurisprud\u00eancia&#8230;&#8221;<br \/><em><strong>Resposta:<\/strong><\/em>&nbsp;C: &#8220;Apenas os itens I e III est\u00e3o certos&#8221;<\/p>\n\n\n\n<p><strong>Quest\u00e3o 30:&nbsp;<\/strong>&#8220;Jo\u00e3o e Ricardo eram donos de uma loja de roupas em Fortaleza &#8211; CE&#8230;.&#8221;<br \/><em><strong>Resposta:<\/strong><\/em>&nbsp;D: &#8220;Em rela\u00e7\u00e3o aos impostos cujo fato gerador seja a propriedade do bem im\u00f3vel&#8230;&#8221;<\/p>\n\n\n\n<p><strong>Quest\u00e3o 31:&nbsp;<\/strong>&#8220;A respeito da extin\u00e7\u00e3o do cr\u00e9dito tribut\u00e1rio, assinale a op\u00e7\u00e3o correta: <br \/><em><strong>Resposta:<\/strong><\/em>&nbsp;B: &#8220;A transa\u00e7\u00e3o \u00e9 modalidade de extin\u00e7\u00e3o do cr\u00e9dito tribut\u00e1rio que depende&#8230;&#8221;<\/p>\n\n\n\n<p><strong>Quest\u00e3o 32:&nbsp;<\/strong>&#8220;A respeito do processo executivo fiscal, observada a Lei n.\u00ba 6.930\/1980&#8230;&#8221;<br \/><em><strong>Resposta:<\/strong><\/em>&nbsp;B: &#8220;Apenas os itens I e II est\u00e3o certos&#8221; <\/p>\n\n\n\n<p><strong>Quest\u00e3o 33<\/strong>: &#8220;Acerca da cobran\u00e7a do diferencial de al\u00edquota (DIFAL) de ICMS relativo&#8230;&#8221;<br \/><em><strong>Resposta:<\/strong><\/em>&nbsp;C: &#8220;A cobran\u00e7a de DIFAL-ICMS pressup\u00f5e a edi\u00e7\u00e3o de lei complementar&#8230;&#8221;<\/p>\n\n\n\n<p><strong>Quest\u00e3o 34:&nbsp;<\/strong>&#8220;Lucas, domiciliado no estado de Minas Gerais, vendeu a Jos\u00e9&#8230;&#8221;<br \/><em><strong>Resposta:<\/strong><\/em>&nbsp;A: &#8220;Relativamente ao exerc\u00edcio no qual a venda foi realizada, ausente&#8230;&#8221;<\/p>\n\n\n\n<p><strong>Quest\u00e3o 35:&nbsp;<\/strong>&#8220;Jorge, auditor fiscal da receita, em rotina de fiscaliza\u00e7\u00e3o&#8230;&#8221;<br \/><em><strong>Resposta:<\/strong><\/em>&nbsp;A: &#8220;O in\u00edcio do procedimento de fiscaliza\u00e7\u00e3o deve ser documentado&#8230;&#8221;<\/p>\n\n\n\n<p><strong>Quest\u00e3o 36:&nbsp;<\/strong>&#8220;A respeito da teoria do dom\u00ednio do fato formulada por Claus Roxin&#8230;&#8221;<br \/><em><strong>Resposta:<\/strong><\/em>&nbsp;A: A teoria em quest\u00e3o permite aferir o nexo de causalidade entre o crime&#8230;&#8221;<\/p>\n\n\n\n<p><strong>Quest\u00e3o 37:&nbsp;<\/strong>&#8220;A respeito das diversas modalidades de peculato, assinale a op\u00e7\u00e3o correta&#8221;<br \/><em><strong>Resposta:<\/strong><\/em>&nbsp;B: &#8220;Na situa\u00e7\u00e3o em que o agente se apropria ilicitamente de recursos p\u00fablicos&#8230;&#8221;<\/p>\n\n\n\n<p><strong>Quest\u00e3o 38:&nbsp;<\/strong>&#8220;Assinale a op\u00e7\u00e3o correta acerca dos crimes de lavagem ou oculta\u00e7\u00e3o de bens&#8230;&#8221;<br \/><em><strong>Resposta:<\/strong><\/em> D: &#8220;Em caso de colabora\u00e7\u00e3o espont\u00e2nea do agente com as autoridades, mediante&#8230;&#8221;<\/p>\n\n\n\n<p><strong>Quest\u00e3o 39:&nbsp;<\/strong>&#8220;A respeito dos efeitos da condena\u00e7\u00e3o penal, assinale a op\u00e7\u00e3o correta&#8221;<br \/><em><strong>Resposta:<\/strong><\/em>&nbsp;C: &#8220;Independentemente do <em>quantum<\/em> da pena aplicada, poder\u00e1 ser decretada&#8230;&#8221;<\/p>\n\n\n\n<p><strong>Quest\u00e3o 40:&nbsp;<\/strong>&#8220;A respeito dos crimes contra o meio ambiente&#8230;&#8221;<br \/><em><strong>Resposta:<\/strong><\/em>&nbsp;C: &#8220;A responsabiliza\u00e7\u00e3o penal da pessoa jur\u00eddica por crimes contra o meio ambiente&#8230;&#8221;<\/p>\n\n\n\n<p><strong>Quest\u00e3o 41:&nbsp;<\/strong>&#8220;A respeito da prescri\u00e7\u00e3o em mat\u00e9ria penal, assinale a op\u00e7\u00e3o correta&#8221;<br \/><em><strong>Resposta:<\/strong><\/em>&nbsp;A: &#8220;Antes de transitar em julgado a senten\u00e7a condenat\u00f3ria, o prazo prescricional&#8230;&#8221;<\/p>\n\n\n\n<p><strong>Quest\u00e3o 42:&nbsp;<\/strong>&#8220;Assinale a op\u00e7\u00e3o correta acerca do crime de furto&#8221;<br \/><em><strong>Resposta:<\/strong><\/em>&nbsp;C: &#8220;Conforme a orienta\u00e7\u00e3o pac\u00edfica do STJ, o furto se consuma no momento da invers\u00e3o&#8230;&#8221;<\/p>\n\n\n\n<p><strong>Quest\u00e3o 43:&nbsp;<\/strong>&#8220;Com refer\u00eancia aos crimes contra a administra\u00e7\u00e3o p\u00fablica, assinale a op\u00e7\u00e3o correta&#8221;<br \/><em><strong>Resposta:<\/strong><\/em> A: &#8220;No peculato culposo, a repara\u00e7\u00e3o integral do preju\u00edzo causado \u00e0 administra\u00e7\u00e3o p\u00fablica&#8230;&#8221;<\/p>\n\n\n\n<p><strong>Quest\u00e3o 44:&nbsp;<\/strong>&#8220;Assinale a op\u00e7\u00e3o correta sobre os crimes contra o meio ambiente, observando as disposi\u00e7\u00f5es&#8230;&#8221;<br \/><em><strong>Resposta:<\/strong><\/em>&nbsp;D: &#8220;O baixo grau de escolaridade do agente criminoso \u00e9 previsto como atenuante para crimes&#8230;&#8221;<\/p>\n\n\n\n<p><strong>Quest\u00e3o 45:&nbsp;<\/strong>&#8220;Francisco contratou empregada dom\u00e9stica, por\u00e9m, durante a rela\u00e7\u00e3o de emprego&#8230;&#8221;<br \/><em><strong>Resposta:<\/strong><\/em>&nbsp;B: &#8220;Mesmo que condenado por senten\u00e7a definitiva, caso Francisco realize o pagamento integral&#8230;&#8221;<\/p>\n\n\n\n<p><strong>Quest\u00e3o 46:&nbsp;<\/strong>&#8220;Tendo em vista que, no processo penal, as provas s\u00e3o de suma import\u00e2ncia na busca&#8230;&#8221;<br \/><em><strong>Resposta:<\/strong><\/em>&nbsp;<span style=\"text-decoration: underline;\">C<\/span>: &#8220;\u00c9 l\u00edcita a prova obtida pela v\u00edtima mediante capta\u00e7\u00e3o telef\u00f4nica realizada sem autoriza\u00e7\u00e3o&#8230;&#8221; (6\u00aa Turma STJ)<br \/>                <span style=\"text-decoration: underline;\">B<\/span>: Caso reconhe\u00e7a a ilicitude da intercepta\u00e7\u00e3o telef\u00f4nica, o juiz criminal dever\u00e1 determinar (art. 157, CPP. Discut\u00edvel para senten\u00e7a absolut\u00f3ria)<\/p>\n\n\n\n<p><strong>Quest\u00e3o 47:&nbsp;<\/strong>&#8220;O processo penal \u00e9 regido pelas fontes formais imediata e mediata&#8230;&#8221;<br \/><em><strong>Resposta:<\/strong><\/em>&nbsp;C: &#8220;Positivado no ordenamento jur\u00eddico brasileiro, o princ\u00edpio da contemporaneidade&#8230;&#8221;<\/p>\n\n\n\n<p><strong>Quest\u00e3o 48:&nbsp;<\/strong>&#8220;Considerando que, por vezes, o juiz criminal necessitar\u00e1 julgar fatos correlatos&#8230;&#8221;<br \/><em><strong>Resposta:<\/strong><\/em>&nbsp;A: &#8220;As quest\u00f5es prejudiciais possuem natureza estritamente processual, incidindo sobre&#8230;&#8221; (por exclus\u00e3o)<\/p>\n\n\n\n<p><strong>Quest\u00e3o 49:&nbsp;<\/strong>&#8220;Acerca do inqu\u00e9rito policial, que tem natureza administrativa e possui relev\u00e2ncia para a&#8230;&#8221;<br \/><em><strong>Resposta:<\/strong><\/em>&nbsp;B: &#8220;No inqu\u00e9rito em que se apura suposto crime de homic\u00eddio praticado por policial&#8230;&#8221;<\/p>\n\n\n\n<p><strong>Quest\u00e3o 50:&nbsp;<\/strong>&#8220;Acerca das cita\u00e7\u00f5es e intima\u00e7\u00f5es previstas no C\u00f3digo de Processo Penal&#8230;&#8221;<br \/><em><strong>Resposta:<\/strong><\/em>&nbsp;C: &#8220;\u00c9 vedada a cita\u00e7\u00e3o edital\u00edcia do r\u00e9u que tiver preso no mesmo estado da Federa\u00e7\u00e3o&#8230;&#8221;<\/p>\n\n\n\n<p><strong>Quest\u00e3o 51:&nbsp;<\/strong>&#8220;Admitir-se-\u00e1 o trancamento da a\u00e7\u00e3o penal pelo emprego de <em>habeas corpus<\/em> quando&#8230;&#8221;<br \/><em><strong>Resposta:<\/strong><\/em>&nbsp;C: &#8220;for demonstrada cabalmente a aus\u00eancia de justa causa&#8221;<\/p>\n\n\n\n<p><strong>Quest\u00e3o 52:&nbsp;<\/strong>&#8220;Com rela\u00e7\u00e3o ao recurso especial de natureza penal, assinale a op\u00e7\u00e3o correta&#8221;<br \/><em><strong>Resposta:<\/strong><\/em>&nbsp;B: &#8220;Aplica-se a regra do prazo em dobro para a DP para a interposi\u00e7\u00e3o desse recurso&#8221;<\/p>\n\n\n\n<p><strong>Quest\u00e3o 53:&nbsp;<\/strong>&#8220;As eventuais nulidades relativas ocorridas na instru\u00e7\u00e3o criminal do processo ordin\u00e1rio&#8230;&#8221;<br \/><em><strong>Resposta:<\/strong><\/em>&nbsp;B: &#8220;devem ser arguidas at\u00e9 as alega\u00e7\u00f5es finais&#8221;<\/p>\n\n\n\n<p><strong>Quest\u00e3o 54:&nbsp;<\/strong>&#8220;O <em>sursis<\/em> processual dever\u00e1 ser oferecido&#8221;<br \/><em><strong>Resposta:<\/strong><\/em>&nbsp;B: &#8220;no momento em que for oferecida a a\u00e7\u00e3o penal&#8221;<\/p>\n\n\n\n<p><strong>Quest\u00e3o 55:<\/strong> &#8220;Das decis\u00f5es proferidas pelo juiz das execu\u00e7\u00f5es cabe, em regra&#8221;<br \/><em><strong>Resposta:<\/strong><\/em>&nbsp;B: &#8220;agravo&#8221;<\/p>\n\n\n\n<p><strong>Quest\u00e3o 56:&nbsp;<\/strong>&#8220;Previsto na Pol\u00edtica Nacional do Meio Ambiente, o instrumento de prote\u00e7\u00e3o&#8230;&#8221;<br \/><em><strong>Resposta:<\/strong><\/em>&nbsp;C: &#8220;servid\u00e3o ambiental&#8221;<\/p>\n\n\n\n<p><strong>Quest\u00e3o 57:<\/strong> &#8220;Na lei que instituiu a Pol\u00edtica Nacional de Recursos H\u00eddricos&#8230;&#8221;<br \/><em><strong>Resposta:<\/strong><\/em>&nbsp;A: &#8220;objetivo&#8221;<\/p>\n\n\n\n<p><strong>Quest\u00e3o 58:&nbsp;<\/strong>&#8220;Conforme as diretrizes nacionais para o saneamento b\u00e1sico estabelecidas&#8230;&#8221;<br \/><em><strong>Resposta:<\/strong><\/em>&nbsp;B: &#8220;ao controle social&#8221;<\/p>\n\n\n\n<p><strong>Quest\u00e3o 59:&nbsp;<\/strong>&#8220;O entorno de uma unidade de conserva\u00e7\u00e3o, onde as atividades humanas&#8230;&#8221;<br \/><em><strong>Resposta:<\/strong><\/em>&nbsp;C: &#8220;zona de amortecimento&#8221;<\/p>\n\n\n\n<p><strong>Quest\u00e3o 60:&nbsp;<\/strong>&#8220;Ser\u00e1 considerada causa atenuante de pena por infra\u00e7\u00e3o \u00e0 disposi\u00e7\u00e3o&#8230;&#8221;<br \/><em><strong>Resposta:<\/strong><\/em>&nbsp;D: &#8220;menor grau de compreens\u00e3o do infrator&#8221;<\/p>\n\n\n\n<p><strong>Quest\u00e3o 61:&nbsp;<\/strong>&#8220;No ano de 2016, Jonas realizou um neg\u00f3cio jur\u00eddico com Raimunda&#8230;&#8221;<br \/><em><strong>Resposta:<\/strong><\/em>&nbsp;D: &#8220;O referido contrato de comodato \u00e9 nulo em raz\u00e3o da simula\u00e7\u00e3o&#8230;&#8221;<\/p>\n\n\n\n<p><strong>Quest\u00e3o 62:&nbsp;<\/strong>&#8220;Para escapar do ataque de um cachorro na rua, Joaquim pulou&#8230;&#8221;<br \/><em><strong>Resposta:<\/strong><\/em>&nbsp;A: &#8220;O ataque do animal n\u00e3o descaracteriza o ato il\u00edcito&#8230;&#8221;<\/p>\n\n\n\n<p><strong>Quest\u00e3o 63:&nbsp;<\/strong>&#8220;Assinale a op\u00e7\u00e3o correta a respeito do instituto da prescri\u00e7\u00e3o&#8230;&#8221;<br \/><em><strong>Resposta:<\/strong><\/em>&nbsp;A: &#8220;O pagamento da d\u00edvida prescrita caracteriza ren\u00fancia t\u00e1cita da prescri\u00e7\u00e3o&#8221;<\/p>\n\n\n\n<p><strong>Quest\u00e3o 64:&nbsp;<\/strong>&#8220;Com rela\u00e7\u00e3o a domic\u00edlio e direitos da personalidade&#8230;.&#8221;<br \/><em><strong>Resposta:<\/strong><\/em>&nbsp;A: &#8220;Ningu\u00e9m pode ser constrangido a submeter-se, com risco \u00e0 vida&#8230;&#8221;<\/p>\n\n\n\n<p><strong>Quest\u00e3o 65:&nbsp;<\/strong>&#8220;Jos\u00e9 adquiriu um ve\u00edculo automotor em 2018 por meio de financiamento&#8230;&#8221;<br \/><em><strong>Resposta:<\/strong><\/em>&nbsp;B: &#8220;perten\u00e7as e podem ser retirados pelo devedor fiduciante&#8221;<\/p>\n\n\n\n<p><strong>Quest\u00e3o 66:&nbsp;<\/strong>&#8220;Considerando os enunciados e teses decorrentes de julgamentos de recursos&#8230;.&#8221;<br \/><em><strong>Resposta:<\/strong><\/em>&nbsp;C: &#8220;Haver\u00e1 responsabilidade de indenizar pela empresa delegat\u00e1ria que explora&#8230;&#8221;<\/p>\n\n\n\n<p><strong>Quest\u00e3o 67:<\/strong> &#8220;De acordo com a disciplina legal que rege o contrato de loca\u00e7\u00e3o&#8230;&#8221;<br \/><em><strong>Resposta:<\/strong><\/em> A: &#8220;S\u00e3o deveres legais do locat\u00e1rio, entre outros: restituir o im\u00f3vel&#8230;&#8221;<\/p>\n\n\n\n<p><strong>Quest\u00e3o 68:&nbsp;<\/strong>&#8220;Josias, ao consultar um advogado, e convencido de que sua morte&#8230;&#8221;<br \/><em><strong>Resposta:<\/strong><\/em>&nbsp;C: &#8220;Nos termos da lei civil, se Josias for cego, ele somente poder\u00e1 dispor&#8230;&#8221;<\/p>\n\n\n\n<p><strong>Quest\u00e3o 69:<\/strong> &#8220;Acerca da classifica\u00e7\u00e3o dos contratos em esp\u00e9cie&#8230;&#8221;<br \/><em><strong>Resposta:<\/strong><\/em>&nbsp;C: &#8220;O contrato de fian\u00e7a, nos termos das disposi\u00e7\u00f5es do C\u00f3digo Civil&#8230;&#8221;<\/p>\n\n\n\n<p><strong>Quest\u00e3o 70:&nbsp;<\/strong>&#8220;Considerando os direitos reais de garantia&#8230;&#8221;<br \/><em><strong>Resposta:<\/strong><\/em> D: &#8220;S\u00e3o pr\u00e1ticas abusivas enunciadas pelo C\u00f3digo de Defesa do Consumidor&#8230;<\/p>\n\n\n\n<p><strong>Quest\u00e3o 71:&nbsp;<\/strong>&#8220;\u00c0 luz do C\u00f3digo de Processo Civil, julgue os itens a seguir&#8230;&#8221;<br \/><em><strong>Resposta:<\/strong><\/em>&nbsp;D: &#8220;Todos os itens est\u00e3o certos&#8221;<\/p>\n\n\n\n<p><strong>Quest\u00e3o 72:&nbsp;<\/strong>&#8220;Um cidad\u00e3o, representado pela Defensoria P\u00fablica do Estado do Cear\u00e1&#8230;&#8221;<br \/><em><strong>Resposta:<\/strong><\/em>&nbsp;B: &#8220;extinta por ilegitimidade passiva em rela\u00e7\u00e3o ao defensor p\u00fablico, sendo&#8230;&#8221;<\/p>\n\n\n\n<p><strong>Quest\u00e3o 73:&nbsp;<\/strong>&#8220;O Minist\u00e9rio P\u00fablico ajuizou a\u00e7\u00e3o civil p\u00fablica contra o estado do Cear\u00e1&#8230;&#8221;<br \/><em><strong>Resposta:<\/strong><\/em>&nbsp;A: &#8220;a APSR\/CE n\u00e3o poder\u00e1 interpor recurso de apela\u00e7\u00e3o contra a referida&#8230;&#8221;<\/p>\n\n\n\n<p><strong>Quest\u00e3o 74:&nbsp;<\/strong>&#8220;Na forma da lei processual vigente, as causas de suspens\u00e3o do processo&#8230;&#8221;<br \/><em><strong>Resposta:<\/strong><\/em>&nbsp;C: &#8220;Apenas os itens II e III est\u00e3o certos&#8221;<\/p>\n\n\n\n<p><strong>Quest\u00e3o 75:&nbsp;<\/strong>&#8220;Julgue os itens que se seguem, relativos \u00e0 cita\u00e7\u00e3o&#8221;<br \/><em><strong>Resposta:<\/strong><\/em>&nbsp;A: &#8220;Apenas os itens I e II est\u00e3o certos&#8221; <\/p>\n\n\n\n<p><strong>Quest\u00e3o 76:&nbsp;<\/strong>&#8220;Poder\u00e1 atuar como mediador extrajudicial qualquer pessoa capaz&#8230;&#8221;<br \/><em><strong>Resposta:<\/strong><\/em>&nbsp;B: &#8220;tenha a confian\u00e7a das partes&#8221;<\/p>\n\n\n\n<p><strong>Quest\u00e3o 77:&nbsp;<\/strong>&#8220;De acordo com a lei, citado pelo juiz de juizado especial da fazenda&#8230;&#8221;<br \/><em><strong>Resposta:<\/strong><\/em> B: &#8220;at\u00e9 a instala\u00e7\u00e3o da audi\u00eancia de concilia\u00e7\u00e3o&#8221; <\/p>\n\n\n\n<p><strong>Quest\u00e3o 78:&nbsp;<\/strong>&#8220;De acordo com o CPC, a reclama\u00e7\u00e3o constitucional pode ter por finalidade&#8230;&#8221;<br \/><em><strong>Resposta:<\/strong><\/em>&nbsp;A: &#8220;garantir a autoridade das decis\u00f5es do tribunal&#8221;<\/p>\n\n\n\n<p><strong>Quest\u00e3o 79:<\/strong> &#8220;O Estado, ao impugnar execu\u00e7\u00e3o sob alega\u00e7\u00e3o de que o exequente pleiteia&#8230;&#8221;<br \/><em><strong>Resposta:<\/strong><\/em>&nbsp;C: &#8220;declarar o valor correto&#8221;<\/p>\n\n\n\n<p><strong>Quest\u00e3o 80:&nbsp;<\/strong>&#8220;O juiz ser\u00e1 suspeito se&#8221;<br \/><em><strong>Resposta:<\/strong><\/em> D: &#8220;o r\u00e9u for credor do seu c\u00f4njuge&#8221;<\/p>\n\n\n\n<p><strong>Quest\u00e3o 81:<\/strong> &#8220;De acordo com a Constitui\u00e7\u00e3o Federal, quanto aos cr\u00e9ditos oriundos&#8230;&#8221;<br \/><em><strong>Resposta:<\/strong><\/em>&nbsp;B: &#8220;2 anos&#8221;<\/p>\n\n\n\n<p><strong>Quest\u00e3o 82:&nbsp;<\/strong>&#8220;Um trabalhador deseja usufruir os seus trinta dias de f\u00e9rias em tr\u00eas&#8230;&#8221;<br \/><em><strong>Resposta:<\/strong><\/em>&nbsp;B: &#8220;cinco &#8211; cinco &#8211; vinte&#8221;<\/p>\n\n\n\n<p><strong>Quest\u00e3o 83:&nbsp;<\/strong>De acordo com a CLT, as propostas de concilia\u00e7\u00e3o no processo trabalhista&#8230;&#8221;<br \/><em><strong>Resposta:<\/strong><\/em>&nbsp;D: &#8220;obrigat\u00f3rias nos dois casos&#8221;<\/p>\n\n\n\n<p><strong>Quest\u00e3o 84:&nbsp;<\/strong>De acordo com a CLT, cumpridas as demais formalidades, pode o empregador&#8230;&#8221;<br \/><em><strong>Resposta:<\/strong><\/em>&nbsp;D: &#8220;quinze dias&#8221;<\/p>\n\n\n\n<p><strong>Quest\u00e3o 85:&nbsp;<\/strong>&#8220;Os direitos do empregado sob contrato individual de trabalho tempor\u00e1rio incluem&#8230;&#8221;<br \/><em><strong>Resposta:<\/strong><\/em>&nbsp;C: &#8220;III e IV&#8221;<\/p>\n\n\n\n<p><strong>Quest\u00e3o 86:&nbsp;<\/strong>&#8220;A respeito da representa\u00e7\u00e3o processual e dos recursos, assinale a op\u00e7\u00e3o correta&#8221;<br \/><em><strong>Resposta:<\/strong><\/em>&nbsp;C: &#8220;Constatando irregularidade na representa\u00e7\u00e3o do ocorrido, o relator&#8230;&#8221;<\/p>\n\n\n\n<p><strong>Quest\u00e3o 87:&nbsp;<\/strong>&#8220;Assinale a op\u00e7\u00e3o correta no que diz respeito ao <em>jus postulandi&#8230;&#8221;<\/em><br \/><em><strong>Resposta:<\/strong><\/em> D: &#8220;O <em>jus postulandi<\/em> n\u00e3o \u00e9 aplic\u00e1vel quando se tratar de a\u00e7\u00e3o rescis\u00f3ria trabalhista&#8230;&#8221;<\/p>\n\n\n\n<p><strong>Quest\u00e3o 88:&nbsp;<\/strong>&#8220;Com refer\u00eancia ao processo de execu\u00e7\u00e3o e aos recursos no processo de execu\u00e7\u00e3o&#8230;&#8221;<br \/><em><strong>Resposta:<\/strong><\/em>&nbsp;B: &#8220;A justi\u00e7a do trabalho \u00e9 competente para a execu\u00e7\u00e3o, de of\u00edcio, da contribui\u00e7\u00e3o&#8230;&#8221;<\/p>\n\n\n\n<p><strong>Quest\u00e3o 89:<\/strong> &#8220;Acerca das hip\u00f3teses de cabimento da a\u00e7\u00e3o rescis\u00f3ria no processo do trabalho&#8230;&#8221;<br \/><em><strong>Resposta:<\/strong><\/em>&nbsp;A: &#8220;A aus\u00eancia de defesa na a\u00e7\u00e3o rescis\u00f3ria n\u00e3o implica confiss\u00e3o&#8221;<\/p>\n\n\n\n<p><strong>Quest\u00e3o 90:&nbsp;<\/strong>&#8220;Assinale a op\u00e7\u00e3o correta a respeito do mandado de seguran\u00e7a no processo do trabalho&#8221;<br \/><em><strong>Resposta:<\/strong><\/em> D: &#8220;Das decis\u00f5es proferidas pelos TRTs em mandado de seguran\u00e7a, \u00e9 cab\u00edvel recurso&#8230;&#8221;<\/p>\n\n\n\n<p><strong>Quest\u00e3o 91:&nbsp;<\/strong>&#8220;Com rela\u00e7\u00e3o \u00e0s regras de caracteriza\u00e7\u00e3o e de inscri\u00e7\u00e3o do empres\u00e1rio&#8230;&#8221;<br \/><em><strong>Resposta:<\/strong><\/em>&nbsp;B: &#8220;A associa\u00e7\u00e3o futebol\u00edstica em car\u00e1ter habitual e profissional poder\u00e1 inscrever-se&#8230;&#8221;<br \/>Art. 971, par\u00e1grafo \u00fanico, CC.<\/p>\n\n\n\n<p><strong>Quest\u00e3o 92:<\/strong> &#8220;Em face da responsabilidade patrimonial diante da assinatura de um cheque&#8230;.&#8221;<br \/><em><strong>Resposta:<\/strong><\/em>&nbsp;A: &#8220;A a\u00e7\u00e3o pode ser proposta contra o emitente do cheque e o seu avalista&#8221;<br \/>Art. 47, I, lei 7357\/85.<\/p>\n\n\n\n<p><strong>Quest\u00e3o 93:&nbsp;<\/strong>&#8220;Assinale a alternativa correta com refer\u00eancia \u00e0s regras sobre a sociedade limitada&#8230;&#8221;<br \/><em><strong>Resposta:<\/strong><\/em>&nbsp;A: &#8220;Quando omisso o contrato social, a cess\u00e3o, total ou parcial, da quota&#8230;&#8221;<br \/>Art. 1.057, CC<\/p>\n\n\n\n<p><strong>Quest\u00e3o 94:&nbsp;<\/strong>&#8220;No que se refere \u00e0s regras do C\u00f3digo Civil de 2002 pertinentes \u00e0 liquida\u00e7\u00e3o de sociedades&#8230;&#8221;<br \/><em><strong>Resposta:<\/strong><\/em>&nbsp;D: &#8220;Constitui dever do liquidante confessar a fal\u00eancia&#8230;&#8221;<br \/>Art. 1103, VII, CC<\/p>\n\n\n\n<p><strong>Quest\u00e3o 95:&nbsp;<\/strong>&#8220;Marta, interessada em celebrar um contrato de franquia empresarial&#8230;&#8221;<br \/><em><strong>Resposta:<\/strong><\/em>&nbsp;C: &#8220;Constatando-se que o comportamento da franqueada configurou aceita\u00e7\u00e3o&#8230;&#8221;<br \/>REsp 1.881.149-DF, Rel. Min. Nancy Andrighi, Terceira Turma, por unanimidade, julgado em 01\/06\/2021.<\/p>\n\n\n\n<p><strong>Quest\u00e3o 96:&nbsp;<\/strong>&#8220;\u00c9 segurado facultativo do regime geral de previd\u00eancia social&#8221;<br \/><em><strong>Resposta:<\/strong><\/em>&nbsp;B: &#8220;o estudante de ensino superior&#8221;<\/p>\n\n\n\n<p><strong>Quest\u00e3o 97:&nbsp;<\/strong>&#8220;O sal\u00e1rio de contribui\u00e7\u00e3o no regime geral de previd\u00eancia social&#8221;<br \/><em><strong>Resposta:<\/strong><\/em> D: &#8220;possui sempre um limite m\u00e1ximo, sendo este estendido como o teto do valor&#8230;&#8221;<\/p>\n\n\n\n<p><strong>Quest\u00e3o 98:<\/strong> &#8220;O sistema de previd\u00eancia complementar tem sido cada vez mais integrante&#8230;&#8221;<br \/><em><strong>Resposta:<\/strong><\/em>&nbsp;A: &#8220;As entidades fechadas de previd\u00eancia complementar devem organizar-se&#8230;&#8221;<\/p>\n\n\n\n<p><strong>Quest\u00e3o 99:<\/strong> &#8220;Acerca da legisla\u00e7\u00e3o acident\u00e1ria, regulamenta\u00e7\u00e3o do seguro de acidentes de trabalho&#8230;&#8221;<br \/><em><strong>Resposta:<\/strong><\/em>&nbsp;B: &#8220;Tamanha \u00e9 a import\u00e2ncia do cumprimento das normas de seguran\u00e7a e higiene&#8230;&#8221;<\/p>\n\n\n\n<p><strong>Quest\u00e3o 100:&nbsp;<\/strong>&#8220;Acerca dos direitos previdenci\u00e1rios dos procuradores do estado do Cear\u00e1&#8230;&#8221;<br \/><em><strong>Resposta:<\/strong><\/em> C: \u00c9 permitida a revers\u00e3o do inativo ao cargo de procurador do estado&#8230;&#8221;<\/p>\n\n\n\n<p class=\"has-text-align-center has-luminous-vivid-amber-background-color has-background has-medium-font-size\"><strong>Mais informa\u00e7\u00f5es: <a href=\"https:\/\/www.estrategiaconcursos.com.br\/blog\/concurso-pge-ce-procurador\" target=\"_blank\" rel=\"noreferrer noopener\">Concurso PGE CE Procurador<\/a> <\/strong><\/p>\n\n\n\n<h2 class=\"has-text-align-center wp-block-heading\" id=\"h-quer-saber-tudo-sobre-concursos-previstos-confira-nossos-artigos\">Quer saber tudo sobre concursos previstos?<br \/>Confira nossos artigos!<\/h2>\n\n\n\n<ul class=\"wp-block-list\"><li><a href=\"https:\/\/www.estrategiaconcursos.com.br\/blog\/concursos-abertos\/\" target=\"_blank\" rel=\"noreferrer noopener\">Concursos abertos<\/a><\/li><li><a href=\"https:\/\/www.estrategiaconcursos.com.br\/blog\/concursos-2021\/\" target=\"_blank\" rel=\"noreferrer noopener\">Concursos 2021<\/a><\/li><li><a href=\"https:\/\/www.estrategiaconcursos.com.br\/blog\/concursos-2022\/\" target=\"_blank\" rel=\"noreferrer noopener\">Concursos 2022<\/a><\/li><\/ul>\n\n\n\n<h2 class=\"has-text-align-center wp-block-heading\" id=\"curso\"><em><strong>Cursos e assinaturas <\/strong><\/em><\/h2>\n\n\n\n<div class=\"container\" id=\"boxes\">\n  <div class=\"row\">\n\n    <div class=\"col-sm\">\n      <div class=\"banner-ecj\" id=\"box-assinatura\">\n        <h3 class=\"titulo-assinatura\">Curso para Concurso PGE CE Procurador<\/h3>\n        <p class=\"subtitulo-assinatura\">Cursos focados no edital do concurso<\/p>\n        <div class=\"box-botao\">\n          <a class=\"btn-assinatura\" target=\"_blank\" href=\"https:\/\/www.estrategiaconcursos.com.br\/cursosPorConcurso\/pge-ce-procuradoria-geral-do-estado-do-ceara\/\" role=\"button\" rel=\"noopener noreferrer\">Conhe\u00e7a mais<\/a>\n        <\/div>\n      <\/div>\n     \n    <\/div>\n\n  <\/div>\n<\/div>\n\n\n\n<div class=\"container\" id=\"boxes\">\n  <div class=\"row\">\n\n    <div class=\"col-sm\">\n      <div class=\"banner-ecj\" id=\"box-assinatura\">\n        <h3 class=\"titulo-assinatura\">Assinatura Jur\u00eddica <\/h3>\n        <p class=\"subtitulo-assinatura\">Conhe\u00e7a os planos<\/p>\n        <div class=\"box-botao\">\n          <a class=\"btn-assinatura\" target=\"_blank\" href=\"https:\/\/www.estrategiaconcursos.com.br\/assinaturas-ecj\/\" role=\"button\" rel=\"noopener noreferrer\">Conhe\u00e7a mais<\/a>\n        <\/div>\n      <\/div>\n   \n    <\/div>\n\n  <\/div>\n<\/div>\n","protected":false},"excerpt":{"rendered":"<p>Neste domingo, 12 de novembro, foi aplicada a prova objetiva do concurso p\u00fablico PGE CE para o cargo de Procurador do Estado do Cear\u00e1. E para ajudar a diminuir um pouco sua ansiedade de descobrir se foi bem ou n\u00e3o em um concurso t\u00e3o visado e importante como esse,&nbsp;realizamos a corre\u00e7\u00e3o com o Gabarito Extraoficial [&hellip;]<\/p>\n","protected":false},"author":1,"featured_media":923721,"comment_status":"open","ping_status":"closed","sticky":false,"template":"","format":"standard","meta":{"post_tipo":"news","footnotes":""},"categories":[220196],"tags":[],"tax_estado":[219969],"class_list":["post-923697","post","type-post","status-publish","format-standard","has-post-thumbnail","hentry","category-procuradorias","tax_estado-ce"],"acf":[],"yoast_head":"<!-- This site is optimized with the Yoast SEO Premium plugin v27.2 (Yoast SEO v27.2) - https:\/\/yoast.com\/product\/yoast-seo-premium-wordpress\/ -->\n<title>Gabarito Extraoficial Procurador PGE CE: corre\u00e7\u00e3o da prova!<\/title>\n<meta name=\"description\" content=\"Confira, na noite deste domingo, o Gabarito Extraoficial Procurador PGE CE e descubra, com anteced\u00eancia, seu desempenho na prova de hoje!\" \/>\n<meta name=\"robots\" content=\"index, follow, max-snippet:-1, max-image-preview:large, max-video-preview:-1\" \/>\n<link rel=\"canonical\" href=\"https:\/\/www.estrategiaconcursos.com.br\/blog\/gabarito-extraoficial-procurador-pge-ce\/\" \/>\n<meta property=\"og:locale\" content=\"pt_BR\" \/>\n<meta property=\"og:type\" content=\"article\" \/>\n<meta property=\"og:title\" content=\"Gabarito Extraoficial Procurador PGE CE: corre\u00e7\u00e3o da prova!\" \/>\n<meta property=\"og:description\" content=\"Confira, na noite deste domingo, o Gabarito Extraoficial Procurador PGE CE e descubra, com anteced\u00eancia, seu desempenho na prova de hoje!\" \/>\n<meta property=\"og:url\" content=\"https:\/\/www.estrategiaconcursos.com.br\/blog\/gabarito-extraoficial-procurador-pge-ce\/\" \/>\n<meta property=\"og:site_name\" content=\"Estrat\u00e9gia Concursos\" \/>\n<meta property=\"article:author\" content=\"https:\/\/www.facebook.com\/EstrategiaConcursos\" \/>\n<meta property=\"article:published_time\" content=\"2021-12-12T19:04:00+00:00\" \/>\n<meta property=\"article:modified_time\" content=\"2021-12-17T17:36:47+00:00\" \/>\n<meta property=\"og:image\" content=\"https:\/\/dhg1h5j42swfq.cloudfront.net\/2021\/12\/06181248\/1280-720-max-8-1.jpg\" \/>\n\t<meta property=\"og:image:width\" content=\"1280\" \/>\n\t<meta property=\"og:image:height\" content=\"720\" \/>\n\t<meta property=\"og:image:type\" content=\"image\/jpeg\" \/>\n<meta name=\"author\" content=\"Coordena\u00e7\u00e3o\" \/>\n<meta name=\"twitter:card\" content=\"summary_large_image\" \/>\n<meta name=\"twitter:creator\" content=\"@EstratConcursos\" \/>\n<meta name=\"twitter:site\" content=\"@EstratConcursos\" \/>\n<meta name=\"twitter:label1\" content=\"Escrito por\" \/>\n\t<meta name=\"twitter:data1\" content=\"Coordena\u00e7\u00e3o\" \/>\n\t<meta name=\"twitter:label2\" content=\"Est. tempo de leitura\" \/>\n\t<meta name=\"twitter:data2\" content=\"13 minutos\" \/>\n<script type=\"application\/ld+json\" class=\"yoast-schema-graph\">{\"@context\":\"https:\/\/schema.org\",\"@graph\":[{\"@type\":\"NewsArticle\",\"@id\":\"https:\/\/www.estrategiaconcursos.com.br\/blog\/gabarito-extraoficial-procurador-pge-ce\/#article\",\"isPartOf\":{\"@id\":\"https:\/\/www.estrategiaconcursos.com.br\/blog\/gabarito-extraoficial-procurador-pge-ce\/\"},\"author\":{\"name\":\"Coordena\u00e7\u00e3o\",\"@id\":\"https:\/\/www.estrategiaconcursos.com.br\/blog\/#\/schema\/person\/b4a388c97673c5f483d72185668afa1f\"},\"headline\":\"Gabarito Extraoficial Procurador PGE CE: corre\u00e7\u00e3o da prova!\",\"datePublished\":\"2021-12-12T19:04:00+00:00\",\"dateModified\":\"2021-12-17T17:36:47+00:00\",\"mainEntityOfPage\":{\"@id\":\"https:\/\/www.estrategiaconcursos.com.br\/blog\/gabarito-extraoficial-procurador-pge-ce\/\"},\"wordCount\":3305,\"commentCount\":0,\"publisher\":{\"@id\":\"https:\/\/www.estrategiaconcursos.com.br\/blog\/#organization\"},\"image\":{\"@id\":\"https:\/\/www.estrategiaconcursos.com.br\/blog\/gabarito-extraoficial-procurador-pge-ce\/#primaryimage\"},\"thumbnailUrl\":\"https:\/\/dhg1h5j42swfq.cloudfront.net\/2021\/12\/06181248\/1280-720-max-8-1.jpg\",\"articleSection\":[\"Jur\u00eddico - Procuradorias\"],\"inLanguage\":\"pt-BR\",\"potentialAction\":[{\"@type\":\"CommentAction\",\"name\":\"Comment\",\"target\":[\"https:\/\/www.estrategiaconcursos.com.br\/blog\/gabarito-extraoficial-procurador-pge-ce\/#respond\"]}],\"copyrightYear\":\"2021\",\"copyrightHolder\":{\"@id\":\"https:\/\/www.estrategiaconcursos.com.br\/blog\/#organization\"}},{\"@type\":\"WebPage\",\"@id\":\"https:\/\/www.estrategiaconcursos.com.br\/blog\/gabarito-extraoficial-procurador-pge-ce\/\",\"url\":\"https:\/\/www.estrategiaconcursos.com.br\/blog\/gabarito-extraoficial-procurador-pge-ce\/\",\"name\":\"Gabarito Extraoficial Procurador PGE CE: corre\u00e7\u00e3o da prova!\",\"isPartOf\":{\"@id\":\"https:\/\/www.estrategiaconcursos.com.br\/blog\/#website\"},\"primaryImageOfPage\":{\"@id\":\"https:\/\/www.estrategiaconcursos.com.br\/blog\/gabarito-extraoficial-procurador-pge-ce\/#primaryimage\"},\"image\":{\"@id\":\"https:\/\/www.estrategiaconcursos.com.br\/blog\/gabarito-extraoficial-procurador-pge-ce\/#primaryimage\"},\"thumbnailUrl\":\"https:\/\/dhg1h5j42swfq.cloudfront.net\/2021\/12\/06181248\/1280-720-max-8-1.jpg\",\"datePublished\":\"2021-12-12T19:04:00+00:00\",\"dateModified\":\"2021-12-17T17:36:47+00:00\",\"description\":\"Confira, na noite deste domingo, o Gabarito Extraoficial Procurador PGE CE e descubra, com anteced\u00eancia, seu desempenho na prova de hoje!\",\"breadcrumb\":{\"@id\":\"https:\/\/www.estrategiaconcursos.com.br\/blog\/gabarito-extraoficial-procurador-pge-ce\/#breadcrumb\"},\"inLanguage\":\"pt-BR\",\"potentialAction\":[{\"@type\":\"ReadAction\",\"target\":[\"https:\/\/www.estrategiaconcursos.com.br\/blog\/gabarito-extraoficial-procurador-pge-ce\/\"]}]},{\"@type\":\"ImageObject\",\"inLanguage\":\"pt-BR\",\"@id\":\"https:\/\/www.estrategiaconcursos.com.br\/blog\/gabarito-extraoficial-procurador-pge-ce\/#primaryimage\",\"url\":\"https:\/\/dhg1h5j42swfq.cloudfront.net\/2021\/12\/06181248\/1280-720-max-8-1.jpg\",\"contentUrl\":\"https:\/\/dhg1h5j42swfq.cloudfront.net\/2021\/12\/06181248\/1280-720-max-8-1.jpg\",\"width\":1280,\"height\":720,\"caption\":\"Extraoficial Procurador PGE CE\"},{\"@type\":\"BreadcrumbList\",\"@id\":\"https:\/\/www.estrategiaconcursos.com.br\/blog\/gabarito-extraoficial-procurador-pge-ce\/#breadcrumb\",\"itemListElement\":[{\"@type\":\"ListItem\",\"position\":1,\"name\":\"In\u00edcio\",\"item\":\"https:\/\/www.estrategiaconcursos.com.br\/blog\/\"},{\"@type\":\"ListItem\",\"position\":2,\"name\":\"Gabarito Extraoficial Procurador PGE CE: corre\u00e7\u00e3o da prova!\"}]},{\"@type\":\"WebSite\",\"@id\":\"https:\/\/www.estrategiaconcursos.com.br\/blog\/#website\",\"url\":\"https:\/\/www.estrategiaconcursos.com.br\/blog\/\",\"name\":\"Estrat\u00e9gia Concursos\",\"description\":\"O blog da Estrat\u00e9gia Concursos traz not\u00edcias sobre concursos e artigos de professores oferecendo cursos para concursos (pdf + videaulas) no site.\",\"publisher\":{\"@id\":\"https:\/\/www.estrategiaconcursos.com.br\/blog\/#organization\"},\"potentialAction\":[{\"@type\":\"SearchAction\",\"target\":{\"@type\":\"EntryPoint\",\"urlTemplate\":\"https:\/\/www.estrategiaconcursos.com.br\/blog\/?s={search_term_string}\"},\"query-input\":{\"@type\":\"PropertyValueSpecification\",\"valueRequired\":true,\"valueName\":\"search_term_string\"}}],\"inLanguage\":\"pt-BR\"},{\"@type\":\"Organization\",\"@id\":\"https:\/\/www.estrategiaconcursos.com.br\/blog\/#organization\",\"name\":\"Estrat\u00e9gia Concursos\",\"url\":\"https:\/\/www.estrategiaconcursos.com.br\/blog\/\",\"logo\":{\"@type\":\"ImageObject\",\"inLanguage\":\"pt-BR\",\"@id\":\"https:\/\/www.estrategiaconcursos.com.br\/blog\/#\/schema\/logo\/image\/\",\"url\":\"https:\/\/dhg1h5j42swfq.cloudfront.net\/2025\/06\/03203428\/logo_concursos-1.jpg\",\"contentUrl\":\"https:\/\/dhg1h5j42swfq.cloudfront.net\/2025\/06\/03203428\/logo_concursos-1.jpg\",\"width\":230,\"height\":60,\"caption\":\"Estrat\u00e9gia Concursos\"},\"image\":{\"@id\":\"https:\/\/www.estrategiaconcursos.com.br\/blog\/#\/schema\/logo\/image\/\"},\"sameAs\":[\"https:\/\/x.com\/EstratConcursos\"]},{\"@type\":\"Person\",\"@id\":\"https:\/\/www.estrategiaconcursos.com.br\/blog\/#\/schema\/person\/b4a388c97673c5f483d72185668afa1f\",\"name\":\"Coordena\u00e7\u00e3o\",\"image\":{\"@type\":\"ImageObject\",\"inLanguage\":\"pt-BR\",\"@id\":\"https:\/\/secure.gravatar.com\/avatar\/b720319e4c9a967eb58678d110f4fe35452fc5d5f97b202bac7b8acceb18c6ad?s=96&d=mm&r=g\",\"url\":\"https:\/\/secure.gravatar.com\/avatar\/b720319e4c9a967eb58678d110f4fe35452fc5d5f97b202bac7b8acceb18c6ad?s=96&d=mm&r=g\",\"contentUrl\":\"https:\/\/secure.gravatar.com\/avatar\/b720319e4c9a967eb58678d110f4fe35452fc5d5f97b202bac7b8acceb18c6ad?s=96&d=mm&r=g\",\"caption\":\"Coordena\u00e7\u00e3o\"},\"sameAs\":[\"https:\/\/www.facebook.com\/EstrategiaConcursos\",\"https:\/\/x.com\/EstratConcursos\"],\"url\":\"https:\/\/www.estrategiaconcursos.com.br\/blog\/author\/estrategia2013\/\"}]}<\/script>\n<!-- \/ Yoast SEO Premium plugin. -->","yoast_head_json":{"title":"Gabarito Extraoficial Procurador PGE CE: corre\u00e7\u00e3o da prova!","description":"Confira, na noite deste domingo, o Gabarito Extraoficial Procurador PGE CE e descubra, com anteced\u00eancia, seu desempenho na prova de hoje!","robots":{"index":"index","follow":"follow","max-snippet":"max-snippet:-1","max-image-preview":"max-image-preview:large","max-video-preview":"max-video-preview:-1"},"canonical":"https:\/\/www.estrategiaconcursos.com.br\/blog\/gabarito-extraoficial-procurador-pge-ce\/","og_locale":"pt_BR","og_type":"article","og_title":"Gabarito Extraoficial Procurador PGE CE: corre\u00e7\u00e3o da prova!","og_description":"Confira, na noite deste domingo, o Gabarito Extraoficial Procurador PGE CE e descubra, com anteced\u00eancia, seu desempenho na prova de hoje!","og_url":"https:\/\/www.estrategiaconcursos.com.br\/blog\/gabarito-extraoficial-procurador-pge-ce\/","og_site_name":"Estrat\u00e9gia Concursos","article_author":"https:\/\/www.facebook.com\/EstrategiaConcursos","article_published_time":"2021-12-12T19:04:00+00:00","article_modified_time":"2021-12-17T17:36:47+00:00","og_image":[{"width":1280,"height":720,"url":"https:\/\/dhg1h5j42swfq.cloudfront.net\/2021\/12\/06181248\/1280-720-max-8-1.jpg","type":"image\/jpeg"}],"author":"Coordena\u00e7\u00e3o","twitter_card":"summary_large_image","twitter_creator":"@EstratConcursos","twitter_site":"@EstratConcursos","twitter_misc":{"Escrito por":"Coordena\u00e7\u00e3o","Est. tempo de leitura":"13 minutos"},"schema":{"@context":"https:\/\/schema.org","@graph":[{"@type":"NewsArticle","@id":"https:\/\/www.estrategiaconcursos.com.br\/blog\/gabarito-extraoficial-procurador-pge-ce\/#article","isPartOf":{"@id":"https:\/\/www.estrategiaconcursos.com.br\/blog\/gabarito-extraoficial-procurador-pge-ce\/"},"author":{"name":"Coordena\u00e7\u00e3o","@id":"https:\/\/www.estrategiaconcursos.com.br\/blog\/#\/schema\/person\/b4a388c97673c5f483d72185668afa1f"},"headline":"Gabarito Extraoficial Procurador PGE CE: corre\u00e7\u00e3o da prova!","datePublished":"2021-12-12T19:04:00+00:00","dateModified":"2021-12-17T17:36:47+00:00","mainEntityOfPage":{"@id":"https:\/\/www.estrategiaconcursos.com.br\/blog\/gabarito-extraoficial-procurador-pge-ce\/"},"wordCount":3305,"commentCount":0,"publisher":{"@id":"https:\/\/www.estrategiaconcursos.com.br\/blog\/#organization"},"image":{"@id":"https:\/\/www.estrategiaconcursos.com.br\/blog\/gabarito-extraoficial-procurador-pge-ce\/#primaryimage"},"thumbnailUrl":"https:\/\/dhg1h5j42swfq.cloudfront.net\/2021\/12\/06181248\/1280-720-max-8-1.jpg","articleSection":["Jur\u00eddico - Procuradorias"],"inLanguage":"pt-BR","potentialAction":[{"@type":"CommentAction","name":"Comment","target":["https:\/\/www.estrategiaconcursos.com.br\/blog\/gabarito-extraoficial-procurador-pge-ce\/#respond"]}],"copyrightYear":"2021","copyrightHolder":{"@id":"https:\/\/www.estrategiaconcursos.com.br\/blog\/#organization"}},{"@type":"WebPage","@id":"https:\/\/www.estrategiaconcursos.com.br\/blog\/gabarito-extraoficial-procurador-pge-ce\/","url":"https:\/\/www.estrategiaconcursos.com.br\/blog\/gabarito-extraoficial-procurador-pge-ce\/","name":"Gabarito Extraoficial Procurador PGE CE: corre\u00e7\u00e3o da prova!","isPartOf":{"@id":"https:\/\/www.estrategiaconcursos.com.br\/blog\/#website"},"primaryImageOfPage":{"@id":"https:\/\/www.estrategiaconcursos.com.br\/blog\/gabarito-extraoficial-procurador-pge-ce\/#primaryimage"},"image":{"@id":"https:\/\/www.estrategiaconcursos.com.br\/blog\/gabarito-extraoficial-procurador-pge-ce\/#primaryimage"},"thumbnailUrl":"https:\/\/dhg1h5j42swfq.cloudfront.net\/2021\/12\/06181248\/1280-720-max-8-1.jpg","datePublished":"2021-12-12T19:04:00+00:00","dateModified":"2021-12-17T17:36:47+00:00","description":"Confira, na noite deste domingo, o Gabarito Extraoficial Procurador PGE CE e descubra, com anteced\u00eancia, seu desempenho na prova de hoje!","breadcrumb":{"@id":"https:\/\/www.estrategiaconcursos.com.br\/blog\/gabarito-extraoficial-procurador-pge-ce\/#breadcrumb"},"inLanguage":"pt-BR","potentialAction":[{"@type":"ReadAction","target":["https:\/\/www.estrategiaconcursos.com.br\/blog\/gabarito-extraoficial-procurador-pge-ce\/"]}]},{"@type":"ImageObject","inLanguage":"pt-BR","@id":"https:\/\/www.estrategiaconcursos.com.br\/blog\/gabarito-extraoficial-procurador-pge-ce\/#primaryimage","url":"https:\/\/dhg1h5j42swfq.cloudfront.net\/2021\/12\/06181248\/1280-720-max-8-1.jpg","contentUrl":"https:\/\/dhg1h5j42swfq.cloudfront.net\/2021\/12\/06181248\/1280-720-max-8-1.jpg","width":1280,"height":720,"caption":"Extraoficial Procurador PGE CE"},{"@type":"BreadcrumbList","@id":"https:\/\/www.estrategiaconcursos.com.br\/blog\/gabarito-extraoficial-procurador-pge-ce\/#breadcrumb","itemListElement":[{"@type":"ListItem","position":1,"name":"In\u00edcio","item":"https:\/\/www.estrategiaconcursos.com.br\/blog\/"},{"@type":"ListItem","position":2,"name":"Gabarito Extraoficial Procurador PGE CE: corre\u00e7\u00e3o da prova!"}]},{"@type":"WebSite","@id":"https:\/\/www.estrategiaconcursos.com.br\/blog\/#website","url":"https:\/\/www.estrategiaconcursos.com.br\/blog\/","name":"Estrat\u00e9gia Concursos","description":"O blog da Estrat\u00e9gia Concursos traz not\u00edcias sobre concursos e artigos de professores oferecendo cursos para concursos (pdf + videaulas) no site.","publisher":{"@id":"https:\/\/www.estrategiaconcursos.com.br\/blog\/#organization"},"potentialAction":[{"@type":"SearchAction","target":{"@type":"EntryPoint","urlTemplate":"https:\/\/www.estrategiaconcursos.com.br\/blog\/?s={search_term_string}"},"query-input":{"@type":"PropertyValueSpecification","valueRequired":true,"valueName":"search_term_string"}}],"inLanguage":"pt-BR"},{"@type":"Organization","@id":"https:\/\/www.estrategiaconcursos.com.br\/blog\/#organization","name":"Estrat\u00e9gia Concursos","url":"https:\/\/www.estrategiaconcursos.com.br\/blog\/","logo":{"@type":"ImageObject","inLanguage":"pt-BR","@id":"https:\/\/www.estrategiaconcursos.com.br\/blog\/#\/schema\/logo\/image\/","url":"https:\/\/dhg1h5j42swfq.cloudfront.net\/2025\/06\/03203428\/logo_concursos-1.jpg","contentUrl":"https:\/\/dhg1h5j42swfq.cloudfront.net\/2025\/06\/03203428\/logo_concursos-1.jpg","width":230,"height":60,"caption":"Estrat\u00e9gia Concursos"},"image":{"@id":"https:\/\/www.estrategiaconcursos.com.br\/blog\/#\/schema\/logo\/image\/"},"sameAs":["https:\/\/x.com\/EstratConcursos"]},{"@type":"Person","@id":"https:\/\/www.estrategiaconcursos.com.br\/blog\/#\/schema\/person\/b4a388c97673c5f483d72185668afa1f","name":"Coordena\u00e7\u00e3o","image":{"@type":"ImageObject","inLanguage":"pt-BR","@id":"https:\/\/secure.gravatar.com\/avatar\/b720319e4c9a967eb58678d110f4fe35452fc5d5f97b202bac7b8acceb18c6ad?s=96&d=mm&r=g","url":"https:\/\/secure.gravatar.com\/avatar\/b720319e4c9a967eb58678d110f4fe35452fc5d5f97b202bac7b8acceb18c6ad?s=96&d=mm&r=g","contentUrl":"https:\/\/secure.gravatar.com\/avatar\/b720319e4c9a967eb58678d110f4fe35452fc5d5f97b202bac7b8acceb18c6ad?s=96&d=mm&r=g","caption":"Coordena\u00e7\u00e3o"},"sameAs":["https:\/\/www.facebook.com\/EstrategiaConcursos","https:\/\/x.com\/EstratConcursos"],"url":"https:\/\/www.estrategiaconcursos.com.br\/blog\/author\/estrategia2013\/"}]}},"_links":{"self":[{"href":"https:\/\/www.estrategiaconcursos.com.br\/blog\/wp-json\/wp\/v2\/posts\/923697","targetHints":{"allow":["GET"]}}],"collection":[{"href":"https:\/\/www.estrategiaconcursos.com.br\/blog\/wp-json\/wp\/v2\/posts"}],"about":[{"href":"https:\/\/www.estrategiaconcursos.com.br\/blog\/wp-json\/wp\/v2\/types\/post"}],"author":[{"embeddable":true,"href":"https:\/\/www.estrategiaconcursos.com.br\/blog\/wp-json\/wp\/v2\/users\/1"}],"replies":[{"embeddable":true,"href":"https:\/\/www.estrategiaconcursos.com.br\/blog\/wp-json\/wp\/v2\/comments?post=923697"}],"version-history":[{"count":98,"href":"https:\/\/www.estrategiaconcursos.com.br\/blog\/wp-json\/wp\/v2\/posts\/923697\/revisions"}],"predecessor-version":[{"id":931716,"href":"https:\/\/www.estrategiaconcursos.com.br\/blog\/wp-json\/wp\/v2\/posts\/923697\/revisions\/931716"}],"wp:featuredmedia":[{"embeddable":true,"href":"https:\/\/www.estrategiaconcursos.com.br\/blog\/wp-json\/wp\/v2\/media\/923721"}],"wp:attachment":[{"href":"https:\/\/www.estrategiaconcursos.com.br\/blog\/wp-json\/wp\/v2\/media?parent=923697"}],"wp:term":[{"taxonomy":"category","embeddable":true,"href":"https:\/\/www.estrategiaconcursos.com.br\/blog\/wp-json\/wp\/v2\/categories?post=923697"},{"taxonomy":"post_tag","embeddable":true,"href":"https:\/\/www.estrategiaconcursos.com.br\/blog\/wp-json\/wp\/v2\/tags?post=923697"},{"taxonomy":"tax_estado","embeddable":true,"href":"https:\/\/www.estrategiaconcursos.com.br\/blog\/wp-json\/wp\/v2\/tax_estado?post=923697"}],"curies":[{"name":"wp","href":"https:\/\/api.w.org\/{rel}","templated":true}]}}