{"id":923220,"date":"2021-12-06T10:02:28","date_gmt":"2021-12-06T13:02:28","guid":{"rendered":"https:\/\/www.estrategiaconcursos.com.br\/blog\/?p=923220"},"modified":"2023-02-09T13:45:15","modified_gmt":"2023-02-09T16:45:15","slug":"tjsc-hora-da-verdade","status":"publish","type":"post","link":"https:\/\/www.estrategiaconcursos.com.br\/blog\/tjsc-hora-da-verdade\/","title":{"rendered":"TJSC: Hora da Verdade! De 06 a 10\/12\/2021"},"content":{"rendered":"\n<p>Reforce sua prepara\u00e7\u00e3o para o <strong>concurso TJSC com o evento Hora da Verdade<\/strong>! As aulas ser\u00e3o ministradas do dia 06 ao dia 10 de dezembro diretamente do <a href=\"https:\/\/www.youtube.com\/channel\/UChvwkhC3eHxJsVxW_ItDjdA\" target=\"_blank\" rel=\"noreferrer noopener\">canal do Estrat\u00e9gia Concursos no Youtube<\/a>. Veja abaixo: <\/p>\n\n\n\n<h3 class=\"wp-block-heading\">TJSC: cronograma<\/h3>\n\n\n\n<figure class=\"wp-block-table is-style-stripes\"><table><tbody><tr><td class=\"has-text-align-center\" data-align=\"center\"><strong>Hor\u00e1rio<\/strong><\/td><td class=\"has-text-align-center\" data-align=\"center\"><strong>Disciplina<\/strong><\/td><td class=\"has-text-align-center\" data-align=\"center\"><strong>Professor<\/strong><\/td><\/tr><tr><td class=\"has-text-align-center\" data-align=\"center\">06\/12, \u00e0s 8h30<\/td><td class=\"has-text-align-center\" data-align=\"center\">No\u00e7\u00f5es de Direito Constitucional<\/td><td class=\"has-text-align-center\" data-align=\"center\">Adriane Fauth<\/td><\/tr><tr><td class=\"has-text-align-center\" data-align=\"center\">06\/12, \u00e0s 14h<\/td><td class=\"has-text-align-center\" data-align=\"center\">No\u00e7\u00f5es de Direito Penal<\/td><td class=\"has-text-align-center\" data-align=\"center\">Ant\u00f4nio Pequeno<\/td><\/tr><tr><td class=\"has-text-align-center\" data-align=\"center\">06\/12, \u00e0s 19h<\/td><td class=\"has-text-align-center\" data-align=\"center\">No\u00e7\u00f5es de Administra\u00e7\u00e3o P\u00fablica e Administra\u00e7\u00e3o Financeira<\/td><td class=\"has-text-align-center\" data-align=\"center\">Vinicius Nascimento<\/td><\/tr><tr><td class=\"has-text-align-center\" data-align=\"center\">07\/12, \u00e0s 8h30<\/td><td class=\"has-text-align-center\" data-align=\"center\">No\u00e7\u00f5es dos Direitos das Pessoas com Defici\u00eancia<\/td><td class=\"has-text-align-center\" data-align=\"center\">G\u00e9ssica Ehle<\/td><\/tr><tr><td class=\"has-text-align-center\" data-align=\"center\">07\/12, \u00e0s 14h<\/td><td class=\"has-text-align-center\" data-align=\"center\">Racioc\u00ednio l\u00f3gico-matem\u00e1tico<\/td><td class=\"has-text-align-center\" data-align=\"center\">Carlos Henrique<\/td><\/tr><tr><td class=\"has-text-align-center\" data-align=\"center\">07\/12, \u00e0s 19h<\/td><td class=\"has-text-align-center\" data-align=\"center\">Finan\u00e7as P\u00fablicas<\/td><td class=\"has-text-align-center\" data-align=\"center\">Amanda Aires<\/td><\/tr><tr><td class=\"has-text-align-center\" data-align=\"center\">08\/12, \u00e0s 8h30<\/td><td class=\"has-text-align-center\" data-align=\"center\">Estatuto dos Servidores P\u00fablicos Civis do Estado de Santa Catarina, Regimento Interno e<br \/>C\u00f3digo de Organiza\u00e7\u00e3o Judici\u00e1ria<\/td><td class=\"has-text-align-center\" data-align=\"center\">Tiago Zanolla<\/td><\/tr><tr><td class=\"has-text-align-center\" data-align=\"center\">08\/12, \u00e0s 14h<\/td><td class=\"has-text-align-center\" data-align=\"center\">No\u00e7\u00f5es de Direito Civil<\/td><td class=\"has-text-align-center\" data-align=\"center\">Paulo Sousa<\/td><\/tr><tr><td class=\"has-text-align-center\" data-align=\"center\">08\/12, \u00e0s 19h<\/td><td class=\"has-text-align-center\" data-align=\"center\">Rela\u00e7\u00f5es Trabalhistas. Legisla\u00e7\u00f5es<\/td><td class=\"has-text-align-center\" data-align=\"center\">Bruno Klippel<\/td><\/tr><tr><td class=\"has-text-align-center\" data-align=\"center\">09\/12, \u00e0s 8h30<\/td><td class=\"has-text-align-center\" data-align=\"center\">No\u00e7\u00f5es de Direito Processual Civil<\/td><td class=\"has-text-align-center\" data-align=\"center\">Ricardo Torques<\/td><\/tr><tr><td class=\"has-text-align-center\" data-align=\"center\">09\/12, \u00e0s 14h<\/td><td class=\"has-text-align-center\" data-align=\"center\">No\u00e7\u00f5es de Direito Administrativo<\/td><td class=\"has-text-align-center\" data-align=\"center\">Herbert Almeida<\/td><\/tr><tr><td class=\"has-text-align-center\" data-align=\"center\">09\/12, \u00e0s 19h<\/td><td class=\"has-text-align-center\" data-align=\"center\">No\u00e7\u00f5es de Matem\u00e1tica Financeira e No\u00e7\u00f5es de Estat\u00edstica<\/td><td class=\"has-text-align-center\" data-align=\"center\">Carlos Henrique<\/td><\/tr><tr><td class=\"has-text-align-center\" data-align=\"center\">10\/12, \u00e0s 8h30<\/td><td class=\"has-text-align-center\" data-align=\"center\">No\u00e7\u00f5es de Direito Processual Penal<\/td><td class=\"has-text-align-center\" data-align=\"center\">Priscila Silveira<\/td><\/tr><tr><td class=\"has-text-align-center\" data-align=\"center\">10\/12, \u00e0s 14h<\/td><td class=\"has-text-align-center\" data-align=\"center\">Portugu\u00eas<\/td><td class=\"has-text-align-center\" data-align=\"center\">Adriana Figueiredo<\/td><\/tr><tr><td class=\"has-text-align-center\" data-align=\"center\">10\/12, \u00e0s 19h<\/td><td class=\"has-text-align-center\" data-align=\"center\">No\u00e7\u00f5es sobre Licita\u00e7\u00f5es e Contratos Administrativos<\/td><td class=\"has-text-align-center\" data-align=\"center\">Herbert Almeida<\/td><\/tr><\/tbody><\/table><\/figure>\n\n\n\n<h3 class=\"wp-block-heading\">TJSC: cronograma<\/h3>\n\n\n\n<p><strong><em>Analista Jur\u00eddico do TJ SC:<br \/><\/em><\/strong>\u2013 Atividades de planejamento, organiza\u00e7\u00e3o, coordena\u00e7\u00e3o, supervis\u00e3o t\u00e9cnica, estudo, pesquisa, elabora\u00e7\u00e3o de laudos, pareceres ou informa\u00e7\u00f5es, e execu\u00e7\u00e3o de tarefas de elevado grau de complexidade, a fim de fornecer suporte jur\u00eddico-administrativo aos \u00f3rg\u00e3os do Tribunal de Justi\u00e7a e da Justi\u00e7a de Primeiro Grau.<\/p>\n\n\n\n<p><strong><em>T\u00e9cnico Judici\u00e1rio Auxiliar do TJ SC<br \/><\/em><\/strong>\u2013 Atividades relacionadas a servi\u00e7os de organiza\u00e7\u00e3o, execu\u00e7\u00e3o e controle de servi\u00e7os t\u00e9cnico-administrativos.<\/p>\n\n\n\n<p><strong><em>Analista Administrativo do TJ SC:<br \/><\/em><\/strong>\u2013 Atividades de planejamento, organiza\u00e7\u00e3o, coordena\u00e7\u00e3o, supervis\u00e3o t\u00e9cnica, estudo, pesquisa, elabora\u00e7\u00e3o de laudos, pareceres ou informa\u00e7\u00f5es e execu\u00e7\u00e3o de tarefas de elevado grau de complexidade, relativas \u00e0s \u00e1reas da Administra\u00e7\u00e3o, Economia, Contabilidade e Direito, a fim de fornecer suporte administrativo aos \u00f3rg\u00e3os do TJ e da Justi\u00e7a de 1\u00ba Grau relacionado a recursos humanos, material e patrim\u00f4nio, licita\u00e7\u00f5es e contratos, or\u00e7amento e finan\u00e7as, controle interno e auditoria, seguran\u00e7a e transporte, bem como outras atividades complementares de apoio administrativo.<\/p>\n\n\n\n<p class=\"has-text-align-center has-pale-cyan-blue-background-color has-background has-medium-font-size\">Saiba mais: <a href=\"https:\/\/www.estrategiaconcursos.com.br\/blog\/concurso-tj-sc\/\" target=\"_blank\" rel=\"noreferrer noopener\">concurso TJ SC<\/a><\/p>\n\n\n\n<h2 class=\"has-text-align-center wp-block-heading\" id=\"h-quer-saber-tudo-sobre-concursos-previstos-confira-nossos-artigos\">Quer saber tudo sobre concursos previstos?<br \/>Confira nossos artigos!<\/h2>\n\n\n\n<ul class=\"wp-block-list\">\n<li><a href=\"https:\/\/www.estrategiaconcursos.com.br\/blog\/concursos-abertos\/\" target=\"_blank\" rel=\"noreferrer noopener\">Concursos abertos<\/a><\/li>\n\n\n\n<li><a href=\"https:\/\/www.estrategiaconcursos.com.br\/blog\/concursos-2021\/\" target=\"_blank\" rel=\"noreferrer noopener\">Concursos 2021<\/a><\/li>\n\n\n\n<li><a href=\"https:\/\/www.estrategiaconcursos.com.br\/blog\/concursos-2022\/\" target=\"_blank\" rel=\"noreferrer noopener\">Concursos 2022<\/a><\/li>\n<\/ul>\n\n\n\n<h2 class=\"has-text-align-center wp-block-heading\" id=\"cursos-tj-sc\"><em><strong>Quer estudar para o concurso TJ SC?<\/strong><\/em><\/h2>\n\n\n\n<div class=\"container\" id=\"boxes\">\n  <div class=\"row\">\n\n    <div class=\"col-sm\">\n      <div class=\"banner-tribunal\" id=\"box-assinatura\">\n        <h3 class=\"titulo-assinatura\">Curso TJ SC<\/h3>\n        <p class=\"subtitulo-assinatura\">Conhe\u00e7a os cursos<\/p>\n        <div class=\"box-botao\">\n          <a class=\"btn-assinatura\" target=\"_blank\" href=\"https:\/\/www.estrategiaconcursos.com.br\/cursosPorConcurso\/tribunal-de-justica-de-santa-catarina-tj-sc\/\" role=\"button\" rel=\"noopener noreferrer\">Conhe\u00e7a mais<\/a>\n        <\/div>\n      <\/div>\n      <p class=\"texto-auxiliar\"><\/p>\n    <\/div>\n\n  <\/div>\n<\/div>\n\n\n\n<div class=\"container\" id=\"boxes\">\n  <div class=\"row\">\n    <div class=\"col-sm\">\n      <div class=\"estrategia\" id=\"box-assinatura\">\n        <h3 class=\"titulo-assinatura\">Assinaturas<\/h3>\n        <p class=\"subtitulo-assinatura\">Assinatura de 1 ano ou 2 anos*<\/p>\n        <div class=\"box-botao\">\n          <a class=\"btn-assinatura\" target=\"_blank\" href=\"https:\/\/www.estrategiaconcursos.com.br\/assinaturas\/\" role=\"button\" rel=\"noopener noreferrer\">ASSINE AGORA<\/a>\n        <\/div>\n      <\/div>\n      <p class=\"texto-auxiliar\"><\/p><\/div><\/div><\/div>\n","protected":false},"excerpt":{"rendered":"<p>Reforce sua prepara\u00e7\u00e3o para o concurso TJSC com o evento Hora da Verdade! As aulas ser\u00e3o ministradas do dia 06 ao dia 10 de dezembro diretamente do canal do Estrat\u00e9gia Concursos no Youtube. Veja abaixo: TJSC: cronograma Hor\u00e1rio Disciplina Professor 06\/12, \u00e0s 8h30 No\u00e7\u00f5es de Direito Constitucional Adriane Fauth 06\/12, \u00e0s 14h No\u00e7\u00f5es de Direito [&hellip;]<\/p>\n","protected":false},"author":1,"featured_media":923320,"comment_status":"open","ping_status":"closed","sticky":false,"template":"","format":"standard","meta":{"post_tipo":"news","footnotes":""},"categories":[1984],"tags":[],"tax_estado":[219987],"class_list":["post-923220","post","type-post","status-publish","format-standard","has-post-thumbnail","hentry","category-tribunais","tax_estado-sc"],"acf":[],"yoast_head":"<!-- This site is optimized with the Yoast SEO Premium plugin v27.2 (Yoast SEO v27.2) - https:\/\/yoast.com\/product\/yoast-seo-premium-wordpress\/ -->\n<title>TJSC: Hora da Verdade! De 06 a 10\/12\/2021<\/title>\n<meta name=\"description\" content=\"Concurso TJSC: reforce seus estudos com os eventos da Hora da Verdade, que acontecem de 06 a 10 de dezembro deste ano. Saiba mais!\" \/>\n<meta name=\"robots\" content=\"index, follow, max-snippet:-1, max-image-preview:large, max-video-preview:-1\" \/>\n<link rel=\"canonical\" href=\"https:\/\/www.estrategiaconcursos.com.br\/blog\/tjsc-hora-da-verdade\/\" \/>\n<meta property=\"og:locale\" content=\"pt_BR\" \/>\n<meta property=\"og:type\" content=\"article\" \/>\n<meta property=\"og:title\" content=\"TJSC: Hora da Verdade! De 06 a 10\/12\/2021\" \/>\n<meta property=\"og:description\" content=\"Concurso TJSC: reforce seus estudos com os eventos da Hora da Verdade, que acontecem de 06 a 10 de dezembro deste ano. Saiba mais!\" \/>\n<meta property=\"og:url\" content=\"https:\/\/www.estrategiaconcursos.com.br\/blog\/tjsc-hora-da-verdade\/\" \/>\n<meta property=\"og:site_name\" content=\"Estrat\u00e9gia Concursos\" \/>\n<meta property=\"article:author\" content=\"https:\/\/www.facebook.com\/EstrategiaConcursos\" \/>\n<meta property=\"article:published_time\" content=\"2021-12-06T13:02:28+00:00\" \/>\n<meta property=\"article:modified_time\" content=\"2023-02-09T16:45:15+00:00\" \/>\n<meta property=\"og:image\" content=\"https:\/\/dhg1h5j42swfq.cloudfront.net\/2021\/12\/06130847\/1280-720-max-3-2.jpg\" \/>\n\t<meta property=\"og:image:width\" content=\"1280\" \/>\n\t<meta property=\"og:image:height\" content=\"720\" \/>\n\t<meta property=\"og:image:type\" content=\"image\/jpeg\" \/>\n<meta name=\"author\" content=\"Coordena\u00e7\u00e3o\" \/>\n<meta name=\"twitter:card\" content=\"summary_large_image\" \/>\n<meta name=\"twitter:creator\" content=\"@EstratConcursos\" \/>\n<meta name=\"twitter:site\" content=\"@EstratConcursos\" \/>\n<meta name=\"twitter:label1\" content=\"Escrito por\" \/>\n\t<meta name=\"twitter:data1\" content=\"Coordena\u00e7\u00e3o\" \/>\n\t<meta name=\"twitter:label2\" content=\"Est. tempo de leitura\" \/>\n\t<meta name=\"twitter:data2\" content=\"2 minutos\" \/>\n<script type=\"application\/ld+json\" class=\"yoast-schema-graph\">{\"@context\":\"https:\/\/schema.org\",\"@graph\":[{\"@type\":\"NewsArticle\",\"@id\":\"https:\/\/www.estrategiaconcursos.com.br\/blog\/tjsc-hora-da-verdade\/#article\",\"isPartOf\":{\"@id\":\"https:\/\/www.estrategiaconcursos.com.br\/blog\/tjsc-hora-da-verdade\/\"},\"author\":{\"name\":\"Coordena\u00e7\u00e3o\",\"@id\":\"https:\/\/www.estrategiaconcursos.com.br\/blog\/#\/schema\/person\/b4a388c97673c5f483d72185668afa1f\"},\"headline\":\"TJSC: Hora da Verdade! De 06 a 10\/12\/2021\",\"datePublished\":\"2021-12-06T13:02:28+00:00\",\"dateModified\":\"2023-02-09T16:45:15+00:00\",\"mainEntityOfPage\":{\"@id\":\"https:\/\/www.estrategiaconcursos.com.br\/blog\/tjsc-hora-da-verdade\/\"},\"wordCount\":443,\"commentCount\":0,\"publisher\":{\"@id\":\"https:\/\/www.estrategiaconcursos.com.br\/blog\/#organization\"},\"image\":{\"@id\":\"https:\/\/www.estrategiaconcursos.com.br\/blog\/tjsc-hora-da-verdade\/#primaryimage\"},\"thumbnailUrl\":\"https:\/\/dhg1h5j42swfq.cloudfront.net\/2021\/12\/06130847\/1280-720-max-3-2.jpg\",\"articleSection\":[\"Tribunais\"],\"inLanguage\":\"pt-BR\",\"potentialAction\":[{\"@type\":\"CommentAction\",\"name\":\"Comment\",\"target\":[\"https:\/\/www.estrategiaconcursos.com.br\/blog\/tjsc-hora-da-verdade\/#respond\"]}],\"copyrightYear\":\"2021\",\"copyrightHolder\":{\"@id\":\"https:\/\/www.estrategiaconcursos.com.br\/blog\/#organization\"}},{\"@type\":\"WebPage\",\"@id\":\"https:\/\/www.estrategiaconcursos.com.br\/blog\/tjsc-hora-da-verdade\/\",\"url\":\"https:\/\/www.estrategiaconcursos.com.br\/blog\/tjsc-hora-da-verdade\/\",\"name\":\"TJSC: Hora da Verdade! De 06 a 10\/12\/2021\",\"isPartOf\":{\"@id\":\"https:\/\/www.estrategiaconcursos.com.br\/blog\/#website\"},\"primaryImageOfPage\":{\"@id\":\"https:\/\/www.estrategiaconcursos.com.br\/blog\/tjsc-hora-da-verdade\/#primaryimage\"},\"image\":{\"@id\":\"https:\/\/www.estrategiaconcursos.com.br\/blog\/tjsc-hora-da-verdade\/#primaryimage\"},\"thumbnailUrl\":\"https:\/\/dhg1h5j42swfq.cloudfront.net\/2021\/12\/06130847\/1280-720-max-3-2.jpg\",\"datePublished\":\"2021-12-06T13:02:28+00:00\",\"dateModified\":\"2023-02-09T16:45:15+00:00\",\"description\":\"Concurso TJSC: reforce seus estudos com os eventos da Hora da Verdade, que acontecem de 06 a 10 de dezembro deste ano. Saiba mais!\",\"breadcrumb\":{\"@id\":\"https:\/\/www.estrategiaconcursos.com.br\/blog\/tjsc-hora-da-verdade\/#breadcrumb\"},\"inLanguage\":\"pt-BR\",\"potentialAction\":[{\"@type\":\"ReadAction\",\"target\":[\"https:\/\/www.estrategiaconcursos.com.br\/blog\/tjsc-hora-da-verdade\/\"]}]},{\"@type\":\"ImageObject\",\"inLanguage\":\"pt-BR\",\"@id\":\"https:\/\/www.estrategiaconcursos.com.br\/blog\/tjsc-hora-da-verdade\/#primaryimage\",\"url\":\"https:\/\/dhg1h5j42swfq.cloudfront.net\/2021\/12\/06130847\/1280-720-max-3-2.jpg\",\"contentUrl\":\"https:\/\/dhg1h5j42swfq.cloudfront.net\/2021\/12\/06130847\/1280-720-max-3-2.jpg\",\"width\":1280,\"height\":720,\"caption\":\"tjsc: hora\"},{\"@type\":\"BreadcrumbList\",\"@id\":\"https:\/\/www.estrategiaconcursos.com.br\/blog\/tjsc-hora-da-verdade\/#breadcrumb\",\"itemListElement\":[{\"@type\":\"ListItem\",\"position\":1,\"name\":\"In\u00edcio\",\"item\":\"https:\/\/www.estrategiaconcursos.com.br\/blog\/\"},{\"@type\":\"ListItem\",\"position\":2,\"name\":\"TJSC: Hora da Verdade! De 06 a 10\/12\/2021\"}]},{\"@type\":\"WebSite\",\"@id\":\"https:\/\/www.estrategiaconcursos.com.br\/blog\/#website\",\"url\":\"https:\/\/www.estrategiaconcursos.com.br\/blog\/\",\"name\":\"Estrat\u00e9gia Concursos\",\"description\":\"O blog da Estrat\u00e9gia Concursos traz not\u00edcias sobre concursos e artigos de professores oferecendo cursos para concursos (pdf + videaulas) no site.\",\"publisher\":{\"@id\":\"https:\/\/www.estrategiaconcursos.com.br\/blog\/#organization\"},\"potentialAction\":[{\"@type\":\"SearchAction\",\"target\":{\"@type\":\"EntryPoint\",\"urlTemplate\":\"https:\/\/www.estrategiaconcursos.com.br\/blog\/?s={search_term_string}\"},\"query-input\":{\"@type\":\"PropertyValueSpecification\",\"valueRequired\":true,\"valueName\":\"search_term_string\"}}],\"inLanguage\":\"pt-BR\"},{\"@type\":\"Organization\",\"@id\":\"https:\/\/www.estrategiaconcursos.com.br\/blog\/#organization\",\"name\":\"Estrat\u00e9gia Concursos\",\"url\":\"https:\/\/www.estrategiaconcursos.com.br\/blog\/\",\"logo\":{\"@type\":\"ImageObject\",\"inLanguage\":\"pt-BR\",\"@id\":\"https:\/\/www.estrategiaconcursos.com.br\/blog\/#\/schema\/logo\/image\/\",\"url\":\"https:\/\/dhg1h5j42swfq.cloudfront.net\/2025\/06\/03203428\/logo_concursos-1.jpg\",\"contentUrl\":\"https:\/\/dhg1h5j42swfq.cloudfront.net\/2025\/06\/03203428\/logo_concursos-1.jpg\",\"width\":230,\"height\":60,\"caption\":\"Estrat\u00e9gia Concursos\"},\"image\":{\"@id\":\"https:\/\/www.estrategiaconcursos.com.br\/blog\/#\/schema\/logo\/image\/\"},\"sameAs\":[\"https:\/\/x.com\/EstratConcursos\"]},{\"@type\":\"Person\",\"@id\":\"https:\/\/www.estrategiaconcursos.com.br\/blog\/#\/schema\/person\/b4a388c97673c5f483d72185668afa1f\",\"name\":\"Coordena\u00e7\u00e3o\",\"image\":{\"@type\":\"ImageObject\",\"inLanguage\":\"pt-BR\",\"@id\":\"https:\/\/secure.gravatar.com\/avatar\/b720319e4c9a967eb58678d110f4fe35452fc5d5f97b202bac7b8acceb18c6ad?s=96&d=mm&r=g\",\"url\":\"https:\/\/secure.gravatar.com\/avatar\/b720319e4c9a967eb58678d110f4fe35452fc5d5f97b202bac7b8acceb18c6ad?s=96&d=mm&r=g\",\"contentUrl\":\"https:\/\/secure.gravatar.com\/avatar\/b720319e4c9a967eb58678d110f4fe35452fc5d5f97b202bac7b8acceb18c6ad?s=96&d=mm&r=g\",\"caption\":\"Coordena\u00e7\u00e3o\"},\"sameAs\":[\"https:\/\/www.facebook.com\/EstrategiaConcursos\",\"https:\/\/x.com\/EstratConcursos\"],\"url\":\"https:\/\/www.estrategiaconcursos.com.br\/blog\/author\/estrategia2013\/\"}]}<\/script>\n<!-- \/ Yoast SEO Premium plugin. -->","yoast_head_json":{"title":"TJSC: Hora da Verdade! De 06 a 10\/12\/2021","description":"Concurso TJSC: reforce seus estudos com os eventos da Hora da Verdade, que acontecem de 06 a 10 de dezembro deste ano. Saiba mais!","robots":{"index":"index","follow":"follow","max-snippet":"max-snippet:-1","max-image-preview":"max-image-preview:large","max-video-preview":"max-video-preview:-1"},"canonical":"https:\/\/www.estrategiaconcursos.com.br\/blog\/tjsc-hora-da-verdade\/","og_locale":"pt_BR","og_type":"article","og_title":"TJSC: Hora da Verdade! De 06 a 10\/12\/2021","og_description":"Concurso TJSC: reforce seus estudos com os eventos da Hora da Verdade, que acontecem de 06 a 10 de dezembro deste ano. Saiba mais!","og_url":"https:\/\/www.estrategiaconcursos.com.br\/blog\/tjsc-hora-da-verdade\/","og_site_name":"Estrat\u00e9gia Concursos","article_author":"https:\/\/www.facebook.com\/EstrategiaConcursos","article_published_time":"2021-12-06T13:02:28+00:00","article_modified_time":"2023-02-09T16:45:15+00:00","og_image":[{"width":1280,"height":720,"url":"https:\/\/dhg1h5j42swfq.cloudfront.net\/2021\/12\/06130847\/1280-720-max-3-2.jpg","type":"image\/jpeg"}],"author":"Coordena\u00e7\u00e3o","twitter_card":"summary_large_image","twitter_creator":"@EstratConcursos","twitter_site":"@EstratConcursos","twitter_misc":{"Escrito por":"Coordena\u00e7\u00e3o","Est. tempo de leitura":"2 minutos"},"schema":{"@context":"https:\/\/schema.org","@graph":[{"@type":"NewsArticle","@id":"https:\/\/www.estrategiaconcursos.com.br\/blog\/tjsc-hora-da-verdade\/#article","isPartOf":{"@id":"https:\/\/www.estrategiaconcursos.com.br\/blog\/tjsc-hora-da-verdade\/"},"author":{"name":"Coordena\u00e7\u00e3o","@id":"https:\/\/www.estrategiaconcursos.com.br\/blog\/#\/schema\/person\/b4a388c97673c5f483d72185668afa1f"},"headline":"TJSC: Hora da Verdade! De 06 a 10\/12\/2021","datePublished":"2021-12-06T13:02:28+00:00","dateModified":"2023-02-09T16:45:15+00:00","mainEntityOfPage":{"@id":"https:\/\/www.estrategiaconcursos.com.br\/blog\/tjsc-hora-da-verdade\/"},"wordCount":443,"commentCount":0,"publisher":{"@id":"https:\/\/www.estrategiaconcursos.com.br\/blog\/#organization"},"image":{"@id":"https:\/\/www.estrategiaconcursos.com.br\/blog\/tjsc-hora-da-verdade\/#primaryimage"},"thumbnailUrl":"https:\/\/dhg1h5j42swfq.cloudfront.net\/2021\/12\/06130847\/1280-720-max-3-2.jpg","articleSection":["Tribunais"],"inLanguage":"pt-BR","potentialAction":[{"@type":"CommentAction","name":"Comment","target":["https:\/\/www.estrategiaconcursos.com.br\/blog\/tjsc-hora-da-verdade\/#respond"]}],"copyrightYear":"2021","copyrightHolder":{"@id":"https:\/\/www.estrategiaconcursos.com.br\/blog\/#organization"}},{"@type":"WebPage","@id":"https:\/\/www.estrategiaconcursos.com.br\/blog\/tjsc-hora-da-verdade\/","url":"https:\/\/www.estrategiaconcursos.com.br\/blog\/tjsc-hora-da-verdade\/","name":"TJSC: Hora da Verdade! De 06 a 10\/12\/2021","isPartOf":{"@id":"https:\/\/www.estrategiaconcursos.com.br\/blog\/#website"},"primaryImageOfPage":{"@id":"https:\/\/www.estrategiaconcursos.com.br\/blog\/tjsc-hora-da-verdade\/#primaryimage"},"image":{"@id":"https:\/\/www.estrategiaconcursos.com.br\/blog\/tjsc-hora-da-verdade\/#primaryimage"},"thumbnailUrl":"https:\/\/dhg1h5j42swfq.cloudfront.net\/2021\/12\/06130847\/1280-720-max-3-2.jpg","datePublished":"2021-12-06T13:02:28+00:00","dateModified":"2023-02-09T16:45:15+00:00","description":"Concurso TJSC: reforce seus estudos com os eventos da Hora da Verdade, que acontecem de 06 a 10 de dezembro deste ano. Saiba mais!","breadcrumb":{"@id":"https:\/\/www.estrategiaconcursos.com.br\/blog\/tjsc-hora-da-verdade\/#breadcrumb"},"inLanguage":"pt-BR","potentialAction":[{"@type":"ReadAction","target":["https:\/\/www.estrategiaconcursos.com.br\/blog\/tjsc-hora-da-verdade\/"]}]},{"@type":"ImageObject","inLanguage":"pt-BR","@id":"https:\/\/www.estrategiaconcursos.com.br\/blog\/tjsc-hora-da-verdade\/#primaryimage","url":"https:\/\/dhg1h5j42swfq.cloudfront.net\/2021\/12\/06130847\/1280-720-max-3-2.jpg","contentUrl":"https:\/\/dhg1h5j42swfq.cloudfront.net\/2021\/12\/06130847\/1280-720-max-3-2.jpg","width":1280,"height":720,"caption":"tjsc: hora"},{"@type":"BreadcrumbList","@id":"https:\/\/www.estrategiaconcursos.com.br\/blog\/tjsc-hora-da-verdade\/#breadcrumb","itemListElement":[{"@type":"ListItem","position":1,"name":"In\u00edcio","item":"https:\/\/www.estrategiaconcursos.com.br\/blog\/"},{"@type":"ListItem","position":2,"name":"TJSC: Hora da Verdade! De 06 a 10\/12\/2021"}]},{"@type":"WebSite","@id":"https:\/\/www.estrategiaconcursos.com.br\/blog\/#website","url":"https:\/\/www.estrategiaconcursos.com.br\/blog\/","name":"Estrat\u00e9gia Concursos","description":"O blog da Estrat\u00e9gia Concursos traz not\u00edcias sobre concursos e artigos de professores oferecendo cursos para concursos (pdf + videaulas) no site.","publisher":{"@id":"https:\/\/www.estrategiaconcursos.com.br\/blog\/#organization"},"potentialAction":[{"@type":"SearchAction","target":{"@type":"EntryPoint","urlTemplate":"https:\/\/www.estrategiaconcursos.com.br\/blog\/?s={search_term_string}"},"query-input":{"@type":"PropertyValueSpecification","valueRequired":true,"valueName":"search_term_string"}}],"inLanguage":"pt-BR"},{"@type":"Organization","@id":"https:\/\/www.estrategiaconcursos.com.br\/blog\/#organization","name":"Estrat\u00e9gia Concursos","url":"https:\/\/www.estrategiaconcursos.com.br\/blog\/","logo":{"@type":"ImageObject","inLanguage":"pt-BR","@id":"https:\/\/www.estrategiaconcursos.com.br\/blog\/#\/schema\/logo\/image\/","url":"https:\/\/dhg1h5j42swfq.cloudfront.net\/2025\/06\/03203428\/logo_concursos-1.jpg","contentUrl":"https:\/\/dhg1h5j42swfq.cloudfront.net\/2025\/06\/03203428\/logo_concursos-1.jpg","width":230,"height":60,"caption":"Estrat\u00e9gia Concursos"},"image":{"@id":"https:\/\/www.estrategiaconcursos.com.br\/blog\/#\/schema\/logo\/image\/"},"sameAs":["https:\/\/x.com\/EstratConcursos"]},{"@type":"Person","@id":"https:\/\/www.estrategiaconcursos.com.br\/blog\/#\/schema\/person\/b4a388c97673c5f483d72185668afa1f","name":"Coordena\u00e7\u00e3o","image":{"@type":"ImageObject","inLanguage":"pt-BR","@id":"https:\/\/secure.gravatar.com\/avatar\/b720319e4c9a967eb58678d110f4fe35452fc5d5f97b202bac7b8acceb18c6ad?s=96&d=mm&r=g","url":"https:\/\/secure.gravatar.com\/avatar\/b720319e4c9a967eb58678d110f4fe35452fc5d5f97b202bac7b8acceb18c6ad?s=96&d=mm&r=g","contentUrl":"https:\/\/secure.gravatar.com\/avatar\/b720319e4c9a967eb58678d110f4fe35452fc5d5f97b202bac7b8acceb18c6ad?s=96&d=mm&r=g","caption":"Coordena\u00e7\u00e3o"},"sameAs":["https:\/\/www.facebook.com\/EstrategiaConcursos","https:\/\/x.com\/EstratConcursos"],"url":"https:\/\/www.estrategiaconcursos.com.br\/blog\/author\/estrategia2013\/"}]}},"_links":{"self":[{"href":"https:\/\/www.estrategiaconcursos.com.br\/blog\/wp-json\/wp\/v2\/posts\/923220","targetHints":{"allow":["GET"]}}],"collection":[{"href":"https:\/\/www.estrategiaconcursos.com.br\/blog\/wp-json\/wp\/v2\/posts"}],"about":[{"href":"https:\/\/www.estrategiaconcursos.com.br\/blog\/wp-json\/wp\/v2\/types\/post"}],"author":[{"embeddable":true,"href":"https:\/\/www.estrategiaconcursos.com.br\/blog\/wp-json\/wp\/v2\/users\/1"}],"replies":[{"embeddable":true,"href":"https:\/\/www.estrategiaconcursos.com.br\/blog\/wp-json\/wp\/v2\/comments?post=923220"}],"version-history":[{"count":7,"href":"https:\/\/www.estrategiaconcursos.com.br\/blog\/wp-json\/wp\/v2\/posts\/923220\/revisions"}],"predecessor-version":[{"id":1168516,"href":"https:\/\/www.estrategiaconcursos.com.br\/blog\/wp-json\/wp\/v2\/posts\/923220\/revisions\/1168516"}],"wp:featuredmedia":[{"embeddable":true,"href":"https:\/\/www.estrategiaconcursos.com.br\/blog\/wp-json\/wp\/v2\/media\/923320"}],"wp:attachment":[{"href":"https:\/\/www.estrategiaconcursos.com.br\/blog\/wp-json\/wp\/v2\/media?parent=923220"}],"wp:term":[{"taxonomy":"category","embeddable":true,"href":"https:\/\/www.estrategiaconcursos.com.br\/blog\/wp-json\/wp\/v2\/categories?post=923220"},{"taxonomy":"post_tag","embeddable":true,"href":"https:\/\/www.estrategiaconcursos.com.br\/blog\/wp-json\/wp\/v2\/tags?post=923220"},{"taxonomy":"tax_estado","embeddable":true,"href":"https:\/\/www.estrategiaconcursos.com.br\/blog\/wp-json\/wp\/v2\/tax_estado?post=923220"}],"curies":[{"name":"wp","href":"https:\/\/api.w.org\/{rel}","templated":true}]}}